{"id":31031,"date":"2025-09-17T09:38:58","date_gmt":"2025-09-17T07:38:58","guid":{"rendered":"https:\/\/www.welovecycling.com\/cs\/?p=31031"},"modified":"2025-09-17T09:38:58","modified_gmt":"2025-09-17T07:38:58","slug":"tajemstvi-top-mechaniku-co-s-kolem-kdyz-je-bahno","status":"publish","type":"post","link":"https:\/\/www.welovecycling.com\/cs\/2025\/09\/17\/tajemstvi-top-mechaniku-co-s-kolem-kdyz-je-bahno\/","title":{"rendered":"Tajemstv\u00ed top mechanik\u016f: Co s kolem, kdy\u017e je bahno?"},"content":{"rendered":"<p><strong>Nev\u00edte, co si po\u010d\u00edt s kolem, kdy\u017e pr\u0161\u00ed a p\u0159ijde bahno? Tajemstv\u00ed p\u0159\u00edpravy biku do bl\u00e1ta prozradili mechanici z\u00e1vodn\u00edch t\u00fdm\u016f sv\u011btov\u00e9ho poh\u00e1ru v cross country Jakub \u0160ulc z Cube Factory Racing a Alejandro Rodriguez z Orbea Fox Factory.<\/strong><\/p>\n<p><span style=\"font-weight: 400;\">Bahno, bahno, bahno. Zn\u00ed to jako mantra, ale pro jezdce i mechaniky je to zl\u00fd sen. Na druhou stranu, bahno je spravedliv\u00e9 a tr\u00e1p\u00ed v\u0161echny stejnou m\u011brou. Tak jako v ka\u017ed\u00e9m sout\u011b\u017een\u00ed, vyhr\u00e1v\u00e1 i na bl\u00e1t\u011b ten nejlep\u0161\u00ed. Nebo nejl\u00e9pe p\u0159ipraven\u00fd.\u00a0<\/span><\/p>\n<p><span style=\"font-weight: 400;\">P\u0159\u00edprava kola na z\u00e1vod na bahn\u011b se li\u0161\u00ed t\u00fdm od t\u00fdmu. Hodn\u011b z\u00e1le\u017e\u00ed na konkr\u00e9tn\u00edm z\u00e1vodu a v\u00fdvoji podm\u00ednek. Podle Jakuba \u0160ulce z <strong>Cube Factory Racing<\/strong>, kter\u00fd se star\u00e1 o kolo Ond\u0159eje Cinka, <a href=\"https:\/\/www.welovecycling.com\/cs\/2025\/06\/08\/ondrej-cink-odmenen-za-vytrvalost-vyhral-svetovy-pohar-v-leogangu\/\">v\u00edt\u011bze leto\u0161n\u00edho z\u00e1vodu sv\u011btov\u00e9ho poh\u00e1ru z Leogangu<\/a>, je v\u00fdrazn\u011b snaz\u0161\u00ed, pokud jsou podm\u00ednky cel\u00fd z\u00e1vodn\u00ed v\u00edkend stejn\u00e9 &#8211;\u00a0 tedy pokud je celou dobu bu\u010f mokro a bahno anebo sucho. \u201ePokud se podm\u00ednky v\u00fdrazn\u011b zm\u011bn\u00ed p\u0159es noc jako letos v Leogangu, tak je to o dost slo\u017eit\u011bj\u0161\u00ed,\u201d sm\u011bje se \u010desk\u00fd mechanik, kter\u00fd krom\u011b kola sv\u00e9ho krajana pe\u010duje tak\u00e9 o bike elitn\u00ed n\u011bmeck\u00e9 z\u00e1vodnice Kiry Bohm, kter\u00e1 v lo\u0148sk\u00e9m roce vyhr\u00e1la celkov\u00e9 hodnocen\u00ed sv\u011btov\u00e9ho poh\u00e1ru v kategorii do 23 let.<\/span><\/p>\n<h2><strong>D\u016fle\u017eit\u00e9 je sledovat p\u0159edpov\u011b\u010f po\u010das\u00ed<\/strong><\/h2>\n<p><span style=\"font-weight: 400;\">Pr\u00e1ce mechanik\u016f za\u010d\u00edn\u00e1 sledov\u00e1n\u00edm p\u0159edpov\u011bdi po\u010das\u00ed ve snaze odhadnout, jak moc mokr\u00fd z\u00e1vod se pojede a kolik bahna p\u0159inese. Hodn\u011b se \u0159e\u0161\u00ed, zda bude pr\u0161et cel\u00fd den nebo p\u0159estane d\u00e9\u0161\u0165 z mrak\u016f padat v p\u016flce z\u00e1vodu, co\u017e ovliv\u0148uje, jestli se bahno bude na kolo lepit nebo bude l\u00e9pe st\u00e9kat. Podle toho mechanici p\u0159ipravuj\u00ed strategie.\u00a0<\/span><\/p>\n<figure id=\"attachment_31035\" aria-describedby=\"caption-attachment-31035\" style=\"width: 1600px\" class=\"wp-caption alignnone\"><a href=\"https:\/\/d2p6e6u75xmxt8.cloudfront.net\/13\/2025\/09\/WhatsApp-Image-2025-08-12-at-09.50.13-1.webp\"><img loading=\"lazy\" decoding=\"async\" class=\"size-full wp-image-31035\" src=\"https:\/\/d2p6e6u75xmxt8.cloudfront.net\/13\/2025\/09\/WhatsApp-Image-2025-08-12-at-09.50.13-1.webp\" alt=\"\" width=\"1600\" height=\"1066\" srcset=\"https:\/\/d2p6e6u75xmxt8.cloudfront.net\/13\/2025\/09\/WhatsApp-Image-2025-08-12-at-09.50.13-1.webp 1600w, https:\/\/d2p6e6u75xmxt8.cloudfront.net\/13\/2025\/09\/WhatsApp-Image-2025-08-12-at-09.50.13-1-300x200.webp 300w, https:\/\/d2p6e6u75xmxt8.cloudfront.net\/13\/2025\/09\/WhatsApp-Image-2025-08-12-at-09.50.13-1-1024x682.webp 1024w, https:\/\/d2p6e6u75xmxt8.cloudfront.net\/13\/2025\/09\/WhatsApp-Image-2025-08-12-at-09.50.13-1-768x512.webp 768w, https:\/\/d2p6e6u75xmxt8.cloudfront.net\/13\/2025\/09\/WhatsApp-Image-2025-08-12-at-09.50.13-1-1536x1023.webp 1536w, https:\/\/d2p6e6u75xmxt8.cloudfront.net\/13\/2025\/09\/WhatsApp-Image-2025-08-12-at-09.50.13-1-400x267.webp 400w, https:\/\/d2p6e6u75xmxt8.cloudfront.net\/13\/2025\/09\/WhatsApp-Image-2025-08-12-at-09.50.13-1-272x182.webp 272w\" sizes=\"auto, (max-width: 1600px) 100vw, 1600px\" \/><\/a><figcaption id=\"caption-attachment-31035\" class=\"wp-caption-text\"><em>Jakub \u0160ulc s Ond\u0159ejem Cinkem po v\u00edt\u011bzstv\u00ed \u010desk\u00e9ho bikera v z\u00e1vod\u011b SP v Leogangu, kde bylo bahno z\u00e1sadn\u00edm faktorem.<\/em><\/figcaption><\/figure>\n<p><span style=\"font-weight: 400;\">Alejandro Rodriguez z t\u00fdmu Orbea Fox Factory pe\u010duj\u00edc\u00ed o bike Australanky Rebeccy Hendersonov\u00e9 tvrd\u00ed, \u017ee je kl\u00ed\u010dov\u00e9 brzy vst\u00e1t a j\u00edt se osobn\u011b pod\u00edvat, v jak\u00e9 stavu je z\u00e1vodn\u00ed tra\u0165. \u201eJdeme se proj\u00edt, ud\u011bl\u00e1me fotky a videa, abychom je uk\u00e1zali jezdc\u016fm, a pod\u00edv\u00e1me se, jak dopadl z\u00e1vod do 23 let, kter\u00fd b\u00fdv\u00e1 d\u0159\u00edve. Na z\u00e1klad\u011b toho se pak rozhoduje o nastaven\u00ed kola,\u201d vysv\u011btluje Alejandro Rodriguez z Alicante s v\u00edc jak deseti lety zku\u0161enost\u00ed v oboru.<\/span><\/p>\n<h2><strong>Kl\u00ed\u010dovou volbou na bahno jsou pneumatiky<\/strong><\/h2>\n<p><span style=\"font-weight: 400;\">Se sv\u00fdm b\u00fdval\u00fdm kolegou Jakubem \u0160ulcem se shoduje, \u017ee z komponent\u016f jsou nejd\u016fle\u017eit\u011bj\u0161\u00edm faktorem pneumatiky. \u201eSpr\u00e1vn\u00e1 volba obut\u00ed dok\u00e1\u017ee z\u00e1vodn\u00edkovi v\u00fdrazn\u011b pomoc, aby neztr\u00e1cel drahocenn\u00fd \u010das,\u201d \u0159\u00edk\u00e1 Jakub \u0160ulc s t\u00edm, \u017ee jeho t\u00fdmu dod\u00e1v\u00e1 v\u00fdrobce Schwalbe hned t\u0159i druhy r\u016fzn\u00fdch vzork\u016f na bahno. Ka\u017ed\u00fd vzorek je ve dvou r\u016fzn\u00fdch \u0161\u00ed\u0159k\u00e1ch a ve t\u0159ech mo\u017en\u00fdch tvrdostech sm\u011bsi.<\/span><\/p>\n<div class=\"shortcode-ys-post-pinup\"><article class=\"loop-simple post-27232 post type-post status-publish format-standard has-post-thumbnail hentry category-rady-tipy tag-cyklistika tag-horska-cyklistika tag-podzimni-servis tag-servis-kola tag-silnicni-cyklistika tag-trenink tag-zdravi-a-trenink global-categories-cycling\" data-postid=\"27232\" role=\"article\" data-post-id=\"27232\" data-word-count=\"276\" data-headline-length=\"33\" data-category=\"Rady &amp; tipy\" data-global-category=\"Cycling\" data-author=\"Podzimn\u00ed servis\" data-published=\"2024-09-30T12:00:18+02:00\" data-published-day=\"Monday\">\n    <div class=\"entry-thumbnail article-thumbnail\" content=\"https:\/\/d2p6e6u75xmxt8.cloudfront.net\/13\/2023\/12\/CER_0324-1-150x150.webp\"><a href=\"https:\/\/www.welovecycling.com\/cs\/2024\/09\/30\/proc-vsadit-na-podzimni-servis\/\" class=\"image-holder\" target=\"_self\"><img decoding=\"async\" loading=\"lazy\" class=\"\" src=\"https:\/\/d2p6e6u75xmxt8.cloudfront.net\/13\/2023\/12\/CER_0324-1-1024x509.webp\" srcset=\"https:\/\/d2p6e6u75xmxt8.cloudfront.net\/13\/2023\/12\/CER_0324-1.webp 1200w, https:\/\/d2p6e6u75xmxt8.cloudfront.net\/13\/2023\/12\/CER_0324-1-300x149.webp 300w, https:\/\/d2p6e6u75xmxt8.cloudfront.net\/13\/2023\/12\/CER_0324-1-1024x509.webp 1024w, https:\/\/d2p6e6u75xmxt8.cloudfront.net\/13\/2023\/12\/CER_0324-1-768x382.webp 768w, https:\/\/d2p6e6u75xmxt8.cloudfront.net\/13\/2023\/12\/CER_0324-1-400x199.webp 400w\" width=\"1024\" height=\"509\" sizes=\"auto, (min-width: 1200px) 402px, (min-width: 768px) 34vw, 100vw\" alt=\"proc-vsadit-na-podzimni-servis\"\/><\/a><\/div>    <div class=\"entry-meta\">\n        <a class=\"label label-secondary post-category\" href=\"https:\/\/www.welovecycling.com\/cs\/category\/rady-tipy\/\" title=\"Rady &amp; tipy\">Rady &amp; tipy<\/a>\n    <\/div>\n    <div class=\"entry-details\">\n        <a href=\"https:\/\/www.welovecycling.com\/cs\/2024\/09\/30\/proc-vsadit-na-podzimni-servis\/\" class='entry-title-wrapper'>\n            <h3 class=\"entry-title\"><span>Pro\u010d vsadit na podzimn\u00ed servis?<\/span><\/h3>\n        <\/a>\n    <\/div>\n    <\/article>\n<\/div>\n<p><span style=\"font-weight: 400;\">\u201eD\u016fle\u017eit\u00e1 je prostupnost kol r\u00e1mem a vidlici, tud\u00ed\u017e se v\u011bt\u0161inou vol\u00ed \u0161\u00ed\u0159ky 2,25\u201c a m\u00e9n\u011b. Neju\u017e\u0161\u00ed pl\u00e1\u0161\u0165, kter\u00fd m\u00e1me k dispozici, m\u00e1 \u0161\u00ed\u0159ku 1,9\u201c, ten je ale do opravdu extr\u00e9mn\u00edch podm\u00ednek,\u201d \u0159\u00edk\u00e1 <strong>Jakub \u0160ulc<\/strong> a vysv\u011btluje, \u017ee fin\u00e1ln\u00ed v\u00fdb\u011br prob\u00edh\u00e1 spole\u010dn\u011b se z\u00e1vodn\u00edkem. Jakub v\u011bt\u0161inou p\u0159iprav\u00ed dv\u011b a\u017e t\u0159i r\u016fzn\u00e9 obut\u00ed a z\u00e1vodn\u00edk si pak vybere b\u011bhem tr\u00e9ninku, na jak\u00fdch pl\u00e1\u0161t\u00edch se c\u00edt\u00ed nejl\u00e9pe.\u00a0<\/span><\/p>\n<figure id=\"attachment_31033\" aria-describedby=\"caption-attachment-31033\" style=\"width: 1920px\" class=\"wp-caption alignnone\"><a href=\"https:\/\/d2p6e6u75xmxt8.cloudfront.net\/13\/2025\/09\/DRC04444-scaled.webp\"><img loading=\"lazy\" decoding=\"async\" class=\"size-extra-large wp-image-31033\" src=\"https:\/\/d2p6e6u75xmxt8.cloudfront.net\/13\/2025\/09\/DRC04444-1920x1280.webp\" alt=\"\" width=\"1920\" height=\"1280\" srcset=\"https:\/\/d2p6e6u75xmxt8.cloudfront.net\/13\/2025\/09\/DRC04444-1920x1280.webp 1920w, https:\/\/d2p6e6u75xmxt8.cloudfront.net\/13\/2025\/09\/DRC04444-300x200.webp 300w, https:\/\/d2p6e6u75xmxt8.cloudfront.net\/13\/2025\/09\/DRC04444-1024x683.webp 1024w, https:\/\/d2p6e6u75xmxt8.cloudfront.net\/13\/2025\/09\/DRC04444-768x512.webp 768w, https:\/\/d2p6e6u75xmxt8.cloudfront.net\/13\/2025\/09\/DRC04444-1536x1024.webp 1536w, https:\/\/d2p6e6u75xmxt8.cloudfront.net\/13\/2025\/09\/DRC04444-2048x1365.webp 2048w, https:\/\/d2p6e6u75xmxt8.cloudfront.net\/13\/2025\/09\/DRC04444-400x267.webp 400w, https:\/\/d2p6e6u75xmxt8.cloudfront.net\/13\/2025\/09\/DRC04444-272x182.webp 272w, https:\/\/d2p6e6u75xmxt8.cloudfront.net\/13\/2025\/09\/DRC04444-1920x1280.webp 1920w\" sizes=\"auto, (max-width: 1920px) 100vw, 1920px\" \/><\/a><figcaption id=\"caption-attachment-31033\" class=\"wp-caption-text\"><em>Alejandro Rodriguez chyst\u00e1 kolo pro z\u00e1vod sv\u011btov\u00e9ho poh\u00e1ru.<\/em><\/figcaption><\/figure>\n<p><span style=\"font-weight: 400;\">Alejandro \u0159\u00edk\u00e1, \u017ee zat\u00edmco d\u0159\u00edve se pou\u017e\u00edvaly pl\u00e1\u0161t\u011b s agresivn\u011bj\u0161\u00edm, vy\u0161\u0161\u00edm a \u0159id\u0161\u00edm vzorkem, dnes se voz\u00ed mnohem u\u017e\u0161\u00ed pl\u00e1\u0161t\u011b, t\u0159eba 2.0 s velmi n\u00edzk\u00fdm vzorkem, aby se bahno neusazovalo v zadn\u00ed stavb\u011b ani ve vidlici.\u00a0<\/span><\/p>\n<p><span style=\"font-weight: 400;\">\u201eKdy\u017e je hodn\u011b mokro, spolu s jin\u00fdmi pl\u00e1\u0161ti se \u010dasto nasazuj\u00ed i men\u0161\u00ed p\u0159evodn\u00edky, proto\u017ee kdy\u017e je bl\u00e1to, v\u00edc se \u0161lape,\u201d \u0159\u00edk\u00e1 Alejandro Rodriguez.\u00a0<\/span><\/p>\n<h2><strong>Jak vybrat ide\u00e1ln\u00ed brzdov\u00e9 desti\u010dky?<\/strong><\/h2>\n<p><span style=\"font-weight: 400;\">Velkou pozornost si v p\u0159\u00edpad\u011b nep\u0159\u00edzniv\u00e9ho po\u010das\u00ed vyslou\u017e\u00ed i brzdov\u00e9 desti\u010dky. \u201eZa mokra pou\u017e\u00edv\u00e1me kovovou (sintrovanou) sm\u011bs, kter\u00e1 sice nem\u00e1 takov\u00fd brzdn\u00fd \u00fa\u010dinek, ale je daleko odoln\u011bj\u0161\u00ed a vydr\u017e\u00ed po celou dobu z\u00e1vodu,\u201d \u0159\u00edk\u00e1 Jakub, kter\u00fd za svou kari\u00e9ru za\u017eil bezpo\u010det bahnit\u00fdch z\u00e1vod\u016f.\u00a0<\/span><\/p>\n<div class=\"shortcode-ys-post-pinup\"><article class=\"loop-simple post-31024 post type-post status-publish format-standard has-post-thumbnail hentry category-cyklistika tag-cyklistika tag-cyklokros tag-gravel tag-horska-cyklistika tag-jizda-zacina tag-silnicni-cyklistika global-categories-cycling\" data-postid=\"31024\" role=\"article\" data-post-id=\"31024\" data-word-count=\"268\" data-headline-length=\"70\" data-category=\"Cyklistika\" data-global-category=\"Cycling\" data-author=\"We Love Cycling\" data-published=\"2025-09-17T08:57:10+02:00\" data-published-day=\"Wednesday\">\n    <div class=\"entry-thumbnail article-thumbnail\" content=\"https:\/\/d2p6e6u75xmxt8.cloudfront.net\/13\/2025\/09\/ME-Limburg-2024-Juniorky-4-1-150x150.webp\"><a href=\"https:\/\/www.welovecycling.com\/cs\/2025\/09\/17\/jizda-zacina-objevte-cyklistiku-nejen-jako-volnocasovou-aktivitu\/\" class=\"image-holder\" target=\"_self\"><img decoding=\"async\" loading=\"lazy\" class=\"\" src=\"https:\/\/d2p6e6u75xmxt8.cloudfront.net\/13\/2025\/09\/ME-Limburg-2024-Juniorky-4-1-1024x683.webp\" srcset=\"https:\/\/d2p6e6u75xmxt8.cloudfront.net\/13\/2025\/09\/ME-Limburg-2024-Juniorky-4-1-scaled.webp 2560w, https:\/\/d2p6e6u75xmxt8.cloudfront.net\/13\/2025\/09\/ME-Limburg-2024-Juniorky-4-1-300x200.webp 300w, https:\/\/d2p6e6u75xmxt8.cloudfront.net\/13\/2025\/09\/ME-Limburg-2024-Juniorky-4-1-1024x683.webp 1024w, https:\/\/d2p6e6u75xmxt8.cloudfront.net\/13\/2025\/09\/ME-Limburg-2024-Juniorky-4-1-768x512.webp 768w, https:\/\/d2p6e6u75xmxt8.cloudfront.net\/13\/2025\/09\/ME-Limburg-2024-Juniorky-4-1-1536x1024.webp 1536w, https:\/\/d2p6e6u75xmxt8.cloudfront.net\/13\/2025\/09\/ME-Limburg-2024-Juniorky-4-1-2048x1365.webp 2048w, https:\/\/d2p6e6u75xmxt8.cloudfront.net\/13\/2025\/09\/ME-Limburg-2024-Juniorky-4-1-1920x1280.webp 1920w, https:\/\/d2p6e6u75xmxt8.cloudfront.net\/13\/2025\/09\/ME-Limburg-2024-Juniorky-4-1-400x267.webp 400w, https:\/\/d2p6e6u75xmxt8.cloudfront.net\/13\/2025\/09\/ME-Limburg-2024-Juniorky-4-1-272x182.webp 272w, https:\/\/d2p6e6u75xmxt8.cloudfront.net\/13\/2025\/09\/ME-Limburg-2024-Juniorky-4-1-1920x1280.webp 1920w\" width=\"1024\" height=\"683\" sizes=\"auto, (min-width: 1200px) 300px, (min-width: 768px) 25vw, 100vw\" alt=\"jizda-zacina-objevte-cyklistiku-nejen-jako-volnocasovou-aktivitu\"\/><\/a><\/div>    <div class=\"entry-meta\">\n        <a class=\"label label-secondary post-category\" href=\"https:\/\/www.welovecycling.com\/cs\/category\/cyklistika\/\" title=\"Cyklistika\">Cyklistika<\/a>\n    <\/div>\n    <div class=\"entry-details\">\n        <a href=\"https:\/\/www.welovecycling.com\/cs\/2025\/09\/17\/jizda-zacina-objevte-cyklistiku-nejen-jako-volnocasovou-aktivitu\/\" class='entry-title-wrapper'>\n            <h3 class=\"entry-title\"><span>J\u00edzda za\u010d\u00edn\u00e1. Objevte cyklistiku nejen jako volno\u010dasovou aktivitu<\/span><\/h3>\n        <\/a>\n    <\/div>\n    <\/article>\n<\/div>\n<p><span style=\"font-weight: 400;\">\u201eN\u011bkter\u00e9 byly dokonce extr\u00e9mn\u00ed,\u201d l\u00ed\u010d\u00ed \u010desk\u00fd mechanik a vzpom\u00edn\u00e1 na mistrovstv\u00ed sv\u011bta v Leogangu v roce 2020, kter\u00e9 se zm\u011bnilo v boj o p\u0159e\u017eit\u00ed. V ka\u017ed\u00e9m kole \u010distil z\u00e1vodnic\u00edm kola a nasazoval spadl\u00e9 \u0159et\u011bzy. \u201eDokonce jsme museli sundat i kliky, abychom uvolnili \u0159et\u011bz zaseknut\u00fd u r\u00e1mu. Sna\u017eili jsme se, aby se holk\u00e1m aspo\u0148 trochu to\u010dila kola, proto\u017ee se r\u00e1m zan\u00e1\u0161el lepiv\u00fdm bahnem,\u201d vzpom\u00edn\u00e1 Jakub \u0160ulc.<\/span><\/p>\n<p><span style=\"font-weight: 400;\">Na z\u00e1vodech ovlivn\u011bn\u00fdch de\u0161t\u011bm se upravuje tak\u00e9 nastaven\u00ed tlumen\u00ed, proto\u017ee z\u00e1vodn\u00edk na bahn\u011b v\u011bt\u0161inou nedok\u00e1\u017ee jet tak agresivn\u011b. \u201eV b\u011b\u017en\u00fdch podm\u00ednk\u00e1ch pou\u017e\u00edv\u00e1me navoskovan\u00e9 \u0159et\u011bzy, co\u017e ale nen\u00ed vhodn\u00e9 do mokra, tak\u017ee potom \u0159et\u011bzy ma\u017eeme klasick\u00fdm maz\u00e1n\u00edm do mokra, kter\u00e9 m\u00e1 del\u0161\u00ed \u017eivotnost a v\u00edce odpuzuje vodu,\u201d prozrazuje Jakub \u0160ulc, ale z\u0159ejm\u011b nejde o jedin\u00e9 mo\u017en\u00e9 \u0159e\u0161en\u00ed. \u201eNa z\u00e1vody v de\u0161ti a bl\u00e1t\u011b je v\u017edy nejlep\u0161\u00ed volbou vosk. J\u00e1 osobn\u011b pou\u017e\u00edv\u00e1m hork\u00fd voskov\u00fd n\u00e1t\u011br na \u0159et\u011bz,\u201d mysl\u00ed si Alejandro Rodriguez.<\/span><\/p>\n<h2><strong>Pro\u010d se na r\u00e1movou trubku lep\u00ed izolepa?<\/strong><\/h2>\n<p><span style=\"font-weight: 400;\">Dal\u0161\u00ed speci\u00e1ln\u00ed p\u0159\u00edprava kola je u\u017e velmi individu\u00e1ln\u00ed a z\u00e1le\u017e\u00ed na zku\u0161enostech toho kter\u00e9ho mechanika. Snahou je, aby se bahno co nejm\u00e9n\u011b lepilo na kolo a to tak z\u016fstalo po cel\u00fd z\u00e1vod co mo\u017en\u00e1 nejleh\u010d\u00ed po cel\u00fd z\u00e1vod. \u201ePou\u017e\u00edvaj\u00ed se r\u016fzn\u00e9 le\u0161t\u011bnky nebo post\u0159iky, d\u00edky kter\u00fdm bahno na r\u00e1mu m\u00e9n\u011b lep\u00ed. N\u011bkte\u0159\u00ed mechanici lep\u00ed na doln\u00ed r\u00e1movou trubku izolepu, na kterou bahno tolik nep\u0159ilne nebo kterou m\u016f\u017ee z\u00e1vodn\u00edk b\u011bhem z\u00e1vodu z kola strhnout,\u201d vysv\u011btluje Jakub \u0160ulc.<\/span><\/p>\n<p><a href=\"https:\/\/d2p6e6u75xmxt8.cloudfront.net\/13\/2025\/09\/WhatsApp-Image-2025-08-12-at-09.50.13.webp\"><img loading=\"lazy\" decoding=\"async\" class=\"alignnone size-full wp-image-31037\" src=\"https:\/\/d2p6e6u75xmxt8.cloudfront.net\/13\/2025\/09\/WhatsApp-Image-2025-08-12-at-09.50.13.webp\" alt=\"\" width=\"1600\" height=\"1066\" srcset=\"https:\/\/d2p6e6u75xmxt8.cloudfront.net\/13\/2025\/09\/WhatsApp-Image-2025-08-12-at-09.50.13.webp 1600w, https:\/\/d2p6e6u75xmxt8.cloudfront.net\/13\/2025\/09\/WhatsApp-Image-2025-08-12-at-09.50.13-300x200.webp 300w, https:\/\/d2p6e6u75xmxt8.cloudfront.net\/13\/2025\/09\/WhatsApp-Image-2025-08-12-at-09.50.13-1024x682.webp 1024w, https:\/\/d2p6e6u75xmxt8.cloudfront.net\/13\/2025\/09\/WhatsApp-Image-2025-08-12-at-09.50.13-768x512.webp 768w, https:\/\/d2p6e6u75xmxt8.cloudfront.net\/13\/2025\/09\/WhatsApp-Image-2025-08-12-at-09.50.13-1536x1023.webp 1536w, https:\/\/d2p6e6u75xmxt8.cloudfront.net\/13\/2025\/09\/WhatsApp-Image-2025-08-12-at-09.50.13-400x267.webp 400w, https:\/\/d2p6e6u75xmxt8.cloudfront.net\/13\/2025\/09\/WhatsApp-Image-2025-08-12-at-09.50.13-272x182.webp 272w\" sizes=\"auto, (max-width: 1600px) 100vw, 1600px\" \/><\/a><\/p>\n<p><span style=\"font-weight: 400;\">Dal\u0161\u00ed v\u00fdbava na z\u00e1vod se moc neli\u0161\u00ed od b\u011b\u017en\u00e9ho z\u00e1vodu. Co se t\u00fd\u010de br\u00fdl\u00ed, tak tam se vol\u00ed \u010dir\u00e1 skla nebo skla s vy\u0161\u0161\u00ed propustnost\u00ed. Ur\u010dit\u011b je dobr\u00e9 pou\u017e\u00edt n\u011bjak\u00fd p\u0159\u00edpravek proti ml\u017een\u00ed skel, co\u017e b\u00fdv\u00e1 probl\u00e9mem v de\u0161ti. Br\u00fdle pak jezdec m\u011bn\u00ed b\u011bhem z\u00e1vodu n\u011bkolikr\u00e1t, n\u011bkdy i v ka\u017ed\u00e9m kole. \u201eV\u011bt\u0161inou jsme se z\u00e1vodn\u00edkem p\u0159ed startem domluveni, jak \u010dasto bude br\u00fdle m\u011bnit, ale b\u011bhem z\u00e1vodu je to u\u017e jen na jeho rozhodnut\u00ed,\u201d \u0159\u00edk\u00e1 Jakub \u0160ulc, kter\u00fd je jako v\u011bt\u0161ina mechanik\u016f p\u0159ipraven\u00fd podat sv\u00e9mu sv\u011b\u0159enci p\u0159i pr\u016fjezdu l\u00e1hev s vodou, aby si jezdec mohl za j\u00edzdy om\u00fdt p\u0159edev\u0161\u00edm p\u0159ehazova\u010dku, \u0159et\u011bz a p\u0159evodn\u00edk nebo jin\u00e9 \u010d\u00e1sti zanesen\u00e9 bl\u00e1tem.<\/span><\/p>\n<div class=\"shortcode-ys-post-pinup\"><article class=\"loop-simple post-30976 post type-post status-publish format-standard has-post-thumbnail hentry category-horska-cyklistika tag-cross-country tag-cyklistika tag-horska-cyklistika tag-horska-kola tag-mathieu-van-der-poel tag-mistrovstvi-sveta-2025 tag-silnicni-cyklistika tag-tour-de-france tag-uci-mtb-2025 global-categories-cycling\" data-postid=\"30976\" role=\"article\" data-post-id=\"30976\" data-word-count=\"513\" data-headline-length=\"72\" data-category=\"Horsk\u00e1 cyklistika\" data-global-category=\"Cycling\" data-author=\"Radek Malina\" data-published=\"2025-09-13T05:00:05+02:00\" data-published-day=\"Saturday\">\n    <div class=\"entry-thumbnail article-thumbnail\" content=\"https:\/\/d2p6e6u75xmxt8.cloudfront.net\/13\/2025\/09\/profimedia-0678039676-150x150.webp\"><a href=\"https:\/\/www.welovecycling.com\/cs\/2025\/09\/13\/trikrat-jej-prvni-laska-zradila-a-prece-se-van-der-poel-nevzdava\/\" class=\"image-holder\" target=\"_self\"><img decoding=\"async\" loading=\"lazy\" class=\"\" src=\"https:\/\/d2p6e6u75xmxt8.cloudfront.net\/13\/2025\/09\/profimedia-0678039676-1024x683.webp\" srcset=\"https:\/\/d2p6e6u75xmxt8.cloudfront.net\/13\/2025\/09\/profimedia-0678039676.webp 1800w, https:\/\/d2p6e6u75xmxt8.cloudfront.net\/13\/2025\/09\/profimedia-0678039676-300x200.webp 300w, https:\/\/d2p6e6u75xmxt8.cloudfront.net\/13\/2025\/09\/profimedia-0678039676-1024x683.webp 1024w, https:\/\/d2p6e6u75xmxt8.cloudfront.net\/13\/2025\/09\/profimedia-0678039676-768x512.webp 768w, https:\/\/d2p6e6u75xmxt8.cloudfront.net\/13\/2025\/09\/profimedia-0678039676-1536x1024.webp 1536w, https:\/\/d2p6e6u75xmxt8.cloudfront.net\/13\/2025\/09\/profimedia-0678039676-400x267.webp 400w, https:\/\/d2p6e6u75xmxt8.cloudfront.net\/13\/2025\/09\/profimedia-0678039676-272x182.webp 272w\" width=\"1024\" height=\"683\" sizes=\"auto, (min-width: 1200px) 300px, (min-width: 768px) 25vw, 100vw\" alt=\"trikrat-jej-prvni-laska-zradila-a-prece-se-van-der-poel-nevzdava\"\/><\/a><\/div>    <div class=\"entry-meta\">\n        <a class=\"label label-secondary post-category\" href=\"https:\/\/www.welovecycling.com\/cs\/category\/horska-cyklistika\/\" title=\"Horsk\u00e1 cyklistika\">Horsk\u00e1 cyklistika<\/a>\n    <\/div>\n    <div class=\"entry-details\">\n        <a href=\"https:\/\/www.welovecycling.com\/cs\/2025\/09\/13\/trikrat-jej-prvni-laska-zradila-a-prece-se-van-der-poel-nevzdava\/\" class='entry-title-wrapper'>\n            <h3 class=\"entry-title\"><span>T\u0159ikr\u00e1t jej prvn\u00ed l\u00e1ska zradila. A p\u0159ece se van der Poel nevzd\u00e1v\u00e1<\/span><\/h3>\n        <\/a>\n    <\/div>\n    <\/article>\n<\/div>\n<p><span style=\"font-weight: 400;\">A jak je to s klasickou osv\u011bd\u010denou ochranou proti bl\u00e1tu v o\u010d\u00edch v podob\u011b blatn\u00edk\u016f? \u201eKdy\u017e pr\u0161\u00ed, pou\u017e\u00edv\u00e1me p\u0159edn\u00ed blatn\u00edk. Kdy\u017e ale pr\u0161elo u\u017e p\u0159ed z\u00e1vodem a tra\u0165 je jen mokr\u00e1, ned\u00e1v\u00e1me ho, proto\u017ee pak by se na n\u011bm akor\u00e1t usazovalo bahno a zvy\u0161ovalo celkovou hmotnost kola,\u201d mysl\u00ed si Alejandro Rodriguez a dod\u00e1v\u00e1, \u017ee nakonec stejn\u011b rozhodne odhodlanost z\u00e1vodn\u00edk\u016f. \u201eJakmile vyjedou do z\u00e1vodu, u\u017e je nic nezastav\u00ed. Jsou to opravdov\u00ed bojovn\u00edci a po\u0159\u00e1d m\u011b p\u0159ekvapuje, kolik r\u016fzn\u00fdch podm\u00ednek dok\u00e1\u017eou zvl\u00e1dnout a jak jsou siln\u00ed.&#8220;<\/span><\/p>\n<p>&nbsp;<\/p>\n","protected":false},"excerpt":{"rendered":"<p>Nev\u00edte, co si po\u010d\u00edt s kolem, kdy\u017e pr\u0161\u00ed a p\u0159ijde bahno? Tajemstv\u00ed p\u0159\u00edpravy biku do bl\u00e1ta prozradili mechanici z\u00e1vodn\u00edch t\u00fdm\u016f [&hellip;]<\/p>\n","protected":false},"author":138,"featured_media":31032,"comment_status":"open","ping_status":"open","sticky":false,"template":"","format":"standard","meta":{"footnotes":""},"categories":[15],"tags":[4375,126,56,4376,205,1530,1828,4377],"global-categories":[411],"class_list":["post-31031","post","type-post","status-publish","format-standard","has-post-thumbnail","hentry","category-rady-tipy","tag-bahno-a-cyklistika","tag-cyklistika","tag-horska-cyklistika","tag-jizda-v-bahne","tag-ondrej-cink","tag-pece-o-kolo","tag-servis-kola","tag-tipy-mechaniku","global-categories-cycling"],"yoast_head":"<!-- This site is optimized with the Yoast SEO Premium plugin v25.3 (Yoast SEO v25.9) - https:\/\/yoast.com\/wordpress\/plugins\/seo\/ -->\n<title>Tajemstv\u00ed top mechanik\u016f: Co s kolem, kdy\u017e je bahno? | \u0160koda We Love Cycling - \u010cesk\u00e1 republika<\/title>\n<meta name=\"description\" content=\"Nev\u00edte, co si po\u010d\u00edt s kolem, kdy\u017e pr\u0161\u00ed a p\u0159ijde bahno? Tajemstv\u00ed p\u0159\u00edpravy biku do bl\u00e1ta prozradili mechanici z\u00e1vodn\u00edch t\u00fdm\u016f sv\u011btov\u00e9ho poh\u00e1ru v cross country Jakub \u0160ulc z Cube Factory Racing a Alejandro Rodriguez z Orbea Fox Factory.\" \/>\n<meta name=\"robots\" content=\"index, follow, max-snippet:-1, max-image-preview:large, max-video-preview:-1\" \/>\n<link rel=\"canonical\" href=\"https:\/\/www.welovecycling.com\/cs\/2025\/09\/17\/tajemstvi-top-mechaniku-co-s-kolem-kdyz-je-bahno\/\" \/>\n<meta property=\"og:locale\" content=\"cs_CZ\" \/>\n<meta property=\"og:type\" content=\"article\" \/>\n<meta property=\"og:title\" content=\"Tajemstv\u00ed top mechanik\u016f: Co s kolem, kdy\u017e je bahno?\" \/>\n<meta property=\"og:description\" content=\"Nev\u00edte, co si po\u010d\u00edt s kolem, kdy\u017e pr\u0161\u00ed a p\u0159ijde bahno? Tajemstv\u00ed p\u0159\u00edpravy biku do bl\u00e1ta prozradili mechanici z\u00e1vodn\u00edch t\u00fdm\u016f sv\u011btov\u00e9ho poh\u00e1ru v cross country Jakub \u0160ulc z Cube Factory Racing a Alejandro Rodriguez z Orbea Fox Factory.\" \/>\n<meta property=\"og:url\" content=\"https:\/\/www.welovecycling.com\/cs\/2025\/09\/17\/tajemstvi-top-mechaniku-co-s-kolem-kdyz-je-bahno\/\" \/>\n<meta property=\"og:site_name\" content=\"\u0160koda We Love Cycling - \u010cesk\u00e1 republika\" \/>\n<meta property=\"article:published_time\" content=\"2025-09-17T07:38:58+00:00\" \/>\n<meta property=\"og:image\" content=\"https:\/\/d2p6e6u75xmxt8.cloudfront.net\/13\/2025\/09\/DRC08211-scaled.webp\" \/>\n\t<meta property=\"og:image:width\" content=\"2560\" \/>\n\t<meta property=\"og:image:height\" content=\"1707\" \/>\n\t<meta property=\"og:image:type\" content=\"image\/webp\" \/>\n<meta name=\"author\" content=\"radekmalina\" \/>\n<meta name=\"twitter:card\" content=\"summary_large_image\" \/>\n<meta name=\"twitter:label1\" content=\"Written by\" \/>\n\t<meta name=\"twitter:data1\" content=\"Radek Malina\" \/>\n\t<meta name=\"twitter:label2\" content=\"Est. reading time\" \/>\n\t<meta name=\"twitter:data2\" content=\"6\" \/>\n<script type=\"application\/ld+json\" class=\"yoast-schema-graph\">{\"@context\":\"https:\/\/schema.org\",\"@graph\":[{\"@type\":\"WebPage\",\"@id\":\"https:\/\/www.welovecycling.com\/cs\/2025\/09\/17\/tajemstvi-top-mechaniku-co-s-kolem-kdyz-je-bahno\/\",\"url\":\"https:\/\/www.welovecycling.com\/cs\/2025\/09\/17\/tajemstvi-top-mechaniku-co-s-kolem-kdyz-je-bahno\/\",\"name\":\"Tajemstv\u00ed top mechanik\u016f: Co s kolem, kdy\u017e je bahno? | \u0160koda We Love Cycling - \u010cesk\u00e1 republika\",\"isPartOf\":{\"@id\":\"https:\/\/www.welovecycling.com\/cs\/#website\"},\"primaryImageOfPage\":{\"@id\":\"https:\/\/www.welovecycling.com\/cs\/2025\/09\/17\/tajemstvi-top-mechaniku-co-s-kolem-kdyz-je-bahno\/#primaryimage\"},\"image\":{\"@id\":\"https:\/\/www.welovecycling.com\/cs\/2025\/09\/17\/tajemstvi-top-mechaniku-co-s-kolem-kdyz-je-bahno\/#primaryimage\"},\"thumbnailUrl\":\"https:\/\/d2p6e6u75xmxt8.cloudfront.net\/13\/2025\/09\/DRC08211-scaled.webp\",\"datePublished\":\"2025-09-17T07:38:58+00:00\",\"author\":{\"@id\":\"https:\/\/www.welovecycling.com\/cs\/#\/schema\/person\/d9eeb0a378f3a7e4a6d12d2b536b04b8\"},\"description\":\"Nev\u00edte, co si po\u010d\u00edt s kolem, kdy\u017e pr\u0161\u00ed a p\u0159ijde bahno? Tajemstv\u00ed p\u0159\u00edpravy biku do bl\u00e1ta prozradili mechanici z\u00e1vodn\u00edch t\u00fdm\u016f sv\u011btov\u00e9ho poh\u00e1ru v cross country Jakub \u0160ulc z Cube Factory Racing a Alejandro Rodriguez z Orbea Fox Factory.\",\"inLanguage\":\"cs\",\"potentialAction\":[{\"@type\":\"ReadAction\",\"target\":[\"https:\/\/www.welovecycling.com\/cs\/2025\/09\/17\/tajemstvi-top-mechaniku-co-s-kolem-kdyz-je-bahno\/\"]}]},{\"@type\":\"ImageObject\",\"inLanguage\":\"cs\",\"@id\":\"https:\/\/www.welovecycling.com\/cs\/2025\/09\/17\/tajemstvi-top-mechaniku-co-s-kolem-kdyz-je-bahno\/#primaryimage\",\"url\":\"https:\/\/d2p6e6u75xmxt8.cloudfront.net\/13\/2025\/09\/DRC08211-scaled.webp\",\"contentUrl\":\"https:\/\/d2p6e6u75xmxt8.cloudfront.net\/13\/2025\/09\/DRC08211-scaled.webp\",\"width\":2560,\"height\":1707,\"caption\":\"P\u0159\u00edprava kola na zimu\"},{\"@type\":\"WebSite\",\"@id\":\"https:\/\/www.welovecycling.com\/cs\/#website\",\"url\":\"https:\/\/www.welovecycling.com\/cs\/\",\"name\":\"\u0160koda We Love Cycling - \u010cesk\u00e1 republika\",\"description\":\"WeLoveCycling.cz je online magaz\u00edn, kter\u00fd v\u00e1m pravideln\u011b p\u0159in\u00e1\u0161\u00ed rady a tipy, zaj\u00edmav\u00e9 \u010dl\u00e1nky, videa a jedine\u010dn\u00e9 report\u00e1\u017ee ze sv\u011bta cyklistiky.\",\"potentialAction\":[{\"@type\":\"SearchAction\",\"target\":{\"@type\":\"EntryPoint\",\"urlTemplate\":\"https:\/\/www.welovecycling.com\/cs\/?s={search_term_string}\"},\"query-input\":{\"@type\":\"PropertyValueSpecification\",\"valueRequired\":true,\"valueName\":\"search_term_string\"}}],\"inLanguage\":\"cs\"},{\"@type\":\"Person\",\"@id\":\"https:\/\/www.welovecycling.com\/cs\/#\/schema\/person\/d9eeb0a378f3a7e4a6d12d2b536b04b8\",\"name\":\"radekmalina\",\"image\":{\"@type\":\"ImageObject\",\"inLanguage\":\"cs\",\"@id\":\"https:\/\/www.welovecycling.com\/cs\/#\/schema\/person\/image\/\",\"url\":\"https:\/\/secure.gravatar.com\/avatar\/66994b632cb8c39a46b9f54afa3ae07201b678d32a54275b6f1c9ffec356bfc0?s=96&d=mm&r=g\",\"contentUrl\":\"https:\/\/secure.gravatar.com\/avatar\/66994b632cb8c39a46b9f54afa3ae07201b678d32a54275b6f1c9ffec356bfc0?s=96&d=mm&r=g\",\"caption\":\"radekmalina\"},\"url\":\"https:\/\/www.welovecycling.com\/cs\/author\/radekmalina\/\"}]}<\/script>\n<!-- \/ Yoast SEO Premium plugin. -->","yoast_head_json":{"title":"Tajemstv\u00ed top mechanik\u016f: Co s kolem, kdy\u017e je bahno? | \u0160koda We Love Cycling - \u010cesk\u00e1 republika","description":"Nev\u00edte, co si po\u010d\u00edt s kolem, kdy\u017e pr\u0161\u00ed a p\u0159ijde bahno? Tajemstv\u00ed p\u0159\u00edpravy biku do bl\u00e1ta prozradili mechanici z\u00e1vodn\u00edch t\u00fdm\u016f sv\u011btov\u00e9ho poh\u00e1ru v cross country Jakub \u0160ulc z Cube Factory Racing a Alejandro Rodriguez z Orbea Fox Factory.","robots":{"index":"index","follow":"follow","max-snippet":"max-snippet:-1","max-image-preview":"max-image-preview:large","max-video-preview":"max-video-preview:-1"},"canonical":"https:\/\/www.welovecycling.com\/cs\/2025\/09\/17\/tajemstvi-top-mechaniku-co-s-kolem-kdyz-je-bahno\/","og_locale":"cs_CZ","og_type":"article","og_title":"Tajemstv\u00ed top mechanik\u016f: Co s kolem, kdy\u017e je bahno?","og_description":"Nev\u00edte, co si po\u010d\u00edt s kolem, kdy\u017e pr\u0161\u00ed a p\u0159ijde bahno? Tajemstv\u00ed p\u0159\u00edpravy biku do bl\u00e1ta prozradili mechanici z\u00e1vodn\u00edch t\u00fdm\u016f sv\u011btov\u00e9ho poh\u00e1ru v cross country Jakub \u0160ulc z Cube Factory Racing a Alejandro Rodriguez z Orbea Fox Factory.","og_url":"https:\/\/www.welovecycling.com\/cs\/2025\/09\/17\/tajemstvi-top-mechaniku-co-s-kolem-kdyz-je-bahno\/","og_site_name":"\u0160koda We Love Cycling - \u010cesk\u00e1 republika","article_published_time":"2025-09-17T07:38:58+00:00","og_image":[{"width":2560,"height":1707,"url":"https:\/\/d2p6e6u75xmxt8.cloudfront.net\/13\/2025\/09\/DRC08211-scaled.webp","type":"image\/webp"}],"author":"radekmalina","twitter_card":"summary_large_image","twitter_misc":{"Written by":"Radek Malina","Est. reading time":"6"},"schema":{"@context":"https:\/\/schema.org","@graph":[{"@type":"WebPage","@id":"https:\/\/www.welovecycling.com\/cs\/2025\/09\/17\/tajemstvi-top-mechaniku-co-s-kolem-kdyz-je-bahno\/","url":"https:\/\/www.welovecycling.com\/cs\/2025\/09\/17\/tajemstvi-top-mechaniku-co-s-kolem-kdyz-je-bahno\/","name":"Tajemstv\u00ed top mechanik\u016f: Co s kolem, kdy\u017e je bahno? | \u0160koda We Love Cycling - \u010cesk\u00e1 republika","isPartOf":{"@id":"https:\/\/www.welovecycling.com\/cs\/#website"},"primaryImageOfPage":{"@id":"https:\/\/www.welovecycling.com\/cs\/2025\/09\/17\/tajemstvi-top-mechaniku-co-s-kolem-kdyz-je-bahno\/#primaryimage"},"image":{"@id":"https:\/\/www.welovecycling.com\/cs\/2025\/09\/17\/tajemstvi-top-mechaniku-co-s-kolem-kdyz-je-bahno\/#primaryimage"},"thumbnailUrl":"https:\/\/d2p6e6u75xmxt8.cloudfront.net\/13\/2025\/09\/DRC08211-scaled.webp","datePublished":"2025-09-17T07:38:58+00:00","author":{"@id":"https:\/\/www.welovecycling.com\/cs\/#\/schema\/person\/d9eeb0a378f3a7e4a6d12d2b536b04b8"},"description":"Nev\u00edte, co si po\u010d\u00edt s kolem, kdy\u017e pr\u0161\u00ed a p\u0159ijde bahno? Tajemstv\u00ed p\u0159\u00edpravy biku do bl\u00e1ta prozradili mechanici z\u00e1vodn\u00edch t\u00fdm\u016f sv\u011btov\u00e9ho poh\u00e1ru v cross country Jakub \u0160ulc z Cube Factory Racing a Alejandro Rodriguez z Orbea Fox Factory.","inLanguage":"cs","potentialAction":[{"@type":"ReadAction","target":["https:\/\/www.welovecycling.com\/cs\/2025\/09\/17\/tajemstvi-top-mechaniku-co-s-kolem-kdyz-je-bahno\/"]}]},{"@type":"ImageObject","inLanguage":"cs","@id":"https:\/\/www.welovecycling.com\/cs\/2025\/09\/17\/tajemstvi-top-mechaniku-co-s-kolem-kdyz-je-bahno\/#primaryimage","url":"https:\/\/d2p6e6u75xmxt8.cloudfront.net\/13\/2025\/09\/DRC08211-scaled.webp","contentUrl":"https:\/\/d2p6e6u75xmxt8.cloudfront.net\/13\/2025\/09\/DRC08211-scaled.webp","width":2560,"height":1707,"caption":"P\u0159\u00edprava kola na zimu"},{"@type":"WebSite","@id":"https:\/\/www.welovecycling.com\/cs\/#website","url":"https:\/\/www.welovecycling.com\/cs\/","name":"\u0160koda We Love Cycling - \u010cesk\u00e1 republika","description":"WeLoveCycling.cz je online magaz\u00edn, kter\u00fd v\u00e1m pravideln\u011b p\u0159in\u00e1\u0161\u00ed rady a tipy, zaj\u00edmav\u00e9 \u010dl\u00e1nky, videa a jedine\u010dn\u00e9 report\u00e1\u017ee ze sv\u011bta cyklistiky.","potentialAction":[{"@type":"SearchAction","target":{"@type":"EntryPoint","urlTemplate":"https:\/\/www.welovecycling.com\/cs\/?s={search_term_string}"},"query-input":{"@type":"PropertyValueSpecification","valueRequired":true,"valueName":"search_term_string"}}],"inLanguage":"cs"},{"@type":"Person","@id":"https:\/\/www.welovecycling.com\/cs\/#\/schema\/person\/d9eeb0a378f3a7e4a6d12d2b536b04b8","name":"radekmalina","image":{"@type":"ImageObject","inLanguage":"cs","@id":"https:\/\/www.welovecycling.com\/cs\/#\/schema\/person\/image\/","url":"https:\/\/secure.gravatar.com\/avatar\/66994b632cb8c39a46b9f54afa3ae07201b678d32a54275b6f1c9ffec356bfc0?s=96&d=mm&r=g","contentUrl":"https:\/\/secure.gravatar.com\/avatar\/66994b632cb8c39a46b9f54afa3ae07201b678d32a54275b6f1c9ffec356bfc0?s=96&d=mm&r=g","caption":"radekmalina"},"url":"https:\/\/www.welovecycling.com\/cs\/author\/radekmalina\/"}]}},"_links":{"self":[{"href":"https:\/\/www.welovecycling.com\/cs\/wp-json\/wp\/v2\/posts\/31031","targetHints":{"allow":["GET"]}}],"collection":[{"href":"https:\/\/www.welovecycling.com\/cs\/wp-json\/wp\/v2\/posts"}],"about":[{"href":"https:\/\/www.welovecycling.com\/cs\/wp-json\/wp\/v2\/types\/post"}],"author":[{"embeddable":true,"href":"https:\/\/www.welovecycling.com\/cs\/wp-json\/wp\/v2\/users\/138"}],"replies":[{"embeddable":true,"href":"https:\/\/www.welovecycling.com\/cs\/wp-json\/wp\/v2\/comments?post=31031"}],"version-history":[{"count":3,"href":"https:\/\/www.welovecycling.com\/cs\/wp-json\/wp\/v2\/posts\/31031\/revisions"}],"predecessor-version":[{"id":31040,"href":"https:\/\/www.welovecycling.com\/cs\/wp-json\/wp\/v2\/posts\/31031\/revisions\/31040"}],"wp:featuredmedia":[{"embeddable":true,"href":"https:\/\/www.welovecycling.com\/cs\/wp-json\/wp\/v2\/media\/31032"}],"wp:attachment":[{"href":"https:\/\/www.welovecycling.com\/cs\/wp-json\/wp\/v2\/media?parent=31031"}],"wp:term":[{"taxonomy":"category","embeddable":true,"href":"https:\/\/www.welovecycling.com\/cs\/wp-json\/wp\/v2\/categories?post=31031"},{"taxonomy":"post_tag","embeddable":true,"href":"https:\/\/www.welovecycling.com\/cs\/wp-json\/wp\/v2\/tags?post=31031"},{"taxonomy":"global-categories","embeddable":true,"href":"https:\/\/www.welovecycling.com\/cs\/wp-json\/wp\/v2\/global-categories?post=31031"}],"curies":[{"name":"wp","href":"https:\/\/api.w.org\/{rel}","templated":true}]}}