{"id":31024,"date":"2025-09-17T08:57:10","date_gmt":"2025-09-17T06:57:10","guid":{"rendered":"https:\/\/www.welovecycling.com\/cs\/?p=31024"},"modified":"2025-09-16T20:08:27","modified_gmt":"2025-09-16T18:08:27","slug":"jizda-zacina-objevte-cyklistiku-nejen-jako-volnocasovou-aktivitu","status":"publish","type":"post","link":"https:\/\/www.welovecycling.com\/cs\/2025\/09\/17\/jizda-zacina-objevte-cyklistiku-nejen-jako-volnocasovou-aktivitu\/","title":{"rendered":"J\u00edzda za\u010d\u00edn\u00e1. Objevte cyklistiku nejen jako volno\u010dasovou aktivitu"},"content":{"rendered":"<p><strong>Sednout na kolo, za\u017e\u00edt radost z pohybu a naj\u00edt partu, se kterou to bude je\u0161t\u011b v\u011bt\u0161\u00ed z\u00e1bava. To je hlavn\u00ed my\u0161lenka nov\u00e9 kampan\u011b J\u00edzda za\u010d\u00edn\u00e1, kterou od z\u00e1\u0159\u00ed spou\u0161t\u00ed \u010cesk\u00fd svaz cyklistiky. Projekt je ur\u010den v\u0161em, kte\u0159\u00ed cht\u011bj\u00ed objevit cyklistiku nejen jako volno\u010dasovou aktivitu, ale i jako sport s \u0161irokou z\u00e1kladnou a dlouhou tradic\u00ed v \u010cesk\u00e9 republice.<\/strong><\/p>\n<p>\u201eNa\u0161\u00edm c\u00edlem je uk\u00e1zat cyklistiku nejen jako sport, kter\u00fd p\u0159in\u00e1\u0161\u00ed radost z pohybu, ale i jako prost\u0159ed\u00ed, kde d\u011bti mohou naj\u00edt nov\u00e9 kamar\u00e1dy, za\u017e\u00edt dobrodru\u017estv\u00ed a postupn\u011b se rozv\u00edjet. Cyklistika je u n\u00e1s velmi provozovan\u00fdm sportem, ale \u010dastokr\u00e1t d\u011bti ani rodi\u010de nenapadne, \u017ee se j\u00ed lze v\u011bnovat pravideln\u011b a organizovan\u011b. Na to bychom r\u00e1di novou kampan\u00ed upozornili a tento narativ zm\u011bnili,\u201c \u0159\u00edk\u00e1 David Pr\u016f\u0161a, prezident \u010cesk\u00e9ho svazu cyklistiky.<\/p>\n<p>Kampa\u0148 nen\u00ed pouze komunika\u010dn\u00ed, ale m\u00e1 p\u0159esah i do re\u00e1ln\u00e9ho sv\u011bta. V pr\u016fb\u011bhu z\u00e1\u0159\u00ed se toti\u017e budou nap\u0159\u00ed\u010d republikou konat otev\u0159en\u00e9 cyklistick\u00e9 tr\u00e9ninky, kde si z\u00e1jemci mohou vyzkou\u0161et r\u016fzn\u00e9 cyklistick\u00e9 discipl\u00edny, potkat zku\u0161en\u00e9 tren\u00e9ry a z\u00edskat prvn\u00ed sportovn\u00ed z\u00e1\u017eitky v cyklistick\u00e9m kolektivu.<\/p>\n<p><a href=\"https:\/\/d2p6e6u75xmxt8.cloudfront.net\/13\/2025\/09\/FOTO2-scaled.webp\"><img loading=\"lazy\" decoding=\"async\" class=\"alignnone size-extra-large wp-image-31029\" src=\"https:\/\/d2p6e6u75xmxt8.cloudfront.net\/13\/2025\/09\/FOTO2-1920x1280.webp\" alt=\"\" width=\"1920\" height=\"1280\" srcset=\"https:\/\/d2p6e6u75xmxt8.cloudfront.net\/13\/2025\/09\/FOTO2-1920x1280.webp 1920w, https:\/\/d2p6e6u75xmxt8.cloudfront.net\/13\/2025\/09\/FOTO2-300x200.webp 300w, https:\/\/d2p6e6u75xmxt8.cloudfront.net\/13\/2025\/09\/FOTO2-1024x683.webp 1024w, https:\/\/d2p6e6u75xmxt8.cloudfront.net\/13\/2025\/09\/FOTO2-768x512.webp 768w, https:\/\/d2p6e6u75xmxt8.cloudfront.net\/13\/2025\/09\/FOTO2-1536x1024.webp 1536w, https:\/\/d2p6e6u75xmxt8.cloudfront.net\/13\/2025\/09\/FOTO2-2048x1365.webp 2048w, https:\/\/d2p6e6u75xmxt8.cloudfront.net\/13\/2025\/09\/FOTO2-400x267.webp 400w, https:\/\/d2p6e6u75xmxt8.cloudfront.net\/13\/2025\/09\/FOTO2-272x182.webp 272w, https:\/\/d2p6e6u75xmxt8.cloudfront.net\/13\/2025\/09\/FOTO2-1920x1280.webp 1920w\" sizes=\"auto, (max-width: 1920px) 100vw, 1920px\" \/><\/a><\/p>\n<p>\u201eZa t\u00edmto \u00fa\u010delem jsme na webu kampan\u011b www.jizdazacina.cz spustili interaktivn\u00ed mapu odd\u00edl\u016f, kde si p\u0159\u00edpadn\u00ed z\u00e1jemci mohou naj\u00edt klub nejbli\u017e\u0161\u00ed jejich bydli\u0161ti a nav\u0161t\u00edvit n\u011bkter\u00fd z tr\u00e9nink\u016f,\u201c dod\u00e1v\u00e1 je\u0161t\u011b Pr\u016f\u0161a.<\/p>\n<h2><strong>Port\u00e1l jizdazacina.cz nab\u00edz\u00ed mapy odd\u00edl\u016f i p\u0159ehled discipl\u00edn<\/strong><\/h2>\n<p>Ve\u0161ker\u00e9 informace o kampani jsou dostupn\u00e9 pr\u00e1v\u011b na webu <a href=\"https:\/\/www.jizdazacina.cz\/\">www.jizdazacina.cz<\/a>, kde n\u00e1v\u0161t\u011bvn\u00edci krom\u011b mapy odd\u00edl\u016f po cel\u00e9 \u010cR najdou tak\u00e9 p\u0159ehled a soupis jednotliv\u00fdch cyklistick\u00fdch discipl\u00edn a t\u0159eba i blog se zaj\u00edmav\u00fdmi tipy a radami \u2013 od v\u00fdb\u011bru kola pro d\u011bti p\u0159es spr\u00e1vn\u00e9 nastaven\u00ed posedu a\u017e po inspiraci, jak d\u011bti motivovat ke sportu.<\/p>\n<p>Projekt J\u00edzda za\u010d\u00edn\u00e1 vznik\u00e1 za podpory partner\u016f \u0160KODA a Sazka, kte\u0159\u00ed dlouhodob\u011b podporuj\u00ed ml\u00e1de\u017enick\u00fd sport a p\u0159isp\u00edvaj\u00ed k jeho rozvoji v \u010cesk\u00e9 republice.<\/p>\n<p>\u201e\u0160koda m\u00e1 k cyklistice bl\u00edzko nejen d\u00edky sv\u00e9 historii, ale i d\u00edky mnohalet\u00e9 podpo\u0159e tohoto sportu. Jsme r\u00e1di, \u017ee m\u016f\u017eeme st\u00e1t u projektu, kter\u00fd otev\u00edr\u00e1 cyklistiku nov\u00fdm generac\u00edm a motivuje je k aktivn\u00edmu \u017eivotn\u00edmu stylu,\u201c \u0159\u00edk\u00e1 Kate\u0159ina Cermanov\u00e1 Smolov\u00e1, kter\u00e1 m\u00e1 ve spole\u010dnosti \u0160koda Auto \u010cesk\u00e1 republika na starosti sponzoring.<\/p>\n<p><a href=\"https:\/\/d2p6e6u75xmxt8.cloudfront.net\/13\/2025\/09\/BrychtaJan_CSC_mladez_MTB_Plzen_Spesny_20250624_181746_850_3484-scaled.webp\"><img loading=\"lazy\" decoding=\"async\" class=\"alignnone size-extra-large wp-image-31026\" src=\"https:\/\/d2p6e6u75xmxt8.cloudfront.net\/13\/2025\/09\/BrychtaJan_CSC_mladez_MTB_Plzen_Spesny_20250624_181746_850_3484-1920x1280.webp\" alt=\"\" width=\"1920\" height=\"1280\" srcset=\"https:\/\/d2p6e6u75xmxt8.cloudfront.net\/13\/2025\/09\/BrychtaJan_CSC_mladez_MTB_Plzen_Spesny_20250624_181746_850_3484-1920x1280.webp 1920w, https:\/\/d2p6e6u75xmxt8.cloudfront.net\/13\/2025\/09\/BrychtaJan_CSC_mladez_MTB_Plzen_Spesny_20250624_181746_850_3484-300x200.webp 300w, https:\/\/d2p6e6u75xmxt8.cloudfront.net\/13\/2025\/09\/BrychtaJan_CSC_mladez_MTB_Plzen_Spesny_20250624_181746_850_3484-1024x683.webp 1024w, https:\/\/d2p6e6u75xmxt8.cloudfront.net\/13\/2025\/09\/BrychtaJan_CSC_mladez_MTB_Plzen_Spesny_20250624_181746_850_3484-768x512.webp 768w, https:\/\/d2p6e6u75xmxt8.cloudfront.net\/13\/2025\/09\/BrychtaJan_CSC_mladez_MTB_Plzen_Spesny_20250624_181746_850_3484-1536x1024.webp 1536w, https:\/\/d2p6e6u75xmxt8.cloudfront.net\/13\/2025\/09\/BrychtaJan_CSC_mladez_MTB_Plzen_Spesny_20250624_181746_850_3484-2048x1365.webp 2048w, https:\/\/d2p6e6u75xmxt8.cloudfront.net\/13\/2025\/09\/BrychtaJan_CSC_mladez_MTB_Plzen_Spesny_20250624_181746_850_3484-400x267.webp 400w, https:\/\/d2p6e6u75xmxt8.cloudfront.net\/13\/2025\/09\/BrychtaJan_CSC_mladez_MTB_Plzen_Spesny_20250624_181746_850_3484-272x182.webp 272w, https:\/\/d2p6e6u75xmxt8.cloudfront.net\/13\/2025\/09\/BrychtaJan_CSC_mladez_MTB_Plzen_Spesny_20250624_181746_850_3484-1920x1280.webp 1920w\" sizes=\"auto, (max-width: 1920px) 100vw, 1920px\" \/><\/a><\/p>\n<p>\u201eStoj\u00edme o to, aby se cyklistika v \u010cesku rozv\u00edjela nap\u0159\u00ed\u010d v\u0161emi \u00farovn\u011bmi. \u010c\u00edm v\u00edce \u010dlen\u016f bude m\u00edt, t\u00edm \u0161ir\u0161\u00ed z\u00e1kladnu z\u00edsk\u00e1 a t\u00edm v\u011bt\u0161\u00ed je \u0161ance objevovat nov\u00e9 talenty. Proto podporujeme projekt, kter\u00fd otev\u00edr\u00e1 dve\u0159e do cyklistiky ka\u017ed\u00e9mu, kdo m\u00e1 chu\u0165 s n\u00ed za\u010d\u00edt,\u201c dopl\u0148uje Dominika N\u011bmcov\u00e1, vedouc\u00ed sponzoringu ve spole\u010dnosti Sazka.<\/p>\n","protected":false},"excerpt":{"rendered":"<p>Sednout na kolo, za\u017e\u00edt radost z pohybu a naj\u00edt partu, se kterou to bude je\u0161t\u011b v\u011bt\u0161\u00ed z\u00e1bava. To je hlavn\u00ed [&hellip;]<\/p>\n","protected":false},"author":138,"featured_media":31027,"comment_status":"open","ping_status":"open","sticky":false,"template":"","format":"standard","meta":{"footnotes":""},"categories":[4018],"tags":[126,723,2001,56,4374,9],"global-categories":[411],"class_list":["post-31024","post","type-post","status-publish","format-standard","has-post-thumbnail","hentry","category-cyklistika","tag-cyklistika","tag-cyklokros","tag-gravel","tag-horska-cyklistika","tag-jizda-zacina","tag-silnicni-cyklistika","global-categories-cycling"],"yoast_head":"<!-- This site is optimized with the Yoast SEO Premium plugin v25.3 (Yoast SEO v25.9) - https:\/\/yoast.com\/wordpress\/plugins\/seo\/ -->\n<title>J\u00edzda za\u010d\u00edn\u00e1. Objevte cyklistiku nejen jako volno\u010dasovou aktivitu | \u0160koda We Love Cycling - \u010cesk\u00e1 republika<\/title>\n<meta name=\"description\" content=\"Sednout na kolo, za\u017e\u00edt radost z pohybu a naj\u00edt partu, se kterou to bude je\u0161t\u011b v\u011bt\u0161\u00ed z\u00e1bava. To je hlavn\u00ed my\u0161lenka nov\u00e9 kampan\u011b J\u00edzda za\u010d\u00edn\u00e1, kterou od z\u00e1\u0159\u00ed spou\u0161t\u00ed \u010cesk\u00fd svaz cyklistiky. Projekt je ur\u010den v\u0161em, kte\u0159\u00ed cht\u011bj\u00ed objevit cyklistiku nejen jako volno\u010dasovou aktivitu, ale i jako sport s \u0161irokou z\u00e1kladnou a dlouhou tradic\u00ed v \u010cesk\u00e9 republice.\" \/>\n<meta name=\"robots\" content=\"index, follow, max-snippet:-1, max-image-preview:large, max-video-preview:-1\" \/>\n<link rel=\"canonical\" href=\"https:\/\/www.welovecycling.com\/cs\/2025\/09\/17\/jizda-zacina-objevte-cyklistiku-nejen-jako-volnocasovou-aktivitu\/\" \/>\n<meta property=\"og:locale\" content=\"cs_CZ\" \/>\n<meta property=\"og:type\" content=\"article\" \/>\n<meta property=\"og:title\" content=\"J\u00edzda za\u010d\u00edn\u00e1. Objevte cyklistiku nejen jako volno\u010dasovou aktivitu\" \/>\n<meta property=\"og:description\" content=\"Sednout na kolo, za\u017e\u00edt radost z pohybu a naj\u00edt partu, se kterou to bude je\u0161t\u011b v\u011bt\u0161\u00ed z\u00e1bava. To je hlavn\u00ed my\u0161lenka nov\u00e9 kampan\u011b J\u00edzda za\u010d\u00edn\u00e1, kterou od z\u00e1\u0159\u00ed spou\u0161t\u00ed \u010cesk\u00fd svaz cyklistiky. Projekt je ur\u010den v\u0161em, kte\u0159\u00ed cht\u011bj\u00ed objevit cyklistiku nejen jako volno\u010dasovou aktivitu, ale i jako sport s \u0161irokou z\u00e1kladnou a dlouhou tradic\u00ed v \u010cesk\u00e9 republice.\" \/>\n<meta property=\"og:url\" content=\"https:\/\/www.welovecycling.com\/cs\/2025\/09\/17\/jizda-zacina-objevte-cyklistiku-nejen-jako-volnocasovou-aktivitu\/\" \/>\n<meta property=\"og:site_name\" content=\"\u0160koda We Love Cycling - \u010cesk\u00e1 republika\" \/>\n<meta property=\"article:published_time\" content=\"2025-09-17T06:57:10+00:00\" \/>\n<meta property=\"og:image\" content=\"https:\/\/d2p6e6u75xmxt8.cloudfront.net\/13\/2025\/09\/ME-Limburg-2024-Juniorky-4-1-scaled.webp\" \/>\n\t<meta property=\"og:image:width\" content=\"2560\" \/>\n\t<meta property=\"og:image:height\" content=\"1707\" \/>\n\t<meta property=\"og:image:type\" content=\"image\/webp\" \/>\n<meta name=\"author\" content=\"radekmalina\" \/>\n<meta name=\"twitter:card\" content=\"summary_large_image\" \/>\n<meta name=\"twitter:label1\" content=\"Written by\" \/>\n\t<meta name=\"twitter:data1\" content=\"We Love Cycling\" \/>\n\t<meta name=\"twitter:label2\" content=\"Est. reading time\" \/>\n\t<meta name=\"twitter:data2\" content=\"5\" \/>\n<script type=\"application\/ld+json\" class=\"yoast-schema-graph\">{\"@context\":\"https:\/\/schema.org\",\"@graph\":[{\"@type\":\"WebPage\",\"@id\":\"https:\/\/www.welovecycling.com\/cs\/2025\/09\/17\/jizda-zacina-objevte-cyklistiku-nejen-jako-volnocasovou-aktivitu\/\",\"url\":\"https:\/\/www.welovecycling.com\/cs\/2025\/09\/17\/jizda-zacina-objevte-cyklistiku-nejen-jako-volnocasovou-aktivitu\/\",\"name\":\"J\u00edzda za\u010d\u00edn\u00e1. Objevte cyklistiku nejen jako volno\u010dasovou aktivitu | \u0160koda We Love Cycling - \u010cesk\u00e1 republika\",\"isPartOf\":{\"@id\":\"https:\/\/www.welovecycling.com\/cs\/#website\"},\"primaryImageOfPage\":{\"@id\":\"https:\/\/www.welovecycling.com\/cs\/2025\/09\/17\/jizda-zacina-objevte-cyklistiku-nejen-jako-volnocasovou-aktivitu\/#primaryimage\"},\"image\":{\"@id\":\"https:\/\/www.welovecycling.com\/cs\/2025\/09\/17\/jizda-zacina-objevte-cyklistiku-nejen-jako-volnocasovou-aktivitu\/#primaryimage\"},\"thumbnailUrl\":\"https:\/\/d2p6e6u75xmxt8.cloudfront.net\/13\/2025\/09\/ME-Limburg-2024-Juniorky-4-1-scaled.webp\",\"datePublished\":\"2025-09-17T06:57:10+00:00\",\"author\":{\"@id\":\"https:\/\/www.welovecycling.com\/cs\/#\/schema\/person\/d9eeb0a378f3a7e4a6d12d2b536b04b8\"},\"description\":\"Sednout na kolo, za\u017e\u00edt radost z pohybu a naj\u00edt partu, se kterou to bude je\u0161t\u011b v\u011bt\u0161\u00ed z\u00e1bava. To je hlavn\u00ed my\u0161lenka nov\u00e9 kampan\u011b J\u00edzda za\u010d\u00edn\u00e1, kterou od z\u00e1\u0159\u00ed spou\u0161t\u00ed \u010cesk\u00fd svaz cyklistiky. Projekt je ur\u010den v\u0161em, kte\u0159\u00ed cht\u011bj\u00ed objevit cyklistiku nejen jako volno\u010dasovou aktivitu, ale i jako sport s \u0161irokou z\u00e1kladnou a dlouhou tradic\u00ed v \u010cesk\u00e9 republice.\",\"inLanguage\":\"cs\",\"potentialAction\":[{\"@type\":\"ReadAction\",\"target\":[\"https:\/\/www.welovecycling.com\/cs\/2025\/09\/17\/jizda-zacina-objevte-cyklistiku-nejen-jako-volnocasovou-aktivitu\/\"]}]},{\"@type\":\"ImageObject\",\"inLanguage\":\"cs\",\"@id\":\"https:\/\/www.welovecycling.com\/cs\/2025\/09\/17\/jizda-zacina-objevte-cyklistiku-nejen-jako-volnocasovou-aktivitu\/#primaryimage\",\"url\":\"https:\/\/d2p6e6u75xmxt8.cloudfront.net\/13\/2025\/09\/ME-Limburg-2024-Juniorky-4-1-scaled.webp\",\"contentUrl\":\"https:\/\/d2p6e6u75xmxt8.cloudfront.net\/13\/2025\/09\/ME-Limburg-2024-Juniorky-4-1-scaled.webp\",\"width\":2560,\"height\":1707,\"caption\":\"J\u00edzda za\u010d\u00edn\u00e1\"},{\"@type\":\"WebSite\",\"@id\":\"https:\/\/www.welovecycling.com\/cs\/#website\",\"url\":\"https:\/\/www.welovecycling.com\/cs\/\",\"name\":\"\u0160koda We Love Cycling - \u010cesk\u00e1 republika\",\"description\":\"WeLoveCycling.cz je online magaz\u00edn, kter\u00fd v\u00e1m pravideln\u011b p\u0159in\u00e1\u0161\u00ed rady a tipy, zaj\u00edmav\u00e9 \u010dl\u00e1nky, videa a jedine\u010dn\u00e9 report\u00e1\u017ee ze sv\u011bta cyklistiky.\",\"potentialAction\":[{\"@type\":\"SearchAction\",\"target\":{\"@type\":\"EntryPoint\",\"urlTemplate\":\"https:\/\/www.welovecycling.com\/cs\/?s={search_term_string}\"},\"query-input\":{\"@type\":\"PropertyValueSpecification\",\"valueRequired\":true,\"valueName\":\"search_term_string\"}}],\"inLanguage\":\"cs\"},{\"@type\":\"Person\",\"@id\":\"https:\/\/www.welovecycling.com\/cs\/#\/schema\/person\/d9eeb0a378f3a7e4a6d12d2b536b04b8\",\"name\":\"radekmalina\",\"image\":{\"@type\":\"ImageObject\",\"inLanguage\":\"cs\",\"@id\":\"https:\/\/www.welovecycling.com\/cs\/#\/schema\/person\/image\/\",\"url\":\"https:\/\/secure.gravatar.com\/avatar\/66994b632cb8c39a46b9f54afa3ae07201b678d32a54275b6f1c9ffec356bfc0?s=96&d=mm&r=g\",\"contentUrl\":\"https:\/\/secure.gravatar.com\/avatar\/66994b632cb8c39a46b9f54afa3ae07201b678d32a54275b6f1c9ffec356bfc0?s=96&d=mm&r=g\",\"caption\":\"radekmalina\"},\"url\":\"https:\/\/www.welovecycling.com\/cs\/author\/radekmalina\/\"}]}<\/script>\n<!-- \/ Yoast SEO Premium plugin. -->","yoast_head_json":{"title":"J\u00edzda za\u010d\u00edn\u00e1. Objevte cyklistiku nejen jako volno\u010dasovou aktivitu | \u0160koda We Love Cycling - \u010cesk\u00e1 republika","description":"Sednout na kolo, za\u017e\u00edt radost z pohybu a naj\u00edt partu, se kterou to bude je\u0161t\u011b v\u011bt\u0161\u00ed z\u00e1bava. To je hlavn\u00ed my\u0161lenka nov\u00e9 kampan\u011b J\u00edzda za\u010d\u00edn\u00e1, kterou od z\u00e1\u0159\u00ed spou\u0161t\u00ed \u010cesk\u00fd svaz cyklistiky. Projekt je ur\u010den v\u0161em, kte\u0159\u00ed cht\u011bj\u00ed objevit cyklistiku nejen jako volno\u010dasovou aktivitu, ale i jako sport s \u0161irokou z\u00e1kladnou a dlouhou tradic\u00ed v \u010cesk\u00e9 republice.","robots":{"index":"index","follow":"follow","max-snippet":"max-snippet:-1","max-image-preview":"max-image-preview:large","max-video-preview":"max-video-preview:-1"},"canonical":"https:\/\/www.welovecycling.com\/cs\/2025\/09\/17\/jizda-zacina-objevte-cyklistiku-nejen-jako-volnocasovou-aktivitu\/","og_locale":"cs_CZ","og_type":"article","og_title":"J\u00edzda za\u010d\u00edn\u00e1. Objevte cyklistiku nejen jako volno\u010dasovou aktivitu","og_description":"Sednout na kolo, za\u017e\u00edt radost z pohybu a naj\u00edt partu, se kterou to bude je\u0161t\u011b v\u011bt\u0161\u00ed z\u00e1bava. To je hlavn\u00ed my\u0161lenka nov\u00e9 kampan\u011b J\u00edzda za\u010d\u00edn\u00e1, kterou od z\u00e1\u0159\u00ed spou\u0161t\u00ed \u010cesk\u00fd svaz cyklistiky. Projekt je ur\u010den v\u0161em, kte\u0159\u00ed cht\u011bj\u00ed objevit cyklistiku nejen jako volno\u010dasovou aktivitu, ale i jako sport s \u0161irokou z\u00e1kladnou a dlouhou tradic\u00ed v \u010cesk\u00e9 republice.","og_url":"https:\/\/www.welovecycling.com\/cs\/2025\/09\/17\/jizda-zacina-objevte-cyklistiku-nejen-jako-volnocasovou-aktivitu\/","og_site_name":"\u0160koda We Love Cycling - \u010cesk\u00e1 republika","article_published_time":"2025-09-17T06:57:10+00:00","og_image":[{"width":2560,"height":1707,"url":"https:\/\/d2p6e6u75xmxt8.cloudfront.net\/13\/2025\/09\/ME-Limburg-2024-Juniorky-4-1-scaled.webp","type":"image\/webp"}],"author":"radekmalina","twitter_card":"summary_large_image","twitter_misc":{"Written by":"We Love Cycling","Est. reading time":"5"},"schema":{"@context":"https:\/\/schema.org","@graph":[{"@type":"WebPage","@id":"https:\/\/www.welovecycling.com\/cs\/2025\/09\/17\/jizda-zacina-objevte-cyklistiku-nejen-jako-volnocasovou-aktivitu\/","url":"https:\/\/www.welovecycling.com\/cs\/2025\/09\/17\/jizda-zacina-objevte-cyklistiku-nejen-jako-volnocasovou-aktivitu\/","name":"J\u00edzda za\u010d\u00edn\u00e1. Objevte cyklistiku nejen jako volno\u010dasovou aktivitu | \u0160koda We Love Cycling - \u010cesk\u00e1 republika","isPartOf":{"@id":"https:\/\/www.welovecycling.com\/cs\/#website"},"primaryImageOfPage":{"@id":"https:\/\/www.welovecycling.com\/cs\/2025\/09\/17\/jizda-zacina-objevte-cyklistiku-nejen-jako-volnocasovou-aktivitu\/#primaryimage"},"image":{"@id":"https:\/\/www.welovecycling.com\/cs\/2025\/09\/17\/jizda-zacina-objevte-cyklistiku-nejen-jako-volnocasovou-aktivitu\/#primaryimage"},"thumbnailUrl":"https:\/\/d2p6e6u75xmxt8.cloudfront.net\/13\/2025\/09\/ME-Limburg-2024-Juniorky-4-1-scaled.webp","datePublished":"2025-09-17T06:57:10+00:00","author":{"@id":"https:\/\/www.welovecycling.com\/cs\/#\/schema\/person\/d9eeb0a378f3a7e4a6d12d2b536b04b8"},"description":"Sednout na kolo, za\u017e\u00edt radost z pohybu a naj\u00edt partu, se kterou to bude je\u0161t\u011b v\u011bt\u0161\u00ed z\u00e1bava. To je hlavn\u00ed my\u0161lenka nov\u00e9 kampan\u011b J\u00edzda za\u010d\u00edn\u00e1, kterou od z\u00e1\u0159\u00ed spou\u0161t\u00ed \u010cesk\u00fd svaz cyklistiky. Projekt je ur\u010den v\u0161em, kte\u0159\u00ed cht\u011bj\u00ed objevit cyklistiku nejen jako volno\u010dasovou aktivitu, ale i jako sport s \u0161irokou z\u00e1kladnou a dlouhou tradic\u00ed v \u010cesk\u00e9 republice.","inLanguage":"cs","potentialAction":[{"@type":"ReadAction","target":["https:\/\/www.welovecycling.com\/cs\/2025\/09\/17\/jizda-zacina-objevte-cyklistiku-nejen-jako-volnocasovou-aktivitu\/"]}]},{"@type":"ImageObject","inLanguage":"cs","@id":"https:\/\/www.welovecycling.com\/cs\/2025\/09\/17\/jizda-zacina-objevte-cyklistiku-nejen-jako-volnocasovou-aktivitu\/#primaryimage","url":"https:\/\/d2p6e6u75xmxt8.cloudfront.net\/13\/2025\/09\/ME-Limburg-2024-Juniorky-4-1-scaled.webp","contentUrl":"https:\/\/d2p6e6u75xmxt8.cloudfront.net\/13\/2025\/09\/ME-Limburg-2024-Juniorky-4-1-scaled.webp","width":2560,"height":1707,"caption":"J\u00edzda za\u010d\u00edn\u00e1"},{"@type":"WebSite","@id":"https:\/\/www.welovecycling.com\/cs\/#website","url":"https:\/\/www.welovecycling.com\/cs\/","name":"\u0160koda We Love Cycling - \u010cesk\u00e1 republika","description":"WeLoveCycling.cz je online magaz\u00edn, kter\u00fd v\u00e1m pravideln\u011b p\u0159in\u00e1\u0161\u00ed rady a tipy, zaj\u00edmav\u00e9 \u010dl\u00e1nky, videa a jedine\u010dn\u00e9 report\u00e1\u017ee ze sv\u011bta cyklistiky.","potentialAction":[{"@type":"SearchAction","target":{"@type":"EntryPoint","urlTemplate":"https:\/\/www.welovecycling.com\/cs\/?s={search_term_string}"},"query-input":{"@type":"PropertyValueSpecification","valueRequired":true,"valueName":"search_term_string"}}],"inLanguage":"cs"},{"@type":"Person","@id":"https:\/\/www.welovecycling.com\/cs\/#\/schema\/person\/d9eeb0a378f3a7e4a6d12d2b536b04b8","name":"radekmalina","image":{"@type":"ImageObject","inLanguage":"cs","@id":"https:\/\/www.welovecycling.com\/cs\/#\/schema\/person\/image\/","url":"https:\/\/secure.gravatar.com\/avatar\/66994b632cb8c39a46b9f54afa3ae07201b678d32a54275b6f1c9ffec356bfc0?s=96&d=mm&r=g","contentUrl":"https:\/\/secure.gravatar.com\/avatar\/66994b632cb8c39a46b9f54afa3ae07201b678d32a54275b6f1c9ffec356bfc0?s=96&d=mm&r=g","caption":"radekmalina"},"url":"https:\/\/www.welovecycling.com\/cs\/author\/radekmalina\/"}]}},"_links":{"self":[{"href":"https:\/\/www.welovecycling.com\/cs\/wp-json\/wp\/v2\/posts\/31024","targetHints":{"allow":["GET"]}}],"collection":[{"href":"https:\/\/www.welovecycling.com\/cs\/wp-json\/wp\/v2\/posts"}],"about":[{"href":"https:\/\/www.welovecycling.com\/cs\/wp-json\/wp\/v2\/types\/post"}],"author":[{"embeddable":true,"href":"https:\/\/www.welovecycling.com\/cs\/wp-json\/wp\/v2\/users\/138"}],"replies":[{"embeddable":true,"href":"https:\/\/www.welovecycling.com\/cs\/wp-json\/wp\/v2\/comments?post=31024"}],"version-history":[{"count":2,"href":"https:\/\/www.welovecycling.com\/cs\/wp-json\/wp\/v2\/posts\/31024\/revisions"}],"predecessor-version":[{"id":31030,"href":"https:\/\/www.welovecycling.com\/cs\/wp-json\/wp\/v2\/posts\/31024\/revisions\/31030"}],"wp:featuredmedia":[{"embeddable":true,"href":"https:\/\/www.welovecycling.com\/cs\/wp-json\/wp\/v2\/media\/31027"}],"wp:attachment":[{"href":"https:\/\/www.welovecycling.com\/cs\/wp-json\/wp\/v2\/media?parent=31024"}],"wp:term":[{"taxonomy":"category","embeddable":true,"href":"https:\/\/www.welovecycling.com\/cs\/wp-json\/wp\/v2\/categories?post=31024"},{"taxonomy":"post_tag","embeddable":true,"href":"https:\/\/www.welovecycling.com\/cs\/wp-json\/wp\/v2\/tags?post=31024"},{"taxonomy":"global-categories","embeddable":true,"href":"https:\/\/www.welovecycling.com\/cs\/wp-json\/wp\/v2\/global-categories?post=31024"}],"curies":[{"name":"wp","href":"https:\/\/api.w.org\/{rel}","templated":true}]}}