{"id":31019,"date":"2025-09-16T14:34:55","date_gmt":"2025-09-16T12:34:55","guid":{"rendered":"https:\/\/www.welovecycling.com\/cs\/?p=31019"},"modified":"2025-12-29T14:52:50","modified_gmt":"2025-12-29T12:52:50","slug":"dve-tovarny-na-vitezstvi-ktera-je-lepsi","status":"publish","type":"post","link":"https:\/\/www.welovecycling.com\/cs\/2025\/09\/16\/dve-tovarny-na-vitezstvi-ktera-je-lepsi\/","title":{"rendered":"Dv\u011b tov\u00e1rny na v\u00edt\u011bzstv\u00ed. Kter\u00e1 je lep\u0161\u00ed?"},"content":{"rendered":"<p><strong>P\u011btaosmdes\u00e1t v\u00edt\u011bzstv\u00ed v jedin\u00e9 sezon\u011b? Ohromuj\u00edc\u00ed \u010d\u00edslo, kter\u00e9 na druh\u00fd pokus poko\u0159ila sestava UAE Emirates XRG. Vyrovnala tak rekord star\u00fd \u0161estn\u00e1ct let. Tehdy jej vytvo\u0159ila formace Columbia HTC.<\/strong><\/p>\n<p>T\u00fdm kolem Tadeje Poga\u010dara je v pelotonu supervelmoc\u00ed. U\u017e v sezon\u011b 2024 si p\u0159ipsal 81 v\u00edt\u011bzstv\u00ed! Slovinec byl kl\u00ed\u010dovou postavou jedine\u010dn\u00e9 s\u00e9rie. Vyhr\u00e1l Giro, Tour de France a mistrovstv\u00ed sv\u011bta. Celkem b\u011bhem 58 z\u00e1vodn\u00edch dn\u016f zaznamenal 25 v\u00edt\u011bzstv\u00ed! Letos se sestava slovinsk\u00e9ho d\u00e9mona dostala na rekordn\u00ed \u010d\u00edslo, p\u0159esto\u017ee jej\u00ed hlavn\u00ed hrdina byl skromn\u011bj\u0161\u00ed. Do konce srpna si p\u0159ipsal &#8222;jen&#8220; \u0161estn\u00e1ct v\u00edt\u011bzstv\u00ed.<\/p>\n<p>\u201eJe to unik\u00e1tn\u00ed v\u00fdkon. Nemaj\u00ed sprintera jako byl Cavendish nebo Greipel. My jsme tehdy v Columbii sb\u00edrali v\u00edt\u011bzstv\u00ed hlavn\u011b v hromadn\u00fdch dojezdech. P\u0159es dv\u011b t\u0159etiny bylo p\u0159esn\u011b takov\u00fdch,\u201c vzpom\u00edn\u00e1 Franti\u0161ek Rabo\u0148, b\u00fdval\u00fd profesion\u00e1l, kter\u00fd obl\u00e9kal dres HTC Columbia v letech 2008 a\u017e 2011.<\/p>\n<h2><strong>Sprinte\u0159i hlavn\u00edmi hv\u011bzdami\u00a0<\/strong><\/h2>\n<p><strong>Columbia HTC<\/strong> v sezon\u011b 2009 m\u011bla americkou licenci. \u0160lo o sestavu, kter\u00e1 se zrodila na z\u00e1kladech t\u00fdmu Telekom, respektive T-Mobile. Po \u0159ad\u011b skand\u00e1l\u016f spojen\u00fdch s u\u017e\u00edv\u00e1n\u00edm nedovolen\u00fdch prost\u0159edk\u016f toti\u017e n\u011bmeck\u00fd telekomunika\u010dn\u00ed gigant opustil peloton. A tak se zrodil t\u00fdm s americkou licenc\u00ed, jeho\u017e hlavn\u00edmi hv\u011bzdami byl Mark Cavendish a Andr\u00e9 Greipel. \u010cty\u0159iadvacetilet\u00fd, respektive \u0161estadvacetilet\u00fd sprinter. Mezi domestiky byl tehdy i Franti\u0161ek Rabo\u0148, nyn\u00ed obchodn\u00ed mana\u017eer spole\u010dnosti <a href=\"https:\/\/www.kalas.cz\/\">Kalas<\/a>.<\/p>\n<p>\u201eM\u011bli jsme v pelotonu obrovsk\u00fd respekt. V\u00edra ve vlastn\u00ed schopnosti byla obrovsk\u00e1. Jeli jsme na z\u00e1vod a \u0159e\u0161ili, kdo z n\u00e1s ho vyhraje. Nebavili jsme se o tom, jestli uvis\u00edme v bal\u00edku a n\u011bkdo dojede do p\u011btky. Kdyby n\u00e1s sly\u0161el n\u011bkdo mimo autobus, musel by si myslet, \u017ee jsme tot\u00e1ln\u011b arogantn\u00ed. P\u0159i p\u011btidenn\u00edm etap\u00e1ku jsme cht\u011bli p\u011bt etap i celkov\u00e9 v\u00edt\u011bzstv\u00ed. A kdy\u017e jsme ud\u011blali t\u0159i, byli jsme zklaman\u00ed. Ne\u0161lo p\u0159itom o n\u011bjakou nabub\u0159elost. Byli jsme prost\u011b tak silni,\u201c kr\u010d\u00ed rameny <strong>Franti\u0161ek Rabo\u0148<\/strong>.<\/p>\n<figure id=\"attachment_28506\" aria-describedby=\"caption-attachment-28506\" style=\"width: 1800px\" class=\"wp-caption alignnone\"><a href=\"https:\/\/d2p6e6u75xmxt8.cloudfront.net\/13\/2025\/03\/profimedia-0677420927.webp\"><img loading=\"lazy\" decoding=\"async\" class=\"size-full wp-image-28506\" src=\"https:\/\/d2p6e6u75xmxt8.cloudfront.net\/13\/2025\/03\/profimedia-0677420927.webp\" alt=\"\" width=\"1800\" height=\"1305\" srcset=\"https:\/\/d2p6e6u75xmxt8.cloudfront.net\/13\/2025\/03\/profimedia-0677420927.webp 1800w, https:\/\/d2p6e6u75xmxt8.cloudfront.net\/13\/2025\/03\/profimedia-0677420927-300x218.webp 300w, https:\/\/d2p6e6u75xmxt8.cloudfront.net\/13\/2025\/03\/profimedia-0677420927-1024x742.webp 1024w, https:\/\/d2p6e6u75xmxt8.cloudfront.net\/13\/2025\/03\/profimedia-0677420927-768x557.webp 768w, https:\/\/d2p6e6u75xmxt8.cloudfront.net\/13\/2025\/03\/profimedia-0677420927-1536x1114.webp 1536w, https:\/\/d2p6e6u75xmxt8.cloudfront.net\/13\/2025\/03\/profimedia-0677420927-400x290.webp 400w\" sizes=\"auto, (max-width: 1800px) 100vw, 1800px\" \/><\/a><figcaption id=\"caption-attachment-28506\" class=\"wp-caption-text\"><em>Rekord HTC Columbia dostal z\u00e1klady u\u017e v roce 2008, kdy se nepohodl na Giru Mark Cavendish a Andr\u00e9 Greipel. O rok pozd\u011bji t\u00fdm posb\u00edral 85 v\u00edt\u011bzstv\u00ed.<\/em><\/figcaption><\/figure>\n<p>Kolik \u010dasu pot\u0159ebovali borci v americk\u00fdch slu\u017eb\u00e1ch na 85 v\u00edt\u011bzstv\u00ed? Prvn\u00ed triumf zapsal Michael Rogers titulem australsk\u00e9ho \u0161ampiona v \u010dasovce u\u017e 8. ledna. A p\u0159esn\u011b o dev\u011bt m\u011bs\u00edc\u016f pozd\u011bji, 8. \u0159\u00edjna p\u0159i jednor\u00e1zovce Pa\u0159\u00ed\u017e-Bourges, slavil p\u011btaosmdes\u00e1t\u00fd triumf <strong>Andr\u00e9 Greipel<\/strong>.<\/p>\n<div class=\"shortcode-ys-post-pinup\"><article class=\"loop-simple post-30976 post type-post status-publish format-standard has-post-thumbnail hentry category-horska-cyklistika tag-cross-country tag-cyklistika tag-horska-cyklistika tag-horska-kola tag-mathieu-van-der-poel tag-mistrovstvi-sveta-2025 tag-silnicni-cyklistika tag-tour-de-france tag-uci-mtb-2025 global-categories-cycling\" data-postid=\"30976\" role=\"article\" data-post-id=\"30976\" data-word-count=\"513\" data-headline-length=\"72\" data-category=\"Horsk\u00e1 cyklistika\" data-global-category=\"Cycling\" data-author=\"Radek Malina\" data-published=\"2025-09-13T05:00:05+02:00\" data-published-day=\"Saturday\">\n    <div class=\"entry-thumbnail article-thumbnail\" content=\"https:\/\/d2p6e6u75xmxt8.cloudfront.net\/13\/2025\/09\/profimedia-0678039676-150x150.webp\"><a href=\"https:\/\/www.welovecycling.com\/cs\/2025\/09\/13\/trikrat-jej-prvni-laska-zradila-a-prece-se-van-der-poel-nevzdava\/\" class=\"image-holder\" target=\"_self\"><img decoding=\"async\" loading=\"lazy\" class=\"\" src=\"https:\/\/d2p6e6u75xmxt8.cloudfront.net\/13\/2025\/09\/profimedia-0678039676-1024x683.webp\" srcset=\"https:\/\/d2p6e6u75xmxt8.cloudfront.net\/13\/2025\/09\/profimedia-0678039676.webp 1800w, https:\/\/d2p6e6u75xmxt8.cloudfront.net\/13\/2025\/09\/profimedia-0678039676-300x200.webp 300w, https:\/\/d2p6e6u75xmxt8.cloudfront.net\/13\/2025\/09\/profimedia-0678039676-1024x683.webp 1024w, https:\/\/d2p6e6u75xmxt8.cloudfront.net\/13\/2025\/09\/profimedia-0678039676-768x512.webp 768w, https:\/\/d2p6e6u75xmxt8.cloudfront.net\/13\/2025\/09\/profimedia-0678039676-1536x1024.webp 1536w, https:\/\/d2p6e6u75xmxt8.cloudfront.net\/13\/2025\/09\/profimedia-0678039676-400x267.webp 400w, https:\/\/d2p6e6u75xmxt8.cloudfront.net\/13\/2025\/09\/profimedia-0678039676-272x182.webp 272w\" width=\"1024\" height=\"683\" sizes=\"auto, (min-width: 1200px) 300px, (min-width: 768px) 25vw, 100vw\" alt=\"trikrat-jej-prvni-laska-zradila-a-prece-se-van-der-poel-nevzdava\"\/><\/a><\/div>    <div class=\"entry-meta\">\n        <a class=\"label label-secondary post-category\" href=\"https:\/\/www.welovecycling.com\/cs\/category\/horska-cyklistika\/\" title=\"Horsk\u00e1 cyklistika\">Horsk\u00e1 cyklistika<\/a>\n    <\/div>\n    <div class=\"entry-details\">\n        <a href=\"https:\/\/www.welovecycling.com\/cs\/2025\/09\/13\/trikrat-jej-prvni-laska-zradila-a-prece-se-van-der-poel-nevzdava\/\" class='entry-title-wrapper'>\n            <h3 class=\"entry-title\"><span>T\u0159ikr\u00e1t jej prvn\u00ed l\u00e1ska zradila. A p\u0159ece se van der Poel nevzd\u00e1v\u00e1<\/span><\/h3>\n        <\/a>\n    <\/div>\n    <\/article>\n<\/div>\n<p>Nej\u00fasp\u011b\u0161n\u011bj\u0161\u00edm mu\u017eem sezony byl v\u0161ak jednozna\u010dn\u011b <strong>Mark Cavendish<\/strong>, kter\u00fd bral t\u0159iadvacet v\u00edt\u011bzstv\u00ed. Ovl\u00e1dl mimo jin\u00fdch z\u00e1vod\u016f Monument Mil\u00e1n-San Remo, t\u0159i etapy na italsk\u00e9m Giru a \u0161est na Tour de France.<\/p>\n<p>\u201eZ\u00e1klad vele\u00fasp\u011b\u0161n\u00e9 sezony 2009 se paradoxn\u011b zrodil u\u017e o rok d\u0159\u00edve. P\u0159i italsk\u00e9m Giru,\u201c vzpom\u00edn\u00e1 Franti\u0161ek Rabo\u0148. S\u00e1m byl tehdy \u00fa\u010dastn\u00edkem \u00favodn\u00ed Grand Tour sezony, na kterou formace HTC Columbia nominovala dva hv\u011bzdn\u00e9 sprintery.<\/p>\n<figure id=\"attachment_12765\" aria-describedby=\"caption-attachment-12765\" style=\"width: 1402px\" class=\"wp-caption alignnone\"><a href=\"https:\/\/d2p6e6u75xmxt8.cloudfront.net\/13\/2021\/05\/rabon-profimedia-0029767236-1.webp\"><img loading=\"lazy\" decoding=\"async\" class=\"size-full wp-image-12765\" src=\"https:\/\/d2p6e6u75xmxt8.cloudfront.net\/13\/2021\/05\/rabon-profimedia-0029767236-1.webp\" alt=\"Franti\u0161ek Rabo\u0148 (vlevo) p\u0159ij\u00edm\u00e1 pod\u011bkov\u00e1n\u00ed za odvedenou pr\u00e1ci od Marka Cavendishe po jedn\u00e9 z v\u00edt\u011bzn\u00fdch etap. Foto: profimedia\" width=\"1402\" height=\"1800\" srcset=\"https:\/\/d2p6e6u75xmxt8.cloudfront.net\/13\/2021\/05\/rabon-profimedia-0029767236-1.webp 1402w, https:\/\/d2p6e6u75xmxt8.cloudfront.net\/13\/2021\/05\/rabon-profimedia-0029767236-1-234x300.webp 234w, https:\/\/d2p6e6u75xmxt8.cloudfront.net\/13\/2021\/05\/rabon-profimedia-0029767236-1-798x1024.webp 798w, https:\/\/d2p6e6u75xmxt8.cloudfront.net\/13\/2021\/05\/rabon-profimedia-0029767236-1-768x986.webp 768w, https:\/\/d2p6e6u75xmxt8.cloudfront.net\/13\/2021\/05\/rabon-profimedia-0029767236-1-1196x1536.webp 1196w\" sizes=\"auto, (max-width: 1402px) 100vw, 1402px\" \/><\/a><figcaption id=\"caption-attachment-12765\" class=\"wp-caption-text\"><em>Franti\u0161ek Rabo\u0148 (vlevo) p\u0159ij\u00edm\u00e1 pod\u011bkov\u00e1n\u00ed za odvedenou pr\u00e1ci od Marka Cavendishe po jedn\u00e9 z v\u00edt\u011bzn\u00fdch etap. Foto: profimedia<\/em><\/figcaption><\/figure>\n<p>\u201eCavendish s Greipelem se tehdy, m\u00edrn\u011b \u0159e\u010deno, nepohodli. Ale hodn\u011b. Mark vyhr\u00e1l dv\u011b etapy, Greipel jednu. Ka\u017edop\u00e1dn\u011b pr\u00e1v\u011b od Gira 2008 t\u00fdm oba spurtery rozd\u011bloval a pos\u00edlal je na odli\u0161n\u00e9 akce. Jezdili jsme vlastn\u011b t\u0159i z\u00e1vodn\u00ed programy a obsazovali je dominantn\u00edmi sprintery, kte\u0159\u00ed byli takov\u00ed divo\u010d\u00e1ci, \u017ee sout\u011b\u017eili mezi sebou. P\u0159etahovali se na d\u00e1lku, tak\u017ee triumfy p\u0159ib\u00fdvaly rychle. Ka\u017ed\u00fd m\u011bl nav\u00edc k ruce skv\u011bl\u00fd podp\u016frn\u00fd t\u00fdm,\u201c popisuje Franti\u0161ek Rabo\u0148.<\/p>\n<div class=\"shortcode-ys-post-pinup\"><article class=\"loop-simple post-30948 post type-post status-publish format-standard has-post-thumbnail hentry category-horska-cyklistika tag-cyklistika tag-frantisek-rabon tag-horska-cyklistika tag-penize tag-platy-bikeru tag-silnicni-cyklistika tag-uci-mtb-2025 global-categories-cycling\" data-postid=\"30948\" role=\"article\" data-post-id=\"30948\" data-word-count=\"655\" data-headline-length=\"52\" data-category=\"Horsk\u00e1 cyklistika\" data-global-category=\"Cycling\" data-author=\"Radek Malina\" data-published=\"2025-09-10T10:00:11+02:00\" data-published-day=\"Wednesday\">\n    <div class=\"entry-thumbnail article-thumbnail\" content=\"https:\/\/d2p6e6u75xmxt8.cloudfront.net\/13\/2022\/05\/21_Nino-Schurter-150x150.webp\"><a href=\"https:\/\/www.welovecycling.com\/cs\/2025\/09\/10\/platy-bikeru-zalostne-proti-slechte-na-silnici\/\" class=\"image-holder\" target=\"_self\"><img decoding=\"async\" loading=\"lazy\" class=\"\" src=\"https:\/\/d2p6e6u75xmxt8.cloudfront.net\/13\/2022\/05\/21_Nino-Schurter-1024x683.webp\" srcset=\"https:\/\/d2p6e6u75xmxt8.cloudfront.net\/13\/2022\/05\/21_Nino-Schurter.webp 1600w, https:\/\/d2p6e6u75xmxt8.cloudfront.net\/13\/2022\/05\/21_Nino-Schurter-300x200.webp 300w, https:\/\/d2p6e6u75xmxt8.cloudfront.net\/13\/2022\/05\/21_Nino-Schurter-1024x683.webp 1024w, https:\/\/d2p6e6u75xmxt8.cloudfront.net\/13\/2022\/05\/21_Nino-Schurter-768x512.webp 768w, https:\/\/d2p6e6u75xmxt8.cloudfront.net\/13\/2022\/05\/21_Nino-Schurter-1536x1024.webp 1536w, https:\/\/d2p6e6u75xmxt8.cloudfront.net\/13\/2022\/05\/21_Nino-Schurter-272x182.webp 272w\" width=\"1024\" height=\"683\" sizes=\"auto, (min-width: 1200px) 300px, (min-width: 768px) 25vw, 100vw\" alt=\"platy-bikeru-zalostne-proti-slechte-na-silnici\"\/><\/a><\/div>    <div class=\"entry-meta\">\n        <a class=\"label label-secondary post-category\" href=\"https:\/\/www.welovecycling.com\/cs\/category\/horska-cyklistika\/\" title=\"Horsk\u00e1 cyklistika\">Horsk\u00e1 cyklistika<\/a>\n    <\/div>\n    <div class=\"entry-details\">\n        <a href=\"https:\/\/www.welovecycling.com\/cs\/2025\/09\/10\/platy-bikeru-zalostne-proti-slechte-na-silnici\/\" class='entry-title-wrapper'>\n            <h3 class=\"entry-title\"><span>Platy biker\u016f? \u017dalostn\u00e9 proti \u0161lecht\u011b na silnici<\/span><\/h3>\n        <\/a>\n    <\/div>\n    <\/article>\n<\/div>\n<p>Columbia HTC byl t\u00fdm postaven\u00fd na sprinterech, nav\u00edc m\u011bl v sestav\u011b fantastick\u00e9 \u010dasovk\u00e1\u0159e. Proto v\u00edt\u011bzstv\u00ed naskakovala tak rychle. Ze t\u0159\u00ed Grand Tour sezony si formace odvezla 17 etapov\u00fdch v\u00edt\u011bzstv\u00ed.<\/p>\n<h2><strong>Maj\u00ed Poga\u010dar a spol. kvalitn\u011bj\u0161\u00ed v\u00edt\u011bzstv\u00ed?<\/strong><\/h2>\n<p>UAE Emirates XRG pot\u0159ebovali na unik\u00e1tn\u00ed sb\u00edrku m\u00e9n\u011b \u010dasu. Jhonatan Narv\u00e1ez zapsal prvn\u00ed triumf 25. ledna p\u0159i p\u00e1t\u00e9 etap\u011b Tour Down Under. P\u011btaosmdes\u00e1t\u00fd triumf slavil Brandon McNulty p\u0159i GP Montrealu 14. z\u00e1\u0159\u00ed.<\/p>\n<p>Borci placen\u00ed \u0161ejky z Emir\u00e1t\u016f sb\u00edraj\u00ed ve srovn\u00e1n\u00ed s HTC Columbia kvalitn\u011bj\u0161\u00ed triumfy. Tadej Poga\u010dar vyhr\u00e1l Strade Bianche, Kolem Flander, Valonsk\u00fd \u0161\u00edp, Lutych-Bastogne-Lutych a hlavn\u011b Tour de France. Nav\u00edc zapsal triumf i na Crit\u00e9rium du Dauphin\u00e9. A pak r\u016fzn\u00ed z\u00e1vodn\u00edci slavili celkov\u00e9 v\u00fdhry na Kolem \u0160v\u00fdcarska a Kolem Ramndie \u010di Tirreno-Adriatico.<\/p>\n<p><a href=\"https:\/\/d2p6e6u75xmxt8.cloudfront.net\/13\/2025\/09\/LV25-E21-CXL-BX8_0878-scaled.webp\"><img loading=\"lazy\" decoding=\"async\" class=\"alignnone size-extra-large wp-image-31021\" src=\"https:\/\/d2p6e6u75xmxt8.cloudfront.net\/13\/2025\/09\/LV25-E21-CXL-BX8_0878-1920x1280.webp\" alt=\"\" width=\"1920\" height=\"1280\" srcset=\"https:\/\/d2p6e6u75xmxt8.cloudfront.net\/13\/2025\/09\/LV25-E21-CXL-BX8_0878-1920x1280.webp 1920w, https:\/\/d2p6e6u75xmxt8.cloudfront.net\/13\/2025\/09\/LV25-E21-CXL-BX8_0878-300x200.webp 300w, https:\/\/d2p6e6u75xmxt8.cloudfront.net\/13\/2025\/09\/LV25-E21-CXL-BX8_0878-1024x683.webp 1024w, https:\/\/d2p6e6u75xmxt8.cloudfront.net\/13\/2025\/09\/LV25-E21-CXL-BX8_0878-768x512.webp 768w, https:\/\/d2p6e6u75xmxt8.cloudfront.net\/13\/2025\/09\/LV25-E21-CXL-BX8_0878-1536x1024.webp 1536w, https:\/\/d2p6e6u75xmxt8.cloudfront.net\/13\/2025\/09\/LV25-E21-CXL-BX8_0878-2048x1365.webp 2048w, https:\/\/d2p6e6u75xmxt8.cloudfront.net\/13\/2025\/09\/LV25-E21-CXL-BX8_0878-400x267.webp 400w, https:\/\/d2p6e6u75xmxt8.cloudfront.net\/13\/2025\/09\/LV25-E21-CXL-BX8_0878-272x182.webp 272w, https:\/\/d2p6e6u75xmxt8.cloudfront.net\/13\/2025\/09\/LV25-E21-CXL-BX8_0878-1920x1280.webp 1920w\" sizes=\"auto, (max-width: 1920px) 100vw, 1920px\" \/><\/a><\/p>\n<p>Ve srovn\u00e1n\u00ed s \u0161estn\u00e1ct let starou americkou sestavou m\u00e1 dru\u017eina kolem Tadeje Poga\u010dara jen \u010dtrn\u00e1ct prvenstv\u00ed z Grand Tour. Sedm prvenstv\u00ed na Vuelt\u011b, p\u011bt na Tour de France, ov\u0161em pouze dv\u011b z italsk\u00e9ho Gira.<\/p>\n<div class=\"shortcode-ys-post-pinup\"><article class=\"loop-simple post-30145 post type-post status-publish format-standard has-post-thumbnail hentry category-tour-de-france tag-cyklistika tag-silnicni-cyklistika tag-tadej-pogacar tag-tajemstvi-tadeje-pogacara tag-tour-de-france tag-tour-de-france-2025 global-categories-cycling\" data-postid=\"30145\" role=\"article\" data-post-id=\"30145\" data-word-count=\"435\" data-headline-length=\"32\" data-category=\"Tour de France\" data-global-category=\"Cycling\" data-author=\"Radek Malina\" data-published=\"2025-07-22T09:40:05+02:00\" data-published-day=\"Tuesday\">\n    <div class=\"entry-thumbnail article-thumbnail\" content=\"https:\/\/d2p6e6u75xmxt8.cloudfront.net\/13\/2025\/07\/20250718TDF2241-150x150.webp\"><a href=\"https:\/\/www.welovecycling.com\/cs\/2025\/07\/22\/tadej-pogacar-a-jeho-tajemstvi\/\" class=\"image-holder\" target=\"_self\"><img decoding=\"async\" loading=\"lazy\" class=\"\" src=\"https:\/\/d2p6e6u75xmxt8.cloudfront.net\/13\/2025\/07\/20250718TDF2241-1024x683.webp\" srcset=\"https:\/\/d2p6e6u75xmxt8.cloudfront.net\/13\/2025\/07\/20250718TDF2241-scaled.webp 2560w, https:\/\/d2p6e6u75xmxt8.cloudfront.net\/13\/2025\/07\/20250718TDF2241-300x200.webp 300w, https:\/\/d2p6e6u75xmxt8.cloudfront.net\/13\/2025\/07\/20250718TDF2241-1024x683.webp 1024w, https:\/\/d2p6e6u75xmxt8.cloudfront.net\/13\/2025\/07\/20250718TDF2241-768x512.webp 768w, https:\/\/d2p6e6u75xmxt8.cloudfront.net\/13\/2025\/07\/20250718TDF2241-1536x1024.webp 1536w, https:\/\/d2p6e6u75xmxt8.cloudfront.net\/13\/2025\/07\/20250718TDF2241-2048x1365.webp 2048w, https:\/\/d2p6e6u75xmxt8.cloudfront.net\/13\/2025\/07\/20250718TDF2241-1920x1280.webp 1920w, https:\/\/d2p6e6u75xmxt8.cloudfront.net\/13\/2025\/07\/20250718TDF2241-400x267.webp 400w, https:\/\/d2p6e6u75xmxt8.cloudfront.net\/13\/2025\/07\/20250718TDF2241-272x182.webp 272w, https:\/\/d2p6e6u75xmxt8.cloudfront.net\/13\/2025\/07\/20250718TDF2241-1920x1280.webp 1920w\" width=\"1024\" height=\"683\" sizes=\"auto, (min-width: 1200px) 300px, (min-width: 768px) 25vw, 100vw\" alt=\"tadej-pogacar-a-jeho-tajemstvi\"\/><\/a><\/div>    <div class=\"entry-meta\">\n        <a class=\"label label-secondary post-category\" href=\"https:\/\/www.welovecycling.com\/cs\/category\/tour-de-france\/\" title=\"Tour de France\">Tour de France<\/a>\n    <\/div>\n    <div class=\"entry-details\">\n        <a href=\"https:\/\/www.welovecycling.com\/cs\/2025\/07\/22\/tadej-pogacar-a-jeho-tajemstvi\/\" class='entry-title-wrapper'>\n            <h3 class=\"entry-title\"><span>Tadej Poga\u010dar a jeho tajemstv\u00ed<\/span><\/h3>\n        <\/a>\n    <\/div>\n    <\/article>\n<\/div>\n<p>Pokud pomineme t\u0159icetilet\u00e9ho Kolumbijce Juana Molana, nen\u00ed v sestav\u011b UAE Emirates klasick\u00fd sprinter. A u\u017e v\u016fbec ne sprintersk\u00fd vlak, kter\u00fd byl p\u0159ed \u0161estn\u00e1cti lety p\u00fdchou HTC Columbia. O jej\u00ed rekordn\u00ed z\u00e1pis se v sezon\u011b 2008 postaralo \u0161estn\u00e1ct cyklist\u016f. Leto\u0161n\u00ed v\u00edt\u011bznou s\u00e9rii obstaralo 20 r\u016fzn\u00fdch jmen. Jde o vyrovn\u00e1n\u00ed vlastn\u00edho rekordu UAE Emirates z minul\u00e9 sezony. Tak\u017ee pokud ve zb\u00fdvaj\u00edc\u00edch t\u00fddnech sestava sponzorovan\u00e1 \u0161ejky zap\u00ed\u0161e v\u00edt\u011bzstv\u00ed a bude pod n\u00edm podeps\u00e1n n\u011bkdo z dev\u00edtky borc\u016f, co dosud neslavili, vytvo\u0159\u00ed hned dva nov\u00e9 rekordy sou\u010dasn\u011b.<\/p>\n<p>Foto: A.S.O.\/Antonio Baixauli a Rafa G\u00f3mez<\/p>\n<div class=\"MuiTabs-root MuiTabs-vertical css-bt8wl-tabs\"><\/div>\n","protected":false},"excerpt":{"rendered":"<p>P\u011btaosmdes\u00e1t v\u00edt\u011bzstv\u00ed v jedin\u00e9 sezon\u011b? Ohromuj\u00edc\u00ed \u010d\u00edslo, kter\u00e9 na druh\u00fd pokus poko\u0159ila sestava UAE Emirates XRG. Vyrovnala tak rekord star\u00fd [&hellip;]<\/p>\n","protected":false},"author":138,"featured_media":31020,"comment_status":"open","ping_status":"open","sticky":false,"template":"","format":"standard","meta":{"footnotes":""},"categories":[10],"tags":[1618,126,3437,1087,4103,361,9,502,4064],"global-categories":[411],"class_list":["post-31019","post","type-post","status-publish","format-standard","has-post-thumbnail","hentry","category-silnicni-cyklistika","tag-cyklisticke-rekordy","tag-cyklistika","tag-etapovy-rekord","tag-frantisek-rabon","tag-htc-columbia","tag-mark-cavendish","tag-silnicni-cyklistika","tag-tadej-pogacar","tag-uae-emirates-xrg","global-categories-cycling"],"yoast_head":"<!-- This site is optimized with the Yoast SEO Premium plugin v25.3 (Yoast SEO v25.9) - https:\/\/yoast.com\/wordpress\/plugins\/seo\/ -->\n<title>Dv\u011b tov\u00e1rny na v\u00edt\u011bzstv\u00ed. Kter\u00e1 je lep\u0161\u00ed? | \u0160koda We Love Cycling - \u010cesk\u00e1 republika<\/title>\n<meta name=\"robots\" content=\"index, follow, max-snippet:-1, max-image-preview:large, max-video-preview:-1\" \/>\n<link rel=\"canonical\" href=\"https:\/\/www.welovecycling.com\/cs\/2025\/09\/16\/dve-tovarny-na-vitezstvi-ktera-je-lepsi\/\" \/>\n<meta property=\"og:locale\" content=\"cs_CZ\" \/>\n<meta property=\"og:type\" content=\"article\" \/>\n<meta property=\"og:title\" content=\"Dv\u011b tov\u00e1rny na v\u00edt\u011bzstv\u00ed. Kter\u00e1 je lep\u0161\u00ed?\" \/>\n<meta property=\"og:description\" content=\"P\u011btaosmdes\u00e1t v\u00edt\u011bzstv\u00ed v jedin\u00e9 sezon\u011b? Ohromuj\u00edc\u00ed \u010d\u00edslo, kter\u00e9 na druh\u00fd pokus poko\u0159ila sestava UAE Emirates XRG. Vyrovnala tak rekord star\u00fd [&hellip;]\" \/>\n<meta property=\"og:url\" content=\"https:\/\/www.welovecycling.com\/cs\/2025\/09\/16\/dve-tovarny-na-vitezstvi-ktera-je-lepsi\/\" \/>\n<meta property=\"og:site_name\" content=\"\u0160koda We Love Cycling - \u010cesk\u00e1 republika\" \/>\n<meta property=\"article:published_time\" content=\"2025-09-16T12:34:55+00:00\" \/>\n<meta property=\"article:modified_time\" content=\"2025-12-29T12:52:50+00:00\" \/>\n<meta property=\"og:image\" content=\"https:\/\/d2p6e6u75xmxt8.cloudfront.net\/13\/2025\/09\/20250902LV4004-scaled.webp\" \/>\n\t<meta property=\"og:image:width\" content=\"2560\" \/>\n\t<meta property=\"og:image:height\" content=\"1707\" \/>\n\t<meta property=\"og:image:type\" content=\"image\/webp\" \/>\n<meta name=\"author\" content=\"radekmalina\" \/>\n<meta name=\"twitter:card\" content=\"summary_large_image\" \/>\n<meta name=\"twitter:label1\" content=\"Written by\" \/>\n\t<meta name=\"twitter:data1\" content=\"Radek Malina\" \/>\n\t<meta name=\"twitter:label2\" content=\"Est. reading time\" \/>\n\t<meta name=\"twitter:data2\" content=\"5\" \/>\n<script type=\"application\/ld+json\" class=\"yoast-schema-graph\">{\"@context\":\"https:\/\/schema.org\",\"@graph\":[{\"@type\":\"WebPage\",\"@id\":\"https:\/\/www.welovecycling.com\/cs\/2025\/09\/16\/dve-tovarny-na-vitezstvi-ktera-je-lepsi\/\",\"url\":\"https:\/\/www.welovecycling.com\/cs\/2025\/09\/16\/dve-tovarny-na-vitezstvi-ktera-je-lepsi\/\",\"name\":\"Dv\u011b tov\u00e1rny na v\u00edt\u011bzstv\u00ed. Kter\u00e1 je lep\u0161\u00ed? | \u0160koda We Love Cycling - \u010cesk\u00e1 republika\",\"isPartOf\":{\"@id\":\"https:\/\/www.welovecycling.com\/cs\/#website\"},\"primaryImageOfPage\":{\"@id\":\"https:\/\/www.welovecycling.com\/cs\/2025\/09\/16\/dve-tovarny-na-vitezstvi-ktera-je-lepsi\/#primaryimage\"},\"image\":{\"@id\":\"https:\/\/www.welovecycling.com\/cs\/2025\/09\/16\/dve-tovarny-na-vitezstvi-ktera-je-lepsi\/#primaryimage\"},\"thumbnailUrl\":\"https:\/\/d2p6e6u75xmxt8.cloudfront.net\/13\/2025\/09\/20250902LV4004-scaled.webp\",\"datePublished\":\"2025-09-16T12:34:55+00:00\",\"dateModified\":\"2025-12-29T12:52:50+00:00\",\"author\":{\"@id\":\"https:\/\/www.welovecycling.com\/cs\/#\/schema\/person\/d9eeb0a378f3a7e4a6d12d2b536b04b8\"},\"inLanguage\":\"cs\",\"potentialAction\":[{\"@type\":\"ReadAction\",\"target\":[\"https:\/\/www.welovecycling.com\/cs\/2025\/09\/16\/dve-tovarny-na-vitezstvi-ktera-je-lepsi\/\"]}]},{\"@type\":\"ImageObject\",\"inLanguage\":\"cs\",\"@id\":\"https:\/\/www.welovecycling.com\/cs\/2025\/09\/16\/dve-tovarny-na-vitezstvi-ktera-je-lepsi\/#primaryimage\",\"url\":\"https:\/\/d2p6e6u75xmxt8.cloudfront.net\/13\/2025\/09\/20250902LV4004-scaled.webp\",\"contentUrl\":\"https:\/\/d2p6e6u75xmxt8.cloudfront.net\/13\/2025\/09\/20250902LV4004-scaled.webp\",\"width\":2560,\"height\":1707,\"caption\":\"Jay Vine slav\u00ed v\u00edt\u011bzstv\u00ed na Vuelt\u011b 2025 foto: rafa G\u00f3mez\"},{\"@type\":\"WebSite\",\"@id\":\"https:\/\/www.welovecycling.com\/cs\/#website\",\"url\":\"https:\/\/www.welovecycling.com\/cs\/\",\"name\":\"\u0160koda We Love Cycling - \u010cesk\u00e1 republika\",\"description\":\"WeLoveCycling.cz je online magaz\u00edn, kter\u00fd v\u00e1m pravideln\u011b p\u0159in\u00e1\u0161\u00ed rady a tipy, zaj\u00edmav\u00e9 \u010dl\u00e1nky, videa a jedine\u010dn\u00e9 report\u00e1\u017ee ze sv\u011bta cyklistiky.\",\"potentialAction\":[{\"@type\":\"SearchAction\",\"target\":{\"@type\":\"EntryPoint\",\"urlTemplate\":\"https:\/\/www.welovecycling.com\/cs\/?s={search_term_string}\"},\"query-input\":{\"@type\":\"PropertyValueSpecification\",\"valueRequired\":true,\"valueName\":\"search_term_string\"}}],\"inLanguage\":\"cs\"},{\"@type\":\"Person\",\"@id\":\"https:\/\/www.welovecycling.com\/cs\/#\/schema\/person\/d9eeb0a378f3a7e4a6d12d2b536b04b8\",\"name\":\"radekmalina\",\"image\":{\"@type\":\"ImageObject\",\"inLanguage\":\"cs\",\"@id\":\"https:\/\/www.welovecycling.com\/cs\/#\/schema\/person\/image\/\",\"url\":\"https:\/\/secure.gravatar.com\/avatar\/66994b632cb8c39a46b9f54afa3ae07201b678d32a54275b6f1c9ffec356bfc0?s=96&d=mm&r=g\",\"contentUrl\":\"https:\/\/secure.gravatar.com\/avatar\/66994b632cb8c39a46b9f54afa3ae07201b678d32a54275b6f1c9ffec356bfc0?s=96&d=mm&r=g\",\"caption\":\"radekmalina\"},\"url\":\"https:\/\/www.welovecycling.com\/cs\/author\/radekmalina\/\"}]}<\/script>\n<!-- \/ Yoast SEO Premium plugin. -->","yoast_head_json":{"title":"Dv\u011b tov\u00e1rny na v\u00edt\u011bzstv\u00ed. Kter\u00e1 je lep\u0161\u00ed? | \u0160koda We Love Cycling - \u010cesk\u00e1 republika","robots":{"index":"index","follow":"follow","max-snippet":"max-snippet:-1","max-image-preview":"max-image-preview:large","max-video-preview":"max-video-preview:-1"},"canonical":"https:\/\/www.welovecycling.com\/cs\/2025\/09\/16\/dve-tovarny-na-vitezstvi-ktera-je-lepsi\/","og_locale":"cs_CZ","og_type":"article","og_title":"Dv\u011b tov\u00e1rny na v\u00edt\u011bzstv\u00ed. Kter\u00e1 je lep\u0161\u00ed?","og_description":"P\u011btaosmdes\u00e1t v\u00edt\u011bzstv\u00ed v jedin\u00e9 sezon\u011b? Ohromuj\u00edc\u00ed \u010d\u00edslo, kter\u00e9 na druh\u00fd pokus poko\u0159ila sestava UAE Emirates XRG. Vyrovnala tak rekord star\u00fd [&hellip;]","og_url":"https:\/\/www.welovecycling.com\/cs\/2025\/09\/16\/dve-tovarny-na-vitezstvi-ktera-je-lepsi\/","og_site_name":"\u0160koda We Love Cycling - \u010cesk\u00e1 republika","article_published_time":"2025-09-16T12:34:55+00:00","article_modified_time":"2025-12-29T12:52:50+00:00","og_image":[{"width":2560,"height":1707,"url":"https:\/\/d2p6e6u75xmxt8.cloudfront.net\/13\/2025\/09\/20250902LV4004-scaled.webp","type":"image\/webp"}],"author":"radekmalina","twitter_card":"summary_large_image","twitter_misc":{"Written by":"Radek Malina","Est. reading time":"5"},"schema":{"@context":"https:\/\/schema.org","@graph":[{"@type":"WebPage","@id":"https:\/\/www.welovecycling.com\/cs\/2025\/09\/16\/dve-tovarny-na-vitezstvi-ktera-je-lepsi\/","url":"https:\/\/www.welovecycling.com\/cs\/2025\/09\/16\/dve-tovarny-na-vitezstvi-ktera-je-lepsi\/","name":"Dv\u011b tov\u00e1rny na v\u00edt\u011bzstv\u00ed. Kter\u00e1 je lep\u0161\u00ed? | \u0160koda We Love Cycling - \u010cesk\u00e1 republika","isPartOf":{"@id":"https:\/\/www.welovecycling.com\/cs\/#website"},"primaryImageOfPage":{"@id":"https:\/\/www.welovecycling.com\/cs\/2025\/09\/16\/dve-tovarny-na-vitezstvi-ktera-je-lepsi\/#primaryimage"},"image":{"@id":"https:\/\/www.welovecycling.com\/cs\/2025\/09\/16\/dve-tovarny-na-vitezstvi-ktera-je-lepsi\/#primaryimage"},"thumbnailUrl":"https:\/\/d2p6e6u75xmxt8.cloudfront.net\/13\/2025\/09\/20250902LV4004-scaled.webp","datePublished":"2025-09-16T12:34:55+00:00","dateModified":"2025-12-29T12:52:50+00:00","author":{"@id":"https:\/\/www.welovecycling.com\/cs\/#\/schema\/person\/d9eeb0a378f3a7e4a6d12d2b536b04b8"},"inLanguage":"cs","potentialAction":[{"@type":"ReadAction","target":["https:\/\/www.welovecycling.com\/cs\/2025\/09\/16\/dve-tovarny-na-vitezstvi-ktera-je-lepsi\/"]}]},{"@type":"ImageObject","inLanguage":"cs","@id":"https:\/\/www.welovecycling.com\/cs\/2025\/09\/16\/dve-tovarny-na-vitezstvi-ktera-je-lepsi\/#primaryimage","url":"https:\/\/d2p6e6u75xmxt8.cloudfront.net\/13\/2025\/09\/20250902LV4004-scaled.webp","contentUrl":"https:\/\/d2p6e6u75xmxt8.cloudfront.net\/13\/2025\/09\/20250902LV4004-scaled.webp","width":2560,"height":1707,"caption":"Jay Vine slav\u00ed v\u00edt\u011bzstv\u00ed na Vuelt\u011b 2025 foto: rafa G\u00f3mez"},{"@type":"WebSite","@id":"https:\/\/www.welovecycling.com\/cs\/#website","url":"https:\/\/www.welovecycling.com\/cs\/","name":"\u0160koda We Love Cycling - \u010cesk\u00e1 republika","description":"WeLoveCycling.cz je online magaz\u00edn, kter\u00fd v\u00e1m pravideln\u011b p\u0159in\u00e1\u0161\u00ed rady a tipy, zaj\u00edmav\u00e9 \u010dl\u00e1nky, videa a jedine\u010dn\u00e9 report\u00e1\u017ee ze sv\u011bta cyklistiky.","potentialAction":[{"@type":"SearchAction","target":{"@type":"EntryPoint","urlTemplate":"https:\/\/www.welovecycling.com\/cs\/?s={search_term_string}"},"query-input":{"@type":"PropertyValueSpecification","valueRequired":true,"valueName":"search_term_string"}}],"inLanguage":"cs"},{"@type":"Person","@id":"https:\/\/www.welovecycling.com\/cs\/#\/schema\/person\/d9eeb0a378f3a7e4a6d12d2b536b04b8","name":"radekmalina","image":{"@type":"ImageObject","inLanguage":"cs","@id":"https:\/\/www.welovecycling.com\/cs\/#\/schema\/person\/image\/","url":"https:\/\/secure.gravatar.com\/avatar\/66994b632cb8c39a46b9f54afa3ae07201b678d32a54275b6f1c9ffec356bfc0?s=96&d=mm&r=g","contentUrl":"https:\/\/secure.gravatar.com\/avatar\/66994b632cb8c39a46b9f54afa3ae07201b678d32a54275b6f1c9ffec356bfc0?s=96&d=mm&r=g","caption":"radekmalina"},"url":"https:\/\/www.welovecycling.com\/cs\/author\/radekmalina\/"}]}},"_links":{"self":[{"href":"https:\/\/www.welovecycling.com\/cs\/wp-json\/wp\/v2\/posts\/31019","targetHints":{"allow":["GET"]}}],"collection":[{"href":"https:\/\/www.welovecycling.com\/cs\/wp-json\/wp\/v2\/posts"}],"about":[{"href":"https:\/\/www.welovecycling.com\/cs\/wp-json\/wp\/v2\/types\/post"}],"author":[{"embeddable":true,"href":"https:\/\/www.welovecycling.com\/cs\/wp-json\/wp\/v2\/users\/138"}],"replies":[{"embeddable":true,"href":"https:\/\/www.welovecycling.com\/cs\/wp-json\/wp\/v2\/comments?post=31019"}],"version-history":[{"count":3,"href":"https:\/\/www.welovecycling.com\/cs\/wp-json\/wp\/v2\/posts\/31019\/revisions"}],"predecessor-version":[{"id":31948,"href":"https:\/\/www.welovecycling.com\/cs\/wp-json\/wp\/v2\/posts\/31019\/revisions\/31948"}],"wp:featuredmedia":[{"embeddable":true,"href":"https:\/\/www.welovecycling.com\/cs\/wp-json\/wp\/v2\/media\/31020"}],"wp:attachment":[{"href":"https:\/\/www.welovecycling.com\/cs\/wp-json\/wp\/v2\/media?parent=31019"}],"wp:term":[{"taxonomy":"category","embeddable":true,"href":"https:\/\/www.welovecycling.com\/cs\/wp-json\/wp\/v2\/categories?post=31019"},{"taxonomy":"post_tag","embeddable":true,"href":"https:\/\/www.welovecycling.com\/cs\/wp-json\/wp\/v2\/tags?post=31019"},{"taxonomy":"global-categories","embeddable":true,"href":"https:\/\/www.welovecycling.com\/cs\/wp-json\/wp\/v2\/global-categories?post=31019"}],"curies":[{"name":"wp","href":"https:\/\/api.w.org\/{rel}","templated":true}]}}