{"id":31003,"date":"2025-09-14T21:00:04","date_gmt":"2025-09-14T19:00:04","guid":{"rendered":"https:\/\/www.welovecycling.com\/cs\/?p=31003"},"modified":"2025-09-14T21:18:18","modified_gmt":"2025-09-14T19:18:18","slug":"spatny-start-sebral-nadeje-na-elitni-desitku","status":"publish","type":"post","link":"https:\/\/www.welovecycling.com\/cs\/2025\/09\/14\/spatny-start-sebral-nadeje-na-elitni-desitku\/","title":{"rendered":"\u0160patn\u00fd start sebral nad\u011bje na elitn\u00ed des\u00edtku"},"content":{"rendered":"<p><strong>Biker Ond\u0159ej Cink obsadil jeden\u00e1ct\u00e9 m\u00edsto v cross country mu\u017esk\u00e9 elitn\u00ed kategorie na mistrovstv\u00ed sv\u011bta horsk\u00fdch kol ve \u0161v\u00fdcarsk\u00e9 Crans Montan\u011b.<\/strong><\/p>\n<p>Zku\u0161en\u00e9mu \u010desk\u00e9mu reprezentantovi se p\u0159\u00edli\u0161 nepovedl start a po \u00favodn\u00ed \u010d\u00e1sti z\u00e1vodu figuroval a\u017e na 25. pozici. Pak ale p\u0159edvedl neuv\u011b\u0159itelnou st\u00edhac\u00ed j\u00edzdu a posunul se o \u010dtrn\u00e1ct m\u00edst dop\u0159edu a\u017e na kone\u010dn\u00e9 jeden\u00e1ct\u00e9 m\u00edsto na sv\u011bt\u011b. Dal\u0161\u00ed \u010desk\u00fd reprezentant Jan S\u00e1ska obsadil 54. p\u0159\u00ed\u010dku. Titul mistra sv\u011bta obh\u00e1jil Jihoafri\u010dan Alan Hatherly.<\/p>\n<p>\u201eS v\u00fdkonem jsem spokojen\u00fd, ale tro\u0161ku m\u011b mrz\u00ed um\u00edst\u011bn\u00ed. Mysl\u00edm, \u017ee na startu jsem ztratil TOP des\u00edtku. M\u011bl jsem probl\u00e9my s\u00a0\u0159azen\u00edm, dvakr\u00e1t mi to p\u0159esko\u010dilo a ztratil jsem mo\u017en\u00e1 dvacet pozic. Hrozn\u00e1 \u0161koda. Z\u00e1vod vypadal slibn\u011b, m\u011bl jsem dobr\u00e9 nohy, stahoval jsem, ale na des\u00edtku chyb\u011bl kousek,\u201c \u0159ekl Ond\u0159ej Cink.<\/p>\n<p>U\u017e se t\u011b\u0161\u00ed na dal\u0161\u00ed z\u00e1vody Sv\u011btov\u00e9ho poh\u00e1ru, kde by cht\u011bl prodat formu. \u201eP\u0159\u00ed\u0161t\u00ed t\u00fdden se jede v\u00a0Lenzerheide, kde mi moc nesed\u00ed tra\u0165, ale budu cht\u00edt zajet co nejl\u00edp. Sp\u00ed\u0161 se ale d\u00edv\u00e1m na posledn\u00ed dva z\u00e1vody v Americe a v\u00a0Kanad\u011b,\u201c prozradil Cink.<\/p>\n<figure id=\"attachment_31000\" aria-describedby=\"caption-attachment-31000\" style=\"width: 1920px\" class=\"wp-caption alignnone\"><a href=\"https:\/\/d2p6e6u75xmxt8.cloudfront.net\/13\/2025\/09\/cink-2-scaled.webp\"><img loading=\"lazy\" decoding=\"async\" class=\"size-extra-large wp-image-31000\" src=\"https:\/\/d2p6e6u75xmxt8.cloudfront.net\/13\/2025\/09\/cink-2-1920x1280.webp\" alt=\"\" width=\"1920\" height=\"1280\" srcset=\"https:\/\/d2p6e6u75xmxt8.cloudfront.net\/13\/2025\/09\/cink-2-1920x1280.webp 1920w, https:\/\/d2p6e6u75xmxt8.cloudfront.net\/13\/2025\/09\/cink-2-300x200.webp 300w, https:\/\/d2p6e6u75xmxt8.cloudfront.net\/13\/2025\/09\/cink-2-1024x683.webp 1024w, https:\/\/d2p6e6u75xmxt8.cloudfront.net\/13\/2025\/09\/cink-2-768x512.webp 768w, https:\/\/d2p6e6u75xmxt8.cloudfront.net\/13\/2025\/09\/cink-2-1536x1024.webp 1536w, https:\/\/d2p6e6u75xmxt8.cloudfront.net\/13\/2025\/09\/cink-2-2048x1365.webp 2048w, https:\/\/d2p6e6u75xmxt8.cloudfront.net\/13\/2025\/09\/cink-2-400x267.webp 400w, https:\/\/d2p6e6u75xmxt8.cloudfront.net\/13\/2025\/09\/cink-2-272x182.webp 272w, https:\/\/d2p6e6u75xmxt8.cloudfront.net\/13\/2025\/09\/cink-2-1920x1280.webp 1920w\" sizes=\"auto, (max-width: 1920px) 100vw, 1920px\" \/><\/a><figcaption id=\"caption-attachment-31000\" class=\"wp-caption-text\"><em>Ond\u0159ej Cink po vystoupen\u00ed na MS ve \u0160v\u00fdcarsku. Foto: Filip Bezd\u011bk\/\u010cesk\u00fd svaz cyklistiky (2x)<\/em><\/figcaption><\/figure>\n<p>V\u00a0z\u00e1vod\u011b \u017een U23 v\u00a0posledn\u00ed den \u0161ampion\u00e1tu byla z\u00a0\u010desk\u00fdch reprezentantek nejlep\u0161\u00ed Eli\u0161ka Han\u00e1kov\u00e1 na 26. m\u00edst\u011b. Simona Sp\u011b\u0161n\u00e1 dojela po defektu o \u0161est pozic za n\u00ed. Tra\u0165 zejm\u00e9na t\u00e9to kategorii zna\u010dn\u011b zkomplikoval no\u010dn\u00ed d\u00e9\u0161\u0165. Nejl\u00e9pe se s t\u011b\u017ek\u00fdmi podm\u00ednkami vypo\u0159\u00e1dala Kana\u010fanka Isabella Holmgrenov\u00e1.<\/p>\n<h2><strong>Jedno zlato, jeden bronz a t\u0159i um\u00edst\u011bn\u00ed v top deset<\/strong><\/h2>\n<p>\u010cesk\u00e1 v\u00fdprava m\u00e1 z leto\u0161n\u00edho \u0161ampion\u00e1tu, kde se z\u00e1vodilo v r\u016fzn\u00fdch discipl\u00edn\u00e1ch, n\u011bkolik \u00fasp\u011bch\u016f. O nejv\u011bt\u0161\u00ed se postarala Sabina Ko\u0161\u00e1rkov\u00e1, kter\u00e1 v\u00a0pumptracku z\u00edskala titul mistryn\u011b sv\u011bta. Barbora Vojta byla p\u00e1t\u00e1 v\u00a0enduru.<\/p>\n<p>Mezi z\u00e1vodn\u00edky na horsk\u00fdch kolech skon\u010dil Ond\u0159ej Cink 8. v\u00a0maratonu, 11. v\u00a0cross country, a je\u0161t\u011b pomohl \u0161tafet\u011b k\u00a05. m\u00edstu. O jedinou medaili v\u00a0cross country se postarala \u0161estn\u00e1ctilet\u00e1 Barbora Bukovsk\u00e1, kter\u00e1 v z\u00e1vod\u011b juniorek vybojovala bronzovou medaili \u2013 prvn\u00ed \u010desk\u00fd cenn\u00fd kov na mistrovstv\u00ed sv\u011bta v olympijsk\u00e9m cross country od roku 2020. Reprezenta\u010dn\u00ed \u0161tafeta obsadila p\u00e1t\u00e9 m\u00edsto, co\u017e je nejlep\u0161\u00ed v\u00fdsledek za posledn\u00edch \u0161est let.<\/p>\n<p>\u201eM\u00e1me medaili, \u0161tafeta byla p\u00e1t\u00e1, Ond\u0159ej Cink osm\u00fd a jeden\u00e1ct\u00fd. To jsou v\u00fdborn\u00e9 v\u00fdsledky. Ond\u0159ej je ve vynikaj\u00edc\u00ed form\u011b. Za n\u00e1s je to za posledn\u00ed roky jedno z nejlep\u0161\u00edch mistrovstv\u00ed sv\u011bta,\u201c okomentoval reprezenta\u010dn\u00ed tren\u00e9r Viktor Zapletal vystoupen\u00ed na sv\u011btov\u00e9m \u0161ampion\u00e1tu ve \u0160v\u00fdcarsku.<\/p>\n","protected":false},"excerpt":{"rendered":"<p>Biker Ond\u0159ej Cink obsadil jeden\u00e1ct\u00e9 m\u00edsto v cross country mu\u017esk\u00e9 elitn\u00ed kategorie na mistrovstv\u00ed sv\u011bta horsk\u00fdch kol ve \u0161v\u00fdcarsk\u00e9 Crans [&hellip;]<\/p>\n","protected":false},"author":138,"featured_media":31001,"comment_status":"open","ping_status":"open","sticky":false,"template":"","format":"standard","meta":{"footnotes":""},"categories":[11],"tags":[57,1154,4034,205,4340],"global-categories":[411],"class_list":["post-31003","post","type-post","status-publish","format-standard","has-post-thumbnail","hentry","category-horska-cyklistika","tag-horska-kola","tag-mistrovstvi-sveta","tag-ms-2025","tag-ondrej-cink","tag-uci-mtb-2025","global-categories-cycling"],"yoast_head":"<!-- This site is optimized with the Yoast SEO Premium plugin v25.3 (Yoast SEO v25.9) - https:\/\/yoast.com\/wordpress\/plugins\/seo\/ -->\n<title>\u0160patn\u00fd start sebral nad\u011bje na elitn\u00ed des\u00edtku | \u0160koda We Love Cycling - \u010cesk\u00e1 republika<\/title>\n<meta name=\"description\" content=\"Biker Ond\u0159ej Cink obsadil jeden\u00e1ct\u00e9 m\u00edsto v cross country mu\u017esk\u00e9 elitn\u00ed kategorie na mistrovstv\u00ed sv\u011bta horsk\u00fdch kol ve \u0161v\u00fdcarsk\u00e9 Crans Montan\u011b.\" \/>\n<meta name=\"robots\" content=\"index, follow, max-snippet:-1, max-image-preview:large, max-video-preview:-1\" \/>\n<link rel=\"canonical\" href=\"https:\/\/www.welovecycling.com\/cs\/2025\/09\/14\/spatny-start-sebral-nadeje-na-elitni-desitku\/\" \/>\n<meta property=\"og:locale\" content=\"cs_CZ\" \/>\n<meta property=\"og:type\" content=\"article\" \/>\n<meta property=\"og:title\" content=\"\u0160patn\u00fd start sebral nad\u011bje na elitn\u00ed des\u00edtku\" \/>\n<meta property=\"og:description\" content=\"Biker Ond\u0159ej Cink obsadil jeden\u00e1ct\u00e9 m\u00edsto v cross country mu\u017esk\u00e9 elitn\u00ed kategorie na mistrovstv\u00ed sv\u011bta horsk\u00fdch kol ve \u0161v\u00fdcarsk\u00e9 Crans Montan\u011b.\" \/>\n<meta property=\"og:url\" content=\"https:\/\/www.welovecycling.com\/cs\/2025\/09\/14\/spatny-start-sebral-nadeje-na-elitni-desitku\/\" \/>\n<meta property=\"og:site_name\" content=\"\u0160koda We Love Cycling - \u010cesk\u00e1 republika\" \/>\n<meta property=\"article:published_time\" content=\"2025-09-14T19:00:04+00:00\" \/>\n<meta property=\"article:modified_time\" content=\"2025-09-14T19:18:18+00:00\" \/>\n<meta property=\"og:image\" content=\"https:\/\/d2p6e6u75xmxt8.cloudfront.net\/13\/2025\/09\/cink-1-scaled.webp\" \/>\n\t<meta property=\"og:image:width\" content=\"2560\" \/>\n\t<meta property=\"og:image:height\" content=\"1706\" \/>\n\t<meta property=\"og:image:type\" content=\"image\/webp\" \/>\n<meta name=\"author\" content=\"radekmalina\" \/>\n<meta name=\"twitter:card\" content=\"summary_large_image\" \/>\n<meta name=\"twitter:label1\" content=\"Written by\" \/>\n\t<meta name=\"twitter:data1\" content=\"We Love Cycling\" \/>\n\t<meta name=\"twitter:label2\" content=\"Est. reading time\" \/>\n\t<meta name=\"twitter:data2\" content=\"5\" \/>\n<script type=\"application\/ld+json\" class=\"yoast-schema-graph\">{\"@context\":\"https:\/\/schema.org\",\"@graph\":[{\"@type\":\"WebPage\",\"@id\":\"https:\/\/www.welovecycling.com\/cs\/2025\/09\/14\/spatny-start-sebral-nadeje-na-elitni-desitku\/\",\"url\":\"https:\/\/www.welovecycling.com\/cs\/2025\/09\/14\/spatny-start-sebral-nadeje-na-elitni-desitku\/\",\"name\":\"\u0160patn\u00fd start sebral nad\u011bje na elitn\u00ed des\u00edtku | \u0160koda We Love Cycling - \u010cesk\u00e1 republika\",\"isPartOf\":{\"@id\":\"https:\/\/www.welovecycling.com\/cs\/#website\"},\"primaryImageOfPage\":{\"@id\":\"https:\/\/www.welovecycling.com\/cs\/2025\/09\/14\/spatny-start-sebral-nadeje-na-elitni-desitku\/#primaryimage\"},\"image\":{\"@id\":\"https:\/\/www.welovecycling.com\/cs\/2025\/09\/14\/spatny-start-sebral-nadeje-na-elitni-desitku\/#primaryimage\"},\"thumbnailUrl\":\"https:\/\/d2p6e6u75xmxt8.cloudfront.net\/13\/2025\/09\/cink-1-scaled.webp\",\"datePublished\":\"2025-09-14T19:00:04+00:00\",\"dateModified\":\"2025-09-14T19:18:18+00:00\",\"author\":{\"@id\":\"https:\/\/www.welovecycling.com\/cs\/#\/schema\/person\/d9eeb0a378f3a7e4a6d12d2b536b04b8\"},\"description\":\"Biker Ond\u0159ej Cink obsadil jeden\u00e1ct\u00e9 m\u00edsto v cross country mu\u017esk\u00e9 elitn\u00ed kategorie na mistrovstv\u00ed sv\u011bta horsk\u00fdch kol ve \u0161v\u00fdcarsk\u00e9 Crans Montan\u011b.\",\"inLanguage\":\"cs\",\"potentialAction\":[{\"@type\":\"ReadAction\",\"target\":[\"https:\/\/www.welovecycling.com\/cs\/2025\/09\/14\/spatny-start-sebral-nadeje-na-elitni-desitku\/\"]}]},{\"@type\":\"ImageObject\",\"inLanguage\":\"cs\",\"@id\":\"https:\/\/www.welovecycling.com\/cs\/2025\/09\/14\/spatny-start-sebral-nadeje-na-elitni-desitku\/#primaryimage\",\"url\":\"https:\/\/d2p6e6u75xmxt8.cloudfront.net\/13\/2025\/09\/cink-1-scaled.webp\",\"contentUrl\":\"https:\/\/d2p6e6u75xmxt8.cloudfront.net\/13\/2025\/09\/cink-1-scaled.webp\",\"width\":2560,\"height\":1706,\"caption\":\"Ond\u0159ej Cink na MS ve \u0160v\u00fdcarsku\"},{\"@type\":\"WebSite\",\"@id\":\"https:\/\/www.welovecycling.com\/cs\/#website\",\"url\":\"https:\/\/www.welovecycling.com\/cs\/\",\"name\":\"\u0160koda We Love Cycling - \u010cesk\u00e1 republika\",\"description\":\"WeLoveCycling.cz je online magaz\u00edn, kter\u00fd v\u00e1m pravideln\u011b p\u0159in\u00e1\u0161\u00ed rady a tipy, zaj\u00edmav\u00e9 \u010dl\u00e1nky, videa a jedine\u010dn\u00e9 report\u00e1\u017ee ze sv\u011bta cyklistiky.\",\"potentialAction\":[{\"@type\":\"SearchAction\",\"target\":{\"@type\":\"EntryPoint\",\"urlTemplate\":\"https:\/\/www.welovecycling.com\/cs\/?s={search_term_string}\"},\"query-input\":{\"@type\":\"PropertyValueSpecification\",\"valueRequired\":true,\"valueName\":\"search_term_string\"}}],\"inLanguage\":\"cs\"},{\"@type\":\"Person\",\"@id\":\"https:\/\/www.welovecycling.com\/cs\/#\/schema\/person\/d9eeb0a378f3a7e4a6d12d2b536b04b8\",\"name\":\"radekmalina\",\"image\":{\"@type\":\"ImageObject\",\"inLanguage\":\"cs\",\"@id\":\"https:\/\/www.welovecycling.com\/cs\/#\/schema\/person\/image\/\",\"url\":\"https:\/\/secure.gravatar.com\/avatar\/66994b632cb8c39a46b9f54afa3ae07201b678d32a54275b6f1c9ffec356bfc0?s=96&d=mm&r=g\",\"contentUrl\":\"https:\/\/secure.gravatar.com\/avatar\/66994b632cb8c39a46b9f54afa3ae07201b678d32a54275b6f1c9ffec356bfc0?s=96&d=mm&r=g\",\"caption\":\"radekmalina\"},\"url\":\"https:\/\/www.welovecycling.com\/cs\/author\/radekmalina\/\"}]}<\/script>\n<!-- \/ Yoast SEO Premium plugin. -->","yoast_head_json":{"title":"\u0160patn\u00fd start sebral nad\u011bje na elitn\u00ed des\u00edtku | \u0160koda We Love Cycling - \u010cesk\u00e1 republika","description":"Biker Ond\u0159ej Cink obsadil jeden\u00e1ct\u00e9 m\u00edsto v cross country mu\u017esk\u00e9 elitn\u00ed kategorie na mistrovstv\u00ed sv\u011bta horsk\u00fdch kol ve \u0161v\u00fdcarsk\u00e9 Crans Montan\u011b.","robots":{"index":"index","follow":"follow","max-snippet":"max-snippet:-1","max-image-preview":"max-image-preview:large","max-video-preview":"max-video-preview:-1"},"canonical":"https:\/\/www.welovecycling.com\/cs\/2025\/09\/14\/spatny-start-sebral-nadeje-na-elitni-desitku\/","og_locale":"cs_CZ","og_type":"article","og_title":"\u0160patn\u00fd start sebral nad\u011bje na elitn\u00ed des\u00edtku","og_description":"Biker Ond\u0159ej Cink obsadil jeden\u00e1ct\u00e9 m\u00edsto v cross country mu\u017esk\u00e9 elitn\u00ed kategorie na mistrovstv\u00ed sv\u011bta horsk\u00fdch kol ve \u0161v\u00fdcarsk\u00e9 Crans Montan\u011b.","og_url":"https:\/\/www.welovecycling.com\/cs\/2025\/09\/14\/spatny-start-sebral-nadeje-na-elitni-desitku\/","og_site_name":"\u0160koda We Love Cycling - \u010cesk\u00e1 republika","article_published_time":"2025-09-14T19:00:04+00:00","article_modified_time":"2025-09-14T19:18:18+00:00","og_image":[{"width":2560,"height":1706,"url":"https:\/\/d2p6e6u75xmxt8.cloudfront.net\/13\/2025\/09\/cink-1-scaled.webp","type":"image\/webp"}],"author":"radekmalina","twitter_card":"summary_large_image","twitter_misc":{"Written by":"We Love Cycling","Est. reading time":"5"},"schema":{"@context":"https:\/\/schema.org","@graph":[{"@type":"WebPage","@id":"https:\/\/www.welovecycling.com\/cs\/2025\/09\/14\/spatny-start-sebral-nadeje-na-elitni-desitku\/","url":"https:\/\/www.welovecycling.com\/cs\/2025\/09\/14\/spatny-start-sebral-nadeje-na-elitni-desitku\/","name":"\u0160patn\u00fd start sebral nad\u011bje na elitn\u00ed des\u00edtku | \u0160koda We Love Cycling - \u010cesk\u00e1 republika","isPartOf":{"@id":"https:\/\/www.welovecycling.com\/cs\/#website"},"primaryImageOfPage":{"@id":"https:\/\/www.welovecycling.com\/cs\/2025\/09\/14\/spatny-start-sebral-nadeje-na-elitni-desitku\/#primaryimage"},"image":{"@id":"https:\/\/www.welovecycling.com\/cs\/2025\/09\/14\/spatny-start-sebral-nadeje-na-elitni-desitku\/#primaryimage"},"thumbnailUrl":"https:\/\/d2p6e6u75xmxt8.cloudfront.net\/13\/2025\/09\/cink-1-scaled.webp","datePublished":"2025-09-14T19:00:04+00:00","dateModified":"2025-09-14T19:18:18+00:00","author":{"@id":"https:\/\/www.welovecycling.com\/cs\/#\/schema\/person\/d9eeb0a378f3a7e4a6d12d2b536b04b8"},"description":"Biker Ond\u0159ej Cink obsadil jeden\u00e1ct\u00e9 m\u00edsto v cross country mu\u017esk\u00e9 elitn\u00ed kategorie na mistrovstv\u00ed sv\u011bta horsk\u00fdch kol ve \u0161v\u00fdcarsk\u00e9 Crans Montan\u011b.","inLanguage":"cs","potentialAction":[{"@type":"ReadAction","target":["https:\/\/www.welovecycling.com\/cs\/2025\/09\/14\/spatny-start-sebral-nadeje-na-elitni-desitku\/"]}]},{"@type":"ImageObject","inLanguage":"cs","@id":"https:\/\/www.welovecycling.com\/cs\/2025\/09\/14\/spatny-start-sebral-nadeje-na-elitni-desitku\/#primaryimage","url":"https:\/\/d2p6e6u75xmxt8.cloudfront.net\/13\/2025\/09\/cink-1-scaled.webp","contentUrl":"https:\/\/d2p6e6u75xmxt8.cloudfront.net\/13\/2025\/09\/cink-1-scaled.webp","width":2560,"height":1706,"caption":"Ond\u0159ej Cink na MS ve \u0160v\u00fdcarsku"},{"@type":"WebSite","@id":"https:\/\/www.welovecycling.com\/cs\/#website","url":"https:\/\/www.welovecycling.com\/cs\/","name":"\u0160koda We Love Cycling - \u010cesk\u00e1 republika","description":"WeLoveCycling.cz je online magaz\u00edn, kter\u00fd v\u00e1m pravideln\u011b p\u0159in\u00e1\u0161\u00ed rady a tipy, zaj\u00edmav\u00e9 \u010dl\u00e1nky, videa a jedine\u010dn\u00e9 report\u00e1\u017ee ze sv\u011bta cyklistiky.","potentialAction":[{"@type":"SearchAction","target":{"@type":"EntryPoint","urlTemplate":"https:\/\/www.welovecycling.com\/cs\/?s={search_term_string}"},"query-input":{"@type":"PropertyValueSpecification","valueRequired":true,"valueName":"search_term_string"}}],"inLanguage":"cs"},{"@type":"Person","@id":"https:\/\/www.welovecycling.com\/cs\/#\/schema\/person\/d9eeb0a378f3a7e4a6d12d2b536b04b8","name":"radekmalina","image":{"@type":"ImageObject","inLanguage":"cs","@id":"https:\/\/www.welovecycling.com\/cs\/#\/schema\/person\/image\/","url":"https:\/\/secure.gravatar.com\/avatar\/66994b632cb8c39a46b9f54afa3ae07201b678d32a54275b6f1c9ffec356bfc0?s=96&d=mm&r=g","contentUrl":"https:\/\/secure.gravatar.com\/avatar\/66994b632cb8c39a46b9f54afa3ae07201b678d32a54275b6f1c9ffec356bfc0?s=96&d=mm&r=g","caption":"radekmalina"},"url":"https:\/\/www.welovecycling.com\/cs\/author\/radekmalina\/"}]}},"_links":{"self":[{"href":"https:\/\/www.welovecycling.com\/cs\/wp-json\/wp\/v2\/posts\/31003","targetHints":{"allow":["GET"]}}],"collection":[{"href":"https:\/\/www.welovecycling.com\/cs\/wp-json\/wp\/v2\/posts"}],"about":[{"href":"https:\/\/www.welovecycling.com\/cs\/wp-json\/wp\/v2\/types\/post"}],"author":[{"embeddable":true,"href":"https:\/\/www.welovecycling.com\/cs\/wp-json\/wp\/v2\/users\/138"}],"replies":[{"embeddable":true,"href":"https:\/\/www.welovecycling.com\/cs\/wp-json\/wp\/v2\/comments?post=31003"}],"version-history":[{"count":1,"href":"https:\/\/www.welovecycling.com\/cs\/wp-json\/wp\/v2\/posts\/31003\/revisions"}],"predecessor-version":[{"id":31004,"href":"https:\/\/www.welovecycling.com\/cs\/wp-json\/wp\/v2\/posts\/31003\/revisions\/31004"}],"wp:featuredmedia":[{"embeddable":true,"href":"https:\/\/www.welovecycling.com\/cs\/wp-json\/wp\/v2\/media\/31001"}],"wp:attachment":[{"href":"https:\/\/www.welovecycling.com\/cs\/wp-json\/wp\/v2\/media?parent=31003"}],"wp:term":[{"taxonomy":"category","embeddable":true,"href":"https:\/\/www.welovecycling.com\/cs\/wp-json\/wp\/v2\/categories?post=31003"},{"taxonomy":"post_tag","embeddable":true,"href":"https:\/\/www.welovecycling.com\/cs\/wp-json\/wp\/v2\/tags?post=31003"},{"taxonomy":"global-categories","embeddable":true,"href":"https:\/\/www.welovecycling.com\/cs\/wp-json\/wp\/v2\/global-categories?post=31003"}],"curies":[{"name":"wp","href":"https:\/\/api.w.org\/{rel}","templated":true}]}}