{"id":30989,"date":"2025-09-13T09:29:13","date_gmt":"2025-09-13T07:29:13","guid":{"rendered":"https:\/\/www.welovecycling.com\/cs\/?p=30989"},"modified":"2025-09-17T21:36:00","modified_gmt":"2025-09-17T19:36:00","slug":"jakuba-otruba-a-jeho-odmena-za-solo-tucna-pokuta","status":"publish","type":"post","link":"https:\/\/www.welovecycling.com\/cs\/2025\/09\/13\/jakuba-otruba-a-jeho-odmena-za-solo-tucna-pokuta\/","title":{"rendered":"Jakub Otruba a jeho odm\u011bna za s\u00f3lo? Tu\u010dn\u00e1 pokuta"},"content":{"rendered":"<p><strong>Den k zapamatov\u00e1n\u00ed! Des\u00edtky kilometr\u016f pro\u017eil Jakub Otruba v s\u00f3lov\u00e9m \u00faniku p\u0159i devaten\u00e1ct\u00e9m d\u011bjstv\u00ed \u0161pan\u011blsk\u00e9 Vuelty. Krom\u011b zlat\u00fdch \u010d\u00edsel pro nejv\u011bt\u0161\u00edho bojovn\u00edka si cyklista formace Caja Rural Seguros RGA odnesl \u017elutou kartu a tu\u010dnou pokutu.<\/strong><\/p>\n<p>V jednom okam\u017eiku se sedmadvacetilet\u00fd \u010desk\u00fd z\u00e1vodn\u00edk nechal a\u017e p\u0159\u00edli\u0161 un\u00e9st. Zaujal pozici, kdy byl hluboko nad p\u0159edn\u00edmi \u0159\u00edd\u00edtky a sedac\u00ed partie se nedot\u00fdkala sedla. Od roku 2021 Mezin\u00e1rodn\u00ed cyklistika unie tuhle pozici za\u0159adila na seznam zak\u00e1zan\u00fdch, proto\u017ee ji vyhodnotila jako nebezpe\u010dnou. A rozhod\u010d\u00ed na \u0161pan\u011blsk\u00e9 Grand Tour byli nemilosrdn\u00ed.<\/p>\n<p>Rod\u00e1k z Olomouce si krom\u011b euforie z etapy odnesl i napomenut\u00ed \u017elutou kartou a je\u0161t\u011b pokutu tis\u00edc \u0161v\u00fdcarsk\u00fdch frank\u016f, v p\u0159epo\u010dtu p\u0159ibli\u017en\u011b p\u011btadvacet tis\u00edc korun.<\/p>\n<figure id=\"attachment_30992\" aria-describedby=\"caption-attachment-30992\" style=\"width: 1288px\" class=\"wp-caption alignnone\"><a href=\"https:\/\/d2p6e6u75xmxt8.cloudfront.net\/13\/2025\/09\/Jakub-Otruba-pokuta.webp\"><img loading=\"lazy\" decoding=\"async\" class=\"size-full wp-image-30992\" src=\"https:\/\/d2p6e6u75xmxt8.cloudfront.net\/13\/2025\/09\/Jakub-Otruba-pokuta.webp\" alt=\"\" width=\"1288\" height=\"650\" srcset=\"https:\/\/d2p6e6u75xmxt8.cloudfront.net\/13\/2025\/09\/Jakub-Otruba-pokuta.webp 1288w, https:\/\/d2p6e6u75xmxt8.cloudfront.net\/13\/2025\/09\/Jakub-Otruba-pokuta-300x151.webp 300w, https:\/\/d2p6e6u75xmxt8.cloudfront.net\/13\/2025\/09\/Jakub-Otruba-pokuta-1024x517.webp 1024w, https:\/\/d2p6e6u75xmxt8.cloudfront.net\/13\/2025\/09\/Jakub-Otruba-pokuta-768x388.webp 768w, https:\/\/d2p6e6u75xmxt8.cloudfront.net\/13\/2025\/09\/Jakub-Otruba-pokuta-400x202.webp 400w\" sizes=\"auto, (max-width: 1288px) 100vw, 1288px\" \/><\/a><figcaption id=\"caption-attachment-30992\" class=\"wp-caption-text\"><em>Jakub Otruba p\u0159i 19. etap\u011b Vuelty v zak\u00e1zan\u00e9 pozici.<\/em><\/figcaption><\/figure>\n<p>Od za\u010d\u00e1tku Vuelty rozhod\u010d\u00ed rozdali des\u00edtky trest\u016f. Cyklist\u016fm, sportovn\u00edm \u0159editel\u016fm z\u00fa\u010dastn\u011bn\u00fdch t\u00fdm\u016f nebo fotograf\u016fm na motocyklech. Cyklist\u00e9 platili pokuty za \u0161patn\u011b p\u0159id\u011blan\u00e1 \u010d\u00edsla, sportovn\u00ed \u0159editel\u00e9 za tak zvanou sticky bottle, kdy pot\u00e1hnou sv\u00e9ho z\u00e1vodn\u00edka p\u0159i p\u0159ed\u00e1v\u00e1n\u00ed bidonu. \u0160k\u00e1la proh\u0159e\u0161k\u016f je neuv\u011b\u0159iteln\u011b pestr\u00e1 a rozhod\u010d\u00ed velice pozorn\u00ed.<\/p>\n<h2><strong>Za co se plat\u00ed pokuty?<\/strong><\/h2>\n<p>Nejv\u011bt\u0161\u00ed postih a\u017e do devaten\u00e1ct\u00e9 etapy vyfasoval sportovn\u00ed \u0159editel Intermarch\u00e9 Wanty Steven Neef, kter\u00e1 za nepovolenou asistenci zaplatil tis\u00edc \u0161v\u00fdcarsk\u00fdch frank\u016f. Stejn\u011b jako jeho kolega Julien Jurdie z t\u00fdmu Decathlon AG2R La Mondiale za neopr\u00e1vn\u011bn\u00e9 poskytnut\u00ed ob\u010derstven\u00ed.<\/p>\n<p>Elia Viviani z formace Lotto v osm\u00e9 etap\u011b za odch\u00fdlen\u00ed od linie ve sprintu a ohro\u017een\u00ed ostatn\u00edch jezdc\u016f dostal pokutu p\u011bt set \u0161v\u00fdcarsk\u00fdch frank\u016f, p\u0159i\u0161el o osm bod\u016f z klasifikace, obdr\u017eel napomenut\u00ed \u017elutou kartou a spadl na posledn\u00ed m\u00edsto hlavn\u00edho pole.<\/p>\n<figure id=\"attachment_30991\" aria-describedby=\"caption-attachment-30991\" style=\"width: 1920px\" class=\"wp-caption alignnone\"><a href=\"https:\/\/d2p6e6u75xmxt8.cloudfront.net\/13\/2025\/09\/20250912LV1025-scaled.webp\"><img loading=\"lazy\" decoding=\"async\" class=\"size-extra-large wp-image-30991\" src=\"https:\/\/d2p6e6u75xmxt8.cloudfront.net\/13\/2025\/09\/20250912LV1025-1920x1279.webp\" alt=\"\" width=\"1920\" height=\"1279\" srcset=\"https:\/\/d2p6e6u75xmxt8.cloudfront.net\/13\/2025\/09\/20250912LV1025-1920x1279.webp 1920w, https:\/\/d2p6e6u75xmxt8.cloudfront.net\/13\/2025\/09\/20250912LV1025-300x200.webp 300w, https:\/\/d2p6e6u75xmxt8.cloudfront.net\/13\/2025\/09\/20250912LV1025-1024x682.webp 1024w, https:\/\/d2p6e6u75xmxt8.cloudfront.net\/13\/2025\/09\/20250912LV1025-768x512.webp 768w, https:\/\/d2p6e6u75xmxt8.cloudfront.net\/13\/2025\/09\/20250912LV1025-1536x1023.webp 1536w, https:\/\/d2p6e6u75xmxt8.cloudfront.net\/13\/2025\/09\/20250912LV1025-2048x1364.webp 2048w, https:\/\/d2p6e6u75xmxt8.cloudfront.net\/13\/2025\/09\/20250912LV1025-400x266.webp 400w, https:\/\/d2p6e6u75xmxt8.cloudfront.net\/13\/2025\/09\/20250912LV1025-272x182.webp 272w, https:\/\/d2p6e6u75xmxt8.cloudfront.net\/13\/2025\/09\/20250912LV1025-1920x1279.webp 1920w\" sizes=\"auto, (max-width: 1920px) 100vw, 1920px\" \/><\/a><figcaption id=\"caption-attachment-30991\" class=\"wp-caption-text\"><em>Jakub Otruba b\u011bhem 19. etapy \u0161pan\u011blsk\u00e9 Vuelty.<\/em><\/figcaption><\/figure>\n<p>Victor Campenaerts z formace Visma Lease a Bike zaplatil po dev\u00e1t\u00e9 etap\u011b 200 \u0161v\u00fdcarsk\u00fdch frank\u016f za mo\u010den\u00ed na ve\u0159ejnosti stejn\u011b jako Oscar Riesebeek z Alpecin Deceuninck.<\/p>\n<p>B\u011bhem devaten\u00e1ct\u00e9 etapy v\u0161ak v\u00fd\u0161\u00ed postihu v\u0161echny z\u00e1vodn\u00edky trumfnul <a href=\"https:\/\/www.welovecycling.com\/cs\/2025\/08\/21\/jakub-otruba-ac-je-vuelta-extremni-strach-mi-nenahani\/\">Jakub Otruba<\/a>. Kombinace \u017elut\u00e9 karty a pokuty tis\u00edc \u0161v\u00fdcarsk\u00fdch frank\u016f je nejvy\u0161\u0161\u00ed od za\u010d\u00e1tku Vuelty pro n\u011bkter\u00e9ho z cyklist\u016f nebo sportovn\u00edch \u0159editel\u016f. Jeden z \u0159idi\u010d\u016f doprovodn\u00e9ho motocyklu byl toti\u017e po osmn\u00e1ct\u00e9 etapy kv\u016fli poru\u0161en\u00ed p\u0159edpis\u016f vylou\u010den z Vuelty.<\/p>\n<div class=\"MuiChip-root MuiChip-filled MuiChip-sizeMedium MuiChip-colorTag_other MuiChip-filledTag_other css-v20crm\"><em><span class=\"MuiChip-label MuiChip-labelMedium css-s01idy\">Foto: A.S.O.\/Unipublic\/Antonio Baixauli a <\/span>Naike Ere\u00f1ozaga<\/em><\/div>\n<div class=\"MuiChip-root MuiChip-filled MuiChip-sizeMedium MuiChip-colorTag_other MuiChip-filledTag_other css-v20crm\">\n<div class=\"MuiTabs-root MuiTabs-vertical css-bt8wl-tabs\"><\/div>\n<\/div>\n","protected":false},"excerpt":{"rendered":"<p>Den k zapamatov\u00e1n\u00ed! Des\u00edtky kilometr\u016f pro\u017eil Jakub Otruba v s\u00f3lov\u00e9m \u00faniku p\u0159i devaten\u00e1ct\u00e9m d\u011bjstv\u00ed \u0161pan\u011blsk\u00e9 Vuelty. Krom\u011b zlat\u00fdch \u010d\u00edsel pro [&hellip;]<\/p>\n","protected":false},"author":138,"featured_media":30990,"comment_status":"open","ping_status":"open","sticky":false,"template":"","format":"standard","meta":{"footnotes":""},"categories":[10],"tags":[4333,126,139,4329,4371,9,4372,273],"global-categories":[411],"class_list":["post-30989","post","type-post","status-publish","format-standard","has-post-thumbnail","hentry","category-silnicni-cyklistika","tag-2025-la-vuelta","tag-cyklistika","tag-jakub-otruba","tag-la-vuelta-2025","tag-pokuta","tag-silnicni-cyklistika","tag-solovy-unik","tag-vuelta","global-categories-cycling"],"yoast_head":"<!-- This site is optimized with the Yoast SEO Premium plugin v25.3 (Yoast SEO v25.9) - https:\/\/yoast.com\/wordpress\/plugins\/seo\/ -->\n<title>Jakub Otruba a jeho odm\u011bna za s\u00f3lo? Tu\u010dn\u00e1 pokuta | \u0160koda We Love Cycling - \u010cesk\u00e1 republika<\/title>\n<meta name=\"description\" content=\"Den k zapamatov\u00e1n\u00ed! Des\u00edtky kilometr\u016f pro\u017eil Jakub Otruba v s\u00f3lov\u00e9m \u00faniku p\u0159i devaten\u00e1ct\u00e9m d\u011bjstv\u00ed \u0161pan\u011blsk\u00e9 Vuelty. Krom\u011b zlat\u00fdch \u010d\u00edsel pro nejv\u011bt\u0161\u00edho bojovn\u00edka si cyklista formace Caja Rural Seguros RGA odnesl \u017elutou kartu a tu\u010dnou pokutu.\" \/>\n<meta name=\"robots\" content=\"index, follow, max-snippet:-1, max-image-preview:large, max-video-preview:-1\" \/>\n<link rel=\"canonical\" href=\"https:\/\/www.welovecycling.com\/cs\/2025\/09\/13\/jakuba-otruba-a-jeho-odmena-za-solo-tucna-pokuta\/\" \/>\n<meta property=\"og:locale\" content=\"cs_CZ\" \/>\n<meta property=\"og:type\" content=\"article\" \/>\n<meta property=\"og:title\" content=\"Jakub Otruba a jeho odm\u011bna za s\u00f3lo? Tu\u010dn\u00e1 pokuta\" \/>\n<meta property=\"og:description\" content=\"Den k zapamatov\u00e1n\u00ed! Des\u00edtky kilometr\u016f pro\u017eil Jakub Otruba v s\u00f3lov\u00e9m \u00faniku p\u0159i devaten\u00e1ct\u00e9m d\u011bjstv\u00ed \u0161pan\u011blsk\u00e9 Vuelty. Krom\u011b zlat\u00fdch \u010d\u00edsel pro nejv\u011bt\u0161\u00edho bojovn\u00edka si cyklista formace Caja Rural Seguros RGA odnesl \u017elutou kartu a tu\u010dnou pokutu.\" \/>\n<meta property=\"og:url\" content=\"https:\/\/www.welovecycling.com\/cs\/2025\/09\/13\/jakuba-otruba-a-jeho-odmena-za-solo-tucna-pokuta\/\" \/>\n<meta property=\"og:site_name\" content=\"\u0160koda We Love Cycling - \u010cesk\u00e1 republika\" \/>\n<meta property=\"article:published_time\" content=\"2025-09-13T07:29:13+00:00\" \/>\n<meta property=\"article:modified_time\" content=\"2025-09-17T19:36:00+00:00\" \/>\n<meta property=\"og:image\" content=\"https:\/\/d2p6e6u75xmxt8.cloudfront.net\/13\/2025\/09\/20250912LV2024-scaled.webp\" \/>\n\t<meta property=\"og:image:width\" content=\"2560\" \/>\n\t<meta property=\"og:image:height\" content=\"1707\" \/>\n\t<meta property=\"og:image:type\" content=\"image\/webp\" \/>\n<meta name=\"author\" content=\"radekmalina\" \/>\n<meta name=\"twitter:card\" content=\"summary_large_image\" \/>\n<meta name=\"twitter:label1\" content=\"Written by\" \/>\n\t<meta name=\"twitter:data1\" content=\"Radek Malina\" \/>\n\t<meta name=\"twitter:label2\" content=\"Est. reading time\" \/>\n\t<meta name=\"twitter:data2\" content=\"5\" \/>\n<script type=\"application\/ld+json\" class=\"yoast-schema-graph\">{\"@context\":\"https:\/\/schema.org\",\"@graph\":[{\"@type\":\"WebPage\",\"@id\":\"https:\/\/www.welovecycling.com\/cs\/2025\/09\/13\/jakuba-otruba-a-jeho-odmena-za-solo-tucna-pokuta\/\",\"url\":\"https:\/\/www.welovecycling.com\/cs\/2025\/09\/13\/jakuba-otruba-a-jeho-odmena-za-solo-tucna-pokuta\/\",\"name\":\"Jakub Otruba a jeho odm\u011bna za s\u00f3lo? Tu\u010dn\u00e1 pokuta | \u0160koda We Love Cycling - \u010cesk\u00e1 republika\",\"isPartOf\":{\"@id\":\"https:\/\/www.welovecycling.com\/cs\/#website\"},\"primaryImageOfPage\":{\"@id\":\"https:\/\/www.welovecycling.com\/cs\/2025\/09\/13\/jakuba-otruba-a-jeho-odmena-za-solo-tucna-pokuta\/#primaryimage\"},\"image\":{\"@id\":\"https:\/\/www.welovecycling.com\/cs\/2025\/09\/13\/jakuba-otruba-a-jeho-odmena-za-solo-tucna-pokuta\/#primaryimage\"},\"thumbnailUrl\":\"https:\/\/d2p6e6u75xmxt8.cloudfront.net\/13\/2025\/09\/20250912LV2024-scaled.webp\",\"datePublished\":\"2025-09-13T07:29:13+00:00\",\"dateModified\":\"2025-09-17T19:36:00+00:00\",\"author\":{\"@id\":\"https:\/\/www.welovecycling.com\/cs\/#\/schema\/person\/d9eeb0a378f3a7e4a6d12d2b536b04b8\"},\"description\":\"Den k zapamatov\u00e1n\u00ed! Des\u00edtky kilometr\u016f pro\u017eil Jakub Otruba v s\u00f3lov\u00e9m \u00faniku p\u0159i devaten\u00e1ct\u00e9m d\u011bjstv\u00ed \u0161pan\u011blsk\u00e9 Vuelty. Krom\u011b zlat\u00fdch \u010d\u00edsel pro nejv\u011bt\u0161\u00edho bojovn\u00edka si cyklista formace Caja Rural Seguros RGA odnesl \u017elutou kartu a tu\u010dnou pokutu.\",\"inLanguage\":\"cs\",\"potentialAction\":[{\"@type\":\"ReadAction\",\"target\":[\"https:\/\/www.welovecycling.com\/cs\/2025\/09\/13\/jakuba-otruba-a-jeho-odmena-za-solo-tucna-pokuta\/\"]}]},{\"@type\":\"ImageObject\",\"inLanguage\":\"cs\",\"@id\":\"https:\/\/www.welovecycling.com\/cs\/2025\/09\/13\/jakuba-otruba-a-jeho-odmena-za-solo-tucna-pokuta\/#primaryimage\",\"url\":\"https:\/\/d2p6e6u75xmxt8.cloudfront.net\/13\/2025\/09\/20250912LV2024-scaled.webp\",\"contentUrl\":\"https:\/\/d2p6e6u75xmxt8.cloudfront.net\/13\/2025\/09\/20250912LV2024-scaled.webp\",\"width\":2560,\"height\":1707,\"caption\":\"Jakub Otruba\"},{\"@type\":\"WebSite\",\"@id\":\"https:\/\/www.welovecycling.com\/cs\/#website\",\"url\":\"https:\/\/www.welovecycling.com\/cs\/\",\"name\":\"\u0160koda We Love Cycling - \u010cesk\u00e1 republika\",\"description\":\"WeLoveCycling.cz je online magaz\u00edn, kter\u00fd v\u00e1m pravideln\u011b p\u0159in\u00e1\u0161\u00ed rady a tipy, zaj\u00edmav\u00e9 \u010dl\u00e1nky, videa a jedine\u010dn\u00e9 report\u00e1\u017ee ze sv\u011bta cyklistiky.\",\"potentialAction\":[{\"@type\":\"SearchAction\",\"target\":{\"@type\":\"EntryPoint\",\"urlTemplate\":\"https:\/\/www.welovecycling.com\/cs\/?s={search_term_string}\"},\"query-input\":{\"@type\":\"PropertyValueSpecification\",\"valueRequired\":true,\"valueName\":\"search_term_string\"}}],\"inLanguage\":\"cs\"},{\"@type\":\"Person\",\"@id\":\"https:\/\/www.welovecycling.com\/cs\/#\/schema\/person\/d9eeb0a378f3a7e4a6d12d2b536b04b8\",\"name\":\"radekmalina\",\"image\":{\"@type\":\"ImageObject\",\"inLanguage\":\"cs\",\"@id\":\"https:\/\/www.welovecycling.com\/cs\/#\/schema\/person\/image\/\",\"url\":\"https:\/\/secure.gravatar.com\/avatar\/66994b632cb8c39a46b9f54afa3ae07201b678d32a54275b6f1c9ffec356bfc0?s=96&d=mm&r=g\",\"contentUrl\":\"https:\/\/secure.gravatar.com\/avatar\/66994b632cb8c39a46b9f54afa3ae07201b678d32a54275b6f1c9ffec356bfc0?s=96&d=mm&r=g\",\"caption\":\"radekmalina\"},\"url\":\"https:\/\/www.welovecycling.com\/cs\/author\/radekmalina\/\"}]}<\/script>\n<!-- \/ Yoast SEO Premium plugin. -->","yoast_head_json":{"title":"Jakub Otruba a jeho odm\u011bna za s\u00f3lo? Tu\u010dn\u00e1 pokuta | \u0160koda We Love Cycling - \u010cesk\u00e1 republika","description":"Den k zapamatov\u00e1n\u00ed! Des\u00edtky kilometr\u016f pro\u017eil Jakub Otruba v s\u00f3lov\u00e9m \u00faniku p\u0159i devaten\u00e1ct\u00e9m d\u011bjstv\u00ed \u0161pan\u011blsk\u00e9 Vuelty. Krom\u011b zlat\u00fdch \u010d\u00edsel pro nejv\u011bt\u0161\u00edho bojovn\u00edka si cyklista formace Caja Rural Seguros RGA odnesl \u017elutou kartu a tu\u010dnou pokutu.","robots":{"index":"index","follow":"follow","max-snippet":"max-snippet:-1","max-image-preview":"max-image-preview:large","max-video-preview":"max-video-preview:-1"},"canonical":"https:\/\/www.welovecycling.com\/cs\/2025\/09\/13\/jakuba-otruba-a-jeho-odmena-za-solo-tucna-pokuta\/","og_locale":"cs_CZ","og_type":"article","og_title":"Jakub Otruba a jeho odm\u011bna za s\u00f3lo? Tu\u010dn\u00e1 pokuta","og_description":"Den k zapamatov\u00e1n\u00ed! Des\u00edtky kilometr\u016f pro\u017eil Jakub Otruba v s\u00f3lov\u00e9m \u00faniku p\u0159i devaten\u00e1ct\u00e9m d\u011bjstv\u00ed \u0161pan\u011blsk\u00e9 Vuelty. Krom\u011b zlat\u00fdch \u010d\u00edsel pro nejv\u011bt\u0161\u00edho bojovn\u00edka si cyklista formace Caja Rural Seguros RGA odnesl \u017elutou kartu a tu\u010dnou pokutu.","og_url":"https:\/\/www.welovecycling.com\/cs\/2025\/09\/13\/jakuba-otruba-a-jeho-odmena-za-solo-tucna-pokuta\/","og_site_name":"\u0160koda We Love Cycling - \u010cesk\u00e1 republika","article_published_time":"2025-09-13T07:29:13+00:00","article_modified_time":"2025-09-17T19:36:00+00:00","og_image":[{"width":2560,"height":1707,"url":"https:\/\/d2p6e6u75xmxt8.cloudfront.net\/13\/2025\/09\/20250912LV2024-scaled.webp","type":"image\/webp"}],"author":"radekmalina","twitter_card":"summary_large_image","twitter_misc":{"Written by":"Radek Malina","Est. reading time":"5"},"schema":{"@context":"https:\/\/schema.org","@graph":[{"@type":"WebPage","@id":"https:\/\/www.welovecycling.com\/cs\/2025\/09\/13\/jakuba-otruba-a-jeho-odmena-za-solo-tucna-pokuta\/","url":"https:\/\/www.welovecycling.com\/cs\/2025\/09\/13\/jakuba-otruba-a-jeho-odmena-za-solo-tucna-pokuta\/","name":"Jakub Otruba a jeho odm\u011bna za s\u00f3lo? Tu\u010dn\u00e1 pokuta | \u0160koda We Love Cycling - \u010cesk\u00e1 republika","isPartOf":{"@id":"https:\/\/www.welovecycling.com\/cs\/#website"},"primaryImageOfPage":{"@id":"https:\/\/www.welovecycling.com\/cs\/2025\/09\/13\/jakuba-otruba-a-jeho-odmena-za-solo-tucna-pokuta\/#primaryimage"},"image":{"@id":"https:\/\/www.welovecycling.com\/cs\/2025\/09\/13\/jakuba-otruba-a-jeho-odmena-za-solo-tucna-pokuta\/#primaryimage"},"thumbnailUrl":"https:\/\/d2p6e6u75xmxt8.cloudfront.net\/13\/2025\/09\/20250912LV2024-scaled.webp","datePublished":"2025-09-13T07:29:13+00:00","dateModified":"2025-09-17T19:36:00+00:00","author":{"@id":"https:\/\/www.welovecycling.com\/cs\/#\/schema\/person\/d9eeb0a378f3a7e4a6d12d2b536b04b8"},"description":"Den k zapamatov\u00e1n\u00ed! Des\u00edtky kilometr\u016f pro\u017eil Jakub Otruba v s\u00f3lov\u00e9m \u00faniku p\u0159i devaten\u00e1ct\u00e9m d\u011bjstv\u00ed \u0161pan\u011blsk\u00e9 Vuelty. Krom\u011b zlat\u00fdch \u010d\u00edsel pro nejv\u011bt\u0161\u00edho bojovn\u00edka si cyklista formace Caja Rural Seguros RGA odnesl \u017elutou kartu a tu\u010dnou pokutu.","inLanguage":"cs","potentialAction":[{"@type":"ReadAction","target":["https:\/\/www.welovecycling.com\/cs\/2025\/09\/13\/jakuba-otruba-a-jeho-odmena-za-solo-tucna-pokuta\/"]}]},{"@type":"ImageObject","inLanguage":"cs","@id":"https:\/\/www.welovecycling.com\/cs\/2025\/09\/13\/jakuba-otruba-a-jeho-odmena-za-solo-tucna-pokuta\/#primaryimage","url":"https:\/\/d2p6e6u75xmxt8.cloudfront.net\/13\/2025\/09\/20250912LV2024-scaled.webp","contentUrl":"https:\/\/d2p6e6u75xmxt8.cloudfront.net\/13\/2025\/09\/20250912LV2024-scaled.webp","width":2560,"height":1707,"caption":"Jakub Otruba"},{"@type":"WebSite","@id":"https:\/\/www.welovecycling.com\/cs\/#website","url":"https:\/\/www.welovecycling.com\/cs\/","name":"\u0160koda We Love Cycling - \u010cesk\u00e1 republika","description":"WeLoveCycling.cz je online magaz\u00edn, kter\u00fd v\u00e1m pravideln\u011b p\u0159in\u00e1\u0161\u00ed rady a tipy, zaj\u00edmav\u00e9 \u010dl\u00e1nky, videa a jedine\u010dn\u00e9 report\u00e1\u017ee ze sv\u011bta cyklistiky.","potentialAction":[{"@type":"SearchAction","target":{"@type":"EntryPoint","urlTemplate":"https:\/\/www.welovecycling.com\/cs\/?s={search_term_string}"},"query-input":{"@type":"PropertyValueSpecification","valueRequired":true,"valueName":"search_term_string"}}],"inLanguage":"cs"},{"@type":"Person","@id":"https:\/\/www.welovecycling.com\/cs\/#\/schema\/person\/d9eeb0a378f3a7e4a6d12d2b536b04b8","name":"radekmalina","image":{"@type":"ImageObject","inLanguage":"cs","@id":"https:\/\/www.welovecycling.com\/cs\/#\/schema\/person\/image\/","url":"https:\/\/secure.gravatar.com\/avatar\/66994b632cb8c39a46b9f54afa3ae07201b678d32a54275b6f1c9ffec356bfc0?s=96&d=mm&r=g","contentUrl":"https:\/\/secure.gravatar.com\/avatar\/66994b632cb8c39a46b9f54afa3ae07201b678d32a54275b6f1c9ffec356bfc0?s=96&d=mm&r=g","caption":"radekmalina"},"url":"https:\/\/www.welovecycling.com\/cs\/author\/radekmalina\/"}]}},"_links":{"self":[{"href":"https:\/\/www.welovecycling.com\/cs\/wp-json\/wp\/v2\/posts\/30989","targetHints":{"allow":["GET"]}}],"collection":[{"href":"https:\/\/www.welovecycling.com\/cs\/wp-json\/wp\/v2\/posts"}],"about":[{"href":"https:\/\/www.welovecycling.com\/cs\/wp-json\/wp\/v2\/types\/post"}],"author":[{"embeddable":true,"href":"https:\/\/www.welovecycling.com\/cs\/wp-json\/wp\/v2\/users\/138"}],"replies":[{"embeddable":true,"href":"https:\/\/www.welovecycling.com\/cs\/wp-json\/wp\/v2\/comments?post=30989"}],"version-history":[{"count":2,"href":"https:\/\/www.welovecycling.com\/cs\/wp-json\/wp\/v2\/posts\/30989\/revisions"}],"predecessor-version":[{"id":31042,"href":"https:\/\/www.welovecycling.com\/cs\/wp-json\/wp\/v2\/posts\/30989\/revisions\/31042"}],"wp:featuredmedia":[{"embeddable":true,"href":"https:\/\/www.welovecycling.com\/cs\/wp-json\/wp\/v2\/media\/30990"}],"wp:attachment":[{"href":"https:\/\/www.welovecycling.com\/cs\/wp-json\/wp\/v2\/media?parent=30989"}],"wp:term":[{"taxonomy":"category","embeddable":true,"href":"https:\/\/www.welovecycling.com\/cs\/wp-json\/wp\/v2\/categories?post=30989"},{"taxonomy":"post_tag","embeddable":true,"href":"https:\/\/www.welovecycling.com\/cs\/wp-json\/wp\/v2\/tags?post=30989"},{"taxonomy":"global-categories","embeddable":true,"href":"https:\/\/www.welovecycling.com\/cs\/wp-json\/wp\/v2\/global-categories?post=30989"}],"curies":[{"name":"wp","href":"https:\/\/api.w.org\/{rel}","templated":true}]}}