{"id":30982,"date":"2025-09-12T18:49:15","date_gmt":"2025-09-12T16:49:15","guid":{"rendered":"https:\/\/www.welovecycling.com\/cs\/?p=30982"},"modified":"2025-09-12T18:52:30","modified_gmt":"2025-09-12T16:52:30","slug":"barbora-bukovska-bronzova-krize-ji-nezlomila","status":"publish","type":"post","link":"https:\/\/www.welovecycling.com\/cs\/2025\/09\/12\/barbora-bukovska-bronzova-krize-ji-nezlomila\/","title":{"rendered":"Barbora Bukovsk\u00e1 bronzov\u00e1! Krize ji nezlomila"},"content":{"rendered":"<p><strong>\u0160estn\u00e1ctilet\u00e1 Barbora Bukovsk\u00e1 vybojovala bronzovou medaili na mistrovstv\u00ed sv\u011bta horsk\u00fdch kol v z\u00e1vod\u011b cross country. P\u00e1te\u010dn\u00ed z\u00e1vod juniorek ve \u0161v\u00fdcarsk\u00e9 Crans Montan\u011b ovl\u00e1dla jednozna\u010dn\u011b Slovinka \u0160erkeziov\u00e1.<\/strong><\/p>\n<p>&#8222;Jela jsem suprov\u00fd z\u00e1vod krom\u011b druh\u00e9ho kola, kdy jsem m\u011bla lehkou krizi,&#8220; \u0159\u00edkala v c\u00edli Barbora Bukovsk\u00e1.<\/p>\n<p>Do z\u00e1vodu v Crans Montan\u011b dob\u0159e vstoupila a byla na medailov\u00fdch pozic\u00edch, v druh\u00e9m kole se v\u0161ak propadla na \u010dtvrtou p\u0159\u00ed\u010dku za Francouzku Revolovou.<\/p>\n<figure id=\"attachment_30985\" aria-describedby=\"caption-attachment-30985\" style=\"width: 1920px\" class=\"wp-caption alignnone\"><a href=\"https:\/\/d2p6e6u75xmxt8.cloudfront.net\/13\/2025\/09\/Bukovska1-scaled.webp\"><img loading=\"lazy\" decoding=\"async\" class=\"size-extra-large wp-image-30985\" src=\"https:\/\/d2p6e6u75xmxt8.cloudfront.net\/13\/2025\/09\/Bukovska1-1920x1280.webp\" alt=\"\" width=\"1920\" height=\"1280\" srcset=\"https:\/\/d2p6e6u75xmxt8.cloudfront.net\/13\/2025\/09\/Bukovska1-1920x1280.webp 1920w, https:\/\/d2p6e6u75xmxt8.cloudfront.net\/13\/2025\/09\/Bukovska1-300x200.webp 300w, https:\/\/d2p6e6u75xmxt8.cloudfront.net\/13\/2025\/09\/Bukovska1-1024x683.webp 1024w, https:\/\/d2p6e6u75xmxt8.cloudfront.net\/13\/2025\/09\/Bukovska1-768x512.webp 768w, https:\/\/d2p6e6u75xmxt8.cloudfront.net\/13\/2025\/09\/Bukovska1-1536x1024.webp 1536w, https:\/\/d2p6e6u75xmxt8.cloudfront.net\/13\/2025\/09\/Bukovska1-2048x1366.webp 2048w, https:\/\/d2p6e6u75xmxt8.cloudfront.net\/13\/2025\/09\/Bukovska1-400x267.webp 400w, https:\/\/d2p6e6u75xmxt8.cloudfront.net\/13\/2025\/09\/Bukovska1-272x182.webp 272w, https:\/\/d2p6e6u75xmxt8.cloudfront.net\/13\/2025\/09\/Bukovska1-1920x1280.webp 1920w\" sizes=\"auto, (max-width: 1920px) 100vw, 1920px\" \/><\/a><figcaption id=\"caption-attachment-30985\" class=\"wp-caption-text\"><em>Barbora Bukovsk\u00e1 proj\u00ed\u017ed\u00ed c\u00edlem z\u00e1vodu MS horsk\u00fdch kol cross country v Crans Montan\u011b. Foto: Filip Bezd\u011bk\/\u010cesk\u00fd svaz cyklistiky (3x)<\/em><\/figcaption><\/figure>\n<p>&#8222;Pro moji psychiku \u0161lo o \u0161patn\u00fd okam\u017eik. Ale \u0159\u00edkala jsem si, \u017ee soupe\u0159ku ur\u010dit\u011b p\u0159edjedu a medaili vybojuji. Nakonec m\u011bla defekt, co\u017e mi tro\u0161ku pomohlo,&#8220; vracela se \u010desk\u00e1 z\u00e1vodnice ke kritick\u00e9mu okam\u017eiku.<\/p>\n<h2><strong>Od poloviny z\u00e1vodu jela pro medaili<\/strong><\/h2>\n<p>Od t\u0159et\u00edho kola u\u017e se pohybovala na t\u0159et\u00ed p\u0159\u00ed\u010dce, kterou s p\u0159ehledem pohl\u00eddala a c\u00edlem projela o sedmadvacet sekund p\u0159ed pron\u00e1sledovatelkou.<\/p>\n<div class=\"shortcode-ys-post-pinup\"><article class=\"loop-simple post-30948 post type-post status-publish format-standard has-post-thumbnail hentry category-horska-cyklistika tag-cyklistika tag-frantisek-rabon tag-horska-cyklistika tag-penize tag-platy-bikeru tag-silnicni-cyklistika tag-uci-mtb-2025 global-categories-cycling\" data-postid=\"30948\" role=\"article\" data-post-id=\"30948\" data-word-count=\"655\" data-headline-length=\"52\" data-category=\"Horsk\u00e1 cyklistika\" data-global-category=\"Cycling\" data-author=\"Radek Malina\" data-published=\"2025-09-10T10:00:11+02:00\" data-published-day=\"Wednesday\">\n    <div class=\"entry-thumbnail article-thumbnail\" content=\"https:\/\/d2p6e6u75xmxt8.cloudfront.net\/13\/2022\/05\/21_Nino-Schurter-150x150.webp\"><a href=\"https:\/\/www.welovecycling.com\/cs\/2025\/09\/10\/platy-bikeru-zalostne-proti-slechte-na-silnici\/\" class=\"image-holder\" target=\"_self\"><img decoding=\"async\" loading=\"lazy\" class=\"\" src=\"https:\/\/d2p6e6u75xmxt8.cloudfront.net\/13\/2022\/05\/21_Nino-Schurter-1024x683.webp\" srcset=\"https:\/\/d2p6e6u75xmxt8.cloudfront.net\/13\/2022\/05\/21_Nino-Schurter.webp 1600w, https:\/\/d2p6e6u75xmxt8.cloudfront.net\/13\/2022\/05\/21_Nino-Schurter-300x200.webp 300w, https:\/\/d2p6e6u75xmxt8.cloudfront.net\/13\/2022\/05\/21_Nino-Schurter-1024x683.webp 1024w, https:\/\/d2p6e6u75xmxt8.cloudfront.net\/13\/2022\/05\/21_Nino-Schurter-768x512.webp 768w, https:\/\/d2p6e6u75xmxt8.cloudfront.net\/13\/2022\/05\/21_Nino-Schurter-1536x1024.webp 1536w, https:\/\/d2p6e6u75xmxt8.cloudfront.net\/13\/2022\/05\/21_Nino-Schurter-272x182.webp 272w\" width=\"1024\" height=\"683\" sizes=\"auto, (min-width: 1200px) 300px, (min-width: 768px) 25vw, 100vw\" alt=\"platy-bikeru-zalostne-proti-slechte-na-silnici\"\/><\/a><\/div>    <div class=\"entry-meta\">\n        <a class=\"label label-secondary post-category\" href=\"https:\/\/www.welovecycling.com\/cs\/category\/horska-cyklistika\/\" title=\"Horsk\u00e1 cyklistika\">Horsk\u00e1 cyklistika<\/a>\n    <\/div>\n    <div class=\"entry-details\">\n        <a href=\"https:\/\/www.welovecycling.com\/cs\/2025\/09\/10\/platy-bikeru-zalostne-proti-slechte-na-silnici\/\" class='entry-title-wrapper'>\n            <h3 class=\"entry-title\"><span>Platy biker\u016f? \u017dalostn\u00e9 proti \u0161lecht\u011b na silnici<\/span><\/h3>\n        <\/a>\n    <\/div>\n    <\/article>\n<\/div>\n<p>&#8222;Kdy\u017e jsem vid\u011bla, \u017ee m\u00e1 Revolov\u00e1 defekt, jela jsem naplno a zkusila bitvu o medaili rozhodnout ve sv\u016fj prosp\u011bch. Nav\u00edc u\u017e jsem se vzpamatovala z fyzick\u00e9 krize. Nohy povolily,&#8220; vypr\u00e1v\u011bla Barbora Bukovsk\u00e1, kter\u00e1 tak francouzsk\u00e9 soupe\u0159ce vr\u00e1tila por\u00e1\u017eku z leto\u0161n\u00edho mistrovstv\u00ed sv\u011bta v cyklokrosu. Tam dojela Revolov\u00e1 prvn\u00ed a \u010desk\u00e1 juniorka druh\u00e1.<\/p>\n<figure id=\"attachment_30983\" aria-describedby=\"caption-attachment-30983\" style=\"width: 1920px\" class=\"wp-caption alignnone\"><a href=\"https:\/\/d2p6e6u75xmxt8.cloudfront.net\/13\/2025\/09\/Bukovska3-scaled.webp\"><img loading=\"lazy\" decoding=\"async\" class=\"size-extra-large wp-image-30983\" src=\"https:\/\/d2p6e6u75xmxt8.cloudfront.net\/13\/2025\/09\/Bukovska3-1920x1280.webp\" alt=\"\" width=\"1920\" height=\"1280\" srcset=\"https:\/\/d2p6e6u75xmxt8.cloudfront.net\/13\/2025\/09\/Bukovska3-1920x1280.webp 1920w, https:\/\/d2p6e6u75xmxt8.cloudfront.net\/13\/2025\/09\/Bukovska3-300x200.webp 300w, https:\/\/d2p6e6u75xmxt8.cloudfront.net\/13\/2025\/09\/Bukovska3-1024x683.webp 1024w, https:\/\/d2p6e6u75xmxt8.cloudfront.net\/13\/2025\/09\/Bukovska3-768x512.webp 768w, https:\/\/d2p6e6u75xmxt8.cloudfront.net\/13\/2025\/09\/Bukovska3-1536x1024.webp 1536w, https:\/\/d2p6e6u75xmxt8.cloudfront.net\/13\/2025\/09\/Bukovska3-2048x1366.webp 2048w, https:\/\/d2p6e6u75xmxt8.cloudfront.net\/13\/2025\/09\/Bukovska3-400x267.webp 400w, https:\/\/d2p6e6u75xmxt8.cloudfront.net\/13\/2025\/09\/Bukovska3-272x182.webp 272w, https:\/\/d2p6e6u75xmxt8.cloudfront.net\/13\/2025\/09\/Bukovska3-1920x1280.webp 1920w\" sizes=\"auto, (max-width: 1920px) 100vw, 1920px\" \/><\/a><figcaption id=\"caption-attachment-30983\" class=\"wp-caption-text\"><em>Barbora Bukovsk\u00e1 s bronzovou medail\u00ed. Zlato vybojovala Slovinka \u0160erkeziov\u00e1, st\u0159\u00edbro \u0160v\u00fdcarka Grossmannov\u00e1.<\/em><\/figcaption><\/figure>\n<p>&#8222;Jak jsem se propracovala na stupn\u011b v\u00edt\u011bz\u016f, nakoplo m\u011b to. V z\u00e1v\u011bru jsem jela na jistotu, abych udr\u017eela medaili,&#8220; rekapitulovala bitvu z Crans Montany <a href=\"https:\/\/www.welovecycling.com\/cs\/2025\/07\/26\/bukovska-vydrela-na-me-bronzovou-medaili\/\">Barbora Bukovsk\u00e1<\/a>.<\/p>\n<p>&#8222;P\u0159ed z\u00e1vodem jsem byla nerv\u00f3zn\u00ed, \u0161patn\u011b jsem spala. Ale byl to p\u0159irozen\u00fd stres. Ted jsem maxim\u00e1ln\u011b spokojen\u00e1,&#8220; usm\u00edvala se \u010desk\u00e1 z\u00e1vodnice s medail\u00ed na krku.<\/p>\n<p>Barbora Bukovsk\u00e1 vybojovala pro \u010desk\u00e9 barvy v olympijsk\u00e9m cross country prvn\u00ed medaili od roku 2020, kdy byla Aneta Novotn\u00e1 t\u0159et\u00ed rovn\u011b\u017e mezi juniorkami p\u0159i MS v Rakousku.<\/p>\n<p>V z\u00e1vod\u011b junior\u016f vybojoval Kry\u0161tof Ba\u017eant sedmn\u00e1ctou p\u0159\u00ed\u010dku. Titul z\u00edskal z dlouho nesm\u00edrn\u011b vyrovnan\u00e9ho z\u00e1vodu osmn\u00e1ctilet\u00fd Francouz Lucas Teste.<\/p>\n","protected":false},"excerpt":{"rendered":"<p>\u0160estn\u00e1ctilet\u00e1 Barbora Bukovsk\u00e1 vybojovala bronzovou medaili na mistrovstv\u00ed sv\u011bta horsk\u00fdch kol v z\u00e1vod\u011b cross country. P\u00e1te\u010dn\u00ed z\u00e1vod juniorek ve \u0161v\u00fdcarsk\u00e9 [&hellip;]<\/p>\n","protected":false},"author":138,"featured_media":30984,"comment_status":"open","ping_status":"open","sticky":false,"template":"","format":"standard","meta":{"footnotes":""},"categories":[11],"tags":[4025,157,56,57,1154,4034,4340],"global-categories":[411],"class_list":["post-30982","post","type-post","status-publish","format-standard","has-post-thumbnail","hentry","category-horska-cyklistika","tag-barbora-bukovska","tag-cross-country","tag-horska-cyklistika","tag-horska-kola","tag-mistrovstvi-sveta","tag-ms-2025","tag-uci-mtb-2025","global-categories-cycling"],"yoast_head":"<!-- This site is optimized with the Yoast SEO Premium plugin v25.3 (Yoast SEO v25.9) - https:\/\/yoast.com\/wordpress\/plugins\/seo\/ -->\n<title>Barbora Bukovsk\u00e1 bronzov\u00e1! Krize ji nezlomila | \u0160koda We Love Cycling - \u010cesk\u00e1 republika<\/title>\n<meta name=\"description\" content=\"\u0160estn\u00e1ctilet\u00e1 Barbora Bukovsk\u00e1 vybojovala bronzovou medaili na mistrovstv\u00ed sv\u011bta horsk\u00fdch kol v z\u00e1vod\u011b cross country. P\u00e1te\u010dn\u00ed z\u00e1vod juniorek ve \u0161v\u00fdcarsk\u00e9 Crans Montan\u011b ovl\u00e1dla jednozna\u010dn\u011b Slovinka \u0160erkeziov\u00e1.\" \/>\n<meta name=\"robots\" content=\"index, follow, max-snippet:-1, max-image-preview:large, max-video-preview:-1\" \/>\n<link rel=\"canonical\" href=\"https:\/\/www.welovecycling.com\/cs\/2025\/09\/12\/barbora-bukovska-bronzova-krize-ji-nezlomila\/\" \/>\n<meta property=\"og:locale\" content=\"cs_CZ\" \/>\n<meta property=\"og:type\" content=\"article\" \/>\n<meta property=\"og:title\" content=\"Barbora Bukovsk\u00e1 bronzov\u00e1! Krize ji nezlomila\" \/>\n<meta property=\"og:description\" content=\"\u0160estn\u00e1ctilet\u00e1 Barbora Bukovsk\u00e1 vybojovala bronzovou medaili na mistrovstv\u00ed sv\u011bta horsk\u00fdch kol v z\u00e1vod\u011b cross country. P\u00e1te\u010dn\u00ed z\u00e1vod juniorek ve \u0161v\u00fdcarsk\u00e9 Crans Montan\u011b ovl\u00e1dla jednozna\u010dn\u011b Slovinka \u0160erkeziov\u00e1.\" \/>\n<meta property=\"og:url\" content=\"https:\/\/www.welovecycling.com\/cs\/2025\/09\/12\/barbora-bukovska-bronzova-krize-ji-nezlomila\/\" \/>\n<meta property=\"og:site_name\" content=\"\u0160koda We Love Cycling - \u010cesk\u00e1 republika\" \/>\n<meta property=\"article:published_time\" content=\"2025-09-12T16:49:15+00:00\" \/>\n<meta property=\"article:modified_time\" content=\"2025-09-12T16:52:30+00:00\" \/>\n<meta property=\"og:image\" content=\"https:\/\/d2p6e6u75xmxt8.cloudfront.net\/13\/2025\/09\/Bukovska2-scaled.webp\" \/>\n\t<meta property=\"og:image:width\" content=\"2560\" \/>\n\t<meta property=\"og:image:height\" content=\"1707\" \/>\n\t<meta property=\"og:image:type\" content=\"image\/webp\" \/>\n<meta name=\"author\" content=\"radekmalina\" \/>\n<meta name=\"twitter:card\" content=\"summary_large_image\" \/>\n<meta name=\"twitter:label1\" content=\"Written by\" \/>\n\t<meta name=\"twitter:data1\" content=\"Radek Malina\" \/>\n\t<meta name=\"twitter:label2\" content=\"Est. reading time\" \/>\n\t<meta name=\"twitter:data2\" content=\"5\" \/>\n<script type=\"application\/ld+json\" class=\"yoast-schema-graph\">{\"@context\":\"https:\/\/schema.org\",\"@graph\":[{\"@type\":\"WebPage\",\"@id\":\"https:\/\/www.welovecycling.com\/cs\/2025\/09\/12\/barbora-bukovska-bronzova-krize-ji-nezlomila\/\",\"url\":\"https:\/\/www.welovecycling.com\/cs\/2025\/09\/12\/barbora-bukovska-bronzova-krize-ji-nezlomila\/\",\"name\":\"Barbora Bukovsk\u00e1 bronzov\u00e1! Krize ji nezlomila | \u0160koda We Love Cycling - \u010cesk\u00e1 republika\",\"isPartOf\":{\"@id\":\"https:\/\/www.welovecycling.com\/cs\/#website\"},\"primaryImageOfPage\":{\"@id\":\"https:\/\/www.welovecycling.com\/cs\/2025\/09\/12\/barbora-bukovska-bronzova-krize-ji-nezlomila\/#primaryimage\"},\"image\":{\"@id\":\"https:\/\/www.welovecycling.com\/cs\/2025\/09\/12\/barbora-bukovska-bronzova-krize-ji-nezlomila\/#primaryimage\"},\"thumbnailUrl\":\"https:\/\/d2p6e6u75xmxt8.cloudfront.net\/13\/2025\/09\/Bukovska2-scaled.webp\",\"datePublished\":\"2025-09-12T16:49:15+00:00\",\"dateModified\":\"2025-09-12T16:52:30+00:00\",\"author\":{\"@id\":\"https:\/\/www.welovecycling.com\/cs\/#\/schema\/person\/d9eeb0a378f3a7e4a6d12d2b536b04b8\"},\"description\":\"\u0160estn\u00e1ctilet\u00e1 Barbora Bukovsk\u00e1 vybojovala bronzovou medaili na mistrovstv\u00ed sv\u011bta horsk\u00fdch kol v z\u00e1vod\u011b cross country. P\u00e1te\u010dn\u00ed z\u00e1vod juniorek ve \u0161v\u00fdcarsk\u00e9 Crans Montan\u011b ovl\u00e1dla jednozna\u010dn\u011b Slovinka \u0160erkeziov\u00e1.\",\"inLanguage\":\"cs\",\"potentialAction\":[{\"@type\":\"ReadAction\",\"target\":[\"https:\/\/www.welovecycling.com\/cs\/2025\/09\/12\/barbora-bukovska-bronzova-krize-ji-nezlomila\/\"]}]},{\"@type\":\"ImageObject\",\"inLanguage\":\"cs\",\"@id\":\"https:\/\/www.welovecycling.com\/cs\/2025\/09\/12\/barbora-bukovska-bronzova-krize-ji-nezlomila\/#primaryimage\",\"url\":\"https:\/\/d2p6e6u75xmxt8.cloudfront.net\/13\/2025\/09\/Bukovska2-scaled.webp\",\"contentUrl\":\"https:\/\/d2p6e6u75xmxt8.cloudfront.net\/13\/2025\/09\/Bukovska2-scaled.webp\",\"width\":2560,\"height\":1707,\"caption\":\"Barbora Bukovsk\u00e1\"},{\"@type\":\"WebSite\",\"@id\":\"https:\/\/www.welovecycling.com\/cs\/#website\",\"url\":\"https:\/\/www.welovecycling.com\/cs\/\",\"name\":\"\u0160koda We Love Cycling - \u010cesk\u00e1 republika\",\"description\":\"WeLoveCycling.cz je online magaz\u00edn, kter\u00fd v\u00e1m pravideln\u011b p\u0159in\u00e1\u0161\u00ed rady a tipy, zaj\u00edmav\u00e9 \u010dl\u00e1nky, videa a jedine\u010dn\u00e9 report\u00e1\u017ee ze sv\u011bta cyklistiky.\",\"potentialAction\":[{\"@type\":\"SearchAction\",\"target\":{\"@type\":\"EntryPoint\",\"urlTemplate\":\"https:\/\/www.welovecycling.com\/cs\/?s={search_term_string}\"},\"query-input\":{\"@type\":\"PropertyValueSpecification\",\"valueRequired\":true,\"valueName\":\"search_term_string\"}}],\"inLanguage\":\"cs\"},{\"@type\":\"Person\",\"@id\":\"https:\/\/www.welovecycling.com\/cs\/#\/schema\/person\/d9eeb0a378f3a7e4a6d12d2b536b04b8\",\"name\":\"radekmalina\",\"image\":{\"@type\":\"ImageObject\",\"inLanguage\":\"cs\",\"@id\":\"https:\/\/www.welovecycling.com\/cs\/#\/schema\/person\/image\/\",\"url\":\"https:\/\/secure.gravatar.com\/avatar\/66994b632cb8c39a46b9f54afa3ae07201b678d32a54275b6f1c9ffec356bfc0?s=96&d=mm&r=g\",\"contentUrl\":\"https:\/\/secure.gravatar.com\/avatar\/66994b632cb8c39a46b9f54afa3ae07201b678d32a54275b6f1c9ffec356bfc0?s=96&d=mm&r=g\",\"caption\":\"radekmalina\"},\"url\":\"https:\/\/www.welovecycling.com\/cs\/author\/radekmalina\/\"}]}<\/script>\n<!-- \/ Yoast SEO Premium plugin. -->","yoast_head_json":{"title":"Barbora Bukovsk\u00e1 bronzov\u00e1! Krize ji nezlomila | \u0160koda We Love Cycling - \u010cesk\u00e1 republika","description":"\u0160estn\u00e1ctilet\u00e1 Barbora Bukovsk\u00e1 vybojovala bronzovou medaili na mistrovstv\u00ed sv\u011bta horsk\u00fdch kol v z\u00e1vod\u011b cross country. P\u00e1te\u010dn\u00ed z\u00e1vod juniorek ve \u0161v\u00fdcarsk\u00e9 Crans Montan\u011b ovl\u00e1dla jednozna\u010dn\u011b Slovinka \u0160erkeziov\u00e1.","robots":{"index":"index","follow":"follow","max-snippet":"max-snippet:-1","max-image-preview":"max-image-preview:large","max-video-preview":"max-video-preview:-1"},"canonical":"https:\/\/www.welovecycling.com\/cs\/2025\/09\/12\/barbora-bukovska-bronzova-krize-ji-nezlomila\/","og_locale":"cs_CZ","og_type":"article","og_title":"Barbora Bukovsk\u00e1 bronzov\u00e1! Krize ji nezlomila","og_description":"\u0160estn\u00e1ctilet\u00e1 Barbora Bukovsk\u00e1 vybojovala bronzovou medaili na mistrovstv\u00ed sv\u011bta horsk\u00fdch kol v z\u00e1vod\u011b cross country. P\u00e1te\u010dn\u00ed z\u00e1vod juniorek ve \u0161v\u00fdcarsk\u00e9 Crans Montan\u011b ovl\u00e1dla jednozna\u010dn\u011b Slovinka \u0160erkeziov\u00e1.","og_url":"https:\/\/www.welovecycling.com\/cs\/2025\/09\/12\/barbora-bukovska-bronzova-krize-ji-nezlomila\/","og_site_name":"\u0160koda We Love Cycling - \u010cesk\u00e1 republika","article_published_time":"2025-09-12T16:49:15+00:00","article_modified_time":"2025-09-12T16:52:30+00:00","og_image":[{"width":2560,"height":1707,"url":"https:\/\/d2p6e6u75xmxt8.cloudfront.net\/13\/2025\/09\/Bukovska2-scaled.webp","type":"image\/webp"}],"author":"radekmalina","twitter_card":"summary_large_image","twitter_misc":{"Written by":"Radek Malina","Est. reading time":"5"},"schema":{"@context":"https:\/\/schema.org","@graph":[{"@type":"WebPage","@id":"https:\/\/www.welovecycling.com\/cs\/2025\/09\/12\/barbora-bukovska-bronzova-krize-ji-nezlomila\/","url":"https:\/\/www.welovecycling.com\/cs\/2025\/09\/12\/barbora-bukovska-bronzova-krize-ji-nezlomila\/","name":"Barbora Bukovsk\u00e1 bronzov\u00e1! Krize ji nezlomila | \u0160koda We Love Cycling - \u010cesk\u00e1 republika","isPartOf":{"@id":"https:\/\/www.welovecycling.com\/cs\/#website"},"primaryImageOfPage":{"@id":"https:\/\/www.welovecycling.com\/cs\/2025\/09\/12\/barbora-bukovska-bronzova-krize-ji-nezlomila\/#primaryimage"},"image":{"@id":"https:\/\/www.welovecycling.com\/cs\/2025\/09\/12\/barbora-bukovska-bronzova-krize-ji-nezlomila\/#primaryimage"},"thumbnailUrl":"https:\/\/d2p6e6u75xmxt8.cloudfront.net\/13\/2025\/09\/Bukovska2-scaled.webp","datePublished":"2025-09-12T16:49:15+00:00","dateModified":"2025-09-12T16:52:30+00:00","author":{"@id":"https:\/\/www.welovecycling.com\/cs\/#\/schema\/person\/d9eeb0a378f3a7e4a6d12d2b536b04b8"},"description":"\u0160estn\u00e1ctilet\u00e1 Barbora Bukovsk\u00e1 vybojovala bronzovou medaili na mistrovstv\u00ed sv\u011bta horsk\u00fdch kol v z\u00e1vod\u011b cross country. P\u00e1te\u010dn\u00ed z\u00e1vod juniorek ve \u0161v\u00fdcarsk\u00e9 Crans Montan\u011b ovl\u00e1dla jednozna\u010dn\u011b Slovinka \u0160erkeziov\u00e1.","inLanguage":"cs","potentialAction":[{"@type":"ReadAction","target":["https:\/\/www.welovecycling.com\/cs\/2025\/09\/12\/barbora-bukovska-bronzova-krize-ji-nezlomila\/"]}]},{"@type":"ImageObject","inLanguage":"cs","@id":"https:\/\/www.welovecycling.com\/cs\/2025\/09\/12\/barbora-bukovska-bronzova-krize-ji-nezlomila\/#primaryimage","url":"https:\/\/d2p6e6u75xmxt8.cloudfront.net\/13\/2025\/09\/Bukovska2-scaled.webp","contentUrl":"https:\/\/d2p6e6u75xmxt8.cloudfront.net\/13\/2025\/09\/Bukovska2-scaled.webp","width":2560,"height":1707,"caption":"Barbora Bukovsk\u00e1"},{"@type":"WebSite","@id":"https:\/\/www.welovecycling.com\/cs\/#website","url":"https:\/\/www.welovecycling.com\/cs\/","name":"\u0160koda We Love Cycling - \u010cesk\u00e1 republika","description":"WeLoveCycling.cz je online magaz\u00edn, kter\u00fd v\u00e1m pravideln\u011b p\u0159in\u00e1\u0161\u00ed rady a tipy, zaj\u00edmav\u00e9 \u010dl\u00e1nky, videa a jedine\u010dn\u00e9 report\u00e1\u017ee ze sv\u011bta cyklistiky.","potentialAction":[{"@type":"SearchAction","target":{"@type":"EntryPoint","urlTemplate":"https:\/\/www.welovecycling.com\/cs\/?s={search_term_string}"},"query-input":{"@type":"PropertyValueSpecification","valueRequired":true,"valueName":"search_term_string"}}],"inLanguage":"cs"},{"@type":"Person","@id":"https:\/\/www.welovecycling.com\/cs\/#\/schema\/person\/d9eeb0a378f3a7e4a6d12d2b536b04b8","name":"radekmalina","image":{"@type":"ImageObject","inLanguage":"cs","@id":"https:\/\/www.welovecycling.com\/cs\/#\/schema\/person\/image\/","url":"https:\/\/secure.gravatar.com\/avatar\/66994b632cb8c39a46b9f54afa3ae07201b678d32a54275b6f1c9ffec356bfc0?s=96&d=mm&r=g","contentUrl":"https:\/\/secure.gravatar.com\/avatar\/66994b632cb8c39a46b9f54afa3ae07201b678d32a54275b6f1c9ffec356bfc0?s=96&d=mm&r=g","caption":"radekmalina"},"url":"https:\/\/www.welovecycling.com\/cs\/author\/radekmalina\/"}]}},"_links":{"self":[{"href":"https:\/\/www.welovecycling.com\/cs\/wp-json\/wp\/v2\/posts\/30982","targetHints":{"allow":["GET"]}}],"collection":[{"href":"https:\/\/www.welovecycling.com\/cs\/wp-json\/wp\/v2\/posts"}],"about":[{"href":"https:\/\/www.welovecycling.com\/cs\/wp-json\/wp\/v2\/types\/post"}],"author":[{"embeddable":true,"href":"https:\/\/www.welovecycling.com\/cs\/wp-json\/wp\/v2\/users\/138"}],"replies":[{"embeddable":true,"href":"https:\/\/www.welovecycling.com\/cs\/wp-json\/wp\/v2\/comments?post=30982"}],"version-history":[{"count":3,"href":"https:\/\/www.welovecycling.com\/cs\/wp-json\/wp\/v2\/posts\/30982\/revisions"}],"predecessor-version":[{"id":30988,"href":"https:\/\/www.welovecycling.com\/cs\/wp-json\/wp\/v2\/posts\/30982\/revisions\/30988"}],"wp:featuredmedia":[{"embeddable":true,"href":"https:\/\/www.welovecycling.com\/cs\/wp-json\/wp\/v2\/media\/30984"}],"wp:attachment":[{"href":"https:\/\/www.welovecycling.com\/cs\/wp-json\/wp\/v2\/media?parent=30982"}],"wp:term":[{"taxonomy":"category","embeddable":true,"href":"https:\/\/www.welovecycling.com\/cs\/wp-json\/wp\/v2\/categories?post=30982"},{"taxonomy":"post_tag","embeddable":true,"href":"https:\/\/www.welovecycling.com\/cs\/wp-json\/wp\/v2\/tags?post=30982"},{"taxonomy":"global-categories","embeddable":true,"href":"https:\/\/www.welovecycling.com\/cs\/wp-json\/wp\/v2\/global-categories?post=30982"}],"curies":[{"name":"wp","href":"https:\/\/api.w.org\/{rel}","templated":true}]}}