{"id":30976,"date":"2025-09-13T05:00:05","date_gmt":"2025-09-13T03:00:05","guid":{"rendered":"https:\/\/www.welovecycling.com\/cs\/?p=30976"},"modified":"2025-09-12T17:57:16","modified_gmt":"2025-09-12T15:57:16","slug":"trikrat-jej-prvni-laska-zradila-a-prece-se-van-der-poel-nevzdava","status":"publish","type":"post","link":"https:\/\/www.welovecycling.com\/cs\/2025\/09\/13\/trikrat-jej-prvni-laska-zradila-a-prece-se-van-der-poel-nevzdava\/","title":{"rendered":"T\u0159ikr\u00e1t jej prvn\u00ed l\u00e1ska zradila. A p\u0159ece se van der Poel nevzd\u00e1v\u00e1"},"content":{"rendered":"<p><strong>T\u0159i v\u00e1\u017en\u00e9 nehody za \u010dty\u0159i roky! Prvn\u00ed tak dramatick\u00e1, \u017ee panovaly obavy o jeho kari\u00e9ru. Posledn\u00ed zase znamenala zlomeninu ruky. A p\u0159ece se Mathieu van der Poel l\u00e1sky na prvn\u00ed pohled &#8211; horsk\u00e9 cyklistiky &#8211; nechce vzd\u00e1t. A\u017e p\u0159\u00edli\u0161 silnou v\u00e1bni\u010dkou je duhov\u00fd trikot mistra sv\u011bta.<\/strong><\/p>\n<p>&#8222;Zamiloval jsem se,&#8220; vyznal se \u010derstv\u011b dvacetilet\u00fd Mathieu van der Poel.<\/p>\n<p>Psalo se jaro 2016, kdy\u017e tehdy je\u0161t\u011b nizozemsk\u00fd zelen\u00e1\u010d ovl\u00e1dl p\u0159i debutu v sedle horsk\u00e9ho kola mezi elitou \u00favodn\u00ed etapu Sunshine Cupu na Kypru. V poli pora\u017een\u00fdch byl i olympijsk\u00fd \u0161ampion Jaroslav Kulhav\u00fd.<\/p>\n<h2><strong>Tokio, Glasgow a Vyso\u010dina, t\u0159i mrzut\u00e9 zku\u0161enosti<\/strong><\/h2>\n<p>Snil o \u00fa\u010dasti na olympijsk\u00fdch hr\u00e1ch v Rio de Janeiru 2016. Ale povinnosti na silnici jeho pl\u00e1ny zni\u010dily. Musel se soust\u0159edit na \u00fakoly v silni\u010dn\u00edm pelotonu, kter\u00e9 zvl\u00e1dal kombinovat s cyklokrosov\u00fdmi z\u00e1vody. Ale na horsk\u00e9 kolo nezb\u00fdvalo dostatek \u010dasu.<\/p>\n<p>Ale pro olympijsk\u00e9 hry v Tokiu do sebe v\u0161e zapadlo. I proto, \u017ee kv\u016fli pandemii koronaviru se boje pod p\u011bti kruhy o rok odlo\u017eily a kalend\u00e1\u0159 byl v\u0161emi zm\u011bnami poznamenan\u00fd. Japonsk\u00e1 bitva v sedle horsk\u00e9ho kola se v\u0161ak stala pro Mathieu van der Poela m\u00e1lem osudnou. P\u0159i prohl\u00eddce trati toti\u017e byl u extr\u00e9mn\u011b vysok\u00e9ho skoku d\u0159ev\u011bn\u00fd most. V z\u00e1vod\u011b nikoliv. Nizozemsk\u00fd borec, tou dobou u\u017e v\u00edt\u011bz Kolem Flander \u010di etapy na Tour de France, p\u0159edvedl v m\u00edst\u011b dropu \u0161\u00edlen\u00fd karambol. Drsn\u011b dopadl na z\u00e1da po pouh\u00fdch dev\u00edti minut\u00e1ch z\u00e1vodu. Dlouho se pak pot\u00fdkal s n\u00e1sledky p\u00e1du. V nejtemn\u011bj\u0161\u00edch chv\u00edl\u00edch se objevovaly zpr\u00e1vy o zran\u011bn\u00ed, kter\u00e9 nen\u00ed s dlouh\u00fdm sezen\u00edm na kole slu\u010diteln\u00e9. Ale Mathieu van der Poel se vr\u00e1til. Lep\u0161\u00ed a siln\u011bj\u0161\u00ed.<\/p>\n<figure id=\"attachment_30977\" aria-describedby=\"caption-attachment-30977\" style=\"width: 1800px\" class=\"wp-caption alignnone\"><a href=\"https:\/\/d2p6e6u75xmxt8.cloudfront.net\/13\/2025\/09\/profimedia-0678038022.webp\"><img loading=\"lazy\" decoding=\"async\" class=\"size-full wp-image-30977\" src=\"https:\/\/d2p6e6u75xmxt8.cloudfront.net\/13\/2025\/09\/profimedia-0678038022.webp\" alt=\"\" width=\"1800\" height=\"1200\" srcset=\"https:\/\/d2p6e6u75xmxt8.cloudfront.net\/13\/2025\/09\/profimedia-0678038022.webp 1800w, https:\/\/d2p6e6u75xmxt8.cloudfront.net\/13\/2025\/09\/profimedia-0678038022-300x200.webp 300w, https:\/\/d2p6e6u75xmxt8.cloudfront.net\/13\/2025\/09\/profimedia-0678038022-1024x683.webp 1024w, https:\/\/d2p6e6u75xmxt8.cloudfront.net\/13\/2025\/09\/profimedia-0678038022-768x512.webp 768w, https:\/\/d2p6e6u75xmxt8.cloudfront.net\/13\/2025\/09\/profimedia-0678038022-1536x1024.webp 1536w, https:\/\/d2p6e6u75xmxt8.cloudfront.net\/13\/2025\/09\/profimedia-0678038022-400x267.webp 400w, https:\/\/d2p6e6u75xmxt8.cloudfront.net\/13\/2025\/09\/profimedia-0678038022-272x182.webp 272w\" sizes=\"auto, (max-width: 1800px) 100vw, 1800px\" \/><\/a><figcaption id=\"caption-attachment-30977\" class=\"wp-caption-text\"><em>Mathieu van der Poel pad\u00e1 p\u0159i olympijsk\u00e9m z\u00e1vod\u011b v japonsk\u00e9m Tokiu. Foto: profimedia<\/em><\/figcaption><\/figure>\n<p>Roz\u010darov\u00e1n\u00ed, kter\u00e9 mu horsk\u00e9 kolo p\u0159ipravilo, dok\u00e1zal p\u0159ekonat. A kdy\u017e na za\u010d\u00e1tku srpna v Glasgow z\u00edskal titul mistra sv\u011bta na silnici, pustil se o \u0161est dn\u016f pozd\u011bji do bitvy o duhov\u00fd trikot i v cross country. Ale zase v\u0161e skon\u010dilo fiaskem. Po p\u00e1r minut\u00e1ch v zat\u00e1\u010dce spadl a z\u00e1vod nedokon\u010dil. &#8222;Neuv\u011b\u0159iteln\u011b hloup\u00e1 chyba,&#8220; zlobil se na sebe.<\/p>\n<p>V sezon\u011b 2024 neabsolvoval na biku jedin\u00fd z\u00e1vod. Ale na \u00favod roku 2025 vyhl\u00e1sil: &#8222;Chci vyhr\u00e1t titul na horsk\u00fdch kolech v Crans Montan\u011b.&#8220;<\/p>\n<div class=\"shortcode-ys-post-pinup\"><article class=\"loop-simple post-27915 post type-post status-publish format-standard has-post-thumbnail hentry category-silnicni-cyklistika tag-cyklistika tag-cyklokros tag-horska-cyklistika tag-kolem-flander tag-mathieu-van-der-poel tag-ms-cross-country tag-ms-cyklokros tag-ms-horskych-kol-2025 tag-pariz-roubaix tag-silnicni-cyklistika tag-tour-de-france global-categories-cycling\" data-postid=\"27915\" role=\"article\" data-post-id=\"27915\" data-word-count=\"478\" data-headline-length=\"88\" data-category=\"Silni\u010dn\u00ed cyklistika\" data-global-category=\"Cycling\" data-author=\"We Love Cycling\" data-published=\"2025-01-19T04:00:48+02:00\" data-published-day=\"Sunday\">\n    <div class=\"entry-thumbnail article-thumbnail\" content=\"https:\/\/d2p6e6u75xmxt8.cloudfront.net\/13\/2024\/10\/profimedia-0917248283-150x150.webp\"><a href=\"https:\/\/www.welovecycling.com\/cs\/2025\/01\/19\/mathieu-van-der-poel-chci-rekord-z-flander-a-titul-na-biku-ma-to-jeden-hacek\/\" class=\"image-holder\" target=\"_self\"><img decoding=\"async\" loading=\"lazy\" class=\"\" src=\"https:\/\/d2p6e6u75xmxt8.cloudfront.net\/13\/2024\/10\/profimedia-0917248283-1024x683.webp\" srcset=\"https:\/\/d2p6e6u75xmxt8.cloudfront.net\/13\/2024\/10\/profimedia-0917248283.webp 1800w, https:\/\/d2p6e6u75xmxt8.cloudfront.net\/13\/2024\/10\/profimedia-0917248283-300x200.webp 300w, https:\/\/d2p6e6u75xmxt8.cloudfront.net\/13\/2024\/10\/profimedia-0917248283-1024x683.webp 1024w, https:\/\/d2p6e6u75xmxt8.cloudfront.net\/13\/2024\/10\/profimedia-0917248283-768x512.webp 768w, https:\/\/d2p6e6u75xmxt8.cloudfront.net\/13\/2024\/10\/profimedia-0917248283-1536x1024.webp 1536w, https:\/\/d2p6e6u75xmxt8.cloudfront.net\/13\/2024\/10\/profimedia-0917248283-400x267.webp 400w, https:\/\/d2p6e6u75xmxt8.cloudfront.net\/13\/2024\/10\/profimedia-0917248283-272x182.webp 272w\" width=\"1024\" height=\"683\" sizes=\"auto, (min-width: 1200px) 300px, (min-width: 768px) 25vw, 100vw\" alt=\"mathieu-van-der-poel-chci-rekord-z-flander-a-titul-na-biku-ma-to-jeden-hacek\"\/><\/a><\/div>    <div class=\"entry-meta\">\n        <a class=\"label label-secondary post-category\" href=\"https:\/\/www.welovecycling.com\/cs\/category\/silnicni-cyklistika\/\" title=\"Silni\u010dn\u00ed cyklistika\">Silni\u010dn\u00ed cyklistika<\/a>\n    <\/div>\n    <div class=\"entry-details\">\n        <a href=\"https:\/\/www.welovecycling.com\/cs\/2025\/01\/19\/mathieu-van-der-poel-chci-rekord-z-flander-a-titul-na-biku-ma-to-jeden-hacek\/\" class='entry-title-wrapper'>\n            <h3 class=\"entry-title\"><span>Mathieu van der Poel: Chci rekord z Flander a titul na biku! M\u00e1 to jeden h\u00e1\u010dek&#8230;<\/span><\/h3>\n        <\/a>\n    <\/div>\n    <\/article>\n<\/div>\n<p>V \u00favodu jara ovl\u00e1dl Monumenty Mil\u00e1n-San Remo a Pa\u0159\u00ed\u017e-Roubaix. Pak zam\u00ed\u0159il do <a href=\"https:\/\/www.welovecycling.com\/cs\/2025\/05\/25\/v-kotrmelcich-a-zkrvaveny-mathieu-van-der-poel-prozil-v-cesku-horky-navrat-na-biky\/\">Nov\u00e9ho M\u011bsta na Morav\u011b<\/a>, aby p\u0159i z\u00e1vod\u011b sv\u011btov\u00e9ho poh\u00e1ru o\u017eivili schopnosti v sedle horsk\u00e9ho kola. A zase to bylo fiasko. Spadl u\u017e v zav\u00e1d\u011bc\u00edm kole. Je\u0161t\u011b se vr\u00e1til, ale pak na jednom ze skok\u016f \u017euchnul znovu. Tak ne\u0161\u0165astn\u011b, \u017ee utrp\u011bl frakturu \u010dlunkov\u00e9 kosti v z\u00e1p\u011bst\u00ed.<\/p>\n<p>Jeden by si pomyslel, \u017ee znamen\u00ed, aby nepokou\u0161el \u0161t\u011bst\u00ed, u\u017e bylo dost. Jakkoliv je prvn\u00ed l\u00e1ska kr\u00e1sn\u00e1, neop\u011btovan\u00e1 m\u016f\u017ee b\u00fdt zna\u010dn\u011b bolestiv\u00e1. Ale Mathieu van der Poel se nevzd\u00e1v\u00e1. A rozhodn\u011b nenaslouch\u00e1 pochybova\u010d\u016fm kolem. &#8222;Sp\u00edm v noci klidn\u011b bez ohledu na to, co \u0159\u00edkaj\u00ed nebo si mysl\u00ed ostatn\u00ed. D\u011bl\u00e1m si, co chci,&#8220; prohl\u00e1sil sebejist\u011b nizozemsk\u00fd fenom\u00e9n.<\/p>\n<h2><strong>Mathieu van der Poel miluje rozmanitost<\/strong><\/h2>\n<p>Mathieu van der Poel netaj\u00ed, \u017ee ho p\u0159itahuje krat\u0161\u00ed a intenzivn\u011bj\u0161\u00ed \u00fasil\u00ed s pot\u0159ebou technick\u00fdch dovednost\u00ed. K tomu p\u0159ipo\u010dt\u011bte kr\u00e1snou p\u0159\u00edrodu a jedine\u010dn\u00e9 trat\u011b. &#8222;L\u00e1k\u00e1 m\u011b rozmanitost,&#8220; p\u0159ipustil nizozemsk\u00fd cyklista. Je to jako kysl\u00edk, kter\u00fd pot\u0159ebuje k \u017eivotu. V\u0161ak netaj\u00ed, \u017ee ho silni\u010dn\u00ed z\u00e1vody ob\u010das nud\u00ed. I proto pokou\u0161\u00ed \u0161t\u011bst\u00ed&#8230;<\/p>\n<p>&#8222;Nov\u00e9 M\u011bsto na Morav\u011b bylo n\u00e1hoda,&#8220; prohl\u00e1sil a v\u00e1hu sv\u00fdm slov\u016fm dodal \u0161estou p\u0159\u00ed\u010dkou p\u0159i gener\u00e1lce v z\u00e1vod\u011b sv\u011btov\u00e9ho poh\u00e1ru v Les Gets.<\/p>\n<figure id=\"attachment_30850\" aria-describedby=\"caption-attachment-30850\" style=\"width: 1800px\" class=\"wp-caption alignnone\"><a href=\"https:\/\/d2p6e6u75xmxt8.cloudfront.net\/13\/2025\/09\/profimedia-1033157338.webp\"><img loading=\"lazy\" decoding=\"async\" class=\"size-full wp-image-30850\" src=\"https:\/\/d2p6e6u75xmxt8.cloudfront.net\/13\/2025\/09\/profimedia-1033157338.webp\" alt=\"\" width=\"1800\" height=\"1348\" srcset=\"https:\/\/d2p6e6u75xmxt8.cloudfront.net\/13\/2025\/09\/profimedia-1033157338.webp 1800w, https:\/\/d2p6e6u75xmxt8.cloudfront.net\/13\/2025\/09\/profimedia-1033157338-300x225.webp 300w, https:\/\/d2p6e6u75xmxt8.cloudfront.net\/13\/2025\/09\/profimedia-1033157338-1024x767.webp 1024w, https:\/\/d2p6e6u75xmxt8.cloudfront.net\/13\/2025\/09\/profimedia-1033157338-768x575.webp 768w, https:\/\/d2p6e6u75xmxt8.cloudfront.net\/13\/2025\/09\/profimedia-1033157338-1536x1150.webp 1536w, https:\/\/d2p6e6u75xmxt8.cloudfront.net\/13\/2025\/09\/profimedia-1033157338-400x300.webp 400w\" sizes=\"auto, (max-width: 1800px) 100vw, 1800px\" \/><\/a><figcaption id=\"caption-attachment-30850\" class=\"wp-caption-text\"><em>Mathieu van der Poel p\u0159i z\u00e1vod\u011b SP v Les Gets.<\/em><\/figcaption><\/figure>\n<p>Nyn\u00ed u\u017e trojn\u00e1sobn\u00fd kr\u00e1l Monument\u016f Pa\u0159\u00ed\u017e-Roubaix i Kolem Flander, \u00fa\u0159aduj\u00edc\u00ed mistr sv\u011bta a dvojn\u00e1sobn\u00fd v\u00edt\u011bz Mil\u00e1n-San Remo se neboj\u00ed riskovat. &#8222;Mathieu je pod obrovsk\u00fdm tlakem, proto\u017ee se na n\u011bj v\u0161ichni d\u00edvaj\u00ed. Mohl b\u00fdt n\u011bkde na dovolen\u00e9 s ohledem na jeho postaven\u00ed. Ale cross country ho bav\u00ed. V\u011bnuje se mu bez ohledu na n\u00e1zor ostatn\u00edch. Je u\u0161lechtil\u00e9, kdy\u017e zast\u00e1v\u00e1 tenhle postoj. A je skv\u011bl\u00e9, \u017ee bude reprezentovat,&#8220; vyzdvihuje odhodl\u00e1n\u00ed fenomen\u00e1ln\u00edho z\u00e1vodn\u00edka nizozemsk\u00fd reprezenta\u010dn\u00ed tren\u00e9r Gerben de Knegt.<\/p>\n<div class=\"shortcode-ys-post-pinup\"><article class=\"loop-simple post-30948 post type-post status-publish format-standard has-post-thumbnail hentry category-horska-cyklistika tag-cyklistika tag-frantisek-rabon tag-horska-cyklistika tag-penize tag-platy-bikeru tag-silnicni-cyklistika tag-uci-mtb-2025 global-categories-cycling\" data-postid=\"30948\" role=\"article\" data-post-id=\"30948\" data-word-count=\"655\" data-headline-length=\"52\" data-category=\"Horsk\u00e1 cyklistika\" data-global-category=\"Cycling\" data-author=\"Radek Malina\" data-published=\"2025-09-10T10:00:11+02:00\" data-published-day=\"Wednesday\">\n    <div class=\"entry-thumbnail article-thumbnail\" content=\"https:\/\/d2p6e6u75xmxt8.cloudfront.net\/13\/2022\/05\/21_Nino-Schurter-150x150.webp\"><a href=\"https:\/\/www.welovecycling.com\/cs\/2025\/09\/10\/platy-bikeru-zalostne-proti-slechte-na-silnici\/\" class=\"image-holder\" target=\"_self\"><img decoding=\"async\" loading=\"lazy\" class=\"\" src=\"https:\/\/d2p6e6u75xmxt8.cloudfront.net\/13\/2022\/05\/21_Nino-Schurter-1024x683.webp\" srcset=\"https:\/\/d2p6e6u75xmxt8.cloudfront.net\/13\/2022\/05\/21_Nino-Schurter.webp 1600w, https:\/\/d2p6e6u75xmxt8.cloudfront.net\/13\/2022\/05\/21_Nino-Schurter-300x200.webp 300w, https:\/\/d2p6e6u75xmxt8.cloudfront.net\/13\/2022\/05\/21_Nino-Schurter-1024x683.webp 1024w, https:\/\/d2p6e6u75xmxt8.cloudfront.net\/13\/2022\/05\/21_Nino-Schurter-768x512.webp 768w, https:\/\/d2p6e6u75xmxt8.cloudfront.net\/13\/2022\/05\/21_Nino-Schurter-1536x1024.webp 1536w, https:\/\/d2p6e6u75xmxt8.cloudfront.net\/13\/2022\/05\/21_Nino-Schurter-272x182.webp 272w\" width=\"1024\" height=\"683\" sizes=\"auto, (min-width: 1200px) 300px, (min-width: 768px) 25vw, 100vw\" alt=\"platy-bikeru-zalostne-proti-slechte-na-silnici\"\/><\/a><\/div>    <div class=\"entry-meta\">\n        <a class=\"label label-secondary post-category\" href=\"https:\/\/www.welovecycling.com\/cs\/category\/horska-cyklistika\/\" title=\"Horsk\u00e1 cyklistika\">Horsk\u00e1 cyklistika<\/a>\n    <\/div>\n    <div class=\"entry-details\">\n        <a href=\"https:\/\/www.welovecycling.com\/cs\/2025\/09\/10\/platy-bikeru-zalostne-proti-slechte-na-silnici\/\" class='entry-title-wrapper'>\n            <h3 class=\"entry-title\"><span>Platy biker\u016f? \u017dalostn\u00e9 proti \u0161lecht\u011b na silnici<\/span><\/h3>\n        <\/a>\n    <\/div>\n    <\/article>\n<\/div>\n<p>T\u00fdm Alpecin-Deceuninck d\u00e1v\u00e1 sv\u00e9 nejv\u011bt\u0161\u00ed hv\u011bzd\u011b svobodu. I to je jeden z d\u016fvod\u016f, pro\u010d Mathieu van der Poel uzav\u0159el s belgick\u00fdm t\u00fdmem prakticky do\u017eivotn\u00ed kontrakt. Jinde by mo\u017en\u00e1 stejn\u00e9 pochopen\u00ed pro svoje dal\u0161\u00ed cyklistick\u00e9 z\u00e1liby nena\u0161el. M\u00e1 duhov\u00fd trikot z cyklokrosu, ze silnice, z gravelu a pokud usp\u011bje na horsk\u00fdch kolech, podtrhne svoji jedine\u010dnost.<\/p>\n","protected":false},"excerpt":{"rendered":"<p>T\u0159i v\u00e1\u017en\u00e9 nehody za \u010dty\u0159i roky! Prvn\u00ed tak dramatick\u00e1, \u017ee panovaly obavy o jeho kari\u00e9ru. Posledn\u00ed zase znamenala zlomeninu ruky. [&hellip;]<\/p>\n","protected":false},"author":138,"featured_media":30978,"comment_status":"open","ping_status":"open","sticky":false,"template":"","format":"standard","meta":{"footnotes":""},"categories":[11],"tags":[157,126,56,57,178,4360,9,23,4340],"global-categories":[411],"class_list":["post-30976","post","type-post","status-publish","format-standard","has-post-thumbnail","hentry","category-horska-cyklistika","tag-cross-country","tag-cyklistika","tag-horska-cyklistika","tag-horska-kola","tag-mathieu-van-der-poel","tag-mistrovstvi-sveta-2025","tag-silnicni-cyklistika","tag-tour-de-france","tag-uci-mtb-2025","global-categories-cycling"],"yoast_head":"<!-- This site is optimized with the Yoast SEO Premium plugin v25.3 (Yoast SEO v25.9) - https:\/\/yoast.com\/wordpress\/plugins\/seo\/ -->\n<title>T\u0159ikr\u00e1t jej prvn\u00ed l\u00e1ska zradila. A p\u0159ece se van der Poel nevzd\u00e1v\u00e1 | \u0160koda We Love Cycling - \u010cesk\u00e1 republika<\/title>\n<meta name=\"description\" content=\"T\u0159i v\u00e1\u017en\u00e9 nehody za \u010dty\u0159i roky! Prvn\u00ed tak dramatick\u00e1, \u017ee panovaly obavy o jeho kari\u00e9ru. Posledn\u00ed zase znamenala zlomeninu ruky. A p\u0159ece se Mathieu van der Poel l\u00e1sky na prvn\u00ed pohled - horsk\u00e9 cyklistiky - nechce vzd\u00e1t. A\u017e p\u0159\u00edli\u0161 silnou v\u00e1bni\u010dkou je duhov\u00fd titul mistra sv\u011bta.\" \/>\n<meta name=\"robots\" content=\"index, follow, max-snippet:-1, max-image-preview:large, max-video-preview:-1\" \/>\n<link rel=\"canonical\" href=\"https:\/\/www.welovecycling.com\/cs\/2025\/09\/13\/trikrat-jej-prvni-laska-zradila-a-prece-se-van-der-poel-nevzdava\/\" \/>\n<meta property=\"og:locale\" content=\"cs_CZ\" \/>\n<meta property=\"og:type\" content=\"article\" \/>\n<meta property=\"og:title\" content=\"T\u0159ikr\u00e1t jej prvn\u00ed l\u00e1ska zradila. A p\u0159ece se van der Poel nevzd\u00e1v\u00e1\" \/>\n<meta property=\"og:description\" content=\"T\u0159i v\u00e1\u017en\u00e9 nehody za \u010dty\u0159i roky! Prvn\u00ed tak dramatick\u00e1, \u017ee panovaly obavy o jeho kari\u00e9ru. Posledn\u00ed zase znamenala zlomeninu ruky. A p\u0159ece se Mathieu van der Poel l\u00e1sky na prvn\u00ed pohled - horsk\u00e9 cyklistiky - nechce vzd\u00e1t. A\u017e p\u0159\u00edli\u0161 silnou v\u00e1bni\u010dkou je duhov\u00fd titul mistra sv\u011bta.\" \/>\n<meta property=\"og:url\" content=\"https:\/\/www.welovecycling.com\/cs\/2025\/09\/13\/trikrat-jej-prvni-laska-zradila-a-prece-se-van-der-poel-nevzdava\/\" \/>\n<meta property=\"og:site_name\" content=\"\u0160koda We Love Cycling - \u010cesk\u00e1 republika\" \/>\n<meta property=\"article:published_time\" content=\"2025-09-13T03:00:05+00:00\" \/>\n<meta property=\"og:image\" content=\"https:\/\/d2p6e6u75xmxt8.cloudfront.net\/13\/2025\/09\/profimedia-0678039676.webp\" \/>\n\t<meta property=\"og:image:width\" content=\"1800\" \/>\n\t<meta property=\"og:image:height\" content=\"1200\" \/>\n\t<meta property=\"og:image:type\" content=\"image\/webp\" \/>\n<meta name=\"author\" content=\"radekmalina\" \/>\n<meta name=\"twitter:card\" content=\"summary_large_image\" \/>\n<meta name=\"twitter:label1\" content=\"Written by\" \/>\n\t<meta name=\"twitter:data1\" content=\"Radek Malina\" \/>\n\t<meta name=\"twitter:label2\" content=\"Est. reading time\" \/>\n\t<meta name=\"twitter:data2\" content=\"5\" \/>\n<script type=\"application\/ld+json\" class=\"yoast-schema-graph\">{\"@context\":\"https:\/\/schema.org\",\"@graph\":[{\"@type\":\"WebPage\",\"@id\":\"https:\/\/www.welovecycling.com\/cs\/2025\/09\/13\/trikrat-jej-prvni-laska-zradila-a-prece-se-van-der-poel-nevzdava\/\",\"url\":\"https:\/\/www.welovecycling.com\/cs\/2025\/09\/13\/trikrat-jej-prvni-laska-zradila-a-prece-se-van-der-poel-nevzdava\/\",\"name\":\"T\u0159ikr\u00e1t jej prvn\u00ed l\u00e1ska zradila. A p\u0159ece se van der Poel nevzd\u00e1v\u00e1 | \u0160koda We Love Cycling - \u010cesk\u00e1 republika\",\"isPartOf\":{\"@id\":\"https:\/\/www.welovecycling.com\/cs\/#website\"},\"primaryImageOfPage\":{\"@id\":\"https:\/\/www.welovecycling.com\/cs\/2025\/09\/13\/trikrat-jej-prvni-laska-zradila-a-prece-se-van-der-poel-nevzdava\/#primaryimage\"},\"image\":{\"@id\":\"https:\/\/www.welovecycling.com\/cs\/2025\/09\/13\/trikrat-jej-prvni-laska-zradila-a-prece-se-van-der-poel-nevzdava\/#primaryimage\"},\"thumbnailUrl\":\"https:\/\/d2p6e6u75xmxt8.cloudfront.net\/13\/2025\/09\/profimedia-0678039676.webp\",\"datePublished\":\"2025-09-13T03:00:05+00:00\",\"author\":{\"@id\":\"https:\/\/www.welovecycling.com\/cs\/#\/schema\/person\/d9eeb0a378f3a7e4a6d12d2b536b04b8\"},\"description\":\"T\u0159i v\u00e1\u017en\u00e9 nehody za \u010dty\u0159i roky! Prvn\u00ed tak dramatick\u00e1, \u017ee panovaly obavy o jeho kari\u00e9ru. Posledn\u00ed zase znamenala zlomeninu ruky. A p\u0159ece se Mathieu van der Poel l\u00e1sky na prvn\u00ed pohled - horsk\u00e9 cyklistiky - nechce vzd\u00e1t. A\u017e p\u0159\u00edli\u0161 silnou v\u00e1bni\u010dkou je duhov\u00fd titul mistra sv\u011bta.\",\"inLanguage\":\"cs\",\"potentialAction\":[{\"@type\":\"ReadAction\",\"target\":[\"https:\/\/www.welovecycling.com\/cs\/2025\/09\/13\/trikrat-jej-prvni-laska-zradila-a-prece-se-van-der-poel-nevzdava\/\"]}]},{\"@type\":\"ImageObject\",\"inLanguage\":\"cs\",\"@id\":\"https:\/\/www.welovecycling.com\/cs\/2025\/09\/13\/trikrat-jej-prvni-laska-zradila-a-prece-se-van-der-poel-nevzdava\/#primaryimage\",\"url\":\"https:\/\/d2p6e6u75xmxt8.cloudfront.net\/13\/2025\/09\/profimedia-0678039676.webp\",\"contentUrl\":\"https:\/\/d2p6e6u75xmxt8.cloudfront.net\/13\/2025\/09\/profimedia-0678039676.webp\",\"width\":1800,\"height\":1200,\"caption\":\"Mathieu van der Poel\"},{\"@type\":\"WebSite\",\"@id\":\"https:\/\/www.welovecycling.com\/cs\/#website\",\"url\":\"https:\/\/www.welovecycling.com\/cs\/\",\"name\":\"\u0160koda We Love Cycling - \u010cesk\u00e1 republika\",\"description\":\"WeLoveCycling.cz je online magaz\u00edn, kter\u00fd v\u00e1m pravideln\u011b p\u0159in\u00e1\u0161\u00ed rady a tipy, zaj\u00edmav\u00e9 \u010dl\u00e1nky, videa a jedine\u010dn\u00e9 report\u00e1\u017ee ze sv\u011bta cyklistiky.\",\"potentialAction\":[{\"@type\":\"SearchAction\",\"target\":{\"@type\":\"EntryPoint\",\"urlTemplate\":\"https:\/\/www.welovecycling.com\/cs\/?s={search_term_string}\"},\"query-input\":{\"@type\":\"PropertyValueSpecification\",\"valueRequired\":true,\"valueName\":\"search_term_string\"}}],\"inLanguage\":\"cs\"},{\"@type\":\"Person\",\"@id\":\"https:\/\/www.welovecycling.com\/cs\/#\/schema\/person\/d9eeb0a378f3a7e4a6d12d2b536b04b8\",\"name\":\"radekmalina\",\"image\":{\"@type\":\"ImageObject\",\"inLanguage\":\"cs\",\"@id\":\"https:\/\/www.welovecycling.com\/cs\/#\/schema\/person\/image\/\",\"url\":\"https:\/\/secure.gravatar.com\/avatar\/66994b632cb8c39a46b9f54afa3ae07201b678d32a54275b6f1c9ffec356bfc0?s=96&d=mm&r=g\",\"contentUrl\":\"https:\/\/secure.gravatar.com\/avatar\/66994b632cb8c39a46b9f54afa3ae07201b678d32a54275b6f1c9ffec356bfc0?s=96&d=mm&r=g\",\"caption\":\"radekmalina\"},\"url\":\"https:\/\/www.welovecycling.com\/cs\/author\/radekmalina\/\"}]}<\/script>\n<!-- \/ Yoast SEO Premium plugin. -->","yoast_head_json":{"title":"T\u0159ikr\u00e1t jej prvn\u00ed l\u00e1ska zradila. A p\u0159ece se van der Poel nevzd\u00e1v\u00e1 | \u0160koda We Love Cycling - \u010cesk\u00e1 republika","description":"T\u0159i v\u00e1\u017en\u00e9 nehody za \u010dty\u0159i roky! Prvn\u00ed tak dramatick\u00e1, \u017ee panovaly obavy o jeho kari\u00e9ru. Posledn\u00ed zase znamenala zlomeninu ruky. A p\u0159ece se Mathieu van der Poel l\u00e1sky na prvn\u00ed pohled - horsk\u00e9 cyklistiky - nechce vzd\u00e1t. A\u017e p\u0159\u00edli\u0161 silnou v\u00e1bni\u010dkou je duhov\u00fd titul mistra sv\u011bta.","robots":{"index":"index","follow":"follow","max-snippet":"max-snippet:-1","max-image-preview":"max-image-preview:large","max-video-preview":"max-video-preview:-1"},"canonical":"https:\/\/www.welovecycling.com\/cs\/2025\/09\/13\/trikrat-jej-prvni-laska-zradila-a-prece-se-van-der-poel-nevzdava\/","og_locale":"cs_CZ","og_type":"article","og_title":"T\u0159ikr\u00e1t jej prvn\u00ed l\u00e1ska zradila. A p\u0159ece se van der Poel nevzd\u00e1v\u00e1","og_description":"T\u0159i v\u00e1\u017en\u00e9 nehody za \u010dty\u0159i roky! Prvn\u00ed tak dramatick\u00e1, \u017ee panovaly obavy o jeho kari\u00e9ru. Posledn\u00ed zase znamenala zlomeninu ruky. A p\u0159ece se Mathieu van der Poel l\u00e1sky na prvn\u00ed pohled - horsk\u00e9 cyklistiky - nechce vzd\u00e1t. A\u017e p\u0159\u00edli\u0161 silnou v\u00e1bni\u010dkou je duhov\u00fd titul mistra sv\u011bta.","og_url":"https:\/\/www.welovecycling.com\/cs\/2025\/09\/13\/trikrat-jej-prvni-laska-zradila-a-prece-se-van-der-poel-nevzdava\/","og_site_name":"\u0160koda We Love Cycling - \u010cesk\u00e1 republika","article_published_time":"2025-09-13T03:00:05+00:00","og_image":[{"width":1800,"height":1200,"url":"https:\/\/d2p6e6u75xmxt8.cloudfront.net\/13\/2025\/09\/profimedia-0678039676.webp","type":"image\/webp"}],"author":"radekmalina","twitter_card":"summary_large_image","twitter_misc":{"Written by":"Radek Malina","Est. reading time":"5"},"schema":{"@context":"https:\/\/schema.org","@graph":[{"@type":"WebPage","@id":"https:\/\/www.welovecycling.com\/cs\/2025\/09\/13\/trikrat-jej-prvni-laska-zradila-a-prece-se-van-der-poel-nevzdava\/","url":"https:\/\/www.welovecycling.com\/cs\/2025\/09\/13\/trikrat-jej-prvni-laska-zradila-a-prece-se-van-der-poel-nevzdava\/","name":"T\u0159ikr\u00e1t jej prvn\u00ed l\u00e1ska zradila. A p\u0159ece se van der Poel nevzd\u00e1v\u00e1 | \u0160koda We Love Cycling - \u010cesk\u00e1 republika","isPartOf":{"@id":"https:\/\/www.welovecycling.com\/cs\/#website"},"primaryImageOfPage":{"@id":"https:\/\/www.welovecycling.com\/cs\/2025\/09\/13\/trikrat-jej-prvni-laska-zradila-a-prece-se-van-der-poel-nevzdava\/#primaryimage"},"image":{"@id":"https:\/\/www.welovecycling.com\/cs\/2025\/09\/13\/trikrat-jej-prvni-laska-zradila-a-prece-se-van-der-poel-nevzdava\/#primaryimage"},"thumbnailUrl":"https:\/\/d2p6e6u75xmxt8.cloudfront.net\/13\/2025\/09\/profimedia-0678039676.webp","datePublished":"2025-09-13T03:00:05+00:00","author":{"@id":"https:\/\/www.welovecycling.com\/cs\/#\/schema\/person\/d9eeb0a378f3a7e4a6d12d2b536b04b8"},"description":"T\u0159i v\u00e1\u017en\u00e9 nehody za \u010dty\u0159i roky! Prvn\u00ed tak dramatick\u00e1, \u017ee panovaly obavy o jeho kari\u00e9ru. Posledn\u00ed zase znamenala zlomeninu ruky. A p\u0159ece se Mathieu van der Poel l\u00e1sky na prvn\u00ed pohled - horsk\u00e9 cyklistiky - nechce vzd\u00e1t. A\u017e p\u0159\u00edli\u0161 silnou v\u00e1bni\u010dkou je duhov\u00fd titul mistra sv\u011bta.","inLanguage":"cs","potentialAction":[{"@type":"ReadAction","target":["https:\/\/www.welovecycling.com\/cs\/2025\/09\/13\/trikrat-jej-prvni-laska-zradila-a-prece-se-van-der-poel-nevzdava\/"]}]},{"@type":"ImageObject","inLanguage":"cs","@id":"https:\/\/www.welovecycling.com\/cs\/2025\/09\/13\/trikrat-jej-prvni-laska-zradila-a-prece-se-van-der-poel-nevzdava\/#primaryimage","url":"https:\/\/d2p6e6u75xmxt8.cloudfront.net\/13\/2025\/09\/profimedia-0678039676.webp","contentUrl":"https:\/\/d2p6e6u75xmxt8.cloudfront.net\/13\/2025\/09\/profimedia-0678039676.webp","width":1800,"height":1200,"caption":"Mathieu van der Poel"},{"@type":"WebSite","@id":"https:\/\/www.welovecycling.com\/cs\/#website","url":"https:\/\/www.welovecycling.com\/cs\/","name":"\u0160koda We Love Cycling - \u010cesk\u00e1 republika","description":"WeLoveCycling.cz je online magaz\u00edn, kter\u00fd v\u00e1m pravideln\u011b p\u0159in\u00e1\u0161\u00ed rady a tipy, zaj\u00edmav\u00e9 \u010dl\u00e1nky, videa a jedine\u010dn\u00e9 report\u00e1\u017ee ze sv\u011bta cyklistiky.","potentialAction":[{"@type":"SearchAction","target":{"@type":"EntryPoint","urlTemplate":"https:\/\/www.welovecycling.com\/cs\/?s={search_term_string}"},"query-input":{"@type":"PropertyValueSpecification","valueRequired":true,"valueName":"search_term_string"}}],"inLanguage":"cs"},{"@type":"Person","@id":"https:\/\/www.welovecycling.com\/cs\/#\/schema\/person\/d9eeb0a378f3a7e4a6d12d2b536b04b8","name":"radekmalina","image":{"@type":"ImageObject","inLanguage":"cs","@id":"https:\/\/www.welovecycling.com\/cs\/#\/schema\/person\/image\/","url":"https:\/\/secure.gravatar.com\/avatar\/66994b632cb8c39a46b9f54afa3ae07201b678d32a54275b6f1c9ffec356bfc0?s=96&d=mm&r=g","contentUrl":"https:\/\/secure.gravatar.com\/avatar\/66994b632cb8c39a46b9f54afa3ae07201b678d32a54275b6f1c9ffec356bfc0?s=96&d=mm&r=g","caption":"radekmalina"},"url":"https:\/\/www.welovecycling.com\/cs\/author\/radekmalina\/"}]}},"_links":{"self":[{"href":"https:\/\/www.welovecycling.com\/cs\/wp-json\/wp\/v2\/posts\/30976","targetHints":{"allow":["GET"]}}],"collection":[{"href":"https:\/\/www.welovecycling.com\/cs\/wp-json\/wp\/v2\/posts"}],"about":[{"href":"https:\/\/www.welovecycling.com\/cs\/wp-json\/wp\/v2\/types\/post"}],"author":[{"embeddable":true,"href":"https:\/\/www.welovecycling.com\/cs\/wp-json\/wp\/v2\/users\/138"}],"replies":[{"embeddable":true,"href":"https:\/\/www.welovecycling.com\/cs\/wp-json\/wp\/v2\/comments?post=30976"}],"version-history":[{"count":3,"href":"https:\/\/www.welovecycling.com\/cs\/wp-json\/wp\/v2\/posts\/30976\/revisions"}],"predecessor-version":[{"id":30981,"href":"https:\/\/www.welovecycling.com\/cs\/wp-json\/wp\/v2\/posts\/30976\/revisions\/30981"}],"wp:featuredmedia":[{"embeddable":true,"href":"https:\/\/www.welovecycling.com\/cs\/wp-json\/wp\/v2\/media\/30978"}],"wp:attachment":[{"href":"https:\/\/www.welovecycling.com\/cs\/wp-json\/wp\/v2\/media?parent=30976"}],"wp:term":[{"taxonomy":"category","embeddable":true,"href":"https:\/\/www.welovecycling.com\/cs\/wp-json\/wp\/v2\/categories?post=30976"},{"taxonomy":"post_tag","embeddable":true,"href":"https:\/\/www.welovecycling.com\/cs\/wp-json\/wp\/v2\/tags?post=30976"},{"taxonomy":"global-categories","embeddable":true,"href":"https:\/\/www.welovecycling.com\/cs\/wp-json\/wp\/v2\/global-categories?post=30976"}],"curies":[{"name":"wp","href":"https:\/\/api.w.org\/{rel}","templated":true}]}}