{"id":30957,"date":"2025-09-11T15:36:20","date_gmt":"2025-09-11T13:36:20","guid":{"rendered":"https:\/\/www.welovecycling.com\/cs\/?p=30957"},"modified":"2025-09-11T15:40:55","modified_gmt":"2025-09-11T13:40:55","slug":"pogacar-bojujici-s-draky-volno-jsem-si-uzil-smeje-se-slovinec","status":"publish","type":"post","link":"https:\/\/www.welovecycling.com\/cs\/2025\/09\/11\/pogacar-bojujici-s-draky-volno-jsem-si-uzil-smeje-se-slovinec\/","title":{"rendered":"Poga\u010dar bojuj\u00edc\u00ed s draky? Volno jsem si u\u017eil, sm\u011bje se Slovinec"},"content":{"rendered":"<p><strong>Uvoln\u011bn\u00fd, rozesm\u00e1t\u00fd a snad dostate\u010dn\u011b odpo\u010dat\u00fd. Kr\u00e1l je zp\u011bt! Tadej Poga\u010dar, slovinsk\u00fd fenom\u00e9n formace UAE Emirates XRG, se vrac\u00ed k z\u00e1vod\u011bn\u00ed. Po t\u00e9m\u011b\u0159 dvou m\u011bs\u00edc\u00edch volna, kter\u00e9 si zpest\u0159il vyd\u00e1n\u00edm poh\u00e1dkov\u00e9 knihy pro d\u011bti. Nabral dostatek energie, aby zapudil d\u00e9mony a my\u0161lenky na konec kari\u00e9ry?<\/strong><\/p>\n<p>&#8222;Po Tour jsem str\u00e1vil hodn\u011b klidn\u00e9 dny doma. Pak jsem se v\u011bnoval tr\u00e9ninku. C\u00edt\u00edm se velmi dob\u0159e,&#8220; prohl\u00e1sil \u010dty\u0159n\u00e1sobn\u00fd v\u00edt\u011bz Tour de France s \u00fasm\u011bvem po p\u0159\u00edletu do Kanady.<\/p>\n<h2><strong>Poga\u010dar vydal speci\u00e1ln\u00ed knihu<\/strong><\/h2>\n<p>Volno tr\u00e1vil po boku partnerky, pokud zrovna nez\u00e1vodila. Cyklistick\u00fdmi vyj\u00ed\u017e\u010fkami v rodn\u00e9m Slovinsku, p\u0159\u00edpadn\u011b v do\u010dasn\u00e9m domov\u011b, j\u00edm\u017e je Monako. Nebo na kr\u00e1tk\u00e9m soust\u0159ed\u011bn\u00ed v Sierra Nevad\u011b. S partnerkou U\u0161kou \u017digartovou, z\u00e1vodnic\u00ed World Tour t\u00fdmu AG Insurance Soudal, vydali poh\u00e1dkovou knihu Dobrodru\u017estv\u00ed Pogiho a Piky. Co je n\u00e1m\u011btem publikace? Tadej Poga\u010dar s p\u0159\u00edtelkyn\u00ed proj\u00ed\u017ed\u00ed v sedle kola magick\u00e9 sv\u011bty a sna\u017e\u00ed se p\u0159echytra\u010dit draky \u010di obry. Slovinsk\u00fd fenom\u00e9n p\u0159iznal, \u017ee snahou je inspirovat dal\u0161\u00ed generace mlad\u00fdch cyklist\u016f.<\/p>\n<p>Pogi a Pika v ilustrovan\u00fdch poh\u00e1dk\u00e1ch nev\u00edt\u011bz\u00ed jen silou a m\u00fdtick\u00fdmi zbran\u011bmi, ale zejm\u00e9na vytrvalost\u00ed a spoluprac\u00ed. St\u0159edobodem jsou pak pochopiteln\u011b dv\u011b kola. A poselstv\u00ed publikace? Cyklistika nen\u00ed jen sport. Je to prost\u0159edek k nez\u00e1vislosti, dobrodru\u017estv\u00ed a fantazii.\u00a0<strong>Dobrodru\u017estv\u00ed Pogiho a Piky<\/strong> zat\u00edm vy\u0161lo jen ve slovin\u0161tin\u011b, ov\u0161em z\u00e1jem mezin\u00e1rodn\u00edch vydavatel\u016f a glob\u00e1ln\u00ed fanou\u0161kovsk\u00e9 z\u00e1kladn\u011b, kterou m\u00e1 Tadej Poga\u010dar, m\u016f\u017ee ud\u011blat z knihy sv\u011btov\u00fd fenom\u00e9n.<\/p>\n<figure id=\"attachment_30284\" aria-describedby=\"caption-attachment-30284\" style=\"width: 1800px\" class=\"wp-caption alignnone\"><a href=\"https:\/\/d2p6e6u75xmxt8.cloudfront.net\/13\/2025\/07\/profimedia-1022878062.webp\"><img loading=\"lazy\" decoding=\"async\" class=\"size-full wp-image-30284\" src=\"https:\/\/d2p6e6u75xmxt8.cloudfront.net\/13\/2025\/07\/profimedia-1022878062.webp\" alt=\"\" width=\"1800\" height=\"1200\" srcset=\"https:\/\/d2p6e6u75xmxt8.cloudfront.net\/13\/2025\/07\/profimedia-1022878062.webp 1800w, https:\/\/d2p6e6u75xmxt8.cloudfront.net\/13\/2025\/07\/profimedia-1022878062-300x200.webp 300w, https:\/\/d2p6e6u75xmxt8.cloudfront.net\/13\/2025\/07\/profimedia-1022878062-1024x683.webp 1024w, https:\/\/d2p6e6u75xmxt8.cloudfront.net\/13\/2025\/07\/profimedia-1022878062-768x512.webp 768w, https:\/\/d2p6e6u75xmxt8.cloudfront.net\/13\/2025\/07\/profimedia-1022878062-1536x1024.webp 1536w, https:\/\/d2p6e6u75xmxt8.cloudfront.net\/13\/2025\/07\/profimedia-1022878062-400x267.webp 400w, https:\/\/d2p6e6u75xmxt8.cloudfront.net\/13\/2025\/07\/profimedia-1022878062-272x182.webp 272w\" sizes=\"auto, (max-width: 1800px) 100vw, 1800px\" \/><\/a><figcaption id=\"caption-attachment-30284\" class=\"wp-caption-text\"><em>Tadej Poga\u010dar p\u0159i kl\u00ed\u010dov\u00e9m triumfu v etap\u011b na Hautacamu. Foto: profimedia<\/em><\/figcaption><\/figure>\n<p>Tak jako je samotn\u00e1 kl\u00ed\u010dov\u00e1 postava. Slovinec p\u0159iznal, \u017ee odpo\u010dinek po<strong> Tour de France 2025<\/strong>\u00a0nutn\u011b pot\u0159eboval. &#8222;Ka\u017ed\u00fd by m\u011bl m\u00edt mo\u017enost slo\u017eit si hlavu. Zvl\u00e1\u0161t\u011b ve sportovn\u00edm sv\u011bt\u011b, kde sportovci mus\u00ed v\u017edy pod\u00e1vat v\u00fdkony na nejvy\u0161\u0161\u00ed \u00farovni a pod nejv\u011bt\u0161\u00edm tlakem. Po Tour jsem si na to ud\u011blal \u010das.&#8220;<\/p>\n<div class=\"shortcode-ys-post-pinup\"><article class=\"loop-simple post-30673 post type-post status-publish format-standard has-post-thumbnail hentry category-silnicni-cyklistika tag-cyklistika tag-popularita tag-silnicni-cyklistika tag-tadej-pogacar tag-tour-de-france tag-vuelta global-categories-cycling\" data-postid=\"30673\" role=\"article\" data-post-id=\"30673\" data-word-count=\"390\" data-headline-length=\"63\" data-category=\"Silni\u010dn\u00ed cyklistika\" data-global-category=\"Cycling\" data-author=\"Radek Malina\" data-published=\"2025-08-20T12:07:29+02:00\" data-published-day=\"Wednesday\">\n    <div class=\"entry-thumbnail article-thumbnail\" content=\"https:\/\/d2p6e6u75xmxt8.cloudfront.net\/13\/2025\/08\/profimedia-1029720689-150x150.webp\"><a href=\"https:\/\/www.welovecycling.com\/cs\/2025\/08\/20\/prosim-nerusit-pogacar-v-originalnim-dresu-zada-o-klid\/\" class=\"image-holder\" target=\"_self\"><img decoding=\"async\" loading=\"lazy\" class=\"\" src=\"https:\/\/d2p6e6u75xmxt8.cloudfront.net\/13\/2025\/08\/profimedia-1029720689-1024x682.webp\" srcset=\"https:\/\/d2p6e6u75xmxt8.cloudfront.net\/13\/2025\/08\/profimedia-1029720689.webp 1800w, https:\/\/d2p6e6u75xmxt8.cloudfront.net\/13\/2025\/08\/profimedia-1029720689-300x200.webp 300w, https:\/\/d2p6e6u75xmxt8.cloudfront.net\/13\/2025\/08\/profimedia-1029720689-1024x682.webp 1024w, https:\/\/d2p6e6u75xmxt8.cloudfront.net\/13\/2025\/08\/profimedia-1029720689-768x512.webp 768w, https:\/\/d2p6e6u75xmxt8.cloudfront.net\/13\/2025\/08\/profimedia-1029720689-1536x1023.webp 1536w, https:\/\/d2p6e6u75xmxt8.cloudfront.net\/13\/2025\/08\/profimedia-1029720689-400x266.webp 400w, https:\/\/d2p6e6u75xmxt8.cloudfront.net\/13\/2025\/08\/profimedia-1029720689-272x182.webp 272w\" width=\"1024\" height=\"682\" sizes=\"auto, (min-width: 1200px) 300px, (min-width: 768px) 25vw, 100vw\" alt=\"prosim-nerusit-pogacar-v-originalnim-dresu-zada-o-klid\"\/><\/a><\/div>    <div class=\"entry-meta\">\n        <a class=\"label label-secondary post-category\" href=\"https:\/\/www.welovecycling.com\/cs\/category\/silnicni-cyklistika\/\" title=\"Silni\u010dn\u00ed cyklistika\">Silni\u010dn\u00ed cyklistika<\/a>\n    <\/div>\n    <div class=\"entry-details\">\n        <a href=\"https:\/\/www.welovecycling.com\/cs\/2025\/08\/20\/prosim-nerusit-pogacar-v-originalnim-dresu-zada-o-klid\/\" class='entry-title-wrapper'>\n            <h3 class=\"entry-title\"><span>Pros\u00edm neru\u0161it! Poga\u010dar v origin\u00e1ln\u00edm dresu \u017e\u00e1d\u00e1 o klid<\/span><\/h3>\n        <\/a>\n    <\/div>\n    <\/article>\n<\/div>\n<p>Bezprost\u0159edn\u011b po \u010dtvrt\u00e9m celkov\u00e9m v\u00edt\u011bzstv\u00ed v Tour de France mluvil o vy\u010derp\u00e1n\u00ed, extr\u00e9mn\u00ed \u00fanav\u011b a nevylou\u010dil, \u017ee kontrakt platn\u00fd do konce roku 2030 u t\u00fdmu <strong>UAE Emiratex XRG<\/strong> by mohl ukon\u010dit p\u0159ed\u010dasn\u011b. &#8222;Kdy\u017e z\u00e1vod\u00edte t\u0159i t\u00fddny v pln\u00e9 rychlosti, je norm\u00e1ln\u00ed, \u017ee je \u010dlov\u011bk unaven\u00fd. Nev\u00edm, pro\u010d moje vyj\u00e1d\u0159en\u00ed zp\u016fsobilo takov\u00fd rozruch. Po devaten\u00e1cti etap\u00e1ch a s je\u0161t\u011b s dojezdem na La Plagne jsem byl vy\u010derpan\u00fd. Ale to jste i po jednodenn\u00edm z\u00e1vod\u011b. Tak\u017ee je p\u0159ece norm\u00e1ln\u00ed se tak c\u00edtit po t\u0159ech t\u00fddnech stresu a nap\u011bt\u00ed na Tour de France,&#8220; kr\u010dil rameny b\u011bhem tiskov\u00e9 konference v Kanad\u011b.<\/p>\n<h2><strong>Kolik je\u0161t\u011b pojede z\u00e1vod\u016f?<\/strong><\/h2>\n<p>Letos pojede je\u0161t\u011b \u0161est z\u00e1vod\u016f. Grand Prix Quebec, Grand Prix Montreal, pak <strong>mistrovstv\u00ed sv\u011bta<\/strong> v \u010dasovce a v hromadn\u00e9m z\u00e1vod\u011b ve Rwand\u011b (21. a 28. z\u00e1\u0159\u00ed), mistrovstv\u00ed Evropy (5. \u0159\u00edjna) a sezonu definitivn\u011b uzav\u0159e \u00fatokem na p\u00e1t\u00fd triumf z Monumentu <strong>Kolem Lombardie<\/strong> (11. \u0159\u00edjna).<\/p>\n<p>&#8222;Douf\u00e1m, \u017ee nejlep\u0161\u00ed formu budu m\u00edt na mistrovstv\u00ed sv\u011bta. Rwanda je m\u016fj hlavn\u00ed c\u00edl. A snad dobr\u00e9 nohy vydr\u017e\u00ed a\u017e do Lombardie. M\u00e1m po\u0159\u00e1d velkou motivaci. Je slo\u017eit\u00e9 b\u00fdt na konci sezony ve form\u011b, ale moje odhodl\u00e1n\u00ed je obrovsk\u00e9,&#8220; nast\u00ednil <strong>Tadej Poga\u010dar<\/strong>, na co se hodl\u00e1 zam\u011b\u0159it.<\/p>\n<figure id=\"attachment_30286\" aria-describedby=\"caption-attachment-30286\" style=\"width: 1800px\" class=\"wp-caption alignnone\"><a href=\"https:\/\/d2p6e6u75xmxt8.cloudfront.net\/13\/2025\/07\/profimedia-1023206081-1.webp\"><img loading=\"lazy\" decoding=\"async\" class=\"size-full wp-image-30286\" src=\"https:\/\/d2p6e6u75xmxt8.cloudfront.net\/13\/2025\/07\/profimedia-1023206081-1.webp\" alt=\"\" width=\"1800\" height=\"1199\" srcset=\"https:\/\/d2p6e6u75xmxt8.cloudfront.net\/13\/2025\/07\/profimedia-1023206081-1.webp 1800w, https:\/\/d2p6e6u75xmxt8.cloudfront.net\/13\/2025\/07\/profimedia-1023206081-1-300x200.webp 300w, https:\/\/d2p6e6u75xmxt8.cloudfront.net\/13\/2025\/07\/profimedia-1023206081-1-1024x682.webp 1024w, https:\/\/d2p6e6u75xmxt8.cloudfront.net\/13\/2025\/07\/profimedia-1023206081-1-768x512.webp 768w, https:\/\/d2p6e6u75xmxt8.cloudfront.net\/13\/2025\/07\/profimedia-1023206081-1-1536x1023.webp 1536w, https:\/\/d2p6e6u75xmxt8.cloudfront.net\/13\/2025\/07\/profimedia-1023206081-1-400x266.webp 400w, https:\/\/d2p6e6u75xmxt8.cloudfront.net\/13\/2025\/07\/profimedia-1023206081-1-272x182.webp 272w\" sizes=\"auto, (max-width: 1800px) 100vw, 1800px\" \/><\/a><figcaption id=\"caption-attachment-30286\" class=\"wp-caption-text\"><em>Tadej Poga\u010dar se do historie Tour de France zapsal jako nejmlad\u0161\u00ed \u010dty\u0159n\u00e1sobn\u00fd \u0161ampion.<\/em><\/figcaption><\/figure>\n<p>P\u016fvodn\u011b m\u011bl v pl\u00e1nu i \u0161pan\u011blskou Vueltu, aby se pokusil zkompletovat v\u00edt\u011bzstv\u00ed ze v\u0161ech Grand Tour. Nakonec ale do bitvy o La Roja nenastoupil. &#8222;Rozhodl jsem se po v\u00edt\u011bzstv\u00ed v Pa\u0159\u00ed\u017ei. U\u017e p\u0159ed startem Tour de France mi t\u00fdm \u0159ekl, \u017ee se mohu vzd\u00e1t \u00fa\u010dasti ve \u0160pan\u011blsku. Cht\u011bl jsem jet, ale z\u00e1vodit tolik dn\u016f je v\u00e1\u017en\u011b t\u011b\u017ek\u00e9,&#8220; pouk\u00e1zal na skute\u010dnost, \u017ee u\u017e na konci \u010dervence m\u011bl v noh\u00e1ch 43 z\u00e1vodn\u00edch dn\u016f obn\u00e1\u0161ej\u00edc\u00edch neuv\u011b\u0159iteln\u00fd tlak na v\u00edt\u011bzstv\u00ed.<\/p>\n<div class=\"shortcode-ys-post-pinup\"><article class=\"loop-simple post-30857 post type-post status-publish format-standard has-post-thumbnail hentry category-silnicni-cyklistika tag-domestik tag-isaac-del-toro tag-joao-almeida tag-juan-ayuso tag-la-vuelta-2025 tag-lidr tag-tadej-pogacar tag-uae-emirates-xrg global-categories-cycling\" data-postid=\"30857\" role=\"article\" data-post-id=\"30857\" data-word-count=\"483\" data-headline-length=\"57\" data-category=\"Silni\u010dn\u00ed cyklistika\" data-global-category=\"Cycling\" data-author=\"Radek Malina\" data-published=\"2025-09-01T22:41:01+02:00\" data-published-day=\"Monday\">\n    <div class=\"entry-thumbnail article-thumbnail\" content=\"https:\/\/d2p6e6u75xmxt8.cloudfront.net\/13\/2025\/09\/20250829LV4001-150x150.webp\"><a href=\"https:\/\/www.welovecycling.com\/cs\/2025\/09\/01\/ayuso-se-vzbouril-a-dostal-padaka-odmital-slouzit\/\" class=\"image-holder\" target=\"_self\"><img decoding=\"async\" loading=\"lazy\" class=\"\" src=\"https:\/\/d2p6e6u75xmxt8.cloudfront.net\/13\/2025\/09\/20250829LV4001-1024x683.webp\" srcset=\"https:\/\/d2p6e6u75xmxt8.cloudfront.net\/13\/2025\/09\/20250829LV4001-scaled.webp 2560w, https:\/\/d2p6e6u75xmxt8.cloudfront.net\/13\/2025\/09\/20250829LV4001-300x200.webp 300w, https:\/\/d2p6e6u75xmxt8.cloudfront.net\/13\/2025\/09\/20250829LV4001-1024x683.webp 1024w, https:\/\/d2p6e6u75xmxt8.cloudfront.net\/13\/2025\/09\/20250829LV4001-768x512.webp 768w, https:\/\/d2p6e6u75xmxt8.cloudfront.net\/13\/2025\/09\/20250829LV4001-1536x1024.webp 1536w, https:\/\/d2p6e6u75xmxt8.cloudfront.net\/13\/2025\/09\/20250829LV4001-2048x1365.webp 2048w, https:\/\/d2p6e6u75xmxt8.cloudfront.net\/13\/2025\/09\/20250829LV4001-1920x1280.webp 1920w, https:\/\/d2p6e6u75xmxt8.cloudfront.net\/13\/2025\/09\/20250829LV4001-400x267.webp 400w, https:\/\/d2p6e6u75xmxt8.cloudfront.net\/13\/2025\/09\/20250829LV4001-272x182.webp 272w, https:\/\/d2p6e6u75xmxt8.cloudfront.net\/13\/2025\/09\/20250829LV4001-1920x1280.webp 1920w\" width=\"1024\" height=\"683\" sizes=\"auto, (min-width: 1200px) 300px, (min-width: 768px) 25vw, 100vw\" alt=\"ayuso-se-vzbouril-a-dostal-padaka-odmital-slouzit\"\/><\/a><\/div>    <div class=\"entry-meta\">\n        <a class=\"label label-secondary post-category\" href=\"https:\/\/www.welovecycling.com\/cs\/category\/silnicni-cyklistika\/\" title=\"Silni\u010dn\u00ed cyklistika\">Silni\u010dn\u00ed cyklistika<\/a>\n    <\/div>\n    <div class=\"entry-details\">\n        <a href=\"https:\/\/www.welovecycling.com\/cs\/2025\/09\/01\/ayuso-se-vzbouril-a-dostal-padaka-odmital-slouzit\/\" class='entry-title-wrapper'>\n            <h3 class=\"entry-title\"><span>Ayuso se vzbou\u0159il a dostal pad\u00e1ka. Odm\u00edtal poslu\u0161nost<\/span><\/h3>\n        <\/a>\n    <\/div>\n    <\/article>\n<\/div>\n<p>&#8222;Rozhodnut\u00ed vynechat Vueltu a d\u00e1t p\u0159\u00edle\u017eitost Almeidovi bylo spr\u00e1vn\u00e9. Je jedn\u00edm z nejlep\u0161\u00edch jezdc\u016f. Kluci do \u010dasovky vyhr\u00e1li sedm etap, vedli si skv\u011ble. Nepot\u0159ebovali m\u011b,&#8220; sm\u00e1l se Tadej Poga\u010dar, kter\u00fd v leto\u0161n\u00ed sezon\u011b vyhr\u00e1l UAE Tour, Strade Bianche, Kolem Flander, Valonsk\u00fd \u0161\u00edp, Lutych-Bastogne-Lutych, Crit\u00e9rium du Dauphin\u00e9 a Tour de France.<\/p>\n<p>Aktu\u00e1ln\u011b m\u00e1 na kont\u011b 104 v\u00edt\u011bzstv\u00ed. Zvl\u00e1dne p\u0159idat z \u0161esti podnik\u016f \u0161est dal\u0161\u00edch?<\/p>\n<p><em>Tituln\u00ed foto: A.S.O.\/Billy Ceusters<\/em><\/p>\n","protected":false},"excerpt":{"rendered":"<p>Uvoln\u011bn\u00fd, rozesm\u00e1t\u00fd a snad dostate\u010dn\u011b odpo\u010dat\u00fd. Kr\u00e1l je zp\u011bt! Tadej Poga\u010dar, slovinsk\u00fd fenom\u00e9n formace UAE Emirates XRG, se vrac\u00ed k [&hellip;]<\/p>\n","protected":false},"author":138,"featured_media":30961,"comment_status":"open","ping_status":"open","sticky":false,"template":"","format":"standard","meta":{"footnotes":""},"categories":[10],"tags":[126,1154,9,502,23,27,174],"global-categories":[411],"class_list":["post-30957","post","type-post","status-publish","format-standard","has-post-thumbnail","hentry","category-silnicni-cyklistika","tag-cyklistika","tag-mistrovstvi-sveta","tag-silnicni-cyklistika","tag-tadej-pogacar","tag-tour-de-france","tag-trenink","tag-unava","global-categories-cycling"],"yoast_head":"<!-- This site is optimized with the Yoast SEO Premium plugin v25.3 (Yoast SEO v25.9) - https:\/\/yoast.com\/wordpress\/plugins\/seo\/ -->\n<title>Poga\u010dar bojuj\u00edc\u00ed s draky? Volno jsem si u\u017eil, sm\u011bje se Slovinec | \u0160koda We Love Cycling - \u010cesk\u00e1 republika<\/title>\n<meta name=\"description\" content=\"Uvoln\u011bn\u00fd, rozesm\u00e1t\u00fd a snad dostate\u010dn\u011b odpo\u010dat\u00fd. Kr\u00e1l je zp\u011bt! Tadej Poga\u010dar, slovinsk\u00fd fenom\u00e9n formace UAE Emirates XRG, se vrac\u00ed k z\u00e1vod\u011bn\u00ed. Po t\u00e9m\u011b\u0159 dvou m\u011bs\u00edc\u00edch volna, kter\u00e9 si zpest\u0159il vyd\u00e1n\u00edm poh\u00e1dkov\u00e9 knihy pro d\u011bti. Nabral dostatek energie, aby zapudil d\u00e9mony a my\u0161lenky na konec kari\u00e9ry?\" \/>\n<meta name=\"robots\" content=\"index, follow, max-snippet:-1, max-image-preview:large, max-video-preview:-1\" \/>\n<link rel=\"canonical\" href=\"https:\/\/www.welovecycling.com\/cs\/2025\/09\/11\/pogacar-bojujici-s-draky-volno-jsem-si-uzil-smeje-se-slovinec\/\" \/>\n<meta property=\"og:locale\" content=\"cs_CZ\" \/>\n<meta property=\"og:type\" content=\"article\" \/>\n<meta property=\"og:title\" content=\"Poga\u010dar bojuj\u00edc\u00ed s draky? Volno jsem si u\u017eil, sm\u011bje se Slovinec\" \/>\n<meta property=\"og:description\" content=\"Uvoln\u011bn\u00fd, rozesm\u00e1t\u00fd a snad dostate\u010dn\u011b odpo\u010dat\u00fd. Kr\u00e1l je zp\u011bt! Tadej Poga\u010dar, slovinsk\u00fd fenom\u00e9n formace UAE Emirates XRG, se vrac\u00ed k z\u00e1vod\u011bn\u00ed. Po t\u00e9m\u011b\u0159 dvou m\u011bs\u00edc\u00edch volna, kter\u00e9 si zpest\u0159il vyd\u00e1n\u00edm poh\u00e1dkov\u00e9 knihy pro d\u011bti. Nabral dostatek energie, aby zapudil d\u00e9mony a my\u0161lenky na konec kari\u00e9ry?\" \/>\n<meta property=\"og:url\" content=\"https:\/\/www.welovecycling.com\/cs\/2025\/09\/11\/pogacar-bojujici-s-draky-volno-jsem-si-uzil-smeje-se-slovinec\/\" \/>\n<meta property=\"og:site_name\" content=\"\u0160koda We Love Cycling - \u010cesk\u00e1 republika\" \/>\n<meta property=\"article:published_time\" content=\"2025-09-11T13:36:20+00:00\" \/>\n<meta property=\"article:modified_time\" content=\"2025-09-11T13:40:55+00:00\" \/>\n<meta property=\"og:image\" content=\"https:\/\/d2p6e6u75xmxt8.cloudfront.net\/13\/2025\/09\/20250720TDF2041-scaled.webp\" \/>\n\t<meta property=\"og:image:width\" content=\"2560\" \/>\n\t<meta property=\"og:image:height\" content=\"1707\" \/>\n\t<meta property=\"og:image:type\" content=\"image\/webp\" \/>\n<meta name=\"author\" content=\"radekmalina\" \/>\n<meta name=\"twitter:card\" content=\"summary_large_image\" \/>\n<meta name=\"twitter:label1\" content=\"Written by\" \/>\n\t<meta name=\"twitter:data1\" content=\"Radek Malina\" \/>\n\t<meta name=\"twitter:label2\" content=\"Est. reading time\" \/>\n\t<meta name=\"twitter:data2\" content=\"6\" \/>\n<script type=\"application\/ld+json\" class=\"yoast-schema-graph\">{\"@context\":\"https:\/\/schema.org\",\"@graph\":[{\"@type\":\"WebPage\",\"@id\":\"https:\/\/www.welovecycling.com\/cs\/2025\/09\/11\/pogacar-bojujici-s-draky-volno-jsem-si-uzil-smeje-se-slovinec\/\",\"url\":\"https:\/\/www.welovecycling.com\/cs\/2025\/09\/11\/pogacar-bojujici-s-draky-volno-jsem-si-uzil-smeje-se-slovinec\/\",\"name\":\"Poga\u010dar bojuj\u00edc\u00ed s draky? Volno jsem si u\u017eil, sm\u011bje se Slovinec | \u0160koda We Love Cycling - \u010cesk\u00e1 republika\",\"isPartOf\":{\"@id\":\"https:\/\/www.welovecycling.com\/cs\/#website\"},\"primaryImageOfPage\":{\"@id\":\"https:\/\/www.welovecycling.com\/cs\/2025\/09\/11\/pogacar-bojujici-s-draky-volno-jsem-si-uzil-smeje-se-slovinec\/#primaryimage\"},\"image\":{\"@id\":\"https:\/\/www.welovecycling.com\/cs\/2025\/09\/11\/pogacar-bojujici-s-draky-volno-jsem-si-uzil-smeje-se-slovinec\/#primaryimage\"},\"thumbnailUrl\":\"https:\/\/d2p6e6u75xmxt8.cloudfront.net\/13\/2025\/09\/20250720TDF2041-scaled.webp\",\"datePublished\":\"2025-09-11T13:36:20+00:00\",\"dateModified\":\"2025-09-11T13:40:55+00:00\",\"author\":{\"@id\":\"https:\/\/www.welovecycling.com\/cs\/#\/schema\/person\/d9eeb0a378f3a7e4a6d12d2b536b04b8\"},\"description\":\"Uvoln\u011bn\u00fd, rozesm\u00e1t\u00fd a snad dostate\u010dn\u011b odpo\u010dat\u00fd. Kr\u00e1l je zp\u011bt! Tadej Poga\u010dar, slovinsk\u00fd fenom\u00e9n formace UAE Emirates XRG, se vrac\u00ed k z\u00e1vod\u011bn\u00ed. Po t\u00e9m\u011b\u0159 dvou m\u011bs\u00edc\u00edch volna, kter\u00e9 si zpest\u0159il vyd\u00e1n\u00edm poh\u00e1dkov\u00e9 knihy pro d\u011bti. Nabral dostatek energie, aby zapudil d\u00e9mony a my\u0161lenky na konec kari\u00e9ry?\",\"inLanguage\":\"cs\",\"potentialAction\":[{\"@type\":\"ReadAction\",\"target\":[\"https:\/\/www.welovecycling.com\/cs\/2025\/09\/11\/pogacar-bojujici-s-draky-volno-jsem-si-uzil-smeje-se-slovinec\/\"]}]},{\"@type\":\"ImageObject\",\"inLanguage\":\"cs\",\"@id\":\"https:\/\/www.welovecycling.com\/cs\/2025\/09\/11\/pogacar-bojujici-s-draky-volno-jsem-si-uzil-smeje-se-slovinec\/#primaryimage\",\"url\":\"https:\/\/d2p6e6u75xmxt8.cloudfront.net\/13\/2025\/09\/20250720TDF2041-scaled.webp\",\"contentUrl\":\"https:\/\/d2p6e6u75xmxt8.cloudfront.net\/13\/2025\/09\/20250720TDF2041-scaled.webp\",\"width\":2560,\"height\":1707,\"caption\":\"Tadej Poga\u010dar Billy Ceusters\"},{\"@type\":\"WebSite\",\"@id\":\"https:\/\/www.welovecycling.com\/cs\/#website\",\"url\":\"https:\/\/www.welovecycling.com\/cs\/\",\"name\":\"\u0160koda We Love Cycling - \u010cesk\u00e1 republika\",\"description\":\"WeLoveCycling.cz je online magaz\u00edn, kter\u00fd v\u00e1m pravideln\u011b p\u0159in\u00e1\u0161\u00ed rady a tipy, zaj\u00edmav\u00e9 \u010dl\u00e1nky, videa a jedine\u010dn\u00e9 report\u00e1\u017ee ze sv\u011bta cyklistiky.\",\"potentialAction\":[{\"@type\":\"SearchAction\",\"target\":{\"@type\":\"EntryPoint\",\"urlTemplate\":\"https:\/\/www.welovecycling.com\/cs\/?s={search_term_string}\"},\"query-input\":{\"@type\":\"PropertyValueSpecification\",\"valueRequired\":true,\"valueName\":\"search_term_string\"}}],\"inLanguage\":\"cs\"},{\"@type\":\"Person\",\"@id\":\"https:\/\/www.welovecycling.com\/cs\/#\/schema\/person\/d9eeb0a378f3a7e4a6d12d2b536b04b8\",\"name\":\"radekmalina\",\"image\":{\"@type\":\"ImageObject\",\"inLanguage\":\"cs\",\"@id\":\"https:\/\/www.welovecycling.com\/cs\/#\/schema\/person\/image\/\",\"url\":\"https:\/\/secure.gravatar.com\/avatar\/66994b632cb8c39a46b9f54afa3ae07201b678d32a54275b6f1c9ffec356bfc0?s=96&d=mm&r=g\",\"contentUrl\":\"https:\/\/secure.gravatar.com\/avatar\/66994b632cb8c39a46b9f54afa3ae07201b678d32a54275b6f1c9ffec356bfc0?s=96&d=mm&r=g\",\"caption\":\"radekmalina\"},\"url\":\"https:\/\/www.welovecycling.com\/cs\/author\/radekmalina\/\"}]}<\/script>\n<!-- \/ Yoast SEO Premium plugin. -->","yoast_head_json":{"title":"Poga\u010dar bojuj\u00edc\u00ed s draky? Volno jsem si u\u017eil, sm\u011bje se Slovinec | \u0160koda We Love Cycling - \u010cesk\u00e1 republika","description":"Uvoln\u011bn\u00fd, rozesm\u00e1t\u00fd a snad dostate\u010dn\u011b odpo\u010dat\u00fd. Kr\u00e1l je zp\u011bt! Tadej Poga\u010dar, slovinsk\u00fd fenom\u00e9n formace UAE Emirates XRG, se vrac\u00ed k z\u00e1vod\u011bn\u00ed. Po t\u00e9m\u011b\u0159 dvou m\u011bs\u00edc\u00edch volna, kter\u00e9 si zpest\u0159il vyd\u00e1n\u00edm poh\u00e1dkov\u00e9 knihy pro d\u011bti. Nabral dostatek energie, aby zapudil d\u00e9mony a my\u0161lenky na konec kari\u00e9ry?","robots":{"index":"index","follow":"follow","max-snippet":"max-snippet:-1","max-image-preview":"max-image-preview:large","max-video-preview":"max-video-preview:-1"},"canonical":"https:\/\/www.welovecycling.com\/cs\/2025\/09\/11\/pogacar-bojujici-s-draky-volno-jsem-si-uzil-smeje-se-slovinec\/","og_locale":"cs_CZ","og_type":"article","og_title":"Poga\u010dar bojuj\u00edc\u00ed s draky? Volno jsem si u\u017eil, sm\u011bje se Slovinec","og_description":"Uvoln\u011bn\u00fd, rozesm\u00e1t\u00fd a snad dostate\u010dn\u011b odpo\u010dat\u00fd. Kr\u00e1l je zp\u011bt! Tadej Poga\u010dar, slovinsk\u00fd fenom\u00e9n formace UAE Emirates XRG, se vrac\u00ed k z\u00e1vod\u011bn\u00ed. Po t\u00e9m\u011b\u0159 dvou m\u011bs\u00edc\u00edch volna, kter\u00e9 si zpest\u0159il vyd\u00e1n\u00edm poh\u00e1dkov\u00e9 knihy pro d\u011bti. Nabral dostatek energie, aby zapudil d\u00e9mony a my\u0161lenky na konec kari\u00e9ry?","og_url":"https:\/\/www.welovecycling.com\/cs\/2025\/09\/11\/pogacar-bojujici-s-draky-volno-jsem-si-uzil-smeje-se-slovinec\/","og_site_name":"\u0160koda We Love Cycling - \u010cesk\u00e1 republika","article_published_time":"2025-09-11T13:36:20+00:00","article_modified_time":"2025-09-11T13:40:55+00:00","og_image":[{"width":2560,"height":1707,"url":"https:\/\/d2p6e6u75xmxt8.cloudfront.net\/13\/2025\/09\/20250720TDF2041-scaled.webp","type":"image\/webp"}],"author":"radekmalina","twitter_card":"summary_large_image","twitter_misc":{"Written by":"Radek Malina","Est. reading time":"6"},"schema":{"@context":"https:\/\/schema.org","@graph":[{"@type":"WebPage","@id":"https:\/\/www.welovecycling.com\/cs\/2025\/09\/11\/pogacar-bojujici-s-draky-volno-jsem-si-uzil-smeje-se-slovinec\/","url":"https:\/\/www.welovecycling.com\/cs\/2025\/09\/11\/pogacar-bojujici-s-draky-volno-jsem-si-uzil-smeje-se-slovinec\/","name":"Poga\u010dar bojuj\u00edc\u00ed s draky? Volno jsem si u\u017eil, sm\u011bje se Slovinec | \u0160koda We Love Cycling - \u010cesk\u00e1 republika","isPartOf":{"@id":"https:\/\/www.welovecycling.com\/cs\/#website"},"primaryImageOfPage":{"@id":"https:\/\/www.welovecycling.com\/cs\/2025\/09\/11\/pogacar-bojujici-s-draky-volno-jsem-si-uzil-smeje-se-slovinec\/#primaryimage"},"image":{"@id":"https:\/\/www.welovecycling.com\/cs\/2025\/09\/11\/pogacar-bojujici-s-draky-volno-jsem-si-uzil-smeje-se-slovinec\/#primaryimage"},"thumbnailUrl":"https:\/\/d2p6e6u75xmxt8.cloudfront.net\/13\/2025\/09\/20250720TDF2041-scaled.webp","datePublished":"2025-09-11T13:36:20+00:00","dateModified":"2025-09-11T13:40:55+00:00","author":{"@id":"https:\/\/www.welovecycling.com\/cs\/#\/schema\/person\/d9eeb0a378f3a7e4a6d12d2b536b04b8"},"description":"Uvoln\u011bn\u00fd, rozesm\u00e1t\u00fd a snad dostate\u010dn\u011b odpo\u010dat\u00fd. Kr\u00e1l je zp\u011bt! Tadej Poga\u010dar, slovinsk\u00fd fenom\u00e9n formace UAE Emirates XRG, se vrac\u00ed k z\u00e1vod\u011bn\u00ed. Po t\u00e9m\u011b\u0159 dvou m\u011bs\u00edc\u00edch volna, kter\u00e9 si zpest\u0159il vyd\u00e1n\u00edm poh\u00e1dkov\u00e9 knihy pro d\u011bti. Nabral dostatek energie, aby zapudil d\u00e9mony a my\u0161lenky na konec kari\u00e9ry?","inLanguage":"cs","potentialAction":[{"@type":"ReadAction","target":["https:\/\/www.welovecycling.com\/cs\/2025\/09\/11\/pogacar-bojujici-s-draky-volno-jsem-si-uzil-smeje-se-slovinec\/"]}]},{"@type":"ImageObject","inLanguage":"cs","@id":"https:\/\/www.welovecycling.com\/cs\/2025\/09\/11\/pogacar-bojujici-s-draky-volno-jsem-si-uzil-smeje-se-slovinec\/#primaryimage","url":"https:\/\/d2p6e6u75xmxt8.cloudfront.net\/13\/2025\/09\/20250720TDF2041-scaled.webp","contentUrl":"https:\/\/d2p6e6u75xmxt8.cloudfront.net\/13\/2025\/09\/20250720TDF2041-scaled.webp","width":2560,"height":1707,"caption":"Tadej Poga\u010dar Billy Ceusters"},{"@type":"WebSite","@id":"https:\/\/www.welovecycling.com\/cs\/#website","url":"https:\/\/www.welovecycling.com\/cs\/","name":"\u0160koda We Love Cycling - \u010cesk\u00e1 republika","description":"WeLoveCycling.cz je online magaz\u00edn, kter\u00fd v\u00e1m pravideln\u011b p\u0159in\u00e1\u0161\u00ed rady a tipy, zaj\u00edmav\u00e9 \u010dl\u00e1nky, videa a jedine\u010dn\u00e9 report\u00e1\u017ee ze sv\u011bta cyklistiky.","potentialAction":[{"@type":"SearchAction","target":{"@type":"EntryPoint","urlTemplate":"https:\/\/www.welovecycling.com\/cs\/?s={search_term_string}"},"query-input":{"@type":"PropertyValueSpecification","valueRequired":true,"valueName":"search_term_string"}}],"inLanguage":"cs"},{"@type":"Person","@id":"https:\/\/www.welovecycling.com\/cs\/#\/schema\/person\/d9eeb0a378f3a7e4a6d12d2b536b04b8","name":"radekmalina","image":{"@type":"ImageObject","inLanguage":"cs","@id":"https:\/\/www.welovecycling.com\/cs\/#\/schema\/person\/image\/","url":"https:\/\/secure.gravatar.com\/avatar\/66994b632cb8c39a46b9f54afa3ae07201b678d32a54275b6f1c9ffec356bfc0?s=96&d=mm&r=g","contentUrl":"https:\/\/secure.gravatar.com\/avatar\/66994b632cb8c39a46b9f54afa3ae07201b678d32a54275b6f1c9ffec356bfc0?s=96&d=mm&r=g","caption":"radekmalina"},"url":"https:\/\/www.welovecycling.com\/cs\/author\/radekmalina\/"}]}},"_links":{"self":[{"href":"https:\/\/www.welovecycling.com\/cs\/wp-json\/wp\/v2\/posts\/30957","targetHints":{"allow":["GET"]}}],"collection":[{"href":"https:\/\/www.welovecycling.com\/cs\/wp-json\/wp\/v2\/posts"}],"about":[{"href":"https:\/\/www.welovecycling.com\/cs\/wp-json\/wp\/v2\/types\/post"}],"author":[{"embeddable":true,"href":"https:\/\/www.welovecycling.com\/cs\/wp-json\/wp\/v2\/users\/138"}],"replies":[{"embeddable":true,"href":"https:\/\/www.welovecycling.com\/cs\/wp-json\/wp\/v2\/comments?post=30957"}],"version-history":[{"count":3,"href":"https:\/\/www.welovecycling.com\/cs\/wp-json\/wp\/v2\/posts\/30957\/revisions"}],"predecessor-version":[{"id":30960,"href":"https:\/\/www.welovecycling.com\/cs\/wp-json\/wp\/v2\/posts\/30957\/revisions\/30960"}],"wp:featuredmedia":[{"embeddable":true,"href":"https:\/\/www.welovecycling.com\/cs\/wp-json\/wp\/v2\/media\/30961"}],"wp:attachment":[{"href":"https:\/\/www.welovecycling.com\/cs\/wp-json\/wp\/v2\/media?parent=30957"}],"wp:term":[{"taxonomy":"category","embeddable":true,"href":"https:\/\/www.welovecycling.com\/cs\/wp-json\/wp\/v2\/categories?post=30957"},{"taxonomy":"post_tag","embeddable":true,"href":"https:\/\/www.welovecycling.com\/cs\/wp-json\/wp\/v2\/tags?post=30957"},{"taxonomy":"global-categories","embeddable":true,"href":"https:\/\/www.welovecycling.com\/cs\/wp-json\/wp\/v2\/global-categories?post=30957"}],"curies":[{"name":"wp","href":"https:\/\/api.w.org\/{rel}","templated":true}]}}