{"id":30948,"date":"2025-09-10T10:00:11","date_gmt":"2025-09-10T08:00:11","guid":{"rendered":"https:\/\/www.welovecycling.com\/cs\/?p=30948"},"modified":"2025-09-10T10:00:48","modified_gmt":"2025-09-10T08:00:48","slug":"platy-bikeru-zalostne-proti-slechte-na-silnici","status":"publish","type":"post","link":"https:\/\/www.welovecycling.com\/cs\/2025\/09\/10\/platy-bikeru-zalostne-proti-slechte-na-silnici\/","title":{"rendered":"Platy biker\u016f? \u017dalostn\u00e9 proti \u0161lecht\u011b na silnici"},"content":{"rendered":"<p><strong>Elita sv\u011bta horsk\u00fdch kol se sjela do \u0160v\u00fdcarska na mistrovstv\u00ed sv\u011bta. Tu\u0161ili byste pod Alpami dostaven\u00ed\u010dko milion\u00e1\u0159\u016f? Pak byste byli zklaman\u00ed. Nejlep\u0161\u00ed bike\u0159i planety si mus\u00ed ve srovn\u00e1n\u00ed s elitn\u00edmi borci ze sv\u011bta silni\u010dn\u00ed cyklistiky p\u0159ipadat jako chud\u00ed p\u0159\u00edbuzn\u00ed. Platy cyklist\u016f udivuj\u00edc\u00edch v\u00fdkony na horsk\u00fdch kolech jsou toti\u017e ve srovn\u00e1n\u00ed s kolegy z discipl\u00edny ozna\u010dovan\u00e9 &#8222;kr\u00e1lovna cyklistiky&#8220; doslova \u017ealostn\u00e9.<\/strong><\/p>\n<p>\u017de je nejl\u00e9pe placen\u00fdm cyklistou sou\u010dasnosti <strong>Tadej Poga\u010dar<\/strong> z formace UAE Emirates XRG je v\u0161eobecn\u011b zn\u00e1m\u00e1 v\u011bc. Podle dostupn\u00fdch informac\u00ed pob\u00edr\u00e1 necel\u00fdch dev\u011bt milion\u016f eur ro\u010dn\u011b. Bez bonus\u016f od osobn\u00edch sponzor\u016f. Za sv\u016fj v\u00fdd\u011blek by si prakticky mohl koupit cel\u00e9 startovn\u00ed pole mistrovstv\u00ed sv\u011bta horsk\u00fdch kol.<\/p>\n<h2><strong>Nejv\u00edce vyd\u011bl\u00e1v\u00e1 desetin\u00e1sobn\u00fd mistr sv\u011bta<\/strong><\/h2>\n<p>Jak\u00e9 jsou platy z\u00e1vodn\u00edk\u016f olympijsk\u00e9ho cross country? Nejl\u00e9pe vyd\u011bl\u00e1vaj\u00edc\u00edm bikerem je podle v\u0161ech indici\u00ed legenda jm\u00e9nem <strong>Nino Schurter<\/strong>. Borec pat\u0159\u00edc\u00ed do sestavy Scott Sram letos v dev\u011btat\u0159iceti letech kon\u010d\u00ed kari\u00e9ru. Majitel kompletn\u00ed sb\u00edrky medail\u00ed z olympijsk\u00fdch her a desetin\u00e1sobn\u00fd mistr sv\u011bta v cross country pob\u00edr\u00e1 \u00fadajn\u011b v\u010detn\u011b osobn\u00edch kontrakt\u016f p\u0159es p\u011bt set tis\u00edc eur ro\u010dn\u011b. Tedy p\u0159ibli\u017en\u011b dvan\u00e1ct a p\u016fl milionu korun.<\/p>\n<p>A jak si stoj\u00ed zbytek startovn\u00edho pole? Rozd\u00edly jsou dramatick\u00e9! &#8222;Cyklista z elitn\u00ed des\u00edtky sv\u011btov\u00e9ho poh\u00e1ru p\u0159ijde t\u00fdm na 200 a\u017e 600 tis\u00edc eur ro\u010dn\u011b,&#8220; prohl\u00e1sil pro brujulabike.com Carlos Coloma, dal\u0161\u00ed fenom\u00e9n minul\u00e9 dek\u00e1dy a mana\u017eer t\u00fdmu BH Coloma.<\/p>\n<figure id=\"attachment_10011\" aria-describedby=\"caption-attachment-10011\" style=\"width: 1600px\" class=\"wp-caption alignnone\"><a href=\"https:\/\/d2p6e6u75xmxt8.cloudfront.net\/13\/2020\/09\/nino-schurter-\u010derven\u00fd.webp\"><img loading=\"lazy\" decoding=\"async\" class=\"size-full wp-image-10011\" src=\"https:\/\/d2p6e6u75xmxt8.cloudfront.net\/13\/2020\/09\/nino-schurter-\u010derven\u00fd.webp\" alt=\"\" width=\"1600\" height=\"1067\" srcset=\"https:\/\/d2p6e6u75xmxt8.cloudfront.net\/13\/2020\/09\/nino-schurter-\u010derven\u00fd.webp 1600w, https:\/\/d2p6e6u75xmxt8.cloudfront.net\/13\/2020\/09\/nino-schurter-\u010derven\u00fd-300x200.webp 300w, https:\/\/d2p6e6u75xmxt8.cloudfront.net\/13\/2020\/09\/nino-schurter-\u010derven\u00fd-1024x683.webp 1024w, https:\/\/d2p6e6u75xmxt8.cloudfront.net\/13\/2020\/09\/nino-schurter-\u010derven\u00fd-768x512.webp 768w, https:\/\/d2p6e6u75xmxt8.cloudfront.net\/13\/2020\/09\/nino-schurter-\u010derven\u00fd-1536x1024.webp 1536w, https:\/\/d2p6e6u75xmxt8.cloudfront.net\/13\/2020\/09\/nino-schurter-\u010derven\u00fd-272x182.webp 272w\" sizes=\"auto, (max-width: 1600px) 100vw, 1600px\" \/><\/a><figcaption id=\"caption-attachment-10011\" class=\"wp-caption-text\"><em>Nino Schurter je nejl\u00e9pe vyd\u011bl\u00e1vaj\u00edc\u00edm bikerem sv\u011bta cross country.<\/em><\/figcaption><\/figure>\n<p>P\u0159ijdou v\u00e1m takov\u00e9 platy pro elitu cross country sm\u011b\u0161n\u00e9? Je fakt, \u017ee pokud vezmete deset nejlep\u0161\u00edch cyklist\u016f sv\u011bta silni\u010dn\u00ed cyklistiky, nejh\u016f\u0159e placen\u00fd z\u00e1vodn\u00edk bude pob\u00edrat 2,7 milionu eur ro\u010dn\u011b! Paradoxn\u011b jde o Toma Pidcocka, kter\u00fd si podle chuti ze silnice odskakuje do ter\u00e9nu a jde mu to n\u00e1ramn\u011b. V\u017edy\u0165 z\u00edskal v cross country zlato na posledn\u00edch dvou olympijsk\u00fdch hr\u00e1ch.<\/p>\n<p>Kup\u0159\u00edkladu hv\u011bzda Alpecin Deceuninck <strong>Mathieu van der Poel<\/strong>, kter\u00fd bude na nadch\u00e1zej\u00edc\u00edm mistrovstv\u00ed sv\u011bta ve \u0160v\u00fdcarsku usilovat o dal\u0161\u00ed duhov\u00fd trikot do v\u00fdjime\u010dn\u00e9 sb\u00edrky, pob\u00edr\u00e1 ro\u010dn\u011b od t\u00fdmu plat 4 miliony eur. K tomu je t\u0159eba p\u0159ipo\u010d\u00edst osobn\u00ed kontrakty kup\u0159\u00edkladu s firmou Canyon&#8230;<\/p>\n<div class=\"shortcode-ys-post-pinup\"><article class=\"loop-simple post-26337 post type-post status-publish format-standard has-post-thumbnail hentry category-tour-de-france tag-chris-froome tag-cyklistika tag-financni-odmeny tag-jasper-philipsen tag-jonas-vingegaard tag-mathieu-van-der-poel tag-mzda tag-mzdy-cyklistu tag-plat tag-plat-cyklistu tag-plat-ve-world-tour tag-primoz-roglic tag-remco-evenepoel tag-silnicni-cyklistika tag-tadej-pogacar tag-tour-de-france tag-tour-de-france-2024 tag-wout-van-aert global-categories-cycling\" data-postid=\"26337\" role=\"article\" data-post-id=\"26337\" data-word-count=\"789\" data-headline-length=\"79\" data-category=\"Tour de France\" data-global-category=\"Cycling\" data-author=\"We Love Cycling\" data-published=\"2024-07-13T14:01:09+02:00\" data-published-day=\"Saturday\">\n    <div class=\"entry-thumbnail article-thumbnail\" content=\"https:\/\/d2p6e6u75xmxt8.cloudfront.net\/13\/2024\/07\/20240709TDF1078-A.S.O._Charly_Lopez-150x150.webp\"><a href=\"https:\/\/www.welovecycling.com\/cs\/2024\/07\/13\/kdo-je-nejlepe-placeny-jezdec-na-tour-de-france-a-jaka-je-minimalni-mzda\/\" class=\"image-holder\" target=\"_self\"><img decoding=\"async\" loading=\"lazy\" class=\"\" src=\"https:\/\/d2p6e6u75xmxt8.cloudfront.net\/13\/2024\/07\/20240709TDF1078-A.S.O._Charly_Lopez-1024x682.webp\" srcset=\"https:\/\/d2p6e6u75xmxt8.cloudfront.net\/13\/2024\/07\/20240709TDF1078-A.S.O._Charly_Lopez-scaled.webp 2560w, https:\/\/d2p6e6u75xmxt8.cloudfront.net\/13\/2024\/07\/20240709TDF1078-A.S.O._Charly_Lopez-300x200.webp 300w, https:\/\/d2p6e6u75xmxt8.cloudfront.net\/13\/2024\/07\/20240709TDF1078-A.S.O._Charly_Lopez-1024x682.webp 1024w, https:\/\/d2p6e6u75xmxt8.cloudfront.net\/13\/2024\/07\/20240709TDF1078-A.S.O._Charly_Lopez-768x512.webp 768w, https:\/\/d2p6e6u75xmxt8.cloudfront.net\/13\/2024\/07\/20240709TDF1078-A.S.O._Charly_Lopez-1536x1023.webp 1536w, https:\/\/d2p6e6u75xmxt8.cloudfront.net\/13\/2024\/07\/20240709TDF1078-A.S.O._Charly_Lopez-2048x1365.webp 2048w, https:\/\/d2p6e6u75xmxt8.cloudfront.net\/13\/2024\/07\/20240709TDF1078-A.S.O._Charly_Lopez-1920x1279.webp 1920w, https:\/\/d2p6e6u75xmxt8.cloudfront.net\/13\/2024\/07\/20240709TDF1078-A.S.O._Charly_Lopez-400x267.webp 400w, https:\/\/d2p6e6u75xmxt8.cloudfront.net\/13\/2024\/07\/20240709TDF1078-A.S.O._Charly_Lopez-272x182.webp 272w, https:\/\/d2p6e6u75xmxt8.cloudfront.net\/13\/2024\/07\/20240709TDF1078-A.S.O._Charly_Lopez-1920x1279.webp 1920w\" width=\"1024\" height=\"682\" sizes=\"auto, (min-width: 1200px) 300px, (min-width: 768px) 25vw, 100vw\" alt=\"kdo-je-nejlepe-placeny-jezdec-na-tour-de-france-a-jaka-je-minimalni-mzda\"\/><\/a><\/div>    <div class=\"entry-meta\">\n        <a class=\"label label-secondary post-category\" href=\"https:\/\/www.welovecycling.com\/cs\/category\/tour-de-france\/\" title=\"Tour de France\">Tour de France<\/a>\n    <\/div>\n    <div class=\"entry-details\">\n        <a href=\"https:\/\/www.welovecycling.com\/cs\/2024\/07\/13\/kdo-je-nejlepe-placeny-jezdec-na-tour-de-france-a-jaka-je-minimalni-mzda\/\" class='entry-title-wrapper'>\n            <h3 class=\"entry-title\"><span>Kdo je nejl\u00e9pe placen\u00fd jezdec na Tour de France? A jak\u00e1 je minim\u00e1ln\u00ed mzda?<\/span><\/h3>\n        <\/a>\n    <\/div>\n    <\/article>\n<\/div>\n<p>Jen\u017ee horsk\u00e1 cyklistika je ve srovn\u00e1n\u00ed se silni\u010dn\u00ed placena tak\u0159ka v\u00fdhradn\u011b jen v\u00fdrobci kol. Pr\u00e1v\u011b na jejich bedrech le\u017e\u00ed rozpo\u010dty jednotliv\u00fdch formac\u00ed. Jen v\u00fdjime\u010dn\u011b najdete v t\u00fdmech biker\u016f siln\u00e9ho partnera v podob\u011b nadn\u00e1rodn\u00ed spole\u010dnosti. Jm\u00e9na jako UAE Emirates, Red Bull, Visma, Lidl, Ineos \u010di Tudor p\u0159edstavuj\u00ed na silnici synonymum nej\u00fasp\u011b\u0161n\u011bj\u0161\u00edch t\u00fdm\u016f a tak\u00e9 ob\u0159\u00edch partner\u016f. Ve sv\u011bt\u011b bik\u016f nikdo takov\u00fd nefiguruje pokud pomineme Decathlon.<\/p>\n<h2><strong>Minim\u00e1ln\u00ed platy ve sv\u011bt\u011b horsk\u00fdch kol neexistuj\u00ed<\/strong><\/h2>\n<p>A tak zat\u00edmco v silni\u010dn\u00ed cyklistice se v p\u0159\u00edpad\u011b t\u00fdm\u016f siln\u00e9ho st\u0159edu pohybuj\u00ed <a href=\"https:\/\/www.welovecycling.com\/cs\/2025\/07\/24\/rozpocty-tymu-na-tour-je-konkurenceschopnost-iluze\/\">budgety kolem \u010dty\u0159iceti milion\u016f<\/a> eur ro\u010dn\u011b (Ineos Grenadiers, Lidl-Trek), nejvy\u0161\u0161\u00ed rozpo\u010det t\u00fdm\u016f ve sv\u011bt\u011b MTB je odhadov\u00e1n na \u010dty\u0159i miliony eur. Desetin\u00e1sobn\u00fd rozd\u00edl podtrhuje desetin\u00e1sobn\u00fd rozd\u00edl i v platech.<\/p>\n<p>&#8222;Propast ve srovn\u00e1n\u00ed se silni\u010dn\u00ed cyklistikou je ve sv\u011bt\u011b horsk\u00fdch kol obrovsk\u00e1. Platy jsou diametr\u00e1ln\u011b odli\u0161n\u00e9. Nav\u00edc je velice t\u011b\u017ek\u00e9 definovat, co p\u0159esn\u011b si p\u0159edstavit pod formulac\u00ed, \u017ee cyklista p\u0159ijde t\u00fdm na 200 a\u017e 600 tis\u00edc eur. Mysl\u00edm, \u017ee k horn\u00ed hranici se krom\u011b Schurtera nep\u0159ibli\u017euje v\u016fbec nikdo,&#8220; \u0159\u00edk\u00e1 Franti\u0161ek Rabo\u0148, b\u00fdval\u00fd elitn\u00ed \u010desk\u00fd cyklista v silni\u010dn\u00edm pelotonu, kter\u00fd na sklonku kari\u00e9ry vym\u011bnil za sv\u011bt horsk\u00fdch kol.<\/p>\n<p><a href=\"https:\/\/d2p6e6u75xmxt8.cloudfront.net\/13\/2025\/09\/WCh-MTB-Valais2025_XCM_Repre_0007-scaled.webp\"><img loading=\"lazy\" decoding=\"async\" class=\"size-extra-large wp-image-30950\" src=\"https:\/\/d2p6e6u75xmxt8.cloudfront.net\/13\/2025\/09\/WCh-MTB-Valais2025_XCM_Repre_0007-1920x1280.webp\" alt=\"\" width=\"1920\" height=\"1280\" srcset=\"https:\/\/d2p6e6u75xmxt8.cloudfront.net\/13\/2025\/09\/WCh-MTB-Valais2025_XCM_Repre_0007-1920x1280.webp 1920w, https:\/\/d2p6e6u75xmxt8.cloudfront.net\/13\/2025\/09\/WCh-MTB-Valais2025_XCM_Repre_0007-300x200.webp 300w, https:\/\/d2p6e6u75xmxt8.cloudfront.net\/13\/2025\/09\/WCh-MTB-Valais2025_XCM_Repre_0007-1024x683.webp 1024w, https:\/\/d2p6e6u75xmxt8.cloudfront.net\/13\/2025\/09\/WCh-MTB-Valais2025_XCM_Repre_0007-768x512.webp 768w, https:\/\/d2p6e6u75xmxt8.cloudfront.net\/13\/2025\/09\/WCh-MTB-Valais2025_XCM_Repre_0007-1536x1024.webp 1536w, https:\/\/d2p6e6u75xmxt8.cloudfront.net\/13\/2025\/09\/WCh-MTB-Valais2025_XCM_Repre_0007-2048x1365.webp 2048w, https:\/\/d2p6e6u75xmxt8.cloudfront.net\/13\/2025\/09\/WCh-MTB-Valais2025_XCM_Repre_0007-400x267.webp 400w, https:\/\/d2p6e6u75xmxt8.cloudfront.net\/13\/2025\/09\/WCh-MTB-Valais2025_XCM_Repre_0007-272x182.webp 272w, https:\/\/d2p6e6u75xmxt8.cloudfront.net\/13\/2025\/09\/WCh-MTB-Valais2025_XCM_Repre_0007-1920x1280.webp 1920w\" sizes=\"auto, (max-width: 1920px) 100vw, 1920px\" \/><\/a><\/p>\n<p>Platy nejv\u011bt\u0161\u00edch hv\u011bzd se pohybuj\u00ed v rozmez\u00ed <strong>100 a\u017e 250 tis\u00edc eur<\/strong>. Syst\u00e9m funguje tak, \u017ee s p\u0159ib\u00fdvaj\u00edc\u00edm v\u011bkem kles\u00e1 biker\u016fm fixn\u00ed plat a zvy\u0161uj\u00ed se bonusy za skv\u011bl\u00e9 v\u00fdsledky. Triumf ve sv\u011btov\u00e9m poh\u00e1ru m\u016f\u017ee znamenat ni\u017e\u0161\u00ed des\u00edtky tis\u00edc eur. Naproti tomu kontrakt je u zku\u0161en\u00fdch maz\u00e1k\u016f v\u011bt\u0161inou ro\u010dn\u00ed, jen v\u00fdjime\u010dn\u011b p\u0159es\u00e1hne dv\u011b sezony. T\u00fdmy plat\u00ed z\u00e1vodn\u00edk\u016fm letenky, hotely, dod\u00e1vaj\u00ed kompletn\u00ed materi\u00e1l. Mnohdy jednotliv\u00e9 formace uv\u00e1d\u00ed, \u017ee je z\u00e1vodn\u00edk vyjde na 250 tis\u00edc, jen\u017ee do \u010d\u00e1stky zapo\u010d\u00edt\u00e1 nejen v\u00fddaje na v\u00fdplatu, ale pr\u00e1v\u011b i n\u00e1klady spojen\u00e9 se sezonou.<\/p>\n<div class=\"shortcode-ys-post-pinup\"><article class=\"loop-simple post-30901 post type-post status-publish format-standard has-post-thumbnail hentry category-horska-cyklistika tag-cyklistika tag-garmin-mtb tag-gravel tag-horska-cyklistika tag-rady-a-tipy tag-test-garmin-edge-mtb global-categories-cycling\" data-postid=\"30901\" role=\"article\" data-post-id=\"30901\" data-word-count=\"522\" data-headline-length=\"69\" data-category=\"Horsk\u00e1 cyklistika\" data-global-category=\"Cycling\" data-author=\"We Love Cycling\" data-published=\"2025-09-05T07:02:39+02:00\" data-published-day=\"Friday\">\n    <div class=\"entry-thumbnail article-thumbnail\" content=\"https:\/\/d2p6e6u75xmxt8.cloudfront.net\/13\/2025\/09\/IMG_20250904_152505-150x150.webp\"><a href=\"https:\/\/www.welovecycling.com\/cs\/2025\/09\/05\/test-garmin-edge-mtb-pancerovany-pruvodce-trailovym-hopsanim\/\" class=\"image-holder\" target=\"_self\"><img decoding=\"async\" loading=\"lazy\" class=\"\" src=\"https:\/\/d2p6e6u75xmxt8.cloudfront.net\/13\/2025\/09\/IMG_20250904_152505-1024x768.webp\" srcset=\"https:\/\/d2p6e6u75xmxt8.cloudfront.net\/13\/2025\/09\/IMG_20250904_152505-scaled.webp 2560w, https:\/\/d2p6e6u75xmxt8.cloudfront.net\/13\/2025\/09\/IMG_20250904_152505-300x225.webp 300w, https:\/\/d2p6e6u75xmxt8.cloudfront.net\/13\/2025\/09\/IMG_20250904_152505-1024x768.webp 1024w, https:\/\/d2p6e6u75xmxt8.cloudfront.net\/13\/2025\/09\/IMG_20250904_152505-768x576.webp 768w, https:\/\/d2p6e6u75xmxt8.cloudfront.net\/13\/2025\/09\/IMG_20250904_152505-1536x1152.webp 1536w, https:\/\/d2p6e6u75xmxt8.cloudfront.net\/13\/2025\/09\/IMG_20250904_152505-2048x1536.webp 2048w, https:\/\/d2p6e6u75xmxt8.cloudfront.net\/13\/2025\/09\/IMG_20250904_152505-1920x1440.webp 1920w, https:\/\/d2p6e6u75xmxt8.cloudfront.net\/13\/2025\/09\/IMG_20250904_152505-400x300.webp 400w, https:\/\/d2p6e6u75xmxt8.cloudfront.net\/13\/2025\/09\/IMG_20250904_152505-1920x1440.webp 1920w\" width=\"1024\" height=\"768\" sizes=\"auto, (min-width: 1200px) 300px, (min-width: 768px) 25vw, 100vw\" alt=\"test-garmin-edge-mtb-pancerovany-pruvodce-trailovym-hopsanim\"\/><\/a><\/div>    <div class=\"entry-meta\">\n        <a class=\"label label-secondary post-category\" href=\"https:\/\/www.welovecycling.com\/cs\/category\/horska-cyklistika\/\" title=\"Horsk\u00e1 cyklistika\">Horsk\u00e1 cyklistika<\/a>\n    <\/div>\n    <div class=\"entry-details\">\n        <a href=\"https:\/\/www.welovecycling.com\/cs\/2025\/09\/05\/test-garmin-edge-mtb-pancerovany-pruvodce-trailovym-hopsanim\/\" class='entry-title-wrapper'>\n            <h3 class=\"entry-title\"><span>TEST: Garmin Edge MTB, panc\u00e9\u0159ovan\u00fd pr\u016fvodce trailov\u00fdm hops\u00e1n\u00edm<\/span><\/h3>\n        <\/a>\n    <\/div>\n    <\/article>\n<\/div>\n<p>Ve sv\u011bt\u011b silni\u010dn\u00ed cyklistiky Mezin\u00e1rodn\u00ed cyklistick\u00e1 federace na\u0159izuje nejni\u017e\u0161\u00ed platy pro z\u00e1vodn\u00edky z t\u00fdm\u016f World Tour. A zat\u00edmco v p\u0159\u00edpad\u011b cyklisty v zam\u011bstnaneck\u00e9m pom\u011bru jde o \u010d\u00e1stku 44 tis\u00edc eur, pro cyklisty funguj\u00edc\u00ed jako osoby samostatn\u011b v\u00fdd\u011ble\u010dn\u011b \u010dinn\u00e9 jde o \u010d\u00e1stku 72 tis\u00edc eur. Sv\u011bt horsk\u00fdch kol nic podobn\u00e9ho nena\u0159izuje.<\/p>\n<h2><strong>Platy nov\u00e1\u010dk\u016f? Jen kapesn\u00e9<\/strong><\/h2>\n<p>Nen\u00ed \u017e\u00e1dn\u00fdm tajemstv\u00edm, \u017ee platy n\u011bkter\u00fdch biker\u016f pat\u0159\u00edc\u00edch do top des\u00edtky jsou ve skute\u010dnosti jen v \u0159\u00e1dech ni\u017e\u0161\u00edch des\u00edtek tis\u00edc eur. A v kategorii do t\u0159iadvaceti let dokonce mnoz\u00ed podepisuj\u00ed kontrakty jen za kapesn\u00e9 \u010di bonusy v p\u0159\u00edpad\u011b \u00fasp\u011bch\u016f, v\u00fdm\u011bnou za materi\u00e1l a zaji\u0161t\u011bn\u00ed z\u00e1vodn\u00edho programu. P\u0159itom pat\u0159\u00ed na \u010delo \u017eeb\u0159\u00ed\u010dku.<\/p>\n<p>&#8222;Kdy\u017e jsem jezdil za Specialized Racing, cel\u00fd t\u00fdm m\u011bl na rok rozpo\u010det dva miliony eur. Do sestavy p\u0159itom pat\u0159ili nejen z\u00e1vo\u010f\u00e1ci pro cross country, ale i gravity discipl\u00edny a maraton,&#8220; upozor\u0148uje Franti\u0161ek Rabo\u0148, kter\u00fd je moment\u00e1ln\u011b mana\u017eer spole\u010dnosti Kalas a sou\u010dasn\u011b pom\u00e1h\u00e1 n\u011bkter\u00fdm \u010desk\u00fdm cyklist\u016fm p\u0159i vyjedn\u00e1v\u00e1n\u00ed o smlouv\u00e1ch.<\/p>\n<p><a href=\"https:\/\/d2p6e6u75xmxt8.cloudfront.net\/13\/2021\/05\/aneta-novotna-nove-mesto-michal-cerveny.webp\"><img loading=\"lazy\" decoding=\"async\" class=\"alignnone size-full wp-image-12900\" src=\"https:\/\/d2p6e6u75xmxt8.cloudfront.net\/13\/2021\/05\/aneta-novotna-nove-mesto-michal-cerveny.webp\" alt=\"\" width=\"1600\" height=\"1067\" srcset=\"https:\/\/d2p6e6u75xmxt8.cloudfront.net\/13\/2021\/05\/aneta-novotna-nove-mesto-michal-cerveny.webp 1600w, https:\/\/d2p6e6u75xmxt8.cloudfront.net\/13\/2021\/05\/aneta-novotna-nove-mesto-michal-cerveny-300x200.webp 300w, https:\/\/d2p6e6u75xmxt8.cloudfront.net\/13\/2021\/05\/aneta-novotna-nove-mesto-michal-cerveny-1024x683.webp 1024w, https:\/\/d2p6e6u75xmxt8.cloudfront.net\/13\/2021\/05\/aneta-novotna-nove-mesto-michal-cerveny-768x512.webp 768w, https:\/\/d2p6e6u75xmxt8.cloudfront.net\/13\/2021\/05\/aneta-novotna-nove-mesto-michal-cerveny-1536x1024.webp 1536w, https:\/\/d2p6e6u75xmxt8.cloudfront.net\/13\/2021\/05\/aneta-novotna-nove-mesto-michal-cerveny-272x182.webp 272w\" sizes=\"auto, (max-width: 1600px) 100vw, 1600px\" \/><\/a><\/p>\n<p>Z\u00e1sadn\u00ed rozd\u00edl je i v z\u00e1vodn\u00edm vyt\u00ed\u017een\u00ed. Zat\u00edmco na silnici maj\u00ed z\u00e1vodn\u00edci p\u0159ibli\u017en\u011b pades\u00e1t a\u017e \u0161edes\u00e1t z\u00e1vodn\u00edch dn\u016f za rok, bike\u0159i absolvuj\u00ed deset d\u00edl\u016f sv\u011btov\u00e9ho poh\u00e1ru a podle formy pak mistrovstv\u00ed Evropy \u010di mistrovstv\u00ed sv\u011bta. Pokud zahrneme starty v short tracku, jde v pr\u016fm\u011bru o 24 start\u016f za sezonu.<\/p>\n<div class=\"shortcode-ys-post-pinup\"><article class=\"loop-simple post-30925 post type-post status-publish format-standard has-post-thumbnail hentry category-https-www-welovecycling-com-cs-category-zabava tag-cyklisticka-manie tag-cyklistika tag-gravel tag-horska-cyklistika tag-opaleni tag-posedlost tag-silnicni-cyklistika tag-zdravi-a-trenink global-categories-cycling\" data-postid=\"30925\" role=\"article\" data-post-id=\"30925\" data-word-count=\"635\" data-headline-length=\"35\" data-category=\"Z\u00c1BAVA\" data-global-category=\"Cycling\" data-author=\"We Love Cycling\" data-published=\"2025-09-08T12:48:12+02:00\" data-published-day=\"Monday\">\n    <div class=\"entry-thumbnail article-thumbnail\" content=\"https:\/\/d2p6e6u75xmxt8.cloudfront.net\/13\/2025\/09\/IMG_20250904_151834-150x150.webp\"><a href=\"https:\/\/www.welovecycling.com\/cs\/2025\/09\/08\/nejsilnejsi-posedlost-cyklistu\/\" class=\"image-holder\" target=\"_self\"><img decoding=\"async\" loading=\"lazy\" class=\"\" src=\"https:\/\/d2p6e6u75xmxt8.cloudfront.net\/13\/2025\/09\/IMG_20250904_151834-1024x768.webp\" srcset=\"https:\/\/d2p6e6u75xmxt8.cloudfront.net\/13\/2025\/09\/IMG_20250904_151834-scaled.webp 2560w, https:\/\/d2p6e6u75xmxt8.cloudfront.net\/13\/2025\/09\/IMG_20250904_151834-300x225.webp 300w, https:\/\/d2p6e6u75xmxt8.cloudfront.net\/13\/2025\/09\/IMG_20250904_151834-1024x768.webp 1024w, https:\/\/d2p6e6u75xmxt8.cloudfront.net\/13\/2025\/09\/IMG_20250904_151834-768x576.webp 768w, https:\/\/d2p6e6u75xmxt8.cloudfront.net\/13\/2025\/09\/IMG_20250904_151834-1536x1152.webp 1536w, https:\/\/d2p6e6u75xmxt8.cloudfront.net\/13\/2025\/09\/IMG_20250904_151834-2048x1536.webp 2048w, https:\/\/d2p6e6u75xmxt8.cloudfront.net\/13\/2025\/09\/IMG_20250904_151834-1920x1440.webp 1920w, https:\/\/d2p6e6u75xmxt8.cloudfront.net\/13\/2025\/09\/IMG_20250904_151834-400x300.webp 400w, https:\/\/d2p6e6u75xmxt8.cloudfront.net\/13\/2025\/09\/IMG_20250904_151834-1920x1440.webp 1920w\" width=\"1024\" height=\"768\" sizes=\"auto, (min-width: 1200px) 300px, (min-width: 768px) 25vw, 100vw\" alt=\"nejsilnejsi-posedlost-cyklistu\"\/><\/a><\/div>    <div class=\"entry-meta\">\n        <a class=\"label label-secondary post-category\" href=\"https:\/\/www.welovecycling.com\/cs\/category\/https-www-welovecycling-com-cs-category-zabava\/\" title=\"Z\u00c1BAVA\">Z\u00c1BAVA<\/a>\n    <\/div>\n    <div class=\"entry-details\">\n        <a href=\"https:\/\/www.welovecycling.com\/cs\/2025\/09\/08\/nejsilnejsi-posedlost-cyklistu\/\" class='entry-title-wrapper'>\n            <h3 class=\"entry-title\"><span>Nejsiln\u011bj\u0161\u00ed posedlost cyklist\u016f?<\/span><\/h3>\n        <\/a>\n    <\/div>\n    <\/article>\n<\/div>\n<p>A p\u0159ece ani extr\u00e9mn\u00ed platov\u00e9 rozd\u00edly nemus\u00ed garantovat borc\u016fm ze silnice \u00fasp\u011bch. Mathieu van der Poel by mohl vypr\u00e1v\u011bt s ohledem na v\u0161echny nezdary v sedle horsk\u00e9ho kola. Ale dost mo\u017en\u00e1 u\u017e v druhou z\u00e1\u0159ijovou ned\u011bli p\u0159ep\u00ed\u0161e historii, k trikotu mistra sv\u011bta ze silnice, gravelu a cyklokrosu p\u0159id\u00e1 je\u0161t\u011b duhov\u00fd dres z cross country a potvrd\u00ed, \u017ee pen\u00edze vl\u00e1dnou sv\u011btu. Nebo ne?<\/p>\n<p><em>Foto: Michal \u010cerven\u00fd (4x)<\/em><\/p>\n","protected":false},"excerpt":{"rendered":"<p>Elita sv\u011bta horsk\u00fdch kol se sjela do \u0160v\u00fdcarska na mistrovstv\u00ed sv\u011bta. Tu\u0161ili byste pod Alpami dostaven\u00ed\u010dko milion\u00e1\u0159\u016f? Pak byste byli [&hellip;]<\/p>\n","protected":false},"author":138,"featured_media":17088,"comment_status":"open","ping_status":"open","sticky":false,"template":"","format":"standard","meta":{"footnotes":""},"categories":[11],"tags":[126,1087,56,331,4369,9,4340],"global-categories":[411],"class_list":["post-30948","post","type-post","status-publish","format-standard","has-post-thumbnail","hentry","category-horska-cyklistika","tag-cyklistika","tag-frantisek-rabon","tag-horska-cyklistika","tag-penize","tag-platy-bikeru","tag-silnicni-cyklistika","tag-uci-mtb-2025","global-categories-cycling"],"yoast_head":"<!-- This site is optimized with the Yoast SEO Premium plugin v25.3 (Yoast SEO v25.9) - https:\/\/yoast.com\/wordpress\/plugins\/seo\/ -->\n<title>Platy biker\u016f? \u017dalostn\u00e9 proti \u0161lecht\u011b na silnici | \u0160koda We Love Cycling - \u010cesk\u00e1 republika<\/title>\n<meta name=\"description\" content=\"Elita sv\u011bta horsk\u00fdch kol se sjela do \u0160v\u00fdcarska na mistrovstv\u00ed sv\u011bta. Tu\u0161ili byste pod Alpami dostaven\u00ed\u010dko milion\u00e1\u0159\u016f? Pak byste byli zklaman\u00ed. Nejlep\u0161\u00ed bike\u0159i planety si mus\u00ed ve srovn\u00e1n\u00ed s elitn\u00edmi borci ze sv\u011bta silni\u010dn\u00ed cyklistiky p\u0159ipadat jako chud\u00ed p\u0159\u00edbuzn\u00ed. Platy cyklist\u016f udivuj\u00edc\u00edch v\u00fdkony na horsk\u00fdch kolech jsou toti\u017e ve srovn\u00e1n\u00ed s kolegy z discipl\u00edny ozna\u010dovan\u00e9 &quot;kr\u00e1lovna cyklistiky&quot; doslova \u017ealostn\u00e9.\" \/>\n<meta name=\"robots\" content=\"index, follow, max-snippet:-1, max-image-preview:large, max-video-preview:-1\" \/>\n<link rel=\"canonical\" href=\"https:\/\/www.welovecycling.com\/cs\/2025\/09\/10\/platy-bikeru-zalostne-proti-slechte-na-silnici\/\" \/>\n<meta property=\"og:locale\" content=\"cs_CZ\" \/>\n<meta property=\"og:type\" content=\"article\" \/>\n<meta property=\"og:title\" content=\"Platy biker\u016f? \u017dalostn\u00e9 proti \u0161lecht\u011b na silnici\" \/>\n<meta property=\"og:description\" content=\"Elita sv\u011bta horsk\u00fdch kol se sjela do \u0160v\u00fdcarska na mistrovstv\u00ed sv\u011bta. Tu\u0161ili byste pod Alpami dostaven\u00ed\u010dko milion\u00e1\u0159\u016f? Pak byste byli zklaman\u00ed. Nejlep\u0161\u00ed bike\u0159i planety si mus\u00ed ve srovn\u00e1n\u00ed s elitn\u00edmi borci ze sv\u011bta silni\u010dn\u00ed cyklistiky p\u0159ipadat jako chud\u00ed p\u0159\u00edbuzn\u00ed. Platy cyklist\u016f udivuj\u00edc\u00edch v\u00fdkony na horsk\u00fdch kolech jsou toti\u017e ve srovn\u00e1n\u00ed s kolegy z discipl\u00edny ozna\u010dovan\u00e9 &quot;kr\u00e1lovna cyklistiky&quot; doslova \u017ealostn\u00e9.\" \/>\n<meta property=\"og:url\" content=\"https:\/\/www.welovecycling.com\/cs\/2025\/09\/10\/platy-bikeru-zalostne-proti-slechte-na-silnici\/\" \/>\n<meta property=\"og:site_name\" content=\"\u0160koda We Love Cycling - \u010cesk\u00e1 republika\" \/>\n<meta property=\"article:published_time\" content=\"2025-09-10T08:00:11+00:00\" \/>\n<meta property=\"article:modified_time\" content=\"2025-09-10T08:00:48+00:00\" \/>\n<meta property=\"og:image\" content=\"https:\/\/d2p6e6u75xmxt8.cloudfront.net\/13\/2022\/05\/21_Nino-Schurter.webp\" \/>\n\t<meta property=\"og:image:width\" content=\"1600\" \/>\n\t<meta property=\"og:image:height\" content=\"1067\" \/>\n\t<meta property=\"og:image:type\" content=\"image\/webp\" \/>\n<meta name=\"author\" content=\"radekmalina\" \/>\n<meta name=\"twitter:card\" content=\"summary_large_image\" \/>\n<meta name=\"twitter:label1\" content=\"Written by\" \/>\n\t<meta name=\"twitter:data1\" content=\"We Love Cycling\" \/>\n\t<meta name=\"twitter:label2\" content=\"Est. reading time\" \/>\n\t<meta name=\"twitter:data2\" content=\"5\" \/>\n<script type=\"application\/ld+json\" class=\"yoast-schema-graph\">{\"@context\":\"https:\/\/schema.org\",\"@graph\":[{\"@type\":\"WebPage\",\"@id\":\"https:\/\/www.welovecycling.com\/cs\/2025\/09\/10\/platy-bikeru-zalostne-proti-slechte-na-silnici\/\",\"url\":\"https:\/\/www.welovecycling.com\/cs\/2025\/09\/10\/platy-bikeru-zalostne-proti-slechte-na-silnici\/\",\"name\":\"Platy biker\u016f? \u017dalostn\u00e9 proti \u0161lecht\u011b na silnici | \u0160koda We Love Cycling - \u010cesk\u00e1 republika\",\"isPartOf\":{\"@id\":\"https:\/\/www.welovecycling.com\/cs\/#website\"},\"primaryImageOfPage\":{\"@id\":\"https:\/\/www.welovecycling.com\/cs\/2025\/09\/10\/platy-bikeru-zalostne-proti-slechte-na-silnici\/#primaryimage\"},\"image\":{\"@id\":\"https:\/\/www.welovecycling.com\/cs\/2025\/09\/10\/platy-bikeru-zalostne-proti-slechte-na-silnici\/#primaryimage\"},\"thumbnailUrl\":\"https:\/\/d2p6e6u75xmxt8.cloudfront.net\/13\/2022\/05\/21_Nino-Schurter.webp\",\"datePublished\":\"2025-09-10T08:00:11+00:00\",\"dateModified\":\"2025-09-10T08:00:48+00:00\",\"author\":{\"@id\":\"https:\/\/www.welovecycling.com\/cs\/#\/schema\/person\/d9eeb0a378f3a7e4a6d12d2b536b04b8\"},\"description\":\"Elita sv\u011bta horsk\u00fdch kol se sjela do \u0160v\u00fdcarska na mistrovstv\u00ed sv\u011bta. Tu\u0161ili byste pod Alpami dostaven\u00ed\u010dko milion\u00e1\u0159\u016f? Pak byste byli zklaman\u00ed. Nejlep\u0161\u00ed bike\u0159i planety si mus\u00ed ve srovn\u00e1n\u00ed s elitn\u00edmi borci ze sv\u011bta silni\u010dn\u00ed cyklistiky p\u0159ipadat jako chud\u00ed p\u0159\u00edbuzn\u00ed. Platy cyklist\u016f udivuj\u00edc\u00edch v\u00fdkony na horsk\u00fdch kolech jsou toti\u017e ve srovn\u00e1n\u00ed s kolegy z discipl\u00edny ozna\u010dovan\u00e9 \\\"kr\u00e1lovna cyklistiky\\\" doslova \u017ealostn\u00e9.\",\"inLanguage\":\"cs\",\"potentialAction\":[{\"@type\":\"ReadAction\",\"target\":[\"https:\/\/www.welovecycling.com\/cs\/2025\/09\/10\/platy-bikeru-zalostne-proti-slechte-na-silnici\/\"]}]},{\"@type\":\"ImageObject\",\"inLanguage\":\"cs\",\"@id\":\"https:\/\/www.welovecycling.com\/cs\/2025\/09\/10\/platy-bikeru-zalostne-proti-slechte-na-silnici\/#primaryimage\",\"url\":\"https:\/\/d2p6e6u75xmxt8.cloudfront.net\/13\/2022\/05\/21_Nino-Schurter.webp\",\"contentUrl\":\"https:\/\/d2p6e6u75xmxt8.cloudfront.net\/13\/2022\/05\/21_Nino-Schurter.webp\",\"width\":1600,\"height\":1067,\"caption\":\"Nino schurter Platy biker\u016f\"},{\"@type\":\"WebSite\",\"@id\":\"https:\/\/www.welovecycling.com\/cs\/#website\",\"url\":\"https:\/\/www.welovecycling.com\/cs\/\",\"name\":\"\u0160koda We Love Cycling - \u010cesk\u00e1 republika\",\"description\":\"WeLoveCycling.cz je online magaz\u00edn, kter\u00fd v\u00e1m pravideln\u011b p\u0159in\u00e1\u0161\u00ed rady a tipy, zaj\u00edmav\u00e9 \u010dl\u00e1nky, videa a jedine\u010dn\u00e9 report\u00e1\u017ee ze sv\u011bta cyklistiky.\",\"potentialAction\":[{\"@type\":\"SearchAction\",\"target\":{\"@type\":\"EntryPoint\",\"urlTemplate\":\"https:\/\/www.welovecycling.com\/cs\/?s={search_term_string}\"},\"query-input\":{\"@type\":\"PropertyValueSpecification\",\"valueRequired\":true,\"valueName\":\"search_term_string\"}}],\"inLanguage\":\"cs\"},{\"@type\":\"Person\",\"@id\":\"https:\/\/www.welovecycling.com\/cs\/#\/schema\/person\/d9eeb0a378f3a7e4a6d12d2b536b04b8\",\"name\":\"radekmalina\",\"image\":{\"@type\":\"ImageObject\",\"inLanguage\":\"cs\",\"@id\":\"https:\/\/www.welovecycling.com\/cs\/#\/schema\/person\/image\/\",\"url\":\"https:\/\/secure.gravatar.com\/avatar\/66994b632cb8c39a46b9f54afa3ae07201b678d32a54275b6f1c9ffec356bfc0?s=96&d=mm&r=g\",\"contentUrl\":\"https:\/\/secure.gravatar.com\/avatar\/66994b632cb8c39a46b9f54afa3ae07201b678d32a54275b6f1c9ffec356bfc0?s=96&d=mm&r=g\",\"caption\":\"radekmalina\"},\"url\":\"https:\/\/www.welovecycling.com\/cs\/author\/radekmalina\/\"}]}<\/script>\n<!-- \/ Yoast SEO Premium plugin. -->","yoast_head_json":{"title":"Platy biker\u016f? \u017dalostn\u00e9 proti \u0161lecht\u011b na silnici | \u0160koda We Love Cycling - \u010cesk\u00e1 republika","description":"Elita sv\u011bta horsk\u00fdch kol se sjela do \u0160v\u00fdcarska na mistrovstv\u00ed sv\u011bta. Tu\u0161ili byste pod Alpami dostaven\u00ed\u010dko milion\u00e1\u0159\u016f? Pak byste byli zklaman\u00ed. Nejlep\u0161\u00ed bike\u0159i planety si mus\u00ed ve srovn\u00e1n\u00ed s elitn\u00edmi borci ze sv\u011bta silni\u010dn\u00ed cyklistiky p\u0159ipadat jako chud\u00ed p\u0159\u00edbuzn\u00ed. Platy cyklist\u016f udivuj\u00edc\u00edch v\u00fdkony na horsk\u00fdch kolech jsou toti\u017e ve srovn\u00e1n\u00ed s kolegy z discipl\u00edny ozna\u010dovan\u00e9 \"kr\u00e1lovna cyklistiky\" doslova \u017ealostn\u00e9.","robots":{"index":"index","follow":"follow","max-snippet":"max-snippet:-1","max-image-preview":"max-image-preview:large","max-video-preview":"max-video-preview:-1"},"canonical":"https:\/\/www.welovecycling.com\/cs\/2025\/09\/10\/platy-bikeru-zalostne-proti-slechte-na-silnici\/","og_locale":"cs_CZ","og_type":"article","og_title":"Platy biker\u016f? \u017dalostn\u00e9 proti \u0161lecht\u011b na silnici","og_description":"Elita sv\u011bta horsk\u00fdch kol se sjela do \u0160v\u00fdcarska na mistrovstv\u00ed sv\u011bta. Tu\u0161ili byste pod Alpami dostaven\u00ed\u010dko milion\u00e1\u0159\u016f? Pak byste byli zklaman\u00ed. Nejlep\u0161\u00ed bike\u0159i planety si mus\u00ed ve srovn\u00e1n\u00ed s elitn\u00edmi borci ze sv\u011bta silni\u010dn\u00ed cyklistiky p\u0159ipadat jako chud\u00ed p\u0159\u00edbuzn\u00ed. Platy cyklist\u016f udivuj\u00edc\u00edch v\u00fdkony na horsk\u00fdch kolech jsou toti\u017e ve srovn\u00e1n\u00ed s kolegy z discipl\u00edny ozna\u010dovan\u00e9 \"kr\u00e1lovna cyklistiky\" doslova \u017ealostn\u00e9.","og_url":"https:\/\/www.welovecycling.com\/cs\/2025\/09\/10\/platy-bikeru-zalostne-proti-slechte-na-silnici\/","og_site_name":"\u0160koda We Love Cycling - \u010cesk\u00e1 republika","article_published_time":"2025-09-10T08:00:11+00:00","article_modified_time":"2025-09-10T08:00:48+00:00","og_image":[{"width":1600,"height":1067,"url":"https:\/\/d2p6e6u75xmxt8.cloudfront.net\/13\/2022\/05\/21_Nino-Schurter.webp","type":"image\/webp"}],"author":"radekmalina","twitter_card":"summary_large_image","twitter_misc":{"Written by":"We Love Cycling","Est. reading time":"5"},"schema":{"@context":"https:\/\/schema.org","@graph":[{"@type":"WebPage","@id":"https:\/\/www.welovecycling.com\/cs\/2025\/09\/10\/platy-bikeru-zalostne-proti-slechte-na-silnici\/","url":"https:\/\/www.welovecycling.com\/cs\/2025\/09\/10\/platy-bikeru-zalostne-proti-slechte-na-silnici\/","name":"Platy biker\u016f? \u017dalostn\u00e9 proti \u0161lecht\u011b na silnici | \u0160koda We Love Cycling - \u010cesk\u00e1 republika","isPartOf":{"@id":"https:\/\/www.welovecycling.com\/cs\/#website"},"primaryImageOfPage":{"@id":"https:\/\/www.welovecycling.com\/cs\/2025\/09\/10\/platy-bikeru-zalostne-proti-slechte-na-silnici\/#primaryimage"},"image":{"@id":"https:\/\/www.welovecycling.com\/cs\/2025\/09\/10\/platy-bikeru-zalostne-proti-slechte-na-silnici\/#primaryimage"},"thumbnailUrl":"https:\/\/d2p6e6u75xmxt8.cloudfront.net\/13\/2022\/05\/21_Nino-Schurter.webp","datePublished":"2025-09-10T08:00:11+00:00","dateModified":"2025-09-10T08:00:48+00:00","author":{"@id":"https:\/\/www.welovecycling.com\/cs\/#\/schema\/person\/d9eeb0a378f3a7e4a6d12d2b536b04b8"},"description":"Elita sv\u011bta horsk\u00fdch kol se sjela do \u0160v\u00fdcarska na mistrovstv\u00ed sv\u011bta. Tu\u0161ili byste pod Alpami dostaven\u00ed\u010dko milion\u00e1\u0159\u016f? Pak byste byli zklaman\u00ed. Nejlep\u0161\u00ed bike\u0159i planety si mus\u00ed ve srovn\u00e1n\u00ed s elitn\u00edmi borci ze sv\u011bta silni\u010dn\u00ed cyklistiky p\u0159ipadat jako chud\u00ed p\u0159\u00edbuzn\u00ed. Platy cyklist\u016f udivuj\u00edc\u00edch v\u00fdkony na horsk\u00fdch kolech jsou toti\u017e ve srovn\u00e1n\u00ed s kolegy z discipl\u00edny ozna\u010dovan\u00e9 \"kr\u00e1lovna cyklistiky\" doslova \u017ealostn\u00e9.","inLanguage":"cs","potentialAction":[{"@type":"ReadAction","target":["https:\/\/www.welovecycling.com\/cs\/2025\/09\/10\/platy-bikeru-zalostne-proti-slechte-na-silnici\/"]}]},{"@type":"ImageObject","inLanguage":"cs","@id":"https:\/\/www.welovecycling.com\/cs\/2025\/09\/10\/platy-bikeru-zalostne-proti-slechte-na-silnici\/#primaryimage","url":"https:\/\/d2p6e6u75xmxt8.cloudfront.net\/13\/2022\/05\/21_Nino-Schurter.webp","contentUrl":"https:\/\/d2p6e6u75xmxt8.cloudfront.net\/13\/2022\/05\/21_Nino-Schurter.webp","width":1600,"height":1067,"caption":"Nino schurter Platy biker\u016f"},{"@type":"WebSite","@id":"https:\/\/www.welovecycling.com\/cs\/#website","url":"https:\/\/www.welovecycling.com\/cs\/","name":"\u0160koda We Love Cycling - \u010cesk\u00e1 republika","description":"WeLoveCycling.cz je online magaz\u00edn, kter\u00fd v\u00e1m pravideln\u011b p\u0159in\u00e1\u0161\u00ed rady a tipy, zaj\u00edmav\u00e9 \u010dl\u00e1nky, videa a jedine\u010dn\u00e9 report\u00e1\u017ee ze sv\u011bta cyklistiky.","potentialAction":[{"@type":"SearchAction","target":{"@type":"EntryPoint","urlTemplate":"https:\/\/www.welovecycling.com\/cs\/?s={search_term_string}"},"query-input":{"@type":"PropertyValueSpecification","valueRequired":true,"valueName":"search_term_string"}}],"inLanguage":"cs"},{"@type":"Person","@id":"https:\/\/www.welovecycling.com\/cs\/#\/schema\/person\/d9eeb0a378f3a7e4a6d12d2b536b04b8","name":"radekmalina","image":{"@type":"ImageObject","inLanguage":"cs","@id":"https:\/\/www.welovecycling.com\/cs\/#\/schema\/person\/image\/","url":"https:\/\/secure.gravatar.com\/avatar\/66994b632cb8c39a46b9f54afa3ae07201b678d32a54275b6f1c9ffec356bfc0?s=96&d=mm&r=g","contentUrl":"https:\/\/secure.gravatar.com\/avatar\/66994b632cb8c39a46b9f54afa3ae07201b678d32a54275b6f1c9ffec356bfc0?s=96&d=mm&r=g","caption":"radekmalina"},"url":"https:\/\/www.welovecycling.com\/cs\/author\/radekmalina\/"}]}},"_links":{"self":[{"href":"https:\/\/www.welovecycling.com\/cs\/wp-json\/wp\/v2\/posts\/30948","targetHints":{"allow":["GET"]}}],"collection":[{"href":"https:\/\/www.welovecycling.com\/cs\/wp-json\/wp\/v2\/posts"}],"about":[{"href":"https:\/\/www.welovecycling.com\/cs\/wp-json\/wp\/v2\/types\/post"}],"author":[{"embeddable":true,"href":"https:\/\/www.welovecycling.com\/cs\/wp-json\/wp\/v2\/users\/138"}],"replies":[{"embeddable":true,"href":"https:\/\/www.welovecycling.com\/cs\/wp-json\/wp\/v2\/comments?post=30948"}],"version-history":[{"count":2,"href":"https:\/\/www.welovecycling.com\/cs\/wp-json\/wp\/v2\/posts\/30948\/revisions"}],"predecessor-version":[{"id":30953,"href":"https:\/\/www.welovecycling.com\/cs\/wp-json\/wp\/v2\/posts\/30948\/revisions\/30953"}],"wp:featuredmedia":[{"embeddable":true,"href":"https:\/\/www.welovecycling.com\/cs\/wp-json\/wp\/v2\/media\/17088"}],"wp:attachment":[{"href":"https:\/\/www.welovecycling.com\/cs\/wp-json\/wp\/v2\/media?parent=30948"}],"wp:term":[{"taxonomy":"category","embeddable":true,"href":"https:\/\/www.welovecycling.com\/cs\/wp-json\/wp\/v2\/categories?post=30948"},{"taxonomy":"post_tag","embeddable":true,"href":"https:\/\/www.welovecycling.com\/cs\/wp-json\/wp\/v2\/tags?post=30948"},{"taxonomy":"global-categories","embeddable":true,"href":"https:\/\/www.welovecycling.com\/cs\/wp-json\/wp\/v2\/global-categories?post=30948"}],"curies":[{"name":"wp","href":"https:\/\/api.w.org\/{rel}","templated":true}]}}