{"id":30923,"date":"2025-09-08T10:18:05","date_gmt":"2025-09-08T08:18:05","guid":{"rendered":"https:\/\/www.welovecycling.com\/cs\/?p=30923"},"modified":"2025-09-08T10:18:05","modified_gmt":"2025-09-08T08:18:05","slug":"tip-na-cyklovylet-kdyz-reka-caruje","status":"publish","type":"post","link":"https:\/\/www.welovecycling.com\/cs\/2025\/09\/08\/tip-na-cyklovylet-kdyz-reka-caruje\/","title":{"rendered":"Tip na cyklov\u00fdlet: Kdy\u017e \u0159eka \u010daruje"},"content":{"rendered":"<p><strong>Mo\u017enost\u00ed pro cyklov\u00fdlet nab\u00edz\u00ed lokalita kousek za Prahou tolik, a\u017e srdce milovn\u00edk\u016f j\u00edzdy na kole ples\u00e1. Berounka a cesti\u010dky lemuj\u00edc\u00ed jej\u00ed tok uspokoj\u00ed rodiny s d\u011btmi, vyznava\u010de pohodov\u00fdch j\u00edzd i cyklistick\u00e9 nad\u0161ence, co si cht\u011bj\u00ed d\u00e1t po\u0159\u00e1dn\u011b do t\u011bla.<\/strong><\/p>\n<p>Beroun je m\u011bsto cyklistice zasl\u00edben\u00e9. V\u0161ak zde rok co rok zahajuje sezonu Kolo pro \u017eivot. V t\u011bsn\u00e9 bl\u00edzkosti centra pohodln\u011b zaparkujete, p\u0159ijet m\u016f\u017eete z mnoha sm\u011br\u016f i vlakem, v n\u011bm\u017e pohodln\u011b kolo p\u0159eprav\u00edte.<\/p>\n<p>Berounka se tady na p\u0159\u00edtoku od H\u00fdskova jen l\u00edn\u011b p\u0159evaluje a stejn\u011b pohodov\u00fd m\u016f\u017ee b\u00fdt i rozjezd v\u00fdletu. Cyklostezka na H\u00fdskov lemuje koryto \u0159eky p\u0159es Stradonice a\u017e do Ni\u017eboru, kde se nab\u00edz\u00ed prvn\u00ed mo\u017enost zast\u00e1vky. Pod z\u00e1mkem je bikrosov\u00e9 h\u0159i\u0161t\u011b, na n\u011bm\u017e se vy\u0159\u00e1d\u00ed d\u011bti i dosp\u011bl\u00ed. V t\u011bsn\u00e9 bl\u00edzkosti je i d\u011btsk\u00e9 h\u0159i\u0161t\u011b s prol\u00e9za\u010dkami, ke\u0159ov\u00fdm bludi\u0161t\u011bm a par\u00e1dn\u00edm asfaltov\u00fdm ov\u00e1lem. Za n\u00e1v\u0161t\u011bvu stoj\u00ed i zdej\u0161\u00ed z\u00e1mek, kter\u00fd byl zalo\u017een\u00fd u\u017e ve t\u0159in\u00e1ct\u00e9m stolet\u00ed.<\/p>\n<p>Pokud se chcete je\u0161t\u011b p\u0159ed p\u0159\u00edjezdem do Ni\u017eboru po\u0159\u00e1dn\u011b zah\u0159\u00e1t, z Berouna m\u016f\u017eete vyrazit po nov\u011b polo\u017een\u00e9m asfaltu p\u0159es Talichovo \u00fadol\u00ed nad obec Zdejcina. Bike\u0159i si v\u00fdstup mohou vy\u0161perkovat v\u00fdletem k rozhledn\u011b D\u011bd, kter\u00e1 je aktu\u00e1ln\u011b v rekonstrukci.<\/p>\n<p><a href=\"https:\/\/d2p6e6u75xmxt8.cloudfront.net\/13\/2022\/08\/rozhledna-ded-profimedia-0173878866.webp\"><img loading=\"lazy\" decoding=\"async\" class=\"alignnone size-full wp-image-18392\" src=\"https:\/\/d2p6e6u75xmxt8.cloudfront.net\/13\/2022\/08\/rozhledna-ded-profimedia-0173878866.webp\" alt=\"\" width=\"1800\" height=\"1200\" srcset=\"https:\/\/d2p6e6u75xmxt8.cloudfront.net\/13\/2022\/08\/rozhledna-ded-profimedia-0173878866.webp 1800w, https:\/\/d2p6e6u75xmxt8.cloudfront.net\/13\/2022\/08\/rozhledna-ded-profimedia-0173878866-300x200.webp 300w, https:\/\/d2p6e6u75xmxt8.cloudfront.net\/13\/2022\/08\/rozhledna-ded-profimedia-0173878866-1024x683.webp 1024w, https:\/\/d2p6e6u75xmxt8.cloudfront.net\/13\/2022\/08\/rozhledna-ded-profimedia-0173878866-768x512.webp 768w, https:\/\/d2p6e6u75xmxt8.cloudfront.net\/13\/2022\/08\/rozhledna-ded-profimedia-0173878866-1536x1024.webp 1536w, https:\/\/d2p6e6u75xmxt8.cloudfront.net\/13\/2022\/08\/rozhledna-ded-profimedia-0173878866-272x182.webp 272w\" sizes=\"auto, (max-width: 1800px) 100vw, 1800px\" \/><\/a><\/p>\n<p>Z Ni\u017eboru se nab\u00edz\u00ed mnoho variant trasy. Berounka p\u0159itom bude po\u0159\u00e1d prov\u00e1zet va\u0161e \u0161lap\u00e1n\u00ed do ped\u00e1l\u016f. Kdy\u017e vyraz\u00edte vpravo proti proudu zano\u0159\u00edte se hned do hlubok\u00fdch les\u016f a minete z\u00e1me\u010dek D\u0159ev\u00ed\u010d, kter\u00fd byl \u00fato\u010di\u0161t\u011bm Karla Schwarzenberga. Je t\u0159eba se p\u0159ipravit na dv\u011b stoup\u00e1n\u00ed, b\u011bhem nich\u017e zdol\u00e1te dv\u011b st\u011b v\u00fd\u0161kov\u00fdch metr\u016f. Milovn\u00edci horsk\u00e9 cyklistiky \u010di rodiny s d\u011btmi mohou nad z\u00e1mkem zabo\u010dit na lesn\u00ed cesty, kter\u00e9 je vyvedou kolem barokn\u00ed kapli\u010dky sv\u00e1t\u00e9ho Jana Nepomuck\u00e9ho nad obec S\u00fdko\u0159ice. Na jej\u00edm konci po prav\u00e9 stran\u011b je kav\u00e1rna Khulna Kaava.<\/p>\n<h2><strong>Energii dopl\u0148te na vyhl\u00e1\u0161en\u00e9m fanpointu<\/strong><\/h2>\n<p>P\u0159ed druhou polovinou v\u00fdletu ide\u00e1ln\u00ed m\u00edsto pro dopln\u011bn\u00ed energie, kter\u00e1 je zasl\u00edben\u00e9 cyklist\u016fm. U\u017e \u010dty\u0159ikr\u00e1t zde fanou\u0161ci hlasivkami povzbuzovali z\u00e1vodn\u00edky p\u0159i L&#8217;Etape Czech Republic a milovn\u00edci j\u00edzdy v sedle jsou zde v\u017edy v\u00edt\u00e1ni. Specialitou jsou bezlepkov\u00e9 kol\u00e1\u010de nebo dvojctihodn\u00e9 kol\u00e1\u010dky, a pak slan\u00e9 pochutiny, co uspokoj\u00ed i vegetari\u00e1ny. V nab\u00eddce je i zmrzlina \u010di rozmanit\u00fd v\u00fdb\u011br limon\u00e1d. A ne\u017e si dosp\u011bl\u00ed vychutnaj\u00ed v\u00fdb\u011brovou k\u00e1vu, d\u011bti si mohou pohr\u00e1t na p\u00edskovi\u0161ti, \u0159\u00e1dit na skluzavk\u00e1ch \u010di u hern\u00edch prvk\u016f.<\/p>\n<figure id=\"attachment_14066\" aria-describedby=\"caption-attachment-14066\" style=\"width: 1920px\" class=\"wp-caption alignnone\"><a href=\"https:\/\/d2p6e6u75xmxt8.cloudfront.net\/13\/2021\/08\/CEM_6956-scaled.webp\"><img loading=\"lazy\" decoding=\"async\" class=\"size-extra-large wp-image-14066\" src=\"https:\/\/d2p6e6u75xmxt8.cloudfront.net\/13\/2021\/08\/CEM_6956-scaled-1920x1280.webp\" alt=\"Khulna Kaava\" width=\"1920\" height=\"1280\" srcset=\"https:\/\/d2p6e6u75xmxt8.cloudfront.net\/13\/2021\/08\/CEM_6956-scaled-1920x1280.webp 1920w, https:\/\/d2p6e6u75xmxt8.cloudfront.net\/13\/2021\/08\/CEM_6956-scaled-300x200.webp 300w, https:\/\/d2p6e6u75xmxt8.cloudfront.net\/13\/2021\/08\/CEM_6956-scaled-1024x683.webp 1024w, https:\/\/d2p6e6u75xmxt8.cloudfront.net\/13\/2021\/08\/CEM_6956-scaled-768x512.webp 768w, https:\/\/d2p6e6u75xmxt8.cloudfront.net\/13\/2021\/08\/CEM_6956-scaled-1536x1024.webp 1536w, https:\/\/d2p6e6u75xmxt8.cloudfront.net\/13\/2021\/08\/CEM_6956-scaled-2048x1366.webp 2048w, https:\/\/d2p6e6u75xmxt8.cloudfront.net\/13\/2021\/08\/CEM_6956-scaled-272x182.webp 272w, https:\/\/d2p6e6u75xmxt8.cloudfront.net\/13\/2021\/08\/CEM_6956-scaled-1920x1280.webp 1920w\" sizes=\"auto, (max-width: 1920px) 100vw, 1920px\" \/><\/a><figcaption id=\"caption-attachment-14066\" class=\"wp-caption-text\"><em>Khulna Kaava nab\u00edz\u00ed mo\u017enost dopln\u011bn\u00ed energie p\u0159i cyklistick\u00e9m v\u00fdletu, j\u00edm\u017e n\u00e1s prov\u00e1z\u00ed \u0159eka Berounka.<\/em><\/figcaption><\/figure>\n<p>Na\u010derpan\u00e9 &#8222;palivo&#8220; se bude hodit, proto\u017ee na dal\u0161\u00edch dvan\u00e1cti kilometrech je pot\u0159eba zdolat dal\u0161\u00edch dv\u011b st\u011b v\u00fd\u0161kov\u00fdch metr\u016f. Po kr\u00e1sn\u00e9m sjezdu do Zbe\u010dna, kde bude Berounka po lev\u00e9 stran\u011b, se nab\u00edz\u00ed n\u00e1v\u0161t\u011bva Hamousova statku. Selsk\u00e9 usedlosti s rouben\u00fdm obytn\u00fdm domem a st\u00e1jemi se s\u00fdpkou. Hned naproti je \u0159\u00edmskokatolick\u00fd farn\u00ed kostel svat\u00e9ho Martina.<\/p>\n<div class=\"shortcode-ys-post-pinup\"><article class=\"loop-simple post-30782 post type-post status-publish format-standard has-post-thumbnail hentry category-silnicni-cyklistika tag-alberto-contador tag-alto-de-langliru tag-angliru tag-cyklistika tag-david-millar tag-sepp-kuss tag-silnicni-cyklistika global-categories-cycling\" data-postid=\"30782\" role=\"article\" data-post-id=\"30782\" data-word-count=\"518\" data-headline-length=\"57\" data-category=\"Silni\u010dn\u00ed cyklistika\" data-global-category=\"Cycling\" data-author=\"Radek Malina\" data-published=\"2025-08-27T07:34:42+02:00\" data-published-day=\"Wednesday\">\n    <div class=\"entry-thumbnail article-thumbnail\" content=\"https:\/\/d2p6e6u75xmxt8.cloudfront.net\/13\/2025\/08\/profimedia-0349022272-150x150.webp\"><a href=\"https:\/\/www.welovecycling.com\/cs\/2025\/08\/27\/nejsme-zvirata-nelidske-stoupani-oslavou-cyklistiky\/\" class=\"image-holder\" target=\"_self\"><img decoding=\"async\" loading=\"lazy\" class=\"\" src=\"https:\/\/d2p6e6u75xmxt8.cloudfront.net\/13\/2025\/08\/profimedia-0349022272-1024x682.webp\" srcset=\"https:\/\/d2p6e6u75xmxt8.cloudfront.net\/13\/2025\/08\/profimedia-0349022272.webp 1800w, https:\/\/d2p6e6u75xmxt8.cloudfront.net\/13\/2025\/08\/profimedia-0349022272-300x200.webp 300w, https:\/\/d2p6e6u75xmxt8.cloudfront.net\/13\/2025\/08\/profimedia-0349022272-1024x682.webp 1024w, https:\/\/d2p6e6u75xmxt8.cloudfront.net\/13\/2025\/08\/profimedia-0349022272-768x512.webp 768w, https:\/\/d2p6e6u75xmxt8.cloudfront.net\/13\/2025\/08\/profimedia-0349022272-1536x1023.webp 1536w, https:\/\/d2p6e6u75xmxt8.cloudfront.net\/13\/2025\/08\/profimedia-0349022272-400x266.webp 400w, https:\/\/d2p6e6u75xmxt8.cloudfront.net\/13\/2025\/08\/profimedia-0349022272-272x182.webp 272w\" width=\"1024\" height=\"682\" sizes=\"auto, (min-width: 1200px) 300px, (min-width: 768px) 25vw, 100vw\" alt=\"nejsme-zvirata-nelidske-stoupani-oslavou-cyklistiky\"\/><\/a><\/div>    <div class=\"entry-meta\">\n        <a class=\"label label-secondary post-category\" href=\"https:\/\/www.welovecycling.com\/cs\/category\/silnicni-cyklistika\/\" title=\"Silni\u010dn\u00ed cyklistika\">Silni\u010dn\u00ed cyklistika<\/a>\n    <\/div>\n    <div class=\"entry-details\">\n        <a href=\"https:\/\/www.welovecycling.com\/cs\/2025\/08\/27\/nejsme-zvirata-nelidske-stoupani-oslavou-cyklistiky\/\" class='entry-title-wrapper'>\n            <h3 class=\"entry-title\"><span>Nejsme zv\u00ed\u0159ata! Nelidsk\u00e9 stoup\u00e1n\u00ed oslavou cyklistiky<\/span><\/h3>\n        <\/a>\n    <\/div>\n    <\/article>\n<\/div>\n<p>Vyznava\u010di silni\u010dn\u00ed cyklistiky \u010di jezdci tou\u017e\u00edc\u00ed d\u00e1t si po\u0159\u00e1dn\u011b do t\u011bla, mohou v prvn\u00ed \u010d\u00e1sti v\u00fdletu vyrazit z Ni\u017eboru vlevo a do cyklokav\u00e1rny dorazit p\u0159es Kamenn\u00e9 vrchy, s v\u00fdstupem od Zbe\u010dna coby bonusem a 160 v\u00fd\u0161kov\u00fdmi metry navrch. Po zast\u00e1vce na dopln\u011bn\u00ed energie pak mohou milovn\u00edci silni\u010dn\u00ed cyklistiky pokra\u010dovat tro\u0161ku d\u00e1l do kopce, tak\u017ee Berounka z\u016fstane daleko za jejich z\u00e1dy. P\u0159es L\u00e1ny a P\u00edsky se v\u0161ak znovu spust\u00ed ke korytu \u0159eky pod hradem K\u0159ivokl\u00e1t.<\/p>\n<h2><strong>Hamous\u016fv statek \u010di K\u0159ivokl\u00e1t?<\/strong><\/h2>\n<p>Pr\u00e1v\u011b hrad je dal\u0161\u00edm mo\u017en\u00fdm bodem zpest\u0159en\u00edm v\u00fdletu. Ne\u017e p\u0159ijedete k hradb\u00e1m jednoho z nejv\u00fdznamn\u011bj\u0161\u00edch st\u0159edov\u011bk\u00fdch hrad\u016f, m\u016f\u017eete je\u0161t\u011b ve Zbe\u010dn\u011b uhnout vpravo sm\u011brem k vodn\u00ed n\u00e1dr\u017ei Kl\u00ed\u010dava a pokochat se v\u00fdhledem na vodn\u00ed hladinu z koruny n\u00e1dr\u017ee dokon\u010den\u011b v roce 1955, kter\u00e1 je od z\u00e1klad\u016f vysok\u00e1 50 metr\u016f. N\u00e1sledn\u011b se po \u010derven\u00e9 turistick\u00e9 cest\u011b dostanete stranou v\u0161ech automobil\u016f v klidn\u00e9m prost\u0159ed\u00ed lesa a\u017e na rozcest\u00ed nad P\u00edsky.<\/p>\n<p>A pak u\u017e z\u00e1le\u017e\u00ed, zda se vyd\u00e1te na K\u0159ivokl\u00e1t nebo t\u0159eba za Po\u017e\u00e1ry, kde je nedaleko lesa pomn\u00edk Arno\u0161ta Mik\u0161e, \u010deskoslovensk\u00e9ho voj\u00e1ka a p\u0159\u00edslu\u0161n\u00edka v\u00fdsadku Zinc, kter\u00fd se \u00fa\u010dastnil boj\u016f o Francii. Na ja\u0159e 1942 si po p\u0159est\u0159elce s \u010detnictvem pr\u00e1v\u011b tady u k\u0159ivokl\u00e1tsk\u00fdch les\u016f ran\u011bn\u00fd vzal \u017eivot.<\/p>\n<figure id=\"attachment_16710\" aria-describedby=\"caption-attachment-16710\" style=\"width: 1920px\" class=\"wp-caption alignnone\"><a href=\"https:\/\/d2p6e6u75xmxt8.cloudfront.net\/13\/2022\/04\/Krivoklat.webp\"><img loading=\"lazy\" decoding=\"async\" class=\"size-extra-large wp-image-16710\" src=\"https:\/\/d2p6e6u75xmxt8.cloudfront.net\/13\/2022\/04\/Krivoklat-1920x1440.webp\" alt=\"Stoup\u00e1n\u00ed kolem hradu K\u0159ivokl\u00e1t\" width=\"1920\" height=\"1440\" srcset=\"https:\/\/d2p6e6u75xmxt8.cloudfront.net\/13\/2022\/04\/Krivoklat-1920x1440.webp 1920w, https:\/\/d2p6e6u75xmxt8.cloudfront.net\/13\/2022\/04\/Krivoklat-300x225.webp 300w, https:\/\/d2p6e6u75xmxt8.cloudfront.net\/13\/2022\/04\/Krivoklat-1024x768.webp 1024w, https:\/\/d2p6e6u75xmxt8.cloudfront.net\/13\/2022\/04\/Krivoklat-768x576.webp 768w, https:\/\/d2p6e6u75xmxt8.cloudfront.net\/13\/2022\/04\/Krivoklat-1536x1152.webp 1536w, https:\/\/d2p6e6u75xmxt8.cloudfront.net\/13\/2022\/04\/Krivoklat.webp 2000w, https:\/\/d2p6e6u75xmxt8.cloudfront.net\/13\/2022\/04\/Krivoklat-1920x1440.webp 1920w\" sizes=\"auto, (max-width: 1920px) 100vw, 1920px\" \/><\/a><figcaption id=\"caption-attachment-16710\" class=\"wp-caption-text\"><em>Kostkov\u00e1 silnice kolem hradu K\u0159ivokl\u00e1t je prov\u011brkou pro ka\u017ed\u00e9ho cyklistu v obou sm\u011brech.<\/em><\/figcaption><\/figure>\n<p>A\u0165 u\u017e se rozhodnete pro kteroukoliv variantu, n\u00e1sledn\u011b doporu\u010dujeme pokra\u010dovat do Rakovn\u00edka. Nejsnadn\u011bj\u0161\u00ed je kop\u00edrovat koryto Rakovnick\u00e9ho potoka, kter\u00fd pohlcuje za k\u0159ivokl\u00e1tskou \u0161kolou Berounka. V sedlech kol pojedete proti proudu potoka kr\u00e1sn\u00fdm prost\u0159ed\u00edm a pohodov\u00fdm ter\u00e9nem a\u017e na Husovo n\u00e1m\u011bst\u00ed v srdci kr\u00e1lovsk\u00e9ho m\u011bsta. Tady se m\u016f\u017eete odm\u011bnit zmrzlinou. A zp\u011bt do Berouna vyrazit vlakem, kter\u00fd kop\u00edruje trasu cel\u00e9ho v\u00fdletu, tak\u017ee podle (ne)chuti k dal\u0161\u00edmu \u0161lap\u00e1n\u00ed si m\u016f\u017eete cestu libovoln\u011b zkr\u00e1tit. V c\u00edli budete m\u00edt na computeru 45 kilometr\u016f a p\u0159ibli\u017en\u011b 600 v\u00fd\u0161kov\u00fdch metr\u016f podle zvolen\u00e9 trasy.<\/p>\n<div class=\"shortcode-ys-post-pinup\"><article class=\"loop-simple post-30857 post type-post status-publish format-standard has-post-thumbnail hentry category-silnicni-cyklistika tag-domestik tag-isaac-del-toro tag-joao-almeida tag-juan-ayuso tag-la-vuelta-2025 tag-lidr tag-tadej-pogacar tag-uae-emirates-xrg global-categories-cycling\" data-postid=\"30857\" role=\"article\" data-post-id=\"30857\" data-word-count=\"483\" data-headline-length=\"57\" data-category=\"Silni\u010dn\u00ed cyklistika\" data-global-category=\"Cycling\" data-author=\"Radek Malina\" data-published=\"2025-09-01T22:41:01+02:00\" data-published-day=\"Monday\">\n    <div class=\"entry-thumbnail article-thumbnail\" content=\"https:\/\/d2p6e6u75xmxt8.cloudfront.net\/13\/2025\/09\/20250829LV4001-150x150.webp\"><a href=\"https:\/\/www.welovecycling.com\/cs\/2025\/09\/01\/ayuso-se-vzbouril-a-dostal-padaka-odmital-slouzit\/\" class=\"image-holder\" target=\"_self\"><img decoding=\"async\" loading=\"lazy\" class=\"\" src=\"https:\/\/d2p6e6u75xmxt8.cloudfront.net\/13\/2025\/09\/20250829LV4001-1024x683.webp\" srcset=\"https:\/\/d2p6e6u75xmxt8.cloudfront.net\/13\/2025\/09\/20250829LV4001-scaled.webp 2560w, https:\/\/d2p6e6u75xmxt8.cloudfront.net\/13\/2025\/09\/20250829LV4001-300x200.webp 300w, https:\/\/d2p6e6u75xmxt8.cloudfront.net\/13\/2025\/09\/20250829LV4001-1024x683.webp 1024w, https:\/\/d2p6e6u75xmxt8.cloudfront.net\/13\/2025\/09\/20250829LV4001-768x512.webp 768w, https:\/\/d2p6e6u75xmxt8.cloudfront.net\/13\/2025\/09\/20250829LV4001-1536x1024.webp 1536w, https:\/\/d2p6e6u75xmxt8.cloudfront.net\/13\/2025\/09\/20250829LV4001-2048x1365.webp 2048w, https:\/\/d2p6e6u75xmxt8.cloudfront.net\/13\/2025\/09\/20250829LV4001-1920x1280.webp 1920w, https:\/\/d2p6e6u75xmxt8.cloudfront.net\/13\/2025\/09\/20250829LV4001-400x267.webp 400w, https:\/\/d2p6e6u75xmxt8.cloudfront.net\/13\/2025\/09\/20250829LV4001-272x182.webp 272w, https:\/\/d2p6e6u75xmxt8.cloudfront.net\/13\/2025\/09\/20250829LV4001-1920x1280.webp 1920w\" width=\"1024\" height=\"683\" sizes=\"auto, (min-width: 1200px) 300px, (min-width: 768px) 25vw, 100vw\" alt=\"ayuso-se-vzbouril-a-dostal-padaka-odmital-slouzit\"\/><\/a><\/div>    <div class=\"entry-meta\">\n        <a class=\"label label-secondary post-category\" href=\"https:\/\/www.welovecycling.com\/cs\/category\/silnicni-cyklistika\/\" title=\"Silni\u010dn\u00ed cyklistika\">Silni\u010dn\u00ed cyklistika<\/a>\n    <\/div>\n    <div class=\"entry-details\">\n        <a href=\"https:\/\/www.welovecycling.com\/cs\/2025\/09\/01\/ayuso-se-vzbouril-a-dostal-padaka-odmital-slouzit\/\" class='entry-title-wrapper'>\n            <h3 class=\"entry-title\"><span>Ayuso se vzbou\u0159il a dostal pad\u00e1ka. Odm\u00edtal poslu\u0161nost<\/span><\/h3>\n        <\/a>\n    <\/div>\n    <\/article>\n<\/div>\n<p>Pro cyklisty ba\u017e\u00edc\u00ed po v\u011bt\u0161\u00edm objemu kilometr\u016f i v\u00fd\u0161kov\u00fdch metr\u016f nab\u00edz\u00ed lokalita mnoho alternativ, jak si v\u00fdlet nat\u00e1hnout. Samoz\u0159ejm\u011b v\u010detn\u011b n\u00e1vratu po vlastn\u00ed ose, nikoliv vlakem. A Berounka bude v\u017edy na dosah va\u0161ich \u0159\u00edd\u00edtek&#8230;<\/p>\n","protected":false},"excerpt":{"rendered":"<p>Mo\u017enost\u00ed pro cyklov\u00fdlet nab\u00edz\u00ed lokalita kousek za Prahou tolik, a\u017e srdce milovn\u00edk\u016f j\u00edzdy na kole ples\u00e1. Berounka a cesti\u010dky lemuj\u00edc\u00ed [&hellip;]<\/p>\n","protected":false},"author":138,"featured_media":13813,"comment_status":"open","ping_status":"open","sticky":false,"template":"","format":"standard","meta":{"footnotes":""},"categories":[167],"tags":[4362,3672,3584,228,4363,4364,1805,2093,393],"global-categories":[411],"class_list":["post-30923","post","type-post","status-publish","format-standard","has-post-thumbnail","hentry","category-tipy-na-vylet","tag-berounka","tag-cyklistika-a-kava","tag-cyklokavarny","tag-cyklovylet","tag-hamousuv-statek","tag-hrad-krivoklat","tag-khulna-kaava","tag-nizbor","tag-tip-na-vylet","global-categories-cycling"],"yoast_head":"<!-- This site is optimized with the Yoast SEO Premium plugin v25.3 (Yoast SEO v25.9) - https:\/\/yoast.com\/wordpress\/plugins\/seo\/ -->\n<title>Tip na cyklov\u00fdlet: Kdy\u017e \u0159eka \u010daruje | \u0160koda We Love Cycling - \u010cesk\u00e1 republika<\/title>\n<meta name=\"description\" content=\"Mo\u017enost\u00ed pro cyklov\u00fdlet nab\u00edz\u00ed lokalita kousek za Prahou tolik, a\u017e srdce milovn\u00edk\u016f j\u00edzdy na kole ples\u00e1. Berounka a cesti\u010dky lemuj\u00edc\u00ed jej\u00ed tok uspokoj\u00ed rodiny s d\u011btmi, vyznava\u010de pohodov\u00fdch j\u00edzd i cyklistick\u00e9 nad\u0161ence, co si cht\u011bj\u00ed d\u00e1t po\u0159\u00e1dn\u011b do t\u011bla.\" \/>\n<meta name=\"robots\" content=\"index, follow, max-snippet:-1, max-image-preview:large, max-video-preview:-1\" \/>\n<link rel=\"canonical\" href=\"https:\/\/www.welovecycling.com\/cs\/2025\/09\/08\/tip-na-cyklovylet-kdyz-reka-caruje\/\" \/>\n<meta property=\"og:locale\" content=\"cs_CZ\" \/>\n<meta property=\"og:type\" content=\"article\" \/>\n<meta property=\"og:title\" content=\"Tip na cyklov\u00fdlet: Kdy\u017e \u0159eka \u010daruje\" \/>\n<meta property=\"og:description\" content=\"Mo\u017enost\u00ed pro cyklov\u00fdlet nab\u00edz\u00ed lokalita kousek za Prahou tolik, a\u017e srdce milovn\u00edk\u016f j\u00edzdy na kole ples\u00e1. Berounka a cesti\u010dky lemuj\u00edc\u00ed jej\u00ed tok uspokoj\u00ed rodiny s d\u011btmi, vyznava\u010de pohodov\u00fdch j\u00edzd i cyklistick\u00e9 nad\u0161ence, co si cht\u011bj\u00ed d\u00e1t po\u0159\u00e1dn\u011b do t\u011bla.\" \/>\n<meta property=\"og:url\" content=\"https:\/\/www.welovecycling.com\/cs\/2025\/09\/08\/tip-na-cyklovylet-kdyz-reka-caruje\/\" \/>\n<meta property=\"og:site_name\" content=\"\u0160koda We Love Cycling - \u010cesk\u00e1 republika\" \/>\n<meta property=\"article:published_time\" content=\"2025-09-08T08:18:05+00:00\" \/>\n<meta property=\"og:image\" content=\"https:\/\/d2p6e6u75xmxt8.cloudfront.net\/13\/2021\/07\/WLC_Jiri-Jezek_042021_19-scaled.webp\" \/>\n\t<meta property=\"og:image:width\" content=\"2560\" \/>\n\t<meta property=\"og:image:height\" content=\"1707\" \/>\n\t<meta property=\"og:image:type\" content=\"image\/webp\" \/>\n<meta name=\"author\" content=\"radekmalina\" \/>\n<meta name=\"twitter:card\" content=\"summary_large_image\" \/>\n<meta name=\"twitter:label1\" content=\"Written by\" \/>\n\t<meta name=\"twitter:data1\" content=\"Radek Malina\" \/>\n\t<meta name=\"twitter:label2\" content=\"Est. reading time\" \/>\n\t<meta name=\"twitter:data2\" content=\"6\" \/>\n<script type=\"application\/ld+json\" class=\"yoast-schema-graph\">{\"@context\":\"https:\/\/schema.org\",\"@graph\":[{\"@type\":\"WebPage\",\"@id\":\"https:\/\/www.welovecycling.com\/cs\/2025\/09\/08\/tip-na-cyklovylet-kdyz-reka-caruje\/\",\"url\":\"https:\/\/www.welovecycling.com\/cs\/2025\/09\/08\/tip-na-cyklovylet-kdyz-reka-caruje\/\",\"name\":\"Tip na cyklov\u00fdlet: Kdy\u017e \u0159eka \u010daruje | \u0160koda We Love Cycling - \u010cesk\u00e1 republika\",\"isPartOf\":{\"@id\":\"https:\/\/www.welovecycling.com\/cs\/#website\"},\"primaryImageOfPage\":{\"@id\":\"https:\/\/www.welovecycling.com\/cs\/2025\/09\/08\/tip-na-cyklovylet-kdyz-reka-caruje\/#primaryimage\"},\"image\":{\"@id\":\"https:\/\/www.welovecycling.com\/cs\/2025\/09\/08\/tip-na-cyklovylet-kdyz-reka-caruje\/#primaryimage\"},\"thumbnailUrl\":\"https:\/\/d2p6e6u75xmxt8.cloudfront.net\/13\/2021\/07\/WLC_Jiri-Jezek_042021_19-scaled.webp\",\"datePublished\":\"2025-09-08T08:18:05+00:00\",\"author\":{\"@id\":\"https:\/\/www.welovecycling.com\/cs\/#\/schema\/person\/d9eeb0a378f3a7e4a6d12d2b536b04b8\"},\"description\":\"Mo\u017enost\u00ed pro cyklov\u00fdlet nab\u00edz\u00ed lokalita kousek za Prahou tolik, a\u017e srdce milovn\u00edk\u016f j\u00edzdy na kole ples\u00e1. Berounka a cesti\u010dky lemuj\u00edc\u00ed jej\u00ed tok uspokoj\u00ed rodiny s d\u011btmi, vyznava\u010de pohodov\u00fdch j\u00edzd i cyklistick\u00e9 nad\u0161ence, co si cht\u011bj\u00ed d\u00e1t po\u0159\u00e1dn\u011b do t\u011bla.\",\"inLanguage\":\"cs\",\"potentialAction\":[{\"@type\":\"ReadAction\",\"target\":[\"https:\/\/www.welovecycling.com\/cs\/2025\/09\/08\/tip-na-cyklovylet-kdyz-reka-caruje\/\"]}]},{\"@type\":\"ImageObject\",\"inLanguage\":\"cs\",\"@id\":\"https:\/\/www.welovecycling.com\/cs\/2025\/09\/08\/tip-na-cyklovylet-kdyz-reka-caruje\/#primaryimage\",\"url\":\"https:\/\/d2p6e6u75xmxt8.cloudfront.net\/13\/2021\/07\/WLC_Jiri-Jezek_042021_19-scaled.webp\",\"contentUrl\":\"https:\/\/d2p6e6u75xmxt8.cloudfront.net\/13\/2021\/07\/WLC_Jiri-Jezek_042021_19-scaled.webp\",\"width\":2560,\"height\":1707,\"caption\":\"\u0158eka Berounka, obec Zbe\u010dno a Ji\u0159\u00ed Je\u017eek\"},{\"@type\":\"WebSite\",\"@id\":\"https:\/\/www.welovecycling.com\/cs\/#website\",\"url\":\"https:\/\/www.welovecycling.com\/cs\/\",\"name\":\"\u0160koda We Love Cycling - \u010cesk\u00e1 republika\",\"description\":\"WeLoveCycling.cz je online magaz\u00edn, kter\u00fd v\u00e1m pravideln\u011b p\u0159in\u00e1\u0161\u00ed rady a tipy, zaj\u00edmav\u00e9 \u010dl\u00e1nky, videa a jedine\u010dn\u00e9 report\u00e1\u017ee ze sv\u011bta cyklistiky.\",\"potentialAction\":[{\"@type\":\"SearchAction\",\"target\":{\"@type\":\"EntryPoint\",\"urlTemplate\":\"https:\/\/www.welovecycling.com\/cs\/?s={search_term_string}\"},\"query-input\":{\"@type\":\"PropertyValueSpecification\",\"valueRequired\":true,\"valueName\":\"search_term_string\"}}],\"inLanguage\":\"cs\"},{\"@type\":\"Person\",\"@id\":\"https:\/\/www.welovecycling.com\/cs\/#\/schema\/person\/d9eeb0a378f3a7e4a6d12d2b536b04b8\",\"name\":\"radekmalina\",\"image\":{\"@type\":\"ImageObject\",\"inLanguage\":\"cs\",\"@id\":\"https:\/\/www.welovecycling.com\/cs\/#\/schema\/person\/image\/\",\"url\":\"https:\/\/secure.gravatar.com\/avatar\/66994b632cb8c39a46b9f54afa3ae07201b678d32a54275b6f1c9ffec356bfc0?s=96&d=mm&r=g\",\"contentUrl\":\"https:\/\/secure.gravatar.com\/avatar\/66994b632cb8c39a46b9f54afa3ae07201b678d32a54275b6f1c9ffec356bfc0?s=96&d=mm&r=g\",\"caption\":\"radekmalina\"},\"url\":\"https:\/\/www.welovecycling.com\/cs\/author\/radekmalina\/\"}]}<\/script>\n<!-- \/ Yoast SEO Premium plugin. -->","yoast_head_json":{"title":"Tip na cyklov\u00fdlet: Kdy\u017e \u0159eka \u010daruje | \u0160koda We Love Cycling - \u010cesk\u00e1 republika","description":"Mo\u017enost\u00ed pro cyklov\u00fdlet nab\u00edz\u00ed lokalita kousek za Prahou tolik, a\u017e srdce milovn\u00edk\u016f j\u00edzdy na kole ples\u00e1. Berounka a cesti\u010dky lemuj\u00edc\u00ed jej\u00ed tok uspokoj\u00ed rodiny s d\u011btmi, vyznava\u010de pohodov\u00fdch j\u00edzd i cyklistick\u00e9 nad\u0161ence, co si cht\u011bj\u00ed d\u00e1t po\u0159\u00e1dn\u011b do t\u011bla.","robots":{"index":"index","follow":"follow","max-snippet":"max-snippet:-1","max-image-preview":"max-image-preview:large","max-video-preview":"max-video-preview:-1"},"canonical":"https:\/\/www.welovecycling.com\/cs\/2025\/09\/08\/tip-na-cyklovylet-kdyz-reka-caruje\/","og_locale":"cs_CZ","og_type":"article","og_title":"Tip na cyklov\u00fdlet: Kdy\u017e \u0159eka \u010daruje","og_description":"Mo\u017enost\u00ed pro cyklov\u00fdlet nab\u00edz\u00ed lokalita kousek za Prahou tolik, a\u017e srdce milovn\u00edk\u016f j\u00edzdy na kole ples\u00e1. Berounka a cesti\u010dky lemuj\u00edc\u00ed jej\u00ed tok uspokoj\u00ed rodiny s d\u011btmi, vyznava\u010de pohodov\u00fdch j\u00edzd i cyklistick\u00e9 nad\u0161ence, co si cht\u011bj\u00ed d\u00e1t po\u0159\u00e1dn\u011b do t\u011bla.","og_url":"https:\/\/www.welovecycling.com\/cs\/2025\/09\/08\/tip-na-cyklovylet-kdyz-reka-caruje\/","og_site_name":"\u0160koda We Love Cycling - \u010cesk\u00e1 republika","article_published_time":"2025-09-08T08:18:05+00:00","og_image":[{"width":2560,"height":1707,"url":"https:\/\/d2p6e6u75xmxt8.cloudfront.net\/13\/2021\/07\/WLC_Jiri-Jezek_042021_19-scaled.webp","type":"image\/webp"}],"author":"radekmalina","twitter_card":"summary_large_image","twitter_misc":{"Written by":"Radek Malina","Est. reading time":"6"},"schema":{"@context":"https:\/\/schema.org","@graph":[{"@type":"WebPage","@id":"https:\/\/www.welovecycling.com\/cs\/2025\/09\/08\/tip-na-cyklovylet-kdyz-reka-caruje\/","url":"https:\/\/www.welovecycling.com\/cs\/2025\/09\/08\/tip-na-cyklovylet-kdyz-reka-caruje\/","name":"Tip na cyklov\u00fdlet: Kdy\u017e \u0159eka \u010daruje | \u0160koda We Love Cycling - \u010cesk\u00e1 republika","isPartOf":{"@id":"https:\/\/www.welovecycling.com\/cs\/#website"},"primaryImageOfPage":{"@id":"https:\/\/www.welovecycling.com\/cs\/2025\/09\/08\/tip-na-cyklovylet-kdyz-reka-caruje\/#primaryimage"},"image":{"@id":"https:\/\/www.welovecycling.com\/cs\/2025\/09\/08\/tip-na-cyklovylet-kdyz-reka-caruje\/#primaryimage"},"thumbnailUrl":"https:\/\/d2p6e6u75xmxt8.cloudfront.net\/13\/2021\/07\/WLC_Jiri-Jezek_042021_19-scaled.webp","datePublished":"2025-09-08T08:18:05+00:00","author":{"@id":"https:\/\/www.welovecycling.com\/cs\/#\/schema\/person\/d9eeb0a378f3a7e4a6d12d2b536b04b8"},"description":"Mo\u017enost\u00ed pro cyklov\u00fdlet nab\u00edz\u00ed lokalita kousek za Prahou tolik, a\u017e srdce milovn\u00edk\u016f j\u00edzdy na kole ples\u00e1. Berounka a cesti\u010dky lemuj\u00edc\u00ed jej\u00ed tok uspokoj\u00ed rodiny s d\u011btmi, vyznava\u010de pohodov\u00fdch j\u00edzd i cyklistick\u00e9 nad\u0161ence, co si cht\u011bj\u00ed d\u00e1t po\u0159\u00e1dn\u011b do t\u011bla.","inLanguage":"cs","potentialAction":[{"@type":"ReadAction","target":["https:\/\/www.welovecycling.com\/cs\/2025\/09\/08\/tip-na-cyklovylet-kdyz-reka-caruje\/"]}]},{"@type":"ImageObject","inLanguage":"cs","@id":"https:\/\/www.welovecycling.com\/cs\/2025\/09\/08\/tip-na-cyklovylet-kdyz-reka-caruje\/#primaryimage","url":"https:\/\/d2p6e6u75xmxt8.cloudfront.net\/13\/2021\/07\/WLC_Jiri-Jezek_042021_19-scaled.webp","contentUrl":"https:\/\/d2p6e6u75xmxt8.cloudfront.net\/13\/2021\/07\/WLC_Jiri-Jezek_042021_19-scaled.webp","width":2560,"height":1707,"caption":"\u0158eka Berounka, obec Zbe\u010dno a Ji\u0159\u00ed Je\u017eek"},{"@type":"WebSite","@id":"https:\/\/www.welovecycling.com\/cs\/#website","url":"https:\/\/www.welovecycling.com\/cs\/","name":"\u0160koda We Love Cycling - \u010cesk\u00e1 republika","description":"WeLoveCycling.cz je online magaz\u00edn, kter\u00fd v\u00e1m pravideln\u011b p\u0159in\u00e1\u0161\u00ed rady a tipy, zaj\u00edmav\u00e9 \u010dl\u00e1nky, videa a jedine\u010dn\u00e9 report\u00e1\u017ee ze sv\u011bta cyklistiky.","potentialAction":[{"@type":"SearchAction","target":{"@type":"EntryPoint","urlTemplate":"https:\/\/www.welovecycling.com\/cs\/?s={search_term_string}"},"query-input":{"@type":"PropertyValueSpecification","valueRequired":true,"valueName":"search_term_string"}}],"inLanguage":"cs"},{"@type":"Person","@id":"https:\/\/www.welovecycling.com\/cs\/#\/schema\/person\/d9eeb0a378f3a7e4a6d12d2b536b04b8","name":"radekmalina","image":{"@type":"ImageObject","inLanguage":"cs","@id":"https:\/\/www.welovecycling.com\/cs\/#\/schema\/person\/image\/","url":"https:\/\/secure.gravatar.com\/avatar\/66994b632cb8c39a46b9f54afa3ae07201b678d32a54275b6f1c9ffec356bfc0?s=96&d=mm&r=g","contentUrl":"https:\/\/secure.gravatar.com\/avatar\/66994b632cb8c39a46b9f54afa3ae07201b678d32a54275b6f1c9ffec356bfc0?s=96&d=mm&r=g","caption":"radekmalina"},"url":"https:\/\/www.welovecycling.com\/cs\/author\/radekmalina\/"}]}},"_links":{"self":[{"href":"https:\/\/www.welovecycling.com\/cs\/wp-json\/wp\/v2\/posts\/30923","targetHints":{"allow":["GET"]}}],"collection":[{"href":"https:\/\/www.welovecycling.com\/cs\/wp-json\/wp\/v2\/posts"}],"about":[{"href":"https:\/\/www.welovecycling.com\/cs\/wp-json\/wp\/v2\/types\/post"}],"author":[{"embeddable":true,"href":"https:\/\/www.welovecycling.com\/cs\/wp-json\/wp\/v2\/users\/138"}],"replies":[{"embeddable":true,"href":"https:\/\/www.welovecycling.com\/cs\/wp-json\/wp\/v2\/comments?post=30923"}],"version-history":[{"count":1,"href":"https:\/\/www.welovecycling.com\/cs\/wp-json\/wp\/v2\/posts\/30923\/revisions"}],"predecessor-version":[{"id":30924,"href":"https:\/\/www.welovecycling.com\/cs\/wp-json\/wp\/v2\/posts\/30923\/revisions\/30924"}],"wp:featuredmedia":[{"embeddable":true,"href":"https:\/\/www.welovecycling.com\/cs\/wp-json\/wp\/v2\/media\/13813"}],"wp:attachment":[{"href":"https:\/\/www.welovecycling.com\/cs\/wp-json\/wp\/v2\/media?parent=30923"}],"wp:term":[{"taxonomy":"category","embeddable":true,"href":"https:\/\/www.welovecycling.com\/cs\/wp-json\/wp\/v2\/categories?post=30923"},{"taxonomy":"post_tag","embeddable":true,"href":"https:\/\/www.welovecycling.com\/cs\/wp-json\/wp\/v2\/tags?post=30923"},{"taxonomy":"global-categories","embeddable":true,"href":"https:\/\/www.welovecycling.com\/cs\/wp-json\/wp\/v2\/global-categories?post=30923"}],"curies":[{"name":"wp","href":"https:\/\/api.w.org\/{rel}","templated":true}]}}