{"id":30916,"date":"2025-09-06T22:06:18","date_gmt":"2025-09-06T20:06:18","guid":{"rendered":"https:\/\/www.welovecycling.com\/cs\/?p=30916"},"modified":"2025-09-06T22:07:14","modified_gmt":"2025-09-06T20:07:14","slug":"chamtivi-partaci-tadeje-pogacara","status":"publish","type":"post","link":"https:\/\/www.welovecycling.com\/cs\/2025\/09\/06\/chamtivi-partaci-tadeje-pogacara\/","title":{"rendered":"Chamtiv\u00ed par\u0165\u00e1ci Tadeje Poga\u010dara"},"content":{"rendered":"<p><strong>Sedm v\u00edt\u011bzstv\u00ed z t\u0159in\u00e1cti etap! Nejde o \u017e\u00e1dn\u00fd sen \u010di bl\u00e1znivou chim\u00e9ru. Neuv\u011b\u0159itelnou bilanc\u00ed se py\u0161n\u00ed formace UAE Emirates XRG na \u0161pan\u011blsk\u00e9 Vuelt\u011b!\u00a0<\/strong><\/p>\n<p>UAE Emirates XRG v \u00favodn\u00edch \u010dty\u0159ech etap\u00e1ch t\u0159et\u00ed Grand Tour sezony neslavilo ani jednou. Ale triumf v t\u00fdmov\u00e9 \u010dasovce p\u0159i p\u00e1t\u00e9m d\u011bjstv\u00ed spustil lavinu. \u0160estou etapu vyhr\u00e1l Jay Vine, sedmou Juan Ayuso. Des\u00e1tou znovu Jay Vine. Dvan\u00e1ctou Juan Ayuso, t\u0159in\u00e1ctou Joao Almeida, \u010dtrn\u00e1ctou Marc Soler. Pouze v osm\u00e9m d\u011bjstv\u00ed (Jasper Philipsen z Alpecin Deceuninck) a v dev\u00e1t\u00e9m d\u011bjstv\u00ed (Jonas Vingegaard z Visma Lease a Bike) neslavili d\u00edl\u010d\u00ed \u00fasp\u011bch par\u0165\u00e1ci Tadeje Poga\u010dara. A to je\u0161t\u011b v jeden\u00e1ct\u00e9 etap\u011b nebyl vyhl\u00e1\u0161en v\u00edt\u011bz po neutralizaci kv\u016fli nepokoj\u016fm fanou\u0161k\u016f.<\/p>\n<figure id=\"attachment_30867\" aria-describedby=\"caption-attachment-30867\" style=\"width: 1920px\" class=\"wp-caption alignnone\"><a href=\"https:\/\/d2p6e6u75xmxt8.cloudfront.net\/13\/2025\/09\/20250829LV1039-scaled.webp\"><img loading=\"lazy\" decoding=\"async\" class=\"size-extra-large wp-image-30867\" src=\"https:\/\/d2p6e6u75xmxt8.cloudfront.net\/13\/2025\/09\/20250829LV1039-1920x1280.webp\" alt=\"\" width=\"1920\" height=\"1280\" srcset=\"https:\/\/d2p6e6u75xmxt8.cloudfront.net\/13\/2025\/09\/20250829LV1039-1920x1280.webp 1920w, https:\/\/d2p6e6u75xmxt8.cloudfront.net\/13\/2025\/09\/20250829LV1039-300x200.webp 300w, https:\/\/d2p6e6u75xmxt8.cloudfront.net\/13\/2025\/09\/20250829LV1039-1024x683.webp 1024w, https:\/\/d2p6e6u75xmxt8.cloudfront.net\/13\/2025\/09\/20250829LV1039-768x512.webp 768w, https:\/\/d2p6e6u75xmxt8.cloudfront.net\/13\/2025\/09\/20250829LV1039-1536x1024.webp 1536w, https:\/\/d2p6e6u75xmxt8.cloudfront.net\/13\/2025\/09\/20250829LV1039-2048x1365.webp 2048w, https:\/\/d2p6e6u75xmxt8.cloudfront.net\/13\/2025\/09\/20250829LV1039-400x267.webp 400w, https:\/\/d2p6e6u75xmxt8.cloudfront.net\/13\/2025\/09\/20250829LV1039-272x182.webp 272w, https:\/\/d2p6e6u75xmxt8.cloudfront.net\/13\/2025\/09\/20250829LV1039-1920x1280.webp 1920w\" sizes=\"auto, (max-width: 1920px) 100vw, 1920px\" \/><\/a><figcaption id=\"caption-attachment-30867\" class=\"wp-caption-text\"><em>Juan Ayuso z t\u00fdmu UAE Emirates XRG p\u0159ij\u00edm\u00e1 gratulaci od Marca Solera po vyhran\u00e9 etap\u011b.<\/em><\/figcaption><\/figure>\n<p>&#8222;Nem\u00e1m \u017e\u00e1dn\u00e9 vysv\u011btlen\u00ed pro na\u0161i mimo\u0159\u00e1dnou \u00fasp\u011b\u0161nost. V\u017edy\u0165 jsme vyhr\u00e1li v\u00edce ne\u017e polovinu etap na Vuelt\u011b. To je prost\u011b neuv\u011b\u0159iteln\u00e9,&#8220; sm\u00e1l se Marc Soler, , jednat\u0159icetilet\u00fd \u0160pan\u011bl ve slu\u017eb\u00e1ch UAE Emirates XRG.<\/p>\n<h2><strong>UAE Emirates XRG odchod Ayusa nerozlo\u017eil<\/strong><\/h2>\n<p>P\u0159itom se spekulovalo, zda nebude t\u00fdm v rozkladu pot\u00e9, co veden\u00ed t\u00fdmu ozn\u00e1milo b\u011bhem prvn\u00edho voln\u00e9ho dne, \u017ee<a href=\"https:\/\/www.welovecycling.com\/cs\/2025\/09\/01\/ayuso-se-vzbouril-a-dostal-padaka-odmital-slouzit\/\"> Juan Ayuso nebude<\/a> v t\u00fdmu v p\u0159\u00ed\u0161t\u00ed sezon\u011b pokra\u010dovat i p\u0159es kontrakt do roku 2028.<\/p>\n<div class=\"shortcode-ys-post-pinup\"><article class=\"loop-simple post-30865 post type-post status-publish format-standard has-post-thumbnail hentry category-silnicni-cyklistika tag-cyklistika tag-dlouhodoba-smlouva tag-dlouhodoby-kontrakt tag-juan-ayuso tag-kontrakt tag-silnicni-cyklistika global-categories-cycling\" data-postid=\"30865\" role=\"article\" data-post-id=\"30865\" data-word-count=\"562\" data-headline-length=\"45\" data-category=\"Silni\u010dn\u00ed cyklistika\" data-global-category=\"Cycling\" data-author=\"We Love Cycling\" data-published=\"2025-09-02T10:53:15+02:00\" data-published-day=\"Tuesday\">\n    <div class=\"entry-thumbnail article-thumbnail\" content=\"https:\/\/d2p6e6u75xmxt8.cloudfront.net\/13\/2024\/07\/1800-x-1200-velky-150x150.webp\"><a href=\"https:\/\/www.welovecycling.com\/cs\/2025\/09\/02\/proc-sponzory-desi-vypovezene-kontrakty\/\" class=\"image-holder\" target=\"_self\"><img decoding=\"async\" loading=\"lazy\" class=\"\" src=\"https:\/\/d2p6e6u75xmxt8.cloudfront.net\/13\/2024\/07\/1800-x-1200-velky-1024x683.webp\" srcset=\"https:\/\/d2p6e6u75xmxt8.cloudfront.net\/13\/2024\/07\/1800-x-1200-velky.webp 1800w, https:\/\/d2p6e6u75xmxt8.cloudfront.net\/13\/2024\/07\/1800-x-1200-velky-300x200.webp 300w, https:\/\/d2p6e6u75xmxt8.cloudfront.net\/13\/2024\/07\/1800-x-1200-velky-1024x683.webp 1024w, https:\/\/d2p6e6u75xmxt8.cloudfront.net\/13\/2024\/07\/1800-x-1200-velky-768x512.webp 768w, https:\/\/d2p6e6u75xmxt8.cloudfront.net\/13\/2024\/07\/1800-x-1200-velky-1536x1024.webp 1536w, https:\/\/d2p6e6u75xmxt8.cloudfront.net\/13\/2024\/07\/1800-x-1200-velky-400x267.webp 400w, https:\/\/d2p6e6u75xmxt8.cloudfront.net\/13\/2024\/07\/1800-x-1200-velky-272x182.webp 272w\" width=\"1024\" height=\"683\" sizes=\"auto, (min-width: 1200px) 300px, (min-width: 768px) 25vw, 100vw\" alt=\"proc-sponzory-desi-vypovezene-kontrakty\"\/><\/a><\/div>    <div class=\"entry-meta\">\n        <a class=\"label label-secondary post-category\" href=\"https:\/\/www.welovecycling.com\/cs\/category\/silnicni-cyklistika\/\" title=\"Silni\u010dn\u00ed cyklistika\">Silni\u010dn\u00ed cyklistika<\/a>\n    <\/div>\n    <div class=\"entry-details\">\n        <a href=\"https:\/\/www.welovecycling.com\/cs\/2025\/09\/02\/proc-sponzory-desi-vypovezene-kontrakty\/\" class='entry-title-wrapper'>\n            <h3 class=\"entry-title\"><span>Pro\u010d sponzory d\u011bs\u00ed vypov\u011bzen\u00e9 kontrakty?<\/span><\/h3>\n        <\/a>\n    <\/div>\n    <\/article>\n<\/div>\n<p>Formace UAE Emirates XRG je nej\u00fasp\u011b\u0161n\u011bj\u0161\u00edm t\u00fdmem 21. stolet\u00ed na \u0161pan\u011blsk\u00e9 Vuelt\u011b z hlediska po\u010dtu etapov\u00fdch v\u00edt\u011bzstv\u00ed. Dosud dr\u017eel rekord Quick Step Floors se \u0161esti etapov\u00fdmi v\u00fdhrami ze sezony 2017.<\/p>\n<figure id=\"attachment_30918\" aria-describedby=\"caption-attachment-30918\" style=\"width: 1920px\" class=\"wp-caption alignnone\"><a href=\"https:\/\/d2p6e6u75xmxt8.cloudfront.net\/13\/2025\/09\/20250906LV4011-scaled.webp\"><img loading=\"lazy\" decoding=\"async\" class=\"size-extra-large wp-image-30918\" src=\"https:\/\/d2p6e6u75xmxt8.cloudfront.net\/13\/2025\/09\/20250906LV4011-1920x1280.webp\" alt=\"\" width=\"1920\" height=\"1280\" srcset=\"https:\/\/d2p6e6u75xmxt8.cloudfront.net\/13\/2025\/09\/20250906LV4011-1920x1280.webp 1920w, https:\/\/d2p6e6u75xmxt8.cloudfront.net\/13\/2025\/09\/20250906LV4011-300x200.webp 300w, https:\/\/d2p6e6u75xmxt8.cloudfront.net\/13\/2025\/09\/20250906LV4011-1024x683.webp 1024w, https:\/\/d2p6e6u75xmxt8.cloudfront.net\/13\/2025\/09\/20250906LV4011-768x512.webp 768w, https:\/\/d2p6e6u75xmxt8.cloudfront.net\/13\/2025\/09\/20250906LV4011-1536x1024.webp 1536w, https:\/\/d2p6e6u75xmxt8.cloudfront.net\/13\/2025\/09\/20250906LV4011-2048x1365.webp 2048w, https:\/\/d2p6e6u75xmxt8.cloudfront.net\/13\/2025\/09\/20250906LV4011-400x267.webp 400w, https:\/\/d2p6e6u75xmxt8.cloudfront.net\/13\/2025\/09\/20250906LV4011-272x182.webp 272w, https:\/\/d2p6e6u75xmxt8.cloudfront.net\/13\/2025\/09\/20250906LV4011-1920x1280.webp 1920w\" sizes=\"auto, (max-width: 1920px) 100vw, 1920px\" \/><\/a><figcaption id=\"caption-attachment-30918\" class=\"wp-caption-text\"><em>Jay Vine dr\u017e\u00ed trikot pro nejlep\u0161\u00edho vrcha\u0159e.<\/em><\/figcaption><\/figure>\n<p>Absolutn\u00ed rekord dr\u017e\u00ed sestava Flandria z roku 1977, kter\u00e1 tehdy vyhr\u00e1la \u010dtrn\u00e1ct etap! Freddy Maertens ovl\u00e1dl t\u0159in\u00e1ct z dvaceti d\u011bjstv\u00ed, Michel Pollentier pak p\u0159idal \u010dtrn\u00e1ct\u00fd triumf v z\u00e1v\u011bre\u010dn\u00e9m d\u00edle Vuelty. Aby tenhle kousek borci UAE Emirates XRG p\u0159ekonali, museli by vyhr\u00e1t v\u0161echny zb\u00fdvaj\u00edc\u00ed testy.<\/p>\n<p>Posledn\u00edm t\u00fdmem, kter\u00fd m\u011bl \u010dty\u0159i r\u016fzn\u00e9 v\u00edt\u011bze na Vuelt\u011b bylo Kelme v roce 2002.A minul\u00fdm t\u00fdmem se sedmi v\u00fdhrami byl t\u00fdm ONCE Look Mavic v l\u00e9t\u011b 1994.<\/p>\n<div class=\"shortcode-ys-post-pinup\"><article class=\"loop-simple post-30849 post type-post status-publish format-standard has-post-thumbnail hentry category-horska-cyklistika tag-cross-country tag-cyklistika tag-horska-cyklistika tag-mathieu-van-der-poel tag-mistrovstvi-sveta tag-silnicni-cyklistika tag-tour-de-france tag-uci-mtb-2025 global-categories-cycling\" data-postid=\"30849\" role=\"article\" data-post-id=\"30849\" data-word-count=\"553\" data-headline-length=\"40\" data-category=\"Horsk\u00e1 cyklistika\" data-global-category=\"Cycling\" data-author=\"Radek Malina\" data-published=\"2025-09-01T11:17:19+02:00\" data-published-day=\"Monday\">\n    <div class=\"entry-thumbnail article-thumbnail\" content=\"https:\/\/d2p6e6u75xmxt8.cloudfront.net\/13\/2025\/09\/profimedia-1032050824-150x150.webp\"><a href=\"https:\/\/www.welovecycling.com\/cs\/2025\/09\/01\/van-der-poel-pripustil-prestup-na-biky\/\" class=\"image-holder\" target=\"_self\"><img decoding=\"async\" loading=\"lazy\" class=\"\" src=\"https:\/\/d2p6e6u75xmxt8.cloudfront.net\/13\/2025\/09\/profimedia-1032050824-1024x683.webp\" srcset=\"https:\/\/d2p6e6u75xmxt8.cloudfront.net\/13\/2025\/09\/profimedia-1032050824.webp 1800w, https:\/\/d2p6e6u75xmxt8.cloudfront.net\/13\/2025\/09\/profimedia-1032050824-300x200.webp 300w, https:\/\/d2p6e6u75xmxt8.cloudfront.net\/13\/2025\/09\/profimedia-1032050824-1024x683.webp 1024w, https:\/\/d2p6e6u75xmxt8.cloudfront.net\/13\/2025\/09\/profimedia-1032050824-768x512.webp 768w, https:\/\/d2p6e6u75xmxt8.cloudfront.net\/13\/2025\/09\/profimedia-1032050824-1536x1024.webp 1536w, https:\/\/d2p6e6u75xmxt8.cloudfront.net\/13\/2025\/09\/profimedia-1032050824-400x267.webp 400w, https:\/\/d2p6e6u75xmxt8.cloudfront.net\/13\/2025\/09\/profimedia-1032050824-272x182.webp 272w\" width=\"1024\" height=\"683\" sizes=\"auto, (min-width: 1200px) 300px, (min-width: 768px) 25vw, 100vw\" alt=\"van-der-poel-pripustil-prestup-na-biky\"\/><\/a><\/div>    <div class=\"entry-meta\">\n        <a class=\"label label-secondary post-category\" href=\"https:\/\/www.welovecycling.com\/cs\/category\/horska-cyklistika\/\" title=\"Horsk\u00e1 cyklistika\">Horsk\u00e1 cyklistika<\/a>\n    <\/div>\n    <div class=\"entry-details\">\n        <a href=\"https:\/\/www.welovecycling.com\/cs\/2025\/09\/01\/van-der-poel-pripustil-prestup-na-biky\/\" class='entry-title-wrapper'>\n            <h3 class=\"entry-title\"><span>Van der Poel p\u0159ipustil p\u0159estup na biky<\/span><\/h3>\n        <\/a>\n    <\/div>\n    <\/article>\n<\/div>\n<p>\u0160pan\u011bl Marc Soler triumfem ve \u010dtrn\u00e1ct\u00e9m d\u011bjstv\u00ed p\u0159idal do palety leto\u0161n\u00edch triumf\u016f UAE Emirates XRG jubilejn\u00ed osmdes\u00e1t\u00e9 v\u00edt\u011bzstv\u00ed. Je tedy v\u00edce ne\u017e jasn\u00e9, \u017ee bude p\u0159ekon\u00e1n historick\u00fd rekord, kter\u00fd vytvo\u0159il t\u00fdm HTC Columbia v sezon\u011b 2009. Tehdy sestava veden\u00e1 sprintery Markem Cavendishem a Andr\u00e9 Greipelem, jim\u017e d\u011blal domestika t\u0159eba Franti\u0161ek Rabo\u0148, slavila p\u011btaosmdes\u00e1t triumf\u016f. A to se v p\u00e1tek k z\u00e1vod\u011bn\u00ed po dlouh\u00e9 odmlce vr\u00e1t\u00ed Tadej Poga\u010dar, jedni\u010dka sestavy sponzorovan\u00e9 \u0161ejky z Emir\u00e1t\u016f.<\/p>\n<p><em>Foto: A.S.O.\/<span class=\"MuiChip-label MuiChip-labelMedium css-s01idy\">Unipublic\/Rafa G\u00f3mez\/Sprint Cycling Agency<\/span><\/em><\/p>\n<div class=\"MuiChip-root MuiChip-filled MuiChip-sizeMedium MuiChip-colorTag_other MuiChip-filledTag_other css-v20crm\"><\/div>\n","protected":false},"excerpt":{"rendered":"<p>Sedm v\u00edt\u011bzstv\u00ed z t\u0159in\u00e1cti etap! Nejde o \u017e\u00e1dn\u00fd sen \u010di bl\u00e1znivou chim\u00e9ru. Neuv\u011b\u0159itelnou bilanc\u00ed se py\u0161n\u00ed formace UAE Emirates XRG [&hellip;]<\/p>\n","protected":false},"author":138,"featured_media":30919,"comment_status":"open","ping_status":"open","sticky":false,"template":"","format":"standard","meta":{"footnotes":""},"categories":[10],"tags":[126,4329,3131,9,4064,3844],"global-categories":[411],"class_list":["post-30916","post","type-post","status-publish","format-standard","has-post-thumbnail","hentry","category-silnicni-cyklistika","tag-cyklistika","tag-la-vuelta-2025","tag-rekord","tag-silnicni-cyklistika","tag-uae-emirates-xrg","tag-vuelta-2025","global-categories-cycling"],"yoast_head":"<!-- This site is optimized with the Yoast SEO Premium plugin v25.3 (Yoast SEO v25.9) - https:\/\/yoast.com\/wordpress\/plugins\/seo\/ -->\n<title>Chamtiv\u00ed par\u0165\u00e1ci Tadeje Poga\u010dara | \u0160koda We Love Cycling - \u010cesk\u00e1 republika<\/title>\n<meta name=\"description\" content=\"Sedm v\u00edt\u011bzstv\u00ed z t\u0159in\u00e1cti etap! Nejde o \u017e\u00e1dn\u00fd sen \u010di bl\u00e1znivou chim\u00e9ru. Neuv\u011b\u0159itelnou bilanc\u00ed se py\u0161n\u00ed formace UAE Emirates XRG na \u0161pan\u011blsk\u00e9 Vuelt\u011b!\u00a0\" \/>\n<meta name=\"robots\" content=\"index, follow, max-snippet:-1, max-image-preview:large, max-video-preview:-1\" \/>\n<link rel=\"canonical\" href=\"https:\/\/www.welovecycling.com\/cs\/2025\/09\/06\/chamtivi-partaci-tadeje-pogacara\/\" \/>\n<meta property=\"og:locale\" content=\"cs_CZ\" \/>\n<meta property=\"og:type\" content=\"article\" \/>\n<meta property=\"og:title\" content=\"Chamtiv\u00ed par\u0165\u00e1ci Tadeje Poga\u010dara\" \/>\n<meta property=\"og:description\" content=\"Sedm v\u00edt\u011bzstv\u00ed z t\u0159in\u00e1cti etap! Nejde o \u017e\u00e1dn\u00fd sen \u010di bl\u00e1znivou chim\u00e9ru. Neuv\u011b\u0159itelnou bilanc\u00ed se py\u0161n\u00ed formace UAE Emirates XRG na \u0161pan\u011blsk\u00e9 Vuelt\u011b!\u00a0\" \/>\n<meta property=\"og:url\" content=\"https:\/\/www.welovecycling.com\/cs\/2025\/09\/06\/chamtivi-partaci-tadeje-pogacara\/\" \/>\n<meta property=\"og:site_name\" content=\"\u0160koda We Love Cycling - \u010cesk\u00e1 republika\" \/>\n<meta property=\"article:published_time\" content=\"2025-09-06T20:06:18+00:00\" \/>\n<meta property=\"article:modified_time\" content=\"2025-09-06T20:07:14+00:00\" \/>\n<meta property=\"og:image\" content=\"https:\/\/d2p6e6u75xmxt8.cloudfront.net\/13\/2025\/09\/20250906LV4002-scaled.webp\" \/>\n\t<meta property=\"og:image:width\" content=\"2560\" \/>\n\t<meta property=\"og:image:height\" content=\"1707\" \/>\n\t<meta property=\"og:image:type\" content=\"image\/webp\" \/>\n<meta name=\"author\" content=\"radekmalina\" \/>\n<meta name=\"twitter:card\" content=\"summary_large_image\" \/>\n<meta name=\"twitter:label1\" content=\"Written by\" \/>\n\t<meta name=\"twitter:data1\" content=\"Radek Malina\" \/>\n\t<meta name=\"twitter:label2\" content=\"Est. reading time\" \/>\n\t<meta name=\"twitter:data2\" content=\"5\" \/>\n<script type=\"application\/ld+json\" class=\"yoast-schema-graph\">{\"@context\":\"https:\/\/schema.org\",\"@graph\":[{\"@type\":\"WebPage\",\"@id\":\"https:\/\/www.welovecycling.com\/cs\/2025\/09\/06\/chamtivi-partaci-tadeje-pogacara\/\",\"url\":\"https:\/\/www.welovecycling.com\/cs\/2025\/09\/06\/chamtivi-partaci-tadeje-pogacara\/\",\"name\":\"Chamtiv\u00ed par\u0165\u00e1ci Tadeje Poga\u010dara | \u0160koda We Love Cycling - \u010cesk\u00e1 republika\",\"isPartOf\":{\"@id\":\"https:\/\/www.welovecycling.com\/cs\/#website\"},\"primaryImageOfPage\":{\"@id\":\"https:\/\/www.welovecycling.com\/cs\/2025\/09\/06\/chamtivi-partaci-tadeje-pogacara\/#primaryimage\"},\"image\":{\"@id\":\"https:\/\/www.welovecycling.com\/cs\/2025\/09\/06\/chamtivi-partaci-tadeje-pogacara\/#primaryimage\"},\"thumbnailUrl\":\"https:\/\/d2p6e6u75xmxt8.cloudfront.net\/13\/2025\/09\/20250906LV4002-scaled.webp\",\"datePublished\":\"2025-09-06T20:06:18+00:00\",\"dateModified\":\"2025-09-06T20:07:14+00:00\",\"author\":{\"@id\":\"https:\/\/www.welovecycling.com\/cs\/#\/schema\/person\/d9eeb0a378f3a7e4a6d12d2b536b04b8\"},\"description\":\"Sedm v\u00edt\u011bzstv\u00ed z t\u0159in\u00e1cti etap! Nejde o \u017e\u00e1dn\u00fd sen \u010di bl\u00e1znivou chim\u00e9ru. Neuv\u011b\u0159itelnou bilanc\u00ed se py\u0161n\u00ed formace UAE Emirates XRG na \u0161pan\u011blsk\u00e9 Vuelt\u011b!\u00a0\",\"inLanguage\":\"cs\",\"potentialAction\":[{\"@type\":\"ReadAction\",\"target\":[\"https:\/\/www.welovecycling.com\/cs\/2025\/09\/06\/chamtivi-partaci-tadeje-pogacara\/\"]}]},{\"@type\":\"ImageObject\",\"inLanguage\":\"cs\",\"@id\":\"https:\/\/www.welovecycling.com\/cs\/2025\/09\/06\/chamtivi-partaci-tadeje-pogacara\/#primaryimage\",\"url\":\"https:\/\/d2p6e6u75xmxt8.cloudfront.net\/13\/2025\/09\/20250906LV4002-scaled.webp\",\"contentUrl\":\"https:\/\/d2p6e6u75xmxt8.cloudfront.net\/13\/2025\/09\/20250906LV4002-scaled.webp\",\"width\":2560,\"height\":1707,\"caption\":\"Marc Soler z t\u00fdmu UAE Emirates XRG\"},{\"@type\":\"WebSite\",\"@id\":\"https:\/\/www.welovecycling.com\/cs\/#website\",\"url\":\"https:\/\/www.welovecycling.com\/cs\/\",\"name\":\"\u0160koda We Love Cycling - \u010cesk\u00e1 republika\",\"description\":\"WeLoveCycling.cz je online magaz\u00edn, kter\u00fd v\u00e1m pravideln\u011b p\u0159in\u00e1\u0161\u00ed rady a tipy, zaj\u00edmav\u00e9 \u010dl\u00e1nky, videa a jedine\u010dn\u00e9 report\u00e1\u017ee ze sv\u011bta cyklistiky.\",\"potentialAction\":[{\"@type\":\"SearchAction\",\"target\":{\"@type\":\"EntryPoint\",\"urlTemplate\":\"https:\/\/www.welovecycling.com\/cs\/?s={search_term_string}\"},\"query-input\":{\"@type\":\"PropertyValueSpecification\",\"valueRequired\":true,\"valueName\":\"search_term_string\"}}],\"inLanguage\":\"cs\"},{\"@type\":\"Person\",\"@id\":\"https:\/\/www.welovecycling.com\/cs\/#\/schema\/person\/d9eeb0a378f3a7e4a6d12d2b536b04b8\",\"name\":\"radekmalina\",\"image\":{\"@type\":\"ImageObject\",\"inLanguage\":\"cs\",\"@id\":\"https:\/\/www.welovecycling.com\/cs\/#\/schema\/person\/image\/\",\"url\":\"https:\/\/secure.gravatar.com\/avatar\/66994b632cb8c39a46b9f54afa3ae07201b678d32a54275b6f1c9ffec356bfc0?s=96&d=mm&r=g\",\"contentUrl\":\"https:\/\/secure.gravatar.com\/avatar\/66994b632cb8c39a46b9f54afa3ae07201b678d32a54275b6f1c9ffec356bfc0?s=96&d=mm&r=g\",\"caption\":\"radekmalina\"},\"url\":\"https:\/\/www.welovecycling.com\/cs\/author\/radekmalina\/\"}]}<\/script>\n<!-- \/ Yoast SEO Premium plugin. -->","yoast_head_json":{"title":"Chamtiv\u00ed par\u0165\u00e1ci Tadeje Poga\u010dara | \u0160koda We Love Cycling - \u010cesk\u00e1 republika","description":"Sedm v\u00edt\u011bzstv\u00ed z t\u0159in\u00e1cti etap! Nejde o \u017e\u00e1dn\u00fd sen \u010di bl\u00e1znivou chim\u00e9ru. Neuv\u011b\u0159itelnou bilanc\u00ed se py\u0161n\u00ed formace UAE Emirates XRG na \u0161pan\u011blsk\u00e9 Vuelt\u011b!\u00a0","robots":{"index":"index","follow":"follow","max-snippet":"max-snippet:-1","max-image-preview":"max-image-preview:large","max-video-preview":"max-video-preview:-1"},"canonical":"https:\/\/www.welovecycling.com\/cs\/2025\/09\/06\/chamtivi-partaci-tadeje-pogacara\/","og_locale":"cs_CZ","og_type":"article","og_title":"Chamtiv\u00ed par\u0165\u00e1ci Tadeje Poga\u010dara","og_description":"Sedm v\u00edt\u011bzstv\u00ed z t\u0159in\u00e1cti etap! Nejde o \u017e\u00e1dn\u00fd sen \u010di bl\u00e1znivou chim\u00e9ru. Neuv\u011b\u0159itelnou bilanc\u00ed se py\u0161n\u00ed formace UAE Emirates XRG na \u0161pan\u011blsk\u00e9 Vuelt\u011b!\u00a0","og_url":"https:\/\/www.welovecycling.com\/cs\/2025\/09\/06\/chamtivi-partaci-tadeje-pogacara\/","og_site_name":"\u0160koda We Love Cycling - \u010cesk\u00e1 republika","article_published_time":"2025-09-06T20:06:18+00:00","article_modified_time":"2025-09-06T20:07:14+00:00","og_image":[{"width":2560,"height":1707,"url":"https:\/\/d2p6e6u75xmxt8.cloudfront.net\/13\/2025\/09\/20250906LV4002-scaled.webp","type":"image\/webp"}],"author":"radekmalina","twitter_card":"summary_large_image","twitter_misc":{"Written by":"Radek Malina","Est. reading time":"5"},"schema":{"@context":"https:\/\/schema.org","@graph":[{"@type":"WebPage","@id":"https:\/\/www.welovecycling.com\/cs\/2025\/09\/06\/chamtivi-partaci-tadeje-pogacara\/","url":"https:\/\/www.welovecycling.com\/cs\/2025\/09\/06\/chamtivi-partaci-tadeje-pogacara\/","name":"Chamtiv\u00ed par\u0165\u00e1ci Tadeje Poga\u010dara | \u0160koda We Love Cycling - \u010cesk\u00e1 republika","isPartOf":{"@id":"https:\/\/www.welovecycling.com\/cs\/#website"},"primaryImageOfPage":{"@id":"https:\/\/www.welovecycling.com\/cs\/2025\/09\/06\/chamtivi-partaci-tadeje-pogacara\/#primaryimage"},"image":{"@id":"https:\/\/www.welovecycling.com\/cs\/2025\/09\/06\/chamtivi-partaci-tadeje-pogacara\/#primaryimage"},"thumbnailUrl":"https:\/\/d2p6e6u75xmxt8.cloudfront.net\/13\/2025\/09\/20250906LV4002-scaled.webp","datePublished":"2025-09-06T20:06:18+00:00","dateModified":"2025-09-06T20:07:14+00:00","author":{"@id":"https:\/\/www.welovecycling.com\/cs\/#\/schema\/person\/d9eeb0a378f3a7e4a6d12d2b536b04b8"},"description":"Sedm v\u00edt\u011bzstv\u00ed z t\u0159in\u00e1cti etap! Nejde o \u017e\u00e1dn\u00fd sen \u010di bl\u00e1znivou chim\u00e9ru. Neuv\u011b\u0159itelnou bilanc\u00ed se py\u0161n\u00ed formace UAE Emirates XRG na \u0161pan\u011blsk\u00e9 Vuelt\u011b!\u00a0","inLanguage":"cs","potentialAction":[{"@type":"ReadAction","target":["https:\/\/www.welovecycling.com\/cs\/2025\/09\/06\/chamtivi-partaci-tadeje-pogacara\/"]}]},{"@type":"ImageObject","inLanguage":"cs","@id":"https:\/\/www.welovecycling.com\/cs\/2025\/09\/06\/chamtivi-partaci-tadeje-pogacara\/#primaryimage","url":"https:\/\/d2p6e6u75xmxt8.cloudfront.net\/13\/2025\/09\/20250906LV4002-scaled.webp","contentUrl":"https:\/\/d2p6e6u75xmxt8.cloudfront.net\/13\/2025\/09\/20250906LV4002-scaled.webp","width":2560,"height":1707,"caption":"Marc Soler z t\u00fdmu UAE Emirates XRG"},{"@type":"WebSite","@id":"https:\/\/www.welovecycling.com\/cs\/#website","url":"https:\/\/www.welovecycling.com\/cs\/","name":"\u0160koda We Love Cycling - \u010cesk\u00e1 republika","description":"WeLoveCycling.cz je online magaz\u00edn, kter\u00fd v\u00e1m pravideln\u011b p\u0159in\u00e1\u0161\u00ed rady a tipy, zaj\u00edmav\u00e9 \u010dl\u00e1nky, videa a jedine\u010dn\u00e9 report\u00e1\u017ee ze sv\u011bta cyklistiky.","potentialAction":[{"@type":"SearchAction","target":{"@type":"EntryPoint","urlTemplate":"https:\/\/www.welovecycling.com\/cs\/?s={search_term_string}"},"query-input":{"@type":"PropertyValueSpecification","valueRequired":true,"valueName":"search_term_string"}}],"inLanguage":"cs"},{"@type":"Person","@id":"https:\/\/www.welovecycling.com\/cs\/#\/schema\/person\/d9eeb0a378f3a7e4a6d12d2b536b04b8","name":"radekmalina","image":{"@type":"ImageObject","inLanguage":"cs","@id":"https:\/\/www.welovecycling.com\/cs\/#\/schema\/person\/image\/","url":"https:\/\/secure.gravatar.com\/avatar\/66994b632cb8c39a46b9f54afa3ae07201b678d32a54275b6f1c9ffec356bfc0?s=96&d=mm&r=g","contentUrl":"https:\/\/secure.gravatar.com\/avatar\/66994b632cb8c39a46b9f54afa3ae07201b678d32a54275b6f1c9ffec356bfc0?s=96&d=mm&r=g","caption":"radekmalina"},"url":"https:\/\/www.welovecycling.com\/cs\/author\/radekmalina\/"}]}},"_links":{"self":[{"href":"https:\/\/www.welovecycling.com\/cs\/wp-json\/wp\/v2\/posts\/30916","targetHints":{"allow":["GET"]}}],"collection":[{"href":"https:\/\/www.welovecycling.com\/cs\/wp-json\/wp\/v2\/posts"}],"about":[{"href":"https:\/\/www.welovecycling.com\/cs\/wp-json\/wp\/v2\/types\/post"}],"author":[{"embeddable":true,"href":"https:\/\/www.welovecycling.com\/cs\/wp-json\/wp\/v2\/users\/138"}],"replies":[{"embeddable":true,"href":"https:\/\/www.welovecycling.com\/cs\/wp-json\/wp\/v2\/comments?post=30916"}],"version-history":[{"count":3,"href":"https:\/\/www.welovecycling.com\/cs\/wp-json\/wp\/v2\/posts\/30916\/revisions"}],"predecessor-version":[{"id":30922,"href":"https:\/\/www.welovecycling.com\/cs\/wp-json\/wp\/v2\/posts\/30916\/revisions\/30922"}],"wp:featuredmedia":[{"embeddable":true,"href":"https:\/\/www.welovecycling.com\/cs\/wp-json\/wp\/v2\/media\/30919"}],"wp:attachment":[{"href":"https:\/\/www.welovecycling.com\/cs\/wp-json\/wp\/v2\/media?parent=30916"}],"wp:term":[{"taxonomy":"category","embeddable":true,"href":"https:\/\/www.welovecycling.com\/cs\/wp-json\/wp\/v2\/categories?post=30916"},{"taxonomy":"post_tag","embeddable":true,"href":"https:\/\/www.welovecycling.com\/cs\/wp-json\/wp\/v2\/tags?post=30916"},{"taxonomy":"global-categories","embeddable":true,"href":"https:\/\/www.welovecycling.com\/cs\/wp-json\/wp\/v2\/global-categories?post=30916"}],"curies":[{"name":"wp","href":"https:\/\/api.w.org\/{rel}","templated":true}]}}