{"id":30911,"date":"2025-09-06T07:58:25","date_gmt":"2025-09-06T05:58:25","guid":{"rendered":"https:\/\/www.welovecycling.com\/cs\/?p=30911"},"modified":"2025-09-06T07:58:25","modified_gmt":"2025-09-06T05:58:25","slug":"duhova-radost-sabina-kosarkova-mistryni-sveta-v-pumptracku","status":"publish","type":"post","link":"https:\/\/www.welovecycling.com\/cs\/2025\/09\/06\/duhova-radost-sabina-kosarkova-mistryni-sveta-v-pumptracku\/","title":{"rendered":"Duhov\u00e1 radost! Sabina Ko\u0161\u00e1rkov\u00e1 mistryn\u00ed sv\u011bta v\u00a0pumptracku"},"content":{"rendered":"<p><strong>Podruh\u00e9 v kari\u00e9\u0159e je \u010desk\u00e1 reprezentantka Sabina Ko\u0161\u00e1rkov\u00e1 mistryn\u00ed sv\u011bta v cyklistick\u00e9 discipl\u00edn\u011b pumptrack! Ve \u0160v\u00fdcarsku na sv\u011btov\u00e9m \u0161ampion\u00e1tu MTB obh\u00e1jila titul z jihoafrick\u00e9ho Durbanu.<\/strong><\/p>\n<p><span style=\"font-weight: 400;\">\u201eJe to neskute\u010dn\u00e9, cel\u00fd skv\u011bl\u00fd den,\u201c rozpl\u00fdvala se Ko\u0161\u00e1rkov\u00e1 kr\u00e1tce pot\u00e9, co na stupn\u00edch v\u00edt\u011bz\u016f dostala zlatou medaili, duhov\u00fd dres \u0161ampi\u00f3nky a speci\u00e1ln\u00ed trofej s\u00a0tradi\u010dn\u00edm \u0161v\u00fdcarsk\u00fdm zvoncem.<\/span><\/p>\n<figure id=\"attachment_30913\" aria-describedby=\"caption-attachment-30913\" style=\"width: 1600px\" class=\"wp-caption alignnone\"><a href=\"https:\/\/d2p6e6u75xmxt8.cloudfront.net\/13\/2025\/09\/kosarkova-2.webp\"><img loading=\"lazy\" decoding=\"async\" class=\"size-full wp-image-30913\" src=\"https:\/\/d2p6e6u75xmxt8.cloudfront.net\/13\/2025\/09\/kosarkova-2.webp\" alt=\"\" width=\"1600\" height=\"1067\" srcset=\"https:\/\/d2p6e6u75xmxt8.cloudfront.net\/13\/2025\/09\/kosarkova-2.webp 1600w, https:\/\/d2p6e6u75xmxt8.cloudfront.net\/13\/2025\/09\/kosarkova-2-300x200.webp 300w, https:\/\/d2p6e6u75xmxt8.cloudfront.net\/13\/2025\/09\/kosarkova-2-1024x683.webp 1024w, https:\/\/d2p6e6u75xmxt8.cloudfront.net\/13\/2025\/09\/kosarkova-2-768x512.webp 768w, https:\/\/d2p6e6u75xmxt8.cloudfront.net\/13\/2025\/09\/kosarkova-2-1536x1024.webp 1536w, https:\/\/d2p6e6u75xmxt8.cloudfront.net\/13\/2025\/09\/kosarkova-2-400x267.webp 400w, https:\/\/d2p6e6u75xmxt8.cloudfront.net\/13\/2025\/09\/kosarkova-2-272x182.webp 272w\" sizes=\"auto, (max-width: 1600px) 100vw, 1600px\" \/><\/a><figcaption id=\"caption-attachment-30913\" class=\"wp-caption-text\"><em>Sabina Ko\u0161\u00e1rkov\u00e1 jede pro zlato na mistrovstv\u00ed sv\u011bta 2025.<\/em><\/figcaption><\/figure>\n<p><span style=\"font-weight: 400;\">Devaten\u00e1ctilet\u00e1 Ko\u0161\u00e1rkov\u00e1 proch\u00e1zela celou sout\u011b\u017e\u00ed, kde startovalo sedmat\u0159icet \u017een, naprosto suver\u00e9nn\u011b. Pouze ve \u010dtvrtfin\u00e1le skon\u010dila druh\u00e1, kdy\u017e ji porazila dal\u0161\u00ed velk\u00e1 favoritka, \u0161v\u00fdcarsk\u00e1 trojn\u00e1sobn\u00e1 mistryn\u011b sv\u011bta Christa von Niederhausernov\u00e1. Ob\u011b hladce postoupily i do fin\u00e1le a tam zajela o pouh\u00e9 dv\u011b setiny rychlej\u0161\u00ed j\u00edzdu \u010desk\u00e1 z\u00e1vodnice, kter\u00e1 startovala a\u017e jako druh\u00e1 za \u0160v\u00fdcarkou.<\/span><\/p>\n<h2><strong>Fin\u00e1lov\u00e1 j\u00edzda nebyla ide\u00e1ln\u00ed, ale sta\u010dila<\/strong><\/h2>\n<p><span style=\"font-weight: 400;\">\u201ePo\u0159\u00e1d to moc nepob\u00edr\u00e1m. P\u0159ed fin\u00e1le jsem byla hodn\u011b nerv\u00f3zn\u00ed. \u0160v\u00fdcarka jela doma, m\u011bla na sv\u00e9 stran\u011b fanou\u0161ky. Ani jsem jej\u00ed \u010das nevn\u00edmala, soust\u0159edila jsem se jen na svou j\u00edzdu. Nebyla \u00fapln\u011b ide\u00e1ln\u00ed, ale sta\u010dilo to. V prvn\u00ed chv\u00edli jsem v\u016fbec nev\u011bd\u011bla, \u017ee jsem vyhr\u00e1la. Kdy\u017e \u0159ekli moje jm\u00e9no, \u0159vala jsem dojet\u00edm a sna\u017eila se naj\u00edt kamar\u00e1dy, kte\u0159\u00ed tu byli,\u201c popsala mistryn\u011b sv\u011bta.<\/span><\/p>\n<figure id=\"attachment_30912\" aria-describedby=\"caption-attachment-30912\" style=\"width: 1600px\" class=\"wp-caption alignnone\"><a href=\"https:\/\/d2p6e6u75xmxt8.cloudfront.net\/13\/2025\/09\/kosarkova-1.webp\"><img loading=\"lazy\" decoding=\"async\" class=\"size-full wp-image-30912\" src=\"https:\/\/d2p6e6u75xmxt8.cloudfront.net\/13\/2025\/09\/kosarkova-1.webp\" alt=\"\" width=\"1600\" height=\"1067\" srcset=\"https:\/\/d2p6e6u75xmxt8.cloudfront.net\/13\/2025\/09\/kosarkova-1.webp 1600w, https:\/\/d2p6e6u75xmxt8.cloudfront.net\/13\/2025\/09\/kosarkova-1-300x200.webp 300w, https:\/\/d2p6e6u75xmxt8.cloudfront.net\/13\/2025\/09\/kosarkova-1-1024x683.webp 1024w, https:\/\/d2p6e6u75xmxt8.cloudfront.net\/13\/2025\/09\/kosarkova-1-768x512.webp 768w, https:\/\/d2p6e6u75xmxt8.cloudfront.net\/13\/2025\/09\/kosarkova-1-1536x1024.webp 1536w, https:\/\/d2p6e6u75xmxt8.cloudfront.net\/13\/2025\/09\/kosarkova-1-400x267.webp 400w, https:\/\/d2p6e6u75xmxt8.cloudfront.net\/13\/2025\/09\/kosarkova-1-272x182.webp 272w\" sizes=\"auto, (max-width: 1600px) 100vw, 1600px\" \/><\/a><figcaption id=\"caption-attachment-30912\" class=\"wp-caption-text\"><em>Sabina Ko\u0161\u00e1rkov\u00e1 se zlatou medail\u00ed a v duhov\u00e9m trikotu za triumf na mistrovstv\u00ed sv\u011bta. Foto: Michal \u010cerven\u00fd\/\u010cesk\u00fd svaz cyklistiky (3x)<\/em><\/figcaption><\/figure>\n<p><span style=\"font-weight: 400;\">\u201eJsem moc r\u00e1da, \u017ee jsem to dala. Obh\u00e1jit je v\u017edycky daleko t\u011b\u017e\u0161\u00ed ne\u017e vyhr\u00e1t poprv\u00e9. Ve fin\u00e1le jsem byla tro\u0161ku pod tlakem. V\u011bd\u011bla jsem, \u017ee nesm\u00edm ud\u011blat \u017e\u00e1dnou chybu. Nav\u00edc u\u017e doch\u00e1zely s\u00edly po t\u011bch p\u0159edchoz\u00edch j\u00edzd\u00e1ch. Jsou to neskute\u010dn\u00e9 pocity. M\u011bla jsem obrovskou radost, \u017ee si zase m\u016f\u017eu na p\u00f3diu zazp\u00edvat \u010deskou hymnu,\u201c prozradila Ko\u0161\u00e1rkov\u00e1.<\/span><\/p>\n<p><span style=\"font-weight: 400;\">Mistrem sv\u011bta v\u00a0mu\u017esk\u00e9 elitn\u00ed kategorii se stal Francouz Eddy Clert\u00e9, kter\u00fd ve fin\u00e1le porazil dom\u00e1c\u00edho Tristana Borela.<\/span><\/p>\n<p>&nbsp;<\/p>\n","protected":false},"excerpt":{"rendered":"<p>Podruh\u00e9 v kari\u00e9\u0159e je \u010desk\u00e1 reprezentantka Sabina Ko\u0161\u00e1rkov\u00e1 mistryn\u00ed sv\u011bta v cyklistick\u00e9 discipl\u00edn\u011b pumptrack! Ve \u0160v\u00fdcarsku na sv\u011btov\u00e9m \u0161ampion\u00e1tu MTB [&hellip;]<\/p>\n","protected":false},"author":138,"featured_media":30914,"comment_status":"open","ping_status":"open","sticky":false,"template":"","format":"standard","meta":{"footnotes":""},"categories":[4018],"tags":[126,56,1154,4360,4361,726,2580],"global-categories":[411],"class_list":["post-30911","post","type-post","status-publish","format-standard","has-post-thumbnail","hentry","category-cyklistika","tag-cyklistika","tag-horska-cyklistika","tag-mistrovstvi-sveta","tag-mistrovstvi-sveta-2025","tag-ms-svycarsko","tag-pumptrack","tag-sabina-kosarkova","global-categories-cycling"],"yoast_head":"<!-- This site is optimized with the Yoast SEO Premium plugin v25.3 (Yoast SEO v25.9) - https:\/\/yoast.com\/wordpress\/plugins\/seo\/ -->\n<title>Duhov\u00e1 radost! Sabina Ko\u0161\u00e1rkov\u00e1 mistryn\u00ed sv\u011bta v\u00a0pumptracku | \u0160koda We Love Cycling - \u010cesk\u00e1 republika<\/title>\n<meta name=\"description\" content=\"Podruh\u00e9 v kari\u00e9\u0159e je \u010desk\u00e1 reprezentantka Sabina Ko\u0161\u00e1rkov\u00e1 mistryn\u00ed sv\u011bta v cyklistick\u00e9 discipl\u00edn\u011b pumptrack! Ve \u0160v\u00fdcarsku na sv\u011btov\u00e9m \u0161ampion\u00e1tu MTB obh\u00e1jila titul z jihoafrick\u00e9ho Durbanu.\" \/>\n<meta name=\"robots\" content=\"index, follow, max-snippet:-1, max-image-preview:large, max-video-preview:-1\" \/>\n<link rel=\"canonical\" href=\"https:\/\/www.welovecycling.com\/cs\/2025\/09\/06\/duhova-radost-sabina-kosarkova-mistryni-sveta-v-pumptracku\/\" \/>\n<meta property=\"og:locale\" content=\"cs_CZ\" \/>\n<meta property=\"og:type\" content=\"article\" \/>\n<meta property=\"og:title\" content=\"Duhov\u00e1 radost! Sabina Ko\u0161\u00e1rkov\u00e1 mistryn\u00ed sv\u011bta v\u00a0pumptracku\" \/>\n<meta property=\"og:description\" content=\"Podruh\u00e9 v kari\u00e9\u0159e je \u010desk\u00e1 reprezentantka Sabina Ko\u0161\u00e1rkov\u00e1 mistryn\u00ed sv\u011bta v cyklistick\u00e9 discipl\u00edn\u011b pumptrack! Ve \u0160v\u00fdcarsku na sv\u011btov\u00e9m \u0161ampion\u00e1tu MTB obh\u00e1jila titul z jihoafrick\u00e9ho Durbanu.\" \/>\n<meta property=\"og:url\" content=\"https:\/\/www.welovecycling.com\/cs\/2025\/09\/06\/duhova-radost-sabina-kosarkova-mistryni-sveta-v-pumptracku\/\" \/>\n<meta property=\"og:site_name\" content=\"\u0160koda We Love Cycling - \u010cesk\u00e1 republika\" \/>\n<meta property=\"article:published_time\" content=\"2025-09-06T05:58:25+00:00\" \/>\n<meta property=\"og:image\" content=\"https:\/\/d2p6e6u75xmxt8.cloudfront.net\/13\/2025\/09\/kosarkova-3.webp\" \/>\n\t<meta property=\"og:image:width\" content=\"1600\" \/>\n\t<meta property=\"og:image:height\" content=\"1067\" \/>\n\t<meta property=\"og:image:type\" content=\"image\/webp\" \/>\n<meta name=\"author\" content=\"radekmalina\" \/>\n<meta name=\"twitter:card\" content=\"summary_large_image\" \/>\n<meta name=\"twitter:label1\" content=\"Written by\" \/>\n\t<meta name=\"twitter:data1\" content=\"We Love Cycling\" \/>\n\t<meta name=\"twitter:label2\" content=\"Est. reading time\" \/>\n\t<meta name=\"twitter:data2\" content=\"4\" \/>\n<script type=\"application\/ld+json\" class=\"yoast-schema-graph\">{\"@context\":\"https:\/\/schema.org\",\"@graph\":[{\"@type\":\"WebPage\",\"@id\":\"https:\/\/www.welovecycling.com\/cs\/2025\/09\/06\/duhova-radost-sabina-kosarkova-mistryni-sveta-v-pumptracku\/\",\"url\":\"https:\/\/www.welovecycling.com\/cs\/2025\/09\/06\/duhova-radost-sabina-kosarkova-mistryni-sveta-v-pumptracku\/\",\"name\":\"Duhov\u00e1 radost! Sabina Ko\u0161\u00e1rkov\u00e1 mistryn\u00ed sv\u011bta v\u00a0pumptracku | \u0160koda We Love Cycling - \u010cesk\u00e1 republika\",\"isPartOf\":{\"@id\":\"https:\/\/www.welovecycling.com\/cs\/#website\"},\"primaryImageOfPage\":{\"@id\":\"https:\/\/www.welovecycling.com\/cs\/2025\/09\/06\/duhova-radost-sabina-kosarkova-mistryni-sveta-v-pumptracku\/#primaryimage\"},\"image\":{\"@id\":\"https:\/\/www.welovecycling.com\/cs\/2025\/09\/06\/duhova-radost-sabina-kosarkova-mistryni-sveta-v-pumptracku\/#primaryimage\"},\"thumbnailUrl\":\"https:\/\/d2p6e6u75xmxt8.cloudfront.net\/13\/2025\/09\/kosarkova-3.webp\",\"datePublished\":\"2025-09-06T05:58:25+00:00\",\"author\":{\"@id\":\"https:\/\/www.welovecycling.com\/cs\/#\/schema\/person\/d9eeb0a378f3a7e4a6d12d2b536b04b8\"},\"description\":\"Podruh\u00e9 v kari\u00e9\u0159e je \u010desk\u00e1 reprezentantka Sabina Ko\u0161\u00e1rkov\u00e1 mistryn\u00ed sv\u011bta v cyklistick\u00e9 discipl\u00edn\u011b pumptrack! Ve \u0160v\u00fdcarsku na sv\u011btov\u00e9m \u0161ampion\u00e1tu MTB obh\u00e1jila titul z jihoafrick\u00e9ho Durbanu.\",\"inLanguage\":\"cs\",\"potentialAction\":[{\"@type\":\"ReadAction\",\"target\":[\"https:\/\/www.welovecycling.com\/cs\/2025\/09\/06\/duhova-radost-sabina-kosarkova-mistryni-sveta-v-pumptracku\/\"]}]},{\"@type\":\"ImageObject\",\"inLanguage\":\"cs\",\"@id\":\"https:\/\/www.welovecycling.com\/cs\/2025\/09\/06\/duhova-radost-sabina-kosarkova-mistryni-sveta-v-pumptracku\/#primaryimage\",\"url\":\"https:\/\/d2p6e6u75xmxt8.cloudfront.net\/13\/2025\/09\/kosarkova-3.webp\",\"contentUrl\":\"https:\/\/d2p6e6u75xmxt8.cloudfront.net\/13\/2025\/09\/kosarkova-3.webp\",\"width\":1600,\"height\":1067,\"caption\":\"Sabina Ko\u0161\u00e1rkov\u00e1 z\u00edskala titul na mistrovstv\u00ed sv\u011bta v pumptracku.\"},{\"@type\":\"WebSite\",\"@id\":\"https:\/\/www.welovecycling.com\/cs\/#website\",\"url\":\"https:\/\/www.welovecycling.com\/cs\/\",\"name\":\"\u0160koda We Love Cycling - \u010cesk\u00e1 republika\",\"description\":\"WeLoveCycling.cz je online magaz\u00edn, kter\u00fd v\u00e1m pravideln\u011b p\u0159in\u00e1\u0161\u00ed rady a tipy, zaj\u00edmav\u00e9 \u010dl\u00e1nky, videa a jedine\u010dn\u00e9 report\u00e1\u017ee ze sv\u011bta cyklistiky.\",\"potentialAction\":[{\"@type\":\"SearchAction\",\"target\":{\"@type\":\"EntryPoint\",\"urlTemplate\":\"https:\/\/www.welovecycling.com\/cs\/?s={search_term_string}\"},\"query-input\":{\"@type\":\"PropertyValueSpecification\",\"valueRequired\":true,\"valueName\":\"search_term_string\"}}],\"inLanguage\":\"cs\"},{\"@type\":\"Person\",\"@id\":\"https:\/\/www.welovecycling.com\/cs\/#\/schema\/person\/d9eeb0a378f3a7e4a6d12d2b536b04b8\",\"name\":\"radekmalina\",\"image\":{\"@type\":\"ImageObject\",\"inLanguage\":\"cs\",\"@id\":\"https:\/\/www.welovecycling.com\/cs\/#\/schema\/person\/image\/\",\"url\":\"https:\/\/secure.gravatar.com\/avatar\/66994b632cb8c39a46b9f54afa3ae07201b678d32a54275b6f1c9ffec356bfc0?s=96&d=mm&r=g\",\"contentUrl\":\"https:\/\/secure.gravatar.com\/avatar\/66994b632cb8c39a46b9f54afa3ae07201b678d32a54275b6f1c9ffec356bfc0?s=96&d=mm&r=g\",\"caption\":\"radekmalina\"},\"url\":\"https:\/\/www.welovecycling.com\/cs\/author\/radekmalina\/\"}]}<\/script>\n<!-- \/ Yoast SEO Premium plugin. -->","yoast_head_json":{"title":"Duhov\u00e1 radost! Sabina Ko\u0161\u00e1rkov\u00e1 mistryn\u00ed sv\u011bta v\u00a0pumptracku | \u0160koda We Love Cycling - \u010cesk\u00e1 republika","description":"Podruh\u00e9 v kari\u00e9\u0159e je \u010desk\u00e1 reprezentantka Sabina Ko\u0161\u00e1rkov\u00e1 mistryn\u00ed sv\u011bta v cyklistick\u00e9 discipl\u00edn\u011b pumptrack! Ve \u0160v\u00fdcarsku na sv\u011btov\u00e9m \u0161ampion\u00e1tu MTB obh\u00e1jila titul z jihoafrick\u00e9ho Durbanu.","robots":{"index":"index","follow":"follow","max-snippet":"max-snippet:-1","max-image-preview":"max-image-preview:large","max-video-preview":"max-video-preview:-1"},"canonical":"https:\/\/www.welovecycling.com\/cs\/2025\/09\/06\/duhova-radost-sabina-kosarkova-mistryni-sveta-v-pumptracku\/","og_locale":"cs_CZ","og_type":"article","og_title":"Duhov\u00e1 radost! Sabina Ko\u0161\u00e1rkov\u00e1 mistryn\u00ed sv\u011bta v\u00a0pumptracku","og_description":"Podruh\u00e9 v kari\u00e9\u0159e je \u010desk\u00e1 reprezentantka Sabina Ko\u0161\u00e1rkov\u00e1 mistryn\u00ed sv\u011bta v cyklistick\u00e9 discipl\u00edn\u011b pumptrack! Ve \u0160v\u00fdcarsku na sv\u011btov\u00e9m \u0161ampion\u00e1tu MTB obh\u00e1jila titul z jihoafrick\u00e9ho Durbanu.","og_url":"https:\/\/www.welovecycling.com\/cs\/2025\/09\/06\/duhova-radost-sabina-kosarkova-mistryni-sveta-v-pumptracku\/","og_site_name":"\u0160koda We Love Cycling - \u010cesk\u00e1 republika","article_published_time":"2025-09-06T05:58:25+00:00","og_image":[{"width":1600,"height":1067,"url":"https:\/\/d2p6e6u75xmxt8.cloudfront.net\/13\/2025\/09\/kosarkova-3.webp","type":"image\/webp"}],"author":"radekmalina","twitter_card":"summary_large_image","twitter_misc":{"Written by":"We Love Cycling","Est. reading time":"4"},"schema":{"@context":"https:\/\/schema.org","@graph":[{"@type":"WebPage","@id":"https:\/\/www.welovecycling.com\/cs\/2025\/09\/06\/duhova-radost-sabina-kosarkova-mistryni-sveta-v-pumptracku\/","url":"https:\/\/www.welovecycling.com\/cs\/2025\/09\/06\/duhova-radost-sabina-kosarkova-mistryni-sveta-v-pumptracku\/","name":"Duhov\u00e1 radost! Sabina Ko\u0161\u00e1rkov\u00e1 mistryn\u00ed sv\u011bta v\u00a0pumptracku | \u0160koda We Love Cycling - \u010cesk\u00e1 republika","isPartOf":{"@id":"https:\/\/www.welovecycling.com\/cs\/#website"},"primaryImageOfPage":{"@id":"https:\/\/www.welovecycling.com\/cs\/2025\/09\/06\/duhova-radost-sabina-kosarkova-mistryni-sveta-v-pumptracku\/#primaryimage"},"image":{"@id":"https:\/\/www.welovecycling.com\/cs\/2025\/09\/06\/duhova-radost-sabina-kosarkova-mistryni-sveta-v-pumptracku\/#primaryimage"},"thumbnailUrl":"https:\/\/d2p6e6u75xmxt8.cloudfront.net\/13\/2025\/09\/kosarkova-3.webp","datePublished":"2025-09-06T05:58:25+00:00","author":{"@id":"https:\/\/www.welovecycling.com\/cs\/#\/schema\/person\/d9eeb0a378f3a7e4a6d12d2b536b04b8"},"description":"Podruh\u00e9 v kari\u00e9\u0159e je \u010desk\u00e1 reprezentantka Sabina Ko\u0161\u00e1rkov\u00e1 mistryn\u00ed sv\u011bta v cyklistick\u00e9 discipl\u00edn\u011b pumptrack! Ve \u0160v\u00fdcarsku na sv\u011btov\u00e9m \u0161ampion\u00e1tu MTB obh\u00e1jila titul z jihoafrick\u00e9ho Durbanu.","inLanguage":"cs","potentialAction":[{"@type":"ReadAction","target":["https:\/\/www.welovecycling.com\/cs\/2025\/09\/06\/duhova-radost-sabina-kosarkova-mistryni-sveta-v-pumptracku\/"]}]},{"@type":"ImageObject","inLanguage":"cs","@id":"https:\/\/www.welovecycling.com\/cs\/2025\/09\/06\/duhova-radost-sabina-kosarkova-mistryni-sveta-v-pumptracku\/#primaryimage","url":"https:\/\/d2p6e6u75xmxt8.cloudfront.net\/13\/2025\/09\/kosarkova-3.webp","contentUrl":"https:\/\/d2p6e6u75xmxt8.cloudfront.net\/13\/2025\/09\/kosarkova-3.webp","width":1600,"height":1067,"caption":"Sabina Ko\u0161\u00e1rkov\u00e1 z\u00edskala titul na mistrovstv\u00ed sv\u011bta v pumptracku."},{"@type":"WebSite","@id":"https:\/\/www.welovecycling.com\/cs\/#website","url":"https:\/\/www.welovecycling.com\/cs\/","name":"\u0160koda We Love Cycling - \u010cesk\u00e1 republika","description":"WeLoveCycling.cz je online magaz\u00edn, kter\u00fd v\u00e1m pravideln\u011b p\u0159in\u00e1\u0161\u00ed rady a tipy, zaj\u00edmav\u00e9 \u010dl\u00e1nky, videa a jedine\u010dn\u00e9 report\u00e1\u017ee ze sv\u011bta cyklistiky.","potentialAction":[{"@type":"SearchAction","target":{"@type":"EntryPoint","urlTemplate":"https:\/\/www.welovecycling.com\/cs\/?s={search_term_string}"},"query-input":{"@type":"PropertyValueSpecification","valueRequired":true,"valueName":"search_term_string"}}],"inLanguage":"cs"},{"@type":"Person","@id":"https:\/\/www.welovecycling.com\/cs\/#\/schema\/person\/d9eeb0a378f3a7e4a6d12d2b536b04b8","name":"radekmalina","image":{"@type":"ImageObject","inLanguage":"cs","@id":"https:\/\/www.welovecycling.com\/cs\/#\/schema\/person\/image\/","url":"https:\/\/secure.gravatar.com\/avatar\/66994b632cb8c39a46b9f54afa3ae07201b678d32a54275b6f1c9ffec356bfc0?s=96&d=mm&r=g","contentUrl":"https:\/\/secure.gravatar.com\/avatar\/66994b632cb8c39a46b9f54afa3ae07201b678d32a54275b6f1c9ffec356bfc0?s=96&d=mm&r=g","caption":"radekmalina"},"url":"https:\/\/www.welovecycling.com\/cs\/author\/radekmalina\/"}]}},"_links":{"self":[{"href":"https:\/\/www.welovecycling.com\/cs\/wp-json\/wp\/v2\/posts\/30911","targetHints":{"allow":["GET"]}}],"collection":[{"href":"https:\/\/www.welovecycling.com\/cs\/wp-json\/wp\/v2\/posts"}],"about":[{"href":"https:\/\/www.welovecycling.com\/cs\/wp-json\/wp\/v2\/types\/post"}],"author":[{"embeddable":true,"href":"https:\/\/www.welovecycling.com\/cs\/wp-json\/wp\/v2\/users\/138"}],"replies":[{"embeddable":true,"href":"https:\/\/www.welovecycling.com\/cs\/wp-json\/wp\/v2\/comments?post=30911"}],"version-history":[{"count":1,"href":"https:\/\/www.welovecycling.com\/cs\/wp-json\/wp\/v2\/posts\/30911\/revisions"}],"predecessor-version":[{"id":30915,"href":"https:\/\/www.welovecycling.com\/cs\/wp-json\/wp\/v2\/posts\/30911\/revisions\/30915"}],"wp:featuredmedia":[{"embeddable":true,"href":"https:\/\/www.welovecycling.com\/cs\/wp-json\/wp\/v2\/media\/30914"}],"wp:attachment":[{"href":"https:\/\/www.welovecycling.com\/cs\/wp-json\/wp\/v2\/media?parent=30911"}],"wp:term":[{"taxonomy":"category","embeddable":true,"href":"https:\/\/www.welovecycling.com\/cs\/wp-json\/wp\/v2\/categories?post=30911"},{"taxonomy":"post_tag","embeddable":true,"href":"https:\/\/www.welovecycling.com\/cs\/wp-json\/wp\/v2\/tags?post=30911"},{"taxonomy":"global-categories","embeddable":true,"href":"https:\/\/www.welovecycling.com\/cs\/wp-json\/wp\/v2\/global-categories?post=30911"}],"curies":[{"name":"wp","href":"https:\/\/api.w.org\/{rel}","templated":true}]}}