{"id":30901,"date":"2025-09-05T07:02:39","date_gmt":"2025-09-05T05:02:39","guid":{"rendered":"https:\/\/www.welovecycling.com\/cs\/?p=30901"},"modified":"2025-09-05T07:02:39","modified_gmt":"2025-09-05T05:02:39","slug":"test-garmin-edge-mtb-pancerovany-pruvodce-trailovym-hopsanim","status":"publish","type":"post","link":"https:\/\/www.welovecycling.com\/cs\/2025\/09\/05\/test-garmin-edge-mtb-pancerovany-pruvodce-trailovym-hopsanim\/","title":{"rendered":"TEST: Garmin Edge MTB, panc\u00e9\u0159ovan\u00fd pr\u016fvodce trailov\u00fdm hops\u00e1n\u00edm"},"content":{"rendered":"<p><strong>P\u0159izn\u00e1me to, pro\u010d by ne. \u010c\u00e1st na\u0161eho sou\u017eit\u00ed s novinkou, co ji americk\u00fd Garmin vypustil na trh v p\u016fli \u010dervna a pojmenoval ji Edge MTB, prob\u00edhala v rozporu s jeho prim\u00e1rn\u00edm ur\u010den\u00edm na silnic\u00edch. I tento profil a jeho specifick\u00e9 n\u00e1roky um\u00ed computer uspokojit. A pr\u00e1v\u011b tam se to stalo.<\/strong><\/p>\n<p>T\u011bch vychyt\u00e1vek, co novinkov\u00fd a zase o n\u011bco na\u0161lapan\u011bj\u0161\u00ed cyklo bud\u00edk um\u00ed, je hromada. A\u017e si \u0159\u00edk\u00e1te, jak se to v\u0161echno do t\u011bch 51 x 78 mm x 54 gram\u016f v\u0161echno vejde. Dostaneme se k\u00a0tomu za chv\u00edli. Ale tahle jedna \u201efi\u010dura\u201c n\u00e1s opravdu usadila do sedla.<\/p>\n<p>M\u011bsto. Rovn\u00e1 silnice. Kruh\u00e1\u010d a\u017e asi za 200 metr\u016f. Nikde nikdo, ani \u017e\u00e1dn\u00e9 auto za z\u00e1dy nehu\u010delo. A najednou p\u00edp a na doln\u00edm okraji displeje vysko\u010dilo varovn\u00e9 \u010derven\u00e9 ok\u00fdnko: nebezpe\u010d\u00ed, zv\u00ed\u0159e v\u00a0okol\u00ed. Ehm, pros\u00edm? M\u011bsto, nezapomn\u011bli jste?<\/p>\n<p><a href=\"https:\/\/d2p6e6u75xmxt8.cloudfront.net\/13\/2025\/09\/IMG_20250831_173940-scaled.webp\"><img loading=\"lazy\" decoding=\"async\" class=\"alignnone size-extra-large wp-image-30906\" src=\"https:\/\/d2p6e6u75xmxt8.cloudfront.net\/13\/2025\/09\/IMG_20250831_173940-1920x1440.webp\" alt=\"\" width=\"1920\" height=\"1440\" srcset=\"https:\/\/d2p6e6u75xmxt8.cloudfront.net\/13\/2025\/09\/IMG_20250831_173940-1920x1440.webp 1920w, https:\/\/d2p6e6u75xmxt8.cloudfront.net\/13\/2025\/09\/IMG_20250831_173940-300x225.webp 300w, https:\/\/d2p6e6u75xmxt8.cloudfront.net\/13\/2025\/09\/IMG_20250831_173940-1024x768.webp 1024w, https:\/\/d2p6e6u75xmxt8.cloudfront.net\/13\/2025\/09\/IMG_20250831_173940-768x576.webp 768w, https:\/\/d2p6e6u75xmxt8.cloudfront.net\/13\/2025\/09\/IMG_20250831_173940-1536x1152.webp 1536w, https:\/\/d2p6e6u75xmxt8.cloudfront.net\/13\/2025\/09\/IMG_20250831_173940-2048x1536.webp 2048w, https:\/\/d2p6e6u75xmxt8.cloudfront.net\/13\/2025\/09\/IMG_20250831_173940-400x300.webp 400w, https:\/\/d2p6e6u75xmxt8.cloudfront.net\/13\/2025\/09\/IMG_20250831_173940-1920x1440.webp 1920w\" sizes=\"auto, (max-width: 1920px) 100vw, 1920px\" \/><\/a><\/p>\n<p>Jen\u017ee nejd\u0159\u00edv haha a pak aha. Po chodn\u00edku si to pani\u010dka kr\u00e1\u010dela s\u00a0ratl\u00edkem na vod\u00edtku. Um\u011bl byste n\u011bkdo vysv\u011btlit, jak je tohleto mo\u017en\u00e9? \u201eOni\u201c u\u017e o n\u00e1s v\u011bd\u00ed snad \u00fapln\u011b v\u0161echno! A\u017e se za\u010dtete do manu\u00e1l\u016f Garminu, zjist\u00edte, \u017ee na takov\u00e1 a jin\u00e1 nebezpe\u010d\u00ed m\u016f\u017eou upozornit dal\u0161\u00ed u\u017eivatel\u00e9 zna\u010dky. \u017de to ale stihli s\u00a0hafanem tak rychle, co?<\/p>\n<h2><strong>Edge MTB nab\u00edz\u00ed paletu \u00fachyt\u016f<\/strong><\/h2>\n<p>Te\u010f ale v\u00e1\u017en\u011b, proto\u017ee s touto krabi\u010dkou jsme n\u011bco pro\u017eili a toto zjistili. Snad si nebudete \u0165ukat na \u010delo, kdy\u017e u bud\u00edku za 10 tis\u00edc jako ten nejv\u011bt\u0161\u00ed klad vyp\u00edchneme vlastn\u011b prkotinu, ale za n\u00e1s palec nahoru.<\/p>\n<p><a href=\"https:\/\/d2p6e6u75xmxt8.cloudfront.net\/13\/2025\/09\/IMG_20250904_160142-scaled.webp\"><img loading=\"lazy\" decoding=\"async\" class=\"alignnone size-extra-large wp-image-30903\" src=\"https:\/\/d2p6e6u75xmxt8.cloudfront.net\/13\/2025\/09\/IMG_20250904_160142-1920x1440.webp\" alt=\"\" width=\"1920\" height=\"1440\" srcset=\"https:\/\/d2p6e6u75xmxt8.cloudfront.net\/13\/2025\/09\/IMG_20250904_160142-1920x1440.webp 1920w, https:\/\/d2p6e6u75xmxt8.cloudfront.net\/13\/2025\/09\/IMG_20250904_160142-300x225.webp 300w, https:\/\/d2p6e6u75xmxt8.cloudfront.net\/13\/2025\/09\/IMG_20250904_160142-1024x768.webp 1024w, https:\/\/d2p6e6u75xmxt8.cloudfront.net\/13\/2025\/09\/IMG_20250904_160142-768x576.webp 768w, https:\/\/d2p6e6u75xmxt8.cloudfront.net\/13\/2025\/09\/IMG_20250904_160142-1536x1152.webp 1536w, https:\/\/d2p6e6u75xmxt8.cloudfront.net\/13\/2025\/09\/IMG_20250904_160142-2048x1536.webp 2048w, https:\/\/d2p6e6u75xmxt8.cloudfront.net\/13\/2025\/09\/IMG_20250904_160142-400x300.webp 400w, https:\/\/d2p6e6u75xmxt8.cloudfront.net\/13\/2025\/09\/IMG_20250904_160142-1920x1440.webp 1920w\" sizes=\"auto, (max-width: 1920px) 100vw, 1920px\" \/><\/a><\/p>\n<p>Ten krok Garmin ur\u010dit\u011b neud\u011blal dobrovoln\u011b, sp\u00ed\u0161 pod dikt\u00e1tem Evropsk\u00e9 unie. \u017de se ale Edge MTB nab\u00edj\u00ed \u201ec\u00e9\u010dkem\u201c nam\u00edsto d\u0159\u00edv\u011bj\u0161\u00ed specifick\u00e9 Garmin koncovky je ob\u0159\u00ed usnadn\u011bn\u00ed. Proto\u017ee zn\u00e1me se\u2026 Kabel n\u011bkde odlo\u017e\u00edte, p\u0159\u00edpadn\u011b ho n\u011bkter\u00e9 spolubydl\u00edc\u00ed osoby v\u00a0dom\u00e1cnosti n\u011bkam uklid\u00ed a najednou nen\u00ed. Kde\u017eto USB-C je v\u017edy a v\u0161ude, \u017ee?<\/p>\n<p>Tak se pod\u00edvejme do krabi\u010dky ve standardn\u00edm \u0161ed\u00e9m designu. Uvnit\u0159 vedle samotn\u00e9ho p\u0159\u00edstroje najdete celou paletu \u00fachyt\u016f, aby ka\u017ed\u00fd dostal, co \u017e\u00e1d\u00e1. My z\u00e1vodn\u00edci jsme bez v\u00e1h\u00e1n\u00ed zvolili paci\u010dku, aby computer \u010douhal dop\u0159edu p\u0159ed p\u0159edstavec. Na silnici jasn\u00e1 volba, v\u00a0ter\u00e9nu si ale mus\u00edte v\u011b\u0159it, \u017ee to nepolo\u017e\u00edte a neulom\u00edte ho.<\/p>\n<div class=\"shortcode-ys-post-pinup\"><article class=\"loop-simple post-30865 post type-post status-publish format-standard has-post-thumbnail hentry category-silnicni-cyklistika tag-cyklistika tag-dlouhodoba-smlouva tag-dlouhodoby-kontrakt tag-juan-ayuso tag-kontrakt tag-silnicni-cyklistika global-categories-cycling\" data-postid=\"30865\" role=\"article\" data-post-id=\"30865\" data-word-count=\"562\" data-headline-length=\"45\" data-category=\"Silni\u010dn\u00ed cyklistika\" data-global-category=\"Cycling\" data-author=\"We Love Cycling\" data-published=\"2025-09-02T10:53:15+02:00\" data-published-day=\"Tuesday\">\n    <div class=\"entry-thumbnail article-thumbnail\" content=\"https:\/\/d2p6e6u75xmxt8.cloudfront.net\/13\/2024\/07\/1800-x-1200-velky-150x150.webp\"><a href=\"https:\/\/www.welovecycling.com\/cs\/2025\/09\/02\/proc-sponzory-desi-vypovezene-kontrakty\/\" class=\"image-holder\" target=\"_self\"><img decoding=\"async\" loading=\"lazy\" class=\"\" src=\"https:\/\/d2p6e6u75xmxt8.cloudfront.net\/13\/2024\/07\/1800-x-1200-velky-1024x683.webp\" srcset=\"https:\/\/d2p6e6u75xmxt8.cloudfront.net\/13\/2024\/07\/1800-x-1200-velky.webp 1800w, https:\/\/d2p6e6u75xmxt8.cloudfront.net\/13\/2024\/07\/1800-x-1200-velky-300x200.webp 300w, https:\/\/d2p6e6u75xmxt8.cloudfront.net\/13\/2024\/07\/1800-x-1200-velky-1024x683.webp 1024w, https:\/\/d2p6e6u75xmxt8.cloudfront.net\/13\/2024\/07\/1800-x-1200-velky-768x512.webp 768w, https:\/\/d2p6e6u75xmxt8.cloudfront.net\/13\/2024\/07\/1800-x-1200-velky-1536x1024.webp 1536w, https:\/\/d2p6e6u75xmxt8.cloudfront.net\/13\/2024\/07\/1800-x-1200-velky-400x267.webp 400w, https:\/\/d2p6e6u75xmxt8.cloudfront.net\/13\/2024\/07\/1800-x-1200-velky-272x182.webp 272w\" width=\"1024\" height=\"683\" sizes=\"auto, (min-width: 1200px) 300px, (min-width: 768px) 25vw, 100vw\" alt=\"proc-sponzory-desi-vypovezene-kontrakty\"\/><\/a><\/div>    <div class=\"entry-meta\">\n        <a class=\"label label-secondary post-category\" href=\"https:\/\/www.welovecycling.com\/cs\/category\/silnicni-cyklistika\/\" title=\"Silni\u010dn\u00ed cyklistika\">Silni\u010dn\u00ed cyklistika<\/a>\n    <\/div>\n    <div class=\"entry-details\">\n        <a href=\"https:\/\/www.welovecycling.com\/cs\/2025\/09\/02\/proc-sponzory-desi-vypovezene-kontrakty\/\" class='entry-title-wrapper'>\n            <h3 class=\"entry-title\"><span>Pro\u010d sponzory d\u011bs\u00ed vypov\u011bzen\u00e9 kontrakty?<\/span><\/h3>\n        <\/a>\n    <\/div>\n    <\/article>\n<\/div>\n<p>Pro n\u00e1s ostatn\u00ed bikery je tu varianta p\u0159ipnut\u00ed na p\u0159edstavec (co\u017e st\u00e1le jist\u00e9 riziko sk\u00fdt\u00e1) a je\u0161t\u011b jedna mazan\u011bj\u0161\u00ed \u2013 na horn\u00ed r\u00e1movou rouru pomoc\u00ed p\u00e1sku jako od hodinek. Tak\u017ee i kdyby kolo m\u011blo nedej bo\u017ee let\u011bt vzduchem a pak nekontrolovan\u011b p\u0159ist\u00e1t kdesi v hou\u0161t\u00ed, Edge MTB chr\u00e1n\u011bn\u00fd pevn\u00fdmi strukturami by m\u011bl v\u0161echno toto p\u0159e\u017e\u00edt. Proto\u017ee i sklo Corning Gorilla je odoln\u00e9 proti po\u0161kr\u00e1b\u00e1n\u00ed.<\/p>\n<p><a href=\"https:\/\/d2p6e6u75xmxt8.cloudfront.net\/13\/2025\/09\/IMG_20250831_173901-scaled.webp\"><img loading=\"lazy\" decoding=\"async\" class=\"alignnone size-extra-large wp-image-30907\" src=\"https:\/\/d2p6e6u75xmxt8.cloudfront.net\/13\/2025\/09\/IMG_20250831_173901-1920x1440.webp\" alt=\"\" width=\"1920\" height=\"1440\" srcset=\"https:\/\/d2p6e6u75xmxt8.cloudfront.net\/13\/2025\/09\/IMG_20250831_173901-1920x1440.webp 1920w, https:\/\/d2p6e6u75xmxt8.cloudfront.net\/13\/2025\/09\/IMG_20250831_173901-300x225.webp 300w, https:\/\/d2p6e6u75xmxt8.cloudfront.net\/13\/2025\/09\/IMG_20250831_173901-1024x768.webp 1024w, https:\/\/d2p6e6u75xmxt8.cloudfront.net\/13\/2025\/09\/IMG_20250831_173901-768x576.webp 768w, https:\/\/d2p6e6u75xmxt8.cloudfront.net\/13\/2025\/09\/IMG_20250831_173901-1536x1152.webp 1536w, https:\/\/d2p6e6u75xmxt8.cloudfront.net\/13\/2025\/09\/IMG_20250831_173901-2048x1536.webp 2048w, https:\/\/d2p6e6u75xmxt8.cloudfront.net\/13\/2025\/09\/IMG_20250831_173901-400x300.webp 400w, https:\/\/d2p6e6u75xmxt8.cloudfront.net\/13\/2025\/09\/IMG_20250831_173901-1920x1440.webp 1920w\" sizes=\"auto, (max-width: 1920px) 100vw, 1920px\" \/><\/a><\/p>\n<p>Proto\u017ee mnoho biker\u016f jezd\u00ed v rukavic\u00edch a \u010dasto v mokru \u010di bl\u00e1t\u011b, Garmin zvolil pouze tla\u010d\u00edtkov\u00e9 ovl\u00e1d\u00e1n\u00ed a stejn\u00e9 rozlo\u017een\u00ed sedmi tla\u010d\u00edtek jako u <a href=\"https:\/\/www.welovecycling.com\/cs\/2023\/06\/16\/garmin-edge-540-skvely-pomocnik-ktery-motivuje-a-ozivi-trenink\/\">Edge 540<\/a>. Absence dotykov\u00e9ho displeje tak\u00e9 pomohla udr\u017eet cenu n\u00ed\u017ee.<\/p>\n<h2><strong>Mozek s p\u0159esn\u011bj\u0161\u00edm GPS z\u00e1znamem<\/strong><\/h2>\n<p>U\u017e na prvn\u00ed pohled je to robustn\u00ed ma\u0161ina obalen\u00e1 gumov\u00fdm brn\u011bn\u00edm. Ta m\u00e1 dovolit i drsn\u00e9 zach\u00e1zen\u00ed potetovan\u00fdch biker\u016f, kte\u0159\u00ed nemaj\u00ed probl\u00e9m s\u00a0ko\u0159eny, kdejakou skalkou a\u2026 sem tam i dr\u017ekop\u00e1dem. Proto vedle standardn\u00edch profil\u016f Horsk\u00e1 nebo Silni\u010dn\u00ed cyklistika nov\u011b nab\u00edz\u00ed Enduro MTB a Downhill MTB.<\/p>\n<figure id=\"attachment_30902\" aria-describedby=\"caption-attachment-30902\" style=\"width: 1920px\" class=\"wp-caption alignnone\"><a href=\"https:\/\/d2p6e6u75xmxt8.cloudfront.net\/13\/2025\/09\/IMG_20250904_161330-scaled.webp\"><img loading=\"lazy\" decoding=\"async\" class=\"size-extra-large wp-image-30902\" src=\"https:\/\/d2p6e6u75xmxt8.cloudfront.net\/13\/2025\/09\/IMG_20250904_161330-1920x1440.webp\" alt=\"\" width=\"1920\" height=\"1440\" srcset=\"https:\/\/d2p6e6u75xmxt8.cloudfront.net\/13\/2025\/09\/IMG_20250904_161330-1920x1440.webp 1920w, https:\/\/d2p6e6u75xmxt8.cloudfront.net\/13\/2025\/09\/IMG_20250904_161330-300x225.webp 300w, https:\/\/d2p6e6u75xmxt8.cloudfront.net\/13\/2025\/09\/IMG_20250904_161330-1024x768.webp 1024w, https:\/\/d2p6e6u75xmxt8.cloudfront.net\/13\/2025\/09\/IMG_20250904_161330-768x576.webp 768w, https:\/\/d2p6e6u75xmxt8.cloudfront.net\/13\/2025\/09\/IMG_20250904_161330-1536x1152.webp 1536w, https:\/\/d2p6e6u75xmxt8.cloudfront.net\/13\/2025\/09\/IMG_20250904_161330-2048x1536.webp 2048w, https:\/\/d2p6e6u75xmxt8.cloudfront.net\/13\/2025\/09\/IMG_20250904_161330-400x300.webp 400w, https:\/\/d2p6e6u75xmxt8.cloudfront.net\/13\/2025\/09\/IMG_20250904_161330-1920x1440.webp 1920w\" sizes=\"auto, (max-width: 1920px) 100vw, 1920px\" \/><\/a><figcaption id=\"caption-attachment-30902\" class=\"wp-caption-text\"><em>Garmin Edge MTB nov\u011b nab\u00edz\u00ed profily Enduro MTB a Downhill MTB.<\/em><\/figcaption><\/figure>\n<p>A aby computer Garmin Edge MTB tyhle dv\u011b posledn\u00ed, tzv. gravity discipl\u00edny, ud\u00fdchal, namontovali mu mozek s p\u0159esn\u011bj\u0161\u00edm 5herzov\u00fdm (tzn. 5x za vte\u0159inu) GPS z\u00e1znamem, jen\u017e umo\u017en\u00ed sledovat trasu v barv\u011b a v je\u0161t\u011b v\u011bt\u0161\u00edch detailech. Zejm\u00e9na p\u0159i vy\u0161\u0161\u00edch rychlostech a v technick\u00fdch pas\u00e1\u017e\u00edch.<\/p>\n<div class=\"shortcode-ys-post-pinup\"><article class=\"loop-simple post-27552 post type-post status-publish format-standard has-post-thumbnail hentry category-rady-tipy tag-amoled-displej tag-bezpecnost tag-chytre-hodinky tag-cyklistika tag-garmin tag-garmin-fenix-8 tag-horska-cyklistika tag-silnicni-cyklistika tag-trenink tag-zdravi-a-trenink global-categories-cycling\" data-postid=\"27552\" role=\"article\" data-post-id=\"27552\" data-word-count=\"572\" data-headline-length=\"59\" data-category=\"Rady &amp; tipy\" data-global-category=\"Cycling\" data-author=\"We Love Cycling\" data-published=\"2024-11-14T05:15:53+02:00\" data-published-day=\"Thursday\">\n    <div class=\"entry-thumbnail article-thumbnail\" content=\"https:\/\/d2p6e6u75xmxt8.cloudfront.net\/13\/2024\/11\/gaarmin-fenix-5-150x150.webp\"><a href=\"https:\/\/www.welovecycling.com\/cs\/2024\/11\/14\/garmin-fenix-8-naslapana-hracicka-s-niz-si-uzijete\/\" class=\"image-holder\" target=\"_self\"><img decoding=\"async\" loading=\"lazy\" class=\"\" src=\"https:\/\/d2p6e6u75xmxt8.cloudfront.net\/13\/2024\/11\/gaarmin-fenix-5-1024x678.webp\" srcset=\"https:\/\/d2p6e6u75xmxt8.cloudfront.net\/13\/2024\/11\/gaarmin-fenix-5-scaled.webp 2560w, https:\/\/d2p6e6u75xmxt8.cloudfront.net\/13\/2024\/11\/gaarmin-fenix-5-300x199.webp 300w, https:\/\/d2p6e6u75xmxt8.cloudfront.net\/13\/2024\/11\/gaarmin-fenix-5-1024x678.webp 1024w, https:\/\/d2p6e6u75xmxt8.cloudfront.net\/13\/2024\/11\/gaarmin-fenix-5-768x509.webp 768w, https:\/\/d2p6e6u75xmxt8.cloudfront.net\/13\/2024\/11\/gaarmin-fenix-5-1536x1017.webp 1536w, https:\/\/d2p6e6u75xmxt8.cloudfront.net\/13\/2024\/11\/gaarmin-fenix-5-2048x1356.webp 2048w, https:\/\/d2p6e6u75xmxt8.cloudfront.net\/13\/2024\/11\/gaarmin-fenix-5-1920x1272.webp 1920w, https:\/\/d2p6e6u75xmxt8.cloudfront.net\/13\/2024\/11\/gaarmin-fenix-5-400x265.webp 400w, https:\/\/d2p6e6u75xmxt8.cloudfront.net\/13\/2024\/11\/gaarmin-fenix-5-1920x1272.webp 1920w\" width=\"1024\" height=\"678\" sizes=\"auto, (min-width: 1200px) 302px, (min-width: 768px) 25vw, 100vw\" alt=\"garmin-fenix-8-naslapana-hracicka-s-niz-si-uzijete\"\/><\/a><\/div>    <div class=\"entry-meta\">\n        <a class=\"label label-secondary post-category\" href=\"https:\/\/www.welovecycling.com\/cs\/category\/rady-tipy\/\" title=\"Rady &amp; tipy\">Rady &amp; tipy<\/a>\n    <\/div>\n    <div class=\"entry-details\">\n        <a href=\"https:\/\/www.welovecycling.com\/cs\/2024\/11\/14\/garmin-fenix-8-naslapana-hracicka-s-niz-si-uzijete\/\" class='entry-title-wrapper'>\n            <h3 class=\"entry-title\"><span>Garmin Fenix 8: na\u0161lapan\u00e1 hra\u010di\u010dka, s n\u00ed\u017e si u\u017eijete<\/span><\/h3>\n        <\/a>\n    <\/div>\n    <\/article>\n<\/div>\n<p>Profil Enduro nahr\u00e1v\u00e1 celkov\u00e9 stoup\u00e1n\u00ed i kles\u00e1n\u00ed z ka\u017ed\u00e9 j\u00edzdy, profil Downhill ukl\u00e1d\u00e1 prim\u00e1rn\u011b sjezd, tak\u017ee n\u00e1vrat na vrchol pomoc\u00ed lanovky nebo vleku nem\u00e1 vliv na statistiky j\u00edzdy. A taky, co\u017e ocen\u00ed asi jen opravdov\u00ed freeride\u0159i, eviduje po\u010det a d\u00e9lku skok\u016f nebo i dobu str\u00e1venou ve vzduchu.<\/p>\n<h2><strong>Dokonale \u010diteln\u00fd s dlouhou v\u00fddr\u017e\u00ed<\/strong><\/h2>\n<p>My se ale rad\u011bji dr\u017eeli p\u0159i zemi a m\u011b\u0159ili jen pozemn\u00ed kilometr\u00e1\u017e. T\u011bm ostatn\u00edm m\u016f\u017ee dob\u0159e poslou\u017eit funkce automatick\u00e1 detekce nehody. P\u0159i nehod\u011b tato funkce ode\u0161le zpr\u00e1vu s polohou nouzov\u00fdm kontakt\u016fm.<\/p>\n<figure id=\"attachment_30908\" aria-describedby=\"caption-attachment-30908\" style=\"width: 1440px\" class=\"wp-caption alignnone\"><a href=\"https:\/\/d2p6e6u75xmxt8.cloudfront.net\/13\/2025\/09\/IMG_20250830_181523-scaled.webp\"><img loading=\"lazy\" decoding=\"async\" class=\"size-extra-large wp-image-30908\" src=\"https:\/\/d2p6e6u75xmxt8.cloudfront.net\/13\/2025\/09\/IMG_20250830_181523-1440x1920.webp\" alt=\"\" width=\"1440\" height=\"1920\" srcset=\"https:\/\/d2p6e6u75xmxt8.cloudfront.net\/13\/2025\/09\/IMG_20250830_181523-1440x1920.webp 1440w, https:\/\/d2p6e6u75xmxt8.cloudfront.net\/13\/2025\/09\/IMG_20250830_181523-225x300.webp 225w, https:\/\/d2p6e6u75xmxt8.cloudfront.net\/13\/2025\/09\/IMG_20250830_181523-768x1024.webp 768w, https:\/\/d2p6e6u75xmxt8.cloudfront.net\/13\/2025\/09\/IMG_20250830_181523-1152x1536.webp 1152w, https:\/\/d2p6e6u75xmxt8.cloudfront.net\/13\/2025\/09\/IMG_20250830_181523-1536x2048.webp 1536w, https:\/\/d2p6e6u75xmxt8.cloudfront.net\/13\/2025\/09\/IMG_20250830_181523-300x400.webp 300w, https:\/\/d2p6e6u75xmxt8.cloudfront.net\/13\/2025\/09\/IMG_20250830_181523-scaled.webp 1920w, https:\/\/d2p6e6u75xmxt8.cloudfront.net\/13\/2025\/09\/IMG_20250830_181523-1440x1920.webp 1440w\" sizes=\"auto, (max-width: 1440px) 100vw, 1440px\" \/><\/a><figcaption id=\"caption-attachment-30908\" class=\"wp-caption-text\"><em>Variabilita computeru Garmin Edge MTB je neskute\u010dn\u00e1.<\/em><\/figcaption><\/figure>\n<p>Funk\u010dn\u011b je velmi podobn\u00fd st\u00e1vaj\u00edc\u00edmu Edge 540, ale je o n\u011bco men\u0161\u00ed a nab\u00edz\u00ed v\u00fdbavu, kter\u00e1 jej odli\u0161uje od sourozenc\u016f i konkurence. Byl toti\u017e navr\u017een bikery pro bikery. Prvn\u00edch p\u00e1r ve\u010der\u016f v\u00e1s budou bavit hr\u00e1tky s\u00a0rozlo\u017een\u00edm datov\u00fdch pol\u00ed na displeji. Variabilita je neskute\u010dn\u00e1, mo\u017en\u00e1 a\u017e kontraproduktivn\u00ed, proto\u017ee najednou nev\u00edte, co d\u0159\u00edv, kdy\u017e t\u011bch mo\u017enost\u00ed je tolik.<\/p>\n<div class=\"shortcode-ys-post-pinup\"><article class=\"loop-simple post-30092 post type-post status-publish format-standard has-post-thumbnail hentry category-rady-tipy tag-cyklisticky-computer tag-cyklistika tag-cyklocomputer tag-garmin-edge-mtb tag-horska-cyklistika tag-nino-schurter tag-trenink global-categories-cycling\" data-postid=\"30092\" role=\"article\" data-post-id=\"30092\" data-word-count=\"475\" data-headline-length=\"55\" data-category=\"Rady &amp; tipy\" data-global-category=\"Cycling\" data-author=\"We Love Cycling\" data-published=\"2025-07-17T12:00:15+02:00\" data-published-day=\"Thursday\">\n    <div class=\"entry-thumbnail article-thumbnail\" content=\"https:\/\/d2p6e6u75xmxt8.cloudfront.net\/13\/2025\/07\/Edge-MTB-newsroom-image-150x150.webp\"><a href=\"https:\/\/www.welovecycling.com\/cs\/2025\/07\/17\/novy-garmin-edge-mtb-ohromil-i-olympijskeho-sampiona\/\" class=\"image-holder\" target=\"_self\"><img decoding=\"async\" loading=\"lazy\" class=\"\" src=\"https:\/\/d2p6e6u75xmxt8.cloudfront.net\/13\/2025\/07\/Edge-MTB-newsroom-image-1024x675.webp\" srcset=\"https:\/\/d2p6e6u75xmxt8.cloudfront.net\/13\/2025\/07\/Edge-MTB-newsroom-image.webp 2200w, https:\/\/d2p6e6u75xmxt8.cloudfront.net\/13\/2025\/07\/Edge-MTB-newsroom-image-300x198.webp 300w, https:\/\/d2p6e6u75xmxt8.cloudfront.net\/13\/2025\/07\/Edge-MTB-newsroom-image-1024x675.webp 1024w, https:\/\/d2p6e6u75xmxt8.cloudfront.net\/13\/2025\/07\/Edge-MTB-newsroom-image-768x506.webp 768w, https:\/\/d2p6e6u75xmxt8.cloudfront.net\/13\/2025\/07\/Edge-MTB-newsroom-image-1536x1012.webp 1536w, https:\/\/d2p6e6u75xmxt8.cloudfront.net\/13\/2025\/07\/Edge-MTB-newsroom-image-2048x1350.webp 2048w, https:\/\/d2p6e6u75xmxt8.cloudfront.net\/13\/2025\/07\/Edge-MTB-newsroom-image-1920x1265.webp 1920w, https:\/\/d2p6e6u75xmxt8.cloudfront.net\/13\/2025\/07\/Edge-MTB-newsroom-image-400x264.webp 400w, https:\/\/d2p6e6u75xmxt8.cloudfront.net\/13\/2025\/07\/Edge-MTB-newsroom-image-1920x1265.webp 1920w\" width=\"1024\" height=\"675\" sizes=\"auto, (min-width: 1200px) 304px, (min-width: 768px) 25vw, 100vw\" alt=\"novy-garmin-edge-mtb-ohromil-i-olympijskeho-sampiona\"\/><\/a><\/div>    <div class=\"entry-meta\">\n        <a class=\"label label-secondary post-category\" href=\"https:\/\/www.welovecycling.com\/cs\/category\/rady-tipy\/\" title=\"Rady &amp; tipy\">Rady &amp; tipy<\/a>\n    <\/div>\n    <div class=\"entry-details\">\n        <a href=\"https:\/\/www.welovecycling.com\/cs\/2025\/07\/17\/novy-garmin-edge-mtb-ohromil-i-olympijskeho-sampiona\/\" class='entry-title-wrapper'>\n            <h3 class=\"entry-title\"><span>Nov\u00fd Garmin Edge MTB ohromil i olympijsk\u00e9ho \u0161ampiona<\/span><\/h3>\n        <\/a>\n    <\/div>\n    <\/article>\n<\/div>\n<p>V\u00a0\u0161eru lesa sv\u00edt\u00ed, na slunci jas st\u00e1hne, v\u017edy dokonale \u010diteln\u00fd i pro n\u00e1s, co m\u00e1me p\u00e1r dioptri\u00ed kr\u00e1tkozrakosti. Baterie computeru vydr\u017e\u00ed a\u017e 14 hodin p\u0159i n\u00e1ro\u010dn\u00e9m pou\u017eit\u00ed (= p\u0159i 5Hz GPS) a a\u017e 26 hodin v re\u017eimu \u00faspory baterie. Tak\u017ee se nestane, \u017ee byste nev\u011bd\u011bli o dal\u0161\u00edm psisku v\u00a0okol\u00ed!<\/p>\n","protected":false},"excerpt":{"rendered":"<p>P\u0159izn\u00e1me to, pro\u010d by ne. \u010c\u00e1st na\u0161eho sou\u017eit\u00ed s novinkou, co ji americk\u00fd Garmin vypustil na trh v p\u016fli \u010dervna [&hellip;]<\/p>\n","protected":false},"author":138,"featured_media":30904,"comment_status":"open","ping_status":"open","sticky":false,"template":"","format":"standard","meta":{"footnotes":""},"categories":[11],"tags":[126,4358,2001,56,97,4359],"global-categories":[411],"class_list":["post-30901","post","type-post","status-publish","format-standard","has-post-thumbnail","hentry","category-horska-cyklistika","tag-cyklistika","tag-garmin-mtb","tag-gravel","tag-horska-cyklistika","tag-rady-a-tipy","tag-test-garmin-edge-mtb","global-categories-cycling"],"yoast_head":"<!-- This site is optimized with the Yoast SEO Premium plugin v25.3 (Yoast SEO v25.9) - https:\/\/yoast.com\/wordpress\/plugins\/seo\/ -->\n<title>TEST: Garmin Edge MTB, panc\u00e9\u0159ovan\u00fd pr\u016fvodce trailov\u00fdm hops\u00e1n\u00edm | \u0160koda We Love Cycling - \u010cesk\u00e1 republika<\/title>\n<meta name=\"description\" content=\"P\u0159izn\u00e1me to, pro\u010d by ne. Velk\u00e1 \u010d\u00e1st na\u0161eho sou\u017eit\u00ed s\u00a0novinkou, co ji americk\u00fd Garmin vypustil na trh v\u00a0p\u016fli \u010dervna a pojmenoval ji Edge MTB, prob\u00edhala v\u00a0rozporu s\u00a0prim\u00e1rn\u00edm jeho ur\u010den\u00edm na silnic\u00edch. I tento profil a jeho specifick\u00e9 n\u00e1roky um\u00ed computer uspokojit. A pr\u00e1v\u011b tam se to stalo.\" \/>\n<meta name=\"robots\" content=\"index, follow, max-snippet:-1, max-image-preview:large, max-video-preview:-1\" \/>\n<link rel=\"canonical\" href=\"https:\/\/www.welovecycling.com\/cs\/2025\/09\/05\/test-garmin-edge-mtb-pancerovany-pruvodce-trailovym-hopsanim\/\" \/>\n<meta property=\"og:locale\" content=\"cs_CZ\" \/>\n<meta property=\"og:type\" content=\"article\" \/>\n<meta property=\"og:title\" content=\"TEST: Garmin Edge MTB, panc\u00e9\u0159ovan\u00fd pr\u016fvodce trailov\u00fdm hops\u00e1n\u00edm\" \/>\n<meta property=\"og:description\" content=\"P\u0159izn\u00e1me to, pro\u010d by ne. Velk\u00e1 \u010d\u00e1st na\u0161eho sou\u017eit\u00ed s\u00a0novinkou, co ji americk\u00fd Garmin vypustil na trh v\u00a0p\u016fli \u010dervna a pojmenoval ji Edge MTB, prob\u00edhala v\u00a0rozporu s\u00a0prim\u00e1rn\u00edm jeho ur\u010den\u00edm na silnic\u00edch. I tento profil a jeho specifick\u00e9 n\u00e1roky um\u00ed computer uspokojit. A pr\u00e1v\u011b tam se to stalo.\" \/>\n<meta property=\"og:url\" content=\"https:\/\/www.welovecycling.com\/cs\/2025\/09\/05\/test-garmin-edge-mtb-pancerovany-pruvodce-trailovym-hopsanim\/\" \/>\n<meta property=\"og:site_name\" content=\"\u0160koda We Love Cycling - \u010cesk\u00e1 republika\" \/>\n<meta property=\"article:published_time\" content=\"2025-09-05T05:02:39+00:00\" \/>\n<meta property=\"og:image\" content=\"https:\/\/d2p6e6u75xmxt8.cloudfront.net\/13\/2025\/09\/IMG_20250904_152505-scaled.webp\" \/>\n\t<meta property=\"og:image:width\" content=\"2560\" \/>\n\t<meta property=\"og:image:height\" content=\"1920\" \/>\n\t<meta property=\"og:image:type\" content=\"image\/webp\" \/>\n<meta name=\"author\" content=\"radekmalina\" \/>\n<meta name=\"twitter:card\" content=\"summary_large_image\" \/>\n<meta name=\"twitter:label1\" content=\"Written by\" \/>\n\t<meta name=\"twitter:data1\" content=\"We Love Cycling\" \/>\n\t<meta name=\"twitter:label2\" content=\"Est. reading time\" \/>\n\t<meta name=\"twitter:data2\" content=\"5\" \/>\n<script type=\"application\/ld+json\" class=\"yoast-schema-graph\">{\"@context\":\"https:\/\/schema.org\",\"@graph\":[{\"@type\":\"WebPage\",\"@id\":\"https:\/\/www.welovecycling.com\/cs\/2025\/09\/05\/test-garmin-edge-mtb-pancerovany-pruvodce-trailovym-hopsanim\/\",\"url\":\"https:\/\/www.welovecycling.com\/cs\/2025\/09\/05\/test-garmin-edge-mtb-pancerovany-pruvodce-trailovym-hopsanim\/\",\"name\":\"TEST: Garmin Edge MTB, panc\u00e9\u0159ovan\u00fd pr\u016fvodce trailov\u00fdm hops\u00e1n\u00edm | \u0160koda We Love Cycling - \u010cesk\u00e1 republika\",\"isPartOf\":{\"@id\":\"https:\/\/www.welovecycling.com\/cs\/#website\"},\"primaryImageOfPage\":{\"@id\":\"https:\/\/www.welovecycling.com\/cs\/2025\/09\/05\/test-garmin-edge-mtb-pancerovany-pruvodce-trailovym-hopsanim\/#primaryimage\"},\"image\":{\"@id\":\"https:\/\/www.welovecycling.com\/cs\/2025\/09\/05\/test-garmin-edge-mtb-pancerovany-pruvodce-trailovym-hopsanim\/#primaryimage\"},\"thumbnailUrl\":\"https:\/\/d2p6e6u75xmxt8.cloudfront.net\/13\/2025\/09\/IMG_20250904_152505-scaled.webp\",\"datePublished\":\"2025-09-05T05:02:39+00:00\",\"author\":{\"@id\":\"https:\/\/www.welovecycling.com\/cs\/#\/schema\/person\/d9eeb0a378f3a7e4a6d12d2b536b04b8\"},\"description\":\"P\u0159izn\u00e1me to, pro\u010d by ne. Velk\u00e1 \u010d\u00e1st na\u0161eho sou\u017eit\u00ed s\u00a0novinkou, co ji americk\u00fd Garmin vypustil na trh v\u00a0p\u016fli \u010dervna a pojmenoval ji Edge MTB, prob\u00edhala v\u00a0rozporu s\u00a0prim\u00e1rn\u00edm jeho ur\u010den\u00edm na silnic\u00edch. I tento profil a jeho specifick\u00e9 n\u00e1roky um\u00ed computer uspokojit. A pr\u00e1v\u011b tam se to stalo.\",\"inLanguage\":\"cs\",\"potentialAction\":[{\"@type\":\"ReadAction\",\"target\":[\"https:\/\/www.welovecycling.com\/cs\/2025\/09\/05\/test-garmin-edge-mtb-pancerovany-pruvodce-trailovym-hopsanim\/\"]}]},{\"@type\":\"ImageObject\",\"inLanguage\":\"cs\",\"@id\":\"https:\/\/www.welovecycling.com\/cs\/2025\/09\/05\/test-garmin-edge-mtb-pancerovany-pruvodce-trailovym-hopsanim\/#primaryimage\",\"url\":\"https:\/\/d2p6e6u75xmxt8.cloudfront.net\/13\/2025\/09\/IMG_20250904_152505-scaled.webp\",\"contentUrl\":\"https:\/\/d2p6e6u75xmxt8.cloudfront.net\/13\/2025\/09\/IMG_20250904_152505-scaled.webp\",\"width\":2560,\"height\":1920,\"caption\":\"Garmin MTB\"},{\"@type\":\"WebSite\",\"@id\":\"https:\/\/www.welovecycling.com\/cs\/#website\",\"url\":\"https:\/\/www.welovecycling.com\/cs\/\",\"name\":\"\u0160koda We Love Cycling - \u010cesk\u00e1 republika\",\"description\":\"WeLoveCycling.cz je online magaz\u00edn, kter\u00fd v\u00e1m pravideln\u011b p\u0159in\u00e1\u0161\u00ed rady a tipy, zaj\u00edmav\u00e9 \u010dl\u00e1nky, videa a jedine\u010dn\u00e9 report\u00e1\u017ee ze sv\u011bta cyklistiky.\",\"potentialAction\":[{\"@type\":\"SearchAction\",\"target\":{\"@type\":\"EntryPoint\",\"urlTemplate\":\"https:\/\/www.welovecycling.com\/cs\/?s={search_term_string}\"},\"query-input\":{\"@type\":\"PropertyValueSpecification\",\"valueRequired\":true,\"valueName\":\"search_term_string\"}}],\"inLanguage\":\"cs\"},{\"@type\":\"Person\",\"@id\":\"https:\/\/www.welovecycling.com\/cs\/#\/schema\/person\/d9eeb0a378f3a7e4a6d12d2b536b04b8\",\"name\":\"radekmalina\",\"image\":{\"@type\":\"ImageObject\",\"inLanguage\":\"cs\",\"@id\":\"https:\/\/www.welovecycling.com\/cs\/#\/schema\/person\/image\/\",\"url\":\"https:\/\/secure.gravatar.com\/avatar\/66994b632cb8c39a46b9f54afa3ae07201b678d32a54275b6f1c9ffec356bfc0?s=96&d=mm&r=g\",\"contentUrl\":\"https:\/\/secure.gravatar.com\/avatar\/66994b632cb8c39a46b9f54afa3ae07201b678d32a54275b6f1c9ffec356bfc0?s=96&d=mm&r=g\",\"caption\":\"radekmalina\"},\"url\":\"https:\/\/www.welovecycling.com\/cs\/author\/radekmalina\/\"}]}<\/script>\n<!-- \/ Yoast SEO Premium plugin. -->","yoast_head_json":{"title":"TEST: Garmin Edge MTB, panc\u00e9\u0159ovan\u00fd pr\u016fvodce trailov\u00fdm hops\u00e1n\u00edm | \u0160koda We Love Cycling - \u010cesk\u00e1 republika","description":"P\u0159izn\u00e1me to, pro\u010d by ne. Velk\u00e1 \u010d\u00e1st na\u0161eho sou\u017eit\u00ed s\u00a0novinkou, co ji americk\u00fd Garmin vypustil na trh v\u00a0p\u016fli \u010dervna a pojmenoval ji Edge MTB, prob\u00edhala v\u00a0rozporu s\u00a0prim\u00e1rn\u00edm jeho ur\u010den\u00edm na silnic\u00edch. I tento profil a jeho specifick\u00e9 n\u00e1roky um\u00ed computer uspokojit. A pr\u00e1v\u011b tam se to stalo.","robots":{"index":"index","follow":"follow","max-snippet":"max-snippet:-1","max-image-preview":"max-image-preview:large","max-video-preview":"max-video-preview:-1"},"canonical":"https:\/\/www.welovecycling.com\/cs\/2025\/09\/05\/test-garmin-edge-mtb-pancerovany-pruvodce-trailovym-hopsanim\/","og_locale":"cs_CZ","og_type":"article","og_title":"TEST: Garmin Edge MTB, panc\u00e9\u0159ovan\u00fd pr\u016fvodce trailov\u00fdm hops\u00e1n\u00edm","og_description":"P\u0159izn\u00e1me to, pro\u010d by ne. Velk\u00e1 \u010d\u00e1st na\u0161eho sou\u017eit\u00ed s\u00a0novinkou, co ji americk\u00fd Garmin vypustil na trh v\u00a0p\u016fli \u010dervna a pojmenoval ji Edge MTB, prob\u00edhala v\u00a0rozporu s\u00a0prim\u00e1rn\u00edm jeho ur\u010den\u00edm na silnic\u00edch. I tento profil a jeho specifick\u00e9 n\u00e1roky um\u00ed computer uspokojit. A pr\u00e1v\u011b tam se to stalo.","og_url":"https:\/\/www.welovecycling.com\/cs\/2025\/09\/05\/test-garmin-edge-mtb-pancerovany-pruvodce-trailovym-hopsanim\/","og_site_name":"\u0160koda We Love Cycling - \u010cesk\u00e1 republika","article_published_time":"2025-09-05T05:02:39+00:00","og_image":[{"width":2560,"height":1920,"url":"https:\/\/d2p6e6u75xmxt8.cloudfront.net\/13\/2025\/09\/IMG_20250904_152505-scaled.webp","type":"image\/webp"}],"author":"radekmalina","twitter_card":"summary_large_image","twitter_misc":{"Written by":"We Love Cycling","Est. reading time":"5"},"schema":{"@context":"https:\/\/schema.org","@graph":[{"@type":"WebPage","@id":"https:\/\/www.welovecycling.com\/cs\/2025\/09\/05\/test-garmin-edge-mtb-pancerovany-pruvodce-trailovym-hopsanim\/","url":"https:\/\/www.welovecycling.com\/cs\/2025\/09\/05\/test-garmin-edge-mtb-pancerovany-pruvodce-trailovym-hopsanim\/","name":"TEST: Garmin Edge MTB, panc\u00e9\u0159ovan\u00fd pr\u016fvodce trailov\u00fdm hops\u00e1n\u00edm | \u0160koda We Love Cycling - \u010cesk\u00e1 republika","isPartOf":{"@id":"https:\/\/www.welovecycling.com\/cs\/#website"},"primaryImageOfPage":{"@id":"https:\/\/www.welovecycling.com\/cs\/2025\/09\/05\/test-garmin-edge-mtb-pancerovany-pruvodce-trailovym-hopsanim\/#primaryimage"},"image":{"@id":"https:\/\/www.welovecycling.com\/cs\/2025\/09\/05\/test-garmin-edge-mtb-pancerovany-pruvodce-trailovym-hopsanim\/#primaryimage"},"thumbnailUrl":"https:\/\/d2p6e6u75xmxt8.cloudfront.net\/13\/2025\/09\/IMG_20250904_152505-scaled.webp","datePublished":"2025-09-05T05:02:39+00:00","author":{"@id":"https:\/\/www.welovecycling.com\/cs\/#\/schema\/person\/d9eeb0a378f3a7e4a6d12d2b536b04b8"},"description":"P\u0159izn\u00e1me to, pro\u010d by ne. Velk\u00e1 \u010d\u00e1st na\u0161eho sou\u017eit\u00ed s\u00a0novinkou, co ji americk\u00fd Garmin vypustil na trh v\u00a0p\u016fli \u010dervna a pojmenoval ji Edge MTB, prob\u00edhala v\u00a0rozporu s\u00a0prim\u00e1rn\u00edm jeho ur\u010den\u00edm na silnic\u00edch. I tento profil a jeho specifick\u00e9 n\u00e1roky um\u00ed computer uspokojit. A pr\u00e1v\u011b tam se to stalo.","inLanguage":"cs","potentialAction":[{"@type":"ReadAction","target":["https:\/\/www.welovecycling.com\/cs\/2025\/09\/05\/test-garmin-edge-mtb-pancerovany-pruvodce-trailovym-hopsanim\/"]}]},{"@type":"ImageObject","inLanguage":"cs","@id":"https:\/\/www.welovecycling.com\/cs\/2025\/09\/05\/test-garmin-edge-mtb-pancerovany-pruvodce-trailovym-hopsanim\/#primaryimage","url":"https:\/\/d2p6e6u75xmxt8.cloudfront.net\/13\/2025\/09\/IMG_20250904_152505-scaled.webp","contentUrl":"https:\/\/d2p6e6u75xmxt8.cloudfront.net\/13\/2025\/09\/IMG_20250904_152505-scaled.webp","width":2560,"height":1920,"caption":"Garmin MTB"},{"@type":"WebSite","@id":"https:\/\/www.welovecycling.com\/cs\/#website","url":"https:\/\/www.welovecycling.com\/cs\/","name":"\u0160koda We Love Cycling - \u010cesk\u00e1 republika","description":"WeLoveCycling.cz je online magaz\u00edn, kter\u00fd v\u00e1m pravideln\u011b p\u0159in\u00e1\u0161\u00ed rady a tipy, zaj\u00edmav\u00e9 \u010dl\u00e1nky, videa a jedine\u010dn\u00e9 report\u00e1\u017ee ze sv\u011bta cyklistiky.","potentialAction":[{"@type":"SearchAction","target":{"@type":"EntryPoint","urlTemplate":"https:\/\/www.welovecycling.com\/cs\/?s={search_term_string}"},"query-input":{"@type":"PropertyValueSpecification","valueRequired":true,"valueName":"search_term_string"}}],"inLanguage":"cs"},{"@type":"Person","@id":"https:\/\/www.welovecycling.com\/cs\/#\/schema\/person\/d9eeb0a378f3a7e4a6d12d2b536b04b8","name":"radekmalina","image":{"@type":"ImageObject","inLanguage":"cs","@id":"https:\/\/www.welovecycling.com\/cs\/#\/schema\/person\/image\/","url":"https:\/\/secure.gravatar.com\/avatar\/66994b632cb8c39a46b9f54afa3ae07201b678d32a54275b6f1c9ffec356bfc0?s=96&d=mm&r=g","contentUrl":"https:\/\/secure.gravatar.com\/avatar\/66994b632cb8c39a46b9f54afa3ae07201b678d32a54275b6f1c9ffec356bfc0?s=96&d=mm&r=g","caption":"radekmalina"},"url":"https:\/\/www.welovecycling.com\/cs\/author\/radekmalina\/"}]}},"_links":{"self":[{"href":"https:\/\/www.welovecycling.com\/cs\/wp-json\/wp\/v2\/posts\/30901","targetHints":{"allow":["GET"]}}],"collection":[{"href":"https:\/\/www.welovecycling.com\/cs\/wp-json\/wp\/v2\/posts"}],"about":[{"href":"https:\/\/www.welovecycling.com\/cs\/wp-json\/wp\/v2\/types\/post"}],"author":[{"embeddable":true,"href":"https:\/\/www.welovecycling.com\/cs\/wp-json\/wp\/v2\/users\/138"}],"replies":[{"embeddable":true,"href":"https:\/\/www.welovecycling.com\/cs\/wp-json\/wp\/v2\/comments?post=30901"}],"version-history":[{"count":2,"href":"https:\/\/www.welovecycling.com\/cs\/wp-json\/wp\/v2\/posts\/30901\/revisions"}],"predecessor-version":[{"id":30910,"href":"https:\/\/www.welovecycling.com\/cs\/wp-json\/wp\/v2\/posts\/30901\/revisions\/30910"}],"wp:featuredmedia":[{"embeddable":true,"href":"https:\/\/www.welovecycling.com\/cs\/wp-json\/wp\/v2\/media\/30904"}],"wp:attachment":[{"href":"https:\/\/www.welovecycling.com\/cs\/wp-json\/wp\/v2\/media?parent=30901"}],"wp:term":[{"taxonomy":"category","embeddable":true,"href":"https:\/\/www.welovecycling.com\/cs\/wp-json\/wp\/v2\/categories?post=30901"},{"taxonomy":"post_tag","embeddable":true,"href":"https:\/\/www.welovecycling.com\/cs\/wp-json\/wp\/v2\/tags?post=30901"},{"taxonomy":"global-categories","embeddable":true,"href":"https:\/\/www.welovecycling.com\/cs\/wp-json\/wp\/v2\/global-categories?post=30901"}],"curies":[{"name":"wp","href":"https:\/\/api.w.org\/{rel}","templated":true}]}}