{"id":30888,"date":"2025-09-04T11:18:08","date_gmt":"2025-09-04T09:18:08","guid":{"rendered":"https:\/\/www.welovecycling.com\/cs\/?p=30888"},"modified":"2025-09-04T11:27:20","modified_gmt":"2025-09-04T09:27:20","slug":"rana-pesti-peprovy-sprej-ci-retezy-protesty-provazi-cyklistiku-100-let","status":"publish","type":"post","link":"https:\/\/www.welovecycling.com\/cs\/2025\/09\/04\/rana-pesti-peprovy-sprej-ci-retezy-protesty-provazi-cyklistiku-100-let\/","title":{"rendered":"R\u00e1na p\u011bst\u00ed, pep\u0159ov\u00fd sprej \u010di \u0159et\u011bzy! Protesty prov\u00e1z\u00ed cyklistiku 100 let"},"content":{"rendered":"<p><strong>Tis\u00edce div\u00e1k\u016f u trasy, miliony u televizn\u00edch obrazovek. P\u0159ekvap\u00ed n\u011bkoho, kdy\u017e si cyklistick\u00e9 z\u00e1vody pat\u0159\u00edc\u00ed mezi nejsledovan\u011bj\u0161\u00ed akce planety n\u011bkdo vybere jako ide\u00e1ln\u00ed m\u00edsto na protesty za \u00fa\u010delem zviditeln\u011bn\u00ed my\u0161lenek \u010di ide\u00e1l\u016f, jim\u017e propadl?<\/strong><\/p>\n<p>Tour de France, Vuelta, mistrovstv\u00ed sv\u011bta ale i men\u0161\u00ed etapov\u00e9 z\u00e1vody jsou mnohdy m\u00edstem, kde se odehr\u00e1vaj\u00ed protesty v\u00edce \u010di m\u00e9n\u011b pochopiteln\u00e9. &#8222;Je to ide\u00e1ln\u00ed sc\u00e9na k vyj\u00e1d\u0159en\u00ed postoje. Osobn\u011b bych ale nikdy neohrozil cyklisty. A kdyby tehdy jel peloton pohromad\u011b, bari\u00e9ru bych nep\u0159esko\u010dil,&#8220; tvrdil francouzsk\u00fd student, kter\u00fd kv\u016fli politick\u00e9mu p\u0159esv\u011bd\u010den\u00ed vb\u011bhl do c\u00edlov\u00e9 rovinky 11. etapy Tour de France 2025. V listopadu jej \u010dek\u00e1 soud. Hroz\u00ed mu rok v\u011bzen\u00ed a pokuta 10 000 eur. Jak\u00e9 jsou nejpam\u00e1tn\u011bj\u0161\u00ed protesty v cyklistick\u00e9 historii?<\/p>\n<h2><strong>Nejsme psi, st\u011b\u017eoval si meziv\u00e1le\u010dn\u00fd \u0161ampion<\/strong><\/h2>\n<p>Jde o jeden z prvn\u00edch zaznamenan\u00fdch protest\u016f. A odehr\u00e1l se v r\u00e1mci pelotonu. Henri Pelissier jako obh\u00e1jce v\u00edt\u011bzstv\u00ed odstoupil z Tour de France 1924 ve t\u0159et\u00ed etap\u011b. Protestoval proti podm\u00ednk\u00e1m jezdc\u016f. &#8222;Jsme d\u011bln\u00edci silnic v \u0159et\u011bzech,&#8220; posteskl si v nar\u00e1\u017ece na obrovsk\u00e9 socioekonomick\u00e9 rozd\u00edly v zemi. &#8222;Akceptuji nadm\u011brnou \u00fanavu, utrpen\u00ed a bolest. Ale organiz\u00e1to\u0159i s n\u00e1mi mus\u00ed zach\u00e1zet jako s lidmi, nikoliv jako psy,&#8220; uvedl v novin\u00e1ch Komunistick\u00e9 strany, kter\u00e9 tvrdily, \u017ee Tour je organizov\u00e1na sportovn\u00edmi spekulanty vyko\u0159is\u0165uj\u00edc\u00edmi cyklistick\u00fd proletari\u00e1t. Tour de France tehdy nab\u00edzela denn\u00ed kapesn\u00e9 odpov\u00eddaj\u00edc\u00ed pr\u016fm\u011brn\u00e9 mzd\u011b tov\u00e1rn\u00edho d\u011bln\u00edka pro cyklisty, kte\u0159\u00ed jeli minim\u00e1ln\u00ed pr\u016fm\u011brnou rychlost\u00ed 20 kilometr\u016f v hodin\u011b.<\/p>\n<h2><strong>P\u011bsti od Jezevce<\/strong><\/h2>\n<p>Z\u00e1vod za sluncem je tradi\u010dn\u011b prvn\u00edm z vrchol\u016f cyklistick\u00e9 sezony. Na ja\u0159e roku 1984 d\u011bln\u00edci a odbor\u00e1\u0159i z lod\u011bnice La Ciotat nedaleko trasy cht\u011bli 5. etapu z\u00e1vodu z Miramas do La Seyne-sur-Mer vyu\u017e\u00edt k prezentaci vlastn\u00ed nespokojenosti s platov\u00fdmi podm\u00ednkami. V tu chv\u00edli je\u0161t\u011b \u010dty\u0159n\u00e1sobn\u00fd v\u00edt\u011bz Tour de France Bernard Hinault vedl etapu a vjel do protestuj\u00edc\u00edch prakticky bez br\u017ed\u011bn\u00ed.<\/p>\n<figure id=\"attachment_30889\" aria-describedby=\"caption-attachment-30889\" style=\"width: 781px\" class=\"wp-caption alignnone\"><a href=\"https:\/\/d2p6e6u75xmxt8.cloudfront.net\/13\/2025\/09\/Hinault-1983.webp\"><img loading=\"lazy\" decoding=\"async\" class=\"size-full wp-image-30889\" src=\"https:\/\/d2p6e6u75xmxt8.cloudfront.net\/13\/2025\/09\/Hinault-1983.webp\" alt=\"\" width=\"781\" height=\"438\" srcset=\"https:\/\/d2p6e6u75xmxt8.cloudfront.net\/13\/2025\/09\/Hinault-1983.webp 781w, https:\/\/d2p6e6u75xmxt8.cloudfront.net\/13\/2025\/09\/Hinault-1983-300x168.webp 300w, https:\/\/d2p6e6u75xmxt8.cloudfront.net\/13\/2025\/09\/Hinault-1983-768x431.webp 768w, https:\/\/d2p6e6u75xmxt8.cloudfront.net\/13\/2025\/09\/Hinault-1983-400x224.webp 400w\" sizes=\"auto, (max-width: 781px) 100vw, 781px\" \/><\/a><figcaption id=\"caption-attachment-30889\" class=\"wp-caption-text\"><em>Protesty poznamenaly z\u00e1vod Pa\u0159\u00ed\u017e Nice 1984. Bernard Hinault se do demonstrant\u016f pustil p\u011bstmi. Foto: <a href=\"https:\/\/inrng.com\/2012\/03\/the-story-of-the-hinault-photo\/\">inrng.com<\/a><\/em><\/figcaption><\/figure>\n<p>Jezevec, jak zn\u011bla p\u0159ezd\u00edvka nyn\u00ed sedmdes\u00e1tilet\u00e9ho z\u00e1vodn\u00edka, nem\u011bl n\u00e1ladu na projevy naprosto nesouvisej\u00edc\u00ed s cyklistikou. Po n\u00e1razu do jednoho z protestuj\u00edc\u00edch spadl. Nezran\u011bn se postavil na nohy a pustil se p\u011bstmi do nejbli\u017e\u0161\u00edho demonstranta. Situaci uklid\u0148ovala policie. Etapa po p\u0159eru\u0161en\u00ed pokra\u010dovala.<\/p>\n<h2><strong>Obrn\u011bn\u00e9 vozy v akci<\/strong><\/h2>\n<p>Tour de France 1990 byla sv\u011bdkem z\u00e1sahu obrn\u011bn\u00fdch voz\u016f. Tehdy farm\u00e1\u0159i v z\u00e1padn\u00edm regionu zem\u011b pobl\u00ed\u017e Nantes pok\u00e1celi na silnici stromy, zap\u00e1lili na vozovce pneumatiky a navezli na vozovku hn\u016fj. Usilovali o zviditeln\u011bn\u00ed sv\u00fdch probl\u00e9m\u016f. Situaci tehdy \u0159e\u0161ilo 200 policist\u016f.<\/p>\n<h2><strong>Pochod za antiglobalistu<\/strong><\/h2>\n<p>Des\u00e1t\u00e1 etapa Tour de France 2003 se stala symbolem protestu na podporu antiglobalistick\u00e9ho aktivisty. Jose Bov\u00e9 si odpyk\u00e1val trest \u010dtrn\u00e1cti m\u011bs\u00edc\u016f v\u011bzen\u00ed za ni\u010den\u00ed geneticky modifikovan\u00fdch plodin kuku\u0159ice a r\u00fd\u017ee.<\/p>\n<div class=\"shortcode-ys-post-pinup\"><article class=\"loop-simple post-30849 post type-post status-publish format-standard has-post-thumbnail hentry category-horska-cyklistika tag-cross-country tag-cyklistika tag-horska-cyklistika tag-mathieu-van-der-poel tag-mistrovstvi-sveta tag-silnicni-cyklistika tag-tour-de-france tag-uci-mtb-2025 global-categories-cycling\" data-postid=\"30849\" role=\"article\" data-post-id=\"30849\" data-word-count=\"553\" data-headline-length=\"40\" data-category=\"Horsk\u00e1 cyklistika\" data-global-category=\"Cycling\" data-author=\"Radek Malina\" data-published=\"2025-09-01T11:17:19+02:00\" data-published-day=\"Monday\">\n    <div class=\"entry-thumbnail article-thumbnail\" content=\"https:\/\/d2p6e6u75xmxt8.cloudfront.net\/13\/2025\/09\/profimedia-1032050824-150x150.webp\"><a href=\"https:\/\/www.welovecycling.com\/cs\/2025\/09\/01\/van-der-poel-pripustil-prestup-na-biky\/\" class=\"image-holder\" target=\"_self\"><img decoding=\"async\" loading=\"lazy\" class=\"\" src=\"https:\/\/d2p6e6u75xmxt8.cloudfront.net\/13\/2025\/09\/profimedia-1032050824-1024x683.webp\" srcset=\"https:\/\/d2p6e6u75xmxt8.cloudfront.net\/13\/2025\/09\/profimedia-1032050824.webp 1800w, https:\/\/d2p6e6u75xmxt8.cloudfront.net\/13\/2025\/09\/profimedia-1032050824-300x200.webp 300w, https:\/\/d2p6e6u75xmxt8.cloudfront.net\/13\/2025\/09\/profimedia-1032050824-1024x683.webp 1024w, https:\/\/d2p6e6u75xmxt8.cloudfront.net\/13\/2025\/09\/profimedia-1032050824-768x512.webp 768w, https:\/\/d2p6e6u75xmxt8.cloudfront.net\/13\/2025\/09\/profimedia-1032050824-1536x1024.webp 1536w, https:\/\/d2p6e6u75xmxt8.cloudfront.net\/13\/2025\/09\/profimedia-1032050824-400x267.webp 400w, https:\/\/d2p6e6u75xmxt8.cloudfront.net\/13\/2025\/09\/profimedia-1032050824-272x182.webp 272w\" width=\"1024\" height=\"683\" sizes=\"auto, (min-width: 1200px) 300px, (min-width: 768px) 25vw, 100vw\" alt=\"van-der-poel-pripustil-prestup-na-biky\"\/><\/a><\/div>    <div class=\"entry-meta\">\n        <a class=\"label label-secondary post-category\" href=\"https:\/\/www.welovecycling.com\/cs\/category\/horska-cyklistika\/\" title=\"Horsk\u00e1 cyklistika\">Horsk\u00e1 cyklistika<\/a>\n    <\/div>\n    <div class=\"entry-details\">\n        <a href=\"https:\/\/www.welovecycling.com\/cs\/2025\/09\/01\/van-der-poel-pripustil-prestup-na-biky\/\" class='entry-title-wrapper'>\n            <h3 class=\"entry-title\"><span>Van der Poel p\u0159ipustil p\u0159estup na biky<\/span><\/h3>\n        <\/a>\n    <\/div>\n    <\/article>\n<\/div>\n<p>M\u00e9n\u011b ne\u017e deset demonstrant\u016f pochodovalo uprost\u0159ed silnice. Policie tehdy demonstranty ze silnice odt\u00e1hla a n\u011bkter\u00e9 zatkla. Bov\u00e9 pozd\u011bji ne\u00fasp\u011b\u0161n\u011b kandidoval na prezidenta Francie, v roce 2009 se dostal do Evropsk\u00e9ho parlamentu.<\/p>\n<h2><strong>Pep\u0159\u00e1k i pro Thomase \u010di Sagana<\/strong><\/h2>\n<p>Farm\u00e1\u0159i ve Francii p\u0159i \u0161estn\u00e1ct\u00e9 etap\u011b Tour de France 2018 protestovali proti sn\u00ed\u017een\u00ed st\u00e1tn\u00ed zem\u011bd\u011blsk\u00e9 podpory. Pomoc\u00ed bal\u00edk\u016f sl\u00e1my zablokovali p\u0159ed pelotonem silnici. Policie protestanty rozehnala pomoc\u00ed pep\u0159ov\u00e9ho spreje.<\/p>\n<figure id=\"attachment_30893\" aria-describedby=\"caption-attachment-30893\" style=\"width: 1800px\" class=\"wp-caption alignnone\"><a href=\"https:\/\/d2p6e6u75xmxt8.cloudfront.net\/13\/2025\/09\/profimedia-0379263985.webp\"><img loading=\"lazy\" decoding=\"async\" class=\"size-full wp-image-30893\" src=\"https:\/\/d2p6e6u75xmxt8.cloudfront.net\/13\/2025\/09\/profimedia-0379263985.webp\" alt=\"\" width=\"1800\" height=\"1200\" srcset=\"https:\/\/d2p6e6u75xmxt8.cloudfront.net\/13\/2025\/09\/profimedia-0379263985.webp 1800w, https:\/\/d2p6e6u75xmxt8.cloudfront.net\/13\/2025\/09\/profimedia-0379263985-300x200.webp 300w, https:\/\/d2p6e6u75xmxt8.cloudfront.net\/13\/2025\/09\/profimedia-0379263985-1024x683.webp 1024w, https:\/\/d2p6e6u75xmxt8.cloudfront.net\/13\/2025\/09\/profimedia-0379263985-768x512.webp 768w, https:\/\/d2p6e6u75xmxt8.cloudfront.net\/13\/2025\/09\/profimedia-0379263985-1536x1024.webp 1536w, https:\/\/d2p6e6u75xmxt8.cloudfront.net\/13\/2025\/09\/profimedia-0379263985-400x267.webp 400w, https:\/\/d2p6e6u75xmxt8.cloudfront.net\/13\/2025\/09\/profimedia-0379263985-272x182.webp 272w\" sizes=\"auto, (max-width: 1800px) 100vw, 1800px\" \/><\/a><figcaption id=\"caption-attachment-30893\" class=\"wp-caption-text\"><em>Protesty farm\u00e1\u0159\u016f p\u0159i Tour de France 2018.<\/em><\/figcaption><\/figure>\n<p>Probl\u00e9m byl, \u017ee zasa\u017eeni byli i n\u011bkte\u0159\u00ed cyklist\u00e9 v\u010detn\u011b hv\u011bzd jako Geraint Thomas, Chris Froome \u010di Peter Sagan. Z\u00e1vod byl na patn\u00e1ct minut zastaven. N\u011bkte\u0159\u00ed cyklist\u00e9 museli vyhledat pomoc ofici\u00e1ln\u00ed l\u00e9ka\u0159ky v pelotonu, jin\u00fdm sta\u010dilo vypl\u00e1chnout o\u010di vodou z bidon\u016f.<\/p>\n<div class=\"shortcode-ys-post-pinup\"><article class=\"loop-simple post-30673 post type-post status-publish format-standard has-post-thumbnail hentry category-silnicni-cyklistika tag-cyklistika tag-popularita tag-silnicni-cyklistika tag-tadej-pogacar tag-tour-de-france tag-vuelta global-categories-cycling\" data-postid=\"30673\" role=\"article\" data-post-id=\"30673\" data-word-count=\"390\" data-headline-length=\"63\" data-category=\"Silni\u010dn\u00ed cyklistika\" data-global-category=\"Cycling\" data-author=\"Radek Malina\" data-published=\"2025-08-20T12:07:29+02:00\" data-published-day=\"Wednesday\">\n    <div class=\"entry-thumbnail article-thumbnail\" content=\"https:\/\/d2p6e6u75xmxt8.cloudfront.net\/13\/2025\/08\/profimedia-1029720689-150x150.webp\"><a href=\"https:\/\/www.welovecycling.com\/cs\/2025\/08\/20\/prosim-nerusit-pogacar-v-originalnim-dresu-zada-o-klid\/\" class=\"image-holder\" target=\"_self\"><img decoding=\"async\" loading=\"lazy\" class=\"\" src=\"https:\/\/d2p6e6u75xmxt8.cloudfront.net\/13\/2025\/08\/profimedia-1029720689-1024x682.webp\" srcset=\"https:\/\/d2p6e6u75xmxt8.cloudfront.net\/13\/2025\/08\/profimedia-1029720689.webp 1800w, https:\/\/d2p6e6u75xmxt8.cloudfront.net\/13\/2025\/08\/profimedia-1029720689-300x200.webp 300w, https:\/\/d2p6e6u75xmxt8.cloudfront.net\/13\/2025\/08\/profimedia-1029720689-1024x682.webp 1024w, https:\/\/d2p6e6u75xmxt8.cloudfront.net\/13\/2025\/08\/profimedia-1029720689-768x512.webp 768w, https:\/\/d2p6e6u75xmxt8.cloudfront.net\/13\/2025\/08\/profimedia-1029720689-1536x1023.webp 1536w, https:\/\/d2p6e6u75xmxt8.cloudfront.net\/13\/2025\/08\/profimedia-1029720689-400x266.webp 400w, https:\/\/d2p6e6u75xmxt8.cloudfront.net\/13\/2025\/08\/profimedia-1029720689-272x182.webp 272w\" width=\"1024\" height=\"682\" sizes=\"auto, (min-width: 1200px) 300px, (min-width: 768px) 25vw, 100vw\" alt=\"prosim-nerusit-pogacar-v-originalnim-dresu-zada-o-klid\"\/><\/a><\/div>    <div class=\"entry-meta\">\n        <a class=\"label label-secondary post-category\" href=\"https:\/\/www.welovecycling.com\/cs\/category\/silnicni-cyklistika\/\" title=\"Silni\u010dn\u00ed cyklistika\">Silni\u010dn\u00ed cyklistika<\/a>\n    <\/div>\n    <div class=\"entry-details\">\n        <a href=\"https:\/\/www.welovecycling.com\/cs\/2025\/08\/20\/prosim-nerusit-pogacar-v-originalnim-dresu-zada-o-klid\/\" class='entry-title-wrapper'>\n            <h3 class=\"entry-title\"><span>Pros\u00edm neru\u0161it! Poga\u010dar v origin\u00e1ln\u00edm dresu \u017e\u00e1d\u00e1 o klid<\/span><\/h3>\n        <\/a>\n    <\/div>\n    <\/article>\n<\/div>\n<h2><strong>Protesty s d\u00fdmovnicemi<\/strong><\/h2>\n<p>Des\u00e1t\u00e1 etapa Tour de France 2022 z Morzine do v Megeve byla p\u0159eru\u0161ena na deset minut, kdy\u017e klimati\u010dt\u00ed aktivist\u00e9 v tri\u010dk\u00e1ch s n\u00e1pisem zb\u00fdv\u00e1 n\u00e1m 989 dn\u016f a r\u016f\u017eov\u00fdmi d\u00fdmovnicemi sed\u011bli na silnici asi \u0161estat\u0159icet kilometr\u016f od c\u00edlov\u00e9 br\u00e1ny. Alberto Bettiol v \u00faniku tehdy skupinou prokli\u010dkoval, vz\u00e1p\u011bt\u00ed byl z\u00e1vod zastaven.<\/p>\n<figure id=\"attachment_30892\" aria-describedby=\"caption-attachment-30892\" style=\"width: 1800px\" class=\"wp-caption alignnone\"><a href=\"https:\/\/d2p6e6u75xmxt8.cloudfront.net\/13\/2025\/09\/profimedia-0744521157.webp\"><img loading=\"lazy\" decoding=\"async\" class=\"size-full wp-image-30892\" src=\"https:\/\/d2p6e6u75xmxt8.cloudfront.net\/13\/2025\/09\/profimedia-0744521157.webp\" alt=\"\" width=\"1800\" height=\"1200\" srcset=\"https:\/\/d2p6e6u75xmxt8.cloudfront.net\/13\/2025\/09\/profimedia-0744521157.webp 1800w, https:\/\/d2p6e6u75xmxt8.cloudfront.net\/13\/2025\/09\/profimedia-0744521157-300x200.webp 300w, https:\/\/d2p6e6u75xmxt8.cloudfront.net\/13\/2025\/09\/profimedia-0744521157-1024x683.webp 1024w, https:\/\/d2p6e6u75xmxt8.cloudfront.net\/13\/2025\/09\/profimedia-0744521157-768x512.webp 768w, https:\/\/d2p6e6u75xmxt8.cloudfront.net\/13\/2025\/09\/profimedia-0744521157-1536x1024.webp 1536w, https:\/\/d2p6e6u75xmxt8.cloudfront.net\/13\/2025\/09\/profimedia-0744521157-400x267.webp 400w, https:\/\/d2p6e6u75xmxt8.cloudfront.net\/13\/2025\/09\/profimedia-0744521157-272x182.webp 272w\" sizes=\"auto, (max-width: 1800px) 100vw, 1800px\" \/><\/a><figcaption id=\"caption-attachment-30892\" class=\"wp-caption-text\"><em>Protesty na Tour de France 2022.<\/em><\/figcaption><\/figure>\n<p>Policie za pomoci \u010dlen\u016f organiza\u010dn\u00edho t\u00fdmu demonstranty odstranila z vozovky. &#8222;Je to v\u00fdkupn\u00e9 za \u00fasp\u011bch,&#8220; pronesl s povzdechem Christian Prudhomme, \u0159editel z\u00e1vodu. &#8222;Ve vys\u00edla\u010dce jsme sly\u0161eli, \u017ee jsou na silnici n\u011bjac\u00ed lid\u00e9 a m\u00e1me proto zastavit. Prost\u011b jsme po\u010dkali a jeli d\u00e1l,&#8220; komentoval situaci Tadej Poga\u010dar, dvojn\u00e1sobn\u00fd v\u00edt\u011bz Tour de France.<\/p>\n<h2><strong>Lepidlem k vozovce<\/strong><\/h2>\n<p>Z\u00e1vod mistrovstv\u00ed sv\u011bta v silni\u010dn\u00ed cyklistice, kter\u00fd fenomen\u00e1ln\u00edm n\u00e1stupem v z\u00e1v\u011bru i p\u0159es karambol a sed\u0159en\u00e9 t\u011blo vyhr\u00e1l<a href=\"https:\/\/www.welovecycling.com\/cs\/2025\/09\/01\/van-der-poel-pripustil-prestup-na-biky\/\"> Mathieu van der Poel<\/a>, byl na p\u011bta\u010dty\u0159icet minut p\u0159eru\u0161en, kdy\u017e bylo ze z\u00e1vodu pry\u010d osmdes\u00e1t kilometr\u016f. Tehdy v \u00faniku \u0161lapal i \u010desk\u00fd reprezentant Petr Kelemen. Dlouh\u00e1 pauza vyvedla v\u0161echny z rovnov\u00e1hy.<\/p>\n<div class=\"shortcode-ys-post-pinup\"><article class=\"loop-simple post-30483 post type-post status-publish format-standard has-post-thumbnail hentry category-zdravi-a-trenink tag-cyklistika tag-horska-cyklistika tag-potak tag-silnicni-cyklistika tag-spodni-vrstva tag-trenink global-categories-cycling\" data-postid=\"30483\" role=\"article\" data-post-id=\"30483\" data-word-count=\"385\" data-headline-length=\"44\" data-category=\"Zdrav\u00ed a tr\u00e9nink\" data-global-category=\"Cycling\" data-author=\"We Love Cycling\" data-published=\"2025-08-06T15:07:17+02:00\" data-published-day=\"Wednesday\">\n    <div class=\"entry-thumbnail article-thumbnail\" content=\"https:\/\/d2p6e6u75xmxt8.cloudfront.net\/13\/2025\/08\/20250713TDF1105-150x150.webp\"><a href=\"https:\/\/www.welovecycling.com\/cs\/2025\/08\/06\/potak-je-treba-pouzivat-ho-i-v-lete\/\" class=\"image-holder\" target=\"_self\"><img decoding=\"async\" loading=\"lazy\" class=\"\" src=\"https:\/\/d2p6e6u75xmxt8.cloudfront.net\/13\/2025\/08\/20250713TDF1105-1024x683.webp\" srcset=\"https:\/\/d2p6e6u75xmxt8.cloudfront.net\/13\/2025\/08\/20250713TDF1105-scaled.webp 2560w, https:\/\/d2p6e6u75xmxt8.cloudfront.net\/13\/2025\/08\/20250713TDF1105-300x200.webp 300w, https:\/\/d2p6e6u75xmxt8.cloudfront.net\/13\/2025\/08\/20250713TDF1105-1024x683.webp 1024w, https:\/\/d2p6e6u75xmxt8.cloudfront.net\/13\/2025\/08\/20250713TDF1105-768x512.webp 768w, https:\/\/d2p6e6u75xmxt8.cloudfront.net\/13\/2025\/08\/20250713TDF1105-1536x1024.webp 1536w, https:\/\/d2p6e6u75xmxt8.cloudfront.net\/13\/2025\/08\/20250713TDF1105-2048x1365.webp 2048w, https:\/\/d2p6e6u75xmxt8.cloudfront.net\/13\/2025\/08\/20250713TDF1105-1920x1280.webp 1920w, https:\/\/d2p6e6u75xmxt8.cloudfront.net\/13\/2025\/08\/20250713TDF1105-400x267.webp 400w, https:\/\/d2p6e6u75xmxt8.cloudfront.net\/13\/2025\/08\/20250713TDF1105-272x182.webp 272w, https:\/\/d2p6e6u75xmxt8.cloudfront.net\/13\/2025\/08\/20250713TDF1105-1920x1280.webp 1920w\" width=\"1024\" height=\"683\" sizes=\"auto, (min-width: 1200px) 300px, (min-width: 768px) 25vw, 100vw\" alt=\"potak-je-treba-pouzivat-ho-i-v-lete\"\/><\/a><\/div>    <div class=\"entry-meta\">\n        <a class=\"label label-secondary post-category\" href=\"https:\/\/www.welovecycling.com\/cs\/category\/zdravi-a-trenink\/\" title=\"Zdrav\u00ed a tr\u00e9nink\">Zdrav\u00ed a tr\u00e9nink<\/a>\n    <\/div>\n    <div class=\"entry-details\">\n        <a href=\"https:\/\/www.welovecycling.com\/cs\/2025\/08\/06\/potak-je-treba-pouzivat-ho-i-v-lete\/\" class='entry-title-wrapper'>\n            <h3 class=\"entry-title\"><span>Po\u0165\u00e1k. Je t\u0159eba pou\u017e\u00edvat ho i v l\u00e9t\u011b?<\/span><\/h3>\n        <\/a>\n    <\/div>\n    <\/article>\n<\/div>\n<p>P\u011bt protestuj\u00edc\u00edch se tehdy p\u0159ilepilo k silnici a je\u0161t\u011b se navz\u00e1jem sv\u00e1zali \u0159et\u011bzy. Jednalo se o aktivisty pat\u0159\u00edc\u00ed k ekologick\u00e9 skupin\u011b This is Rigged, kte\u0159\u00ed cht\u011bli upozornit na roz\u0161i\u0159uj\u00edc\u00ed se mno\u017estv\u00ed ropn\u00fdch a plyn\u00e1rensk\u00fdch projekt\u016f spole\u010dnosti Ineos ve Velk\u00e9 Brit\u00e1nii. V\u0161ichni protestuj\u00edc\u00ed byli zat\u010deni a z\u00e1vod po t\u00e9m\u011b\u0159 hodin\u011b pokra\u010doval<\/p>\n<h2><strong>Traktory p\u0159es silnici<\/strong><\/h2>\n<p>Traktory proti pelotonu? V lednu 2024 farm\u00e1\u0159i ozn\u00e1mili organiz\u00e1tor\u016fm etapov\u00e9ho z\u00e1vodu Etoile de Bess\u00e8ges, \u017ee kv\u016fli na\u0159\u00edzen\u00edm Evropsk\u00e9 unie a po\u017eadavk\u016fm na lep\u0161\u00ed ceny za sv\u00e9 produkty zablokuj\u00ed prvn\u00ed etapy. Po ne\u00fasp\u011b\u0161n\u00fdch vyjedn\u00e1v\u00e1n\u00edch po\u0159adatel\u00e9 \u00favodn\u00ed d\u011bjstv\u00ed zru\u0161ili. Dal\u0161\u00ed \u010dty\u0159i etapy protesty nepoznamenaly.<\/p>\n","protected":false},"excerpt":{"rendered":"<p>Tis\u00edce div\u00e1k\u016f u trasy, miliony u televizn\u00edch obrazovek. P\u0159ekvap\u00ed n\u011bkoho, kdy\u017e si cyklistick\u00e9 z\u00e1vody pat\u0159\u00edc\u00ed mezi nejsledovan\u011bj\u0161\u00ed akce planety n\u011bkdo [&hellip;]<\/p>\n","protected":false},"author":138,"featured_media":30890,"comment_status":"open","ping_status":"open","sticky":false,"template":"","format":"standard","meta":{"footnotes":""},"categories":[4018],"tags":[318,126,1154,4357,9,23,273],"global-categories":[411],"class_list":["post-30888","post","type-post","status-publish","format-standard","has-post-thumbnail","hentry","category-cyklistika","tag-bernard-hinault","tag-cyklistika","tag-mistrovstvi-sveta","tag-protesty","tag-silnicni-cyklistika","tag-tour-de-france","tag-vuelta","global-categories-cycling"],"yoast_head":"<!-- This site is optimized with the Yoast SEO Premium plugin v25.3 (Yoast SEO v25.9) - https:\/\/yoast.com\/wordpress\/plugins\/seo\/ -->\n<title>R\u00e1na p\u011bst\u00ed, pep\u0159ov\u00fd sprej \u010di \u0159et\u011bzy! Protesty prov\u00e1z\u00ed cyklistiku 100 let | \u0160koda We Love Cycling - \u010cesk\u00e1 republika<\/title>\n<meta name=\"description\" content=\"Tis\u00edce div\u00e1k\u016f u trasy, miliony u televizn\u00edch obrazovek. P\u0159ekvap\u00ed tak n\u011bkoho, kdy\u017e si cyklistick\u00e9 z\u00e1vody pat\u0159\u00edc\u00ed mezi nejsledovan\u011bj\u0161\u00ed akce planety n\u011bkdo vybere jako ide\u00e1ln\u00ed m\u00edsto na protesty za \u00fa\u010delem zviditeln\u011bn\u00ed my\u0161lenek \u010di ide\u00e1l\u016f, jim\u017e propadl?\" \/>\n<meta name=\"robots\" content=\"index, follow, max-snippet:-1, max-image-preview:large, max-video-preview:-1\" \/>\n<link rel=\"canonical\" href=\"https:\/\/www.welovecycling.com\/cs\/2025\/09\/04\/rana-pesti-peprovy-sprej-ci-retezy-protesty-provazi-cyklistiku-100-let\/\" \/>\n<meta property=\"og:locale\" content=\"cs_CZ\" \/>\n<meta property=\"og:type\" content=\"article\" \/>\n<meta property=\"og:title\" content=\"R\u00e1na p\u011bst\u00ed, pep\u0159ov\u00fd sprej \u010di \u0159et\u011bzy! Protesty prov\u00e1z\u00ed cyklistiku 100 let\" \/>\n<meta property=\"og:description\" content=\"Tis\u00edce div\u00e1k\u016f u trasy, miliony u televizn\u00edch obrazovek. P\u0159ekvap\u00ed tak n\u011bkoho, kdy\u017e si cyklistick\u00e9 z\u00e1vody pat\u0159\u00edc\u00ed mezi nejsledovan\u011bj\u0161\u00ed akce planety n\u011bkdo vybere jako ide\u00e1ln\u00ed m\u00edsto na protesty za \u00fa\u010delem zviditeln\u011bn\u00ed my\u0161lenek \u010di ide\u00e1l\u016f, jim\u017e propadl?\" \/>\n<meta property=\"og:url\" content=\"https:\/\/www.welovecycling.com\/cs\/2025\/09\/04\/rana-pesti-peprovy-sprej-ci-retezy-protesty-provazi-cyklistiku-100-let\/\" \/>\n<meta property=\"og:site_name\" content=\"\u0160koda We Love Cycling - \u010cesk\u00e1 republika\" \/>\n<meta property=\"article:published_time\" content=\"2025-09-04T09:18:08+00:00\" \/>\n<meta property=\"article:modified_time\" content=\"2025-09-04T09:27:20+00:00\" \/>\n<meta property=\"og:image\" content=\"https:\/\/d2p6e6u75xmxt8.cloudfront.net\/13\/2025\/09\/profimedia-0379344459.webp\" \/>\n\t<meta property=\"og:image:width\" content=\"1800\" \/>\n\t<meta property=\"og:image:height\" content=\"1201\" \/>\n\t<meta property=\"og:image:type\" content=\"image\/webp\" \/>\n<meta name=\"author\" content=\"radekmalina\" \/>\n<meta name=\"twitter:card\" content=\"summary_large_image\" \/>\n<meta name=\"twitter:label1\" content=\"Written by\" \/>\n\t<meta name=\"twitter:data1\" content=\"We Love Cycling\" \/>\n\t<meta name=\"twitter:label2\" content=\"Est. reading time\" \/>\n\t<meta name=\"twitter:data2\" content=\"5\" \/>\n<script type=\"application\/ld+json\" class=\"yoast-schema-graph\">{\"@context\":\"https:\/\/schema.org\",\"@graph\":[{\"@type\":\"WebPage\",\"@id\":\"https:\/\/www.welovecycling.com\/cs\/2025\/09\/04\/rana-pesti-peprovy-sprej-ci-retezy-protesty-provazi-cyklistiku-100-let\/\",\"url\":\"https:\/\/www.welovecycling.com\/cs\/2025\/09\/04\/rana-pesti-peprovy-sprej-ci-retezy-protesty-provazi-cyklistiku-100-let\/\",\"name\":\"R\u00e1na p\u011bst\u00ed, pep\u0159ov\u00fd sprej \u010di \u0159et\u011bzy! Protesty prov\u00e1z\u00ed cyklistiku 100 let | \u0160koda We Love Cycling - \u010cesk\u00e1 republika\",\"isPartOf\":{\"@id\":\"https:\/\/www.welovecycling.com\/cs\/#website\"},\"primaryImageOfPage\":{\"@id\":\"https:\/\/www.welovecycling.com\/cs\/2025\/09\/04\/rana-pesti-peprovy-sprej-ci-retezy-protesty-provazi-cyklistiku-100-let\/#primaryimage\"},\"image\":{\"@id\":\"https:\/\/www.welovecycling.com\/cs\/2025\/09\/04\/rana-pesti-peprovy-sprej-ci-retezy-protesty-provazi-cyklistiku-100-let\/#primaryimage\"},\"thumbnailUrl\":\"https:\/\/d2p6e6u75xmxt8.cloudfront.net\/13\/2025\/09\/profimedia-0379344459.webp\",\"datePublished\":\"2025-09-04T09:18:08+00:00\",\"dateModified\":\"2025-09-04T09:27:20+00:00\",\"author\":{\"@id\":\"https:\/\/www.welovecycling.com\/cs\/#\/schema\/person\/d9eeb0a378f3a7e4a6d12d2b536b04b8\"},\"description\":\"Tis\u00edce div\u00e1k\u016f u trasy, miliony u televizn\u00edch obrazovek. P\u0159ekvap\u00ed tak n\u011bkoho, kdy\u017e si cyklistick\u00e9 z\u00e1vody pat\u0159\u00edc\u00ed mezi nejsledovan\u011bj\u0161\u00ed akce planety n\u011bkdo vybere jako ide\u00e1ln\u00ed m\u00edsto na protesty za \u00fa\u010delem zviditeln\u011bn\u00ed my\u0161lenek \u010di ide\u00e1l\u016f, jim\u017e propadl?\",\"inLanguage\":\"cs\",\"potentialAction\":[{\"@type\":\"ReadAction\",\"target\":[\"https:\/\/www.welovecycling.com\/cs\/2025\/09\/04\/rana-pesti-peprovy-sprej-ci-retezy-protesty-provazi-cyklistiku-100-let\/\"]}]},{\"@type\":\"ImageObject\",\"inLanguage\":\"cs\",\"@id\":\"https:\/\/www.welovecycling.com\/cs\/2025\/09\/04\/rana-pesti-peprovy-sprej-ci-retezy-protesty-provazi-cyklistiku-100-let\/#primaryimage\",\"url\":\"https:\/\/d2p6e6u75xmxt8.cloudfront.net\/13\/2025\/09\/profimedia-0379344459.webp\",\"contentUrl\":\"https:\/\/d2p6e6u75xmxt8.cloudfront.net\/13\/2025\/09\/profimedia-0379344459.webp\",\"width\":1800,\"height\":1201,\"caption\":\"Protesty na Tour de France 2018\"},{\"@type\":\"WebSite\",\"@id\":\"https:\/\/www.welovecycling.com\/cs\/#website\",\"url\":\"https:\/\/www.welovecycling.com\/cs\/\",\"name\":\"\u0160koda We Love Cycling - \u010cesk\u00e1 republika\",\"description\":\"WeLoveCycling.cz je online magaz\u00edn, kter\u00fd v\u00e1m pravideln\u011b p\u0159in\u00e1\u0161\u00ed rady a tipy, zaj\u00edmav\u00e9 \u010dl\u00e1nky, videa a jedine\u010dn\u00e9 report\u00e1\u017ee ze sv\u011bta cyklistiky.\",\"potentialAction\":[{\"@type\":\"SearchAction\",\"target\":{\"@type\":\"EntryPoint\",\"urlTemplate\":\"https:\/\/www.welovecycling.com\/cs\/?s={search_term_string}\"},\"query-input\":{\"@type\":\"PropertyValueSpecification\",\"valueRequired\":true,\"valueName\":\"search_term_string\"}}],\"inLanguage\":\"cs\"},{\"@type\":\"Person\",\"@id\":\"https:\/\/www.welovecycling.com\/cs\/#\/schema\/person\/d9eeb0a378f3a7e4a6d12d2b536b04b8\",\"name\":\"radekmalina\",\"image\":{\"@type\":\"ImageObject\",\"inLanguage\":\"cs\",\"@id\":\"https:\/\/www.welovecycling.com\/cs\/#\/schema\/person\/image\/\",\"url\":\"https:\/\/secure.gravatar.com\/avatar\/66994b632cb8c39a46b9f54afa3ae07201b678d32a54275b6f1c9ffec356bfc0?s=96&d=mm&r=g\",\"contentUrl\":\"https:\/\/secure.gravatar.com\/avatar\/66994b632cb8c39a46b9f54afa3ae07201b678d32a54275b6f1c9ffec356bfc0?s=96&d=mm&r=g\",\"caption\":\"radekmalina\"},\"url\":\"https:\/\/www.welovecycling.com\/cs\/author\/radekmalina\/\"}]}<\/script>\n<!-- \/ Yoast SEO Premium plugin. -->","yoast_head_json":{"title":"R\u00e1na p\u011bst\u00ed, pep\u0159ov\u00fd sprej \u010di \u0159et\u011bzy! Protesty prov\u00e1z\u00ed cyklistiku 100 let | \u0160koda We Love Cycling - \u010cesk\u00e1 republika","description":"Tis\u00edce div\u00e1k\u016f u trasy, miliony u televizn\u00edch obrazovek. P\u0159ekvap\u00ed tak n\u011bkoho, kdy\u017e si cyklistick\u00e9 z\u00e1vody pat\u0159\u00edc\u00ed mezi nejsledovan\u011bj\u0161\u00ed akce planety n\u011bkdo vybere jako ide\u00e1ln\u00ed m\u00edsto na protesty za \u00fa\u010delem zviditeln\u011bn\u00ed my\u0161lenek \u010di ide\u00e1l\u016f, jim\u017e propadl?","robots":{"index":"index","follow":"follow","max-snippet":"max-snippet:-1","max-image-preview":"max-image-preview:large","max-video-preview":"max-video-preview:-1"},"canonical":"https:\/\/www.welovecycling.com\/cs\/2025\/09\/04\/rana-pesti-peprovy-sprej-ci-retezy-protesty-provazi-cyklistiku-100-let\/","og_locale":"cs_CZ","og_type":"article","og_title":"R\u00e1na p\u011bst\u00ed, pep\u0159ov\u00fd sprej \u010di \u0159et\u011bzy! Protesty prov\u00e1z\u00ed cyklistiku 100 let","og_description":"Tis\u00edce div\u00e1k\u016f u trasy, miliony u televizn\u00edch obrazovek. P\u0159ekvap\u00ed tak n\u011bkoho, kdy\u017e si cyklistick\u00e9 z\u00e1vody pat\u0159\u00edc\u00ed mezi nejsledovan\u011bj\u0161\u00ed akce planety n\u011bkdo vybere jako ide\u00e1ln\u00ed m\u00edsto na protesty za \u00fa\u010delem zviditeln\u011bn\u00ed my\u0161lenek \u010di ide\u00e1l\u016f, jim\u017e propadl?","og_url":"https:\/\/www.welovecycling.com\/cs\/2025\/09\/04\/rana-pesti-peprovy-sprej-ci-retezy-protesty-provazi-cyklistiku-100-let\/","og_site_name":"\u0160koda We Love Cycling - \u010cesk\u00e1 republika","article_published_time":"2025-09-04T09:18:08+00:00","article_modified_time":"2025-09-04T09:27:20+00:00","og_image":[{"width":1800,"height":1201,"url":"https:\/\/d2p6e6u75xmxt8.cloudfront.net\/13\/2025\/09\/profimedia-0379344459.webp","type":"image\/webp"}],"author":"radekmalina","twitter_card":"summary_large_image","twitter_misc":{"Written by":"We Love Cycling","Est. reading time":"5"},"schema":{"@context":"https:\/\/schema.org","@graph":[{"@type":"WebPage","@id":"https:\/\/www.welovecycling.com\/cs\/2025\/09\/04\/rana-pesti-peprovy-sprej-ci-retezy-protesty-provazi-cyklistiku-100-let\/","url":"https:\/\/www.welovecycling.com\/cs\/2025\/09\/04\/rana-pesti-peprovy-sprej-ci-retezy-protesty-provazi-cyklistiku-100-let\/","name":"R\u00e1na p\u011bst\u00ed, pep\u0159ov\u00fd sprej \u010di \u0159et\u011bzy! Protesty prov\u00e1z\u00ed cyklistiku 100 let | \u0160koda We Love Cycling - \u010cesk\u00e1 republika","isPartOf":{"@id":"https:\/\/www.welovecycling.com\/cs\/#website"},"primaryImageOfPage":{"@id":"https:\/\/www.welovecycling.com\/cs\/2025\/09\/04\/rana-pesti-peprovy-sprej-ci-retezy-protesty-provazi-cyklistiku-100-let\/#primaryimage"},"image":{"@id":"https:\/\/www.welovecycling.com\/cs\/2025\/09\/04\/rana-pesti-peprovy-sprej-ci-retezy-protesty-provazi-cyklistiku-100-let\/#primaryimage"},"thumbnailUrl":"https:\/\/d2p6e6u75xmxt8.cloudfront.net\/13\/2025\/09\/profimedia-0379344459.webp","datePublished":"2025-09-04T09:18:08+00:00","dateModified":"2025-09-04T09:27:20+00:00","author":{"@id":"https:\/\/www.welovecycling.com\/cs\/#\/schema\/person\/d9eeb0a378f3a7e4a6d12d2b536b04b8"},"description":"Tis\u00edce div\u00e1k\u016f u trasy, miliony u televizn\u00edch obrazovek. P\u0159ekvap\u00ed tak n\u011bkoho, kdy\u017e si cyklistick\u00e9 z\u00e1vody pat\u0159\u00edc\u00ed mezi nejsledovan\u011bj\u0161\u00ed akce planety n\u011bkdo vybere jako ide\u00e1ln\u00ed m\u00edsto na protesty za \u00fa\u010delem zviditeln\u011bn\u00ed my\u0161lenek \u010di ide\u00e1l\u016f, jim\u017e propadl?","inLanguage":"cs","potentialAction":[{"@type":"ReadAction","target":["https:\/\/www.welovecycling.com\/cs\/2025\/09\/04\/rana-pesti-peprovy-sprej-ci-retezy-protesty-provazi-cyklistiku-100-let\/"]}]},{"@type":"ImageObject","inLanguage":"cs","@id":"https:\/\/www.welovecycling.com\/cs\/2025\/09\/04\/rana-pesti-peprovy-sprej-ci-retezy-protesty-provazi-cyklistiku-100-let\/#primaryimage","url":"https:\/\/d2p6e6u75xmxt8.cloudfront.net\/13\/2025\/09\/profimedia-0379344459.webp","contentUrl":"https:\/\/d2p6e6u75xmxt8.cloudfront.net\/13\/2025\/09\/profimedia-0379344459.webp","width":1800,"height":1201,"caption":"Protesty na Tour de France 2018"},{"@type":"WebSite","@id":"https:\/\/www.welovecycling.com\/cs\/#website","url":"https:\/\/www.welovecycling.com\/cs\/","name":"\u0160koda We Love Cycling - \u010cesk\u00e1 republika","description":"WeLoveCycling.cz je online magaz\u00edn, kter\u00fd v\u00e1m pravideln\u011b p\u0159in\u00e1\u0161\u00ed rady a tipy, zaj\u00edmav\u00e9 \u010dl\u00e1nky, videa a jedine\u010dn\u00e9 report\u00e1\u017ee ze sv\u011bta cyklistiky.","potentialAction":[{"@type":"SearchAction","target":{"@type":"EntryPoint","urlTemplate":"https:\/\/www.welovecycling.com\/cs\/?s={search_term_string}"},"query-input":{"@type":"PropertyValueSpecification","valueRequired":true,"valueName":"search_term_string"}}],"inLanguage":"cs"},{"@type":"Person","@id":"https:\/\/www.welovecycling.com\/cs\/#\/schema\/person\/d9eeb0a378f3a7e4a6d12d2b536b04b8","name":"radekmalina","image":{"@type":"ImageObject","inLanguage":"cs","@id":"https:\/\/www.welovecycling.com\/cs\/#\/schema\/person\/image\/","url":"https:\/\/secure.gravatar.com\/avatar\/66994b632cb8c39a46b9f54afa3ae07201b678d32a54275b6f1c9ffec356bfc0?s=96&d=mm&r=g","contentUrl":"https:\/\/secure.gravatar.com\/avatar\/66994b632cb8c39a46b9f54afa3ae07201b678d32a54275b6f1c9ffec356bfc0?s=96&d=mm&r=g","caption":"radekmalina"},"url":"https:\/\/www.welovecycling.com\/cs\/author\/radekmalina\/"}]}},"_links":{"self":[{"href":"https:\/\/www.welovecycling.com\/cs\/wp-json\/wp\/v2\/posts\/30888","targetHints":{"allow":["GET"]}}],"collection":[{"href":"https:\/\/www.welovecycling.com\/cs\/wp-json\/wp\/v2\/posts"}],"about":[{"href":"https:\/\/www.welovecycling.com\/cs\/wp-json\/wp\/v2\/types\/post"}],"author":[{"embeddable":true,"href":"https:\/\/www.welovecycling.com\/cs\/wp-json\/wp\/v2\/users\/138"}],"replies":[{"embeddable":true,"href":"https:\/\/www.welovecycling.com\/cs\/wp-json\/wp\/v2\/comments?post=30888"}],"version-history":[{"count":7,"href":"https:\/\/www.welovecycling.com\/cs\/wp-json\/wp\/v2\/posts\/30888\/revisions"}],"predecessor-version":[{"id":30900,"href":"https:\/\/www.welovecycling.com\/cs\/wp-json\/wp\/v2\/posts\/30888\/revisions\/30900"}],"wp:featuredmedia":[{"embeddable":true,"href":"https:\/\/www.welovecycling.com\/cs\/wp-json\/wp\/v2\/media\/30890"}],"wp:attachment":[{"href":"https:\/\/www.welovecycling.com\/cs\/wp-json\/wp\/v2\/media?parent=30888"}],"wp:term":[{"taxonomy":"category","embeddable":true,"href":"https:\/\/www.welovecycling.com\/cs\/wp-json\/wp\/v2\/categories?post=30888"},{"taxonomy":"post_tag","embeddable":true,"href":"https:\/\/www.welovecycling.com\/cs\/wp-json\/wp\/v2\/tags?post=30888"},{"taxonomy":"global-categories","embeddable":true,"href":"https:\/\/www.welovecycling.com\/cs\/wp-json\/wp\/v2\/global-categories?post=30888"}],"curies":[{"name":"wp","href":"https:\/\/api.w.org\/{rel}","templated":true}]}}