{"id":30880,"date":"2025-09-03T14:31:12","date_gmt":"2025-09-03T12:31:12","guid":{"rendered":"https:\/\/www.welovecycling.com\/cs\/?p=30880"},"modified":"2025-09-03T14:32:42","modified_gmt":"2025-09-03T12:32:42","slug":"medaile-z-brutality-ve-svycarsku-proc-ne-nedesi-se-cink","status":"publish","type":"post","link":"https:\/\/www.welovecycling.com\/cs\/2025\/09\/03\/medaile-z-brutality-ve-svycarsku-proc-ne-nedesi-se-cink\/","title":{"rendered":"Medaile z brutality ve \u0160v\u00fdcarsku? Pro\u010d ne, ned\u011bs\u00ed se Cink"},"content":{"rendered":"<p><strong>\u017divotn\u00edm v\u00edt\u011bzstv\u00edm u\u017e sezonu vy\u0161perkoval. Ve \u010dty\u0159iat\u0159iceti letech Ond\u0159ej Cink oslavil prvn\u00ed triumf kari\u00e9ry v z\u00e1vod\u011b sv\u011btov\u00e9ho poh\u00e1ru horsk\u00fdch kol cross country. Do nadch\u00e1zej\u00edc\u00edho mistrovstv\u00ed sv\u011bta tak vstupu pohod\u011b nalad\u011bn\u00fd. Pojede netradi\u010dn\u011b dv\u011b discipl\u00edny. P\u0159edstav\u00ed se toti\u017e i v maratonu. A p\u0159ed z\u00e1vody ve Verbier, respektive Crans Montan\u011b m\u00e1 jasn\u00fd pl\u00e1n. &#8222;Chci jet o medaili,&#8220; \u0159\u00edk\u00e1 sm\u011brem k maratonsk\u00e9 bitv\u011b, na kterou se nijak speci\u00e1ln\u011b nechystal.<\/strong><\/p>\n<p>V rozhovoru pro We Love Cycling vypravuje o zdravotn\u00edch probl\u00e9mech z pr\u016fb\u011bhu l\u00e9ta, \u0159e\u0161en\u00ed kontraktu, maratonsk\u00e9 v\u00fdzv\u011b i ambic\u00edch pro olympijsk\u00e9 cross country nejen na <a href=\"https:\/\/www.valais2025.ch\/schedule\">mistrovstv\u00ed sv\u011bta ve \u0160v\u00fdcarsku<\/a>.<\/p>\n<h2><strong>V jak\u00e9m rozpolo\u017een\u00ed vyhl\u00ed\u017e\u00ed Ond\u0159ej Cink mistrovstv\u00ed sv\u011bta horsk\u00fdch kol ve \u0160v\u00fdcarsku?<\/strong><\/h2>\n<p>Byl jsem nemocn\u00fd v dob\u011b term\u00ednu mistrovstv\u00ed republiky, tak\u017ee n\u00e1vrat do z\u00e1vod\u016f byl tro\u0161ku slo\u017eit\u011bj\u0161\u00ed. Prvn\u00ed z\u00e1vody v Harrachov\u011b jsem neodjel s dobr\u00fdmi pocity. V\u011bt\u0161\u00ed probl\u00e9m ne\u017e nemoc p\u0159edstavoval vlastn\u011b m\u011bs\u00edc bez z\u00e1vodn\u00edho zat\u00ed\u017een\u00ed. Pot\u0159eboval jsem intenzitu. P\u0159i short tracku jsem byl na limitu. V\u011bd\u011bl jsem, \u017ee kdybych jel ve stejn\u00e9m stavu z\u00e1vod sv\u011btov\u00e9ho poh\u00e1ru, nedopadl bych dob\u0159e. P\u0159i gener\u00e1lce v Les Gets na sv\u011btov\u00e9m poh\u00e1ru jsem m\u011bl drobn\u00e9 pot\u00ed\u017ee se z\u00e1dy, ale jsem p\u0159ed \u0161ampion\u00e1tem v pohod\u011b.<\/p>\n<h2><strong>Do mistrovstv\u00ed sv\u011bta vstoup\u00edte po sezon\u011b, kdy jste poprv\u00e9 v kari\u00e9\u0159e vyhr\u00e1l z\u00e1vod sv\u011btov\u00e9ho poh\u00e1ru. V pr\u016fb\u011b\u017en\u00e9m po\u0159ad\u00ed, t\u0159i z\u00e1vody p\u0159ed koncem seri\u00e1lu, jste jeden\u00e1ct\u00fd s minim\u00e1ln\u00edm odstupem na elitn\u00ed p\u011btici. P\u0159ed\u010dila dosud sezona o\u010dek\u00e1v\u00e1n\u00ed?<\/strong><\/h2>\n<p>Absolutn\u011b. Po \u0161patn\u00fdch sezon\u00e1ch, kter\u00fdch bylo v\u00e1\u017en\u011b dost, jsem nic podobn\u00e9ho ne\u010dekal. T\u0159i nebo \u010dty\u0159i roky za sebou jsem m\u011bl zdravotn\u00ed probl\u00e9my, sr\u00e1\u017eely m\u011b alergie. Nikdo nev\u011b\u0159il, \u017ee by se mi je\u0161t\u011b da\u0159ilo. J\u00e1 doufal, \u017ee budu schopn\u00fd doj\u00ed\u017ed\u011bt do des\u00e1t\u00e9ho m\u00edsta, co\u017e by pro m\u011b bylo super. Ale triumf z <a href=\"https:\/\/www.welovecycling.com\/cs\/2025\/06\/08\/ondrej-cink-odmenen-za-vytrvalost-vyhral-svetovy-pohar-v-leogangu\/\">Leogangu<\/a> je prost\u011b top. A\u0165 u\u017e dopadnou zb\u00fdvaj\u00edc\u00ed z\u00e1vody jakkoliv, jde o super sezonu.<\/p>\n<figure id=\"attachment_29417\" aria-describedby=\"caption-attachment-29417\" style=\"width: 1200px\" class=\"wp-caption alignnone\"><a href=\"https:\/\/d2p6e6u75xmxt8.cloudfront.net\/13\/2025\/06\/profimedia-1008584931.webp\"><img loading=\"lazy\" decoding=\"async\" class=\"size-full wp-image-29417\" src=\"https:\/\/d2p6e6u75xmxt8.cloudfront.net\/13\/2025\/06\/profimedia-1008584931.webp\" alt=\"\" width=\"1200\" height=\"1800\" srcset=\"https:\/\/d2p6e6u75xmxt8.cloudfront.net\/13\/2025\/06\/profimedia-1008584931.webp 1200w, https:\/\/d2p6e6u75xmxt8.cloudfront.net\/13\/2025\/06\/profimedia-1008584931-200x300.webp 200w, https:\/\/d2p6e6u75xmxt8.cloudfront.net\/13\/2025\/06\/profimedia-1008584931-683x1024.webp 683w, https:\/\/d2p6e6u75xmxt8.cloudfront.net\/13\/2025\/06\/profimedia-1008584931-768x1152.webp 768w, https:\/\/d2p6e6u75xmxt8.cloudfront.net\/13\/2025\/06\/profimedia-1008584931-1024x1536.webp 1024w, https:\/\/d2p6e6u75xmxt8.cloudfront.net\/13\/2025\/06\/profimedia-1008584931-267x400.webp 267w\" sizes=\"auto, (max-width: 1200px) 100vw, 1200px\" \/><\/a><figcaption id=\"caption-attachment-29417\" class=\"wp-caption-text\"><em>Ond\u0159ej Cink oslavuje v\u00edt\u011bzstv\u00ed v Leogangu.<\/em><\/figcaption><\/figure>\n<h2><strong>P\u0159ed startem leto\u0161n\u00edho roku jste podepsal kontrakt v Cube Factory. Budete na startu mistrovstv\u00ed sv\u011bta s vy\u0159e\u0161enou budoucnost\u00ed?<\/strong><\/h2>\n<p>Ur\u010dit\u011b nebude ve \u0160v\u00fdcarsku jasno. V\u00edt\u011bzstv\u00ed v z\u00e1vod\u011b sv\u011btov\u00e9ho poh\u00e1ru mi pomohlo, je o m\u011b z\u00e1jem. Mn\u011b se v t\u00fdmu Cube da\u0159\u00ed a l\u00edb\u00ed, tak\u017ee douf\u00e1m, \u017ee se v\u0161echno poda\u0159\u00ed domluvit. Nech\u00e1v\u00e1m v\u0161e na mana\u017eerovi. J\u00e1 jsem mu svoje \u0159ekl, uvid\u00edme jak to dopadne. \u010cek\u00e1 m\u011b n\u00e1ro\u010dn\u00fd blok d\u016fle\u017eit\u00fdch z\u00e1vod\u016f. Ka\u017edop\u00e1dn\u011b ne\u017e se polet\u00ed v \u0159\u00edjnu na z\u00e1vody do USA a Kanady, cht\u011bl bych m\u00edt budoucnost vy\u0159e\u0161enou.<\/p>\n<h2><strong>Plat\u00ed, \u017ee v\u00e1s fanou\u0161ci na mistrovstv\u00ed sv\u011bta ve \u0160v\u00fdcarsku uvid\u00ed i na startu maratonu 6. z\u00e1\u0159\u00ed?<\/strong><\/h2>\n<p>Ano. Od za\u010d\u00e1tku sezony jsem v\u011bd\u011bl, \u017ee chci ve Verbier jet. Kdy\u017e jsem vid\u011bl profil maratonu, tak jsem si \u0159ekl, \u017ee by mi mohl sed\u011bt. Je to sto dvacet p\u011bt kilometr\u016f s p\u0159ev\u00fd\u0161en\u00edm p\u011bt tis\u00edc metr\u016f. Jde o extr\u00e9mn\u00ed z\u00e1vod. Fakt brut\u00e1ln\u00ed. Tak to m\u00e1m r\u00e1d. Mysl\u00edm, \u017ee p\u016fjde o z\u00e1vod n\u011bkde kolem \u0161esti hodin s dlouh\u00fdmi a mimo\u0159\u00e1dn\u011b t\u011b\u017ek\u00fdmi kopci, kter\u00e9 by mi mohly sed\u011bt.<\/p>\n<div class=\"shortcode-ys-post-pinup\"><article class=\"loop-simple post-30849 post type-post status-publish format-standard has-post-thumbnail hentry category-horska-cyklistika tag-cross-country tag-cyklistika tag-horska-cyklistika tag-mathieu-van-der-poel tag-mistrovstvi-sveta tag-silnicni-cyklistika tag-tour-de-france tag-uci-mtb-2025 global-categories-cycling\" data-postid=\"30849\" role=\"article\" data-post-id=\"30849\" data-word-count=\"553\" data-headline-length=\"40\" data-category=\"Horsk\u00e1 cyklistika\" data-global-category=\"Cycling\" data-author=\"Radek Malina\" data-published=\"2025-09-01T11:17:19+02:00\" data-published-day=\"Monday\">\n    <div class=\"entry-thumbnail article-thumbnail\" content=\"https:\/\/d2p6e6u75xmxt8.cloudfront.net\/13\/2025\/09\/profimedia-1032050824-150x150.webp\"><a href=\"https:\/\/www.welovecycling.com\/cs\/2025\/09\/01\/van-der-poel-pripustil-prestup-na-biky\/\" class=\"image-holder\" target=\"_self\"><img decoding=\"async\" loading=\"lazy\" class=\"\" src=\"https:\/\/d2p6e6u75xmxt8.cloudfront.net\/13\/2025\/09\/profimedia-1032050824-1024x683.webp\" srcset=\"https:\/\/d2p6e6u75xmxt8.cloudfront.net\/13\/2025\/09\/profimedia-1032050824.webp 1800w, https:\/\/d2p6e6u75xmxt8.cloudfront.net\/13\/2025\/09\/profimedia-1032050824-300x200.webp 300w, https:\/\/d2p6e6u75xmxt8.cloudfront.net\/13\/2025\/09\/profimedia-1032050824-1024x683.webp 1024w, https:\/\/d2p6e6u75xmxt8.cloudfront.net\/13\/2025\/09\/profimedia-1032050824-768x512.webp 768w, https:\/\/d2p6e6u75xmxt8.cloudfront.net\/13\/2025\/09\/profimedia-1032050824-1536x1024.webp 1536w, https:\/\/d2p6e6u75xmxt8.cloudfront.net\/13\/2025\/09\/profimedia-1032050824-400x267.webp 400w, https:\/\/d2p6e6u75xmxt8.cloudfront.net\/13\/2025\/09\/profimedia-1032050824-272x182.webp 272w\" width=\"1024\" height=\"683\" sizes=\"auto, (min-width: 1200px) 300px, (min-width: 768px) 25vw, 100vw\" alt=\"van-der-poel-pripustil-prestup-na-biky\"\/><\/a><\/div>    <div class=\"entry-meta\">\n        <a class=\"label label-secondary post-category\" href=\"https:\/\/www.welovecycling.com\/cs\/category\/horska-cyklistika\/\" title=\"Horsk\u00e1 cyklistika\">Horsk\u00e1 cyklistika<\/a>\n    <\/div>\n    <div class=\"entry-details\">\n        <a href=\"https:\/\/www.welovecycling.com\/cs\/2025\/09\/01\/van-der-poel-pripustil-prestup-na-biky\/\" class='entry-title-wrapper'>\n            <h3 class=\"entry-title\"><span>Van der Poel p\u0159ipustil p\u0159estup na biky<\/span><\/h3>\n        <\/a>\n    <\/div>\n    <\/article>\n<\/div>\n<h2><strong>Bylo pot\u0159eba n\u011bjak uzp\u016fsobit p\u0159\u00edpravu nebo jste se po\u0159\u00e1d stoprocentn\u011b v\u011bnoval tr\u00e9ninku na cross country?<\/strong><\/h2>\n<p>Jen jsem nav\u00fd\u0161il po\u010det hodin za posledn\u00ed m\u011bs\u00edc a jel p\u00e1r del\u0161\u00edch tr\u00e9nink\u016f na p\u011bt \u010di \u0161est hodin. Jinak jsem v\u0161echno sm\u011b\u0159oval ke cross country. Podle v\u00fdsledk\u016f test\u016f v laborato\u0159i m\u00e1m dispozice k tomu, abych na dlouh\u00fdch z\u00e1vodech jel dob\u0159e. M\u011blo by mi to vyhovovat. Startoval jsem v roce 2019 na MS v maratonu rovn\u011b\u017e ve \u0160v\u00fdcarsku a dojel dvan\u00e1ct\u00fd. Byl to hodn\u011b podobn\u00fd z\u00e1vod jako se pojede ve Verbier. A j\u00e1 jsem jel pod posledn\u00ed kopec o medaili, jen\u017ee tam mi seklo, proto\u017ee jsem podcenil j\u00eddlo v cel\u00e9m z\u00e1vod\u011b. Jel jsem \u010dist\u011b jenom na gelech. Z toho jsem se pou\u010dil. V roce 2020 jsem vyhr\u00e1l mistrovstv\u00ed republiky na Doln\u00ed Morav\u011b, kde se jelo p\u011bt a p\u016fl hodiny. Vyzkou\u0161el jsem si, \u017ee p\u0159i spr\u00e1vn\u00e9m nutri\u010dn\u00edm pojet\u00ed lze zvl\u00e1dnout maraton vlastn\u011b bez speci\u00e1ln\u00edho tr\u00e9ninku.<\/p>\n<h2><strong>M\u00e1 Ond\u0159ej Cink v pl\u00e1nu obrat o medaili maratonsk\u00e9 specialisty?<\/strong><\/h2>\n<p>Nem\u00e1m samoz\u0159ejm\u011b p\u0159\u00edm\u00e9 srovn\u00e1n\u00ed. Jel jsem velk\u00fd maraton naposledy v roce 2019, kdy jsem absolvoval i Cape Epic. Nev\u00edm, jak to bude intenzivn\u00ed. Pro m\u011b p\u016fjde o nov\u00fd sv\u011bt. Jsem s\u00e1m zv\u011bdav\u00fd jak\u00e9 bude tempo v z\u00e1vod\u011b na \u0161est hodin. Moc se t\u011b\u0161\u00edm a v\u011b\u0159\u00edm, \u017ee st\u00e1t se m\u016f\u017ee cokoliv. V minulosti jsme vid\u011bli, \u017ee kluci z cross country dok\u00e1\u017eou na MS vyhr\u00e1t v maratonu, jako Henrique Avancini nebo Simon Andreassen minul\u00fd rok. Nejedu se jenom z\u00fa\u010dastnit. Kdy\u017e to p\u016fjde, chci jet o medaili.<\/p>\n<div class=\"mceTemp\">\n<p><a href=\"https:\/\/d2p6e6u75xmxt8.cloudfront.net\/13\/2024\/12\/profimedia-0902477537.webp\"><img loading=\"lazy\" decoding=\"async\" class=\"size-full wp-image-27899\" src=\"https:\/\/d2p6e6u75xmxt8.cloudfront.net\/13\/2024\/12\/profimedia-0902477537.webp\" alt=\"\" width=\"1800\" height=\"1200\" srcset=\"https:\/\/d2p6e6u75xmxt8.cloudfront.net\/13\/2024\/12\/profimedia-0902477537.webp 1800w, https:\/\/d2p6e6u75xmxt8.cloudfront.net\/13\/2024\/12\/profimedia-0902477537-300x200.webp 300w, https:\/\/d2p6e6u75xmxt8.cloudfront.net\/13\/2024\/12\/profimedia-0902477537-1024x683.webp 1024w, https:\/\/d2p6e6u75xmxt8.cloudfront.net\/13\/2024\/12\/profimedia-0902477537-768x512.webp 768w, https:\/\/d2p6e6u75xmxt8.cloudfront.net\/13\/2024\/12\/profimedia-0902477537-1536x1024.webp 1536w, https:\/\/d2p6e6u75xmxt8.cloudfront.net\/13\/2024\/12\/profimedia-0902477537-400x267.webp 400w, https:\/\/d2p6e6u75xmxt8.cloudfront.net\/13\/2024\/12\/profimedia-0902477537-272x182.webp 272w\" sizes=\"auto, (max-width: 1800px) 100vw, 1800px\" \/><\/a><\/p>\n<h2><strong>Budou pro v\u00e1s maratony do budoucnosti novou v\u00fdzvou?<\/strong><\/h2>\n<p>Dokud to p\u016fjde, chci se dr\u017eet cross country. Po\u0159\u00e1d m\u011b l\u00e1k\u00e1 p\u00e1t\u00e1 olympi\u00e1da v \u0159ad\u011b. A kdy\u017e vid\u00edm, \u017ee doma jsem nejlep\u0161\u00ed&#8230; Nechci nikoho podce\u0148ovat. Honza S\u00e1ska se zlep\u0161il, je mlad\u00fd a m\u016f\u017ee je\u0161t\u011b vylet\u011bt. Nebo n\u011bkdo dal\u0161\u00ed. Ale kdyby vy\u0161lo Los Angeles, jednalo by se o obrovsk\u00fd \u00fasp\u011bch.<\/p>\n<div class=\"shortcode-ys-post-pinup\"><article class=\"loop-simple post-30738 post type-post status-publish format-standard has-post-thumbnail hentry category-silnicni-cyklistika tag-matthias-schwarzbacher global-categories-cycling\" data-postid=\"30738\" role=\"article\" data-post-id=\"30738\" data-word-count=\"468\" data-headline-length=\"82\" data-category=\"Silni\u010dn\u00ed cyklistika\" data-global-category=\"Cycling\" data-author=\"We Love Cycling\" data-published=\"2025-08-23T06:32:09+02:00\" data-published-day=\"Saturday\">\n    <div class=\"entry-thumbnail article-thumbnail\" content=\"https:\/\/d2p6e6u75xmxt8.cloudfront.net\/13\/2025\/08\/Copy-of-JVaishar_West-Bohemia-Tour-2025_7VAI4806-150x150.webp\"><a href=\"https:\/\/www.welovecycling.com\/cs\/2025\/08\/23\/v-pogacarove-vesmiru-slovensky-talent-o-angazma-v-tymu-uae-emirates\/\" class=\"image-holder\" target=\"_self\"><img decoding=\"async\" loading=\"lazy\" class=\"\" src=\"https:\/\/d2p6e6u75xmxt8.cloudfront.net\/13\/2025\/08\/Copy-of-JVaishar_West-Bohemia-Tour-2025_7VAI4806-1024x683.webp\" srcset=\"https:\/\/d2p6e6u75xmxt8.cloudfront.net\/13\/2025\/08\/Copy-of-JVaishar_West-Bohemia-Tour-2025_7VAI4806-scaled.webp 2560w, https:\/\/d2p6e6u75xmxt8.cloudfront.net\/13\/2025\/08\/Copy-of-JVaishar_West-Bohemia-Tour-2025_7VAI4806-300x200.webp 300w, https:\/\/d2p6e6u75xmxt8.cloudfront.net\/13\/2025\/08\/Copy-of-JVaishar_West-Bohemia-Tour-2025_7VAI4806-1024x683.webp 1024w, https:\/\/d2p6e6u75xmxt8.cloudfront.net\/13\/2025\/08\/Copy-of-JVaishar_West-Bohemia-Tour-2025_7VAI4806-768x512.webp 768w, https:\/\/d2p6e6u75xmxt8.cloudfront.net\/13\/2025\/08\/Copy-of-JVaishar_West-Bohemia-Tour-2025_7VAI4806-1536x1024.webp 1536w, https:\/\/d2p6e6u75xmxt8.cloudfront.net\/13\/2025\/08\/Copy-of-JVaishar_West-Bohemia-Tour-2025_7VAI4806-2048x1365.webp 2048w, https:\/\/d2p6e6u75xmxt8.cloudfront.net\/13\/2025\/08\/Copy-of-JVaishar_West-Bohemia-Tour-2025_7VAI4806-1920x1280.webp 1920w, https:\/\/d2p6e6u75xmxt8.cloudfront.net\/13\/2025\/08\/Copy-of-JVaishar_West-Bohemia-Tour-2025_7VAI4806-400x267.webp 400w, https:\/\/d2p6e6u75xmxt8.cloudfront.net\/13\/2025\/08\/Copy-of-JVaishar_West-Bohemia-Tour-2025_7VAI4806-272x182.webp 272w, https:\/\/d2p6e6u75xmxt8.cloudfront.net\/13\/2025\/08\/Copy-of-JVaishar_West-Bohemia-Tour-2025_7VAI4806-1920x1280.webp 1920w\" width=\"1024\" height=\"683\" sizes=\"auto, (min-width: 1200px) 300px, (min-width: 768px) 25vw, 100vw\" alt=\"v-pogacarove-vesmiru-slovensky-talent-o-angazma-v-tymu-uae-emirates\"\/><\/a><\/div>    <div class=\"entry-meta\">\n        <a class=\"label label-secondary post-category\" href=\"https:\/\/www.welovecycling.com\/cs\/category\/silnicni-cyklistika\/\" title=\"Silni\u010dn\u00ed cyklistika\">Silni\u010dn\u00ed cyklistika<\/a>\n    <\/div>\n    <div class=\"entry-details\">\n        <a href=\"https:\/\/www.welovecycling.com\/cs\/2025\/08\/23\/v-pogacarove-vesmiru-slovensky-talent-o-angazma-v-tymu-uae-emirates\/\" class='entry-title-wrapper'>\n            <h3 class=\"entry-title\"><span>V Poga\u010darov\u011b vesm\u00edru. B\u00fdval\u00fd \u010dlen \u010desk\u00e9ho t\u00fdmu o anga\u017em\u00e1 v UAE Emirates<\/span><\/h3>\n        <\/a>\n    <\/div>\n    <\/article>\n<\/div>\n<h2><strong>S jak\u00fdmi ambicemi vstoup\u00edte do z\u00e1vodu cross country v Crans Montan\u011b na mistrovstv\u00ed sv\u011bta 14. z\u00e1\u0159\u00ed?<\/strong><\/h2>\n<p>Elitn\u00ed des\u00edtka by byla senza\u010dn\u00ed. Ale konkurence je velik\u00e1, la\u0165ka z\u00e1vod\u011bn\u00ed je vysoko. Je to t\u011b\u017ek\u00fd z\u00e1vod do kopce, ale i technicky dol\u016f. Pro m\u011b bude z\u00e1sadn\u00ed po\u010das\u00ed. Mokro by charakter bitvy hodn\u011b zm\u011bnilo. Kdy\u017e bude sucho, bude mi okruh vyhovovat. Jeli jsme v Crans Montan\u011b minul\u00fd rok na mokru, to bylo hodn\u011b extr\u00e9mn\u00ed. Tehdy t\u0159i dny v kuse pr\u0161elo, hodn\u011b se b\u011bhalo. Ani takov\u00e1 podoba bitvy o duhov\u00fd trikot by mi nevadila. Hlavn\u011b, aby nebylo nic mezi. A\u0165 je bu\u010f sucho, nebo extr\u00e9mn\u00ed mokr\u00e9 podm\u00ednky.<\/p>\n<\/div>\n","protected":false},"excerpt":{"rendered":"<p>\u017divotn\u00edm v\u00edt\u011bzstv\u00edm u\u017e sezonu vy\u0161perkoval. Ve \u010dty\u0159iat\u0159iceti letech Ond\u0159ej Cink oslavil prvn\u00ed triumf kari\u00e9ry v z\u00e1vod\u011b sv\u011btov\u00e9ho poh\u00e1ru horsk\u00fdch kol [&hellip;]<\/p>\n","protected":false},"author":138,"featured_media":30881,"comment_status":"open","ping_status":"open","sticky":false,"template":"","format":"standard","meta":{"footnotes":""},"categories":[11],"tags":[157,126,56,4356,1154,4034,205,4355,4340],"global-categories":[411],"class_list":["post-30880","post","type-post","status-publish","format-standard","has-post-thumbnail","hentry","category-horska-cyklistika","tag-cross-country","tag-cyklistika","tag-horska-cyklistika","tag-maraton","tag-mistrovstvi-sveta","tag-ms-2025","tag-ondrej-cink","tag-svycarsko-2025","tag-uci-mtb-2025","global-categories-cycling"],"yoast_head":"<!-- This site is optimized with the Yoast SEO Premium plugin v25.3 (Yoast SEO v25.9) - https:\/\/yoast.com\/wordpress\/plugins\/seo\/ -->\n<title>Medaile z brutality ve \u0160v\u00fdcarsku? Pro\u010d ne, ned\u011bs\u00ed se Cink | \u0160koda We Love Cycling - \u010cesk\u00e1 republika<\/title>\n<meta name=\"description\" content=\"\u017divotn\u00edm v\u00edt\u011bzstv\u00edm u\u017e sezonu vy\u0161perkoval. Ve \u010dty\u0159iat\u0159iceti letech Ond\u0159ej Cink oslavil prvn\u00ed triumf kari\u00e9ry v z\u00e1vod\u011b sv\u011btov\u00e9ho poh\u00e1ru horsk\u00fdch kol cross country. Do nadch\u00e1zej\u00edc\u00edho mistrovstv\u00ed sv\u011bta tak vstupu pohod\u011b nalad\u011bn\u00fd. Pojede netradi\u010dn\u011b dv\u011b discipl\u00edny. P\u0159edstav\u00ed se toti\u017e i v maratonu. A p\u0159ed z\u00e1vody ve Verbier, respektive Crans Montan\u011b m\u00e1 jasn\u00fd pl\u00e1n. &quot;Chci jet o medaili,&quot; \u0159\u00edk\u00e1 sm\u011brem k maratonsk\u00e9 bitv\u011b, na kterou se nijak speci\u00e1ln\u011b nechystal.\" \/>\n<meta name=\"robots\" content=\"index, follow, max-snippet:-1, max-image-preview:large, max-video-preview:-1\" \/>\n<link rel=\"canonical\" href=\"https:\/\/www.welovecycling.com\/cs\/2025\/09\/03\/medaile-z-brutality-ve-svycarsku-proc-ne-nedesi-se-cink\/\" \/>\n<meta property=\"og:locale\" content=\"cs_CZ\" \/>\n<meta property=\"og:type\" content=\"article\" \/>\n<meta property=\"og:title\" content=\"Medaile z brutality ve \u0160v\u00fdcarsku? Pro\u010d ne, ned\u011bs\u00ed se Cink\" \/>\n<meta property=\"og:description\" content=\"\u017divotn\u00edm v\u00edt\u011bzstv\u00edm u\u017e sezonu vy\u0161perkoval. Ve \u010dty\u0159iat\u0159iceti letech Ond\u0159ej Cink oslavil prvn\u00ed triumf kari\u00e9ry v z\u00e1vod\u011b sv\u011btov\u00e9ho poh\u00e1ru horsk\u00fdch kol cross country. Do nadch\u00e1zej\u00edc\u00edho mistrovstv\u00ed sv\u011bta tak vstupu pohod\u011b nalad\u011bn\u00fd. Pojede netradi\u010dn\u011b dv\u011b discipl\u00edny. P\u0159edstav\u00ed se toti\u017e i v maratonu. A p\u0159ed z\u00e1vody ve Verbier, respektive Crans Montan\u011b m\u00e1 jasn\u00fd pl\u00e1n. &quot;Chci jet o medaili,&quot; \u0159\u00edk\u00e1 sm\u011brem k maratonsk\u00e9 bitv\u011b, na kterou se nijak speci\u00e1ln\u011b nechystal.\" \/>\n<meta property=\"og:url\" content=\"https:\/\/www.welovecycling.com\/cs\/2025\/09\/03\/medaile-z-brutality-ve-svycarsku-proc-ne-nedesi-se-cink\/\" \/>\n<meta property=\"og:site_name\" content=\"\u0160koda We Love Cycling - \u010cesk\u00e1 republika\" \/>\n<meta property=\"article:published_time\" content=\"2025-09-03T12:31:12+00:00\" \/>\n<meta property=\"article:modified_time\" content=\"2025-09-03T12:32:42+00:00\" \/>\n<meta property=\"og:image\" content=\"https:\/\/d2p6e6u75xmxt8.cloudfront.net\/13\/2025\/09\/profimedia-1032558459.webp\" \/>\n\t<meta property=\"og:image:width\" content=\"1800\" \/>\n\t<meta property=\"og:image:height\" content=\"1200\" \/>\n\t<meta property=\"og:image:type\" content=\"image\/webp\" \/>\n<meta name=\"author\" content=\"radekmalina\" \/>\n<meta name=\"twitter:card\" content=\"summary_large_image\" \/>\n<meta name=\"twitter:label1\" content=\"Written by\" \/>\n\t<meta name=\"twitter:data1\" content=\"We Love Cycling\" \/>\n\t<meta name=\"twitter:label2\" content=\"Est. reading time\" \/>\n\t<meta name=\"twitter:data2\" content=\"5\" \/>\n<script type=\"application\/ld+json\" class=\"yoast-schema-graph\">{\"@context\":\"https:\/\/schema.org\",\"@graph\":[{\"@type\":\"WebPage\",\"@id\":\"https:\/\/www.welovecycling.com\/cs\/2025\/09\/03\/medaile-z-brutality-ve-svycarsku-proc-ne-nedesi-se-cink\/\",\"url\":\"https:\/\/www.welovecycling.com\/cs\/2025\/09\/03\/medaile-z-brutality-ve-svycarsku-proc-ne-nedesi-se-cink\/\",\"name\":\"Medaile z brutality ve \u0160v\u00fdcarsku? Pro\u010d ne, ned\u011bs\u00ed se Cink | \u0160koda We Love Cycling - \u010cesk\u00e1 republika\",\"isPartOf\":{\"@id\":\"https:\/\/www.welovecycling.com\/cs\/#website\"},\"primaryImageOfPage\":{\"@id\":\"https:\/\/www.welovecycling.com\/cs\/2025\/09\/03\/medaile-z-brutality-ve-svycarsku-proc-ne-nedesi-se-cink\/#primaryimage\"},\"image\":{\"@id\":\"https:\/\/www.welovecycling.com\/cs\/2025\/09\/03\/medaile-z-brutality-ve-svycarsku-proc-ne-nedesi-se-cink\/#primaryimage\"},\"thumbnailUrl\":\"https:\/\/d2p6e6u75xmxt8.cloudfront.net\/13\/2025\/09\/profimedia-1032558459.webp\",\"datePublished\":\"2025-09-03T12:31:12+00:00\",\"dateModified\":\"2025-09-03T12:32:42+00:00\",\"author\":{\"@id\":\"https:\/\/www.welovecycling.com\/cs\/#\/schema\/person\/d9eeb0a378f3a7e4a6d12d2b536b04b8\"},\"description\":\"\u017divotn\u00edm v\u00edt\u011bzstv\u00edm u\u017e sezonu vy\u0161perkoval. Ve \u010dty\u0159iat\u0159iceti letech Ond\u0159ej Cink oslavil prvn\u00ed triumf kari\u00e9ry v z\u00e1vod\u011b sv\u011btov\u00e9ho poh\u00e1ru horsk\u00fdch kol cross country. Do nadch\u00e1zej\u00edc\u00edho mistrovstv\u00ed sv\u011bta tak vstupu pohod\u011b nalad\u011bn\u00fd. Pojede netradi\u010dn\u011b dv\u011b discipl\u00edny. P\u0159edstav\u00ed se toti\u017e i v maratonu. A p\u0159ed z\u00e1vody ve Verbier, respektive Crans Montan\u011b m\u00e1 jasn\u00fd pl\u00e1n. \\\"Chci jet o medaili,\\\" \u0159\u00edk\u00e1 sm\u011brem k maratonsk\u00e9 bitv\u011b, na kterou se nijak speci\u00e1ln\u011b nechystal.\",\"inLanguage\":\"cs\",\"potentialAction\":[{\"@type\":\"ReadAction\",\"target\":[\"https:\/\/www.welovecycling.com\/cs\/2025\/09\/03\/medaile-z-brutality-ve-svycarsku-proc-ne-nedesi-se-cink\/\"]}]},{\"@type\":\"ImageObject\",\"inLanguage\":\"cs\",\"@id\":\"https:\/\/www.welovecycling.com\/cs\/2025\/09\/03\/medaile-z-brutality-ve-svycarsku-proc-ne-nedesi-se-cink\/#primaryimage\",\"url\":\"https:\/\/d2p6e6u75xmxt8.cloudfront.net\/13\/2025\/09\/profimedia-1032558459.webp\",\"contentUrl\":\"https:\/\/d2p6e6u75xmxt8.cloudfront.net\/13\/2025\/09\/profimedia-1032558459.webp\",\"width\":1800,\"height\":1200,\"caption\":\"Ond\u0159ej Cink v Les Gets\"},{\"@type\":\"WebSite\",\"@id\":\"https:\/\/www.welovecycling.com\/cs\/#website\",\"url\":\"https:\/\/www.welovecycling.com\/cs\/\",\"name\":\"\u0160koda We Love Cycling - \u010cesk\u00e1 republika\",\"description\":\"WeLoveCycling.cz je online magaz\u00edn, kter\u00fd v\u00e1m pravideln\u011b p\u0159in\u00e1\u0161\u00ed rady a tipy, zaj\u00edmav\u00e9 \u010dl\u00e1nky, videa a jedine\u010dn\u00e9 report\u00e1\u017ee ze sv\u011bta cyklistiky.\",\"potentialAction\":[{\"@type\":\"SearchAction\",\"target\":{\"@type\":\"EntryPoint\",\"urlTemplate\":\"https:\/\/www.welovecycling.com\/cs\/?s={search_term_string}\"},\"query-input\":{\"@type\":\"PropertyValueSpecification\",\"valueRequired\":true,\"valueName\":\"search_term_string\"}}],\"inLanguage\":\"cs\"},{\"@type\":\"Person\",\"@id\":\"https:\/\/www.welovecycling.com\/cs\/#\/schema\/person\/d9eeb0a378f3a7e4a6d12d2b536b04b8\",\"name\":\"radekmalina\",\"image\":{\"@type\":\"ImageObject\",\"inLanguage\":\"cs\",\"@id\":\"https:\/\/www.welovecycling.com\/cs\/#\/schema\/person\/image\/\",\"url\":\"https:\/\/secure.gravatar.com\/avatar\/66994b632cb8c39a46b9f54afa3ae07201b678d32a54275b6f1c9ffec356bfc0?s=96&d=mm&r=g\",\"contentUrl\":\"https:\/\/secure.gravatar.com\/avatar\/66994b632cb8c39a46b9f54afa3ae07201b678d32a54275b6f1c9ffec356bfc0?s=96&d=mm&r=g\",\"caption\":\"radekmalina\"},\"url\":\"https:\/\/www.welovecycling.com\/cs\/author\/radekmalina\/\"}]}<\/script>\n<!-- \/ Yoast SEO Premium plugin. -->","yoast_head_json":{"title":"Medaile z brutality ve \u0160v\u00fdcarsku? Pro\u010d ne, ned\u011bs\u00ed se Cink | \u0160koda We Love Cycling - \u010cesk\u00e1 republika","description":"\u017divotn\u00edm v\u00edt\u011bzstv\u00edm u\u017e sezonu vy\u0161perkoval. Ve \u010dty\u0159iat\u0159iceti letech Ond\u0159ej Cink oslavil prvn\u00ed triumf kari\u00e9ry v z\u00e1vod\u011b sv\u011btov\u00e9ho poh\u00e1ru horsk\u00fdch kol cross country. Do nadch\u00e1zej\u00edc\u00edho mistrovstv\u00ed sv\u011bta tak vstupu pohod\u011b nalad\u011bn\u00fd. Pojede netradi\u010dn\u011b dv\u011b discipl\u00edny. P\u0159edstav\u00ed se toti\u017e i v maratonu. A p\u0159ed z\u00e1vody ve Verbier, respektive Crans Montan\u011b m\u00e1 jasn\u00fd pl\u00e1n. \"Chci jet o medaili,\" \u0159\u00edk\u00e1 sm\u011brem k maratonsk\u00e9 bitv\u011b, na kterou se nijak speci\u00e1ln\u011b nechystal.","robots":{"index":"index","follow":"follow","max-snippet":"max-snippet:-1","max-image-preview":"max-image-preview:large","max-video-preview":"max-video-preview:-1"},"canonical":"https:\/\/www.welovecycling.com\/cs\/2025\/09\/03\/medaile-z-brutality-ve-svycarsku-proc-ne-nedesi-se-cink\/","og_locale":"cs_CZ","og_type":"article","og_title":"Medaile z brutality ve \u0160v\u00fdcarsku? Pro\u010d ne, ned\u011bs\u00ed se Cink","og_description":"\u017divotn\u00edm v\u00edt\u011bzstv\u00edm u\u017e sezonu vy\u0161perkoval. Ve \u010dty\u0159iat\u0159iceti letech Ond\u0159ej Cink oslavil prvn\u00ed triumf kari\u00e9ry v z\u00e1vod\u011b sv\u011btov\u00e9ho poh\u00e1ru horsk\u00fdch kol cross country. Do nadch\u00e1zej\u00edc\u00edho mistrovstv\u00ed sv\u011bta tak vstupu pohod\u011b nalad\u011bn\u00fd. Pojede netradi\u010dn\u011b dv\u011b discipl\u00edny. P\u0159edstav\u00ed se toti\u017e i v maratonu. A p\u0159ed z\u00e1vody ve Verbier, respektive Crans Montan\u011b m\u00e1 jasn\u00fd pl\u00e1n. \"Chci jet o medaili,\" \u0159\u00edk\u00e1 sm\u011brem k maratonsk\u00e9 bitv\u011b, na kterou se nijak speci\u00e1ln\u011b nechystal.","og_url":"https:\/\/www.welovecycling.com\/cs\/2025\/09\/03\/medaile-z-brutality-ve-svycarsku-proc-ne-nedesi-se-cink\/","og_site_name":"\u0160koda We Love Cycling - \u010cesk\u00e1 republika","article_published_time":"2025-09-03T12:31:12+00:00","article_modified_time":"2025-09-03T12:32:42+00:00","og_image":[{"width":1800,"height":1200,"url":"https:\/\/d2p6e6u75xmxt8.cloudfront.net\/13\/2025\/09\/profimedia-1032558459.webp","type":"image\/webp"}],"author":"radekmalina","twitter_card":"summary_large_image","twitter_misc":{"Written by":"We Love Cycling","Est. reading time":"5"},"schema":{"@context":"https:\/\/schema.org","@graph":[{"@type":"WebPage","@id":"https:\/\/www.welovecycling.com\/cs\/2025\/09\/03\/medaile-z-brutality-ve-svycarsku-proc-ne-nedesi-se-cink\/","url":"https:\/\/www.welovecycling.com\/cs\/2025\/09\/03\/medaile-z-brutality-ve-svycarsku-proc-ne-nedesi-se-cink\/","name":"Medaile z brutality ve \u0160v\u00fdcarsku? Pro\u010d ne, ned\u011bs\u00ed se Cink | \u0160koda We Love Cycling - \u010cesk\u00e1 republika","isPartOf":{"@id":"https:\/\/www.welovecycling.com\/cs\/#website"},"primaryImageOfPage":{"@id":"https:\/\/www.welovecycling.com\/cs\/2025\/09\/03\/medaile-z-brutality-ve-svycarsku-proc-ne-nedesi-se-cink\/#primaryimage"},"image":{"@id":"https:\/\/www.welovecycling.com\/cs\/2025\/09\/03\/medaile-z-brutality-ve-svycarsku-proc-ne-nedesi-se-cink\/#primaryimage"},"thumbnailUrl":"https:\/\/d2p6e6u75xmxt8.cloudfront.net\/13\/2025\/09\/profimedia-1032558459.webp","datePublished":"2025-09-03T12:31:12+00:00","dateModified":"2025-09-03T12:32:42+00:00","author":{"@id":"https:\/\/www.welovecycling.com\/cs\/#\/schema\/person\/d9eeb0a378f3a7e4a6d12d2b536b04b8"},"description":"\u017divotn\u00edm v\u00edt\u011bzstv\u00edm u\u017e sezonu vy\u0161perkoval. Ve \u010dty\u0159iat\u0159iceti letech Ond\u0159ej Cink oslavil prvn\u00ed triumf kari\u00e9ry v z\u00e1vod\u011b sv\u011btov\u00e9ho poh\u00e1ru horsk\u00fdch kol cross country. Do nadch\u00e1zej\u00edc\u00edho mistrovstv\u00ed sv\u011bta tak vstupu pohod\u011b nalad\u011bn\u00fd. Pojede netradi\u010dn\u011b dv\u011b discipl\u00edny. P\u0159edstav\u00ed se toti\u017e i v maratonu. A p\u0159ed z\u00e1vody ve Verbier, respektive Crans Montan\u011b m\u00e1 jasn\u00fd pl\u00e1n. \"Chci jet o medaili,\" \u0159\u00edk\u00e1 sm\u011brem k maratonsk\u00e9 bitv\u011b, na kterou se nijak speci\u00e1ln\u011b nechystal.","inLanguage":"cs","potentialAction":[{"@type":"ReadAction","target":["https:\/\/www.welovecycling.com\/cs\/2025\/09\/03\/medaile-z-brutality-ve-svycarsku-proc-ne-nedesi-se-cink\/"]}]},{"@type":"ImageObject","inLanguage":"cs","@id":"https:\/\/www.welovecycling.com\/cs\/2025\/09\/03\/medaile-z-brutality-ve-svycarsku-proc-ne-nedesi-se-cink\/#primaryimage","url":"https:\/\/d2p6e6u75xmxt8.cloudfront.net\/13\/2025\/09\/profimedia-1032558459.webp","contentUrl":"https:\/\/d2p6e6u75xmxt8.cloudfront.net\/13\/2025\/09\/profimedia-1032558459.webp","width":1800,"height":1200,"caption":"Ond\u0159ej Cink v Les Gets"},{"@type":"WebSite","@id":"https:\/\/www.welovecycling.com\/cs\/#website","url":"https:\/\/www.welovecycling.com\/cs\/","name":"\u0160koda We Love Cycling - \u010cesk\u00e1 republika","description":"WeLoveCycling.cz je online magaz\u00edn, kter\u00fd v\u00e1m pravideln\u011b p\u0159in\u00e1\u0161\u00ed rady a tipy, zaj\u00edmav\u00e9 \u010dl\u00e1nky, videa a jedine\u010dn\u00e9 report\u00e1\u017ee ze sv\u011bta cyklistiky.","potentialAction":[{"@type":"SearchAction","target":{"@type":"EntryPoint","urlTemplate":"https:\/\/www.welovecycling.com\/cs\/?s={search_term_string}"},"query-input":{"@type":"PropertyValueSpecification","valueRequired":true,"valueName":"search_term_string"}}],"inLanguage":"cs"},{"@type":"Person","@id":"https:\/\/www.welovecycling.com\/cs\/#\/schema\/person\/d9eeb0a378f3a7e4a6d12d2b536b04b8","name":"radekmalina","image":{"@type":"ImageObject","inLanguage":"cs","@id":"https:\/\/www.welovecycling.com\/cs\/#\/schema\/person\/image\/","url":"https:\/\/secure.gravatar.com\/avatar\/66994b632cb8c39a46b9f54afa3ae07201b678d32a54275b6f1c9ffec356bfc0?s=96&d=mm&r=g","contentUrl":"https:\/\/secure.gravatar.com\/avatar\/66994b632cb8c39a46b9f54afa3ae07201b678d32a54275b6f1c9ffec356bfc0?s=96&d=mm&r=g","caption":"radekmalina"},"url":"https:\/\/www.welovecycling.com\/cs\/author\/radekmalina\/"}]}},"_links":{"self":[{"href":"https:\/\/www.welovecycling.com\/cs\/wp-json\/wp\/v2\/posts\/30880","targetHints":{"allow":["GET"]}}],"collection":[{"href":"https:\/\/www.welovecycling.com\/cs\/wp-json\/wp\/v2\/posts"}],"about":[{"href":"https:\/\/www.welovecycling.com\/cs\/wp-json\/wp\/v2\/types\/post"}],"author":[{"embeddable":true,"href":"https:\/\/www.welovecycling.com\/cs\/wp-json\/wp\/v2\/users\/138"}],"replies":[{"embeddable":true,"href":"https:\/\/www.welovecycling.com\/cs\/wp-json\/wp\/v2\/comments?post=30880"}],"version-history":[{"count":5,"href":"https:\/\/www.welovecycling.com\/cs\/wp-json\/wp\/v2\/posts\/30880\/revisions"}],"predecessor-version":[{"id":30886,"href":"https:\/\/www.welovecycling.com\/cs\/wp-json\/wp\/v2\/posts\/30880\/revisions\/30886"}],"wp:featuredmedia":[{"embeddable":true,"href":"https:\/\/www.welovecycling.com\/cs\/wp-json\/wp\/v2\/media\/30881"}],"wp:attachment":[{"href":"https:\/\/www.welovecycling.com\/cs\/wp-json\/wp\/v2\/media?parent=30880"}],"wp:term":[{"taxonomy":"category","embeddable":true,"href":"https:\/\/www.welovecycling.com\/cs\/wp-json\/wp\/v2\/categories?post=30880"},{"taxonomy":"post_tag","embeddable":true,"href":"https:\/\/www.welovecycling.com\/cs\/wp-json\/wp\/v2\/tags?post=30880"},{"taxonomy":"global-categories","embeddable":true,"href":"https:\/\/www.welovecycling.com\/cs\/wp-json\/wp\/v2\/global-categories?post=30880"}],"curies":[{"name":"wp","href":"https:\/\/api.w.org\/{rel}","templated":true}]}}