{"id":30857,"date":"2025-09-01T22:41:01","date_gmt":"2025-09-01T20:41:01","guid":{"rendered":"https:\/\/www.welovecycling.com\/cs\/?p=30857"},"modified":"2025-09-01T22:50:32","modified_gmt":"2025-09-01T20:50:32","slug":"ayuso-se-vzbouril-a-dostal-padaka-odmital-slouzit","status":"publish","type":"post","link":"https:\/\/www.welovecycling.com\/cs\/2025\/09\/01\/ayuso-se-vzbouril-a-dostal-padaka-odmital-slouzit\/","title":{"rendered":"Ayuso se vzbou\u0159il a dostal pad\u00e1ka. Odm\u00edtal poslu\u0161nost"},"content":{"rendered":"<p><strong>Juan Ayuso, jeden z nejtalentovan\u011bj\u0161\u00edch z\u00e1vodn\u00edk\u016f v silni\u010dn\u00edm pelotonu, dostal v t\u00fdmu UAE Emirates XRG pad\u00e1ka. B\u011bhem voln\u00e9ho dne nej\u00fasp\u011b\u0161n\u011bj\u0161\u00ed t\u00fdm sou\u010dasnosti ozn\u00e1mil, \u017ee p\u016fvodn\u00ed kontrakt platn\u00fd do konce roku 2028 bude ukon\u010den letos v prosinci.<\/strong><\/p>\n<p>&#8222;Zjistili jsme, \u017ee m\u00e1me rozd\u00edln\u00e9 vize ohledn\u011b tr\u00e9ninku a filozofie veden\u00ed t\u00fdmu. Jde o nejlep\u0161\u00ed rozhodnut\u00ed v z\u00e1jmu obou stran,&#8220; uvedl Mauro Gianetti, gener\u00e1ln\u00ed \u0159editel UAE Emirates XRG.<\/p>\n<h2><strong>Juan Ayuso odm\u00edtal plnit roli domestika<\/strong><\/h2>\n<p>Jde o diplomatick\u00e9 vyj\u00e1d\u0159en\u00ed skute\u010dnosti, \u017ee Juan Ayuso odm\u00edt\u00e1 poslu\u0161nost. Rozbu\u0161kou p\u0159itom nebyly etapy p\u0159edch\u00e1zej\u00edc\u00ed prvn\u00edmu voln\u00e9mu dni jubilejn\u00edho <a href=\"https:\/\/www.welovecycling.com\/cs\/2025\/08\/29\/od-rakoviny-k-dresu-lidra-vuelty\/\">osmdes\u00e1t\u00e9ho ro\u010dn\u00edku Vuelty<\/a>. Dvaadvacetilet\u00fd \u0160pan\u011bl nejprve vyhr\u00e1l sedmou etapu, aby n\u00e1sledn\u011b odm\u00edtl pomoci l\u00eddrovi Almeidovi kv\u016fli \u00fadajn\u00e9mu vy\u010derp\u00e1n\u00ed. Zdroj pot\u00ed\u017e\u00ed je mnohem hlub\u0161\u00ed&#8230;<\/p>\n<figure id=\"attachment_30859\" aria-describedby=\"caption-attachment-30859\" style=\"width: 1920px\" class=\"wp-caption alignnone\"><a href=\"https:\/\/d2p6e6u75xmxt8.cloudfront.net\/13\/2025\/09\/20250829LV4004-scaled.webp\"><img loading=\"lazy\" decoding=\"async\" class=\"size-extra-large wp-image-30859\" src=\"https:\/\/d2p6e6u75xmxt8.cloudfront.net\/13\/2025\/09\/20250829LV4004-1920x1280.webp\" alt=\"\" width=\"1920\" height=\"1280\" srcset=\"https:\/\/d2p6e6u75xmxt8.cloudfront.net\/13\/2025\/09\/20250829LV4004-1920x1280.webp 1920w, https:\/\/d2p6e6u75xmxt8.cloudfront.net\/13\/2025\/09\/20250829LV4004-300x200.webp 300w, https:\/\/d2p6e6u75xmxt8.cloudfront.net\/13\/2025\/09\/20250829LV4004-1024x683.webp 1024w, https:\/\/d2p6e6u75xmxt8.cloudfront.net\/13\/2025\/09\/20250829LV4004-768x512.webp 768w, https:\/\/d2p6e6u75xmxt8.cloudfront.net\/13\/2025\/09\/20250829LV4004-1536x1024.webp 1536w, https:\/\/d2p6e6u75xmxt8.cloudfront.net\/13\/2025\/09\/20250829LV4004-2048x1365.webp 2048w, https:\/\/d2p6e6u75xmxt8.cloudfront.net\/13\/2025\/09\/20250829LV4004-400x267.webp 400w, https:\/\/d2p6e6u75xmxt8.cloudfront.net\/13\/2025\/09\/20250829LV4004-272x182.webp 272w, https:\/\/d2p6e6u75xmxt8.cloudfront.net\/13\/2025\/09\/20250829LV4004-1920x1280.webp 1920w\" sizes=\"auto, (max-width: 1920px) 100vw, 1920px\" \/><\/a><figcaption id=\"caption-attachment-30859\" class=\"wp-caption-text\"><em>Juan Ayuso se u\u017e mnoha ob\u011bt\u00ed v t\u00fdmu UAE Emirates XRG nedo\u010dk\u00e1.<\/em><\/figcaption><\/figure>\n<p>Juan Ayuso plat\u00ed za obrovsk\u00fd klenot. V\u0161ak si jej v UAE Emirates vyt\u00e1hli v jeho pouh\u00fdch osmn\u00e1cti letech z kontinent\u00e1ln\u00edho t\u00fdmu Colpack Ballan v \u010dervnu 2021 a podepsali kontrakt do konce sezony 2028. \u0160lo o jeden z prvn\u00edch dlouholet\u00fdch kontrakt\u016f v pelotonu, kde se t\u0159\u00edlet\u00e1 \u010di \u010dty\u0159let\u00e1 smlouva pova\u017euje za vz\u00e1cnost.<\/p>\n<p>P\u0159i debutu na Vuelt\u011b na podzim 2022 vybojoval senza\u010dn\u00ed t\u0159et\u00ed m\u00edsto. O rok pozd\u011bji byl tamt\u00e9\u017e \u010dtvrt\u00fd v absolutn\u00edm po\u0159ad\u00ed a ovl\u00e1dl sout\u011b\u017e o b\u00edl\u00fd trikot pro nejlep\u0161\u00edho mlad\u00edka. Juan Ayuso vyhr\u00e1l etapy na Kolem \u0160v\u00fdcarska, Kolem Romandie \u010di na Tirreno-Adriatico, p\u0159idal celkov\u00fd triumf Kolem Baskicka.<\/p>\n<div class=\"shortcode-ys-post-pinup\"><article class=\"loop-simple post-30755 post type-post status-publish format-standard has-post-thumbnail hentry category-silnicni-cyklistika tag-cyklistika tag-giro-ditalia tag-la-vuelta-2025 tag-silnicni-cyklistika tag-sprinter tag-tour-de-france tag-vuelta global-categories-cycling\" data-postid=\"30755\" role=\"article\" data-post-id=\"30755\" data-word-count=\"571\" data-headline-length=\"33\" data-category=\"Silni\u010dn\u00ed cyklistika\" data-global-category=\"Cycling\" data-author=\"Radek Malina\" data-published=\"2025-08-25T06:03:04+02:00\" data-published-day=\"Monday\">\n    <div class=\"entry-thumbnail article-thumbnail\" content=\"https:\/\/d2p6e6u75xmxt8.cloudfront.net\/13\/2025\/07\/20250724TDF2060-150x150.webp\"><a href=\"https:\/\/www.welovecycling.com\/cs\/2025\/08\/25\/sprinter-jako-ohrozena-profese\/\" class=\"image-holder\" target=\"_self\"><img decoding=\"async\" loading=\"lazy\" class=\"\" src=\"https:\/\/d2p6e6u75xmxt8.cloudfront.net\/13\/2025\/07\/20250724TDF2060-1024x683.webp\" srcset=\"https:\/\/d2p6e6u75xmxt8.cloudfront.net\/13\/2025\/07\/20250724TDF2060-scaled.webp 2560w, https:\/\/d2p6e6u75xmxt8.cloudfront.net\/13\/2025\/07\/20250724TDF2060-300x200.webp 300w, https:\/\/d2p6e6u75xmxt8.cloudfront.net\/13\/2025\/07\/20250724TDF2060-1024x683.webp 1024w, https:\/\/d2p6e6u75xmxt8.cloudfront.net\/13\/2025\/07\/20250724TDF2060-768x512.webp 768w, https:\/\/d2p6e6u75xmxt8.cloudfront.net\/13\/2025\/07\/20250724TDF2060-1536x1024.webp 1536w, https:\/\/d2p6e6u75xmxt8.cloudfront.net\/13\/2025\/07\/20250724TDF2060-2048x1365.webp 2048w, https:\/\/d2p6e6u75xmxt8.cloudfront.net\/13\/2025\/07\/20250724TDF2060-1920x1280.webp 1920w, https:\/\/d2p6e6u75xmxt8.cloudfront.net\/13\/2025\/07\/20250724TDF2060-400x267.webp 400w, https:\/\/d2p6e6u75xmxt8.cloudfront.net\/13\/2025\/07\/20250724TDF2060-272x182.webp 272w, https:\/\/d2p6e6u75xmxt8.cloudfront.net\/13\/2025\/07\/20250724TDF2060-1920x1280.webp 1920w\" width=\"1024\" height=\"683\" sizes=\"auto, (min-width: 1200px) 300px, (min-width: 768px) 25vw, 100vw\" alt=\"sprinter-jako-ohrozena-profese\"\/><\/a><\/div>    <div class=\"entry-meta\">\n        <a class=\"label label-secondary post-category\" href=\"https:\/\/www.welovecycling.com\/cs\/category\/silnicni-cyklistika\/\" title=\"Silni\u010dn\u00ed cyklistika\">Silni\u010dn\u00ed cyklistika<\/a>\n    <\/div>\n    <div class=\"entry-details\">\n        <a href=\"https:\/\/www.welovecycling.com\/cs\/2025\/08\/25\/sprinter-jako-ohrozena-profese\/\" class='entry-title-wrapper'>\n            <h3 class=\"entry-title\"><span>Sprinter jako ohro\u017een\u00e1 profese?<\/span><\/h3>\n        <\/a>\n    <\/div>\n    <\/article>\n<\/div>\n<p>Nominace na Tour de France 2024 v\u0161ak nastartovala cestu, na jej\u00edm\u017e konci \u010dekalo vypov\u011bzen\u00ed kontraktu. Mlad\u00fd \u0160pan\u011bl odm\u00edtl b\u00fdt jen v\u011brn\u00fdm domestikem Tadeje Poga\u010dara. Sebev\u011bdom\u00ed rod\u00e1ka z Barcelony trp\u011blo pod na\u0159\u00edzen\u00edm, \u017ee je pouh\u00fdm pomocn\u00edkem Slovince. P\u0159i v\u00fdstupu na Galibier dokonce odm\u00edtl poslu\u0161nost a umrav\u0148ovat jej musel Joao Almeida. Kdy\u017e ve t\u0159in\u00e1ct\u00e9 etap\u011b \u0160pan\u011bl odstoupil ze zdravotn\u00edch d\u016fvod\u016f, jednalo se o vysvobozen\u00ed pro cel\u00fd t\u00fdm.<\/p>\n<p>Do prob\u00edhaj\u00edc\u00ed sezony vstoupil fenomen\u00e1ln\u011b. Vyhr\u00e1l celkov\u011b Tirreno-Adriatico, p\u0159idal etapov\u00fd triumf a druh\u00e9 m\u00edsto v kone\u010dn\u00e9m po\u0159ad\u00ed Kolem Katal\u00e1nska. Jen\u017ee pro Giro zase nedostal stoprocentn\u00ed d\u016fv\u011bru jako l\u00eddr. Musel se o pozici d\u011blit s mladi\u010dk\u00fdm Isaacem del Torem. A kdy\u017e m\u011bl Mexi\u010dan minim\u00e1ln\u011b stejn\u011b dobr\u00e9 nohy a dostal p\u0159ednost, \u0160pan\u011bl sbalil kufrty.<\/p>\n<p>P\u0159ed Vueltou v\u0161ichni s nap\u011bt\u00edm sledovali, jak se srovn\u00e1 s d\u011blenou pozic\u00ed l\u00eddra po boku Portugalce Almeidy. Nedopadlo to dob\u0159e&#8230; Dvaadvacetiminutov\u00e1 ztr\u00e1ta, ostentativn\u011b dva dny po v\u00edt\u011bzn\u00e9 etap\u011b, deklarovala neochotu pomoci kolegovi.<\/p>\n<p>&#8222;N\u00e1\u0161 sportovn\u00ed projekt se v\u017edy zam\u011b\u0159oval na kontinuitu, harmonii skupiny a budov\u00e1n\u00ed v\u00edt\u011bzn\u00e9ho t\u00fdmu. Identita a s\u00edla t\u00fdmu z\u016fstanou na\u0161\u00edm z\u00e1kladem,&#8220; prohl\u00e1sil v\u00fdmluvn\u011b Mauro Gianetti.<\/p>\n<h2><strong>M\u00e1 jedine\u010dn\u00e9 sebev\u011bdom\u00ed<\/strong><\/h2>\n<p>Z\u00e1stupce generace Z potvrzuje krom\u011b v\u00fdjime\u010dn\u00fdch cyklistick\u00fdch schopnost\u00ed i neb\u00fdval\u00e9 sebev\u011bdom\u00ed. U\u017e v p\u0159edstihu avizoval, \u017ee Vueltu jet nechce a hodl\u00e1 se zam\u011b\u0159it na mistrovstv\u00ed sv\u011bta. Kdy\u017e Tadej Poga\u010dar kv\u016fli \u00fanav\u011b po Tour de France vy\u0159adil \u0161pan\u011blskou Grand Tour z programu a veden\u00ed UAE Emirates XRG povolalo Ayusa, mlad\u00fd Katal\u00e1nec nijak netajil nechu\u0165 do z\u00e1vodu nastoupit.<\/p>\n<figure id=\"attachment_30858\" aria-describedby=\"caption-attachment-30858\" style=\"width: 1280px\" class=\"wp-caption alignnone\"><a href=\"https:\/\/d2p6e6u75xmxt8.cloudfront.net\/13\/2025\/09\/20250830LV1027-scaled.webp\"><img loading=\"lazy\" decoding=\"async\" class=\"size-extra-large wp-image-30858\" src=\"https:\/\/d2p6e6u75xmxt8.cloudfront.net\/13\/2025\/09\/20250830LV1027-1280x1920.webp\" alt=\"\" width=\"1280\" height=\"1920\" srcset=\"https:\/\/d2p6e6u75xmxt8.cloudfront.net\/13\/2025\/09\/20250830LV1027-1280x1920.webp 1280w, https:\/\/d2p6e6u75xmxt8.cloudfront.net\/13\/2025\/09\/20250830LV1027-200x300.webp 200w, https:\/\/d2p6e6u75xmxt8.cloudfront.net\/13\/2025\/09\/20250830LV1027-683x1024.webp 683w, https:\/\/d2p6e6u75xmxt8.cloudfront.net\/13\/2025\/09\/20250830LV1027-768x1152.webp 768w, https:\/\/d2p6e6u75xmxt8.cloudfront.net\/13\/2025\/09\/20250830LV1027-1024x1536.webp 1024w, https:\/\/d2p6e6u75xmxt8.cloudfront.net\/13\/2025\/09\/20250830LV1027-1365x2048.webp 1365w, https:\/\/d2p6e6u75xmxt8.cloudfront.net\/13\/2025\/09\/20250830LV1027-267x400.webp 267w, https:\/\/d2p6e6u75xmxt8.cloudfront.net\/13\/2025\/09\/20250830LV1027-scaled.webp 1707w, https:\/\/d2p6e6u75xmxt8.cloudfront.net\/13\/2025\/09\/20250830LV1027-1280x1920.webp 1280w\" sizes=\"auto, (max-width: 1280px) 100vw, 1280px\" \/><\/a><figcaption id=\"caption-attachment-30858\" class=\"wp-caption-text\"><em>Juan Ayuso se t\u011b\u0161\u00ed na nov\u00e9 anga\u017em\u00e1, kde dostane volnost.<\/em><\/figcaption><\/figure>\n<p>V\u0161ak u\u017e od kv\u011btna najal agenta Giovanni Lombardiho, jen\u017e \u00fadajn\u011b dostal za \u00fakol naj\u00edt jin\u00e9 anga\u017em\u00e1, kde dostane Juan Ayuso p\u0159\u00edle\u017eitost vyniknout.<\/p>\n<p>&#8222;Je \u010das j\u00edt jinou cestou,&#8220; komentoval Juan Ayuso ozn\u00e1men\u00ed o ukon\u010den\u00ed dlouholet\u00e9ho kontraktu s UAE Emirates XRG. Kam povedou jeho dal\u0161\u00ed kroky?<\/p>\n<div class=\"shortcode-ys-post-pinup\"><article class=\"loop-simple post-30655 post type-post status-publish format-standard has-post-thumbnail hentry category-silnicni-cyklistika tag-cyklistika tag-jonas-vingegaard tag-silnicni-cyklistika tag-vuelta tag-vuelta-2025 tag-zdenek-stybar global-categories-cycling\" data-postid=\"30655\" role=\"article\" data-post-id=\"30655\" data-word-count=\"488\" data-headline-length=\"69\" data-category=\"Silni\u010dn\u00ed cyklistika\" data-global-category=\"Cycling\" data-author=\"We Love Cycling\" data-published=\"2025-08-18T14:41:52+02:00\" data-published-day=\"Monday\">\n    <div class=\"entry-thumbnail article-thumbnail\" content=\"https:\/\/d2p6e6u75xmxt8.cloudfront.net\/13\/2024\/07\/1800-x-1200-velky-150x150.webp\"><a href=\"https:\/\/www.welovecycling.com\/cs\/2025\/08\/18\/dva-lidri-davaji-logiku-ale-jonas-vingegaard-bude-neporazitelny\/\" class=\"image-holder\" target=\"_self\"><img decoding=\"async\" loading=\"lazy\" class=\"\" src=\"https:\/\/d2p6e6u75xmxt8.cloudfront.net\/13\/2024\/07\/1800-x-1200-velky-1024x683.webp\" srcset=\"https:\/\/d2p6e6u75xmxt8.cloudfront.net\/13\/2024\/07\/1800-x-1200-velky.webp 1800w, https:\/\/d2p6e6u75xmxt8.cloudfront.net\/13\/2024\/07\/1800-x-1200-velky-300x200.webp 300w, https:\/\/d2p6e6u75xmxt8.cloudfront.net\/13\/2024\/07\/1800-x-1200-velky-1024x683.webp 1024w, https:\/\/d2p6e6u75xmxt8.cloudfront.net\/13\/2024\/07\/1800-x-1200-velky-768x512.webp 768w, https:\/\/d2p6e6u75xmxt8.cloudfront.net\/13\/2024\/07\/1800-x-1200-velky-1536x1024.webp 1536w, https:\/\/d2p6e6u75xmxt8.cloudfront.net\/13\/2024\/07\/1800-x-1200-velky-400x267.webp 400w, https:\/\/d2p6e6u75xmxt8.cloudfront.net\/13\/2024\/07\/1800-x-1200-velky-272x182.webp 272w\" width=\"1024\" height=\"683\" sizes=\"auto, (min-width: 1200px) 300px, (min-width: 768px) 25vw, 100vw\" alt=\"dva-lidri-davaji-logiku-ale-jonas-vingegaard-bude-neporazitelny\"\/><\/a><\/div>    <div class=\"entry-meta\">\n        <a class=\"label label-secondary post-category\" href=\"https:\/\/www.welovecycling.com\/cs\/category\/silnicni-cyklistika\/\" title=\"Silni\u010dn\u00ed cyklistika\">Silni\u010dn\u00ed cyklistika<\/a>\n    <\/div>\n    <div class=\"entry-details\">\n        <a href=\"https:\/\/www.welovecycling.com\/cs\/2025\/08\/18\/dva-lidri-davaji-logiku-ale-jonas-vingegaard-bude-neporazitelny\/\" class='entry-title-wrapper'>\n            <h3 class=\"entry-title\"><span>Dva l\u00edd\u0159i d\u00e1vaj\u00ed logiku, ale Jonas Vingegaard bude neporaziteln\u00fd<\/span><\/h3>\n        <\/a>\n    <\/div>\n    <\/article>\n<\/div>\n<p>Podle v\u0161ech indici\u00ed se Juan Ayuso stane t\u00fdmov\u00fdm kolegou \u010desk\u00e9ho cyklisty Mathiase Vacek. \u00dadajn\u011b m\u00e1 nam\u00ed\u0159eno jako l\u00eddr pro z\u00e1vody na celkov\u00e9 po\u0159ad\u00ed do formace Lidl-Trek. Americk\u00e1 sestava rozhodn\u011b disponuje dostate\u010dnou ekonomickou silou, aby si v\u00fdjime\u010dn\u011b talentovan\u00e9ho z\u00e1vodn\u00edka mohla dovolit. A pro sv\u011bt cyklistiky jde o skv\u011blou zpr\u00e1vu, proto\u017ee bitvy na velk\u00fdch z\u00e1vodech dostanou dal\u0161\u00ed v\u00fdjime\u010dn\u00fd n\u00e1boj. \u0160pan\u011bl rozhodn\u011b m\u016f\u017ee konkurovat Evenepoelovi, Rogli\u010dovi, Vingegaardovi, Poga\u010darovi, kdy\u017e bude m\u00edt volnou ruku&#8230;<\/p>\n<p><em>Foto: A.S.O.\/Unipublic\/Rafa G\u00f3mez a Antonio Baixauli\/Sprint Cycling Agency<\/em><\/p>\n","protected":false},"excerpt":{"rendered":"<p>Juan Ayuso, jeden z nejtalentovan\u011bj\u0161\u00edch z\u00e1vodn\u00edk\u016f v silni\u010dn\u00edm pelotonu, dostal v t\u00fdmu UAE Emirates XRG pad\u00e1ka. B\u011bhem voln\u00e9ho dne nej\u00fasp\u011b\u0161n\u011bj\u0161\u00ed [&hellip;]<\/p>\n","protected":false},"author":138,"featured_media":30860,"comment_status":"open","ping_status":"open","sticky":false,"template":"","format":"standard","meta":{"footnotes":""},"categories":[10],"tags":[2476,3365,1205,4194,4329,2477,502,4064],"global-categories":[411],"class_list":["post-30857","post","type-post","status-publish","format-standard","has-post-thumbnail","hentry","category-silnicni-cyklistika","tag-domestik","tag-isaac-del-toro","tag-joao-almeida","tag-juan-ayuso","tag-la-vuelta-2025","tag-lidr","tag-tadej-pogacar","tag-uae-emirates-xrg","global-categories-cycling"],"yoast_head":"<!-- This site is optimized with the Yoast SEO Premium plugin v25.3 (Yoast SEO v25.9) - https:\/\/yoast.com\/wordpress\/plugins\/seo\/ -->\n<title>Ayuso se vzbou\u0159il a dostal pad\u00e1ka. Odm\u00edtal poslu\u0161nost | \u0160koda We Love Cycling - \u010cesk\u00e1 republika<\/title>\n<meta name=\"description\" content=\"Juan Ayuso, jeden z nejtalentovan\u011bj\u0161\u00edch z\u00e1vodn\u00edk\u016f v silni\u010dn\u00edm pelotonu, dostal v t\u00fdmu UAE Emirates XRG pad\u00e1ka. B\u011bhem voln\u00e9ho dne nej\u00fasp\u011b\u0161n\u011bj\u0161\u00ed t\u00fdm sou\u010dasnosti ozn\u00e1mil, \u017ee p\u016fvodn\u00ed kontrakt platn\u00fd do konce roku 2028 bude ukon\u010den letos v prosinci.\" \/>\n<meta name=\"robots\" content=\"index, follow, max-snippet:-1, max-image-preview:large, max-video-preview:-1\" \/>\n<link rel=\"canonical\" href=\"https:\/\/www.welovecycling.com\/cs\/2025\/09\/01\/ayuso-se-vzbouril-a-dostal-padaka-odmital-slouzit\/\" \/>\n<meta property=\"og:locale\" content=\"cs_CZ\" \/>\n<meta property=\"og:type\" content=\"article\" \/>\n<meta property=\"og:title\" content=\"Ayuso se vzbou\u0159il a dostal pad\u00e1ka. Odm\u00edtal poslu\u0161nost\" \/>\n<meta property=\"og:description\" content=\"Juan Ayuso, jeden z nejtalentovan\u011bj\u0161\u00edch z\u00e1vodn\u00edk\u016f v silni\u010dn\u00edm pelotonu, dostal v t\u00fdmu UAE Emirates XRG pad\u00e1ka. B\u011bhem voln\u00e9ho dne nej\u00fasp\u011b\u0161n\u011bj\u0161\u00ed t\u00fdm sou\u010dasnosti ozn\u00e1mil, \u017ee p\u016fvodn\u00ed kontrakt platn\u00fd do konce roku 2028 bude ukon\u010den letos v prosinci.\" \/>\n<meta property=\"og:url\" content=\"https:\/\/www.welovecycling.com\/cs\/2025\/09\/01\/ayuso-se-vzbouril-a-dostal-padaka-odmital-slouzit\/\" \/>\n<meta property=\"og:site_name\" content=\"\u0160koda We Love Cycling - \u010cesk\u00e1 republika\" \/>\n<meta property=\"article:published_time\" content=\"2025-09-01T20:41:01+00:00\" \/>\n<meta property=\"article:modified_time\" content=\"2025-09-01T20:50:32+00:00\" \/>\n<meta property=\"og:image\" content=\"https:\/\/d2p6e6u75xmxt8.cloudfront.net\/13\/2025\/09\/20250829LV4001-scaled.webp\" \/>\n\t<meta property=\"og:image:width\" content=\"2560\" \/>\n\t<meta property=\"og:image:height\" content=\"1707\" \/>\n\t<meta property=\"og:image:type\" content=\"image\/webp\" \/>\n<meta name=\"author\" content=\"radekmalina\" \/>\n<meta name=\"twitter:card\" content=\"summary_large_image\" \/>\n<meta name=\"twitter:label1\" content=\"Written by\" \/>\n\t<meta name=\"twitter:data1\" content=\"We Love Cycling\" \/>\n\t<meta name=\"twitter:label2\" content=\"Est. reading time\" \/>\n\t<meta name=\"twitter:data2\" content=\"4 minuty\" \/>\n<script type=\"application\/ld+json\" class=\"yoast-schema-graph\">{\"@context\":\"https:\/\/schema.org\",\"@graph\":[{\"@type\":\"WebPage\",\"@id\":\"https:\/\/www.welovecycling.com\/cs\/2025\/09\/01\/ayuso-se-vzbouril-a-dostal-padaka-odmital-slouzit\/\",\"url\":\"https:\/\/www.welovecycling.com\/cs\/2025\/09\/01\/ayuso-se-vzbouril-a-dostal-padaka-odmital-slouzit\/\",\"name\":\"Ayuso se vzbou\u0159il a dostal pad\u00e1ka. Odm\u00edtal poslu\u0161nost | \u0160koda We Love Cycling - \u010cesk\u00e1 republika\",\"isPartOf\":{\"@id\":\"https:\/\/www.welovecycling.com\/cs\/#website\"},\"primaryImageOfPage\":{\"@id\":\"https:\/\/www.welovecycling.com\/cs\/2025\/09\/01\/ayuso-se-vzbouril-a-dostal-padaka-odmital-slouzit\/#primaryimage\"},\"image\":{\"@id\":\"https:\/\/www.welovecycling.com\/cs\/2025\/09\/01\/ayuso-se-vzbouril-a-dostal-padaka-odmital-slouzit\/#primaryimage\"},\"thumbnailUrl\":\"https:\/\/d2p6e6u75xmxt8.cloudfront.net\/13\/2025\/09\/20250829LV4001-scaled.webp\",\"datePublished\":\"2025-09-01T20:41:01+00:00\",\"dateModified\":\"2025-09-01T20:50:32+00:00\",\"author\":{\"@id\":\"https:\/\/www.welovecycling.com\/cs\/#\/schema\/person\/d9eeb0a378f3a7e4a6d12d2b536b04b8\"},\"description\":\"Juan Ayuso, jeden z nejtalentovan\u011bj\u0161\u00edch z\u00e1vodn\u00edk\u016f v silni\u010dn\u00edm pelotonu, dostal v t\u00fdmu UAE Emirates XRG pad\u00e1ka. B\u011bhem voln\u00e9ho dne nej\u00fasp\u011b\u0161n\u011bj\u0161\u00ed t\u00fdm sou\u010dasnosti ozn\u00e1mil, \u017ee p\u016fvodn\u00ed kontrakt platn\u00fd do konce roku 2028 bude ukon\u010den letos v prosinci.\",\"inLanguage\":\"cs\",\"potentialAction\":[{\"@type\":\"ReadAction\",\"target\":[\"https:\/\/www.welovecycling.com\/cs\/2025\/09\/01\/ayuso-se-vzbouril-a-dostal-padaka-odmital-slouzit\/\"]}]},{\"@type\":\"ImageObject\",\"inLanguage\":\"cs\",\"@id\":\"https:\/\/www.welovecycling.com\/cs\/2025\/09\/01\/ayuso-se-vzbouril-a-dostal-padaka-odmital-slouzit\/#primaryimage\",\"url\":\"https:\/\/d2p6e6u75xmxt8.cloudfront.net\/13\/2025\/09\/20250829LV4001-scaled.webp\",\"contentUrl\":\"https:\/\/d2p6e6u75xmxt8.cloudfront.net\/13\/2025\/09\/20250829LV4001-scaled.webp\",\"width\":2560,\"height\":1707,\"caption\":\"Juan Ayuso\"},{\"@type\":\"WebSite\",\"@id\":\"https:\/\/www.welovecycling.com\/cs\/#website\",\"url\":\"https:\/\/www.welovecycling.com\/cs\/\",\"name\":\"\u0160koda We Love Cycling - \u010cesk\u00e1 republika\",\"description\":\"WeLoveCycling.cz je online magaz\u00edn, kter\u00fd v\u00e1m pravideln\u011b p\u0159in\u00e1\u0161\u00ed rady a tipy, zaj\u00edmav\u00e9 \u010dl\u00e1nky, videa a jedine\u010dn\u00e9 report\u00e1\u017ee ze sv\u011bta cyklistiky.\",\"potentialAction\":[{\"@type\":\"SearchAction\",\"target\":{\"@type\":\"EntryPoint\",\"urlTemplate\":\"https:\/\/www.welovecycling.com\/cs\/?s={search_term_string}\"},\"query-input\":{\"@type\":\"PropertyValueSpecification\",\"valueRequired\":true,\"valueName\":\"search_term_string\"}}],\"inLanguage\":\"cs\"},{\"@type\":\"Person\",\"@id\":\"https:\/\/www.welovecycling.com\/cs\/#\/schema\/person\/d9eeb0a378f3a7e4a6d12d2b536b04b8\",\"name\":\"radekmalina\",\"image\":{\"@type\":\"ImageObject\",\"inLanguage\":\"cs\",\"@id\":\"https:\/\/www.welovecycling.com\/cs\/#\/schema\/person\/image\/\",\"url\":\"https:\/\/secure.gravatar.com\/avatar\/66994b632cb8c39a46b9f54afa3ae07201b678d32a54275b6f1c9ffec356bfc0?s=96&d=mm&r=g\",\"contentUrl\":\"https:\/\/secure.gravatar.com\/avatar\/66994b632cb8c39a46b9f54afa3ae07201b678d32a54275b6f1c9ffec356bfc0?s=96&d=mm&r=g\",\"caption\":\"radekmalina\"},\"url\":\"https:\/\/www.welovecycling.com\/cs\/author\/radekmalina\/\"}]}<\/script>\n<!-- \/ Yoast SEO Premium plugin. -->","yoast_head_json":{"title":"Ayuso se vzbou\u0159il a dostal pad\u00e1ka. Odm\u00edtal poslu\u0161nost | \u0160koda We Love Cycling - \u010cesk\u00e1 republika","description":"Juan Ayuso, jeden z nejtalentovan\u011bj\u0161\u00edch z\u00e1vodn\u00edk\u016f v silni\u010dn\u00edm pelotonu, dostal v t\u00fdmu UAE Emirates XRG pad\u00e1ka. B\u011bhem voln\u00e9ho dne nej\u00fasp\u011b\u0161n\u011bj\u0161\u00ed t\u00fdm sou\u010dasnosti ozn\u00e1mil, \u017ee p\u016fvodn\u00ed kontrakt platn\u00fd do konce roku 2028 bude ukon\u010den letos v prosinci.","robots":{"index":"index","follow":"follow","max-snippet":"max-snippet:-1","max-image-preview":"max-image-preview:large","max-video-preview":"max-video-preview:-1"},"canonical":"https:\/\/www.welovecycling.com\/cs\/2025\/09\/01\/ayuso-se-vzbouril-a-dostal-padaka-odmital-slouzit\/","og_locale":"cs_CZ","og_type":"article","og_title":"Ayuso se vzbou\u0159il a dostal pad\u00e1ka. Odm\u00edtal poslu\u0161nost","og_description":"Juan Ayuso, jeden z nejtalentovan\u011bj\u0161\u00edch z\u00e1vodn\u00edk\u016f v silni\u010dn\u00edm pelotonu, dostal v t\u00fdmu UAE Emirates XRG pad\u00e1ka. B\u011bhem voln\u00e9ho dne nej\u00fasp\u011b\u0161n\u011bj\u0161\u00ed t\u00fdm sou\u010dasnosti ozn\u00e1mil, \u017ee p\u016fvodn\u00ed kontrakt platn\u00fd do konce roku 2028 bude ukon\u010den letos v prosinci.","og_url":"https:\/\/www.welovecycling.com\/cs\/2025\/09\/01\/ayuso-se-vzbouril-a-dostal-padaka-odmital-slouzit\/","og_site_name":"\u0160koda We Love Cycling - \u010cesk\u00e1 republika","article_published_time":"2025-09-01T20:41:01+00:00","article_modified_time":"2025-09-01T20:50:32+00:00","og_image":[{"width":2560,"height":1707,"url":"https:\/\/d2p6e6u75xmxt8.cloudfront.net\/13\/2025\/09\/20250829LV4001-scaled.webp","type":"image\/webp"}],"author":"radekmalina","twitter_card":"summary_large_image","twitter_misc":{"Written by":"We Love Cycling","Est. reading time":"4 minuty"},"schema":{"@context":"https:\/\/schema.org","@graph":[{"@type":"WebPage","@id":"https:\/\/www.welovecycling.com\/cs\/2025\/09\/01\/ayuso-se-vzbouril-a-dostal-padaka-odmital-slouzit\/","url":"https:\/\/www.welovecycling.com\/cs\/2025\/09\/01\/ayuso-se-vzbouril-a-dostal-padaka-odmital-slouzit\/","name":"Ayuso se vzbou\u0159il a dostal pad\u00e1ka. Odm\u00edtal poslu\u0161nost | \u0160koda We Love Cycling - \u010cesk\u00e1 republika","isPartOf":{"@id":"https:\/\/www.welovecycling.com\/cs\/#website"},"primaryImageOfPage":{"@id":"https:\/\/www.welovecycling.com\/cs\/2025\/09\/01\/ayuso-se-vzbouril-a-dostal-padaka-odmital-slouzit\/#primaryimage"},"image":{"@id":"https:\/\/www.welovecycling.com\/cs\/2025\/09\/01\/ayuso-se-vzbouril-a-dostal-padaka-odmital-slouzit\/#primaryimage"},"thumbnailUrl":"https:\/\/d2p6e6u75xmxt8.cloudfront.net\/13\/2025\/09\/20250829LV4001-scaled.webp","datePublished":"2025-09-01T20:41:01+00:00","dateModified":"2025-09-01T20:50:32+00:00","author":{"@id":"https:\/\/www.welovecycling.com\/cs\/#\/schema\/person\/d9eeb0a378f3a7e4a6d12d2b536b04b8"},"description":"Juan Ayuso, jeden z nejtalentovan\u011bj\u0161\u00edch z\u00e1vodn\u00edk\u016f v silni\u010dn\u00edm pelotonu, dostal v t\u00fdmu UAE Emirates XRG pad\u00e1ka. B\u011bhem voln\u00e9ho dne nej\u00fasp\u011b\u0161n\u011bj\u0161\u00ed t\u00fdm sou\u010dasnosti ozn\u00e1mil, \u017ee p\u016fvodn\u00ed kontrakt platn\u00fd do konce roku 2028 bude ukon\u010den letos v prosinci.","inLanguage":"cs","potentialAction":[{"@type":"ReadAction","target":["https:\/\/www.welovecycling.com\/cs\/2025\/09\/01\/ayuso-se-vzbouril-a-dostal-padaka-odmital-slouzit\/"]}]},{"@type":"ImageObject","inLanguage":"cs","@id":"https:\/\/www.welovecycling.com\/cs\/2025\/09\/01\/ayuso-se-vzbouril-a-dostal-padaka-odmital-slouzit\/#primaryimage","url":"https:\/\/d2p6e6u75xmxt8.cloudfront.net\/13\/2025\/09\/20250829LV4001-scaled.webp","contentUrl":"https:\/\/d2p6e6u75xmxt8.cloudfront.net\/13\/2025\/09\/20250829LV4001-scaled.webp","width":2560,"height":1707,"caption":"Juan Ayuso"},{"@type":"WebSite","@id":"https:\/\/www.welovecycling.com\/cs\/#website","url":"https:\/\/www.welovecycling.com\/cs\/","name":"\u0160koda We Love Cycling - \u010cesk\u00e1 republika","description":"WeLoveCycling.cz je online magaz\u00edn, kter\u00fd v\u00e1m pravideln\u011b p\u0159in\u00e1\u0161\u00ed rady a tipy, zaj\u00edmav\u00e9 \u010dl\u00e1nky, videa a jedine\u010dn\u00e9 report\u00e1\u017ee ze sv\u011bta cyklistiky.","potentialAction":[{"@type":"SearchAction","target":{"@type":"EntryPoint","urlTemplate":"https:\/\/www.welovecycling.com\/cs\/?s={search_term_string}"},"query-input":{"@type":"PropertyValueSpecification","valueRequired":true,"valueName":"search_term_string"}}],"inLanguage":"cs"},{"@type":"Person","@id":"https:\/\/www.welovecycling.com\/cs\/#\/schema\/person\/d9eeb0a378f3a7e4a6d12d2b536b04b8","name":"radekmalina","image":{"@type":"ImageObject","inLanguage":"cs","@id":"https:\/\/www.welovecycling.com\/cs\/#\/schema\/person\/image\/","url":"https:\/\/secure.gravatar.com\/avatar\/66994b632cb8c39a46b9f54afa3ae07201b678d32a54275b6f1c9ffec356bfc0?s=96&d=mm&r=g","contentUrl":"https:\/\/secure.gravatar.com\/avatar\/66994b632cb8c39a46b9f54afa3ae07201b678d32a54275b6f1c9ffec356bfc0?s=96&d=mm&r=g","caption":"radekmalina"},"url":"https:\/\/www.welovecycling.com\/cs\/author\/radekmalina\/"}]}},"_links":{"self":[{"href":"https:\/\/www.welovecycling.com\/cs\/wp-json\/wp\/v2\/posts\/30857","targetHints":{"allow":["GET"]}}],"collection":[{"href":"https:\/\/www.welovecycling.com\/cs\/wp-json\/wp\/v2\/posts"}],"about":[{"href":"https:\/\/www.welovecycling.com\/cs\/wp-json\/wp\/v2\/types\/post"}],"author":[{"embeddable":true,"href":"https:\/\/www.welovecycling.com\/cs\/wp-json\/wp\/v2\/users\/138"}],"replies":[{"embeddable":true,"href":"https:\/\/www.welovecycling.com\/cs\/wp-json\/wp\/v2\/comments?post=30857"}],"version-history":[{"count":4,"href":"https:\/\/www.welovecycling.com\/cs\/wp-json\/wp\/v2\/posts\/30857\/revisions"}],"predecessor-version":[{"id":30863,"href":"https:\/\/www.welovecycling.com\/cs\/wp-json\/wp\/v2\/posts\/30857\/revisions\/30863"}],"wp:featuredmedia":[{"embeddable":true,"href":"https:\/\/www.welovecycling.com\/cs\/wp-json\/wp\/v2\/media\/30860"}],"wp:attachment":[{"href":"https:\/\/www.welovecycling.com\/cs\/wp-json\/wp\/v2\/media?parent=30857"}],"wp:term":[{"taxonomy":"category","embeddable":true,"href":"https:\/\/www.welovecycling.com\/cs\/wp-json\/wp\/v2\/categories?post=30857"},{"taxonomy":"post_tag","embeddable":true,"href":"https:\/\/www.welovecycling.com\/cs\/wp-json\/wp\/v2\/tags?post=30857"},{"taxonomy":"global-categories","embeddable":true,"href":"https:\/\/www.welovecycling.com\/cs\/wp-json\/wp\/v2\/global-categories?post=30857"}],"curies":[{"name":"wp","href":"https:\/\/api.w.org\/{rel}","templated":true}]}}