{"id":30849,"date":"2025-09-01T11:17:19","date_gmt":"2025-09-01T09:17:19","guid":{"rendered":"https:\/\/www.welovecycling.com\/cs\/?p=30849"},"modified":"2025-09-01T11:17:19","modified_gmt":"2025-09-01T09:17:19","slug":"van-der-poel-pripustil-prestup-na-biky","status":"publish","type":"post","link":"https:\/\/www.welovecycling.com\/cs\/2025\/09\/01\/van-der-poel-pripustil-prestup-na-biky\/","title":{"rendered":"Van der Poel p\u0159ipustil p\u0159estup na biky"},"content":{"rendered":"<p><strong>Duhov\u00fd sen o titulu mistra sv\u011bta z cross country horsk\u00fdch kol je st\u00e1le siln\u011bj\u0161\u00ed. Mathieu van der Poel, nizozemsk\u00fd fenom\u00e9n v barv\u00e1ch Alpecin Deceuuninck, p\u0159ipustil, \u017ee je kv\u016fli jeho napln\u011bn\u00ed ochotn\u00fd absolvovat celou sezonu v ter\u00e9nu!<\/strong><\/p>\n<p>T\u0159icetilet\u00fd z\u00e1vodn\u00edk, kter\u00fd letos vyhr\u00e1l Monumenty Mil\u00e1n-San Remo a Pa\u0159\u00ed\u017e Roubaix \u010di etapu na Tour de France, m\u00e1 doma dresy za titul mistra sv\u011bta z gravelu, silnice i cyklokrosu. Sb\u00edrku chce vylep\u0161it o duhov\u00fd trikot pro nejlep\u0161\u00edho cyklistu planety z cross country horsk\u00fdch kol. \u0160anci dostane druhou ned\u011bl\u00ed v z\u00e1\u0159\u00ed p\u0159i \u0161ampion\u00e1tu ve \u0161v\u00fdcarsk\u00e9 Crans Montan\u011b.<\/p>\n<h2><strong>P\u0159i debutu mezi elitou slavil v\u00fdhru<\/strong><\/h2>\n<p>Na horsk\u00e9m kole poprv\u00e9 mezi sv\u011btovou elitou z\u00e1vodil na ja\u0159e 2016. Tehdy zaujal triumfem v druh\u00e9 etap\u011b na z\u00e1vod\u011b Cyprus Sunshine, kdy\u017e porazil nejlep\u0161\u00ed mu\u017ee chystaj\u00edc\u00ed se na olympijsk\u00e9 hry v Riu. &#8222;Zamiloval jsem se do toho sportu,&#8220; vypr\u00e1v\u011bl tehdy nad\u0161en\u011b.<\/p>\n<figure id=\"attachment_12916\" aria-describedby=\"caption-attachment-12916\" style=\"width: 1600px\" class=\"wp-caption alignnone\"><a href=\"https:\/\/d2p6e6u75xmxt8.cloudfront.net\/13\/2021\/05\/van-der-poel-vs-thomas-pidcock-michal-cerveny.webp\"><img loading=\"lazy\" decoding=\"async\" class=\"size-full wp-image-12916\" src=\"https:\/\/d2p6e6u75xmxt8.cloudfront.net\/13\/2021\/05\/van-der-poel-vs-thomas-pidcock-michal-cerveny.webp\" alt=\"\" width=\"1600\" height=\"1067\" srcset=\"https:\/\/d2p6e6u75xmxt8.cloudfront.net\/13\/2021\/05\/van-der-poel-vs-thomas-pidcock-michal-cerveny.webp 1600w, https:\/\/d2p6e6u75xmxt8.cloudfront.net\/13\/2021\/05\/van-der-poel-vs-thomas-pidcock-michal-cerveny-300x200.webp 300w, https:\/\/d2p6e6u75xmxt8.cloudfront.net\/13\/2021\/05\/van-der-poel-vs-thomas-pidcock-michal-cerveny-1024x683.webp 1024w, https:\/\/d2p6e6u75xmxt8.cloudfront.net\/13\/2021\/05\/van-der-poel-vs-thomas-pidcock-michal-cerveny-768x512.webp 768w, https:\/\/d2p6e6u75xmxt8.cloudfront.net\/13\/2021\/05\/van-der-poel-vs-thomas-pidcock-michal-cerveny-1536x1024.webp 1536w, https:\/\/d2p6e6u75xmxt8.cloudfront.net\/13\/2021\/05\/van-der-poel-vs-thomas-pidcock-michal-cerveny-272x182.webp 272w\" sizes=\"auto, (max-width: 1600px) 100vw, 1600px\" \/><\/a><figcaption id=\"caption-attachment-12916\" class=\"wp-caption-text\"><em>Mathieu van der Poel v Nov\u00e9m M\u011bst\u011b na Morav\u011b p\u0159i SP 2021. Foto: Michal \u010cerven\u00fd<\/em><\/figcaption><\/figure>\n<p>O dva roky pozd\u011bji slavil p\u0159i z\u00e1vodech sv\u011btov\u00fdch poh\u00e1r\u016f prvn\u00ed v\u00edt\u011bzstv\u00ed v short tracku a p\u00f3diov\u00e1 um\u00edst\u011bn\u00ed v cross country. V z\u00e1v\u011bru bikov\u00e9ho kalend\u00e1\u0159e tehdy uko\u0159istil bronz z mistrovstv\u00ed sv\u011bta, kter\u00e9 se jelo ve \u0160v\u00fdcarsku.<\/p>\n<p>V dal\u0161\u00ed sezon\u011b poprv\u00e9 vyhr\u00e1l z\u00e1vod sv\u011btov\u00e9ho poh\u00e1ru v cross country v Nov\u00e9m M\u011bst\u011b na Morav\u011b. P\u0159idal je\u0161t\u011b triumfy z Val di Sole a Lenzerheide. Olympijsk\u00e9 Tokio pak m\u011blo p\u0159edstavovat jeden z vrchol\u016f tehdy u\u017e v\u00edt\u011bze Monumentu Kolem Flander \u010di etapy z Tour de France, kde jel \u0161est dn\u016f v trikotu l\u00eddra cel\u00e9ho z\u00e1vodu.<\/p>\n<div class=\"shortcode-ys-post-pinup\"><article class=\"loop-simple post-30842 post type-post status-publish format-standard has-post-thumbnail hentry category-silnicni-cyklistika tag-cyklistika tag-la-vuelta-2025 tag-otres-mozku tag-rakovina tag-silnicni-cyklistika tag-torstein-traeen tag-zdravi-a-trenink global-categories-cycling\" data-postid=\"30842\" role=\"article\" data-post-id=\"30842\" data-word-count=\"584\" data-headline-length=\"33\" data-category=\"Silni\u010dn\u00ed cyklistika\" data-global-category=\"Cycling\" data-author=\"We Love Cycling\" data-published=\"2025-08-29T08:05:03+02:00\" data-published-day=\"Friday\">\n    <div class=\"entry-thumbnail article-thumbnail\" content=\"https:\/\/d2p6e6u75xmxt8.cloudfront.net\/13\/2025\/08\/20250828LV4008-150x150.webp\"><a href=\"https:\/\/www.welovecycling.com\/cs\/2025\/08\/29\/od-rakoviny-k-dresu-lidra-vuelty\/\" class=\"image-holder\" target=\"_self\"><img decoding=\"async\" loading=\"lazy\" class=\"\" src=\"https:\/\/d2p6e6u75xmxt8.cloudfront.net\/13\/2025\/08\/20250828LV4008-1024x683.webp\" srcset=\"https:\/\/d2p6e6u75xmxt8.cloudfront.net\/13\/2025\/08\/20250828LV4008-scaled.webp 2560w, https:\/\/d2p6e6u75xmxt8.cloudfront.net\/13\/2025\/08\/20250828LV4008-300x200.webp 300w, https:\/\/d2p6e6u75xmxt8.cloudfront.net\/13\/2025\/08\/20250828LV4008-1024x683.webp 1024w, https:\/\/d2p6e6u75xmxt8.cloudfront.net\/13\/2025\/08\/20250828LV4008-768x512.webp 768w, https:\/\/d2p6e6u75xmxt8.cloudfront.net\/13\/2025\/08\/20250828LV4008-1536x1024.webp 1536w, https:\/\/d2p6e6u75xmxt8.cloudfront.net\/13\/2025\/08\/20250828LV4008-2048x1365.webp 2048w, https:\/\/d2p6e6u75xmxt8.cloudfront.net\/13\/2025\/08\/20250828LV4008-1920x1280.webp 1920w, https:\/\/d2p6e6u75xmxt8.cloudfront.net\/13\/2025\/08\/20250828LV4008-400x267.webp 400w, https:\/\/d2p6e6u75xmxt8.cloudfront.net\/13\/2025\/08\/20250828LV4008-272x182.webp 272w, https:\/\/d2p6e6u75xmxt8.cloudfront.net\/13\/2025\/08\/20250828LV4008-1920x1280.webp 1920w\" width=\"1024\" height=\"683\" sizes=\"auto, (min-width: 1200px) 300px, (min-width: 768px) 25vw, 100vw\" alt=\"od-rakoviny-k-dresu-lidra-vuelty\"\/><\/a><\/div>    <div class=\"entry-meta\">\n        <a class=\"label label-secondary post-category\" href=\"https:\/\/www.welovecycling.com\/cs\/category\/silnicni-cyklistika\/\" title=\"Silni\u010dn\u00ed cyklistika\">Silni\u010dn\u00ed cyklistika<\/a>\n    <\/div>\n    <div class=\"entry-details\">\n        <a href=\"https:\/\/www.welovecycling.com\/cs\/2025\/08\/29\/od-rakoviny-k-dresu-lidra-vuelty\/\" class='entry-title-wrapper'>\n            <h3 class=\"entry-title\"><span>Od rakoviny k dresu l\u00eddra Vuelty<\/span><\/h3>\n        <\/a>\n    <\/div>\n    <\/article>\n<\/div>\n<p>Jen\u017ee v Japonsku musel p\u0159ed\u010dasn\u011b po hororov\u00e9m p\u00e1du odstoupit. T\u00e9m\u011b\u0159 dva roky se v z\u00e1vodech horsk\u00fdch kol na nejvy\u0161\u0161\u00ed \u00farovni nep\u0159edstavil. A\u017e v Glasgow p\u0159i mistrovstv\u00ed sv\u011bta 2023 necel\u00fd t\u00fdden po spektakul\u00e1rn\u00edm triumfu v silni\u010dn\u00edm z\u00e1vod\u011b. Jen\u017ee do c\u00edle se op\u011bt nedostal.<\/p>\n<figure id=\"attachment_28914\" aria-describedby=\"caption-attachment-28914\" style=\"width: 1800px\" class=\"wp-caption alignnone\"><a href=\"https:\/\/d2p6e6u75xmxt8.cloudfront.net\/13\/2025\/04\/profimedia-0987651071.webp\"><img loading=\"lazy\" decoding=\"async\" class=\"size-full wp-image-28914\" src=\"https:\/\/d2p6e6u75xmxt8.cloudfront.net\/13\/2025\/04\/profimedia-0987651071.webp\" alt=\"\" width=\"1800\" height=\"1200\" srcset=\"https:\/\/d2p6e6u75xmxt8.cloudfront.net\/13\/2025\/04\/profimedia-0987651071.webp 1800w, https:\/\/d2p6e6u75xmxt8.cloudfront.net\/13\/2025\/04\/profimedia-0987651071-300x200.webp 300w, https:\/\/d2p6e6u75xmxt8.cloudfront.net\/13\/2025\/04\/profimedia-0987651071-1024x683.webp 1024w, https:\/\/d2p6e6u75xmxt8.cloudfront.net\/13\/2025\/04\/profimedia-0987651071-768x512.webp 768w, https:\/\/d2p6e6u75xmxt8.cloudfront.net\/13\/2025\/04\/profimedia-0987651071-1536x1024.webp 1536w, https:\/\/d2p6e6u75xmxt8.cloudfront.net\/13\/2025\/04\/profimedia-0987651071-400x267.webp 400w, https:\/\/d2p6e6u75xmxt8.cloudfront.net\/13\/2025\/04\/profimedia-0987651071-272x182.webp 272w\" sizes=\"auto, (max-width: 1800px) 100vw, 1800px\" \/><\/a><figcaption id=\"caption-attachment-28914\" class=\"wp-caption-text\"><em>Mathieu van der Poel uh\u00e1n\u00ed pro v\u00edt\u011bzstv\u00ed v z\u00e1vod\u011b Pa\u0159\u00ed\u017e-Roubaix 2025. Foto: profimedia<\/em><\/figcaption><\/figure>\n<p>Minulou sezonu nev\u011bnoval z\u00e1vod\u016fm cross country jedin\u00fd den. A\u017e letos se vr\u00e1til. V Nov\u00e9m M\u011bst\u011b na Morav\u011b si v z\u00e1v\u011bru kv\u011btna p\u0159i jednom ze dvou p\u00e1d\u016f <a href=\"https:\/\/www.welovecycling.com\/cs\/2025\/05\/25\/v-kotrmelcich-a-zkrvaveny-mathieu-van-der-poel-prozil-v-cesku-horky-navrat-na-biky\/\">zlomil kost v z\u00e1p\u011bst\u00ed<\/a>.<\/p>\n<h2><strong>Van der Poel se nevzdal ani po zlomenin\u011b ruky<\/strong><\/h2>\n<p>Jen\u017ee &#8222;d\u011btsk\u00e1&#8220; l\u00e1ska se jen tak ned\u00e1 vypudit z hlavy. &#8222;Nos\u00edm sen o titulu z horsk\u00fdch kol v hlav\u011b hodn\u011b dlouho. A letos jej zkus\u00edm uskute\u010dnit,&#8220; zopakoval, ne\u017e vyrazil na Tour de France, kde vyhr\u00e1l etapu a znovu obl\u00e9kl \u017elut\u00fd trikot vedouc\u00edho z\u00e1vodn\u00edka. Z Grande Boucle v\u0161ak musel odstoupit kv\u016fli z\u00e1palu plic a jeho program tak dostal velkou r\u00e1nu. P\u0159i Renewi Tour v Belgii sice ovl\u00e1dl t\u0159et\u00ed d\u011bjstv\u00ed, ale hl\u00e1sil: &#8222;Je\u0161t\u011b nejsem v nejlep\u0161\u00ed form\u011b.&#8220;<\/p>\n<figure id=\"attachment_29906\" aria-describedby=\"caption-attachment-29906\" style=\"width: 1920px\" class=\"wp-caption alignnone\"><a href=\"https:\/\/d2p6e6u75xmxt8.cloudfront.net\/13\/2025\/07\/20250708TDF2085-scaled.webp\"><img loading=\"lazy\" decoding=\"async\" class=\"size-extra-large wp-image-29906\" src=\"https:\/\/d2p6e6u75xmxt8.cloudfront.net\/13\/2025\/07\/20250708TDF2085-1920x1280.webp\" alt=\"\" width=\"1920\" height=\"1280\" srcset=\"https:\/\/d2p6e6u75xmxt8.cloudfront.net\/13\/2025\/07\/20250708TDF2085-1920x1280.webp 1920w, https:\/\/d2p6e6u75xmxt8.cloudfront.net\/13\/2025\/07\/20250708TDF2085-300x200.webp 300w, https:\/\/d2p6e6u75xmxt8.cloudfront.net\/13\/2025\/07\/20250708TDF2085-1024x683.webp 1024w, https:\/\/d2p6e6u75xmxt8.cloudfront.net\/13\/2025\/07\/20250708TDF2085-768x512.webp 768w, https:\/\/d2p6e6u75xmxt8.cloudfront.net\/13\/2025\/07\/20250708TDF2085-1536x1024.webp 1536w, https:\/\/d2p6e6u75xmxt8.cloudfront.net\/13\/2025\/07\/20250708TDF2085-2048x1365.webp 2048w, https:\/\/d2p6e6u75xmxt8.cloudfront.net\/13\/2025\/07\/20250708TDF2085-400x267.webp 400w, https:\/\/d2p6e6u75xmxt8.cloudfront.net\/13\/2025\/07\/20250708TDF2085-272x182.webp 272w, https:\/\/d2p6e6u75xmxt8.cloudfront.net\/13\/2025\/07\/20250708TDF2085-1920x1280.webp 1920w\" sizes=\"auto, (max-width: 1920px) 100vw, 1920px\" \/><\/a><figcaption id=\"caption-attachment-29906\" class=\"wp-caption-text\"><em>Mathieu van der Poel ve \u017elut\u00e9m trikotu l\u00eddra Tour de France 2025. Foto: A.S.O.\/Billy Ceusters<\/em><\/figcaption><\/figure>\n<p>Rozhodl se vynechat mistrovstv\u00ed sv\u011bta v silni\u010dn\u00ed cyklistice ve Rwand\u011b, aby se mohl dokonale soust\u0159edit na biky. P\u0159ed z\u00e1vodem sv\u011btov\u00e9ho poh\u00e1ru v Les Gets absolvoval t\u011b\u017ek\u00fd tr\u00e9ninkov\u00fd blok. A ve Francii zaujal \u0161estou p\u0159\u00ed\u010dkou. Startoval z t\u0159iat\u0159ic\u00e1t\u00e9 p\u0159\u00ed\u010dky, pak ztratil je\u0161t\u011b osm m\u00edst. Ale p\u0159edvedl impozantn\u00ed st\u00edhac\u00ed j\u00edzdu. Chv\u00edli jel na \u010dtvrt\u00e9m m\u00edst\u011b, ale pak se propadl na \u0161est\u00e9 a skon\u010dil minutu za v\u00edt\u011bzn\u00fdm Francouzem Martinem.<\/p>\n<div class=\"shortcode-ys-post-pinup\"><article class=\"loop-simple post-30755 post type-post status-publish format-standard has-post-thumbnail hentry category-silnicni-cyklistika tag-cyklistika tag-giro-ditalia tag-la-vuelta-2025 tag-silnicni-cyklistika tag-sprinter tag-tour-de-france tag-vuelta global-categories-cycling\" data-postid=\"30755\" role=\"article\" data-post-id=\"30755\" data-word-count=\"571\" data-headline-length=\"33\" data-category=\"Silni\u010dn\u00ed cyklistika\" data-global-category=\"Cycling\" data-author=\"Radek Malina\" data-published=\"2025-08-25T06:03:04+02:00\" data-published-day=\"Monday\">\n    <div class=\"entry-thumbnail article-thumbnail\" content=\"https:\/\/d2p6e6u75xmxt8.cloudfront.net\/13\/2025\/07\/20250724TDF2060-150x150.webp\"><a href=\"https:\/\/www.welovecycling.com\/cs\/2025\/08\/25\/sprinter-jako-ohrozena-profese\/\" class=\"image-holder\" target=\"_self\"><img decoding=\"async\" loading=\"lazy\" class=\"\" src=\"https:\/\/d2p6e6u75xmxt8.cloudfront.net\/13\/2025\/07\/20250724TDF2060-1024x683.webp\" srcset=\"https:\/\/d2p6e6u75xmxt8.cloudfront.net\/13\/2025\/07\/20250724TDF2060-scaled.webp 2560w, https:\/\/d2p6e6u75xmxt8.cloudfront.net\/13\/2025\/07\/20250724TDF2060-300x200.webp 300w, https:\/\/d2p6e6u75xmxt8.cloudfront.net\/13\/2025\/07\/20250724TDF2060-1024x683.webp 1024w, https:\/\/d2p6e6u75xmxt8.cloudfront.net\/13\/2025\/07\/20250724TDF2060-768x512.webp 768w, https:\/\/d2p6e6u75xmxt8.cloudfront.net\/13\/2025\/07\/20250724TDF2060-1536x1024.webp 1536w, https:\/\/d2p6e6u75xmxt8.cloudfront.net\/13\/2025\/07\/20250724TDF2060-2048x1365.webp 2048w, https:\/\/d2p6e6u75xmxt8.cloudfront.net\/13\/2025\/07\/20250724TDF2060-1920x1280.webp 1920w, https:\/\/d2p6e6u75xmxt8.cloudfront.net\/13\/2025\/07\/20250724TDF2060-400x267.webp 400w, https:\/\/d2p6e6u75xmxt8.cloudfront.net\/13\/2025\/07\/20250724TDF2060-272x182.webp 272w, https:\/\/d2p6e6u75xmxt8.cloudfront.net\/13\/2025\/07\/20250724TDF2060-1920x1280.webp 1920w\" width=\"1024\" height=\"683\" sizes=\"auto, (min-width: 1200px) 300px, (min-width: 768px) 25vw, 100vw\" alt=\"sprinter-jako-ohrozena-profese\"\/><\/a><\/div>    <div class=\"entry-meta\">\n        <a class=\"label label-secondary post-category\" href=\"https:\/\/www.welovecycling.com\/cs\/category\/silnicni-cyklistika\/\" title=\"Silni\u010dn\u00ed cyklistika\">Silni\u010dn\u00ed cyklistika<\/a>\n    <\/div>\n    <div class=\"entry-details\">\n        <a href=\"https:\/\/www.welovecycling.com\/cs\/2025\/08\/25\/sprinter-jako-ohrozena-profese\/\" class='entry-title-wrapper'>\n            <h3 class=\"entry-title\"><span>Sprinter jako ohro\u017een\u00e1 profese?<\/span><\/h3>\n        <\/a>\n    <\/div>\n    <\/article>\n<\/div>\n<p>&#8222;Dok\u00e1zal jsem dr\u017eet tempo v \u010deln\u00ed skupin\u011b, ale neza\u00fato\u010dil jsem. M\u011bl jsem b\u00fdt odv\u00e1\u017en\u011bj\u0161\u00ed a j\u00edt do toho,&#8220; \u0159ekl n\u00e1sledn\u011b. V posledn\u00edch dvou kolech z osmi toti\u017e nedok\u00e1zal reagovat na zrychlen\u00ed nejv\u011bt\u0161\u00edch hv\u011bzd sv\u011bta cross country. V p\u0159ede\u0161l\u00e9m pr\u016fb\u011bhu z\u00e1vod byl Mathieu van der Poel skv\u011bl\u00fd ve stoup\u00e1n\u00edch, ve sjezdech volil defenzivn\u00ed pojet\u00ed. &#8222;Byl jsem tam jako na gum\u011b,&#8220; p\u0159iznal, \u017ee mu Braidot, Martin \u010di Fl\u00fcckiger odj\u00ed\u017ed\u011bli.<\/p>\n<h2><strong>Chce odhalit v\u0161echna tajemstv\u00ed trasy MS<\/strong><\/h2>\n<p>Hned po z\u00e1vod\u011b odlet\u011bl dom\u016f a v z\u00e1v\u011bru prvn\u00edho z\u00e1\u0159ijov\u00e9ho t\u00fddne se p\u0159esune do \u0160v\u00fdcarska. Chce se maxim\u00e1ln\u011b nachystat na mistrovstv\u00ed sv\u011bta. &#8222;Ka\u017ed\u00fd den budu na trase, abych odhalil v\u0161echna jej\u00ed tajemstv\u00ed,&#8220; prohl\u00e1sil odhodlan\u011b.<\/p>\n<figure id=\"attachment_30850\" aria-describedby=\"caption-attachment-30850\" style=\"width: 1800px\" class=\"wp-caption alignnone\"><a href=\"https:\/\/d2p6e6u75xmxt8.cloudfront.net\/13\/2025\/09\/profimedia-1033157338.webp\"><img loading=\"lazy\" decoding=\"async\" class=\"size-full wp-image-30850\" src=\"https:\/\/d2p6e6u75xmxt8.cloudfront.net\/13\/2025\/09\/profimedia-1033157338.webp\" alt=\"\" width=\"1800\" height=\"1348\" srcset=\"https:\/\/d2p6e6u75xmxt8.cloudfront.net\/13\/2025\/09\/profimedia-1033157338.webp 1800w, https:\/\/d2p6e6u75xmxt8.cloudfront.net\/13\/2025\/09\/profimedia-1033157338-300x225.webp 300w, https:\/\/d2p6e6u75xmxt8.cloudfront.net\/13\/2025\/09\/profimedia-1033157338-1024x767.webp 1024w, https:\/\/d2p6e6u75xmxt8.cloudfront.net\/13\/2025\/09\/profimedia-1033157338-768x575.webp 768w, https:\/\/d2p6e6u75xmxt8.cloudfront.net\/13\/2025\/09\/profimedia-1033157338-1536x1150.webp 1536w, https:\/\/d2p6e6u75xmxt8.cloudfront.net\/13\/2025\/09\/profimedia-1033157338-400x300.webp 400w\" sizes=\"auto, (max-width: 1800px) 100vw, 1800px\" \/><\/a><figcaption id=\"caption-attachment-30850\" class=\"wp-caption-text\"><em>Mathieu van der Poel p\u0159i z\u00e1vod\u011b SP v Les Gets, kde zaujal \u0161est\u00fdm m\u00edstem. Foto: profimedia<\/em><\/figcaption><\/figure>\n<p>Velk\u00fdm handicapem pro mistrovstv\u00ed sv\u011bta z\u016fstane startovn\u00ed pozice. A\u017e do Les Gets nez\u00edskal \u017e\u00e1dn\u00e9 body, tak\u017ee bude ve \u010dtvrt\u00e9 mo\u017en\u00e1 v p\u00e1t\u00e9 \u0159ad\u011b. St\u00edh\u00e1n\u00ed nejlep\u0161\u00edch bude vy\u017eadovat s\u00edlu, kter\u00e1 pak m\u016f\u017ee chyb\u011bt p\u0159i \u00fatoku na titul. &#8222;Abych mohl bojovat na mistrovstv\u00ed sv\u011bta o zlato, mus\u00edm jezdit celou sezonu na horsk\u00e9m kole,&#8220; posteskl si pro nizozemsk\u00fd server nos.nl. &#8222;Mo\u017en\u00e1 se to jednoho dne stane,&#8220; doplnil tajemn\u011b.<\/p>\n<p>Je dost mo\u017en\u00e9, \u017ee pokud 14. z\u00e1\u0159\u00ed v Crans Montan\u011b nenapln\u00ed Mathieu van der Poel sen o titulu z cross country horsk\u00fdch kol, brzy se zam\u011b\u0159\u00ed na biky. &#8222;M\u00e1m jasno, \u017ee nebudu z\u00e1vodit do \u010dty\u0159iceti. Chci skon\u010dit, a\u017e budu na v\u00fdslun\u00ed. Nebo prost\u011b hodn\u011b vysoko. Nechci se za\u0159adit po bok cyklist\u016f, kte\u0159\u00ed jezdili p\u0159\u00edli\u0161 dlouho, a pak zanikly \u00fasp\u011bchy, kter\u00fdch dos\u00e1hli v nejlep\u0161\u00edch letech kari\u00e9ry.&#8220;<\/p>\n<p><em>Tituln\u00ed foto: profimedia<\/em><\/p>\n","protected":false},"excerpt":{"rendered":"<p>Duhov\u00fd sen o titulu mistra sv\u011bta z cross country horsk\u00fdch kol je st\u00e1le siln\u011bj\u0161\u00ed. Mathieu van der Poel, nizozemsk\u00fd fenom\u00e9n [&hellip;]<\/p>\n","protected":false},"author":138,"featured_media":30851,"comment_status":"open","ping_status":"open","sticky":false,"template":"","format":"standard","meta":{"footnotes":""},"categories":[11],"tags":[157,126,56,178,1154,9,23,4340],"global-categories":[411],"class_list":["post-30849","post","type-post","status-publish","format-standard","has-post-thumbnail","hentry","category-horska-cyklistika","tag-cross-country","tag-cyklistika","tag-horska-cyklistika","tag-mathieu-van-der-poel","tag-mistrovstvi-sveta","tag-silnicni-cyklistika","tag-tour-de-france","tag-uci-mtb-2025","global-categories-cycling"],"yoast_head":"<!-- This site is optimized with the Yoast SEO Premium plugin v25.3 (Yoast SEO v25.9) - https:\/\/yoast.com\/wordpress\/plugins\/seo\/ -->\n<title>Van der Poel p\u0159ipustil p\u0159estup na biky | \u0160koda We Love Cycling - \u010cesk\u00e1 republika<\/title>\n<meta name=\"robots\" content=\"index, follow, max-snippet:-1, max-image-preview:large, max-video-preview:-1\" \/>\n<link rel=\"canonical\" href=\"https:\/\/www.welovecycling.com\/cs\/2025\/09\/01\/van-der-poel-pripustil-prestup-na-biky\/\" \/>\n<meta property=\"og:locale\" content=\"cs_CZ\" \/>\n<meta property=\"og:type\" content=\"article\" \/>\n<meta property=\"og:title\" content=\"Van der Poel p\u0159ipustil p\u0159estup na biky\" \/>\n<meta property=\"og:description\" content=\"Duhov\u00fd sen o titulu mistra sv\u011bta z cross country horsk\u00fdch kol je st\u00e1le siln\u011bj\u0161\u00ed. Mathieu van der Poel, nizozemsk\u00fd fenom\u00e9n [&hellip;]\" \/>\n<meta property=\"og:url\" content=\"https:\/\/www.welovecycling.com\/cs\/2025\/09\/01\/van-der-poel-pripustil-prestup-na-biky\/\" \/>\n<meta property=\"og:site_name\" content=\"\u0160koda We Love Cycling - \u010cesk\u00e1 republika\" \/>\n<meta property=\"article:published_time\" content=\"2025-09-01T09:17:19+00:00\" \/>\n<meta property=\"og:image\" content=\"https:\/\/d2p6e6u75xmxt8.cloudfront.net\/13\/2025\/09\/profimedia-1032050824.webp\" \/>\n\t<meta property=\"og:image:width\" content=\"1800\" \/>\n\t<meta property=\"og:image:height\" content=\"1200\" \/>\n\t<meta property=\"og:image:type\" content=\"image\/webp\" \/>\n<meta name=\"author\" content=\"radekmalina\" \/>\n<meta name=\"twitter:card\" content=\"summary_large_image\" \/>\n<meta name=\"twitter:label1\" content=\"Written by\" \/>\n\t<meta name=\"twitter:data1\" content=\"Radek Malina\" \/>\n\t<meta name=\"twitter:label2\" content=\"Est. reading time\" \/>\n\t<meta name=\"twitter:data2\" content=\"5\" \/>\n<script type=\"application\/ld+json\" class=\"yoast-schema-graph\">{\"@context\":\"https:\/\/schema.org\",\"@graph\":[{\"@type\":\"WebPage\",\"@id\":\"https:\/\/www.welovecycling.com\/cs\/2025\/09\/01\/van-der-poel-pripustil-prestup-na-biky\/\",\"url\":\"https:\/\/www.welovecycling.com\/cs\/2025\/09\/01\/van-der-poel-pripustil-prestup-na-biky\/\",\"name\":\"Van der Poel p\u0159ipustil p\u0159estup na biky | \u0160koda We Love Cycling - \u010cesk\u00e1 republika\",\"isPartOf\":{\"@id\":\"https:\/\/www.welovecycling.com\/cs\/#website\"},\"primaryImageOfPage\":{\"@id\":\"https:\/\/www.welovecycling.com\/cs\/2025\/09\/01\/van-der-poel-pripustil-prestup-na-biky\/#primaryimage\"},\"image\":{\"@id\":\"https:\/\/www.welovecycling.com\/cs\/2025\/09\/01\/van-der-poel-pripustil-prestup-na-biky\/#primaryimage\"},\"thumbnailUrl\":\"https:\/\/d2p6e6u75xmxt8.cloudfront.net\/13\/2025\/09\/profimedia-1032050824.webp\",\"datePublished\":\"2025-09-01T09:17:19+00:00\",\"author\":{\"@id\":\"https:\/\/www.welovecycling.com\/cs\/#\/schema\/person\/d9eeb0a378f3a7e4a6d12d2b536b04b8\"},\"inLanguage\":\"cs\",\"potentialAction\":[{\"@type\":\"ReadAction\",\"target\":[\"https:\/\/www.welovecycling.com\/cs\/2025\/09\/01\/van-der-poel-pripustil-prestup-na-biky\/\"]}]},{\"@type\":\"ImageObject\",\"inLanguage\":\"cs\",\"@id\":\"https:\/\/www.welovecycling.com\/cs\/2025\/09\/01\/van-der-poel-pripustil-prestup-na-biky\/#primaryimage\",\"url\":\"https:\/\/d2p6e6u75xmxt8.cloudfront.net\/13\/2025\/09\/profimedia-1032050824.webp\",\"contentUrl\":\"https:\/\/d2p6e6u75xmxt8.cloudfront.net\/13\/2025\/09\/profimedia-1032050824.webp\",\"width\":1800,\"height\":1200,\"caption\":\"Mathieu van der Poel\"},{\"@type\":\"WebSite\",\"@id\":\"https:\/\/www.welovecycling.com\/cs\/#website\",\"url\":\"https:\/\/www.welovecycling.com\/cs\/\",\"name\":\"\u0160koda We Love Cycling - \u010cesk\u00e1 republika\",\"description\":\"WeLoveCycling.cz je online magaz\u00edn, kter\u00fd v\u00e1m pravideln\u011b p\u0159in\u00e1\u0161\u00ed rady a tipy, zaj\u00edmav\u00e9 \u010dl\u00e1nky, videa a jedine\u010dn\u00e9 report\u00e1\u017ee ze sv\u011bta cyklistiky.\",\"potentialAction\":[{\"@type\":\"SearchAction\",\"target\":{\"@type\":\"EntryPoint\",\"urlTemplate\":\"https:\/\/www.welovecycling.com\/cs\/?s={search_term_string}\"},\"query-input\":{\"@type\":\"PropertyValueSpecification\",\"valueRequired\":true,\"valueName\":\"search_term_string\"}}],\"inLanguage\":\"cs\"},{\"@type\":\"Person\",\"@id\":\"https:\/\/www.welovecycling.com\/cs\/#\/schema\/person\/d9eeb0a378f3a7e4a6d12d2b536b04b8\",\"name\":\"radekmalina\",\"image\":{\"@type\":\"ImageObject\",\"inLanguage\":\"cs\",\"@id\":\"https:\/\/www.welovecycling.com\/cs\/#\/schema\/person\/image\/\",\"url\":\"https:\/\/secure.gravatar.com\/avatar\/66994b632cb8c39a46b9f54afa3ae07201b678d32a54275b6f1c9ffec356bfc0?s=96&d=mm&r=g\",\"contentUrl\":\"https:\/\/secure.gravatar.com\/avatar\/66994b632cb8c39a46b9f54afa3ae07201b678d32a54275b6f1c9ffec356bfc0?s=96&d=mm&r=g\",\"caption\":\"radekmalina\"},\"url\":\"https:\/\/www.welovecycling.com\/cs\/author\/radekmalina\/\"}]}<\/script>\n<!-- \/ Yoast SEO Premium plugin. -->","yoast_head_json":{"title":"Van der Poel p\u0159ipustil p\u0159estup na biky | \u0160koda We Love Cycling - \u010cesk\u00e1 republika","robots":{"index":"index","follow":"follow","max-snippet":"max-snippet:-1","max-image-preview":"max-image-preview:large","max-video-preview":"max-video-preview:-1"},"canonical":"https:\/\/www.welovecycling.com\/cs\/2025\/09\/01\/van-der-poel-pripustil-prestup-na-biky\/","og_locale":"cs_CZ","og_type":"article","og_title":"Van der Poel p\u0159ipustil p\u0159estup na biky","og_description":"Duhov\u00fd sen o titulu mistra sv\u011bta z cross country horsk\u00fdch kol je st\u00e1le siln\u011bj\u0161\u00ed. Mathieu van der Poel, nizozemsk\u00fd fenom\u00e9n [&hellip;]","og_url":"https:\/\/www.welovecycling.com\/cs\/2025\/09\/01\/van-der-poel-pripustil-prestup-na-biky\/","og_site_name":"\u0160koda We Love Cycling - \u010cesk\u00e1 republika","article_published_time":"2025-09-01T09:17:19+00:00","og_image":[{"width":1800,"height":1200,"url":"https:\/\/d2p6e6u75xmxt8.cloudfront.net\/13\/2025\/09\/profimedia-1032050824.webp","type":"image\/webp"}],"author":"radekmalina","twitter_card":"summary_large_image","twitter_misc":{"Written by":"Radek Malina","Est. reading time":"5"},"schema":{"@context":"https:\/\/schema.org","@graph":[{"@type":"WebPage","@id":"https:\/\/www.welovecycling.com\/cs\/2025\/09\/01\/van-der-poel-pripustil-prestup-na-biky\/","url":"https:\/\/www.welovecycling.com\/cs\/2025\/09\/01\/van-der-poel-pripustil-prestup-na-biky\/","name":"Van der Poel p\u0159ipustil p\u0159estup na biky | \u0160koda We Love Cycling - \u010cesk\u00e1 republika","isPartOf":{"@id":"https:\/\/www.welovecycling.com\/cs\/#website"},"primaryImageOfPage":{"@id":"https:\/\/www.welovecycling.com\/cs\/2025\/09\/01\/van-der-poel-pripustil-prestup-na-biky\/#primaryimage"},"image":{"@id":"https:\/\/www.welovecycling.com\/cs\/2025\/09\/01\/van-der-poel-pripustil-prestup-na-biky\/#primaryimage"},"thumbnailUrl":"https:\/\/d2p6e6u75xmxt8.cloudfront.net\/13\/2025\/09\/profimedia-1032050824.webp","datePublished":"2025-09-01T09:17:19+00:00","author":{"@id":"https:\/\/www.welovecycling.com\/cs\/#\/schema\/person\/d9eeb0a378f3a7e4a6d12d2b536b04b8"},"inLanguage":"cs","potentialAction":[{"@type":"ReadAction","target":["https:\/\/www.welovecycling.com\/cs\/2025\/09\/01\/van-der-poel-pripustil-prestup-na-biky\/"]}]},{"@type":"ImageObject","inLanguage":"cs","@id":"https:\/\/www.welovecycling.com\/cs\/2025\/09\/01\/van-der-poel-pripustil-prestup-na-biky\/#primaryimage","url":"https:\/\/d2p6e6u75xmxt8.cloudfront.net\/13\/2025\/09\/profimedia-1032050824.webp","contentUrl":"https:\/\/d2p6e6u75xmxt8.cloudfront.net\/13\/2025\/09\/profimedia-1032050824.webp","width":1800,"height":1200,"caption":"Mathieu van der Poel"},{"@type":"WebSite","@id":"https:\/\/www.welovecycling.com\/cs\/#website","url":"https:\/\/www.welovecycling.com\/cs\/","name":"\u0160koda We Love Cycling - \u010cesk\u00e1 republika","description":"WeLoveCycling.cz je online magaz\u00edn, kter\u00fd v\u00e1m pravideln\u011b p\u0159in\u00e1\u0161\u00ed rady a tipy, zaj\u00edmav\u00e9 \u010dl\u00e1nky, videa a jedine\u010dn\u00e9 report\u00e1\u017ee ze sv\u011bta cyklistiky.","potentialAction":[{"@type":"SearchAction","target":{"@type":"EntryPoint","urlTemplate":"https:\/\/www.welovecycling.com\/cs\/?s={search_term_string}"},"query-input":{"@type":"PropertyValueSpecification","valueRequired":true,"valueName":"search_term_string"}}],"inLanguage":"cs"},{"@type":"Person","@id":"https:\/\/www.welovecycling.com\/cs\/#\/schema\/person\/d9eeb0a378f3a7e4a6d12d2b536b04b8","name":"radekmalina","image":{"@type":"ImageObject","inLanguage":"cs","@id":"https:\/\/www.welovecycling.com\/cs\/#\/schema\/person\/image\/","url":"https:\/\/secure.gravatar.com\/avatar\/66994b632cb8c39a46b9f54afa3ae07201b678d32a54275b6f1c9ffec356bfc0?s=96&d=mm&r=g","contentUrl":"https:\/\/secure.gravatar.com\/avatar\/66994b632cb8c39a46b9f54afa3ae07201b678d32a54275b6f1c9ffec356bfc0?s=96&d=mm&r=g","caption":"radekmalina"},"url":"https:\/\/www.welovecycling.com\/cs\/author\/radekmalina\/"}]}},"_links":{"self":[{"href":"https:\/\/www.welovecycling.com\/cs\/wp-json\/wp\/v2\/posts\/30849","targetHints":{"allow":["GET"]}}],"collection":[{"href":"https:\/\/www.welovecycling.com\/cs\/wp-json\/wp\/v2\/posts"}],"about":[{"href":"https:\/\/www.welovecycling.com\/cs\/wp-json\/wp\/v2\/types\/post"}],"author":[{"embeddable":true,"href":"https:\/\/www.welovecycling.com\/cs\/wp-json\/wp\/v2\/users\/138"}],"replies":[{"embeddable":true,"href":"https:\/\/www.welovecycling.com\/cs\/wp-json\/wp\/v2\/comments?post=30849"}],"version-history":[{"count":5,"href":"https:\/\/www.welovecycling.com\/cs\/wp-json\/wp\/v2\/posts\/30849\/revisions"}],"predecessor-version":[{"id":30856,"href":"https:\/\/www.welovecycling.com\/cs\/wp-json\/wp\/v2\/posts\/30849\/revisions\/30856"}],"wp:featuredmedia":[{"embeddable":true,"href":"https:\/\/www.welovecycling.com\/cs\/wp-json\/wp\/v2\/media\/30851"}],"wp:attachment":[{"href":"https:\/\/www.welovecycling.com\/cs\/wp-json\/wp\/v2\/media?parent=30849"}],"wp:term":[{"taxonomy":"category","embeddable":true,"href":"https:\/\/www.welovecycling.com\/cs\/wp-json\/wp\/v2\/categories?post=30849"},{"taxonomy":"post_tag","embeddable":true,"href":"https:\/\/www.welovecycling.com\/cs\/wp-json\/wp\/v2\/tags?post=30849"},{"taxonomy":"global-categories","embeddable":true,"href":"https:\/\/www.welovecycling.com\/cs\/wp-json\/wp\/v2\/global-categories?post=30849"}],"curies":[{"name":"wp","href":"https:\/\/api.w.org\/{rel}","templated":true}]}}