{"id":30819,"date":"2025-08-29T06:54:14","date_gmt":"2025-08-29T04:54:14","guid":{"rendered":"https:\/\/www.welovecycling.com\/cs\/?p=30819"},"modified":"2025-08-29T07:10:58","modified_gmt":"2025-08-29T05:10:58","slug":"wlc-cz-kavarny-7-sousedi-pavlov-naramne-povedeny-pokus","status":"publish","type":"post","link":"https:\/\/www.welovecycling.com\/cs\/2025\/08\/29\/wlc-cz-kavarny-7-sousedi-pavlov-naramne-povedeny-pokus\/","title":{"rendered":"WLC.cz kav\u00e1rny: Sousedi Pavlov &#8211; n\u00e1ramn\u011b poveden\u00fd pokus"},"content":{"rendered":"<p><strong>Ji\u017en\u00ed Morava = tot\u00e1ln\u00ed placka, \u0159eknete si. Postihne-li v\u00e1s ale nep\u0159ekonateln\u00e1 chu\u0165 na k\u00e1vu a cosi dobr\u00e9ho k tomu, budete muset shodit na mal\u00fd p\u0159evodn\u00edk. Ale nebojte, jen kousek, proto\u017ee to dobr\u00e9 le\u017e\u00ed je\u0161t\u011b pod nejv\u011bt\u0161\u00edm krp\u00e1lem na P\u00e1lavu. Ta m\u00e1 sv\u016fj horizont po\u0159\u00e1d je\u0161t\u011b dost daleko. Vlastn\u011b sta\u010d\u00ed jen nat\u00e1hnout ruku a budete si ji chladit ve vod\u011b toho mo\u0159e dole, ve vlnk\u00e1ch Nov\u00fdch Ml\u00fdn\u016f. No dob\u0159e, tak bl\u00edzko to zase nen\u00ed, ale tep se je\u0161t\u011b nestihne dostat do takov\u00fdch v\u00fd\u0161in, abyste z menu kav\u00e1rny Sousedi v Pavlov\u011b nezvl\u00e1dli vyb\u00edrat.<\/strong><\/p>\n<p>B\u00edl\u00e9 st\u011bny budovy sv\u00edt\u00ed stejn\u011b jako ty naho\u0159e na kopci, kde stoj\u00ed, nebo sp\u00ed\u0161 le\u017e\u00ed zbytky hr\u00e1dku D\u011bvi\u010dky. Ve vedlej\u0161\u00ed vsi 30 tis\u00edc let spala v zemi zapomenut\u00e1 Venu\u0161e a jej\u00ed v\u011bhlas kous\u00ed\u010dek od <a href=\"https:\/\/www.welovecycling.com\/cs\/2024\/09\/04\/kava-a-cyklistika-skryva-se-v-salku-nepritel\/\">kav\u00e1rny<\/a> zv\u011bstuje m\u00edstn\u00ed archeopark. Mimochodem taky povinn\u00e1 zast\u00e1vka, stejn\u011b jako v podniku Sousedi Pavlov.<\/p>\n<p>V\u00fdb\u011brov\u00e1 k\u00e1va je samoz\u0159ejmost\u00ed, berou ji z brn\u011bnsk\u00e9 pra\u017e\u00edrny Rebelbean. Z\u00e1kusky vyr\u00e1b\u00ed m\u00edstn\u00ed pan\u00ed cukr\u00e1\u0159ka, ale opatrn\u011b s nimi, proto\u017ee v\u00fdjezd do Klentnice a d\u00e1l do Mikulova by mohl s pln\u00fdm pup\u00edkem zabolet.<\/p>\n<p><a href=\"https:\/\/d2p6e6u75xmxt8.cloudfront.net\/13\/2025\/08\/kavarna3.webp\"><img loading=\"lazy\" decoding=\"async\" class=\"alignnone size-full wp-image-30826\" src=\"https:\/\/d2p6e6u75xmxt8.cloudfront.net\/13\/2025\/08\/kavarna3.webp\" alt=\"\" width=\"1000\" height=\"750\" srcset=\"https:\/\/d2p6e6u75xmxt8.cloudfront.net\/13\/2025\/08\/kavarna3.webp 1000w, https:\/\/d2p6e6u75xmxt8.cloudfront.net\/13\/2025\/08\/kavarna3-300x225.webp 300w, https:\/\/d2p6e6u75xmxt8.cloudfront.net\/13\/2025\/08\/kavarna3-768x576.webp 768w, https:\/\/d2p6e6u75xmxt8.cloudfront.net\/13\/2025\/08\/kavarna3-400x300.webp 400w\" sizes=\"auto, (max-width: 1000px) 100vw, 1000px\" \/><\/a><\/p>\n<p>Anebo \u2013 kdyby t\u011bch dort\u016f nebo t\u0159eba i v\u00edna, co ho tu v podniku Sousedi Pavlov serv\u00edruj\u00ed, na v\u00e1s bylo najednou moc \u2013 sta\u010d\u00ed vyb\u011bhnout p\u00e1r schod\u016f do patra a ulehnout. Sou\u010d\u00e1st\u00ed t\u00e9to o\u00e1zy je ubytov\u00e1n\u00ed ve \u010dty\u0159ech apartm\u00e1nech. \u201eN\u011bkter\u00e9 s v\u00ed\u0159ivkou, s terasou,\u201c l\u00e1k\u00e1 Ji\u0159\u00ed Hlav\u00e1\u010d, kter\u00e9mu to tu v p\u00e1ru s man\u017eelkou Silvi\u00ed \u0159\u00edk\u00e1 pane.<\/p>\n<p><a href=\"https:\/\/d2p6e6u75xmxt8.cloudfront.net\/13\/2025\/08\/227055122.webp\"><img loading=\"lazy\" decoding=\"async\" class=\"alignnone size-full wp-image-30823\" src=\"https:\/\/d2p6e6u75xmxt8.cloudfront.net\/13\/2025\/08\/227055122.webp\" alt=\"\" width=\"1024\" height=\"683\" srcset=\"https:\/\/d2p6e6u75xmxt8.cloudfront.net\/13\/2025\/08\/227055122.webp 1024w, https:\/\/d2p6e6u75xmxt8.cloudfront.net\/13\/2025\/08\/227055122-300x200.webp 300w, https:\/\/d2p6e6u75xmxt8.cloudfront.net\/13\/2025\/08\/227055122-768x512.webp 768w, https:\/\/d2p6e6u75xmxt8.cloudfront.net\/13\/2025\/08\/227055122-400x267.webp 400w, https:\/\/d2p6e6u75xmxt8.cloudfront.net\/13\/2025\/08\/227055122-272x182.webp 272w\" sizes=\"auto, (max-width: 1024px) 100vw, 1024px\" \/><\/a><\/p>\n<p>A t\u00edm se dost\u00e1v\u00e1me k p\u016fvodu n\u00e1zvu t\u00e9to cycling friendly k\u00e1vov\u00e9 stanice na P\u00e1lav\u011b. Hlav\u00e1\u010dovi jsou n\u00e1plavy, sv\u016fj hlavn\u00ed stan i byznys maj\u00ed v Olomouci. Pan \u0161\u00e9f ale hledal chatu, kterou by mohl pro rodinu p\u0159estav\u011bt na honosn\u011bj\u0161\u00ed bydlen\u00ed, a objevil tuto parcelu.<\/p>\n<p>\u201eByl to takov\u00fd pokus, kter\u00fd se ale povedl,\u201c \u0159\u00edk\u00e1 k \u00fasp\u011b\u0161n\u00e9mu podnik\u00e1n\u00ed v gastru. \u201eNakonec jsem zjistil, \u017ee firmu m\u016f\u017eu \u0159\u00eddit na d\u00e1lku a do Olomouce doj\u00ed\u017ed\u011bt.\u201c<\/p>\n<p><a href=\"https:\/\/d2p6e6u75xmxt8.cloudfront.net\/13\/2025\/08\/kavarna7.webp\"><img loading=\"lazy\" decoding=\"async\" class=\"alignnone size-full wp-image-30825\" src=\"https:\/\/d2p6e6u75xmxt8.cloudfront.net\/13\/2025\/08\/kavarna7.webp\" alt=\"\" width=\"1000\" height=\"750\" srcset=\"https:\/\/d2p6e6u75xmxt8.cloudfront.net\/13\/2025\/08\/kavarna7.webp 1000w, https:\/\/d2p6e6u75xmxt8.cloudfront.net\/13\/2025\/08\/kavarna7-300x225.webp 300w, https:\/\/d2p6e6u75xmxt8.cloudfront.net\/13\/2025\/08\/kavarna7-768x576.webp 768w, https:\/\/d2p6e6u75xmxt8.cloudfront.net\/13\/2025\/08\/kavarna7-400x300.webp 400w\" sizes=\"auto, (max-width: 1000px) 100vw, 1000px\" \/><\/a><\/p>\n<p>A \u010dasem, kdy\u017e u\u017e se mezi m\u00edstn\u00edmi rozkoukali a hledali pojmenov\u00e1n\u00ed pro podnik, vy\u0161lo jim pr\u00e1v\u011b toto. \u201eNecht\u011bli jsme \u017e\u00e1dn\u00fd anglick\u00fd n\u00e1zev. A kdy\u017e jsem pak vid\u011bl film Sousedi 2, tak mi to docvaklo. \u017de je to ten spr\u00e1vn\u00fd \u010desk\u00fd n\u00e1zev,\u201c \u0159\u00edk\u00e1 Hlav\u00e1\u010d o obl\u00edben\u00e9m sousedsk\u00e9m posezen\u00ed. \u201e\u010casem jsme se skamar\u00e1dili se starousedl\u00edky, tak\u017ee se to hodilo. Jsou to na\u0161i sousedi.\u201c<\/p>\n<p><a href=\"https:\/\/d2p6e6u75xmxt8.cloudfront.net\/13\/2025\/08\/IMG_20250504_095145-scaled.webp\"><img loading=\"lazy\" decoding=\"async\" class=\"alignnone size-extra-large wp-image-30828\" src=\"https:\/\/d2p6e6u75xmxt8.cloudfront.net\/13\/2025\/08\/IMG_20250504_095145-1920x1440.webp\" alt=\"\" width=\"1920\" height=\"1440\" srcset=\"https:\/\/d2p6e6u75xmxt8.cloudfront.net\/13\/2025\/08\/IMG_20250504_095145-1920x1440.webp 1920w, https:\/\/d2p6e6u75xmxt8.cloudfront.net\/13\/2025\/08\/IMG_20250504_095145-300x225.webp 300w, https:\/\/d2p6e6u75xmxt8.cloudfront.net\/13\/2025\/08\/IMG_20250504_095145-1024x768.webp 1024w, https:\/\/d2p6e6u75xmxt8.cloudfront.net\/13\/2025\/08\/IMG_20250504_095145-768x576.webp 768w, https:\/\/d2p6e6u75xmxt8.cloudfront.net\/13\/2025\/08\/IMG_20250504_095145-1536x1152.webp 1536w, https:\/\/d2p6e6u75xmxt8.cloudfront.net\/13\/2025\/08\/IMG_20250504_095145-2048x1536.webp 2048w, https:\/\/d2p6e6u75xmxt8.cloudfront.net\/13\/2025\/08\/IMG_20250504_095145-400x300.webp 400w, https:\/\/d2p6e6u75xmxt8.cloudfront.net\/13\/2025\/08\/IMG_20250504_095145-1920x1440.webp 1920w\" sizes=\"auto, (max-width: 1920px) 100vw, 1920px\" \/><\/a><\/p>\n<p>Podnik\u00e1n\u00ed se rozjelo v roce 2019 jako kav\u00e1rna a \u010dasem tu p\u0159e\u0161li do sn\u00eddan\u00ed, na kter\u00e9 te\u010f maj\u00ed v okol\u00ed \u2013 d\u00e1 se \u0159\u00edct \u2013 monopol. Vedle toho taky ve stejn\u00e9 budov\u011b provozuj\u00ed obch\u016fdek s lok\u00e1ln\u00edmi v\u00fdrobky. \u201eS t\u00edm, co n\u00e1m chutn\u00e1 a nebol\u00ed z toho hlava. To pak sami pijeme,\u201c sm\u011bje se \u0161\u00e9f. \u201eVedle toho taky pa\u0161tiky z Hustope\u010d, levandulovou kosmetiku z m\u00fddl\u00e1rny v Klentnici. Hrajeme si s t\u00edm.\u201c<\/p>\n<p>A mo\u017en\u00e1 je\u0161t\u011b jedna podstatn\u00e1 informace \u2013 Sousedi Pavlov se berou za denn\u00ed podnik. To znamen\u00e1 otev\u0159eno od sn\u00eddan\u011b do soumraku, pr\u00e1zdninov\u00e1 zav\u00edra\u010dka bude v 7. To aby host\u00e9 i majitel\u00e9 m\u011bli na ve\u010der klid. Po setm\u011bn\u00ed nech\u0165 se z\u00e1jemci vydaj\u00ed do vinn\u00fdch skl\u00edpk\u016f, co jich kolem je.<\/p>\n<p><strong>SOUSEDI PAVLOV<\/strong><\/p>\n<ul>\n<li><strong>Hodnocen\u00ed:\u00a0<\/strong>4,6\/5<\/li>\n<li><strong><strong>Lokalita: <\/strong><\/strong><a tabindex=\"0\" href=\"https:\/\/www.google.com\/maps\/place\/\/data=!4m2!3m1!1s0x4712cd0340d46d39:0x3daa5c1591613b1b?sa=X&amp;ved=1t:8290&amp;ictx=111\" data-url=\"\/maps\/place\/\/data=!4m2!3m1!1s0x4712cd0340d46d39:0x3daa5c1591613b1b?sa=X&amp;ved=2ahUKEwjM7fvxl6-PAxXUiv0HHaj6H7kQ4kB6BAgGEAA\">23. dubna 30, 692 01 Pavlov-Mikulov na Morav\u011b, \u010cesko<\/a><\/li>\n<li><strong>Instagram<\/strong>: <a href=\"https:\/\/www.instagram.com\/sousedipavlov\/?hl=cs\">Sousedi Pavlov<\/a><\/li>\n<li><strong>Speciality<\/strong>: kr\u00e1sn\u011b serv\u00edrovan\u00e9 dom\u00e1c\u00ed dezerty<\/li>\n<li><strong>Otv\u00edrac\u00ed doba<\/strong>: Po-Ne 9-19 hodin<\/li>\n<\/ul>\n","protected":false},"excerpt":{"rendered":"<p>Ji\u017en\u00ed Morava = tot\u00e1ln\u00ed placka, \u0159eknete si. Postihne-li v\u00e1s ale nep\u0159ekonateln\u00e1 chu\u0165 na k\u00e1vu a cosi dobr\u00e9ho k tomu, budete [&hellip;]<\/p>\n","protected":false},"author":138,"featured_media":30829,"comment_status":"open","ping_status":"open","sticky":false,"template":"","format":"standard","meta":{"footnotes":""},"categories":[167,3585,660],"tags":[126,56,1075,3578,9,4353,4354,27],"global-categories":[411],"class_list":["post-30819","post","type-post","status-publish","format-standard","has-post-thumbnail","hentry","category-tipy-na-vylet","category-wlc-cz-kavarny","category-https-www-welovecycling-com-cs-category-zabava","tag-cyklistika","tag-horska-cyklistika","tag-kava-a-cyklistika","tag-kavarny","tag-silnicni-cyklistika","tag-sousedi-pavlov","tag-tipy-na-vylety","tag-trenink","global-categories-cycling"],"yoast_head":"<!-- This site is optimized with the Yoast SEO Premium plugin v25.3 (Yoast SEO v25.9) - https:\/\/yoast.com\/wordpress\/plugins\/seo\/ -->\n<title>WLC.cz kav\u00e1rny: Sousedi Pavlov - n\u00e1ramn\u011b poveden\u00fd pokus | \u0160koda We Love Cycling - \u010cesk\u00e1 republika<\/title>\n<meta name=\"description\" content=\"Ji\u017en\u00ed Morava = tot\u00e1ln\u00ed placka, \u0159eknete si. Postihne-li v\u00e1s ale nep\u0159ekonateln\u00e1 chu\u0165 na k\u00e1vu a cosi dobr\u00e9ho k tomu, budete muset shodit na mal\u00fd p\u0159evodn\u00edk. Ale nebojte, jen kousek, proto\u017ee to dobr\u00e9 le\u017e\u00ed je\u0161t\u011b pod nejv\u011bt\u0161\u00edm krp\u00e1lem na P\u00e1lavu. Ta m\u00e1 sv\u016fj horizont po\u0159\u00e1d je\u0161t\u011b dost daleko. Vlastn\u011b sta\u010d\u00ed jen nat\u00e1hnout ruku a budete si ji chladit ve vod\u011b toho mo\u0159e dole, ve vlnk\u00e1ch Nov\u00fdch Ml\u00fdn\u016f. No dob\u0159e, tak bl\u00edzko to zase nen\u00ed, ale tep se je\u0161t\u011b nestihne dostat do takov\u00fdch v\u00fd\u0161in, abyste z menu kav\u00e1rny Sousedi v Pavlov\u011b nezvl\u00e1dli vyb\u00edrat.\" \/>\n<meta name=\"robots\" content=\"index, follow, max-snippet:-1, max-image-preview:large, max-video-preview:-1\" \/>\n<link rel=\"canonical\" href=\"https:\/\/www.welovecycling.com\/cs\/2025\/08\/29\/wlc-cz-kavarny-7-sousedi-pavlov-naramne-povedeny-pokus\/\" \/>\n<meta property=\"og:locale\" content=\"cs_CZ\" \/>\n<meta property=\"og:type\" content=\"article\" \/>\n<meta property=\"og:title\" content=\"WLC.cz kav\u00e1rny: Sousedi Pavlov - n\u00e1ramn\u011b poveden\u00fd pokus\" \/>\n<meta property=\"og:description\" content=\"Ji\u017en\u00ed Morava = tot\u00e1ln\u00ed placka, \u0159eknete si. Postihne-li v\u00e1s ale nep\u0159ekonateln\u00e1 chu\u0165 na k\u00e1vu a cosi dobr\u00e9ho k tomu, budete muset shodit na mal\u00fd p\u0159evodn\u00edk. Ale nebojte, jen kousek, proto\u017ee to dobr\u00e9 le\u017e\u00ed je\u0161t\u011b pod nejv\u011bt\u0161\u00edm krp\u00e1lem na P\u00e1lavu. Ta m\u00e1 sv\u016fj horizont po\u0159\u00e1d je\u0161t\u011b dost daleko. Vlastn\u011b sta\u010d\u00ed jen nat\u00e1hnout ruku a budete si ji chladit ve vod\u011b toho mo\u0159e dole, ve vlnk\u00e1ch Nov\u00fdch Ml\u00fdn\u016f. No dob\u0159e, tak bl\u00edzko to zase nen\u00ed, ale tep se je\u0161t\u011b nestihne dostat do takov\u00fdch v\u00fd\u0161in, abyste z menu kav\u00e1rny Sousedi v Pavlov\u011b nezvl\u00e1dli vyb\u00edrat.\" \/>\n<meta property=\"og:url\" content=\"https:\/\/www.welovecycling.com\/cs\/2025\/08\/29\/wlc-cz-kavarny-7-sousedi-pavlov-naramne-povedeny-pokus\/\" \/>\n<meta property=\"og:site_name\" content=\"\u0160koda We Love Cycling - \u010cesk\u00e1 republika\" \/>\n<meta property=\"article:published_time\" content=\"2025-08-29T04:54:14+00:00\" \/>\n<meta property=\"article:modified_time\" content=\"2025-08-29T05:10:58+00:00\" \/>\n<meta property=\"og:image\" content=\"https:\/\/d2p6e6u75xmxt8.cloudfront.net\/13\/2025\/08\/IMG_20250504_093657-scaled.webp\" \/>\n\t<meta property=\"og:image:width\" content=\"2560\" \/>\n\t<meta property=\"og:image:height\" content=\"1920\" \/>\n\t<meta property=\"og:image:type\" content=\"image\/webp\" \/>\n<meta name=\"author\" content=\"radekmalina\" \/>\n<meta name=\"twitter:card\" content=\"summary_large_image\" \/>\n<meta name=\"twitter:label1\" content=\"Written by\" \/>\n\t<meta name=\"twitter:data1\" content=\"We Love Cycling\" \/>\n\t<meta name=\"twitter:label2\" content=\"Est. reading time\" \/>\n\t<meta name=\"twitter:data2\" content=\"5\" \/>\n<script type=\"application\/ld+json\" class=\"yoast-schema-graph\">{\"@context\":\"https:\/\/schema.org\",\"@graph\":[{\"@type\":\"WebPage\",\"@id\":\"https:\/\/www.welovecycling.com\/cs\/2025\/08\/29\/wlc-cz-kavarny-7-sousedi-pavlov-naramne-povedeny-pokus\/\",\"url\":\"https:\/\/www.welovecycling.com\/cs\/2025\/08\/29\/wlc-cz-kavarny-7-sousedi-pavlov-naramne-povedeny-pokus\/\",\"name\":\"WLC.cz kav\u00e1rny: Sousedi Pavlov - n\u00e1ramn\u011b poveden\u00fd pokus | \u0160koda We Love Cycling - \u010cesk\u00e1 republika\",\"isPartOf\":{\"@id\":\"https:\/\/www.welovecycling.com\/cs\/#website\"},\"primaryImageOfPage\":{\"@id\":\"https:\/\/www.welovecycling.com\/cs\/2025\/08\/29\/wlc-cz-kavarny-7-sousedi-pavlov-naramne-povedeny-pokus\/#primaryimage\"},\"image\":{\"@id\":\"https:\/\/www.welovecycling.com\/cs\/2025\/08\/29\/wlc-cz-kavarny-7-sousedi-pavlov-naramne-povedeny-pokus\/#primaryimage\"},\"thumbnailUrl\":\"https:\/\/d2p6e6u75xmxt8.cloudfront.net\/13\/2025\/08\/IMG_20250504_093657-scaled.webp\",\"datePublished\":\"2025-08-29T04:54:14+00:00\",\"dateModified\":\"2025-08-29T05:10:58+00:00\",\"author\":{\"@id\":\"https:\/\/www.welovecycling.com\/cs\/#\/schema\/person\/d9eeb0a378f3a7e4a6d12d2b536b04b8\"},\"description\":\"Ji\u017en\u00ed Morava = tot\u00e1ln\u00ed placka, \u0159eknete si. Postihne-li v\u00e1s ale nep\u0159ekonateln\u00e1 chu\u0165 na k\u00e1vu a cosi dobr\u00e9ho k tomu, budete muset shodit na mal\u00fd p\u0159evodn\u00edk. Ale nebojte, jen kousek, proto\u017ee to dobr\u00e9 le\u017e\u00ed je\u0161t\u011b pod nejv\u011bt\u0161\u00edm krp\u00e1lem na P\u00e1lavu. Ta m\u00e1 sv\u016fj horizont po\u0159\u00e1d je\u0161t\u011b dost daleko. Vlastn\u011b sta\u010d\u00ed jen nat\u00e1hnout ruku a budete si ji chladit ve vod\u011b toho mo\u0159e dole, ve vlnk\u00e1ch Nov\u00fdch Ml\u00fdn\u016f. No dob\u0159e, tak bl\u00edzko to zase nen\u00ed, ale tep se je\u0161t\u011b nestihne dostat do takov\u00fdch v\u00fd\u0161in, abyste z menu kav\u00e1rny Sousedi v Pavlov\u011b nezvl\u00e1dli vyb\u00edrat.\",\"inLanguage\":\"cs\",\"potentialAction\":[{\"@type\":\"ReadAction\",\"target\":[\"https:\/\/www.welovecycling.com\/cs\/2025\/08\/29\/wlc-cz-kavarny-7-sousedi-pavlov-naramne-povedeny-pokus\/\"]}]},{\"@type\":\"ImageObject\",\"inLanguage\":\"cs\",\"@id\":\"https:\/\/www.welovecycling.com\/cs\/2025\/08\/29\/wlc-cz-kavarny-7-sousedi-pavlov-naramne-povedeny-pokus\/#primaryimage\",\"url\":\"https:\/\/d2p6e6u75xmxt8.cloudfront.net\/13\/2025\/08\/IMG_20250504_093657-scaled.webp\",\"contentUrl\":\"https:\/\/d2p6e6u75xmxt8.cloudfront.net\/13\/2025\/08\/IMG_20250504_093657-scaled.webp\",\"width\":2560,\"height\":1920,\"caption\":\"Sousedi Pavlov\"},{\"@type\":\"WebSite\",\"@id\":\"https:\/\/www.welovecycling.com\/cs\/#website\",\"url\":\"https:\/\/www.welovecycling.com\/cs\/\",\"name\":\"\u0160koda We Love Cycling - \u010cesk\u00e1 republika\",\"description\":\"WeLoveCycling.cz je online magaz\u00edn, kter\u00fd v\u00e1m pravideln\u011b p\u0159in\u00e1\u0161\u00ed rady a tipy, zaj\u00edmav\u00e9 \u010dl\u00e1nky, videa a jedine\u010dn\u00e9 report\u00e1\u017ee ze sv\u011bta cyklistiky.\",\"potentialAction\":[{\"@type\":\"SearchAction\",\"target\":{\"@type\":\"EntryPoint\",\"urlTemplate\":\"https:\/\/www.welovecycling.com\/cs\/?s={search_term_string}\"},\"query-input\":{\"@type\":\"PropertyValueSpecification\",\"valueRequired\":true,\"valueName\":\"search_term_string\"}}],\"inLanguage\":\"cs\"},{\"@type\":\"Person\",\"@id\":\"https:\/\/www.welovecycling.com\/cs\/#\/schema\/person\/d9eeb0a378f3a7e4a6d12d2b536b04b8\",\"name\":\"radekmalina\",\"image\":{\"@type\":\"ImageObject\",\"inLanguage\":\"cs\",\"@id\":\"https:\/\/www.welovecycling.com\/cs\/#\/schema\/person\/image\/\",\"url\":\"https:\/\/secure.gravatar.com\/avatar\/66994b632cb8c39a46b9f54afa3ae07201b678d32a54275b6f1c9ffec356bfc0?s=96&d=mm&r=g\",\"contentUrl\":\"https:\/\/secure.gravatar.com\/avatar\/66994b632cb8c39a46b9f54afa3ae07201b678d32a54275b6f1c9ffec356bfc0?s=96&d=mm&r=g\",\"caption\":\"radekmalina\"},\"url\":\"https:\/\/www.welovecycling.com\/cs\/author\/radekmalina\/\"}]}<\/script>\n<!-- \/ Yoast SEO Premium plugin. -->","yoast_head_json":{"title":"WLC.cz kav\u00e1rny: Sousedi Pavlov - n\u00e1ramn\u011b poveden\u00fd pokus | \u0160koda We Love Cycling - \u010cesk\u00e1 republika","description":"Ji\u017en\u00ed Morava = tot\u00e1ln\u00ed placka, \u0159eknete si. Postihne-li v\u00e1s ale nep\u0159ekonateln\u00e1 chu\u0165 na k\u00e1vu a cosi dobr\u00e9ho k tomu, budete muset shodit na mal\u00fd p\u0159evodn\u00edk. Ale nebojte, jen kousek, proto\u017ee to dobr\u00e9 le\u017e\u00ed je\u0161t\u011b pod nejv\u011bt\u0161\u00edm krp\u00e1lem na P\u00e1lavu. Ta m\u00e1 sv\u016fj horizont po\u0159\u00e1d je\u0161t\u011b dost daleko. Vlastn\u011b sta\u010d\u00ed jen nat\u00e1hnout ruku a budete si ji chladit ve vod\u011b toho mo\u0159e dole, ve vlnk\u00e1ch Nov\u00fdch Ml\u00fdn\u016f. No dob\u0159e, tak bl\u00edzko to zase nen\u00ed, ale tep se je\u0161t\u011b nestihne dostat do takov\u00fdch v\u00fd\u0161in, abyste z menu kav\u00e1rny Sousedi v Pavlov\u011b nezvl\u00e1dli vyb\u00edrat.","robots":{"index":"index","follow":"follow","max-snippet":"max-snippet:-1","max-image-preview":"max-image-preview:large","max-video-preview":"max-video-preview:-1"},"canonical":"https:\/\/www.welovecycling.com\/cs\/2025\/08\/29\/wlc-cz-kavarny-7-sousedi-pavlov-naramne-povedeny-pokus\/","og_locale":"cs_CZ","og_type":"article","og_title":"WLC.cz kav\u00e1rny: Sousedi Pavlov - n\u00e1ramn\u011b poveden\u00fd pokus","og_description":"Ji\u017en\u00ed Morava = tot\u00e1ln\u00ed placka, \u0159eknete si. Postihne-li v\u00e1s ale nep\u0159ekonateln\u00e1 chu\u0165 na k\u00e1vu a cosi dobr\u00e9ho k tomu, budete muset shodit na mal\u00fd p\u0159evodn\u00edk. Ale nebojte, jen kousek, proto\u017ee to dobr\u00e9 le\u017e\u00ed je\u0161t\u011b pod nejv\u011bt\u0161\u00edm krp\u00e1lem na P\u00e1lavu. Ta m\u00e1 sv\u016fj horizont po\u0159\u00e1d je\u0161t\u011b dost daleko. Vlastn\u011b sta\u010d\u00ed jen nat\u00e1hnout ruku a budete si ji chladit ve vod\u011b toho mo\u0159e dole, ve vlnk\u00e1ch Nov\u00fdch Ml\u00fdn\u016f. No dob\u0159e, tak bl\u00edzko to zase nen\u00ed, ale tep se je\u0161t\u011b nestihne dostat do takov\u00fdch v\u00fd\u0161in, abyste z menu kav\u00e1rny Sousedi v Pavlov\u011b nezvl\u00e1dli vyb\u00edrat.","og_url":"https:\/\/www.welovecycling.com\/cs\/2025\/08\/29\/wlc-cz-kavarny-7-sousedi-pavlov-naramne-povedeny-pokus\/","og_site_name":"\u0160koda We Love Cycling - \u010cesk\u00e1 republika","article_published_time":"2025-08-29T04:54:14+00:00","article_modified_time":"2025-08-29T05:10:58+00:00","og_image":[{"width":2560,"height":1920,"url":"https:\/\/d2p6e6u75xmxt8.cloudfront.net\/13\/2025\/08\/IMG_20250504_093657-scaled.webp","type":"image\/webp"}],"author":"radekmalina","twitter_card":"summary_large_image","twitter_misc":{"Written by":"We Love Cycling","Est. reading time":"5"},"schema":{"@context":"https:\/\/schema.org","@graph":[{"@type":"WebPage","@id":"https:\/\/www.welovecycling.com\/cs\/2025\/08\/29\/wlc-cz-kavarny-7-sousedi-pavlov-naramne-povedeny-pokus\/","url":"https:\/\/www.welovecycling.com\/cs\/2025\/08\/29\/wlc-cz-kavarny-7-sousedi-pavlov-naramne-povedeny-pokus\/","name":"WLC.cz kav\u00e1rny: Sousedi Pavlov - n\u00e1ramn\u011b poveden\u00fd pokus | \u0160koda We Love Cycling - \u010cesk\u00e1 republika","isPartOf":{"@id":"https:\/\/www.welovecycling.com\/cs\/#website"},"primaryImageOfPage":{"@id":"https:\/\/www.welovecycling.com\/cs\/2025\/08\/29\/wlc-cz-kavarny-7-sousedi-pavlov-naramne-povedeny-pokus\/#primaryimage"},"image":{"@id":"https:\/\/www.welovecycling.com\/cs\/2025\/08\/29\/wlc-cz-kavarny-7-sousedi-pavlov-naramne-povedeny-pokus\/#primaryimage"},"thumbnailUrl":"https:\/\/d2p6e6u75xmxt8.cloudfront.net\/13\/2025\/08\/IMG_20250504_093657-scaled.webp","datePublished":"2025-08-29T04:54:14+00:00","dateModified":"2025-08-29T05:10:58+00:00","author":{"@id":"https:\/\/www.welovecycling.com\/cs\/#\/schema\/person\/d9eeb0a378f3a7e4a6d12d2b536b04b8"},"description":"Ji\u017en\u00ed Morava = tot\u00e1ln\u00ed placka, \u0159eknete si. Postihne-li v\u00e1s ale nep\u0159ekonateln\u00e1 chu\u0165 na k\u00e1vu a cosi dobr\u00e9ho k tomu, budete muset shodit na mal\u00fd p\u0159evodn\u00edk. Ale nebojte, jen kousek, proto\u017ee to dobr\u00e9 le\u017e\u00ed je\u0161t\u011b pod nejv\u011bt\u0161\u00edm krp\u00e1lem na P\u00e1lavu. Ta m\u00e1 sv\u016fj horizont po\u0159\u00e1d je\u0161t\u011b dost daleko. Vlastn\u011b sta\u010d\u00ed jen nat\u00e1hnout ruku a budete si ji chladit ve vod\u011b toho mo\u0159e dole, ve vlnk\u00e1ch Nov\u00fdch Ml\u00fdn\u016f. No dob\u0159e, tak bl\u00edzko to zase nen\u00ed, ale tep se je\u0161t\u011b nestihne dostat do takov\u00fdch v\u00fd\u0161in, abyste z menu kav\u00e1rny Sousedi v Pavlov\u011b nezvl\u00e1dli vyb\u00edrat.","inLanguage":"cs","potentialAction":[{"@type":"ReadAction","target":["https:\/\/www.welovecycling.com\/cs\/2025\/08\/29\/wlc-cz-kavarny-7-sousedi-pavlov-naramne-povedeny-pokus\/"]}]},{"@type":"ImageObject","inLanguage":"cs","@id":"https:\/\/www.welovecycling.com\/cs\/2025\/08\/29\/wlc-cz-kavarny-7-sousedi-pavlov-naramne-povedeny-pokus\/#primaryimage","url":"https:\/\/d2p6e6u75xmxt8.cloudfront.net\/13\/2025\/08\/IMG_20250504_093657-scaled.webp","contentUrl":"https:\/\/d2p6e6u75xmxt8.cloudfront.net\/13\/2025\/08\/IMG_20250504_093657-scaled.webp","width":2560,"height":1920,"caption":"Sousedi Pavlov"},{"@type":"WebSite","@id":"https:\/\/www.welovecycling.com\/cs\/#website","url":"https:\/\/www.welovecycling.com\/cs\/","name":"\u0160koda We Love Cycling - \u010cesk\u00e1 republika","description":"WeLoveCycling.cz je online magaz\u00edn, kter\u00fd v\u00e1m pravideln\u011b p\u0159in\u00e1\u0161\u00ed rady a tipy, zaj\u00edmav\u00e9 \u010dl\u00e1nky, videa a jedine\u010dn\u00e9 report\u00e1\u017ee ze sv\u011bta cyklistiky.","potentialAction":[{"@type":"SearchAction","target":{"@type":"EntryPoint","urlTemplate":"https:\/\/www.welovecycling.com\/cs\/?s={search_term_string}"},"query-input":{"@type":"PropertyValueSpecification","valueRequired":true,"valueName":"search_term_string"}}],"inLanguage":"cs"},{"@type":"Person","@id":"https:\/\/www.welovecycling.com\/cs\/#\/schema\/person\/d9eeb0a378f3a7e4a6d12d2b536b04b8","name":"radekmalina","image":{"@type":"ImageObject","inLanguage":"cs","@id":"https:\/\/www.welovecycling.com\/cs\/#\/schema\/person\/image\/","url":"https:\/\/secure.gravatar.com\/avatar\/66994b632cb8c39a46b9f54afa3ae07201b678d32a54275b6f1c9ffec356bfc0?s=96&d=mm&r=g","contentUrl":"https:\/\/secure.gravatar.com\/avatar\/66994b632cb8c39a46b9f54afa3ae07201b678d32a54275b6f1c9ffec356bfc0?s=96&d=mm&r=g","caption":"radekmalina"},"url":"https:\/\/www.welovecycling.com\/cs\/author\/radekmalina\/"}]}},"_links":{"self":[{"href":"https:\/\/www.welovecycling.com\/cs\/wp-json\/wp\/v2\/posts\/30819","targetHints":{"allow":["GET"]}}],"collection":[{"href":"https:\/\/www.welovecycling.com\/cs\/wp-json\/wp\/v2\/posts"}],"about":[{"href":"https:\/\/www.welovecycling.com\/cs\/wp-json\/wp\/v2\/types\/post"}],"author":[{"embeddable":true,"href":"https:\/\/www.welovecycling.com\/cs\/wp-json\/wp\/v2\/users\/138"}],"replies":[{"embeddable":true,"href":"https:\/\/www.welovecycling.com\/cs\/wp-json\/wp\/v2\/comments?post=30819"}],"version-history":[{"count":5,"href":"https:\/\/www.welovecycling.com\/cs\/wp-json\/wp\/v2\/posts\/30819\/revisions"}],"predecessor-version":[{"id":30834,"href":"https:\/\/www.welovecycling.com\/cs\/wp-json\/wp\/v2\/posts\/30819\/revisions\/30834"}],"wp:featuredmedia":[{"embeddable":true,"href":"https:\/\/www.welovecycling.com\/cs\/wp-json\/wp\/v2\/media\/30829"}],"wp:attachment":[{"href":"https:\/\/www.welovecycling.com\/cs\/wp-json\/wp\/v2\/media?parent=30819"}],"wp:term":[{"taxonomy":"category","embeddable":true,"href":"https:\/\/www.welovecycling.com\/cs\/wp-json\/wp\/v2\/categories?post=30819"},{"taxonomy":"post_tag","embeddable":true,"href":"https:\/\/www.welovecycling.com\/cs\/wp-json\/wp\/v2\/tags?post=30819"},{"taxonomy":"global-categories","embeddable":true,"href":"https:\/\/www.welovecycling.com\/cs\/wp-json\/wp\/v2\/global-categories?post=30819"}],"curies":[{"name":"wp","href":"https:\/\/api.w.org\/{rel}","templated":true}]}}