{"id":30801,"date":"2025-08-28T08:02:37","date_gmt":"2025-08-28T06:02:37","guid":{"rendered":"https:\/\/www.welovecycling.com\/cs\/?p=30801"},"modified":"2025-08-28T08:51:09","modified_gmt":"2025-08-28T06:51:09","slug":"koktejl-stresu-a-vzruseni-co-nikdy-nenudi","status":"publish","type":"post","link":"https:\/\/www.welovecycling.com\/cs\/2025\/08\/28\/koktejl-stresu-a-vzruseni-co-nikdy-nenudi\/","title":{"rendered":"Koktejl stresu a vzru\u0161en\u00ed, co nikdy nenud\u00ed"},"content":{"rendered":"<p><strong>Vz\u00e1cnost, kter\u00e1 je k vid\u011bn\u00ed jen velmi z\u0159\u00eddka! P\u0159itom jde o tradici. Sou\u010d\u00e1st cyklistiky dlouh\u00e1 desetilet\u00ed. V\u011bt\u0161inou opom\u00edjen\u00e1 t\u00fdmov\u00e1 \u010dasovka byla v programu Vuelty 2025 p\u0159i jej\u00edm p\u00e1t\u00e9m d\u011bjstv\u00ed. A fanou\u0161ci se nenudili.<\/strong><\/p>\n<p>&#8222;T\u00fdmov\u00e1 \u010dasovka je discipl\u00edna, co je mezi v\u0161emi \u010dleny sportovn\u00edho \u00faseku Vuelty velice obl\u00edben\u00e1. A jsem si jist\u00fd, \u017ee bav\u00ed i fanou\u0161ky,&#8220; obhajoval Kiko Garcia, technick\u00fd \u0159editel Vuelty, za\u0159azen\u00ed \u010dasto opom\u00edjen\u00e9ho z\u00e1vodn\u00edho p\u0159edstaven\u00ed elitn\u00edch formac\u00ed.<\/p>\n<h2><strong>T\u00fdmov\u00e1 \u010dasovka znamen\u00e1 obrovsk\u00fd stres<\/strong><\/h2>\n<p>Nejlep\u0161\u00ed t\u00fdmy jsou na vrcholu. Investuj\u00ed velk\u00e9 pen\u00edze do v\u00fdvoje kol, dres\u016f, p\u0159ileb i dal\u0161\u00edch zd\u00e1nliv\u011b zanedbateln\u00fdch drobnost\u00ed, kter\u00e9 v kone\u010dn\u00e9m \u00fa\u010dtov\u00e1n\u00ed o setinky rozhoduj\u00ed o sl\u00e1v\u011b \u010di ne\u00fasp\u011bchu. V\u0161echny formace nap\u0159\u00ed\u010d pelotonem pe\u010dliv\u011b lad\u00ed sj\u00ed\u017ed\u011bn\u00ed, proto\u017ee \u010d\u00edm dokonalej\u0161\u00ed, t\u00edm efektivn\u011bj\u0161\u00ed. &#8222;Opakovan\u011b jsme se zam\u011b\u0159ovali na tr\u00e9nink b\u011bhem t\u0159i t\u00fddny trvaj\u00edc\u00edho soust\u0159ed\u011bn\u00ed v Ando\u0159e,&#8220; potvrdil Jakub Otruba z Caja Rural Seguros RGA, jeho\u017e t\u00fdm sice nem\u011bl v p\u00e1t\u00e9m d\u011bjstv\u00ed v\u00edt\u011bzn\u00e9 ambice, ale necht\u011bl zbyte\u010dn\u011b nab\u00edrat manko.<\/p>\n<figure id=\"attachment_30807\" aria-describedby=\"caption-attachment-30807\" style=\"width: 1920px\" class=\"wp-caption alignnone\"><a href=\"https:\/\/d2p6e6u75xmxt8.cloudfront.net\/13\/2025\/08\/20250827LV4006-scaled.webp\"><img loading=\"lazy\" decoding=\"async\" class=\"size-extra-large wp-image-30807\" src=\"https:\/\/d2p6e6u75xmxt8.cloudfront.net\/13\/2025\/08\/20250827LV4006-1920x1280.webp\" alt=\"\" width=\"1920\" height=\"1280\" srcset=\"https:\/\/d2p6e6u75xmxt8.cloudfront.net\/13\/2025\/08\/20250827LV4006-1920x1280.webp 1920w, https:\/\/d2p6e6u75xmxt8.cloudfront.net\/13\/2025\/08\/20250827LV4006-300x200.webp 300w, https:\/\/d2p6e6u75xmxt8.cloudfront.net\/13\/2025\/08\/20250827LV4006-1024x683.webp 1024w, https:\/\/d2p6e6u75xmxt8.cloudfront.net\/13\/2025\/08\/20250827LV4006-768x512.webp 768w, https:\/\/d2p6e6u75xmxt8.cloudfront.net\/13\/2025\/08\/20250827LV4006-1536x1024.webp 1536w, https:\/\/d2p6e6u75xmxt8.cloudfront.net\/13\/2025\/08\/20250827LV4006-2048x1365.webp 2048w, https:\/\/d2p6e6u75xmxt8.cloudfront.net\/13\/2025\/08\/20250827LV4006-400x267.webp 400w, https:\/\/d2p6e6u75xmxt8.cloudfront.net\/13\/2025\/08\/20250827LV4006-272x182.webp 272w, https:\/\/d2p6e6u75xmxt8.cloudfront.net\/13\/2025\/08\/20250827LV4006-1920x1280.webp 1920w\" sizes=\"auto, (max-width: 1920px) 100vw, 1920px\" \/><\/a><figcaption id=\"caption-attachment-30807\" class=\"wp-caption-text\"><em>T\u00fdmov\u00e1 \u010dasovka v pod\u00e1n\u00ed Jonase Vingegaarda z Visma Lease a Bike na Vuelt\u011b 2025.<\/em><\/figcaption><\/figure>\n<p>Mnohdy sta\u010d\u00ed drobn\u00e9 zav\u00e1h\u00e1n\u00ed a snaha p\u0159ijde vnive\u010d. Jako t\u0159eba v p\u0159\u00edpad\u011b formace Visma Lease a Bike p\u0159i p\u00e1t\u00e9m d\u011bjstv\u00ed Vuelty. &#8222;Asi jsme \u0161patn\u011b p\u0159e\u010detli v\u00edtr p\u0159i pr\u016fzkumu trati,&#8220; posteskl si Matteo Jorgenson, par\u0165\u00e1k Jonase Vingegaarda, kdy\u017e se jeho formace smi\u0159ovala s druh\u00fdm m\u00edstem.<\/p>\n<p>&#8222;T\u00fdmov\u00e1 \u010dasovka je ot\u00e1zkou obratnosti, automatism\u016f, n\u00e1vyk\u016f. Poka\u017ed\u00e9 jde o obrovsk\u00fd stres,&#8220; p\u0159em\u00edtal Julien Jurdie, sportovn\u00ed \u0159editel Decathlon-AG2R La Mondiale. &#8222;Uk\u00e1\u017ee se s\u00edla t\u00fdmu. Jakkoliv je cyklistika individu\u00e1ln\u00ed sport, bez t\u00fdmu jednotlivec nic neznamen\u00e1. A pokud v t\u00fdmov\u00e9 \u010dasovce odvedete perfektn\u00ed v\u00fdkon, m\u016f\u017eete hodn\u011b z\u00edskat. Sou\u010dasn\u011b jde o obrovsk\u00e9 nebezpe\u010d\u00ed, proto\u017ee p\u00e1d m\u016f\u017ee poslat k zemi t\u0159i nebo \u010dty\u0159i z\u00e1vodn\u00edky b\u011bhem jedin\u00e9 sekundy a zna\u010dn\u011b ovlivnit v\u00fdkon po zbytek z\u00e1vodu,&#8220; m\u00ednil Julien Jurdie. Odm\u00edt\u00e1 v\u0161ak vyn\u00e9st verdikt, kter\u00fd by t\u00fdmovou \u010dasovku vy\u0159adil z programu z\u00e1vod\u016f. &#8222;Jde o obrovsk\u00fd stres. Ale sou\u010dasn\u011b obrovsk\u00e9 vzru\u0161en\u00ed,&#8220; p\u0159izn\u00e1v\u00e1.<\/p>\n<div class=\"shortcode-ys-post-pinup\"><article class=\"loop-simple post-30684 post type-post status-publish format-standard has-post-thumbnail hentry category-silnicni-cyklistika tag-caja-rural-seguros-rga tag-cyklistika tag-jakub-otruba tag-la-vuelta-2025 tag-silnicni-cyklistika tag-vuelta tag-vuelta-2025 global-categories-cycling\" data-postid=\"30684\" role=\"article\" data-post-id=\"30684\" data-word-count=\"1053\" data-headline-length=\"60\" data-category=\"Silni\u010dn\u00ed cyklistika\" data-global-category=\"Cycling\" data-author=\"Radek Malina\" data-published=\"2025-08-21T10:00:24+02:00\" data-published-day=\"Thursday\">\n    <div class=\"entry-thumbnail article-thumbnail\" content=\"https:\/\/d2p6e6u75xmxt8.cloudfront.net\/13\/2025\/08\/BrychtaJan_MR_Banovce_20250629_114034_850_6833-1-150x150.webp\"><a href=\"https:\/\/www.welovecycling.com\/cs\/2025\/08\/21\/jakub-otruba-ac-je-vuelta-extremni-strach-mi-nenahani\/\" class=\"image-holder\" target=\"_self\"><img decoding=\"async\" loading=\"lazy\" class=\"\" src=\"https:\/\/d2p6e6u75xmxt8.cloudfront.net\/13\/2025\/08\/BrychtaJan_MR_Banovce_20250629_114034_850_6833-1-1024x683.webp\" srcset=\"https:\/\/d2p6e6u75xmxt8.cloudfront.net\/13\/2025\/08\/BrychtaJan_MR_Banovce_20250629_114034_850_6833-1-scaled.webp 2560w, https:\/\/d2p6e6u75xmxt8.cloudfront.net\/13\/2025\/08\/BrychtaJan_MR_Banovce_20250629_114034_850_6833-1-300x200.webp 300w, https:\/\/d2p6e6u75xmxt8.cloudfront.net\/13\/2025\/08\/BrychtaJan_MR_Banovce_20250629_114034_850_6833-1-1024x683.webp 1024w, https:\/\/d2p6e6u75xmxt8.cloudfront.net\/13\/2025\/08\/BrychtaJan_MR_Banovce_20250629_114034_850_6833-1-768x512.webp 768w, https:\/\/d2p6e6u75xmxt8.cloudfront.net\/13\/2025\/08\/BrychtaJan_MR_Banovce_20250629_114034_850_6833-1-1536x1024.webp 1536w, https:\/\/d2p6e6u75xmxt8.cloudfront.net\/13\/2025\/08\/BrychtaJan_MR_Banovce_20250629_114034_850_6833-1-2048x1365.webp 2048w, https:\/\/d2p6e6u75xmxt8.cloudfront.net\/13\/2025\/08\/BrychtaJan_MR_Banovce_20250629_114034_850_6833-1-1920x1280.webp 1920w, https:\/\/d2p6e6u75xmxt8.cloudfront.net\/13\/2025\/08\/BrychtaJan_MR_Banovce_20250629_114034_850_6833-1-400x267.webp 400w, https:\/\/d2p6e6u75xmxt8.cloudfront.net\/13\/2025\/08\/BrychtaJan_MR_Banovce_20250629_114034_850_6833-1-272x182.webp 272w, https:\/\/d2p6e6u75xmxt8.cloudfront.net\/13\/2025\/08\/BrychtaJan_MR_Banovce_20250629_114034_850_6833-1-1920x1280.webp 1920w\" width=\"1024\" height=\"683\" sizes=\"auto, (min-width: 1200px) 300px, (min-width: 768px) 25vw, 100vw\" alt=\"jakub-otruba-ac-je-vuelta-extremni-strach-mi-nenahani\"\/><\/a><\/div>    <div class=\"entry-meta\">\n        <a class=\"label label-secondary post-category\" href=\"https:\/\/www.welovecycling.com\/cs\/category\/silnicni-cyklistika\/\" title=\"Silni\u010dn\u00ed cyklistika\">Silni\u010dn\u00ed cyklistika<\/a>\n    <\/div>\n    <div class=\"entry-details\">\n        <a href=\"https:\/\/www.welovecycling.com\/cs\/2025\/08\/21\/jakub-otruba-ac-je-vuelta-extremni-strach-mi-nenahani\/\" class='entry-title-wrapper'>\n            <h3 class=\"entry-title\"><span>Jakub Otruba: A\u010d je Vuelta extr\u00e9mn\u00ed, strach mi nenah\u00e1n\u00ed<\/span><\/h3>\n        <\/a>\n    <\/div>\n    <\/article>\n<\/div>\n<p>\u201ePravdou je, \u017ee v\u00edt\u011bzstv\u00ed v t\u00fdmov\u00e9 \u010dasovce je v\u017edy d\u016fle\u017eit\u00e9. Vyzdvihuje v\u00fdznam v\u0161ech \u010dlen\u016fm t\u00fdmu, koncepci formace. Potvrzuje technologick\u00fd pokrok,\u201c komentoval \u00fasp\u011bch vlastn\u00ed sestavy Joxean Fern\u00e1ndez, sportovn\u00ed \u0159editel UAE Emirates XRG, jeho\u017e sv\u011b\u0159enci prol\u00e9tli 24 kilometr\u016f pr\u016fm\u011brnou rychlost\u00ed 56 kilometr\u016f v hodin\u011b.<\/p>\n<h2><strong>\u010ceskoslovensko sb\u00edralo na MS medaile<\/strong><\/h2>\n<p>T\u00fdmov\u00e1 \u010dasovka b\u00fdvala sou\u010d\u00e1st\u00ed programu mistrovstv\u00ed sv\u011bta. Kdysi v podob\u011b n\u00e1rodn\u00edch t\u00fdm\u016f, kter\u00e9 v letech 1962-1994 bojovaly na trati dlouh\u00e9 p\u0159ibli\u017en\u011b sto kilometr\u016f se \u010dty\u0159mi jezdci. It\u00e1lie slavila sedmkr\u00e1t titul mistra sv\u011bta, tehdej\u0161\u00ed \u010ceskoslovensko dvakr\u00e1t st\u0159\u00edbro (1970, 1985) a dvakr\u00e1t bronz 1975, 19871). V letech 2012-2018 byla v programu mistrovstv\u00ed t\u00fdmov\u00e1 \u010dasovka sestav World Tour, z n\u00ed\u017e si \u010dty\u0159ikr\u00e1t zlat\u00e9 medaile odvezla sestava belgick\u00e9 formace Quick Step.<\/p>\n<figure id=\"attachment_30805\" aria-describedby=\"caption-attachment-30805\" style=\"width: 1920px\" class=\"wp-caption alignnone\"><a href=\"https:\/\/d2p6e6u75xmxt8.cloudfront.net\/13\/2025\/08\/20250827LV4005-scaled.webp\"><img loading=\"lazy\" decoding=\"async\" class=\"size-extra-large wp-image-30805\" src=\"https:\/\/d2p6e6u75xmxt8.cloudfront.net\/13\/2025\/08\/20250827LV4005-1920x1280.webp\" alt=\"\" width=\"1920\" height=\"1280\" srcset=\"https:\/\/d2p6e6u75xmxt8.cloudfront.net\/13\/2025\/08\/20250827LV4005-1920x1280.webp 1920w, https:\/\/d2p6e6u75xmxt8.cloudfront.net\/13\/2025\/08\/20250827LV4005-300x200.webp 300w, https:\/\/d2p6e6u75xmxt8.cloudfront.net\/13\/2025\/08\/20250827LV4005-1024x683.webp 1024w, https:\/\/d2p6e6u75xmxt8.cloudfront.net\/13\/2025\/08\/20250827LV4005-768x512.webp 768w, https:\/\/d2p6e6u75xmxt8.cloudfront.net\/13\/2025\/08\/20250827LV4005-1536x1024.webp 1536w, https:\/\/d2p6e6u75xmxt8.cloudfront.net\/13\/2025\/08\/20250827LV4005-2048x1365.webp 2048w, https:\/\/d2p6e6u75xmxt8.cloudfront.net\/13\/2025\/08\/20250827LV4005-400x267.webp 400w, https:\/\/d2p6e6u75xmxt8.cloudfront.net\/13\/2025\/08\/20250827LV4005-272x182.webp 272w, https:\/\/d2p6e6u75xmxt8.cloudfront.net\/13\/2025\/08\/20250827LV4005-1920x1280.webp 1920w\" sizes=\"auto, (max-width: 1920px) 100vw, 1920px\" \/><\/a><figcaption id=\"caption-attachment-30805\" class=\"wp-caption-text\"><em>T\u00fdmov\u00e1 \u010dasovka na Vuelt\u011b 2025 v pod\u00e1n\u00ed v\u00edt\u011bzn\u00e9 sestavy UAE Emirates XRG.<\/em><\/figcaption><\/figure>\n<p>&#8222;T\u00fdmov\u00e1 \u010dasovka je velice technick\u00e1 discipl\u00edna. Velice stresuj\u00edc\u00ed. Ale zahrnuje mnoho aspekt\u016f na\u0161eho sportu a rozhodn\u011b jde o velkolep\u00e9 divadlo. A je spr\u00e1vn\u00e9 udr\u017eet technickou str\u00e1nku na z\u00e1vodech,&#8220; t\u011b\u0161il se Guillaume Martin-Guyonnet z t\u00fdmu Groupama-FDJ. Paradoxn\u011b se startu nedo\u010dkal, kdy\u017e odstoupil u\u017e v druh\u00e9 etap\u011b.<\/p>\n<div class=\"shortcode-ys-post-pinup\"><article class=\"loop-simple post-30789 post type-post status-publish format-standard has-post-thumbnail hentry category-silnicni-cyklistika tag-david-gaudu tag-la-vuelta-2025 tag-tour-de-france tag-vuelta global-categories-cycling\" data-postid=\"30789\" role=\"article\" data-post-id=\"30789\" data-word-count=\"497\" data-headline-length=\"64\" data-category=\"Silni\u010dn\u00ed cyklistika\" data-global-category=\"Cycling\" data-author=\"Radek Malina\" data-published=\"2025-08-27T08:51:17+02:00\" data-published-day=\"Wednesday\">\n    <div class=\"entry-thumbnail article-thumbnail\" content=\"https:\/\/d2p6e6u75xmxt8.cloudfront.net\/13\/2025\/08\/20230611CDD1010-A.S.O.-Billy-Ceusters-150x150.webp\"><a href=\"https:\/\/www.welovecycling.com\/cs\/2025\/08\/27\/srazil-ho-pes-pak-souperi-a-pro-dres-lidra-musel-do-dzungle\/\" class=\"image-holder\" target=\"_self\"><img decoding=\"async\" loading=\"lazy\" class=\"\" src=\"https:\/\/d2p6e6u75xmxt8.cloudfront.net\/13\/2025\/08\/20230611CDD1010-A.S.O.-Billy-Ceusters-1024x683.webp\" srcset=\"https:\/\/d2p6e6u75xmxt8.cloudfront.net\/13\/2025\/08\/20230611CDD1010-A.S.O.-Billy-Ceusters-scaled.webp 2560w, https:\/\/d2p6e6u75xmxt8.cloudfront.net\/13\/2025\/08\/20230611CDD1010-A.S.O.-Billy-Ceusters-300x200.webp 300w, https:\/\/d2p6e6u75xmxt8.cloudfront.net\/13\/2025\/08\/20230611CDD1010-A.S.O.-Billy-Ceusters-1024x683.webp 1024w, https:\/\/d2p6e6u75xmxt8.cloudfront.net\/13\/2025\/08\/20230611CDD1010-A.S.O.-Billy-Ceusters-768x512.webp 768w, https:\/\/d2p6e6u75xmxt8.cloudfront.net\/13\/2025\/08\/20230611CDD1010-A.S.O.-Billy-Ceusters-1536x1024.webp 1536w, https:\/\/d2p6e6u75xmxt8.cloudfront.net\/13\/2025\/08\/20230611CDD1010-A.S.O.-Billy-Ceusters-2048x1365.webp 2048w, https:\/\/d2p6e6u75xmxt8.cloudfront.net\/13\/2025\/08\/20230611CDD1010-A.S.O.-Billy-Ceusters-1920x1280.webp 1920w, https:\/\/d2p6e6u75xmxt8.cloudfront.net\/13\/2025\/08\/20230611CDD1010-A.S.O.-Billy-Ceusters-400x267.webp 400w, https:\/\/d2p6e6u75xmxt8.cloudfront.net\/13\/2025\/08\/20230611CDD1010-A.S.O.-Billy-Ceusters-272x182.webp 272w, https:\/\/d2p6e6u75xmxt8.cloudfront.net\/13\/2025\/08\/20230611CDD1010-A.S.O.-Billy-Ceusters-1920x1280.webp 1920w\" width=\"1024\" height=\"683\" sizes=\"auto, (min-width: 1200px) 300px, (min-width: 768px) 25vw, 100vw\" alt=\"srazil-ho-pes-pak-souperi-a-pro-dres-lidra-musel-do-dzungle\"\/><\/a><\/div>    <div class=\"entry-meta\">\n        <a class=\"label label-secondary post-category\" href=\"https:\/\/www.welovecycling.com\/cs\/category\/silnicni-cyklistika\/\" title=\"Silni\u010dn\u00ed cyklistika\">Silni\u010dn\u00ed cyklistika<\/a>\n    <\/div>\n    <div class=\"entry-details\">\n        <a href=\"https:\/\/www.welovecycling.com\/cs\/2025\/08\/27\/srazil-ho-pes-pak-souperi-a-pro-dres-lidra-musel-do-dzungle\/\" class='entry-title-wrapper'>\n            <h3 class=\"entry-title\"><span>Srazil ho pes, pak soupe\u0159i. A pro dres l\u00eddra musel do d\u017eungle<\/span><\/h3>\n        <\/a>\n    <\/div>\n    <\/article>\n<\/div>\n<p>Nyn\u00ed u\u017e si cyklisti\u010dt\u00ed romantici mohou porci vzru\u0161en\u00ed z t\u00fdmov\u00e9ho boje s chronometrem, kdy se do v\u00fdsledk\u016f zapo\u010d\u00edt\u00e1v\u00e1 pr\u016fjezd \u010dtvrt\u00e9ho mu\u017ee c\u00edlovou p\u00e1skou, dop\u0159\u00e1t jenom ojedin\u011ble. Individu\u00e1ln\u00ed \u010dasovku naleznete v programu z\u00e1vod\u016f pravideln\u011b. T\u00fdmov\u00e1 je obrovskou vz\u00e1cnost\u00ed. A v p\u0159\u00edpad\u011b nejv\u011bt\u0161\u00edch etapov\u00fdch z\u00e1vod\u016f? Tour de France nem\u011bla t\u00fdmovou \u010dasovku v programu od roku 2019. Italsk\u00e9 Giro dokonce od sezony 2015.<\/p>\n<h2><strong>Bude v programu Tour de France 2026<\/strong><\/h2>\n<p>Jedin\u00e1 Vuelta za\u0159azuje discipl\u00ednu pom\u011brn\u011b pravideln\u011b. V\u011bt\u0161inou jako zahajovac\u00ed bitvu cel\u00e9 akce, tak jako v letech 2019, 2022 a 2023. Letos bylo v\u0161e o to zaj\u00edmav\u011bj\u0161\u00ed, \u017ee se t\u00fdmov\u00e1 \u010dasovka uskute\u010dnila po p\u011bti rychlostn\u00edch zkou\u0161k\u00e1ch, kdy n\u011bkter\u00e9 t\u00fdmy p\u0159i\u0161ly vinou zran\u011bn\u00ed \u010di nemoc\u00ed o p\u00e1r \u010dlen\u016f, co\u017e znamen\u00e1, \u017ee musely mnohem d\u016fsledn\u011bji \u0159e\u0161it strategii.<\/p>\n<figure id=\"attachment_30803\" aria-describedby=\"caption-attachment-30803\" style=\"width: 1920px\" class=\"wp-caption alignnone\"><a href=\"https:\/\/d2p6e6u75xmxt8.cloudfront.net\/13\/2025\/08\/20250827LV1012-scaled.webp\"><img loading=\"lazy\" decoding=\"async\" class=\"size-extra-large wp-image-30803\" src=\"https:\/\/d2p6e6u75xmxt8.cloudfront.net\/13\/2025\/08\/20250827LV1012-1920x1280.webp\" alt=\"\" width=\"1920\" height=\"1280\" srcset=\"https:\/\/d2p6e6u75xmxt8.cloudfront.net\/13\/2025\/08\/20250827LV1012-1920x1280.webp 1920w, https:\/\/d2p6e6u75xmxt8.cloudfront.net\/13\/2025\/08\/20250827LV1012-300x200.webp 300w, https:\/\/d2p6e6u75xmxt8.cloudfront.net\/13\/2025\/08\/20250827LV1012-1024x683.webp 1024w, https:\/\/d2p6e6u75xmxt8.cloudfront.net\/13\/2025\/08\/20250827LV1012-768x512.webp 768w, https:\/\/d2p6e6u75xmxt8.cloudfront.net\/13\/2025\/08\/20250827LV1012-1536x1024.webp 1536w, https:\/\/d2p6e6u75xmxt8.cloudfront.net\/13\/2025\/08\/20250827LV1012-2048x1365.webp 2048w, https:\/\/d2p6e6u75xmxt8.cloudfront.net\/13\/2025\/08\/20250827LV1012-400x267.webp 400w, https:\/\/d2p6e6u75xmxt8.cloudfront.net\/13\/2025\/08\/20250827LV1012-272x182.webp 272w, https:\/\/d2p6e6u75xmxt8.cloudfront.net\/13\/2025\/08\/20250827LV1012-1920x1280.webp 1920w\" sizes=\"auto, (max-width: 1920px) 100vw, 1920px\" \/><\/a><figcaption id=\"caption-attachment-30803\" class=\"wp-caption-text\"><em>P\u011bt state\u010dn\u00fdch sestavy Red Bull Bora hansgrohe p\u0159i t\u00fdmov\u00e9 \u010dasovce na Vuelt\u011b 2025.<\/em><\/figcaption><\/figure>\n<p>Jednalo se o probl\u00e9m Visma Lease a Bike, kter\u00e1 p\u0159i\u0161la o Axela Zingla po druh\u00e9 etap\u011b Vuelty. Jeden jezdec hraje obrovsk\u00fd rozd\u00edl, o \u010dem\u017e se p\u0159esv\u011bd\u010dili fanou\u0161ci \u017eiv\u011b na p\u0159\u00edkladu t\u00fdmu Red Bull Bora hansgrohe, kdy\u017e Matteo Sobrero v pr\u016fb\u011bhu \u010dty\u0159iadvacet kilometr\u016f dlouh\u00e9 bitvy drsn\u011b havaroval p\u0159ibli\u017en\u011b v polovin\u011b a zb\u00fdvaj\u00edc\u00ed bojovn\u00edci nabrali ztr\u00e1tu dvan\u00e1ct sekund. Na v\u00edt\u011bzstv\u00ed by z\u0159ejm\u011b nedos\u00e1hli, ale \u010dty\u0159i sekundy na druh\u00fd t\u00fdm Visma Lease a Bike by najet mo\u017en\u00e1 dok\u00e1zali&#8230;<\/p>\n<div class=\"shortcode-ys-post-pinup\"><article class=\"loop-simple post-30715 post type-post status-publish format-standard has-post-thumbnail hentry category-silnicni-cyklistika tag-cyklistika tag-jonas-vingegaard tag-la-vuelta-2025 tag-silnicni-cyklistika tag-vuelta-2025 global-categories-cycling\" data-postid=\"30715\" role=\"article\" data-post-id=\"30715\" data-word-count=\"386\" data-headline-length=\"45\" data-category=\"Silni\u010dn\u00ed cyklistika\" data-global-category=\"Cycling\" data-author=\"We Love Cycling\" data-published=\"2025-08-22T07:19:44+02:00\" data-published-day=\"Friday\">\n    <div class=\"entry-thumbnail article-thumbnail\" content=\"https:\/\/d2p6e6u75xmxt8.cloudfront.net\/13\/2025\/08\/20250723TDF1184-1-150x150.webp\"><a href=\"https:\/\/www.welovecycling.com\/cs\/2025\/08\/22\/je-hezke-kdyz-pogacar-neni-ve-startovce\/\" class=\"image-holder\" target=\"_self\"><img decoding=\"async\" loading=\"lazy\" class=\"\" src=\"https:\/\/d2p6e6u75xmxt8.cloudfront.net\/13\/2025\/08\/20250723TDF1184-1-1024x683.webp\" srcset=\"https:\/\/d2p6e6u75xmxt8.cloudfront.net\/13\/2025\/08\/20250723TDF1184-1-scaled.webp 2560w, https:\/\/d2p6e6u75xmxt8.cloudfront.net\/13\/2025\/08\/20250723TDF1184-1-300x200.webp 300w, https:\/\/d2p6e6u75xmxt8.cloudfront.net\/13\/2025\/08\/20250723TDF1184-1-1024x683.webp 1024w, https:\/\/d2p6e6u75xmxt8.cloudfront.net\/13\/2025\/08\/20250723TDF1184-1-768x512.webp 768w, https:\/\/d2p6e6u75xmxt8.cloudfront.net\/13\/2025\/08\/20250723TDF1184-1-1536x1024.webp 1536w, https:\/\/d2p6e6u75xmxt8.cloudfront.net\/13\/2025\/08\/20250723TDF1184-1-2048x1365.webp 2048w, https:\/\/d2p6e6u75xmxt8.cloudfront.net\/13\/2025\/08\/20250723TDF1184-1-1920x1280.webp 1920w, https:\/\/d2p6e6u75xmxt8.cloudfront.net\/13\/2025\/08\/20250723TDF1184-1-400x267.webp 400w, https:\/\/d2p6e6u75xmxt8.cloudfront.net\/13\/2025\/08\/20250723TDF1184-1-272x182.webp 272w, https:\/\/d2p6e6u75xmxt8.cloudfront.net\/13\/2025\/08\/20250723TDF1184-1-1920x1280.webp 1920w\" width=\"1024\" height=\"683\" sizes=\"auto, (min-width: 1200px) 300px, (min-width: 768px) 25vw, 100vw\" alt=\"je-hezke-kdyz-pogacar-neni-ve-startovce\"\/><\/a><\/div>    <div class=\"entry-meta\">\n        <a class=\"label label-secondary post-category\" href=\"https:\/\/www.welovecycling.com\/cs\/category\/silnicni-cyklistika\/\" title=\"Silni\u010dn\u00ed cyklistika\">Silni\u010dn\u00ed cyklistika<\/a>\n    <\/div>\n    <div class=\"entry-details\">\n        <a href=\"https:\/\/www.welovecycling.com\/cs\/2025\/08\/22\/je-hezke-kdyz-pogacar-neni-ve-startovce\/\" class='entry-title-wrapper'>\n            <h3 class=\"entry-title\"><span>Je hezk\u00e9, kdy\u017e Poga\u010dar nen\u00ed ve startovce!<\/span><\/h3>\n        <\/a>\n    <\/div>\n    <\/article>\n<\/div>\n<p>Mnohdy se t\u00fdmov\u00e1 \u010dasovka stane poh\u0159ebi\u0161t\u011bm nad\u011bj\u00ed pro favority na celkov\u00e9 po\u0159ad\u00ed, ani\u017e by mohli n\u011bco z\u00e1sadn\u011b ovlivnit. Velk\u00fdm probl\u00e9mem se \u010dasovka v p\u00e1t\u00e9m d\u011bjstv\u00ed Vuelty uk\u00e1zala pro Jayco AlUla, respektive jejich l\u00eddra. Ben O&#8217;Connor byl minul\u00fd rok na Vuelt\u011b druh\u00fd. Ambice na stupn\u011b v\u00edt\u011bz\u016f m\u00e1 i letos, jen\u017ee manko 44 sekund z t\u00fdmov\u00e9 \u010dasovky zasadilo jeho pl\u00e1n\u016fm t\u011b\u017ek\u00fd direkt.<\/p>\n<figure id=\"attachment_30804\" aria-describedby=\"caption-attachment-30804\" style=\"width: 1920px\" class=\"wp-caption alignnone\"><a href=\"https:\/\/d2p6e6u75xmxt8.cloudfront.net\/13\/2025\/08\/20250827LV1011-scaled.webp\"><img loading=\"lazy\" decoding=\"async\" class=\"size-extra-large wp-image-30804\" src=\"https:\/\/d2p6e6u75xmxt8.cloudfront.net\/13\/2025\/08\/20250827LV1011-1920x1280.webp\" alt=\"\" width=\"1920\" height=\"1280\" srcset=\"https:\/\/d2p6e6u75xmxt8.cloudfront.net\/13\/2025\/08\/20250827LV1011-1920x1280.webp 1920w, https:\/\/d2p6e6u75xmxt8.cloudfront.net\/13\/2025\/08\/20250827LV1011-300x200.webp 300w, https:\/\/d2p6e6u75xmxt8.cloudfront.net\/13\/2025\/08\/20250827LV1011-1024x683.webp 1024w, https:\/\/d2p6e6u75xmxt8.cloudfront.net\/13\/2025\/08\/20250827LV1011-768x512.webp 768w, https:\/\/d2p6e6u75xmxt8.cloudfront.net\/13\/2025\/08\/20250827LV1011-1536x1024.webp 1536w, https:\/\/d2p6e6u75xmxt8.cloudfront.net\/13\/2025\/08\/20250827LV1011-2048x1365.webp 2048w, https:\/\/d2p6e6u75xmxt8.cloudfront.net\/13\/2025\/08\/20250827LV1011-400x267.webp 400w, https:\/\/d2p6e6u75xmxt8.cloudfront.net\/13\/2025\/08\/20250827LV1011-272x182.webp 272w, https:\/\/d2p6e6u75xmxt8.cloudfront.net\/13\/2025\/08\/20250827LV1011-1920x1280.webp 1920w\" sizes=\"auto, (max-width: 1920px) 100vw, 1920px\" \/><\/a><figcaption id=\"caption-attachment-30804\" class=\"wp-caption-text\"><em>V\u00fdkon sestavy Israel PremierTech poznamenali protestanti, kte\u0159\u00ed nesouhlas\u00ed se startem t\u00fdmu na Vuelt\u011b.<\/em><\/figcaption><\/figure>\n<p>Naopak Tom Pidcock a jeho formace Q36.5 p\u0159i premi\u00e9rov\u00e9m p\u0159edstaven\u00ed na <a href=\"https:\/\/www.welovecycling.com\/cs\/2025\/08\/22\/brutalni-oslava-jubilea-obstoji-polamany-portugalec-ci-dravy-ital\/\">Vuelt\u011b<\/a> oslnila osmou p\u0159\u00ed\u010dkou. Britsk\u00fd l\u00eddr tak ztr\u00e1c\u00ed &#8222;jen&#8220; t\u0159icet sekund na prvn\u00ed m\u00edsto. &#8222;V tr\u00e9ninku jsme se na \u010dasovku hodn\u011b zam\u011b\u0159ili. Cht\u011bli jsme eliminovat ztr\u00e1ty, co\u017e se poda\u0159ilo. Porazili jsme jeden\u00e1ct t\u00fdm\u016f World Tour. To nen\u00ed \u0161patn\u00e9.&#8220;<\/p>\n<p>Ka\u017edop\u00e1dn\u011b p\u0159\u00ed\u0161t\u00ed rok se fanou\u0161ci do\u010dkaj\u00ed t\u00fdmov\u00e9 \u010dasovky v programu Grand Tour minim\u00e1ln\u011b jednou. Obstar\u00e1 toti\u017e zah\u00e1jen\u00ed Tour de France 2026! Paradoxn\u011b na \u0161pan\u011blsk\u00e9m \u00fazem\u00ed, proto\u017ee bitva o maillot jaune za\u010dne v Barcelon\u011b.<\/p>\n<p><em>Foto: A.S.O.\/<span class=\"MuiChip-label MuiChip-labelMedium css-s01idy\">Unipublic\/Rafa G\u00f3mez\/Sprint Cycling Agency<\/span><\/em><\/p>\n<div class=\"MuiChip-root MuiChip-filled MuiChip-sizeMedium MuiChip-colorTag_other MuiChip-filledTag_other css-v20crm\"><\/div>\n","protected":false},"excerpt":{"rendered":"<p>Vz\u00e1cnost, kter\u00e1 je k vid\u011bn\u00ed jen velmi z\u0159\u00eddka! P\u0159itom jde o tradici. Sou\u010d\u00e1st cyklistiky dlouh\u00e1 desetilet\u00ed. V\u011bt\u0161inou opom\u00edjen\u00e1 t\u00fdmov\u00e1 \u010dasovka [&hellip;]<\/p>\n","protected":false},"author":138,"featured_media":30806,"comment_status":"open","ping_status":"open","sticky":false,"template":"","format":"standard","meta":{"footnotes":""},"categories":[10],"tags":[126,4329,9,4352],"global-categories":[411],"class_list":["post-30801","post","type-post","status-publish","format-standard","has-post-thumbnail","hentry","category-silnicni-cyklistika","tag-cyklistika","tag-la-vuelta-2025","tag-silnicni-cyklistika","tag-tymova-casovka","global-categories-cycling"],"yoast_head":"<!-- This site is optimized with the Yoast SEO Premium plugin v25.3 (Yoast SEO v25.9) - https:\/\/yoast.com\/wordpress\/plugins\/seo\/ -->\n<title>Koktejl stresu a vzru\u0161en\u00ed, co nikdy nenud\u00ed | \u0160koda We Love Cycling - \u010cesk\u00e1 republika<\/title>\n<meta name=\"description\" content=\"Vz\u00e1cnost, kter\u00e1 je k vid\u011bn\u00ed jen velmi z\u0159\u00eddka! P\u0159itom jde o tradici. Sou\u010d\u00e1st cyklistiky dlouh\u00e1 desetilet\u00ed. V\u011bt\u0161inou opom\u00edjen\u00e1 t\u00fdmov\u00e1 \u010dasovka byla v programu Vuelty 2025 p\u0159i jej\u00edm p\u00e1t\u00e9m d\u011bjstv\u00ed. A fanou\u0161ci se nenudili.\" \/>\n<meta name=\"robots\" content=\"index, follow, max-snippet:-1, max-image-preview:large, max-video-preview:-1\" \/>\n<link rel=\"canonical\" href=\"https:\/\/www.welovecycling.com\/cs\/2025\/08\/28\/koktejl-stresu-a-vzruseni-co-nikdy-nenudi\/\" \/>\n<meta property=\"og:locale\" content=\"cs_CZ\" \/>\n<meta property=\"og:type\" content=\"article\" \/>\n<meta property=\"og:title\" content=\"Koktejl stresu a vzru\u0161en\u00ed, co nikdy nenud\u00ed\" \/>\n<meta property=\"og:description\" content=\"Vz\u00e1cnost, kter\u00e1 je k vid\u011bn\u00ed jen velmi z\u0159\u00eddka! P\u0159itom jde o tradici. Sou\u010d\u00e1st cyklistiky dlouh\u00e1 desetilet\u00ed. V\u011bt\u0161inou opom\u00edjen\u00e1 t\u00fdmov\u00e1 \u010dasovka byla v programu Vuelty 2025 p\u0159i jej\u00edm p\u00e1t\u00e9m d\u011bjstv\u00ed. A fanou\u0161ci se nenudili.\" \/>\n<meta property=\"og:url\" content=\"https:\/\/www.welovecycling.com\/cs\/2025\/08\/28\/koktejl-stresu-a-vzruseni-co-nikdy-nenudi\/\" \/>\n<meta property=\"og:site_name\" content=\"\u0160koda We Love Cycling - \u010cesk\u00e1 republika\" \/>\n<meta property=\"article:published_time\" content=\"2025-08-28T06:02:37+00:00\" \/>\n<meta property=\"article:modified_time\" content=\"2025-08-28T06:51:09+00:00\" \/>\n<meta property=\"og:image\" content=\"https:\/\/d2p6e6u75xmxt8.cloudfront.net\/13\/2025\/08\/20250827LV4002-scaled.webp\" \/>\n\t<meta property=\"og:image:width\" content=\"2560\" \/>\n\t<meta property=\"og:image:height\" content=\"1707\" \/>\n\t<meta property=\"og:image:type\" content=\"image\/webp\" \/>\n<meta name=\"author\" content=\"radekmalina\" \/>\n<meta name=\"twitter:card\" content=\"summary_large_image\" \/>\n<meta name=\"twitter:label1\" content=\"Written by\" \/>\n\t<meta name=\"twitter:data1\" content=\"We Love Cycling\" \/>\n\t<meta name=\"twitter:label2\" content=\"Est. reading time\" \/>\n\t<meta name=\"twitter:data2\" content=\"5\" \/>\n<script type=\"application\/ld+json\" class=\"yoast-schema-graph\">{\"@context\":\"https:\/\/schema.org\",\"@graph\":[{\"@type\":\"WebPage\",\"@id\":\"https:\/\/www.welovecycling.com\/cs\/2025\/08\/28\/koktejl-stresu-a-vzruseni-co-nikdy-nenudi\/\",\"url\":\"https:\/\/www.welovecycling.com\/cs\/2025\/08\/28\/koktejl-stresu-a-vzruseni-co-nikdy-nenudi\/\",\"name\":\"Koktejl stresu a vzru\u0161en\u00ed, co nikdy nenud\u00ed | \u0160koda We Love Cycling - \u010cesk\u00e1 republika\",\"isPartOf\":{\"@id\":\"https:\/\/www.welovecycling.com\/cs\/#website\"},\"primaryImageOfPage\":{\"@id\":\"https:\/\/www.welovecycling.com\/cs\/2025\/08\/28\/koktejl-stresu-a-vzruseni-co-nikdy-nenudi\/#primaryimage\"},\"image\":{\"@id\":\"https:\/\/www.welovecycling.com\/cs\/2025\/08\/28\/koktejl-stresu-a-vzruseni-co-nikdy-nenudi\/#primaryimage\"},\"thumbnailUrl\":\"https:\/\/d2p6e6u75xmxt8.cloudfront.net\/13\/2025\/08\/20250827LV4002-scaled.webp\",\"datePublished\":\"2025-08-28T06:02:37+00:00\",\"dateModified\":\"2025-08-28T06:51:09+00:00\",\"author\":{\"@id\":\"https:\/\/www.welovecycling.com\/cs\/#\/schema\/person\/d9eeb0a378f3a7e4a6d12d2b536b04b8\"},\"description\":\"Vz\u00e1cnost, kter\u00e1 je k vid\u011bn\u00ed jen velmi z\u0159\u00eddka! P\u0159itom jde o tradici. Sou\u010d\u00e1st cyklistiky dlouh\u00e1 desetilet\u00ed. V\u011bt\u0161inou opom\u00edjen\u00e1 t\u00fdmov\u00e1 \u010dasovka byla v programu Vuelty 2025 p\u0159i jej\u00edm p\u00e1t\u00e9m d\u011bjstv\u00ed. A fanou\u0161ci se nenudili.\",\"inLanguage\":\"cs\",\"potentialAction\":[{\"@type\":\"ReadAction\",\"target\":[\"https:\/\/www.welovecycling.com\/cs\/2025\/08\/28\/koktejl-stresu-a-vzruseni-co-nikdy-nenudi\/\"]}]},{\"@type\":\"ImageObject\",\"inLanguage\":\"cs\",\"@id\":\"https:\/\/www.welovecycling.com\/cs\/2025\/08\/28\/koktejl-stresu-a-vzruseni-co-nikdy-nenudi\/#primaryimage\",\"url\":\"https:\/\/d2p6e6u75xmxt8.cloudfront.net\/13\/2025\/08\/20250827LV4002-scaled.webp\",\"contentUrl\":\"https:\/\/d2p6e6u75xmxt8.cloudfront.net\/13\/2025\/08\/20250827LV4002-scaled.webp\",\"width\":2560,\"height\":1707,\"caption\":\"T\u00fdmov\u00e1 \u010dasovka Mads Pedersen \u017elut\u00fd dres\"},{\"@type\":\"WebSite\",\"@id\":\"https:\/\/www.welovecycling.com\/cs\/#website\",\"url\":\"https:\/\/www.welovecycling.com\/cs\/\",\"name\":\"\u0160koda We Love Cycling - \u010cesk\u00e1 republika\",\"description\":\"WeLoveCycling.cz je online magaz\u00edn, kter\u00fd v\u00e1m pravideln\u011b p\u0159in\u00e1\u0161\u00ed rady a tipy, zaj\u00edmav\u00e9 \u010dl\u00e1nky, videa a jedine\u010dn\u00e9 report\u00e1\u017ee ze sv\u011bta cyklistiky.\",\"potentialAction\":[{\"@type\":\"SearchAction\",\"target\":{\"@type\":\"EntryPoint\",\"urlTemplate\":\"https:\/\/www.welovecycling.com\/cs\/?s={search_term_string}\"},\"query-input\":{\"@type\":\"PropertyValueSpecification\",\"valueRequired\":true,\"valueName\":\"search_term_string\"}}],\"inLanguage\":\"cs\"},{\"@type\":\"Person\",\"@id\":\"https:\/\/www.welovecycling.com\/cs\/#\/schema\/person\/d9eeb0a378f3a7e4a6d12d2b536b04b8\",\"name\":\"radekmalina\",\"image\":{\"@type\":\"ImageObject\",\"inLanguage\":\"cs\",\"@id\":\"https:\/\/www.welovecycling.com\/cs\/#\/schema\/person\/image\/\",\"url\":\"https:\/\/secure.gravatar.com\/avatar\/66994b632cb8c39a46b9f54afa3ae07201b678d32a54275b6f1c9ffec356bfc0?s=96&d=mm&r=g\",\"contentUrl\":\"https:\/\/secure.gravatar.com\/avatar\/66994b632cb8c39a46b9f54afa3ae07201b678d32a54275b6f1c9ffec356bfc0?s=96&d=mm&r=g\",\"caption\":\"radekmalina\"},\"url\":\"https:\/\/www.welovecycling.com\/cs\/author\/radekmalina\/\"}]}<\/script>\n<!-- \/ Yoast SEO Premium plugin. -->","yoast_head_json":{"title":"Koktejl stresu a vzru\u0161en\u00ed, co nikdy nenud\u00ed | \u0160koda We Love Cycling - \u010cesk\u00e1 republika","description":"Vz\u00e1cnost, kter\u00e1 je k vid\u011bn\u00ed jen velmi z\u0159\u00eddka! P\u0159itom jde o tradici. Sou\u010d\u00e1st cyklistiky dlouh\u00e1 desetilet\u00ed. V\u011bt\u0161inou opom\u00edjen\u00e1 t\u00fdmov\u00e1 \u010dasovka byla v programu Vuelty 2025 p\u0159i jej\u00edm p\u00e1t\u00e9m d\u011bjstv\u00ed. A fanou\u0161ci se nenudili.","robots":{"index":"index","follow":"follow","max-snippet":"max-snippet:-1","max-image-preview":"max-image-preview:large","max-video-preview":"max-video-preview:-1"},"canonical":"https:\/\/www.welovecycling.com\/cs\/2025\/08\/28\/koktejl-stresu-a-vzruseni-co-nikdy-nenudi\/","og_locale":"cs_CZ","og_type":"article","og_title":"Koktejl stresu a vzru\u0161en\u00ed, co nikdy nenud\u00ed","og_description":"Vz\u00e1cnost, kter\u00e1 je k vid\u011bn\u00ed jen velmi z\u0159\u00eddka! P\u0159itom jde o tradici. Sou\u010d\u00e1st cyklistiky dlouh\u00e1 desetilet\u00ed. V\u011bt\u0161inou opom\u00edjen\u00e1 t\u00fdmov\u00e1 \u010dasovka byla v programu Vuelty 2025 p\u0159i jej\u00edm p\u00e1t\u00e9m d\u011bjstv\u00ed. A fanou\u0161ci se nenudili.","og_url":"https:\/\/www.welovecycling.com\/cs\/2025\/08\/28\/koktejl-stresu-a-vzruseni-co-nikdy-nenudi\/","og_site_name":"\u0160koda We Love Cycling - \u010cesk\u00e1 republika","article_published_time":"2025-08-28T06:02:37+00:00","article_modified_time":"2025-08-28T06:51:09+00:00","og_image":[{"width":2560,"height":1707,"url":"https:\/\/d2p6e6u75xmxt8.cloudfront.net\/13\/2025\/08\/20250827LV4002-scaled.webp","type":"image\/webp"}],"author":"radekmalina","twitter_card":"summary_large_image","twitter_misc":{"Written by":"We Love Cycling","Est. reading time":"5"},"schema":{"@context":"https:\/\/schema.org","@graph":[{"@type":"WebPage","@id":"https:\/\/www.welovecycling.com\/cs\/2025\/08\/28\/koktejl-stresu-a-vzruseni-co-nikdy-nenudi\/","url":"https:\/\/www.welovecycling.com\/cs\/2025\/08\/28\/koktejl-stresu-a-vzruseni-co-nikdy-nenudi\/","name":"Koktejl stresu a vzru\u0161en\u00ed, co nikdy nenud\u00ed | \u0160koda We Love Cycling - \u010cesk\u00e1 republika","isPartOf":{"@id":"https:\/\/www.welovecycling.com\/cs\/#website"},"primaryImageOfPage":{"@id":"https:\/\/www.welovecycling.com\/cs\/2025\/08\/28\/koktejl-stresu-a-vzruseni-co-nikdy-nenudi\/#primaryimage"},"image":{"@id":"https:\/\/www.welovecycling.com\/cs\/2025\/08\/28\/koktejl-stresu-a-vzruseni-co-nikdy-nenudi\/#primaryimage"},"thumbnailUrl":"https:\/\/d2p6e6u75xmxt8.cloudfront.net\/13\/2025\/08\/20250827LV4002-scaled.webp","datePublished":"2025-08-28T06:02:37+00:00","dateModified":"2025-08-28T06:51:09+00:00","author":{"@id":"https:\/\/www.welovecycling.com\/cs\/#\/schema\/person\/d9eeb0a378f3a7e4a6d12d2b536b04b8"},"description":"Vz\u00e1cnost, kter\u00e1 je k vid\u011bn\u00ed jen velmi z\u0159\u00eddka! P\u0159itom jde o tradici. Sou\u010d\u00e1st cyklistiky dlouh\u00e1 desetilet\u00ed. V\u011bt\u0161inou opom\u00edjen\u00e1 t\u00fdmov\u00e1 \u010dasovka byla v programu Vuelty 2025 p\u0159i jej\u00edm p\u00e1t\u00e9m d\u011bjstv\u00ed. A fanou\u0161ci se nenudili.","inLanguage":"cs","potentialAction":[{"@type":"ReadAction","target":["https:\/\/www.welovecycling.com\/cs\/2025\/08\/28\/koktejl-stresu-a-vzruseni-co-nikdy-nenudi\/"]}]},{"@type":"ImageObject","inLanguage":"cs","@id":"https:\/\/www.welovecycling.com\/cs\/2025\/08\/28\/koktejl-stresu-a-vzruseni-co-nikdy-nenudi\/#primaryimage","url":"https:\/\/d2p6e6u75xmxt8.cloudfront.net\/13\/2025\/08\/20250827LV4002-scaled.webp","contentUrl":"https:\/\/d2p6e6u75xmxt8.cloudfront.net\/13\/2025\/08\/20250827LV4002-scaled.webp","width":2560,"height":1707,"caption":"T\u00fdmov\u00e1 \u010dasovka Mads Pedersen \u017elut\u00fd dres"},{"@type":"WebSite","@id":"https:\/\/www.welovecycling.com\/cs\/#website","url":"https:\/\/www.welovecycling.com\/cs\/","name":"\u0160koda We Love Cycling - \u010cesk\u00e1 republika","description":"WeLoveCycling.cz je online magaz\u00edn, kter\u00fd v\u00e1m pravideln\u011b p\u0159in\u00e1\u0161\u00ed rady a tipy, zaj\u00edmav\u00e9 \u010dl\u00e1nky, videa a jedine\u010dn\u00e9 report\u00e1\u017ee ze sv\u011bta cyklistiky.","potentialAction":[{"@type":"SearchAction","target":{"@type":"EntryPoint","urlTemplate":"https:\/\/www.welovecycling.com\/cs\/?s={search_term_string}"},"query-input":{"@type":"PropertyValueSpecification","valueRequired":true,"valueName":"search_term_string"}}],"inLanguage":"cs"},{"@type":"Person","@id":"https:\/\/www.welovecycling.com\/cs\/#\/schema\/person\/d9eeb0a378f3a7e4a6d12d2b536b04b8","name":"radekmalina","image":{"@type":"ImageObject","inLanguage":"cs","@id":"https:\/\/www.welovecycling.com\/cs\/#\/schema\/person\/image\/","url":"https:\/\/secure.gravatar.com\/avatar\/66994b632cb8c39a46b9f54afa3ae07201b678d32a54275b6f1c9ffec356bfc0?s=96&d=mm&r=g","contentUrl":"https:\/\/secure.gravatar.com\/avatar\/66994b632cb8c39a46b9f54afa3ae07201b678d32a54275b6f1c9ffec356bfc0?s=96&d=mm&r=g","caption":"radekmalina"},"url":"https:\/\/www.welovecycling.com\/cs\/author\/radekmalina\/"}]}},"_links":{"self":[{"href":"https:\/\/www.welovecycling.com\/cs\/wp-json\/wp\/v2\/posts\/30801","targetHints":{"allow":["GET"]}}],"collection":[{"href":"https:\/\/www.welovecycling.com\/cs\/wp-json\/wp\/v2\/posts"}],"about":[{"href":"https:\/\/www.welovecycling.com\/cs\/wp-json\/wp\/v2\/types\/post"}],"author":[{"embeddable":true,"href":"https:\/\/www.welovecycling.com\/cs\/wp-json\/wp\/v2\/users\/138"}],"replies":[{"embeddable":true,"href":"https:\/\/www.welovecycling.com\/cs\/wp-json\/wp\/v2\/comments?post=30801"}],"version-history":[{"count":6,"href":"https:\/\/www.welovecycling.com\/cs\/wp-json\/wp\/v2\/posts\/30801\/revisions"}],"predecessor-version":[{"id":30812,"href":"https:\/\/www.welovecycling.com\/cs\/wp-json\/wp\/v2\/posts\/30801\/revisions\/30812"}],"wp:featuredmedia":[{"embeddable":true,"href":"https:\/\/www.welovecycling.com\/cs\/wp-json\/wp\/v2\/media\/30806"}],"wp:attachment":[{"href":"https:\/\/www.welovecycling.com\/cs\/wp-json\/wp\/v2\/media?parent=30801"}],"wp:term":[{"taxonomy":"category","embeddable":true,"href":"https:\/\/www.welovecycling.com\/cs\/wp-json\/wp\/v2\/categories?post=30801"},{"taxonomy":"post_tag","embeddable":true,"href":"https:\/\/www.welovecycling.com\/cs\/wp-json\/wp\/v2\/tags?post=30801"},{"taxonomy":"global-categories","embeddable":true,"href":"https:\/\/www.welovecycling.com\/cs\/wp-json\/wp\/v2\/global-categories?post=30801"}],"curies":[{"name":"wp","href":"https:\/\/api.w.org\/{rel}","templated":true}]}}