{"id":30789,"date":"2025-08-27T08:51:17","date_gmt":"2025-08-27T06:51:17","guid":{"rendered":"https:\/\/www.welovecycling.com\/cs\/?p=30789"},"modified":"2025-08-27T08:51:17","modified_gmt":"2025-08-27T06:51:17","slug":"srazil-ho-pes-pak-souperi-a-pro-dres-lidra-musel-do-dzungle","status":"publish","type":"post","link":"https:\/\/www.welovecycling.com\/cs\/2025\/08\/27\/srazil-ho-pes-pak-souperi-a-pro-dres-lidra-musel-do-dzungle\/","title":{"rendered":"Srazil ho pes, pak soupe\u0159i. A pro dres l\u00eddra musel do d\u017eungle"},"content":{"rendered":"<p><strong>Nenechal se zlomit. A nikdo by se nemohl divit, kdyby nevydr\u017eel. Nezdar\u016f bylo na jednoho a\u017e p\u0159\u00edli\u0161. V rodn\u00e9 zemi se z mladick\u00e9ho obl\u00edbence stal sp\u00ed\u0161e rozmazlen\u00fdm floutkem, uvnit\u0159 vlastn\u00edho t\u00fdmu tak trochu samot\u00e1\u0159em. A p\u0159ece se David Gaudu do\u010dkal trikotu l\u00eddra z Grand Tour. A dokonce ve Francii&#8230;<\/strong><\/p>\n<p>&#8222;Je symbolick\u00e9, \u017ee jsem vyhr\u00e1l etapu Vuelty na italsk\u00e9m \u00fazem\u00ed po tak ne\u00fasp\u011b\u0161n\u00e9m Giru. A z\u00edskal dres l\u00eddra cel\u00e9ho z\u00e1vodu p\u0159i etap\u011b s dojezdem ve Francii,&#8220; sm\u00e1l se francouzsk\u00fd cyklista formace Groupama FDJ po \u010dtvrt\u00e9m d\u011bjstv\u00ed Vuelty.<\/p>\n<h2><strong>V rodn\u00e9 zemi David Gaudu b\u0159\u00edm\u011b neunesl<\/strong><\/h2>\n<p>Na \u0161pan\u011blskou Grand Tour si p\u0159ijel spravit chu\u0165. Poprv\u00e9 v kari\u00e9\u0159e nejel Tour de France a up\u0159ednostnil italsk\u00e9 Giro. V\u00fdsledek? Fiasko v podob\u011b \u0161esta\u0161edes\u00e1t\u00e9ho m\u00edsta v absolutn\u00edm po\u0159ad\u00ed a sedmn\u00e1ct\u00e9 p\u0159\u00ed\u010dky v osm\u00e9m d\u011bjstv\u00ed jako nejlep\u0161\u00edm v\u00fdsledku cel\u00e9ho z\u00e1vodu.<\/p>\n<p><a href=\"https:\/\/d2p6e6u75xmxt8.cloudfront.net\/13\/2025\/08\/20250824LV2009-scaled.webp\"><img loading=\"lazy\" decoding=\"async\" class=\"alignnone size-extra-large wp-image-30790\" src=\"https:\/\/d2p6e6u75xmxt8.cloudfront.net\/13\/2025\/08\/20250824LV2009-1280x1920.webp\" alt=\"\" width=\"1280\" height=\"1920\" srcset=\"https:\/\/d2p6e6u75xmxt8.cloudfront.net\/13\/2025\/08\/20250824LV2009-1280x1920.webp 1280w, https:\/\/d2p6e6u75xmxt8.cloudfront.net\/13\/2025\/08\/20250824LV2009-200x300.webp 200w, https:\/\/d2p6e6u75xmxt8.cloudfront.net\/13\/2025\/08\/20250824LV2009-683x1024.webp 683w, https:\/\/d2p6e6u75xmxt8.cloudfront.net\/13\/2025\/08\/20250824LV2009-768x1152.webp 768w, https:\/\/d2p6e6u75xmxt8.cloudfront.net\/13\/2025\/08\/20250824LV2009-1024x1536.webp 1024w, https:\/\/d2p6e6u75xmxt8.cloudfront.net\/13\/2025\/08\/20250824LV2009-1365x2048.webp 1365w, https:\/\/d2p6e6u75xmxt8.cloudfront.net\/13\/2025\/08\/20250824LV2009-267x400.webp 267w, https:\/\/d2p6e6u75xmxt8.cloudfront.net\/13\/2025\/08\/20250824LV2009-scaled.webp 1707w, https:\/\/d2p6e6u75xmxt8.cloudfront.net\/13\/2025\/08\/20250824LV2009-1280x1920.webp 1280w\" sizes=\"auto, (max-width: 1280px) 100vw, 1280px\" \/><\/a><\/p>\n<p>David Gaudu byl coby mimo\u0159\u00e1dn\u011b talentovan\u00fd cyklista od vstupu na nejvy\u0161\u0161\u00ed sc\u00e9nu pod obrovsk\u00fdm tlakem. M\u011bl p\u016fsobiv\u00e9 fyzick\u00e9 parametry, jedine\u010dn\u00e9 p\u0159edpoklady a je\u0161t\u011b skv\u011blou podporu francouzsk\u00e9ho t\u00fdmu. Cel\u00e1 zem\u011b doufala, \u017ee kone\u010dn\u011b po letech \u010dek\u00e1n\u00ed bude m\u00edt celkov\u00e9ho v\u00edt\u011bze Tour de France. T\u00edm sp\u00ed\u0161e, kdy\u017e v l\u00e9t\u011b 2019 vybojoval druhou p\u0159\u00ed\u010dku v bitv\u011b o b\u00edl\u00fd trikot pro nejlep\u0161\u00edho mlad\u00edka do p\u011btadvaceti let.<\/p>\n<p>Jeho nejpronikav\u011bj\u0161\u00edm v\u00fdsledkem byla dv\u011b etapov\u00e1 prvenstv\u00ed z Vuelty 2020. Ale na dom\u00e1c\u00ed sc\u00e9n\u011b stejn\u011b jako Thibaut Pinot a Romain Bardet nedok\u00e1zal b\u0159\u00edm\u011b un\u00e9st. \u010ctvrt\u00e1 p\u0159\u00ed\u010dka z Grande Boucle 2022 byla jen z\u00e1bleskem nad\u011bje, kter\u00e9 p\u0159edch\u00e1zel etapov\u00fd triumf na Crit\u00e9rium du Dauphin\u00e9.<\/p>\n<h2><strong>Kolegu sprintera vy\u0161tval z t\u00fdmu<\/strong><\/h2>\n<p>Zaujal hlavn\u011b kritikou t\u00fdmov\u00e9ho kolegy p\u0159ed Tour de France 2023, kdy\u017e prakticky odst\u0159elil Arnauda D\u00e9mara. &#8222;\u0158ekl jsem mu, \u017ee ho na Tour nechci. Je v\u00fdhoda, \u017ee spolu nez\u00e1vod\u00edme. Jsme ve v\u00e1lce,&#8220; pronesl tehdy.<\/p>\n<p>N\u00e1sledn\u011b se sice omluvil, ale \u0161\u00e9f t\u00fdmu Marc Madiot musel jednat. O p\u011bt let star\u0161\u00ed sprinter dostal pad\u00e1ka. S\u00e1zka na mu\u017ee pro celkov\u00e9 po\u0159ad\u00ed se v\u0161ak dlouho nevypl\u00e1cela. Z\u016fst\u00e1val bez v\u00fdhry ve World Tour od t\u0159et\u00edho d\u011bjstv\u00ed v \u010dervnu 2022 na Dauphin\u00e9.<\/p>\n<figure id=\"attachment_30791\" aria-describedby=\"caption-attachment-30791\" style=\"width: 1920px\" class=\"wp-caption alignnone\"><a href=\"https:\/\/d2p6e6u75xmxt8.cloudfront.net\/13\/2025\/08\/20250825LV4012-scaled.webp\"><img loading=\"lazy\" decoding=\"async\" class=\"size-extra-large wp-image-30791\" src=\"https:\/\/d2p6e6u75xmxt8.cloudfront.net\/13\/2025\/08\/20250825LV4012-1920x1280.webp\" alt=\"\" width=\"1920\" height=\"1280\" srcset=\"https:\/\/d2p6e6u75xmxt8.cloudfront.net\/13\/2025\/08\/20250825LV4012-1920x1280.webp 1920w, https:\/\/d2p6e6u75xmxt8.cloudfront.net\/13\/2025\/08\/20250825LV4012-300x200.webp 300w, https:\/\/d2p6e6u75xmxt8.cloudfront.net\/13\/2025\/08\/20250825LV4012-1024x683.webp 1024w, https:\/\/d2p6e6u75xmxt8.cloudfront.net\/13\/2025\/08\/20250825LV4012-768x512.webp 768w, https:\/\/d2p6e6u75xmxt8.cloudfront.net\/13\/2025\/08\/20250825LV4012-1536x1024.webp 1536w, https:\/\/d2p6e6u75xmxt8.cloudfront.net\/13\/2025\/08\/20250825LV4012-2048x1365.webp 2048w, https:\/\/d2p6e6u75xmxt8.cloudfront.net\/13\/2025\/08\/20250825LV4012-400x267.webp 400w, https:\/\/d2p6e6u75xmxt8.cloudfront.net\/13\/2025\/08\/20250825LV4012-272x182.webp 272w, https:\/\/d2p6e6u75xmxt8.cloudfront.net\/13\/2025\/08\/20250825LV4012-1920x1280.webp 1920w\" sizes=\"auto, (max-width: 1920px) 100vw, 1920px\" \/><\/a><figcaption id=\"caption-attachment-30791\" class=\"wp-caption-text\"><em>David Gaudu slav\u00ed v\u00edt\u011bzstv\u00ed ve 3. etap\u011b \u0161pan\u011blsk\u00e9 Vuelty.<\/em><\/figcaption><\/figure>\n<p>A\u017e leto\u0161n\u00ed jaro bylo p\u0159\u00edslibem lep\u0161\u00edch dn\u016f. P\u0159i Kolem Om\u00e1nu vyhr\u00e1l etapu a na dva dny si p\u0159ivlastnil trikot pr\u016fb\u011b\u017en\u00e9ho l\u00eddr z\u00e1vodu. Podruh\u00e9 v kari\u00e9\u0159e. Jako vedouc\u00ed mu\u017e z\u00e1vodu jel dva dny u\u017e p\u0159i Kolem Algarve v roce 2022.<\/p>\n<p>Jen\u017ee p\u0159ed Girem, k n\u011bmu\u017e se David Gaudu up\u00ednal, p\u0159i\u0161la pohroma. V tr\u00e9ninku ho srazil pes. Pak v ob\u010derstvovac\u00ed z\u00f3n\u011b p\u0159i etapov\u00e9m z\u00e1vod\u011b Tirreno-Adriatico jeden ze soupe\u0159\u016f. Na Strade Bianche a Giru utrp\u011bl dal\u0161\u00ed p\u00e1dy.<\/p>\n<p>&#8222;Za\u017eil jsem tolik t\u011b\u017ek\u00fdch okam\u017eik\u016f. U\u017e snad ani nedok\u00e1\u017eu pojmenovat dal\u0161\u00ed, kdyby m\u011b potkal,&#8220; dumal ve filozofick\u00e9 n\u00e1lad\u011b p\u0159ed startem jubilejn\u00edho <a href=\"https:\/\/www.welovecycling.com\/cs\/2025\/08\/22\/brutalni-oslava-jubilea-obstoji-polamany-portugalec-ci-dravy-ital\/\">osmdes\u00e1t\u00e9ho ro\u010dn\u00edku Vuelty<\/a>.<\/p>\n<h2><strong>Etapa na Vuelt\u011b a je\u0161t\u011b rud\u00fd dres<\/strong><\/h2>\n<p>Ale osud mu zd\u00e1 se za\u010d\u00edn\u00e1 serv\u00edrovat odm\u011bny za vytrvalost. Nejprve v podob\u011b etapov\u00e9ho triumfu, kdy p\u0159espurtoval v posledn\u00ed zat\u00e1\u010dce t\u0159et\u00edho d\u011bjstv\u00ed Madse Pedersena. A o den pozd\u011bji se stal sedmadvac\u00e1t\u00fdm francouzsk\u00fdm jezdcem v rud\u00e9m trikotu l\u00eddra Vuelty. Aby jej z\u00edskal, pustil se do bitvy, co mu rozhodn\u011b nen\u00ed vlastn\u00ed&#8230; On, vrcha\u0159 s t\u0159iapades\u00e1ti kilogramy, v d\u017eungli spurter\u016f. &#8222;Po\u0159\u00e1d hroz\u00ed p\u00e1d, je tam velk\u00e1 tla\u010denice,&#8220; d\u011bsil se dojezdu.<\/p>\n<p>David Gaudu pot\u0159eboval vystrnadit z prvn\u00edho m\u00edsta pr\u016fb\u011b\u017en\u00e9ho po\u0159ad\u00ed Jonase Vingegaarda z Visma Lease a Bike. Sta\u010dila mali\u010dkost. Skon\u010dit osm m\u00edst p\u0159ed d\u00e1nsk\u00fdm soupe\u0159em v \u00fa\u010dtov\u00e1n\u00ed sprintersk\u00e9ho dojezdu. &#8222;Ud\u011blal jsem to poprv\u00e9 v \u017eivot\u011b a naposledy. Nebylo to m\u00edsto, kam pat\u0159\u00edm,&#8220; pronesl pak v c\u00edli ve Voironu, kde slavil Ben Turner z Ineos Grenadiers.<\/p>\n<figure id=\"attachment_30792\" aria-describedby=\"caption-attachment-30792\" style=\"width: 1920px\" class=\"wp-caption alignnone\"><a href=\"https:\/\/d2p6e6u75xmxt8.cloudfront.net\/13\/2025\/08\/20250826LV4014-scaled.webp\"><img loading=\"lazy\" decoding=\"async\" class=\"size-extra-large wp-image-30792\" src=\"https:\/\/d2p6e6u75xmxt8.cloudfront.net\/13\/2025\/08\/20250826LV4014-1920x1280.webp\" alt=\"\" width=\"1920\" height=\"1280\" srcset=\"https:\/\/d2p6e6u75xmxt8.cloudfront.net\/13\/2025\/08\/20250826LV4014-1920x1280.webp 1920w, https:\/\/d2p6e6u75xmxt8.cloudfront.net\/13\/2025\/08\/20250826LV4014-300x200.webp 300w, https:\/\/d2p6e6u75xmxt8.cloudfront.net\/13\/2025\/08\/20250826LV4014-1024x683.webp 1024w, https:\/\/d2p6e6u75xmxt8.cloudfront.net\/13\/2025\/08\/20250826LV4014-768x512.webp 768w, https:\/\/d2p6e6u75xmxt8.cloudfront.net\/13\/2025\/08\/20250826LV4014-1536x1024.webp 1536w, https:\/\/d2p6e6u75xmxt8.cloudfront.net\/13\/2025\/08\/20250826LV4014-2048x1365.webp 2048w, https:\/\/d2p6e6u75xmxt8.cloudfront.net\/13\/2025\/08\/20250826LV4014-400x267.webp 400w, https:\/\/d2p6e6u75xmxt8.cloudfront.net\/13\/2025\/08\/20250826LV4014-272x182.webp 272w, https:\/\/d2p6e6u75xmxt8.cloudfront.net\/13\/2025\/08\/20250826LV4014-1920x1280.webp 1920w\" sizes=\"auto, (max-width: 1920px) 100vw, 1920px\" \/><\/a><figcaption id=\"caption-attachment-30792\" class=\"wp-caption-text\"><em>David Gaudu v trikotu l\u00eddra \u0161pan\u011blsk\u00e9 Grand Tour.<\/em><\/figcaption><\/figure>\n<p>Osmadvacetilet\u00fd jezdec Groupama FDJ byl je\u0161t\u011b p\u011bt kilometr\u016f p\u0159ed c\u00edlem za Vingegaardem. Zat\u00edmco d\u00e1nsk\u00fd rival s vjezdem do ochrann\u00e9 z\u00f3ny zvolnil, David Gaudu n\u011bkolika riskantn\u00edmi man\u00e9vry s notnou d\u00e1vkou \u0161t\u011bst\u00ed prosk\u00e1kal po\u0159ad\u00edm vp\u0159ed. C\u00edlovou p\u00e1sku protnul nakonec p\u011btadvac\u00e1t\u00fd, zat\u00edmco Jonas Vingegaard a\u017e dvaa\u010dty\u0159ic\u00e1t\u00fd. Rozd\u00edl sedmn\u00e1cti pozic byl dosta\u010duj\u00edc\u00ed. Pot\u0159et\u00ed v kari\u00e9\u0159e se stal David Gaudu l\u00eddrem etapov\u00e9ho z\u00e1vodu. Poprv\u00e9 v \u017eivot\u011b na Grand Tour. &#8222;Je to poklona v\u0161emu, co t\u00fdm ud\u011blal od prvn\u00edho dne Vuelty,&#8220; zalykal se \u0161t\u011bst\u00edm.<\/p>\n<p>Doufal, \u017ee p\u0159ekon\u00e1 dosavadn\u00ed maximum v podob\u011b dvou dn\u016f na pozici l\u00eddra etapov\u00e9ho z\u00e1vodu, by\u0165 rud\u00fd trikot musel s par\u0165\u00e1ky h\u00e1jit v t\u00fdmov\u00e9 \u010dasovce. Discipl\u00edn\u011b, co mnoz\u00ed pova\u017euj\u00ed p\u0159e\u017eitek.<\/p>\n<p><em>Foto: A.S.O.\/Billy Ceusters a Unipublic\/Rafa G\u00f3mez\/Sprint Cycling Agency\/Rafa G\u00f3mez a Naike Ere\u00f1ozaga<\/em><\/p>\n<div class=\"MuiTabs-root MuiTabs-vertical css-bt8wl-tabs\">\n<div class=\"MuiTabs-root MuiTabs-vertical css-bt8wl-tabs\"><\/div>\n<\/div>\n","protected":false},"excerpt":{"rendered":"<p>Nenechal se zlomit. A nikdo by se nemohl divit, kdyby nevydr\u017eel. Nezdar\u016f bylo na jednoho a\u017e p\u0159\u00edli\u0161. V rodn\u00e9 zemi [&hellip;]<\/p>\n","protected":false},"author":138,"featured_media":30793,"comment_status":"open","ping_status":"open","sticky":false,"template":"","format":"standard","meta":{"footnotes":""},"categories":[10],"tags":[2435,4329,23,273],"global-categories":[411],"class_list":["post-30789","post","type-post","status-publish","format-standard","has-post-thumbnail","hentry","category-silnicni-cyklistika","tag-david-gaudu","tag-la-vuelta-2025","tag-tour-de-france","tag-vuelta","global-categories-cycling"],"yoast_head":"<!-- This site is optimized with the Yoast SEO Premium plugin v25.3 (Yoast SEO v25.9) - https:\/\/yoast.com\/wordpress\/plugins\/seo\/ -->\n<title>Srazil ho pes, pak soupe\u0159i. A pro dres l\u00eddra musel do d\u017eungle | \u0160koda We Love Cycling - \u010cesk\u00e1 republika<\/title>\n<meta name=\"description\" content=\"Nenechal se zlomit. A nikdo by se nemohl divit, kdyby nevydr\u017eel. Nezdar\u016f bylo na jednoho a\u017e p\u0159\u00edli\u0161. V rodn\u00e9 zemi se z mladick\u00e9ho mil\u00e1\u010dka stal sp\u00ed\u0161e rozmazlen\u00fdm floutkem, uvnit\u0159 vlastn\u00edho t\u00fdmu tak trochu samot\u00e1\u0159em. A p\u0159ece se David Gaudu do\u010dkal trikotu l\u00eddra z Grand Tour. A dokonce ve Francii...\" \/>\n<meta name=\"robots\" content=\"index, follow, max-snippet:-1, max-image-preview:large, max-video-preview:-1\" \/>\n<link rel=\"canonical\" href=\"https:\/\/www.welovecycling.com\/cs\/2025\/08\/27\/srazil-ho-pes-pak-souperi-a-pro-dres-lidra-musel-do-dzungle\/\" \/>\n<meta property=\"og:locale\" content=\"cs_CZ\" \/>\n<meta property=\"og:type\" content=\"article\" \/>\n<meta property=\"og:title\" content=\"Srazil ho pes, pak soupe\u0159i. A pro dres l\u00eddra musel do d\u017eungle\" \/>\n<meta property=\"og:description\" content=\"Nenechal se zlomit. A nikdo by se nemohl divit, kdyby nevydr\u017eel. Nezdar\u016f bylo na jednoho a\u017e p\u0159\u00edli\u0161. V rodn\u00e9 zemi se z mladick\u00e9ho mil\u00e1\u010dka stal sp\u00ed\u0161e rozmazlen\u00fdm floutkem, uvnit\u0159 vlastn\u00edho t\u00fdmu tak trochu samot\u00e1\u0159em. A p\u0159ece se David Gaudu do\u010dkal trikotu l\u00eddra z Grand Tour. A dokonce ve Francii...\" \/>\n<meta property=\"og:url\" content=\"https:\/\/www.welovecycling.com\/cs\/2025\/08\/27\/srazil-ho-pes-pak-souperi-a-pro-dres-lidra-musel-do-dzungle\/\" \/>\n<meta property=\"og:site_name\" content=\"\u0160koda We Love Cycling - \u010cesk\u00e1 republika\" \/>\n<meta property=\"article:published_time\" content=\"2025-08-27T06:51:17+00:00\" \/>\n<meta property=\"og:image\" content=\"https:\/\/d2p6e6u75xmxt8.cloudfront.net\/13\/2025\/08\/20230611CDD1010-A.S.O.-Billy-Ceusters-scaled.webp\" \/>\n\t<meta property=\"og:image:width\" content=\"2560\" \/>\n\t<meta property=\"og:image:height\" content=\"1707\" \/>\n\t<meta property=\"og:image:type\" content=\"image\/webp\" \/>\n<meta name=\"author\" content=\"radekmalina\" \/>\n<meta name=\"twitter:card\" content=\"summary_large_image\" \/>\n<meta name=\"twitter:label1\" content=\"Written by\" \/>\n\t<meta name=\"twitter:data1\" content=\"Radek Malina\" \/>\n\t<meta name=\"twitter:label2\" content=\"Est. reading time\" \/>\n\t<meta name=\"twitter:data2\" content=\"5\" \/>\n<script type=\"application\/ld+json\" class=\"yoast-schema-graph\">{\"@context\":\"https:\/\/schema.org\",\"@graph\":[{\"@type\":\"WebPage\",\"@id\":\"https:\/\/www.welovecycling.com\/cs\/2025\/08\/27\/srazil-ho-pes-pak-souperi-a-pro-dres-lidra-musel-do-dzungle\/\",\"url\":\"https:\/\/www.welovecycling.com\/cs\/2025\/08\/27\/srazil-ho-pes-pak-souperi-a-pro-dres-lidra-musel-do-dzungle\/\",\"name\":\"Srazil ho pes, pak soupe\u0159i. A pro dres l\u00eddra musel do d\u017eungle | \u0160koda We Love Cycling - \u010cesk\u00e1 republika\",\"isPartOf\":{\"@id\":\"https:\/\/www.welovecycling.com\/cs\/#website\"},\"primaryImageOfPage\":{\"@id\":\"https:\/\/www.welovecycling.com\/cs\/2025\/08\/27\/srazil-ho-pes-pak-souperi-a-pro-dres-lidra-musel-do-dzungle\/#primaryimage\"},\"image\":{\"@id\":\"https:\/\/www.welovecycling.com\/cs\/2025\/08\/27\/srazil-ho-pes-pak-souperi-a-pro-dres-lidra-musel-do-dzungle\/#primaryimage\"},\"thumbnailUrl\":\"https:\/\/d2p6e6u75xmxt8.cloudfront.net\/13\/2025\/08\/20230611CDD1010-A.S.O.-Billy-Ceusters-scaled.webp\",\"datePublished\":\"2025-08-27T06:51:17+00:00\",\"author\":{\"@id\":\"https:\/\/www.welovecycling.com\/cs\/#\/schema\/person\/d9eeb0a378f3a7e4a6d12d2b536b04b8\"},\"description\":\"Nenechal se zlomit. A nikdo by se nemohl divit, kdyby nevydr\u017eel. Nezdar\u016f bylo na jednoho a\u017e p\u0159\u00edli\u0161. V rodn\u00e9 zemi se z mladick\u00e9ho mil\u00e1\u010dka stal sp\u00ed\u0161e rozmazlen\u00fdm floutkem, uvnit\u0159 vlastn\u00edho t\u00fdmu tak trochu samot\u00e1\u0159em. A p\u0159ece se David Gaudu do\u010dkal trikotu l\u00eddra z Grand Tour. A dokonce ve Francii...\",\"inLanguage\":\"cs\",\"potentialAction\":[{\"@type\":\"ReadAction\",\"target\":[\"https:\/\/www.welovecycling.com\/cs\/2025\/08\/27\/srazil-ho-pes-pak-souperi-a-pro-dres-lidra-musel-do-dzungle\/\"]}]},{\"@type\":\"ImageObject\",\"inLanguage\":\"cs\",\"@id\":\"https:\/\/www.welovecycling.com\/cs\/2025\/08\/27\/srazil-ho-pes-pak-souperi-a-pro-dres-lidra-musel-do-dzungle\/#primaryimage\",\"url\":\"https:\/\/d2p6e6u75xmxt8.cloudfront.net\/13\/2025\/08\/20230611CDD1010-A.S.O.-Billy-Ceusters-scaled.webp\",\"contentUrl\":\"https:\/\/d2p6e6u75xmxt8.cloudfront.net\/13\/2025\/08\/20230611CDD1010-A.S.O.-Billy-Ceusters-scaled.webp\",\"width\":2560,\"height\":1707,\"caption\":\"David Gaudu\"},{\"@type\":\"WebSite\",\"@id\":\"https:\/\/www.welovecycling.com\/cs\/#website\",\"url\":\"https:\/\/www.welovecycling.com\/cs\/\",\"name\":\"\u0160koda We Love Cycling - \u010cesk\u00e1 republika\",\"description\":\"WeLoveCycling.cz je online magaz\u00edn, kter\u00fd v\u00e1m pravideln\u011b p\u0159in\u00e1\u0161\u00ed rady a tipy, zaj\u00edmav\u00e9 \u010dl\u00e1nky, videa a jedine\u010dn\u00e9 report\u00e1\u017ee ze sv\u011bta cyklistiky.\",\"potentialAction\":[{\"@type\":\"SearchAction\",\"target\":{\"@type\":\"EntryPoint\",\"urlTemplate\":\"https:\/\/www.welovecycling.com\/cs\/?s={search_term_string}\"},\"query-input\":{\"@type\":\"PropertyValueSpecification\",\"valueRequired\":true,\"valueName\":\"search_term_string\"}}],\"inLanguage\":\"cs\"},{\"@type\":\"Person\",\"@id\":\"https:\/\/www.welovecycling.com\/cs\/#\/schema\/person\/d9eeb0a378f3a7e4a6d12d2b536b04b8\",\"name\":\"radekmalina\",\"image\":{\"@type\":\"ImageObject\",\"inLanguage\":\"cs\",\"@id\":\"https:\/\/www.welovecycling.com\/cs\/#\/schema\/person\/image\/\",\"url\":\"https:\/\/secure.gravatar.com\/avatar\/66994b632cb8c39a46b9f54afa3ae07201b678d32a54275b6f1c9ffec356bfc0?s=96&d=mm&r=g\",\"contentUrl\":\"https:\/\/secure.gravatar.com\/avatar\/66994b632cb8c39a46b9f54afa3ae07201b678d32a54275b6f1c9ffec356bfc0?s=96&d=mm&r=g\",\"caption\":\"radekmalina\"},\"url\":\"https:\/\/www.welovecycling.com\/cs\/author\/radekmalina\/\"}]}<\/script>\n<!-- \/ Yoast SEO Premium plugin. -->","yoast_head_json":{"title":"Srazil ho pes, pak soupe\u0159i. A pro dres l\u00eddra musel do d\u017eungle | \u0160koda We Love Cycling - \u010cesk\u00e1 republika","description":"Nenechal se zlomit. A nikdo by se nemohl divit, kdyby nevydr\u017eel. Nezdar\u016f bylo na jednoho a\u017e p\u0159\u00edli\u0161. V rodn\u00e9 zemi se z mladick\u00e9ho mil\u00e1\u010dka stal sp\u00ed\u0161e rozmazlen\u00fdm floutkem, uvnit\u0159 vlastn\u00edho t\u00fdmu tak trochu samot\u00e1\u0159em. A p\u0159ece se David Gaudu do\u010dkal trikotu l\u00eddra z Grand Tour. A dokonce ve Francii...","robots":{"index":"index","follow":"follow","max-snippet":"max-snippet:-1","max-image-preview":"max-image-preview:large","max-video-preview":"max-video-preview:-1"},"canonical":"https:\/\/www.welovecycling.com\/cs\/2025\/08\/27\/srazil-ho-pes-pak-souperi-a-pro-dres-lidra-musel-do-dzungle\/","og_locale":"cs_CZ","og_type":"article","og_title":"Srazil ho pes, pak soupe\u0159i. A pro dres l\u00eddra musel do d\u017eungle","og_description":"Nenechal se zlomit. A nikdo by se nemohl divit, kdyby nevydr\u017eel. Nezdar\u016f bylo na jednoho a\u017e p\u0159\u00edli\u0161. V rodn\u00e9 zemi se z mladick\u00e9ho mil\u00e1\u010dka stal sp\u00ed\u0161e rozmazlen\u00fdm floutkem, uvnit\u0159 vlastn\u00edho t\u00fdmu tak trochu samot\u00e1\u0159em. A p\u0159ece se David Gaudu do\u010dkal trikotu l\u00eddra z Grand Tour. A dokonce ve Francii...","og_url":"https:\/\/www.welovecycling.com\/cs\/2025\/08\/27\/srazil-ho-pes-pak-souperi-a-pro-dres-lidra-musel-do-dzungle\/","og_site_name":"\u0160koda We Love Cycling - \u010cesk\u00e1 republika","article_published_time":"2025-08-27T06:51:17+00:00","og_image":[{"width":2560,"height":1707,"url":"https:\/\/d2p6e6u75xmxt8.cloudfront.net\/13\/2025\/08\/20230611CDD1010-A.S.O.-Billy-Ceusters-scaled.webp","type":"image\/webp"}],"author":"radekmalina","twitter_card":"summary_large_image","twitter_misc":{"Written by":"Radek Malina","Est. reading time":"5"},"schema":{"@context":"https:\/\/schema.org","@graph":[{"@type":"WebPage","@id":"https:\/\/www.welovecycling.com\/cs\/2025\/08\/27\/srazil-ho-pes-pak-souperi-a-pro-dres-lidra-musel-do-dzungle\/","url":"https:\/\/www.welovecycling.com\/cs\/2025\/08\/27\/srazil-ho-pes-pak-souperi-a-pro-dres-lidra-musel-do-dzungle\/","name":"Srazil ho pes, pak soupe\u0159i. A pro dres l\u00eddra musel do d\u017eungle | \u0160koda We Love Cycling - \u010cesk\u00e1 republika","isPartOf":{"@id":"https:\/\/www.welovecycling.com\/cs\/#website"},"primaryImageOfPage":{"@id":"https:\/\/www.welovecycling.com\/cs\/2025\/08\/27\/srazil-ho-pes-pak-souperi-a-pro-dres-lidra-musel-do-dzungle\/#primaryimage"},"image":{"@id":"https:\/\/www.welovecycling.com\/cs\/2025\/08\/27\/srazil-ho-pes-pak-souperi-a-pro-dres-lidra-musel-do-dzungle\/#primaryimage"},"thumbnailUrl":"https:\/\/d2p6e6u75xmxt8.cloudfront.net\/13\/2025\/08\/20230611CDD1010-A.S.O.-Billy-Ceusters-scaled.webp","datePublished":"2025-08-27T06:51:17+00:00","author":{"@id":"https:\/\/www.welovecycling.com\/cs\/#\/schema\/person\/d9eeb0a378f3a7e4a6d12d2b536b04b8"},"description":"Nenechal se zlomit. A nikdo by se nemohl divit, kdyby nevydr\u017eel. Nezdar\u016f bylo na jednoho a\u017e p\u0159\u00edli\u0161. V rodn\u00e9 zemi se z mladick\u00e9ho mil\u00e1\u010dka stal sp\u00ed\u0161e rozmazlen\u00fdm floutkem, uvnit\u0159 vlastn\u00edho t\u00fdmu tak trochu samot\u00e1\u0159em. A p\u0159ece se David Gaudu do\u010dkal trikotu l\u00eddra z Grand Tour. A dokonce ve Francii...","inLanguage":"cs","potentialAction":[{"@type":"ReadAction","target":["https:\/\/www.welovecycling.com\/cs\/2025\/08\/27\/srazil-ho-pes-pak-souperi-a-pro-dres-lidra-musel-do-dzungle\/"]}]},{"@type":"ImageObject","inLanguage":"cs","@id":"https:\/\/www.welovecycling.com\/cs\/2025\/08\/27\/srazil-ho-pes-pak-souperi-a-pro-dres-lidra-musel-do-dzungle\/#primaryimage","url":"https:\/\/d2p6e6u75xmxt8.cloudfront.net\/13\/2025\/08\/20230611CDD1010-A.S.O.-Billy-Ceusters-scaled.webp","contentUrl":"https:\/\/d2p6e6u75xmxt8.cloudfront.net\/13\/2025\/08\/20230611CDD1010-A.S.O.-Billy-Ceusters-scaled.webp","width":2560,"height":1707,"caption":"David Gaudu"},{"@type":"WebSite","@id":"https:\/\/www.welovecycling.com\/cs\/#website","url":"https:\/\/www.welovecycling.com\/cs\/","name":"\u0160koda We Love Cycling - \u010cesk\u00e1 republika","description":"WeLoveCycling.cz je online magaz\u00edn, kter\u00fd v\u00e1m pravideln\u011b p\u0159in\u00e1\u0161\u00ed rady a tipy, zaj\u00edmav\u00e9 \u010dl\u00e1nky, videa a jedine\u010dn\u00e9 report\u00e1\u017ee ze sv\u011bta cyklistiky.","potentialAction":[{"@type":"SearchAction","target":{"@type":"EntryPoint","urlTemplate":"https:\/\/www.welovecycling.com\/cs\/?s={search_term_string}"},"query-input":{"@type":"PropertyValueSpecification","valueRequired":true,"valueName":"search_term_string"}}],"inLanguage":"cs"},{"@type":"Person","@id":"https:\/\/www.welovecycling.com\/cs\/#\/schema\/person\/d9eeb0a378f3a7e4a6d12d2b536b04b8","name":"radekmalina","image":{"@type":"ImageObject","inLanguage":"cs","@id":"https:\/\/www.welovecycling.com\/cs\/#\/schema\/person\/image\/","url":"https:\/\/secure.gravatar.com\/avatar\/66994b632cb8c39a46b9f54afa3ae07201b678d32a54275b6f1c9ffec356bfc0?s=96&d=mm&r=g","contentUrl":"https:\/\/secure.gravatar.com\/avatar\/66994b632cb8c39a46b9f54afa3ae07201b678d32a54275b6f1c9ffec356bfc0?s=96&d=mm&r=g","caption":"radekmalina"},"url":"https:\/\/www.welovecycling.com\/cs\/author\/radekmalina\/"}]}},"_links":{"self":[{"href":"https:\/\/www.welovecycling.com\/cs\/wp-json\/wp\/v2\/posts\/30789","targetHints":{"allow":["GET"]}}],"collection":[{"href":"https:\/\/www.welovecycling.com\/cs\/wp-json\/wp\/v2\/posts"}],"about":[{"href":"https:\/\/www.welovecycling.com\/cs\/wp-json\/wp\/v2\/types\/post"}],"author":[{"embeddable":true,"href":"https:\/\/www.welovecycling.com\/cs\/wp-json\/wp\/v2\/users\/138"}],"replies":[{"embeddable":true,"href":"https:\/\/www.welovecycling.com\/cs\/wp-json\/wp\/v2\/comments?post=30789"}],"version-history":[{"count":2,"href":"https:\/\/www.welovecycling.com\/cs\/wp-json\/wp\/v2\/posts\/30789\/revisions"}],"predecessor-version":[{"id":30795,"href":"https:\/\/www.welovecycling.com\/cs\/wp-json\/wp\/v2\/posts\/30789\/revisions\/30795"}],"wp:featuredmedia":[{"embeddable":true,"href":"https:\/\/www.welovecycling.com\/cs\/wp-json\/wp\/v2\/media\/30793"}],"wp:attachment":[{"href":"https:\/\/www.welovecycling.com\/cs\/wp-json\/wp\/v2\/media?parent=30789"}],"wp:term":[{"taxonomy":"category","embeddable":true,"href":"https:\/\/www.welovecycling.com\/cs\/wp-json\/wp\/v2\/categories?post=30789"},{"taxonomy":"post_tag","embeddable":true,"href":"https:\/\/www.welovecycling.com\/cs\/wp-json\/wp\/v2\/tags?post=30789"},{"taxonomy":"global-categories","embeddable":true,"href":"https:\/\/www.welovecycling.com\/cs\/wp-json\/wp\/v2\/global-categories?post=30789"}],"curies":[{"name":"wp","href":"https:\/\/api.w.org\/{rel}","templated":true}]}}