{"id":30782,"date":"2025-08-27T07:34:42","date_gmt":"2025-08-27T05:34:42","guid":{"rendered":"https:\/\/www.welovecycling.com\/cs\/?p=30782"},"modified":"2025-08-27T07:34:42","modified_gmt":"2025-08-27T05:34:42","slug":"nejsme-zvirata-nelidske-stoupani-oslavou-cyklistiky","status":"publish","type":"post","link":"https:\/\/www.welovecycling.com\/cs\/2025\/08\/27\/nejsme-zvirata-nelidske-stoupani-oslavou-cyklistiky\/","title":{"rendered":"Nejsme zv\u00ed\u0159ata! Nelidsk\u00e9 stoup\u00e1n\u00ed oslavou cyklistiky"},"content":{"rendered":"<p><strong>P\u0159edstavuje m\u00fdtus! Je symbolem odhodl\u00e1n\u00ed a bolesti. Hora Angliru v mlhav\u00fdch hor\u00e1ch Asturie je tak strm\u00e1, \u017ee i auta maj\u00ed mnohdy probl\u00e9m vydr\u00e1pat se k vrcholu. A co teprve cyklist\u00e9, kte\u0159\u00ed sem m\u00ed\u0159\u00ed, aby potvrdili svoji v\u00fdjime\u010dnost. U\u017e jen kv\u016fli jedine\u010dn\u00e9 au\u0159e nem\u016f\u017ee ikonick\u00fd v\u00fdstup chyb\u011bt v osmdes\u00e1t\u00e9m ro\u010dn\u00edku Vuelty.<\/strong><\/p>\n<p>Hora <strong>Angliru<\/strong> nen\u00ed ve sv\u011bt\u011b cyklistiky zako\u0159en\u011bn\u00e1 tak jako Alpe d\u2019Huez ve spojen\u00ed s Tour de France \u010di Mortirolo v p\u0159\u00edpad\u011b italsk\u00e9ho Gira. Teprve v sezon\u011b 1999 se cyklist\u00e9 sunuli k vrcholu prvn\u011b. A p\u0159ece se stoup\u00e1n\u00ed za \u010dtvrt stolet\u00ed stalo legendou s jedine\u010dnou aurou.<\/p>\n<h2><strong>Pro\u010d maj\u00ed na Angliru probl\u00e9m i auta?<\/strong><\/h2>\n<p>Prvn\u00ed dojezd ovl\u00e1dl dom\u00e1c\u00ed Jos\u00e9 Mar\u00eda Jim\u00e9nez. U\u017e o rok pozd\u011bji slavil na vrcholu Ital Gilberto Simoni, pozd\u011bji dvojn\u00e1sobn\u00fd v\u00edt\u011bze Gira. &#8222;Je to peklo,&#8220; vynesl nemilosrdn\u00fd soud o stoup\u00e1n\u00ed, kde je t\u0159eba zdolat pas\u00e1\u017ee se sklonem \u010dty\u0159iadvacet procent.<\/p>\n<p>Kdy\u017e organiz\u00e1to\u0159i za\u0159adili v\u00fdstup po \u00fazk\u00e9 silni\u010dce t\u00e1hnouc\u00ed se do oblak v sezon\u011b 2002, prov\u00e1zelo etapu mlhav\u00e9 po\u010das\u00ed, v dojezdu pak hust\u00fd d\u00e9\u0161\u0165. David Millar, britsk\u00fd cyklista py\u0161n\u00edc\u00ed se triumfy z etap na v\u0161ech Grand Tour, s v\u00fd\u0161kou 191 centimetr\u016f a v\u00e1hou 79 kilogram\u016f bitvu s dojezdem na Angliru vzdal. Ten den vzdalo Vueltu osm jezdc\u016f. Dal\u0161\u00ed \u010dty\u0159i s v\u011bdom\u00edm pekla, kter\u00e9 je \u010dek\u00e1, v\u016fbec nenastoupili. Fanou\u0161ci na kopci \u0161\u00edleli. Bitva o Vueltu p\u0159inesla tot\u00e1ln\u00ed chaos. &#8222;Tohle je nelidsk\u00e9. Nejsme zv\u00ed\u0159ata,&#8220; vypl\u00edsnil organiz\u00e1tory <strong>David Millar<\/strong>.<\/p>\n<figure id=\"attachment_30786\" aria-describedby=\"caption-attachment-30786\" style=\"width: 1800px\" class=\"wp-caption alignnone\"><a href=\"https:\/\/d2p6e6u75xmxt8.cloudfront.net\/13\/2025\/08\/profimedia-0805070686.webp\"><img loading=\"lazy\" decoding=\"async\" class=\"size-full wp-image-30786\" src=\"https:\/\/d2p6e6u75xmxt8.cloudfront.net\/13\/2025\/08\/profimedia-0805070686.webp\" alt=\"\" width=\"1800\" height=\"1200\" srcset=\"https:\/\/d2p6e6u75xmxt8.cloudfront.net\/13\/2025\/08\/profimedia-0805070686.webp 1800w, https:\/\/d2p6e6u75xmxt8.cloudfront.net\/13\/2025\/08\/profimedia-0805070686-300x200.webp 300w, https:\/\/d2p6e6u75xmxt8.cloudfront.net\/13\/2025\/08\/profimedia-0805070686-1024x683.webp 1024w, https:\/\/d2p6e6u75xmxt8.cloudfront.net\/13\/2025\/08\/profimedia-0805070686-768x512.webp 768w, https:\/\/d2p6e6u75xmxt8.cloudfront.net\/13\/2025\/08\/profimedia-0805070686-1536x1024.webp 1536w, https:\/\/d2p6e6u75xmxt8.cloudfront.net\/13\/2025\/08\/profimedia-0805070686-400x267.webp 400w, https:\/\/d2p6e6u75xmxt8.cloudfront.net\/13\/2025\/08\/profimedia-0805070686-272x182.webp 272w\" sizes=\"auto, (max-width: 1800px) 100vw, 1800px\" \/><\/a><figcaption id=\"caption-attachment-30786\" class=\"wp-caption-text\"><em>Sepp Kuss bojuje s horou Angliru p\u0159i Vuelt\u011b 2023.<\/em><\/figcaption><\/figure>\n<p>V mlhav\u00e9m po\u010das\u00ed maj\u00ed mnohdy probl\u00e9m vydr\u00e1pat se na vrchol vozidla. Na n\u00e1pisech a nejr\u016fzn\u011bj\u0161\u00edch obrazc\u00edch vytvo\u0159en\u00fdch na silnici fanou\u0161ky v nejprud\u0161\u00edch pas\u00e1\u017e\u00edch toti\u017e prokluzuj\u00ed kola nejen cyklist\u016fm, ale i automobil\u016fm doprovodn\u00e9 kolony. Pach p\u00e1l\u00edc\u00ed se spojky je s Angliru spjat\u00fd stejn\u011b jako mlha, kter\u00e1 tak \u010dasto zah\u00e1l\u00ed vrchol. Snad proto, aby odv\u00e1\u017elivci nevid\u011bli, co je \u010dek\u00e1.<\/p>\n<h2><strong>Koz\u00ed stezka l\u00e1me \u0161ampiony<\/strong><\/h2>\n<p><strong>Alto de l\u2019Angliru<\/strong> je stoup\u00e1n\u00ed, kde byli objeveni nov\u00ed \u0161ampioni a poko\u0159eni ti b\u00fdval\u00ed. Cyklist\u00e9 &#8222;vyf\u00e1raj\u00ed&#8220; do v\u00fd\u0161ky 1560 metr\u016f nad mo\u0159em. V\u00fdstup je dlouh\u00fd 12,4 kilometr\u016f (z vesnice La Vega) s pr\u016fm\u011brn\u00fdm sklonem deset procent. Nejprve p\u011bt kilometr\u016f, kdy se naklon\u011bn\u00ed pohybuje mezi sedmi a\u017e osmi procenty. Pak kousek roviny.<\/p>\n<div class=\"shortcode-ys-post-pinup\"><article class=\"loop-simple post-30684 post type-post status-publish format-standard has-post-thumbnail hentry category-silnicni-cyklistika tag-caja-rural-seguros-rga tag-cyklistika tag-jakub-otruba tag-la-vuelta-2025 tag-silnicni-cyklistika tag-vuelta tag-vuelta-2025 global-categories-cycling\" data-postid=\"30684\" role=\"article\" data-post-id=\"30684\" data-word-count=\"1053\" data-headline-length=\"60\" data-category=\"Silni\u010dn\u00ed cyklistika\" data-global-category=\"Cycling\" data-author=\"Radek Malina\" data-published=\"2025-08-21T10:00:24+02:00\" data-published-day=\"Thursday\">\n    <div class=\"entry-thumbnail article-thumbnail\" content=\"https:\/\/d2p6e6u75xmxt8.cloudfront.net\/13\/2025\/08\/BrychtaJan_MR_Banovce_20250629_114034_850_6833-1-150x150.webp\"><a href=\"https:\/\/www.welovecycling.com\/cs\/2025\/08\/21\/jakub-otruba-ac-je-vuelta-extremni-strach-mi-nenahani\/\" class=\"image-holder\" target=\"_self\"><img decoding=\"async\" loading=\"lazy\" class=\"\" src=\"https:\/\/d2p6e6u75xmxt8.cloudfront.net\/13\/2025\/08\/BrychtaJan_MR_Banovce_20250629_114034_850_6833-1-1024x683.webp\" srcset=\"https:\/\/d2p6e6u75xmxt8.cloudfront.net\/13\/2025\/08\/BrychtaJan_MR_Banovce_20250629_114034_850_6833-1-scaled.webp 2560w, https:\/\/d2p6e6u75xmxt8.cloudfront.net\/13\/2025\/08\/BrychtaJan_MR_Banovce_20250629_114034_850_6833-1-300x200.webp 300w, https:\/\/d2p6e6u75xmxt8.cloudfront.net\/13\/2025\/08\/BrychtaJan_MR_Banovce_20250629_114034_850_6833-1-1024x683.webp 1024w, https:\/\/d2p6e6u75xmxt8.cloudfront.net\/13\/2025\/08\/BrychtaJan_MR_Banovce_20250629_114034_850_6833-1-768x512.webp 768w, https:\/\/d2p6e6u75xmxt8.cloudfront.net\/13\/2025\/08\/BrychtaJan_MR_Banovce_20250629_114034_850_6833-1-1536x1024.webp 1536w, https:\/\/d2p6e6u75xmxt8.cloudfront.net\/13\/2025\/08\/BrychtaJan_MR_Banovce_20250629_114034_850_6833-1-2048x1365.webp 2048w, https:\/\/d2p6e6u75xmxt8.cloudfront.net\/13\/2025\/08\/BrychtaJan_MR_Banovce_20250629_114034_850_6833-1-1920x1280.webp 1920w, https:\/\/d2p6e6u75xmxt8.cloudfront.net\/13\/2025\/08\/BrychtaJan_MR_Banovce_20250629_114034_850_6833-1-400x267.webp 400w, https:\/\/d2p6e6u75xmxt8.cloudfront.net\/13\/2025\/08\/BrychtaJan_MR_Banovce_20250629_114034_850_6833-1-272x182.webp 272w, https:\/\/d2p6e6u75xmxt8.cloudfront.net\/13\/2025\/08\/BrychtaJan_MR_Banovce_20250629_114034_850_6833-1-1920x1280.webp 1920w\" width=\"1024\" height=\"683\" sizes=\"auto, (min-width: 1200px) 300px, (min-width: 768px) 25vw, 100vw\" alt=\"jakub-otruba-ac-je-vuelta-extremni-strach-mi-nenahani\"\/><\/a><\/div>    <div class=\"entry-meta\">\n        <a class=\"label label-secondary post-category\" href=\"https:\/\/www.welovecycling.com\/cs\/category\/silnicni-cyklistika\/\" title=\"Silni\u010dn\u00ed cyklistika\">Silni\u010dn\u00ed cyklistika<\/a>\n    <\/div>\n    <div class=\"entry-details\">\n        <a href=\"https:\/\/www.welovecycling.com\/cs\/2025\/08\/21\/jakub-otruba-ac-je-vuelta-extremni-strach-mi-nenahani\/\" class='entry-title-wrapper'>\n            <h3 class=\"entry-title\"><span>Jakub Otruba: A\u010d je Vuelta extr\u00e9mn\u00ed, strach mi nenah\u00e1n\u00ed<\/span><\/h3>\n        <\/a>\n    <\/div>\n    <\/article>\n<\/div>\n<p>A zbytek? O\u010distec! Z\u00e1v\u011bre\u010dn\u00fdch \u0161est kilometr\u016f m\u00e1 v pr\u016fm\u011bru patn\u00e1ctiprocentn\u00ed sklon a pas\u00e1\u017e zvanou Koz\u00ed stezka s maxim\u00e1ln\u00edm sklonem \u010dty\u0159iadvacet procent. Nen\u00ed divu, \u017ee se zde zlomil nejeden elitn\u00ed vrcha\u0159. Asfalt je permanentn\u011b vlhk\u00fd, nav\u00edc pokryt\u00fd nen\u00e1padn\u00fdm mechem. Cyklist\u00e9 k vrcholu proj\u00ed\u017ed\u00ed tunelem \u0161\u00edl\u00edc\u00edch fanou\u0161k\u016f, kte\u0159\u00ed kopec ve slovn\u00ed h\u0159\u00ed\u010dce p\u0159ejmenovali na Angry Lou. Rekord v\u00fdstupu dr\u017e\u00ed Roberto Heras, kter\u00fd k vrcholu vylet\u011bl v \u0161estn\u00e1ct\u00e9 etap\u011b ro\u010dn\u00edku 2000 za 41 minut a 55 sekund.<\/p>\n<figure id=\"attachment_30787\" aria-describedby=\"caption-attachment-30787\" style=\"width: 1800px\" class=\"wp-caption alignnone\"><a href=\"https:\/\/d2p6e6u75xmxt8.cloudfront.net\/13\/2025\/08\/profimedia-0805086455.webp\"><img loading=\"lazy\" decoding=\"async\" class=\"size-full wp-image-30787\" src=\"https:\/\/d2p6e6u75xmxt8.cloudfront.net\/13\/2025\/08\/profimedia-0805086455.webp\" alt=\"\" width=\"1800\" height=\"1200\" srcset=\"https:\/\/d2p6e6u75xmxt8.cloudfront.net\/13\/2025\/08\/profimedia-0805086455.webp 1800w, https:\/\/d2p6e6u75xmxt8.cloudfront.net\/13\/2025\/08\/profimedia-0805086455-300x200.webp 300w, https:\/\/d2p6e6u75xmxt8.cloudfront.net\/13\/2025\/08\/profimedia-0805086455-1024x683.webp 1024w, https:\/\/d2p6e6u75xmxt8.cloudfront.net\/13\/2025\/08\/profimedia-0805086455-768x512.webp 768w, https:\/\/d2p6e6u75xmxt8.cloudfront.net\/13\/2025\/08\/profimedia-0805086455-1536x1024.webp 1536w, https:\/\/d2p6e6u75xmxt8.cloudfront.net\/13\/2025\/08\/profimedia-0805086455-400x267.webp 400w, https:\/\/d2p6e6u75xmxt8.cloudfront.net\/13\/2025\/08\/profimedia-0805086455-272x182.webp 272w\" sizes=\"auto, (max-width: 1800px) 100vw, 1800px\" \/><\/a><figcaption id=\"caption-attachment-30787\" class=\"wp-caption-text\"><em>Jan Hirt se v mlze dere k vrcholu Angliru.<\/em><\/figcaption><\/figure>\n<p>&#8222;Kdy\u017e jedete ze sedla, zadn\u00ed kolo prokluzuje,&#8220; b\u011bduj\u00ed cyklist\u00e9. A tak jsou \u010dasto k vid\u011bn\u00ed z\u00e1vodn\u00edci, kte\u0159\u00ed vy\u0161\u00edvaj\u00ed sv\u016fj p\u0159\u00edb\u011bh hory Angliru od krajnice ke krajnici, proto\u017ee p\u0159\u00edli\u0161n\u00e9 zpomalen\u00ed obn\u00e1\u0161\u00ed hrozbu p\u00e1du. V\u017edy\u0165 v prvn\u00edch letech n\u011bkter\u00e9 t\u00fdmy pou\u017e\u00edvaly na silni\u010dn\u00edch stroj\u00edch kazety z horsk\u00fdch kol. A ani dnes nen\u00ed vz\u00e1cnost\u00ed pou\u017eit\u00ed speci\u00e1ln\u00edch p\u0159evod\u016f.<\/p>\n<h2><strong>Hora byla sv\u011bdkem v\u00e1lky t\u00fdmu Visma<\/strong><\/h2>\n<p>Pr\u00e1v\u011b na Angliru z\u00edskal l\u00e1sku fanou\u0161k\u016f <strong>Alberto Contador<\/strong>, kdy\u017e v roce 2008 na legend\u00e1rn\u00edm v\u00fdstupu tan\u010dil v ped\u00e1lech pro etapov\u00e9 v\u00edt\u011bzstv\u00ed a rozhoduj\u00edc\u00ed n\u00e1skok znamenaj\u00edc\u00ed prvn\u00ed ze t\u0159\u00ed celkov\u00fdch prvenstv\u00ed na Vuelt\u011b. O p\u011bt let pozd\u011bji tady Ameri\u010dan Chris Horner v jedna\u010dty\u0159iceti letech senza\u010dn\u011b porazil Vincenza Nibaliho i Alejandra Valverdeho a zajistil si titul z Vuelty i prim\u00e1t historicky nejstar\u0161\u00edho v\u00edt\u011bze Grand Tour.<\/p>\n<div class=\"shortcode-ys-post-pinup\"><article class=\"loop-simple post-23675 post type-post status-publish format-standard has-post-thumbnail hentry category-silnicni-cyklistika tag-cyklistika tag-jonas-vingegaard tag-jumbo-visma tag-primoz-roglic tag-sepp-kuss tag-silnicni-cyklistika tag-tour-de-france tag-vuelta tag-vuelta-2023 global-categories-cycling\" data-postid=\"23675\" role=\"article\" data-post-id=\"23675\" data-word-count=\"570\" data-headline-length=\"68\" data-category=\"Silni\u010dn\u00ed cyklistika\" data-global-category=\"Cycling\" data-author=\"We Love Cycling\" data-published=\"2023-09-17T20:00:27+02:00\" data-published-day=\"Sunday\">\n    <div class=\"entry-thumbnail article-thumbnail\" content=\"https:\/\/d2p6e6u75xmxt8.cloudfront.net\/13\/2023\/09\/profimedia-0805769945-150x150.webp\"><a href=\"https:\/\/www.welovecycling.com\/cs\/2023\/09\/17\/sepp-kuss-a-triumf-loajality-uspech-domestika-je-krachem-roglice\/\" class=\"image-holder\" target=\"_self\"><img decoding=\"async\" loading=\"lazy\" class=\"\" src=\"https:\/\/d2p6e6u75xmxt8.cloudfront.net\/13\/2023\/09\/profimedia-0805769945-1024x683.webp\" srcset=\"https:\/\/d2p6e6u75xmxt8.cloudfront.net\/13\/2023\/09\/profimedia-0805769945.webp 1800w, https:\/\/d2p6e6u75xmxt8.cloudfront.net\/13\/2023\/09\/profimedia-0805769945-300x200.webp 300w, https:\/\/d2p6e6u75xmxt8.cloudfront.net\/13\/2023\/09\/profimedia-0805769945-1024x683.webp 1024w, https:\/\/d2p6e6u75xmxt8.cloudfront.net\/13\/2023\/09\/profimedia-0805769945-768x512.webp 768w, https:\/\/d2p6e6u75xmxt8.cloudfront.net\/13\/2023\/09\/profimedia-0805769945-1536x1024.webp 1536w, https:\/\/d2p6e6u75xmxt8.cloudfront.net\/13\/2023\/09\/profimedia-0805769945-400x267.webp 400w, https:\/\/d2p6e6u75xmxt8.cloudfront.net\/13\/2023\/09\/profimedia-0805769945-272x182.webp 272w\" width=\"1024\" height=\"683\" sizes=\"auto, (min-width: 1200px) 300px, (min-width: 768px) 25vw, 100vw\" alt=\"sepp-kuss-a-triumf-loajality-uspech-domestika-je-krachem-roglice\"\/><\/a><\/div>    <div class=\"entry-meta\">\n        <a class=\"label label-secondary post-category\" href=\"https:\/\/www.welovecycling.com\/cs\/category\/silnicni-cyklistika\/\" title=\"Silni\u010dn\u00ed cyklistika\">Silni\u010dn\u00ed cyklistika<\/a>\n    <\/div>\n    <div class=\"entry-details\">\n        <a href=\"https:\/\/www.welovecycling.com\/cs\/2023\/09\/17\/sepp-kuss-a-triumf-loajality-uspech-domestika-je-krachem-roglice\/\" class='entry-title-wrapper'>\n            <h3 class=\"entry-title\"><span>Sepp Kuss a triumf loajality! \u00dasp\u011bch domestika je krachem Rogli\u010de<\/span><\/h3>\n        <\/a>\n    <\/div>\n    <\/article>\n<\/div>\n<p>Dev\u00e1t\u00fd z\u00e1\u0159ijov\u00fd den 2017 tady pak napsal &#8222;zlatou&#8220; te\u010dku za kari\u00e9rou Alberto Contador. Fanou\u0161ci \u0161\u00edleli, kdy\u017e uh\u00e1n\u011bl k vrcholu. Vuelta byla posledn\u00edm p\u0159edstaven\u00edm b\u00e1je\u010dn\u00e9 kari\u00e9ry \u0161pan\u011blsk\u00e9ho cyklisty. &#8222;Neexistuje lep\u0161\u00ed konec ne\u017e v\u00edt\u011bzstv\u00ed na Angliru,&#8220; zalykal se \u0161t\u011bst\u00edm Alberto Contador.<\/p>\n<p><a href=\"https:\/\/d2p6e6u75xmxt8.cloudfront.net\/13\/2025\/08\/profimedia-0805067859.webp\"><img loading=\"lazy\" decoding=\"async\" class=\"alignnone size-full wp-image-30785\" src=\"https:\/\/d2p6e6u75xmxt8.cloudfront.net\/13\/2025\/08\/profimedia-0805067859.webp\" alt=\"\" width=\"1800\" height=\"1200\" srcset=\"https:\/\/d2p6e6u75xmxt8.cloudfront.net\/13\/2025\/08\/profimedia-0805067859.webp 1800w, https:\/\/d2p6e6u75xmxt8.cloudfront.net\/13\/2025\/08\/profimedia-0805067859-300x200.webp 300w, https:\/\/d2p6e6u75xmxt8.cloudfront.net\/13\/2025\/08\/profimedia-0805067859-1024x683.webp 1024w, https:\/\/d2p6e6u75xmxt8.cloudfront.net\/13\/2025\/08\/profimedia-0805067859-768x512.webp 768w, https:\/\/d2p6e6u75xmxt8.cloudfront.net\/13\/2025\/08\/profimedia-0805067859-1536x1024.webp 1536w, https:\/\/d2p6e6u75xmxt8.cloudfront.net\/13\/2025\/08\/profimedia-0805067859-400x267.webp 400w, https:\/\/d2p6e6u75xmxt8.cloudfront.net\/13\/2025\/08\/profimedia-0805067859-272x182.webp 272w\" sizes=\"auto, (max-width: 1800px) 100vw, 1800px\" \/><\/a><\/p>\n<p>A pak v roce 2023 p\u0159i\u0161lo <a href=\"https:\/\/www.welovecycling.com\/cs\/2023\/09\/18\/chovali-se-jako-hlupaci-expert-o-roglicovi-a-vingegaardovi-na-vuelte\/\">velkolep\u00e9 drama jednoho t\u00fdmu<\/a>. Z mlhy si pro v\u00edt\u011bzstv\u00ed dojel Primo\u017e Rogli\u010d v trikotu <strong>Visma Lease a Bike<\/strong>. \u0160lo o posledn\u00ed triumf Slovince na Grand Tour v dresu nizozemsk\u00e9 formace. Naplno se na svaz\u00edch Angliru rozho\u0159ela vnit\u0159n\u00ed v\u00e1lka sestavy, kde druh\u00e9 m\u00edsto bral Jonas Vingegaard a t\u0159et\u00ed <strong>Sepp Kuss<\/strong>, toho \u010dasu u\u017e v rud\u00e9m trikotu. A\u010d domestik, slavil v Madridu celkov\u00e9 prvenstv\u00ed.<\/p>\n<p>A\u017e se 5. z\u00e1\u0159\u00ed p\u0159i oslav\u00e1ch osmdes\u00e1ti let existence Vuelty pojede na <a href=\"https:\/\/climbfinder.com\/en\/climbs\/alto-del-angliru-la-vega-riosa\">Angliru<\/a>, nenechte si velkolep\u00e9 p\u0159edstaven\u00ed uj\u00edt. Nepochybn\u011b p\u016fjde o sm\u011bs bolesti a oslavy cyklistiky, kter\u00e1 velmi pravd\u011bpodobn\u011b p\u0159edur\u010d\u00ed \u0161ampiona rud\u00e9ho dresu.<\/p>\n","protected":false},"excerpt":{"rendered":"<p>P\u0159edstavuje m\u00fdtus! Je symbolem odhodl\u00e1n\u00ed a bolesti. Hora Angliru v mlhav\u00fdch hor\u00e1ch Asturie je tak strm\u00e1, \u017ee i auta maj\u00ed [&hellip;]<\/p>\n","protected":false},"author":138,"featured_media":30784,"comment_status":"open","ping_status":"open","sticky":false,"template":"","format":"standard","meta":{"footnotes":""},"categories":[10],"tags":[319,4350,4349,126,4351,1600,9],"global-categories":[411],"class_list":["post-30782","post","type-post","status-publish","format-standard","has-post-thumbnail","hentry","category-silnicni-cyklistika","tag-alberto-contador","tag-alto-de-langliru","tag-angliru","tag-cyklistika","tag-david-millar","tag-sepp-kuss","tag-silnicni-cyklistika","global-categories-cycling"],"yoast_head":"<!-- This site is optimized with the Yoast SEO Premium plugin v25.3 (Yoast SEO v25.9) - https:\/\/yoast.com\/wordpress\/plugins\/seo\/ -->\n<title>Nejsme zv\u00ed\u0159ata! Nelidsk\u00e9 stoup\u00e1n\u00ed oslavou cyklistiky | \u0160koda We Love Cycling - \u010cesk\u00e1 republika<\/title>\n<meta name=\"description\" content=\"P\u0159edstavuje m\u00fdtus! Je symbolem odhodl\u00e1n\u00ed a bolesti. Hora Angliru v mlhav\u00fdch hor\u00e1ch Asturie je tak strm\u00e1, \u017ee i auta maj\u00ed mnohdy probl\u00e9m vydr\u00e1pat se k vrcholu. A co teprve cyklist\u00e9, kte\u0159\u00ed sem m\u00ed\u0159\u00ed, aby potvrdili svoji v\u00fdjime\u010dnost. U\u017e jen kv\u016fli jedine\u010dn\u00e9 au\u0159e nem\u016f\u017ee ikonick\u00fd v\u00fdstup chyb\u011bt v osmdes\u00e1t\u00e9m ro\u010dn\u00edku Vuelty.\" \/>\n<meta name=\"robots\" content=\"index, follow, max-snippet:-1, max-image-preview:large, max-video-preview:-1\" \/>\n<link rel=\"canonical\" href=\"https:\/\/www.welovecycling.com\/cs\/2025\/08\/27\/nejsme-zvirata-nelidske-stoupani-oslavou-cyklistiky\/\" \/>\n<meta property=\"og:locale\" content=\"cs_CZ\" \/>\n<meta property=\"og:type\" content=\"article\" \/>\n<meta property=\"og:title\" content=\"Nejsme zv\u00ed\u0159ata! Nelidsk\u00e9 stoup\u00e1n\u00ed oslavou cyklistiky\" \/>\n<meta property=\"og:description\" content=\"P\u0159edstavuje m\u00fdtus! Je symbolem odhodl\u00e1n\u00ed a bolesti. Hora Angliru v mlhav\u00fdch hor\u00e1ch Asturie je tak strm\u00e1, \u017ee i auta maj\u00ed mnohdy probl\u00e9m vydr\u00e1pat se k vrcholu. A co teprve cyklist\u00e9, kte\u0159\u00ed sem m\u00ed\u0159\u00ed, aby potvrdili svoji v\u00fdjime\u010dnost. U\u017e jen kv\u016fli jedine\u010dn\u00e9 au\u0159e nem\u016f\u017ee ikonick\u00fd v\u00fdstup chyb\u011bt v osmdes\u00e1t\u00e9m ro\u010dn\u00edku Vuelty.\" \/>\n<meta property=\"og:url\" content=\"https:\/\/www.welovecycling.com\/cs\/2025\/08\/27\/nejsme-zvirata-nelidske-stoupani-oslavou-cyklistiky\/\" \/>\n<meta property=\"og:site_name\" content=\"\u0160koda We Love Cycling - \u010cesk\u00e1 republika\" \/>\n<meta property=\"article:published_time\" content=\"2025-08-27T05:34:42+00:00\" \/>\n<meta property=\"og:image\" content=\"https:\/\/d2p6e6u75xmxt8.cloudfront.net\/13\/2025\/08\/profimedia-0349022272.webp\" \/>\n\t<meta property=\"og:image:width\" content=\"1800\" \/>\n\t<meta property=\"og:image:height\" content=\"1199\" \/>\n\t<meta property=\"og:image:type\" content=\"image\/webp\" \/>\n<meta name=\"author\" content=\"radekmalina\" \/>\n<meta name=\"twitter:card\" content=\"summary_large_image\" \/>\n<meta name=\"twitter:label1\" content=\"Written by\" \/>\n\t<meta name=\"twitter:data1\" content=\"We Love Cycling\" \/>\n\t<meta name=\"twitter:label2\" content=\"Est. reading time\" \/>\n\t<meta name=\"twitter:data2\" content=\"6\" \/>\n<script type=\"application\/ld+json\" class=\"yoast-schema-graph\">{\"@context\":\"https:\/\/schema.org\",\"@graph\":[{\"@type\":\"WebPage\",\"@id\":\"https:\/\/www.welovecycling.com\/cs\/2025\/08\/27\/nejsme-zvirata-nelidske-stoupani-oslavou-cyklistiky\/\",\"url\":\"https:\/\/www.welovecycling.com\/cs\/2025\/08\/27\/nejsme-zvirata-nelidske-stoupani-oslavou-cyklistiky\/\",\"name\":\"Nejsme zv\u00ed\u0159ata! Nelidsk\u00e9 stoup\u00e1n\u00ed oslavou cyklistiky | \u0160koda We Love Cycling - \u010cesk\u00e1 republika\",\"isPartOf\":{\"@id\":\"https:\/\/www.welovecycling.com\/cs\/#website\"},\"primaryImageOfPage\":{\"@id\":\"https:\/\/www.welovecycling.com\/cs\/2025\/08\/27\/nejsme-zvirata-nelidske-stoupani-oslavou-cyklistiky\/#primaryimage\"},\"image\":{\"@id\":\"https:\/\/www.welovecycling.com\/cs\/2025\/08\/27\/nejsme-zvirata-nelidske-stoupani-oslavou-cyklistiky\/#primaryimage\"},\"thumbnailUrl\":\"https:\/\/d2p6e6u75xmxt8.cloudfront.net\/13\/2025\/08\/profimedia-0349022272.webp\",\"datePublished\":\"2025-08-27T05:34:42+00:00\",\"author\":{\"@id\":\"https:\/\/www.welovecycling.com\/cs\/#\/schema\/person\/d9eeb0a378f3a7e4a6d12d2b536b04b8\"},\"description\":\"P\u0159edstavuje m\u00fdtus! Je symbolem odhodl\u00e1n\u00ed a bolesti. Hora Angliru v mlhav\u00fdch hor\u00e1ch Asturie je tak strm\u00e1, \u017ee i auta maj\u00ed mnohdy probl\u00e9m vydr\u00e1pat se k vrcholu. A co teprve cyklist\u00e9, kte\u0159\u00ed sem m\u00ed\u0159\u00ed, aby potvrdili svoji v\u00fdjime\u010dnost. U\u017e jen kv\u016fli jedine\u010dn\u00e9 au\u0159e nem\u016f\u017ee ikonick\u00fd v\u00fdstup chyb\u011bt v osmdes\u00e1t\u00e9m ro\u010dn\u00edku Vuelty.\",\"inLanguage\":\"cs\",\"potentialAction\":[{\"@type\":\"ReadAction\",\"target\":[\"https:\/\/www.welovecycling.com\/cs\/2025\/08\/27\/nejsme-zvirata-nelidske-stoupani-oslavou-cyklistiky\/\"]}]},{\"@type\":\"ImageObject\",\"inLanguage\":\"cs\",\"@id\":\"https:\/\/www.welovecycling.com\/cs\/2025\/08\/27\/nejsme-zvirata-nelidske-stoupani-oslavou-cyklistiky\/#primaryimage\",\"url\":\"https:\/\/d2p6e6u75xmxt8.cloudfront.net\/13\/2025\/08\/profimedia-0349022272.webp\",\"contentUrl\":\"https:\/\/d2p6e6u75xmxt8.cloudfront.net\/13\/2025\/08\/profimedia-0349022272.webp\",\"width\":1800,\"height\":1199,\"caption\":\"Contador Angliru\"},{\"@type\":\"WebSite\",\"@id\":\"https:\/\/www.welovecycling.com\/cs\/#website\",\"url\":\"https:\/\/www.welovecycling.com\/cs\/\",\"name\":\"\u0160koda We Love Cycling - \u010cesk\u00e1 republika\",\"description\":\"WeLoveCycling.cz je online magaz\u00edn, kter\u00fd v\u00e1m pravideln\u011b p\u0159in\u00e1\u0161\u00ed rady a tipy, zaj\u00edmav\u00e9 \u010dl\u00e1nky, videa a jedine\u010dn\u00e9 report\u00e1\u017ee ze sv\u011bta cyklistiky.\",\"potentialAction\":[{\"@type\":\"SearchAction\",\"target\":{\"@type\":\"EntryPoint\",\"urlTemplate\":\"https:\/\/www.welovecycling.com\/cs\/?s={search_term_string}\"},\"query-input\":{\"@type\":\"PropertyValueSpecification\",\"valueRequired\":true,\"valueName\":\"search_term_string\"}}],\"inLanguage\":\"cs\"},{\"@type\":\"Person\",\"@id\":\"https:\/\/www.welovecycling.com\/cs\/#\/schema\/person\/d9eeb0a378f3a7e4a6d12d2b536b04b8\",\"name\":\"radekmalina\",\"image\":{\"@type\":\"ImageObject\",\"inLanguage\":\"cs\",\"@id\":\"https:\/\/www.welovecycling.com\/cs\/#\/schema\/person\/image\/\",\"url\":\"https:\/\/secure.gravatar.com\/avatar\/66994b632cb8c39a46b9f54afa3ae07201b678d32a54275b6f1c9ffec356bfc0?s=96&d=mm&r=g\",\"contentUrl\":\"https:\/\/secure.gravatar.com\/avatar\/66994b632cb8c39a46b9f54afa3ae07201b678d32a54275b6f1c9ffec356bfc0?s=96&d=mm&r=g\",\"caption\":\"radekmalina\"},\"url\":\"https:\/\/www.welovecycling.com\/cs\/author\/radekmalina\/\"}]}<\/script>\n<!-- \/ Yoast SEO Premium plugin. -->","yoast_head_json":{"title":"Nejsme zv\u00ed\u0159ata! Nelidsk\u00e9 stoup\u00e1n\u00ed oslavou cyklistiky | \u0160koda We Love Cycling - \u010cesk\u00e1 republika","description":"P\u0159edstavuje m\u00fdtus! Je symbolem odhodl\u00e1n\u00ed a bolesti. Hora Angliru v mlhav\u00fdch hor\u00e1ch Asturie je tak strm\u00e1, \u017ee i auta maj\u00ed mnohdy probl\u00e9m vydr\u00e1pat se k vrcholu. A co teprve cyklist\u00e9, kte\u0159\u00ed sem m\u00ed\u0159\u00ed, aby potvrdili svoji v\u00fdjime\u010dnost. U\u017e jen kv\u016fli jedine\u010dn\u00e9 au\u0159e nem\u016f\u017ee ikonick\u00fd v\u00fdstup chyb\u011bt v osmdes\u00e1t\u00e9m ro\u010dn\u00edku Vuelty.","robots":{"index":"index","follow":"follow","max-snippet":"max-snippet:-1","max-image-preview":"max-image-preview:large","max-video-preview":"max-video-preview:-1"},"canonical":"https:\/\/www.welovecycling.com\/cs\/2025\/08\/27\/nejsme-zvirata-nelidske-stoupani-oslavou-cyklistiky\/","og_locale":"cs_CZ","og_type":"article","og_title":"Nejsme zv\u00ed\u0159ata! Nelidsk\u00e9 stoup\u00e1n\u00ed oslavou cyklistiky","og_description":"P\u0159edstavuje m\u00fdtus! Je symbolem odhodl\u00e1n\u00ed a bolesti. Hora Angliru v mlhav\u00fdch hor\u00e1ch Asturie je tak strm\u00e1, \u017ee i auta maj\u00ed mnohdy probl\u00e9m vydr\u00e1pat se k vrcholu. A co teprve cyklist\u00e9, kte\u0159\u00ed sem m\u00ed\u0159\u00ed, aby potvrdili svoji v\u00fdjime\u010dnost. U\u017e jen kv\u016fli jedine\u010dn\u00e9 au\u0159e nem\u016f\u017ee ikonick\u00fd v\u00fdstup chyb\u011bt v osmdes\u00e1t\u00e9m ro\u010dn\u00edku Vuelty.","og_url":"https:\/\/www.welovecycling.com\/cs\/2025\/08\/27\/nejsme-zvirata-nelidske-stoupani-oslavou-cyklistiky\/","og_site_name":"\u0160koda We Love Cycling - \u010cesk\u00e1 republika","article_published_time":"2025-08-27T05:34:42+00:00","og_image":[{"width":1800,"height":1199,"url":"https:\/\/d2p6e6u75xmxt8.cloudfront.net\/13\/2025\/08\/profimedia-0349022272.webp","type":"image\/webp"}],"author":"radekmalina","twitter_card":"summary_large_image","twitter_misc":{"Written by":"We Love Cycling","Est. reading time":"6"},"schema":{"@context":"https:\/\/schema.org","@graph":[{"@type":"WebPage","@id":"https:\/\/www.welovecycling.com\/cs\/2025\/08\/27\/nejsme-zvirata-nelidske-stoupani-oslavou-cyklistiky\/","url":"https:\/\/www.welovecycling.com\/cs\/2025\/08\/27\/nejsme-zvirata-nelidske-stoupani-oslavou-cyklistiky\/","name":"Nejsme zv\u00ed\u0159ata! Nelidsk\u00e9 stoup\u00e1n\u00ed oslavou cyklistiky | \u0160koda We Love Cycling - \u010cesk\u00e1 republika","isPartOf":{"@id":"https:\/\/www.welovecycling.com\/cs\/#website"},"primaryImageOfPage":{"@id":"https:\/\/www.welovecycling.com\/cs\/2025\/08\/27\/nejsme-zvirata-nelidske-stoupani-oslavou-cyklistiky\/#primaryimage"},"image":{"@id":"https:\/\/www.welovecycling.com\/cs\/2025\/08\/27\/nejsme-zvirata-nelidske-stoupani-oslavou-cyklistiky\/#primaryimage"},"thumbnailUrl":"https:\/\/d2p6e6u75xmxt8.cloudfront.net\/13\/2025\/08\/profimedia-0349022272.webp","datePublished":"2025-08-27T05:34:42+00:00","author":{"@id":"https:\/\/www.welovecycling.com\/cs\/#\/schema\/person\/d9eeb0a378f3a7e4a6d12d2b536b04b8"},"description":"P\u0159edstavuje m\u00fdtus! Je symbolem odhodl\u00e1n\u00ed a bolesti. Hora Angliru v mlhav\u00fdch hor\u00e1ch Asturie je tak strm\u00e1, \u017ee i auta maj\u00ed mnohdy probl\u00e9m vydr\u00e1pat se k vrcholu. A co teprve cyklist\u00e9, kte\u0159\u00ed sem m\u00ed\u0159\u00ed, aby potvrdili svoji v\u00fdjime\u010dnost. U\u017e jen kv\u016fli jedine\u010dn\u00e9 au\u0159e nem\u016f\u017ee ikonick\u00fd v\u00fdstup chyb\u011bt v osmdes\u00e1t\u00e9m ro\u010dn\u00edku Vuelty.","inLanguage":"cs","potentialAction":[{"@type":"ReadAction","target":["https:\/\/www.welovecycling.com\/cs\/2025\/08\/27\/nejsme-zvirata-nelidske-stoupani-oslavou-cyklistiky\/"]}]},{"@type":"ImageObject","inLanguage":"cs","@id":"https:\/\/www.welovecycling.com\/cs\/2025\/08\/27\/nejsme-zvirata-nelidske-stoupani-oslavou-cyklistiky\/#primaryimage","url":"https:\/\/d2p6e6u75xmxt8.cloudfront.net\/13\/2025\/08\/profimedia-0349022272.webp","contentUrl":"https:\/\/d2p6e6u75xmxt8.cloudfront.net\/13\/2025\/08\/profimedia-0349022272.webp","width":1800,"height":1199,"caption":"Contador Angliru"},{"@type":"WebSite","@id":"https:\/\/www.welovecycling.com\/cs\/#website","url":"https:\/\/www.welovecycling.com\/cs\/","name":"\u0160koda We Love Cycling - \u010cesk\u00e1 republika","description":"WeLoveCycling.cz je online magaz\u00edn, kter\u00fd v\u00e1m pravideln\u011b p\u0159in\u00e1\u0161\u00ed rady a tipy, zaj\u00edmav\u00e9 \u010dl\u00e1nky, videa a jedine\u010dn\u00e9 report\u00e1\u017ee ze sv\u011bta cyklistiky.","potentialAction":[{"@type":"SearchAction","target":{"@type":"EntryPoint","urlTemplate":"https:\/\/www.welovecycling.com\/cs\/?s={search_term_string}"},"query-input":{"@type":"PropertyValueSpecification","valueRequired":true,"valueName":"search_term_string"}}],"inLanguage":"cs"},{"@type":"Person","@id":"https:\/\/www.welovecycling.com\/cs\/#\/schema\/person\/d9eeb0a378f3a7e4a6d12d2b536b04b8","name":"radekmalina","image":{"@type":"ImageObject","inLanguage":"cs","@id":"https:\/\/www.welovecycling.com\/cs\/#\/schema\/person\/image\/","url":"https:\/\/secure.gravatar.com\/avatar\/66994b632cb8c39a46b9f54afa3ae07201b678d32a54275b6f1c9ffec356bfc0?s=96&d=mm&r=g","contentUrl":"https:\/\/secure.gravatar.com\/avatar\/66994b632cb8c39a46b9f54afa3ae07201b678d32a54275b6f1c9ffec356bfc0?s=96&d=mm&r=g","caption":"radekmalina"},"url":"https:\/\/www.welovecycling.com\/cs\/author\/radekmalina\/"}]}},"_links":{"self":[{"href":"https:\/\/www.welovecycling.com\/cs\/wp-json\/wp\/v2\/posts\/30782","targetHints":{"allow":["GET"]}}],"collection":[{"href":"https:\/\/www.welovecycling.com\/cs\/wp-json\/wp\/v2\/posts"}],"about":[{"href":"https:\/\/www.welovecycling.com\/cs\/wp-json\/wp\/v2\/types\/post"}],"author":[{"embeddable":true,"href":"https:\/\/www.welovecycling.com\/cs\/wp-json\/wp\/v2\/users\/138"}],"replies":[{"embeddable":true,"href":"https:\/\/www.welovecycling.com\/cs\/wp-json\/wp\/v2\/comments?post=30782"}],"version-history":[{"count":2,"href":"https:\/\/www.welovecycling.com\/cs\/wp-json\/wp\/v2\/posts\/30782\/revisions"}],"predecessor-version":[{"id":30788,"href":"https:\/\/www.welovecycling.com\/cs\/wp-json\/wp\/v2\/posts\/30782\/revisions\/30788"}],"wp:featuredmedia":[{"embeddable":true,"href":"https:\/\/www.welovecycling.com\/cs\/wp-json\/wp\/v2\/media\/30784"}],"wp:attachment":[{"href":"https:\/\/www.welovecycling.com\/cs\/wp-json\/wp\/v2\/media?parent=30782"}],"wp:term":[{"taxonomy":"category","embeddable":true,"href":"https:\/\/www.welovecycling.com\/cs\/wp-json\/wp\/v2\/categories?post=30782"},{"taxonomy":"post_tag","embeddable":true,"href":"https:\/\/www.welovecycling.com\/cs\/wp-json\/wp\/v2\/tags?post=30782"},{"taxonomy":"global-categories","embeddable":true,"href":"https:\/\/www.welovecycling.com\/cs\/wp-json\/wp\/v2\/global-categories?post=30782"}],"curies":[{"name":"wp","href":"https:\/\/api.w.org\/{rel}","templated":true}]}}