{"id":30764,"date":"2025-08-26T07:32:30","date_gmt":"2025-08-26T05:32:30","guid":{"rendered":"https:\/\/www.welovecycling.com\/cs\/?p=30764"},"modified":"2025-08-26T09:42:00","modified_gmt":"2025-08-26T07:42:00","slug":"kufr-profiku-sul-mince-polstar-hrnek-sluchatka","status":"publish","type":"post","link":"https:\/\/www.welovecycling.com\/cs\/2025\/08\/26\/kufr-profiku-sul-mince-polstar-hrnek-sluchatka\/","title":{"rendered":"Kufr prof\u00edk\u016f? S\u016fl, mince, pol\u0161t\u00e1\u0159, hrnek, sluch\u00e1tka"},"content":{"rendered":"<p><strong>Kolo, computer, p\u0159ilba, dres, tretry. Z\u00e1kladn\u00ed prvky cyklistick\u00e9 v\u00fdbavy. Ale pak existuje mnoho drobnost\u00ed, kter\u00e9 obsahuje kufr profesion\u00e1ln\u00edch z\u00e1vodn\u00edk\u016f p\u0159i cest\u011b na ka\u017ed\u00fd z\u00e1vod. A pokud n\u00e1hodou drobnost zapomenou, jsou n\u00e1le\u017eit\u011b nerv\u00f3zn\u00ed.<\/strong><\/p>\n<p>&#8222;Absolutn\u00edm z\u00e1kladem jsou tretry. Ned\u00e1v\u00e1m je z ruky a v\u017edy jsou sou\u010d\u00e1st\u00ed zavazadla, kter\u00e9 beru na palubu,&#8220; shoduj\u00ed se elitn\u00ed cyklist\u00e9. &#8222;Zrovna letos v l\u00e9t\u011b jsem omylem p\u0159i balen\u00ed dal tretry do kufru, co jsem odbavil. Jako naschv\u00e1l \u0161lo o let s p\u0159estupem, tak\u017ee jsem v panice jezdil po Bruselu a sh\u00e1n\u011bl n\u00e1hradn\u00ed tretry,&#8220; kr\u010d\u00ed rameny Petr Kelemen, z\u00e1vodn\u00edk t\u00fdmu Tudor. &#8222;M\u00e1m podobnou zku\u0161enost. Je to jako n\u011bjak\u00fd trest. Jak se daj\u00ed tretry z ruky, je probl\u00e9m. U\u017e jsem jel p\u00e1r etap v \u00fapln\u011b nov\u00fdch a nevy\u0161l\u00e1pnut\u00fdch,&#8220; p\u0159itak\u00e1v\u00e1 Josef \u010cern\u00fd ze Soudal Quick Step.<\/p>\n<p>Pokud se v\u0161ak zam\u011b\u0159\u00edte na mali\u010dkosti nezbytn\u00e9 pro cestov\u00e1n\u00ed k z\u00e1vodu, kter\u00e9 v\u017edy pojme z\u00e1vodn\u00edk\u016fv kufr, budete p\u0159ekvapen\u00ed. &#8222;Jezd\u00edm se speci\u00e1ln\u00edm hrnkem na k\u00e1vu. Dostal jsem ho od p\u0159\u00edtelkyn\u011b jako d\u00e1rek a m\u00e1m ho po\u0159\u00e1d u sebe,&#8220; prozrazuje Michal Schuran z t\u00fdmu United Shipping, \u017ee jeden z nejv\u011bt\u0161\u00edch ritu\u00e1l\u016f ve sv\u011bt\u011b cyklistiky v podob\u011b p\u0159edz\u00e1vodn\u00ed konzumace espressa si dop\u0159\u00e1v\u00e1 z vlastn\u00edho porcel\u00e1nu.<\/p>\n<p>&#8222;Nau\u010dil jsem se jezdit s vlastn\u00edm pol\u0161t\u00e1\u0159em. Je fajn m\u00edt sv\u016fj pol\u0161t\u00e1\u0159, co se sroluje, kufr ho snadno pojme a z\u00e1vody jsou p\u0159\u00edjemn\u011bj\u0161\u00ed,&#8220; vypravuje Petr Kelemen. &#8222;A tak\u00e9 odhlu\u010dn\u011bn\u00e1 sluch\u00e1tka. Jednak proto, \u017ee cestov\u00e1n\u00ed letadlem ute\u010de mnohem p\u0159\u00edjemn\u011bji. A pak pom\u00e1haj\u00ed, abych se p\u0159ed z\u00e1vodem naladil. M\u00e1me partnerstv\u00ed s Bang Olufsen, dostali jsme speci\u00e1ln\u00ed set a moc si ho u\u017e\u00edv\u00e1m,&#8220; lebed\u00ed si Petr Kelemen.<\/p>\n<p><a href=\"https:\/\/d2p6e6u75xmxt8.cloudfront.net\/13\/2021\/08\/WLC-sluchatka-4.webp\"><img loading=\"lazy\" decoding=\"async\" class=\"size-extra-large wp-image-13995\" src=\"https:\/\/d2p6e6u75xmxt8.cloudfront.net\/13\/2021\/08\/WLC-sluchatka-4-1280x1920.webp\" alt=\"Zden\u011bk \u0160tybar bude jedn\u00edm ze t\u0159\u00ed \u010desk\u00fdch z\u00e1stupc\u016f na startu z\u00e1vodu Vuelta 2021.\" width=\"1280\" height=\"1920\" srcset=\"https:\/\/d2p6e6u75xmxt8.cloudfront.net\/13\/2021\/08\/WLC-sluchatka-4-1280x1920.webp 1280w, https:\/\/d2p6e6u75xmxt8.cloudfront.net\/13\/2021\/08\/WLC-sluchatka-4-200x300.webp 200w, https:\/\/d2p6e6u75xmxt8.cloudfront.net\/13\/2021\/08\/WLC-sluchatka-4-682x1024.webp 682w, https:\/\/d2p6e6u75xmxt8.cloudfront.net\/13\/2021\/08\/WLC-sluchatka-4-768x1152.webp 768w, https:\/\/d2p6e6u75xmxt8.cloudfront.net\/13\/2021\/08\/WLC-sluchatka-4-1024x1536.webp 1024w, https:\/\/d2p6e6u75xmxt8.cloudfront.net\/13\/2021\/08\/WLC-sluchatka-4.webp 1333w, https:\/\/d2p6e6u75xmxt8.cloudfront.net\/13\/2021\/08\/WLC-sluchatka-4-1280x1920.webp 1280w\" sizes=\"auto, (max-width: 1280px) 100vw, 1280px\" \/><\/a><\/p>\n<p>Odhlu\u010dn\u011bn\u00e1 sluch\u00e1tka jsou sou\u010d\u00e1st\u00ed v\u00fdbavy snad ka\u017ed\u00e9ho cyklisty. Kdy\u017e budete sledovat, jak se z\u00e1vodn\u00edci rozj\u00ed\u017ed\u00ed na trena\u017e\u00e9rech p\u0159ed d\u016fle\u017eit\u00fdmi etapami, jen vz\u00e1cn\u011b na u\u0161\u00edch z\u00e1vodn\u00edk\u016f budou chyb\u011bt. Pou\u017e\u00edv\u00e1 je <a href=\"https:\/\/www.welovecycling.com\/cs\/2025\/01\/02\/na-co-jezdi-tadej-pogacar\/\">Tadej Poga\u010dar<\/a> z UAE Emirates, Tom Pidcock z Q36.5, Mathieu van der Poel z Alpecin Deceuninck\u2026 Prost\u011b jde o takovou povinnou v\u00fdbavu ka\u017ed\u00e9ho prof\u00edka, aby se s dun\u00edc\u00ed muzikou dostal do provozn\u00ed teploty a je\u0161t\u011b pat\u0159i\u010dn\u011b naladil.<\/p>\n<h2><strong>Kufr olympijsk\u00e9ho \u0161ampiona skr\u00fdv\u00e1 minci pro \u0161t\u011bst\u00ed<\/strong><\/h2>\n<p>Dvojn\u00e1sobn\u00fd olympijsk\u00fd v\u00edt\u011bz Tom Pidcock na ja\u0159e 2024 na\u0161el je\u0161t\u011b b\u011bhem anga\u017em\u00e1 v Ineos Grenadiers dvouerovou minci na chodb\u011b hotelu p\u0159ed z\u00e1vodem Amstel Gold Race. S kolegy se sm\u00e1l, \u017ee mu p\u0159inese \u0161t\u011bst\u00ed. Dal\u0161\u00ed den slavnou klasiku vyhr\u00e1l. A kufr britsk\u00e9ho z\u00e1vodn\u00edka m\u00e1 tak o jednu drobnost p\u0159i cestov\u00e1n\u00ed na z\u00e1vody v\u00edce.<\/p>\n<div class=\"shortcode-ys-post-pinup\"><article class=\"loop-simple post-30715 post type-post status-publish format-standard has-post-thumbnail hentry category-silnicni-cyklistika tag-cyklistika tag-jonas-vingegaard tag-la-vuelta-2025 tag-silnicni-cyklistika tag-vuelta-2025 global-categories-cycling\" data-postid=\"30715\" role=\"article\" data-post-id=\"30715\" data-word-count=\"386\" data-headline-length=\"45\" data-category=\"Silni\u010dn\u00ed cyklistika\" data-global-category=\"Cycling\" data-author=\"We Love Cycling\" data-published=\"2025-08-22T07:19:44+02:00\" data-published-day=\"Friday\">\n    <div class=\"entry-thumbnail article-thumbnail\" content=\"https:\/\/d2p6e6u75xmxt8.cloudfront.net\/13\/2025\/08\/20250723TDF1184-1-150x150.webp\"><a href=\"https:\/\/www.welovecycling.com\/cs\/2025\/08\/22\/je-hezke-kdyz-pogacar-neni-ve-startovce\/\" class=\"image-holder\" target=\"_self\"><img decoding=\"async\" loading=\"lazy\" class=\"\" src=\"https:\/\/d2p6e6u75xmxt8.cloudfront.net\/13\/2025\/08\/20250723TDF1184-1-1024x683.webp\" srcset=\"https:\/\/d2p6e6u75xmxt8.cloudfront.net\/13\/2025\/08\/20250723TDF1184-1-scaled.webp 2560w, https:\/\/d2p6e6u75xmxt8.cloudfront.net\/13\/2025\/08\/20250723TDF1184-1-300x200.webp 300w, https:\/\/d2p6e6u75xmxt8.cloudfront.net\/13\/2025\/08\/20250723TDF1184-1-1024x683.webp 1024w, https:\/\/d2p6e6u75xmxt8.cloudfront.net\/13\/2025\/08\/20250723TDF1184-1-768x512.webp 768w, https:\/\/d2p6e6u75xmxt8.cloudfront.net\/13\/2025\/08\/20250723TDF1184-1-1536x1024.webp 1536w, https:\/\/d2p6e6u75xmxt8.cloudfront.net\/13\/2025\/08\/20250723TDF1184-1-2048x1365.webp 2048w, https:\/\/d2p6e6u75xmxt8.cloudfront.net\/13\/2025\/08\/20250723TDF1184-1-1920x1280.webp 1920w, https:\/\/d2p6e6u75xmxt8.cloudfront.net\/13\/2025\/08\/20250723TDF1184-1-400x267.webp 400w, https:\/\/d2p6e6u75xmxt8.cloudfront.net\/13\/2025\/08\/20250723TDF1184-1-272x182.webp 272w, https:\/\/d2p6e6u75xmxt8.cloudfront.net\/13\/2025\/08\/20250723TDF1184-1-1920x1280.webp 1920w\" width=\"1024\" height=\"683\" sizes=\"auto, (min-width: 1200px) 300px, (min-width: 768px) 25vw, 100vw\" alt=\"je-hezke-kdyz-pogacar-neni-ve-startovce\"\/><\/a><\/div>    <div class=\"entry-meta\">\n        <a class=\"label label-secondary post-category\" href=\"https:\/\/www.welovecycling.com\/cs\/category\/silnicni-cyklistika\/\" title=\"Silni\u010dn\u00ed cyklistika\">Silni\u010dn\u00ed cyklistika<\/a>\n    <\/div>\n    <div class=\"entry-details\">\n        <a href=\"https:\/\/www.welovecycling.com\/cs\/2025\/08\/22\/je-hezke-kdyz-pogacar-neni-ve-startovce\/\" class='entry-title-wrapper'>\n            <h3 class=\"entry-title\"><span>Je hezk\u00e9, kdy\u017e Poga\u010dar nen\u00ed ve startovce!<\/span><\/h3>\n        <\/a>\n    <\/div>\n    <\/article>\n<\/div>\n<p>Giulio Ciccone z Lidl Trek zase v\u017edy voz\u00ed t\u0159i velk\u00e1 zrnka soli, kter\u00e1 si p\u0159ed ka\u017edou etapu \u010di jednor\u00e1zov\u00fdm z\u00e1vodem d\u00e1v\u00e1 do dresu. Vyhr\u00e1l vrcha\u0159skou sout\u011b\u017e na Tour de France i Giru, v l\u00e9t\u011b 2025 klasiku San Sebastian. Nikdo se tud\u00ed\u017e nem\u016f\u017ee divit, \u017ee kdy\u017e kufr italsk\u00e9ho z\u00e1vodn\u00edka tuhle drobnost neobsahuje, je t\u0159icetilet\u00fd borec nerv\u00f3zn\u00ed. &#8222;Nikdy bez toho nejezd\u00ed. M\u016f\u017eu to odp\u0159is\u00e1hnout,&#8220; p\u0159itak\u00e1v\u00e1 Mathias Vacek, t\u00fdmov\u00fd par\u0165\u00e1k italsk\u00e9ho matadora z Lidl-Trek.<\/p>\n<p>M\u00e1te i vy talisman, bez n\u011bho\u017e nevyr\u00e1\u017e\u00edte na kolo \u010di cyklistick\u00e9 soust\u0159ed\u011bn\u00ed nebo z\u00e1vody? Pak v\u011b\u0159te, \u017ee podle n\u011bkolika r\u016fzn\u00fdch studi\u00ed p\u0159edn\u00edch univerzit v Evrop\u011b i v USA pat\u0159\u00edte k drtiv\u00e9 v\u011bt\u0161in\u011b cyklist\u016f. Devades\u00e1t procent lid\u00ed jezd\u00edc\u00edch na kole m\u00e1 v\u011bt\u0161\u00ed \u010di men\u0161\u00ed &#8222;pravidla&#8220;, bez nich\u017e si vyj\u00ed\u017e\u010fku neum\u00ed p\u0159edstavit. Ale co, hlavn\u00ed je, \u017ee jezd\u00edte&#8230;<\/p>\n","protected":false},"excerpt":{"rendered":"<p>Kolo, computer, p\u0159ilba, dres, tretry. Z\u00e1kladn\u00ed prvky cyklistick\u00e9 v\u00fdbavy. Ale pak existuje mnoho drobnost\u00ed, kter\u00e9 obsahuje kufr profesion\u00e1ln\u00edch z\u00e1vodn\u00edk\u016f p\u0159i [&hellip;]<\/p>\n","protected":false},"author":138,"featured_media":8841,"comment_status":"open","ping_status":"open","sticky":false,"template":"","format":"standard","meta":{"footnotes":""},"categories":[10],"tags":[126,4347,9,4348],"global-categories":[411],"class_list":["post-30764","post","type-post","status-publish","format-standard","has-post-thumbnail","hentry","category-silnicni-cyklistika","tag-cyklistika","tag-kufr","tag-silnicni-cyklistika","tag-talisman","global-categories-cycling"],"yoast_head":"<!-- This site is optimized with the Yoast SEO Premium plugin v25.3 (Yoast SEO v25.9) - https:\/\/yoast.com\/wordpress\/plugins\/seo\/ -->\n<title>Kufr prof\u00edk\u016f? S\u016fl, mince, pol\u0161t\u00e1\u0159, hrnek, sluch\u00e1tka | \u0160koda We Love Cycling - \u010cesk\u00e1 republika<\/title>\n<meta name=\"description\" content=\"Kolo, computer, p\u0159ilba, dres, tretry. Z\u00e1kladn\u00ed prvky cyklistick\u00e9 v\u00fdbavy. Ale pak existuje mnoho drobnost\u00ed, kter\u00e9 obsahuje kufr profesion\u00e1ln\u00edch z\u00e1vodn\u00edk\u016f p\u0159i cest\u011b na ka\u017ed\u00fd z\u00e1vod. A pokud n\u00e1hodou drobnost zapomenou, jsou n\u00e1le\u017eit\u011b nerv\u00f3zn\u00ed.\" \/>\n<meta name=\"robots\" content=\"index, follow, max-snippet:-1, max-image-preview:large, max-video-preview:-1\" \/>\n<link rel=\"canonical\" href=\"https:\/\/www.welovecycling.com\/cs\/2025\/08\/26\/kufr-profiku-sul-mince-polstar-hrnek-sluchatka\/\" \/>\n<meta property=\"og:locale\" content=\"cs_CZ\" \/>\n<meta property=\"og:type\" content=\"article\" \/>\n<meta property=\"og:title\" content=\"Kufr prof\u00edk\u016f? S\u016fl, mince, pol\u0161t\u00e1\u0159, hrnek, sluch\u00e1tka\" \/>\n<meta property=\"og:description\" content=\"Kolo, computer, p\u0159ilba, dres, tretry. Z\u00e1kladn\u00ed prvky cyklistick\u00e9 v\u00fdbavy. Ale pak existuje mnoho drobnost\u00ed, kter\u00e9 obsahuje kufr profesion\u00e1ln\u00edch z\u00e1vodn\u00edk\u016f p\u0159i cest\u011b na ka\u017ed\u00fd z\u00e1vod. A pokud n\u00e1hodou drobnost zapomenou, jsou n\u00e1le\u017eit\u011b nerv\u00f3zn\u00ed.\" \/>\n<meta property=\"og:url\" content=\"https:\/\/www.welovecycling.com\/cs\/2025\/08\/26\/kufr-profiku-sul-mince-polstar-hrnek-sluchatka\/\" \/>\n<meta property=\"og:site_name\" content=\"\u0160koda We Love Cycling - \u010cesk\u00e1 republika\" \/>\n<meta property=\"article:published_time\" content=\"2025-08-26T05:32:30+00:00\" \/>\n<meta property=\"article:modified_time\" content=\"2025-08-26T07:42:00+00:00\" \/>\n<meta property=\"og:image\" content=\"https:\/\/d2p6e6u75xmxt8.cloudfront.net\/13\/2020\/07\/wlc-k\u00e1va-2-\u010derven\u00fd-michal.webp\" \/>\n\t<meta property=\"og:image:width\" content=\"1600\" \/>\n\t<meta property=\"og:image:height\" content=\"1067\" \/>\n\t<meta property=\"og:image:type\" content=\"image\/webp\" \/>\n<meta name=\"author\" content=\"radekmalina\" \/>\n<meta name=\"twitter:card\" content=\"summary_large_image\" \/>\n<meta name=\"twitter:label1\" content=\"Written by\" \/>\n\t<meta name=\"twitter:data1\" content=\"We Love Cycling\" \/>\n\t<meta name=\"twitter:label2\" content=\"Est. reading time\" \/>\n\t<meta name=\"twitter:data2\" content=\"5\" \/>\n<script type=\"application\/ld+json\" class=\"yoast-schema-graph\">{\"@context\":\"https:\/\/schema.org\",\"@graph\":[{\"@type\":\"WebPage\",\"@id\":\"https:\/\/www.welovecycling.com\/cs\/2025\/08\/26\/kufr-profiku-sul-mince-polstar-hrnek-sluchatka\/\",\"url\":\"https:\/\/www.welovecycling.com\/cs\/2025\/08\/26\/kufr-profiku-sul-mince-polstar-hrnek-sluchatka\/\",\"name\":\"Kufr prof\u00edk\u016f? S\u016fl, mince, pol\u0161t\u00e1\u0159, hrnek, sluch\u00e1tka | \u0160koda We Love Cycling - \u010cesk\u00e1 republika\",\"isPartOf\":{\"@id\":\"https:\/\/www.welovecycling.com\/cs\/#website\"},\"primaryImageOfPage\":{\"@id\":\"https:\/\/www.welovecycling.com\/cs\/2025\/08\/26\/kufr-profiku-sul-mince-polstar-hrnek-sluchatka\/#primaryimage\"},\"image\":{\"@id\":\"https:\/\/www.welovecycling.com\/cs\/2025\/08\/26\/kufr-profiku-sul-mince-polstar-hrnek-sluchatka\/#primaryimage\"},\"thumbnailUrl\":\"https:\/\/d2p6e6u75xmxt8.cloudfront.net\/13\/2020\/07\/wlc-k\u00e1va-2-\u010derven\u00fd-michal.webp\",\"datePublished\":\"2025-08-26T05:32:30+00:00\",\"dateModified\":\"2025-08-26T07:42:00+00:00\",\"author\":{\"@id\":\"https:\/\/www.welovecycling.com\/cs\/#\/schema\/person\/d9eeb0a378f3a7e4a6d12d2b536b04b8\"},\"description\":\"Kolo, computer, p\u0159ilba, dres, tretry. Z\u00e1kladn\u00ed prvky cyklistick\u00e9 v\u00fdbavy. Ale pak existuje mnoho drobnost\u00ed, kter\u00e9 obsahuje kufr profesion\u00e1ln\u00edch z\u00e1vodn\u00edk\u016f p\u0159i cest\u011b na ka\u017ed\u00fd z\u00e1vod. A pokud n\u00e1hodou drobnost zapomenou, jsou n\u00e1le\u017eit\u011b nerv\u00f3zn\u00ed.\",\"inLanguage\":\"cs\",\"potentialAction\":[{\"@type\":\"ReadAction\",\"target\":[\"https:\/\/www.welovecycling.com\/cs\/2025\/08\/26\/kufr-profiku-sul-mince-polstar-hrnek-sluchatka\/\"]}]},{\"@type\":\"ImageObject\",\"inLanguage\":\"cs\",\"@id\":\"https:\/\/www.welovecycling.com\/cs\/2025\/08\/26\/kufr-profiku-sul-mince-polstar-hrnek-sluchatka\/#primaryimage\",\"url\":\"https:\/\/d2p6e6u75xmxt8.cloudfront.net\/13\/2020\/07\/wlc-k\u00e1va-2-\u010derven\u00fd-michal.webp\",\"contentUrl\":\"https:\/\/d2p6e6u75xmxt8.cloudfront.net\/13\/2020\/07\/wlc-k\u00e1va-2-\u010derven\u00fd-michal.webp\",\"width\":1600,\"height\":1067},{\"@type\":\"WebSite\",\"@id\":\"https:\/\/www.welovecycling.com\/cs\/#website\",\"url\":\"https:\/\/www.welovecycling.com\/cs\/\",\"name\":\"\u0160koda We Love Cycling - \u010cesk\u00e1 republika\",\"description\":\"WeLoveCycling.cz je online magaz\u00edn, kter\u00fd v\u00e1m pravideln\u011b p\u0159in\u00e1\u0161\u00ed rady a tipy, zaj\u00edmav\u00e9 \u010dl\u00e1nky, videa a jedine\u010dn\u00e9 report\u00e1\u017ee ze sv\u011bta cyklistiky.\",\"potentialAction\":[{\"@type\":\"SearchAction\",\"target\":{\"@type\":\"EntryPoint\",\"urlTemplate\":\"https:\/\/www.welovecycling.com\/cs\/?s={search_term_string}\"},\"query-input\":{\"@type\":\"PropertyValueSpecification\",\"valueRequired\":true,\"valueName\":\"search_term_string\"}}],\"inLanguage\":\"cs\"},{\"@type\":\"Person\",\"@id\":\"https:\/\/www.welovecycling.com\/cs\/#\/schema\/person\/d9eeb0a378f3a7e4a6d12d2b536b04b8\",\"name\":\"radekmalina\",\"image\":{\"@type\":\"ImageObject\",\"inLanguage\":\"cs\",\"@id\":\"https:\/\/www.welovecycling.com\/cs\/#\/schema\/person\/image\/\",\"url\":\"https:\/\/secure.gravatar.com\/avatar\/66994b632cb8c39a46b9f54afa3ae07201b678d32a54275b6f1c9ffec356bfc0?s=96&d=mm&r=g\",\"contentUrl\":\"https:\/\/secure.gravatar.com\/avatar\/66994b632cb8c39a46b9f54afa3ae07201b678d32a54275b6f1c9ffec356bfc0?s=96&d=mm&r=g\",\"caption\":\"radekmalina\"},\"url\":\"https:\/\/www.welovecycling.com\/cs\/author\/radekmalina\/\"}]}<\/script>\n<!-- \/ Yoast SEO Premium plugin. -->","yoast_head_json":{"title":"Kufr prof\u00edk\u016f? S\u016fl, mince, pol\u0161t\u00e1\u0159, hrnek, sluch\u00e1tka | \u0160koda We Love Cycling - \u010cesk\u00e1 republika","description":"Kolo, computer, p\u0159ilba, dres, tretry. Z\u00e1kladn\u00ed prvky cyklistick\u00e9 v\u00fdbavy. Ale pak existuje mnoho drobnost\u00ed, kter\u00e9 obsahuje kufr profesion\u00e1ln\u00edch z\u00e1vodn\u00edk\u016f p\u0159i cest\u011b na ka\u017ed\u00fd z\u00e1vod. A pokud n\u00e1hodou drobnost zapomenou, jsou n\u00e1le\u017eit\u011b nerv\u00f3zn\u00ed.","robots":{"index":"index","follow":"follow","max-snippet":"max-snippet:-1","max-image-preview":"max-image-preview:large","max-video-preview":"max-video-preview:-1"},"canonical":"https:\/\/www.welovecycling.com\/cs\/2025\/08\/26\/kufr-profiku-sul-mince-polstar-hrnek-sluchatka\/","og_locale":"cs_CZ","og_type":"article","og_title":"Kufr prof\u00edk\u016f? S\u016fl, mince, pol\u0161t\u00e1\u0159, hrnek, sluch\u00e1tka","og_description":"Kolo, computer, p\u0159ilba, dres, tretry. Z\u00e1kladn\u00ed prvky cyklistick\u00e9 v\u00fdbavy. Ale pak existuje mnoho drobnost\u00ed, kter\u00e9 obsahuje kufr profesion\u00e1ln\u00edch z\u00e1vodn\u00edk\u016f p\u0159i cest\u011b na ka\u017ed\u00fd z\u00e1vod. A pokud n\u00e1hodou drobnost zapomenou, jsou n\u00e1le\u017eit\u011b nerv\u00f3zn\u00ed.","og_url":"https:\/\/www.welovecycling.com\/cs\/2025\/08\/26\/kufr-profiku-sul-mince-polstar-hrnek-sluchatka\/","og_site_name":"\u0160koda We Love Cycling - \u010cesk\u00e1 republika","article_published_time":"2025-08-26T05:32:30+00:00","article_modified_time":"2025-08-26T07:42:00+00:00","og_image":[{"width":1600,"height":1067,"url":"https:\/\/d2p6e6u75xmxt8.cloudfront.net\/13\/2020\/07\/wlc-k\u00e1va-2-\u010derven\u00fd-michal.webp","type":"image\/webp"}],"author":"radekmalina","twitter_card":"summary_large_image","twitter_misc":{"Written by":"We Love Cycling","Est. reading time":"5"},"schema":{"@context":"https:\/\/schema.org","@graph":[{"@type":"WebPage","@id":"https:\/\/www.welovecycling.com\/cs\/2025\/08\/26\/kufr-profiku-sul-mince-polstar-hrnek-sluchatka\/","url":"https:\/\/www.welovecycling.com\/cs\/2025\/08\/26\/kufr-profiku-sul-mince-polstar-hrnek-sluchatka\/","name":"Kufr prof\u00edk\u016f? S\u016fl, mince, pol\u0161t\u00e1\u0159, hrnek, sluch\u00e1tka | \u0160koda We Love Cycling - \u010cesk\u00e1 republika","isPartOf":{"@id":"https:\/\/www.welovecycling.com\/cs\/#website"},"primaryImageOfPage":{"@id":"https:\/\/www.welovecycling.com\/cs\/2025\/08\/26\/kufr-profiku-sul-mince-polstar-hrnek-sluchatka\/#primaryimage"},"image":{"@id":"https:\/\/www.welovecycling.com\/cs\/2025\/08\/26\/kufr-profiku-sul-mince-polstar-hrnek-sluchatka\/#primaryimage"},"thumbnailUrl":"https:\/\/d2p6e6u75xmxt8.cloudfront.net\/13\/2020\/07\/wlc-k\u00e1va-2-\u010derven\u00fd-michal.webp","datePublished":"2025-08-26T05:32:30+00:00","dateModified":"2025-08-26T07:42:00+00:00","author":{"@id":"https:\/\/www.welovecycling.com\/cs\/#\/schema\/person\/d9eeb0a378f3a7e4a6d12d2b536b04b8"},"description":"Kolo, computer, p\u0159ilba, dres, tretry. Z\u00e1kladn\u00ed prvky cyklistick\u00e9 v\u00fdbavy. Ale pak existuje mnoho drobnost\u00ed, kter\u00e9 obsahuje kufr profesion\u00e1ln\u00edch z\u00e1vodn\u00edk\u016f p\u0159i cest\u011b na ka\u017ed\u00fd z\u00e1vod. A pokud n\u00e1hodou drobnost zapomenou, jsou n\u00e1le\u017eit\u011b nerv\u00f3zn\u00ed.","inLanguage":"cs","potentialAction":[{"@type":"ReadAction","target":["https:\/\/www.welovecycling.com\/cs\/2025\/08\/26\/kufr-profiku-sul-mince-polstar-hrnek-sluchatka\/"]}]},{"@type":"ImageObject","inLanguage":"cs","@id":"https:\/\/www.welovecycling.com\/cs\/2025\/08\/26\/kufr-profiku-sul-mince-polstar-hrnek-sluchatka\/#primaryimage","url":"https:\/\/d2p6e6u75xmxt8.cloudfront.net\/13\/2020\/07\/wlc-k\u00e1va-2-\u010derven\u00fd-michal.webp","contentUrl":"https:\/\/d2p6e6u75xmxt8.cloudfront.net\/13\/2020\/07\/wlc-k\u00e1va-2-\u010derven\u00fd-michal.webp","width":1600,"height":1067},{"@type":"WebSite","@id":"https:\/\/www.welovecycling.com\/cs\/#website","url":"https:\/\/www.welovecycling.com\/cs\/","name":"\u0160koda We Love Cycling - \u010cesk\u00e1 republika","description":"WeLoveCycling.cz je online magaz\u00edn, kter\u00fd v\u00e1m pravideln\u011b p\u0159in\u00e1\u0161\u00ed rady a tipy, zaj\u00edmav\u00e9 \u010dl\u00e1nky, videa a jedine\u010dn\u00e9 report\u00e1\u017ee ze sv\u011bta cyklistiky.","potentialAction":[{"@type":"SearchAction","target":{"@type":"EntryPoint","urlTemplate":"https:\/\/www.welovecycling.com\/cs\/?s={search_term_string}"},"query-input":{"@type":"PropertyValueSpecification","valueRequired":true,"valueName":"search_term_string"}}],"inLanguage":"cs"},{"@type":"Person","@id":"https:\/\/www.welovecycling.com\/cs\/#\/schema\/person\/d9eeb0a378f3a7e4a6d12d2b536b04b8","name":"radekmalina","image":{"@type":"ImageObject","inLanguage":"cs","@id":"https:\/\/www.welovecycling.com\/cs\/#\/schema\/person\/image\/","url":"https:\/\/secure.gravatar.com\/avatar\/66994b632cb8c39a46b9f54afa3ae07201b678d32a54275b6f1c9ffec356bfc0?s=96&d=mm&r=g","contentUrl":"https:\/\/secure.gravatar.com\/avatar\/66994b632cb8c39a46b9f54afa3ae07201b678d32a54275b6f1c9ffec356bfc0?s=96&d=mm&r=g","caption":"radekmalina"},"url":"https:\/\/www.welovecycling.com\/cs\/author\/radekmalina\/"}]}},"_links":{"self":[{"href":"https:\/\/www.welovecycling.com\/cs\/wp-json\/wp\/v2\/posts\/30764","targetHints":{"allow":["GET"]}}],"collection":[{"href":"https:\/\/www.welovecycling.com\/cs\/wp-json\/wp\/v2\/posts"}],"about":[{"href":"https:\/\/www.welovecycling.com\/cs\/wp-json\/wp\/v2\/types\/post"}],"author":[{"embeddable":true,"href":"https:\/\/www.welovecycling.com\/cs\/wp-json\/wp\/v2\/users\/138"}],"replies":[{"embeddable":true,"href":"https:\/\/www.welovecycling.com\/cs\/wp-json\/wp\/v2\/comments?post=30764"}],"version-history":[{"count":6,"href":"https:\/\/www.welovecycling.com\/cs\/wp-json\/wp\/v2\/posts\/30764\/revisions"}],"predecessor-version":[{"id":30770,"href":"https:\/\/www.welovecycling.com\/cs\/wp-json\/wp\/v2\/posts\/30764\/revisions\/30770"}],"wp:featuredmedia":[{"embeddable":true,"href":"https:\/\/www.welovecycling.com\/cs\/wp-json\/wp\/v2\/media\/8841"}],"wp:attachment":[{"href":"https:\/\/www.welovecycling.com\/cs\/wp-json\/wp\/v2\/media?parent=30764"}],"wp:term":[{"taxonomy":"category","embeddable":true,"href":"https:\/\/www.welovecycling.com\/cs\/wp-json\/wp\/v2\/categories?post=30764"},{"taxonomy":"post_tag","embeddable":true,"href":"https:\/\/www.welovecycling.com\/cs\/wp-json\/wp\/v2\/tags?post=30764"},{"taxonomy":"global-categories","embeddable":true,"href":"https:\/\/www.welovecycling.com\/cs\/wp-json\/wp\/v2\/global-categories?post=30764"}],"curies":[{"name":"wp","href":"https:\/\/api.w.org\/{rel}","templated":true}]}}