{"id":30755,"date":"2025-08-25T06:03:04","date_gmt":"2025-08-25T04:03:04","guid":{"rendered":"https:\/\/www.welovecycling.com\/cs\/?p=30755"},"modified":"2025-08-24T22:23:30","modified_gmt":"2025-08-24T20:23:30","slug":"sprinter-jako-ohrozena-profese","status":"publish","type":"post","link":"https:\/\/www.welovecycling.com\/cs\/2025\/08\/25\/sprinter-jako-ohrozena-profese\/","title":{"rendered":"Sprinter jako ohro\u017een\u00e1 profese?"},"content":{"rendered":"<p><strong>Jen hrstka \u0161anc\u00ed pro spurtery je v itiner\u00e1\u0159i \u0161pan\u011blsk\u00e9 Vuelty 2025! Jubilejn\u00ed osmdes\u00e1t\u00fd ro\u010dn\u00edk je oslavou vrcha\u0159sk\u00e9ho um\u011bn\u00ed. A up\u0159\u00edmn\u011b, Tour de France sezony 2025 nebyla k mu\u017e\u016fm vyzn\u00e1vaj\u00edc\u00edm hromadn\u00e9 dojezdy o mnoho p\u0159\u00edv\u011btiv\u011bj\u0161\u00ed. St\u00e1v\u00e1 se povol\u00e1n\u00ed sprinter v cyklistick\u00e9m pelotonu ohro\u017eenou profes\u00ed?<\/strong><\/p>\n<p>Jasper Philipsen z Alpecin Deceuninck uk\u00e1zal, \u017ee<a href=\"https:\/\/www.welovecycling.com\/cs\/2025\/08\/23\/absolutni-nadvlada-philipsen-po-60-letech-psal-historii\/\"> je v\u00fdjime\u010dn\u00fd sprinter<\/a>. Psal historii cyklistiky, kdy\u017e po \u0161edes\u00e1ti letech dok\u00e1zal vyhr\u00e1t prvn\u00ed klasickou etapu (nikoliv \u010dasovku) na Tour de France i Vuelt\u011b v jedin\u00e9m roce.<\/p>\n<h2><strong>Hromadn\u00fdch dojezd\u016f je na Grand Tour minimum<\/strong><\/h2>\n<p>Do c\u00edle jubilejn\u00edho osmdes\u00e1t\u00e9ho ro\u010dn\u00edku ho bude hn\u00e1t touha po zelen\u00e9m dresu z bodovac\u00ed sout\u011b\u017ee \u0160koda Auto, kterou dosud vyhr\u00e1l jednou na Tour de France (2023). Bude v\u0161ak muset vynalo\u017eit obrovsk\u00e9 \u00fasil\u00ed a doufat v p\u0159\u00edznivou konstelaci, proto\u017ee posledn\u00ed Grand Tour sezony m\u00e1 deset dojezd\u016f na kopec a pokud v\u0161e p\u016fjde dob\u0159e, v sou\u010dtu uvid\u00ed fanou\u0161ci \u010dty\u0159i hromadn\u00e9 dojezdy.<\/p>\n<p>&#8222;V\u016fbec bych se nedivil, kdyby n\u011bkter\u00e9 t\u00fdmy poslaly sprintery po prvn\u00edm z\u00e1vodn\u00edm bloku dom\u016f. Jasn\u011b, ne ka\u017ed\u00e1 sestava si takov\u00fd luxus m\u016f\u017ee dovolit, ale p\u0159i pohledu na itiner\u00e1\u0159 bude sprinter v pr\u016fb\u011bhu Vuelty 2025 hlavn\u011b trp\u011bt. Dojet do Madridu bude obrovskou v\u00fdzvou,&#8220; p\u0159em\u00edt\u00e1 Zden\u011bk \u0160tybar, b\u00fdval\u00fd z\u00e1vodn\u00edk py\u0161n\u00edc\u00ed se etapov\u00fdm triumfem z Tour de France i Vuelty, kter\u00fd je ambasadorem We Love Cycling.<\/p>\n<figure id=\"attachment_30756\" aria-describedby=\"caption-attachment-30756\" style=\"width: 1920px\" class=\"wp-caption alignnone\"><a href=\"https:\/\/d2p6e6u75xmxt8.cloudfront.net\/13\/2025\/08\/20250707TDF1047-scaled.webp\"><img loading=\"lazy\" decoding=\"async\" class=\"size-extra-large wp-image-30756\" src=\"https:\/\/d2p6e6u75xmxt8.cloudfront.net\/13\/2025\/08\/20250707TDF1047-1920x1280.webp\" alt=\"\" width=\"1920\" height=\"1280\" srcset=\"https:\/\/d2p6e6u75xmxt8.cloudfront.net\/13\/2025\/08\/20250707TDF1047-1920x1280.webp 1920w, https:\/\/d2p6e6u75xmxt8.cloudfront.net\/13\/2025\/08\/20250707TDF1047-300x200.webp 300w, https:\/\/d2p6e6u75xmxt8.cloudfront.net\/13\/2025\/08\/20250707TDF1047-1024x683.webp 1024w, https:\/\/d2p6e6u75xmxt8.cloudfront.net\/13\/2025\/08\/20250707TDF1047-768x512.webp 768w, https:\/\/d2p6e6u75xmxt8.cloudfront.net\/13\/2025\/08\/20250707TDF1047-1536x1024.webp 1536w, https:\/\/d2p6e6u75xmxt8.cloudfront.net\/13\/2025\/08\/20250707TDF1047-2048x1365.webp 2048w, https:\/\/d2p6e6u75xmxt8.cloudfront.net\/13\/2025\/08\/20250707TDF1047-400x267.webp 400w, https:\/\/d2p6e6u75xmxt8.cloudfront.net\/13\/2025\/08\/20250707TDF1047-272x182.webp 272w, https:\/\/d2p6e6u75xmxt8.cloudfront.net\/13\/2025\/08\/20250707TDF1047-1920x1280.webp 1920w\" sizes=\"auto, (max-width: 1920px) 100vw, 1920px\" \/><\/a><figcaption id=\"caption-attachment-30756\" class=\"wp-caption-text\"><em>Tim Merlier, Pavel Bittner a Jonathan Milan v dojezdu 3. etapy Tour de France 2025.<\/em><\/figcaption><\/figure>\n<p>&#8222;Vuelta byla v\u017edy nejn\u00e1ro\u010dn\u011bj\u0161\u00ed z hlediska vertik\u00e1ln\u00edch metr\u016f. A bylo nejm\u00e9n\u011b sprintersk\u00fdch dojezd\u016f. Ale u\u017e to neplat\u00ed. Kdy\u017e se srovn\u00e1 Tour a Vuelta, vyrovn\u00e1v\u00e1 se to. Na Tour jsme vid\u011bli v etap\u00e1ch se sprintersk\u00fdm dojezdem, \u017ee na posledn\u00edm kopci v p\u0159\u00edpad\u011b z\u00e1jmu o etapu odjede Tadej Poga\u010dar a n\u00e1sleduje ho Mathieu van der Poel s Jonasem Vingegaardem.. Organiz\u00e1to\u0159i cht\u011bj\u00ed co nejv\u00edce agresivn\u00ed z\u00e1vody,&#8220; p\u0159em\u00edt\u00e1 Leopold K\u00f6nig, jedin\u00fd \u010desk\u00fd cyklista py\u0161n\u00edc\u00ed se um\u00edst\u011bn\u00edm v elitn\u00ed des\u00edtce na v\u0161ech Grand Tour a nyn\u00ed \u0159editel Czech Tour.<\/p>\n<div class=\"shortcode-ys-post-pinup\"><article class=\"loop-simple post-30673 post type-post status-publish format-standard has-post-thumbnail hentry category-silnicni-cyklistika tag-cyklistika tag-popularita tag-silnicni-cyklistika tag-tadej-pogacar tag-tour-de-france tag-vuelta global-categories-cycling\" data-postid=\"30673\" role=\"article\" data-post-id=\"30673\" data-word-count=\"390\" data-headline-length=\"63\" data-category=\"Silni\u010dn\u00ed cyklistika\" data-global-category=\"Cycling\" data-author=\"Radek Malina\" data-published=\"2025-08-20T12:07:29+02:00\" data-published-day=\"Wednesday\">\n    <div class=\"entry-thumbnail article-thumbnail\" content=\"https:\/\/d2p6e6u75xmxt8.cloudfront.net\/13\/2025\/08\/profimedia-1029720689-150x150.webp\"><a href=\"https:\/\/www.welovecycling.com\/cs\/2025\/08\/20\/prosim-nerusit-pogacar-v-originalnim-dresu-zada-o-klid\/\" class=\"image-holder\" target=\"_self\"><img decoding=\"async\" loading=\"lazy\" class=\"\" src=\"https:\/\/d2p6e6u75xmxt8.cloudfront.net\/13\/2025\/08\/profimedia-1029720689-1024x682.webp\" srcset=\"https:\/\/d2p6e6u75xmxt8.cloudfront.net\/13\/2025\/08\/profimedia-1029720689.webp 1800w, https:\/\/d2p6e6u75xmxt8.cloudfront.net\/13\/2025\/08\/profimedia-1029720689-300x200.webp 300w, https:\/\/d2p6e6u75xmxt8.cloudfront.net\/13\/2025\/08\/profimedia-1029720689-1024x682.webp 1024w, https:\/\/d2p6e6u75xmxt8.cloudfront.net\/13\/2025\/08\/profimedia-1029720689-768x512.webp 768w, https:\/\/d2p6e6u75xmxt8.cloudfront.net\/13\/2025\/08\/profimedia-1029720689-1536x1023.webp 1536w, https:\/\/d2p6e6u75xmxt8.cloudfront.net\/13\/2025\/08\/profimedia-1029720689-400x266.webp 400w, https:\/\/d2p6e6u75xmxt8.cloudfront.net\/13\/2025\/08\/profimedia-1029720689-272x182.webp 272w\" width=\"1024\" height=\"682\" sizes=\"auto, (min-width: 1200px) 300px, (min-width: 768px) 25vw, 100vw\" alt=\"prosim-nerusit-pogacar-v-originalnim-dresu-zada-o-klid\"\/><\/a><\/div>    <div class=\"entry-meta\">\n        <a class=\"label label-secondary post-category\" href=\"https:\/\/www.welovecycling.com\/cs\/category\/silnicni-cyklistika\/\" title=\"Silni\u010dn\u00ed cyklistika\">Silni\u010dn\u00ed cyklistika<\/a>\n    <\/div>\n    <div class=\"entry-details\">\n        <a href=\"https:\/\/www.welovecycling.com\/cs\/2025\/08\/20\/prosim-nerusit-pogacar-v-originalnim-dresu-zada-o-klid\/\" class='entry-title-wrapper'>\n            <h3 class=\"entry-title\"><span>Pros\u00edm neru\u0161it! Poga\u010dar v origin\u00e1ln\u00edm dresu \u017e\u00e1d\u00e1 o klid<\/span><\/h3>\n        <\/a>\n    <\/div>\n    <\/article>\n<\/div>\n<p>&#8222;Na Tour de France letos re\u00e1ln\u011b neexistovaly \u010dist\u011b rovinat\u00e9 etapy. Organiz\u00e1to\u0159i cht\u011bj\u00ed b\u00fdt atraktivitou na sto procentech. Rovinat\u00e9 dojezdy se d\u00e1vaj\u00ed jenom ve velmi omezen\u00e9m mno\u017estv\u00ed z t\u011bch jednadvaceti etap. Necht\u011bj\u00ed na \u00fakor sprintersk\u00fdch dojezd\u016f omezovat agresivn\u00ed etapy. Je to vid\u011bt na v\u0161ech z\u00e1vodech nap\u0159\u00ed\u010d kalend\u00e1\u0159em,&#8220; \u0159\u00edk\u00e1 Leopold K\u00f6nig.<\/p>\n<h2><strong>Organiz\u00e1to\u0159i jdou na ruku div\u00e1k\u016fm<\/strong><\/h2>\n<p>Na italsk\u00e9m Giru v \u00favodn\u00ed Grand Tour sezony 2025 sice \u0159\u00e1dil Mads Pedersen z Lidl Trek, ov\u0161em v\u0161echny \u010dty\u0159i triumfy si p\u0159ipsal ve zvln\u011bn\u00fdch \u010di kopcovit\u00fdch etap\u00e1ch. T\u011bch rovinat\u00fdch za\u0159adili organiz\u00e1to\u0159i do programu jen kvarteto, p\u0159i\u010dem\u017e v jednom p\u0159\u00edpad\u011b je\u0161t\u011b klasick\u00fd sprinter neslavil, proto\u017ee \u00fanikem \u0161est kilometr\u016f p\u0159ed c\u00edlem ve \u010dtrn\u00e1ct\u00e9 etap\u011b v\u0161echny zasko\u010dil Kasper Asgreen z EF Education First.<\/p>\n<p>Tour de France m\u011bla ofici\u00e1ln\u011b \u0161est sprintersk\u00fdch etap. Realita? Dojezd v Pa\u0159\u00ed\u017ei asi nikdo nem\u016f\u017ee ozna\u010dit jako etapu, kde by mohl vyniknout klasick\u00fd sprinter s opakovan\u00fdm p\u0159ejezdem Montmartru. V jeden\u00e1ct\u00e9 etap\u011b rozhodl sprint dvou cyklist\u016f. Zb\u00fdvaj\u00edc\u00ed \u010dty\u0159i d\u011bjstv\u00ed si pod\u011blili Tim Merlier ze Soudal Quick Step a Jonathan Milan z Lidl Trek, v\u00edt\u011bz bodovac\u00ed sout\u011b\u017ee \u0160koda Auto.<\/p>\n<figure id=\"attachment_24411\" aria-describedby=\"caption-attachment-24411\" style=\"width: 1920px\" class=\"wp-caption alignnone\"><a href=\"https:\/\/d2p6e6u75xmxt8.cloudfront.net\/13\/2023\/12\/rec-TDF-Philipsen.webp\"><img loading=\"lazy\" decoding=\"async\" class=\"size-extra-large wp-image-24411\" src=\"https:\/\/d2p6e6u75xmxt8.cloudfront.net\/13\/2023\/12\/rec-TDF-Philipsen-1920x1280.webp\" alt=\"\" width=\"1920\" height=\"1280\" srcset=\"https:\/\/d2p6e6u75xmxt8.cloudfront.net\/13\/2023\/12\/rec-TDF-Philipsen-1920x1280.webp 1920w, https:\/\/d2p6e6u75xmxt8.cloudfront.net\/13\/2023\/12\/rec-TDF-Philipsen-300x200.webp 300w, https:\/\/d2p6e6u75xmxt8.cloudfront.net\/13\/2023\/12\/rec-TDF-Philipsen-1024x683.webp 1024w, https:\/\/d2p6e6u75xmxt8.cloudfront.net\/13\/2023\/12\/rec-TDF-Philipsen-768x512.webp 768w, https:\/\/d2p6e6u75xmxt8.cloudfront.net\/13\/2023\/12\/rec-TDF-Philipsen-1536x1024.webp 1536w, https:\/\/d2p6e6u75xmxt8.cloudfront.net\/13\/2023\/12\/rec-TDF-Philipsen-400x267.webp 400w, https:\/\/d2p6e6u75xmxt8.cloudfront.net\/13\/2023\/12\/rec-TDF-Philipsen-272x182.webp 272w, https:\/\/d2p6e6u75xmxt8.cloudfront.net\/13\/2023\/12\/rec-TDF-Philipsen.webp 2048w, https:\/\/d2p6e6u75xmxt8.cloudfront.net\/13\/2023\/12\/rec-TDF-Philipsen-1920x1280.webp 1920w\" sizes=\"auto, (max-width: 1920px) 100vw, 1920px\" \/><\/a><figcaption id=\"caption-attachment-24411\" class=\"wp-caption-text\"><em>Jasper Philipsen pat\u0159\u00ed k hlavn\u00edm adept\u016fm zelen\u00e9ho dresu na Vuelt\u011b 2025.<\/em><\/figcaption><\/figure>\n<p>&#8222;Pro sprintery jde o \u0161patnou zpr\u00e1vu. \u010cist\u00fdch spurter\u016f jako Cavendish, Groenewegen, Jakobsen \u010di Kittel je v pelotonu d\u011bsn\u011b m\u00e1lo. Snad Jonathan Milan a Tim Merlier. Ale jinak jsou jako sprinter ozna\u010dov\u00e1ni kluci typu Wouta wan Aerta, Mathieu van der Poela i <a href=\"https:\/\/www.welovecycling.com\/cs\/2024\/07\/07\/nejzadanejsi-nejbohatsi-a-nejproklinanejsi-sprinter-jezdim-instinktivne-haji-jasper-philipsen-nebezpecne-manevry\/\">Jaspera Philipsena<\/a>, kte\u0159\u00ed jsou sp\u00ed\u0161e klasik\u00e1\u0159i se skv\u011bl\u00fdm fini\u0161em a klidn\u011b mohou odjet pades\u00e1t kilometr\u016f p\u0159ed c\u00edlem,&#8220; m\u00edn\u00ed Zden\u011bk \u0160tybar.<\/p>\n<p>&#8222;Z\u00e1vody se stav\u00ed pro tento typ cyklist\u016f, proto\u017ee d\u011blaj\u00ed etapy atraktivn\u00edmi. Jde o logick\u00fd v\u00fdvoj. Organiz\u00e1to\u0159i jdou na ruku div\u00e1k\u016fm. Kdyby v Grand Tour bylo osm spurtu, tak si lid\u00e9 pust\u00ed posledn\u00edch deset kilometr\u016f v televizi, co\u017e je pochopiteln\u011b ne\u017e\u00e1douc\u00ed. Rovinat\u00e9 etapy dlouh\u00e9 sto \u0161edes\u00e1t kilometr\u016f jsou nen\u00e1vratn\u011b minulost\u00ed,&#8220; kr\u010d\u00ed rameny Zden\u011bk \u0160tybar.<\/p>\n<h2><strong>Ryz\u00ed sprinter bude vz\u00e1cnost\u00ed<\/strong><\/h2>\n<p>Dosp\u011bje tedy v\u00fdvoj do situace, \u017ee klasick\u00fd sprinter nebude v sestav\u011b p\u0159i Grand Tour v\u00edtan\u00fd? &#8222;Jednozna\u010dn\u011b sledujeme jejich regulaci. U\u017e nebudou vyhr\u00e1vat tolik etap. Budou slavit kluci schopn\u00ed p\u0159ejet obstojn\u011b kopec. U\u017e nikdy neuvid\u00edme, \u017ee n\u011bkter\u00e1 formace postav\u00ed Grand Tour na sprintersk\u00e9m t\u00fdmu. Re\u00e1ln\u011b toti\u017e bude \u0161ance vyhr\u00e1t \u010dty\u0159i etapy. Jen\u017ee kdy\u017e ve t\u0159ech sprinter \u0161patn\u011b najede do zat\u00e1\u010dek a v jedn\u00e9 se nebude c\u00edtit optim\u00e1ln\u011b, nevyhraje nic. T\u00fdm nedostane publicitu, kterou pot\u0159ebuje a sponzo\u0159i odejdou,&#8220; p\u0159ibli\u017euje nemilosrdnou realitu Leopold K\u00f6nig.<\/p>\n<div class=\"shortcode-ys-post-pinup\"><article class=\"loop-simple post-30721 post type-post status-publish format-standard has-post-thumbnail hentry category-silnicni-cyklistika tag-cyklistika tag-felix-gall tag-giulio-pellizzari tag-jakub-otruba tag-jan-hirt tag-joao-almeida tag-jonas-vingegaard tag-juan-ayuso tag-la-vuelta-2025 tag-silnicni-cyklistika tag-vuelta-2025 global-categories-cycling\" data-postid=\"30721\" role=\"article\" data-post-id=\"30721\" data-word-count=\"636\" data-headline-length=\"74\" data-category=\"Silni\u010dn\u00ed cyklistika\" data-global-category=\"Cycling\" data-author=\"Radek Malina\" data-published=\"2025-08-22T09:05:23+02:00\" data-published-day=\"Friday\">\n    <div class=\"entry-thumbnail article-thumbnail\" content=\"https:\/\/d2p6e6u75xmxt8.cloudfront.net\/13\/2025\/08\/20250427LBL2223-150x150.webp\"><a href=\"https:\/\/www.welovecycling.com\/cs\/2025\/08\/22\/brutalni-oslava-jubilea-obstoji-polamany-portugalec-ci-dravy-ital\/\" class=\"image-holder\" target=\"_self\"><img decoding=\"async\" loading=\"lazy\" class=\"\" src=\"https:\/\/d2p6e6u75xmxt8.cloudfront.net\/13\/2025\/08\/20250427LBL2223-1024x683.webp\" srcset=\"https:\/\/d2p6e6u75xmxt8.cloudfront.net\/13\/2025\/08\/20250427LBL2223-scaled.webp 2560w, https:\/\/d2p6e6u75xmxt8.cloudfront.net\/13\/2025\/08\/20250427LBL2223-300x200.webp 300w, https:\/\/d2p6e6u75xmxt8.cloudfront.net\/13\/2025\/08\/20250427LBL2223-1024x683.webp 1024w, https:\/\/d2p6e6u75xmxt8.cloudfront.net\/13\/2025\/08\/20250427LBL2223-768x512.webp 768w, https:\/\/d2p6e6u75xmxt8.cloudfront.net\/13\/2025\/08\/20250427LBL2223-1536x1024.webp 1536w, https:\/\/d2p6e6u75xmxt8.cloudfront.net\/13\/2025\/08\/20250427LBL2223-2048x1365.webp 2048w, https:\/\/d2p6e6u75xmxt8.cloudfront.net\/13\/2025\/08\/20250427LBL2223-1920x1280.webp 1920w, https:\/\/d2p6e6u75xmxt8.cloudfront.net\/13\/2025\/08\/20250427LBL2223-400x267.webp 400w, https:\/\/d2p6e6u75xmxt8.cloudfront.net\/13\/2025\/08\/20250427LBL2223-272x182.webp 272w, https:\/\/d2p6e6u75xmxt8.cloudfront.net\/13\/2025\/08\/20250427LBL2223-1920x1280.webp 1920w\" width=\"1024\" height=\"683\" sizes=\"auto, (min-width: 1200px) 300px, (min-width: 768px) 25vw, 100vw\" alt=\"brutalni-oslava-jubilea-obstoji-polamany-portugalec-ci-dravy-ital\"\/><\/a><\/div>    <div class=\"entry-meta\">\n        <a class=\"label label-secondary post-category\" href=\"https:\/\/www.welovecycling.com\/cs\/category\/silnicni-cyklistika\/\" title=\"Silni\u010dn\u00ed cyklistika\">Silni\u010dn\u00ed cyklistika<\/a>\n    <\/div>\n    <div class=\"entry-details\">\n        <a href=\"https:\/\/www.welovecycling.com\/cs\/2025\/08\/22\/brutalni-oslava-jubilea-obstoji-polamany-portugalec-ci-dravy-ital\/\" class='entry-title-wrapper'>\n            <h3 class=\"entry-title\"><span>Brut\u00e1ln\u00ed oslava jubilea! Obstoj\u00ed pol\u00e1man\u00fd Portugalec \u010di drav\u00fd Ital?<\/span><\/h3>\n        <\/a>\n    <\/div>\n    <\/article>\n<\/div>\n<p>Fanou\u0161ci jednozna\u010dn\u011b cht\u011bj\u00ed sledovat vzru\u0161uj\u00edc\u00ed z\u00e1vody. Hromadn\u00e9 dojezdy vzru\u0161en\u00ed nab\u00edz\u00ed, jen\u017ee probl\u00e9m je s pr\u016fb\u011bhem etapy. Sto pades\u00e1t kilometr\u016f transferu a drama na posledn\u00edch dvaceti kilometrech nikoho nel\u00e1k\u00e1. Jen\u017ee v p\u0159\u00edpad\u011b za\u0159azen\u00ed kopc\u016f m\u016f\u017ee doj\u00edt na selekci, kterou prost\u011b sprinter nep\u0159e\u017eije. Je jasn\u00e9, \u017ee sprintersk\u00e9 \u0159emeslo je ned\u00edlnou sou\u010d\u00e1st\u00ed abecedy cyklistiky. Ov\u0161em ve spojen\u00ed s Grand Tour se zd\u00e1 b\u00fdt skute\u010dn\u011b ohro\u017een\u00e9.<\/p>\n","protected":false},"excerpt":{"rendered":"<p>Jen hrstka \u0161anc\u00ed pro spurtery je v itiner\u00e1\u0159i \u0161pan\u011blsk\u00e9 Vuelty 2025! Jubilejn\u00ed osmdes\u00e1t\u00fd ro\u010dn\u00edk je oslavou vrcha\u0159sk\u00e9ho um\u011bn\u00ed. A up\u0159\u00edmn\u011b, [&hellip;]<\/p>\n","protected":false},"author":138,"featured_media":30309,"comment_status":"open","ping_status":"open","sticky":false,"template":"","format":"standard","meta":{"footnotes":""},"categories":[10],"tags":[126,161,4329,9,2480,23,273],"global-categories":[411],"class_list":["post-30755","post","type-post","status-publish","format-standard","has-post-thumbnail","hentry","category-silnicni-cyklistika","tag-cyklistika","tag-giro-ditalia","tag-la-vuelta-2025","tag-silnicni-cyklistika","tag-sprinter","tag-tour-de-france","tag-vuelta","global-categories-cycling"],"yoast_head":"<!-- This site is optimized with the Yoast SEO Premium plugin v25.3 (Yoast SEO v25.9) - https:\/\/yoast.com\/wordpress\/plugins\/seo\/ -->\n<title>Sprinter jako ohro\u017een\u00e1 profese? | \u0160koda We Love Cycling - \u010cesk\u00e1 republika<\/title>\n<meta name=\"description\" content=\"Jen hrstka \u0161anc\u00ed pro spurtery je v itiner\u00e1\u0159i \u0161pan\u011blsk\u00e9 Vuelty! Jubilejn\u00ed osmdes\u00e1t\u00fd ro\u010dn\u00edk je oslavou vrcha\u0159sk\u00e9ho um\u011bn\u00ed. A up\u0159\u00edmn\u011b, Tour de France sezony 2025 nebyla k mu\u017e\u016fm vyzn\u00e1vaj\u00edc\u00edm hromadn\u00e9 dojezdy o mnoho p\u0159\u00edv\u011btiv\u011bj\u0161\u00ed. St\u00e1v\u00e1 se povol\u00e1n\u00ed sprinter v cyklistick\u00e9m pelotonu ohro\u017eenou profes\u00ed?\" \/>\n<meta name=\"robots\" content=\"index, follow, max-snippet:-1, max-image-preview:large, max-video-preview:-1\" \/>\n<link rel=\"canonical\" href=\"https:\/\/www.welovecycling.com\/cs\/2025\/08\/25\/sprinter-jako-ohrozena-profese\/\" \/>\n<meta property=\"og:locale\" content=\"cs_CZ\" \/>\n<meta property=\"og:type\" content=\"article\" \/>\n<meta property=\"og:title\" content=\"Sprinter jako ohro\u017een\u00e1 profese?\" \/>\n<meta property=\"og:description\" content=\"Jen hrstka \u0161anc\u00ed pro spurtery je v itiner\u00e1\u0159i \u0161pan\u011blsk\u00e9 Vuelty! Jubilejn\u00ed osmdes\u00e1t\u00fd ro\u010dn\u00edk je oslavou vrcha\u0159sk\u00e9ho um\u011bn\u00ed. A up\u0159\u00edmn\u011b, Tour de France sezony 2025 nebyla k mu\u017e\u016fm vyzn\u00e1vaj\u00edc\u00edm hromadn\u00e9 dojezdy o mnoho p\u0159\u00edv\u011btiv\u011bj\u0161\u00ed. St\u00e1v\u00e1 se povol\u00e1n\u00ed sprinter v cyklistick\u00e9m pelotonu ohro\u017eenou profes\u00ed?\" \/>\n<meta property=\"og:url\" content=\"https:\/\/www.welovecycling.com\/cs\/2025\/08\/25\/sprinter-jako-ohrozena-profese\/\" \/>\n<meta property=\"og:site_name\" content=\"\u0160koda We Love Cycling - \u010cesk\u00e1 republika\" \/>\n<meta property=\"article:published_time\" content=\"2025-08-25T04:03:04+00:00\" \/>\n<meta property=\"og:image\" content=\"https:\/\/d2p6e6u75xmxt8.cloudfront.net\/13\/2025\/07\/20250724TDF2060-scaled.webp\" \/>\n\t<meta property=\"og:image:width\" content=\"2560\" \/>\n\t<meta property=\"og:image:height\" content=\"1707\" \/>\n\t<meta property=\"og:image:type\" content=\"image\/webp\" \/>\n<meta name=\"author\" content=\"radekmalina\" \/>\n<meta name=\"twitter:card\" content=\"summary_large_image\" \/>\n<meta name=\"twitter:label1\" content=\"Written by\" \/>\n\t<meta name=\"twitter:data1\" content=\"Radek Malina\" \/>\n\t<meta name=\"twitter:label2\" content=\"Est. reading time\" \/>\n\t<meta name=\"twitter:data2\" content=\"5\" \/>\n<script type=\"application\/ld+json\" class=\"yoast-schema-graph\">{\"@context\":\"https:\/\/schema.org\",\"@graph\":[{\"@type\":\"WebPage\",\"@id\":\"https:\/\/www.welovecycling.com\/cs\/2025\/08\/25\/sprinter-jako-ohrozena-profese\/\",\"url\":\"https:\/\/www.welovecycling.com\/cs\/2025\/08\/25\/sprinter-jako-ohrozena-profese\/\",\"name\":\"Sprinter jako ohro\u017een\u00e1 profese? | \u0160koda We Love Cycling - \u010cesk\u00e1 republika\",\"isPartOf\":{\"@id\":\"https:\/\/www.welovecycling.com\/cs\/#website\"},\"primaryImageOfPage\":{\"@id\":\"https:\/\/www.welovecycling.com\/cs\/2025\/08\/25\/sprinter-jako-ohrozena-profese\/#primaryimage\"},\"image\":{\"@id\":\"https:\/\/www.welovecycling.com\/cs\/2025\/08\/25\/sprinter-jako-ohrozena-profese\/#primaryimage\"},\"thumbnailUrl\":\"https:\/\/d2p6e6u75xmxt8.cloudfront.net\/13\/2025\/07\/20250724TDF2060-scaled.webp\",\"datePublished\":\"2025-08-25T04:03:04+00:00\",\"author\":{\"@id\":\"https:\/\/www.welovecycling.com\/cs\/#\/schema\/person\/d9eeb0a378f3a7e4a6d12d2b536b04b8\"},\"description\":\"Jen hrstka \u0161anc\u00ed pro spurtery je v itiner\u00e1\u0159i \u0161pan\u011blsk\u00e9 Vuelty! Jubilejn\u00ed osmdes\u00e1t\u00fd ro\u010dn\u00edk je oslavou vrcha\u0159sk\u00e9ho um\u011bn\u00ed. A up\u0159\u00edmn\u011b, Tour de France sezony 2025 nebyla k mu\u017e\u016fm vyzn\u00e1vaj\u00edc\u00edm hromadn\u00e9 dojezdy o mnoho p\u0159\u00edv\u011btiv\u011bj\u0161\u00ed. St\u00e1v\u00e1 se povol\u00e1n\u00ed sprinter v cyklistick\u00e9m pelotonu ohro\u017eenou profes\u00ed?\",\"inLanguage\":\"cs\",\"potentialAction\":[{\"@type\":\"ReadAction\",\"target\":[\"https:\/\/www.welovecycling.com\/cs\/2025\/08\/25\/sprinter-jako-ohrozena-profese\/\"]}]},{\"@type\":\"ImageObject\",\"inLanguage\":\"cs\",\"@id\":\"https:\/\/www.welovecycling.com\/cs\/2025\/08\/25\/sprinter-jako-ohrozena-profese\/#primaryimage\",\"url\":\"https:\/\/d2p6e6u75xmxt8.cloudfront.net\/13\/2025\/07\/20250724TDF2060-scaled.webp\",\"contentUrl\":\"https:\/\/d2p6e6u75xmxt8.cloudfront.net\/13\/2025\/07\/20250724TDF2060-scaled.webp\",\"width\":2560,\"height\":1707,\"caption\":\"Sprinter Jonathan Milan v zelen\u00e9m trikotu\"},{\"@type\":\"WebSite\",\"@id\":\"https:\/\/www.welovecycling.com\/cs\/#website\",\"url\":\"https:\/\/www.welovecycling.com\/cs\/\",\"name\":\"\u0160koda We Love Cycling - \u010cesk\u00e1 republika\",\"description\":\"WeLoveCycling.cz je online magaz\u00edn, kter\u00fd v\u00e1m pravideln\u011b p\u0159in\u00e1\u0161\u00ed rady a tipy, zaj\u00edmav\u00e9 \u010dl\u00e1nky, videa a jedine\u010dn\u00e9 report\u00e1\u017ee ze sv\u011bta cyklistiky.\",\"potentialAction\":[{\"@type\":\"SearchAction\",\"target\":{\"@type\":\"EntryPoint\",\"urlTemplate\":\"https:\/\/www.welovecycling.com\/cs\/?s={search_term_string}\"},\"query-input\":{\"@type\":\"PropertyValueSpecification\",\"valueRequired\":true,\"valueName\":\"search_term_string\"}}],\"inLanguage\":\"cs\"},{\"@type\":\"Person\",\"@id\":\"https:\/\/www.welovecycling.com\/cs\/#\/schema\/person\/d9eeb0a378f3a7e4a6d12d2b536b04b8\",\"name\":\"radekmalina\",\"image\":{\"@type\":\"ImageObject\",\"inLanguage\":\"cs\",\"@id\":\"https:\/\/www.welovecycling.com\/cs\/#\/schema\/person\/image\/\",\"url\":\"https:\/\/secure.gravatar.com\/avatar\/66994b632cb8c39a46b9f54afa3ae07201b678d32a54275b6f1c9ffec356bfc0?s=96&d=mm&r=g\",\"contentUrl\":\"https:\/\/secure.gravatar.com\/avatar\/66994b632cb8c39a46b9f54afa3ae07201b678d32a54275b6f1c9ffec356bfc0?s=96&d=mm&r=g\",\"caption\":\"radekmalina\"},\"url\":\"https:\/\/www.welovecycling.com\/cs\/author\/radekmalina\/\"}]}<\/script>\n<!-- \/ Yoast SEO Premium plugin. -->","yoast_head_json":{"title":"Sprinter jako ohro\u017een\u00e1 profese? | \u0160koda We Love Cycling - \u010cesk\u00e1 republika","description":"Jen hrstka \u0161anc\u00ed pro spurtery je v itiner\u00e1\u0159i \u0161pan\u011blsk\u00e9 Vuelty! Jubilejn\u00ed osmdes\u00e1t\u00fd ro\u010dn\u00edk je oslavou vrcha\u0159sk\u00e9ho um\u011bn\u00ed. A up\u0159\u00edmn\u011b, Tour de France sezony 2025 nebyla k mu\u017e\u016fm vyzn\u00e1vaj\u00edc\u00edm hromadn\u00e9 dojezdy o mnoho p\u0159\u00edv\u011btiv\u011bj\u0161\u00ed. St\u00e1v\u00e1 se povol\u00e1n\u00ed sprinter v cyklistick\u00e9m pelotonu ohro\u017eenou profes\u00ed?","robots":{"index":"index","follow":"follow","max-snippet":"max-snippet:-1","max-image-preview":"max-image-preview:large","max-video-preview":"max-video-preview:-1"},"canonical":"https:\/\/www.welovecycling.com\/cs\/2025\/08\/25\/sprinter-jako-ohrozena-profese\/","og_locale":"cs_CZ","og_type":"article","og_title":"Sprinter jako ohro\u017een\u00e1 profese?","og_description":"Jen hrstka \u0161anc\u00ed pro spurtery je v itiner\u00e1\u0159i \u0161pan\u011blsk\u00e9 Vuelty! Jubilejn\u00ed osmdes\u00e1t\u00fd ro\u010dn\u00edk je oslavou vrcha\u0159sk\u00e9ho um\u011bn\u00ed. A up\u0159\u00edmn\u011b, Tour de France sezony 2025 nebyla k mu\u017e\u016fm vyzn\u00e1vaj\u00edc\u00edm hromadn\u00e9 dojezdy o mnoho p\u0159\u00edv\u011btiv\u011bj\u0161\u00ed. St\u00e1v\u00e1 se povol\u00e1n\u00ed sprinter v cyklistick\u00e9m pelotonu ohro\u017eenou profes\u00ed?","og_url":"https:\/\/www.welovecycling.com\/cs\/2025\/08\/25\/sprinter-jako-ohrozena-profese\/","og_site_name":"\u0160koda We Love Cycling - \u010cesk\u00e1 republika","article_published_time":"2025-08-25T04:03:04+00:00","og_image":[{"width":2560,"height":1707,"url":"https:\/\/d2p6e6u75xmxt8.cloudfront.net\/13\/2025\/07\/20250724TDF2060-scaled.webp","type":"image\/webp"}],"author":"radekmalina","twitter_card":"summary_large_image","twitter_misc":{"Written by":"Radek Malina","Est. reading time":"5"},"schema":{"@context":"https:\/\/schema.org","@graph":[{"@type":"WebPage","@id":"https:\/\/www.welovecycling.com\/cs\/2025\/08\/25\/sprinter-jako-ohrozena-profese\/","url":"https:\/\/www.welovecycling.com\/cs\/2025\/08\/25\/sprinter-jako-ohrozena-profese\/","name":"Sprinter jako ohro\u017een\u00e1 profese? | \u0160koda We Love Cycling - \u010cesk\u00e1 republika","isPartOf":{"@id":"https:\/\/www.welovecycling.com\/cs\/#website"},"primaryImageOfPage":{"@id":"https:\/\/www.welovecycling.com\/cs\/2025\/08\/25\/sprinter-jako-ohrozena-profese\/#primaryimage"},"image":{"@id":"https:\/\/www.welovecycling.com\/cs\/2025\/08\/25\/sprinter-jako-ohrozena-profese\/#primaryimage"},"thumbnailUrl":"https:\/\/d2p6e6u75xmxt8.cloudfront.net\/13\/2025\/07\/20250724TDF2060-scaled.webp","datePublished":"2025-08-25T04:03:04+00:00","author":{"@id":"https:\/\/www.welovecycling.com\/cs\/#\/schema\/person\/d9eeb0a378f3a7e4a6d12d2b536b04b8"},"description":"Jen hrstka \u0161anc\u00ed pro spurtery je v itiner\u00e1\u0159i \u0161pan\u011blsk\u00e9 Vuelty! Jubilejn\u00ed osmdes\u00e1t\u00fd ro\u010dn\u00edk je oslavou vrcha\u0159sk\u00e9ho um\u011bn\u00ed. A up\u0159\u00edmn\u011b, Tour de France sezony 2025 nebyla k mu\u017e\u016fm vyzn\u00e1vaj\u00edc\u00edm hromadn\u00e9 dojezdy o mnoho p\u0159\u00edv\u011btiv\u011bj\u0161\u00ed. St\u00e1v\u00e1 se povol\u00e1n\u00ed sprinter v cyklistick\u00e9m pelotonu ohro\u017eenou profes\u00ed?","inLanguage":"cs","potentialAction":[{"@type":"ReadAction","target":["https:\/\/www.welovecycling.com\/cs\/2025\/08\/25\/sprinter-jako-ohrozena-profese\/"]}]},{"@type":"ImageObject","inLanguage":"cs","@id":"https:\/\/www.welovecycling.com\/cs\/2025\/08\/25\/sprinter-jako-ohrozena-profese\/#primaryimage","url":"https:\/\/d2p6e6u75xmxt8.cloudfront.net\/13\/2025\/07\/20250724TDF2060-scaled.webp","contentUrl":"https:\/\/d2p6e6u75xmxt8.cloudfront.net\/13\/2025\/07\/20250724TDF2060-scaled.webp","width":2560,"height":1707,"caption":"Sprinter Jonathan Milan v zelen\u00e9m trikotu"},{"@type":"WebSite","@id":"https:\/\/www.welovecycling.com\/cs\/#website","url":"https:\/\/www.welovecycling.com\/cs\/","name":"\u0160koda We Love Cycling - \u010cesk\u00e1 republika","description":"WeLoveCycling.cz je online magaz\u00edn, kter\u00fd v\u00e1m pravideln\u011b p\u0159in\u00e1\u0161\u00ed rady a tipy, zaj\u00edmav\u00e9 \u010dl\u00e1nky, videa a jedine\u010dn\u00e9 report\u00e1\u017ee ze sv\u011bta cyklistiky.","potentialAction":[{"@type":"SearchAction","target":{"@type":"EntryPoint","urlTemplate":"https:\/\/www.welovecycling.com\/cs\/?s={search_term_string}"},"query-input":{"@type":"PropertyValueSpecification","valueRequired":true,"valueName":"search_term_string"}}],"inLanguage":"cs"},{"@type":"Person","@id":"https:\/\/www.welovecycling.com\/cs\/#\/schema\/person\/d9eeb0a378f3a7e4a6d12d2b536b04b8","name":"radekmalina","image":{"@type":"ImageObject","inLanguage":"cs","@id":"https:\/\/www.welovecycling.com\/cs\/#\/schema\/person\/image\/","url":"https:\/\/secure.gravatar.com\/avatar\/66994b632cb8c39a46b9f54afa3ae07201b678d32a54275b6f1c9ffec356bfc0?s=96&d=mm&r=g","contentUrl":"https:\/\/secure.gravatar.com\/avatar\/66994b632cb8c39a46b9f54afa3ae07201b678d32a54275b6f1c9ffec356bfc0?s=96&d=mm&r=g","caption":"radekmalina"},"url":"https:\/\/www.welovecycling.com\/cs\/author\/radekmalina\/"}]}},"_links":{"self":[{"href":"https:\/\/www.welovecycling.com\/cs\/wp-json\/wp\/v2\/posts\/30755","targetHints":{"allow":["GET"]}}],"collection":[{"href":"https:\/\/www.welovecycling.com\/cs\/wp-json\/wp\/v2\/posts"}],"about":[{"href":"https:\/\/www.welovecycling.com\/cs\/wp-json\/wp\/v2\/types\/post"}],"author":[{"embeddable":true,"href":"https:\/\/www.welovecycling.com\/cs\/wp-json\/wp\/v2\/users\/138"}],"replies":[{"embeddable":true,"href":"https:\/\/www.welovecycling.com\/cs\/wp-json\/wp\/v2\/comments?post=30755"}],"version-history":[{"count":4,"href":"https:\/\/www.welovecycling.com\/cs\/wp-json\/wp\/v2\/posts\/30755\/revisions"}],"predecessor-version":[{"id":30759,"href":"https:\/\/www.welovecycling.com\/cs\/wp-json\/wp\/v2\/posts\/30755\/revisions\/30759"}],"wp:featuredmedia":[{"embeddable":true,"href":"https:\/\/www.welovecycling.com\/cs\/wp-json\/wp\/v2\/media\/30309"}],"wp:attachment":[{"href":"https:\/\/www.welovecycling.com\/cs\/wp-json\/wp\/v2\/media?parent=30755"}],"wp:term":[{"taxonomy":"category","embeddable":true,"href":"https:\/\/www.welovecycling.com\/cs\/wp-json\/wp\/v2\/categories?post=30755"},{"taxonomy":"post_tag","embeddable":true,"href":"https:\/\/www.welovecycling.com\/cs\/wp-json\/wp\/v2\/tags?post=30755"},{"taxonomy":"global-categories","embeddable":true,"href":"https:\/\/www.welovecycling.com\/cs\/wp-json\/wp\/v2\/global-categories?post=30755"}],"curies":[{"name":"wp","href":"https:\/\/api.w.org\/{rel}","templated":true}]}}