{"id":30748,"date":"2025-08-23T19:48:22","date_gmt":"2025-08-23T17:48:22","guid":{"rendered":"https:\/\/www.welovecycling.com\/cs\/?p=30748"},"modified":"2025-08-23T19:48:42","modified_gmt":"2025-08-23T17:48:42","slug":"absolutni-nadvlada-philipsen-po-60-letech-psal-historii","status":"publish","type":"post","link":"https:\/\/www.welovecycling.com\/cs\/2025\/08\/23\/absolutni-nadvlada-philipsen-po-60-letech-psal-historii\/","title":{"rendered":"Absolutn\u00ed nadvl\u00e1da! A Philipsen po 60 letech psal historii"},"content":{"rendered":"<p><strong>Jasper Philipsen potvrdil, jak v\u00fdjime\u010dn\u00fdm je sprinterem! Belgick\u00fd cyklista formace Alpecin Deceuninck vyhr\u00e1l \u00favodn\u00ed etapu jubilejn\u00edho osmdes\u00e1t\u00e9ho ro\u010dn\u00edku Vuelty. Letos p\u0159itom ovl\u00e1dl i prvn\u00ed d\u011bjstv\u00ed na Tour de France. \u0160edes\u00e1t let podobn\u00fd double nikdo nep\u0159edvedl!<\/strong><\/p>\n<p>&#8222;Je to sladk\u00fd n\u00e1vrat. T\u00edm sp\u00ed\u0161e, \u017ee jako bonus beru trikot l\u00eddra z\u00e1vodu. Po p\u00e1du na Tour de France jsem byl opravdu zklaman\u00fd, proto\u017ee jsem velmi tvrd\u011b pracoval, abych m\u011bl perfektn\u00ed formu,&#8220; uvedl bezprost\u0159edn\u011b po dojezdu \u00favodn\u00ed etapy Vuelty Jasper Philipsen.<\/p>\n<p>&#8222;Letos jsem m\u011bl hodn\u011b sm\u016fly, ale tak\u00e9 sb\u00edr\u00e1m p\u011bkn\u00e1 v\u00edt\u011bzstv\u00ed. Stejn\u011b jako na Tour de France mus\u00edm pod\u011bkovat par\u0165\u00e1k\u016fm z t\u00fdmu. P\u0159ipravili mi fantastickou pozici. D\u00edky Jonasovi Rickaertovi a Edwardovi Planckaertovi mi zb\u00fdvalo sprintovat jen 175 metr\u016f. Jsem opravdu \u0161\u0165astn\u00fd, \u017ee to vy\u0161lo.&#8220;<\/p>\n<h2><strong>Philipsen slavil v Lille<\/strong><\/h2>\n<p>Jasper Philipsen uk\u00e1zal sprinterskou dominanci na Tour de France v \u00favodn\u00edm d\u011bjstv\u00ed p\u0159i dojezdu v Lille, kde z\u00edskal \u017elut\u00fd trikot po par\u00e1dn\u00ed podpo\u0159e od Mathieu van der Poela a Kadena Grovese. O dva dny pozd\u011bji v\u0161ak z Grande Boucle odstoupil, kdy\u017e jej na pr\u00e9mii v pr\u016fb\u011bhu etapy sest\u0159elil Bryan Coquard z Cofidisu, kter\u00fd v \u00favodn\u00edm d\u011bjstv\u00ed Vuelty bral sedmou p\u0159\u00ed\u010dku.<\/p>\n<figure id=\"attachment_29810\" aria-describedby=\"caption-attachment-29810\" style=\"width: 1800px\" class=\"wp-caption alignnone\"><a href=\"https:\/\/d2p6e6u75xmxt8.cloudfront.net\/13\/2025\/07\/profimedia-1018958867.webp\"><img loading=\"lazy\" decoding=\"async\" class=\"size-full wp-image-29810\" src=\"https:\/\/d2p6e6u75xmxt8.cloudfront.net\/13\/2025\/07\/profimedia-1018958867.webp\" alt=\"\" width=\"1800\" height=\"1196\" srcset=\"https:\/\/d2p6e6u75xmxt8.cloudfront.net\/13\/2025\/07\/profimedia-1018958867.webp 1800w, https:\/\/d2p6e6u75xmxt8.cloudfront.net\/13\/2025\/07\/profimedia-1018958867-300x199.webp 300w, https:\/\/d2p6e6u75xmxt8.cloudfront.net\/13\/2025\/07\/profimedia-1018958867-1024x680.webp 1024w, https:\/\/d2p6e6u75xmxt8.cloudfront.net\/13\/2025\/07\/profimedia-1018958867-768x510.webp 768w, https:\/\/d2p6e6u75xmxt8.cloudfront.net\/13\/2025\/07\/profimedia-1018958867-1536x1021.webp 1536w, https:\/\/d2p6e6u75xmxt8.cloudfront.net\/13\/2025\/07\/profimedia-1018958867-400x266.webp 400w, https:\/\/d2p6e6u75xmxt8.cloudfront.net\/13\/2025\/07\/profimedia-1018958867-272x182.webp 272w\" sizes=\"auto, (max-width: 1800px) 100vw, 1800px\" \/><\/a><figcaption id=\"caption-attachment-29810\" class=\"wp-caption-text\"><em>Jasper Philipsen vyhr\u00e1l \u00favodn\u00ed etapu Tour de France 2025.<\/em><\/figcaption><\/figure>\n<p>Po operaci zlomen\u00e9 kl\u00ed\u010dn\u00ed kosti, s d\u011bsn\u011b potrhan\u00fdmi z\u00e1dy a zl\u00e1man\u00fdmi \u017eebry, pot\u0159eboval Belgi\u010dan pauzu. Vr\u00e1til se pr\u00e1v\u011b v\u010das, aby stihl Vueltu. V r\u00e1mci p\u0159\u00edpravy absolvoval etapov\u00fd z\u00e1vod v D\u00e1nsku, kde bral jedno \u010dtvrt\u00e9 m\u00edsto. Stejn\u00e9ho v\u00fdsledku pak dos\u00e1hl p\u0159i n\u011bmeck\u00e9 ADAC Cyclassics.<\/p>\n<div class=\"shortcode-ys-post-pinup\"><article class=\"loop-simple post-29836 post type-post status-publish format-standard has-post-thumbnail hentry category-tour-de-france tag-alpecin-deceuninck tag-cyklistika tag-jasper-philipsen tag-mathieu-van-der-poel tag-nehoda tag-pad tag-silnicni-cyklistika tag-tour-de-france-2025 tag-zeleny-dres tag-zraneni global-categories-cycling\" data-postid=\"29836\" role=\"article\" data-post-id=\"29836\" data-word-count=\"491\" data-headline-length=\"66\" data-category=\"Tour de France\" data-global-category=\"Cycling\" data-author=\"We Love Cycling\" data-published=\"2025-07-07T18:58:50+02:00\" data-published-day=\"Monday\">\n    <div class=\"entry-thumbnail article-thumbnail\" content=\"https:\/\/d2p6e6u75xmxt8.cloudfront.net\/13\/2025\/07\/profimedia-1019310273-150x150.webp\"><a href=\"https:\/\/www.welovecycling.com\/cs\/2025\/07\/07\/z-nebe-do-pekla-jasper-philipsen-opustil-tour-po-hororovem-padu\/\" class=\"image-holder\" target=\"_self\"><img decoding=\"async\" loading=\"lazy\" class=\"\" src=\"https:\/\/d2p6e6u75xmxt8.cloudfront.net\/13\/2025\/07\/profimedia-1019310273-1024x682.webp\" srcset=\"https:\/\/d2p6e6u75xmxt8.cloudfront.net\/13\/2025\/07\/profimedia-1019310273.webp 1800w, https:\/\/d2p6e6u75xmxt8.cloudfront.net\/13\/2025\/07\/profimedia-1019310273-300x200.webp 300w, https:\/\/d2p6e6u75xmxt8.cloudfront.net\/13\/2025\/07\/profimedia-1019310273-1024x682.webp 1024w, https:\/\/d2p6e6u75xmxt8.cloudfront.net\/13\/2025\/07\/profimedia-1019310273-768x512.webp 768w, https:\/\/d2p6e6u75xmxt8.cloudfront.net\/13\/2025\/07\/profimedia-1019310273-1536x1023.webp 1536w, https:\/\/d2p6e6u75xmxt8.cloudfront.net\/13\/2025\/07\/profimedia-1019310273-400x266.webp 400w, https:\/\/d2p6e6u75xmxt8.cloudfront.net\/13\/2025\/07\/profimedia-1019310273-272x182.webp 272w\" width=\"1024\" height=\"682\" sizes=\"auto, (min-width: 1200px) 300px, (min-width: 768px) 25vw, 100vw\" alt=\"z-nebe-do-pekla-jasper-philipsen-opustil-tour-po-hororovem-padu\"\/><\/a><\/div>    <div class=\"entry-meta\">\n        <a class=\"label label-secondary post-category\" href=\"https:\/\/www.welovecycling.com\/cs\/category\/tour-de-france\/\" title=\"Tour de France\">Tour de France<\/a>\n    <\/div>\n    <div class=\"entry-details\">\n        <a href=\"https:\/\/www.welovecycling.com\/cs\/2025\/07\/07\/z-nebe-do-pekla-jasper-philipsen-opustil-tour-po-hororovem-padu\/\" class='entry-title-wrapper'>\n            <h3 class=\"entry-title\"><span>Z nebe do pekla! Jasper Philipsen opustil Tour po hororov\u00e9m p\u00e1du<\/span><\/h3>\n        <\/a>\n    <\/div>\n    <\/article>\n<\/div>\n<p>P\u0159i \u00favodn\u00ed etap\u011b jubilejn\u00edho osmdes\u00e1t\u00e9ho ro\u010dn\u00edku Vuelty, kter\u00e1 startuje v It\u00e1lii, p\u0159edvedl v dojezdu 186 kilometr\u016f dlouh\u00e9ho d\u011bjstv\u00ed z Tur\u00edna do Novary tot\u00e1ln\u00ed nadvl\u00e1du. V hromadn\u00e9m dojezdu nem\u011bl ve skute\u010dnosti konkurenci a stejn\u011b jako p\u0159i \u00favodn\u00ed etap\u011b Tour de France mohl vyst\u0159elit triumf\u00e1ln\u011b ruce k nebes\u016fm.<\/p>\n<h2><strong>Double Tour a Vuelta slavil krajan<\/strong><\/h2>\n<p>Naposledy se podobn\u00fd z\u00e1pis povedl v sezon\u011b 2009 \u0161v\u00fdcarsk\u00e9ho cyklistovi Fabianu Cancellarovi. Jen\u017ee tehdy \u00favodn\u00ed d\u011bjstv\u00ed Tour i Vuelty tvo\u0159ily \u010dasovky. V klasick\u00e9 etap\u011b podobn\u00e9 double p\u0159edvedl naposledy v roce 1965 Belgi\u010dan Rik van Looy.<\/p>\n<p><a href=\"https:\/\/d2p6e6u75xmxt8.cloudfront.net\/13\/2025\/08\/20250823LV1046-scaled.webp\"><img loading=\"lazy\" decoding=\"async\" class=\"alignnone size-extra-large wp-image-30749\" src=\"https:\/\/d2p6e6u75xmxt8.cloudfront.net\/13\/2025\/08\/20250823LV1046-1280x1920.webp\" alt=\"\" width=\"1280\" height=\"1920\" srcset=\"https:\/\/d2p6e6u75xmxt8.cloudfront.net\/13\/2025\/08\/20250823LV1046-1280x1920.webp 1280w, https:\/\/d2p6e6u75xmxt8.cloudfront.net\/13\/2025\/08\/20250823LV1046-200x300.webp 200w, https:\/\/d2p6e6u75xmxt8.cloudfront.net\/13\/2025\/08\/20250823LV1046-683x1024.webp 683w, https:\/\/d2p6e6u75xmxt8.cloudfront.net\/13\/2025\/08\/20250823LV1046-768x1152.webp 768w, https:\/\/d2p6e6u75xmxt8.cloudfront.net\/13\/2025\/08\/20250823LV1046-1024x1536.webp 1024w, https:\/\/d2p6e6u75xmxt8.cloudfront.net\/13\/2025\/08\/20250823LV1046-1365x2048.webp 1365w, https:\/\/d2p6e6u75xmxt8.cloudfront.net\/13\/2025\/08\/20250823LV1046-267x400.webp 267w, https:\/\/d2p6e6u75xmxt8.cloudfront.net\/13\/2025\/08\/20250823LV1046-scaled.webp 1707w, https:\/\/d2p6e6u75xmxt8.cloudfront.net\/13\/2025\/08\/20250823LV1046-1280x1920.webp 1280w\" sizes=\"auto, (max-width: 1280px) 100vw, 1280px\" \/><\/a><\/p>\n<p>&#8222;Pot\u0159eboval jsem naj\u00edt nov\u00e9 c\u00edle, proto\u017ee odstoupen\u00ed z Tour znamenalo velk\u00fd ne\u00fasp\u011bch. V\u011bd\u011bl jsem, \u017ee m\u00e1m jedinou \u0161anci,&#8220; usm\u00e1l se <a href=\"https:\/\/www.welovecycling.com\/cs\/2025\/07\/05\/jasper-philipsen-zluty-kral-chaosu\/\">Jasper Philipsen<\/a>, kter\u00fd je po \u00favodn\u00edm d\u011bjstv\u00ed Vuelty v \u010dele celkov\u00e9ho po\u0159ad\u00ed a pochopiteln\u011b vede i bodovac\u00ed sout\u011b\u017e \u0160koda Auto.<\/p>\n<div class=\"MuiChip-root MuiChip-filled MuiChip-sizeMedium MuiChip-colorTag_other MuiChip-filledTag_other css-v20crm\"><em><span class=\"MuiChip-label MuiChip-labelMedium css-s01idy\">Foto: Unipublic\/Rafa G\u00f3mez\/Sprint Cycling Agency a Toni Baixauli<\/span><\/em><\/div>\n<div class=\"MuiChip-root MuiChip-filled MuiChip-sizeMedium MuiChip-colorTag_other MuiChip-filledTag_other css-v20crm\"><\/div>\n","protected":false},"excerpt":{"rendered":"<p>Jasper Philipsen potvrdil, jak v\u00fdjime\u010dn\u00fdm je sprinterem! Belgick\u00fd cyklista formace Alpecin Deceuninck vyhr\u00e1l \u00favodn\u00ed etapu jubilejn\u00edho osmdes\u00e1t\u00e9ho ro\u010dn\u00edku Vuelty. Letos [&hellip;]<\/p>\n","protected":false},"author":138,"featured_media":30751,"comment_status":"open","ping_status":"open","sticky":false,"template":"","format":"standard","meta":{"footnotes":""},"categories":[10],"tags":[126,2985,4329,9,23,3844],"global-categories":[411],"class_list":["post-30748","post","type-post","status-publish","format-standard","has-post-thumbnail","hentry","category-silnicni-cyklistika","tag-cyklistika","tag-jasper-philipsen","tag-la-vuelta-2025","tag-silnicni-cyklistika","tag-tour-de-france","tag-vuelta-2025","global-categories-cycling"],"yoast_head":"<!-- This site is optimized with the Yoast SEO Premium plugin v25.3 (Yoast SEO v25.9) - https:\/\/yoast.com\/wordpress\/plugins\/seo\/ -->\n<title>Absolutn\u00ed nadvl\u00e1da! A Philipsen po 60 letech psal historii | \u0160koda We Love Cycling - \u010cesk\u00e1 republika<\/title>\n<meta name=\"description\" content=\"Jasper Philipsen potvrdil, jak v\u00fdjime\u010dn\u00fdm je sprinterem! Belgick\u00fd cyklista formace Alpecin Deceuninck vyhr\u00e1l \u00favodn\u00ed etapu jubilejn\u00edho osmdes\u00e1t\u00e9ho ro\u010dn\u00edku Vuelty. Letos p\u0159itom ovl\u00e1dl i prvn\u00ed d\u011bjstv\u00ed na Tour de France. \u0160edes\u00e1t let podobn\u00fd double nikdo nep\u0159edvedl!\" \/>\n<meta name=\"robots\" content=\"index, follow, max-snippet:-1, max-image-preview:large, max-video-preview:-1\" \/>\n<link rel=\"canonical\" href=\"https:\/\/www.welovecycling.com\/cs\/2025\/08\/23\/absolutni-nadvlada-philipsen-po-60-letech-psal-historii\/\" \/>\n<meta property=\"og:locale\" content=\"cs_CZ\" \/>\n<meta property=\"og:type\" content=\"article\" \/>\n<meta property=\"og:title\" content=\"Absolutn\u00ed nadvl\u00e1da! A Philipsen po 60 letech psal historii\" \/>\n<meta property=\"og:description\" content=\"Jasper Philipsen potvrdil, jak v\u00fdjime\u010dn\u00fdm je sprinterem! Belgick\u00fd cyklista formace Alpecin Deceuninck vyhr\u00e1l \u00favodn\u00ed etapu jubilejn\u00edho osmdes\u00e1t\u00e9ho ro\u010dn\u00edku Vuelty. Letos p\u0159itom ovl\u00e1dl i prvn\u00ed d\u011bjstv\u00ed na Tour de France. \u0160edes\u00e1t let podobn\u00fd double nikdo nep\u0159edvedl!\" \/>\n<meta property=\"og:url\" content=\"https:\/\/www.welovecycling.com\/cs\/2025\/08\/23\/absolutni-nadvlada-philipsen-po-60-letech-psal-historii\/\" \/>\n<meta property=\"og:site_name\" content=\"\u0160koda We Love Cycling - \u010cesk\u00e1 republika\" \/>\n<meta property=\"article:published_time\" content=\"2025-08-23T17:48:22+00:00\" \/>\n<meta property=\"article:modified_time\" content=\"2025-08-23T17:48:42+00:00\" \/>\n<meta property=\"og:image\" content=\"https:\/\/d2p6e6u75xmxt8.cloudfront.net\/13\/2025\/08\/20250823LV4016.webp\" \/>\n\t<meta property=\"og:image:width\" content=\"2000\" \/>\n\t<meta property=\"og:image:height\" content=\"1333\" \/>\n\t<meta property=\"og:image:type\" content=\"image\/webp\" \/>\n<meta name=\"author\" content=\"radekmalina\" \/>\n<meta name=\"twitter:card\" content=\"summary_large_image\" \/>\n<meta name=\"twitter:label1\" content=\"Written by\" \/>\n\t<meta name=\"twitter:data1\" content=\"We Love Cycling\" \/>\n\t<meta name=\"twitter:label2\" content=\"Est. reading time\" \/>\n\t<meta name=\"twitter:data2\" content=\"5\" \/>\n<script type=\"application\/ld+json\" class=\"yoast-schema-graph\">{\"@context\":\"https:\/\/schema.org\",\"@graph\":[{\"@type\":\"WebPage\",\"@id\":\"https:\/\/www.welovecycling.com\/cs\/2025\/08\/23\/absolutni-nadvlada-philipsen-po-60-letech-psal-historii\/\",\"url\":\"https:\/\/www.welovecycling.com\/cs\/2025\/08\/23\/absolutni-nadvlada-philipsen-po-60-letech-psal-historii\/\",\"name\":\"Absolutn\u00ed nadvl\u00e1da! A Philipsen po 60 letech psal historii | \u0160koda We Love Cycling - \u010cesk\u00e1 republika\",\"isPartOf\":{\"@id\":\"https:\/\/www.welovecycling.com\/cs\/#website\"},\"primaryImageOfPage\":{\"@id\":\"https:\/\/www.welovecycling.com\/cs\/2025\/08\/23\/absolutni-nadvlada-philipsen-po-60-letech-psal-historii\/#primaryimage\"},\"image\":{\"@id\":\"https:\/\/www.welovecycling.com\/cs\/2025\/08\/23\/absolutni-nadvlada-philipsen-po-60-letech-psal-historii\/#primaryimage\"},\"thumbnailUrl\":\"https:\/\/d2p6e6u75xmxt8.cloudfront.net\/13\/2025\/08\/20250823LV4016.webp\",\"datePublished\":\"2025-08-23T17:48:22+00:00\",\"dateModified\":\"2025-08-23T17:48:42+00:00\",\"author\":{\"@id\":\"https:\/\/www.welovecycling.com\/cs\/#\/schema\/person\/d9eeb0a378f3a7e4a6d12d2b536b04b8\"},\"description\":\"Jasper Philipsen potvrdil, jak v\u00fdjime\u010dn\u00fdm je sprinterem! Belgick\u00fd cyklista formace Alpecin Deceuninck vyhr\u00e1l \u00favodn\u00ed etapu jubilejn\u00edho osmdes\u00e1t\u00e9ho ro\u010dn\u00edku Vuelty. Letos p\u0159itom ovl\u00e1dl i prvn\u00ed d\u011bjstv\u00ed na Tour de France. \u0160edes\u00e1t let podobn\u00fd double nikdo nep\u0159edvedl!\",\"inLanguage\":\"cs\",\"potentialAction\":[{\"@type\":\"ReadAction\",\"target\":[\"https:\/\/www.welovecycling.com\/cs\/2025\/08\/23\/absolutni-nadvlada-philipsen-po-60-letech-psal-historii\/\"]}]},{\"@type\":\"ImageObject\",\"inLanguage\":\"cs\",\"@id\":\"https:\/\/www.welovecycling.com\/cs\/2025\/08\/23\/absolutni-nadvlada-philipsen-po-60-letech-psal-historii\/#primaryimage\",\"url\":\"https:\/\/d2p6e6u75xmxt8.cloudfront.net\/13\/2025\/08\/20250823LV4016.webp\",\"contentUrl\":\"https:\/\/d2p6e6u75xmxt8.cloudfront.net\/13\/2025\/08\/20250823LV4016.webp\",\"width\":2000,\"height\":1333,\"caption\":\"Jasper Philipsen\"},{\"@type\":\"WebSite\",\"@id\":\"https:\/\/www.welovecycling.com\/cs\/#website\",\"url\":\"https:\/\/www.welovecycling.com\/cs\/\",\"name\":\"\u0160koda We Love Cycling - \u010cesk\u00e1 republika\",\"description\":\"WeLoveCycling.cz je online magaz\u00edn, kter\u00fd v\u00e1m pravideln\u011b p\u0159in\u00e1\u0161\u00ed rady a tipy, zaj\u00edmav\u00e9 \u010dl\u00e1nky, videa a jedine\u010dn\u00e9 report\u00e1\u017ee ze sv\u011bta cyklistiky.\",\"potentialAction\":[{\"@type\":\"SearchAction\",\"target\":{\"@type\":\"EntryPoint\",\"urlTemplate\":\"https:\/\/www.welovecycling.com\/cs\/?s={search_term_string}\"},\"query-input\":{\"@type\":\"PropertyValueSpecification\",\"valueRequired\":true,\"valueName\":\"search_term_string\"}}],\"inLanguage\":\"cs\"},{\"@type\":\"Person\",\"@id\":\"https:\/\/www.welovecycling.com\/cs\/#\/schema\/person\/d9eeb0a378f3a7e4a6d12d2b536b04b8\",\"name\":\"radekmalina\",\"image\":{\"@type\":\"ImageObject\",\"inLanguage\":\"cs\",\"@id\":\"https:\/\/www.welovecycling.com\/cs\/#\/schema\/person\/image\/\",\"url\":\"https:\/\/secure.gravatar.com\/avatar\/66994b632cb8c39a46b9f54afa3ae07201b678d32a54275b6f1c9ffec356bfc0?s=96&d=mm&r=g\",\"contentUrl\":\"https:\/\/secure.gravatar.com\/avatar\/66994b632cb8c39a46b9f54afa3ae07201b678d32a54275b6f1c9ffec356bfc0?s=96&d=mm&r=g\",\"caption\":\"radekmalina\"},\"url\":\"https:\/\/www.welovecycling.com\/cs\/author\/radekmalina\/\"}]}<\/script>\n<!-- \/ Yoast SEO Premium plugin. -->","yoast_head_json":{"title":"Absolutn\u00ed nadvl\u00e1da! A Philipsen po 60 letech psal historii | \u0160koda We Love Cycling - \u010cesk\u00e1 republika","description":"Jasper Philipsen potvrdil, jak v\u00fdjime\u010dn\u00fdm je sprinterem! Belgick\u00fd cyklista formace Alpecin Deceuninck vyhr\u00e1l \u00favodn\u00ed etapu jubilejn\u00edho osmdes\u00e1t\u00e9ho ro\u010dn\u00edku Vuelty. Letos p\u0159itom ovl\u00e1dl i prvn\u00ed d\u011bjstv\u00ed na Tour de France. \u0160edes\u00e1t let podobn\u00fd double nikdo nep\u0159edvedl!","robots":{"index":"index","follow":"follow","max-snippet":"max-snippet:-1","max-image-preview":"max-image-preview:large","max-video-preview":"max-video-preview:-1"},"canonical":"https:\/\/www.welovecycling.com\/cs\/2025\/08\/23\/absolutni-nadvlada-philipsen-po-60-letech-psal-historii\/","og_locale":"cs_CZ","og_type":"article","og_title":"Absolutn\u00ed nadvl\u00e1da! A Philipsen po 60 letech psal historii","og_description":"Jasper Philipsen potvrdil, jak v\u00fdjime\u010dn\u00fdm je sprinterem! Belgick\u00fd cyklista formace Alpecin Deceuninck vyhr\u00e1l \u00favodn\u00ed etapu jubilejn\u00edho osmdes\u00e1t\u00e9ho ro\u010dn\u00edku Vuelty. Letos p\u0159itom ovl\u00e1dl i prvn\u00ed d\u011bjstv\u00ed na Tour de France. \u0160edes\u00e1t let podobn\u00fd double nikdo nep\u0159edvedl!","og_url":"https:\/\/www.welovecycling.com\/cs\/2025\/08\/23\/absolutni-nadvlada-philipsen-po-60-letech-psal-historii\/","og_site_name":"\u0160koda We Love Cycling - \u010cesk\u00e1 republika","article_published_time":"2025-08-23T17:48:22+00:00","article_modified_time":"2025-08-23T17:48:42+00:00","og_image":[{"width":2000,"height":1333,"url":"https:\/\/d2p6e6u75xmxt8.cloudfront.net\/13\/2025\/08\/20250823LV4016.webp","type":"image\/webp"}],"author":"radekmalina","twitter_card":"summary_large_image","twitter_misc":{"Written by":"We Love Cycling","Est. reading time":"5"},"schema":{"@context":"https:\/\/schema.org","@graph":[{"@type":"WebPage","@id":"https:\/\/www.welovecycling.com\/cs\/2025\/08\/23\/absolutni-nadvlada-philipsen-po-60-letech-psal-historii\/","url":"https:\/\/www.welovecycling.com\/cs\/2025\/08\/23\/absolutni-nadvlada-philipsen-po-60-letech-psal-historii\/","name":"Absolutn\u00ed nadvl\u00e1da! A Philipsen po 60 letech psal historii | \u0160koda We Love Cycling - \u010cesk\u00e1 republika","isPartOf":{"@id":"https:\/\/www.welovecycling.com\/cs\/#website"},"primaryImageOfPage":{"@id":"https:\/\/www.welovecycling.com\/cs\/2025\/08\/23\/absolutni-nadvlada-philipsen-po-60-letech-psal-historii\/#primaryimage"},"image":{"@id":"https:\/\/www.welovecycling.com\/cs\/2025\/08\/23\/absolutni-nadvlada-philipsen-po-60-letech-psal-historii\/#primaryimage"},"thumbnailUrl":"https:\/\/d2p6e6u75xmxt8.cloudfront.net\/13\/2025\/08\/20250823LV4016.webp","datePublished":"2025-08-23T17:48:22+00:00","dateModified":"2025-08-23T17:48:42+00:00","author":{"@id":"https:\/\/www.welovecycling.com\/cs\/#\/schema\/person\/d9eeb0a378f3a7e4a6d12d2b536b04b8"},"description":"Jasper Philipsen potvrdil, jak v\u00fdjime\u010dn\u00fdm je sprinterem! Belgick\u00fd cyklista formace Alpecin Deceuninck vyhr\u00e1l \u00favodn\u00ed etapu jubilejn\u00edho osmdes\u00e1t\u00e9ho ro\u010dn\u00edku Vuelty. Letos p\u0159itom ovl\u00e1dl i prvn\u00ed d\u011bjstv\u00ed na Tour de France. \u0160edes\u00e1t let podobn\u00fd double nikdo nep\u0159edvedl!","inLanguage":"cs","potentialAction":[{"@type":"ReadAction","target":["https:\/\/www.welovecycling.com\/cs\/2025\/08\/23\/absolutni-nadvlada-philipsen-po-60-letech-psal-historii\/"]}]},{"@type":"ImageObject","inLanguage":"cs","@id":"https:\/\/www.welovecycling.com\/cs\/2025\/08\/23\/absolutni-nadvlada-philipsen-po-60-letech-psal-historii\/#primaryimage","url":"https:\/\/d2p6e6u75xmxt8.cloudfront.net\/13\/2025\/08\/20250823LV4016.webp","contentUrl":"https:\/\/d2p6e6u75xmxt8.cloudfront.net\/13\/2025\/08\/20250823LV4016.webp","width":2000,"height":1333,"caption":"Jasper Philipsen"},{"@type":"WebSite","@id":"https:\/\/www.welovecycling.com\/cs\/#website","url":"https:\/\/www.welovecycling.com\/cs\/","name":"\u0160koda We Love Cycling - \u010cesk\u00e1 republika","description":"WeLoveCycling.cz je online magaz\u00edn, kter\u00fd v\u00e1m pravideln\u011b p\u0159in\u00e1\u0161\u00ed rady a tipy, zaj\u00edmav\u00e9 \u010dl\u00e1nky, videa a jedine\u010dn\u00e9 report\u00e1\u017ee ze sv\u011bta cyklistiky.","potentialAction":[{"@type":"SearchAction","target":{"@type":"EntryPoint","urlTemplate":"https:\/\/www.welovecycling.com\/cs\/?s={search_term_string}"},"query-input":{"@type":"PropertyValueSpecification","valueRequired":true,"valueName":"search_term_string"}}],"inLanguage":"cs"},{"@type":"Person","@id":"https:\/\/www.welovecycling.com\/cs\/#\/schema\/person\/d9eeb0a378f3a7e4a6d12d2b536b04b8","name":"radekmalina","image":{"@type":"ImageObject","inLanguage":"cs","@id":"https:\/\/www.welovecycling.com\/cs\/#\/schema\/person\/image\/","url":"https:\/\/secure.gravatar.com\/avatar\/66994b632cb8c39a46b9f54afa3ae07201b678d32a54275b6f1c9ffec356bfc0?s=96&d=mm&r=g","contentUrl":"https:\/\/secure.gravatar.com\/avatar\/66994b632cb8c39a46b9f54afa3ae07201b678d32a54275b6f1c9ffec356bfc0?s=96&d=mm&r=g","caption":"radekmalina"},"url":"https:\/\/www.welovecycling.com\/cs\/author\/radekmalina\/"}]}},"_links":{"self":[{"href":"https:\/\/www.welovecycling.com\/cs\/wp-json\/wp\/v2\/posts\/30748","targetHints":{"allow":["GET"]}}],"collection":[{"href":"https:\/\/www.welovecycling.com\/cs\/wp-json\/wp\/v2\/posts"}],"about":[{"href":"https:\/\/www.welovecycling.com\/cs\/wp-json\/wp\/v2\/types\/post"}],"author":[{"embeddable":true,"href":"https:\/\/www.welovecycling.com\/cs\/wp-json\/wp\/v2\/users\/138"}],"replies":[{"embeddable":true,"href":"https:\/\/www.welovecycling.com\/cs\/wp-json\/wp\/v2\/comments?post=30748"}],"version-history":[{"count":3,"href":"https:\/\/www.welovecycling.com\/cs\/wp-json\/wp\/v2\/posts\/30748\/revisions"}],"predecessor-version":[{"id":30754,"href":"https:\/\/www.welovecycling.com\/cs\/wp-json\/wp\/v2\/posts\/30748\/revisions\/30754"}],"wp:featuredmedia":[{"embeddable":true,"href":"https:\/\/www.welovecycling.com\/cs\/wp-json\/wp\/v2\/media\/30751"}],"wp:attachment":[{"href":"https:\/\/www.welovecycling.com\/cs\/wp-json\/wp\/v2\/media?parent=30748"}],"wp:term":[{"taxonomy":"category","embeddable":true,"href":"https:\/\/www.welovecycling.com\/cs\/wp-json\/wp\/v2\/categories?post=30748"},{"taxonomy":"post_tag","embeddable":true,"href":"https:\/\/www.welovecycling.com\/cs\/wp-json\/wp\/v2\/tags?post=30748"},{"taxonomy":"global-categories","embeddable":true,"href":"https:\/\/www.welovecycling.com\/cs\/wp-json\/wp\/v2\/global-categories?post=30748"}],"curies":[{"name":"wp","href":"https:\/\/api.w.org\/{rel}","templated":true}]}}