{"id":30738,"date":"2025-08-23T06:32:09","date_gmt":"2025-08-23T04:32:09","guid":{"rendered":"https:\/\/www.welovecycling.com\/cs\/?p=30738"},"modified":"2025-08-22T14:41:46","modified_gmt":"2025-08-22T12:41:46","slug":"v-pogacarove-vesmiru-slovensky-talent-o-angazma-v-tymu-uae-emirates","status":"publish","type":"post","link":"https:\/\/www.welovecycling.com\/cs\/2025\/08\/23\/v-pogacarove-vesmiru-slovensky-talent-o-angazma-v-tymu-uae-emirates\/","title":{"rendered":"V Poga\u010darov\u011b vesm\u00edru. B\u00fdval\u00fd \u010dlen \u010desk\u00e9ho t\u00fdmu o anga\u017em\u00e1 v UAE Emirates"},"content":{"rendered":"<p><strong>Sko\u010dil rovn\u00fdma nohama do jin\u00e9 cyklistick\u00e9 dimenze. V pouh\u00fdch devaten\u00e1cti letech. \u00da\u0159aduj\u00edc\u00ed slovensk\u00fd mistr v \u010dasovce Matthias Schwarzbacher po lo\u0148sk\u00e9m p\u016fsoben\u00ed v \u010desk\u00e9m t\u00fdmu ATT Investments z\u00edskal anga\u017em\u00e1 v development t\u00fdmu UAE Emirates, v jeho\u017e st\u0159edu z\u00e1\u0159\u00ed sou\u010dasn\u00e1 nejv\u011bt\u0161\u00ed hv\u011bzda sv\u011btov\u00e9ho pelotonu Tadej Poga\u010dar.<\/strong><\/p>\n<p>Matthias Schwarzbacher se aktu\u00e1ln\u011b proh\u00e1n\u00ed v b\u00edl\u00e9m dresu UAE Emirates na trat\u00edch juniorsk\u00e9ho z\u00e1vodu West Bohemia Tour, kde loni po v\u00edt\u011bzn\u00e9m prologu dostal zpr\u00e1vu, o n\u00ed\u017e v koutku du\u0161e snil. \u201ePrvn\u00ed kontakt s UAE prob\u011bhl loni v l\u00e9t\u011b a informace, \u017ee je to na dobr\u00e9 cest\u011b, ke mn\u011b p\u0159i\u0161la pr\u00e1v\u011b b\u011bhem West Bohemia Tour. Po z\u00e1\u0159ijov\u00e9m mistrovstv\u00ed sv\u011bta jsem dostal zelenou,\u201c vypr\u00e1v\u00ed supertalent slovensk\u00e9 cyklistiky, jeho\u017e idolem je bez velk\u00e9ho p\u0159ekvapen\u00ed legend\u00e1rn\u00ed spurt\u00e9r Peter Sagan.<\/p>\n<h2><strong>Matthias Schwarzbacher tr\u00e1vil mnoho \u010dasu s mexickou hv\u011bzdou<\/strong><\/h2>\n<p>S gigantem sou\u010dasn\u00e9 cyklistiky absolvoval prvn\u00ed soust\u0159ed\u011bn\u00ed v prosinci. Jak velk\u00fd to byl skok? \u201eNa prvn\u00edm kempu jsem jen chodil s otev\u0159enou pusou a z\u00edral, jak v\u0161echno funguje. Jen zabezpe\u010den\u00ed bylo neskute\u010dn\u00e9, nelze to v\u016fbec porovnat s t\u00edm, co jsem dosud v kari\u00e9\u0159e za\u017eil. \u00dapln\u011b jin\u00fd vesm\u00edr. Materi\u00e1lov\u011b, systematikou p\u0159\u00edstupu, stravou, p\u00e9\u010d\u00ed mechanik\u016f&#8230; Vlastn\u011b ale sta\u010dil jen pohled na po\u010det kol a lid\u00ed, kte\u0159\u00ed na kempu byli,\u201c vzpom\u00edn\u00e1 s \u00fasm\u011bvem Schwarzbacher na soust\u0159ed\u011bn\u00ed ve \u0161pan\u011blsk\u00e9m Benidormu, kam t\u00fdm pozval v\u0161echny z\u00e1vodn\u00edky i s jejich \u017eivotn\u00edmi partnery.<\/p>\n<p><a href=\"https:\/\/d2p6e6u75xmxt8.cloudfront.net\/13\/2025\/08\/Copy-of-BrychtaJan_West_Bohemia_Tour_20250821_151703_850_1114-scaled.webp\"><img loading=\"lazy\" decoding=\"async\" class=\"alignnone size-extra-large wp-image-30740\" src=\"https:\/\/d2p6e6u75xmxt8.cloudfront.net\/13\/2025\/08\/Copy-of-BrychtaJan_West_Bohemia_Tour_20250821_151703_850_1114-1920x1280.webp\" alt=\"\" width=\"1920\" height=\"1280\" srcset=\"https:\/\/d2p6e6u75xmxt8.cloudfront.net\/13\/2025\/08\/Copy-of-BrychtaJan_West_Bohemia_Tour_20250821_151703_850_1114-1920x1280.webp 1920w, https:\/\/d2p6e6u75xmxt8.cloudfront.net\/13\/2025\/08\/Copy-of-BrychtaJan_West_Bohemia_Tour_20250821_151703_850_1114-300x200.webp 300w, https:\/\/d2p6e6u75xmxt8.cloudfront.net\/13\/2025\/08\/Copy-of-BrychtaJan_West_Bohemia_Tour_20250821_151703_850_1114-1024x683.webp 1024w, https:\/\/d2p6e6u75xmxt8.cloudfront.net\/13\/2025\/08\/Copy-of-BrychtaJan_West_Bohemia_Tour_20250821_151703_850_1114-768x512.webp 768w, https:\/\/d2p6e6u75xmxt8.cloudfront.net\/13\/2025\/08\/Copy-of-BrychtaJan_West_Bohemia_Tour_20250821_151703_850_1114-1536x1024.webp 1536w, https:\/\/d2p6e6u75xmxt8.cloudfront.net\/13\/2025\/08\/Copy-of-BrychtaJan_West_Bohemia_Tour_20250821_151703_850_1114-2048x1365.webp 2048w, https:\/\/d2p6e6u75xmxt8.cloudfront.net\/13\/2025\/08\/Copy-of-BrychtaJan_West_Bohemia_Tour_20250821_151703_850_1114-400x267.webp 400w, https:\/\/d2p6e6u75xmxt8.cloudfront.net\/13\/2025\/08\/Copy-of-BrychtaJan_West_Bohemia_Tour_20250821_151703_850_1114-272x182.webp 272w, https:\/\/d2p6e6u75xmxt8.cloudfront.net\/13\/2025\/08\/Copy-of-BrychtaJan_West_Bohemia_Tour_20250821_151703_850_1114-1920x1280.webp 1920w\" sizes=\"auto, (max-width: 1920px) 100vw, 1920px\" \/><\/a><\/p>\n<p>Jak\u00fd byl pocit ocitnout se po boku Poga\u010dara? \u201eMoc jsme toho spolu nenamluvili, sp\u00ed\u0161 jsme se potk\u00e1vali. O tom, jak\u00fd je to pohod\u00e1\u0159 mi ale hodn\u011b navypr\u00e1v\u011bl Isaac Del Toro, s n\u00edm\u017e jsem str\u00e1vil pom\u011brn\u011b dost \u010dasu,\u201c popisuje v\u00edt\u011bz \u00favodn\u00ed etapy na leto\u0161n\u00edm juniorsk\u00e9m Giru, po n\u00ed\u017e na jeden den obl\u00e9kl r\u016f\u017eov\u00fd dres.<\/p>\n<div class=\"shortcode-ys-post-pinup\"><article class=\"loop-simple post-30368 post type-post status-publish format-standard has-post-thumbnail hentry category-tour-de-france tag-cyklistika tag-konec-kariery tag-los-angeles-2028 tag-silnicni-cyklistika tag-tadej-pogacar tag-tour-de-france tag-tour-de-france-2025 tag-vuelta global-categories-cycling\" data-postid=\"30368\" role=\"article\" data-post-id=\"30368\" data-word-count=\"516\" data-headline-length=\"41\" data-category=\"Tour de France\" data-global-category=\"Cycling\" data-author=\"Radek Malina\" data-published=\"2025-07-30T13:20:57+02:00\" data-published-day=\"Wednesday\">\n    <div class=\"entry-thumbnail article-thumbnail\" content=\"https:\/\/d2p6e6u75xmxt8.cloudfront.net\/13\/2025\/07\/20250717TDF1005-150x150.webp\"><a href=\"https:\/\/www.welovecycling.com\/cs\/2025\/07\/30\/proc-tadej-pogacar-zustane-v-pelotonu-a-neukonci-karieru\/\" class=\"image-holder\" target=\"_self\"><img decoding=\"async\" loading=\"lazy\" class=\"\" src=\"https:\/\/d2p6e6u75xmxt8.cloudfront.net\/13\/2025\/07\/20250717TDF1005-1024x683.webp\" srcset=\"https:\/\/d2p6e6u75xmxt8.cloudfront.net\/13\/2025\/07\/20250717TDF1005-scaled.webp 2560w, https:\/\/d2p6e6u75xmxt8.cloudfront.net\/13\/2025\/07\/20250717TDF1005-300x200.webp 300w, https:\/\/d2p6e6u75xmxt8.cloudfront.net\/13\/2025\/07\/20250717TDF1005-1024x683.webp 1024w, https:\/\/d2p6e6u75xmxt8.cloudfront.net\/13\/2025\/07\/20250717TDF1005-768x512.webp 768w, https:\/\/d2p6e6u75xmxt8.cloudfront.net\/13\/2025\/07\/20250717TDF1005-1536x1024.webp 1536w, https:\/\/d2p6e6u75xmxt8.cloudfront.net\/13\/2025\/07\/20250717TDF1005-2048x1365.webp 2048w, https:\/\/d2p6e6u75xmxt8.cloudfront.net\/13\/2025\/07\/20250717TDF1005-1920x1280.webp 1920w, https:\/\/d2p6e6u75xmxt8.cloudfront.net\/13\/2025\/07\/20250717TDF1005-400x267.webp 400w, https:\/\/d2p6e6u75xmxt8.cloudfront.net\/13\/2025\/07\/20250717TDF1005-272x182.webp 272w, https:\/\/d2p6e6u75xmxt8.cloudfront.net\/13\/2025\/07\/20250717TDF1005-1920x1280.webp 1920w\" width=\"1024\" height=\"683\" sizes=\"auto, (min-width: 1200px) 300px, (min-width: 768px) 25vw, 100vw\" alt=\"proc-tadej-pogacar-zustane-v-pelotonu-a-neukonci-karieru\"\/><\/a><\/div>    <div class=\"entry-meta\">\n        <a class=\"label label-secondary post-category\" href=\"https:\/\/www.welovecycling.com\/cs\/category\/tour-de-france\/\" title=\"Tour de France\">Tour de France<\/a>\n    <\/div>\n    <div class=\"entry-details\">\n        <a href=\"https:\/\/www.welovecycling.com\/cs\/2025\/07\/30\/proc-tadej-pogacar-zustane-v-pelotonu-a-neukonci-karieru\/\" class='entry-title-wrapper'>\n            <h3 class=\"entry-title\"><span>Pro\u010d Tadej Poga\u010dar neukon\u010d\u00ed kari\u00e9ru?<\/span><\/h3>\n        <\/a>\n    <\/div>\n    <\/article>\n<\/div>\n<p>Z\u00e1hy po p\u0159esunu do nejv\u00fdrazn\u011bj\u0161\u00edho t\u00fdmu sou\u010dasnosti za\u010dal vn\u00edmat nuance, kter\u00e9 odd\u011bluj\u00ed jednotliv\u00e1 patra cyklistiky. \u201eT\u0159eba v tr\u00e9ninkov\u00e9m programu n\u011bjak\u00e1 extr\u00e9mn\u00ed zm\u011bna neprob\u011bhla, i kdy\u017e ka\u017ed\u00fd tren\u00e9r m\u00e1 svou metodu. M\u016fj kou\u010d v UAE Giacomo Notari mi ale sed\u00ed, a vlastn\u011b mus\u00edm p\u0159iznat, \u017ee jsem \u010dekal tr\u00e9ninkov\u00fd proces n\u00e1ro\u010dn\u011bj\u0161\u00ed. Nejv\u011bt\u0161\u00ed posun vid\u00edm asi v regeneraci a ve strav\u011b,\u201c p\u0159em\u00edt\u00e1 Matthias Schwarzbacher.<\/p>\n<p><a href=\"https:\/\/d2p6e6u75xmxt8.cloudfront.net\/13\/2025\/08\/Copy-of-BrychtaJan_West_Bohemia_Tour_20250821_142928_850_0968-scaled.webp\"><img loading=\"lazy\" decoding=\"async\" class=\"alignnone size-extra-large wp-image-30739\" src=\"https:\/\/d2p6e6u75xmxt8.cloudfront.net\/13\/2025\/08\/Copy-of-BrychtaJan_West_Bohemia_Tour_20250821_142928_850_0968-1920x1280.webp\" alt=\"\" width=\"1920\" height=\"1280\" srcset=\"https:\/\/d2p6e6u75xmxt8.cloudfront.net\/13\/2025\/08\/Copy-of-BrychtaJan_West_Bohemia_Tour_20250821_142928_850_0968-1920x1280.webp 1920w, https:\/\/d2p6e6u75xmxt8.cloudfront.net\/13\/2025\/08\/Copy-of-BrychtaJan_West_Bohemia_Tour_20250821_142928_850_0968-300x200.webp 300w, https:\/\/d2p6e6u75xmxt8.cloudfront.net\/13\/2025\/08\/Copy-of-BrychtaJan_West_Bohemia_Tour_20250821_142928_850_0968-1024x683.webp 1024w, https:\/\/d2p6e6u75xmxt8.cloudfront.net\/13\/2025\/08\/Copy-of-BrychtaJan_West_Bohemia_Tour_20250821_142928_850_0968-768x512.webp 768w, https:\/\/d2p6e6u75xmxt8.cloudfront.net\/13\/2025\/08\/Copy-of-BrychtaJan_West_Bohemia_Tour_20250821_142928_850_0968-1536x1024.webp 1536w, https:\/\/d2p6e6u75xmxt8.cloudfront.net\/13\/2025\/08\/Copy-of-BrychtaJan_West_Bohemia_Tour_20250821_142928_850_0968-2048x1365.webp 2048w, https:\/\/d2p6e6u75xmxt8.cloudfront.net\/13\/2025\/08\/Copy-of-BrychtaJan_West_Bohemia_Tour_20250821_142928_850_0968-400x267.webp 400w, https:\/\/d2p6e6u75xmxt8.cloudfront.net\/13\/2025\/08\/Copy-of-BrychtaJan_West_Bohemia_Tour_20250821_142928_850_0968-272x182.webp 272w, https:\/\/d2p6e6u75xmxt8.cloudfront.net\/13\/2025\/08\/Copy-of-BrychtaJan_West_Bohemia_Tour_20250821_142928_850_0968-1920x1280.webp 1920w\" sizes=\"auto, (max-width: 1920px) 100vw, 1920px\" \/><\/a><\/p>\n<p>\u201eJe neskute\u010dn\u00fd rozd\u00edl, kdy\u017e nemus\u00edm na z\u00e1vody cestovat t\u0159eba v den z\u00e1vodu jako d\u0159\u00edv, s worldtourov\u00fdm t\u00fdmem se l\u00e9t\u00e1 v\u017edy dva dny dop\u0159edu. A to sam\u00e9 po z\u00e1vodu, kdy se vysp\u00edm na m\u00edst\u011b a odj\u00ed\u017ed\u00edm a\u017e dal\u0161\u00ed den. D\u0159\u00edv jsem jezdil ze z\u00e1vod\u016f hned dom\u016f a pak t\u0159eba je\u0161t\u011b \u0159\u00eddil p\u011bt hodin. Ve strav\u011b ne\u0161lo o n\u011bjak\u00e9 drastick\u00e9 zm\u011bny, ale m\u00e1me k dispozici nutri\u010dn\u00edho specialistu, kter\u00fd n\u00e1m lad\u00ed v\u0161e p\u0159esn\u011b na m\u00edru,\u201c dod\u00e1v\u00e1.<\/p>\n<h2><strong>Tadej Poga\u010dar m\u00e1 t\u00e9m\u011b\u0159 toto\u017en\u00e9 vybaven\u00ed<\/strong><\/h2>\n<p>A oce\u0148uje, \u017ee a\u010dkoliv je Poga\u010dar st\u0159edobodem cel\u00e9ho t\u00fdmu, maxim\u00e1ln\u00ed p\u00e9\u010de se dostane ka\u017ed\u00e9mu. \u201eT\u0159eba stran techniky m\u00e1 Tadej v\u017edy to nejlep\u0161\u00ed, ale zase tolik se moje vybaven\u00ed neli\u0161\u00ed. Jen m\u00e1m t\u0159eba m\u00edsto integrovan\u00e9ho kokpitu na \u0159\u00edd\u00edtk\u00e1ch klasick\u00fd p\u0159edstavec, co\u017e je \u00fapln\u00e1 drobnost. Z\u00e1sadn\u00ed je, \u017ee po technick\u00e9 str\u00e1nce je snaha ka\u017ed\u00e9mu jezdci maxim\u00e1ln\u011b vyhov\u011bt, aby kolo odpov\u00eddalo jeho p\u0159edstav\u00e1m,\u201c vyzdvihuje.<\/p>\n<div class=\"shortcode-ys-post-pinup\"><article class=\"loop-simple post-30655 post type-post status-publish format-standard has-post-thumbnail hentry category-silnicni-cyklistika tag-cyklistika tag-jonas-vingegaard tag-silnicni-cyklistika tag-vuelta tag-vuelta-2025 tag-zdenek-stybar global-categories-cycling\" data-postid=\"30655\" role=\"article\" data-post-id=\"30655\" data-word-count=\"488\" data-headline-length=\"69\" data-category=\"Silni\u010dn\u00ed cyklistika\" data-global-category=\"Cycling\" data-author=\"We Love Cycling\" data-published=\"2025-08-18T14:41:52+02:00\" data-published-day=\"Monday\">\n    <div class=\"entry-thumbnail article-thumbnail\" content=\"https:\/\/d2p6e6u75xmxt8.cloudfront.net\/13\/2024\/07\/1800-x-1200-velky-150x150.webp\"><a href=\"https:\/\/www.welovecycling.com\/cs\/2025\/08\/18\/dva-lidri-davaji-logiku-ale-jonas-vingegaard-bude-neporazitelny\/\" class=\"image-holder\" target=\"_self\"><img decoding=\"async\" loading=\"lazy\" class=\"\" src=\"https:\/\/d2p6e6u75xmxt8.cloudfront.net\/13\/2024\/07\/1800-x-1200-velky-1024x683.webp\" srcset=\"https:\/\/d2p6e6u75xmxt8.cloudfront.net\/13\/2024\/07\/1800-x-1200-velky.webp 1800w, https:\/\/d2p6e6u75xmxt8.cloudfront.net\/13\/2024\/07\/1800-x-1200-velky-300x200.webp 300w, https:\/\/d2p6e6u75xmxt8.cloudfront.net\/13\/2024\/07\/1800-x-1200-velky-1024x683.webp 1024w, https:\/\/d2p6e6u75xmxt8.cloudfront.net\/13\/2024\/07\/1800-x-1200-velky-768x512.webp 768w, https:\/\/d2p6e6u75xmxt8.cloudfront.net\/13\/2024\/07\/1800-x-1200-velky-1536x1024.webp 1536w, https:\/\/d2p6e6u75xmxt8.cloudfront.net\/13\/2024\/07\/1800-x-1200-velky-400x267.webp 400w, https:\/\/d2p6e6u75xmxt8.cloudfront.net\/13\/2024\/07\/1800-x-1200-velky-272x182.webp 272w\" width=\"1024\" height=\"683\" sizes=\"auto, (min-width: 1200px) 300px, (min-width: 768px) 25vw, 100vw\" alt=\"dva-lidri-davaji-logiku-ale-jonas-vingegaard-bude-neporazitelny\"\/><\/a><\/div>    <div class=\"entry-meta\">\n        <a class=\"label label-secondary post-category\" href=\"https:\/\/www.welovecycling.com\/cs\/category\/silnicni-cyklistika\/\" title=\"Silni\u010dn\u00ed cyklistika\">Silni\u010dn\u00ed cyklistika<\/a>\n    <\/div>\n    <div class=\"entry-details\">\n        <a href=\"https:\/\/www.welovecycling.com\/cs\/2025\/08\/18\/dva-lidri-davaji-logiku-ale-jonas-vingegaard-bude-neporazitelny\/\" class='entry-title-wrapper'>\n            <h3 class=\"entry-title\"><span>Dva l\u00edd\u0159i d\u00e1vaj\u00ed logiku, ale Jonas Vingegaard bude neporaziteln\u00fd<\/span><\/h3>\n        <\/a>\n    <\/div>\n    <\/article>\n<\/div>\n<p>Slovinsk\u00fd fenom\u00e9n v barv\u00e1ch UAE Emirates v \u010dervenci po\u010dtvrt\u00e9 v kari\u00e9\u0159e ovl\u00e1dl Tour de France, b\u011bhem posledn\u00edho t\u00fddne nejv\u011bt\u0161\u00edho z\u00e1vodu planety ale jevil zn\u00e1mky psychick\u00e9ho vy\u010derp\u00e1n\u00ed a s\u00e1m nazna\u010dil, \u017ee extr\u00e9mn\u00ed tlak okol\u00ed nese negativn\u00ed n\u00e1sledky. I proto Schwarzbacher hodn\u011b oce\u0148uje, \u017ee t\u00fdm \u0159e\u0161\u00ed i ment\u00e1ln\u00ed p\u0159\u00edpravu.<\/p>\n<figure id=\"attachment_30741\" aria-describedby=\"caption-attachment-30741\" style=\"width: 1920px\" class=\"wp-caption alignnone\"><a href=\"https:\/\/d2p6e6u75xmxt8.cloudfront.net\/13\/2025\/08\/Copy-of-BrychtaJan_West_Bohemia_Tour_20250821_151604_DSC_9223-scaled.webp\"><img loading=\"lazy\" decoding=\"async\" class=\"size-extra-large wp-image-30741\" src=\"https:\/\/d2p6e6u75xmxt8.cloudfront.net\/13\/2025\/08\/Copy-of-BrychtaJan_West_Bohemia_Tour_20250821_151604_DSC_9223-1920x1280.webp\" alt=\"\" width=\"1920\" height=\"1280\" srcset=\"https:\/\/d2p6e6u75xmxt8.cloudfront.net\/13\/2025\/08\/Copy-of-BrychtaJan_West_Bohemia_Tour_20250821_151604_DSC_9223-1920x1280.webp 1920w, https:\/\/d2p6e6u75xmxt8.cloudfront.net\/13\/2025\/08\/Copy-of-BrychtaJan_West_Bohemia_Tour_20250821_151604_DSC_9223-300x200.webp 300w, https:\/\/d2p6e6u75xmxt8.cloudfront.net\/13\/2025\/08\/Copy-of-BrychtaJan_West_Bohemia_Tour_20250821_151604_DSC_9223-1024x683.webp 1024w, https:\/\/d2p6e6u75xmxt8.cloudfront.net\/13\/2025\/08\/Copy-of-BrychtaJan_West_Bohemia_Tour_20250821_151604_DSC_9223-768x512.webp 768w, https:\/\/d2p6e6u75xmxt8.cloudfront.net\/13\/2025\/08\/Copy-of-BrychtaJan_West_Bohemia_Tour_20250821_151604_DSC_9223-1536x1024.webp 1536w, https:\/\/d2p6e6u75xmxt8.cloudfront.net\/13\/2025\/08\/Copy-of-BrychtaJan_West_Bohemia_Tour_20250821_151604_DSC_9223-2048x1365.webp 2048w, https:\/\/d2p6e6u75xmxt8.cloudfront.net\/13\/2025\/08\/Copy-of-BrychtaJan_West_Bohemia_Tour_20250821_151604_DSC_9223-400x267.webp 400w, https:\/\/d2p6e6u75xmxt8.cloudfront.net\/13\/2025\/08\/Copy-of-BrychtaJan_West_Bohemia_Tour_20250821_151604_DSC_9223-272x182.webp 272w, https:\/\/d2p6e6u75xmxt8.cloudfront.net\/13\/2025\/08\/Copy-of-BrychtaJan_West_Bohemia_Tour_20250821_151604_DSC_9223-1920x1280.webp 1920w\" sizes=\"auto, (max-width: 1920px) 100vw, 1920px\" \/><\/a><figcaption id=\"caption-attachment-30741\" class=\"wp-caption-text\"><em>Matthais Schwarzbacher kontroluje kolo p\u0159ed etapou West Bohemia Tour 2025. Foto: Jan Brychta a Josef Vaishar\/West Bohemia Tour (4x)<\/em><\/figcaption><\/figure>\n<p>\u201eM\u00e1me psycholo\u017eku, se kterou si zhruba dvakr\u00e1t t\u00fddn\u011b na chv\u00edli zavol\u00e1me. Nejsou to \u017e\u00e1dn\u00e9 dlouh\u00e9 hovory, my mlad\u00ed kluci m\u00e1me je\u0161t\u011b spoustu motivace. Ale asi ka\u017ed\u00fd se \u010dasem dostane do bodu, kdy ho cyklistika nebude napl\u0148ovat jako d\u0159\u00edv. Je dobr\u00e9 b\u00fdt na tenhle moment p\u0159ipraven\u00fd. Tadej to m\u00e1 ale samoz\u0159ejm\u011b mnohon\u00e1sobn\u011b t\u011b\u017e\u0161\u00ed, krom\u011b z\u00e1vodn\u00edho stresu je\u0161t\u011b v\u0161echen medi\u00e1ln\u00ed tlak\u2026 Vlastn\u011b obdivuju, jak je st\u00e1le dob\u0159e nastaven\u00fd a je ochotn\u00fd si ud\u011blat \u010das na fanou\u0161ky,\u201c \u0159\u00edk\u00e1 rod\u00e1k z Brezna.<\/p>\n<p>A jak vid\u00ed s\u00e1m sebe v odstupu necel\u00e9ho roku str\u00e1ven\u00e9m ve \u0161pi\u010dkov\u00e9m sv\u011btov\u00e9m t\u00fdmu? \u201eJe t\u011b\u017ek\u00e9 kategorizovat. Ale \u0159ekl bych, \u017ee se obecn\u011b v\u0161echno zvedlo t\u0159eba o t\u0159icet procent,\u201c uzav\u00edr\u00e1 Matthias Schwarzbacher.<\/p>\n<p>&nbsp;<\/p>\n","protected":false},"excerpt":{"rendered":"<p>Sko\u010dil rovn\u00fdma nohama do jin\u00e9 cyklistick\u00e9 dimenze. V pouh\u00fdch devaten\u00e1cti letech. \u00da\u0159aduj\u00edc\u00ed slovensk\u00fd mistr v \u010dasovce Matthias Schwarzbacher po lo\u0148sk\u00e9m [&hellip;]<\/p>\n","protected":false},"author":138,"featured_media":30742,"comment_status":"open","ping_status":"open","sticky":false,"template":"","format":"standard","meta":{"footnotes":""},"categories":[10],"tags":[4346],"global-categories":[411],"class_list":["post-30738","post","type-post","status-publish","format-standard","has-post-thumbnail","hentry","category-silnicni-cyklistika","tag-matthias-schwarzbacher","global-categories-cycling"],"yoast_head":"<!-- This site is optimized with the Yoast SEO Premium plugin v25.3 (Yoast SEO v25.9) - https:\/\/yoast.com\/wordpress\/plugins\/seo\/ -->\n<title>V Poga\u010darov\u011b vesm\u00edru. B\u00fdval\u00fd \u010dlen \u010desk\u00e9ho t\u00fdmu o anga\u017em\u00e1 v UAE Emirates | \u0160koda We Love Cycling - \u010cesk\u00e1 republika<\/title>\n<meta name=\"description\" content=\"Sko\u010dil rovn\u00fdma nohama do jin\u00e9 cyklistick\u00e9 dimenze. V pouh\u00fdch devaten\u00e1cti letech. \u00da\u0159aduj\u00edc\u00ed slovensk\u00fd mistr v \u010dasovce Matthias Schwarzbacher po lo\u0148sk\u00e9m p\u016fsoben\u00ed v \u010desk\u00e9m t\u00fdmu ATT Investments z\u00edskal anga\u017em\u00e1 v development t\u00fdmu UAE Emirates, v jeho\u017e st\u0159edu z\u00e1\u0159\u00ed sou\u010dasn\u00e1 nejv\u011bt\u0161\u00ed hv\u011bzda sv\u011btov\u00e9ho pelotonu Tadej Poga\u010dar.\" \/>\n<meta name=\"robots\" content=\"index, follow, max-snippet:-1, max-image-preview:large, max-video-preview:-1\" \/>\n<link rel=\"canonical\" href=\"https:\/\/www.welovecycling.com\/cs\/2025\/08\/23\/v-pogacarove-vesmiru-slovensky-talent-o-angazma-v-tymu-uae-emirates\/\" \/>\n<meta property=\"og:locale\" content=\"cs_CZ\" \/>\n<meta property=\"og:type\" content=\"article\" \/>\n<meta property=\"og:title\" content=\"V Poga\u010darov\u011b vesm\u00edru. B\u00fdval\u00fd \u010dlen \u010desk\u00e9ho t\u00fdmu o anga\u017em\u00e1 v UAE Emirates\" \/>\n<meta property=\"og:description\" content=\"Sko\u010dil rovn\u00fdma nohama do jin\u00e9 cyklistick\u00e9 dimenze. V pouh\u00fdch devaten\u00e1cti letech. \u00da\u0159aduj\u00edc\u00ed slovensk\u00fd mistr v \u010dasovce Matthias Schwarzbacher po lo\u0148sk\u00e9m p\u016fsoben\u00ed v \u010desk\u00e9m t\u00fdmu ATT Investments z\u00edskal anga\u017em\u00e1 v development t\u00fdmu UAE Emirates, v jeho\u017e st\u0159edu z\u00e1\u0159\u00ed sou\u010dasn\u00e1 nejv\u011bt\u0161\u00ed hv\u011bzda sv\u011btov\u00e9ho pelotonu Tadej Poga\u010dar.\" \/>\n<meta property=\"og:url\" content=\"https:\/\/www.welovecycling.com\/cs\/2025\/08\/23\/v-pogacarove-vesmiru-slovensky-talent-o-angazma-v-tymu-uae-emirates\/\" \/>\n<meta property=\"og:site_name\" content=\"\u0160koda We Love Cycling - \u010cesk\u00e1 republika\" \/>\n<meta property=\"article:published_time\" content=\"2025-08-23T04:32:09+00:00\" \/>\n<meta property=\"og:image\" content=\"https:\/\/d2p6e6u75xmxt8.cloudfront.net\/13\/2025\/08\/Copy-of-JVaishar_West-Bohemia-Tour-2025_7VAI4806-scaled.webp\" \/>\n\t<meta property=\"og:image:width\" content=\"2560\" \/>\n\t<meta property=\"og:image:height\" content=\"1706\" \/>\n\t<meta property=\"og:image:type\" content=\"image\/webp\" \/>\n<meta name=\"author\" content=\"radekmalina\" \/>\n<meta name=\"twitter:card\" content=\"summary_large_image\" \/>\n<meta name=\"twitter:label1\" content=\"Written by\" \/>\n\t<meta name=\"twitter:data1\" content=\"We Love Cycling\" \/>\n\t<meta name=\"twitter:label2\" content=\"Est. reading time\" \/>\n\t<meta name=\"twitter:data2\" content=\"5 minut\" \/>\n<script type=\"application\/ld+json\" class=\"yoast-schema-graph\">{\"@context\":\"https:\/\/schema.org\",\"@graph\":[{\"@type\":\"WebPage\",\"@id\":\"https:\/\/www.welovecycling.com\/cs\/2025\/08\/23\/v-pogacarove-vesmiru-slovensky-talent-o-angazma-v-tymu-uae-emirates\/\",\"url\":\"https:\/\/www.welovecycling.com\/cs\/2025\/08\/23\/v-pogacarove-vesmiru-slovensky-talent-o-angazma-v-tymu-uae-emirates\/\",\"name\":\"V Poga\u010darov\u011b vesm\u00edru. B\u00fdval\u00fd \u010dlen \u010desk\u00e9ho t\u00fdmu o anga\u017em\u00e1 v UAE Emirates | \u0160koda We Love Cycling - \u010cesk\u00e1 republika\",\"isPartOf\":{\"@id\":\"https:\/\/www.welovecycling.com\/cs\/#website\"},\"primaryImageOfPage\":{\"@id\":\"https:\/\/www.welovecycling.com\/cs\/2025\/08\/23\/v-pogacarove-vesmiru-slovensky-talent-o-angazma-v-tymu-uae-emirates\/#primaryimage\"},\"image\":{\"@id\":\"https:\/\/www.welovecycling.com\/cs\/2025\/08\/23\/v-pogacarove-vesmiru-slovensky-talent-o-angazma-v-tymu-uae-emirates\/#primaryimage\"},\"thumbnailUrl\":\"https:\/\/d2p6e6u75xmxt8.cloudfront.net\/13\/2025\/08\/Copy-of-JVaishar_West-Bohemia-Tour-2025_7VAI4806-scaled.webp\",\"datePublished\":\"2025-08-23T04:32:09+00:00\",\"author\":{\"@id\":\"https:\/\/www.welovecycling.com\/cs\/#\/schema\/person\/d9eeb0a378f3a7e4a6d12d2b536b04b8\"},\"description\":\"Sko\u010dil rovn\u00fdma nohama do jin\u00e9 cyklistick\u00e9 dimenze. V pouh\u00fdch devaten\u00e1cti letech. \u00da\u0159aduj\u00edc\u00ed slovensk\u00fd mistr v \u010dasovce Matthias Schwarzbacher po lo\u0148sk\u00e9m p\u016fsoben\u00ed v \u010desk\u00e9m t\u00fdmu ATT Investments z\u00edskal anga\u017em\u00e1 v development t\u00fdmu UAE Emirates, v jeho\u017e st\u0159edu z\u00e1\u0159\u00ed sou\u010dasn\u00e1 nejv\u011bt\u0161\u00ed hv\u011bzda sv\u011btov\u00e9ho pelotonu Tadej Poga\u010dar.\",\"inLanguage\":\"cs\",\"potentialAction\":[{\"@type\":\"ReadAction\",\"target\":[\"https:\/\/www.welovecycling.com\/cs\/2025\/08\/23\/v-pogacarove-vesmiru-slovensky-talent-o-angazma-v-tymu-uae-emirates\/\"]}]},{\"@type\":\"ImageObject\",\"inLanguage\":\"cs\",\"@id\":\"https:\/\/www.welovecycling.com\/cs\/2025\/08\/23\/v-pogacarove-vesmiru-slovensky-talent-o-angazma-v-tymu-uae-emirates\/#primaryimage\",\"url\":\"https:\/\/d2p6e6u75xmxt8.cloudfront.net\/13\/2025\/08\/Copy-of-JVaishar_West-Bohemia-Tour-2025_7VAI4806-scaled.webp\",\"contentUrl\":\"https:\/\/d2p6e6u75xmxt8.cloudfront.net\/13\/2025\/08\/Copy-of-JVaishar_West-Bohemia-Tour-2025_7VAI4806-scaled.webp\",\"width\":2560,\"height\":1706,\"caption\":\"Matthias Schwarzbacher\"},{\"@type\":\"WebSite\",\"@id\":\"https:\/\/www.welovecycling.com\/cs\/#website\",\"url\":\"https:\/\/www.welovecycling.com\/cs\/\",\"name\":\"\u0160koda We Love Cycling - \u010cesk\u00e1 republika\",\"description\":\"WeLoveCycling.cz je online magaz\u00edn, kter\u00fd v\u00e1m pravideln\u011b p\u0159in\u00e1\u0161\u00ed rady a tipy, zaj\u00edmav\u00e9 \u010dl\u00e1nky, videa a jedine\u010dn\u00e9 report\u00e1\u017ee ze sv\u011bta cyklistiky.\",\"potentialAction\":[{\"@type\":\"SearchAction\",\"target\":{\"@type\":\"EntryPoint\",\"urlTemplate\":\"https:\/\/www.welovecycling.com\/cs\/?s={search_term_string}\"},\"query-input\":{\"@type\":\"PropertyValueSpecification\",\"valueRequired\":true,\"valueName\":\"search_term_string\"}}],\"inLanguage\":\"cs\"},{\"@type\":\"Person\",\"@id\":\"https:\/\/www.welovecycling.com\/cs\/#\/schema\/person\/d9eeb0a378f3a7e4a6d12d2b536b04b8\",\"name\":\"radekmalina\",\"image\":{\"@type\":\"ImageObject\",\"inLanguage\":\"cs\",\"@id\":\"https:\/\/www.welovecycling.com\/cs\/#\/schema\/person\/image\/\",\"url\":\"https:\/\/secure.gravatar.com\/avatar\/66994b632cb8c39a46b9f54afa3ae07201b678d32a54275b6f1c9ffec356bfc0?s=96&d=mm&r=g\",\"contentUrl\":\"https:\/\/secure.gravatar.com\/avatar\/66994b632cb8c39a46b9f54afa3ae07201b678d32a54275b6f1c9ffec356bfc0?s=96&d=mm&r=g\",\"caption\":\"radekmalina\"},\"url\":\"https:\/\/www.welovecycling.com\/cs\/author\/radekmalina\/\"}]}<\/script>\n<!-- \/ Yoast SEO Premium plugin. -->","yoast_head_json":{"title":"V Poga\u010darov\u011b vesm\u00edru. B\u00fdval\u00fd \u010dlen \u010desk\u00e9ho t\u00fdmu o anga\u017em\u00e1 v UAE Emirates | \u0160koda We Love Cycling - \u010cesk\u00e1 republika","description":"Sko\u010dil rovn\u00fdma nohama do jin\u00e9 cyklistick\u00e9 dimenze. V pouh\u00fdch devaten\u00e1cti letech. \u00da\u0159aduj\u00edc\u00ed slovensk\u00fd mistr v \u010dasovce Matthias Schwarzbacher po lo\u0148sk\u00e9m p\u016fsoben\u00ed v \u010desk\u00e9m t\u00fdmu ATT Investments z\u00edskal anga\u017em\u00e1 v development t\u00fdmu UAE Emirates, v jeho\u017e st\u0159edu z\u00e1\u0159\u00ed sou\u010dasn\u00e1 nejv\u011bt\u0161\u00ed hv\u011bzda sv\u011btov\u00e9ho pelotonu Tadej Poga\u010dar.","robots":{"index":"index","follow":"follow","max-snippet":"max-snippet:-1","max-image-preview":"max-image-preview:large","max-video-preview":"max-video-preview:-1"},"canonical":"https:\/\/www.welovecycling.com\/cs\/2025\/08\/23\/v-pogacarove-vesmiru-slovensky-talent-o-angazma-v-tymu-uae-emirates\/","og_locale":"cs_CZ","og_type":"article","og_title":"V Poga\u010darov\u011b vesm\u00edru. B\u00fdval\u00fd \u010dlen \u010desk\u00e9ho t\u00fdmu o anga\u017em\u00e1 v UAE Emirates","og_description":"Sko\u010dil rovn\u00fdma nohama do jin\u00e9 cyklistick\u00e9 dimenze. V pouh\u00fdch devaten\u00e1cti letech. \u00da\u0159aduj\u00edc\u00ed slovensk\u00fd mistr v \u010dasovce Matthias Schwarzbacher po lo\u0148sk\u00e9m p\u016fsoben\u00ed v \u010desk\u00e9m t\u00fdmu ATT Investments z\u00edskal anga\u017em\u00e1 v development t\u00fdmu UAE Emirates, v jeho\u017e st\u0159edu z\u00e1\u0159\u00ed sou\u010dasn\u00e1 nejv\u011bt\u0161\u00ed hv\u011bzda sv\u011btov\u00e9ho pelotonu Tadej Poga\u010dar.","og_url":"https:\/\/www.welovecycling.com\/cs\/2025\/08\/23\/v-pogacarove-vesmiru-slovensky-talent-o-angazma-v-tymu-uae-emirates\/","og_site_name":"\u0160koda We Love Cycling - \u010cesk\u00e1 republika","article_published_time":"2025-08-23T04:32:09+00:00","og_image":[{"width":2560,"height":1706,"url":"https:\/\/d2p6e6u75xmxt8.cloudfront.net\/13\/2025\/08\/Copy-of-JVaishar_West-Bohemia-Tour-2025_7VAI4806-scaled.webp","type":"image\/webp"}],"author":"radekmalina","twitter_card":"summary_large_image","twitter_misc":{"Written by":"We Love Cycling","Est. reading time":"5 minut"},"schema":{"@context":"https:\/\/schema.org","@graph":[{"@type":"WebPage","@id":"https:\/\/www.welovecycling.com\/cs\/2025\/08\/23\/v-pogacarove-vesmiru-slovensky-talent-o-angazma-v-tymu-uae-emirates\/","url":"https:\/\/www.welovecycling.com\/cs\/2025\/08\/23\/v-pogacarove-vesmiru-slovensky-talent-o-angazma-v-tymu-uae-emirates\/","name":"V Poga\u010darov\u011b vesm\u00edru. B\u00fdval\u00fd \u010dlen \u010desk\u00e9ho t\u00fdmu o anga\u017em\u00e1 v UAE Emirates | \u0160koda We Love Cycling - \u010cesk\u00e1 republika","isPartOf":{"@id":"https:\/\/www.welovecycling.com\/cs\/#website"},"primaryImageOfPage":{"@id":"https:\/\/www.welovecycling.com\/cs\/2025\/08\/23\/v-pogacarove-vesmiru-slovensky-talent-o-angazma-v-tymu-uae-emirates\/#primaryimage"},"image":{"@id":"https:\/\/www.welovecycling.com\/cs\/2025\/08\/23\/v-pogacarove-vesmiru-slovensky-talent-o-angazma-v-tymu-uae-emirates\/#primaryimage"},"thumbnailUrl":"https:\/\/d2p6e6u75xmxt8.cloudfront.net\/13\/2025\/08\/Copy-of-JVaishar_West-Bohemia-Tour-2025_7VAI4806-scaled.webp","datePublished":"2025-08-23T04:32:09+00:00","author":{"@id":"https:\/\/www.welovecycling.com\/cs\/#\/schema\/person\/d9eeb0a378f3a7e4a6d12d2b536b04b8"},"description":"Sko\u010dil rovn\u00fdma nohama do jin\u00e9 cyklistick\u00e9 dimenze. V pouh\u00fdch devaten\u00e1cti letech. \u00da\u0159aduj\u00edc\u00ed slovensk\u00fd mistr v \u010dasovce Matthias Schwarzbacher po lo\u0148sk\u00e9m p\u016fsoben\u00ed v \u010desk\u00e9m t\u00fdmu ATT Investments z\u00edskal anga\u017em\u00e1 v development t\u00fdmu UAE Emirates, v jeho\u017e st\u0159edu z\u00e1\u0159\u00ed sou\u010dasn\u00e1 nejv\u011bt\u0161\u00ed hv\u011bzda sv\u011btov\u00e9ho pelotonu Tadej Poga\u010dar.","inLanguage":"cs","potentialAction":[{"@type":"ReadAction","target":["https:\/\/www.welovecycling.com\/cs\/2025\/08\/23\/v-pogacarove-vesmiru-slovensky-talent-o-angazma-v-tymu-uae-emirates\/"]}]},{"@type":"ImageObject","inLanguage":"cs","@id":"https:\/\/www.welovecycling.com\/cs\/2025\/08\/23\/v-pogacarove-vesmiru-slovensky-talent-o-angazma-v-tymu-uae-emirates\/#primaryimage","url":"https:\/\/d2p6e6u75xmxt8.cloudfront.net\/13\/2025\/08\/Copy-of-JVaishar_West-Bohemia-Tour-2025_7VAI4806-scaled.webp","contentUrl":"https:\/\/d2p6e6u75xmxt8.cloudfront.net\/13\/2025\/08\/Copy-of-JVaishar_West-Bohemia-Tour-2025_7VAI4806-scaled.webp","width":2560,"height":1706,"caption":"Matthias Schwarzbacher"},{"@type":"WebSite","@id":"https:\/\/www.welovecycling.com\/cs\/#website","url":"https:\/\/www.welovecycling.com\/cs\/","name":"\u0160koda We Love Cycling - \u010cesk\u00e1 republika","description":"WeLoveCycling.cz je online magaz\u00edn, kter\u00fd v\u00e1m pravideln\u011b p\u0159in\u00e1\u0161\u00ed rady a tipy, zaj\u00edmav\u00e9 \u010dl\u00e1nky, videa a jedine\u010dn\u00e9 report\u00e1\u017ee ze sv\u011bta cyklistiky.","potentialAction":[{"@type":"SearchAction","target":{"@type":"EntryPoint","urlTemplate":"https:\/\/www.welovecycling.com\/cs\/?s={search_term_string}"},"query-input":{"@type":"PropertyValueSpecification","valueRequired":true,"valueName":"search_term_string"}}],"inLanguage":"cs"},{"@type":"Person","@id":"https:\/\/www.welovecycling.com\/cs\/#\/schema\/person\/d9eeb0a378f3a7e4a6d12d2b536b04b8","name":"radekmalina","image":{"@type":"ImageObject","inLanguage":"cs","@id":"https:\/\/www.welovecycling.com\/cs\/#\/schema\/person\/image\/","url":"https:\/\/secure.gravatar.com\/avatar\/66994b632cb8c39a46b9f54afa3ae07201b678d32a54275b6f1c9ffec356bfc0?s=96&d=mm&r=g","contentUrl":"https:\/\/secure.gravatar.com\/avatar\/66994b632cb8c39a46b9f54afa3ae07201b678d32a54275b6f1c9ffec356bfc0?s=96&d=mm&r=g","caption":"radekmalina"},"url":"https:\/\/www.welovecycling.com\/cs\/author\/radekmalina\/"}]}},"_links":{"self":[{"href":"https:\/\/www.welovecycling.com\/cs\/wp-json\/wp\/v2\/posts\/30738","targetHints":{"allow":["GET"]}}],"collection":[{"href":"https:\/\/www.welovecycling.com\/cs\/wp-json\/wp\/v2\/posts"}],"about":[{"href":"https:\/\/www.welovecycling.com\/cs\/wp-json\/wp\/v2\/types\/post"}],"author":[{"embeddable":true,"href":"https:\/\/www.welovecycling.com\/cs\/wp-json\/wp\/v2\/users\/138"}],"replies":[{"embeddable":true,"href":"https:\/\/www.welovecycling.com\/cs\/wp-json\/wp\/v2\/comments?post=30738"}],"version-history":[{"count":5,"href":"https:\/\/www.welovecycling.com\/cs\/wp-json\/wp\/v2\/posts\/30738\/revisions"}],"predecessor-version":[{"id":30747,"href":"https:\/\/www.welovecycling.com\/cs\/wp-json\/wp\/v2\/posts\/30738\/revisions\/30747"}],"wp:featuredmedia":[{"embeddable":true,"href":"https:\/\/www.welovecycling.com\/cs\/wp-json\/wp\/v2\/media\/30742"}],"wp:attachment":[{"href":"https:\/\/www.welovecycling.com\/cs\/wp-json\/wp\/v2\/media?parent=30738"}],"wp:term":[{"taxonomy":"category","embeddable":true,"href":"https:\/\/www.welovecycling.com\/cs\/wp-json\/wp\/v2\/categories?post=30738"},{"taxonomy":"post_tag","embeddable":true,"href":"https:\/\/www.welovecycling.com\/cs\/wp-json\/wp\/v2\/tags?post=30738"},{"taxonomy":"global-categories","embeddable":true,"href":"https:\/\/www.welovecycling.com\/cs\/wp-json\/wp\/v2\/global-categories?post=30738"}],"curies":[{"name":"wp","href":"https:\/\/api.w.org\/{rel}","templated":true}]}}