{"id":30721,"date":"2025-08-22T09:05:23","date_gmt":"2025-08-22T07:05:23","guid":{"rendered":"https:\/\/www.welovecycling.com\/cs\/?p=30721"},"modified":"2025-08-22T09:05:23","modified_gmt":"2025-08-22T07:05:23","slug":"brutalni-oslava-jubilea-obstoji-polamany-portugalec-ci-dravy-ital","status":"publish","type":"post","link":"https:\/\/www.welovecycling.com\/cs\/2025\/08\/22\/brutalni-oslava-jubilea-obstoji-polamany-portugalec-ci-dravy-ital\/","title":{"rendered":"Brut\u00e1ln\u00ed oslava jubilea! Obstoj\u00ed pol\u00e1man\u00fd Portugalec \u010di drav\u00fd Ital?"},"content":{"rendered":"<p><strong>V\u00edce ne\u017e d\u016fstojn\u00e1 oslava osmdes\u00e1t\u00fdch narozenin! \u0160pan\u011blsk\u00e1 Vuelta py\u0161n\u00edc\u00ed se p\u0159\u00edvlastkem nejbrut\u00e1ln\u011bj\u0161\u00ed Grand Tour sezony v sezon\u011b 2025 rozhodn\u011b dostoj\u00ed pov\u011bsti. Cyklist\u00e9 mus\u00ed poko\u0159it b\u011bhem jednadvaceti etap z Tur\u00edna, kde z\u00e1vod startuje 23. srpna, celkem 54 tis\u00edc v\u00fd\u0161kov\u00fdch metr\u016f! Kdo je za dan\u00fdch okolnost\u00ed hlavn\u00edm adeptem na rud\u00fd trikot l\u00eddra z\u00e1vodu?<\/strong><\/p>\n<p>Vuelta v\u017edy nab\u00edz\u00ed mnoho p\u0159ekvapen\u00ed. Av\u0161ak kdyby 14. z\u00e1\u0159\u00ed nebyl v Madridu na nejvy\u0161\u0161\u00edm stupni n\u011bkter\u00fd z p\u011bti vybran\u00fdch borc\u016f, \u0161lo by doslova o \u0161ok. Kdo pat\u0159\u00ed mezi hlavn\u00ed adepty celkov\u00e9ho po\u0159ad\u00ed? A kter\u00e1 jm\u00e9na si rozhodn\u011b nenechat uj\u00edt p\u0159i sledov\u00e1n\u00ed \u010dasto nejdramati\u010dt\u011bj\u0161\u00edho z\u00e1vodu sezony v\u010detn\u011b dvou \u010desk\u00fdch z\u00e1stupc\u016f?<\/p>\n<h2>\n<strong>Jonas Vingegaard (Visma Lease a Bike)<\/strong><\/h2>\n<p>Vstupuje do z\u00e1vodu ve stejn\u00e9 pozici jako jeho arcirival Tadej Poga\u010dar o m\u011bs\u00edc a p\u016fl d\u0159\u00edve do Tour de France. Pokud d\u00e1nsk\u00fd cyklista Vueltu nevyhraje, p\u016fjde o zklam\u00e1n\u00ed. <a href=\"https:\/\/www.welovecycling.com\/cs\/2025\/08\/22\/je-hezke-kdyz-pogacar-ve-neni-ve-startovce\/\">Jonas Vingegaard<\/a> je jednozna\u010dn\u00fdm favoritem. Dvakr\u00e1t ovl\u00e1dl Tour de France, t\u0159ikr\u00e1t tam byl druh\u00fd. Jedno st\u0159\u00edbro m\u00e1 i z Vuelty. A p\u0159esto\u017ee letos na Grande Boucle nedos\u00e1hl na v\u00edt\u011bzstv\u00ed, po\u0159\u00e1d m\u011bl oslnivou formu, na kterou jeho soupe\u0159i ve startovce Vuelty nedos\u00e1hli.<\/p>\n<p>A pak je tu faktor skv\u011bl\u00e9ho podp\u016frn\u00e9ho t\u00fdmu. Matteo Jorgenson je z\u00e1vodn\u00edk, jen\u017e by klidn\u011b mohl jet na celkov\u00e9 v\u00edt\u011bzstv\u00ed. Stejn\u011b jako Sepp Kuss, co u\u017e Vueltu v roce 2023 vyhr\u00e1l pr\u00e1v\u011b na \u00fakor Jonase Vingegaarda. A je\u0161t\u011b jsou tu Victor Campenaerts \u010di Wilco Keldermann. Podle v\u0161ech aspekt\u016f m\u00e1 Visma i nejsiln\u011bj\u0161\u00ed podp\u016frn\u00fd t\u00fdm.<\/p>\n<h2><strong>Joao Almeida (UAE Emirates XRG)<\/strong><\/h2>\n<p>Sedmadvacetilet\u00fd Portugalec pro\u017e\u00edval skvostnou sezonu, dokud si na Tour de France p\u0159i p\u00e1du nezl\u00e1mal \u017eebra a n\u00e1sledn\u011b musel odstoupit. Byl druh\u00fd p\u0159i z\u00e1vod\u011b Vuelta Valenciana, takt\u00e9\u017e p\u0159i etap\u00e1ku Kolem Algarve. V z\u00e1vod\u011b za sluncem Pa\u0159\u00ed\u017e-Nice vyhr\u00e1l etapu a pak exceloval. Dv\u011b etapov\u00e1 prvenstv\u00ed a celkov\u00e9 v\u00edt\u011bzstv\u00ed ze z\u00e1vodu Itzulia Country, n\u00e1sledn\u011b dominoval etap\u00e1ku Kolem Romandie.<\/p>\n<figure id=\"attachment_30724\" aria-describedby=\"caption-attachment-30724\" style=\"width: 1920px\" class=\"wp-caption alignnone\"><a href=\"https:\/\/d2p6e6u75xmxt8.cloudfront.net\/13\/2025\/08\/20250713TDF1084-scaled.webp\"><img loading=\"lazy\" decoding=\"async\" class=\"size-extra-large wp-image-30724\" src=\"https:\/\/d2p6e6u75xmxt8.cloudfront.net\/13\/2025\/08\/20250713TDF1084-1920x1280.webp\" alt=\"\" width=\"1920\" height=\"1280\" srcset=\"https:\/\/d2p6e6u75xmxt8.cloudfront.net\/13\/2025\/08\/20250713TDF1084-1920x1280.webp 1920w, https:\/\/d2p6e6u75xmxt8.cloudfront.net\/13\/2025\/08\/20250713TDF1084-300x200.webp 300w, https:\/\/d2p6e6u75xmxt8.cloudfront.net\/13\/2025\/08\/20250713TDF1084-1024x683.webp 1024w, https:\/\/d2p6e6u75xmxt8.cloudfront.net\/13\/2025\/08\/20250713TDF1084-768x512.webp 768w, https:\/\/d2p6e6u75xmxt8.cloudfront.net\/13\/2025\/08\/20250713TDF1084-1536x1024.webp 1536w, https:\/\/d2p6e6u75xmxt8.cloudfront.net\/13\/2025\/08\/20250713TDF1084-2048x1365.webp 2048w, https:\/\/d2p6e6u75xmxt8.cloudfront.net\/13\/2025\/08\/20250713TDF1084-400x267.webp 400w, https:\/\/d2p6e6u75xmxt8.cloudfront.net\/13\/2025\/08\/20250713TDF1084-272x182.webp 272w, https:\/\/d2p6e6u75xmxt8.cloudfront.net\/13\/2025\/08\/20250713TDF1084-1920x1280.webp 1920w\" sizes=\"auto, (max-width: 1920px) 100vw, 1920px\" \/><\/a><figcaption id=\"caption-attachment-30724\" class=\"wp-caption-text\"><em>Joao Almeida po odstoupen\u00ed z Tour de France 2025. Foto: A.S.O.\/Billy Ceusters<\/em><\/figcaption><\/figure>\n<p>Nejlep\u0161\u00ed byl i p\u0159i Kolem \u0160v\u00fdcarska, gener\u00e1lce na Tour de France. Vyhr\u00e1l t\u0159i etapy, bodovac\u00ed sout\u011b\u017e a rovn\u011b\u017e celkov\u00e9 po\u0159ad\u00ed. Pro bitvu o rud\u00fd trikot l\u00eddra z\u00e1vodu Vuelta 2025 je d\u016fle\u017eit\u00e9 i srovn\u00e1n\u00ed s Jonasem Vingegaardem z Pa\u0159\u00ed\u017e Nice, kde d\u00e1nsk\u00e9ho soka porazil v horsk\u00e9 etap\u011b, by\u0165 ovlivn\u011bn\u00e9 \u010d\u00e1ste\u010dnou neutralizac\u00ed kv\u016fli sn\u011b\u017een\u00ed.<\/p>\n<h2><strong>Felix Gall (Decathlon AG2R La Mondiale)<\/strong><\/h2>\n<p>Rakousk\u00fd cyklista pat\u0159\u00ed ve francouzsk\u00e9 sestav\u011b ke st\u00e1lic\u00edm. V t\u0159et\u00edm t\u00fddnu Tour de France m\u011bl oslnivou formu a vybojoval celkovou p\u00e1tou p\u0159\u00ed\u010dku. Skv\u011bl\u00fd v\u00fdkon p\u0159itom p\u0159edvedl i b\u011bhem v\u00fdstupu na Mur de Bretagne.<\/p>\n<div class=\"shortcode-ys-post-pinup\"><article class=\"loop-simple post-30673 post type-post status-publish format-standard has-post-thumbnail hentry category-silnicni-cyklistika tag-cyklistika tag-popularita tag-silnicni-cyklistika tag-tadej-pogacar tag-tour-de-france tag-vuelta global-categories-cycling\" data-postid=\"30673\" role=\"article\" data-post-id=\"30673\" data-word-count=\"390\" data-headline-length=\"63\" data-category=\"Silni\u010dn\u00ed cyklistika\" data-global-category=\"Cycling\" data-author=\"Radek Malina\" data-published=\"2025-08-20T12:07:29+02:00\" data-published-day=\"Wednesday\">\n    <div class=\"entry-thumbnail article-thumbnail\" content=\"https:\/\/d2p6e6u75xmxt8.cloudfront.net\/13\/2025\/08\/profimedia-1029720689-150x150.webp\"><a href=\"https:\/\/www.welovecycling.com\/cs\/2025\/08\/20\/prosim-nerusit-pogacar-v-originalnim-dresu-zada-o-klid\/\" class=\"image-holder\" target=\"_self\"><img decoding=\"async\" loading=\"lazy\" class=\"\" src=\"https:\/\/d2p6e6u75xmxt8.cloudfront.net\/13\/2025\/08\/profimedia-1029720689-1024x682.webp\" srcset=\"https:\/\/d2p6e6u75xmxt8.cloudfront.net\/13\/2025\/08\/profimedia-1029720689.webp 1800w, https:\/\/d2p6e6u75xmxt8.cloudfront.net\/13\/2025\/08\/profimedia-1029720689-300x200.webp 300w, https:\/\/d2p6e6u75xmxt8.cloudfront.net\/13\/2025\/08\/profimedia-1029720689-1024x682.webp 1024w, https:\/\/d2p6e6u75xmxt8.cloudfront.net\/13\/2025\/08\/profimedia-1029720689-768x512.webp 768w, https:\/\/d2p6e6u75xmxt8.cloudfront.net\/13\/2025\/08\/profimedia-1029720689-1536x1023.webp 1536w, https:\/\/d2p6e6u75xmxt8.cloudfront.net\/13\/2025\/08\/profimedia-1029720689-400x266.webp 400w, https:\/\/d2p6e6u75xmxt8.cloudfront.net\/13\/2025\/08\/profimedia-1029720689-272x182.webp 272w\" width=\"1024\" height=\"682\" sizes=\"auto, (min-width: 1200px) 300px, (min-width: 768px) 25vw, 100vw\" alt=\"prosim-nerusit-pogacar-v-originalnim-dresu-zada-o-klid\"\/><\/a><\/div>    <div class=\"entry-meta\">\n        <a class=\"label label-secondary post-category\" href=\"https:\/\/www.welovecycling.com\/cs\/category\/silnicni-cyklistika\/\" title=\"Silni\u010dn\u00ed cyklistika\">Silni\u010dn\u00ed cyklistika<\/a>\n    <\/div>\n    <div class=\"entry-details\">\n        <a href=\"https:\/\/www.welovecycling.com\/cs\/2025\/08\/20\/prosim-nerusit-pogacar-v-originalnim-dresu-zada-o-klid\/\" class='entry-title-wrapper'>\n            <h3 class=\"entry-title\"><span>Pros\u00edm neru\u0161it! Poga\u010dar v origin\u00e1ln\u00edm dresu \u017e\u00e1d\u00e1 o klid<\/span><\/h3>\n        <\/a>\n    <\/div>\n    <\/article>\n<\/div>\n<p>Neboj\u00ed se brut\u00e1ln\u00edch stoup\u00e1n\u00ed, tak\u00e9 Vuelta 2025 by mu mohla sed\u011bt a p\u0159i \u0161est\u00e9 Grand Tour kari\u00e9ry by mohl kone\u010dn\u011b na stupn\u011b v\u00edt\u011bz\u016f.<\/p>\n<h2><strong>Juan Ayuso (UAE Emirates XRG)<\/strong><\/h2>\n<p>Pro dvaadvacetilet\u00e9ho \u0161pan\u011blsk\u00e9ho z\u00e1vodn\u00edka je Vuelta 2025 z\u00e1vodem druh\u00e9 \u0161ance. Italsk\u00e9 Giro v \u00favodu leto\u0161n\u00edho roku nedokon\u010dil, kdy\u017e se spekulovalo o vnit\u0159n\u00edm pnut\u00ed v t\u00fdmu pot\u00e9, co jej v\u00fdkonnostn\u011b p\u0159evy\u0161oval Isaac del Toro. N\u00e1sledn\u011b si Ayuso dop\u0159\u00e1l dlouhou z\u00e1vodn\u00ed pauzu a vr\u00e1til se a\u017e po v\u00edce ne\u017e dvou m\u011bs\u00edc\u00edch bez ostr\u00fdch kilometr\u016f p\u0159i klasice San Sebastian.<\/p>\n<figure id=\"attachment_29264\" aria-describedby=\"caption-attachment-29264\" style=\"width: 1800px\" class=\"wp-caption alignnone\"><a href=\"https:\/\/d2p6e6u75xmxt8.cloudfront.net\/13\/2025\/05\/profimedia-1003249248.webp\"><img loading=\"lazy\" decoding=\"async\" class=\"size-full wp-image-29264\" src=\"https:\/\/d2p6e6u75xmxt8.cloudfront.net\/13\/2025\/05\/profimedia-1003249248.webp\" alt=\"\" width=\"1800\" height=\"1200\" srcset=\"https:\/\/d2p6e6u75xmxt8.cloudfront.net\/13\/2025\/05\/profimedia-1003249248.webp 1800w, https:\/\/d2p6e6u75xmxt8.cloudfront.net\/13\/2025\/05\/profimedia-1003249248-300x200.webp 300w, https:\/\/d2p6e6u75xmxt8.cloudfront.net\/13\/2025\/05\/profimedia-1003249248-1024x683.webp 1024w, https:\/\/d2p6e6u75xmxt8.cloudfront.net\/13\/2025\/05\/profimedia-1003249248-768x512.webp 768w, https:\/\/d2p6e6u75xmxt8.cloudfront.net\/13\/2025\/05\/profimedia-1003249248-1536x1024.webp 1536w, https:\/\/d2p6e6u75xmxt8.cloudfront.net\/13\/2025\/05\/profimedia-1003249248-400x267.webp 400w, https:\/\/d2p6e6u75xmxt8.cloudfront.net\/13\/2025\/05\/profimedia-1003249248-272x182.webp 272w\" sizes=\"auto, (max-width: 1800px) 100vw, 1800px\" \/><\/a><figcaption id=\"caption-attachment-29264\" class=\"wp-caption-text\"><em>Juan Ayuso z t\u00fdmu UAE Emirates XRG p\u0159ed odstoupen\u00edm z Gira 2025.<\/em><\/figcaption><\/figure>\n<p>Vuelta je pro mlad\u00e9ho z\u00e1vodn\u00edka formace UAE Emirates XRG historicky zasl\u00edbenou Grand Tour. P\u0159i debutu v roce 2022 dojel t\u0159et\u00ed, o rok pozd\u011bji \u010dtvrt\u00fd. V l\u00e9t\u011b 2024 v\u0161ak nedokon\u010dil Tour de France a letos na ja\u0159e italsk\u00e9 Giro, by\u0165 mu \u00fat\u011bchou byla vyhran\u00e1 etapa. Ka\u017edop\u00e1dn\u011b po dvou nedokon\u010den\u00fdch Grand Tour pot\u0159ebuje \u00fasp\u011bch. Ov\u0161em je ot\u00e1zka, jak se vypo\u0159\u00e1d\u00e1 s d\u011blenou pozic\u00ed l\u00eddra, kdy si \u010d\u00e1st pozornosti bude usurpovat Joao Almeida.<\/p>\n<h2><strong>Giulio Pellizzari (Red Bull Bora hansgrohe)<\/strong><\/h2>\n<p>Jednadvacetilet\u00fd Ital pro\u017eil par\u00e1dn\u00ed Giro, kde skon\u010dil \u0161est\u00fd v absolutn\u00edm po\u0159ad\u00ed. P\u0159itom patn\u00e1ct etap pracoval pro t\u00fdmovou jedni\u010dku Rogli\u010de, teprve po odstoupen\u00ed slovinsk\u00e9ho matadora dostal dom\u00e1c\u00ed cyklista volnost. A hned dojel t\u0159et\u00ed v brut\u00e1ln\u00ed etap\u011b do Bretonica a p\u00e1t\u00fd v tortu\u0159e s dojezdem do Bormia.<\/p>\n<div class=\"shortcode-ys-post-pinup\"><article class=\"loop-simple post-30655 post type-post status-publish format-standard has-post-thumbnail hentry category-silnicni-cyklistika tag-cyklistika tag-jonas-vingegaard tag-silnicni-cyklistika tag-vuelta tag-vuelta-2025 tag-zdenek-stybar global-categories-cycling\" data-postid=\"30655\" role=\"article\" data-post-id=\"30655\" data-word-count=\"488\" data-headline-length=\"69\" data-category=\"Silni\u010dn\u00ed cyklistika\" data-global-category=\"Cycling\" data-author=\"We Love Cycling\" data-published=\"2025-08-18T14:41:52+02:00\" data-published-day=\"Monday\">\n    <div class=\"entry-thumbnail article-thumbnail\" content=\"https:\/\/d2p6e6u75xmxt8.cloudfront.net\/13\/2024\/07\/1800-x-1200-velky-150x150.webp\"><a href=\"https:\/\/www.welovecycling.com\/cs\/2025\/08\/18\/dva-lidri-davaji-logiku-ale-jonas-vingegaard-bude-neporazitelny\/\" class=\"image-holder\" target=\"_self\"><img decoding=\"async\" loading=\"lazy\" class=\"\" src=\"https:\/\/d2p6e6u75xmxt8.cloudfront.net\/13\/2024\/07\/1800-x-1200-velky-1024x683.webp\" srcset=\"https:\/\/d2p6e6u75xmxt8.cloudfront.net\/13\/2024\/07\/1800-x-1200-velky.webp 1800w, https:\/\/d2p6e6u75xmxt8.cloudfront.net\/13\/2024\/07\/1800-x-1200-velky-300x200.webp 300w, https:\/\/d2p6e6u75xmxt8.cloudfront.net\/13\/2024\/07\/1800-x-1200-velky-1024x683.webp 1024w, https:\/\/d2p6e6u75xmxt8.cloudfront.net\/13\/2024\/07\/1800-x-1200-velky-768x512.webp 768w, https:\/\/d2p6e6u75xmxt8.cloudfront.net\/13\/2024\/07\/1800-x-1200-velky-1536x1024.webp 1536w, https:\/\/d2p6e6u75xmxt8.cloudfront.net\/13\/2024\/07\/1800-x-1200-velky-400x267.webp 400w, https:\/\/d2p6e6u75xmxt8.cloudfront.net\/13\/2024\/07\/1800-x-1200-velky-272x182.webp 272w\" width=\"1024\" height=\"683\" sizes=\"auto, (min-width: 1200px) 300px, (min-width: 768px) 25vw, 100vw\" alt=\"dva-lidri-davaji-logiku-ale-jonas-vingegaard-bude-neporazitelny\"\/><\/a><\/div>    <div class=\"entry-meta\">\n        <a class=\"label label-secondary post-category\" href=\"https:\/\/www.welovecycling.com\/cs\/category\/silnicni-cyklistika\/\" title=\"Silni\u010dn\u00ed cyklistika\">Silni\u010dn\u00ed cyklistika<\/a>\n    <\/div>\n    <div class=\"entry-details\">\n        <a href=\"https:\/\/www.welovecycling.com\/cs\/2025\/08\/18\/dva-lidri-davaji-logiku-ale-jonas-vingegaard-bude-neporazitelny\/\" class='entry-title-wrapper'>\n            <h3 class=\"entry-title\"><span>Dva l\u00edd\u0159i d\u00e1vaj\u00ed logiku, ale Jonas Vingegaard bude neporaziteln\u00fd<\/span><\/h3>\n        <\/a>\n    <\/div>\n    <\/article>\n<\/div>\n<p>\u0160pan\u011blsk\u00e1 Grand Tour by m\u011bla v ide\u00e1ln\u00edm p\u0159\u00edpad\u011b Pellizzarimu p\u0159in\u00e9st etapov\u00e9 prvenstv\u00ed a um\u00edst\u011bn\u00ed na stupn\u00edch v\u00edt\u011bz\u016f \u010di v jejich t\u011bsn\u00e9 bl\u00edzkosti.<\/p>\n<h2><strong>Vuelta 2025 a jej\u00ed dal\u0161\u00ed hv\u011bzdy?<\/strong><\/h2>\n<p>Vuelta bude tradi\u010dn\u011b zkou\u0161kou pro vrcha\u0159e. Tak\u017ee Giulio Ciccone z Lidl-Trek py\u0161n\u00edc\u00ed se trikotem nejlep\u0161\u00edho vrcha\u0159e z Gira (2019) i Tour de France (2023) a \u010derstv\u011b t\u00e9\u017e prvenstv\u00edm z klasiky San Sebastian bude jako ve sv\u00e9m \u017eivlu. A nen\u00ed v\u016fbec vylou\u010deno, \u017ee t\u0159icetilet\u00fd italsk\u00fd matador m\u016f\u017ee \u00fato\u010dit i na celkov\u00e9 po\u0159ad\u00ed.<\/p>\n<p>Jeho krajan Lorenzo Fortunato letos vyhr\u00e1l vrcha\u0159skou sout\u011b\u017e na Giru a t\u00fdm XDS Astana pot\u0159ebuje body do bitvy o z\u00e1chranu ve World Tour. Dev\u011btadvacetilet\u00fd Ital nav\u00edc jede o smlouvu, tak\u017ee po druh\u00e9 p\u0159\u00ed\u010dce v etap\u00e1ku Kolem Burgosu lze o\u010dek\u00e1vat velk\u00e1 p\u0159edstaven\u00ed.<\/p>\n<figure id=\"attachment_30727\" aria-describedby=\"caption-attachment-30727\" style=\"width: 1800px\" class=\"wp-caption alignnone\"><a href=\"https:\/\/d2p6e6u75xmxt8.cloudfront.net\/13\/2025\/08\/profimedia-0999073442.webp\"><img loading=\"lazy\" decoding=\"async\" class=\"size-full wp-image-30727\" src=\"https:\/\/d2p6e6u75xmxt8.cloudfront.net\/13\/2025\/08\/profimedia-0999073442.webp\" alt=\"\" width=\"1800\" height=\"1200\" srcset=\"https:\/\/d2p6e6u75xmxt8.cloudfront.net\/13\/2025\/08\/profimedia-0999073442.webp 1800w, https:\/\/d2p6e6u75xmxt8.cloudfront.net\/13\/2025\/08\/profimedia-0999073442-300x200.webp 300w, https:\/\/d2p6e6u75xmxt8.cloudfront.net\/13\/2025\/08\/profimedia-0999073442-1024x683.webp 1024w, https:\/\/d2p6e6u75xmxt8.cloudfront.net\/13\/2025\/08\/profimedia-0999073442-768x512.webp 768w, https:\/\/d2p6e6u75xmxt8.cloudfront.net\/13\/2025\/08\/profimedia-0999073442-1536x1024.webp 1536w, https:\/\/d2p6e6u75xmxt8.cloudfront.net\/13\/2025\/08\/profimedia-0999073442-400x267.webp 400w, https:\/\/d2p6e6u75xmxt8.cloudfront.net\/13\/2025\/08\/profimedia-0999073442-272x182.webp 272w\" sizes=\"auto, (max-width: 1800px) 100vw, 1800px\" \/><\/a><figcaption id=\"caption-attachment-30727\" class=\"wp-caption-text\"><em>Vuelta 2025 m\u00e1 ve startovn\u00ed listin\u011b i Jana Hirta, pro n\u011bho\u017e p\u016fjde o \u0161estn\u00e1ctou Grand Tour kari\u00e9ry. Foto: profimedia<\/em><\/figcaption><\/figure>\n<p>Pozornost si ur\u010dit\u011b zaslou\u017e\u00ed Eddie Dunbar z Jayco AlUla, kter\u00fd minul\u00fd rok vyhr\u00e1l dv\u011b etapy a Vuelta mu sed\u00ed. Francouz L\u00e9o Bisiaux (Decathlon AG2R La Mondiale) je juniorsk\u00fd mistr sv\u011bta v cyklokrosu z roku 2023 a p\u0159ij\u00ed\u017ed\u00ed povzbuzen etapov\u00fdm triumfem ze z\u00e1vodu Kolem Burgosu.<\/p>\n<p>A samoz\u0159ejm\u011b si nenechte uj\u00edt dva \u010desk\u00e9 z\u00e1stupce v pelotonu. V trikotu Caja Rural Seguros RGA jedeprvn\u00ed Grand Tour \u017eivota Jakub Otruba, dres Isreale PremierTech obl\u00e9kne Jan Hirt. \u010cty\u0159iat\u0159icetilet\u00fd matador nez\u00e1vodil od poloviny kv\u011btna, kdy musel kv\u016fli zran\u011bn\u00edm odstoupit p\u0159ed sedmou etapou z italsk\u00e9ho Gira. Vuelta 2025 bude jeho \u0161estou \u0161pan\u011blskou Grand Tour v kari\u00e9\u0159e. Celkov\u011b jede t\u0159i t\u00fddny trvaj\u00edc\u00ed etap\u00e1k po\u0161estn\u00e1ct\u00e9!<\/p>\n<p><em>Foto: A.S.O.\/Jennifer Lindini, Charly Lopez, Billy Ceusters<\/em><\/p>\n","protected":false},"excerpt":{"rendered":"<p>V\u00edce ne\u017e d\u016fstojn\u00e1 oslava osmdes\u00e1t\u00fdch narozenin! \u0160pan\u011blsk\u00e1 Vuelta py\u0161n\u00edc\u00ed se p\u0159\u00edvlastkem nejbrut\u00e1ln\u011bj\u0161\u00ed Grand Tour sezony v sezon\u011b 2025 rozhodn\u011b dostoj\u00ed [&hellip;]<\/p>\n","protected":false},"author":138,"featured_media":30722,"comment_status":"open","ping_status":"open","sticky":false,"template":"","format":"standard","meta":{"footnotes":""},"categories":[10],"tags":[126,4344,4345,139,215,1205,1601,4194,4329,9,3844],"global-categories":[411],"class_list":["post-30721","post","type-post","status-publish","format-standard","has-post-thumbnail","hentry","category-silnicni-cyklistika","tag-cyklistika","tag-felix-gall","tag-giulio-pellizzari","tag-jakub-otruba","tag-jan-hirt","tag-joao-almeida","tag-jonas-vingegaard","tag-juan-ayuso","tag-la-vuelta-2025","tag-silnicni-cyklistika","tag-vuelta-2025","global-categories-cycling"],"yoast_head":"<!-- This site is optimized with the Yoast SEO Premium plugin v25.3 (Yoast SEO v25.9) - https:\/\/yoast.com\/wordpress\/plugins\/seo\/ -->\n<title>Brut\u00e1ln\u00ed oslava jubilea! Obstoj\u00ed pol\u00e1man\u00fd Portugalec \u010di drav\u00fd Ital? | \u0160koda We Love Cycling - \u010cesk\u00e1 republika<\/title>\n<meta name=\"description\" content=\"D\u016fstojn\u00e1 oslava osmdes\u00e1t\u00fdch narozenin! \u0160pan\u011blsk\u00e1 Vuelta py\u0161n\u00edc\u00ed se p\u0159\u00edvlastkem nejbrut\u00e1ln\u011bj\u0161\u00ed Grand Tour sezony v sezon\u011b 2025 rozhodn\u011b dostoj\u00ed pov\u011bsti. Cyklist\u00e9 mus\u00ed poko\u0159it b\u011bhem jednadvaceti etap z Tur\u00edna, kde z\u00e1vod startuje 23. srpna, celkem 54 tis\u00edc v\u00fd\u0161kov\u00fdch metr\u016f! Kdo je za dan\u00fdch okolnost\u00ed hlavn\u00edm adeptem na rud\u00fd trikot l\u00eddra z\u00e1vodu?\" \/>\n<meta name=\"robots\" content=\"index, follow, max-snippet:-1, max-image-preview:large, max-video-preview:-1\" \/>\n<link rel=\"canonical\" href=\"https:\/\/www.welovecycling.com\/cs\/2025\/08\/22\/brutalni-oslava-jubilea-obstoji-polamany-portugalec-ci-dravy-ital\/\" \/>\n<meta property=\"og:locale\" content=\"cs_CZ\" \/>\n<meta property=\"og:type\" content=\"article\" \/>\n<meta property=\"og:title\" content=\"Brut\u00e1ln\u00ed oslava jubilea! Obstoj\u00ed pol\u00e1man\u00fd Portugalec \u010di drav\u00fd Ital?\" \/>\n<meta property=\"og:description\" content=\"D\u016fstojn\u00e1 oslava osmdes\u00e1t\u00fdch narozenin! \u0160pan\u011blsk\u00e1 Vuelta py\u0161n\u00edc\u00ed se p\u0159\u00edvlastkem nejbrut\u00e1ln\u011bj\u0161\u00ed Grand Tour sezony v sezon\u011b 2025 rozhodn\u011b dostoj\u00ed pov\u011bsti. Cyklist\u00e9 mus\u00ed poko\u0159it b\u011bhem jednadvaceti etap z Tur\u00edna, kde z\u00e1vod startuje 23. srpna, celkem 54 tis\u00edc v\u00fd\u0161kov\u00fdch metr\u016f! Kdo je za dan\u00fdch okolnost\u00ed hlavn\u00edm adeptem na rud\u00fd trikot l\u00eddra z\u00e1vodu?\" \/>\n<meta property=\"og:url\" content=\"https:\/\/www.welovecycling.com\/cs\/2025\/08\/22\/brutalni-oslava-jubilea-obstoji-polamany-portugalec-ci-dravy-ital\/\" \/>\n<meta property=\"og:site_name\" content=\"\u0160koda We Love Cycling - \u010cesk\u00e1 republika\" \/>\n<meta property=\"article:published_time\" content=\"2025-08-22T07:05:23+00:00\" \/>\n<meta property=\"og:image\" content=\"https:\/\/d2p6e6u75xmxt8.cloudfront.net\/13\/2025\/08\/20250427LBL2223-scaled.webp\" \/>\n\t<meta property=\"og:image:width\" content=\"2560\" \/>\n\t<meta property=\"og:image:height\" content=\"1707\" \/>\n\t<meta property=\"og:image:type\" content=\"image\/webp\" \/>\n<meta name=\"author\" content=\"radekmalina\" \/>\n<meta name=\"twitter:card\" content=\"summary_large_image\" \/>\n<meta name=\"twitter:label1\" content=\"Written by\" \/>\n\t<meta name=\"twitter:data1\" content=\"We Love Cycling\" \/>\n\t<meta name=\"twitter:label2\" content=\"Est. reading time\" \/>\n\t<meta name=\"twitter:data2\" content=\"6 minut\" \/>\n<script type=\"application\/ld+json\" class=\"yoast-schema-graph\">{\"@context\":\"https:\/\/schema.org\",\"@graph\":[{\"@type\":\"WebPage\",\"@id\":\"https:\/\/www.welovecycling.com\/cs\/2025\/08\/22\/brutalni-oslava-jubilea-obstoji-polamany-portugalec-ci-dravy-ital\/\",\"url\":\"https:\/\/www.welovecycling.com\/cs\/2025\/08\/22\/brutalni-oslava-jubilea-obstoji-polamany-portugalec-ci-dravy-ital\/\",\"name\":\"Brut\u00e1ln\u00ed oslava jubilea! Obstoj\u00ed pol\u00e1man\u00fd Portugalec \u010di drav\u00fd Ital? | \u0160koda We Love Cycling - \u010cesk\u00e1 republika\",\"isPartOf\":{\"@id\":\"https:\/\/www.welovecycling.com\/cs\/#website\"},\"primaryImageOfPage\":{\"@id\":\"https:\/\/www.welovecycling.com\/cs\/2025\/08\/22\/brutalni-oslava-jubilea-obstoji-polamany-portugalec-ci-dravy-ital\/#primaryimage\"},\"image\":{\"@id\":\"https:\/\/www.welovecycling.com\/cs\/2025\/08\/22\/brutalni-oslava-jubilea-obstoji-polamany-portugalec-ci-dravy-ital\/#primaryimage\"},\"thumbnailUrl\":\"https:\/\/d2p6e6u75xmxt8.cloudfront.net\/13\/2025\/08\/20250427LBL2223-scaled.webp\",\"datePublished\":\"2025-08-22T07:05:23+00:00\",\"author\":{\"@id\":\"https:\/\/www.welovecycling.com\/cs\/#\/schema\/person\/d9eeb0a378f3a7e4a6d12d2b536b04b8\"},\"description\":\"D\u016fstojn\u00e1 oslava osmdes\u00e1t\u00fdch narozenin! \u0160pan\u011blsk\u00e1 Vuelta py\u0161n\u00edc\u00ed se p\u0159\u00edvlastkem nejbrut\u00e1ln\u011bj\u0161\u00ed Grand Tour sezony v sezon\u011b 2025 rozhodn\u011b dostoj\u00ed pov\u011bsti. Cyklist\u00e9 mus\u00ed poko\u0159it b\u011bhem jednadvaceti etap z Tur\u00edna, kde z\u00e1vod startuje 23. srpna, celkem 54 tis\u00edc v\u00fd\u0161kov\u00fdch metr\u016f! Kdo je za dan\u00fdch okolnost\u00ed hlavn\u00edm adeptem na rud\u00fd trikot l\u00eddra z\u00e1vodu?\",\"inLanguage\":\"cs\",\"potentialAction\":[{\"@type\":\"ReadAction\",\"target\":[\"https:\/\/www.welovecycling.com\/cs\/2025\/08\/22\/brutalni-oslava-jubilea-obstoji-polamany-portugalec-ci-dravy-ital\/\"]}]},{\"@type\":\"ImageObject\",\"inLanguage\":\"cs\",\"@id\":\"https:\/\/www.welovecycling.com\/cs\/2025\/08\/22\/brutalni-oslava-jubilea-obstoji-polamany-portugalec-ci-dravy-ital\/#primaryimage\",\"url\":\"https:\/\/d2p6e6u75xmxt8.cloudfront.net\/13\/2025\/08\/20250427LBL2223-scaled.webp\",\"contentUrl\":\"https:\/\/d2p6e6u75xmxt8.cloudfront.net\/13\/2025\/08\/20250427LBL2223-scaled.webp\",\"width\":2560,\"height\":1707,\"caption\":\"Pellizzari Vuelta 2025\"},{\"@type\":\"WebSite\",\"@id\":\"https:\/\/www.welovecycling.com\/cs\/#website\",\"url\":\"https:\/\/www.welovecycling.com\/cs\/\",\"name\":\"\u0160koda We Love Cycling - \u010cesk\u00e1 republika\",\"description\":\"WeLoveCycling.cz je online magaz\u00edn, kter\u00fd v\u00e1m pravideln\u011b p\u0159in\u00e1\u0161\u00ed rady a tipy, zaj\u00edmav\u00e9 \u010dl\u00e1nky, videa a jedine\u010dn\u00e9 report\u00e1\u017ee ze sv\u011bta cyklistiky.\",\"potentialAction\":[{\"@type\":\"SearchAction\",\"target\":{\"@type\":\"EntryPoint\",\"urlTemplate\":\"https:\/\/www.welovecycling.com\/cs\/?s={search_term_string}\"},\"query-input\":{\"@type\":\"PropertyValueSpecification\",\"valueRequired\":true,\"valueName\":\"search_term_string\"}}],\"inLanguage\":\"cs\"},{\"@type\":\"Person\",\"@id\":\"https:\/\/www.welovecycling.com\/cs\/#\/schema\/person\/d9eeb0a378f3a7e4a6d12d2b536b04b8\",\"name\":\"radekmalina\",\"image\":{\"@type\":\"ImageObject\",\"inLanguage\":\"cs\",\"@id\":\"https:\/\/www.welovecycling.com\/cs\/#\/schema\/person\/image\/\",\"url\":\"https:\/\/secure.gravatar.com\/avatar\/66994b632cb8c39a46b9f54afa3ae07201b678d32a54275b6f1c9ffec356bfc0?s=96&d=mm&r=g\",\"contentUrl\":\"https:\/\/secure.gravatar.com\/avatar\/66994b632cb8c39a46b9f54afa3ae07201b678d32a54275b6f1c9ffec356bfc0?s=96&d=mm&r=g\",\"caption\":\"radekmalina\"},\"url\":\"https:\/\/www.welovecycling.com\/cs\/author\/radekmalina\/\"}]}<\/script>\n<!-- \/ Yoast SEO Premium plugin. -->","yoast_head_json":{"title":"Brut\u00e1ln\u00ed oslava jubilea! Obstoj\u00ed pol\u00e1man\u00fd Portugalec \u010di drav\u00fd Ital? | \u0160koda We Love Cycling - \u010cesk\u00e1 republika","description":"D\u016fstojn\u00e1 oslava osmdes\u00e1t\u00fdch narozenin! \u0160pan\u011blsk\u00e1 Vuelta py\u0161n\u00edc\u00ed se p\u0159\u00edvlastkem nejbrut\u00e1ln\u011bj\u0161\u00ed Grand Tour sezony v sezon\u011b 2025 rozhodn\u011b dostoj\u00ed pov\u011bsti. Cyklist\u00e9 mus\u00ed poko\u0159it b\u011bhem jednadvaceti etap z Tur\u00edna, kde z\u00e1vod startuje 23. srpna, celkem 54 tis\u00edc v\u00fd\u0161kov\u00fdch metr\u016f! Kdo je za dan\u00fdch okolnost\u00ed hlavn\u00edm adeptem na rud\u00fd trikot l\u00eddra z\u00e1vodu?","robots":{"index":"index","follow":"follow","max-snippet":"max-snippet:-1","max-image-preview":"max-image-preview:large","max-video-preview":"max-video-preview:-1"},"canonical":"https:\/\/www.welovecycling.com\/cs\/2025\/08\/22\/brutalni-oslava-jubilea-obstoji-polamany-portugalec-ci-dravy-ital\/","og_locale":"cs_CZ","og_type":"article","og_title":"Brut\u00e1ln\u00ed oslava jubilea! Obstoj\u00ed pol\u00e1man\u00fd Portugalec \u010di drav\u00fd Ital?","og_description":"D\u016fstojn\u00e1 oslava osmdes\u00e1t\u00fdch narozenin! \u0160pan\u011blsk\u00e1 Vuelta py\u0161n\u00edc\u00ed se p\u0159\u00edvlastkem nejbrut\u00e1ln\u011bj\u0161\u00ed Grand Tour sezony v sezon\u011b 2025 rozhodn\u011b dostoj\u00ed pov\u011bsti. Cyklist\u00e9 mus\u00ed poko\u0159it b\u011bhem jednadvaceti etap z Tur\u00edna, kde z\u00e1vod startuje 23. srpna, celkem 54 tis\u00edc v\u00fd\u0161kov\u00fdch metr\u016f! Kdo je za dan\u00fdch okolnost\u00ed hlavn\u00edm adeptem na rud\u00fd trikot l\u00eddra z\u00e1vodu?","og_url":"https:\/\/www.welovecycling.com\/cs\/2025\/08\/22\/brutalni-oslava-jubilea-obstoji-polamany-portugalec-ci-dravy-ital\/","og_site_name":"\u0160koda We Love Cycling - \u010cesk\u00e1 republika","article_published_time":"2025-08-22T07:05:23+00:00","og_image":[{"width":2560,"height":1707,"url":"https:\/\/d2p6e6u75xmxt8.cloudfront.net\/13\/2025\/08\/20250427LBL2223-scaled.webp","type":"image\/webp"}],"author":"radekmalina","twitter_card":"summary_large_image","twitter_misc":{"Written by":"We Love Cycling","Est. reading time":"6 minut"},"schema":{"@context":"https:\/\/schema.org","@graph":[{"@type":"WebPage","@id":"https:\/\/www.welovecycling.com\/cs\/2025\/08\/22\/brutalni-oslava-jubilea-obstoji-polamany-portugalec-ci-dravy-ital\/","url":"https:\/\/www.welovecycling.com\/cs\/2025\/08\/22\/brutalni-oslava-jubilea-obstoji-polamany-portugalec-ci-dravy-ital\/","name":"Brut\u00e1ln\u00ed oslava jubilea! Obstoj\u00ed pol\u00e1man\u00fd Portugalec \u010di drav\u00fd Ital? | \u0160koda We Love Cycling - \u010cesk\u00e1 republika","isPartOf":{"@id":"https:\/\/www.welovecycling.com\/cs\/#website"},"primaryImageOfPage":{"@id":"https:\/\/www.welovecycling.com\/cs\/2025\/08\/22\/brutalni-oslava-jubilea-obstoji-polamany-portugalec-ci-dravy-ital\/#primaryimage"},"image":{"@id":"https:\/\/www.welovecycling.com\/cs\/2025\/08\/22\/brutalni-oslava-jubilea-obstoji-polamany-portugalec-ci-dravy-ital\/#primaryimage"},"thumbnailUrl":"https:\/\/d2p6e6u75xmxt8.cloudfront.net\/13\/2025\/08\/20250427LBL2223-scaled.webp","datePublished":"2025-08-22T07:05:23+00:00","author":{"@id":"https:\/\/www.welovecycling.com\/cs\/#\/schema\/person\/d9eeb0a378f3a7e4a6d12d2b536b04b8"},"description":"D\u016fstojn\u00e1 oslava osmdes\u00e1t\u00fdch narozenin! \u0160pan\u011blsk\u00e1 Vuelta py\u0161n\u00edc\u00ed se p\u0159\u00edvlastkem nejbrut\u00e1ln\u011bj\u0161\u00ed Grand Tour sezony v sezon\u011b 2025 rozhodn\u011b dostoj\u00ed pov\u011bsti. Cyklist\u00e9 mus\u00ed poko\u0159it b\u011bhem jednadvaceti etap z Tur\u00edna, kde z\u00e1vod startuje 23. srpna, celkem 54 tis\u00edc v\u00fd\u0161kov\u00fdch metr\u016f! Kdo je za dan\u00fdch okolnost\u00ed hlavn\u00edm adeptem na rud\u00fd trikot l\u00eddra z\u00e1vodu?","inLanguage":"cs","potentialAction":[{"@type":"ReadAction","target":["https:\/\/www.welovecycling.com\/cs\/2025\/08\/22\/brutalni-oslava-jubilea-obstoji-polamany-portugalec-ci-dravy-ital\/"]}]},{"@type":"ImageObject","inLanguage":"cs","@id":"https:\/\/www.welovecycling.com\/cs\/2025\/08\/22\/brutalni-oslava-jubilea-obstoji-polamany-portugalec-ci-dravy-ital\/#primaryimage","url":"https:\/\/d2p6e6u75xmxt8.cloudfront.net\/13\/2025\/08\/20250427LBL2223-scaled.webp","contentUrl":"https:\/\/d2p6e6u75xmxt8.cloudfront.net\/13\/2025\/08\/20250427LBL2223-scaled.webp","width":2560,"height":1707,"caption":"Pellizzari Vuelta 2025"},{"@type":"WebSite","@id":"https:\/\/www.welovecycling.com\/cs\/#website","url":"https:\/\/www.welovecycling.com\/cs\/","name":"\u0160koda We Love Cycling - \u010cesk\u00e1 republika","description":"WeLoveCycling.cz je online magaz\u00edn, kter\u00fd v\u00e1m pravideln\u011b p\u0159in\u00e1\u0161\u00ed rady a tipy, zaj\u00edmav\u00e9 \u010dl\u00e1nky, videa a jedine\u010dn\u00e9 report\u00e1\u017ee ze sv\u011bta cyklistiky.","potentialAction":[{"@type":"SearchAction","target":{"@type":"EntryPoint","urlTemplate":"https:\/\/www.welovecycling.com\/cs\/?s={search_term_string}"},"query-input":{"@type":"PropertyValueSpecification","valueRequired":true,"valueName":"search_term_string"}}],"inLanguage":"cs"},{"@type":"Person","@id":"https:\/\/www.welovecycling.com\/cs\/#\/schema\/person\/d9eeb0a378f3a7e4a6d12d2b536b04b8","name":"radekmalina","image":{"@type":"ImageObject","inLanguage":"cs","@id":"https:\/\/www.welovecycling.com\/cs\/#\/schema\/person\/image\/","url":"https:\/\/secure.gravatar.com\/avatar\/66994b632cb8c39a46b9f54afa3ae07201b678d32a54275b6f1c9ffec356bfc0?s=96&d=mm&r=g","contentUrl":"https:\/\/secure.gravatar.com\/avatar\/66994b632cb8c39a46b9f54afa3ae07201b678d32a54275b6f1c9ffec356bfc0?s=96&d=mm&r=g","caption":"radekmalina"},"url":"https:\/\/www.welovecycling.com\/cs\/author\/radekmalina\/"}]}},"_links":{"self":[{"href":"https:\/\/www.welovecycling.com\/cs\/wp-json\/wp\/v2\/posts\/30721","targetHints":{"allow":["GET"]}}],"collection":[{"href":"https:\/\/www.welovecycling.com\/cs\/wp-json\/wp\/v2\/posts"}],"about":[{"href":"https:\/\/www.welovecycling.com\/cs\/wp-json\/wp\/v2\/types\/post"}],"author":[{"embeddable":true,"href":"https:\/\/www.welovecycling.com\/cs\/wp-json\/wp\/v2\/users\/138"}],"replies":[{"embeddable":true,"href":"https:\/\/www.welovecycling.com\/cs\/wp-json\/wp\/v2\/comments?post=30721"}],"version-history":[{"count":1,"href":"https:\/\/www.welovecycling.com\/cs\/wp-json\/wp\/v2\/posts\/30721\/revisions"}],"predecessor-version":[{"id":30728,"href":"https:\/\/www.welovecycling.com\/cs\/wp-json\/wp\/v2\/posts\/30721\/revisions\/30728"}],"wp:featuredmedia":[{"embeddable":true,"href":"https:\/\/www.welovecycling.com\/cs\/wp-json\/wp\/v2\/media\/30722"}],"wp:attachment":[{"href":"https:\/\/www.welovecycling.com\/cs\/wp-json\/wp\/v2\/media?parent=30721"}],"wp:term":[{"taxonomy":"category","embeddable":true,"href":"https:\/\/www.welovecycling.com\/cs\/wp-json\/wp\/v2\/categories?post=30721"},{"taxonomy":"post_tag","embeddable":true,"href":"https:\/\/www.welovecycling.com\/cs\/wp-json\/wp\/v2\/tags?post=30721"},{"taxonomy":"global-categories","embeddable":true,"href":"https:\/\/www.welovecycling.com\/cs\/wp-json\/wp\/v2\/global-categories?post=30721"}],"curies":[{"name":"wp","href":"https:\/\/api.w.org\/{rel}","templated":true}]}}