{"id":30715,"date":"2025-08-22T07:19:44","date_gmt":"2025-08-22T05:19:44","guid":{"rendered":"https:\/\/www.welovecycling.com\/cs\/?p=30715"},"modified":"2025-08-22T12:41:02","modified_gmt":"2025-08-22T10:41:02","slug":"je-hezke-kdyz-pogacar-neni-ve-startovce","status":"publish","type":"post","link":"https:\/\/www.welovecycling.com\/cs\/2025\/08\/22\/je-hezke-kdyz-pogacar-neni-ve-startovce\/","title":{"rendered":"Je hezk\u00e9, kdy\u017e Poga\u010dar nen\u00ed ve startovce!"},"content":{"rendered":"<p><strong>Spravit si chu\u0165 triumfem! Z Tour de France odj\u00ed\u017ed\u011bl zklaman\u00fd a pora\u017een\u00fd. Na Vuelt\u011b nechce za\u017e\u00edvat dal\u0161\u00ed nezdar. Jonas Vingegaard, l\u00eddr Visma Lease a Bike, douf\u00e1 p\u0159i t\u0159et\u00edm startu na \u0161pan\u011blsk\u00e9 Grand Tour ve v\u00edt\u011bzstv\u00ed! &#8222;P\u0159ijel jsem pro v\u00fdhru,&#8220; bere na sebe roli favorita.<\/strong><\/p>\n<p>Ve Francii p\u0159i sto dvan\u00e1ct\u00e9m ro\u010dn\u00edku bitvy o \u017elut\u00fd trikot za\u017eil ho\u0159k\u00e9 zklam\u00e1n\u00ed. Doufal, \u017ee srovn\u00e1 \u00fa\u010dty s nejv\u011bt\u0161\u00edm rivalem. Jen\u017ee na t\u0159et\u00ed celkov\u00e9 prvenstv\u00ed kari\u00e9ry Jonas Vingegaard ve Francii nedos\u00e1hl. M\u00edsto toho musel p\u0159ijmout jasnou por\u00e1\u017eku a sledovat coby prvn\u00ed pora\u017een\u00fd, jak slav\u00ed jeho hlavn\u00ed sok. Ba co v\u00edc, Jonas Vingegaard nevyhr\u00e1l p\u0159i Grande Boucle ani etapu. Nedok\u00e1zal se zbavit n\u00e1lepky p\u0159edem pora\u017een\u00e9ho, proto\u017ee Tadej Poga\u010dar byl d\u00e1vno p\u0159edem pasov\u00e1n na v\u00edt\u011bze.<\/p>\n<h2><strong>Jonas Vingegaard: P\u0159ijel jsem Vueltu vyhr\u00e1t<\/strong><\/h2>\n<p>Ve stejn\u00e9 roli vstupuje Jonas Vingegaard do Vuelty 2025. Je hlavn\u00edm adeptem na v\u00edt\u011bzstv\u00ed. &#8222;Je v\u017edy hezk\u00e9 z\u00e1vodit proti Tadejovi. Ale je tak\u00e9 hezk\u00e9, kdy\u017e ve startovn\u00ed listin\u011b nen\u00ed,&#8220; pronesl b\u011bhem tiskov\u00e9 konference p\u0159ed startem Vuelty osmadvacetilet\u00fd l\u00eddr formace Visma Lease a Bike.<\/p>\n<figure id=\"attachment_30718\" aria-describedby=\"caption-attachment-30718\" style=\"width: 1920px\" class=\"wp-caption alignnone\"><a href=\"https:\/\/d2p6e6u75xmxt8.cloudfront.net\/13\/2025\/08\/20250725TDF1081-scaled.webp\"><img loading=\"lazy\" decoding=\"async\" class=\"size-extra-large wp-image-30718\" src=\"https:\/\/d2p6e6u75xmxt8.cloudfront.net\/13\/2025\/08\/20250725TDF1081-1920x1280.webp\" alt=\"\" width=\"1920\" height=\"1280\" srcset=\"https:\/\/d2p6e6u75xmxt8.cloudfront.net\/13\/2025\/08\/20250725TDF1081-1920x1280.webp 1920w, https:\/\/d2p6e6u75xmxt8.cloudfront.net\/13\/2025\/08\/20250725TDF1081-300x200.webp 300w, https:\/\/d2p6e6u75xmxt8.cloudfront.net\/13\/2025\/08\/20250725TDF1081-1024x683.webp 1024w, https:\/\/d2p6e6u75xmxt8.cloudfront.net\/13\/2025\/08\/20250725TDF1081-768x512.webp 768w, https:\/\/d2p6e6u75xmxt8.cloudfront.net\/13\/2025\/08\/20250725TDF1081-1536x1024.webp 1536w, https:\/\/d2p6e6u75xmxt8.cloudfront.net\/13\/2025\/08\/20250725TDF1081-2048x1365.webp 2048w, https:\/\/d2p6e6u75xmxt8.cloudfront.net\/13\/2025\/08\/20250725TDF1081-400x267.webp 400w, https:\/\/d2p6e6u75xmxt8.cloudfront.net\/13\/2025\/08\/20250725TDF1081-272x182.webp 272w, https:\/\/d2p6e6u75xmxt8.cloudfront.net\/13\/2025\/08\/20250725TDF1081-1920x1280.webp 1920w\" sizes=\"auto, (max-width: 1920px) 100vw, 1920px\" \/><\/a><figcaption id=\"caption-attachment-30718\" class=\"wp-caption-text\"><em>Jonas Vingegaard a Tadej Poga\u010dar ve \u017elut\u00e9m trikotu l\u00eddra se zdrav\u00ed na Tour de France.<\/em><\/figcaption><\/figure>\n<p>&#8222;Chcete vyhr\u00e1t p\u0159i ka\u017ed\u00e9m z\u00e1vod\u011b. A\u0165 u\u017e Tadej Poga\u010dar do z\u00e1vodu nastoup\u00ed nebo ne. A jedn\u00edm z c\u00edl\u016f moj\u00ed kari\u00e9ry je vyhr\u00e1t Vueltu. Proto jsem tady. M\u011bl jsem nejlep\u0161\u00ed mo\u017enou p\u0159\u00edpravu a nic jin\u00e9ho ne\u017e v\u00edt\u011bzstv\u00ed si nep\u0159ipou\u0161t\u00edm,&#8220; uvedl Jonas Vingegaard, jemu\u017e nebudou v cest\u011b st\u00e1t ani dal\u0161\u00ed velc\u00ed rivalov\u00e9 jako v\u00edt\u011bz Vuelty 2022 Remco Evenepoel (Soudal Quick Step) nebo \u010dty\u0159n\u00e1sobn\u00fd \u0161ampion \u0161pan\u011blsk\u00e9 Grand Tour Primo\u017e Rogli\u010d (Red Bull Bora hansgrohe).<\/p>\n<div class=\"shortcode-ys-post-pinup\"><article class=\"loop-simple post-29527 post type-post status-publish format-standard has-post-thumbnail hentry category-silnicni-cyklistika tag-cyklistika tag-jonas-vingegaard tag-nejvetsi-soupereni tag-rivalita tag-silnicni-cyklistika tag-tadej-pogacar tag-tour-de-france global-categories-cycling\" data-postid=\"29527\" role=\"article\" data-post-id=\"29527\" data-word-count=\"471\" data-headline-length=\"73\" data-category=\"Silni\u010dn\u00ed cyklistika\" data-global-category=\"Cycling\" data-author=\"We Love Cycling\" data-published=\"2025-06-19T06:38:07+02:00\" data-published-day=\"Thursday\">\n    <div class=\"entry-thumbnail article-thumbnail\" content=\"https:\/\/d2p6e6u75xmxt8.cloudfront.net\/13\/2024\/07\/best-off-charly-lopez-tadej-jonas-150x150.webp\"><a href=\"https:\/\/www.welovecycling.com\/cs\/2025\/06\/19\/tadej-kontra-jonas-sledujeme-nejvetsi-rivalitu-v-historii-cyklistiky\/\" class=\"image-holder\" target=\"_self\"><img decoding=\"async\" loading=\"lazy\" class=\"\" src=\"https:\/\/d2p6e6u75xmxt8.cloudfront.net\/13\/2024\/07\/best-off-charly-lopez-tadej-jonas.webp\" srcset=\"https:\/\/d2p6e6u75xmxt8.cloudfront.net\/13\/2024\/07\/best-off-charly-lopez-tadej-jonas.webp 1000w, https:\/\/d2p6e6u75xmxt8.cloudfront.net\/13\/2024\/07\/best-off-charly-lopez-tadej-jonas-300x200.webp 300w, https:\/\/d2p6e6u75xmxt8.cloudfront.net\/13\/2024\/07\/best-off-charly-lopez-tadej-jonas-768x511.webp 768w, https:\/\/d2p6e6u75xmxt8.cloudfront.net\/13\/2024\/07\/best-off-charly-lopez-tadej-jonas-400x266.webp 400w, https:\/\/d2p6e6u75xmxt8.cloudfront.net\/13\/2024\/07\/best-off-charly-lopez-tadej-jonas-272x182.webp 272w\" width=\"1000\" height=\"666\" sizes=\"auto, (min-width: 1200px) 300px, (min-width: 768px) 25vw, 100vw\" alt=\"tadej-kontra-jonas-sledujeme-nejvetsi-rivalitu-v-historii-cyklistiky\"\/><\/a><\/div>    <div class=\"entry-meta\">\n        <a class=\"label label-secondary post-category\" href=\"https:\/\/www.welovecycling.com\/cs\/category\/silnicni-cyklistika\/\" title=\"Silni\u010dn\u00ed cyklistika\">Silni\u010dn\u00ed cyklistika<\/a>\n    <\/div>\n    <div class=\"entry-details\">\n        <a href=\"https:\/\/www.welovecycling.com\/cs\/2025\/06\/19\/tadej-kontra-jonas-sledujeme-nejvetsi-rivalitu-v-historii-cyklistiky\/\" class='entry-title-wrapper'>\n            <h3 class=\"entry-title\"><span>Tadej kontra Jonas. Sledujeme nejv\u011bt\u0161\u00ed rivalitu v historii cyklistiky?<\/span><\/h3>\n        <\/a>\n    <\/div>\n    <\/article>\n<\/div>\n<p>&#8222;Nec\u00edt\u00edm extr\u00e9mn\u00ed tlak. P\u0159ij\u00edm\u00e1m roli favorita, ale up\u0159\u00edmn\u011b, na Tour de France je stres \u00fapln\u011b jin\u00fd. Pozornost je tam obrovsk\u00e1,&#8220; pokr\u010dil rameny Jonas Vingegaard, jen\u017e za dva nejv\u011bt\u0161\u00ed soupe\u0159e ozna\u010dil par\u0165\u00e1ky Tadeje Poga\u010dara. &#8222;Juan Ayuso a Joao Almeida z UAE Emirates. Fakt, \u017ee jejich t\u00fdm bude hr\u00e1t s dv\u011bma kartami je pro n\u011b dobr\u00e9.&#8220;<\/p>\n<h2><strong>Pobyt ve v\u00fd\u0161ce o\u017eelel kv\u016fli ment\u00e1ln\u00edmu aspektu<\/strong><\/h2>\n<p>D\u00e1nsk\u00fd l\u00eddr se koncentruje hlavn\u011b na sebe, ne\u0159e\u0161\u00ed soupe\u0159e. A douf\u00e1, \u017ee se mu vyhnou v\u00fdpadky jako na Tour de France, kde zejm\u00e9na v \u010dasovce nebo p\u0159i v\u00fdstupu na Hautacam hodn\u011b ztratil. &#8222;Snad jsem si pro leto\u0161n\u00ed rok slab\u00e9 dny vybral. S t\u00fdmem jsme hledali vysv\u011btlen\u00ed, pro\u010d se tak stalo. Snad jsme ho nalezli. Ale z\u016fstane to m\u00fdm tajemstv\u00edm,&#8220; usm\u00e1l se<a href=\"https:\/\/www.welovecycling.com\/cs\/2025\/06\/19\/tadej-kontra-jonas-sledujeme-nejvetsi-rivalitu-v-historii-cyklistiky\/\"> Jonas Vingegaard<\/a>.<\/p>\n<figure id=\"attachment_30716\" aria-describedby=\"caption-attachment-30716\" style=\"width: 1920px\" class=\"wp-caption alignnone\"><a href=\"https:\/\/d2p6e6u75xmxt8.cloudfront.net\/13\/2025\/08\/20250722TDF2069-scaled.webp\"><img loading=\"lazy\" decoding=\"async\" class=\"size-extra-large wp-image-30716\" src=\"https:\/\/d2p6e6u75xmxt8.cloudfront.net\/13\/2025\/08\/20250722TDF2069-1920x1280.webp\" alt=\"\" width=\"1920\" height=\"1280\" srcset=\"https:\/\/d2p6e6u75xmxt8.cloudfront.net\/13\/2025\/08\/20250722TDF2069-1920x1280.webp 1920w, https:\/\/d2p6e6u75xmxt8.cloudfront.net\/13\/2025\/08\/20250722TDF2069-300x200.webp 300w, https:\/\/d2p6e6u75xmxt8.cloudfront.net\/13\/2025\/08\/20250722TDF2069-1024x683.webp 1024w, https:\/\/d2p6e6u75xmxt8.cloudfront.net\/13\/2025\/08\/20250722TDF2069-768x512.webp 768w, https:\/\/d2p6e6u75xmxt8.cloudfront.net\/13\/2025\/08\/20250722TDF2069-1536x1024.webp 1536w, https:\/\/d2p6e6u75xmxt8.cloudfront.net\/13\/2025\/08\/20250722TDF2069-2048x1365.webp 2048w, https:\/\/d2p6e6u75xmxt8.cloudfront.net\/13\/2025\/08\/20250722TDF2069-400x267.webp 400w, https:\/\/d2p6e6u75xmxt8.cloudfront.net\/13\/2025\/08\/20250722TDF2069-272x182.webp 272w, https:\/\/d2p6e6u75xmxt8.cloudfront.net\/13\/2025\/08\/20250722TDF2069-1920x1280.webp 1920w\" sizes=\"auto, (max-width: 1920px) 100vw, 1920px\" \/><\/a><figcaption id=\"caption-attachment-30716\" class=\"wp-caption-text\"><em>Jonas Vingegaard rozd\u00e1v\u00e1 autogramy b\u011bhem Tour de France 2025.<\/em><\/figcaption><\/figure>\n<p>Konec Tour de France a za\u010d\u00e1tek Vuelty ned\u011bl\u00ed ani \u010dty\u0159i t\u00fddny. Teprve 28. \u010dervence opustil Pa\u0159\u00ed\u017e, kde o den d\u0159\u00edve vystoupil pot\u0159et\u00ed v kari\u00e9\u0159e na druh\u00fd stup\u00ednek v kone\u010dn\u00e9m \u00fa\u010dtov\u00e1n\u00ed. A 20. srpna u\u017e s t\u00fdmem absolvoval v italsk\u00e9m Tur\u00edn\u011b ofici\u00e1ln\u00ed fotografov\u00e1n\u00ed p\u0159ed startem Vuelty.<\/p>\n<div class=\"shortcode-ys-post-pinup\"><article class=\"loop-simple post-30655 post type-post status-publish format-standard has-post-thumbnail hentry category-silnicni-cyklistika tag-cyklistika tag-jonas-vingegaard tag-silnicni-cyklistika tag-vuelta tag-vuelta-2025 tag-zdenek-stybar global-categories-cycling\" data-postid=\"30655\" role=\"article\" data-post-id=\"30655\" data-word-count=\"488\" data-headline-length=\"69\" data-category=\"Silni\u010dn\u00ed cyklistika\" data-global-category=\"Cycling\" data-author=\"We Love Cycling\" data-published=\"2025-08-18T14:41:52+02:00\" data-published-day=\"Monday\">\n    <div class=\"entry-thumbnail article-thumbnail\" content=\"https:\/\/d2p6e6u75xmxt8.cloudfront.net\/13\/2024\/07\/1800-x-1200-velky-150x150.webp\"><a href=\"https:\/\/www.welovecycling.com\/cs\/2025\/08\/18\/dva-lidri-davaji-logiku-ale-jonas-vingegaard-bude-neporazitelny\/\" class=\"image-holder\" target=\"_self\"><img decoding=\"async\" loading=\"lazy\" class=\"\" src=\"https:\/\/d2p6e6u75xmxt8.cloudfront.net\/13\/2024\/07\/1800-x-1200-velky-1024x683.webp\" srcset=\"https:\/\/d2p6e6u75xmxt8.cloudfront.net\/13\/2024\/07\/1800-x-1200-velky.webp 1800w, https:\/\/d2p6e6u75xmxt8.cloudfront.net\/13\/2024\/07\/1800-x-1200-velky-300x200.webp 300w, https:\/\/d2p6e6u75xmxt8.cloudfront.net\/13\/2024\/07\/1800-x-1200-velky-1024x683.webp 1024w, https:\/\/d2p6e6u75xmxt8.cloudfront.net\/13\/2024\/07\/1800-x-1200-velky-768x512.webp 768w, https:\/\/d2p6e6u75xmxt8.cloudfront.net\/13\/2024\/07\/1800-x-1200-velky-1536x1024.webp 1536w, https:\/\/d2p6e6u75xmxt8.cloudfront.net\/13\/2024\/07\/1800-x-1200-velky-400x267.webp 400w, https:\/\/d2p6e6u75xmxt8.cloudfront.net\/13\/2024\/07\/1800-x-1200-velky-272x182.webp 272w\" width=\"1024\" height=\"683\" sizes=\"auto, (min-width: 1200px) 300px, (min-width: 768px) 25vw, 100vw\" alt=\"dva-lidri-davaji-logiku-ale-jonas-vingegaard-bude-neporazitelny\"\/><\/a><\/div>    <div class=\"entry-meta\">\n        <a class=\"label label-secondary post-category\" href=\"https:\/\/www.welovecycling.com\/cs\/category\/silnicni-cyklistika\/\" title=\"Silni\u010dn\u00ed cyklistika\">Silni\u010dn\u00ed cyklistika<\/a>\n    <\/div>\n    <div class=\"entry-details\">\n        <a href=\"https:\/\/www.welovecycling.com\/cs\/2025\/08\/18\/dva-lidri-davaji-logiku-ale-jonas-vingegaard-bude-neporazitelny\/\" class='entry-title-wrapper'>\n            <h3 class=\"entry-title\"><span>Dva l\u00edd\u0159i d\u00e1vaj\u00ed logiku, ale Jonas Vingegaard bude neporaziteln\u00fd<\/span><\/h3>\n        <\/a>\n    <\/div>\n    <\/article>\n<\/div>\n<p>&#8222;U\u017eil jsem si n\u011bjak\u00fd \u010das s rodinou. Byl jsem u jezera Annency ve Francii. M\u011bl jsem dobr\u00e9 podm\u00ednky pro tr\u00e9nink a mohl d\u011blat v\u0161e, co jsem cht\u011bl. Moje forma je dobr\u00e1. Byl jsem lehce nemocn\u00fd, ale nijak z\u00e1sadn\u011b m\u011b to neovlivnilo. Lep\u0161\u00ed pr\u016fb\u011bh p\u0159\u00edpravy jsem si t\u011b\u017eko mohl p\u0159\u00e1t,&#8220; p\u0159em\u00edtal Jonas Vingegaard a vysv\u011btlil, pro\u010d vynechal vysokohorsk\u00fd kemp, jen\u017e je p\u0159ed Grand Tour zvyklost\u00ed. &#8222;Z fyzick\u00e9ho hlediska by mi prosp\u011bl. Ale je t\u0159eba vid\u011bt i ment\u00e1ln\u00ed aspekt.&#8220;<\/p>\n<p><em>Foto: A.S.O.\/Charly Lopez a Billy Ceusters<\/em><\/p>\n","protected":false},"excerpt":{"rendered":"<p>Spravit si chu\u0165 triumfem! Z Tour de France odj\u00ed\u017ed\u011bl zklaman\u00fd a pora\u017een\u00fd. Na Vuelt\u011b nechce za\u017e\u00edvat dal\u0161\u00ed nezdar. Jonas Vingegaard, [&hellip;]<\/p>\n","protected":false},"author":138,"featured_media":30719,"comment_status":"open","ping_status":"open","sticky":false,"template":"","format":"standard","meta":{"footnotes":""},"categories":[10],"tags":[126,1601,4329,9,3844],"global-categories":[411],"class_list":["post-30715","post","type-post","status-publish","format-standard","has-post-thumbnail","hentry","category-silnicni-cyklistika","tag-cyklistika","tag-jonas-vingegaard","tag-la-vuelta-2025","tag-silnicni-cyklistika","tag-vuelta-2025","global-categories-cycling"],"yoast_head":"<!-- This site is optimized with the Yoast SEO Premium plugin v25.3 (Yoast SEO v25.9) - https:\/\/yoast.com\/wordpress\/plugins\/seo\/ -->\n<title>Je hezk\u00e9, kdy\u017e Poga\u010dar nen\u00ed ve startovce! | \u0160koda We Love Cycling - \u010cesk\u00e1 republika<\/title>\n<meta name=\"description\" content=\"Spravit si chu\u0165 triumfem! Z Tour de France odj\u00ed\u017ed\u011bl zklaman\u00fd a pora\u017een\u00fd. Na Vuelt\u011b nechce za\u017e\u00edvat dal\u0161\u00ed nezdar. Jonas Vingegaard, l\u00eddr Visma Lease a Bike, douf\u00e1 p\u0159i t\u0159et\u00edm startu na \u0161pan\u011blsk\u00e9 Grand Tour ve v\u00edt\u011bzstv\u00ed! &quot;P\u0159ijel jsem pro v\u00fdhru,&quot; bere na sebe roli favorita.\" \/>\n<meta name=\"robots\" content=\"index, follow, max-snippet:-1, max-image-preview:large, max-video-preview:-1\" \/>\n<link rel=\"canonical\" href=\"https:\/\/www.welovecycling.com\/cs\/2025\/08\/22\/je-hezke-kdyz-pogacar-neni-ve-startovce\/\" \/>\n<meta property=\"og:locale\" content=\"cs_CZ\" \/>\n<meta property=\"og:type\" content=\"article\" \/>\n<meta property=\"og:title\" content=\"Je hezk\u00e9, kdy\u017e Poga\u010dar nen\u00ed ve startovce!\" \/>\n<meta property=\"og:description\" content=\"Spravit si chu\u0165 triumfem! Z Tour de France odj\u00ed\u017ed\u011bl zklaman\u00fd a pora\u017een\u00fd. Na Vuelt\u011b nechce za\u017e\u00edvat dal\u0161\u00ed nezdar. Jonas Vingegaard, l\u00eddr Visma Lease a Bike, douf\u00e1 p\u0159i t\u0159et\u00edm startu na \u0161pan\u011blsk\u00e9 Grand Tour ve v\u00edt\u011bzstv\u00ed! &quot;P\u0159ijel jsem pro v\u00fdhru,&quot; bere na sebe roli favorita.\" \/>\n<meta property=\"og:url\" content=\"https:\/\/www.welovecycling.com\/cs\/2025\/08\/22\/je-hezke-kdyz-pogacar-neni-ve-startovce\/\" \/>\n<meta property=\"og:site_name\" content=\"\u0160koda We Love Cycling - \u010cesk\u00e1 republika\" \/>\n<meta property=\"article:published_time\" content=\"2025-08-22T05:19:44+00:00\" \/>\n<meta property=\"article:modified_time\" content=\"2025-08-22T10:41:02+00:00\" \/>\n<meta property=\"og:image\" content=\"https:\/\/d2p6e6u75xmxt8.cloudfront.net\/13\/2025\/08\/20250723TDF1184-1-scaled.webp\" \/>\n\t<meta property=\"og:image:width\" content=\"2560\" \/>\n\t<meta property=\"og:image:height\" content=\"1707\" \/>\n\t<meta property=\"og:image:type\" content=\"image\/webp\" \/>\n<meta name=\"author\" content=\"radekmalina\" \/>\n<meta name=\"twitter:card\" content=\"summary_large_image\" \/>\n<meta name=\"twitter:label1\" content=\"Written by\" \/>\n\t<meta name=\"twitter:data1\" content=\"We Love Cycling\" \/>\n\t<meta name=\"twitter:label2\" content=\"Est. reading time\" \/>\n\t<meta name=\"twitter:data2\" content=\"3 minuty\" \/>\n<script type=\"application\/ld+json\" class=\"yoast-schema-graph\">{\"@context\":\"https:\/\/schema.org\",\"@graph\":[{\"@type\":\"WebPage\",\"@id\":\"https:\/\/www.welovecycling.com\/cs\/2025\/08\/22\/je-hezke-kdyz-pogacar-neni-ve-startovce\/\",\"url\":\"https:\/\/www.welovecycling.com\/cs\/2025\/08\/22\/je-hezke-kdyz-pogacar-neni-ve-startovce\/\",\"name\":\"Je hezk\u00e9, kdy\u017e Poga\u010dar nen\u00ed ve startovce! | \u0160koda We Love Cycling - \u010cesk\u00e1 republika\",\"isPartOf\":{\"@id\":\"https:\/\/www.welovecycling.com\/cs\/#website\"},\"primaryImageOfPage\":{\"@id\":\"https:\/\/www.welovecycling.com\/cs\/2025\/08\/22\/je-hezke-kdyz-pogacar-neni-ve-startovce\/#primaryimage\"},\"image\":{\"@id\":\"https:\/\/www.welovecycling.com\/cs\/2025\/08\/22\/je-hezke-kdyz-pogacar-neni-ve-startovce\/#primaryimage\"},\"thumbnailUrl\":\"https:\/\/d2p6e6u75xmxt8.cloudfront.net\/13\/2025\/08\/20250723TDF1184-1-scaled.webp\",\"datePublished\":\"2025-08-22T05:19:44+00:00\",\"dateModified\":\"2025-08-22T10:41:02+00:00\",\"author\":{\"@id\":\"https:\/\/www.welovecycling.com\/cs\/#\/schema\/person\/d9eeb0a378f3a7e4a6d12d2b536b04b8\"},\"description\":\"Spravit si chu\u0165 triumfem! Z Tour de France odj\u00ed\u017ed\u011bl zklaman\u00fd a pora\u017een\u00fd. Na Vuelt\u011b nechce za\u017e\u00edvat dal\u0161\u00ed nezdar. Jonas Vingegaard, l\u00eddr Visma Lease a Bike, douf\u00e1 p\u0159i t\u0159et\u00edm startu na \u0161pan\u011blsk\u00e9 Grand Tour ve v\u00edt\u011bzstv\u00ed! \\\"P\u0159ijel jsem pro v\u00fdhru,\\\" bere na sebe roli favorita.\",\"inLanguage\":\"cs\",\"potentialAction\":[{\"@type\":\"ReadAction\",\"target\":[\"https:\/\/www.welovecycling.com\/cs\/2025\/08\/22\/je-hezke-kdyz-pogacar-neni-ve-startovce\/\"]}]},{\"@type\":\"ImageObject\",\"inLanguage\":\"cs\",\"@id\":\"https:\/\/www.welovecycling.com\/cs\/2025\/08\/22\/je-hezke-kdyz-pogacar-neni-ve-startovce\/#primaryimage\",\"url\":\"https:\/\/d2p6e6u75xmxt8.cloudfront.net\/13\/2025\/08\/20250723TDF1184-1-scaled.webp\",\"contentUrl\":\"https:\/\/d2p6e6u75xmxt8.cloudfront.net\/13\/2025\/08\/20250723TDF1184-1-scaled.webp\",\"width\":2560,\"height\":1707,\"caption\":\"Jonas Vingegaard\"},{\"@type\":\"WebSite\",\"@id\":\"https:\/\/www.welovecycling.com\/cs\/#website\",\"url\":\"https:\/\/www.welovecycling.com\/cs\/\",\"name\":\"\u0160koda We Love Cycling - \u010cesk\u00e1 republika\",\"description\":\"WeLoveCycling.cz je online magaz\u00edn, kter\u00fd v\u00e1m pravideln\u011b p\u0159in\u00e1\u0161\u00ed rady a tipy, zaj\u00edmav\u00e9 \u010dl\u00e1nky, videa a jedine\u010dn\u00e9 report\u00e1\u017ee ze sv\u011bta cyklistiky.\",\"potentialAction\":[{\"@type\":\"SearchAction\",\"target\":{\"@type\":\"EntryPoint\",\"urlTemplate\":\"https:\/\/www.welovecycling.com\/cs\/?s={search_term_string}\"},\"query-input\":{\"@type\":\"PropertyValueSpecification\",\"valueRequired\":true,\"valueName\":\"search_term_string\"}}],\"inLanguage\":\"cs\"},{\"@type\":\"Person\",\"@id\":\"https:\/\/www.welovecycling.com\/cs\/#\/schema\/person\/d9eeb0a378f3a7e4a6d12d2b536b04b8\",\"name\":\"radekmalina\",\"image\":{\"@type\":\"ImageObject\",\"inLanguage\":\"cs\",\"@id\":\"https:\/\/www.welovecycling.com\/cs\/#\/schema\/person\/image\/\",\"url\":\"https:\/\/secure.gravatar.com\/avatar\/66994b632cb8c39a46b9f54afa3ae07201b678d32a54275b6f1c9ffec356bfc0?s=96&d=mm&r=g\",\"contentUrl\":\"https:\/\/secure.gravatar.com\/avatar\/66994b632cb8c39a46b9f54afa3ae07201b678d32a54275b6f1c9ffec356bfc0?s=96&d=mm&r=g\",\"caption\":\"radekmalina\"},\"url\":\"https:\/\/www.welovecycling.com\/cs\/author\/radekmalina\/\"}]}<\/script>\n<!-- \/ Yoast SEO Premium plugin. -->","yoast_head_json":{"title":"Je hezk\u00e9, kdy\u017e Poga\u010dar nen\u00ed ve startovce! | \u0160koda We Love Cycling - \u010cesk\u00e1 republika","description":"Spravit si chu\u0165 triumfem! Z Tour de France odj\u00ed\u017ed\u011bl zklaman\u00fd a pora\u017een\u00fd. Na Vuelt\u011b nechce za\u017e\u00edvat dal\u0161\u00ed nezdar. Jonas Vingegaard, l\u00eddr Visma Lease a Bike, douf\u00e1 p\u0159i t\u0159et\u00edm startu na \u0161pan\u011blsk\u00e9 Grand Tour ve v\u00edt\u011bzstv\u00ed! \"P\u0159ijel jsem pro v\u00fdhru,\" bere na sebe roli favorita.","robots":{"index":"index","follow":"follow","max-snippet":"max-snippet:-1","max-image-preview":"max-image-preview:large","max-video-preview":"max-video-preview:-1"},"canonical":"https:\/\/www.welovecycling.com\/cs\/2025\/08\/22\/je-hezke-kdyz-pogacar-neni-ve-startovce\/","og_locale":"cs_CZ","og_type":"article","og_title":"Je hezk\u00e9, kdy\u017e Poga\u010dar nen\u00ed ve startovce!","og_description":"Spravit si chu\u0165 triumfem! Z Tour de France odj\u00ed\u017ed\u011bl zklaman\u00fd a pora\u017een\u00fd. Na Vuelt\u011b nechce za\u017e\u00edvat dal\u0161\u00ed nezdar. Jonas Vingegaard, l\u00eddr Visma Lease a Bike, douf\u00e1 p\u0159i t\u0159et\u00edm startu na \u0161pan\u011blsk\u00e9 Grand Tour ve v\u00edt\u011bzstv\u00ed! \"P\u0159ijel jsem pro v\u00fdhru,\" bere na sebe roli favorita.","og_url":"https:\/\/www.welovecycling.com\/cs\/2025\/08\/22\/je-hezke-kdyz-pogacar-neni-ve-startovce\/","og_site_name":"\u0160koda We Love Cycling - \u010cesk\u00e1 republika","article_published_time":"2025-08-22T05:19:44+00:00","article_modified_time":"2025-08-22T10:41:02+00:00","og_image":[{"width":2560,"height":1707,"url":"https:\/\/d2p6e6u75xmxt8.cloudfront.net\/13\/2025\/08\/20250723TDF1184-1-scaled.webp","type":"image\/webp"}],"author":"radekmalina","twitter_card":"summary_large_image","twitter_misc":{"Written by":"We Love Cycling","Est. reading time":"3 minuty"},"schema":{"@context":"https:\/\/schema.org","@graph":[{"@type":"WebPage","@id":"https:\/\/www.welovecycling.com\/cs\/2025\/08\/22\/je-hezke-kdyz-pogacar-neni-ve-startovce\/","url":"https:\/\/www.welovecycling.com\/cs\/2025\/08\/22\/je-hezke-kdyz-pogacar-neni-ve-startovce\/","name":"Je hezk\u00e9, kdy\u017e Poga\u010dar nen\u00ed ve startovce! | \u0160koda We Love Cycling - \u010cesk\u00e1 republika","isPartOf":{"@id":"https:\/\/www.welovecycling.com\/cs\/#website"},"primaryImageOfPage":{"@id":"https:\/\/www.welovecycling.com\/cs\/2025\/08\/22\/je-hezke-kdyz-pogacar-neni-ve-startovce\/#primaryimage"},"image":{"@id":"https:\/\/www.welovecycling.com\/cs\/2025\/08\/22\/je-hezke-kdyz-pogacar-neni-ve-startovce\/#primaryimage"},"thumbnailUrl":"https:\/\/d2p6e6u75xmxt8.cloudfront.net\/13\/2025\/08\/20250723TDF1184-1-scaled.webp","datePublished":"2025-08-22T05:19:44+00:00","dateModified":"2025-08-22T10:41:02+00:00","author":{"@id":"https:\/\/www.welovecycling.com\/cs\/#\/schema\/person\/d9eeb0a378f3a7e4a6d12d2b536b04b8"},"description":"Spravit si chu\u0165 triumfem! Z Tour de France odj\u00ed\u017ed\u011bl zklaman\u00fd a pora\u017een\u00fd. Na Vuelt\u011b nechce za\u017e\u00edvat dal\u0161\u00ed nezdar. Jonas Vingegaard, l\u00eddr Visma Lease a Bike, douf\u00e1 p\u0159i t\u0159et\u00edm startu na \u0161pan\u011blsk\u00e9 Grand Tour ve v\u00edt\u011bzstv\u00ed! \"P\u0159ijel jsem pro v\u00fdhru,\" bere na sebe roli favorita.","inLanguage":"cs","potentialAction":[{"@type":"ReadAction","target":["https:\/\/www.welovecycling.com\/cs\/2025\/08\/22\/je-hezke-kdyz-pogacar-neni-ve-startovce\/"]}]},{"@type":"ImageObject","inLanguage":"cs","@id":"https:\/\/www.welovecycling.com\/cs\/2025\/08\/22\/je-hezke-kdyz-pogacar-neni-ve-startovce\/#primaryimage","url":"https:\/\/d2p6e6u75xmxt8.cloudfront.net\/13\/2025\/08\/20250723TDF1184-1-scaled.webp","contentUrl":"https:\/\/d2p6e6u75xmxt8.cloudfront.net\/13\/2025\/08\/20250723TDF1184-1-scaled.webp","width":2560,"height":1707,"caption":"Jonas Vingegaard"},{"@type":"WebSite","@id":"https:\/\/www.welovecycling.com\/cs\/#website","url":"https:\/\/www.welovecycling.com\/cs\/","name":"\u0160koda We Love Cycling - \u010cesk\u00e1 republika","description":"WeLoveCycling.cz je online magaz\u00edn, kter\u00fd v\u00e1m pravideln\u011b p\u0159in\u00e1\u0161\u00ed rady a tipy, zaj\u00edmav\u00e9 \u010dl\u00e1nky, videa a jedine\u010dn\u00e9 report\u00e1\u017ee ze sv\u011bta cyklistiky.","potentialAction":[{"@type":"SearchAction","target":{"@type":"EntryPoint","urlTemplate":"https:\/\/www.welovecycling.com\/cs\/?s={search_term_string}"},"query-input":{"@type":"PropertyValueSpecification","valueRequired":true,"valueName":"search_term_string"}}],"inLanguage":"cs"},{"@type":"Person","@id":"https:\/\/www.welovecycling.com\/cs\/#\/schema\/person\/d9eeb0a378f3a7e4a6d12d2b536b04b8","name":"radekmalina","image":{"@type":"ImageObject","inLanguage":"cs","@id":"https:\/\/www.welovecycling.com\/cs\/#\/schema\/person\/image\/","url":"https:\/\/secure.gravatar.com\/avatar\/66994b632cb8c39a46b9f54afa3ae07201b678d32a54275b6f1c9ffec356bfc0?s=96&d=mm&r=g","contentUrl":"https:\/\/secure.gravatar.com\/avatar\/66994b632cb8c39a46b9f54afa3ae07201b678d32a54275b6f1c9ffec356bfc0?s=96&d=mm&r=g","caption":"radekmalina"},"url":"https:\/\/www.welovecycling.com\/cs\/author\/radekmalina\/"}]}},"_links":{"self":[{"href":"https:\/\/www.welovecycling.com\/cs\/wp-json\/wp\/v2\/posts\/30715","targetHints":{"allow":["GET"]}}],"collection":[{"href":"https:\/\/www.welovecycling.com\/cs\/wp-json\/wp\/v2\/posts"}],"about":[{"href":"https:\/\/www.welovecycling.com\/cs\/wp-json\/wp\/v2\/types\/post"}],"author":[{"embeddable":true,"href":"https:\/\/www.welovecycling.com\/cs\/wp-json\/wp\/v2\/users\/138"}],"replies":[{"embeddable":true,"href":"https:\/\/www.welovecycling.com\/cs\/wp-json\/wp\/v2\/comments?post=30715"}],"version-history":[{"count":2,"href":"https:\/\/www.welovecycling.com\/cs\/wp-json\/wp\/v2\/posts\/30715\/revisions"}],"predecessor-version":[{"id":30737,"href":"https:\/\/www.welovecycling.com\/cs\/wp-json\/wp\/v2\/posts\/30715\/revisions\/30737"}],"wp:featuredmedia":[{"embeddable":true,"href":"https:\/\/www.welovecycling.com\/cs\/wp-json\/wp\/v2\/media\/30719"}],"wp:attachment":[{"href":"https:\/\/www.welovecycling.com\/cs\/wp-json\/wp\/v2\/media?parent=30715"}],"wp:term":[{"taxonomy":"category","embeddable":true,"href":"https:\/\/www.welovecycling.com\/cs\/wp-json\/wp\/v2\/categories?post=30715"},{"taxonomy":"post_tag","embeddable":true,"href":"https:\/\/www.welovecycling.com\/cs\/wp-json\/wp\/v2\/tags?post=30715"},{"taxonomy":"global-categories","embeddable":true,"href":"https:\/\/www.welovecycling.com\/cs\/wp-json\/wp\/v2\/global-categories?post=30715"}],"curies":[{"name":"wp","href":"https:\/\/api.w.org\/{rel}","templated":true}]}}