{"id":30703,"date":"2025-08-21T21:28:02","date_gmt":"2025-08-21T19:28:02","guid":{"rendered":"https:\/\/www.welovecycling.com\/cs\/?p=30703"},"modified":"2025-08-22T09:11:46","modified_gmt":"2025-08-22T07:11:46","slug":"triple-everesting-svetovy-rekord-s-ceskym-rukopisem","status":"publish","type":"post","link":"https:\/\/www.welovecycling.com\/cs\/2025\/08\/21\/triple-everesting-svetovy-rekord-s-ceskym-rukopisem\/","title":{"rendered":"Triple everesting: sv\u011btov\u00fd rekord s \u010desk\u00fdm rukopisem!"},"content":{"rendered":"<p><strong>V neuv\u011b\u0159iteln\u00e9m v\u00fdkonu vytrvalosti, odhodl\u00e1n\u00ed a \u0161petky \u0161\u00edlenstv\u00ed p\u0159ekonal rakousk\u00fd ultra cyklista Max Riese sv\u011btov\u00fd rekord ve v\u00fdzv\u011b, kterou by v\u011bt\u0161ina z n\u00e1s odm\u00edtla u\u017e p\u0159i prvn\u00edm \u010dten\u00ed! Triple Everesting, tedy t\u0159ikr\u00e1t nastoupat v\u00fd\u0161ku Mount Everestu. Poda\u0159ilo se nedaleko Salzburgu, kde vystoupal na sv\u016fj dom\u00e1c\u00ed kopec Gaisberg t\u0159iadevades\u00e1tkr\u00e1t za sebou. V noh\u00e1ch m\u011bl p\u0159es 26 533 v\u00fd\u0161kov\u00fdch metr\u016f, kter\u00e9 poko\u0159il v \u010dase 37 hodin 37 minut!<\/strong><\/p>\n<p>\u201eNen\u00ed to v\u00fdzva, kterou bych doporu\u010dil d\u00e1l \u2013 ale je moje,\u201c \u0159ekl Max Riese kr\u00e1tce pot\u00e9, co triple everesting \u00fasp\u011b\u0161n\u011b uzav\u0159el. A\u010dkoliv \u0161lo o extr\u00e9mn\u00ed fyzick\u00e9 i psychick\u00e9 zat\u00ed\u017een\u00ed, neztratil rakousk\u00fd cyklista kontrolu. Hned po v\u00fdkonu zam\u00ed\u0159il na toaletu, pak si dal sprchu a podle slov jeho nejbli\u017e\u0161\u00edch \u201evypadal docela sv\u011b\u017ee\u201c.<\/p>\n<figure id=\"attachment_30731\" aria-describedby=\"caption-attachment-30731\" style=\"width: 1080px\" class=\"wp-caption alignnone\"><a href=\"https:\/\/d2p6e6u75xmxt8.cloudfront.net\/13\/2025\/08\/DSC03363.webp\"><img loading=\"lazy\" decoding=\"async\" class=\"size-full wp-image-30731\" src=\"https:\/\/d2p6e6u75xmxt8.cloudfront.net\/13\/2025\/08\/DSC03363.webp\" alt=\"\" width=\"1080\" height=\"810\" srcset=\"https:\/\/d2p6e6u75xmxt8.cloudfront.net\/13\/2025\/08\/DSC03363.webp 1080w, https:\/\/d2p6e6u75xmxt8.cloudfront.net\/13\/2025\/08\/DSC03363-300x225.webp 300w, https:\/\/d2p6e6u75xmxt8.cloudfront.net\/13\/2025\/08\/DSC03363-1024x768.webp 1024w, https:\/\/d2p6e6u75xmxt8.cloudfront.net\/13\/2025\/08\/DSC03363-768x576.webp 768w, https:\/\/d2p6e6u75xmxt8.cloudfront.net\/13\/2025\/08\/DSC03363-400x300.webp 400w\" sizes=\"auto, (max-width: 1080px) 100vw, 1080px\" \/><\/a><figcaption id=\"caption-attachment-30731\" class=\"wp-caption-text\"><em>Max Riese (vpravo) vytvo\u0159il nov\u00fd sv\u011btov\u00fd rekord v discipl\u00edn\u011b triple everesting, p\u0159i\u010dem\u017e k historick\u00e9mu z\u00e1pisu jej dovezlo i sedlo od \u010desk\u00e9 zna\u010dky Posedla.<\/em><\/figcaption><\/figure>\n<p>V\u00fdzva nem\u011bla b\u00fdt o \u010d\u00edslech, titulech nebo sl\u00e1v\u011b. M\u011bla b\u00fdt osobn\u00ed. A taky byla. Max Riese za\u010dal zostra \u2013 prvn\u00ed hodiny dr\u017eel tempo 1 000 VAM, v noci zvolnil na 750 VAM. Bojoval s \u00fanavou, tmou a bl\u00ed\u017e\u00edc\u00edmi se halucinacemi.<\/p>\n<h2><strong>Triple everesting, aneb kdy\u017e nastane ticho noci<\/strong><\/h2>\n<p>Po dvaceti hodin\u00e1ch se \u00fanava zakousla naplno. Max Riese pot\u0159eboval psychickou vzpruhu \u2013 a ta p\u0159i\u0161la. V dob\u011b mezi 2. a 4. hodinou rann\u00ed s n\u00edm na Gaisberg vyrazil kamar\u00e1d.<\/p>\n<p><a href=\"https:\/\/d2p6e6u75xmxt8.cloudfront.net\/13\/2025\/08\/DSC03592-1.webp\"><img loading=\"lazy\" decoding=\"async\" class=\"alignnone size-full wp-image-30725\" src=\"https:\/\/d2p6e6u75xmxt8.cloudfront.net\/13\/2025\/08\/DSC03592-1.webp\" alt=\"\" width=\"1080\" height=\"810\" srcset=\"https:\/\/d2p6e6u75xmxt8.cloudfront.net\/13\/2025\/08\/DSC03592-1.webp 1080w, https:\/\/d2p6e6u75xmxt8.cloudfront.net\/13\/2025\/08\/DSC03592-1-300x225.webp 300w, https:\/\/d2p6e6u75xmxt8.cloudfront.net\/13\/2025\/08\/DSC03592-1-1024x768.webp 1024w, https:\/\/d2p6e6u75xmxt8.cloudfront.net\/13\/2025\/08\/DSC03592-1-768x576.webp 768w, https:\/\/d2p6e6u75xmxt8.cloudfront.net\/13\/2025\/08\/DSC03592-1-400x300.webp 400w\" sizes=\"auto, (max-width: 1080px) 100vw, 1080px\" \/><\/a><\/p>\n<p>\u201eVe dv\u011b r\u00e1no vypadal Max Riese jako zombie,\u201c p\u0159iznal jeden z \u010dlen\u016f t\u00fdmu <a href=\"https:\/\/www.welovecycling.com\/cs\/2025\/05\/01\/posedla-predstavuji-zcela-novou-radu-joyseat\/\">Posedla<\/a>, \u010desk\u00e9 zna\u010dky produkuj\u00edc\u00ed sedla na m\u00edru, kter\u00e9 rakousk\u00fd ultracyklista p\u0159i p\u0159ekon\u00e1n\u00ed sv\u011btov\u00e9ho rekordu pou\u017eil. \u201eAle kdy\u017e m\u011bl vedle sebe n\u011bkoho dal\u0161\u00edho, z\u00e1zra\u010dn\u011b o\u017eil.\u201c<\/p>\n<p><a href=\"https:\/\/d2p6e6u75xmxt8.cloudfront.net\/13\/2025\/08\/DSC03109-scaled.webp\"><img loading=\"lazy\" decoding=\"async\" class=\"alignnone size-extra-large wp-image-30704\" src=\"https:\/\/d2p6e6u75xmxt8.cloudfront.net\/13\/2025\/08\/DSC03109-1441x1920.webp\" alt=\"\" width=\"1441\" height=\"1920\" srcset=\"https:\/\/d2p6e6u75xmxt8.cloudfront.net\/13\/2025\/08\/DSC03109-1441x1920.webp 1441w, https:\/\/d2p6e6u75xmxt8.cloudfront.net\/13\/2025\/08\/DSC03109-225x300.webp 225w, https:\/\/d2p6e6u75xmxt8.cloudfront.net\/13\/2025\/08\/DSC03109-769x1024.webp 769w, https:\/\/d2p6e6u75xmxt8.cloudfront.net\/13\/2025\/08\/DSC03109-768x1023.webp 768w, https:\/\/d2p6e6u75xmxt8.cloudfront.net\/13\/2025\/08\/DSC03109-1153x1536.webp 1153w, https:\/\/d2p6e6u75xmxt8.cloudfront.net\/13\/2025\/08\/DSC03109-1537x2048.webp 1537w, https:\/\/d2p6e6u75xmxt8.cloudfront.net\/13\/2025\/08\/DSC03109-300x400.webp 300w, https:\/\/d2p6e6u75xmxt8.cloudfront.net\/13\/2025\/08\/DSC03109-scaled.webp 1922w, https:\/\/d2p6e6u75xmxt8.cloudfront.net\/13\/2025\/08\/DSC03109-1441x1920.webp 1441w\" sizes=\"auto, (max-width: 1441px) 100vw, 1441px\" \/><\/a><\/p>\n<p>Od \u0161est\u00e9 rann\u00ed se k rakousk\u00e9mu cyklistovi p\u0159id\u00e1vali dal\u0161\u00ed p\u0159\u00e1tel\u00e9 a s \u00fasvitem se vr\u00e1tilo i tempo \u2014 Max znovu \u0161lapal 1 000 metr\u016f za hodinu a sm\u011b\u0159oval neochv\u011bjn\u011b k c\u00edli.<\/p>\n<div class=\"shortcode-ys-post-pinup\"><article class=\"loop-simple post-28234 post type-post status-publish format-standard has-post-thumbnail hentry category-gravel tag-classified-x-rose tag-cyklistika tag-gravel tag-posedla tag-thomas-de-gendt global-categories-cycling\" data-postid=\"28234\" role=\"article\" data-post-id=\"28234\" data-word-count=\"790\" data-headline-length=\"69\" data-category=\"Gravel\" data-global-category=\"Cycling\" data-author=\"Radek Malina\" data-published=\"2025-02-13T08:53:47+02:00\" data-published-day=\"Thursday\">\n    <div class=\"entry-thumbnail article-thumbnail\" content=\"https:\/\/d2p6e6u75xmxt8.cloudfront.net\/13\/2025\/02\/brazodehierro_classified-X-rosebikes_portraits_team-4960-1-150x150.webp\"><a href=\"https:\/\/www.welovecycling.com\/cs\/2025\/02\/13\/ahoj-kluci-budeme-spolupracovat-hvezda-world-tour-oslovila-posedla\/\" class=\"image-holder\" target=\"_self\"><img decoding=\"async\" loading=\"lazy\" class=\"\" src=\"https:\/\/d2p6e6u75xmxt8.cloudfront.net\/13\/2025\/02\/brazodehierro_classified-X-rosebikes_portraits_team-4960-1-1024x683.webp\" srcset=\"https:\/\/d2p6e6u75xmxt8.cloudfront.net\/13\/2025\/02\/brazodehierro_classified-X-rosebikes_portraits_team-4960-1-scaled.webp 2560w, https:\/\/d2p6e6u75xmxt8.cloudfront.net\/13\/2025\/02\/brazodehierro_classified-X-rosebikes_portraits_team-4960-1-300x200.webp 300w, https:\/\/d2p6e6u75xmxt8.cloudfront.net\/13\/2025\/02\/brazodehierro_classified-X-rosebikes_portraits_team-4960-1-1024x683.webp 1024w, https:\/\/d2p6e6u75xmxt8.cloudfront.net\/13\/2025\/02\/brazodehierro_classified-X-rosebikes_portraits_team-4960-1-768x512.webp 768w, https:\/\/d2p6e6u75xmxt8.cloudfront.net\/13\/2025\/02\/brazodehierro_classified-X-rosebikes_portraits_team-4960-1-1536x1025.webp 1536w, https:\/\/d2p6e6u75xmxt8.cloudfront.net\/13\/2025\/02\/brazodehierro_classified-X-rosebikes_portraits_team-4960-1-2048x1366.webp 2048w, https:\/\/d2p6e6u75xmxt8.cloudfront.net\/13\/2025\/02\/brazodehierro_classified-X-rosebikes_portraits_team-4960-1-1920x1281.webp 1920w, https:\/\/d2p6e6u75xmxt8.cloudfront.net\/13\/2025\/02\/brazodehierro_classified-X-rosebikes_portraits_team-4960-1-400x267.webp 400w, https:\/\/d2p6e6u75xmxt8.cloudfront.net\/13\/2025\/02\/brazodehierro_classified-X-rosebikes_portraits_team-4960-1-272x182.webp 272w, https:\/\/d2p6e6u75xmxt8.cloudfront.net\/13\/2025\/02\/brazodehierro_classified-X-rosebikes_portraits_team-4960-1-1920x1281.webp 1920w\" width=\"1024\" height=\"683\" sizes=\"auto, (min-width: 1200px) 300px, (min-width: 768px) 25vw, 100vw\" alt=\"ahoj-kluci-budeme-spolupracovat-hvezda-world-tour-oslovila-posedla\"\/><\/a><\/div>    <div class=\"entry-meta\">\n        <a class=\"label label-secondary post-category\" href=\"https:\/\/www.welovecycling.com\/cs\/category\/gravel\/\" title=\"Gravel\">Gravel<\/a>\n    <\/div>\n    <div class=\"entry-details\">\n        <a href=\"https:\/\/www.welovecycling.com\/cs\/2025\/02\/13\/ahoj-kluci-budeme-spolupracovat-hvezda-world-tour-oslovila-posedla\/\" class='entry-title-wrapper'>\n            <h3 class=\"entry-title\"><span>Ahoj kluci, budeme spolupracovat? Hv\u011bzda World Tour oslovila Posedla<\/span><\/h3>\n        <\/a>\n    <\/div>\n    <\/article>\n<\/div>\n<p>Z\u00e1v\u011br cel\u00e9 v\u00fdzvy? Posledn\u00ed t\u0159i hodiny p\u0159inesly po\u0159\u00e1dnou porci nepohody. Hust\u00fd d\u00e9\u0161\u0165 zkomplikoval sjezdy, Max Riese musel b\u00fdt extr\u00e9mn\u011b opatrn\u00fd a ztratil t\u00edm cenn\u00e9 minuty. Absolutn\u00ed zkou\u0161ka mor\u00e1lu.<\/p>\n<p><a href=\"https:\/\/d2p6e6u75xmxt8.cloudfront.net\/13\/2025\/08\/DSC03277-1-scaled.webp\"><img loading=\"lazy\" decoding=\"async\" class=\"alignnone size-extra-large wp-image-30730\" src=\"https:\/\/d2p6e6u75xmxt8.cloudfront.net\/13\/2025\/08\/DSC03277-1-1920x1441.webp\" alt=\"\" width=\"1920\" height=\"1441\" srcset=\"https:\/\/d2p6e6u75xmxt8.cloudfront.net\/13\/2025\/08\/DSC03277-1-1920x1441.webp 1920w, https:\/\/d2p6e6u75xmxt8.cloudfront.net\/13\/2025\/08\/DSC03277-1-300x225.webp 300w, https:\/\/d2p6e6u75xmxt8.cloudfront.net\/13\/2025\/08\/DSC03277-1-1024x769.webp 1024w, https:\/\/d2p6e6u75xmxt8.cloudfront.net\/13\/2025\/08\/DSC03277-1-768x576.webp 768w, https:\/\/d2p6e6u75xmxt8.cloudfront.net\/13\/2025\/08\/DSC03277-1-1536x1153.webp 1536w, https:\/\/d2p6e6u75xmxt8.cloudfront.net\/13\/2025\/08\/DSC03277-1-2048x1537.webp 2048w, https:\/\/d2p6e6u75xmxt8.cloudfront.net\/13\/2025\/08\/DSC03277-1-400x300.webp 400w, https:\/\/d2p6e6u75xmxt8.cloudfront.net\/13\/2025\/08\/DSC03277-1-1920x1441.webp 1920w\" sizes=\"auto, (max-width: 1920px) 100vw, 1920px\" \/><\/a><\/p>\n<p>Posledn\u00edch n\u011bkolik stoup\u00e1n\u00ed doj\u00ed\u017ed\u011bl prom\u00e1\u010den\u00fd v hust\u00e9m de\u0161ti. Ale nezastavil. &#8222;Tenhle rekord je \u0161\u00edlenost. Ale pro m\u011b samotn\u00e9ho m\u011bl smysl,&#8220; komentoval sv\u016fj triple everesting.<\/p>\n<p><a href=\"https:\/\/d2p6e6u75xmxt8.cloudfront.net\/13\/2025\/08\/DSC04011-1.webp\"><img loading=\"lazy\" decoding=\"async\" class=\"alignnone size-full wp-image-30726\" src=\"https:\/\/d2p6e6u75xmxt8.cloudfront.net\/13\/2025\/08\/DSC04011-1.webp\" alt=\"\" width=\"1080\" height=\"810\" srcset=\"https:\/\/d2p6e6u75xmxt8.cloudfront.net\/13\/2025\/08\/DSC04011-1.webp 1080w, https:\/\/d2p6e6u75xmxt8.cloudfront.net\/13\/2025\/08\/DSC04011-1-300x225.webp 300w, https:\/\/d2p6e6u75xmxt8.cloudfront.net\/13\/2025\/08\/DSC04011-1-1024x768.webp 1024w, https:\/\/d2p6e6u75xmxt8.cloudfront.net\/13\/2025\/08\/DSC04011-1-768x576.webp 768w, https:\/\/d2p6e6u75xmxt8.cloudfront.net\/13\/2025\/08\/DSC04011-1-400x300.webp 400w\" sizes=\"auto, (max-width: 1080px) 100vw, 1080px\" \/><\/a><\/p>\n<p>Max Riese absolvoval v\u00fdzvu na lehk\u00e9m vrcha\u0159sk\u00e9m kole od Cerv\u00e9lo, v oble\u010den\u00ed od 7mesh, s cyklopo\u010d\u00edta\u010dem Coros a na m\u00edru vyti\u0161t\u011bn\u00e9m sedle Posedla Joyseat Ultra \u2013 stejn\u00e9m modelu, kter\u00fd pou\u017e\u00edvaj\u00ed elitn\u00ed gravel z\u00e1vodn\u00edci. Obut\u00ed zajistily tretry Quoc. A po v\u00edce ne\u017e 37 hodin\u00e1ch? St\u011b\u017eoval si jen na bolav\u00e1 kolena a velkou spot\u0159ebu chamois kr\u00e9mu.<\/p>\n<h2><strong>Max Riese a jeho rekord v \u010d\u00edslech<\/strong><\/h2>\n<p><strong>Celkov\u00fd \u010das<\/strong>: 37 hodin 37 minut. <strong>Nastoupan\u00e9 metry<\/strong>: 26 533 metr\u016f. <strong>Pr\u016fm\u011brn\u00e9 VAM<\/strong>: 760 m\/h (na z\u00e1klad\u011b \u010dasu aktivity 34h 57 min). <strong>Po\u010det v\u00fdjezd\u016f<\/strong>: 93. <strong>Rekord p\u0159ekon\u00e1n o<\/strong>: 2 hodiny a 50 minut (oproti Jakobu Wagenhoferovi, p\u0159edchoz\u00edmu dr\u017eiteli rekordu)<\/p>\n<p><em>Foto: Posedla\/Mark\u00e9ta B\u011bl\u00edkov\u00e1<\/em><\/p>\n","protected":false},"excerpt":{"rendered":"<p>V neuv\u011b\u0159iteln\u00e9m v\u00fdkonu vytrvalosti, odhodl\u00e1n\u00ed a \u0161petky \u0161\u00edlenstv\u00ed p\u0159ekonal rakousk\u00fd ultra cyklista Max Riese sv\u011btov\u00fd rekord ve v\u00fdzv\u011b, kterou by [&hellip;]<\/p>\n","protected":false},"author":138,"featured_media":30711,"comment_status":"open","ping_status":"open","sticky":false,"template":"","format":"standard","meta":{"footnotes":""},"categories":[10],"tags":[126,4342,4343,9,2606,4341],"global-categories":[411],"class_list":["post-30703","post","type-post","status-publish","format-standard","has-post-thumbnail","hentry","category-silnicni-cyklistika","tag-cyklistika","tag-max-riese","tag-poedla","tag-silnicni-cyklistika","tag-svetovy-rekord","tag-triple-everesting","global-categories-cycling"],"yoast_head":"<!-- This site is optimized with the Yoast SEO Premium plugin v25.3 (Yoast SEO v25.9) - https:\/\/yoast.com\/wordpress\/plugins\/seo\/ -->\n<title>Triple everesting: sv\u011btov\u00fd rekord s \u010desk\u00fdm rukopisem! | \u0160koda We Love Cycling - \u010cesk\u00e1 republika<\/title>\n<meta name=\"description\" content=\"V neuv\u011b\u0159iteln\u00e9m v\u00fdkonu vytrvalosti, odhodl\u00e1n\u00ed a \u0161petky \u0161\u00edlenstv\u00ed p\u0159ekonal rakousk\u00fd ultra cyklista Max Riese sv\u011btov\u00fd rekord ve v\u00fdzv\u011b, kterou by v\u011bt\u0161ina z n\u00e1s odm\u00edtla u\u017e p\u0159i prvn\u00edm \u010dten\u00ed! Triple Everesting, tedy t\u0159ikr\u00e1t nastoupat v\u00fd\u0161ku Mount Everestu. Poda\u0159ilo se nedaleko Salzburgu, kde vystoupal na sv\u016fj dom\u00e1c\u00ed kopec Gaisberg t\u0159iadevades\u00e1tkr\u00e1t za sebou. V noh\u00e1ch m\u011bl p\u0159es 26 533 v\u00fd\u0161kov\u00fdch metr\u016f, kter\u00e9 poko\u0159il v \u010dase 37 hodin 37 minut!\" \/>\n<meta name=\"robots\" content=\"index, follow, max-snippet:-1, max-image-preview:large, max-video-preview:-1\" \/>\n<link rel=\"canonical\" href=\"https:\/\/www.welovecycling.com\/cs\/2025\/08\/21\/triple-everesting-svetovy-rekord-s-ceskym-rukopisem\/\" \/>\n<meta property=\"og:locale\" content=\"cs_CZ\" \/>\n<meta property=\"og:type\" content=\"article\" \/>\n<meta property=\"og:title\" content=\"Triple everesting: sv\u011btov\u00fd rekord s \u010desk\u00fdm rukopisem!\" \/>\n<meta property=\"og:description\" content=\"V neuv\u011b\u0159iteln\u00e9m v\u00fdkonu vytrvalosti, odhodl\u00e1n\u00ed a \u0161petky \u0161\u00edlenstv\u00ed p\u0159ekonal rakousk\u00fd ultra cyklista Max Riese sv\u011btov\u00fd rekord ve v\u00fdzv\u011b, kterou by v\u011bt\u0161ina z n\u00e1s odm\u00edtla u\u017e p\u0159i prvn\u00edm \u010dten\u00ed! Triple Everesting, tedy t\u0159ikr\u00e1t nastoupat v\u00fd\u0161ku Mount Everestu. Poda\u0159ilo se nedaleko Salzburgu, kde vystoupal na sv\u016fj dom\u00e1c\u00ed kopec Gaisberg t\u0159iadevades\u00e1tkr\u00e1t za sebou. V noh\u00e1ch m\u011bl p\u0159es 26 533 v\u00fd\u0161kov\u00fdch metr\u016f, kter\u00e9 poko\u0159il v \u010dase 37 hodin 37 minut!\" \/>\n<meta property=\"og:url\" content=\"https:\/\/www.welovecycling.com\/cs\/2025\/08\/21\/triple-everesting-svetovy-rekord-s-ceskym-rukopisem\/\" \/>\n<meta property=\"og:site_name\" content=\"\u0160koda We Love Cycling - \u010cesk\u00e1 republika\" \/>\n<meta property=\"article:published_time\" content=\"2025-08-21T19:28:02+00:00\" \/>\n<meta property=\"article:modified_time\" content=\"2025-08-22T07:11:46+00:00\" \/>\n<meta property=\"og:image\" content=\"https:\/\/d2p6e6u75xmxt8.cloudfront.net\/13\/2025\/08\/DSC03652-scaled.webp\" \/>\n\t<meta property=\"og:image:width\" content=\"2560\" \/>\n\t<meta property=\"og:image:height\" content=\"1922\" \/>\n\t<meta property=\"og:image:type\" content=\"image\/webp\" \/>\n<meta name=\"author\" content=\"radekmalina\" \/>\n<meta name=\"twitter:card\" content=\"summary_large_image\" \/>\n<meta name=\"twitter:label1\" content=\"Written by\" \/>\n\t<meta name=\"twitter:data1\" content=\"Radek Malina\" \/>\n\t<meta name=\"twitter:label2\" content=\"Est. reading time\" \/>\n\t<meta name=\"twitter:data2\" content=\"5\" \/>\n<script type=\"application\/ld+json\" class=\"yoast-schema-graph\">{\"@context\":\"https:\/\/schema.org\",\"@graph\":[{\"@type\":\"WebPage\",\"@id\":\"https:\/\/www.welovecycling.com\/cs\/2025\/08\/21\/triple-everesting-svetovy-rekord-s-ceskym-rukopisem\/\",\"url\":\"https:\/\/www.welovecycling.com\/cs\/2025\/08\/21\/triple-everesting-svetovy-rekord-s-ceskym-rukopisem\/\",\"name\":\"Triple everesting: sv\u011btov\u00fd rekord s \u010desk\u00fdm rukopisem! | \u0160koda We Love Cycling - \u010cesk\u00e1 republika\",\"isPartOf\":{\"@id\":\"https:\/\/www.welovecycling.com\/cs\/#website\"},\"primaryImageOfPage\":{\"@id\":\"https:\/\/www.welovecycling.com\/cs\/2025\/08\/21\/triple-everesting-svetovy-rekord-s-ceskym-rukopisem\/#primaryimage\"},\"image\":{\"@id\":\"https:\/\/www.welovecycling.com\/cs\/2025\/08\/21\/triple-everesting-svetovy-rekord-s-ceskym-rukopisem\/#primaryimage\"},\"thumbnailUrl\":\"https:\/\/d2p6e6u75xmxt8.cloudfront.net\/13\/2025\/08\/DSC03652-scaled.webp\",\"datePublished\":\"2025-08-21T19:28:02+00:00\",\"dateModified\":\"2025-08-22T07:11:46+00:00\",\"author\":{\"@id\":\"https:\/\/www.welovecycling.com\/cs\/#\/schema\/person\/d9eeb0a378f3a7e4a6d12d2b536b04b8\"},\"description\":\"V neuv\u011b\u0159iteln\u00e9m v\u00fdkonu vytrvalosti, odhodl\u00e1n\u00ed a \u0161petky \u0161\u00edlenstv\u00ed p\u0159ekonal rakousk\u00fd ultra cyklista Max Riese sv\u011btov\u00fd rekord ve v\u00fdzv\u011b, kterou by v\u011bt\u0161ina z n\u00e1s odm\u00edtla u\u017e p\u0159i prvn\u00edm \u010dten\u00ed! Triple Everesting, tedy t\u0159ikr\u00e1t nastoupat v\u00fd\u0161ku Mount Everestu. Poda\u0159ilo se nedaleko Salzburgu, kde vystoupal na sv\u016fj dom\u00e1c\u00ed kopec Gaisberg t\u0159iadevades\u00e1tkr\u00e1t za sebou. V noh\u00e1ch m\u011bl p\u0159es 26 533 v\u00fd\u0161kov\u00fdch metr\u016f, kter\u00e9 poko\u0159il v \u010dase 37 hodin 37 minut!\",\"inLanguage\":\"cs\",\"potentialAction\":[{\"@type\":\"ReadAction\",\"target\":[\"https:\/\/www.welovecycling.com\/cs\/2025\/08\/21\/triple-everesting-svetovy-rekord-s-ceskym-rukopisem\/\"]}]},{\"@type\":\"ImageObject\",\"inLanguage\":\"cs\",\"@id\":\"https:\/\/www.welovecycling.com\/cs\/2025\/08\/21\/triple-everesting-svetovy-rekord-s-ceskym-rukopisem\/#primaryimage\",\"url\":\"https:\/\/d2p6e6u75xmxt8.cloudfront.net\/13\/2025\/08\/DSC03652-scaled.webp\",\"contentUrl\":\"https:\/\/d2p6e6u75xmxt8.cloudfront.net\/13\/2025\/08\/DSC03652-scaled.webp\",\"width\":2560,\"height\":1922,\"caption\":\"Max Riese Triple everesting\"},{\"@type\":\"WebSite\",\"@id\":\"https:\/\/www.welovecycling.com\/cs\/#website\",\"url\":\"https:\/\/www.welovecycling.com\/cs\/\",\"name\":\"\u0160koda We Love Cycling - \u010cesk\u00e1 republika\",\"description\":\"WeLoveCycling.cz je online magaz\u00edn, kter\u00fd v\u00e1m pravideln\u011b p\u0159in\u00e1\u0161\u00ed rady a tipy, zaj\u00edmav\u00e9 \u010dl\u00e1nky, videa a jedine\u010dn\u00e9 report\u00e1\u017ee ze sv\u011bta cyklistiky.\",\"potentialAction\":[{\"@type\":\"SearchAction\",\"target\":{\"@type\":\"EntryPoint\",\"urlTemplate\":\"https:\/\/www.welovecycling.com\/cs\/?s={search_term_string}\"},\"query-input\":{\"@type\":\"PropertyValueSpecification\",\"valueRequired\":true,\"valueName\":\"search_term_string\"}}],\"inLanguage\":\"cs\"},{\"@type\":\"Person\",\"@id\":\"https:\/\/www.welovecycling.com\/cs\/#\/schema\/person\/d9eeb0a378f3a7e4a6d12d2b536b04b8\",\"name\":\"radekmalina\",\"image\":{\"@type\":\"ImageObject\",\"inLanguage\":\"cs\",\"@id\":\"https:\/\/www.welovecycling.com\/cs\/#\/schema\/person\/image\/\",\"url\":\"https:\/\/secure.gravatar.com\/avatar\/66994b632cb8c39a46b9f54afa3ae07201b678d32a54275b6f1c9ffec356bfc0?s=96&d=mm&r=g\",\"contentUrl\":\"https:\/\/secure.gravatar.com\/avatar\/66994b632cb8c39a46b9f54afa3ae07201b678d32a54275b6f1c9ffec356bfc0?s=96&d=mm&r=g\",\"caption\":\"radekmalina\"},\"url\":\"https:\/\/www.welovecycling.com\/cs\/author\/radekmalina\/\"}]}<\/script>\n<!-- \/ Yoast SEO Premium plugin. -->","yoast_head_json":{"title":"Triple everesting: sv\u011btov\u00fd rekord s \u010desk\u00fdm rukopisem! | \u0160koda We Love Cycling - \u010cesk\u00e1 republika","description":"V neuv\u011b\u0159iteln\u00e9m v\u00fdkonu vytrvalosti, odhodl\u00e1n\u00ed a \u0161petky \u0161\u00edlenstv\u00ed p\u0159ekonal rakousk\u00fd ultra cyklista Max Riese sv\u011btov\u00fd rekord ve v\u00fdzv\u011b, kterou by v\u011bt\u0161ina z n\u00e1s odm\u00edtla u\u017e p\u0159i prvn\u00edm \u010dten\u00ed! Triple Everesting, tedy t\u0159ikr\u00e1t nastoupat v\u00fd\u0161ku Mount Everestu. Poda\u0159ilo se nedaleko Salzburgu, kde vystoupal na sv\u016fj dom\u00e1c\u00ed kopec Gaisberg t\u0159iadevades\u00e1tkr\u00e1t za sebou. V noh\u00e1ch m\u011bl p\u0159es 26 533 v\u00fd\u0161kov\u00fdch metr\u016f, kter\u00e9 poko\u0159il v \u010dase 37 hodin 37 minut!","robots":{"index":"index","follow":"follow","max-snippet":"max-snippet:-1","max-image-preview":"max-image-preview:large","max-video-preview":"max-video-preview:-1"},"canonical":"https:\/\/www.welovecycling.com\/cs\/2025\/08\/21\/triple-everesting-svetovy-rekord-s-ceskym-rukopisem\/","og_locale":"cs_CZ","og_type":"article","og_title":"Triple everesting: sv\u011btov\u00fd rekord s \u010desk\u00fdm rukopisem!","og_description":"V neuv\u011b\u0159iteln\u00e9m v\u00fdkonu vytrvalosti, odhodl\u00e1n\u00ed a \u0161petky \u0161\u00edlenstv\u00ed p\u0159ekonal rakousk\u00fd ultra cyklista Max Riese sv\u011btov\u00fd rekord ve v\u00fdzv\u011b, kterou by v\u011bt\u0161ina z n\u00e1s odm\u00edtla u\u017e p\u0159i prvn\u00edm \u010dten\u00ed! Triple Everesting, tedy t\u0159ikr\u00e1t nastoupat v\u00fd\u0161ku Mount Everestu. Poda\u0159ilo se nedaleko Salzburgu, kde vystoupal na sv\u016fj dom\u00e1c\u00ed kopec Gaisberg t\u0159iadevades\u00e1tkr\u00e1t za sebou. V noh\u00e1ch m\u011bl p\u0159es 26 533 v\u00fd\u0161kov\u00fdch metr\u016f, kter\u00e9 poko\u0159il v \u010dase 37 hodin 37 minut!","og_url":"https:\/\/www.welovecycling.com\/cs\/2025\/08\/21\/triple-everesting-svetovy-rekord-s-ceskym-rukopisem\/","og_site_name":"\u0160koda We Love Cycling - \u010cesk\u00e1 republika","article_published_time":"2025-08-21T19:28:02+00:00","article_modified_time":"2025-08-22T07:11:46+00:00","og_image":[{"width":2560,"height":1922,"url":"https:\/\/d2p6e6u75xmxt8.cloudfront.net\/13\/2025\/08\/DSC03652-scaled.webp","type":"image\/webp"}],"author":"radekmalina","twitter_card":"summary_large_image","twitter_misc":{"Written by":"Radek Malina","Est. reading time":"5"},"schema":{"@context":"https:\/\/schema.org","@graph":[{"@type":"WebPage","@id":"https:\/\/www.welovecycling.com\/cs\/2025\/08\/21\/triple-everesting-svetovy-rekord-s-ceskym-rukopisem\/","url":"https:\/\/www.welovecycling.com\/cs\/2025\/08\/21\/triple-everesting-svetovy-rekord-s-ceskym-rukopisem\/","name":"Triple everesting: sv\u011btov\u00fd rekord s \u010desk\u00fdm rukopisem! | \u0160koda We Love Cycling - \u010cesk\u00e1 republika","isPartOf":{"@id":"https:\/\/www.welovecycling.com\/cs\/#website"},"primaryImageOfPage":{"@id":"https:\/\/www.welovecycling.com\/cs\/2025\/08\/21\/triple-everesting-svetovy-rekord-s-ceskym-rukopisem\/#primaryimage"},"image":{"@id":"https:\/\/www.welovecycling.com\/cs\/2025\/08\/21\/triple-everesting-svetovy-rekord-s-ceskym-rukopisem\/#primaryimage"},"thumbnailUrl":"https:\/\/d2p6e6u75xmxt8.cloudfront.net\/13\/2025\/08\/DSC03652-scaled.webp","datePublished":"2025-08-21T19:28:02+00:00","dateModified":"2025-08-22T07:11:46+00:00","author":{"@id":"https:\/\/www.welovecycling.com\/cs\/#\/schema\/person\/d9eeb0a378f3a7e4a6d12d2b536b04b8"},"description":"V neuv\u011b\u0159iteln\u00e9m v\u00fdkonu vytrvalosti, odhodl\u00e1n\u00ed a \u0161petky \u0161\u00edlenstv\u00ed p\u0159ekonal rakousk\u00fd ultra cyklista Max Riese sv\u011btov\u00fd rekord ve v\u00fdzv\u011b, kterou by v\u011bt\u0161ina z n\u00e1s odm\u00edtla u\u017e p\u0159i prvn\u00edm \u010dten\u00ed! Triple Everesting, tedy t\u0159ikr\u00e1t nastoupat v\u00fd\u0161ku Mount Everestu. Poda\u0159ilo se nedaleko Salzburgu, kde vystoupal na sv\u016fj dom\u00e1c\u00ed kopec Gaisberg t\u0159iadevades\u00e1tkr\u00e1t za sebou. V noh\u00e1ch m\u011bl p\u0159es 26 533 v\u00fd\u0161kov\u00fdch metr\u016f, kter\u00e9 poko\u0159il v \u010dase 37 hodin 37 minut!","inLanguage":"cs","potentialAction":[{"@type":"ReadAction","target":["https:\/\/www.welovecycling.com\/cs\/2025\/08\/21\/triple-everesting-svetovy-rekord-s-ceskym-rukopisem\/"]}]},{"@type":"ImageObject","inLanguage":"cs","@id":"https:\/\/www.welovecycling.com\/cs\/2025\/08\/21\/triple-everesting-svetovy-rekord-s-ceskym-rukopisem\/#primaryimage","url":"https:\/\/d2p6e6u75xmxt8.cloudfront.net\/13\/2025\/08\/DSC03652-scaled.webp","contentUrl":"https:\/\/d2p6e6u75xmxt8.cloudfront.net\/13\/2025\/08\/DSC03652-scaled.webp","width":2560,"height":1922,"caption":"Max Riese Triple everesting"},{"@type":"WebSite","@id":"https:\/\/www.welovecycling.com\/cs\/#website","url":"https:\/\/www.welovecycling.com\/cs\/","name":"\u0160koda We Love Cycling - \u010cesk\u00e1 republika","description":"WeLoveCycling.cz je online magaz\u00edn, kter\u00fd v\u00e1m pravideln\u011b p\u0159in\u00e1\u0161\u00ed rady a tipy, zaj\u00edmav\u00e9 \u010dl\u00e1nky, videa a jedine\u010dn\u00e9 report\u00e1\u017ee ze sv\u011bta cyklistiky.","potentialAction":[{"@type":"SearchAction","target":{"@type":"EntryPoint","urlTemplate":"https:\/\/www.welovecycling.com\/cs\/?s={search_term_string}"},"query-input":{"@type":"PropertyValueSpecification","valueRequired":true,"valueName":"search_term_string"}}],"inLanguage":"cs"},{"@type":"Person","@id":"https:\/\/www.welovecycling.com\/cs\/#\/schema\/person\/d9eeb0a378f3a7e4a6d12d2b536b04b8","name":"radekmalina","image":{"@type":"ImageObject","inLanguage":"cs","@id":"https:\/\/www.welovecycling.com\/cs\/#\/schema\/person\/image\/","url":"https:\/\/secure.gravatar.com\/avatar\/66994b632cb8c39a46b9f54afa3ae07201b678d32a54275b6f1c9ffec356bfc0?s=96&d=mm&r=g","contentUrl":"https:\/\/secure.gravatar.com\/avatar\/66994b632cb8c39a46b9f54afa3ae07201b678d32a54275b6f1c9ffec356bfc0?s=96&d=mm&r=g","caption":"radekmalina"},"url":"https:\/\/www.welovecycling.com\/cs\/author\/radekmalina\/"}]}},"_links":{"self":[{"href":"https:\/\/www.welovecycling.com\/cs\/wp-json\/wp\/v2\/posts\/30703","targetHints":{"allow":["GET"]}}],"collection":[{"href":"https:\/\/www.welovecycling.com\/cs\/wp-json\/wp\/v2\/posts"}],"about":[{"href":"https:\/\/www.welovecycling.com\/cs\/wp-json\/wp\/v2\/types\/post"}],"author":[{"embeddable":true,"href":"https:\/\/www.welovecycling.com\/cs\/wp-json\/wp\/v2\/users\/138"}],"replies":[{"embeddable":true,"href":"https:\/\/www.welovecycling.com\/cs\/wp-json\/wp\/v2\/comments?post=30703"}],"version-history":[{"count":4,"href":"https:\/\/www.welovecycling.com\/cs\/wp-json\/wp\/v2\/posts\/30703\/revisions"}],"predecessor-version":[{"id":30732,"href":"https:\/\/www.welovecycling.com\/cs\/wp-json\/wp\/v2\/posts\/30703\/revisions\/30732"}],"wp:featuredmedia":[{"embeddable":true,"href":"https:\/\/www.welovecycling.com\/cs\/wp-json\/wp\/v2\/media\/30711"}],"wp:attachment":[{"href":"https:\/\/www.welovecycling.com\/cs\/wp-json\/wp\/v2\/media?parent=30703"}],"wp:term":[{"taxonomy":"category","embeddable":true,"href":"https:\/\/www.welovecycling.com\/cs\/wp-json\/wp\/v2\/categories?post=30703"},{"taxonomy":"post_tag","embeddable":true,"href":"https:\/\/www.welovecycling.com\/cs\/wp-json\/wp\/v2\/tags?post=30703"},{"taxonomy":"global-categories","embeddable":true,"href":"https:\/\/www.welovecycling.com\/cs\/wp-json\/wp\/v2\/global-categories?post=30703"}],"curies":[{"name":"wp","href":"https:\/\/api.w.org\/{rel}","templated":true}]}}