{"id":30684,"date":"2025-08-21T10:00:24","date_gmt":"2025-08-21T08:00:24","guid":{"rendered":"https:\/\/www.welovecycling.com\/cs\/?p=30684"},"modified":"2025-08-21T09:37:03","modified_gmt":"2025-08-21T07:37:03","slug":"jakub-otruba-ac-je-vuelta-extremni-strach-mi-nenahani","status":"publish","type":"post","link":"https:\/\/www.welovecycling.com\/cs\/2025\/08\/21\/jakub-otruba-ac-je-vuelta-extremni-strach-mi-nenahani\/","title":{"rendered":"Jakub Otruba: A\u010d je Vuelta extr\u00e9mn\u00ed, strach mi nenah\u00e1n\u00ed"},"content":{"rendered":"<p><strong>V\u00fdjime\u010dn\u00fd debut! Jubilejn\u00ed osmdes\u00e1t\u00fd ro\u010dn\u00edk Vuelty zahrnuj\u00edc\u00ed 54 tis\u00edc v\u00fd\u0161kov\u00fdch metr\u016f rozlo\u017een\u00fdch do jednadvaceti etap bude jeho premi\u00e9rou na Grand Tour! Jakub Otruba v dresu t\u00fdmu Caja Rural Seguros RGA zavr\u0161\u00ed premi\u00e9rovou sezonu ve \u0161pan\u011blsk\u00e9m t\u00fdmu na jednom ze t\u0159\u00ed nejv\u011bt\u0161\u00edch etapov\u00fdch z\u00e1vod\u016f planety startuj\u00edc\u00edm 23. srpna z Tur\u00edna. &#8222;C\u00edt\u00edm formu. M\u00e1m vybran\u00e9 etapy, kdy se pokus\u00edm z \u00faniku o v\u00fdsledek,&#8220; vypravuje sedmadvacetilet\u00fd rod\u00e1k z Olomouce.<\/strong><\/p>\n<p>Na p\u0159elomu \u010dervence a srpna absolvoval Jakub Otruba vysokohorsk\u00fd kemp v Ando\u0159e. Jednadvacet noc\u00ed v Pas de la Casa na hranici Andory a Francie bylo p\u0159edehrou nejv\u011bt\u0161\u00edmu z\u00e1vodu \u017eivota, b\u011bhem jeho\u017e 21 etap mus\u00ed poko\u0159it 54 tis\u00edc v\u00fd\u0161kov\u00fdch metr\u016f a mnoho legend\u00e1rn\u00edch stoup\u00e1n\u00ed. V italsk\u00e9m Tur\u00edn\u011b, kde Vuelta 2025 odstartuje, absolvoval ofici\u00e1ln\u00ed fotografov\u00e1n\u00ed a prvn\u00edmi dou\u0161ky ochutn\u00e1val prvn\u00ed Grand Tour \u017eivota&#8230;<\/p>\n<h2><strong>Kdy jste z\u00edskal definitivn\u00ed jistotu nominace pro \u0161pan\u011blskou Vueltu?<\/strong><\/h2>\n<p>Ofici\u00e1ln\u011b v polovin\u011b \u010dervence, ale se startem jsem po\u010d\u00edtal od poloviny kv\u011btna. T\u00fdm mi tehdy ozn\u00e1mil, \u017ee jsem v \u0161ir\u0161\u00ed nominaci a \u017ee by byli r\u00e1di, kdybych jel n\u011bkam do na vysokohorsk\u00e9 soust\u0159ed\u011bn\u00ed. Cht\u011bli\u00a0 zjistit efekt pro moje t\u011blo. J\u00e1 nikdy toti\u017e dlouhodob\u011b ve v\u00fd\u0161ce nebyl.<\/p>\n<h2><strong>Tud\u00ed\u017e jste je\u0161t\u011b v prvn\u00ed polovin\u011b sezony vyrazil na individu\u00e1ln\u00ed vysokohorsk\u00e9 soust\u0159ed\u011bn\u00ed?<\/strong><\/h2>\n<p>Ano. Byl jsem v \u010dervnu \u010dtrn\u00e1ct dn\u016f na kempu v Livignu. \u0160lo vlastn\u011b o test, zda pro m\u011b bude m\u00edt efekt t\u0159i t\u00fddny trvaj\u00edc\u00ed vysokohorsk\u00e9 soust\u0159ed\u011bn\u00ed, kter\u00e9 absolvoval vybran\u00fd t\u00fdm p\u0159ed Vueltou. Po Livignu jsem s nominaci u\u017e po\u010d\u00edtal.<\/p>\n<figure id=\"attachment_30693\" aria-describedby=\"caption-attachment-30693\" style=\"width: 1920px\" class=\"wp-caption alignnone\"><a href=\"https:\/\/d2p6e6u75xmxt8.cloudfront.net\/13\/2025\/08\/BrychtaJan_MR_Banovce_TT_20250626_160740_850_4673-scaled.webp\"><img loading=\"lazy\" decoding=\"async\" class=\"size-extra-large wp-image-30693\" src=\"https:\/\/d2p6e6u75xmxt8.cloudfront.net\/13\/2025\/08\/BrychtaJan_MR_Banovce_TT_20250626_160740_850_4673-1920x1280.webp\" alt=\"\" width=\"1920\" height=\"1280\" srcset=\"https:\/\/d2p6e6u75xmxt8.cloudfront.net\/13\/2025\/08\/BrychtaJan_MR_Banovce_TT_20250626_160740_850_4673-1920x1280.webp 1920w, https:\/\/d2p6e6u75xmxt8.cloudfront.net\/13\/2025\/08\/BrychtaJan_MR_Banovce_TT_20250626_160740_850_4673-300x200.webp 300w, https:\/\/d2p6e6u75xmxt8.cloudfront.net\/13\/2025\/08\/BrychtaJan_MR_Banovce_TT_20250626_160740_850_4673-1024x683.webp 1024w, https:\/\/d2p6e6u75xmxt8.cloudfront.net\/13\/2025\/08\/BrychtaJan_MR_Banovce_TT_20250626_160740_850_4673-768x512.webp 768w, https:\/\/d2p6e6u75xmxt8.cloudfront.net\/13\/2025\/08\/BrychtaJan_MR_Banovce_TT_20250626_160740_850_4673-1536x1024.webp 1536w, https:\/\/d2p6e6u75xmxt8.cloudfront.net\/13\/2025\/08\/BrychtaJan_MR_Banovce_TT_20250626_160740_850_4673-2048x1365.webp 2048w, https:\/\/d2p6e6u75xmxt8.cloudfront.net\/13\/2025\/08\/BrychtaJan_MR_Banovce_TT_20250626_160740_850_4673-400x267.webp 400w, https:\/\/d2p6e6u75xmxt8.cloudfront.net\/13\/2025\/08\/BrychtaJan_MR_Banovce_TT_20250626_160740_850_4673-272x182.webp 272w, https:\/\/d2p6e6u75xmxt8.cloudfront.net\/13\/2025\/08\/BrychtaJan_MR_Banovce_TT_20250626_160740_850_4673-1920x1280.webp 1920w\" sizes=\"auto, (max-width: 1920px) 100vw, 1920px\" \/><\/a><figcaption id=\"caption-attachment-30693\" class=\"wp-caption-text\"><em>Jakub Otruba p\u0159i \u010dasovce na mistrovstv\u00ed republiky. Foto: Jan Brychta\/\u010cesk\u00fd svaz cyklistiky (5x)<\/em><\/figcaption><\/figure>\n<h2><strong>Kdyby se u v\u00e1s neprojevil po pobytu ve vysok\u00e9 v\u00fd\u0161ce \u017e\u00e1dn\u00fd efekt, t\u00fdm by v\u00e1s nenominoval?<\/strong><\/h2>\n<p>Na n\u011bkoho tr\u00e9nink ve v\u00fd\u0161ce nem\u00e1 vliv. Z rozbor\u016f krve je mo\u017en\u00e9 ur\u010dit, jak se soust\u0159ed\u011bn\u00ed projevuje. N\u011bkdo m\u00e1 hodnoty po\u0159\u00e1d stejn\u00e9, a\u0165 je u mo\u0159e nebo ve vysok\u00e9 nadmo\u0159sk\u00e9 v\u00fd\u0161ce. V m\u00e9m p\u0159\u00edpad\u011b byl kemp p\u0159\u00ednosn\u00fd. Hodnoty hematokritu se zvedly pom\u011brn\u011b dost.<\/p>\n<h2><strong>V minulosti jste nikdy vysokohorsk\u00fd kemp nezkou\u0161el?<\/strong><\/h2>\n<p>Ne. Ani jsem nad t\u00edm nep\u0159em\u00fd\u0161lel. V\u017edy jsem kladl d\u016fraz na stravu, na tr\u00e9nink, na v\u00e1hu. A \u0159\u00edkal jsem si, \u017ee a\u017e budu m\u00edt dobrou v\u00e1hu, tak t\u0159eba dal\u0161\u00edm krokem m\u016f\u017ee b\u00fdt vysokohorsk\u00fd kemp.<\/p>\n<div class=\"shortcode-ys-post-pinup\"><article class=\"loop-simple post-30655 post type-post status-publish format-standard has-post-thumbnail hentry category-silnicni-cyklistika tag-cyklistika tag-jonas-vingegaard tag-silnicni-cyklistika tag-vuelta tag-vuelta-2025 tag-zdenek-stybar global-categories-cycling\" data-postid=\"30655\" role=\"article\" data-post-id=\"30655\" data-word-count=\"488\" data-headline-length=\"69\" data-category=\"Silni\u010dn\u00ed cyklistika\" data-global-category=\"Cycling\" data-author=\"We Love Cycling\" data-published=\"2025-08-18T14:41:52+02:00\" data-published-day=\"Monday\">\n    <div class=\"entry-thumbnail article-thumbnail\" content=\"https:\/\/d2p6e6u75xmxt8.cloudfront.net\/13\/2024\/07\/1800-x-1200-velky-150x150.webp\"><a href=\"https:\/\/www.welovecycling.com\/cs\/2025\/08\/18\/dva-lidri-davaji-logiku-ale-jonas-vingegaard-bude-neporazitelny\/\" class=\"image-holder\" target=\"_self\"><img decoding=\"async\" loading=\"lazy\" class=\"\" src=\"https:\/\/d2p6e6u75xmxt8.cloudfront.net\/13\/2024\/07\/1800-x-1200-velky-1024x683.webp\" srcset=\"https:\/\/d2p6e6u75xmxt8.cloudfront.net\/13\/2024\/07\/1800-x-1200-velky.webp 1800w, https:\/\/d2p6e6u75xmxt8.cloudfront.net\/13\/2024\/07\/1800-x-1200-velky-300x200.webp 300w, https:\/\/d2p6e6u75xmxt8.cloudfront.net\/13\/2024\/07\/1800-x-1200-velky-1024x683.webp 1024w, https:\/\/d2p6e6u75xmxt8.cloudfront.net\/13\/2024\/07\/1800-x-1200-velky-768x512.webp 768w, https:\/\/d2p6e6u75xmxt8.cloudfront.net\/13\/2024\/07\/1800-x-1200-velky-1536x1024.webp 1536w, https:\/\/d2p6e6u75xmxt8.cloudfront.net\/13\/2024\/07\/1800-x-1200-velky-400x267.webp 400w, https:\/\/d2p6e6u75xmxt8.cloudfront.net\/13\/2024\/07\/1800-x-1200-velky-272x182.webp 272w\" width=\"1024\" height=\"683\" sizes=\"auto, (min-width: 1200px) 300px, (min-width: 768px) 25vw, 100vw\" alt=\"dva-lidri-davaji-logiku-ale-jonas-vingegaard-bude-neporazitelny\"\/><\/a><\/div>    <div class=\"entry-meta\">\n        <a class=\"label label-secondary post-category\" href=\"https:\/\/www.welovecycling.com\/cs\/category\/silnicni-cyklistika\/\" title=\"Silni\u010dn\u00ed cyklistika\">Silni\u010dn\u00ed cyklistika<\/a>\n    <\/div>\n    <div class=\"entry-details\">\n        <a href=\"https:\/\/www.welovecycling.com\/cs\/2025\/08\/18\/dva-lidri-davaji-logiku-ale-jonas-vingegaard-bude-neporazitelny\/\" class='entry-title-wrapper'>\n            <h3 class=\"entry-title\"><span>Dva l\u00edd\u0159i d\u00e1vaj\u00ed logiku, ale Jonas Vingegaard bude neporaziteln\u00fd<\/span><\/h3>\n        <\/a>\n    <\/div>\n    <\/article>\n<\/div>\n<h2><strong>Z hlediska hmotnosti na v\u00e1s t\u00fdm netla\u010dil, \u017ee je pot\u0159eba je\u0161t\u011b v\u00e1hu redukovat?<\/strong><\/h2>\n<p>M\u00e1m t\u0159iasedmdes\u00e1t a\u017e p\u011btasedmdes\u00e1t kilo. S borci pro celkov\u00e9 po\u0159ad\u00ed se v nejvy\u0161\u0161\u00edch kopc\u00edch pr\u00e1t nebudu, tak\u017ee by to bylo sp\u00ed\u0161e kontraproduktivn\u00ed.<\/p>\n<h2><strong>Je velk\u00fd \u00fasp\u011bch prosadit se ve \u0161pan\u011blsk\u00e9m t\u00fdmu na \u0161pan\u011blskou Grand Tour?<\/strong><\/h2>\n<p>Od sponzor\u016f je ur\u010dit\u00fd tlak, aby \u010d\u00e1st nominace tvo\u0159ili dom\u00e1c\u00ed kluci, proto\u017ee hlavn\u00ed partner je ze \u0160pan\u011blska. Nakonec je v nominaci na Vueltu p\u011bt kluk\u016f ze \u0160pan\u011blska. A Alex Molenaar, m\u016fj spolubydl\u00edc\u00ed, m\u00e1 sice u jm\u00e9na nizozemskou vlaje\u010dku, ale jeho m\u00e1ma je \u0160pan\u011blka a on prakticky tak\u00e9. Pro m\u011b bylo tro\u0161ku v\u00fdhodou, \u017ee v\u011bt\u0161ina cyklist\u016f v t\u00fdmu jsou vrcha\u0159i do velk\u00fdch kopc\u016f. Chyb\u00ed rovin\u00e1\u0159i, tempa\u0159i. M\u011b mohou vyu\u017e\u00edt skoro na ka\u017edou etapu. Jsem hodn\u011b univerz\u00e1ln\u00ed.<\/p>\n<figure id=\"attachment_30698\" aria-describedby=\"caption-attachment-30698\" style=\"width: 1920px\" class=\"wp-caption alignnone\"><a href=\"https:\/\/d2p6e6u75xmxt8.cloudfront.net\/13\/2025\/08\/BrychtaJan_MR_Banovce_20250629_104833_850_6590-scaled.webp\"><img loading=\"lazy\" decoding=\"async\" class=\"size-extra-large wp-image-30698\" src=\"https:\/\/d2p6e6u75xmxt8.cloudfront.net\/13\/2025\/08\/BrychtaJan_MR_Banovce_20250629_104833_850_6590-1920x1280.webp\" alt=\"\" width=\"1920\" height=\"1280\" srcset=\"https:\/\/d2p6e6u75xmxt8.cloudfront.net\/13\/2025\/08\/BrychtaJan_MR_Banovce_20250629_104833_850_6590-1920x1280.webp 1920w, https:\/\/d2p6e6u75xmxt8.cloudfront.net\/13\/2025\/08\/BrychtaJan_MR_Banovce_20250629_104833_850_6590-300x200.webp 300w, https:\/\/d2p6e6u75xmxt8.cloudfront.net\/13\/2025\/08\/BrychtaJan_MR_Banovce_20250629_104833_850_6590-1024x683.webp 1024w, https:\/\/d2p6e6u75xmxt8.cloudfront.net\/13\/2025\/08\/BrychtaJan_MR_Banovce_20250629_104833_850_6590-768x512.webp 768w, https:\/\/d2p6e6u75xmxt8.cloudfront.net\/13\/2025\/08\/BrychtaJan_MR_Banovce_20250629_104833_850_6590-1536x1024.webp 1536w, https:\/\/d2p6e6u75xmxt8.cloudfront.net\/13\/2025\/08\/BrychtaJan_MR_Banovce_20250629_104833_850_6590-2048x1365.webp 2048w, https:\/\/d2p6e6u75xmxt8.cloudfront.net\/13\/2025\/08\/BrychtaJan_MR_Banovce_20250629_104833_850_6590-400x267.webp 400w, https:\/\/d2p6e6u75xmxt8.cloudfront.net\/13\/2025\/08\/BrychtaJan_MR_Banovce_20250629_104833_850_6590-272x182.webp 272w, https:\/\/d2p6e6u75xmxt8.cloudfront.net\/13\/2025\/08\/BrychtaJan_MR_Banovce_20250629_104833_850_6590-1920x1280.webp 1920w\" sizes=\"auto, (max-width: 1920px) 100vw, 1920px\" \/><\/a><figcaption id=\"caption-attachment-30698\" class=\"wp-caption-text\"><em>Jakub Otruba (vpravo) a Daniel Babor, z\u00e1vodn\u00edci t\u00fdmu Caja Rural Seguros RGA.<\/em><\/figcaption><\/figure>\n<h2><strong>Letos jste v t\u00fdmu prvn\u00edm rokem a hned v\u00e1s t\u00fdm nominoval na Vueltu. Jste pod velk\u00fdm tlakem?<\/strong><\/h2>\n<p>V\u016fbec. Jdu do z\u00e1vodu s \u010distou hlavou. Nen\u00ed na m\u011b \u017e\u00e1dn\u00fd tlak, nec\u00edt\u00edm stres. Veden\u00ed chce, abych byl vid\u011bt a celkov\u011b m\u011b z\u00e1vod posunul d\u00e1l. Jde o moji prvn\u00ed Grand Tour, kterou si chci u\u017e\u00edt. Ale sou\u010dasn\u011b m\u00e1m o\u010dek\u00e1v\u00e1n\u00ed. Pr\u00e1v\u011b t\u00edm debutem jde o v\u00fdjime\u010dn\u00fd okam\u017eik.<\/p>\n<h2><strong>Je pro \u0161pan\u011blsk\u00fd t\u00fdm s licenci UCI Pro \u00fa\u010dast v osmdes\u00e1t\u00e9m ro\u010dn\u00edku Vuelty v\u00fdjime\u010dn\u00e1?<\/strong><\/h2>\n<p>Pro \u0160pan\u011bly je Vuelta modla. Cel\u00fd t\u00fdm je na\u017ehavn\u00fd. Budeme m\u00edt k dispozici kitchen truck, tak\u017ee nejsme z\u00e1visl\u00ed na j\u00eddlech v hotelu. Vlastn\u00ed kucha\u0159 a stravov\u00e1n\u00ed podle v\u00fd\u017eivov\u00fdch poradc\u016f na m\u00edru je super. P\u0159i ostatn\u00edch z\u00e1vodech v roce tuhle vymo\u017eenost nem\u00e1me. Jinak ale cel\u00fd t\u00fdm funguje ve standardn\u00edm re\u017eimu.<\/p>\n<div class=\"shortcode-ys-post-pinup\"><article class=\"loop-simple post-30597 post type-post status-publish format-standard has-post-thumbnail hentry category-silnicni-cyklistika tag-cyklistika tag-horska-cyklistika tag-oholene-nohy tag-silnicni-cyklistika tag-zdravi-a-trenink global-categories-cycling\" data-postid=\"30597\" role=\"article\" data-post-id=\"30597\" data-word-count=\"677\" data-headline-length=\"65\" data-category=\"Silni\u010dn\u00ed cyklistika\" data-global-category=\"Cycling\" data-author=\"Radek Malina\" data-published=\"2025-08-14T09:52:51+02:00\" data-published-day=\"Thursday\">\n    <div class=\"entry-thumbnail article-thumbnail\" content=\"https:\/\/d2p6e6u75xmxt8.cloudfront.net\/13\/2025\/08\/profimedia-0904409907-150x150.webp\"><a href=\"https:\/\/www.welovecycling.com\/cs\/2025\/08\/14\/proc-si-cykliste-holi-nohy-a-jeste-ziletkami-pritelkyn\/\" class=\"image-holder\" target=\"_self\"><img decoding=\"async\" loading=\"lazy\" class=\"\" src=\"https:\/\/d2p6e6u75xmxt8.cloudfront.net\/13\/2025\/08\/profimedia-0904409907-1024x768.webp\" srcset=\"https:\/\/d2p6e6u75xmxt8.cloudfront.net\/13\/2025\/08\/profimedia-0904409907.webp 1800w, https:\/\/d2p6e6u75xmxt8.cloudfront.net\/13\/2025\/08\/profimedia-0904409907-300x225.webp 300w, https:\/\/d2p6e6u75xmxt8.cloudfront.net\/13\/2025\/08\/profimedia-0904409907-1024x768.webp 1024w, https:\/\/d2p6e6u75xmxt8.cloudfront.net\/13\/2025\/08\/profimedia-0904409907-768x576.webp 768w, https:\/\/d2p6e6u75xmxt8.cloudfront.net\/13\/2025\/08\/profimedia-0904409907-1536x1152.webp 1536w, https:\/\/d2p6e6u75xmxt8.cloudfront.net\/13\/2025\/08\/profimedia-0904409907-400x300.webp 400w\" width=\"1024\" height=\"768\" sizes=\"auto, (min-width: 1200px) 300px, (min-width: 768px) 25vw, 100vw\" alt=\"proc-si-cykliste-holi-nohy-a-jeste-ziletkami-pritelkyn\"\/><\/a><\/div>    <div class=\"entry-meta\">\n        <a class=\"label label-secondary post-category\" href=\"https:\/\/www.welovecycling.com\/cs\/category\/silnicni-cyklistika\/\" title=\"Silni\u010dn\u00ed cyklistika\">Silni\u010dn\u00ed cyklistika<\/a>\n    <\/div>\n    <div class=\"entry-details\">\n        <a href=\"https:\/\/www.welovecycling.com\/cs\/2025\/08\/14\/proc-si-cykliste-holi-nohy-a-jeste-ziletkami-pritelkyn\/\" class='entry-title-wrapper'>\n            <h3 class=\"entry-title\"><span>Pro\u010d si cyklist\u00e9 hol\u00ed nohy? A je\u0161t\u011b \u017eiletkami p\u0159\u00edtelky\u0148?<\/span><\/h3>\n        <\/a>\n    <\/div>\n    <\/article>\n<\/div>\n<h2><strong>Pronikl jste b\u011bhem osmi m\u011bs\u00edc\u016f v Caja Rural Seguros RGA do taj\u016f \u0161pan\u011blsk\u00e9ho jazyka?<\/strong><\/h2>\n<p>Domluv\u00edm se v pohod\u011b. Tro\u0161ku z\u00e1drhel nast\u00e1v\u00e1 t\u0159eba p\u0159i ve\u010de\u0159i, kdy\u017e spust\u00ed v\u0161ichni najednou. Jak jsou kluci z r\u016fzn\u00fdch kout\u016f \u0160pan\u011blska, je to lehce komplikovan\u00e9. \u010c\u00e1st je z Katal\u00e1nska, dal\u0161\u00ed \u010dlenov\u00e9 t\u00fdmu jsou z Baskicka, n\u011bkte\u0159\u00ed z oblasti kolem Valencie. A ka\u017ed\u00e1 lokalita m\u00e1 sv\u016fj jazyk. N\u011bkdy je to jako kdyby se m\u011bla pol\u0161tina pou\u017e\u00edvat v \u010cesku&#8230;<\/p>\n<h2><strong>S jak\u00fdmi ambicemi vstupuje Jakub Otruba a jeho t\u00fdm do Vuelty 2025?<\/strong><\/h2>\n<p>B\u00fdt hodn\u011b vid\u011bt. Nem\u00e1me l\u00eddra na celkov\u00e9 po\u0159ad\u00ed. Chceme b\u00fdt v \u00fanic\u00edch a pokusit se vyhr\u00e1t etapu nebo ide\u00e1ln\u011b etapy. N\u00e1\u0161 hlavn\u00ed \u010das p\u0159ijde po t\u00fdmov\u00e9 \u010dasovce. Pak n\u00e1sleduj\u00ed v t\u011bsn\u00e9m sledu dv\u011b hodn\u011b t\u011b\u017ek\u00e9 horsk\u00e9 etapy, kde by se m\u011blo celkov\u00e9 po\u0159ad\u00ed hodn\u011b rozd\u011blit. N\u00e1sledn\u011b bude \u0161ance, \u017ee \u00faniky dojedou a\u017e do c\u00edle.<\/p>\n<figure id=\"attachment_30690\" aria-describedby=\"caption-attachment-30690\" style=\"width: 1920px\" class=\"wp-caption alignnone\"><a href=\"https:\/\/d2p6e6u75xmxt8.cloudfront.net\/13\/2025\/08\/Reprezentacni-foceni-Silnice-OtrubaBittnerDubcova-_-\u00a9Filip-Bezdek-2025-42-scaled.webp\"><img loading=\"lazy\" decoding=\"async\" class=\"size-extra-large wp-image-30690\" src=\"https:\/\/d2p6e6u75xmxt8.cloudfront.net\/13\/2025\/08\/Reprezentacni-foceni-Silnice-OtrubaBittnerDubcova-_-\u00a9Filip-Bezdek-2025-42-1920x1280.webp\" alt=\"\" width=\"1920\" height=\"1280\" srcset=\"https:\/\/d2p6e6u75xmxt8.cloudfront.net\/13\/2025\/08\/Reprezentacni-foceni-Silnice-OtrubaBittnerDubcova-_-\u00a9Filip-Bezdek-2025-42-1920x1280.webp 1920w, https:\/\/d2p6e6u75xmxt8.cloudfront.net\/13\/2025\/08\/Reprezentacni-foceni-Silnice-OtrubaBittnerDubcova-_-\u00a9Filip-Bezdek-2025-42-300x200.webp 300w, https:\/\/d2p6e6u75xmxt8.cloudfront.net\/13\/2025\/08\/Reprezentacni-foceni-Silnice-OtrubaBittnerDubcova-_-\u00a9Filip-Bezdek-2025-42-1024x683.webp 1024w, https:\/\/d2p6e6u75xmxt8.cloudfront.net\/13\/2025\/08\/Reprezentacni-foceni-Silnice-OtrubaBittnerDubcova-_-\u00a9Filip-Bezdek-2025-42-768x512.webp 768w, https:\/\/d2p6e6u75xmxt8.cloudfront.net\/13\/2025\/08\/Reprezentacni-foceni-Silnice-OtrubaBittnerDubcova-_-\u00a9Filip-Bezdek-2025-42-1536x1024.webp 1536w, https:\/\/d2p6e6u75xmxt8.cloudfront.net\/13\/2025\/08\/Reprezentacni-foceni-Silnice-OtrubaBittnerDubcova-_-\u00a9Filip-Bezdek-2025-42-2048x1365.webp 2048w, https:\/\/d2p6e6u75xmxt8.cloudfront.net\/13\/2025\/08\/Reprezentacni-foceni-Silnice-OtrubaBittnerDubcova-_-\u00a9Filip-Bezdek-2025-42-400x267.webp 400w, https:\/\/d2p6e6u75xmxt8.cloudfront.net\/13\/2025\/08\/Reprezentacni-foceni-Silnice-OtrubaBittnerDubcova-_-\u00a9Filip-Bezdek-2025-42-272x182.webp 272w, https:\/\/d2p6e6u75xmxt8.cloudfront.net\/13\/2025\/08\/Reprezentacni-foceni-Silnice-OtrubaBittnerDubcova-_-\u00a9Filip-Bezdek-2025-42-1920x1280.webp 1920w\" sizes=\"auto, (max-width: 1920px) 100vw, 1920px\" \/><\/a><figcaption id=\"caption-attachment-30690\" class=\"wp-caption-text\"><em>Jakub Otruba v reprezenta\u010dn\u00edm dresu.<\/em><\/figcaption><\/figure>\n<h2><strong>Vytipoval jste si etapy, kter\u00e9 by v\u00e1m mohly sed\u011bt?<\/strong><\/h2>\n<p>P\u016fjde o zvln\u011bn\u00e9 dny. Dev\u00e1t\u00e1, jeden\u00e1ct\u00e1, patn\u00e1ct\u00e1 a \u0161estn\u00e1ct\u00e1 etapa. Nicm\u00e9n\u011b od stolu se snadno vyb\u00edr\u00e1. Je mi jasn\u00e9, \u017ee u\u017e jenom bitva o \u00fa\u010dast v \u00faniku bude extr\u00e9mn\u011b n\u00e1ro\u010dn\u00e1.<\/p>\n<h2><strong>M\u00e1te t\u0159i bronzov\u00e9 medaile z republikov\u00e9ho mistrovstv\u00ed v \u010dasovce a jeden titul. L\u00edb\u00ed se v\u00e1m \u010dasovky v itiner\u00e1\u0159i Vuelty?<\/strong><\/h2>\n<p>Jako prvn\u00ed je na \u0159ad\u011b t\u00fdmov\u00e1 \u010dasovka, co\u017e bude hodn\u011b t\u011b\u017ek\u00e9. Kluci v t\u00fdmu jsou vrcha\u0159i a pojede se jenom po rovin\u011b, co\u017e n\u00e1m moc nenahr\u00e1v\u00e1. Sice jsme p\u0159i soust\u0159ed\u011bn\u00ed v Ando\u0159e tr\u00e9novali na speci\u00e1lech, ladili jsme sj\u00ed\u017ed\u011bn\u00ed a \u0159e\u0161ili pozice ka\u017ed\u00e9ho jednotlivce ve vl\u00e1\u010dku, ale budeme to cht\u00edt hlavn\u011b d\u016fstojn\u011b objet. Pak je v programu je\u0161t\u011b individu\u00e1ln\u00ed \u010dasovka osmn\u00e1ct\u00fd den z\u00e1vodu ve Valladolidu, kter\u00e1 se mi hodn\u011b zamlouv\u00e1. Sedmadvacet kilometr\u016f na m\u011bstsk\u00e9m okruhu, nen\u00ed extr\u00e9mn\u011b technick\u00fd. Mysl\u00edm, \u017ee nebude moc lid\u00ed m\u00edt z\u00e1jem jet \u00fapln\u011b hranu t\u0159i dny p\u0159ed koncem. M\u00e1me nov\u00e9 \u010dasovk\u00e1\u0159sk\u00e9 speci\u00e1ly, kter\u00e9 jsme byli testovat na dr\u00e1ze a v\u0161e je vylad\u011bn\u00e9. To je ur\u010dit\u011b dal\u0161\u00ed \u0161ance se uk\u00e1zat.<\/p>\n<div class=\"shortcode-ys-post-pinup\"><article class=\"loop-simple post-30616 post type-post status-publish format-standard has-post-thumbnail hentry category-zdravi-a-trenink tag-cyklistika tag-czech-tour tag-leopold-konig tag-silnicni-cyklistika tag-weather-protocol tag-zdravi-a-trenink global-categories-cycling\" data-postid=\"30616\" role=\"article\" data-post-id=\"30616\" data-word-count=\"426\" data-headline-length=\"70\" data-category=\"Zdrav\u00ed a tr\u00e9nink\" data-global-category=\"Cycling\" data-author=\"Radek Malina\" data-published=\"2025-08-15T21:00:08+02:00\" data-published-day=\"Friday\">\n    <div class=\"entry-thumbnail article-thumbnail\" content=\"https:\/\/d2p6e6u75xmxt8.cloudfront.net\/13\/2025\/08\/DSC_4690-150x150.webp\"><a href=\"https:\/\/www.welovecycling.com\/cs\/2025\/08\/15\/kolabujici-cykliste-spaleni-o-asfalt-kdyz-vedro-zastavit-zavod\/\" class=\"image-holder\" target=\"_self\"><img decoding=\"async\" loading=\"lazy\" class=\"\" src=\"https:\/\/d2p6e6u75xmxt8.cloudfront.net\/13\/2025\/08\/DSC_4690-1024x683.webp\" srcset=\"https:\/\/d2p6e6u75xmxt8.cloudfront.net\/13\/2025\/08\/DSC_4690-scaled.webp 2560w, https:\/\/d2p6e6u75xmxt8.cloudfront.net\/13\/2025\/08\/DSC_4690-300x200.webp 300w, https:\/\/d2p6e6u75xmxt8.cloudfront.net\/13\/2025\/08\/DSC_4690-1024x683.webp 1024w, https:\/\/d2p6e6u75xmxt8.cloudfront.net\/13\/2025\/08\/DSC_4690-768x512.webp 768w, https:\/\/d2p6e6u75xmxt8.cloudfront.net\/13\/2025\/08\/DSC_4690-1536x1024.webp 1536w, https:\/\/d2p6e6u75xmxt8.cloudfront.net\/13\/2025\/08\/DSC_4690-2048x1365.webp 2048w, https:\/\/d2p6e6u75xmxt8.cloudfront.net\/13\/2025\/08\/DSC_4690-1920x1280.webp 1920w, https:\/\/d2p6e6u75xmxt8.cloudfront.net\/13\/2025\/08\/DSC_4690-400x267.webp 400w, https:\/\/d2p6e6u75xmxt8.cloudfront.net\/13\/2025\/08\/DSC_4690-272x182.webp 272w, https:\/\/d2p6e6u75xmxt8.cloudfront.net\/13\/2025\/08\/DSC_4690-1920x1280.webp 1920w\" width=\"1024\" height=\"683\" sizes=\"auto, (min-width: 1200px) 300px, (min-width: 768px) 25vw, 100vw\" alt=\"kolabujici-cykliste-spaleni-o-asfalt-kdyz-vedro-zastavit-zavod\"\/><\/a><\/div>    <div class=\"entry-meta\">\n        <a class=\"label label-secondary post-category\" href=\"https:\/\/www.welovecycling.com\/cs\/category\/zdravi-a-trenink\/\" title=\"Zdrav\u00ed a tr\u00e9nink\">Zdrav\u00ed a tr\u00e9nink<\/a>\n    <\/div>\n    <div class=\"entry-details\">\n        <a href=\"https:\/\/www.welovecycling.com\/cs\/2025\/08\/15\/kolabujici-cykliste-spaleni-o-asfalt-kdyz-vedro-zastavit-zavod\/\" class='entry-title-wrapper'>\n            <h3 class=\"entry-title\"><span>Kolabuj\u00edc\u00ed cyklist\u00e9 sp\u00e1len\u00ed o asfalt? Kdy\u017e vedro zastav\u00ed z\u00e1vod<\/span><\/h3>\n        <\/a>\n    <\/div>\n    <\/article>\n<\/div>\n<h2><strong>Organiz\u00e1to\u0159i na po\u010dest jubilea vy\u0161perkovali tra\u0165 mnoha legend\u00e1rn\u00edmi kopci jako je Angliru \u010di Bola del Mundo. M\u00e1te n\u011bkter\u00e1 ze stoup\u00e1n\u00ed v itiner\u00e1\u0159i najet\u00e1?<\/strong><\/h2>\n<p>M\u00e1m najet\u00e1 p\u0159esn\u011b t\u0159i&#8230; Byli jsme s t\u00fdmem p\u0159ed Vueltou na vysokohorsk\u00e9m soust\u0159ed\u011bn\u00ed v Ando\u0159e a proj\u00ed\u017ed\u011bli jsme si dv\u011b z etap. Jinak v\u016fbec nev\u00edm, co m\u011b \u010dek\u00e1. Samoz\u0159ejm\u011b podle mapy, ale osobn\u00ed zku\u0161enost nem\u00e1m.<\/p>\n<h2><strong>Vuelta je vyhl\u00e1\u0161en\u00e1 extr\u00e9mn\u00ed vrcha\u0159skou n\u00e1ro\u010dnost\u00ed. Pro v\u00e1s p\u016fjde o debut na Grand Tour. Nah\u00e1n\u00ed v\u00e1m program a skladba etap strach?<\/strong><\/h2>\n<p>J\u00e1 v\u017edy v kopc\u00edch jezdil solidn\u011b, tak\u017ee se neboj\u00edm. Nem\u00e1m strach, \u017ee bych nem\u011bl Vueltu zvl\u00e1dnout z hlediska n\u00e1ro\u010dnosti. Sp\u00ed\u0161e m\u016f\u017ee b\u00fdt probl\u00e9m, abych nenastydnul, nebyl nemocn\u00fd nebo t\u0159eba nem\u011bl n\u011bjak\u00e9 st\u0159evn\u00ed pot\u00ed\u017ee. Toho se boj\u00edm. Ale jestli budu zdrav\u00fd a v\u0161echno p\u016fjde bez p\u00e1d\u016f, formu m\u00e1m dobrou.<\/p>\n<figure id=\"attachment_29687\" aria-describedby=\"caption-attachment-29687\" style=\"width: 1920px\" class=\"wp-caption alignnone\"><a href=\"https:\/\/d2p6e6u75xmxt8.cloudfront.net\/13\/2025\/06\/muzi-podium-scaled.webp\"><img loading=\"lazy\" decoding=\"async\" class=\"size-extra-large wp-image-29687\" src=\"https:\/\/d2p6e6u75xmxt8.cloudfront.net\/13\/2025\/06\/muzi-podium-1920x1280.webp\" alt=\"\" width=\"1920\" height=\"1280\" srcset=\"https:\/\/d2p6e6u75xmxt8.cloudfront.net\/13\/2025\/06\/muzi-podium-1920x1280.webp 1920w, https:\/\/d2p6e6u75xmxt8.cloudfront.net\/13\/2025\/06\/muzi-podium-300x200.webp 300w, https:\/\/d2p6e6u75xmxt8.cloudfront.net\/13\/2025\/06\/muzi-podium-1024x683.webp 1024w, https:\/\/d2p6e6u75xmxt8.cloudfront.net\/13\/2025\/06\/muzi-podium-768x512.webp 768w, https:\/\/d2p6e6u75xmxt8.cloudfront.net\/13\/2025\/06\/muzi-podium-1536x1024.webp 1536w, https:\/\/d2p6e6u75xmxt8.cloudfront.net\/13\/2025\/06\/muzi-podium-2048x1365.webp 2048w, https:\/\/d2p6e6u75xmxt8.cloudfront.net\/13\/2025\/06\/muzi-podium-400x267.webp 400w, https:\/\/d2p6e6u75xmxt8.cloudfront.net\/13\/2025\/06\/muzi-podium-272x182.webp 272w, https:\/\/d2p6e6u75xmxt8.cloudfront.net\/13\/2025\/06\/muzi-podium-1920x1280.webp 1920w\" sizes=\"auto, (max-width: 1920px) 100vw, 1920px\" \/><\/a><figcaption id=\"caption-attachment-29687\" class=\"wp-caption-text\"><em>Jakub Otruba s bronzovou medail\u00ed na mistrovstv\u00ed republiky v \u010dasovce 2025. Zlato z\u00edskal Mathias Vacek, st\u0159\u00edbro Josef \u010cern\u00fd.<\/em><\/figcaption><\/figure>\n<h2><strong>P\u00e1tral Jakub Otruba po informac\u00edch u n\u011bkter\u00e9ho z krajan\u016f, kte\u0159\u00ed maj\u00ed se \u0161pan\u011blskou Grand Tour zku\u0161enosti?<\/strong><\/h2>\n<p>\u0158e\u0161il jsem to s Pavlem Bittnerem, kter\u00fd na Vuelt\u011b debutoval minul\u00fd rok. Letos jel Tour de France, tak mohl srovn\u00e1vat. A \u0159\u00edkal, \u017ee Vuelta je hor\u0161\u00ed, proto\u017ee v pelotonu nen\u00ed tolik sprinter\u016f a grupetto se tvo\u0159\u00ed hor\u0161\u00edm zp\u016fsobem a logicky je o dost men\u0161\u00ed, tud\u00ed\u017e si m\u00e1m d\u00e1vat pozor, abych v p\u0159\u00edpad\u011b probl\u00e9m\u016f nevypadnul z posledn\u00ed skupiny. Ale snad na tyto starosti nedojde.<\/p>\n<h2><strong>Vueltu \u010dasto prov\u00e1z\u00ed extr\u00e9mn\u011b vysok\u00e9 teploty. Se z\u00e1vod\u011bn\u00edm v takov\u00fdch podm\u00ednk\u00e1ch probl\u00e9m nem\u00e1te?<\/strong><\/h2>\n<p>A\u017e do lo\u0148ska jsem ve vedru hodn\u011b trp\u011bl. Ale od ledna se v\u011bnuji heat tr\u00e9ninku. Dvakr\u00e1t t\u0159ikr\u00e1t v t\u00fddnu t\u0159icet a\u017e \u010dty\u0159icet minut. Zapnu si p\u0159\u00edmotop v saun\u011b nebo v koupeln\u011b. U\u017e jsem takhle absolvoval p\u0159ibli\u017en\u011b sto hodin tr\u00e9ninku. \u0160lapu, dokud se st\u0159ed t\u011bla neoh\u0159eje na osmat\u0159icet stup\u0148\u016f. A efekt je velik\u00fd. P\u0159i \u010dervnov\u00fdch z\u00e1vodech, kdy\u017e bylo v\u00e1\u017en\u011b pekeln\u00e9 vedro, jsem m\u011bl pocit, \u017ee ve srovn\u00e1n\u00ed s konkurenc\u00ed m\u00e1m v\u00fdhodu. Z\u00e1vod\u011bn\u00ed ve vedru mi p\u0159estalo vadit. Hodn\u011b jsem se zlep\u0161il. Vuelta se sice pojede hodn\u011b na severu \u0160pan\u011blska, ale i tak jsme nic nepodcenili jako t\u00fdm. I b\u011bhem soust\u0159ed\u011bn\u00ed v Ando\u0159e jsme si na posledn\u00ed kopec nat\u00e1hli v\u017edy dv\u011b pl\u00e1\u0161t\u011bnky a p\u011bkn\u011b nabalen\u00ed vyj\u00ed\u017ed\u011bli k hotelu.<\/p>\n<div class=\"shortcode-ys-post-pinup\"><article class=\"loop-simple post-30508 post type-post status-publish format-standard has-post-thumbnail hentry category-tour-de-france tag-cyklistika tag-doping tag-silnicni-cyklistika tag-tadej-pogacar tag-tour-de-france tag-zakazane-latky tag-zdravi-a-trenink global-categories-cycling\" data-postid=\"30508\" role=\"article\" data-post-id=\"30508\" data-word-count=\"559\" data-headline-length=\"54\" data-category=\"Tour de France\" data-global-category=\"Cycling\" data-author=\"Radek Malina\" data-published=\"2025-08-11T05:00:26+02:00\" data-published-day=\"Monday\">\n    <div class=\"entry-thumbnail article-thumbnail\" content=\"https:\/\/d2p6e6u75xmxt8.cloudfront.net\/13\/2025\/07\/profimedia-1022878062-150x150.webp\"><a href=\"https:\/\/www.welovecycling.com\/cs\/2025\/08\/11\/tadej-pogacar-o-dopingu-neexistuje-zadna-duvera\/\" class=\"image-holder\" target=\"_self\"><img decoding=\"async\" loading=\"lazy\" class=\"\" src=\"https:\/\/d2p6e6u75xmxt8.cloudfront.net\/13\/2025\/07\/profimedia-1022878062-1024x683.webp\" srcset=\"https:\/\/d2p6e6u75xmxt8.cloudfront.net\/13\/2025\/07\/profimedia-1022878062.webp 1800w, https:\/\/d2p6e6u75xmxt8.cloudfront.net\/13\/2025\/07\/profimedia-1022878062-300x200.webp 300w, https:\/\/d2p6e6u75xmxt8.cloudfront.net\/13\/2025\/07\/profimedia-1022878062-1024x683.webp 1024w, https:\/\/d2p6e6u75xmxt8.cloudfront.net\/13\/2025\/07\/profimedia-1022878062-768x512.webp 768w, https:\/\/d2p6e6u75xmxt8.cloudfront.net\/13\/2025\/07\/profimedia-1022878062-1536x1024.webp 1536w, https:\/\/d2p6e6u75xmxt8.cloudfront.net\/13\/2025\/07\/profimedia-1022878062-400x267.webp 400w, https:\/\/d2p6e6u75xmxt8.cloudfront.net\/13\/2025\/07\/profimedia-1022878062-272x182.webp 272w\" width=\"1024\" height=\"683\" sizes=\"auto, (min-width: 1200px) 300px, (min-width: 768px) 25vw, 100vw\" alt=\"tadej-pogacar-o-dopingu-neexistuje-zadna-duvera\"\/><\/a><\/div>    <div class=\"entry-meta\">\n        <a class=\"label label-secondary post-category\" href=\"https:\/\/www.welovecycling.com\/cs\/category\/tour-de-france\/\" title=\"Tour de France\">Tour de France<\/a>\n    <\/div>\n    <div class=\"entry-details\">\n        <a href=\"https:\/\/www.welovecycling.com\/cs\/2025\/08\/11\/tadej-pogacar-o-dopingu-neexistuje-zadna-duvera\/\" class='entry-title-wrapper'>\n            <h3 class=\"entry-title\"><span>Tadej Poga\u010dar o dopingu: Neexistuje \u017e\u00e1dn\u00e1 d\u016fv\u011bra<\/span><\/h3>\n        <\/a>\n    <\/div>\n    <\/article>\n<\/div>\n<h2><strong>Studoval jste, koho ostatn\u00ed t\u00fdmy nominovaly a kdo proti v\u00e1m bude st\u00e1t?<\/strong><\/h2>\n<p>P\u0159ehled m\u00e1m, ale nijak se velk\u00fdmi jm\u00e9ny nestresuji. Startovn\u00ed listina je extr\u00e9mn\u011b kvalitn\u00ed. Od b\u0159eznov\u00e9ho Pa\u0159\u00ed\u017e-Nice u\u017e mi v\u0161echno p\u0159ijde jenom jako dal\u0161\u00ed velk\u00fd z\u00e1vod. Za\u017eil jsem tam etapy, b\u011bhem nich\u017e sn\u011b\u017eilo, foukal vichr, lilo jako z konve. \u010clov\u011bk se hodn\u011b u\u010d\u00ed. A z\u00e1vody m\u011b posouvaj\u00ed. Program na nejvy\u0161\u0161\u00ed \u00farovni se ned\u00e1 ni\u010d\u00edm nahradit.<\/p>\n<h2><strong>Zm\u011bnily v\u00e1s zku\u0161enosti ze z\u00e1vod\u016f na nejvy\u0161\u0161\u00ed \u00farovni v dresu Caja Rural Seguros RGA?<\/strong><\/h2>\n<p>\u00darove\u0148 je d\u011bsn\u011b vysok\u00e1&#8230; Kdy\u017e jsem byl loni na z\u00e1vodech ve Francii s ATT Investments, tak se sice z\u00e1vodilo rovn\u011b\u017e od startu do c\u00edle. Ale vyjeli jsme na kopec a z\u016fstalo ve skupin\u011b deset lid\u00ed. Tady se jede doraz a na kopci je v bal\u00edku sto lid\u00ed. Hodn\u011b jsem se posunul i z hlediska sjezd\u016f. Kdy\u017e jsem v minulosti absolvoval t\u011b\u017ek\u00fd z\u00e1vod, nebylo t\u0159eba \u0159e\u0161it pozi\u010dn\u00ed j\u00edzdu, proto\u017ee na \u010dele moc lid\u00ed nez\u016fst\u00e1valo. Kdy\u017e jsem na prvn\u00edch z\u00e1vodech v <a href=\"https:\/\/www.welovecycling.com\/cs\/2024\/09\/10\/podepsal-jsem-prvni-smlouvu-protoze-loni-me-vypeklo-hodne-tymu-rika-jakub-otruba\/\">dresu Caja Rural<\/a> vid\u011bl, jak se jezd\u00ed sjezdy v bal\u00edku na t\u00e9hle \u00farovni, tak \u010dlov\u011bk v\u00ed, \u017ee bu\u010f jede stejn\u00fdm tempem, nebo za\u010dne brzdit a ud\u011bl\u00e1 si z\u00e1vod je\u0161t\u011b t\u011b\u017e\u0161\u00ed. Tak\u017ee jsem ve sjezdech zrychlil. Ale nec\u00edt\u00edm se ohro\u017een\u00fd, p\u0159esto\u017ee jsou to v\u011bt\u0161\u00ed bomby, ne\u017e jsem byl zvykl\u00fd. Je to p\u0159\u00edjemn\u011bj\u0161\u00ed ne\u017e na men\u0161\u00edch z\u00e1vodech, kde jsou \u010dasto kluci, kte\u0159\u00ed nemaj\u00ed kolo tolik pod kontrolou.<\/p>\n","protected":false},"excerpt":{"rendered":"<p>V\u00fdjime\u010dn\u00fd debut! Jubilejn\u00ed osmdes\u00e1t\u00fd ro\u010dn\u00edk Vuelty zahrnuj\u00edc\u00ed 54 tis\u00edc v\u00fd\u0161kov\u00fdch metr\u016f rozlo\u017een\u00fdch do jednadvaceti etap bude jeho premi\u00e9rou na Grand [&hellip;]<\/p>\n","protected":false},"author":138,"featured_media":30697,"comment_status":"open","ping_status":"open","sticky":false,"template":"","format":"standard","meta":{"footnotes":""},"categories":[10],"tags":[1863,126,139,4329,9,273,3844],"global-categories":[411],"class_list":["post-30684","post","type-post","status-publish","format-standard","has-post-thumbnail","hentry","category-silnicni-cyklistika","tag-caja-rural-seguros-rga","tag-cyklistika","tag-jakub-otruba","tag-la-vuelta-2025","tag-silnicni-cyklistika","tag-vuelta","tag-vuelta-2025","global-categories-cycling"],"yoast_head":"<!-- This site is optimized with the Yoast SEO Premium plugin v25.3 (Yoast SEO v25.9) - https:\/\/yoast.com\/wordpress\/plugins\/seo\/ -->\n<title>Jakub Otruba: A\u010d je Vuelta extr\u00e9mn\u00ed, strach mi nenah\u00e1n\u00ed | \u0160koda We Love Cycling - \u010cesk\u00e1 republika<\/title>\n<meta name=\"description\" content=\"V\u00fdjime\u010dn\u00fd debut! Jubilejn\u00ed osmdes\u00e1t\u00fd ro\u010dn\u00edk Vuelty zahrnuj\u00edc\u00ed 54 tis\u00edc v\u00fd\u0161kov\u00fdch metr\u016f rozlo\u017een\u00fdch do jednadvaceti etap bude jeho premi\u00e9rou na Grand Tour! Jakub Otruba v dresu t\u00fdmu Caja Rural Seguros RGA zavr\u0161\u00ed premi\u00e9rovou sezonu ve \u0161pan\u011blsk\u00e9m t\u00fdmu na jednom ze t\u0159\u00ed nejv\u011bt\u0161\u00edch etapov\u00fdch z\u00e1vod\u016f planety startuj\u00edc\u00edm 23. srpna z Tur\u00edna. &quot;C\u00edt\u00edm formu. M\u00e1m vybran\u00e9 etapy, kdy se pokus\u00edm z \u00faniku o v\u00fdsledek,&quot; vypravuje sedmadvacetilet\u00fd rod\u00e1k z Olomouce.\" \/>\n<meta name=\"robots\" content=\"index, follow, max-snippet:-1, max-image-preview:large, max-video-preview:-1\" \/>\n<link rel=\"canonical\" href=\"https:\/\/www.welovecycling.com\/cs\/2025\/08\/21\/jakub-otruba-ac-je-vuelta-extremni-strach-mi-nenahani\/\" \/>\n<meta property=\"og:locale\" content=\"cs_CZ\" \/>\n<meta property=\"og:type\" content=\"article\" \/>\n<meta property=\"og:title\" content=\"Jakub Otruba: A\u010d je Vuelta extr\u00e9mn\u00ed, strach mi nenah\u00e1n\u00ed\" \/>\n<meta property=\"og:description\" content=\"V\u00fdjime\u010dn\u00fd debut! Jubilejn\u00ed osmdes\u00e1t\u00fd ro\u010dn\u00edk Vuelty zahrnuj\u00edc\u00ed 54 tis\u00edc v\u00fd\u0161kov\u00fdch metr\u016f rozlo\u017een\u00fdch do jednadvaceti etap bude jeho premi\u00e9rou na Grand Tour! Jakub Otruba v dresu t\u00fdmu Caja Rural Seguros RGA zavr\u0161\u00ed premi\u00e9rovou sezonu ve \u0161pan\u011blsk\u00e9m t\u00fdmu na jednom ze t\u0159\u00ed nejv\u011bt\u0161\u00edch etapov\u00fdch z\u00e1vod\u016f planety startuj\u00edc\u00edm 23. srpna z Tur\u00edna. &quot;C\u00edt\u00edm formu. M\u00e1m vybran\u00e9 etapy, kdy se pokus\u00edm z \u00faniku o v\u00fdsledek,&quot; vypravuje sedmadvacetilet\u00fd rod\u00e1k z Olomouce.\" \/>\n<meta property=\"og:url\" content=\"https:\/\/www.welovecycling.com\/cs\/2025\/08\/21\/jakub-otruba-ac-je-vuelta-extremni-strach-mi-nenahani\/\" \/>\n<meta property=\"og:site_name\" content=\"\u0160koda We Love Cycling - \u010cesk\u00e1 republika\" \/>\n<meta property=\"article:published_time\" content=\"2025-08-21T08:00:24+00:00\" \/>\n<meta property=\"og:image\" content=\"https:\/\/d2p6e6u75xmxt8.cloudfront.net\/13\/2025\/08\/BrychtaJan_MR_Banovce_20250629_114034_850_6833-1-scaled.webp\" \/>\n\t<meta property=\"og:image:width\" content=\"2560\" \/>\n\t<meta property=\"og:image:height\" content=\"1707\" \/>\n\t<meta property=\"og:image:type\" content=\"image\/webp\" \/>\n<meta name=\"author\" content=\"radekmalina\" \/>\n<meta name=\"twitter:card\" content=\"summary_large_image\" \/>\n<meta name=\"twitter:label1\" content=\"Written by\" \/>\n\t<meta name=\"twitter:data1\" content=\"Radek Malina\" \/>\n\t<meta name=\"twitter:label2\" content=\"Est. reading time\" \/>\n\t<meta name=\"twitter:data2\" content=\"5\" \/>\n<script type=\"application\/ld+json\" class=\"yoast-schema-graph\">{\"@context\":\"https:\/\/schema.org\",\"@graph\":[{\"@type\":\"WebPage\",\"@id\":\"https:\/\/www.welovecycling.com\/cs\/2025\/08\/21\/jakub-otruba-ac-je-vuelta-extremni-strach-mi-nenahani\/\",\"url\":\"https:\/\/www.welovecycling.com\/cs\/2025\/08\/21\/jakub-otruba-ac-je-vuelta-extremni-strach-mi-nenahani\/\",\"name\":\"Jakub Otruba: A\u010d je Vuelta extr\u00e9mn\u00ed, strach mi nenah\u00e1n\u00ed | \u0160koda We Love Cycling - \u010cesk\u00e1 republika\",\"isPartOf\":{\"@id\":\"https:\/\/www.welovecycling.com\/cs\/#website\"},\"primaryImageOfPage\":{\"@id\":\"https:\/\/www.welovecycling.com\/cs\/2025\/08\/21\/jakub-otruba-ac-je-vuelta-extremni-strach-mi-nenahani\/#primaryimage\"},\"image\":{\"@id\":\"https:\/\/www.welovecycling.com\/cs\/2025\/08\/21\/jakub-otruba-ac-je-vuelta-extremni-strach-mi-nenahani\/#primaryimage\"},\"thumbnailUrl\":\"https:\/\/d2p6e6u75xmxt8.cloudfront.net\/13\/2025\/08\/BrychtaJan_MR_Banovce_20250629_114034_850_6833-1-scaled.webp\",\"datePublished\":\"2025-08-21T08:00:24+00:00\",\"author\":{\"@id\":\"https:\/\/www.welovecycling.com\/cs\/#\/schema\/person\/d9eeb0a378f3a7e4a6d12d2b536b04b8\"},\"description\":\"V\u00fdjime\u010dn\u00fd debut! Jubilejn\u00ed osmdes\u00e1t\u00fd ro\u010dn\u00edk Vuelty zahrnuj\u00edc\u00ed 54 tis\u00edc v\u00fd\u0161kov\u00fdch metr\u016f rozlo\u017een\u00fdch do jednadvaceti etap bude jeho premi\u00e9rou na Grand Tour! Jakub Otruba v dresu t\u00fdmu Caja Rural Seguros RGA zavr\u0161\u00ed premi\u00e9rovou sezonu ve \u0161pan\u011blsk\u00e9m t\u00fdmu na jednom ze t\u0159\u00ed nejv\u011bt\u0161\u00edch etapov\u00fdch z\u00e1vod\u016f planety startuj\u00edc\u00edm 23. srpna z Tur\u00edna. \\\"C\u00edt\u00edm formu. M\u00e1m vybran\u00e9 etapy, kdy se pokus\u00edm z \u00faniku o v\u00fdsledek,\\\" vypravuje sedmadvacetilet\u00fd rod\u00e1k z Olomouce.\",\"inLanguage\":\"cs\",\"potentialAction\":[{\"@type\":\"ReadAction\",\"target\":[\"https:\/\/www.welovecycling.com\/cs\/2025\/08\/21\/jakub-otruba-ac-je-vuelta-extremni-strach-mi-nenahani\/\"]}]},{\"@type\":\"ImageObject\",\"inLanguage\":\"cs\",\"@id\":\"https:\/\/www.welovecycling.com\/cs\/2025\/08\/21\/jakub-otruba-ac-je-vuelta-extremni-strach-mi-nenahani\/#primaryimage\",\"url\":\"https:\/\/d2p6e6u75xmxt8.cloudfront.net\/13\/2025\/08\/BrychtaJan_MR_Banovce_20250629_114034_850_6833-1-scaled.webp\",\"contentUrl\":\"https:\/\/d2p6e6u75xmxt8.cloudfront.net\/13\/2025\/08\/BrychtaJan_MR_Banovce_20250629_114034_850_6833-1-scaled.webp\",\"width\":2560,\"height\":1707,\"caption\":\"Jakub Otruba\"},{\"@type\":\"WebSite\",\"@id\":\"https:\/\/www.welovecycling.com\/cs\/#website\",\"url\":\"https:\/\/www.welovecycling.com\/cs\/\",\"name\":\"\u0160koda We Love Cycling - \u010cesk\u00e1 republika\",\"description\":\"WeLoveCycling.cz je online magaz\u00edn, kter\u00fd v\u00e1m pravideln\u011b p\u0159in\u00e1\u0161\u00ed rady a tipy, zaj\u00edmav\u00e9 \u010dl\u00e1nky, videa a jedine\u010dn\u00e9 report\u00e1\u017ee ze sv\u011bta cyklistiky.\",\"potentialAction\":[{\"@type\":\"SearchAction\",\"target\":{\"@type\":\"EntryPoint\",\"urlTemplate\":\"https:\/\/www.welovecycling.com\/cs\/?s={search_term_string}\"},\"query-input\":{\"@type\":\"PropertyValueSpecification\",\"valueRequired\":true,\"valueName\":\"search_term_string\"}}],\"inLanguage\":\"cs\"},{\"@type\":\"Person\",\"@id\":\"https:\/\/www.welovecycling.com\/cs\/#\/schema\/person\/d9eeb0a378f3a7e4a6d12d2b536b04b8\",\"name\":\"radekmalina\",\"image\":{\"@type\":\"ImageObject\",\"inLanguage\":\"cs\",\"@id\":\"https:\/\/www.welovecycling.com\/cs\/#\/schema\/person\/image\/\",\"url\":\"https:\/\/secure.gravatar.com\/avatar\/66994b632cb8c39a46b9f54afa3ae07201b678d32a54275b6f1c9ffec356bfc0?s=96&d=mm&r=g\",\"contentUrl\":\"https:\/\/secure.gravatar.com\/avatar\/66994b632cb8c39a46b9f54afa3ae07201b678d32a54275b6f1c9ffec356bfc0?s=96&d=mm&r=g\",\"caption\":\"radekmalina\"},\"url\":\"https:\/\/www.welovecycling.com\/cs\/author\/radekmalina\/\"}]}<\/script>\n<!-- \/ Yoast SEO Premium plugin. -->","yoast_head_json":{"title":"Jakub Otruba: A\u010d je Vuelta extr\u00e9mn\u00ed, strach mi nenah\u00e1n\u00ed | \u0160koda We Love Cycling - \u010cesk\u00e1 republika","description":"V\u00fdjime\u010dn\u00fd debut! Jubilejn\u00ed osmdes\u00e1t\u00fd ro\u010dn\u00edk Vuelty zahrnuj\u00edc\u00ed 54 tis\u00edc v\u00fd\u0161kov\u00fdch metr\u016f rozlo\u017een\u00fdch do jednadvaceti etap bude jeho premi\u00e9rou na Grand Tour! Jakub Otruba v dresu t\u00fdmu Caja Rural Seguros RGA zavr\u0161\u00ed premi\u00e9rovou sezonu ve \u0161pan\u011blsk\u00e9m t\u00fdmu na jednom ze t\u0159\u00ed nejv\u011bt\u0161\u00edch etapov\u00fdch z\u00e1vod\u016f planety startuj\u00edc\u00edm 23. srpna z Tur\u00edna. \"C\u00edt\u00edm formu. M\u00e1m vybran\u00e9 etapy, kdy se pokus\u00edm z \u00faniku o v\u00fdsledek,\" vypravuje sedmadvacetilet\u00fd rod\u00e1k z Olomouce.","robots":{"index":"index","follow":"follow","max-snippet":"max-snippet:-1","max-image-preview":"max-image-preview:large","max-video-preview":"max-video-preview:-1"},"canonical":"https:\/\/www.welovecycling.com\/cs\/2025\/08\/21\/jakub-otruba-ac-je-vuelta-extremni-strach-mi-nenahani\/","og_locale":"cs_CZ","og_type":"article","og_title":"Jakub Otruba: A\u010d je Vuelta extr\u00e9mn\u00ed, strach mi nenah\u00e1n\u00ed","og_description":"V\u00fdjime\u010dn\u00fd debut! Jubilejn\u00ed osmdes\u00e1t\u00fd ro\u010dn\u00edk Vuelty zahrnuj\u00edc\u00ed 54 tis\u00edc v\u00fd\u0161kov\u00fdch metr\u016f rozlo\u017een\u00fdch do jednadvaceti etap bude jeho premi\u00e9rou na Grand Tour! Jakub Otruba v dresu t\u00fdmu Caja Rural Seguros RGA zavr\u0161\u00ed premi\u00e9rovou sezonu ve \u0161pan\u011blsk\u00e9m t\u00fdmu na jednom ze t\u0159\u00ed nejv\u011bt\u0161\u00edch etapov\u00fdch z\u00e1vod\u016f planety startuj\u00edc\u00edm 23. srpna z Tur\u00edna. \"C\u00edt\u00edm formu. M\u00e1m vybran\u00e9 etapy, kdy se pokus\u00edm z \u00faniku o v\u00fdsledek,\" vypravuje sedmadvacetilet\u00fd rod\u00e1k z Olomouce.","og_url":"https:\/\/www.welovecycling.com\/cs\/2025\/08\/21\/jakub-otruba-ac-je-vuelta-extremni-strach-mi-nenahani\/","og_site_name":"\u0160koda We Love Cycling - \u010cesk\u00e1 republika","article_published_time":"2025-08-21T08:00:24+00:00","og_image":[{"width":2560,"height":1707,"url":"https:\/\/d2p6e6u75xmxt8.cloudfront.net\/13\/2025\/08\/BrychtaJan_MR_Banovce_20250629_114034_850_6833-1-scaled.webp","type":"image\/webp"}],"author":"radekmalina","twitter_card":"summary_large_image","twitter_misc":{"Written by":"Radek Malina","Est. reading time":"5"},"schema":{"@context":"https:\/\/schema.org","@graph":[{"@type":"WebPage","@id":"https:\/\/www.welovecycling.com\/cs\/2025\/08\/21\/jakub-otruba-ac-je-vuelta-extremni-strach-mi-nenahani\/","url":"https:\/\/www.welovecycling.com\/cs\/2025\/08\/21\/jakub-otruba-ac-je-vuelta-extremni-strach-mi-nenahani\/","name":"Jakub Otruba: A\u010d je Vuelta extr\u00e9mn\u00ed, strach mi nenah\u00e1n\u00ed | \u0160koda We Love Cycling - \u010cesk\u00e1 republika","isPartOf":{"@id":"https:\/\/www.welovecycling.com\/cs\/#website"},"primaryImageOfPage":{"@id":"https:\/\/www.welovecycling.com\/cs\/2025\/08\/21\/jakub-otruba-ac-je-vuelta-extremni-strach-mi-nenahani\/#primaryimage"},"image":{"@id":"https:\/\/www.welovecycling.com\/cs\/2025\/08\/21\/jakub-otruba-ac-je-vuelta-extremni-strach-mi-nenahani\/#primaryimage"},"thumbnailUrl":"https:\/\/d2p6e6u75xmxt8.cloudfront.net\/13\/2025\/08\/BrychtaJan_MR_Banovce_20250629_114034_850_6833-1-scaled.webp","datePublished":"2025-08-21T08:00:24+00:00","author":{"@id":"https:\/\/www.welovecycling.com\/cs\/#\/schema\/person\/d9eeb0a378f3a7e4a6d12d2b536b04b8"},"description":"V\u00fdjime\u010dn\u00fd debut! Jubilejn\u00ed osmdes\u00e1t\u00fd ro\u010dn\u00edk Vuelty zahrnuj\u00edc\u00ed 54 tis\u00edc v\u00fd\u0161kov\u00fdch metr\u016f rozlo\u017een\u00fdch do jednadvaceti etap bude jeho premi\u00e9rou na Grand Tour! Jakub Otruba v dresu t\u00fdmu Caja Rural Seguros RGA zavr\u0161\u00ed premi\u00e9rovou sezonu ve \u0161pan\u011blsk\u00e9m t\u00fdmu na jednom ze t\u0159\u00ed nejv\u011bt\u0161\u00edch etapov\u00fdch z\u00e1vod\u016f planety startuj\u00edc\u00edm 23. srpna z Tur\u00edna. \"C\u00edt\u00edm formu. M\u00e1m vybran\u00e9 etapy, kdy se pokus\u00edm z \u00faniku o v\u00fdsledek,\" vypravuje sedmadvacetilet\u00fd rod\u00e1k z Olomouce.","inLanguage":"cs","potentialAction":[{"@type":"ReadAction","target":["https:\/\/www.welovecycling.com\/cs\/2025\/08\/21\/jakub-otruba-ac-je-vuelta-extremni-strach-mi-nenahani\/"]}]},{"@type":"ImageObject","inLanguage":"cs","@id":"https:\/\/www.welovecycling.com\/cs\/2025\/08\/21\/jakub-otruba-ac-je-vuelta-extremni-strach-mi-nenahani\/#primaryimage","url":"https:\/\/d2p6e6u75xmxt8.cloudfront.net\/13\/2025\/08\/BrychtaJan_MR_Banovce_20250629_114034_850_6833-1-scaled.webp","contentUrl":"https:\/\/d2p6e6u75xmxt8.cloudfront.net\/13\/2025\/08\/BrychtaJan_MR_Banovce_20250629_114034_850_6833-1-scaled.webp","width":2560,"height":1707,"caption":"Jakub Otruba"},{"@type":"WebSite","@id":"https:\/\/www.welovecycling.com\/cs\/#website","url":"https:\/\/www.welovecycling.com\/cs\/","name":"\u0160koda We Love Cycling - \u010cesk\u00e1 republika","description":"WeLoveCycling.cz je online magaz\u00edn, kter\u00fd v\u00e1m pravideln\u011b p\u0159in\u00e1\u0161\u00ed rady a tipy, zaj\u00edmav\u00e9 \u010dl\u00e1nky, videa a jedine\u010dn\u00e9 report\u00e1\u017ee ze sv\u011bta cyklistiky.","potentialAction":[{"@type":"SearchAction","target":{"@type":"EntryPoint","urlTemplate":"https:\/\/www.welovecycling.com\/cs\/?s={search_term_string}"},"query-input":{"@type":"PropertyValueSpecification","valueRequired":true,"valueName":"search_term_string"}}],"inLanguage":"cs"},{"@type":"Person","@id":"https:\/\/www.welovecycling.com\/cs\/#\/schema\/person\/d9eeb0a378f3a7e4a6d12d2b536b04b8","name":"radekmalina","image":{"@type":"ImageObject","inLanguage":"cs","@id":"https:\/\/www.welovecycling.com\/cs\/#\/schema\/person\/image\/","url":"https:\/\/secure.gravatar.com\/avatar\/66994b632cb8c39a46b9f54afa3ae07201b678d32a54275b6f1c9ffec356bfc0?s=96&d=mm&r=g","contentUrl":"https:\/\/secure.gravatar.com\/avatar\/66994b632cb8c39a46b9f54afa3ae07201b678d32a54275b6f1c9ffec356bfc0?s=96&d=mm&r=g","caption":"radekmalina"},"url":"https:\/\/www.welovecycling.com\/cs\/author\/radekmalina\/"}]}},"_links":{"self":[{"href":"https:\/\/www.welovecycling.com\/cs\/wp-json\/wp\/v2\/posts\/30684","targetHints":{"allow":["GET"]}}],"collection":[{"href":"https:\/\/www.welovecycling.com\/cs\/wp-json\/wp\/v2\/posts"}],"about":[{"href":"https:\/\/www.welovecycling.com\/cs\/wp-json\/wp\/v2\/types\/post"}],"author":[{"embeddable":true,"href":"https:\/\/www.welovecycling.com\/cs\/wp-json\/wp\/v2\/users\/138"}],"replies":[{"embeddable":true,"href":"https:\/\/www.welovecycling.com\/cs\/wp-json\/wp\/v2\/comments?post=30684"}],"version-history":[{"count":6,"href":"https:\/\/www.welovecycling.com\/cs\/wp-json\/wp\/v2\/posts\/30684\/revisions"}],"predecessor-version":[{"id":30702,"href":"https:\/\/www.welovecycling.com\/cs\/wp-json\/wp\/v2\/posts\/30684\/revisions\/30702"}],"wp:featuredmedia":[{"embeddable":true,"href":"https:\/\/www.welovecycling.com\/cs\/wp-json\/wp\/v2\/media\/30697"}],"wp:attachment":[{"href":"https:\/\/www.welovecycling.com\/cs\/wp-json\/wp\/v2\/media?parent=30684"}],"wp:term":[{"taxonomy":"category","embeddable":true,"href":"https:\/\/www.welovecycling.com\/cs\/wp-json\/wp\/v2\/categories?post=30684"},{"taxonomy":"post_tag","embeddable":true,"href":"https:\/\/www.welovecycling.com\/cs\/wp-json\/wp\/v2\/tags?post=30684"},{"taxonomy":"global-categories","embeddable":true,"href":"https:\/\/www.welovecycling.com\/cs\/wp-json\/wp\/v2\/global-categories?post=30684"}],"curies":[{"name":"wp","href":"https:\/\/api.w.org\/{rel}","templated":true}]}}