{"id":30681,"date":"2025-08-16T03:00:26","date_gmt":"2025-08-16T01:00:26","guid":{"rendered":"https:\/\/www.welovecycling.com\/cs\/?p=30681"},"modified":"2025-08-20T12:16:30","modified_gmt":"2025-08-20T10:16:30","slug":"zdenek-stybar-jednou-si-lipno-uziju-se-synem","status":"publish","type":"post","link":"https:\/\/www.welovecycling.com\/cs\/2025\/08\/16\/zdenek-stybar-jednou-si-lipno-uziju-se-synem\/","title":{"rendered":"Zden\u011bk\u00a0\u0160tybar: Jednou si Lipno u\u017eiju se synem"},"content":{"rendered":"<p><strong>L\u00e9to s kolem a sbalen\u00fdm kufrem! Zden\u011bk \u0160tybar, ambasador \u0160koda We Love Cycling, pro\u017e\u00edv\u00e1 pr\u00e1zdninov\u00e9 m\u011bs\u00edce v mnohem v\u011bt\u0161\u00edm z\u00e1p\u0159ahu ne\u017e v dob\u00e1ch, kdy byl je\u0161t\u011b profesion\u00e1ln\u00edm cyklistou. \u010cervenec vyplnil Tour de France, respektive Tour de France Femmes. Srpen nebude z hlediska cyklistiky nijak chud\u0161\u00ed, proto\u017ee jej \u010dek\u00e1 Czech Tour a na d\u00e1lku bude sledovat i kolegy a kamar\u00e1dy z mladoboleslavsk\u00e9ho t\u00fdmu p\u0159i vystoupen\u00ed v z\u00e1vod\u011b \u010cEZ Kolem Lipna, kter\u00fd osobn\u011b minul\u00fd rok absolvoval.<\/strong><\/p>\n<h2><strong>Zde\u0148ku, p\u0159i pohledu do va\u0161eho di\u00e1\u0159e je z\u0159ejm\u00e9, \u017ee jestli si v\u00e1s rodina b\u011bhem va\u0161ich z\u00e1vodn\u00edch sezon neu\u017eila, letn\u00ed m\u011bs\u00edce rok a p\u016fl od konce kari\u00e9ry nejsou o nic lep\u0161\u00ed.<\/strong><\/h2>\n<p>Je to je\u0161t\u011b v\u00edce hektick\u00e9, ne\u017e v minulosti. P\u0159i p\u016fsoben\u00ed v Quick Stepu i v Jaycu existoval jasn\u00fd harmonogram, struktura. Te\u010f je to tro\u0161ku chaotick\u00e9, proto\u017ee b\u011bhem kari\u00e9ry jsem na spoustu v\u011bc\u00ed \u0159\u00edkal rezolutn\u00ed NE. Nyn\u00ed m\u00e1m povinnosti t\u0159eba v roli ambasadora \u0160koda Auto a je\u0161t\u011b k\u00fdvnu na mnoho dal\u0161\u00edch z\u00e1le\u017eitosti. A v\u00fdsledkem je, \u017ee tr\u00e1v\u00edm hodiny a tis\u00edce kilometr\u016f v aut\u011b.<\/p>\n<h2><strong>V minulosti jste dvakr\u00e1t absolvoval Tour de France coby z\u00e1vodn\u00edk, v l\u00e9t\u011b 2015 jako jeden ze dvou \u010desk\u00fdch cyklist\u016f krom\u011b J\u00e1na Svorady vyhr\u00e1l na Grande Boucle etapu. Ale leto\u0161n\u00ed sto dvan\u00e1ct\u00fd ro\u010dn\u00edk z\u00e1vodu jste pro\u017e\u00edval stejn\u011b intenzivn\u011b jako v dob\u00e1ch aktivn\u00ed kari\u00e9ry, \u017ee?<\/strong><\/h2>\n<p>Posledn\u00ed \u010dty\u0159i t\u00fddny byly docela hektick\u00e9. Byl jsem jako ambasador \u0160koda We Love Cycling na \u00favodn\u00edch etap\u00e1ch Tour de France. Pak jsem jel do \u010ceska a v roli televizn\u00edho spolukoment\u00e1tora absolvoval dv\u011b etapy na \u010cesk\u00e9 televizi. N\u00e1sledn\u011b jsem se p\u0159esouval do Lond\u00fdna, proto\u017ee jsem dostal nab\u00eddku pod\u00edlet se na vys\u00edl\u00e1n\u00ed stanice TNT, co\u017e bylo hodn\u011b zaj\u00edmav\u00e9.<\/p>\n<p><a href=\"https:\/\/d2p6e6u75xmxt8.cloudfront.net\/13\/2024\/06\/3C9A1731-scaled.webp\"><img loading=\"lazy\" decoding=\"async\" class=\"size-extra-large wp-image-25799\" src=\"https:\/\/d2p6e6u75xmxt8.cloudfront.net\/13\/2024\/06\/3C9A1731-1920x1280.webp\" alt=\"Zden\u011bk \u0160tybar\" width=\"1920\" height=\"1280\" srcset=\"https:\/\/d2p6e6u75xmxt8.cloudfront.net\/13\/2024\/06\/3C9A1731-1920x1280.webp 1920w, https:\/\/d2p6e6u75xmxt8.cloudfront.net\/13\/2024\/06\/3C9A1731-300x200.webp 300w, https:\/\/d2p6e6u75xmxt8.cloudfront.net\/13\/2024\/06\/3C9A1731-1024x683.webp 1024w, https:\/\/d2p6e6u75xmxt8.cloudfront.net\/13\/2024\/06\/3C9A1731-768x512.webp 768w, https:\/\/d2p6e6u75xmxt8.cloudfront.net\/13\/2024\/06\/3C9A1731-1536x1024.webp 1536w, https:\/\/d2p6e6u75xmxt8.cloudfront.net\/13\/2024\/06\/3C9A1731-2048x1365.webp 2048w, https:\/\/d2p6e6u75xmxt8.cloudfront.net\/13\/2024\/06\/3C9A1731-400x267.webp 400w, https:\/\/d2p6e6u75xmxt8.cloudfront.net\/13\/2024\/06\/3C9A1731-272x182.webp 272w, https:\/\/d2p6e6u75xmxt8.cloudfront.net\/13\/2024\/06\/3C9A1731-1920x1280.webp 1920w\" sizes=\"auto, (max-width: 1920px) 100vw, 1920px\" \/><\/a><\/p>\n<h2><strong>Mnoz\u00ed va\u0161i b\u00fdval\u00ed kolegov\u00e9 se po kari\u00e9\u0159e vydali pr\u00e1v\u011b na dr\u00e1hu sportovn\u00edch \u017eurnalist\u016f nebo televizn\u00edch koment\u00e1tor\u016f. Jde o cestu, kter\u00e1 v\u00e1s l\u00e1k\u00e1?<\/strong><\/h2>\n<p>Jsem t\u011bmto v\u011bcem otev\u0159en\u00fd. Sledoval jsem Tour de France mnohem intenzivn\u011bji ne\u017e v minul\u00fdch letech. Pr\u00e1ce p\u0159i etap\u00e1ch v \u010cesk\u00e9 televizi je v\u017edy p\u0159\u00edjemn\u00e1. A co se t\u00fd\u010de Anglie, \u0161lo o mimo\u0159\u00e1dn\u011b zaj\u00edmavou zku\u0161enost. Byl jsem v Lond\u00fdn\u011b p\u011bt dn\u016f, v minulosti \u0161lo ve spojen\u00ed s televiz\u00ed o jeden \u010di dva dny. Tentokr\u00e1t bylo v\u0161e odli\u0161n\u00e9 a n\u00e1ro\u010dn\u011bj\u0161\u00ed. Byl jsem sou\u010d\u00e1st\u00ed velk\u00e9ho preview, kter\u00e1 byla p\u0159ed ka\u017edou etapou. A pak n\u00e1sledovala zase anal\u00fdza po etap\u011b. Dostal jsem dokonce i p\u0159\u00edle\u017eitost komentovat po boku moder\u00e1torsk\u00fdch hv\u011bzd, jimi\u017e jsou Rob Hetch a Carlton Kirby. Hodn\u011b si toho v\u00e1\u017e\u00edm.<\/p>\n<h2><strong>Jde pro b\u00fdval\u00e9ho cyklistu, kter\u00fd ukon\u010dil kari\u00e9ru vlastn\u011b p\u0159ed p\u00e1r m\u011bs\u00edci, o p\u0159\u00edjemnou z\u00e1le\u017eitost, nebo u\u017e je to pr\u00e1ce?<\/strong><\/h2>\n<p>Mohu vyu\u017e\u00edt osobn\u00ed zku\u0161enosti, a pak jde o poznatky, kter\u00e9 si \u010dlov\u011bk poskl\u00e1dal z dan\u00e9ho z\u00e1vodn\u00edho dne. Jde o p\u0159\u00edjemn\u00e9 akce. Vlastn\u011b je neberu ani jako pr\u00e1ci, ale z\u00e1\u017eitek, kter\u00fd m\u011b napl\u0148uje a bav\u00ed. Sd\u00edl\u00edm se spoustou lid\u00ed l\u00e1sku k cyklistice, ke kolu. Spole\u010dn\u00fdch t\u00e9mat je mnoho.<\/p>\n<h2><strong>Z\u00e1v\u011br Tour de France u\u017e jste sledoval znovu p\u0159\u00edmo ve Francii jako ambasador \u0160koda We Love Cycling, n\u00e1sledn\u011b jste se p\u0159esouval na Tour de France Femmes. Jak moc se v\u00e1m l\u00edb\u00ed \u017eensk\u00e1 verze z\u00e1vodu?<\/strong><\/h2>\n<p>Mysl\u00edm, \u017ee je to tro\u0161ku old school cyklistika. M\u00edn\u011bno pozitivn\u011b. Je nep\u0159edv\u00eddateln\u00e1, nevypo\u010ditateln\u00e1. A to je hezk\u00e9. Atmosf\u00e9ra je podobn\u00e1 mu\u017esk\u00e9mu z\u00e1vodu, ale tam je v\u0161e omezen\u00e9 velice striktn\u00edmi pravidly i v r\u00e1mci organizace. Tour de France Femmes se p\u0159ibli\u017euje sp\u00ed\u0161e men\u0161\u00edm z\u00e1vod\u016fm.<\/p>\n<p><a href=\"https:\/\/d2p6e6u75xmxt8.cloudfront.net\/13\/2025\/06\/3C9A9788-scaled.webp\"><img loading=\"lazy\" decoding=\"async\" class=\"size-extra-large wp-image-29632\" src=\"https:\/\/d2p6e6u75xmxt8.cloudfront.net\/13\/2025\/06\/3C9A9788-1920x1280.webp\" alt=\"\" width=\"1920\" height=\"1280\" srcset=\"https:\/\/d2p6e6u75xmxt8.cloudfront.net\/13\/2025\/06\/3C9A9788-1920x1280.webp 1920w, https:\/\/d2p6e6u75xmxt8.cloudfront.net\/13\/2025\/06\/3C9A9788-300x200.webp 300w, https:\/\/d2p6e6u75xmxt8.cloudfront.net\/13\/2025\/06\/3C9A9788-1024x683.webp 1024w, https:\/\/d2p6e6u75xmxt8.cloudfront.net\/13\/2025\/06\/3C9A9788-768x512.webp 768w, https:\/\/d2p6e6u75xmxt8.cloudfront.net\/13\/2025\/06\/3C9A9788-1536x1024.webp 1536w, https:\/\/d2p6e6u75xmxt8.cloudfront.net\/13\/2025\/06\/3C9A9788-2048x1365.webp 2048w, https:\/\/d2p6e6u75xmxt8.cloudfront.net\/13\/2025\/06\/3C9A9788-400x267.webp 400w, https:\/\/d2p6e6u75xmxt8.cloudfront.net\/13\/2025\/06\/3C9A9788-272x182.webp 272w, https:\/\/d2p6e6u75xmxt8.cloudfront.net\/13\/2025\/06\/3C9A9788-1920x1280.webp 1920w\" sizes=\"auto, (max-width: 1920px) 100vw, 1920px\" \/><\/a><\/p>\n<h2><strong>Co vlastn\u011b vy\u017eaduje role ambasadora na nejv\u011bt\u0161\u00edm etapov\u00e9m z\u00e1vod\u011b?<\/strong><\/h2>\n<p>Pro m\u011b jde o prost\u0159ed\u00ed, kter\u00e9 velice dob\u0159e zn\u00e1m. Absolvuji s n\u00e1v\u0161t\u011bvn\u00edky zna\u010dky vyj\u00ed\u017e\u010fky, tak\u017ee je automatick\u00e9, \u017ee si t\u0159eba p\u0159ipravuji trasu. Lid\u00e9 p\u0159eci jen o\u010dek\u00e1vaj\u00ed, \u017ee v\u00edm, kam se jede. Bylo by hloup\u00e9 bloudit&#8230; Sou\u010dasn\u011b jsem k dispozici pro koment\u00e1\u0159e sm\u011brem k host\u016fm, poskytuji rozhovory pro m\u00e9dia.<\/p>\n<h2><strong>Jak\u00fdm ot\u00e1zk\u00e1m nej\u010dast\u011bji \u010del\u00edte?<\/strong><\/h2>\n<p>Existuj\u00ed dva hlavn\u00ed okruhy ot\u00e1zek. Jeden se t\u00fdk\u00e1 Tadeje Poga\u010dara a Mathieu van der Poela. Druh\u00fd sm\u011br jsou tr\u00e9ninkov\u00e9 z\u00e1le\u017eitosti. Lid\u00e9 se m\u011b ptaj\u00ed t\u0159eba na rady ohledn\u011b tr\u00e9ninku, p\u0159\u00edpravy na konkr\u00e9tn\u00ed akci jako je kup\u0159\u00edkladu L&#8217;Etape Czech Republic. Sna\u017e\u00edm se v\u017edy poradit tak, aby bylo mo\u017en\u00e9 moje poznatky aplikovat v r\u00e1mci jejich programu. N\u011bkdy se dostaneme i na konkr\u00e9tn\u011bj\u0161\u00ed rozbor z hlediska watt\u016f nebo tepov\u00e9 frekvence.<\/p>\n<h2><strong>Srpen po Tour de France Femmes budete m\u00edt klidn\u011bj\u0161\u00ed?<\/strong><\/h2>\n<p>Jenom tro\u0161ku. \u010cekaj\u00ed m\u011b po\u0159\u00e1d cyklistick\u00e9 povinnosti. Jako ambasador absolvuji Czech Tour. Stejn\u011b jako p\u0159i Z\u00e1vodu m\u00edru do t\u0159iadvaceti let nav\u00edc budeme m\u00edt v\u017edy na startu zastoupen\u00ed na\u0161eho projektu Czech Cycling Academy, tak\u017ee pr\u00e1ce bude hodn\u011b. Ale m\u011b to v\u00e1\u017en\u011b t\u011b\u0161\u00ed. M\u00e1m snahu pom\u00e1hat mlad\u00fdm kluk\u016fm, aby jednou na\u0161e zastoupen\u00ed na Tour de France a obecn\u011b v nejvy\u0161\u0161\u00ed \u00farovni cyklistiky bylo co nejv\u011bt\u0161\u00ed. Je\u0161t\u011b je cykloz\u00e1vod \u010cEZ Kolem Lipna, ale koliduje s p\u0159edposledn\u00ed etapou Czech Tour, kter\u00e1 je na druh\u00e9 stran\u011b republiky.<\/p>\n<p><a href=\"https:\/\/d2p6e6u75xmxt8.cloudfront.net\/13\/2025\/07\/Lipno-2025.webp\"><img loading=\"lazy\" decoding=\"async\" class=\"alignnone size-full wp-image-29917\" src=\"https:\/\/d2p6e6u75xmxt8.cloudfront.net\/13\/2025\/07\/Lipno-2025.webp\" alt=\"\" width=\"1312\" height=\"862\" srcset=\"https:\/\/d2p6e6u75xmxt8.cloudfront.net\/13\/2025\/07\/Lipno-2025.webp 1312w, https:\/\/d2p6e6u75xmxt8.cloudfront.net\/13\/2025\/07\/Lipno-2025-300x197.webp 300w, https:\/\/d2p6e6u75xmxt8.cloudfront.net\/13\/2025\/07\/Lipno-2025-1024x673.webp 1024w, https:\/\/d2p6e6u75xmxt8.cloudfront.net\/13\/2025\/07\/Lipno-2025-768x505.webp 768w, https:\/\/d2p6e6u75xmxt8.cloudfront.net\/13\/2025\/07\/Lipno-2025-400x263.webp 400w\" sizes=\"auto, (max-width: 1312px) 100vw, 1312px\" \/><\/a><\/p>\n<h2><strong>Minul\u00fd rok jste na Lipn\u011b startoval. U\u017e\u00edv\u00e1te si podobn\u00e9 akce?<\/strong><\/h2>\n<p>N\u00e1ramn\u011b. J\u00e1 jsem r\u00e1d, kdy\u017e nemus\u00edm j\u00edt v sedle kola za hranu. Jedu si podle sebe, u\u017e\u00edv\u00e1m si atmosf\u00e9ru, trasu. Pro m\u011b jde o prost\u0159edek k objevov\u00e1n\u00ed nov\u00fdch m\u00edst. T\u0159eba pr\u00e1v\u011b na Lipn\u011b jsem moc \u010dasu na kole nikdy nepro\u017eil. Ze St\u0159\u00edbra, kde se c\u00edt\u00edm doma, je to p\u0159eci jen hodn\u011b daleko. Kdy\u017e jsem b\u011bhem kari\u00e9ry pot\u0159eboval jezdit vytrvalostn\u00ed tr\u00e9ninky, stejn\u011b \u0161lo o p\u0159\u00edli\u0161 vzd\u00e1lenou lokalitu. A pokud byly v tr\u00e9ninkov\u00e9m di\u00e1\u0159i intervalov\u00e9 tr\u00e9ninky, m\u011bl jsem v dosahu\u00a0bar\u00e1ku kopce, kter\u00e9 jsem dob\u0159e znal a nem\u011blo smysl cestovat a\u017e dol\u016f na \u0160umavu, by\u0165 t\u0159eba nab\u00edz\u00ed kr\u00e1sn\u00e9 mo\u017enosti.<\/p>\n<h2><strong>Cykloz\u00e1vod \u010cEZ Kolem Lipna nab\u00edz\u00ed letos 17. srpna dv\u011b trasy stejn\u011b jako p\u0159ed rokem. \u0160edes\u00e1tikilometrovou s p\u0159ev\u00fd\u0161en\u00edm tis\u00edc metr\u016f a dvacetikilometrovou s p\u0159ev\u00fd\u0161en\u00edm t\u0159i sta metr\u016f. Uspokojila v\u00e1s jako b\u00fdval\u00e9ho profesion\u00e1la del\u0161\u00ed verze?<\/strong><\/h2>\n<p>Rozhodn\u011b ano. J\u00e1 jsem tehdy v \u00favodu zvolil vy\u0161\u0161\u00ed tempo, ne\u017e jsem m\u011bl. Respektive jsem po \u010d\u00e1sti trasy usoudil, \u017ee mohu tro\u0161ku zvolnit a jet zcela komfortn\u011b, v\u00edce si trasu u\u017e\u00edt. Tak to m\u00e1m r\u00e1d. V\u017edy na kole sb\u00edr\u00e1m p\u0159\u00edb\u011bhy lid\u00ed, s nimi\u017e se svezu. Jde o zaj\u00edmav\u00e9 debaty. Je to velice p\u0159\u00edjemn\u00fd ter\u00e9n. A\u0165 u\u017e z hlediska n\u00e1ro\u010dnosti kopc\u016f nebo co se t\u00fd\u010de povrchu. Jel jsem z\u00e1vod na gravel kole a v\u00e1\u017en\u011b si u\u017e\u00edval. Jede se po zpevn\u011bn\u00fdch cest\u00e1ch nebo \u00fasec\u00edch, kter\u00e9 jsou na gravelu v pohod\u011b sj\u00edzdn\u00e9. J\u00e1 m\u00e1m gravel r\u00e1d, proto\u017ee nab\u00edz\u00ed mo\u017enost skloubit rychlost a pr\u00e1v\u011b objevov\u00e1n\u00ed nov\u00fdch m\u00edst.<\/p>\n<h2><strong>Jde o akci, na kterou se budete vracet?<\/strong><\/h2>\n<p>Byl jsem nad\u0161en\u00fd. Nejen kv\u016fli cyklistice. L\u00edbil se mi doprovodn\u00fd program. Tehdy jsem byl na Lipn\u011b s\u00e1m, proto\u017ee o den d\u0159\u00edve jsem absolvoval z\u00e1vod L&#8217;Etape v Prachatic\u00edch. Letos je zase term\u00ednov\u00e1 kolize s Czech Tour. Ale douf\u00e1m, \u017ee u\u017e p\u0159\u00ed\u0161t\u00ed rok bude prostor, abych vzal i syna Lewise, proto\u017ee jsem si jist\u00fd, \u017ee by si Lipno festival n\u00e1ramn\u011b u\u017e\u00edval. P\u0159\u00edle\u017eitost\u00ed pro d\u011bti k objevov\u00e1n\u00ed nov\u00fdch sport\u016f, bylo opravdu hodn\u011b, co\u017e pochopiteln\u011b jako rodi\u010d velice oce\u0148uji.<\/p>\n","protected":false},"excerpt":{"rendered":"<p>L\u00e9to s kolem a sbalen\u00fdm kufrem! Zden\u011bk \u0160tybar, ambasador \u0160koda We Love Cycling, pro\u017e\u00edv\u00e1 pr\u00e1zdninov\u00e9 m\u011bs\u00edce v mnohem v\u011bt\u0161\u00edm z\u00e1p\u0159ahu [&hellip;]<\/p>\n","protected":false},"author":138,"featured_media":26940,"comment_status":"open","ping_status":"open","sticky":false,"template":"","format":"standard","meta":{"footnotes":""},"categories":[660],"tags":[4270,126,2001,56,3608,73],"global-categories":[411],"class_list":["post-30681","post","type-post","status-publish","format-standard","has-post-thumbnail","hentry","category-https-www-welovecycling-com-cs-category-zabava","tag-cez-lipno-sport-festival","tag-cyklistika","tag-gravel","tag-horska-cyklistika","tag-kolem-lipna","tag-zdenek-stybar","global-categories-cycling"],"yoast_head":"<!-- This site is optimized with the Yoast SEO Premium plugin v25.3 (Yoast SEO v25.9) - https:\/\/yoast.com\/wordpress\/plugins\/seo\/ -->\n<title>Zden\u011bk\u00a0\u0160tybar: Jednou si Lipno u\u017eiju se synem | \u0160koda We Love Cycling - \u010cesk\u00e1 republika<\/title>\n<meta name=\"description\" content=\"L\u00e9to s kolem a sbalen\u00fdm kufrem! Zden\u011bk \u0160tybar, ambasador \u0160koda We Love Cycling, pro\u017e\u00edv\u00e1 pr\u00e1zdninov\u00e9 m\u011bs\u00edce v mnohem v\u011bt\u0161\u00edm z\u00e1p\u0159ahu ne\u017e v dob\u00e1ch, kdy byl je\u0161t\u011b profesion\u00e1ln\u00edm cyklistou. \u010cervenec vyplnil Tour de France, respektive Tour de France Femmes. Srpen nebude z hlediska cyklistiky nijak chud\u0161\u00ed, proto\u017ee jej \u010dek\u00e1 Czech Tour a na d\u00e1lku bude sledovat i kolegy a kamar\u00e1dy z mladoboleslavsk\u00e9ho t\u00fdmu p\u0159i vystoupen\u00ed v z\u00e1vod\u011b \u010cEZ Kolem Lipna, kter\u00fd osobn\u011b minul\u00fd rok absolvoval.\" \/>\n<meta name=\"robots\" content=\"index, follow, max-snippet:-1, max-image-preview:large, max-video-preview:-1\" \/>\n<link rel=\"canonical\" href=\"https:\/\/www.welovecycling.com\/cs\/2025\/08\/16\/zdenek-stybar-jednou-si-lipno-uziju-se-synem\/\" \/>\n<meta property=\"og:locale\" content=\"cs_CZ\" \/>\n<meta property=\"og:type\" content=\"article\" \/>\n<meta property=\"og:title\" content=\"Zden\u011bk\u00a0\u0160tybar: Jednou si Lipno u\u017eiju se synem\" \/>\n<meta property=\"og:description\" content=\"L\u00e9to s kolem a sbalen\u00fdm kufrem! Zden\u011bk \u0160tybar, ambasador \u0160koda We Love Cycling, pro\u017e\u00edv\u00e1 pr\u00e1zdninov\u00e9 m\u011bs\u00edce v mnohem v\u011bt\u0161\u00edm z\u00e1p\u0159ahu ne\u017e v dob\u00e1ch, kdy byl je\u0161t\u011b profesion\u00e1ln\u00edm cyklistou. \u010cervenec vyplnil Tour de France, respektive Tour de France Femmes. Srpen nebude z hlediska cyklistiky nijak chud\u0161\u00ed, proto\u017ee jej \u010dek\u00e1 Czech Tour a na d\u00e1lku bude sledovat i kolegy a kamar\u00e1dy z mladoboleslavsk\u00e9ho t\u00fdmu p\u0159i vystoupen\u00ed v z\u00e1vod\u011b \u010cEZ Kolem Lipna, kter\u00fd osobn\u011b minul\u00fd rok absolvoval.\" \/>\n<meta property=\"og:url\" content=\"https:\/\/www.welovecycling.com\/cs\/2025\/08\/16\/zdenek-stybar-jednou-si-lipno-uziju-se-synem\/\" \/>\n<meta property=\"og:site_name\" content=\"\u0160koda We Love Cycling - \u010cesk\u00e1 republika\" \/>\n<meta property=\"article:published_time\" content=\"2025-08-16T01:00:26+00:00\" \/>\n<meta property=\"article:modified_time\" content=\"2025-08-20T10:16:30+00:00\" \/>\n<meta property=\"og:image\" content=\"https:\/\/d2p6e6u75xmxt8.cloudfront.net\/13\/2024\/08\/stybar-prachatice-.webp\" \/>\n\t<meta property=\"og:image:width\" content=\"2040\" \/>\n\t<meta property=\"og:image:height\" content=\"1149\" \/>\n\t<meta property=\"og:image:type\" content=\"image\/webp\" \/>\n<meta name=\"author\" content=\"radekmalina\" \/>\n<meta name=\"twitter:card\" content=\"summary_large_image\" \/>\n<meta name=\"twitter:label1\" content=\"Written by\" \/>\n\t<meta name=\"twitter:data1\" content=\"Radek Malina\" \/>\n\t<meta name=\"twitter:label2\" content=\"Est. reading time\" \/>\n\t<meta name=\"twitter:data2\" content=\"5\" \/>\n<script type=\"application\/ld+json\" class=\"yoast-schema-graph\">{\"@context\":\"https:\/\/schema.org\",\"@graph\":[{\"@type\":\"WebPage\",\"@id\":\"https:\/\/www.welovecycling.com\/cs\/2025\/08\/16\/zdenek-stybar-jednou-si-lipno-uziju-se-synem\/\",\"url\":\"https:\/\/www.welovecycling.com\/cs\/2025\/08\/16\/zdenek-stybar-jednou-si-lipno-uziju-se-synem\/\",\"name\":\"Zden\u011bk\u00a0\u0160tybar: Jednou si Lipno u\u017eiju se synem | \u0160koda We Love Cycling - \u010cesk\u00e1 republika\",\"isPartOf\":{\"@id\":\"https:\/\/www.welovecycling.com\/cs\/#website\"},\"primaryImageOfPage\":{\"@id\":\"https:\/\/www.welovecycling.com\/cs\/2025\/08\/16\/zdenek-stybar-jednou-si-lipno-uziju-se-synem\/#primaryimage\"},\"image\":{\"@id\":\"https:\/\/www.welovecycling.com\/cs\/2025\/08\/16\/zdenek-stybar-jednou-si-lipno-uziju-se-synem\/#primaryimage\"},\"thumbnailUrl\":\"https:\/\/d2p6e6u75xmxt8.cloudfront.net\/13\/2024\/08\/stybar-prachatice-.webp\",\"datePublished\":\"2025-08-16T01:00:26+00:00\",\"dateModified\":\"2025-08-20T10:16:30+00:00\",\"author\":{\"@id\":\"https:\/\/www.welovecycling.com\/cs\/#\/schema\/person\/d9eeb0a378f3a7e4a6d12d2b536b04b8\"},\"description\":\"L\u00e9to s kolem a sbalen\u00fdm kufrem! Zden\u011bk \u0160tybar, ambasador \u0160koda We Love Cycling, pro\u017e\u00edv\u00e1 pr\u00e1zdninov\u00e9 m\u011bs\u00edce v mnohem v\u011bt\u0161\u00edm z\u00e1p\u0159ahu ne\u017e v dob\u00e1ch, kdy byl je\u0161t\u011b profesion\u00e1ln\u00edm cyklistou. \u010cervenec vyplnil Tour de France, respektive Tour de France Femmes. Srpen nebude z hlediska cyklistiky nijak chud\u0161\u00ed, proto\u017ee jej \u010dek\u00e1 Czech Tour a na d\u00e1lku bude sledovat i kolegy a kamar\u00e1dy z mladoboleslavsk\u00e9ho t\u00fdmu p\u0159i vystoupen\u00ed v z\u00e1vod\u011b \u010cEZ Kolem Lipna, kter\u00fd osobn\u011b minul\u00fd rok absolvoval.\",\"inLanguage\":\"cs\",\"potentialAction\":[{\"@type\":\"ReadAction\",\"target\":[\"https:\/\/www.welovecycling.com\/cs\/2025\/08\/16\/zdenek-stybar-jednou-si-lipno-uziju-se-synem\/\"]}]},{\"@type\":\"ImageObject\",\"inLanguage\":\"cs\",\"@id\":\"https:\/\/www.welovecycling.com\/cs\/2025\/08\/16\/zdenek-stybar-jednou-si-lipno-uziju-se-synem\/#primaryimage\",\"url\":\"https:\/\/d2p6e6u75xmxt8.cloudfront.net\/13\/2024\/08\/stybar-prachatice-.webp\",\"contentUrl\":\"https:\/\/d2p6e6u75xmxt8.cloudfront.net\/13\/2024\/08\/stybar-prachatice-.webp\",\"width\":2040,\"height\":1149,\"caption\":\"Zden\u011bk \u0161tybar\"},{\"@type\":\"WebSite\",\"@id\":\"https:\/\/www.welovecycling.com\/cs\/#website\",\"url\":\"https:\/\/www.welovecycling.com\/cs\/\",\"name\":\"\u0160koda We Love Cycling - \u010cesk\u00e1 republika\",\"description\":\"WeLoveCycling.cz je online magaz\u00edn, kter\u00fd v\u00e1m pravideln\u011b p\u0159in\u00e1\u0161\u00ed rady a tipy, zaj\u00edmav\u00e9 \u010dl\u00e1nky, videa a jedine\u010dn\u00e9 report\u00e1\u017ee ze sv\u011bta cyklistiky.\",\"potentialAction\":[{\"@type\":\"SearchAction\",\"target\":{\"@type\":\"EntryPoint\",\"urlTemplate\":\"https:\/\/www.welovecycling.com\/cs\/?s={search_term_string}\"},\"query-input\":{\"@type\":\"PropertyValueSpecification\",\"valueRequired\":true,\"valueName\":\"search_term_string\"}}],\"inLanguage\":\"cs\"},{\"@type\":\"Person\",\"@id\":\"https:\/\/www.welovecycling.com\/cs\/#\/schema\/person\/d9eeb0a378f3a7e4a6d12d2b536b04b8\",\"name\":\"radekmalina\",\"image\":{\"@type\":\"ImageObject\",\"inLanguage\":\"cs\",\"@id\":\"https:\/\/www.welovecycling.com\/cs\/#\/schema\/person\/image\/\",\"url\":\"https:\/\/secure.gravatar.com\/avatar\/66994b632cb8c39a46b9f54afa3ae07201b678d32a54275b6f1c9ffec356bfc0?s=96&d=mm&r=g\",\"contentUrl\":\"https:\/\/secure.gravatar.com\/avatar\/66994b632cb8c39a46b9f54afa3ae07201b678d32a54275b6f1c9ffec356bfc0?s=96&d=mm&r=g\",\"caption\":\"radekmalina\"},\"url\":\"https:\/\/www.welovecycling.com\/cs\/author\/radekmalina\/\"}]}<\/script>\n<!-- \/ Yoast SEO Premium plugin. -->","yoast_head_json":{"title":"Zden\u011bk\u00a0\u0160tybar: Jednou si Lipno u\u017eiju se synem | \u0160koda We Love Cycling - \u010cesk\u00e1 republika","description":"L\u00e9to s kolem a sbalen\u00fdm kufrem! Zden\u011bk \u0160tybar, ambasador \u0160koda We Love Cycling, pro\u017e\u00edv\u00e1 pr\u00e1zdninov\u00e9 m\u011bs\u00edce v mnohem v\u011bt\u0161\u00edm z\u00e1p\u0159ahu ne\u017e v dob\u00e1ch, kdy byl je\u0161t\u011b profesion\u00e1ln\u00edm cyklistou. \u010cervenec vyplnil Tour de France, respektive Tour de France Femmes. Srpen nebude z hlediska cyklistiky nijak chud\u0161\u00ed, proto\u017ee jej \u010dek\u00e1 Czech Tour a na d\u00e1lku bude sledovat i kolegy a kamar\u00e1dy z mladoboleslavsk\u00e9ho t\u00fdmu p\u0159i vystoupen\u00ed v z\u00e1vod\u011b \u010cEZ Kolem Lipna, kter\u00fd osobn\u011b minul\u00fd rok absolvoval.","robots":{"index":"index","follow":"follow","max-snippet":"max-snippet:-1","max-image-preview":"max-image-preview:large","max-video-preview":"max-video-preview:-1"},"canonical":"https:\/\/www.welovecycling.com\/cs\/2025\/08\/16\/zdenek-stybar-jednou-si-lipno-uziju-se-synem\/","og_locale":"cs_CZ","og_type":"article","og_title":"Zden\u011bk\u00a0\u0160tybar: Jednou si Lipno u\u017eiju se synem","og_description":"L\u00e9to s kolem a sbalen\u00fdm kufrem! Zden\u011bk \u0160tybar, ambasador \u0160koda We Love Cycling, pro\u017e\u00edv\u00e1 pr\u00e1zdninov\u00e9 m\u011bs\u00edce v mnohem v\u011bt\u0161\u00edm z\u00e1p\u0159ahu ne\u017e v dob\u00e1ch, kdy byl je\u0161t\u011b profesion\u00e1ln\u00edm cyklistou. \u010cervenec vyplnil Tour de France, respektive Tour de France Femmes. Srpen nebude z hlediska cyklistiky nijak chud\u0161\u00ed, proto\u017ee jej \u010dek\u00e1 Czech Tour a na d\u00e1lku bude sledovat i kolegy a kamar\u00e1dy z mladoboleslavsk\u00e9ho t\u00fdmu p\u0159i vystoupen\u00ed v z\u00e1vod\u011b \u010cEZ Kolem Lipna, kter\u00fd osobn\u011b minul\u00fd rok absolvoval.","og_url":"https:\/\/www.welovecycling.com\/cs\/2025\/08\/16\/zdenek-stybar-jednou-si-lipno-uziju-se-synem\/","og_site_name":"\u0160koda We Love Cycling - \u010cesk\u00e1 republika","article_published_time":"2025-08-16T01:00:26+00:00","article_modified_time":"2025-08-20T10:16:30+00:00","og_image":[{"width":2040,"height":1149,"url":"https:\/\/d2p6e6u75xmxt8.cloudfront.net\/13\/2024\/08\/stybar-prachatice-.webp","type":"image\/webp"}],"author":"radekmalina","twitter_card":"summary_large_image","twitter_misc":{"Written by":"Radek Malina","Est. reading time":"5"},"schema":{"@context":"https:\/\/schema.org","@graph":[{"@type":"WebPage","@id":"https:\/\/www.welovecycling.com\/cs\/2025\/08\/16\/zdenek-stybar-jednou-si-lipno-uziju-se-synem\/","url":"https:\/\/www.welovecycling.com\/cs\/2025\/08\/16\/zdenek-stybar-jednou-si-lipno-uziju-se-synem\/","name":"Zden\u011bk\u00a0\u0160tybar: Jednou si Lipno u\u017eiju se synem | \u0160koda We Love Cycling - \u010cesk\u00e1 republika","isPartOf":{"@id":"https:\/\/www.welovecycling.com\/cs\/#website"},"primaryImageOfPage":{"@id":"https:\/\/www.welovecycling.com\/cs\/2025\/08\/16\/zdenek-stybar-jednou-si-lipno-uziju-se-synem\/#primaryimage"},"image":{"@id":"https:\/\/www.welovecycling.com\/cs\/2025\/08\/16\/zdenek-stybar-jednou-si-lipno-uziju-se-synem\/#primaryimage"},"thumbnailUrl":"https:\/\/d2p6e6u75xmxt8.cloudfront.net\/13\/2024\/08\/stybar-prachatice-.webp","datePublished":"2025-08-16T01:00:26+00:00","dateModified":"2025-08-20T10:16:30+00:00","author":{"@id":"https:\/\/www.welovecycling.com\/cs\/#\/schema\/person\/d9eeb0a378f3a7e4a6d12d2b536b04b8"},"description":"L\u00e9to s kolem a sbalen\u00fdm kufrem! Zden\u011bk \u0160tybar, ambasador \u0160koda We Love Cycling, pro\u017e\u00edv\u00e1 pr\u00e1zdninov\u00e9 m\u011bs\u00edce v mnohem v\u011bt\u0161\u00edm z\u00e1p\u0159ahu ne\u017e v dob\u00e1ch, kdy byl je\u0161t\u011b profesion\u00e1ln\u00edm cyklistou. \u010cervenec vyplnil Tour de France, respektive Tour de France Femmes. Srpen nebude z hlediska cyklistiky nijak chud\u0161\u00ed, proto\u017ee jej \u010dek\u00e1 Czech Tour a na d\u00e1lku bude sledovat i kolegy a kamar\u00e1dy z mladoboleslavsk\u00e9ho t\u00fdmu p\u0159i vystoupen\u00ed v z\u00e1vod\u011b \u010cEZ Kolem Lipna, kter\u00fd osobn\u011b minul\u00fd rok absolvoval.","inLanguage":"cs","potentialAction":[{"@type":"ReadAction","target":["https:\/\/www.welovecycling.com\/cs\/2025\/08\/16\/zdenek-stybar-jednou-si-lipno-uziju-se-synem\/"]}]},{"@type":"ImageObject","inLanguage":"cs","@id":"https:\/\/www.welovecycling.com\/cs\/2025\/08\/16\/zdenek-stybar-jednou-si-lipno-uziju-se-synem\/#primaryimage","url":"https:\/\/d2p6e6u75xmxt8.cloudfront.net\/13\/2024\/08\/stybar-prachatice-.webp","contentUrl":"https:\/\/d2p6e6u75xmxt8.cloudfront.net\/13\/2024\/08\/stybar-prachatice-.webp","width":2040,"height":1149,"caption":"Zden\u011bk \u0161tybar"},{"@type":"WebSite","@id":"https:\/\/www.welovecycling.com\/cs\/#website","url":"https:\/\/www.welovecycling.com\/cs\/","name":"\u0160koda We Love Cycling - \u010cesk\u00e1 republika","description":"WeLoveCycling.cz je online magaz\u00edn, kter\u00fd v\u00e1m pravideln\u011b p\u0159in\u00e1\u0161\u00ed rady a tipy, zaj\u00edmav\u00e9 \u010dl\u00e1nky, videa a jedine\u010dn\u00e9 report\u00e1\u017ee ze sv\u011bta cyklistiky.","potentialAction":[{"@type":"SearchAction","target":{"@type":"EntryPoint","urlTemplate":"https:\/\/www.welovecycling.com\/cs\/?s={search_term_string}"},"query-input":{"@type":"PropertyValueSpecification","valueRequired":true,"valueName":"search_term_string"}}],"inLanguage":"cs"},{"@type":"Person","@id":"https:\/\/www.welovecycling.com\/cs\/#\/schema\/person\/d9eeb0a378f3a7e4a6d12d2b536b04b8","name":"radekmalina","image":{"@type":"ImageObject","inLanguage":"cs","@id":"https:\/\/www.welovecycling.com\/cs\/#\/schema\/person\/image\/","url":"https:\/\/secure.gravatar.com\/avatar\/66994b632cb8c39a46b9f54afa3ae07201b678d32a54275b6f1c9ffec356bfc0?s=96&d=mm&r=g","contentUrl":"https:\/\/secure.gravatar.com\/avatar\/66994b632cb8c39a46b9f54afa3ae07201b678d32a54275b6f1c9ffec356bfc0?s=96&d=mm&r=g","caption":"radekmalina"},"url":"https:\/\/www.welovecycling.com\/cs\/author\/radekmalina\/"}]}},"_links":{"self":[{"href":"https:\/\/www.welovecycling.com\/cs\/wp-json\/wp\/v2\/posts\/30681","targetHints":{"allow":["GET"]}}],"collection":[{"href":"https:\/\/www.welovecycling.com\/cs\/wp-json\/wp\/v2\/posts"}],"about":[{"href":"https:\/\/www.welovecycling.com\/cs\/wp-json\/wp\/v2\/types\/post"}],"author":[{"embeddable":true,"href":"https:\/\/www.welovecycling.com\/cs\/wp-json\/wp\/v2\/users\/138"}],"replies":[{"embeddable":true,"href":"https:\/\/www.welovecycling.com\/cs\/wp-json\/wp\/v2\/comments?post=30681"}],"version-history":[{"count":2,"href":"https:\/\/www.welovecycling.com\/cs\/wp-json\/wp\/v2\/posts\/30681\/revisions"}],"predecessor-version":[{"id":30683,"href":"https:\/\/www.welovecycling.com\/cs\/wp-json\/wp\/v2\/posts\/30681\/revisions\/30683"}],"wp:featuredmedia":[{"embeddable":true,"href":"https:\/\/www.welovecycling.com\/cs\/wp-json\/wp\/v2\/media\/26940"}],"wp:attachment":[{"href":"https:\/\/www.welovecycling.com\/cs\/wp-json\/wp\/v2\/media?parent=30681"}],"wp:term":[{"taxonomy":"category","embeddable":true,"href":"https:\/\/www.welovecycling.com\/cs\/wp-json\/wp\/v2\/categories?post=30681"},{"taxonomy":"post_tag","embeddable":true,"href":"https:\/\/www.welovecycling.com\/cs\/wp-json\/wp\/v2\/tags?post=30681"},{"taxonomy":"global-categories","embeddable":true,"href":"https:\/\/www.welovecycling.com\/cs\/wp-json\/wp\/v2\/global-categories?post=30681"}],"curies":[{"name":"wp","href":"https:\/\/api.w.org\/{rel}","templated":true}]}}