{"id":30673,"date":"2025-08-20T12:07:29","date_gmt":"2025-08-20T10:07:29","guid":{"rendered":"https:\/\/www.welovecycling.com\/cs\/?p=30673"},"modified":"2025-08-20T12:08:43","modified_gmt":"2025-08-20T10:08:43","slug":"prosim-nerusit-pogacar-v-originalnim-dresu-zada-o-klid","status":"publish","type":"post","link":"https:\/\/www.welovecycling.com\/cs\/2025\/08\/20\/prosim-nerusit-pogacar-v-originalnim-dresu-zada-o-klid\/","title":{"rendered":"Pros\u00edm neru\u0161it! Poga\u010dar v origin\u00e1ln\u00edm dresu \u017e\u00e1d\u00e1 o klid"},"content":{"rendered":"<p><strong>\u017d\u00e1d\u00e1 o klid v\u00fdzvou, kterou voz\u00ed na vlastn\u00ed t\u011ble. \u00danava se nakumulovala v obrovsk\u00e9m mno\u017estv\u00ed. Tadej Poga\u010dar p\u0159i vyvrcholen\u00ed Tour de France d\u00e1val bez okolk\u016f najevo, jak moc jej \u00fasp\u011b\u0161n\u00e1 bitva o \u010dtvrt\u00fd zisk \u017elut\u00e9ho trikotu vy\u010derpala. I proto zru\u0161il \u00fa\u010dast na Vuelt\u011b a sna\u017e\u00ed se maxim\u00e1ln\u011b odpo\u010d\u00edvat. Ale nen\u00ed to snadn\u00e9.<\/strong><\/p>\n<p>Kdy\u017e \u010dty\u0159ikr\u00e1t vyhrajete Tour de France, jste \u00fa\u0159aduj\u00edc\u00ed mistr sv\u011bta a dev\u00edtin\u00e1sobn\u00fd v\u00edt\u011bz n\u011bkter\u00e9ho z Monument\u016f, je slo\u017eit\u00e9 uniknout z\u00e1jmu p\u0159\u00edznivc\u016f. A\u0165 se Tadej Poga\u010dar pohne kamkoliv, \u010del\u00ed obrovsk\u00e9 pozornosti.<\/p>\n<p>&#8222;Tou\u017eil jsem po n\u00e1vratu na Vueltu, ale musel jsem d\u00e1t p\u0159ednost odpo\u010dinku. Moje t\u011blo mi \u0159\u00edk\u00e1, \u017ee pot\u0159ebuje pauzu,&#8220; vzk\u00e1zal kr\u00e1tce po Tour de France. \u201eLetos jsme cht\u011bli, aby Tadej Poga\u010dar absolvoval po \u0161esti letech Vueltu, ale sezona pro n\u011bj byla dlouh\u00e1. Mluvili jsme spolu a shodli se, \u017ee te\u010f je pro n\u011bj nejlep\u0161\u00ed si po\u0159\u00e1dn\u011b odpo\u010dinout a zam\u011b\u0159it se na posledn\u00ed c\u00edle sezony,\u201c \u0159ekl Matxin Fern\u00e1ndez, sportovn\u00ed mana\u017eer t\u00fdmu UAE Emirates.<\/p>\n<h2><strong>Pot\u0159ebuje klid fyzick\u00fd i psychick\u00fd<\/strong><\/h2>\n<p><strong>Tadej Poga\u010dar<\/strong> po kr\u00e1tk\u00e9m odpo\u010dinku po n\u00e1vratu z Tour de France uspo\u0159\u00e1dal krit\u00e9rium v rodn\u00e9m m\u011bst\u011b Komenda ve Slovinsku. Jinak se sna\u017e\u00ed hlavn\u011b odpo\u010d\u00edvat. Ale z\u00edskat klid nen\u00ed pro \u00fa\u0159aduj\u00edc\u00edho mistra sv\u011bta a dost mo\u017en\u00e1 nejv\u011bt\u0161\u00edho cyklistu v historii snadn\u00e9.<\/p>\n<figure id=\"attachment_30676\" aria-describedby=\"caption-attachment-30676\" style=\"width: 1920px\" class=\"wp-caption alignnone\"><a href=\"https:\/\/d2p6e6u75xmxt8.cloudfront.net\/13\/2025\/08\/20250723TDF1058-scaled.webp\"><img loading=\"lazy\" decoding=\"async\" class=\"size-extra-large wp-image-30676\" src=\"https:\/\/d2p6e6u75xmxt8.cloudfront.net\/13\/2025\/08\/20250723TDF1058-1920x1280.webp\" alt=\"\" width=\"1920\" height=\"1280\" srcset=\"https:\/\/d2p6e6u75xmxt8.cloudfront.net\/13\/2025\/08\/20250723TDF1058-1920x1280.webp 1920w, https:\/\/d2p6e6u75xmxt8.cloudfront.net\/13\/2025\/08\/20250723TDF1058-300x200.webp 300w, https:\/\/d2p6e6u75xmxt8.cloudfront.net\/13\/2025\/08\/20250723TDF1058-1024x683.webp 1024w, https:\/\/d2p6e6u75xmxt8.cloudfront.net\/13\/2025\/08\/20250723TDF1058-768x512.webp 768w, https:\/\/d2p6e6u75xmxt8.cloudfront.net\/13\/2025\/08\/20250723TDF1058-1536x1024.webp 1536w, https:\/\/d2p6e6u75xmxt8.cloudfront.net\/13\/2025\/08\/20250723TDF1058-2048x1365.webp 2048w, https:\/\/d2p6e6u75xmxt8.cloudfront.net\/13\/2025\/08\/20250723TDF1058-400x267.webp 400w, https:\/\/d2p6e6u75xmxt8.cloudfront.net\/13\/2025\/08\/20250723TDF1058-272x182.webp 272w, https:\/\/d2p6e6u75xmxt8.cloudfront.net\/13\/2025\/08\/20250723TDF1058-1920x1280.webp 1920w\" sizes=\"auto, (max-width: 1920px) 100vw, 1920px\" \/><\/a><figcaption id=\"caption-attachment-30676\" class=\"wp-caption-text\"><em>Tadej Poga\u010dar v oble\u017een\u00ed fanou\u0161k\u016f. Foto: A.S.O.\/Charly Lopez<\/em><\/figcaption><\/figure>\n<p>&#8222;Tadej Poga\u010dar pot\u0159ebuje psychick\u00fd i fyzick\u00fd odpo\u010dinek,&#8220; neskr\u00fdv\u00e1 vy\u010derp\u00e1n\u00ed kl\u00ed\u010dov\u00e9ho mu\u017ee t\u00fdmu Mauro Gianetti, sportovn\u00ed \u0159editel <strong>UAE Emirates XRG<\/strong>. &#8222;B\u00fdt v jeho roli nen\u00ed snadn\u00e9. V\u0161ichni \u010dekaj\u00ed, \u017ee vyhraje a je\u0161t\u011b p\u0159edvede show. Pot\u0159ebujeme, aby byl p\u0159i z\u00e1vod\u011bn\u00ed \u0161\u0165astn\u00fd, proto\u017ee jinak se nikdo \u017e\u00e1dn\u00e9 dal\u0161\u00ed show nedo\u010dk\u00e1.&#8220;<\/p>\n<div class=\"shortcode-ys-post-pinup\"><article class=\"loop-simple post-30655 post type-post status-publish format-standard has-post-thumbnail hentry category-silnicni-cyklistika tag-cyklistika tag-jonas-vingegaard tag-silnicni-cyklistika tag-vuelta tag-vuelta-2025 tag-zdenek-stybar global-categories-cycling\" data-postid=\"30655\" role=\"article\" data-post-id=\"30655\" data-word-count=\"488\" data-headline-length=\"69\" data-category=\"Silni\u010dn\u00ed cyklistika\" data-global-category=\"Cycling\" data-author=\"We Love Cycling\" data-published=\"2025-08-18T14:41:52+02:00\" data-published-day=\"Monday\">\n    <div class=\"entry-thumbnail article-thumbnail\" content=\"https:\/\/d2p6e6u75xmxt8.cloudfront.net\/13\/2024\/07\/1800-x-1200-velky-150x150.webp\"><a href=\"https:\/\/www.welovecycling.com\/cs\/2025\/08\/18\/dva-lidri-davaji-logiku-ale-jonas-vingegaard-bude-neporazitelny\/\" class=\"image-holder\" target=\"_self\"><img decoding=\"async\" loading=\"lazy\" class=\"\" src=\"https:\/\/d2p6e6u75xmxt8.cloudfront.net\/13\/2024\/07\/1800-x-1200-velky-1024x683.webp\" srcset=\"https:\/\/d2p6e6u75xmxt8.cloudfront.net\/13\/2024\/07\/1800-x-1200-velky.webp 1800w, https:\/\/d2p6e6u75xmxt8.cloudfront.net\/13\/2024\/07\/1800-x-1200-velky-300x200.webp 300w, https:\/\/d2p6e6u75xmxt8.cloudfront.net\/13\/2024\/07\/1800-x-1200-velky-1024x683.webp 1024w, https:\/\/d2p6e6u75xmxt8.cloudfront.net\/13\/2024\/07\/1800-x-1200-velky-768x512.webp 768w, https:\/\/d2p6e6u75xmxt8.cloudfront.net\/13\/2024\/07\/1800-x-1200-velky-1536x1024.webp 1536w, https:\/\/d2p6e6u75xmxt8.cloudfront.net\/13\/2024\/07\/1800-x-1200-velky-400x267.webp 400w, https:\/\/d2p6e6u75xmxt8.cloudfront.net\/13\/2024\/07\/1800-x-1200-velky-272x182.webp 272w\" width=\"1024\" height=\"683\" sizes=\"auto, (min-width: 1200px) 300px, (min-width: 768px) 25vw, 100vw\" alt=\"dva-lidri-davaji-logiku-ale-jonas-vingegaard-bude-neporazitelny\"\/><\/a><\/div>    <div class=\"entry-meta\">\n        <a class=\"label label-secondary post-category\" href=\"https:\/\/www.welovecycling.com\/cs\/category\/silnicni-cyklistika\/\" title=\"Silni\u010dn\u00ed cyklistika\">Silni\u010dn\u00ed cyklistika<\/a>\n    <\/div>\n    <div class=\"entry-details\">\n        <a href=\"https:\/\/www.welovecycling.com\/cs\/2025\/08\/18\/dva-lidri-davaji-logiku-ale-jonas-vingegaard-bude-neporazitelny\/\" class='entry-title-wrapper'>\n            <h3 class=\"entry-title\"><span>Dva l\u00edd\u0159i d\u00e1vaj\u00ed logiku, ale Jonas Vingegaard bude neporaziteln\u00fd<\/span><\/h3>\n        <\/a>\n    <\/div>\n    <\/article>\n<\/div>\n<p>I proto vyr\u00e1\u017e\u00ed Tadej Poga\u010dar tr\u00e9novat ve speci\u00e1ln\u00edm dresu, p\u0159esto\u017ee m\u00e1 pr\u00e1vo obl\u00e9kat trikot s duhov\u00fdmi pruhy mistra sv\u011bta zv\u00fdraz\u0148uj\u00edc\u00ed jeho dominanci. Fanou\u0161ci jej nejprve zachytili v b\u00edl\u00e9m trikotu, na n\u011bm\u017e byl \u010dervenou barvou v duchu z\u00e1kazov\u00e9 zna\u010dky p\u0159e\u0161krtnut\u00fd fotoapar\u00e1t s n\u00e1pisem nefotografovat, nenat\u00e1\u010det.<\/p>\n<p>&#8222;Sly\u0161el jsem historky, pod kter\u00fdch b\u011bhem Tour de France absolvoval mezi sn\u00eddan\u00ed a cestou na etapu t\u0159eba deset sch\u016fzek. V\u0161ichni s n\u00edm cht\u011bj\u00ed n\u011bco \u0159e\u0161it. A pak jede na kole od autobusu na start \u0161pal\u00edrem \u0161\u00edl\u00edc\u00edch fanou\u0161k\u016f, kte\u0159\u00ed cht\u011bj\u00ed podpis, selfie nebo si s Tadejem alespo\u0148 pl\u00e1cnout,&#8220; popisuje jeden z b\u00fdval\u00fdch \u00fasp\u011b\u0161n\u00fdch z\u00e1vodn\u00edk\u016f zasv\u011bcen\u00fdch do d\u011bje v sou\u010dasn\u00e9m profesion\u00e1ln\u00edm pelotonu.<\/p>\n<h2><strong>Poga\u010dar jezd\u00ed ve speci\u00e1ln\u00edm dresu<\/strong><\/h2>\n<p>Kdy\u017e v \u00favodu srpna p\u0159ijel Tadej Poga\u010dar za partnerkou Ur\u0161kou \u017digart, profesion\u00e1ln\u00ed z\u00e1vodnic\u00ed t\u00fdmu AG Insurance, na z\u00e1vod Kolem Romandie, byl v b\u00edl\u00e9m trikotu, z n\u011bho\u017e \u010dern\u011b k\u0159i\u010del n\u00e1pis Pros\u00edm neru\u0161it.<\/p>\n<figure id=\"attachment_30674\" aria-describedby=\"caption-attachment-30674\" style=\"width: 712px\" class=\"wp-caption alignnone\"><a href=\"https:\/\/d2p6e6u75xmxt8.cloudfront.net\/13\/2025\/08\/Tadej.webp\"><img loading=\"lazy\" decoding=\"async\" class=\" wp-image-30674\" src=\"https:\/\/d2p6e6u75xmxt8.cloudfront.net\/13\/2025\/08\/Tadej.webp\" alt=\"\" width=\"712\" height=\"911\" srcset=\"https:\/\/d2p6e6u75xmxt8.cloudfront.net\/13\/2025\/08\/Tadej.webp 462w, https:\/\/d2p6e6u75xmxt8.cloudfront.net\/13\/2025\/08\/Tadej-235x300.webp 235w, https:\/\/d2p6e6u75xmxt8.cloudfront.net\/13\/2025\/08\/Tadej-313x400.webp 313w\" sizes=\"auto, (max-width: 712px) 100vw, 712px\" \/><\/a><figcaption id=\"caption-attachment-30674\" class=\"wp-caption-text\"><em>Ur\u0161ka \u017digart a Tadej Poga\u010dar ve speci\u00e1ln\u00edm dresu \u017e\u00e1daj\u00edc\u00edm od fanou\u0161k\u016f hlavn\u011b klid. Foto: instagram<\/em><\/figcaption><\/figure>\n<p>&#8222;Je vystaven\u00fd obrovsk\u00e9mu tlaku. Kdy\u017e jsem vyhr\u00e1l pot\u0159et\u00ed titul mistra sv\u011bta v cyklokrosu, bylo pro m\u011b vysvobozen\u00edm, jakmile jsem odstartoval do z\u00e1vodu. Vlastn\u011b jsem se na utrpen\u00ed v nejvy\u0161\u0161\u00edm nasazen\u00ed t\u011b\u0161il, proto\u017ee jsem v\u011bd\u011bl, \u017ee budu m\u00edt absolutn\u00ed klid. P\u0159ed z\u00e1vodem i po n\u011bm v\u0161ichni po\u0159\u00e1d n\u011bco cht\u011bli. A <a href=\"https:\/\/www.welovecycling.com\/cs\/2025\/07\/22\/tadej-pogacar-a-jeho-tajemstvi\/\">Tadej Poga\u010dar mus\u00ed<\/a> tohle n\u00e1sobit tak tis\u00edckr\u00e1t,&#8220; p\u0159em\u00edt\u00e1 Zden\u011bk \u0160tybar, b\u00fdval\u00fd \u010desk\u00fd profesion\u00e1ln\u00ed z\u00e1vodn\u00edk.<\/p>\n<div class=\"shortcode-ys-post-pinup\"><article class=\"loop-simple post-30616 post type-post status-publish format-standard has-post-thumbnail hentry category-zdravi-a-trenink tag-cyklistika tag-czech-tour tag-leopold-konig tag-silnicni-cyklistika tag-weather-protocol tag-zdravi-a-trenink global-categories-cycling\" data-postid=\"30616\" role=\"article\" data-post-id=\"30616\" data-word-count=\"426\" data-headline-length=\"70\" data-category=\"Zdrav\u00ed a tr\u00e9nink\" data-global-category=\"Cycling\" data-author=\"Radek Malina\" data-published=\"2025-08-15T21:00:08+02:00\" data-published-day=\"Friday\">\n    <div class=\"entry-thumbnail article-thumbnail\" content=\"https:\/\/d2p6e6u75xmxt8.cloudfront.net\/13\/2025\/08\/DSC_4690-150x150.webp\"><a href=\"https:\/\/www.welovecycling.com\/cs\/2025\/08\/15\/kolabujici-cykliste-spaleni-o-asfalt-kdyz-vedro-zastavit-zavod\/\" class=\"image-holder\" target=\"_self\"><img decoding=\"async\" loading=\"lazy\" class=\"\" src=\"https:\/\/d2p6e6u75xmxt8.cloudfront.net\/13\/2025\/08\/DSC_4690-1024x683.webp\" srcset=\"https:\/\/d2p6e6u75xmxt8.cloudfront.net\/13\/2025\/08\/DSC_4690-scaled.webp 2560w, https:\/\/d2p6e6u75xmxt8.cloudfront.net\/13\/2025\/08\/DSC_4690-300x200.webp 300w, https:\/\/d2p6e6u75xmxt8.cloudfront.net\/13\/2025\/08\/DSC_4690-1024x683.webp 1024w, https:\/\/d2p6e6u75xmxt8.cloudfront.net\/13\/2025\/08\/DSC_4690-768x512.webp 768w, https:\/\/d2p6e6u75xmxt8.cloudfront.net\/13\/2025\/08\/DSC_4690-1536x1024.webp 1536w, https:\/\/d2p6e6u75xmxt8.cloudfront.net\/13\/2025\/08\/DSC_4690-2048x1365.webp 2048w, https:\/\/d2p6e6u75xmxt8.cloudfront.net\/13\/2025\/08\/DSC_4690-1920x1280.webp 1920w, https:\/\/d2p6e6u75xmxt8.cloudfront.net\/13\/2025\/08\/DSC_4690-400x267.webp 400w, https:\/\/d2p6e6u75xmxt8.cloudfront.net\/13\/2025\/08\/DSC_4690-272x182.webp 272w, https:\/\/d2p6e6u75xmxt8.cloudfront.net\/13\/2025\/08\/DSC_4690-1920x1280.webp 1920w\" width=\"1024\" height=\"683\" sizes=\"auto, (min-width: 1200px) 300px, (min-width: 768px) 25vw, 100vw\" alt=\"kolabujici-cykliste-spaleni-o-asfalt-kdyz-vedro-zastavit-zavod\"\/><\/a><\/div>    <div class=\"entry-meta\">\n        <a class=\"label label-secondary post-category\" href=\"https:\/\/www.welovecycling.com\/cs\/category\/zdravi-a-trenink\/\" title=\"Zdrav\u00ed a tr\u00e9nink\">Zdrav\u00ed a tr\u00e9nink<\/a>\n    <\/div>\n    <div class=\"entry-details\">\n        <a href=\"https:\/\/www.welovecycling.com\/cs\/2025\/08\/15\/kolabujici-cykliste-spaleni-o-asfalt-kdyz-vedro-zastavit-zavod\/\" class='entry-title-wrapper'>\n            <h3 class=\"entry-title\"><span>Kolabuj\u00edc\u00ed cyklist\u00e9 sp\u00e1len\u00ed o asfalt? Kdy\u017e vedro zastav\u00ed z\u00e1vod<\/span><\/h3>\n        <\/a>\n    <\/div>\n    <\/article>\n<\/div>\n<p><a href=\"https:\/\/x.com\/lucasaganronald\/status\/1957471061517250959\">Tadej Poga\u010dar<\/a> se do z\u00e1vodn\u00edho programu vr\u00e1t\u00ed v polovin\u011b z\u00e1\u0159\u00ed p\u0159i jednor\u00e1zovk\u00e1ch v Kanad\u011b, posledn\u00ed ned\u011bli v z\u00e1\u0159\u00ed pojede mistrovstv\u00ed sv\u011bta, n\u00e1sledn\u011b m\u00e1 v pl\u00e1nu je\u0161t\u011b mistrovstv\u00ed Evropy a posledn\u00ed akc\u00ed slovinsk\u00e9ho cyklisty by m\u011bl b\u00fdt Monument Kolem Lombardie.<\/p>\n","protected":false},"excerpt":{"rendered":"<p>\u017d\u00e1d\u00e1 o klid v\u00fdzvou, kterou voz\u00ed na vlastn\u00ed t\u011ble. \u00danava se nakumulovala v obrovsk\u00e9m mno\u017estv\u00ed. Tadej Poga\u010dar p\u0159i vyvrcholen\u00ed Tour [&hellip;]<\/p>\n","protected":false},"author":138,"featured_media":30675,"comment_status":"open","ping_status":"open","sticky":false,"template":"","format":"standard","meta":{"footnotes":""},"categories":[10],"tags":[126,3708,9,502,23,273],"global-categories":[411],"class_list":["post-30673","post","type-post","status-publish","format-standard","has-post-thumbnail","hentry","category-silnicni-cyklistika","tag-cyklistika","tag-popularita","tag-silnicni-cyklistika","tag-tadej-pogacar","tag-tour-de-france","tag-vuelta","global-categories-cycling"],"yoast_head":"<!-- This site is optimized with the Yoast SEO Premium plugin v25.3 (Yoast SEO v25.9) - https:\/\/yoast.com\/wordpress\/plugins\/seo\/ -->\n<title>Pros\u00edm neru\u0161it! Poga\u010dar v origin\u00e1ln\u00edm dresu \u017e\u00e1d\u00e1 o klid | \u0160koda We Love Cycling - \u010cesk\u00e1 republika<\/title>\n<meta name=\"description\" content=\"\u017d\u00e1d\u00e1 o klid v\u00fdzvou, kterou voz\u00ed na vlastn\u00ed t\u011ble. \u00danava se nakumulovala v obrovsk\u00e9m mno\u017estv\u00ed. Tadej Poga\u010dar p\u0159i vyvrcholen\u00ed Tour de France d\u00e1val bez okolk\u016f najevo, jak moc jej \u00fasp\u011b\u0161n\u00e1 bitva o \u010dtvrt\u00fd zisk \u017elut\u00e9ho trikotu vy\u010derpala. I proto zru\u0161il \u00fa\u010dast na Vuelt\u011b a sna\u017e\u00ed se maxim\u00e1ln\u011b odpo\u010d\u00edvat. Ale nen\u00ed to snadn\u00e9.\" \/>\n<meta name=\"robots\" content=\"index, follow, max-snippet:-1, max-image-preview:large, max-video-preview:-1\" \/>\n<link rel=\"canonical\" href=\"https:\/\/www.welovecycling.com\/cs\/2025\/08\/20\/prosim-nerusit-pogacar-v-originalnim-dresu-zada-o-klid\/\" \/>\n<meta property=\"og:locale\" content=\"cs_CZ\" \/>\n<meta property=\"og:type\" content=\"article\" \/>\n<meta property=\"og:title\" content=\"Pros\u00edm neru\u0161it! Poga\u010dar v origin\u00e1ln\u00edm dresu \u017e\u00e1d\u00e1 o klid\" \/>\n<meta property=\"og:description\" content=\"\u017d\u00e1d\u00e1 o klid v\u00fdzvou, kterou voz\u00ed na vlastn\u00ed t\u011ble. \u00danava se nakumulovala v obrovsk\u00e9m mno\u017estv\u00ed. Tadej Poga\u010dar p\u0159i vyvrcholen\u00ed Tour de France d\u00e1val bez okolk\u016f najevo, jak moc jej \u00fasp\u011b\u0161n\u00e1 bitva o \u010dtvrt\u00fd zisk \u017elut\u00e9ho trikotu vy\u010derpala. I proto zru\u0161il \u00fa\u010dast na Vuelt\u011b a sna\u017e\u00ed se maxim\u00e1ln\u011b odpo\u010d\u00edvat. Ale nen\u00ed to snadn\u00e9.\" \/>\n<meta property=\"og:url\" content=\"https:\/\/www.welovecycling.com\/cs\/2025\/08\/20\/prosim-nerusit-pogacar-v-originalnim-dresu-zada-o-klid\/\" \/>\n<meta property=\"og:site_name\" content=\"\u0160koda We Love Cycling - \u010cesk\u00e1 republika\" \/>\n<meta property=\"article:published_time\" content=\"2025-08-20T10:07:29+00:00\" \/>\n<meta property=\"article:modified_time\" content=\"2025-08-20T10:08:43+00:00\" \/>\n<meta property=\"og:image\" content=\"https:\/\/d2p6e6u75xmxt8.cloudfront.net\/13\/2025\/08\/profimedia-1029720689.webp\" \/>\n\t<meta property=\"og:image:width\" content=\"1800\" \/>\n\t<meta property=\"og:image:height\" content=\"1199\" \/>\n\t<meta property=\"og:image:type\" content=\"image\/webp\" \/>\n<meta name=\"author\" content=\"radekmalina\" \/>\n<meta name=\"twitter:card\" content=\"summary_large_image\" \/>\n<meta name=\"twitter:label1\" content=\"Written by\" \/>\n\t<meta name=\"twitter:data1\" content=\"Radek Malina\" \/>\n\t<meta name=\"twitter:label2\" content=\"Est. reading time\" \/>\n\t<meta name=\"twitter:data2\" content=\"5\" \/>\n<script type=\"application\/ld+json\" class=\"yoast-schema-graph\">{\"@context\":\"https:\/\/schema.org\",\"@graph\":[{\"@type\":\"WebPage\",\"@id\":\"https:\/\/www.welovecycling.com\/cs\/2025\/08\/20\/prosim-nerusit-pogacar-v-originalnim-dresu-zada-o-klid\/\",\"url\":\"https:\/\/www.welovecycling.com\/cs\/2025\/08\/20\/prosim-nerusit-pogacar-v-originalnim-dresu-zada-o-klid\/\",\"name\":\"Pros\u00edm neru\u0161it! Poga\u010dar v origin\u00e1ln\u00edm dresu \u017e\u00e1d\u00e1 o klid | \u0160koda We Love Cycling - \u010cesk\u00e1 republika\",\"isPartOf\":{\"@id\":\"https:\/\/www.welovecycling.com\/cs\/#website\"},\"primaryImageOfPage\":{\"@id\":\"https:\/\/www.welovecycling.com\/cs\/2025\/08\/20\/prosim-nerusit-pogacar-v-originalnim-dresu-zada-o-klid\/#primaryimage\"},\"image\":{\"@id\":\"https:\/\/www.welovecycling.com\/cs\/2025\/08\/20\/prosim-nerusit-pogacar-v-originalnim-dresu-zada-o-klid\/#primaryimage\"},\"thumbnailUrl\":\"https:\/\/d2p6e6u75xmxt8.cloudfront.net\/13\/2025\/08\/profimedia-1029720689.webp\",\"datePublished\":\"2025-08-20T10:07:29+00:00\",\"dateModified\":\"2025-08-20T10:08:43+00:00\",\"author\":{\"@id\":\"https:\/\/www.welovecycling.com\/cs\/#\/schema\/person\/d9eeb0a378f3a7e4a6d12d2b536b04b8\"},\"description\":\"\u017d\u00e1d\u00e1 o klid v\u00fdzvou, kterou voz\u00ed na vlastn\u00ed t\u011ble. \u00danava se nakumulovala v obrovsk\u00e9m mno\u017estv\u00ed. Tadej Poga\u010dar p\u0159i vyvrcholen\u00ed Tour de France d\u00e1val bez okolk\u016f najevo, jak moc jej \u00fasp\u011b\u0161n\u00e1 bitva o \u010dtvrt\u00fd zisk \u017elut\u00e9ho trikotu vy\u010derpala. I proto zru\u0161il \u00fa\u010dast na Vuelt\u011b a sna\u017e\u00ed se maxim\u00e1ln\u011b odpo\u010d\u00edvat. Ale nen\u00ed to snadn\u00e9.\",\"inLanguage\":\"cs\",\"potentialAction\":[{\"@type\":\"ReadAction\",\"target\":[\"https:\/\/www.welovecycling.com\/cs\/2025\/08\/20\/prosim-nerusit-pogacar-v-originalnim-dresu-zada-o-klid\/\"]}]},{\"@type\":\"ImageObject\",\"inLanguage\":\"cs\",\"@id\":\"https:\/\/www.welovecycling.com\/cs\/2025\/08\/20\/prosim-nerusit-pogacar-v-originalnim-dresu-zada-o-klid\/#primaryimage\",\"url\":\"https:\/\/d2p6e6u75xmxt8.cloudfront.net\/13\/2025\/08\/profimedia-1029720689.webp\",\"contentUrl\":\"https:\/\/d2p6e6u75xmxt8.cloudfront.net\/13\/2025\/08\/profimedia-1029720689.webp\",\"width\":1800,\"height\":1199,\"caption\":\"Tadej Poga\u010dar Ur\u0161ka \u017digart\"},{\"@type\":\"WebSite\",\"@id\":\"https:\/\/www.welovecycling.com\/cs\/#website\",\"url\":\"https:\/\/www.welovecycling.com\/cs\/\",\"name\":\"\u0160koda We Love Cycling - \u010cesk\u00e1 republika\",\"description\":\"WeLoveCycling.cz je online magaz\u00edn, kter\u00fd v\u00e1m pravideln\u011b p\u0159in\u00e1\u0161\u00ed rady a tipy, zaj\u00edmav\u00e9 \u010dl\u00e1nky, videa a jedine\u010dn\u00e9 report\u00e1\u017ee ze sv\u011bta cyklistiky.\",\"potentialAction\":[{\"@type\":\"SearchAction\",\"target\":{\"@type\":\"EntryPoint\",\"urlTemplate\":\"https:\/\/www.welovecycling.com\/cs\/?s={search_term_string}\"},\"query-input\":{\"@type\":\"PropertyValueSpecification\",\"valueRequired\":true,\"valueName\":\"search_term_string\"}}],\"inLanguage\":\"cs\"},{\"@type\":\"Person\",\"@id\":\"https:\/\/www.welovecycling.com\/cs\/#\/schema\/person\/d9eeb0a378f3a7e4a6d12d2b536b04b8\",\"name\":\"radekmalina\",\"image\":{\"@type\":\"ImageObject\",\"inLanguage\":\"cs\",\"@id\":\"https:\/\/www.welovecycling.com\/cs\/#\/schema\/person\/image\/\",\"url\":\"https:\/\/secure.gravatar.com\/avatar\/66994b632cb8c39a46b9f54afa3ae07201b678d32a54275b6f1c9ffec356bfc0?s=96&d=mm&r=g\",\"contentUrl\":\"https:\/\/secure.gravatar.com\/avatar\/66994b632cb8c39a46b9f54afa3ae07201b678d32a54275b6f1c9ffec356bfc0?s=96&d=mm&r=g\",\"caption\":\"radekmalina\"},\"url\":\"https:\/\/www.welovecycling.com\/cs\/author\/radekmalina\/\"}]}<\/script>\n<!-- \/ Yoast SEO Premium plugin. -->","yoast_head_json":{"title":"Pros\u00edm neru\u0161it! Poga\u010dar v origin\u00e1ln\u00edm dresu \u017e\u00e1d\u00e1 o klid | \u0160koda We Love Cycling - \u010cesk\u00e1 republika","description":"\u017d\u00e1d\u00e1 o klid v\u00fdzvou, kterou voz\u00ed na vlastn\u00ed t\u011ble. \u00danava se nakumulovala v obrovsk\u00e9m mno\u017estv\u00ed. Tadej Poga\u010dar p\u0159i vyvrcholen\u00ed Tour de France d\u00e1val bez okolk\u016f najevo, jak moc jej \u00fasp\u011b\u0161n\u00e1 bitva o \u010dtvrt\u00fd zisk \u017elut\u00e9ho trikotu vy\u010derpala. I proto zru\u0161il \u00fa\u010dast na Vuelt\u011b a sna\u017e\u00ed se maxim\u00e1ln\u011b odpo\u010d\u00edvat. Ale nen\u00ed to snadn\u00e9.","robots":{"index":"index","follow":"follow","max-snippet":"max-snippet:-1","max-image-preview":"max-image-preview:large","max-video-preview":"max-video-preview:-1"},"canonical":"https:\/\/www.welovecycling.com\/cs\/2025\/08\/20\/prosim-nerusit-pogacar-v-originalnim-dresu-zada-o-klid\/","og_locale":"cs_CZ","og_type":"article","og_title":"Pros\u00edm neru\u0161it! Poga\u010dar v origin\u00e1ln\u00edm dresu \u017e\u00e1d\u00e1 o klid","og_description":"\u017d\u00e1d\u00e1 o klid v\u00fdzvou, kterou voz\u00ed na vlastn\u00ed t\u011ble. \u00danava se nakumulovala v obrovsk\u00e9m mno\u017estv\u00ed. Tadej Poga\u010dar p\u0159i vyvrcholen\u00ed Tour de France d\u00e1val bez okolk\u016f najevo, jak moc jej \u00fasp\u011b\u0161n\u00e1 bitva o \u010dtvrt\u00fd zisk \u017elut\u00e9ho trikotu vy\u010derpala. I proto zru\u0161il \u00fa\u010dast na Vuelt\u011b a sna\u017e\u00ed se maxim\u00e1ln\u011b odpo\u010d\u00edvat. Ale nen\u00ed to snadn\u00e9.","og_url":"https:\/\/www.welovecycling.com\/cs\/2025\/08\/20\/prosim-nerusit-pogacar-v-originalnim-dresu-zada-o-klid\/","og_site_name":"\u0160koda We Love Cycling - \u010cesk\u00e1 republika","article_published_time":"2025-08-20T10:07:29+00:00","article_modified_time":"2025-08-20T10:08:43+00:00","og_image":[{"width":1800,"height":1199,"url":"https:\/\/d2p6e6u75xmxt8.cloudfront.net\/13\/2025\/08\/profimedia-1029720689.webp","type":"image\/webp"}],"author":"radekmalina","twitter_card":"summary_large_image","twitter_misc":{"Written by":"Radek Malina","Est. reading time":"5"},"schema":{"@context":"https:\/\/schema.org","@graph":[{"@type":"WebPage","@id":"https:\/\/www.welovecycling.com\/cs\/2025\/08\/20\/prosim-nerusit-pogacar-v-originalnim-dresu-zada-o-klid\/","url":"https:\/\/www.welovecycling.com\/cs\/2025\/08\/20\/prosim-nerusit-pogacar-v-originalnim-dresu-zada-o-klid\/","name":"Pros\u00edm neru\u0161it! Poga\u010dar v origin\u00e1ln\u00edm dresu \u017e\u00e1d\u00e1 o klid | \u0160koda We Love Cycling - \u010cesk\u00e1 republika","isPartOf":{"@id":"https:\/\/www.welovecycling.com\/cs\/#website"},"primaryImageOfPage":{"@id":"https:\/\/www.welovecycling.com\/cs\/2025\/08\/20\/prosim-nerusit-pogacar-v-originalnim-dresu-zada-o-klid\/#primaryimage"},"image":{"@id":"https:\/\/www.welovecycling.com\/cs\/2025\/08\/20\/prosim-nerusit-pogacar-v-originalnim-dresu-zada-o-klid\/#primaryimage"},"thumbnailUrl":"https:\/\/d2p6e6u75xmxt8.cloudfront.net\/13\/2025\/08\/profimedia-1029720689.webp","datePublished":"2025-08-20T10:07:29+00:00","dateModified":"2025-08-20T10:08:43+00:00","author":{"@id":"https:\/\/www.welovecycling.com\/cs\/#\/schema\/person\/d9eeb0a378f3a7e4a6d12d2b536b04b8"},"description":"\u017d\u00e1d\u00e1 o klid v\u00fdzvou, kterou voz\u00ed na vlastn\u00ed t\u011ble. \u00danava se nakumulovala v obrovsk\u00e9m mno\u017estv\u00ed. Tadej Poga\u010dar p\u0159i vyvrcholen\u00ed Tour de France d\u00e1val bez okolk\u016f najevo, jak moc jej \u00fasp\u011b\u0161n\u00e1 bitva o \u010dtvrt\u00fd zisk \u017elut\u00e9ho trikotu vy\u010derpala. I proto zru\u0161il \u00fa\u010dast na Vuelt\u011b a sna\u017e\u00ed se maxim\u00e1ln\u011b odpo\u010d\u00edvat. Ale nen\u00ed to snadn\u00e9.","inLanguage":"cs","potentialAction":[{"@type":"ReadAction","target":["https:\/\/www.welovecycling.com\/cs\/2025\/08\/20\/prosim-nerusit-pogacar-v-originalnim-dresu-zada-o-klid\/"]}]},{"@type":"ImageObject","inLanguage":"cs","@id":"https:\/\/www.welovecycling.com\/cs\/2025\/08\/20\/prosim-nerusit-pogacar-v-originalnim-dresu-zada-o-klid\/#primaryimage","url":"https:\/\/d2p6e6u75xmxt8.cloudfront.net\/13\/2025\/08\/profimedia-1029720689.webp","contentUrl":"https:\/\/d2p6e6u75xmxt8.cloudfront.net\/13\/2025\/08\/profimedia-1029720689.webp","width":1800,"height":1199,"caption":"Tadej Poga\u010dar Ur\u0161ka \u017digart"},{"@type":"WebSite","@id":"https:\/\/www.welovecycling.com\/cs\/#website","url":"https:\/\/www.welovecycling.com\/cs\/","name":"\u0160koda We Love Cycling - \u010cesk\u00e1 republika","description":"WeLoveCycling.cz je online magaz\u00edn, kter\u00fd v\u00e1m pravideln\u011b p\u0159in\u00e1\u0161\u00ed rady a tipy, zaj\u00edmav\u00e9 \u010dl\u00e1nky, videa a jedine\u010dn\u00e9 report\u00e1\u017ee ze sv\u011bta cyklistiky.","potentialAction":[{"@type":"SearchAction","target":{"@type":"EntryPoint","urlTemplate":"https:\/\/www.welovecycling.com\/cs\/?s={search_term_string}"},"query-input":{"@type":"PropertyValueSpecification","valueRequired":true,"valueName":"search_term_string"}}],"inLanguage":"cs"},{"@type":"Person","@id":"https:\/\/www.welovecycling.com\/cs\/#\/schema\/person\/d9eeb0a378f3a7e4a6d12d2b536b04b8","name":"radekmalina","image":{"@type":"ImageObject","inLanguage":"cs","@id":"https:\/\/www.welovecycling.com\/cs\/#\/schema\/person\/image\/","url":"https:\/\/secure.gravatar.com\/avatar\/66994b632cb8c39a46b9f54afa3ae07201b678d32a54275b6f1c9ffec356bfc0?s=96&d=mm&r=g","contentUrl":"https:\/\/secure.gravatar.com\/avatar\/66994b632cb8c39a46b9f54afa3ae07201b678d32a54275b6f1c9ffec356bfc0?s=96&d=mm&r=g","caption":"radekmalina"},"url":"https:\/\/www.welovecycling.com\/cs\/author\/radekmalina\/"}]}},"_links":{"self":[{"href":"https:\/\/www.welovecycling.com\/cs\/wp-json\/wp\/v2\/posts\/30673","targetHints":{"allow":["GET"]}}],"collection":[{"href":"https:\/\/www.welovecycling.com\/cs\/wp-json\/wp\/v2\/posts"}],"about":[{"href":"https:\/\/www.welovecycling.com\/cs\/wp-json\/wp\/v2\/types\/post"}],"author":[{"embeddable":true,"href":"https:\/\/www.welovecycling.com\/cs\/wp-json\/wp\/v2\/users\/138"}],"replies":[{"embeddable":true,"href":"https:\/\/www.welovecycling.com\/cs\/wp-json\/wp\/v2\/comments?post=30673"}],"version-history":[{"count":4,"href":"https:\/\/www.welovecycling.com\/cs\/wp-json\/wp\/v2\/posts\/30673\/revisions"}],"predecessor-version":[{"id":30680,"href":"https:\/\/www.welovecycling.com\/cs\/wp-json\/wp\/v2\/posts\/30673\/revisions\/30680"}],"wp:featuredmedia":[{"embeddable":true,"href":"https:\/\/www.welovecycling.com\/cs\/wp-json\/wp\/v2\/media\/30675"}],"wp:attachment":[{"href":"https:\/\/www.welovecycling.com\/cs\/wp-json\/wp\/v2\/media?parent=30673"}],"wp:term":[{"taxonomy":"category","embeddable":true,"href":"https:\/\/www.welovecycling.com\/cs\/wp-json\/wp\/v2\/categories?post=30673"},{"taxonomy":"post_tag","embeddable":true,"href":"https:\/\/www.welovecycling.com\/cs\/wp-json\/wp\/v2\/tags?post=30673"},{"taxonomy":"global-categories","embeddable":true,"href":"https:\/\/www.welovecycling.com\/cs\/wp-json\/wp\/v2\/global-categories?post=30673"}],"curies":[{"name":"wp","href":"https:\/\/api.w.org\/{rel}","templated":true}]}}