{"id":30663,"date":"2025-08-20T07:49:23","date_gmt":"2025-08-20T05:49:23","guid":{"rendered":"https:\/\/www.welovecycling.com\/cs\/?p=30663"},"modified":"2025-08-20T07:59:47","modified_gmt":"2025-08-20T05:59:47","slug":"skvela-show-pritahne-dalsi-hvezdy","status":"publish","type":"post","link":"https:\/\/www.welovecycling.com\/cs\/2025\/08\/20\/skvela-show-pritahne-dalsi-hvezdy\/","title":{"rendered":"P\u0159it\u00e1hne Czech Tour s vy\u0161\u0161\u00ed licenc\u00ed dal\u0161\u00ed hv\u011bzdy?"},"content":{"rendered":"<p><strong>T\u011bsn\u00e1 bitva, kter\u00e1 ohromila. P\u0159elomov\u00fd ro\u010dn\u00edk Czech Tour, kdy nejv\u011bt\u0161\u00ed etapov\u00fd z\u00e1vod v \u010cesk\u00e9 republice projel nap\u0159\u00ed\u010d celou zem\u00ed, byl jedn\u00edm z nejdramati\u010dt\u011bj\u0161\u00edch v historii. O celkov\u00e9m v\u00edt\u011bzi se rozhodovalo do posledn\u00edch metr\u016f v z\u00e1v\u011bre\u010dn\u00e9 ned\u011bln\u00ed etap\u011b s c\u00edlem na Pustevn\u00e1ch ve fantastick\u00e9 atmosf\u00e9\u0159e, o kterou se postaraly davy fanou\u0161k\u016f. &#8222;Tot\u00e1ln\u00ed drama do posledn\u00edch metr\u016f,&#8220; radoval se Leopold K\u00f6nig, \u0159editel nejv\u011bt\u0161\u00edho etapov\u00e9ho z\u00e1vodu na tuzemsk\u00fdch silnic\u00edch.<\/strong><\/p>\n<h2><strong>Z\u00e1v\u011br Czech Tour 2025 p\u0159inesl momenty, na kter\u00e9 se bude dlouho vzpom\u00ednat. Souhlas\u00edte?<\/strong><\/h2>\n<p>Naprosto dramatick\u00fd z\u00e1vod, vid\u011bli jsme mo\u017en\u00e1 nejdramati\u010dt\u011bj\u0161\u00ed ro\u010dn\u00edk v cel\u00e9 historii. V posledn\u00ed etap\u011b sice odjela skupina, ale peloton si odstup relativn\u011b dob\u0159e kontroloval a v z\u00e1v\u011bru na Pustevn\u00e1ch p\u0159i\u0161el naprosto exkluzivn\u00ed fini\u0161. Vid\u011bli jsme \u00fatok Ciana Uijtdebroekse, kter\u00fd m\u011bl v jednu chv\u00edli virtu\u00e1ln\u011b zaji\u0161t\u011bn\u00fd \u017elut\u00fd trikot, ale co potom p\u0159edvedl <a href=\"https:\/\/www.welovecycling.com\/cs\/2025\/08\/17\/ovladl-czech-tour-novy-evenepoel-on-je-jiny-level-branil-se-vitez\/\">Junior Lecerf<\/a>\u2026 Tot\u00e1ln\u00ed drama opravdu do posledn\u00edch metr\u016f.<\/p>\n<h2><strong>Pr\u016fb\u011bh Czech Tour op\u011bt ozdobily v\u00fdkony z\u00e1vodn\u00edk\u016f z worldtourov\u00fdch t\u00fdm\u016f, sou\u010dasn\u011b se ale senza\u010dn\u011b prosadily i kontinent\u00e1ln\u00ed t\u00fdmy\u2026<\/strong><\/h2>\n<p>M\u011bli jsme dva p\u0159ekvapiv\u00e9 v\u00edt\u011bze \u2013 spurt v Ostrav\u011b ovl\u00e1dl Liam Walsh z australsk\u00e9ho t\u00fdmu Ccache x Bodywrap a na Pustevn\u00e1ch dominoval Jannis Peter z t\u00fdmu Vorarlberg. A oba \u0159\u00edkali, \u017ee to je pro n\u011b miln\u00edk v kari\u00e9\u0159e a velmi cenn\u00e9 v\u00edt\u011bzstv\u00ed, kter\u00e9 jim m\u016f\u017ee otev\u0159\u00edt dve\u0159e d\u00e1l.<\/p>\n<p><a href=\"https:\/\/d2p6e6u75xmxt8.cloudfront.net\/13\/2025\/08\/czech-tour1104635.webp\"><img loading=\"lazy\" decoding=\"async\" class=\"alignnone size-extra-large wp-image-30666\" src=\"https:\/\/d2p6e6u75xmxt8.cloudfront.net\/13\/2025\/08\/czech-tour1104635-1920x1279.webp\" alt=\"\" width=\"1920\" height=\"1279\" srcset=\"https:\/\/d2p6e6u75xmxt8.cloudfront.net\/13\/2025\/08\/czech-tour1104635-1920x1279.webp 1920w, https:\/\/d2p6e6u75xmxt8.cloudfront.net\/13\/2025\/08\/czech-tour1104635-300x200.webp 300w, https:\/\/d2p6e6u75xmxt8.cloudfront.net\/13\/2025\/08\/czech-tour1104635-1024x682.webp 1024w, https:\/\/d2p6e6u75xmxt8.cloudfront.net\/13\/2025\/08\/czech-tour1104635-768x511.webp 768w, https:\/\/d2p6e6u75xmxt8.cloudfront.net\/13\/2025\/08\/czech-tour1104635-1536x1023.webp 1536w, https:\/\/d2p6e6u75xmxt8.cloudfront.net\/13\/2025\/08\/czech-tour1104635-400x266.webp 400w, https:\/\/d2p6e6u75xmxt8.cloudfront.net\/13\/2025\/08\/czech-tour1104635-272x182.webp 272w, https:\/\/d2p6e6u75xmxt8.cloudfront.net\/13\/2025\/08\/czech-tour1104635.webp 2000w, https:\/\/d2p6e6u75xmxt8.cloudfront.net\/13\/2025\/08\/czech-tour1104635-1920x1279.webp 1920w\" sizes=\"auto, (max-width: 1920px) 100vw, 1920px\" \/><\/a><\/p>\n<h2><strong>Z\u00e1vod se letos poprv\u00e9 p\u0159edstavil i mimo dosud tradi\u010dn\u00ed m\u00edsta a rozkro\u010dil se doslova nap\u0159\u00ed\u010d celou republikou. Kam se posunula Czech Tour?<\/strong><\/h2>\n<p>Poprv\u00e9 to byla opravdov\u00e1 Czech Tour. Pokryli jsme celou republiku, poskytli jsme div\u00e1k\u016fm show od Karlov\u00fdch Var\u016f po Ostravu. Organiza\u010dn\u011b to nen\u00ed v\u016fbec jednoduch\u00e9, ale poda\u0159ilo se. A d\u00edky televizn\u00edmu p\u0159enosu na Eurosportu jsme byli vid\u011bt po cel\u00e9m sv\u011bt\u011b, co\u017e je d\u016fle\u017eit\u00e9.<\/p>\n<div class=\"shortcode-ys-post-pinup\"><article class=\"loop-simple post-30655 post type-post status-publish format-standard has-post-thumbnail hentry category-silnicni-cyklistika tag-cyklistika tag-jonas-vingegaard tag-silnicni-cyklistika tag-vuelta tag-vuelta-2025 tag-zdenek-stybar global-categories-cycling\" data-postid=\"30655\" role=\"article\" data-post-id=\"30655\" data-word-count=\"488\" data-headline-length=\"69\" data-category=\"Silni\u010dn\u00ed cyklistika\" data-global-category=\"Cycling\" data-author=\"We Love Cycling\" data-published=\"2025-08-18T14:41:52+02:00\" data-published-day=\"Monday\">\n    <div class=\"entry-thumbnail article-thumbnail\" content=\"https:\/\/d2p6e6u75xmxt8.cloudfront.net\/13\/2024\/07\/1800-x-1200-velky-150x150.webp\"><a href=\"https:\/\/www.welovecycling.com\/cs\/2025\/08\/18\/dva-lidri-davaji-logiku-ale-jonas-vingegaard-bude-neporazitelny\/\" class=\"image-holder\" target=\"_self\"><img decoding=\"async\" loading=\"lazy\" class=\"\" src=\"https:\/\/d2p6e6u75xmxt8.cloudfront.net\/13\/2024\/07\/1800-x-1200-velky-1024x683.webp\" srcset=\"https:\/\/d2p6e6u75xmxt8.cloudfront.net\/13\/2024\/07\/1800-x-1200-velky.webp 1800w, https:\/\/d2p6e6u75xmxt8.cloudfront.net\/13\/2024\/07\/1800-x-1200-velky-300x200.webp 300w, https:\/\/d2p6e6u75xmxt8.cloudfront.net\/13\/2024\/07\/1800-x-1200-velky-1024x683.webp 1024w, https:\/\/d2p6e6u75xmxt8.cloudfront.net\/13\/2024\/07\/1800-x-1200-velky-768x512.webp 768w, https:\/\/d2p6e6u75xmxt8.cloudfront.net\/13\/2024\/07\/1800-x-1200-velky-1536x1024.webp 1536w, https:\/\/d2p6e6u75xmxt8.cloudfront.net\/13\/2024\/07\/1800-x-1200-velky-400x267.webp 400w, https:\/\/d2p6e6u75xmxt8.cloudfront.net\/13\/2024\/07\/1800-x-1200-velky-272x182.webp 272w\" width=\"1024\" height=\"683\" sizes=\"auto, (min-width: 1200px) 300px, (min-width: 768px) 25vw, 100vw\" alt=\"dva-lidri-davaji-logiku-ale-jonas-vingegaard-bude-neporazitelny\"\/><\/a><\/div>    <div class=\"entry-meta\">\n        <a class=\"label label-secondary post-category\" href=\"https:\/\/www.welovecycling.com\/cs\/category\/silnicni-cyklistika\/\" title=\"Silni\u010dn\u00ed cyklistika\">Silni\u010dn\u00ed cyklistika<\/a>\n    <\/div>\n    <div class=\"entry-details\">\n        <a href=\"https:\/\/www.welovecycling.com\/cs\/2025\/08\/18\/dva-lidri-davaji-logiku-ale-jonas-vingegaard-bude-neporazitelny\/\" class='entry-title-wrapper'>\n            <h3 class=\"entry-title\"><span>Dva l\u00edd\u0159i d\u00e1vaj\u00ed logiku, ale Jonas Vingegaard bude neporaziteln\u00fd<\/span><\/h3>\n        <\/a>\n    <\/div>\n    <\/article>\n<\/div>\n<h2><strong>Prvn\u00ed etapa startovala z Prahy a m\u00ed\u0159ila do Karlov\u00fdch Var\u016f. Jak se v\u00e1m pozd\u00e1vala?<\/strong><\/h2>\n<p>Autem jsem prvn\u00ed etapu projel n\u011bkolikr\u00e1t. Poka\u017ed\u00e9 m\u011b p\u0159ekvapilo, jak je t\u011b\u017ek\u00e1. Hned po v\u00fdjezdu z Prahy jsme se pohybovali v kr\u00e1sn\u00e9m prost\u0159ed\u00ed. Bylo hodn\u011b \u010dlenit\u00e9. P\u0159ekvapilo m\u011b, jak jsou kopce na K\u0159ivokl\u00e1tsku prudk\u00e9. Hodn\u011b zaj\u00edmav\u00fd mix. Byla to sprintersk\u00e1 etapa, ale ur\u010dit\u011b t\u011b\u017ek\u00e1.<\/p>\n<figure id=\"attachment_30665\" aria-describedby=\"caption-attachment-30665\" style=\"width: 1920px\" class=\"wp-caption alignnone\"><a href=\"https:\/\/d2p6e6u75xmxt8.cloudfront.net\/13\/2025\/08\/czech-tour1105137.webp\"><img loading=\"lazy\" decoding=\"async\" class=\"size-extra-large wp-image-30665\" src=\"https:\/\/d2p6e6u75xmxt8.cloudfront.net\/13\/2025\/08\/czech-tour1105137-1920x1279.webp\" alt=\"\" width=\"1920\" height=\"1279\" srcset=\"https:\/\/d2p6e6u75xmxt8.cloudfront.net\/13\/2025\/08\/czech-tour1105137-1920x1279.webp 1920w, https:\/\/d2p6e6u75xmxt8.cloudfront.net\/13\/2025\/08\/czech-tour1105137-300x200.webp 300w, https:\/\/d2p6e6u75xmxt8.cloudfront.net\/13\/2025\/08\/czech-tour1105137-1024x682.webp 1024w, https:\/\/d2p6e6u75xmxt8.cloudfront.net\/13\/2025\/08\/czech-tour1105137-768x511.webp 768w, https:\/\/d2p6e6u75xmxt8.cloudfront.net\/13\/2025\/08\/czech-tour1105137-1536x1023.webp 1536w, https:\/\/d2p6e6u75xmxt8.cloudfront.net\/13\/2025\/08\/czech-tour1105137-400x266.webp 400w, https:\/\/d2p6e6u75xmxt8.cloudfront.net\/13\/2025\/08\/czech-tour1105137-272x182.webp 272w, https:\/\/d2p6e6u75xmxt8.cloudfront.net\/13\/2025\/08\/czech-tour1105137.webp 2000w, https:\/\/d2p6e6u75xmxt8.cloudfront.net\/13\/2025\/08\/czech-tour1105137-1920x1279.webp 1920w\" sizes=\"auto, (max-width: 1920px) 100vw, 1920px\" \/><\/a><figcaption id=\"caption-attachment-30665\" class=\"wp-caption-text\"><em>Junior Lecerf rozd\u00e1v\u00e1 podpisy ve \u017elut\u00e9m trikotu l\u00eddra Czech Tour. Foto: Czech Tour<\/em><\/figcaption><\/figure>\n<h2><strong>Nejen po z\u00e1v\u011bre\u010dn\u00e9 etap\u011b Czech Tour, ale i v pr\u016fb\u011bhu cel\u00e9ho z\u00e1vodu jste dost\u00e1val zp\u011btnou vazbu od z\u00e1vodn\u00edk\u016f i sportovn\u00edch \u0159editel\u016f jednotliv\u00fdch t\u00fdm\u016f. Jak\u00e1 byla?<\/strong><\/h2>\n<p>Jsou nad\u0161en\u00ed. \u0158\u00edkali, \u017ee se \u00farovn\u00ed vyrovn\u00e1v\u00e1me t\u011bm nejlep\u0161\u00edm z\u00e1vod\u016fm na sv\u011bt\u011b. Ka\u017edoro\u010dn\u011b se k n\u00e1m vracej\u00ed nejlep\u0161\u00ed t\u00fdmy a po z\u00e1vod\u011b od nich m\u00e1me pozitivn\u00ed zp\u011btnou vazbu\u2026 Toho si stra\u0161n\u011b cen\u00edme a \u017eene n\u00e1s to dop\u0159edu, chceme se d\u00e1l zlep\u0161ovat.<\/p>\n<h2><strong>Pom\u016f\u017ee ke zlep\u0161en\u00ed \u017e\u00e1dost o vy\u0161\u0161\u00ed licenci, kterou jste podali k Mezin\u00e1rodn\u00ed cyklistick\u00e9 federaci?<\/strong><\/h2>\n<p>Cel\u00fd \u010dervenec krom\u011b Tour de France nejsou prakticky z\u00e1vody. V\u0161echny se koncentruj\u00ed do srpna. Osmn\u00e1ct t\u00fdm\u016f se rozm\u011bln\u00ed do v\u0161ech etap\u00e1k\u016f. N\u011bkde jsou dva, n\u011bkde t\u0159i. A pak nar\u00e1\u017e\u00edme na fakt, \u017ee jsme v kategorii 2.1. Pot\u0159ebovali bychom do vy\u0161\u0161\u00ed kategorie Pro. Kv\u016fli bod\u016fm UCI.<\/p>\n<div class=\"shortcode-ys-post-pinup\"><article class=\"loop-simple post-30616 post type-post status-publish format-standard has-post-thumbnail hentry category-zdravi-a-trenink tag-cyklistika tag-czech-tour tag-leopold-konig tag-silnicni-cyklistika tag-weather-protocol tag-zdravi-a-trenink global-categories-cycling\" data-postid=\"30616\" role=\"article\" data-post-id=\"30616\" data-word-count=\"426\" data-headline-length=\"70\" data-category=\"Zdrav\u00ed a tr\u00e9nink\" data-global-category=\"Cycling\" data-author=\"Radek Malina\" data-published=\"2025-08-15T21:00:08+02:00\" data-published-day=\"Friday\">\n    <div class=\"entry-thumbnail article-thumbnail\" content=\"https:\/\/d2p6e6u75xmxt8.cloudfront.net\/13\/2025\/08\/DSC_4690-150x150.webp\"><a href=\"https:\/\/www.welovecycling.com\/cs\/2025\/08\/15\/kolabujici-cykliste-spaleni-o-asfalt-kdyz-vedro-zastavit-zavod\/\" class=\"image-holder\" target=\"_self\"><img decoding=\"async\" loading=\"lazy\" class=\"\" src=\"https:\/\/d2p6e6u75xmxt8.cloudfront.net\/13\/2025\/08\/DSC_4690-1024x683.webp\" srcset=\"https:\/\/d2p6e6u75xmxt8.cloudfront.net\/13\/2025\/08\/DSC_4690-scaled.webp 2560w, https:\/\/d2p6e6u75xmxt8.cloudfront.net\/13\/2025\/08\/DSC_4690-300x200.webp 300w, https:\/\/d2p6e6u75xmxt8.cloudfront.net\/13\/2025\/08\/DSC_4690-1024x683.webp 1024w, https:\/\/d2p6e6u75xmxt8.cloudfront.net\/13\/2025\/08\/DSC_4690-768x512.webp 768w, https:\/\/d2p6e6u75xmxt8.cloudfront.net\/13\/2025\/08\/DSC_4690-1536x1024.webp 1536w, https:\/\/d2p6e6u75xmxt8.cloudfront.net\/13\/2025\/08\/DSC_4690-2048x1365.webp 2048w, https:\/\/d2p6e6u75xmxt8.cloudfront.net\/13\/2025\/08\/DSC_4690-1920x1280.webp 1920w, https:\/\/d2p6e6u75xmxt8.cloudfront.net\/13\/2025\/08\/DSC_4690-400x267.webp 400w, https:\/\/d2p6e6u75xmxt8.cloudfront.net\/13\/2025\/08\/DSC_4690-272x182.webp 272w, https:\/\/d2p6e6u75xmxt8.cloudfront.net\/13\/2025\/08\/DSC_4690-1920x1280.webp 1920w\" width=\"1024\" height=\"683\" sizes=\"auto, (min-width: 1200px) 300px, (min-width: 768px) 25vw, 100vw\" alt=\"kolabujici-cykliste-spaleni-o-asfalt-kdyz-vedro-zastavit-zavod\"\/><\/a><\/div>    <div class=\"entry-meta\">\n        <a class=\"label label-secondary post-category\" href=\"https:\/\/www.welovecycling.com\/cs\/category\/zdravi-a-trenink\/\" title=\"Zdrav\u00ed a tr\u00e9nink\">Zdrav\u00ed a tr\u00e9nink<\/a>\n    <\/div>\n    <div class=\"entry-details\">\n        <a href=\"https:\/\/www.welovecycling.com\/cs\/2025\/08\/15\/kolabujici-cykliste-spaleni-o-asfalt-kdyz-vedro-zastavit-zavod\/\" class='entry-title-wrapper'>\n            <h3 class=\"entry-title\"><span>Kolabuj\u00edc\u00ed cyklist\u00e9 sp\u00e1len\u00ed o asfalt? Kdy\u017e vedro zastav\u00ed z\u00e1vod<\/span><\/h3>\n        <\/a>\n    <\/div>\n    <\/article>\n<\/div>\n<h2><strong>Co vy\u017eaduje posun do vy\u0161\u0161\u00ed kategorie?<\/strong><\/h2>\n<p>Splnili jsme v\u0161echny hlavn\u00ed faktory. Bezpe\u010dnost, po\u010det t\u00fdm\u016f, televizn\u00ed p\u0159enos. Jde o t\u0159i z\u00e1kladn\u00ed pil\u00ed\u0159e pot\u0159ebn\u00e9 pro pod\u00e1n\u00ed \u017e\u00e1dosti o vy\u0161\u0161\u00ed licenci. Jestli to UCI schv\u00e1l\u00ed je \u010dist\u011b na rozhodnut\u00ed \u010dinovn\u00edk\u016f Mezin\u00e1rodn\u00ed cyklistick\u00e9 federace. V It\u00e1lii \u010di \u0160pan\u011blsku bychom se asi do konceptu vy\u0161\u0161\u00edho z\u00e1vodu nehodili, tam jich jsou spousty.<\/p>\n<p><a href=\"https:\/\/d2p6e6u75xmxt8.cloudfront.net\/13\/2025\/08\/brychtajan_czech_tour_20250814_121444_dsc_4271.webp\"><img loading=\"lazy\" decoding=\"async\" class=\"alignnone size-extra-large wp-image-30667\" src=\"https:\/\/d2p6e6u75xmxt8.cloudfront.net\/13\/2025\/08\/brychtajan_czech_tour_20250814_121444_dsc_4271-1920x1279.webp\" alt=\"\" width=\"1920\" height=\"1279\" srcset=\"https:\/\/d2p6e6u75xmxt8.cloudfront.net\/13\/2025\/08\/brychtajan_czech_tour_20250814_121444_dsc_4271-1920x1279.webp 1920w, https:\/\/d2p6e6u75xmxt8.cloudfront.net\/13\/2025\/08\/brychtajan_czech_tour_20250814_121444_dsc_4271-300x200.webp 300w, https:\/\/d2p6e6u75xmxt8.cloudfront.net\/13\/2025\/08\/brychtajan_czech_tour_20250814_121444_dsc_4271-1024x682.webp 1024w, https:\/\/d2p6e6u75xmxt8.cloudfront.net\/13\/2025\/08\/brychtajan_czech_tour_20250814_121444_dsc_4271-768x511.webp 768w, https:\/\/d2p6e6u75xmxt8.cloudfront.net\/13\/2025\/08\/brychtajan_czech_tour_20250814_121444_dsc_4271-1536x1023.webp 1536w, https:\/\/d2p6e6u75xmxt8.cloudfront.net\/13\/2025\/08\/brychtajan_czech_tour_20250814_121444_dsc_4271-400x266.webp 400w, https:\/\/d2p6e6u75xmxt8.cloudfront.net\/13\/2025\/08\/brychtajan_czech_tour_20250814_121444_dsc_4271-272x182.webp 272w, https:\/\/d2p6e6u75xmxt8.cloudfront.net\/13\/2025\/08\/brychtajan_czech_tour_20250814_121444_dsc_4271.webp 2000w, https:\/\/d2p6e6u75xmxt8.cloudfront.net\/13\/2025\/08\/brychtajan_czech_tour_20250814_121444_dsc_4271-1920x1279.webp 1920w\" sizes=\"auto, (max-width: 1920px) 100vw, 1920px\" \/><\/a><\/p>\n<h2><strong>Garantuje licence UCI Pro Series v\u011bt\u0161\u00ed po\u010det t\u00fdm\u016f World Tour a jejich hv\u011bzd?<\/strong><\/h2>\n<p>Ur\u010dit\u011b pootev\u0159e dve\u0159e v\u016f\u010di nejlep\u0161\u00edm t\u00fdm\u016fm a jejich hv\u011bzd\u00e1m. Ale jedinou garanci d\u00e1v\u00e1 pouze z\u00e1vod World Tour.<\/p>\n<h2><strong>Je pot\u0159eba n\u00e1sledn\u011b m\u011bnit podobu z\u00e1vodu?<\/strong><\/h2>\n<p>Mohli bychom z\u016fstat \u010dty\u0159denn\u00ed z\u00e1vod. Je jen na na\u0161em intern\u00edm rozhodnut\u00ed, zda bychom cht\u011bli p\u011bt etap. U\u017e jsme program \u0159e\u0161ili. Slo\u017een\u00ed etap by se z\u0159ejm\u011b zm\u011bnilo. Jezdci, co by p\u0159ijeli, by byli na vy\u0161\u0161\u00ed \u00farovni. Sou\u010dasn\u011b je t\u0159eba \u0159e\u0161it i logistiku, mo\u017enosti ubytov\u00e1n\u00ed.<\/p>\n","protected":false},"excerpt":{"rendered":"<p>T\u011bsn\u00e1 bitva, kter\u00e1 ohromila. P\u0159elomov\u00fd ro\u010dn\u00edk Czech Tour, kdy nejv\u011bt\u0161\u00ed etapov\u00fd z\u00e1vod v \u010cesk\u00e9 republice projel nap\u0159\u00ed\u010d celou zem\u00ed, byl [&hellip;]<\/p>\n","protected":false},"author":138,"featured_media":30664,"comment_status":"open","ping_status":"open","sticky":false,"template":"","format":"standard","meta":{"footnotes":""},"categories":[10],"tags":[126,2963,4185,304,9],"global-categories":[411],"class_list":["post-30663","post","type-post","status-publish","format-standard","has-post-thumbnail","hentry","category-silnicni-cyklistika","tag-cyklistika","tag-czech-tour","tag-czech-tour-2025","tag-leopold-konig","tag-silnicni-cyklistika","global-categories-cycling"],"yoast_head":"<!-- This site is optimized with the Yoast SEO Premium plugin v25.3 (Yoast SEO v25.9) - https:\/\/yoast.com\/wordpress\/plugins\/seo\/ -->\n<title>P\u0159it\u00e1hne Czech Tour s vy\u0161\u0161\u00ed licenc\u00ed dal\u0161\u00ed hv\u011bzdy? | \u0160koda We Love Cycling - \u010cesk\u00e1 republika<\/title>\n<meta name=\"description\" content=\"T\u011bsn\u00e1 bitva, kter\u00e1 ohromila. P\u0159elomov\u00fd ro\u010dn\u00edk Czech Tour, kdy nejv\u011bt\u0161\u00ed etapov\u00fd z\u00e1vod v \u010cesk\u00e9 republice projel nap\u0159\u00ed\u010d celou zem\u00ed, byl jedn\u00edm z nejdramati\u010dt\u011bj\u0161\u00edch v historii. O celkov\u00e9m v\u00edt\u011bzi se rozhodovalo do posledn\u00edch metr\u016f v z\u00e1v\u011bre\u010dn\u00e9 ned\u011bln\u00ed etap\u011b s c\u00edlem na Pustevn\u00e1ch ve fantastick\u00e9 atmosf\u00e9\u0159e, o kterou se postaraly davy fanou\u0161k\u016f. &quot;Tot\u00e1ln\u00ed drama do posledn\u00edch metr\u016f,&quot; radoval se Leopold K\u00f6nig, \u0159editel nejv\u011bt\u0161\u00edho etapov\u00e9ho z\u00e1vodu na tuzemsk\u00fdch silnic\u00edch.\" \/>\n<meta name=\"robots\" content=\"index, follow, max-snippet:-1, max-image-preview:large, max-video-preview:-1\" \/>\n<link rel=\"canonical\" href=\"https:\/\/www.welovecycling.com\/cs\/2025\/08\/20\/skvela-show-pritahne-dalsi-hvezdy\/\" \/>\n<meta property=\"og:locale\" content=\"cs_CZ\" \/>\n<meta property=\"og:type\" content=\"article\" \/>\n<meta property=\"og:title\" content=\"P\u0159it\u00e1hne Czech Tour s vy\u0161\u0161\u00ed licenc\u00ed dal\u0161\u00ed hv\u011bzdy?\" \/>\n<meta property=\"og:description\" content=\"T\u011bsn\u00e1 bitva, kter\u00e1 ohromila. P\u0159elomov\u00fd ro\u010dn\u00edk Czech Tour, kdy nejv\u011bt\u0161\u00ed etapov\u00fd z\u00e1vod v \u010cesk\u00e9 republice projel nap\u0159\u00ed\u010d celou zem\u00ed, byl jedn\u00edm z nejdramati\u010dt\u011bj\u0161\u00edch v historii. O celkov\u00e9m v\u00edt\u011bzi se rozhodovalo do posledn\u00edch metr\u016f v z\u00e1v\u011bre\u010dn\u00e9 ned\u011bln\u00ed etap\u011b s c\u00edlem na Pustevn\u00e1ch ve fantastick\u00e9 atmosf\u00e9\u0159e, o kterou se postaraly davy fanou\u0161k\u016f. &quot;Tot\u00e1ln\u00ed drama do posledn\u00edch metr\u016f,&quot; radoval se Leopold K\u00f6nig, \u0159editel nejv\u011bt\u0161\u00edho etapov\u00e9ho z\u00e1vodu na tuzemsk\u00fdch silnic\u00edch.\" \/>\n<meta property=\"og:url\" content=\"https:\/\/www.welovecycling.com\/cs\/2025\/08\/20\/skvela-show-pritahne-dalsi-hvezdy\/\" \/>\n<meta property=\"og:site_name\" content=\"\u0160koda We Love Cycling - \u010cesk\u00e1 republika\" \/>\n<meta property=\"article:published_time\" content=\"2025-08-20T05:49:23+00:00\" \/>\n<meta property=\"article:modified_time\" content=\"2025-08-20T05:59:47+00:00\" \/>\n<meta property=\"og:image\" content=\"https:\/\/d2p6e6u75xmxt8.cloudfront.net\/13\/2025\/08\/lw_250816_czech_tour_prostejov_cz_lq_0015.webp\" \/>\n\t<meta property=\"og:image:width\" content=\"2000\" \/>\n\t<meta property=\"og:image:height\" content=\"1332\" \/>\n\t<meta property=\"og:image:type\" content=\"image\/webp\" \/>\n<meta name=\"author\" content=\"radekmalina\" \/>\n<meta name=\"twitter:card\" content=\"summary_large_image\" \/>\n<meta name=\"twitter:label1\" content=\"Written by\" \/>\n\t<meta name=\"twitter:data1\" content=\"Radek Malina\" \/>\n\t<meta name=\"twitter:label2\" content=\"Est. reading time\" \/>\n\t<meta name=\"twitter:data2\" content=\"5\" \/>\n<script type=\"application\/ld+json\" class=\"yoast-schema-graph\">{\"@context\":\"https:\/\/schema.org\",\"@graph\":[{\"@type\":\"WebPage\",\"@id\":\"https:\/\/www.welovecycling.com\/cs\/2025\/08\/20\/skvela-show-pritahne-dalsi-hvezdy\/\",\"url\":\"https:\/\/www.welovecycling.com\/cs\/2025\/08\/20\/skvela-show-pritahne-dalsi-hvezdy\/\",\"name\":\"P\u0159it\u00e1hne Czech Tour s vy\u0161\u0161\u00ed licenc\u00ed dal\u0161\u00ed hv\u011bzdy? | \u0160koda We Love Cycling - \u010cesk\u00e1 republika\",\"isPartOf\":{\"@id\":\"https:\/\/www.welovecycling.com\/cs\/#website\"},\"primaryImageOfPage\":{\"@id\":\"https:\/\/www.welovecycling.com\/cs\/2025\/08\/20\/skvela-show-pritahne-dalsi-hvezdy\/#primaryimage\"},\"image\":{\"@id\":\"https:\/\/www.welovecycling.com\/cs\/2025\/08\/20\/skvela-show-pritahne-dalsi-hvezdy\/#primaryimage\"},\"thumbnailUrl\":\"https:\/\/d2p6e6u75xmxt8.cloudfront.net\/13\/2025\/08\/lw_250816_czech_tour_prostejov_cz_lq_0015.webp\",\"datePublished\":\"2025-08-20T05:49:23+00:00\",\"dateModified\":\"2025-08-20T05:59:47+00:00\",\"author\":{\"@id\":\"https:\/\/www.welovecycling.com\/cs\/#\/schema\/person\/d9eeb0a378f3a7e4a6d12d2b536b04b8\"},\"description\":\"T\u011bsn\u00e1 bitva, kter\u00e1 ohromila. P\u0159elomov\u00fd ro\u010dn\u00edk Czech Tour, kdy nejv\u011bt\u0161\u00ed etapov\u00fd z\u00e1vod v \u010cesk\u00e9 republice projel nap\u0159\u00ed\u010d celou zem\u00ed, byl jedn\u00edm z nejdramati\u010dt\u011bj\u0161\u00edch v historii. O celkov\u00e9m v\u00edt\u011bzi se rozhodovalo do posledn\u00edch metr\u016f v z\u00e1v\u011bre\u010dn\u00e9 ned\u011bln\u00ed etap\u011b s c\u00edlem na Pustevn\u00e1ch ve fantastick\u00e9 atmosf\u00e9\u0159e, o kterou se postaraly davy fanou\u0161k\u016f. \\\"Tot\u00e1ln\u00ed drama do posledn\u00edch metr\u016f,\\\" radoval se Leopold K\u00f6nig, \u0159editel nejv\u011bt\u0161\u00edho etapov\u00e9ho z\u00e1vodu na tuzemsk\u00fdch silnic\u00edch.\",\"inLanguage\":\"cs\",\"potentialAction\":[{\"@type\":\"ReadAction\",\"target\":[\"https:\/\/www.welovecycling.com\/cs\/2025\/08\/20\/skvela-show-pritahne-dalsi-hvezdy\/\"]}]},{\"@type\":\"ImageObject\",\"inLanguage\":\"cs\",\"@id\":\"https:\/\/www.welovecycling.com\/cs\/2025\/08\/20\/skvela-show-pritahne-dalsi-hvezdy\/#primaryimage\",\"url\":\"https:\/\/d2p6e6u75xmxt8.cloudfront.net\/13\/2025\/08\/lw_250816_czech_tour_prostejov_cz_lq_0015.webp\",\"contentUrl\":\"https:\/\/d2p6e6u75xmxt8.cloudfront.net\/13\/2025\/08\/lw_250816_czech_tour_prostejov_cz_lq_0015.webp\",\"width\":2000,\"height\":1332,\"caption\":\"Czech Tour Junior Lecerf Leopold K\u00f6nig\"},{\"@type\":\"WebSite\",\"@id\":\"https:\/\/www.welovecycling.com\/cs\/#website\",\"url\":\"https:\/\/www.welovecycling.com\/cs\/\",\"name\":\"\u0160koda We Love Cycling - \u010cesk\u00e1 republika\",\"description\":\"WeLoveCycling.cz je online magaz\u00edn, kter\u00fd v\u00e1m pravideln\u011b p\u0159in\u00e1\u0161\u00ed rady a tipy, zaj\u00edmav\u00e9 \u010dl\u00e1nky, videa a jedine\u010dn\u00e9 report\u00e1\u017ee ze sv\u011bta cyklistiky.\",\"potentialAction\":[{\"@type\":\"SearchAction\",\"target\":{\"@type\":\"EntryPoint\",\"urlTemplate\":\"https:\/\/www.welovecycling.com\/cs\/?s={search_term_string}\"},\"query-input\":{\"@type\":\"PropertyValueSpecification\",\"valueRequired\":true,\"valueName\":\"search_term_string\"}}],\"inLanguage\":\"cs\"},{\"@type\":\"Person\",\"@id\":\"https:\/\/www.welovecycling.com\/cs\/#\/schema\/person\/d9eeb0a378f3a7e4a6d12d2b536b04b8\",\"name\":\"radekmalina\",\"image\":{\"@type\":\"ImageObject\",\"inLanguage\":\"cs\",\"@id\":\"https:\/\/www.welovecycling.com\/cs\/#\/schema\/person\/image\/\",\"url\":\"https:\/\/secure.gravatar.com\/avatar\/66994b632cb8c39a46b9f54afa3ae07201b678d32a54275b6f1c9ffec356bfc0?s=96&d=mm&r=g\",\"contentUrl\":\"https:\/\/secure.gravatar.com\/avatar\/66994b632cb8c39a46b9f54afa3ae07201b678d32a54275b6f1c9ffec356bfc0?s=96&d=mm&r=g\",\"caption\":\"radekmalina\"},\"url\":\"https:\/\/www.welovecycling.com\/cs\/author\/radekmalina\/\"}]}<\/script>\n<!-- \/ Yoast SEO Premium plugin. -->","yoast_head_json":{"title":"P\u0159it\u00e1hne Czech Tour s vy\u0161\u0161\u00ed licenc\u00ed dal\u0161\u00ed hv\u011bzdy? | \u0160koda We Love Cycling - \u010cesk\u00e1 republika","description":"T\u011bsn\u00e1 bitva, kter\u00e1 ohromila. P\u0159elomov\u00fd ro\u010dn\u00edk Czech Tour, kdy nejv\u011bt\u0161\u00ed etapov\u00fd z\u00e1vod v \u010cesk\u00e9 republice projel nap\u0159\u00ed\u010d celou zem\u00ed, byl jedn\u00edm z nejdramati\u010dt\u011bj\u0161\u00edch v historii. O celkov\u00e9m v\u00edt\u011bzi se rozhodovalo do posledn\u00edch metr\u016f v z\u00e1v\u011bre\u010dn\u00e9 ned\u011bln\u00ed etap\u011b s c\u00edlem na Pustevn\u00e1ch ve fantastick\u00e9 atmosf\u00e9\u0159e, o kterou se postaraly davy fanou\u0161k\u016f. \"Tot\u00e1ln\u00ed drama do posledn\u00edch metr\u016f,\" radoval se Leopold K\u00f6nig, \u0159editel nejv\u011bt\u0161\u00edho etapov\u00e9ho z\u00e1vodu na tuzemsk\u00fdch silnic\u00edch.","robots":{"index":"index","follow":"follow","max-snippet":"max-snippet:-1","max-image-preview":"max-image-preview:large","max-video-preview":"max-video-preview:-1"},"canonical":"https:\/\/www.welovecycling.com\/cs\/2025\/08\/20\/skvela-show-pritahne-dalsi-hvezdy\/","og_locale":"cs_CZ","og_type":"article","og_title":"P\u0159it\u00e1hne Czech Tour s vy\u0161\u0161\u00ed licenc\u00ed dal\u0161\u00ed hv\u011bzdy?","og_description":"T\u011bsn\u00e1 bitva, kter\u00e1 ohromila. P\u0159elomov\u00fd ro\u010dn\u00edk Czech Tour, kdy nejv\u011bt\u0161\u00ed etapov\u00fd z\u00e1vod v \u010cesk\u00e9 republice projel nap\u0159\u00ed\u010d celou zem\u00ed, byl jedn\u00edm z nejdramati\u010dt\u011bj\u0161\u00edch v historii. O celkov\u00e9m v\u00edt\u011bzi se rozhodovalo do posledn\u00edch metr\u016f v z\u00e1v\u011bre\u010dn\u00e9 ned\u011bln\u00ed etap\u011b s c\u00edlem na Pustevn\u00e1ch ve fantastick\u00e9 atmosf\u00e9\u0159e, o kterou se postaraly davy fanou\u0161k\u016f. \"Tot\u00e1ln\u00ed drama do posledn\u00edch metr\u016f,\" radoval se Leopold K\u00f6nig, \u0159editel nejv\u011bt\u0161\u00edho etapov\u00e9ho z\u00e1vodu na tuzemsk\u00fdch silnic\u00edch.","og_url":"https:\/\/www.welovecycling.com\/cs\/2025\/08\/20\/skvela-show-pritahne-dalsi-hvezdy\/","og_site_name":"\u0160koda We Love Cycling - \u010cesk\u00e1 republika","article_published_time":"2025-08-20T05:49:23+00:00","article_modified_time":"2025-08-20T05:59:47+00:00","og_image":[{"width":2000,"height":1332,"url":"https:\/\/d2p6e6u75xmxt8.cloudfront.net\/13\/2025\/08\/lw_250816_czech_tour_prostejov_cz_lq_0015.webp","type":"image\/webp"}],"author":"radekmalina","twitter_card":"summary_large_image","twitter_misc":{"Written by":"Radek Malina","Est. reading time":"5"},"schema":{"@context":"https:\/\/schema.org","@graph":[{"@type":"WebPage","@id":"https:\/\/www.welovecycling.com\/cs\/2025\/08\/20\/skvela-show-pritahne-dalsi-hvezdy\/","url":"https:\/\/www.welovecycling.com\/cs\/2025\/08\/20\/skvela-show-pritahne-dalsi-hvezdy\/","name":"P\u0159it\u00e1hne Czech Tour s vy\u0161\u0161\u00ed licenc\u00ed dal\u0161\u00ed hv\u011bzdy? | \u0160koda We Love Cycling - \u010cesk\u00e1 republika","isPartOf":{"@id":"https:\/\/www.welovecycling.com\/cs\/#website"},"primaryImageOfPage":{"@id":"https:\/\/www.welovecycling.com\/cs\/2025\/08\/20\/skvela-show-pritahne-dalsi-hvezdy\/#primaryimage"},"image":{"@id":"https:\/\/www.welovecycling.com\/cs\/2025\/08\/20\/skvela-show-pritahne-dalsi-hvezdy\/#primaryimage"},"thumbnailUrl":"https:\/\/d2p6e6u75xmxt8.cloudfront.net\/13\/2025\/08\/lw_250816_czech_tour_prostejov_cz_lq_0015.webp","datePublished":"2025-08-20T05:49:23+00:00","dateModified":"2025-08-20T05:59:47+00:00","author":{"@id":"https:\/\/www.welovecycling.com\/cs\/#\/schema\/person\/d9eeb0a378f3a7e4a6d12d2b536b04b8"},"description":"T\u011bsn\u00e1 bitva, kter\u00e1 ohromila. P\u0159elomov\u00fd ro\u010dn\u00edk Czech Tour, kdy nejv\u011bt\u0161\u00ed etapov\u00fd z\u00e1vod v \u010cesk\u00e9 republice projel nap\u0159\u00ed\u010d celou zem\u00ed, byl jedn\u00edm z nejdramati\u010dt\u011bj\u0161\u00edch v historii. O celkov\u00e9m v\u00edt\u011bzi se rozhodovalo do posledn\u00edch metr\u016f v z\u00e1v\u011bre\u010dn\u00e9 ned\u011bln\u00ed etap\u011b s c\u00edlem na Pustevn\u00e1ch ve fantastick\u00e9 atmosf\u00e9\u0159e, o kterou se postaraly davy fanou\u0161k\u016f. \"Tot\u00e1ln\u00ed drama do posledn\u00edch metr\u016f,\" radoval se Leopold K\u00f6nig, \u0159editel nejv\u011bt\u0161\u00edho etapov\u00e9ho z\u00e1vodu na tuzemsk\u00fdch silnic\u00edch.","inLanguage":"cs","potentialAction":[{"@type":"ReadAction","target":["https:\/\/www.welovecycling.com\/cs\/2025\/08\/20\/skvela-show-pritahne-dalsi-hvezdy\/"]}]},{"@type":"ImageObject","inLanguage":"cs","@id":"https:\/\/www.welovecycling.com\/cs\/2025\/08\/20\/skvela-show-pritahne-dalsi-hvezdy\/#primaryimage","url":"https:\/\/d2p6e6u75xmxt8.cloudfront.net\/13\/2025\/08\/lw_250816_czech_tour_prostejov_cz_lq_0015.webp","contentUrl":"https:\/\/d2p6e6u75xmxt8.cloudfront.net\/13\/2025\/08\/lw_250816_czech_tour_prostejov_cz_lq_0015.webp","width":2000,"height":1332,"caption":"Czech Tour Junior Lecerf Leopold K\u00f6nig"},{"@type":"WebSite","@id":"https:\/\/www.welovecycling.com\/cs\/#website","url":"https:\/\/www.welovecycling.com\/cs\/","name":"\u0160koda We Love Cycling - \u010cesk\u00e1 republika","description":"WeLoveCycling.cz je online magaz\u00edn, kter\u00fd v\u00e1m pravideln\u011b p\u0159in\u00e1\u0161\u00ed rady a tipy, zaj\u00edmav\u00e9 \u010dl\u00e1nky, videa a jedine\u010dn\u00e9 report\u00e1\u017ee ze sv\u011bta cyklistiky.","potentialAction":[{"@type":"SearchAction","target":{"@type":"EntryPoint","urlTemplate":"https:\/\/www.welovecycling.com\/cs\/?s={search_term_string}"},"query-input":{"@type":"PropertyValueSpecification","valueRequired":true,"valueName":"search_term_string"}}],"inLanguage":"cs"},{"@type":"Person","@id":"https:\/\/www.welovecycling.com\/cs\/#\/schema\/person\/d9eeb0a378f3a7e4a6d12d2b536b04b8","name":"radekmalina","image":{"@type":"ImageObject","inLanguage":"cs","@id":"https:\/\/www.welovecycling.com\/cs\/#\/schema\/person\/image\/","url":"https:\/\/secure.gravatar.com\/avatar\/66994b632cb8c39a46b9f54afa3ae07201b678d32a54275b6f1c9ffec356bfc0?s=96&d=mm&r=g","contentUrl":"https:\/\/secure.gravatar.com\/avatar\/66994b632cb8c39a46b9f54afa3ae07201b678d32a54275b6f1c9ffec356bfc0?s=96&d=mm&r=g","caption":"radekmalina"},"url":"https:\/\/www.welovecycling.com\/cs\/author\/radekmalina\/"}]}},"_links":{"self":[{"href":"https:\/\/www.welovecycling.com\/cs\/wp-json\/wp\/v2\/posts\/30663","targetHints":{"allow":["GET"]}}],"collection":[{"href":"https:\/\/www.welovecycling.com\/cs\/wp-json\/wp\/v2\/posts"}],"about":[{"href":"https:\/\/www.welovecycling.com\/cs\/wp-json\/wp\/v2\/types\/post"}],"author":[{"embeddable":true,"href":"https:\/\/www.welovecycling.com\/cs\/wp-json\/wp\/v2\/users\/138"}],"replies":[{"embeddable":true,"href":"https:\/\/www.welovecycling.com\/cs\/wp-json\/wp\/v2\/comments?post=30663"}],"version-history":[{"count":4,"href":"https:\/\/www.welovecycling.com\/cs\/wp-json\/wp\/v2\/posts\/30663\/revisions"}],"predecessor-version":[{"id":30671,"href":"https:\/\/www.welovecycling.com\/cs\/wp-json\/wp\/v2\/posts\/30663\/revisions\/30671"}],"wp:featuredmedia":[{"embeddable":true,"href":"https:\/\/www.welovecycling.com\/cs\/wp-json\/wp\/v2\/media\/30664"}],"wp:attachment":[{"href":"https:\/\/www.welovecycling.com\/cs\/wp-json\/wp\/v2\/media?parent=30663"}],"wp:term":[{"taxonomy":"category","embeddable":true,"href":"https:\/\/www.welovecycling.com\/cs\/wp-json\/wp\/v2\/categories?post=30663"},{"taxonomy":"post_tag","embeddable":true,"href":"https:\/\/www.welovecycling.com\/cs\/wp-json\/wp\/v2\/tags?post=30663"},{"taxonomy":"global-categories","embeddable":true,"href":"https:\/\/www.welovecycling.com\/cs\/wp-json\/wp\/v2\/global-categories?post=30663"}],"curies":[{"name":"wp","href":"https:\/\/api.w.org\/{rel}","templated":true}]}}