{"id":30659,"date":"2025-08-19T10:27:25","date_gmt":"2025-08-19T08:27:25","guid":{"rendered":"https:\/\/www.welovecycling.com\/cs\/?p=30659"},"modified":"2025-08-19T10:27:58","modified_gmt":"2025-08-19T08:27:58","slug":"proc-je-vuelta-treti-vzadu-plan-b-nebo-treti-sperk-v-korune","status":"publish","type":"post","link":"https:\/\/www.welovecycling.com\/cs\/2025\/08\/19\/proc-je-vuelta-treti-vzadu-plan-b-nebo-treti-sperk-v-korune\/","title":{"rendered":"Pro\u010d je Vuelta t\u0159et\u00ed vzadu? Pl\u00e1n B, nebo t\u0159et\u00ed \u0161perk v korun\u011b?"},"content":{"rendered":"<p><strong>Nesch\u00e1z\u00ed j\u00ed nic z toho, co maj\u00ed i jej\u00ed slavn\u011bj\u0161\u00ed sestry: jako Giro a Tour se t\u00e1hne p\u0159es 21 etap, m\u011b\u0161ec jej\u00edch prize money cink\u00e1 podobn\u011b zlat\u00fdm t\u00f3nem jako ten italsk\u00fd nebo francouzsk\u00fd, na startu se ma\u010dkaj\u00ed hv\u011bzdn\u00ed z\u00e1vodn\u00edci coby str\u016fjci dramat. A p\u0159eci si u\u017e nav\u017edy Vuelta, jej\u00ed\u017e 80. ro\u010dn\u00edk odstartuje v sobotu 23. srpna z Tur\u00edna, ponese p\u0159\u00eddomek \u201eta t\u0159et\u00ed vzadu\u201c. Je spravedliv\u00fd a v\u016f\u010di posledn\u00ed Grand Tour roku uctiv\u00fd?<\/strong><\/p>\n<p>Jonas Vingegaard s n\u00e1mi asi souhlasit nebude, proto\u017ee do \u0160pan\u011blska p\u0159ilet\u00ed s nejvy\u0161\u0161\u00edm odhodl\u00e1n\u00edm. Pr\u00e1v\u011b ale Vingegaardova \u00fa\u010dast v t\u0159et\u00ed Grand Tour sezony potvrzuje to, jak se Vuelt\u011b ob\u010das p\u0159ezd\u00edv\u00e1 \u2013 z\u00e1vod druh\u00e9 \u0161ance. Tedy m\u00edsto, kde si mohou napravit reputaci ti, kter\u00fdm Tour nebo jin\u00e9 vrcholy sezony tolik nevy\u0161ly.<\/p>\n<h2><strong>Je Vuelta jako cena \u00fat\u011bchy?<\/strong><\/h2>\n<p>Plat\u00ed to i pro takov\u00e1 jm\u00e9na, jako jsou pr\u00e1v\u011b l\u00eddr t\u00fdmu Visma (pro n\u011bho\u017e je i druh\u00e9 m\u00edsto na Tour de France pova\u017eov\u00e1no za ne\u00fasp\u011bch), O\u2019Connor a Almeida zklaman\u00ed tamt\u00e9\u017e, nebo Landa padl\u00fd a pochrouman\u00fd u\u017e v kv\u011btnu na Giru. Nebo si snad mysl\u00edte, \u017ee je jejich motivace jin\u00e1, \u017ee tady m\u00e1 jejich sezona vygradovat? Nen\u00ed, Vuelta je jejich pl\u00e1n B.<\/p>\n<p>&nbsp;<\/p>\n<figure id=\"attachment_29904\" aria-describedby=\"caption-attachment-29904\" style=\"width: 1680px\" class=\"wp-caption alignnone\"><a href=\"https:\/\/d2p6e6u75xmxt8.cloudfront.net\/13\/2025\/07\/20250706TDF2058.webp\"><img loading=\"lazy\" decoding=\"async\" class=\"size-full wp-image-29904\" src=\"https:\/\/d2p6e6u75xmxt8.cloudfront.net\/13\/2025\/07\/20250706TDF2058.webp\" alt=\"\" width=\"1680\" height=\"1120\" srcset=\"https:\/\/d2p6e6u75xmxt8.cloudfront.net\/13\/2025\/07\/20250706TDF2058.webp 1680w, https:\/\/d2p6e6u75xmxt8.cloudfront.net\/13\/2025\/07\/20250706TDF2058-300x200.webp 300w, https:\/\/d2p6e6u75xmxt8.cloudfront.net\/13\/2025\/07\/20250706TDF2058-1024x683.webp 1024w, https:\/\/d2p6e6u75xmxt8.cloudfront.net\/13\/2025\/07\/20250706TDF2058-768x512.webp 768w, https:\/\/d2p6e6u75xmxt8.cloudfront.net\/13\/2025\/07\/20250706TDF2058-1536x1024.webp 1536w, https:\/\/d2p6e6u75xmxt8.cloudfront.net\/13\/2025\/07\/20250706TDF2058-400x267.webp 400w, https:\/\/d2p6e6u75xmxt8.cloudfront.net\/13\/2025\/07\/20250706TDF2058-272x182.webp 272w\" sizes=\"auto, (max-width: 1680px) 100vw, 1680px\" \/><\/a><figcaption id=\"caption-attachment-29904\" class=\"wp-caption-text\"><em>Vuelta 2025 je pro Jonase Vingegaarda p\u0159\u00edle\u017eitost\u00ed spravit si chu\u0165 po Tour de France. Foto: A.S.O.\/Billy Ceusters<\/em><\/figcaption><\/figure>\n<p>Pro mnoh\u00e9 je m\u00edstenka na Vuelt\u011b sp\u00ed\u0161 za trest. Zvl\u00e1\u0161\u0165 dnes, kdy cyklistick\u00e1 globalizace rozt\u00e1\u010d\u00ed z\u00e1vodn\u00ed kola \u017e v lednu (v Austr\u00e1lii nebo na Bl\u00edzk\u00e9m v\u00fdchod\u011b) a p\u0159elom srpna a z\u00e1\u0159\u00ed pro mnoh\u00e9 p\u0159edstavuje u\u017e osm\u00fd\/dev\u00e1t\u00fd m\u011bs\u00edc \u0161ichty. Tehdy toho maj\u00ed tak akor\u00e1t a p\u0159edstava dal\u0161\u00edch t\u0159\u00ed t\u00fddn\u016f je odstra\u0161uj\u00edc\u00ed.<\/p>\n<div class=\"shortcode-ys-post-pinup\"><article class=\"loop-simple post-30597 post type-post status-publish format-standard has-post-thumbnail hentry category-silnicni-cyklistika tag-cyklistika tag-horska-cyklistika tag-oholene-nohy tag-silnicni-cyklistika tag-zdravi-a-trenink global-categories-cycling\" data-postid=\"30597\" role=\"article\" data-post-id=\"30597\" data-word-count=\"677\" data-headline-length=\"65\" data-category=\"Silni\u010dn\u00ed cyklistika\" data-global-category=\"Cycling\" data-author=\"Radek Malina\" data-published=\"2025-08-14T09:52:51+02:00\" data-published-day=\"Thursday\">\n    <div class=\"entry-thumbnail article-thumbnail\" content=\"https:\/\/d2p6e6u75xmxt8.cloudfront.net\/13\/2025\/08\/profimedia-0904409907-150x150.webp\"><a href=\"https:\/\/www.welovecycling.com\/cs\/2025\/08\/14\/proc-si-cykliste-holi-nohy-a-jeste-ziletkami-pritelkyn\/\" class=\"image-holder\" target=\"_self\"><img decoding=\"async\" loading=\"lazy\" class=\"\" src=\"https:\/\/d2p6e6u75xmxt8.cloudfront.net\/13\/2025\/08\/profimedia-0904409907-1024x768.webp\" srcset=\"https:\/\/d2p6e6u75xmxt8.cloudfront.net\/13\/2025\/08\/profimedia-0904409907.webp 1800w, https:\/\/d2p6e6u75xmxt8.cloudfront.net\/13\/2025\/08\/profimedia-0904409907-300x225.webp 300w, https:\/\/d2p6e6u75xmxt8.cloudfront.net\/13\/2025\/08\/profimedia-0904409907-1024x768.webp 1024w, https:\/\/d2p6e6u75xmxt8.cloudfront.net\/13\/2025\/08\/profimedia-0904409907-768x576.webp 768w, https:\/\/d2p6e6u75xmxt8.cloudfront.net\/13\/2025\/08\/profimedia-0904409907-1536x1152.webp 1536w, https:\/\/d2p6e6u75xmxt8.cloudfront.net\/13\/2025\/08\/profimedia-0904409907-400x300.webp 400w\" width=\"1024\" height=\"768\" sizes=\"auto, (min-width: 1200px) 300px, (min-width: 768px) 25vw, 100vw\" alt=\"proc-si-cykliste-holi-nohy-a-jeste-ziletkami-pritelkyn\"\/><\/a><\/div>    <div class=\"entry-meta\">\n        <a class=\"label label-secondary post-category\" href=\"https:\/\/www.welovecycling.com\/cs\/category\/silnicni-cyklistika\/\" title=\"Silni\u010dn\u00ed cyklistika\">Silni\u010dn\u00ed cyklistika<\/a>\n    <\/div>\n    <div class=\"entry-details\">\n        <a href=\"https:\/\/www.welovecycling.com\/cs\/2025\/08\/14\/proc-si-cykliste-holi-nohy-a-jeste-ziletkami-pritelkyn\/\" class='entry-title-wrapper'>\n            <h3 class=\"entry-title\"><span>Pro\u010d si cyklist\u00e9 hol\u00ed nohy? A je\u0161t\u011b \u017eiletkami p\u0159\u00edtelky\u0148?<\/span><\/h3>\n        <\/a>\n    <\/div>\n    <\/article>\n<\/div>\n<p>Mnoz\u00ed z n\u00e1s u\u017e to pamatovat nebudou, proto\u017ee to byla realita minul\u00e9ho tis\u00edcilet\u00ed. Tehdy Vuelt\u011b pat\u0159il titul zahajovac\u00ed a nikoliv posledn\u00ed v \u0159ad\u011b z Grand Tour. Od zrodu v roce 1935 (Tour 1903, Giro 1909) b\u00fdvala \u0161pan\u011blsk\u00e1 tour prvn\u00edm vrcholem z\u00e1vodn\u00edho roku.<\/p>\n<h2><strong>Kdysi byla prvn\u00ed, ale t\u00e9m\u011b\u0159 \u010dist\u011b \u0161pan\u011blsk\u00e1<\/strong><\/h2>\n<p>Bitvy o titul kr\u00e1l \u0160pan\u011blska se odehr\u00e1valy v dubnu a kv\u011btnu, ale cosi v z\u00e1vod\u011b kolem Pyrenejsk\u00e9ho poloostrov\u011b pokulh\u00e1valo \u2013 konkurence. Na <a href=\"https:\/\/x.com\/lavuelta\/status\/1955594179721175296\">Vueltu<\/a> se koncentrovaly skoro v\u00fdhradn\u011b \u0161pan\u011blsk\u00e9 t\u00fdmy a pro v\u0161echny ostatn\u00ed se stala jen tr\u00e9ninkov\u00fdm z\u00e1vodem k t\u011bm d\u016fle\u017eit\u011bj\u0161\u00edm, co m\u011bly teprve p\u0159ij\u00edt.<\/p>\n<p>To byl hlavn\u00ed d\u016fvod term\u00ednov\u00e9 revoluce, pro kterou se v roce 1995 rozhodly Mezin\u00e1rodn\u00ed cyklistick\u00e1 unie UCI a po\u0159adatelsk\u00e1 skupina Unipublic. Jednou prov\u017edy se tv\u00e1\u0159 z\u00e1vodu a jeho pozice v hierarchii mezin\u00e1rodn\u00edho cyklistick\u00e9ho kalend\u00e1\u0159e zm\u011bnila: u\u017e ne jaro, ale nov\u011b srpen a kousek z\u00e1\u0159\u00ed.<\/p>\n<figure id=\"attachment_27076\" aria-describedby=\"caption-attachment-27076\" style=\"width: 1800px\" class=\"wp-caption alignnone\"><a href=\"https:\/\/d2p6e6u75xmxt8.cloudfront.net\/13\/2024\/09\/profimedia-0905642948.webp\"><img loading=\"lazy\" decoding=\"async\" class=\"size-full wp-image-27076\" src=\"https:\/\/d2p6e6u75xmxt8.cloudfront.net\/13\/2024\/09\/profimedia-0905642948.webp\" alt=\"\" width=\"1800\" height=\"1200\" srcset=\"https:\/\/d2p6e6u75xmxt8.cloudfront.net\/13\/2024\/09\/profimedia-0905642948.webp 1800w, https:\/\/d2p6e6u75xmxt8.cloudfront.net\/13\/2024\/09\/profimedia-0905642948-300x200.webp 300w, https:\/\/d2p6e6u75xmxt8.cloudfront.net\/13\/2024\/09\/profimedia-0905642948-1024x683.webp 1024w, https:\/\/d2p6e6u75xmxt8.cloudfront.net\/13\/2024\/09\/profimedia-0905642948-768x512.webp 768w, https:\/\/d2p6e6u75xmxt8.cloudfront.net\/13\/2024\/09\/profimedia-0905642948-1536x1024.webp 1536w, https:\/\/d2p6e6u75xmxt8.cloudfront.net\/13\/2024\/09\/profimedia-0905642948-400x267.webp 400w, https:\/\/d2p6e6u75xmxt8.cloudfront.net\/13\/2024\/09\/profimedia-0905642948-272x182.webp 272w\" sizes=\"auto, (max-width: 1800px) 100vw, 1800px\" \/><\/a><figcaption id=\"caption-attachment-27076\" class=\"wp-caption-text\"><em>Primo\u017e Rogli\u010d v rud\u00e9m trikotu l\u00eddra \u0161pan\u011blsk\u00e9 Vuelty 2024.<\/em><\/figcaption><\/figure>\n<p>A tehdy se Vuelta stala tou t\u0159et\u00ed, nejen chronologicky, ale i z pohledu v\u00fdznamu, presti\u017ee, renom\u00e9. Tou odsunutou na konec. Taky proto v\u00fdznam z\u00e1vodu a s n\u00edm obsazen\u00ed b\u011bhem let kol\u00edsaly, co\u017e vedlo k \u00favah\u00e1m, co je toho p\u0159\u00ed\u010dinou. Zdali pr\u00e1v\u011b p\u0159esun na konec roku, kdy se u\u017e \u00fanava cyklist\u016f kumuluje. Nebo \u017ee i fanou\u0161ek u\u017e je cyklistikou po velk\u00fdch bitv\u00e1ch o \u017elut\u00fd dres saturov\u00e1n.<\/p>\n<h2><strong>Zpravidla pro \u00fazkou skupinu cyklist\u016f<\/strong><\/h2>\n<p>Mo\u017en\u00e1 se na pozici podepsalo i to, \u017ee Vuelta je zpravidla ur\u010dena \u00fazk\u00e9 skupin\u011b z\u00e1vodn\u00edk\u016f, kter\u00fdm nevad\u00ed jak krut\u00e9 a \u010dast\u00e9 kopce, tak rozp\u00e1len\u00e9 \u0160pan\u011blsko na konci pr\u00e1zdnin. Na druhou stranu st\u00e1le p\u0159edstavuje Vuelta d\u016fle\u017eitou p\u0159\u00edpravu na mistrovstv\u00ed sv\u011bta, kter\u00e9 se obvykle jezd\u00ed na podzim.<\/p>\n<div class=\"shortcode-ys-post-pinup\"><article class=\"loop-simple post-30655 post type-post status-publish format-standard has-post-thumbnail hentry category-silnicni-cyklistika tag-cyklistika tag-jonas-vingegaard tag-silnicni-cyklistika tag-vuelta tag-vuelta-2025 tag-zdenek-stybar global-categories-cycling\" data-postid=\"30655\" role=\"article\" data-post-id=\"30655\" data-word-count=\"488\" data-headline-length=\"69\" data-category=\"Silni\u010dn\u00ed cyklistika\" data-global-category=\"Cycling\" data-author=\"We Love Cycling\" data-published=\"2025-08-18T14:41:52+02:00\" data-published-day=\"Monday\">\n    <div class=\"entry-thumbnail article-thumbnail\" content=\"https:\/\/d2p6e6u75xmxt8.cloudfront.net\/13\/2024\/07\/1800-x-1200-velky-150x150.webp\"><a href=\"https:\/\/www.welovecycling.com\/cs\/2025\/08\/18\/dva-lidri-davaji-logiku-ale-jonas-vingegaard-bude-neporazitelny\/\" class=\"image-holder\" target=\"_self\"><img decoding=\"async\" loading=\"lazy\" class=\"\" src=\"https:\/\/d2p6e6u75xmxt8.cloudfront.net\/13\/2024\/07\/1800-x-1200-velky-1024x683.webp\" srcset=\"https:\/\/d2p6e6u75xmxt8.cloudfront.net\/13\/2024\/07\/1800-x-1200-velky.webp 1800w, https:\/\/d2p6e6u75xmxt8.cloudfront.net\/13\/2024\/07\/1800-x-1200-velky-300x200.webp 300w, https:\/\/d2p6e6u75xmxt8.cloudfront.net\/13\/2024\/07\/1800-x-1200-velky-1024x683.webp 1024w, https:\/\/d2p6e6u75xmxt8.cloudfront.net\/13\/2024\/07\/1800-x-1200-velky-768x512.webp 768w, https:\/\/d2p6e6u75xmxt8.cloudfront.net\/13\/2024\/07\/1800-x-1200-velky-1536x1024.webp 1536w, https:\/\/d2p6e6u75xmxt8.cloudfront.net\/13\/2024\/07\/1800-x-1200-velky-400x267.webp 400w, https:\/\/d2p6e6u75xmxt8.cloudfront.net\/13\/2024\/07\/1800-x-1200-velky-272x182.webp 272w\" width=\"1024\" height=\"683\" sizes=\"auto, (min-width: 1200px) 300px, (min-width: 768px) 25vw, 100vw\" alt=\"dva-lidri-davaji-logiku-ale-jonas-vingegaard-bude-neporazitelny\"\/><\/a><\/div>    <div class=\"entry-meta\">\n        <a class=\"label label-secondary post-category\" href=\"https:\/\/www.welovecycling.com\/cs\/category\/silnicni-cyklistika\/\" title=\"Silni\u010dn\u00ed cyklistika\">Silni\u010dn\u00ed cyklistika<\/a>\n    <\/div>\n    <div class=\"entry-details\">\n        <a href=\"https:\/\/www.welovecycling.com\/cs\/2025\/08\/18\/dva-lidri-davaji-logiku-ale-jonas-vingegaard-bude-neporazitelny\/\" class='entry-title-wrapper'>\n            <h3 class=\"entry-title\"><span>Dva l\u00edd\u0159i d\u00e1vaj\u00ed logiku, ale Jonas Vingegaard bude neporaziteln\u00fd<\/span><\/h3>\n        <\/a>\n    <\/div>\n    <\/article>\n<\/div>\n<p>A\u0165 je jej\u00ed postaven\u00ed jak\u00e9koliv, z\u016fst\u00e1vaj\u00ed lid\u00e9, kter\u00fdm \u0161pan\u011blsk\u00e1 Grand Tour zat\u00edm ned\u00e1v\u00e1 sp\u00e1t. Proto\u017ee teprve pak dostanou definitivn\u00ed raz\u00edtko na svoji v\u00fdjime\u010dnost. Ano, bav\u00edme se o mu\u017ei, kter\u00fd vyhr\u00e1l u\u017e v\u0161echno i opakovan\u011b, ale jeho\u017e leto\u0161n\u00ed Tour natolik vy\u0161\u0165avila, \u017ee poslal do \u0160pan\u011blska omluvenku.<\/p>\n<figure id=\"attachment_29264\" aria-describedby=\"caption-attachment-29264\" style=\"width: 1800px\" class=\"wp-caption alignnone\"><a href=\"https:\/\/d2p6e6u75xmxt8.cloudfront.net\/13\/2025\/05\/profimedia-1003249248.webp\"><img loading=\"lazy\" decoding=\"async\" class=\"size-full wp-image-29264\" src=\"https:\/\/d2p6e6u75xmxt8.cloudfront.net\/13\/2025\/05\/profimedia-1003249248.webp\" alt=\"\" width=\"1800\" height=\"1200\" srcset=\"https:\/\/d2p6e6u75xmxt8.cloudfront.net\/13\/2025\/05\/profimedia-1003249248.webp 1800w, https:\/\/d2p6e6u75xmxt8.cloudfront.net\/13\/2025\/05\/profimedia-1003249248-300x200.webp 300w, https:\/\/d2p6e6u75xmxt8.cloudfront.net\/13\/2025\/05\/profimedia-1003249248-1024x683.webp 1024w, https:\/\/d2p6e6u75xmxt8.cloudfront.net\/13\/2025\/05\/profimedia-1003249248-768x512.webp 768w, https:\/\/d2p6e6u75xmxt8.cloudfront.net\/13\/2025\/05\/profimedia-1003249248-1536x1024.webp 1536w, https:\/\/d2p6e6u75xmxt8.cloudfront.net\/13\/2025\/05\/profimedia-1003249248-400x267.webp 400w, https:\/\/d2p6e6u75xmxt8.cloudfront.net\/13\/2025\/05\/profimedia-1003249248-272x182.webp 272w\" sizes=\"auto, (max-width: 1800px) 100vw, 1800px\" \/><\/a><figcaption id=\"caption-attachment-29264\" class=\"wp-caption-text\"><em>Juan Ayuso z t\u00fdmu UAE Emirates XRG. Foto: profimedia<\/em><\/figcaption><\/figure>\n<p>Tadej Poga\u010dar pot\u0159ebuje i <a href=\"https:\/\/www.welovecycling.com\/cs\/2025\/08\/18\/dva-lidri-davaji-logiku-ale-jonas-vingegaard-bude-neporazitelny\/\">Vueltu<\/a> vyhr\u00e1t, aby bylo jeho konto \u00fasp\u011bch\u016f bez vad na kr\u00e1se. Jen je\u0161t\u011b nev\u00ed kdy. U\u017e loni, kdy vyhr\u00e1l nejprve v kv\u011btnu Giro a m\u011bs\u00edc pot\u00e9 i Tour, m\u011bl takov\u00e9 choutky. Nam\u00edsto \u010derven\u00e9ho dresu, co\u017e by byl bezprecedentn\u00ed po\u010din, proto\u017ee v\u0161echny t\u0159i Grand Tour v jednom roce je\u0161t\u011b nikdo nikdy nevyhr\u00e1l, se Slovinec vydal za t\u00edm duhov\u00fdm.<\/p>\n<p>Nic to ale nem\u011bn\u00ed na tom, \u017ee i tu t\u0159et\u00ed Grand Tour mus\u00ed na sv\u00e9 pouti k dokonalosti vyhr\u00e1t. Jen letos je\u0161t\u011b d\u00e1 p\u0159i\u010dichnout jin\u00fdm.<\/p>\n","protected":false},"excerpt":{"rendered":"<p>Nesch\u00e1z\u00ed j\u00ed nic z toho, co maj\u00ed i jej\u00ed slavn\u011bj\u0161\u00ed sestry: jako Giro a Tour se t\u00e1hne p\u0159es 21 etap, [&hellip;]<\/p>\n","protected":false},"author":138,"featured_media":14049,"comment_status":"open","ping_status":"open","sticky":false,"template":"","format":"standard","meta":{"footnotes":""},"categories":[10],"tags":[126,161,1601,9,23,273,3844],"global-categories":[411],"class_list":["post-30659","post","type-post","status-publish","format-standard","has-post-thumbnail","hentry","category-silnicni-cyklistika","tag-cyklistika","tag-giro-ditalia","tag-jonas-vingegaard","tag-silnicni-cyklistika","tag-tour-de-france","tag-vuelta","tag-vuelta-2025","global-categories-cycling"],"yoast_head":"<!-- This site is optimized with the Yoast SEO Premium plugin v25.3 (Yoast SEO v25.9) - https:\/\/yoast.com\/wordpress\/plugins\/seo\/ -->\n<title>Pro\u010d je Vuelta t\u0159et\u00ed vzadu? Pl\u00e1n B, nebo t\u0159et\u00ed \u0161perk v korun\u011b? | \u0160koda We Love Cycling - \u010cesk\u00e1 republika<\/title>\n<meta name=\"description\" content=\"Nesch\u00e1z\u00ed j\u00ed nic z toho, co maj\u00ed i jej\u00ed slavn\u011bj\u0161\u00ed sestry: jako Giro a Tour se t\u00e1hne p\u0159es 21 etap, m\u011b\u0161ec jej\u00edch prize money cink\u00e1 podobn\u011b zlat\u00fdm t\u00f3nem jako ten italsk\u00fd nebo francouzsk\u00fd, na startu se ma\u010dkaj\u00ed hv\u011bzdn\u00ed z\u00e1vodn\u00edci coby str\u016fjci dramat. A p\u0159eci si u\u017e nav\u017edy Vuelta, jej\u00ed\u017e 80. ro\u010dn\u00edk odstartuje v sobotu 23. srpna z Tur\u00edna, ponese p\u0159\u00eddomek \u201eta t\u0159et\u00ed vzadu\u201c. Je spravedliv\u00fd a v\u016f\u010di posledn\u00ed Grand Tour roku uctiv\u00fd?\" \/>\n<meta name=\"robots\" content=\"index, follow, max-snippet:-1, max-image-preview:large, max-video-preview:-1\" \/>\n<link rel=\"canonical\" href=\"https:\/\/www.welovecycling.com\/cs\/2025\/08\/19\/proc-je-vuelta-treti-vzadu-plan-b-nebo-treti-sperk-v-korune\/\" \/>\n<meta property=\"og:locale\" content=\"cs_CZ\" \/>\n<meta property=\"og:type\" content=\"article\" \/>\n<meta property=\"og:title\" content=\"Pro\u010d je Vuelta t\u0159et\u00ed vzadu? Pl\u00e1n B, nebo t\u0159et\u00ed \u0161perk v korun\u011b?\" \/>\n<meta property=\"og:description\" content=\"Nesch\u00e1z\u00ed j\u00ed nic z toho, co maj\u00ed i jej\u00ed slavn\u011bj\u0161\u00ed sestry: jako Giro a Tour se t\u00e1hne p\u0159es 21 etap, m\u011b\u0161ec jej\u00edch prize money cink\u00e1 podobn\u011b zlat\u00fdm t\u00f3nem jako ten italsk\u00fd nebo francouzsk\u00fd, na startu se ma\u010dkaj\u00ed hv\u011bzdn\u00ed z\u00e1vodn\u00edci coby str\u016fjci dramat. A p\u0159eci si u\u017e nav\u017edy Vuelta, jej\u00ed\u017e 80. ro\u010dn\u00edk odstartuje v sobotu 23. srpna z Tur\u00edna, ponese p\u0159\u00eddomek \u201eta t\u0159et\u00ed vzadu\u201c. Je spravedliv\u00fd a v\u016f\u010di posledn\u00ed Grand Tour roku uctiv\u00fd?\" \/>\n<meta property=\"og:url\" content=\"https:\/\/www.welovecycling.com\/cs\/2025\/08\/19\/proc-je-vuelta-treti-vzadu-plan-b-nebo-treti-sperk-v-korune\/\" \/>\n<meta property=\"og:site_name\" content=\"\u0160koda We Love Cycling - \u010cesk\u00e1 republika\" \/>\n<meta property=\"article:published_time\" content=\"2025-08-19T08:27:25+00:00\" \/>\n<meta property=\"article:modified_time\" content=\"2025-08-19T08:27:58+00:00\" \/>\n<meta property=\"og:image\" content=\"https:\/\/d2p6e6u75xmxt8.cloudfront.net\/13\/2021\/08\/roglic-profimedia-0567984981.webp\" \/>\n\t<meta property=\"og:image:width\" content=\"1800\" \/>\n\t<meta property=\"og:image:height\" content=\"1273\" \/>\n\t<meta property=\"og:image:type\" content=\"image\/webp\" \/>\n<meta name=\"author\" content=\"radekmalina\" \/>\n<meta name=\"twitter:card\" content=\"summary_large_image\" \/>\n<meta name=\"twitter:label1\" content=\"Written by\" \/>\n\t<meta name=\"twitter:data1\" content=\"We Love Cycling\" \/>\n\t<meta name=\"twitter:label2\" content=\"Est. reading time\" \/>\n\t<meta name=\"twitter:data2\" content=\"4 minuty\" \/>\n<script type=\"application\/ld+json\" class=\"yoast-schema-graph\">{\"@context\":\"https:\/\/schema.org\",\"@graph\":[{\"@type\":\"WebPage\",\"@id\":\"https:\/\/www.welovecycling.com\/cs\/2025\/08\/19\/proc-je-vuelta-treti-vzadu-plan-b-nebo-treti-sperk-v-korune\/\",\"url\":\"https:\/\/www.welovecycling.com\/cs\/2025\/08\/19\/proc-je-vuelta-treti-vzadu-plan-b-nebo-treti-sperk-v-korune\/\",\"name\":\"Pro\u010d je Vuelta t\u0159et\u00ed vzadu? Pl\u00e1n B, nebo t\u0159et\u00ed \u0161perk v korun\u011b? | \u0160koda We Love Cycling - \u010cesk\u00e1 republika\",\"isPartOf\":{\"@id\":\"https:\/\/www.welovecycling.com\/cs\/#website\"},\"primaryImageOfPage\":{\"@id\":\"https:\/\/www.welovecycling.com\/cs\/2025\/08\/19\/proc-je-vuelta-treti-vzadu-plan-b-nebo-treti-sperk-v-korune\/#primaryimage\"},\"image\":{\"@id\":\"https:\/\/www.welovecycling.com\/cs\/2025\/08\/19\/proc-je-vuelta-treti-vzadu-plan-b-nebo-treti-sperk-v-korune\/#primaryimage\"},\"thumbnailUrl\":\"https:\/\/d2p6e6u75xmxt8.cloudfront.net\/13\/2021\/08\/roglic-profimedia-0567984981.webp\",\"datePublished\":\"2025-08-19T08:27:25+00:00\",\"dateModified\":\"2025-08-19T08:27:58+00:00\",\"author\":{\"@id\":\"https:\/\/www.welovecycling.com\/cs\/#\/schema\/person\/d9eeb0a378f3a7e4a6d12d2b536b04b8\"},\"description\":\"Nesch\u00e1z\u00ed j\u00ed nic z toho, co maj\u00ed i jej\u00ed slavn\u011bj\u0161\u00ed sestry: jako Giro a Tour se t\u00e1hne p\u0159es 21 etap, m\u011b\u0161ec jej\u00edch prize money cink\u00e1 podobn\u011b zlat\u00fdm t\u00f3nem jako ten italsk\u00fd nebo francouzsk\u00fd, na startu se ma\u010dkaj\u00ed hv\u011bzdn\u00ed z\u00e1vodn\u00edci coby str\u016fjci dramat. A p\u0159eci si u\u017e nav\u017edy Vuelta, jej\u00ed\u017e 80. ro\u010dn\u00edk odstartuje v sobotu 23. srpna z Tur\u00edna, ponese p\u0159\u00eddomek \u201eta t\u0159et\u00ed vzadu\u201c. Je spravedliv\u00fd a v\u016f\u010di posledn\u00ed Grand Tour roku uctiv\u00fd?\",\"inLanguage\":\"cs\",\"potentialAction\":[{\"@type\":\"ReadAction\",\"target\":[\"https:\/\/www.welovecycling.com\/cs\/2025\/08\/19\/proc-je-vuelta-treti-vzadu-plan-b-nebo-treti-sperk-v-korune\/\"]}]},{\"@type\":\"ImageObject\",\"inLanguage\":\"cs\",\"@id\":\"https:\/\/www.welovecycling.com\/cs\/2025\/08\/19\/proc-je-vuelta-treti-vzadu-plan-b-nebo-treti-sperk-v-korune\/#primaryimage\",\"url\":\"https:\/\/d2p6e6u75xmxt8.cloudfront.net\/13\/2021\/08\/roglic-profimedia-0567984981.webp\",\"contentUrl\":\"https:\/\/d2p6e6u75xmxt8.cloudfront.net\/13\/2021\/08\/roglic-profimedia-0567984981.webp\",\"width\":1800,\"height\":1273,\"caption\":\"Vuelta 2025\"},{\"@type\":\"WebSite\",\"@id\":\"https:\/\/www.welovecycling.com\/cs\/#website\",\"url\":\"https:\/\/www.welovecycling.com\/cs\/\",\"name\":\"\u0160koda We Love Cycling - \u010cesk\u00e1 republika\",\"description\":\"WeLoveCycling.cz je online magaz\u00edn, kter\u00fd v\u00e1m pravideln\u011b p\u0159in\u00e1\u0161\u00ed rady a tipy, zaj\u00edmav\u00e9 \u010dl\u00e1nky, videa a jedine\u010dn\u00e9 report\u00e1\u017ee ze sv\u011bta cyklistiky.\",\"potentialAction\":[{\"@type\":\"SearchAction\",\"target\":{\"@type\":\"EntryPoint\",\"urlTemplate\":\"https:\/\/www.welovecycling.com\/cs\/?s={search_term_string}\"},\"query-input\":{\"@type\":\"PropertyValueSpecification\",\"valueRequired\":true,\"valueName\":\"search_term_string\"}}],\"inLanguage\":\"cs\"},{\"@type\":\"Person\",\"@id\":\"https:\/\/www.welovecycling.com\/cs\/#\/schema\/person\/d9eeb0a378f3a7e4a6d12d2b536b04b8\",\"name\":\"radekmalina\",\"image\":{\"@type\":\"ImageObject\",\"inLanguage\":\"cs\",\"@id\":\"https:\/\/www.welovecycling.com\/cs\/#\/schema\/person\/image\/\",\"url\":\"https:\/\/secure.gravatar.com\/avatar\/66994b632cb8c39a46b9f54afa3ae07201b678d32a54275b6f1c9ffec356bfc0?s=96&d=mm&r=g\",\"contentUrl\":\"https:\/\/secure.gravatar.com\/avatar\/66994b632cb8c39a46b9f54afa3ae07201b678d32a54275b6f1c9ffec356bfc0?s=96&d=mm&r=g\",\"caption\":\"radekmalina\"},\"url\":\"https:\/\/www.welovecycling.com\/cs\/author\/radekmalina\/\"}]}<\/script>\n<!-- \/ Yoast SEO Premium plugin. -->","yoast_head_json":{"title":"Pro\u010d je Vuelta t\u0159et\u00ed vzadu? Pl\u00e1n B, nebo t\u0159et\u00ed \u0161perk v korun\u011b? | \u0160koda We Love Cycling - \u010cesk\u00e1 republika","description":"Nesch\u00e1z\u00ed j\u00ed nic z toho, co maj\u00ed i jej\u00ed slavn\u011bj\u0161\u00ed sestry: jako Giro a Tour se t\u00e1hne p\u0159es 21 etap, m\u011b\u0161ec jej\u00edch prize money cink\u00e1 podobn\u011b zlat\u00fdm t\u00f3nem jako ten italsk\u00fd nebo francouzsk\u00fd, na startu se ma\u010dkaj\u00ed hv\u011bzdn\u00ed z\u00e1vodn\u00edci coby str\u016fjci dramat. A p\u0159eci si u\u017e nav\u017edy Vuelta, jej\u00ed\u017e 80. ro\u010dn\u00edk odstartuje v sobotu 23. srpna z Tur\u00edna, ponese p\u0159\u00eddomek \u201eta t\u0159et\u00ed vzadu\u201c. Je spravedliv\u00fd a v\u016f\u010di posledn\u00ed Grand Tour roku uctiv\u00fd?","robots":{"index":"index","follow":"follow","max-snippet":"max-snippet:-1","max-image-preview":"max-image-preview:large","max-video-preview":"max-video-preview:-1"},"canonical":"https:\/\/www.welovecycling.com\/cs\/2025\/08\/19\/proc-je-vuelta-treti-vzadu-plan-b-nebo-treti-sperk-v-korune\/","og_locale":"cs_CZ","og_type":"article","og_title":"Pro\u010d je Vuelta t\u0159et\u00ed vzadu? Pl\u00e1n B, nebo t\u0159et\u00ed \u0161perk v korun\u011b?","og_description":"Nesch\u00e1z\u00ed j\u00ed nic z toho, co maj\u00ed i jej\u00ed slavn\u011bj\u0161\u00ed sestry: jako Giro a Tour se t\u00e1hne p\u0159es 21 etap, m\u011b\u0161ec jej\u00edch prize money cink\u00e1 podobn\u011b zlat\u00fdm t\u00f3nem jako ten italsk\u00fd nebo francouzsk\u00fd, na startu se ma\u010dkaj\u00ed hv\u011bzdn\u00ed z\u00e1vodn\u00edci coby str\u016fjci dramat. A p\u0159eci si u\u017e nav\u017edy Vuelta, jej\u00ed\u017e 80. ro\u010dn\u00edk odstartuje v sobotu 23. srpna z Tur\u00edna, ponese p\u0159\u00eddomek \u201eta t\u0159et\u00ed vzadu\u201c. Je spravedliv\u00fd a v\u016f\u010di posledn\u00ed Grand Tour roku uctiv\u00fd?","og_url":"https:\/\/www.welovecycling.com\/cs\/2025\/08\/19\/proc-je-vuelta-treti-vzadu-plan-b-nebo-treti-sperk-v-korune\/","og_site_name":"\u0160koda We Love Cycling - \u010cesk\u00e1 republika","article_published_time":"2025-08-19T08:27:25+00:00","article_modified_time":"2025-08-19T08:27:58+00:00","og_image":[{"width":1800,"height":1273,"url":"https:\/\/d2p6e6u75xmxt8.cloudfront.net\/13\/2021\/08\/roglic-profimedia-0567984981.webp","type":"image\/webp"}],"author":"radekmalina","twitter_card":"summary_large_image","twitter_misc":{"Written by":"We Love Cycling","Est. reading time":"4 minuty"},"schema":{"@context":"https:\/\/schema.org","@graph":[{"@type":"WebPage","@id":"https:\/\/www.welovecycling.com\/cs\/2025\/08\/19\/proc-je-vuelta-treti-vzadu-plan-b-nebo-treti-sperk-v-korune\/","url":"https:\/\/www.welovecycling.com\/cs\/2025\/08\/19\/proc-je-vuelta-treti-vzadu-plan-b-nebo-treti-sperk-v-korune\/","name":"Pro\u010d je Vuelta t\u0159et\u00ed vzadu? Pl\u00e1n B, nebo t\u0159et\u00ed \u0161perk v korun\u011b? | \u0160koda We Love Cycling - \u010cesk\u00e1 republika","isPartOf":{"@id":"https:\/\/www.welovecycling.com\/cs\/#website"},"primaryImageOfPage":{"@id":"https:\/\/www.welovecycling.com\/cs\/2025\/08\/19\/proc-je-vuelta-treti-vzadu-plan-b-nebo-treti-sperk-v-korune\/#primaryimage"},"image":{"@id":"https:\/\/www.welovecycling.com\/cs\/2025\/08\/19\/proc-je-vuelta-treti-vzadu-plan-b-nebo-treti-sperk-v-korune\/#primaryimage"},"thumbnailUrl":"https:\/\/d2p6e6u75xmxt8.cloudfront.net\/13\/2021\/08\/roglic-profimedia-0567984981.webp","datePublished":"2025-08-19T08:27:25+00:00","dateModified":"2025-08-19T08:27:58+00:00","author":{"@id":"https:\/\/www.welovecycling.com\/cs\/#\/schema\/person\/d9eeb0a378f3a7e4a6d12d2b536b04b8"},"description":"Nesch\u00e1z\u00ed j\u00ed nic z toho, co maj\u00ed i jej\u00ed slavn\u011bj\u0161\u00ed sestry: jako Giro a Tour se t\u00e1hne p\u0159es 21 etap, m\u011b\u0161ec jej\u00edch prize money cink\u00e1 podobn\u011b zlat\u00fdm t\u00f3nem jako ten italsk\u00fd nebo francouzsk\u00fd, na startu se ma\u010dkaj\u00ed hv\u011bzdn\u00ed z\u00e1vodn\u00edci coby str\u016fjci dramat. A p\u0159eci si u\u017e nav\u017edy Vuelta, jej\u00ed\u017e 80. ro\u010dn\u00edk odstartuje v sobotu 23. srpna z Tur\u00edna, ponese p\u0159\u00eddomek \u201eta t\u0159et\u00ed vzadu\u201c. Je spravedliv\u00fd a v\u016f\u010di posledn\u00ed Grand Tour roku uctiv\u00fd?","inLanguage":"cs","potentialAction":[{"@type":"ReadAction","target":["https:\/\/www.welovecycling.com\/cs\/2025\/08\/19\/proc-je-vuelta-treti-vzadu-plan-b-nebo-treti-sperk-v-korune\/"]}]},{"@type":"ImageObject","inLanguage":"cs","@id":"https:\/\/www.welovecycling.com\/cs\/2025\/08\/19\/proc-je-vuelta-treti-vzadu-plan-b-nebo-treti-sperk-v-korune\/#primaryimage","url":"https:\/\/d2p6e6u75xmxt8.cloudfront.net\/13\/2021\/08\/roglic-profimedia-0567984981.webp","contentUrl":"https:\/\/d2p6e6u75xmxt8.cloudfront.net\/13\/2021\/08\/roglic-profimedia-0567984981.webp","width":1800,"height":1273,"caption":"Vuelta 2025"},{"@type":"WebSite","@id":"https:\/\/www.welovecycling.com\/cs\/#website","url":"https:\/\/www.welovecycling.com\/cs\/","name":"\u0160koda We Love Cycling - \u010cesk\u00e1 republika","description":"WeLoveCycling.cz je online magaz\u00edn, kter\u00fd v\u00e1m pravideln\u011b p\u0159in\u00e1\u0161\u00ed rady a tipy, zaj\u00edmav\u00e9 \u010dl\u00e1nky, videa a jedine\u010dn\u00e9 report\u00e1\u017ee ze sv\u011bta cyklistiky.","potentialAction":[{"@type":"SearchAction","target":{"@type":"EntryPoint","urlTemplate":"https:\/\/www.welovecycling.com\/cs\/?s={search_term_string}"},"query-input":{"@type":"PropertyValueSpecification","valueRequired":true,"valueName":"search_term_string"}}],"inLanguage":"cs"},{"@type":"Person","@id":"https:\/\/www.welovecycling.com\/cs\/#\/schema\/person\/d9eeb0a378f3a7e4a6d12d2b536b04b8","name":"radekmalina","image":{"@type":"ImageObject","inLanguage":"cs","@id":"https:\/\/www.welovecycling.com\/cs\/#\/schema\/person\/image\/","url":"https:\/\/secure.gravatar.com\/avatar\/66994b632cb8c39a46b9f54afa3ae07201b678d32a54275b6f1c9ffec356bfc0?s=96&d=mm&r=g","contentUrl":"https:\/\/secure.gravatar.com\/avatar\/66994b632cb8c39a46b9f54afa3ae07201b678d32a54275b6f1c9ffec356bfc0?s=96&d=mm&r=g","caption":"radekmalina"},"url":"https:\/\/www.welovecycling.com\/cs\/author\/radekmalina\/"}]}},"_links":{"self":[{"href":"https:\/\/www.welovecycling.com\/cs\/wp-json\/wp\/v2\/posts\/30659","targetHints":{"allow":["GET"]}}],"collection":[{"href":"https:\/\/www.welovecycling.com\/cs\/wp-json\/wp\/v2\/posts"}],"about":[{"href":"https:\/\/www.welovecycling.com\/cs\/wp-json\/wp\/v2\/types\/post"}],"author":[{"embeddable":true,"href":"https:\/\/www.welovecycling.com\/cs\/wp-json\/wp\/v2\/users\/138"}],"replies":[{"embeddable":true,"href":"https:\/\/www.welovecycling.com\/cs\/wp-json\/wp\/v2\/comments?post=30659"}],"version-history":[{"count":3,"href":"https:\/\/www.welovecycling.com\/cs\/wp-json\/wp\/v2\/posts\/30659\/revisions"}],"predecessor-version":[{"id":30662,"href":"https:\/\/www.welovecycling.com\/cs\/wp-json\/wp\/v2\/posts\/30659\/revisions\/30662"}],"wp:featuredmedia":[{"embeddable":true,"href":"https:\/\/www.welovecycling.com\/cs\/wp-json\/wp\/v2\/media\/14049"}],"wp:attachment":[{"href":"https:\/\/www.welovecycling.com\/cs\/wp-json\/wp\/v2\/media?parent=30659"}],"wp:term":[{"taxonomy":"category","embeddable":true,"href":"https:\/\/www.welovecycling.com\/cs\/wp-json\/wp\/v2\/categories?post=30659"},{"taxonomy":"post_tag","embeddable":true,"href":"https:\/\/www.welovecycling.com\/cs\/wp-json\/wp\/v2\/tags?post=30659"},{"taxonomy":"global-categories","embeddable":true,"href":"https:\/\/www.welovecycling.com\/cs\/wp-json\/wp\/v2\/global-categories?post=30659"}],"curies":[{"name":"wp","href":"https:\/\/api.w.org\/{rel}","templated":true}]}}