{"id":30644,"date":"2025-08-17T18:15:49","date_gmt":"2025-08-17T16:15:49","guid":{"rendered":"https:\/\/www.welovecycling.com\/cs\/?p=30644"},"modified":"2025-08-17T18:15:49","modified_gmt":"2025-08-17T16:15:49","slug":"ovladl-czech-tour-novy-evenepoel-on-je-jiny-level-branil-se-vitez","status":"publish","type":"post","link":"https:\/\/www.welovecycling.com\/cs\/2025\/08\/17\/ovladl-czech-tour-novy-evenepoel-on-je-jiny-level-branil-se-vitez\/","title":{"rendered":"Ovl\u00e1dl Czech Tour nov\u00fd Evenepoel? On je jin\u00fd level, br\u00e1nil se v\u00edt\u011bz"},"content":{"rendered":"<p><strong>Byl na pokraji sil. Nejv\u011bt\u0161\u00ed rival jej m\u00e1lem uva\u0159il. A tak zvolnil, co\u017e mu paradoxn\u011b zajistilo \u017eivotn\u00ed triumf&#8230; Belgi\u010dan Junior Lecerf pro\u017eil snovou Czech Tour 2025. Vyhr\u00e1l etapu, ovl\u00e1dl celkov\u00e9 po\u0159ad\u00ed z\u00e1vodu a jako bonus p\u0159idal triumf v bodovac\u00ed sout\u011b\u017ei. Ve dvaadvaceti letech, kdy teprve druh\u00fdm rokem z\u00e1vod\u00ed mezi cyklistickou elitou.<\/strong><\/p>\n<p>&#8222;Byl to super t\u00fdden tady u v\u00e1s v \u010cesk\u00e9 republice. Skv\u011bl\u00e1 p\u0159\u00edprava na Vueltu, kter\u00e1 m\u011b nyn\u00ed \u010dek\u00e1,&#8220; sm\u00e1l se bla\u017een\u011b Junior Lecerf ve \u017elut\u00e9m trikotu pro celkov\u00e9ho v\u00edt\u011bze Czech Tour 2025. Do z\u00e1vodu vstupoval jako vrcha\u0159sk\u00fd l\u00eddr sestavy Soudal Quick Step, ale pozornost byla up\u0159ena hlavn\u011b na jeho krajana Ciana Uijtdebroekse z konkuren\u010dn\u00ed sestavy Visma Lease a Bike.<\/p>\n<h2><strong>Junior Lecerf vyu\u017eil zku\u0161enosti ze Z\u00e1vodu m\u00edru<\/strong><\/h2>\n<p>Junior Lecerf sice skon\u010dil druh\u00fd v celkov\u00e9m po\u0159ad\u00ed AlUla Tour 2024 a v t\u00e9m\u017ee roce p\u0159idal d\u00edl\u010d\u00ed triumf v etap\u00e1ku Kolem Rwandy, ale od \u00fanora lo\u0148sk\u00e9ho roku \u017e\u00e1dn\u00fd z\u00e1vod nevyhr\u00e1l. A jen jednou byl na stupn\u00edch v\u00edt\u011bz\u016f.<\/p>\n<p>P\u0159ed Czech Tour 2025 si n\u00e1ramn\u011b v\u011b\u0159il. Cht\u011bl zu\u017eitkovat zku\u0161enosti, kter\u00e9 na \u010desk\u00fdch silnic\u00edch posb\u00edral p\u0159i dvou startech v Z\u00e1vodu m\u00edru do 23 let. Pl\u00e1n naplnil hned v druh\u00e9m d\u011bjstv\u00ed, co vrcholilo v\u00fdstupem na Dlouh\u00e9 str\u00e1n\u011b. Byl jako p\u0159ilepen\u00fd na kole krajana Uijtdebroekse, jeho\u017e odm\u00edtal p\u0159i ud\u00e1v\u00e1n\u00ed tempa st\u0159\u00eddat. Frustrovan\u00e9mu sokovi v n\u00e1jezdu do posledn\u00ed zat\u00e1\u010dky uk\u00e1zal z\u00e1da a sprintoval pro v\u00edt\u011bzstv\u00ed. &#8222;Vyplatilo se mi, \u017ee jsem kopec znal. M\u011bl jsem pl\u00e1n a naplnil ho,&#8220; culil se Junior Lecerf. Pranic si ned\u011blal ze vzteku krajana. &#8222;Taktika je taktika,&#8220; kr\u010dil rameny.<\/p>\n<figure id=\"attachment_30648\" aria-describedby=\"caption-attachment-30648\" style=\"width: 1920px\" class=\"wp-caption alignnone\"><a href=\"https:\/\/d2p6e6u75xmxt8.cloudfront.net\/13\/2025\/08\/CZECH-TOUR1105283.webp\"><img loading=\"lazy\" decoding=\"async\" class=\"size-extra-large wp-image-30648\" src=\"https:\/\/d2p6e6u75xmxt8.cloudfront.net\/13\/2025\/08\/CZECH-TOUR1105283-1920x1279.webp\" alt=\"\" width=\"1920\" height=\"1279\" srcset=\"https:\/\/d2p6e6u75xmxt8.cloudfront.net\/13\/2025\/08\/CZECH-TOUR1105283-1920x1279.webp 1920w, https:\/\/d2p6e6u75xmxt8.cloudfront.net\/13\/2025\/08\/CZECH-TOUR1105283-300x200.webp 300w, https:\/\/d2p6e6u75xmxt8.cloudfront.net\/13\/2025\/08\/CZECH-TOUR1105283-1024x682.webp 1024w, https:\/\/d2p6e6u75xmxt8.cloudfront.net\/13\/2025\/08\/CZECH-TOUR1105283-768x512.webp 768w, https:\/\/d2p6e6u75xmxt8.cloudfront.net\/13\/2025\/08\/CZECH-TOUR1105283-1536x1023.webp 1536w, https:\/\/d2p6e6u75xmxt8.cloudfront.net\/13\/2025\/08\/CZECH-TOUR1105283-400x266.webp 400w, https:\/\/d2p6e6u75xmxt8.cloudfront.net\/13\/2025\/08\/CZECH-TOUR1105283-272x182.webp 272w, https:\/\/d2p6e6u75xmxt8.cloudfront.net\/13\/2025\/08\/CZECH-TOUR1105283.webp 2048w, https:\/\/d2p6e6u75xmxt8.cloudfront.net\/13\/2025\/08\/CZECH-TOUR1105283-1920x1279.webp 1920w\" sizes=\"auto, (max-width: 1920px) 100vw, 1920px\" \/><\/a><figcaption id=\"caption-attachment-30648\" class=\"wp-caption-text\"><em>Junior Lecerf a Josef \u010cern\u00fd p\u0159ed startem \u010dtvrt\u00e9 etapy Czech Tour 2025.<\/em><\/figcaption><\/figure>\n<p>T\u0159et\u00ed d\u011bjstv\u00ed p\u0159e\u010dkal ve \u017elut\u00e9m a st\u0159\u00e1dal s\u00edly na rozhoduj\u00edc\u00ed bitvu. Etapa z Prost\u011bjova byla v re\u017eii Visma Lease a Bike, kter\u00e1 cht\u011bla v\u0161echny protivn\u00edky b\u011bhem dvou v\u00fdstup\u016f na Pustevny utahat. Junior Lecerf v\u0161ak p\u0159i prvn\u00edm v\u00fdstupu nastolen\u00e9 tempo zvl\u00e1dl bez pot\u00ed\u017e\u00ed. Kdy\u017e se notn\u011b redukovan\u00e1 skupina v\u0159\u00edtila do fin\u00e1lov\u00e9ho kopce, dr\u017eel se na zadn\u00edm kole Ciana Uijtdebroekse. Ale jen chvili\u010dku. &#8222;Nasadil brut\u00e1ln\u00ed tempo. Byl jsem na limitu. V jednom okam\u017eiku u\u017e toho bylo p\u0159\u00edli\u0161. B\u00e1l jsem se, \u017ee tot\u00e1ln\u011b exploduji. Musel jsem si zvolnit. Sna\u017eil jsem se, aby odstup nenarostl n\u011bjak z\u00e1vratn\u011b,&#8220; vysv\u011btloval cyklista Soudal Quick Step.<\/p>\n<div class=\"shortcode-ys-post-pinup\"><article class=\"loop-simple post-30593 post type-post status-publish format-standard has-post-thumbnail hentry category-silnicni-cyklistika tag-cyklistika tag-prestup tag-red-bull-bora-hansgrohe tag-remco-evenepoel tag-silnicni-cyklistika tag-soudal-quick-step tag-tadej-pogacar tag-tour-de-france tag-zdenek-stybar global-categories-cycling\" data-postid=\"30593\" role=\"article\" data-post-id=\"30593\" data-word-count=\"571\" data-headline-length=\"64\" data-category=\"Silni\u010dn\u00ed cyklistika\" data-global-category=\"Cycling\" data-author=\"We Love Cycling\" data-published=\"2025-08-13T13:22:32+02:00\" data-published-day=\"Wednesday\">\n    <div class=\"entry-thumbnail article-thumbnail\" content=\"https:\/\/d2p6e6u75xmxt8.cloudfront.net\/13\/2024\/07\/1800-x-1200-velky-150x150.webp\"><a href=\"https:\/\/www.welovecycling.com\/cs\/2025\/08\/13\/remco-evenepoel-neporazi-pogacara-ani-po-prestupu-k-red-bullu\/\" class=\"image-holder\" target=\"_self\"><img decoding=\"async\" loading=\"lazy\" class=\"\" src=\"https:\/\/d2p6e6u75xmxt8.cloudfront.net\/13\/2024\/07\/1800-x-1200-velky-1024x683.webp\" srcset=\"https:\/\/d2p6e6u75xmxt8.cloudfront.net\/13\/2024\/07\/1800-x-1200-velky.webp 1800w, https:\/\/d2p6e6u75xmxt8.cloudfront.net\/13\/2024\/07\/1800-x-1200-velky-300x200.webp 300w, https:\/\/d2p6e6u75xmxt8.cloudfront.net\/13\/2024\/07\/1800-x-1200-velky-1024x683.webp 1024w, https:\/\/d2p6e6u75xmxt8.cloudfront.net\/13\/2024\/07\/1800-x-1200-velky-768x512.webp 768w, https:\/\/d2p6e6u75xmxt8.cloudfront.net\/13\/2024\/07\/1800-x-1200-velky-1536x1024.webp 1536w, https:\/\/d2p6e6u75xmxt8.cloudfront.net\/13\/2024\/07\/1800-x-1200-velky-400x267.webp 400w, https:\/\/d2p6e6u75xmxt8.cloudfront.net\/13\/2024\/07\/1800-x-1200-velky-272x182.webp 272w\" width=\"1024\" height=\"683\" sizes=\"auto, (min-width: 1200px) 300px, (min-width: 768px) 25vw, 100vw\" alt=\"remco-evenepoel-neporazi-pogacara-ani-po-prestupu-k-red-bullu\"\/><\/a><\/div>    <div class=\"entry-meta\">\n        <a class=\"label label-secondary post-category\" href=\"https:\/\/www.welovecycling.com\/cs\/category\/silnicni-cyklistika\/\" title=\"Silni\u010dn\u00ed cyklistika\">Silni\u010dn\u00ed cyklistika<\/a>\n    <\/div>\n    <div class=\"entry-details\">\n        <a href=\"https:\/\/www.welovecycling.com\/cs\/2025\/08\/13\/remco-evenepoel-neporazi-pogacara-ani-po-prestupu-k-red-bullu\/\" class='entry-title-wrapper'>\n            <h3 class=\"entry-title\"><span>Remco Evenepoel neporaz\u00ed Poga\u010dara ani po p\u0159estupu k Red Bullu<\/span><\/h3>\n        <\/a>\n    <\/div>\n    <\/article>\n<\/div>\n<p>Zd\u00e1lo se, \u017ee Cian Uijtdebroeks bude nepolapiteln\u00fd. Jen\u017ee s bl\u00ed\u017e\u00edc\u00ed se c\u00edlovou branou l\u00eddr nizozemsk\u00e9 formace vadnul, zat\u00edmco Junior Lecerf zrychloval. &#8222;Kdy\u017e jsme vyjeli z lesa a j\u00e1 ho uvid\u011bl, \u017ed\u00edmal jsem ze sebe maximum. Bylo to all in. V\u011bd\u011bl jsem, \u017ee mus\u00edm eliminovat ztr\u00e1tu. Ne\u0161lo o etapov\u00e9 v\u00edt\u011bzstv\u00ed, ale o celkov\u00fd triumf. Jak jsem se p\u0159ibl\u00ed\u017eil k p\u00e1sce, za\u010dal jsem sprintovat,&#8220; popisoval v\u00edt\u011bz sedmn\u00e1ct\u00e9ho ro\u010dn\u00edku Czech Tour.<\/p>\n<figure id=\"attachment_30646\" aria-describedby=\"caption-attachment-30646\" style=\"width: 1920px\" class=\"wp-caption alignnone\"><a href=\"https:\/\/d2p6e6u75xmxt8.cloudfront.net\/13\/2025\/08\/CZECH-NTOUR1105717.webp\"><img loading=\"lazy\" decoding=\"async\" class=\"size-extra-large wp-image-30646\" src=\"https:\/\/d2p6e6u75xmxt8.cloudfront.net\/13\/2025\/08\/CZECH-NTOUR1105717-1920x1279.webp\" alt=\"\" width=\"1920\" height=\"1279\" srcset=\"https:\/\/d2p6e6u75xmxt8.cloudfront.net\/13\/2025\/08\/CZECH-NTOUR1105717-1920x1279.webp 1920w, https:\/\/d2p6e6u75xmxt8.cloudfront.net\/13\/2025\/08\/CZECH-NTOUR1105717-300x200.webp 300w, https:\/\/d2p6e6u75xmxt8.cloudfront.net\/13\/2025\/08\/CZECH-NTOUR1105717-1024x682.webp 1024w, https:\/\/d2p6e6u75xmxt8.cloudfront.net\/13\/2025\/08\/CZECH-NTOUR1105717-768x512.webp 768w, https:\/\/d2p6e6u75xmxt8.cloudfront.net\/13\/2025\/08\/CZECH-NTOUR1105717-1536x1023.webp 1536w, https:\/\/d2p6e6u75xmxt8.cloudfront.net\/13\/2025\/08\/CZECH-NTOUR1105717-400x266.webp 400w, https:\/\/d2p6e6u75xmxt8.cloudfront.net\/13\/2025\/08\/CZECH-NTOUR1105717-272x182.webp 272w, https:\/\/d2p6e6u75xmxt8.cloudfront.net\/13\/2025\/08\/CZECH-NTOUR1105717.webp 2048w, https:\/\/d2p6e6u75xmxt8.cloudfront.net\/13\/2025\/08\/CZECH-NTOUR1105717-1920x1279.webp 1920w\" sizes=\"auto, (max-width: 1920px) 100vw, 1920px\" \/><\/a><figcaption id=\"caption-attachment-30646\" class=\"wp-caption-text\"><em>Vy\u010derpan\u00fd Cina Uijtdebroeks na Pustevn\u00e1ch.<\/em><\/figcaption><\/figure>\n<p>&#8222;Mysl\u00edm, \u017ee jsme s t\u00fdmem uk\u00e1zali dobrou show. Luke Lamperti vyhr\u00e1l prvn\u00ed etapu. Druhou jsem ovl\u00e1dl j\u00e1. T\u0159et\u00ed jsme tvo\u0159ili a jen t\u011bsn\u011b ji nevyhr\u00e1li,&#8220; vracel se Junior Lecerf k dojezdu v Ostrav\u011b, kde Australan Liam Walsh p\u0159espuroval Lampertiho. &#8222;Nakonec m\u00e1me \u017elut\u00fd trikot pro celkov\u00e9ho v\u00edt\u011bze a j\u00e1 z\u00edskal i zelen\u00fd za bodovac\u00ed sout\u011b\u017e. To je senzace,&#8220; lebedil si belgick\u00fd cyklista.<\/p>\n<h2><strong>Chce vyhr\u00e1t etapu na Vuelt\u011b<\/strong><\/h2>\n<p>&#8222;Moc jsem si Czech Tour u\u017eil. Atmosf\u00e9ra b\u011bhem etap byla perfektn\u00ed a \u0161lo i o skv\u011blou p\u0159\u00edpravu. Nen\u00ed to pochopiteln\u011b vysokohorsk\u00fd kemp, kde se daj\u00ed simulovat kopce z Vuelty, ale \u00fasp\u011bch mi dod\u00e1 sebev\u011bdom\u00ed. A toho nen\u00ed nikdy dost,&#8220; p\u0159em\u00edtal v\u00edt\u011bz Czech Tour 2025. &#8222;Moc bych si p\u0159\u00e1l vyhr\u00e1t etapu i ve \u0160pan\u011blsku. Konkurence bude v\u011bt\u0161\u00ed ne\u017e v \u010cesku, ale m\u00e1m dobrou formu,&#8220; \u0159\u00edkal borec, kter\u00fd na Vuelt\u011b debutoval minul\u00fd rok.<\/p>\n<p><a href=\"https:\/\/d2p6e6u75xmxt8.cloudfront.net\/13\/2025\/08\/CZECH-NTOUR1105732.webp\"><img loading=\"lazy\" decoding=\"async\" class=\"alignnone size-extra-large wp-image-30645\" src=\"https:\/\/d2p6e6u75xmxt8.cloudfront.net\/13\/2025\/08\/CZECH-NTOUR1105732-1920x1279.webp\" alt=\"\" width=\"1920\" height=\"1279\" srcset=\"https:\/\/d2p6e6u75xmxt8.cloudfront.net\/13\/2025\/08\/CZECH-NTOUR1105732-1920x1279.webp 1920w, https:\/\/d2p6e6u75xmxt8.cloudfront.net\/13\/2025\/08\/CZECH-NTOUR1105732-300x200.webp 300w, https:\/\/d2p6e6u75xmxt8.cloudfront.net\/13\/2025\/08\/CZECH-NTOUR1105732-1024x682.webp 1024w, https:\/\/d2p6e6u75xmxt8.cloudfront.net\/13\/2025\/08\/CZECH-NTOUR1105732-768x512.webp 768w, https:\/\/d2p6e6u75xmxt8.cloudfront.net\/13\/2025\/08\/CZECH-NTOUR1105732-1536x1023.webp 1536w, https:\/\/d2p6e6u75xmxt8.cloudfront.net\/13\/2025\/08\/CZECH-NTOUR1105732-400x266.webp 400w, https:\/\/d2p6e6u75xmxt8.cloudfront.net\/13\/2025\/08\/CZECH-NTOUR1105732-272x182.webp 272w, https:\/\/d2p6e6u75xmxt8.cloudfront.net\/13\/2025\/08\/CZECH-NTOUR1105732.webp 2048w, https:\/\/d2p6e6u75xmxt8.cloudfront.net\/13\/2025\/08\/CZECH-NTOUR1105732-1920x1279.webp 1920w\" sizes=\"auto, (max-width: 1920px) 100vw, 1920px\" \/><\/a><\/p>\n<p>&#8222;Uk\u00e1zal jsem, \u017ee dob\u0159e zvl\u00e1d\u00e1m tlak, kter\u00fd obn\u00e1\u0161\u00ed z\u00e1vod\u011bn\u00ed v pozici l\u00eddra. V\u0161ichni pro m\u011b pracovali, ob\u011btovali se m\u00e9mu \u00fasp\u011bchu. Vyhr\u00e1t etapov\u00fd z\u00e1vod je dal\u0161\u00ed krok v moj\u00ed kari\u00e9\u0159e,&#8220; neskr\u00fdval nad\u0161en\u00ed Junior Lecerf.<\/p>\n<div class=\"shortcode-ys-post-pinup\"><article class=\"loop-simple post-30497 post type-post status-publish format-standard has-post-thumbnail hentry category-silnicni-cyklistika tag-cyklistika tag-kolem-polska tag-lidl-trek tag-markel-irizar tag-mathias-vacek tag-silnicni-cyklistika global-categories-cycling\" data-postid=\"30497\" role=\"article\" data-post-id=\"30497\" data-word-count=\"896\" data-headline-length=\"56\" data-category=\"Silni\u010dn\u00ed cyklistika\" data-global-category=\"Cycling\" data-author=\"We Love Cycling\" data-published=\"2025-08-08T07:36:10+02:00\" data-published-day=\"Friday\">\n    <div class=\"entry-thumbnail article-thumbnail\" content=\"https:\/\/d2p6e6u75xmxt8.cloudfront.net\/13\/2025\/08\/profimedia-1027838061-150x150.webp\"><a href=\"https:\/\/www.welovecycling.com\/cs\/2025\/08\/08\/mathias-vacek-udelam-z-nej-viteze-slibuje-trener\/\" class=\"image-holder\" target=\"_self\"><img decoding=\"async\" loading=\"lazy\" class=\"\" src=\"https:\/\/d2p6e6u75xmxt8.cloudfront.net\/13\/2025\/08\/profimedia-1027838061-1024x683.webp\" srcset=\"https:\/\/d2p6e6u75xmxt8.cloudfront.net\/13\/2025\/08\/profimedia-1027838061.webp 1800w, https:\/\/d2p6e6u75xmxt8.cloudfront.net\/13\/2025\/08\/profimedia-1027838061-300x200.webp 300w, https:\/\/d2p6e6u75xmxt8.cloudfront.net\/13\/2025\/08\/profimedia-1027838061-1024x683.webp 1024w, https:\/\/d2p6e6u75xmxt8.cloudfront.net\/13\/2025\/08\/profimedia-1027838061-768x512.webp 768w, https:\/\/d2p6e6u75xmxt8.cloudfront.net\/13\/2025\/08\/profimedia-1027838061-1536x1024.webp 1536w, https:\/\/d2p6e6u75xmxt8.cloudfront.net\/13\/2025\/08\/profimedia-1027838061-400x267.webp 400w, https:\/\/d2p6e6u75xmxt8.cloudfront.net\/13\/2025\/08\/profimedia-1027838061-272x182.webp 272w\" width=\"1024\" height=\"683\" sizes=\"auto, (min-width: 1200px) 300px, (min-width: 768px) 25vw, 100vw\" alt=\"mathias-vacek-udelam-z-nej-viteze-slibuje-trener\"\/><\/a><\/div>    <div class=\"entry-meta\">\n        <a class=\"label label-secondary post-category\" href=\"https:\/\/www.welovecycling.com\/cs\/category\/silnicni-cyklistika\/\" title=\"Silni\u010dn\u00ed cyklistika\">Silni\u010dn\u00ed cyklistika<\/a>\n    <\/div>\n    <div class=\"entry-details\">\n        <a href=\"https:\/\/www.welovecycling.com\/cs\/2025\/08\/08\/mathias-vacek-udelam-z-nej-viteze-slibuje-trener\/\" class='entry-title-wrapper'>\n            <h3 class=\"entry-title\"><span>Mathias Vacek? Ud\u011bl\u00e1m z n\u011bj v\u00edt\u011bze, slibuje tren\u00e9r<\/span><\/h3>\n        <\/a>\n    <\/div>\n    <\/article>\n<\/div>\n<p>P\u0159i odchodu krajana Remca Evenepoela, hlavn\u00edho l\u00eddra Soudal Quick Step do n\u011bmeck\u00e9 sestavy Red Bull Bora hansgrohe, se otev\u00edr\u00e1 prostor pro dal\u0161\u00ed z\u00e1vodn\u00edky belgick\u00e9 formace. A v\u00edt\u011bz Czech Tour nepochybn\u011b dostane mnohem v\u00edce p\u0159\u00edle\u017eitost\u00ed ne\u017e dosud.<\/p>\n<p><a href=\"https:\/\/d2p6e6u75xmxt8.cloudfront.net\/13\/2025\/08\/CZECH-NTOUR1105722.webp\"><img loading=\"lazy\" decoding=\"async\" class=\"alignnone size-extra-large wp-image-30649\" src=\"https:\/\/d2p6e6u75xmxt8.cloudfront.net\/13\/2025\/08\/CZECH-NTOUR1105722-1920x1279.webp\" alt=\"\" width=\"1920\" height=\"1279\" srcset=\"https:\/\/d2p6e6u75xmxt8.cloudfront.net\/13\/2025\/08\/CZECH-NTOUR1105722-1920x1279.webp 1920w, https:\/\/d2p6e6u75xmxt8.cloudfront.net\/13\/2025\/08\/CZECH-NTOUR1105722-300x200.webp 300w, https:\/\/d2p6e6u75xmxt8.cloudfront.net\/13\/2025\/08\/CZECH-NTOUR1105722-1024x682.webp 1024w, https:\/\/d2p6e6u75xmxt8.cloudfront.net\/13\/2025\/08\/CZECH-NTOUR1105722-768x512.webp 768w, https:\/\/d2p6e6u75xmxt8.cloudfront.net\/13\/2025\/08\/CZECH-NTOUR1105722-1536x1023.webp 1536w, https:\/\/d2p6e6u75xmxt8.cloudfront.net\/13\/2025\/08\/CZECH-NTOUR1105722-400x266.webp 400w, https:\/\/d2p6e6u75xmxt8.cloudfront.net\/13\/2025\/08\/CZECH-NTOUR1105722-272x182.webp 272w, https:\/\/d2p6e6u75xmxt8.cloudfront.net\/13\/2025\/08\/CZECH-NTOUR1105722.webp 2048w, https:\/\/d2p6e6u75xmxt8.cloudfront.net\/13\/2025\/08\/CZECH-NTOUR1105722-1920x1279.webp 1920w\" sizes=\"auto, (max-width: 1920px) 100vw, 1920px\" \/><\/a><\/p>\n<p>&#8222;Ur\u010dit\u011b se nepova\u017euji za jeho n\u00e1stupce. Mezi n\u00e1mi je velk\u00fd rozd\u00edl. On je na jin\u00e9m levelu. V\u017edy\u0165 se rovn\u00e1 s Tadejem Poga\u010darem, co\u017e ur\u010dit\u011b nen\u00ed m\u016fj p\u0159\u00edpad,&#8220; zdr\u00e1hal se Junior Lecerf porovn\u00e1vat sv\u00e9 um\u011bn\u00ed s dovednostmi dvojn\u00e1sobn\u00e9ho olympijsk\u00e9ho \u0161ampiona.\u00a0 Spole\u010dn\u011b bojovali lets na ja\u0159e p\u0159i etap\u00e1ku Kolem Romandie. &#8222;U\u010dil jsem se ze v\u0161ech sil,&#8220; culil se mlad\u00fd Belgi\u010dan p\u0159i vzpom\u00ednce na z\u00e1vod\u011bn\u00ed po boku mu\u017ee, co m\u00e1 doma trikot mistra sv\u011bta z hromadn\u00e9ho z\u00e1vodu i \u010dasovky. &#8222;Snad se mu jednou p\u0159ibl\u00ed\u017e\u00edm. M\u016f\u017eu za\u010d\u00edt hned ve \u0160pan\u011blsku,&#8220; usm\u00e1l se Junior Lecerf v nar\u00e1\u017ece na fakt, \u017ee pr\u00e1v\u011b t\u0159et\u00ed Grand Tour sezony jeho vzor a krajan p\u0159ed t\u0159emi lety vyhr\u00e1l celkov\u011b.<\/p>\n<p><em>Foto: Czech Tour (3x)<\/em><\/p>\n","protected":false},"excerpt":{"rendered":"<p>Byl na pokraji sil. Nejv\u011bt\u0161\u00ed rival jej m\u00e1lem uva\u0159il. A tak zvolnil, co\u017e mu paradoxn\u011b zajistilo \u017eivotn\u00ed triumf&#8230; Belgi\u010dan Junior [&hellip;]<\/p>\n","protected":false},"author":138,"featured_media":30650,"comment_status":"open","ping_status":"open","sticky":false,"template":"","format":"standard","meta":{"footnotes":""},"categories":[10],"tags":[126,4185,4338,1072,9,2842],"global-categories":[411],"class_list":["post-30644","post","type-post","status-publish","format-standard","has-post-thumbnail","hentry","category-silnicni-cyklistika","tag-cyklistika","tag-czech-tour-2025","tag-junior-lecerf","tag-remco-evenepoel","tag-silnicni-cyklistika","tag-soudal-quick-step","global-categories-cycling"],"yoast_head":"<!-- This site is optimized with the Yoast SEO Premium plugin v25.3 (Yoast SEO v25.9) - https:\/\/yoast.com\/wordpress\/plugins\/seo\/ -->\n<title>Ovl\u00e1dl Czech Tour nov\u00fd Evenepoel? On je jin\u00fd level, br\u00e1nil se v\u00edt\u011bz | \u0160koda We Love Cycling - \u010cesk\u00e1 republika<\/title>\n<meta name=\"description\" content=\"Byl na pokraji sil. Nejv\u011bt\u0161\u00ed rival jej m\u00e1lem uva\u0159il. A tak zvolnil, co\u017e mu paradoxn\u011b zajistilo \u017eivotn\u00ed triumf... Belgi\u010dan Junior Lecerf pro\u017eil snovou Czech Tour 2025. Vyhr\u00e1l etapu, ovl\u00e1dl celkov\u00e9 po\u0159ad\u00ed z\u00e1vodu a jako bonus p\u0159idal triumf v bodovac\u00ed sout\u011b\u017ei. Ve dvaadvaceti letech, kdy teprve druh\u00fdm rokem z\u00e1vod\u00ed mezi cyklistickou elitou.\" \/>\n<meta name=\"robots\" content=\"index, follow, max-snippet:-1, max-image-preview:large, max-video-preview:-1\" \/>\n<link rel=\"canonical\" href=\"https:\/\/www.welovecycling.com\/cs\/2025\/08\/17\/ovladl-czech-tour-novy-evenepoel-on-je-jiny-level-branil-se-vitez\/\" \/>\n<meta property=\"og:locale\" content=\"cs_CZ\" \/>\n<meta property=\"og:type\" content=\"article\" \/>\n<meta property=\"og:title\" content=\"Ovl\u00e1dl Czech Tour nov\u00fd Evenepoel? On je jin\u00fd level, br\u00e1nil se v\u00edt\u011bz\" \/>\n<meta property=\"og:description\" content=\"Byl na pokraji sil. Nejv\u011bt\u0161\u00ed rival jej m\u00e1lem uva\u0159il. A tak zvolnil, co\u017e mu paradoxn\u011b zajistilo \u017eivotn\u00ed triumf... Belgi\u010dan Junior Lecerf pro\u017eil snovou Czech Tour 2025. Vyhr\u00e1l etapu, ovl\u00e1dl celkov\u00e9 po\u0159ad\u00ed z\u00e1vodu a jako bonus p\u0159idal triumf v bodovac\u00ed sout\u011b\u017ei. Ve dvaadvaceti letech, kdy teprve druh\u00fdm rokem z\u00e1vod\u00ed mezi cyklistickou elitou.\" \/>\n<meta property=\"og:url\" content=\"https:\/\/www.welovecycling.com\/cs\/2025\/08\/17\/ovladl-czech-tour-novy-evenepoel-on-je-jiny-level-branil-se-vitez\/\" \/>\n<meta property=\"og:site_name\" content=\"\u0160koda We Love Cycling - \u010cesk\u00e1 republika\" \/>\n<meta property=\"article:published_time\" content=\"2025-08-17T16:15:49+00:00\" \/>\n<meta property=\"og:image\" content=\"https:\/\/d2p6e6u75xmxt8.cloudfront.net\/13\/2025\/08\/CZECH-NTOUR1105726.webp\" \/>\n\t<meta property=\"og:image:width\" content=\"2048\" \/>\n\t<meta property=\"og:image:height\" content=\"1364\" \/>\n\t<meta property=\"og:image:type\" content=\"image\/webp\" \/>\n<meta name=\"author\" content=\"radekmalina\" \/>\n<meta name=\"twitter:card\" content=\"summary_large_image\" \/>\n<meta name=\"twitter:label1\" content=\"Written by\" \/>\n\t<meta name=\"twitter:data1\" content=\"We Love Cycling\" \/>\n\t<meta name=\"twitter:label2\" content=\"Est. reading time\" \/>\n\t<meta name=\"twitter:data2\" content=\"6\" \/>\n<script type=\"application\/ld+json\" class=\"yoast-schema-graph\">{\"@context\":\"https:\/\/schema.org\",\"@graph\":[{\"@type\":\"WebPage\",\"@id\":\"https:\/\/www.welovecycling.com\/cs\/2025\/08\/17\/ovladl-czech-tour-novy-evenepoel-on-je-jiny-level-branil-se-vitez\/\",\"url\":\"https:\/\/www.welovecycling.com\/cs\/2025\/08\/17\/ovladl-czech-tour-novy-evenepoel-on-je-jiny-level-branil-se-vitez\/\",\"name\":\"Ovl\u00e1dl Czech Tour nov\u00fd Evenepoel? On je jin\u00fd level, br\u00e1nil se v\u00edt\u011bz | \u0160koda We Love Cycling - \u010cesk\u00e1 republika\",\"isPartOf\":{\"@id\":\"https:\/\/www.welovecycling.com\/cs\/#website\"},\"primaryImageOfPage\":{\"@id\":\"https:\/\/www.welovecycling.com\/cs\/2025\/08\/17\/ovladl-czech-tour-novy-evenepoel-on-je-jiny-level-branil-se-vitez\/#primaryimage\"},\"image\":{\"@id\":\"https:\/\/www.welovecycling.com\/cs\/2025\/08\/17\/ovladl-czech-tour-novy-evenepoel-on-je-jiny-level-branil-se-vitez\/#primaryimage\"},\"thumbnailUrl\":\"https:\/\/d2p6e6u75xmxt8.cloudfront.net\/13\/2025\/08\/CZECH-NTOUR1105726.webp\",\"datePublished\":\"2025-08-17T16:15:49+00:00\",\"author\":{\"@id\":\"https:\/\/www.welovecycling.com\/cs\/#\/schema\/person\/d9eeb0a378f3a7e4a6d12d2b536b04b8\"},\"description\":\"Byl na pokraji sil. Nejv\u011bt\u0161\u00ed rival jej m\u00e1lem uva\u0159il. A tak zvolnil, co\u017e mu paradoxn\u011b zajistilo \u017eivotn\u00ed triumf... Belgi\u010dan Junior Lecerf pro\u017eil snovou Czech Tour 2025. Vyhr\u00e1l etapu, ovl\u00e1dl celkov\u00e9 po\u0159ad\u00ed z\u00e1vodu a jako bonus p\u0159idal triumf v bodovac\u00ed sout\u011b\u017ei. Ve dvaadvaceti letech, kdy teprve druh\u00fdm rokem z\u00e1vod\u00ed mezi cyklistickou elitou.\",\"inLanguage\":\"cs\",\"potentialAction\":[{\"@type\":\"ReadAction\",\"target\":[\"https:\/\/www.welovecycling.com\/cs\/2025\/08\/17\/ovladl-czech-tour-novy-evenepoel-on-je-jiny-level-branil-se-vitez\/\"]}]},{\"@type\":\"ImageObject\",\"inLanguage\":\"cs\",\"@id\":\"https:\/\/www.welovecycling.com\/cs\/2025\/08\/17\/ovladl-czech-tour-novy-evenepoel-on-je-jiny-level-branil-se-vitez\/#primaryimage\",\"url\":\"https:\/\/d2p6e6u75xmxt8.cloudfront.net\/13\/2025\/08\/CZECH-NTOUR1105726.webp\",\"contentUrl\":\"https:\/\/d2p6e6u75xmxt8.cloudfront.net\/13\/2025\/08\/CZECH-NTOUR1105726.webp\",\"width\":2048,\"height\":1364,\"caption\":\"Junior Lecerf\"},{\"@type\":\"WebSite\",\"@id\":\"https:\/\/www.welovecycling.com\/cs\/#website\",\"url\":\"https:\/\/www.welovecycling.com\/cs\/\",\"name\":\"\u0160koda We Love Cycling - \u010cesk\u00e1 republika\",\"description\":\"WeLoveCycling.cz je online magaz\u00edn, kter\u00fd v\u00e1m pravideln\u011b p\u0159in\u00e1\u0161\u00ed rady a tipy, zaj\u00edmav\u00e9 \u010dl\u00e1nky, videa a jedine\u010dn\u00e9 report\u00e1\u017ee ze sv\u011bta cyklistiky.\",\"potentialAction\":[{\"@type\":\"SearchAction\",\"target\":{\"@type\":\"EntryPoint\",\"urlTemplate\":\"https:\/\/www.welovecycling.com\/cs\/?s={search_term_string}\"},\"query-input\":{\"@type\":\"PropertyValueSpecification\",\"valueRequired\":true,\"valueName\":\"search_term_string\"}}],\"inLanguage\":\"cs\"},{\"@type\":\"Person\",\"@id\":\"https:\/\/www.welovecycling.com\/cs\/#\/schema\/person\/d9eeb0a378f3a7e4a6d12d2b536b04b8\",\"name\":\"radekmalina\",\"image\":{\"@type\":\"ImageObject\",\"inLanguage\":\"cs\",\"@id\":\"https:\/\/www.welovecycling.com\/cs\/#\/schema\/person\/image\/\",\"url\":\"https:\/\/secure.gravatar.com\/avatar\/66994b632cb8c39a46b9f54afa3ae07201b678d32a54275b6f1c9ffec356bfc0?s=96&d=mm&r=g\",\"contentUrl\":\"https:\/\/secure.gravatar.com\/avatar\/66994b632cb8c39a46b9f54afa3ae07201b678d32a54275b6f1c9ffec356bfc0?s=96&d=mm&r=g\",\"caption\":\"radekmalina\"},\"url\":\"https:\/\/www.welovecycling.com\/cs\/author\/radekmalina\/\"}]}<\/script>\n<!-- \/ Yoast SEO Premium plugin. -->","yoast_head_json":{"title":"Ovl\u00e1dl Czech Tour nov\u00fd Evenepoel? On je jin\u00fd level, br\u00e1nil se v\u00edt\u011bz | \u0160koda We Love Cycling - \u010cesk\u00e1 republika","description":"Byl na pokraji sil. Nejv\u011bt\u0161\u00ed rival jej m\u00e1lem uva\u0159il. A tak zvolnil, co\u017e mu paradoxn\u011b zajistilo \u017eivotn\u00ed triumf... Belgi\u010dan Junior Lecerf pro\u017eil snovou Czech Tour 2025. Vyhr\u00e1l etapu, ovl\u00e1dl celkov\u00e9 po\u0159ad\u00ed z\u00e1vodu a jako bonus p\u0159idal triumf v bodovac\u00ed sout\u011b\u017ei. Ve dvaadvaceti letech, kdy teprve druh\u00fdm rokem z\u00e1vod\u00ed mezi cyklistickou elitou.","robots":{"index":"index","follow":"follow","max-snippet":"max-snippet:-1","max-image-preview":"max-image-preview:large","max-video-preview":"max-video-preview:-1"},"canonical":"https:\/\/www.welovecycling.com\/cs\/2025\/08\/17\/ovladl-czech-tour-novy-evenepoel-on-je-jiny-level-branil-se-vitez\/","og_locale":"cs_CZ","og_type":"article","og_title":"Ovl\u00e1dl Czech Tour nov\u00fd Evenepoel? On je jin\u00fd level, br\u00e1nil se v\u00edt\u011bz","og_description":"Byl na pokraji sil. Nejv\u011bt\u0161\u00ed rival jej m\u00e1lem uva\u0159il. A tak zvolnil, co\u017e mu paradoxn\u011b zajistilo \u017eivotn\u00ed triumf... Belgi\u010dan Junior Lecerf pro\u017eil snovou Czech Tour 2025. Vyhr\u00e1l etapu, ovl\u00e1dl celkov\u00e9 po\u0159ad\u00ed z\u00e1vodu a jako bonus p\u0159idal triumf v bodovac\u00ed sout\u011b\u017ei. Ve dvaadvaceti letech, kdy teprve druh\u00fdm rokem z\u00e1vod\u00ed mezi cyklistickou elitou.","og_url":"https:\/\/www.welovecycling.com\/cs\/2025\/08\/17\/ovladl-czech-tour-novy-evenepoel-on-je-jiny-level-branil-se-vitez\/","og_site_name":"\u0160koda We Love Cycling - \u010cesk\u00e1 republika","article_published_time":"2025-08-17T16:15:49+00:00","og_image":[{"width":2048,"height":1364,"url":"https:\/\/d2p6e6u75xmxt8.cloudfront.net\/13\/2025\/08\/CZECH-NTOUR1105726.webp","type":"image\/webp"}],"author":"radekmalina","twitter_card":"summary_large_image","twitter_misc":{"Written by":"We Love Cycling","Est. reading time":"6"},"schema":{"@context":"https:\/\/schema.org","@graph":[{"@type":"WebPage","@id":"https:\/\/www.welovecycling.com\/cs\/2025\/08\/17\/ovladl-czech-tour-novy-evenepoel-on-je-jiny-level-branil-se-vitez\/","url":"https:\/\/www.welovecycling.com\/cs\/2025\/08\/17\/ovladl-czech-tour-novy-evenepoel-on-je-jiny-level-branil-se-vitez\/","name":"Ovl\u00e1dl Czech Tour nov\u00fd Evenepoel? On je jin\u00fd level, br\u00e1nil se v\u00edt\u011bz | \u0160koda We Love Cycling - \u010cesk\u00e1 republika","isPartOf":{"@id":"https:\/\/www.welovecycling.com\/cs\/#website"},"primaryImageOfPage":{"@id":"https:\/\/www.welovecycling.com\/cs\/2025\/08\/17\/ovladl-czech-tour-novy-evenepoel-on-je-jiny-level-branil-se-vitez\/#primaryimage"},"image":{"@id":"https:\/\/www.welovecycling.com\/cs\/2025\/08\/17\/ovladl-czech-tour-novy-evenepoel-on-je-jiny-level-branil-se-vitez\/#primaryimage"},"thumbnailUrl":"https:\/\/d2p6e6u75xmxt8.cloudfront.net\/13\/2025\/08\/CZECH-NTOUR1105726.webp","datePublished":"2025-08-17T16:15:49+00:00","author":{"@id":"https:\/\/www.welovecycling.com\/cs\/#\/schema\/person\/d9eeb0a378f3a7e4a6d12d2b536b04b8"},"description":"Byl na pokraji sil. Nejv\u011bt\u0161\u00ed rival jej m\u00e1lem uva\u0159il. A tak zvolnil, co\u017e mu paradoxn\u011b zajistilo \u017eivotn\u00ed triumf... Belgi\u010dan Junior Lecerf pro\u017eil snovou Czech Tour 2025. Vyhr\u00e1l etapu, ovl\u00e1dl celkov\u00e9 po\u0159ad\u00ed z\u00e1vodu a jako bonus p\u0159idal triumf v bodovac\u00ed sout\u011b\u017ei. Ve dvaadvaceti letech, kdy teprve druh\u00fdm rokem z\u00e1vod\u00ed mezi cyklistickou elitou.","inLanguage":"cs","potentialAction":[{"@type":"ReadAction","target":["https:\/\/www.welovecycling.com\/cs\/2025\/08\/17\/ovladl-czech-tour-novy-evenepoel-on-je-jiny-level-branil-se-vitez\/"]}]},{"@type":"ImageObject","inLanguage":"cs","@id":"https:\/\/www.welovecycling.com\/cs\/2025\/08\/17\/ovladl-czech-tour-novy-evenepoel-on-je-jiny-level-branil-se-vitez\/#primaryimage","url":"https:\/\/d2p6e6u75xmxt8.cloudfront.net\/13\/2025\/08\/CZECH-NTOUR1105726.webp","contentUrl":"https:\/\/d2p6e6u75xmxt8.cloudfront.net\/13\/2025\/08\/CZECH-NTOUR1105726.webp","width":2048,"height":1364,"caption":"Junior Lecerf"},{"@type":"WebSite","@id":"https:\/\/www.welovecycling.com\/cs\/#website","url":"https:\/\/www.welovecycling.com\/cs\/","name":"\u0160koda We Love Cycling - \u010cesk\u00e1 republika","description":"WeLoveCycling.cz je online magaz\u00edn, kter\u00fd v\u00e1m pravideln\u011b p\u0159in\u00e1\u0161\u00ed rady a tipy, zaj\u00edmav\u00e9 \u010dl\u00e1nky, videa a jedine\u010dn\u00e9 report\u00e1\u017ee ze sv\u011bta cyklistiky.","potentialAction":[{"@type":"SearchAction","target":{"@type":"EntryPoint","urlTemplate":"https:\/\/www.welovecycling.com\/cs\/?s={search_term_string}"},"query-input":{"@type":"PropertyValueSpecification","valueRequired":true,"valueName":"search_term_string"}}],"inLanguage":"cs"},{"@type":"Person","@id":"https:\/\/www.welovecycling.com\/cs\/#\/schema\/person\/d9eeb0a378f3a7e4a6d12d2b536b04b8","name":"radekmalina","image":{"@type":"ImageObject","inLanguage":"cs","@id":"https:\/\/www.welovecycling.com\/cs\/#\/schema\/person\/image\/","url":"https:\/\/secure.gravatar.com\/avatar\/66994b632cb8c39a46b9f54afa3ae07201b678d32a54275b6f1c9ffec356bfc0?s=96&d=mm&r=g","contentUrl":"https:\/\/secure.gravatar.com\/avatar\/66994b632cb8c39a46b9f54afa3ae07201b678d32a54275b6f1c9ffec356bfc0?s=96&d=mm&r=g","caption":"radekmalina"},"url":"https:\/\/www.welovecycling.com\/cs\/author\/radekmalina\/"}]}},"_links":{"self":[{"href":"https:\/\/www.welovecycling.com\/cs\/wp-json\/wp\/v2\/posts\/30644","targetHints":{"allow":["GET"]}}],"collection":[{"href":"https:\/\/www.welovecycling.com\/cs\/wp-json\/wp\/v2\/posts"}],"about":[{"href":"https:\/\/www.welovecycling.com\/cs\/wp-json\/wp\/v2\/types\/post"}],"author":[{"embeddable":true,"href":"https:\/\/www.welovecycling.com\/cs\/wp-json\/wp\/v2\/users\/138"}],"replies":[{"embeddable":true,"href":"https:\/\/www.welovecycling.com\/cs\/wp-json\/wp\/v2\/comments?post=30644"}],"version-history":[{"count":2,"href":"https:\/\/www.welovecycling.com\/cs\/wp-json\/wp\/v2\/posts\/30644\/revisions"}],"predecessor-version":[{"id":30652,"href":"https:\/\/www.welovecycling.com\/cs\/wp-json\/wp\/v2\/posts\/30644\/revisions\/30652"}],"wp:featuredmedia":[{"embeddable":true,"href":"https:\/\/www.welovecycling.com\/cs\/wp-json\/wp\/v2\/media\/30650"}],"wp:attachment":[{"href":"https:\/\/www.welovecycling.com\/cs\/wp-json\/wp\/v2\/media?parent=30644"}],"wp:term":[{"taxonomy":"category","embeddable":true,"href":"https:\/\/www.welovecycling.com\/cs\/wp-json\/wp\/v2\/categories?post=30644"},{"taxonomy":"post_tag","embeddable":true,"href":"https:\/\/www.welovecycling.com\/cs\/wp-json\/wp\/v2\/tags?post=30644"},{"taxonomy":"global-categories","embeddable":true,"href":"https:\/\/www.welovecycling.com\/cs\/wp-json\/wp\/v2\/global-categories?post=30644"}],"curies":[{"name":"wp","href":"https:\/\/api.w.org\/{rel}","templated":true}]}}