{"id":30637,"date":"2025-08-16T20:32:44","date_gmt":"2025-08-16T18:32:44","guid":{"rendered":"https:\/\/www.welovecycling.com\/cs\/?p=30637"},"modified":"2025-08-16T20:32:44","modified_gmt":"2025-08-16T18:32:44","slug":"klokan-letel-sestnact-tisic-kilometru-pro-zivotni-uspech","status":"publish","type":"post","link":"https:\/\/www.welovecycling.com\/cs\/2025\/08\/16\/klokan-letel-sestnact-tisic-kilometru-pro-zivotni-uspech\/","title":{"rendered":"Klokan let\u011bl \u0161estn\u00e1ct tis\u00edc kilometr\u016f pro \u017eivotn\u00ed \u00fasp\u011bch"},"content":{"rendered":"<p><strong>Triumf\u00e1ln\u011b vyst\u0159elil ruce k nebes\u016fm a v euforii \u0159val, \u017ee t\u00e9m\u011b\u0159 p\u0159ehlu\u0161il moder\u00e1tora. Tak obrovskou radost m\u011bl Liam Walsh, kdy\u017e ovl\u00e1dl t\u0159et\u00ed etapu Czech Tour. Pro z\u00e1vodn\u00edka t\u00fdmu Ccache x Bodywrap \u0161lo o \u017eivotn\u00ed v\u00edt\u011bzstv\u00ed. Pro jeho australskou formaci zase o nejv\u011bt\u0161\u00ed triumf v kr\u00e1tk\u00e9 historii. &#8222;M\u016f\u017ee to zm\u011bnit pohled na n\u00e1\u0161 t\u00fdm,&#8220; v\u011b\u0159\u00ed Samuel Layzell, sportovn\u00ed \u0159editel formace ze zem\u011b klokan\u016f.<\/strong><\/p>\n<p>&#8222;Senzace. Absolutn\u00ed senzace,&#8220; rozpl\u00fdval se Samuel Layzell, sportovn\u00ed \u0159editel australsk\u00e9ho t\u00fdmu a pl\u00e1cal po z\u00e1dech \u010dty\u0159iadvacetilet\u00e9ho krajana Liama Walshe. &#8222;Vyhr\u00e1l jsem podruh\u00e9 z\u00e1vod v Evrop\u011b. Ale minul\u00fd rok \u0161lo o men\u0161\u00ed z\u00e1vod ve Francii. A je\u0161t\u011b nav\u00edc jednor\u00e1zovku. Czech Tour je \u00fapln\u011b jin\u00fd level,&#8220; p\u0159em\u00edtal po vyhl\u00e1\u0161en\u00ed na zapln\u011bn\u00e9m Masarykov\u011b n\u00e1m\u011bst\u00ed v Ostrav\u011b.<\/p>\n<h2><strong>Liam Walsh: Z\u00e1vod\u011bn\u00ed v Asii je chaotick\u00e9<\/strong><\/h2>\n<p>Kontinent\u00e1ln\u00ed t\u00fdm Ccache x Bodyrap vznikl v sezon\u011b 2023 na z\u00e1kladech klubu Oliver\u00b4s Real Food. B\u011bhem prvn\u00edho roku existence na mezin\u00e1rodn\u00edch z\u00e1vodech neslavil \u017e\u00e1dn\u00e9 v\u00edt\u011bzstv\u00ed. Na n\u00e1rodn\u00ed \u00farovni jedno. V dal\u0161\u00ed sezon\u011b John Carter zajistil triumfem v \u00favodn\u00ed etap\u011b Tour de Kumano v Japonsku prvn\u00ed v\u00edt\u011bzstv\u00ed za hranicemi Austr\u00e1lie. Na dom\u00e1c\u00edm \u00fazem\u00ed byl dominantn\u00ed a jeho jezdci brali \u010dtrn\u00e1ct prvenstv\u00ed.<\/p>\n<figure id=\"attachment_30638\" aria-describedby=\"caption-attachment-30638\" style=\"width: 1920px\" class=\"wp-caption alignnone\"><a href=\"https:\/\/d2p6e6u75xmxt8.cloudfront.net\/13\/2025\/08\/ROMANDIE-WOMEN1105161.webp\"><img loading=\"lazy\" decoding=\"async\" class=\"size-extra-large wp-image-30638\" src=\"https:\/\/d2p6e6u75xmxt8.cloudfront.net\/13\/2025\/08\/ROMANDIE-WOMEN1105161-1920x1279.webp\" alt=\"\" width=\"1920\" height=\"1279\" srcset=\"https:\/\/d2p6e6u75xmxt8.cloudfront.net\/13\/2025\/08\/ROMANDIE-WOMEN1105161-1920x1279.webp 1920w, https:\/\/d2p6e6u75xmxt8.cloudfront.net\/13\/2025\/08\/ROMANDIE-WOMEN1105161-300x200.webp 300w, https:\/\/d2p6e6u75xmxt8.cloudfront.net\/13\/2025\/08\/ROMANDIE-WOMEN1105161-1024x682.webp 1024w, https:\/\/d2p6e6u75xmxt8.cloudfront.net\/13\/2025\/08\/ROMANDIE-WOMEN1105161-768x512.webp 768w, https:\/\/d2p6e6u75xmxt8.cloudfront.net\/13\/2025\/08\/ROMANDIE-WOMEN1105161-1536x1023.webp 1536w, https:\/\/d2p6e6u75xmxt8.cloudfront.net\/13\/2025\/08\/ROMANDIE-WOMEN1105161-400x266.webp 400w, https:\/\/d2p6e6u75xmxt8.cloudfront.net\/13\/2025\/08\/ROMANDIE-WOMEN1105161-272x182.webp 272w, https:\/\/d2p6e6u75xmxt8.cloudfront.net\/13\/2025\/08\/ROMANDIE-WOMEN1105161.webp 2048w, https:\/\/d2p6e6u75xmxt8.cloudfront.net\/13\/2025\/08\/ROMANDIE-WOMEN1105161-1920x1279.webp 1920w\" sizes=\"auto, (max-width: 1920px) 100vw, 1920px\" \/><\/a><figcaption id=\"caption-attachment-30638\" class=\"wp-caption-text\"><em>Liam Walsh s \u010d\u00edslem 137 v pr\u016fb\u011bhu 3. etapy Czech Tour na chvostu pelotonu.<\/em><\/figcaption><\/figure>\n<p>P\u0159ed startem prob\u00edhaj\u00edc\u00ed sezony se australsk\u00e9mu t\u00fdmu poda\u0159ilo z\u00edskat \u010d\u00ednsk\u00e9ho sponzora. A tak\u00e9 velkou posilu, kdy\u017e z World Tour sestavy Bahrain Victorious p\u0159i\u0161el sedmadvacetilet\u00fd Cameron Scott. Pr\u00e1v\u011b ten zapsal letos v\u00edt\u011bzstv\u00ed p\u0159i t\u0159et\u00edm d\u011bjstv\u00ed etapov\u00e9ho kl\u00e1n\u00ed v Ji\u017en\u00ed Koreji. A Liam Walsh slavil tamt\u00e9\u017e triumfy ve \u010dtvrt\u00e9 a p\u00e1t\u00e9m d\u011bjstv\u00ed. Nav\u00edc byl nejrychlej\u0161\u00ed i v dojezdu sedm\u00e9 etapy Tour of Japan.<\/p>\n<div class=\"shortcode-ys-post-pinup\"><article class=\"loop-simple post-30593 post type-post status-publish format-standard has-post-thumbnail hentry category-silnicni-cyklistika tag-cyklistika tag-prestup tag-red-bull-bora-hansgrohe tag-remco-evenepoel tag-silnicni-cyklistika tag-soudal-quick-step tag-tadej-pogacar tag-tour-de-france tag-zdenek-stybar global-categories-cycling\" data-postid=\"30593\" role=\"article\" data-post-id=\"30593\" data-word-count=\"571\" data-headline-length=\"64\" data-category=\"Silni\u010dn\u00ed cyklistika\" data-global-category=\"Cycling\" data-author=\"We Love Cycling\" data-published=\"2025-08-13T13:22:32+02:00\" data-published-day=\"Wednesday\">\n    <div class=\"entry-thumbnail article-thumbnail\" content=\"https:\/\/d2p6e6u75xmxt8.cloudfront.net\/13\/2024\/07\/1800-x-1200-velky-150x150.webp\"><a href=\"https:\/\/www.welovecycling.com\/cs\/2025\/08\/13\/remco-evenepoel-neporazi-pogacara-ani-po-prestupu-k-red-bullu\/\" class=\"image-holder\" target=\"_self\"><img decoding=\"async\" loading=\"lazy\" class=\"\" src=\"https:\/\/d2p6e6u75xmxt8.cloudfront.net\/13\/2024\/07\/1800-x-1200-velky-1024x683.webp\" srcset=\"https:\/\/d2p6e6u75xmxt8.cloudfront.net\/13\/2024\/07\/1800-x-1200-velky.webp 1800w, https:\/\/d2p6e6u75xmxt8.cloudfront.net\/13\/2024\/07\/1800-x-1200-velky-300x200.webp 300w, https:\/\/d2p6e6u75xmxt8.cloudfront.net\/13\/2024\/07\/1800-x-1200-velky-1024x683.webp 1024w, https:\/\/d2p6e6u75xmxt8.cloudfront.net\/13\/2024\/07\/1800-x-1200-velky-768x512.webp 768w, https:\/\/d2p6e6u75xmxt8.cloudfront.net\/13\/2024\/07\/1800-x-1200-velky-1536x1024.webp 1536w, https:\/\/d2p6e6u75xmxt8.cloudfront.net\/13\/2024\/07\/1800-x-1200-velky-400x267.webp 400w, https:\/\/d2p6e6u75xmxt8.cloudfront.net\/13\/2024\/07\/1800-x-1200-velky-272x182.webp 272w\" width=\"1024\" height=\"683\" sizes=\"auto, (min-width: 1200px) 300px, (min-width: 768px) 25vw, 100vw\" alt=\"remco-evenepoel-neporazi-pogacara-ani-po-prestupu-k-red-bullu\"\/><\/a><\/div>    <div class=\"entry-meta\">\n        <a class=\"label label-secondary post-category\" href=\"https:\/\/www.welovecycling.com\/cs\/category\/silnicni-cyklistika\/\" title=\"Silni\u010dn\u00ed cyklistika\">Silni\u010dn\u00ed cyklistika<\/a>\n    <\/div>\n    <div class=\"entry-details\">\n        <a href=\"https:\/\/www.welovecycling.com\/cs\/2025\/08\/13\/remco-evenepoel-neporazi-pogacara-ani-po-prestupu-k-red-bullu\/\" class='entry-title-wrapper'>\n            <h3 class=\"entry-title\"><span>Remco Evenepoel neporaz\u00ed Poga\u010dara ani po p\u0159estupu k Red Bullu<\/span><\/h3>\n        <\/a>\n    <\/div>\n    <\/article>\n<\/div>\n<p>&#8222;Jezd\u00edme hodn\u011b v Asii a Pacifiku. A to je \u00fapln\u011b odli\u0161n\u00fd styl z\u00e1vod\u011bn\u00ed. Rozhodn\u011b bych ne\u0159ekl, \u017ee je to v \u010c\u00edn\u011b, Japonsku nebo t\u0159eba Ji\u017en\u00ed Koreji snadn\u011bj\u0161\u00ed. Od startu do c\u00edle jsou tam z\u00e1vody velice chaotick\u00e9. Neexistuje, \u017ee by n\u011bkter\u00fd z t\u00fdm\u016f byl stejn\u011b dominantn\u00ed jako t\u0159eba Soudal Quick Step p\u0159i Czech Tour,&#8220; p\u0159em\u00edtal \u010dty\u0159iadvacetilet\u00fd australsk\u00fd z\u00e1vodn\u00edk. &#8222;Ale dojezdy sprintersk\u00fdch etap jsou podobn\u00e9 jako v Evrop\u011b. Jde prost\u011b o instinkt,&#8220; usm\u00e1l se Liam Walsh. A ten ho v Ostrav\u011b nezklamal. &#8222;V\u011bd\u011bl jsem, \u017ee moje \u0161ance p\u0159i Czech Tour jsou v prvn\u00ed a t\u0159et\u00ed etap\u011b. Tak\u017ee \u0161lo o posledn\u00ed p\u0159\u00edle\u017eitost. Na\u0161el jsem si zadn\u00ed kolo Lampertiho, ide\u00e1ln\u011b v\u0161e na\u010dasoval a m\u011bl skv\u011bl\u00e9 nohy.&#8220;<\/p>\n<figure id=\"attachment_30639\" aria-describedby=\"caption-attachment-30639\" style=\"width: 1920px\" class=\"wp-caption alignnone\"><a href=\"https:\/\/d2p6e6u75xmxt8.cloudfront.net\/13\/2025\/08\/CZECH-TOUR1105259.webp\"><img loading=\"lazy\" decoding=\"async\" class=\"size-extra-large wp-image-30639\" src=\"https:\/\/d2p6e6u75xmxt8.cloudfront.net\/13\/2025\/08\/CZECH-TOUR1105259-1920x1283.webp\" alt=\"\" width=\"1920\" height=\"1283\" srcset=\"https:\/\/d2p6e6u75xmxt8.cloudfront.net\/13\/2025\/08\/CZECH-TOUR1105259-1920x1283.webp 1920w, https:\/\/d2p6e6u75xmxt8.cloudfront.net\/13\/2025\/08\/CZECH-TOUR1105259-300x200.webp 300w, https:\/\/d2p6e6u75xmxt8.cloudfront.net\/13\/2025\/08\/CZECH-TOUR1105259-1024x684.webp 1024w, https:\/\/d2p6e6u75xmxt8.cloudfront.net\/13\/2025\/08\/CZECH-TOUR1105259-768x513.webp 768w, https:\/\/d2p6e6u75xmxt8.cloudfront.net\/13\/2025\/08\/CZECH-TOUR1105259-1536x1026.webp 1536w, https:\/\/d2p6e6u75xmxt8.cloudfront.net\/13\/2025\/08\/CZECH-TOUR1105259-400x267.webp 400w, https:\/\/d2p6e6u75xmxt8.cloudfront.net\/13\/2025\/08\/CZECH-TOUR1105259-272x182.webp 272w, https:\/\/d2p6e6u75xmxt8.cloudfront.net\/13\/2025\/08\/CZECH-TOUR1105259.webp 2048w, https:\/\/d2p6e6u75xmxt8.cloudfront.net\/13\/2025\/08\/CZECH-TOUR1105259-1920x1283.webp 1920w\" sizes=\"auto, (max-width: 1920px) 100vw, 1920px\" \/><\/a><figcaption id=\"caption-attachment-30639\" class=\"wp-caption-text\"><em>Liam Walsh slav\u00ed triumf v 3. etap\u011b Czech Tour 2025.<\/em><\/figcaption><\/figure>\n<p>Pro pr\u016fjezdu c\u00edlem v zajet\u00ed \u0161\u0165astn\u00fdch par\u0165\u00e1k\u016f vypadal s\u00e1m tro\u0161ku p\u0159ekvapen\u011b, \u017ee porazil velk\u00e1 spurtersk\u00e1 esa t\u00fdm\u016f z World Tour v \u010dele s Lukem Lampertim ze Soudal Quick Step \u010di borce formac\u00ed jako je Visma Lease a Bike, Equipo Kern Pharma i dal\u0161\u00edch. &#8222;S takov\u00fdmi nem\u00e1me norm\u00e1ln\u011b \u0161anci se pom\u011b\u0159it, tak\u017ee v\u00edt\u011bzstv\u00ed p\u0159edstavuje skute\u010dn\u011b obrovsk\u00fdch \u00fasp\u011bch. T\u0159eba etap\u00e1k v \u010c\u00edn\u011b pat\u0159\u00ed do vy\u0161\u0161\u00ed kategorie UCI, ale obsazen\u00ed zdaleka nebylo tak kvalitn\u00ed,&#8220; vyzdvihl Liam Walsh ostravsk\u00fd \u00fasp\u011bch. &#8222;Hodn\u011b presti\u017en\u00ed triumf, co n\u00e1s snad zviditeln\u00ed na cyklistick\u00e9 map\u011b,&#8220; p\u0159itakal Samuel Layzell.<\/p>\n<div class=\"shortcode-ys-post-pinup\"><article class=\"loop-simple post-30508 post type-post status-publish format-standard has-post-thumbnail hentry category-tour-de-france tag-cyklistika tag-doping tag-silnicni-cyklistika tag-tadej-pogacar tag-tour-de-france tag-zakazane-latky tag-zdravi-a-trenink global-categories-cycling\" data-postid=\"30508\" role=\"article\" data-post-id=\"30508\" data-word-count=\"559\" data-headline-length=\"54\" data-category=\"Tour de France\" data-global-category=\"Cycling\" data-author=\"Radek Malina\" data-published=\"2025-08-11T05:00:26+02:00\" data-published-day=\"Monday\">\n    <div class=\"entry-thumbnail article-thumbnail\" content=\"https:\/\/d2p6e6u75xmxt8.cloudfront.net\/13\/2025\/07\/profimedia-1022878062-150x150.webp\"><a href=\"https:\/\/www.welovecycling.com\/cs\/2025\/08\/11\/tadej-pogacar-o-dopingu-neexistuje-zadna-duvera\/\" class=\"image-holder\" target=\"_self\"><img decoding=\"async\" loading=\"lazy\" class=\"\" src=\"https:\/\/d2p6e6u75xmxt8.cloudfront.net\/13\/2025\/07\/profimedia-1022878062-1024x683.webp\" srcset=\"https:\/\/d2p6e6u75xmxt8.cloudfront.net\/13\/2025\/07\/profimedia-1022878062.webp 1800w, https:\/\/d2p6e6u75xmxt8.cloudfront.net\/13\/2025\/07\/profimedia-1022878062-300x200.webp 300w, https:\/\/d2p6e6u75xmxt8.cloudfront.net\/13\/2025\/07\/profimedia-1022878062-1024x683.webp 1024w, https:\/\/d2p6e6u75xmxt8.cloudfront.net\/13\/2025\/07\/profimedia-1022878062-768x512.webp 768w, https:\/\/d2p6e6u75xmxt8.cloudfront.net\/13\/2025\/07\/profimedia-1022878062-1536x1024.webp 1536w, https:\/\/d2p6e6u75xmxt8.cloudfront.net\/13\/2025\/07\/profimedia-1022878062-400x267.webp 400w, https:\/\/d2p6e6u75xmxt8.cloudfront.net\/13\/2025\/07\/profimedia-1022878062-272x182.webp 272w\" width=\"1024\" height=\"683\" sizes=\"auto, (min-width: 1200px) 300px, (min-width: 768px) 25vw, 100vw\" alt=\"tadej-pogacar-o-dopingu-neexistuje-zadna-duvera\"\/><\/a><\/div>    <div class=\"entry-meta\">\n        <a class=\"label label-secondary post-category\" href=\"https:\/\/www.welovecycling.com\/cs\/category\/tour-de-france\/\" title=\"Tour de France\">Tour de France<\/a>\n    <\/div>\n    <div class=\"entry-details\">\n        <a href=\"https:\/\/www.welovecycling.com\/cs\/2025\/08\/11\/tadej-pogacar-o-dopingu-neexistuje-zadna-duvera\/\" class='entry-title-wrapper'>\n            <h3 class=\"entry-title\"><span>Tadej Poga\u010dar o dopingu: Neexistuje \u017e\u00e1dn\u00e1 d\u016fv\u011bra<\/span><\/h3>\n        <\/a>\n    <\/div>\n    <\/article>\n<\/div>\n<p>&#8222;M\u00e1me na Czech Tour t\u0159i kluky, kte\u0159\u00ed jsou poprv\u00e9 v Evrop\u011b. Jde pro n\u011b o obrovskou zku\u0161enost. A kdy\u017e je\u0161t\u011b vid\u00ed, \u017ee lze usp\u011bt v konkurenci t\u00fdm\u016f World Tour, z\u00edsk\u00e1vaj\u00ed sebev\u011bdom\u00ed a odhodl\u00e1n\u00ed do dal\u0161\u00ed pr\u00e1ce,&#8220; p\u0159em\u00edtal Samuel Layzell. &#8222;M\u016f\u017eete b\u00fdt nejlep\u0161\u00ed v Austr\u00e1lii, v Asii nebo v Pacifiku. Ale z\u00e1vody v Evrop\u011b jsou jin\u00e9. Pro n\u00e1s je slo\u017eit\u00e9 se na n\u011b dostat. Ale triumf, kter\u00fd pro n\u00e1s zajistil Liam Walsh, m\u016f\u017ee b\u00fdt zlomem. Snad se n\u00e1m \u00fasp\u011bch otev\u0159e dve\u0159e k dal\u0161\u00edm start\u016fm na evropsk\u00e9m kontinentu. Pot\u0159ebovali bychom ud\u011blat v\u011bt\u0161\u00ed z\u00e1vodn\u00ed blok v Evrop\u011b, aby se kluci m\u011b\u0159ili s t\u011bmi nejlep\u0161\u00edmi \u010dast\u011bji. Jen tak se posuneme d\u00e1l,&#8220; neskr\u00fdval sportovn\u00ed \u0159editel sestavy Ccache Bodywrap, kter\u00e1 cestou k z\u00e1vodu musela p\u0159ekonat \u0161estn\u00e1ct tis\u00edc kilometr\u016f.<\/p>\n<h2><strong>Doufali v top deset, triumf je \u00falet<\/strong><\/h2>\n<p>Liam Walsh, respektive jeho \u00fasp\u011bch, jej dojal. &#8222;Up\u0159\u00edmn\u011b, pro n\u00e1s byl realistick\u00fd c\u00edl top deset v n\u011bkter\u00e9 z etap a elitn\u00ed t\u0159ic\u00edtka v celkov\u00e9m po\u0159ad\u00ed. Kdyby se poda\u0159ilo dojet v n\u011bkter\u00e9m d\u011bjstv\u00ed mezi p\u011bti nejrychlej\u0161\u00edmi, \u0161lo by o sen. Ale v\u00edt\u011bzstv\u00ed, to je \u00falet,&#8220; sm\u00e1l se Samuel Layzell.<\/p>\n<p><a href=\"https:\/\/d2p6e6u75xmxt8.cloudfront.net\/13\/2025\/08\/CZECH-TOUR1105263.webp\"><img loading=\"lazy\" decoding=\"async\" class=\"alignnone size-extra-large wp-image-30640\" src=\"https:\/\/d2p6e6u75xmxt8.cloudfront.net\/13\/2025\/08\/CZECH-TOUR1105263-1920x1279.webp\" alt=\"\" width=\"1920\" height=\"1279\" srcset=\"https:\/\/d2p6e6u75xmxt8.cloudfront.net\/13\/2025\/08\/CZECH-TOUR1105263-1920x1279.webp 1920w, https:\/\/d2p6e6u75xmxt8.cloudfront.net\/13\/2025\/08\/CZECH-TOUR1105263-300x200.webp 300w, https:\/\/d2p6e6u75xmxt8.cloudfront.net\/13\/2025\/08\/CZECH-TOUR1105263-1024x682.webp 1024w, https:\/\/d2p6e6u75xmxt8.cloudfront.net\/13\/2025\/08\/CZECH-TOUR1105263-768x512.webp 768w, https:\/\/d2p6e6u75xmxt8.cloudfront.net\/13\/2025\/08\/CZECH-TOUR1105263-1536x1023.webp 1536w, https:\/\/d2p6e6u75xmxt8.cloudfront.net\/13\/2025\/08\/CZECH-TOUR1105263-400x266.webp 400w, https:\/\/d2p6e6u75xmxt8.cloudfront.net\/13\/2025\/08\/CZECH-TOUR1105263-272x182.webp 272w, https:\/\/d2p6e6u75xmxt8.cloudfront.net\/13\/2025\/08\/CZECH-TOUR1105263.webp 2048w, https:\/\/d2p6e6u75xmxt8.cloudfront.net\/13\/2025\/08\/CZECH-TOUR1105263-1920x1279.webp 1920w\" sizes=\"auto, (max-width: 1920px) 100vw, 1920px\" \/><\/a><\/p>\n<p>&#8222;M\u00e1me t\u00fdm Jayco ve World Tour. Ale pak n\u00e1sleduje obrovsk\u00e1 propast. Je sice \u0159ada australsk\u00fdch cyklist\u016f v t\u00fdmech World Tour \u010di UCI Pro, ale v\u011bt\u0161inou se na vrchol dostanou individu\u00e1ln\u00ed cesti\u010dkou. V Austr\u00e1lii jede kriket, rugby a pozemn\u00ed hokej. Zajistit cyklistiku je slo\u017eit\u00e9,&#8220; kr\u010dil rameny mu\u017e, co \u0161\u00e9fuje australsk\u00e9 sestav\u011b na Czech Tour.<\/p>\n<p>V jeho t\u00fdmu Ccache x Bodywrap je z osmn\u00e1cti cyklist\u016f drtiv\u00e1 v\u011bt\u0161ina poloprofesion\u00e1l\u016f, kte\u0159\u00ed v nez\u00e1vodn\u00edm re\u017eimu p\u0159ed tr\u00e9ninkem \u010di po n\u011bm pracuj\u00ed. &#8222;T\u00fdm zaji\u0161\u0165uje materi\u00e1l, plat\u00ed cesty a d\u00e1v\u00e1 z\u00e1vodn\u00ed p\u0159\u00edle\u017eitosti. Chceme se rozv\u00edjet a posouvat australsk\u00e9 cyklisty, ale pot\u0159ebuje \u010das. A zku\u0161enosti z Evropy,&#8220; nezast\u00edral sportovn\u00ed \u0159editel australsk\u00e9ho t\u00fdmu, \u017ee jeho dru\u017eina je teprve na za\u010d\u00e1tku dlouh\u00e9 cesty.<\/p>\n<div class=\"shortcode-ys-post-pinup\"><article class=\"loop-simple post-30483 post type-post status-publish format-standard has-post-thumbnail hentry category-zdravi-a-trenink tag-cyklistika tag-horska-cyklistika tag-potak tag-silnicni-cyklistika tag-spodni-vrstva tag-trenink global-categories-cycling\" data-postid=\"30483\" role=\"article\" data-post-id=\"30483\" data-word-count=\"385\" data-headline-length=\"44\" data-category=\"Zdrav\u00ed a tr\u00e9nink\" data-global-category=\"Cycling\" data-author=\"We Love Cycling\" data-published=\"2025-08-06T15:07:17+02:00\" data-published-day=\"Wednesday\">\n    <div class=\"entry-thumbnail article-thumbnail\" content=\"https:\/\/d2p6e6u75xmxt8.cloudfront.net\/13\/2025\/08\/20250713TDF1105-150x150.webp\"><a href=\"https:\/\/www.welovecycling.com\/cs\/2025\/08\/06\/potak-je-treba-pouzivat-ho-i-v-lete\/\" class=\"image-holder\" target=\"_self\"><img decoding=\"async\" loading=\"lazy\" class=\"\" src=\"https:\/\/d2p6e6u75xmxt8.cloudfront.net\/13\/2025\/08\/20250713TDF1105-1024x683.webp\" srcset=\"https:\/\/d2p6e6u75xmxt8.cloudfront.net\/13\/2025\/08\/20250713TDF1105-scaled.webp 2560w, https:\/\/d2p6e6u75xmxt8.cloudfront.net\/13\/2025\/08\/20250713TDF1105-300x200.webp 300w, https:\/\/d2p6e6u75xmxt8.cloudfront.net\/13\/2025\/08\/20250713TDF1105-1024x683.webp 1024w, https:\/\/d2p6e6u75xmxt8.cloudfront.net\/13\/2025\/08\/20250713TDF1105-768x512.webp 768w, https:\/\/d2p6e6u75xmxt8.cloudfront.net\/13\/2025\/08\/20250713TDF1105-1536x1024.webp 1536w, https:\/\/d2p6e6u75xmxt8.cloudfront.net\/13\/2025\/08\/20250713TDF1105-2048x1365.webp 2048w, https:\/\/d2p6e6u75xmxt8.cloudfront.net\/13\/2025\/08\/20250713TDF1105-1920x1280.webp 1920w, https:\/\/d2p6e6u75xmxt8.cloudfront.net\/13\/2025\/08\/20250713TDF1105-400x267.webp 400w, https:\/\/d2p6e6u75xmxt8.cloudfront.net\/13\/2025\/08\/20250713TDF1105-272x182.webp 272w, https:\/\/d2p6e6u75xmxt8.cloudfront.net\/13\/2025\/08\/20250713TDF1105-1920x1280.webp 1920w\" width=\"1024\" height=\"683\" sizes=\"auto, (min-width: 1200px) 300px, (min-width: 768px) 25vw, 100vw\" alt=\"potak-je-treba-pouzivat-ho-i-v-lete\"\/><\/a><\/div>    <div class=\"entry-meta\">\n        <a class=\"label label-secondary post-category\" href=\"https:\/\/www.welovecycling.com\/cs\/category\/zdravi-a-trenink\/\" title=\"Zdrav\u00ed a tr\u00e9nink\">Zdrav\u00ed a tr\u00e9nink<\/a>\n    <\/div>\n    <div class=\"entry-details\">\n        <a href=\"https:\/\/www.welovecycling.com\/cs\/2025\/08\/06\/potak-je-treba-pouzivat-ho-i-v-lete\/\" class='entry-title-wrapper'>\n            <h3 class=\"entry-title\"><span>Po\u0165\u00e1k. Je t\u0159eba pou\u017e\u00edvat ho i v l\u00e9t\u011b?<\/span><\/h3>\n        <\/a>\n    <\/div>\n    <\/article>\n<\/div>\n<p>&#8222;Jednou bych cht\u011bl jezdit velk\u00e9 z\u00e1vody. A Czech Tour mi ur\u010dit\u011b m\u016f\u017ee pomoci ke zviditeln\u011bn\u00ed. Ale te\u010f mysl\u00edm hlavn\u011b na \u00fasp\u011bch t\u00fdmu, pro kter\u00fd je v\u00edt\u011bzstv\u00ed velkou v\u011bc\u00ed,&#8220; p\u0159itak\u00e1val Liam Walsh. &#8222;Jenom potvrzuje, jak\u00e1 atmosf\u00e9ra v t\u00fdmu panuje. V\u0161ichni se podporuj\u00ed, povzbuzuj\u00ed. Jsou tro\u0161ku jako mu\u0161ket\u00fd\u0159i. V prvn\u00ed etap\u011b jsme p\u0159i\u0161li o Martina Kapra, kter\u00fd se v obrovsk\u00e9m vedru doslova uva\u0159il. Ale je d\u00e1l s t\u00fdmem a pro\u017e\u00edv\u00e1 ka\u017ed\u00fd den. Stejn\u011b jako v\u0161ichni \u010dlenov\u00e9 t\u00fdmu,&#8220; pouk\u00e1zal na p\u0159\u00edklad syna \u010desk\u00fdch rodi\u010d\u016f, co bojuje v australsk\u00fdch barv\u00e1ch u\u017e druh\u00fdm rokem. A stejn\u011b jako ostatn\u00ed douf\u00e1, \u017ee jednou t\u0159eba bude cyklistika jeho stoprocentn\u00edm \u017eivobyt\u00edm. &#8222;Sm\u011b\u0159ujeme k tomu. A triumf na Czech Tour n\u00e1m ur\u010dit\u011b pom\u016f\u017ee,&#8220; doufal sportovn\u00ed \u0159editel Ccache x Bodywrap.<\/p>\n","protected":false},"excerpt":{"rendered":"<p>Triumf\u00e1ln\u011b vyst\u0159elil ruce k nebes\u016fm a v euforii \u0159val, \u017ee t\u00e9m\u011b\u0159 p\u0159ehlu\u0161il moder\u00e1tora. Tak obrovskou radost m\u011bl Liam Walsh, kdy\u017e [&hellip;]<\/p>\n","protected":false},"author":138,"featured_media":30641,"comment_status":"open","ping_status":"open","sticky":false,"template":"","format":"standard","meta":{"footnotes":""},"categories":[10],"tags":[126,4185,4339,4335,9],"global-categories":[411],"class_list":["post-30637","post","type-post","status-publish","format-standard","has-post-thumbnail","hentry","category-silnicni-cyklistika","tag-cyklistika","tag-czech-tour-2025","tag-liam-walsh","tag-luke-lamperti","tag-silnicni-cyklistika","global-categories-cycling"],"yoast_head":"<!-- This site is optimized with the Yoast SEO Premium plugin v25.3 (Yoast SEO v25.9) - https:\/\/yoast.com\/wordpress\/plugins\/seo\/ -->\n<title>Klokan let\u011bl \u0161estn\u00e1ct tis\u00edc kilometr\u016f pro \u017eivotn\u00ed \u00fasp\u011bch | \u0160koda We Love Cycling - \u010cesk\u00e1 republika<\/title>\n<meta name=\"description\" content=\"Triumf\u00e1ln\u011b vyst\u0159elil ruce k nebes\u016fm a v euforii \u0159val, \u017ee t\u00e9m\u011b\u0159 p\u0159ehlu\u0161il moder\u00e1tora. Tak obrovskou radost m\u011bl Liam Walsh, kdy\u017e ovl\u00e1dl t\u0159et\u00ed etapu Czech Tour. Pro z\u00e1vodn\u00edka t\u00fdmu Ccache x Bodywrap \u0161lo o \u017eivotn\u00ed v\u00edt\u011bzstv\u00ed. Pro jeho australskou formaci zase o nejv\u011bt\u0161\u00ed triumf v kr\u00e1tk\u00e9 historii. &quot;M\u016f\u017ee to zm\u011bnit pohled na n\u00e1\u0161 t\u00fdm,&quot; v\u011b\u0159\u00ed Samuel Layzell, sportovn\u00ed \u0159editel formace ze zem\u011b klokan\u016f.\" \/>\n<meta name=\"robots\" content=\"index, follow, max-snippet:-1, max-image-preview:large, max-video-preview:-1\" \/>\n<link rel=\"canonical\" href=\"https:\/\/www.welovecycling.com\/cs\/2025\/08\/16\/klokan-letel-sestnact-tisic-kilometru-pro-zivotni-uspech\/\" \/>\n<meta property=\"og:locale\" content=\"cs_CZ\" \/>\n<meta property=\"og:type\" content=\"article\" \/>\n<meta property=\"og:title\" content=\"Klokan let\u011bl \u0161estn\u00e1ct tis\u00edc kilometr\u016f pro \u017eivotn\u00ed \u00fasp\u011bch\" \/>\n<meta property=\"og:description\" content=\"Triumf\u00e1ln\u011b vyst\u0159elil ruce k nebes\u016fm a v euforii \u0159val, \u017ee t\u00e9m\u011b\u0159 p\u0159ehlu\u0161il moder\u00e1tora. Tak obrovskou radost m\u011bl Liam Walsh, kdy\u017e ovl\u00e1dl t\u0159et\u00ed etapu Czech Tour. Pro z\u00e1vodn\u00edka t\u00fdmu Ccache x Bodywrap \u0161lo o \u017eivotn\u00ed v\u00edt\u011bzstv\u00ed. Pro jeho australskou formaci zase o nejv\u011bt\u0161\u00ed triumf v kr\u00e1tk\u00e9 historii. &quot;M\u016f\u017ee to zm\u011bnit pohled na n\u00e1\u0161 t\u00fdm,&quot; v\u011b\u0159\u00ed Samuel Layzell, sportovn\u00ed \u0159editel formace ze zem\u011b klokan\u016f.\" \/>\n<meta property=\"og:url\" content=\"https:\/\/www.welovecycling.com\/cs\/2025\/08\/16\/klokan-letel-sestnact-tisic-kilometru-pro-zivotni-uspech\/\" \/>\n<meta property=\"og:site_name\" content=\"\u0160koda We Love Cycling - \u010cesk\u00e1 republika\" \/>\n<meta property=\"article:published_time\" content=\"2025-08-16T18:32:44+00:00\" \/>\n<meta property=\"og:image\" content=\"https:\/\/d2p6e6u75xmxt8.cloudfront.net\/13\/2025\/08\/CZECH-TOUR1105264.webp\" \/>\n\t<meta property=\"og:image:width\" content=\"2048\" \/>\n\t<meta property=\"og:image:height\" content=\"1364\" \/>\n\t<meta property=\"og:image:type\" content=\"image\/webp\" \/>\n<meta name=\"author\" content=\"radekmalina\" \/>\n<meta name=\"twitter:card\" content=\"summary_large_image\" \/>\n<meta name=\"twitter:label1\" content=\"Written by\" \/>\n\t<meta name=\"twitter:data1\" content=\"We Love Cycling\" \/>\n\t<meta name=\"twitter:label2\" content=\"Est. reading time\" \/>\n\t<meta name=\"twitter:data2\" content=\"5\" \/>\n<script type=\"application\/ld+json\" class=\"yoast-schema-graph\">{\"@context\":\"https:\/\/schema.org\",\"@graph\":[{\"@type\":\"WebPage\",\"@id\":\"https:\/\/www.welovecycling.com\/cs\/2025\/08\/16\/klokan-letel-sestnact-tisic-kilometru-pro-zivotni-uspech\/\",\"url\":\"https:\/\/www.welovecycling.com\/cs\/2025\/08\/16\/klokan-letel-sestnact-tisic-kilometru-pro-zivotni-uspech\/\",\"name\":\"Klokan let\u011bl \u0161estn\u00e1ct tis\u00edc kilometr\u016f pro \u017eivotn\u00ed \u00fasp\u011bch | \u0160koda We Love Cycling - \u010cesk\u00e1 republika\",\"isPartOf\":{\"@id\":\"https:\/\/www.welovecycling.com\/cs\/#website\"},\"primaryImageOfPage\":{\"@id\":\"https:\/\/www.welovecycling.com\/cs\/2025\/08\/16\/klokan-letel-sestnact-tisic-kilometru-pro-zivotni-uspech\/#primaryimage\"},\"image\":{\"@id\":\"https:\/\/www.welovecycling.com\/cs\/2025\/08\/16\/klokan-letel-sestnact-tisic-kilometru-pro-zivotni-uspech\/#primaryimage\"},\"thumbnailUrl\":\"https:\/\/d2p6e6u75xmxt8.cloudfront.net\/13\/2025\/08\/CZECH-TOUR1105264.webp\",\"datePublished\":\"2025-08-16T18:32:44+00:00\",\"author\":{\"@id\":\"https:\/\/www.welovecycling.com\/cs\/#\/schema\/person\/d9eeb0a378f3a7e4a6d12d2b536b04b8\"},\"description\":\"Triumf\u00e1ln\u011b vyst\u0159elil ruce k nebes\u016fm a v euforii \u0159val, \u017ee t\u00e9m\u011b\u0159 p\u0159ehlu\u0161il moder\u00e1tora. Tak obrovskou radost m\u011bl Liam Walsh, kdy\u017e ovl\u00e1dl t\u0159et\u00ed etapu Czech Tour. Pro z\u00e1vodn\u00edka t\u00fdmu Ccache x Bodywrap \u0161lo o \u017eivotn\u00ed v\u00edt\u011bzstv\u00ed. Pro jeho australskou formaci zase o nejv\u011bt\u0161\u00ed triumf v kr\u00e1tk\u00e9 historii. \\\"M\u016f\u017ee to zm\u011bnit pohled na n\u00e1\u0161 t\u00fdm,\\\" v\u011b\u0159\u00ed Samuel Layzell, sportovn\u00ed \u0159editel formace ze zem\u011b klokan\u016f.\",\"inLanguage\":\"cs\",\"potentialAction\":[{\"@type\":\"ReadAction\",\"target\":[\"https:\/\/www.welovecycling.com\/cs\/2025\/08\/16\/klokan-letel-sestnact-tisic-kilometru-pro-zivotni-uspech\/\"]}]},{\"@type\":\"ImageObject\",\"inLanguage\":\"cs\",\"@id\":\"https:\/\/www.welovecycling.com\/cs\/2025\/08\/16\/klokan-letel-sestnact-tisic-kilometru-pro-zivotni-uspech\/#primaryimage\",\"url\":\"https:\/\/d2p6e6u75xmxt8.cloudfront.net\/13\/2025\/08\/CZECH-TOUR1105264.webp\",\"contentUrl\":\"https:\/\/d2p6e6u75xmxt8.cloudfront.net\/13\/2025\/08\/CZECH-TOUR1105264.webp\",\"width\":2048,\"height\":1364,\"caption\":\"Liam Walsh\"},{\"@type\":\"WebSite\",\"@id\":\"https:\/\/www.welovecycling.com\/cs\/#website\",\"url\":\"https:\/\/www.welovecycling.com\/cs\/\",\"name\":\"\u0160koda We Love Cycling - \u010cesk\u00e1 republika\",\"description\":\"WeLoveCycling.cz je online magaz\u00edn, kter\u00fd v\u00e1m pravideln\u011b p\u0159in\u00e1\u0161\u00ed rady a tipy, zaj\u00edmav\u00e9 \u010dl\u00e1nky, videa a jedine\u010dn\u00e9 report\u00e1\u017ee ze sv\u011bta cyklistiky.\",\"potentialAction\":[{\"@type\":\"SearchAction\",\"target\":{\"@type\":\"EntryPoint\",\"urlTemplate\":\"https:\/\/www.welovecycling.com\/cs\/?s={search_term_string}\"},\"query-input\":{\"@type\":\"PropertyValueSpecification\",\"valueRequired\":true,\"valueName\":\"search_term_string\"}}],\"inLanguage\":\"cs\"},{\"@type\":\"Person\",\"@id\":\"https:\/\/www.welovecycling.com\/cs\/#\/schema\/person\/d9eeb0a378f3a7e4a6d12d2b536b04b8\",\"name\":\"radekmalina\",\"image\":{\"@type\":\"ImageObject\",\"inLanguage\":\"cs\",\"@id\":\"https:\/\/www.welovecycling.com\/cs\/#\/schema\/person\/image\/\",\"url\":\"https:\/\/secure.gravatar.com\/avatar\/66994b632cb8c39a46b9f54afa3ae07201b678d32a54275b6f1c9ffec356bfc0?s=96&d=mm&r=g\",\"contentUrl\":\"https:\/\/secure.gravatar.com\/avatar\/66994b632cb8c39a46b9f54afa3ae07201b678d32a54275b6f1c9ffec356bfc0?s=96&d=mm&r=g\",\"caption\":\"radekmalina\"},\"url\":\"https:\/\/www.welovecycling.com\/cs\/author\/radekmalina\/\"}]}<\/script>\n<!-- \/ Yoast SEO Premium plugin. -->","yoast_head_json":{"title":"Klokan let\u011bl \u0161estn\u00e1ct tis\u00edc kilometr\u016f pro \u017eivotn\u00ed \u00fasp\u011bch | \u0160koda We Love Cycling - \u010cesk\u00e1 republika","description":"Triumf\u00e1ln\u011b vyst\u0159elil ruce k nebes\u016fm a v euforii \u0159val, \u017ee t\u00e9m\u011b\u0159 p\u0159ehlu\u0161il moder\u00e1tora. Tak obrovskou radost m\u011bl Liam Walsh, kdy\u017e ovl\u00e1dl t\u0159et\u00ed etapu Czech Tour. Pro z\u00e1vodn\u00edka t\u00fdmu Ccache x Bodywrap \u0161lo o \u017eivotn\u00ed v\u00edt\u011bzstv\u00ed. Pro jeho australskou formaci zase o nejv\u011bt\u0161\u00ed triumf v kr\u00e1tk\u00e9 historii. \"M\u016f\u017ee to zm\u011bnit pohled na n\u00e1\u0161 t\u00fdm,\" v\u011b\u0159\u00ed Samuel Layzell, sportovn\u00ed \u0159editel formace ze zem\u011b klokan\u016f.","robots":{"index":"index","follow":"follow","max-snippet":"max-snippet:-1","max-image-preview":"max-image-preview:large","max-video-preview":"max-video-preview:-1"},"canonical":"https:\/\/www.welovecycling.com\/cs\/2025\/08\/16\/klokan-letel-sestnact-tisic-kilometru-pro-zivotni-uspech\/","og_locale":"cs_CZ","og_type":"article","og_title":"Klokan let\u011bl \u0161estn\u00e1ct tis\u00edc kilometr\u016f pro \u017eivotn\u00ed \u00fasp\u011bch","og_description":"Triumf\u00e1ln\u011b vyst\u0159elil ruce k nebes\u016fm a v euforii \u0159val, \u017ee t\u00e9m\u011b\u0159 p\u0159ehlu\u0161il moder\u00e1tora. Tak obrovskou radost m\u011bl Liam Walsh, kdy\u017e ovl\u00e1dl t\u0159et\u00ed etapu Czech Tour. Pro z\u00e1vodn\u00edka t\u00fdmu Ccache x Bodywrap \u0161lo o \u017eivotn\u00ed v\u00edt\u011bzstv\u00ed. Pro jeho australskou formaci zase o nejv\u011bt\u0161\u00ed triumf v kr\u00e1tk\u00e9 historii. \"M\u016f\u017ee to zm\u011bnit pohled na n\u00e1\u0161 t\u00fdm,\" v\u011b\u0159\u00ed Samuel Layzell, sportovn\u00ed \u0159editel formace ze zem\u011b klokan\u016f.","og_url":"https:\/\/www.welovecycling.com\/cs\/2025\/08\/16\/klokan-letel-sestnact-tisic-kilometru-pro-zivotni-uspech\/","og_site_name":"\u0160koda We Love Cycling - \u010cesk\u00e1 republika","article_published_time":"2025-08-16T18:32:44+00:00","og_image":[{"width":2048,"height":1364,"url":"https:\/\/d2p6e6u75xmxt8.cloudfront.net\/13\/2025\/08\/CZECH-TOUR1105264.webp","type":"image\/webp"}],"author":"radekmalina","twitter_card":"summary_large_image","twitter_misc":{"Written by":"We Love Cycling","Est. reading time":"5"},"schema":{"@context":"https:\/\/schema.org","@graph":[{"@type":"WebPage","@id":"https:\/\/www.welovecycling.com\/cs\/2025\/08\/16\/klokan-letel-sestnact-tisic-kilometru-pro-zivotni-uspech\/","url":"https:\/\/www.welovecycling.com\/cs\/2025\/08\/16\/klokan-letel-sestnact-tisic-kilometru-pro-zivotni-uspech\/","name":"Klokan let\u011bl \u0161estn\u00e1ct tis\u00edc kilometr\u016f pro \u017eivotn\u00ed \u00fasp\u011bch | \u0160koda We Love Cycling - \u010cesk\u00e1 republika","isPartOf":{"@id":"https:\/\/www.welovecycling.com\/cs\/#website"},"primaryImageOfPage":{"@id":"https:\/\/www.welovecycling.com\/cs\/2025\/08\/16\/klokan-letel-sestnact-tisic-kilometru-pro-zivotni-uspech\/#primaryimage"},"image":{"@id":"https:\/\/www.welovecycling.com\/cs\/2025\/08\/16\/klokan-letel-sestnact-tisic-kilometru-pro-zivotni-uspech\/#primaryimage"},"thumbnailUrl":"https:\/\/d2p6e6u75xmxt8.cloudfront.net\/13\/2025\/08\/CZECH-TOUR1105264.webp","datePublished":"2025-08-16T18:32:44+00:00","author":{"@id":"https:\/\/www.welovecycling.com\/cs\/#\/schema\/person\/d9eeb0a378f3a7e4a6d12d2b536b04b8"},"description":"Triumf\u00e1ln\u011b vyst\u0159elil ruce k nebes\u016fm a v euforii \u0159val, \u017ee t\u00e9m\u011b\u0159 p\u0159ehlu\u0161il moder\u00e1tora. Tak obrovskou radost m\u011bl Liam Walsh, kdy\u017e ovl\u00e1dl t\u0159et\u00ed etapu Czech Tour. Pro z\u00e1vodn\u00edka t\u00fdmu Ccache x Bodywrap \u0161lo o \u017eivotn\u00ed v\u00edt\u011bzstv\u00ed. Pro jeho australskou formaci zase o nejv\u011bt\u0161\u00ed triumf v kr\u00e1tk\u00e9 historii. \"M\u016f\u017ee to zm\u011bnit pohled na n\u00e1\u0161 t\u00fdm,\" v\u011b\u0159\u00ed Samuel Layzell, sportovn\u00ed \u0159editel formace ze zem\u011b klokan\u016f.","inLanguage":"cs","potentialAction":[{"@type":"ReadAction","target":["https:\/\/www.welovecycling.com\/cs\/2025\/08\/16\/klokan-letel-sestnact-tisic-kilometru-pro-zivotni-uspech\/"]}]},{"@type":"ImageObject","inLanguage":"cs","@id":"https:\/\/www.welovecycling.com\/cs\/2025\/08\/16\/klokan-letel-sestnact-tisic-kilometru-pro-zivotni-uspech\/#primaryimage","url":"https:\/\/d2p6e6u75xmxt8.cloudfront.net\/13\/2025\/08\/CZECH-TOUR1105264.webp","contentUrl":"https:\/\/d2p6e6u75xmxt8.cloudfront.net\/13\/2025\/08\/CZECH-TOUR1105264.webp","width":2048,"height":1364,"caption":"Liam Walsh"},{"@type":"WebSite","@id":"https:\/\/www.welovecycling.com\/cs\/#website","url":"https:\/\/www.welovecycling.com\/cs\/","name":"\u0160koda We Love Cycling - \u010cesk\u00e1 republika","description":"WeLoveCycling.cz je online magaz\u00edn, kter\u00fd v\u00e1m pravideln\u011b p\u0159in\u00e1\u0161\u00ed rady a tipy, zaj\u00edmav\u00e9 \u010dl\u00e1nky, videa a jedine\u010dn\u00e9 report\u00e1\u017ee ze sv\u011bta cyklistiky.","potentialAction":[{"@type":"SearchAction","target":{"@type":"EntryPoint","urlTemplate":"https:\/\/www.welovecycling.com\/cs\/?s={search_term_string}"},"query-input":{"@type":"PropertyValueSpecification","valueRequired":true,"valueName":"search_term_string"}}],"inLanguage":"cs"},{"@type":"Person","@id":"https:\/\/www.welovecycling.com\/cs\/#\/schema\/person\/d9eeb0a378f3a7e4a6d12d2b536b04b8","name":"radekmalina","image":{"@type":"ImageObject","inLanguage":"cs","@id":"https:\/\/www.welovecycling.com\/cs\/#\/schema\/person\/image\/","url":"https:\/\/secure.gravatar.com\/avatar\/66994b632cb8c39a46b9f54afa3ae07201b678d32a54275b6f1c9ffec356bfc0?s=96&d=mm&r=g","contentUrl":"https:\/\/secure.gravatar.com\/avatar\/66994b632cb8c39a46b9f54afa3ae07201b678d32a54275b6f1c9ffec356bfc0?s=96&d=mm&r=g","caption":"radekmalina"},"url":"https:\/\/www.welovecycling.com\/cs\/author\/radekmalina\/"}]}},"_links":{"self":[{"href":"https:\/\/www.welovecycling.com\/cs\/wp-json\/wp\/v2\/posts\/30637","targetHints":{"allow":["GET"]}}],"collection":[{"href":"https:\/\/www.welovecycling.com\/cs\/wp-json\/wp\/v2\/posts"}],"about":[{"href":"https:\/\/www.welovecycling.com\/cs\/wp-json\/wp\/v2\/types\/post"}],"author":[{"embeddable":true,"href":"https:\/\/www.welovecycling.com\/cs\/wp-json\/wp\/v2\/users\/138"}],"replies":[{"embeddable":true,"href":"https:\/\/www.welovecycling.com\/cs\/wp-json\/wp\/v2\/comments?post=30637"}],"version-history":[{"count":2,"href":"https:\/\/www.welovecycling.com\/cs\/wp-json\/wp\/v2\/posts\/30637\/revisions"}],"predecessor-version":[{"id":30643,"href":"https:\/\/www.welovecycling.com\/cs\/wp-json\/wp\/v2\/posts\/30637\/revisions\/30643"}],"wp:featuredmedia":[{"embeddable":true,"href":"https:\/\/www.welovecycling.com\/cs\/wp-json\/wp\/v2\/media\/30641"}],"wp:attachment":[{"href":"https:\/\/www.welovecycling.com\/cs\/wp-json\/wp\/v2\/media?parent=30637"}],"wp:term":[{"taxonomy":"category","embeddable":true,"href":"https:\/\/www.welovecycling.com\/cs\/wp-json\/wp\/v2\/categories?post=30637"},{"taxonomy":"post_tag","embeddable":true,"href":"https:\/\/www.welovecycling.com\/cs\/wp-json\/wp\/v2\/tags?post=30637"},{"taxonomy":"global-categories","embeddable":true,"href":"https:\/\/www.welovecycling.com\/cs\/wp-json\/wp\/v2\/global-categories?post=30637"}],"curies":[{"name":"wp","href":"https:\/\/api.w.org\/{rel}","templated":true}]}}