{"id":30622,"date":"2025-08-15T18:24:09","date_gmt":"2025-08-15T16:24:09","guid":{"rendered":"https:\/\/www.welovecycling.com\/cs\/?p=30622"},"modified":"2025-08-15T21:48:21","modified_gmt":"2025-08-15T19:48:21","slug":"na-treti-pokus-vlk-z-belgie-uradoval-na-dlouhych-stranich","status":"publish","type":"post","link":"https:\/\/www.welovecycling.com\/cs\/2025\/08\/15\/na-treti-pokus-vlk-z-belgie-uradoval-na-dlouhych-stranich\/","title":{"rendered":"Na t\u0159et\u00ed pokus! Vlk z Belgie \u00fa\u0159adoval na Dlouh\u00fdch str\u00e1n\u00edch"},"content":{"rendered":"<p><strong>Maz\u00e1ck\u00fdm zp\u016fsobem, a\u010d teprve druh\u00fdm rokem mezi elitou, si Junior Lecerf dosprintoval pro v\u00edt\u011bzstv\u00ed v druh\u00e9m d\u011bjstv\u00ed Czech Tour 2025. Etapa z Pardubic vrcholila v\u00fdstupem na Dlouh\u00e9 str\u00e1n\u011b v Jesen\u00edk\u00e1ch, belgick\u00fd cyklista formace Soudal Quick Step pro v\u00edt\u011bzstv\u00ed spurtoval, jakoby v\u016fbec nemusel zdol\u00e1vat brut\u00e1ln\u00ed p\u0159ev\u00fd\u0161en\u00ed.<\/strong><\/p>\n<p>&#8222;Vyplatila se mi znalost prost\u0159ed\u00ed. Jel jsem Dlouh\u00e9 str\u00e1n\u011b u\u017e pot\u0159et\u00ed v kari\u00e9\u0159e, co\u017e je samoz\u0159ejm\u011b v\u00fdhoda,&#8220; p\u0159em\u00edtal v c\u00edli, kdy\u017e postupn\u011b na podiu oslavil etapov\u00e9 prvenstv\u00ed, navl\u00e9kl se do \u017elut\u00e9ho trikotu pro vedouc\u00edho mu\u017ee z\u00e1vodu a navrch p\u0159idal i trikot pro nejlep\u0161\u00edho sprintera.<\/p>\n<h2><strong>U\u010dil se od Landy a Evenepoela<\/strong><\/h2>\n<p>Junior Lecerf je ryz\u00ed vrcha\u0159, kter\u00fd jezd\u00ed na nejvy\u0161\u0161\u00ed \u00farovni teprve druhou sezonu. Kontrakt mezi Vl\u010d\u00ed sme\u010dkou mu vynesl mimo\u0159\u00e1dn\u011b vyda\u0159en\u00fd z\u00e1v\u011br sezony 2023, kdy dojel celkov\u011b \u010dtvrt\u00fd v z\u00e1vodu Kolem Alsaska, pak byl p\u00e1t\u00fd v absolutn\u00edm po\u0159ad\u00ed na Tour de l&#8217;Avenir a ve fin\u00e1le vyhr\u00e1l z\u00e1vod Kolem Lombardie do 23 let.<\/p>\n<p><a href=\"https:\/\/d2p6e6u75xmxt8.cloudfront.net\/13\/2025\/08\/CZECH-TOUR1104885.webp\"><img loading=\"lazy\" decoding=\"async\" class=\"alignnone size-extra-large wp-image-30624\" src=\"https:\/\/d2p6e6u75xmxt8.cloudfront.net\/13\/2025\/08\/CZECH-TOUR1104885-1920x1279.webp\" alt=\"\" width=\"1920\" height=\"1279\" srcset=\"https:\/\/d2p6e6u75xmxt8.cloudfront.net\/13\/2025\/08\/CZECH-TOUR1104885-1920x1279.webp 1920w, https:\/\/d2p6e6u75xmxt8.cloudfront.net\/13\/2025\/08\/CZECH-TOUR1104885-300x200.webp 300w, https:\/\/d2p6e6u75xmxt8.cloudfront.net\/13\/2025\/08\/CZECH-TOUR1104885-1024x682.webp 1024w, https:\/\/d2p6e6u75xmxt8.cloudfront.net\/13\/2025\/08\/CZECH-TOUR1104885-768x512.webp 768w, https:\/\/d2p6e6u75xmxt8.cloudfront.net\/13\/2025\/08\/CZECH-TOUR1104885-1536x1023.webp 1536w, https:\/\/d2p6e6u75xmxt8.cloudfront.net\/13\/2025\/08\/CZECH-TOUR1104885-400x266.webp 400w, https:\/\/d2p6e6u75xmxt8.cloudfront.net\/13\/2025\/08\/CZECH-TOUR1104885-272x182.webp 272w, https:\/\/d2p6e6u75xmxt8.cloudfront.net\/13\/2025\/08\/CZECH-TOUR1104885.webp 2048w, https:\/\/d2p6e6u75xmxt8.cloudfront.net\/13\/2025\/08\/CZECH-TOUR1104885-1920x1279.webp 1920w\" sizes=\"auto, (max-width: 1920px) 100vw, 1920px\" \/><\/a><\/p>\n<p>U\u017e jako \u010dlen elitn\u00ed formace na startu sezony 2024 oslnil p\u0159i AlUla Tour, kde byl druh\u00fd v absolutn\u00edm po\u0159ad\u00ed za Simonem Yatesem. Vz\u00e1p\u011bt\u00ed si p\u0159ipsal prvn\u00ed profesion\u00e1ln\u00ed v\u00edt\u011bzstv\u00ed, kdy\u017e ovl\u00e1dl \u010dtvrtou etapu z\u00e1vodu Tour du Rwanda. Oslniv\u00e9 v\u00fdkony mu vynesly hned v prvn\u00ed profesion\u00e1ln\u00ed sezon\u011b nominaci na Vueltu. &#8222;B\u00fdt v jednom t\u00fdmu s Mikelem Landou, Remcem Evenepoelem, Kasperem Asgreenem i dal\u0161\u00edmi mimo\u0159\u00e1dn\u00fdmi jezdci byl skv\u011bl\u00fd z\u00e1\u017eitek. Dos\u00e1hl jsem obrovsk\u00e9ho pokroku,&#8220; vykl\u00e1dal po premi\u00e9rov\u00e9 sezon\u011b mezi elitou.<\/p>\n<div class=\"shortcode-ys-post-pinup\"><article class=\"loop-simple post-30593 post type-post status-publish format-standard has-post-thumbnail hentry category-silnicni-cyklistika tag-cyklistika tag-prestup tag-red-bull-bora-hansgrohe tag-remco-evenepoel tag-silnicni-cyklistika tag-soudal-quick-step tag-tadej-pogacar tag-tour-de-france tag-zdenek-stybar global-categories-cycling\" data-postid=\"30593\" role=\"article\" data-post-id=\"30593\" data-word-count=\"571\" data-headline-length=\"64\" data-category=\"Silni\u010dn\u00ed cyklistika\" data-global-category=\"Cycling\" data-author=\"We Love Cycling\" data-published=\"2025-08-13T13:22:32+02:00\" data-published-day=\"Wednesday\">\n    <div class=\"entry-thumbnail article-thumbnail\" content=\"https:\/\/d2p6e6u75xmxt8.cloudfront.net\/13\/2024\/07\/1800-x-1200-velky-150x150.webp\"><a href=\"https:\/\/www.welovecycling.com\/cs\/2025\/08\/13\/remco-evenepoel-neporazi-pogacara-ani-po-prestupu-k-red-bullu\/\" class=\"image-holder\" target=\"_self\"><img decoding=\"async\" loading=\"lazy\" class=\"\" src=\"https:\/\/d2p6e6u75xmxt8.cloudfront.net\/13\/2024\/07\/1800-x-1200-velky-1024x683.webp\" srcset=\"https:\/\/d2p6e6u75xmxt8.cloudfront.net\/13\/2024\/07\/1800-x-1200-velky.webp 1800w, https:\/\/d2p6e6u75xmxt8.cloudfront.net\/13\/2024\/07\/1800-x-1200-velky-300x200.webp 300w, https:\/\/d2p6e6u75xmxt8.cloudfront.net\/13\/2024\/07\/1800-x-1200-velky-1024x683.webp 1024w, https:\/\/d2p6e6u75xmxt8.cloudfront.net\/13\/2024\/07\/1800-x-1200-velky-768x512.webp 768w, https:\/\/d2p6e6u75xmxt8.cloudfront.net\/13\/2024\/07\/1800-x-1200-velky-1536x1024.webp 1536w, https:\/\/d2p6e6u75xmxt8.cloudfront.net\/13\/2024\/07\/1800-x-1200-velky-400x267.webp 400w, https:\/\/d2p6e6u75xmxt8.cloudfront.net\/13\/2024\/07\/1800-x-1200-velky-272x182.webp 272w\" width=\"1024\" height=\"683\" sizes=\"auto, (min-width: 1200px) 300px, (min-width: 768px) 25vw, 100vw\" alt=\"remco-evenepoel-neporazi-pogacara-ani-po-prestupu-k-red-bullu\"\/><\/a><\/div>    <div class=\"entry-meta\">\n        <a class=\"label label-secondary post-category\" href=\"https:\/\/www.welovecycling.com\/cs\/category\/silnicni-cyklistika\/\" title=\"Silni\u010dn\u00ed cyklistika\">Silni\u010dn\u00ed cyklistika<\/a>\n    <\/div>\n    <div class=\"entry-details\">\n        <a href=\"https:\/\/www.welovecycling.com\/cs\/2025\/08\/13\/remco-evenepoel-neporazi-pogacara-ani-po-prestupu-k-red-bullu\/\" class='entry-title-wrapper'>\n            <h3 class=\"entry-title\"><span>Remco Evenepoel neporaz\u00ed Poga\u010dara ani po p\u0159estupu k Red Bullu<\/span><\/h3>\n        <\/a>\n    <\/div>\n    <\/article>\n<\/div>\n<p>Leto\u0161n\u00ed sezonu odstartoval u\u017e v lednu v Austr\u00e1lii. Zaz\u00e1\u0159il p\u0159i bitv\u011b hv\u011bzd Kolem Romandie, kde byl v druh\u00e9 etap\u011b t\u0159et\u00ed. \u010cek\u00e1n\u00ed na v\u00edt\u011bzstv\u00ed utnul v \u010cesku. U\u017e p\u0159ed startem netajil ambice na etapov\u00fd triumf, v ide\u00e1ln\u00edm p\u0159\u00edpad\u011b na celkov\u00e9 v\u00edt\u011bzstv\u00ed.<\/p>\n<h2><strong>Junior Lecerf jel Dlouh\u00e9 str\u00e1n\u011b u\u017e pot\u0159et\u00ed<\/strong><\/h2>\n<p>Stoup\u00e1n\u00ed na Dlouh\u00e9 str\u00e1n\u011b dob\u0159e znal. V minulosti zde fini\u0161oval u\u017e dvakr\u00e1t. V roce 2021 dojel v druh\u00e9 etap\u011b Z\u00e1vodu m\u00edru do 23 let z Brunt\u00e1lu na Dlouh\u00e9 Str\u00e1n\u011b osma\u010dty\u0159ic\u00e1t\u00fd, p\u0159i\u010dem\u017e nejrychlej\u0161\u00ed toho dne byl Filippo Zanna a v pelotonu jeli kup\u0159\u00edkladu Florian Lipowitz (Red Bull Bora-hansgrohe), Mathias Vacek (Lidl Trek), K\u00e9vin Vauquelin (Arkea) nebo Valentin Paret-Peintre (Soudal Quick Step). Tehdy v\u0161ak m\u011bla etapa 3013 v\u00fd\u0161kov\u00fdch metr\u016f a v\u00fdstup na Dlouh\u00e9 str\u00e1n\u011b byl v etap\u011b zakomponovan\u00fd dvakr\u00e1t. O rok pozd\u011bji byla etapa prakticky toto\u017en\u00e1 a Junior Lecerf dojel v trikotu belgick\u00e9 reprezentace na vrchol dvac\u00e1t\u00fd.<\/p>\n<p>Profil druh\u00e9ho d\u011bjstv\u00ed Czech Tour 2025 byl odli\u0161n\u00fd. Po startu z Pardubic se jelo zvln\u011bn\u00fdm ter\u00e9nm, fin\u00e1le pak p\u0159edstavoval v\u00fdstup na Dlouh\u00e9 str\u00e1n\u011b. Etapa m\u011bla o p\u011bt set pades\u00e1t v\u00fd\u0161kov\u00fdch metr\u016f m\u00e9n\u011b ne\u017e p\u0159i Z\u00e1vodu m\u00edru. &#8222;Kluci z t\u00fdmu pro m\u011b odvedli perfektn\u00ed pr\u00e1ci. Cel\u00fd den z\u00e1vod kontrolovali,&#8220; vyzdvihl podporu koleg\u016f.<\/p>\n<figure id=\"attachment_30623\" aria-describedby=\"caption-attachment-30623\" style=\"width: 1920px\" class=\"wp-caption alignnone\"><a href=\"https:\/\/d2p6e6u75xmxt8.cloudfront.net\/13\/2025\/08\/CZECH-TOUR1105034.webp\"><img loading=\"lazy\" decoding=\"async\" class=\"size-extra-large wp-image-30623\" src=\"https:\/\/d2p6e6u75xmxt8.cloudfront.net\/13\/2025\/08\/CZECH-TOUR1105034-1920x1279.webp\" alt=\"\" width=\"1920\" height=\"1279\" srcset=\"https:\/\/d2p6e6u75xmxt8.cloudfront.net\/13\/2025\/08\/CZECH-TOUR1105034-1920x1279.webp 1920w, https:\/\/d2p6e6u75xmxt8.cloudfront.net\/13\/2025\/08\/CZECH-TOUR1105034-300x200.webp 300w, https:\/\/d2p6e6u75xmxt8.cloudfront.net\/13\/2025\/08\/CZECH-TOUR1105034-1024x682.webp 1024w, https:\/\/d2p6e6u75xmxt8.cloudfront.net\/13\/2025\/08\/CZECH-TOUR1105034-768x512.webp 768w, https:\/\/d2p6e6u75xmxt8.cloudfront.net\/13\/2025\/08\/CZECH-TOUR1105034-1536x1023.webp 1536w, https:\/\/d2p6e6u75xmxt8.cloudfront.net\/13\/2025\/08\/CZECH-TOUR1105034-400x266.webp 400w, https:\/\/d2p6e6u75xmxt8.cloudfront.net\/13\/2025\/08\/CZECH-TOUR1105034-272x182.webp 272w, https:\/\/d2p6e6u75xmxt8.cloudfront.net\/13\/2025\/08\/CZECH-TOUR1105034.webp 2048w, https:\/\/d2p6e6u75xmxt8.cloudfront.net\/13\/2025\/08\/CZECH-TOUR1105034-1920x1279.webp 1920w\" sizes=\"auto, (max-width: 1920px) 100vw, 1920px\" \/><\/a><figcaption id=\"caption-attachment-30623\" class=\"wp-caption-text\"><em>Junior Lecerf ve \u017elut\u00e9m trikotu l\u00eddra Czech Tour 2025. Foto: Czech Tour (3x)<\/em><\/figcaption><\/figure>\n<p>V z\u00e1v\u011bre\u010dn\u00e9m stoup\u00e1n\u00ed byl jako p\u0159ilepen\u00fd na zadn\u00edm kole Ciana Uijtdebroekse z Visma Lease a Bike, hlavn\u00edho favorita. Jen\u017ee l\u00eddr nizozemsk\u00e9 sestavy nedok\u00e1zal stejn\u011b star\u00e9ho Belgi\u010dana set\u0159\u00e1st. &#8222;Dok\u00e1zal jsem se ho dr\u017eet bez v\u011bt\u0161\u00edch probl\u00e9m\u016f. Moje taktika byla n\u00e1sledovat Ciana. V\u011b\u0159il jsem si na sprint,&#8220; vysv\u011btloval Junior Lecerf.<\/p>\n<p>Kdy\u017e do c\u00edle zb\u00fdvalo dv\u011b st\u011b metr\u016f, p\u0159edvedl drtiv\u00fd n\u00e1stup. A nikdo ze soupe\u0159\u016f na \u010dele u\u017e jej nechytil. &#8222;Dokonale jsem vyu\u017eil zku\u0161enosti ze Z\u00e1vodu m\u00edru. Perfektn\u011b jsem na\u010dasoval rozhoduj\u00edc\u00ed \u00fatok,&#8220; \u0159\u00edkal belgick\u00fd mlad\u00edk formace Soudal Quick Step.<\/p>\n<p>&#8222;M\u00e1me dv\u011b v\u00edt\u011bzstv\u00ed ze dvou dn\u016f, co\u017e je naprosto fantastick\u00e9. A v\u011b\u0159\u00edm, \u017ee m\u016f\u017eeme vyhr\u00e1t znovu. Bylo by naprosto fantastick\u00e9, kdybychom vyhr\u00e1li v\u0161echny etapy,&#8220; zasnil se Junior Lecerf nad sc\u00e9n\u00e1\u0159em, kter\u00fd by znamenal <a href=\"https:\/\/www.welovecycling.com\/cs\/2025\/08\/14\/rok-cekal-na-triumf-cesko-je-pro-nej-zemi-zaslibenou\/\">absolutn\u00ed dominanci Vl\u010d\u00ed sme\u010dky<\/a> a belgick\u00e9mu vrcha\u0159i by vynesl prvn\u00ed celkov\u00e9 v\u00edt\u011bzstv\u00ed v etapov\u00e9m z\u00e1vod\u011b.<\/p>\n","protected":false},"excerpt":{"rendered":"<p>Maz\u00e1ck\u00fdm zp\u016fsobem, a\u010d teprve druh\u00fdm rokem mezi elitou, si Junior Lecerf dosprintoval pro v\u00edt\u011bzstv\u00ed v druh\u00e9m d\u011bjstv\u00ed Czech Tour 2025. [&hellip;]<\/p>\n","protected":false},"author":138,"featured_media":30625,"comment_status":"open","ping_status":"open","sticky":false,"template":"","format":"standard","meta":{"footnotes":""},"categories":[10],"tags":[126,4185,1682,4338,9,2842],"global-categories":[411],"class_list":["post-30622","post","type-post","status-publish","format-standard","has-post-thumbnail","hentry","category-silnicni-cyklistika","tag-cyklistika","tag-czech-tour-2025","tag-dlouhe-strane","tag-junior-lecerf","tag-silnicni-cyklistika","tag-soudal-quick-step","global-categories-cycling"],"yoast_head":"<!-- This site is optimized with the Yoast SEO Premium plugin v25.3 (Yoast SEO v25.9) - https:\/\/yoast.com\/wordpress\/plugins\/seo\/ -->\n<title>Na t\u0159et\u00ed pokus! Vlk z Belgie \u00fa\u0159adoval na Dlouh\u00fdch str\u00e1n\u00edch | \u0160koda We Love Cycling - \u010cesk\u00e1 republika<\/title>\n<meta name=\"description\" content=\"Maz\u00e1ck\u00fdm zp\u016fsobem, a\u010d teprve druh\u00fdm rokem mezi elitou, si Junior Lecerf dosprintoval pro v\u00edt\u011bzstv\u00ed v druh\u00e9m d\u011bjstv\u00ed Czech Tour 2025. A\u010d etapa z Pardubic vrcholila v\u00fdstupem na Dlouh\u00e9 str\u00e1n\u011b v Jesen\u00edk\u00e1ch, belgick\u00fd cyklista formace Soudal Quick Step pro v\u00edt\u011bzstv\u00ed spurtoval, jakoby v\u016fbec nemusel zdol\u00e1vat brut\u00e1ln\u00ed p\u0159ev\u00fd\u0161en\u00ed.\" \/>\n<meta name=\"robots\" content=\"index, follow, max-snippet:-1, max-image-preview:large, max-video-preview:-1\" \/>\n<link rel=\"canonical\" href=\"https:\/\/www.welovecycling.com\/cs\/2025\/08\/15\/na-treti-pokus-vlk-z-belgie-uradoval-na-dlouhych-stranich\/\" \/>\n<meta property=\"og:locale\" content=\"cs_CZ\" \/>\n<meta property=\"og:type\" content=\"article\" \/>\n<meta property=\"og:title\" content=\"Na t\u0159et\u00ed pokus! Vlk z Belgie \u00fa\u0159adoval na Dlouh\u00fdch str\u00e1n\u00edch\" \/>\n<meta property=\"og:description\" content=\"Maz\u00e1ck\u00fdm zp\u016fsobem, a\u010d teprve druh\u00fdm rokem mezi elitou, si Junior Lecerf dosprintoval pro v\u00edt\u011bzstv\u00ed v druh\u00e9m d\u011bjstv\u00ed Czech Tour 2025. A\u010d etapa z Pardubic vrcholila v\u00fdstupem na Dlouh\u00e9 str\u00e1n\u011b v Jesen\u00edk\u00e1ch, belgick\u00fd cyklista formace Soudal Quick Step pro v\u00edt\u011bzstv\u00ed spurtoval, jakoby v\u016fbec nemusel zdol\u00e1vat brut\u00e1ln\u00ed p\u0159ev\u00fd\u0161en\u00ed.\" \/>\n<meta property=\"og:url\" content=\"https:\/\/www.welovecycling.com\/cs\/2025\/08\/15\/na-treti-pokus-vlk-z-belgie-uradoval-na-dlouhych-stranich\/\" \/>\n<meta property=\"og:site_name\" content=\"\u0160koda We Love Cycling - \u010cesk\u00e1 republika\" \/>\n<meta property=\"article:published_time\" content=\"2025-08-15T16:24:09+00:00\" \/>\n<meta property=\"article:modified_time\" content=\"2025-08-15T19:48:21+00:00\" \/>\n<meta property=\"og:image\" content=\"https:\/\/d2p6e6u75xmxt8.cloudfront.net\/13\/2025\/08\/CZECH-TOUR1105013.webp\" \/>\n\t<meta property=\"og:image:width\" content=\"2048\" \/>\n\t<meta property=\"og:image:height\" content=\"1364\" \/>\n\t<meta property=\"og:image:type\" content=\"image\/webp\" \/>\n<meta name=\"author\" content=\"radekmalina\" \/>\n<meta name=\"twitter:card\" content=\"summary_large_image\" \/>\n<meta name=\"twitter:label1\" content=\"Written by\" \/>\n\t<meta name=\"twitter:data1\" content=\"We Love Cycling\" \/>\n\t<meta name=\"twitter:label2\" content=\"Est. reading time\" \/>\n\t<meta name=\"twitter:data2\" content=\"5\" \/>\n<script type=\"application\/ld+json\" class=\"yoast-schema-graph\">{\"@context\":\"https:\/\/schema.org\",\"@graph\":[{\"@type\":\"WebPage\",\"@id\":\"https:\/\/www.welovecycling.com\/cs\/2025\/08\/15\/na-treti-pokus-vlk-z-belgie-uradoval-na-dlouhych-stranich\/\",\"url\":\"https:\/\/www.welovecycling.com\/cs\/2025\/08\/15\/na-treti-pokus-vlk-z-belgie-uradoval-na-dlouhych-stranich\/\",\"name\":\"Na t\u0159et\u00ed pokus! Vlk z Belgie \u00fa\u0159adoval na Dlouh\u00fdch str\u00e1n\u00edch | \u0160koda We Love Cycling - \u010cesk\u00e1 republika\",\"isPartOf\":{\"@id\":\"https:\/\/www.welovecycling.com\/cs\/#website\"},\"primaryImageOfPage\":{\"@id\":\"https:\/\/www.welovecycling.com\/cs\/2025\/08\/15\/na-treti-pokus-vlk-z-belgie-uradoval-na-dlouhych-stranich\/#primaryimage\"},\"image\":{\"@id\":\"https:\/\/www.welovecycling.com\/cs\/2025\/08\/15\/na-treti-pokus-vlk-z-belgie-uradoval-na-dlouhych-stranich\/#primaryimage\"},\"thumbnailUrl\":\"https:\/\/d2p6e6u75xmxt8.cloudfront.net\/13\/2025\/08\/CZECH-TOUR1105013.webp\",\"datePublished\":\"2025-08-15T16:24:09+00:00\",\"dateModified\":\"2025-08-15T19:48:21+00:00\",\"author\":{\"@id\":\"https:\/\/www.welovecycling.com\/cs\/#\/schema\/person\/d9eeb0a378f3a7e4a6d12d2b536b04b8\"},\"description\":\"Maz\u00e1ck\u00fdm zp\u016fsobem, a\u010d teprve druh\u00fdm rokem mezi elitou, si Junior Lecerf dosprintoval pro v\u00edt\u011bzstv\u00ed v druh\u00e9m d\u011bjstv\u00ed Czech Tour 2025. A\u010d etapa z Pardubic vrcholila v\u00fdstupem na Dlouh\u00e9 str\u00e1n\u011b v Jesen\u00edk\u00e1ch, belgick\u00fd cyklista formace Soudal Quick Step pro v\u00edt\u011bzstv\u00ed spurtoval, jakoby v\u016fbec nemusel zdol\u00e1vat brut\u00e1ln\u00ed p\u0159ev\u00fd\u0161en\u00ed.\",\"inLanguage\":\"cs\",\"potentialAction\":[{\"@type\":\"ReadAction\",\"target\":[\"https:\/\/www.welovecycling.com\/cs\/2025\/08\/15\/na-treti-pokus-vlk-z-belgie-uradoval-na-dlouhych-stranich\/\"]}]},{\"@type\":\"ImageObject\",\"inLanguage\":\"cs\",\"@id\":\"https:\/\/www.welovecycling.com\/cs\/2025\/08\/15\/na-treti-pokus-vlk-z-belgie-uradoval-na-dlouhych-stranich\/#primaryimage\",\"url\":\"https:\/\/d2p6e6u75xmxt8.cloudfront.net\/13\/2025\/08\/CZECH-TOUR1105013.webp\",\"contentUrl\":\"https:\/\/d2p6e6u75xmxt8.cloudfront.net\/13\/2025\/08\/CZECH-TOUR1105013.webp\",\"width\":2048,\"height\":1364,\"caption\":\"Junior Lecerf\"},{\"@type\":\"WebSite\",\"@id\":\"https:\/\/www.welovecycling.com\/cs\/#website\",\"url\":\"https:\/\/www.welovecycling.com\/cs\/\",\"name\":\"\u0160koda We Love Cycling - \u010cesk\u00e1 republika\",\"description\":\"WeLoveCycling.cz je online magaz\u00edn, kter\u00fd v\u00e1m pravideln\u011b p\u0159in\u00e1\u0161\u00ed rady a tipy, zaj\u00edmav\u00e9 \u010dl\u00e1nky, videa a jedine\u010dn\u00e9 report\u00e1\u017ee ze sv\u011bta cyklistiky.\",\"potentialAction\":[{\"@type\":\"SearchAction\",\"target\":{\"@type\":\"EntryPoint\",\"urlTemplate\":\"https:\/\/www.welovecycling.com\/cs\/?s={search_term_string}\"},\"query-input\":{\"@type\":\"PropertyValueSpecification\",\"valueRequired\":true,\"valueName\":\"search_term_string\"}}],\"inLanguage\":\"cs\"},{\"@type\":\"Person\",\"@id\":\"https:\/\/www.welovecycling.com\/cs\/#\/schema\/person\/d9eeb0a378f3a7e4a6d12d2b536b04b8\",\"name\":\"radekmalina\",\"image\":{\"@type\":\"ImageObject\",\"inLanguage\":\"cs\",\"@id\":\"https:\/\/www.welovecycling.com\/cs\/#\/schema\/person\/image\/\",\"url\":\"https:\/\/secure.gravatar.com\/avatar\/66994b632cb8c39a46b9f54afa3ae07201b678d32a54275b6f1c9ffec356bfc0?s=96&d=mm&r=g\",\"contentUrl\":\"https:\/\/secure.gravatar.com\/avatar\/66994b632cb8c39a46b9f54afa3ae07201b678d32a54275b6f1c9ffec356bfc0?s=96&d=mm&r=g\",\"caption\":\"radekmalina\"},\"url\":\"https:\/\/www.welovecycling.com\/cs\/author\/radekmalina\/\"}]}<\/script>\n<!-- \/ Yoast SEO Premium plugin. -->","yoast_head_json":{"title":"Na t\u0159et\u00ed pokus! Vlk z Belgie \u00fa\u0159adoval na Dlouh\u00fdch str\u00e1n\u00edch | \u0160koda We Love Cycling - \u010cesk\u00e1 republika","description":"Maz\u00e1ck\u00fdm zp\u016fsobem, a\u010d teprve druh\u00fdm rokem mezi elitou, si Junior Lecerf dosprintoval pro v\u00edt\u011bzstv\u00ed v druh\u00e9m d\u011bjstv\u00ed Czech Tour 2025. A\u010d etapa z Pardubic vrcholila v\u00fdstupem na Dlouh\u00e9 str\u00e1n\u011b v Jesen\u00edk\u00e1ch, belgick\u00fd cyklista formace Soudal Quick Step pro v\u00edt\u011bzstv\u00ed spurtoval, jakoby v\u016fbec nemusel zdol\u00e1vat brut\u00e1ln\u00ed p\u0159ev\u00fd\u0161en\u00ed.","robots":{"index":"index","follow":"follow","max-snippet":"max-snippet:-1","max-image-preview":"max-image-preview:large","max-video-preview":"max-video-preview:-1"},"canonical":"https:\/\/www.welovecycling.com\/cs\/2025\/08\/15\/na-treti-pokus-vlk-z-belgie-uradoval-na-dlouhych-stranich\/","og_locale":"cs_CZ","og_type":"article","og_title":"Na t\u0159et\u00ed pokus! Vlk z Belgie \u00fa\u0159adoval na Dlouh\u00fdch str\u00e1n\u00edch","og_description":"Maz\u00e1ck\u00fdm zp\u016fsobem, a\u010d teprve druh\u00fdm rokem mezi elitou, si Junior Lecerf dosprintoval pro v\u00edt\u011bzstv\u00ed v druh\u00e9m d\u011bjstv\u00ed Czech Tour 2025. A\u010d etapa z Pardubic vrcholila v\u00fdstupem na Dlouh\u00e9 str\u00e1n\u011b v Jesen\u00edk\u00e1ch, belgick\u00fd cyklista formace Soudal Quick Step pro v\u00edt\u011bzstv\u00ed spurtoval, jakoby v\u016fbec nemusel zdol\u00e1vat brut\u00e1ln\u00ed p\u0159ev\u00fd\u0161en\u00ed.","og_url":"https:\/\/www.welovecycling.com\/cs\/2025\/08\/15\/na-treti-pokus-vlk-z-belgie-uradoval-na-dlouhych-stranich\/","og_site_name":"\u0160koda We Love Cycling - \u010cesk\u00e1 republika","article_published_time":"2025-08-15T16:24:09+00:00","article_modified_time":"2025-08-15T19:48:21+00:00","og_image":[{"width":2048,"height":1364,"url":"https:\/\/d2p6e6u75xmxt8.cloudfront.net\/13\/2025\/08\/CZECH-TOUR1105013.webp","type":"image\/webp"}],"author":"radekmalina","twitter_card":"summary_large_image","twitter_misc":{"Written by":"We Love Cycling","Est. reading time":"5"},"schema":{"@context":"https:\/\/schema.org","@graph":[{"@type":"WebPage","@id":"https:\/\/www.welovecycling.com\/cs\/2025\/08\/15\/na-treti-pokus-vlk-z-belgie-uradoval-na-dlouhych-stranich\/","url":"https:\/\/www.welovecycling.com\/cs\/2025\/08\/15\/na-treti-pokus-vlk-z-belgie-uradoval-na-dlouhych-stranich\/","name":"Na t\u0159et\u00ed pokus! Vlk z Belgie \u00fa\u0159adoval na Dlouh\u00fdch str\u00e1n\u00edch | \u0160koda We Love Cycling - \u010cesk\u00e1 republika","isPartOf":{"@id":"https:\/\/www.welovecycling.com\/cs\/#website"},"primaryImageOfPage":{"@id":"https:\/\/www.welovecycling.com\/cs\/2025\/08\/15\/na-treti-pokus-vlk-z-belgie-uradoval-na-dlouhych-stranich\/#primaryimage"},"image":{"@id":"https:\/\/www.welovecycling.com\/cs\/2025\/08\/15\/na-treti-pokus-vlk-z-belgie-uradoval-na-dlouhych-stranich\/#primaryimage"},"thumbnailUrl":"https:\/\/d2p6e6u75xmxt8.cloudfront.net\/13\/2025\/08\/CZECH-TOUR1105013.webp","datePublished":"2025-08-15T16:24:09+00:00","dateModified":"2025-08-15T19:48:21+00:00","author":{"@id":"https:\/\/www.welovecycling.com\/cs\/#\/schema\/person\/d9eeb0a378f3a7e4a6d12d2b536b04b8"},"description":"Maz\u00e1ck\u00fdm zp\u016fsobem, a\u010d teprve druh\u00fdm rokem mezi elitou, si Junior Lecerf dosprintoval pro v\u00edt\u011bzstv\u00ed v druh\u00e9m d\u011bjstv\u00ed Czech Tour 2025. A\u010d etapa z Pardubic vrcholila v\u00fdstupem na Dlouh\u00e9 str\u00e1n\u011b v Jesen\u00edk\u00e1ch, belgick\u00fd cyklista formace Soudal Quick Step pro v\u00edt\u011bzstv\u00ed spurtoval, jakoby v\u016fbec nemusel zdol\u00e1vat brut\u00e1ln\u00ed p\u0159ev\u00fd\u0161en\u00ed.","inLanguage":"cs","potentialAction":[{"@type":"ReadAction","target":["https:\/\/www.welovecycling.com\/cs\/2025\/08\/15\/na-treti-pokus-vlk-z-belgie-uradoval-na-dlouhych-stranich\/"]}]},{"@type":"ImageObject","inLanguage":"cs","@id":"https:\/\/www.welovecycling.com\/cs\/2025\/08\/15\/na-treti-pokus-vlk-z-belgie-uradoval-na-dlouhych-stranich\/#primaryimage","url":"https:\/\/d2p6e6u75xmxt8.cloudfront.net\/13\/2025\/08\/CZECH-TOUR1105013.webp","contentUrl":"https:\/\/d2p6e6u75xmxt8.cloudfront.net\/13\/2025\/08\/CZECH-TOUR1105013.webp","width":2048,"height":1364,"caption":"Junior Lecerf"},{"@type":"WebSite","@id":"https:\/\/www.welovecycling.com\/cs\/#website","url":"https:\/\/www.welovecycling.com\/cs\/","name":"\u0160koda We Love Cycling - \u010cesk\u00e1 republika","description":"WeLoveCycling.cz je online magaz\u00edn, kter\u00fd v\u00e1m pravideln\u011b p\u0159in\u00e1\u0161\u00ed rady a tipy, zaj\u00edmav\u00e9 \u010dl\u00e1nky, videa a jedine\u010dn\u00e9 report\u00e1\u017ee ze sv\u011bta cyklistiky.","potentialAction":[{"@type":"SearchAction","target":{"@type":"EntryPoint","urlTemplate":"https:\/\/www.welovecycling.com\/cs\/?s={search_term_string}"},"query-input":{"@type":"PropertyValueSpecification","valueRequired":true,"valueName":"search_term_string"}}],"inLanguage":"cs"},{"@type":"Person","@id":"https:\/\/www.welovecycling.com\/cs\/#\/schema\/person\/d9eeb0a378f3a7e4a6d12d2b536b04b8","name":"radekmalina","image":{"@type":"ImageObject","inLanguage":"cs","@id":"https:\/\/www.welovecycling.com\/cs\/#\/schema\/person\/image\/","url":"https:\/\/secure.gravatar.com\/avatar\/66994b632cb8c39a46b9f54afa3ae07201b678d32a54275b6f1c9ffec356bfc0?s=96&d=mm&r=g","contentUrl":"https:\/\/secure.gravatar.com\/avatar\/66994b632cb8c39a46b9f54afa3ae07201b678d32a54275b6f1c9ffec356bfc0?s=96&d=mm&r=g","caption":"radekmalina"},"url":"https:\/\/www.welovecycling.com\/cs\/author\/radekmalina\/"}]}},"_links":{"self":[{"href":"https:\/\/www.welovecycling.com\/cs\/wp-json\/wp\/v2\/posts\/30622","targetHints":{"allow":["GET"]}}],"collection":[{"href":"https:\/\/www.welovecycling.com\/cs\/wp-json\/wp\/v2\/posts"}],"about":[{"href":"https:\/\/www.welovecycling.com\/cs\/wp-json\/wp\/v2\/types\/post"}],"author":[{"embeddable":true,"href":"https:\/\/www.welovecycling.com\/cs\/wp-json\/wp\/v2\/users\/138"}],"replies":[{"embeddable":true,"href":"https:\/\/www.welovecycling.com\/cs\/wp-json\/wp\/v2\/comments?post=30622"}],"version-history":[{"count":3,"href":"https:\/\/www.welovecycling.com\/cs\/wp-json\/wp\/v2\/posts\/30622\/revisions"}],"predecessor-version":[{"id":30635,"href":"https:\/\/www.welovecycling.com\/cs\/wp-json\/wp\/v2\/posts\/30622\/revisions\/30635"}],"wp:featuredmedia":[{"embeddable":true,"href":"https:\/\/www.welovecycling.com\/cs\/wp-json\/wp\/v2\/media\/30625"}],"wp:attachment":[{"href":"https:\/\/www.welovecycling.com\/cs\/wp-json\/wp\/v2\/media?parent=30622"}],"wp:term":[{"taxonomy":"category","embeddable":true,"href":"https:\/\/www.welovecycling.com\/cs\/wp-json\/wp\/v2\/categories?post=30622"},{"taxonomy":"post_tag","embeddable":true,"href":"https:\/\/www.welovecycling.com\/cs\/wp-json\/wp\/v2\/tags?post=30622"},{"taxonomy":"global-categories","embeddable":true,"href":"https:\/\/www.welovecycling.com\/cs\/wp-json\/wp\/v2\/global-categories?post=30622"}],"curies":[{"name":"wp","href":"https:\/\/api.w.org\/{rel}","templated":true}]}}