{"id":30618,"date":"2025-08-15T15:40:49","date_gmt":"2025-08-15T13:40:49","guid":{"rendered":"https:\/\/www.welovecycling.com\/cs\/?p=30618"},"modified":"2025-08-15T15:40:49","modified_gmt":"2025-08-15T13:40:49","slug":"tereza-hurikova-lipno-festival-je-zazitek-pro-celou-rodinu","status":"publish","type":"post","link":"https:\/\/www.welovecycling.com\/cs\/2025\/08\/15\/tereza-hurikova-lipno-festival-je-zazitek-pro-celou-rodinu\/","title":{"rendered":"Tereza Hu\u0159\u00edkov\u00e1: Lipno festival je z\u00e1\u017eitek pro celou rodinu"},"content":{"rendered":"<p><strong>\u0160umava je jej\u00edm domovem. Je\u0161t\u011b coby n\u00e1ctilet\u00e1 ve zdej\u0161\u00edch les\u00edch ladila formu, aby se stala juniorskou mistryn\u00ed sv\u011bta v \u010dasovce a n\u00e1sledn\u011b v cross country horsk\u00fdch kol. Pozd\u011bji byly \u0161umavsk\u00e9 lesy z\u00e1kladem p\u0159i budov\u00e1n\u00ed v\u00fdkonnosti na cest\u011b k bronzov\u00e9 medaili z mistrovstv\u00ed sv\u011bta v maratonu biker\u016f. Milovan\u00e1 oblast se stala domovem i pro jej\u00ed rodinu. Tereza Hu\u0159\u00edkov\u00e1 ned\u00e1 na \u0160umavu dopustit, a tak nen\u00ed divu, \u017ee jako ambasadorka WeLoveCycling pojede 17. srpna cyklistick\u00fd z\u00e1vod \u010cEZ Kolem Lipna, jeho\u017e partnerem je \u0160koda Auto.<\/strong><\/p>\n<h2><strong>\u0160umava je va\u0161\u00edm domovem a tak\u00e9 tr\u00e9ninkov\u00fdm rev\u00edrem. Jak\u00e9 m\u00e1 Tereza Hu\u0159\u00edkov\u00e1 zku\u0161enosti s \u010cEZ Lipno Sport Festivalem?<\/strong><\/h2>\n<p>M\u00e1m dv\u011b d\u011bti p\u0159ed\u0161koln\u00edho v\u011bku, s nimi\u017e jsem akci nav\u0161t\u00edvila p\u0159ed dv\u011bma lety. A v\u0161ichni jsme byli nad\u0161en\u00ed. Mysl\u00edm, \u017ee jde o skv\u011bl\u00fd projekt, kter\u00fd si u\u017eije cel\u00e1 rodina. Nadchlo n\u00e1s, \u017ee b\u00fdval\u00ed vrcholov\u00ed sportovci p\u0159edstavuj\u00ed vlastn\u00ed discipl\u00edny. Syn si na\u0161el zal\u00edben\u00ed v baseballu, j\u00e1 si vyzkou\u0161ela skif pod veden\u00edm olympijsk\u00e9ho medailisty V\u00e1clava Chalupy. Festival p\u0159edstavuje velk\u00fd z\u00e1\u017eitek nejen pro d\u011bti, ale i pro dosp\u011bl\u00e9.<\/p>\n<h2><strong>Co je z pohledu b\u00fdval\u00e9 profesion\u00e1ln\u00ed sportovkyn\u011b nejv\u011bt\u0161\u00edm l\u00e1kadlem?<\/strong><\/h2>\n<p>Mo\u017enost vyzkou\u0161et si r\u016fzn\u00e9 sporty pod dohledem odborn\u00edk\u016f na jednom m\u00edst\u011b. T\u011b\u017eko se naskytne p\u0159\u00edle\u017eitost za\u017e\u00edt lekci \u0161ermu, pak zkusit skif, lezen\u00ed a atletiku&#8230; Jde opravdu o mimo\u0159\u00e1dn\u00fd z\u00e1\u017eitek. P\u0159esto\u017ee jsem se v\u011bnovala sportu na nejvy\u0161\u0161\u00ed \u00farovni, n\u00e1pln\u00ed m\u00e9ho tr\u00e9ninku bylo bu\u010f b\u011b\u017eeck\u00e9 ly\u017eov\u00e1n\u00ed nebo kolo. K jin\u00fdm sport\u016fm jsem se nedostala. Nav\u00edc mnoh\u00e9 z nich jsou v ur\u010dit\u00fdch lokalit\u00e1ch zcela tabu. Tak\u017ee je \u00fa\u017easn\u00e9, pokud si ka\u017ed\u00fd m\u016f\u017ee vyzkou\u0161et rozli\u010dn\u00e9 discipl\u00edny na jednom m\u00edst\u011b.<\/p>\n<figure id=\"attachment_30619\" aria-describedby=\"caption-attachment-30619\" style=\"width: 1920px\" class=\"wp-caption alignnone\"><a href=\"https:\/\/d2p6e6u75xmxt8.cloudfront.net\/13\/2025\/08\/hurikova.webp\"><img loading=\"lazy\" decoding=\"async\" class=\"size-full wp-image-30619\" src=\"https:\/\/d2p6e6u75xmxt8.cloudfront.net\/13\/2025\/08\/hurikova.webp\" alt=\"\" width=\"1920\" height=\"1279\" srcset=\"https:\/\/d2p6e6u75xmxt8.cloudfront.net\/13\/2025\/08\/hurikova.webp 1920w, https:\/\/d2p6e6u75xmxt8.cloudfront.net\/13\/2025\/08\/hurikova-300x200.webp 300w, https:\/\/d2p6e6u75xmxt8.cloudfront.net\/13\/2025\/08\/hurikova-1024x682.webp 1024w, https:\/\/d2p6e6u75xmxt8.cloudfront.net\/13\/2025\/08\/hurikova-768x512.webp 768w, https:\/\/d2p6e6u75xmxt8.cloudfront.net\/13\/2025\/08\/hurikova-1536x1023.webp 1536w, https:\/\/d2p6e6u75xmxt8.cloudfront.net\/13\/2025\/08\/hurikova-400x266.webp 400w, https:\/\/d2p6e6u75xmxt8.cloudfront.net\/13\/2025\/08\/hurikova-272x182.webp 272w\" sizes=\"auto, (max-width: 1920px) 100vw, 1920px\" \/><\/a><figcaption id=\"caption-attachment-30619\" class=\"wp-caption-text\"><em>Tereza Hu\u0159\u00edkov\u00e1 s d\u011btmi na startu Kub\u00edk Family Ride v Prachatic\u00edch.<\/em><\/figcaption><\/figure>\n<h2><strong>Jako ambasadorka WeLoveCycling pojedete 17. srpna cykloz\u00e1vod \u010cEZ Kolem Lipna. Pro ve\u0159ejnost jsou p\u0159ipraven\u00e9 dv\u011b trasy. \u0160edes\u00e1tikilometrov\u00e1 s p\u0159ev\u00fd\u0161en\u00edm tis\u00edc metr\u016f a dvacetikilometrov\u00e1 s p\u0159ev\u00fd\u0161en\u00edm t\u0159i sta metr\u016f. Kterou variantu zvol\u00edte?<\/strong><\/h2>\n<p>Udr\u017euji se ve fyzick\u00e9 kondici, tak\u017ee ur\u010dit\u011b pojedu del\u0161\u00ed z\u00e1vod. Podle p\u0159\u00edpravy, kterou jsem si d\u011blala, vede z\u00e1vod po kombinovan\u00fdch asfaltov\u00fdch a lesn\u00edch cest\u00e1ch. Z hlediska povrchu nejde o extr\u00e9mn\u011b n\u00e1ro\u010dn\u00fd povrch. Profil i ter\u00e9n je p\u0159ijateln\u00fd pro \u0161irokou ve\u0159ejnost.<\/p>\n<div class=\"shortcode-ys-post-pinup\"><article class=\"loop-simple post-30593 post type-post status-publish format-standard has-post-thumbnail hentry category-silnicni-cyklistika tag-cyklistika tag-prestup tag-red-bull-bora-hansgrohe tag-remco-evenepoel tag-silnicni-cyklistika tag-soudal-quick-step tag-tadej-pogacar tag-tour-de-france tag-zdenek-stybar global-categories-cycling\" data-postid=\"30593\" role=\"article\" data-post-id=\"30593\" data-word-count=\"571\" data-headline-length=\"64\" data-category=\"Silni\u010dn\u00ed cyklistika\" data-global-category=\"Cycling\" data-author=\"We Love Cycling\" data-published=\"2025-08-13T13:22:32+02:00\" data-published-day=\"Wednesday\">\n    <div class=\"entry-thumbnail article-thumbnail\" content=\"https:\/\/d2p6e6u75xmxt8.cloudfront.net\/13\/2024\/07\/1800-x-1200-velky-150x150.webp\"><a href=\"https:\/\/www.welovecycling.com\/cs\/2025\/08\/13\/remco-evenepoel-neporazi-pogacara-ani-po-prestupu-k-red-bullu\/\" class=\"image-holder\" target=\"_self\"><img decoding=\"async\" loading=\"lazy\" class=\"\" src=\"https:\/\/d2p6e6u75xmxt8.cloudfront.net\/13\/2024\/07\/1800-x-1200-velky-1024x683.webp\" srcset=\"https:\/\/d2p6e6u75xmxt8.cloudfront.net\/13\/2024\/07\/1800-x-1200-velky.webp 1800w, https:\/\/d2p6e6u75xmxt8.cloudfront.net\/13\/2024\/07\/1800-x-1200-velky-300x200.webp 300w, https:\/\/d2p6e6u75xmxt8.cloudfront.net\/13\/2024\/07\/1800-x-1200-velky-1024x683.webp 1024w, https:\/\/d2p6e6u75xmxt8.cloudfront.net\/13\/2024\/07\/1800-x-1200-velky-768x512.webp 768w, https:\/\/d2p6e6u75xmxt8.cloudfront.net\/13\/2024\/07\/1800-x-1200-velky-1536x1024.webp 1536w, https:\/\/d2p6e6u75xmxt8.cloudfront.net\/13\/2024\/07\/1800-x-1200-velky-400x267.webp 400w, https:\/\/d2p6e6u75xmxt8.cloudfront.net\/13\/2024\/07\/1800-x-1200-velky-272x182.webp 272w\" width=\"1024\" height=\"683\" sizes=\"auto, (min-width: 1200px) 300px, (min-width: 768px) 25vw, 100vw\" alt=\"remco-evenepoel-neporazi-pogacara-ani-po-prestupu-k-red-bullu\"\/><\/a><\/div>    <div class=\"entry-meta\">\n        <a class=\"label label-secondary post-category\" href=\"https:\/\/www.welovecycling.com\/cs\/category\/silnicni-cyklistika\/\" title=\"Silni\u010dn\u00ed cyklistika\">Silni\u010dn\u00ed cyklistika<\/a>\n    <\/div>\n    <div class=\"entry-details\">\n        <a href=\"https:\/\/www.welovecycling.com\/cs\/2025\/08\/13\/remco-evenepoel-neporazi-pogacara-ani-po-prestupu-k-red-bullu\/\" class='entry-title-wrapper'>\n            <h3 class=\"entry-title\"><span>Remco Evenepoel neporaz\u00ed Poga\u010dara ani po p\u0159estupu k Red Bullu<\/span><\/h3>\n        <\/a>\n    <\/div>\n    <\/article>\n<\/div>\n<h2><strong>Z\u00e1vodn\u00ed kari\u00e9ru tr\u00e1vila Tereza Hu\u0159\u00edkov\u00e1 p\u0159ev\u00e1\u017en\u011b na horsk\u00e9m kole. T\u011b\u0161\u00ed v\u00e1s n\u00e1vraty do ter\u00e9nu na biku?<\/strong><\/h2>\n<p>Horsk\u00e9 kolo je mi nejbli\u017e\u0161\u00ed, tak\u017ee si jdu ka\u017edou podobnou akci u\u017e\u00edt. Jen m\u00e1m tro\u0161ku i s odstupem \u0159ady let po ukon\u010den\u00ed kari\u00e9ry probl\u00e9m, \u017ee jakmile p\u0159ipnu startovn\u00ed \u010d\u00edslo, probouz\u00ed se ve mn\u011b du\u0161e z\u00e1vodn\u00edka a chci nechat na trati v\u0161echno. Poka\u017ed\u00e9 jdu na start z\u00e1vodu s pl\u00e1nem, \u017ee si trasu projedu na pohodu a maxim\u00e1ln\u011b si ji budu vychutn\u00e1vat, ale v\u011bt\u0161inou se to tro\u0161ku zvrtne.<\/p>\n<h2><strong>Z\u00e1vod \u010cEZ Kolem Lipna, jeho\u017e partnerem je \u0160koda Auto, je vypsan\u00fd pro horsk\u00e1 i gravel kola. Kter\u00e1 z variant je v\u00e1m bli\u017e\u0161\u00ed?<\/strong><\/h2>\n<p>Ob\u011b nab\u00edz\u00ed kr\u00e1sn\u00e9 z\u00e1\u017eitky. Mnoho sezon v sedle horsk\u00e9ho kola na nejvy\u0161\u0161\u00ed \u00farovni se na mn\u011b projevilo, tak\u017ee m\u00e1m r\u00e1da horsk\u00e9 kolo pro tu hravost, kterou nab\u00edz\u00ed. Na gravelu m\u011b zase bav\u00ed mo\u017enost kombinace ter\u00e9nu, kdy \u010dlov\u011bk nen\u00ed odk\u00e1zan\u00fd jen na hlavn\u00ed trasy, kde je ob\u010das velk\u00fd provoz. Ale sou\u010dasn\u011b nab\u00edz\u00ed gravel kolo zachov\u00e1n\u00ed rychlosti. V okol\u00ed Prahy, kde organizuji vyj\u00ed\u017e\u010fky pro \u017eeny, je mo\u017enost\u00ed kombinovat gravel se silni\u010dn\u00edmi cestami skute\u010dn\u011b hodn\u011b. N\u011bkdy se nav\u00edc hod\u00ed varianta o\u017eiven\u00ed j\u00edzdy po silnici ter\u00e9nn\u00edmi \u00faseky. Silni\u010dn\u00ed cyklistika je pak \u010dist\u011b o rychlosti. Ka\u017ed\u00e9 \u0161l\u00e1pnut\u00ed \u010dlov\u011bk c\u00edt\u00ed, jak jede rychleji a rychleji. Z\u00e1le\u017e\u00ed na n\u00e1lad\u011b. Je skv\u011bl\u00e9, kdy\u017e si \u010dlov\u011bk m\u016f\u017ee vyb\u00edrat a ochutn\u00e1vat v\u0161echny mo\u017enosti.<\/p>\n<p><a href=\"https:\/\/d2p6e6u75xmxt8.cloudfront.net\/13\/2024\/08\/tereza-hurikova.webp\"><img loading=\"lazy\" decoding=\"async\" class=\"size-full wp-image-26818\" src=\"https:\/\/d2p6e6u75xmxt8.cloudfront.net\/13\/2024\/08\/tereza-hurikova.webp\" alt=\"Tereza Vlk Hu\u0159\u00edkov\u00e1 a Alberto Contador\" width=\"1620\" height=\"1080\" srcset=\"https:\/\/d2p6e6u75xmxt8.cloudfront.net\/13\/2024\/08\/tereza-hurikova.webp 1620w, https:\/\/d2p6e6u75xmxt8.cloudfront.net\/13\/2024\/08\/tereza-hurikova-300x200.webp 300w, https:\/\/d2p6e6u75xmxt8.cloudfront.net\/13\/2024\/08\/tereza-hurikova-1024x683.webp 1024w, https:\/\/d2p6e6u75xmxt8.cloudfront.net\/13\/2024\/08\/tereza-hurikova-768x512.webp 768w, https:\/\/d2p6e6u75xmxt8.cloudfront.net\/13\/2024\/08\/tereza-hurikova-1536x1024.webp 1536w, https:\/\/d2p6e6u75xmxt8.cloudfront.net\/13\/2024\/08\/tereza-hurikova-400x267.webp 400w, https:\/\/d2p6e6u75xmxt8.cloudfront.net\/13\/2024\/08\/tereza-hurikova-272x182.webp 272w\" sizes=\"auto, (max-width: 1620px) 100vw, 1620px\" \/><\/a><\/p>\n<h2><strong>Na \u0160umav\u011b jste s cyklistikou za\u010d\u00ednala, p\u0159ipravovala jste se zde na nejv\u011bt\u0161\u00ed \u00fasp\u011bchy. Jak moc m\u00e1te projetou oblast kolem Lipna, kde se uskute\u010dn\u00ed z\u00e1vod \u010cEZ Kolem Lipna?<\/strong><\/h2>\n<p>P\u0159\u00edmo v t\u011bsn\u00e9 bl\u00edzkosti Lipna jsou ter\u00e9ny velice p\u0159\u00edzniv\u00e9 pro d\u011btskou cyklistiku. Stezky, kter\u00e9 zde byly vybudov\u00e1ny, vyb\u00edz\u00ed k prvn\u00edm kilometr\u016fm za\u010d\u00ednaj\u00edc\u00edch cyklist\u016f. Pokud si chce d\u00e1t \u010dlov\u011bk v\u00edce do t\u011bla, sta\u010d\u00ed se tro\u0161ku vzd\u00e1lit od p\u0159ehrady a objev\u00ed poctiv\u00e9 kope\u010dky v n\u00e1dhern\u00e9 krajin\u011b. D\u00e1l od Lipna nach\u00e1z\u00edm pravideln\u011b nedot\u010denou \u0160umavu, kter\u00e1 m\u011b moc bav\u00ed. Pro rodiny jde o ide\u00e1ln\u00ed destinaci. Man\u017eel znal Lipno jako ryb\u00e1\u0159, j\u00e1 jsem mu jej p\u0159ibl\u00ed\u017eila z cyklistick\u00e9ho hlediska. A kdy\u017e se n\u00e1m narodily d\u011bti, m\u00ed\u0159ila jsem do oblasti pravideln\u011b s voz\u00edkem zapojen\u00fdm za kolo. Trasy jsou zde pohodov\u00e9. A je naprosto \u00fa\u017easn\u00e9, \u017ee funguje mnoho p\u0159\u00edvoz\u016f, tud\u00ed\u017e lze jednotliv\u00e9 j\u00edzdy kombinovat s jedine\u010dn\u00fdm z\u00e1\u017eitkem pro d\u011bti, co\u017e je v\u017edy fajn.<\/p>\n<h2><strong>Kolik \u010dasu vlastn\u011b v obdob\u00ed po kari\u00e9\u0159e coby dvojn\u00e1sobn\u00e1 maminka <a href=\"https:\/\/www.welovecycling.com\/cs\/2023\/11\/22\/tereza-vlk-hurikova-letape-mi-vratila-vasen-pro-kolo\/\">Tereza Hu\u0159\u00edkov\u00e1<\/a> na kole tr\u00e1v\u00ed?<\/strong><\/h2>\n<p>M\u00e1m mnoho cyklistick\u00fdch aktivit, tak\u017ee \u010dasu v sedle kola je hodn\u011b. Ale nen\u00ed zcela pravideln\u00fd. Cyklistika je \u010dasov\u011b n\u00e1ro\u010dn\u00fd sport a \u010dlov\u011bk pot\u0159ebuje v\u011bt\u0161inou minim\u00e1ln\u011b hodinu, sp\u00ed\u0161e v\u00edce, aby si dop\u0159\u00e1l par\u00e1dn\u00ed \u0161vih. Kolo je pro m\u011b tro\u0161ku z\u00e1vislost, ale zase nemus\u00edm sed\u011bt na kole ka\u017ed\u00fd den. Sta\u010d\u00ed vyrazit jednou za t\u0159i dny. Uspokojuji tak sportovce ve mn\u011b. Ale kdy\u017e nevyraz\u00edm ani jednou za cel\u00fd t\u00fdden, jsem z absence kilometr\u016f nesv\u00e1. Proto se sna\u017e\u00edm v r\u00e1mci pracovn\u00edch povinnost\u00ed a p\u00e9\u010de o d\u011bti udr\u017eet jistou pravidelnost cyklistick\u00fdch j\u00edzd, kter\u00e9 prosp\u00edvaj\u00ed m\u00e9mu fyzick\u00e9mu i du\u0161evn\u00edmu zdrav\u00ed.<\/p>\n","protected":false},"excerpt":{"rendered":"<p>\u0160umava je jej\u00edm domovem. Je\u0161t\u011b coby n\u00e1ctilet\u00e1 ve zdej\u0161\u00edch les\u00edch ladila formu, aby se stala juniorskou mistryn\u00ed sv\u011bta v \u010dasovce [&hellip;]<\/p>\n","protected":false},"author":138,"featured_media":707,"comment_status":"open","ping_status":"open","sticky":false,"template":"","format":"standard","meta":{"footnotes":""},"categories":[5],"tags":[4270,126,9,85],"global-categories":[411],"class_list":["post-30618","post","type-post","status-publish","format-standard","has-post-thumbnail","hentry","category-zeny","tag-cez-lipno-sport-festival","tag-cyklistika","tag-silnicni-cyklistika","tag-tereza-hurikova","global-categories-cycling"],"yoast_head":"<!-- This site is optimized with the Yoast SEO Premium plugin v25.3 (Yoast SEO v25.9) - https:\/\/yoast.com\/wordpress\/plugins\/seo\/ -->\n<title>Tereza Hu\u0159\u00edkov\u00e1: Lipno festival je z\u00e1\u017eitek pro celou rodinu | \u0160koda We Love Cycling - \u010cesk\u00e1 republika<\/title>\n<meta name=\"description\" content=\"\u0160umava je jej\u00edm domovem. Je\u0161t\u011b coby n\u00e1ctilet\u00e1 ve zdej\u0161\u00edch les\u00edch ladila formu, aby se stala juniorskou mistryn\u00ed sv\u011bta v \u010dasovce a n\u00e1sledn\u011b v cross country horsk\u00fdch kol. Pozd\u011bji byly \u0161umavsk\u00e9 lesy z\u00e1kladem p\u0159i budov\u00e1n\u00ed v\u00fdkonnosti na cest\u011b k bronzov\u00e9 medaili z mistrovstv\u00ed sv\u011bta v maratonu biker\u016f. Milovan\u00e1 oblast se stala domovem i pro jej\u00ed rodinu. Tereza Hu\u0159\u00edkov\u00e1 ned\u00e1 na \u0160umavu dopustit, a tak nen\u00ed divu, \u017ee jako ambasadorka WeLoveCycling pojede 17. srpna cyklistick\u00fd z\u00e1vod \u010cEZ Kolem Lipna, jeho\u017e partnerem je \u0160koda Auto.\" \/>\n<meta name=\"robots\" content=\"index, follow, max-snippet:-1, max-image-preview:large, max-video-preview:-1\" \/>\n<link rel=\"canonical\" href=\"https:\/\/www.welovecycling.com\/cs\/2025\/08\/15\/tereza-hurikova-lipno-festival-je-zazitek-pro-celou-rodinu\/\" \/>\n<meta property=\"og:locale\" content=\"cs_CZ\" \/>\n<meta property=\"og:type\" content=\"article\" \/>\n<meta property=\"og:title\" content=\"Tereza Hu\u0159\u00edkov\u00e1: Lipno festival je z\u00e1\u017eitek pro celou rodinu\" \/>\n<meta property=\"og:description\" content=\"\u0160umava je jej\u00edm domovem. Je\u0161t\u011b coby n\u00e1ctilet\u00e1 ve zdej\u0161\u00edch les\u00edch ladila formu, aby se stala juniorskou mistryn\u00ed sv\u011bta v \u010dasovce a n\u00e1sledn\u011b v cross country horsk\u00fdch kol. Pozd\u011bji byly \u0161umavsk\u00e9 lesy z\u00e1kladem p\u0159i budov\u00e1n\u00ed v\u00fdkonnosti na cest\u011b k bronzov\u00e9 medaili z mistrovstv\u00ed sv\u011bta v maratonu biker\u016f. Milovan\u00e1 oblast se stala domovem i pro jej\u00ed rodinu. Tereza Hu\u0159\u00edkov\u00e1 ned\u00e1 na \u0160umavu dopustit, a tak nen\u00ed divu, \u017ee jako ambasadorka WeLoveCycling pojede 17. srpna cyklistick\u00fd z\u00e1vod \u010cEZ Kolem Lipna, jeho\u017e partnerem je \u0160koda Auto.\" \/>\n<meta property=\"og:url\" content=\"https:\/\/www.welovecycling.com\/cs\/2025\/08\/15\/tereza-hurikova-lipno-festival-je-zazitek-pro-celou-rodinu\/\" \/>\n<meta property=\"og:site_name\" content=\"\u0160koda We Love Cycling - \u010cesk\u00e1 republika\" \/>\n<meta property=\"article:published_time\" content=\"2025-08-15T13:40:49+00:00\" \/>\n<meta property=\"og:image\" content=\"https:\/\/d2p6e6u75xmxt8.cloudfront.net\/13\/2019\/03\/profimedia-0197671681-1.webp\" \/>\n\t<meta property=\"og:image:width\" content=\"2480\" \/>\n\t<meta property=\"og:image:height\" content=\"1653\" \/>\n\t<meta property=\"og:image:type\" content=\"image\/webp\" \/>\n<meta name=\"author\" content=\"radekmalina\" \/>\n<meta name=\"twitter:card\" content=\"summary_large_image\" \/>\n<meta name=\"twitter:label1\" content=\"Written by\" \/>\n\t<meta name=\"twitter:data1\" content=\"We Love Cycling\" \/>\n\t<meta name=\"twitter:label2\" content=\"Est. reading time\" \/>\n\t<meta name=\"twitter:data2\" content=\"5\" \/>\n<script type=\"application\/ld+json\" class=\"yoast-schema-graph\">{\"@context\":\"https:\/\/schema.org\",\"@graph\":[{\"@type\":\"WebPage\",\"@id\":\"https:\/\/www.welovecycling.com\/cs\/2025\/08\/15\/tereza-hurikova-lipno-festival-je-zazitek-pro-celou-rodinu\/\",\"url\":\"https:\/\/www.welovecycling.com\/cs\/2025\/08\/15\/tereza-hurikova-lipno-festival-je-zazitek-pro-celou-rodinu\/\",\"name\":\"Tereza Hu\u0159\u00edkov\u00e1: Lipno festival je z\u00e1\u017eitek pro celou rodinu | \u0160koda We Love Cycling - \u010cesk\u00e1 republika\",\"isPartOf\":{\"@id\":\"https:\/\/www.welovecycling.com\/cs\/#website\"},\"primaryImageOfPage\":{\"@id\":\"https:\/\/www.welovecycling.com\/cs\/2025\/08\/15\/tereza-hurikova-lipno-festival-je-zazitek-pro-celou-rodinu\/#primaryimage\"},\"image\":{\"@id\":\"https:\/\/www.welovecycling.com\/cs\/2025\/08\/15\/tereza-hurikova-lipno-festival-je-zazitek-pro-celou-rodinu\/#primaryimage\"},\"thumbnailUrl\":\"https:\/\/d2p6e6u75xmxt8.cloudfront.net\/13\/2019\/03\/profimedia-0197671681-1.webp\",\"datePublished\":\"2025-08-15T13:40:49+00:00\",\"author\":{\"@id\":\"https:\/\/www.welovecycling.com\/cs\/#\/schema\/person\/d9eeb0a378f3a7e4a6d12d2b536b04b8\"},\"description\":\"\u0160umava je jej\u00edm domovem. Je\u0161t\u011b coby n\u00e1ctilet\u00e1 ve zdej\u0161\u00edch les\u00edch ladila formu, aby se stala juniorskou mistryn\u00ed sv\u011bta v \u010dasovce a n\u00e1sledn\u011b v cross country horsk\u00fdch kol. Pozd\u011bji byly \u0161umavsk\u00e9 lesy z\u00e1kladem p\u0159i budov\u00e1n\u00ed v\u00fdkonnosti na cest\u011b k bronzov\u00e9 medaili z mistrovstv\u00ed sv\u011bta v maratonu biker\u016f. Milovan\u00e1 oblast se stala domovem i pro jej\u00ed rodinu. Tereza Hu\u0159\u00edkov\u00e1 ned\u00e1 na \u0160umavu dopustit, a tak nen\u00ed divu, \u017ee jako ambasadorka WeLoveCycling pojede 17. srpna cyklistick\u00fd z\u00e1vod \u010cEZ Kolem Lipna, jeho\u017e partnerem je \u0160koda Auto.\",\"inLanguage\":\"cs\",\"potentialAction\":[{\"@type\":\"ReadAction\",\"target\":[\"https:\/\/www.welovecycling.com\/cs\/2025\/08\/15\/tereza-hurikova-lipno-festival-je-zazitek-pro-celou-rodinu\/\"]}]},{\"@type\":\"ImageObject\",\"inLanguage\":\"cs\",\"@id\":\"https:\/\/www.welovecycling.com\/cs\/2025\/08\/15\/tereza-hurikova-lipno-festival-je-zazitek-pro-celou-rodinu\/#primaryimage\",\"url\":\"https:\/\/d2p6e6u75xmxt8.cloudfront.net\/13\/2019\/03\/profimedia-0197671681-1.webp\",\"contentUrl\":\"https:\/\/d2p6e6u75xmxt8.cloudfront.net\/13\/2019\/03\/profimedia-0197671681-1.webp\",\"width\":2480,\"height\":1653,\"caption\":\"Tereza Hu\u0159\u00edkov\u00e1. Foto: Profimedia, Milan \u010cervenka - \u010cEF\"},{\"@type\":\"WebSite\",\"@id\":\"https:\/\/www.welovecycling.com\/cs\/#website\",\"url\":\"https:\/\/www.welovecycling.com\/cs\/\",\"name\":\"\u0160koda We Love Cycling - \u010cesk\u00e1 republika\",\"description\":\"WeLoveCycling.cz je online magaz\u00edn, kter\u00fd v\u00e1m pravideln\u011b p\u0159in\u00e1\u0161\u00ed rady a tipy, zaj\u00edmav\u00e9 \u010dl\u00e1nky, videa a jedine\u010dn\u00e9 report\u00e1\u017ee ze sv\u011bta cyklistiky.\",\"potentialAction\":[{\"@type\":\"SearchAction\",\"target\":{\"@type\":\"EntryPoint\",\"urlTemplate\":\"https:\/\/www.welovecycling.com\/cs\/?s={search_term_string}\"},\"query-input\":{\"@type\":\"PropertyValueSpecification\",\"valueRequired\":true,\"valueName\":\"search_term_string\"}}],\"inLanguage\":\"cs\"},{\"@type\":\"Person\",\"@id\":\"https:\/\/www.welovecycling.com\/cs\/#\/schema\/person\/d9eeb0a378f3a7e4a6d12d2b536b04b8\",\"name\":\"radekmalina\",\"image\":{\"@type\":\"ImageObject\",\"inLanguage\":\"cs\",\"@id\":\"https:\/\/www.welovecycling.com\/cs\/#\/schema\/person\/image\/\",\"url\":\"https:\/\/secure.gravatar.com\/avatar\/66994b632cb8c39a46b9f54afa3ae07201b678d32a54275b6f1c9ffec356bfc0?s=96&d=mm&r=g\",\"contentUrl\":\"https:\/\/secure.gravatar.com\/avatar\/66994b632cb8c39a46b9f54afa3ae07201b678d32a54275b6f1c9ffec356bfc0?s=96&d=mm&r=g\",\"caption\":\"radekmalina\"},\"url\":\"https:\/\/www.welovecycling.com\/cs\/author\/radekmalina\/\"}]}<\/script>\n<!-- \/ Yoast SEO Premium plugin. -->","yoast_head_json":{"title":"Tereza Hu\u0159\u00edkov\u00e1: Lipno festival je z\u00e1\u017eitek pro celou rodinu | \u0160koda We Love Cycling - \u010cesk\u00e1 republika","description":"\u0160umava je jej\u00edm domovem. Je\u0161t\u011b coby n\u00e1ctilet\u00e1 ve zdej\u0161\u00edch les\u00edch ladila formu, aby se stala juniorskou mistryn\u00ed sv\u011bta v \u010dasovce a n\u00e1sledn\u011b v cross country horsk\u00fdch kol. Pozd\u011bji byly \u0161umavsk\u00e9 lesy z\u00e1kladem p\u0159i budov\u00e1n\u00ed v\u00fdkonnosti na cest\u011b k bronzov\u00e9 medaili z mistrovstv\u00ed sv\u011bta v maratonu biker\u016f. Milovan\u00e1 oblast se stala domovem i pro jej\u00ed rodinu. Tereza Hu\u0159\u00edkov\u00e1 ned\u00e1 na \u0160umavu dopustit, a tak nen\u00ed divu, \u017ee jako ambasadorka WeLoveCycling pojede 17. srpna cyklistick\u00fd z\u00e1vod \u010cEZ Kolem Lipna, jeho\u017e partnerem je \u0160koda Auto.","robots":{"index":"index","follow":"follow","max-snippet":"max-snippet:-1","max-image-preview":"max-image-preview:large","max-video-preview":"max-video-preview:-1"},"canonical":"https:\/\/www.welovecycling.com\/cs\/2025\/08\/15\/tereza-hurikova-lipno-festival-je-zazitek-pro-celou-rodinu\/","og_locale":"cs_CZ","og_type":"article","og_title":"Tereza Hu\u0159\u00edkov\u00e1: Lipno festival je z\u00e1\u017eitek pro celou rodinu","og_description":"\u0160umava je jej\u00edm domovem. Je\u0161t\u011b coby n\u00e1ctilet\u00e1 ve zdej\u0161\u00edch les\u00edch ladila formu, aby se stala juniorskou mistryn\u00ed sv\u011bta v \u010dasovce a n\u00e1sledn\u011b v cross country horsk\u00fdch kol. Pozd\u011bji byly \u0161umavsk\u00e9 lesy z\u00e1kladem p\u0159i budov\u00e1n\u00ed v\u00fdkonnosti na cest\u011b k bronzov\u00e9 medaili z mistrovstv\u00ed sv\u011bta v maratonu biker\u016f. Milovan\u00e1 oblast se stala domovem i pro jej\u00ed rodinu. Tereza Hu\u0159\u00edkov\u00e1 ned\u00e1 na \u0160umavu dopustit, a tak nen\u00ed divu, \u017ee jako ambasadorka WeLoveCycling pojede 17. srpna cyklistick\u00fd z\u00e1vod \u010cEZ Kolem Lipna, jeho\u017e partnerem je \u0160koda Auto.","og_url":"https:\/\/www.welovecycling.com\/cs\/2025\/08\/15\/tereza-hurikova-lipno-festival-je-zazitek-pro-celou-rodinu\/","og_site_name":"\u0160koda We Love Cycling - \u010cesk\u00e1 republika","article_published_time":"2025-08-15T13:40:49+00:00","og_image":[{"width":2480,"height":1653,"url":"https:\/\/d2p6e6u75xmxt8.cloudfront.net\/13\/2019\/03\/profimedia-0197671681-1.webp","type":"image\/webp"}],"author":"radekmalina","twitter_card":"summary_large_image","twitter_misc":{"Written by":"We Love Cycling","Est. reading time":"5"},"schema":{"@context":"https:\/\/schema.org","@graph":[{"@type":"WebPage","@id":"https:\/\/www.welovecycling.com\/cs\/2025\/08\/15\/tereza-hurikova-lipno-festival-je-zazitek-pro-celou-rodinu\/","url":"https:\/\/www.welovecycling.com\/cs\/2025\/08\/15\/tereza-hurikova-lipno-festival-je-zazitek-pro-celou-rodinu\/","name":"Tereza Hu\u0159\u00edkov\u00e1: Lipno festival je z\u00e1\u017eitek pro celou rodinu | \u0160koda We Love Cycling - \u010cesk\u00e1 republika","isPartOf":{"@id":"https:\/\/www.welovecycling.com\/cs\/#website"},"primaryImageOfPage":{"@id":"https:\/\/www.welovecycling.com\/cs\/2025\/08\/15\/tereza-hurikova-lipno-festival-je-zazitek-pro-celou-rodinu\/#primaryimage"},"image":{"@id":"https:\/\/www.welovecycling.com\/cs\/2025\/08\/15\/tereza-hurikova-lipno-festival-je-zazitek-pro-celou-rodinu\/#primaryimage"},"thumbnailUrl":"https:\/\/d2p6e6u75xmxt8.cloudfront.net\/13\/2019\/03\/profimedia-0197671681-1.webp","datePublished":"2025-08-15T13:40:49+00:00","author":{"@id":"https:\/\/www.welovecycling.com\/cs\/#\/schema\/person\/d9eeb0a378f3a7e4a6d12d2b536b04b8"},"description":"\u0160umava je jej\u00edm domovem. Je\u0161t\u011b coby n\u00e1ctilet\u00e1 ve zdej\u0161\u00edch les\u00edch ladila formu, aby se stala juniorskou mistryn\u00ed sv\u011bta v \u010dasovce a n\u00e1sledn\u011b v cross country horsk\u00fdch kol. Pozd\u011bji byly \u0161umavsk\u00e9 lesy z\u00e1kladem p\u0159i budov\u00e1n\u00ed v\u00fdkonnosti na cest\u011b k bronzov\u00e9 medaili z mistrovstv\u00ed sv\u011bta v maratonu biker\u016f. Milovan\u00e1 oblast se stala domovem i pro jej\u00ed rodinu. Tereza Hu\u0159\u00edkov\u00e1 ned\u00e1 na \u0160umavu dopustit, a tak nen\u00ed divu, \u017ee jako ambasadorka WeLoveCycling pojede 17. srpna cyklistick\u00fd z\u00e1vod \u010cEZ Kolem Lipna, jeho\u017e partnerem je \u0160koda Auto.","inLanguage":"cs","potentialAction":[{"@type":"ReadAction","target":["https:\/\/www.welovecycling.com\/cs\/2025\/08\/15\/tereza-hurikova-lipno-festival-je-zazitek-pro-celou-rodinu\/"]}]},{"@type":"ImageObject","inLanguage":"cs","@id":"https:\/\/www.welovecycling.com\/cs\/2025\/08\/15\/tereza-hurikova-lipno-festival-je-zazitek-pro-celou-rodinu\/#primaryimage","url":"https:\/\/d2p6e6u75xmxt8.cloudfront.net\/13\/2019\/03\/profimedia-0197671681-1.webp","contentUrl":"https:\/\/d2p6e6u75xmxt8.cloudfront.net\/13\/2019\/03\/profimedia-0197671681-1.webp","width":2480,"height":1653,"caption":"Tereza Hu\u0159\u00edkov\u00e1. Foto: Profimedia, Milan \u010cervenka - \u010cEF"},{"@type":"WebSite","@id":"https:\/\/www.welovecycling.com\/cs\/#website","url":"https:\/\/www.welovecycling.com\/cs\/","name":"\u0160koda We Love Cycling - \u010cesk\u00e1 republika","description":"WeLoveCycling.cz je online magaz\u00edn, kter\u00fd v\u00e1m pravideln\u011b p\u0159in\u00e1\u0161\u00ed rady a tipy, zaj\u00edmav\u00e9 \u010dl\u00e1nky, videa a jedine\u010dn\u00e9 report\u00e1\u017ee ze sv\u011bta cyklistiky.","potentialAction":[{"@type":"SearchAction","target":{"@type":"EntryPoint","urlTemplate":"https:\/\/www.welovecycling.com\/cs\/?s={search_term_string}"},"query-input":{"@type":"PropertyValueSpecification","valueRequired":true,"valueName":"search_term_string"}}],"inLanguage":"cs"},{"@type":"Person","@id":"https:\/\/www.welovecycling.com\/cs\/#\/schema\/person\/d9eeb0a378f3a7e4a6d12d2b536b04b8","name":"radekmalina","image":{"@type":"ImageObject","inLanguage":"cs","@id":"https:\/\/www.welovecycling.com\/cs\/#\/schema\/person\/image\/","url":"https:\/\/secure.gravatar.com\/avatar\/66994b632cb8c39a46b9f54afa3ae07201b678d32a54275b6f1c9ffec356bfc0?s=96&d=mm&r=g","contentUrl":"https:\/\/secure.gravatar.com\/avatar\/66994b632cb8c39a46b9f54afa3ae07201b678d32a54275b6f1c9ffec356bfc0?s=96&d=mm&r=g","caption":"radekmalina"},"url":"https:\/\/www.welovecycling.com\/cs\/author\/radekmalina\/"}]}},"_links":{"self":[{"href":"https:\/\/www.welovecycling.com\/cs\/wp-json\/wp\/v2\/posts\/30618","targetHints":{"allow":["GET"]}}],"collection":[{"href":"https:\/\/www.welovecycling.com\/cs\/wp-json\/wp\/v2\/posts"}],"about":[{"href":"https:\/\/www.welovecycling.com\/cs\/wp-json\/wp\/v2\/types\/post"}],"author":[{"embeddable":true,"href":"https:\/\/www.welovecycling.com\/cs\/wp-json\/wp\/v2\/users\/138"}],"replies":[{"embeddable":true,"href":"https:\/\/www.welovecycling.com\/cs\/wp-json\/wp\/v2\/comments?post=30618"}],"version-history":[{"count":1,"href":"https:\/\/www.welovecycling.com\/cs\/wp-json\/wp\/v2\/posts\/30618\/revisions"}],"predecessor-version":[{"id":30620,"href":"https:\/\/www.welovecycling.com\/cs\/wp-json\/wp\/v2\/posts\/30618\/revisions\/30620"}],"wp:featuredmedia":[{"embeddable":true,"href":"https:\/\/www.welovecycling.com\/cs\/wp-json\/wp\/v2\/media\/707"}],"wp:attachment":[{"href":"https:\/\/www.welovecycling.com\/cs\/wp-json\/wp\/v2\/media?parent=30618"}],"wp:term":[{"taxonomy":"category","embeddable":true,"href":"https:\/\/www.welovecycling.com\/cs\/wp-json\/wp\/v2\/categories?post=30618"},{"taxonomy":"post_tag","embeddable":true,"href":"https:\/\/www.welovecycling.com\/cs\/wp-json\/wp\/v2\/tags?post=30618"},{"taxonomy":"global-categories","embeddable":true,"href":"https:\/\/www.welovecycling.com\/cs\/wp-json\/wp\/v2\/global-categories?post=30618"}],"curies":[{"name":"wp","href":"https:\/\/api.w.org\/{rel}","templated":true}]}}