{"id":30616,"date":"2025-08-15T21:00:08","date_gmt":"2025-08-15T19:00:08","guid":{"rendered":"https:\/\/www.welovecycling.com\/cs\/?p=30616"},"modified":"2025-08-16T07:40:05","modified_gmt":"2025-08-16T05:40:05","slug":"kolabujici-cykliste-spaleni-o-asfalt-kdyz-vedro-zastavit-zavod","status":"publish","type":"post","link":"https:\/\/www.welovecycling.com\/cs\/2025\/08\/15\/kolabujici-cykliste-spaleni-o-asfalt-kdyz-vedro-zastavit-zavod\/","title":{"rendered":"Kolabuj\u00edc\u00ed cyklist\u00e9 sp\u00e1len\u00ed o asfalt? Kdy\u017e vedro zastav\u00ed z\u00e1vod"},"content":{"rendered":"<p><strong>Vedro k zalknut\u00ed. Slunce p\u00e1l\u00ed, \u017ee pro b\u011b\u017en\u00e9ho smrteln\u00edka je fyzick\u00e1 aktivita nep\u0159edstaviteln\u00e1. Nikoliv v\u0161ak pro profesion\u00e1ln\u00ed z\u00e1vodn\u00edky. A tak Czech Tour i uprost\u0159ed parn\u00e9ho l\u00e9ta p\u00ed\u0161e u\u017e sedmn\u00e1ct\u00e9 pokra\u010dov\u00e1n\u00ed. V pr\u016fb\u011bhu etapa je v\u0161ak pamatov\u00e1no na zdrav\u00ed cyklist\u016f, kter\u00e9 zaji\u0161\u0165uje tak zvan\u00fd weather protocol.<\/strong><\/p>\n<p>&#8222;Jde o obecn\u011b platn\u00fd protokol u\u017e\u00edvan\u00fd pro v\u0161echny z\u00e1vody bez rozd\u00edlu, a\u0165 jde o Czech Tour nebo Tour de France,&#8220; vysv\u011btluje Leopold K\u00f6nig, b\u00fdval\u00fd z\u00e1vodn\u00edk a nyn\u00ed \u0159editel Czech Tour.<\/p>\n<h2><strong>Czech Tour pot\u0159ebuje tis\u00edce kilogram\u016f ledu<\/strong><\/h2>\n<p>P\u0159i st\u0159ede\u010dn\u00ed prezentaci na Hrad\u010dansk\u00e9m n\u00e1m\u011bst\u00ed, \u00favodn\u00ed etap\u011b z Prahy do Karlov\u00fdch Var\u016f i druh\u00e9m d\u011bjstv\u00ed z Pardubic na Dlouh\u00e9 str\u00e1n\u011b se peloton krom\u011b profilu trasy pot\u00fdkal s mimo\u0159\u00e1dn\u011b vysok\u00fdmi teplotami atakuj\u00edc\u00edmi \u010dty\u0159icet stup\u0148\u016f. A p\u0159edpov\u011b\u010f na dal\u0161\u00ed pokra\u010dov\u00e1n\u00ed z\u00e1vodu nebyla o nic milosrdn\u011bj\u0161\u00ed. I proto byl v r\u00e1mci Czech Tour aktivov\u00e1n weather protocol pro mimo\u0159\u00e1dn\u011b vysok\u00e9 teploty, kter\u00e9 jsou rozd\u011bleny do p\u011bti stup\u0148\u016f. B\u00edl\u00e1 z\u00f3na, nejp\u0159\u00edv\u011btiv\u011bj\u0161\u00ed, nevy\u017eaduje \u017e\u00e1dn\u00e9 mimo\u0159\u00e1dn\u00e9 z\u00e1sady. N\u00e1sleduje zelen\u00e1 z\u00f3na, pak \u017elut\u00e1, oran\u017eov\u00e1 a \u010derven\u00e1, kter\u00e1 je nejdramati\u010dt\u011bj\u0161\u00ed.<\/p>\n<p><a href=\"https:\/\/d2p6e6u75xmxt8.cloudfront.net\/13\/2025\/08\/BrychtaJan_Czech_Tour_20250814_132524_DSC_4422-scaled.webp\"><img loading=\"lazy\" decoding=\"async\" class=\"alignnone size-extra-large wp-image-30629\" src=\"https:\/\/d2p6e6u75xmxt8.cloudfront.net\/13\/2025\/08\/BrychtaJan_Czech_Tour_20250814_132524_DSC_4422-1920x1280.webp\" alt=\"\" width=\"1920\" height=\"1280\" srcset=\"https:\/\/d2p6e6u75xmxt8.cloudfront.net\/13\/2025\/08\/BrychtaJan_Czech_Tour_20250814_132524_DSC_4422-1920x1280.webp 1920w, https:\/\/d2p6e6u75xmxt8.cloudfront.net\/13\/2025\/08\/BrychtaJan_Czech_Tour_20250814_132524_DSC_4422-300x200.webp 300w, https:\/\/d2p6e6u75xmxt8.cloudfront.net\/13\/2025\/08\/BrychtaJan_Czech_Tour_20250814_132524_DSC_4422-1024x683.webp 1024w, https:\/\/d2p6e6u75xmxt8.cloudfront.net\/13\/2025\/08\/BrychtaJan_Czech_Tour_20250814_132524_DSC_4422-768x512.webp 768w, https:\/\/d2p6e6u75xmxt8.cloudfront.net\/13\/2025\/08\/BrychtaJan_Czech_Tour_20250814_132524_DSC_4422-1536x1024.webp 1536w, https:\/\/d2p6e6u75xmxt8.cloudfront.net\/13\/2025\/08\/BrychtaJan_Czech_Tour_20250814_132524_DSC_4422-2048x1365.webp 2048w, https:\/\/d2p6e6u75xmxt8.cloudfront.net\/13\/2025\/08\/BrychtaJan_Czech_Tour_20250814_132524_DSC_4422-400x267.webp 400w, https:\/\/d2p6e6u75xmxt8.cloudfront.net\/13\/2025\/08\/BrychtaJan_Czech_Tour_20250814_132524_DSC_4422-272x182.webp 272w, https:\/\/d2p6e6u75xmxt8.cloudfront.net\/13\/2025\/08\/BrychtaJan_Czech_Tour_20250814_132524_DSC_4422-1920x1280.webp 1920w\" sizes=\"auto, (max-width: 1920px) 100vw, 1920px\" \/><\/a><\/p>\n<p>&#8222;V pr\u016fb\u011bhu \u00favodn\u00ed etapy jsme se dostali na hranici oran\u017eov\u00e9 z\u00f3ny, co\u017e po n\u00e1s z hlediska protokolu znamenalo aktivaci bodu zvan\u00e9ho day cooling strategy vy\u017eaduj\u00edc\u00edho zaji\u0161t\u011bn\u00ed dostate\u010dn\u00e9ho mno\u017estv\u00ed ledu pro v\u0161echny t\u00fdmy. Bav\u00edme se p\u0159itom o stovk\u00e1ch kilogram\u016f ledu na jednu etapu. Jezdci to pou\u017e\u00edvaj\u00ed nejen do box\u016f, kde se skladuj\u00ed bidony, ale i na vlastn\u00ed ochlazov\u00e1n\u00ed v podob\u011b pun\u010doch napln\u011bn\u00fdch ledem, co se ukl\u00e1daj\u00ed za dres,&#8220; \u0159\u00edk\u00e1 Leopold K\u00f6nig.<\/p>\n<h2><strong>Weather protocol nen\u00ed zam\u011b\u0159en jen na z\u00e1vodn\u00edky<\/strong><\/h2>\n<p>Ov\u0161em weather protocol nen\u00ed zam\u011b\u0159en jen na z\u00e1vodn\u00edky v pelotonu. &#8222;Pamatuje rovn\u011b\u017e na div\u00e1ky ve startovn\u00edch a c\u00edlov\u00fdch m\u011bstech. V p\u0159\u00edpad\u011b p\u0159ekro\u010den\u00ed ur\u010dit\u00e9 teploty je t\u0159eba zajistit dostate\u010dn\u00e9 mno\u017estv\u00ed st\u00ednu pro fanou\u0161ky, co\u017e kup\u0159\u00edkladu V\u00edt\u011bzn\u00e9 n\u00e1m\u011bst\u00ed v Praze spl\u0148ovalo, proto\u017ee k napln\u011bn\u00ed sta\u010d\u00ed i st\u00edn, kter\u00fd poskytuj\u00ed stromy,&#8220; vysv\u011btluje Leopold K\u00f6nig.<\/p>\n<p>Dal\u0161\u00ed kapitolou jsou \u010dlenov\u00e9 organiza\u010dn\u00edho t\u00fdmu <a href=\"https:\/\/www.welovecycling.com\/cs\/2025\/08\/14\/rok-cekal-na-triumf-cesko-je-pro-nej-zemi-zaslibenou\/\">Czech Tour<\/a> od motork\u00e1\u0159\u016f v pelotonu a\u017e po regulov\u010d\u00edky na k\u0159i\u017eovatk\u00e1ch. &#8222;Tam jde prim\u00e1rn\u011b o dostate\u010dnou hydrataci, na co\u017e samoz\u0159ejm\u011b pamatujeme a v\u0161ichni maj\u00ed vlastn\u011b neomezen\u00fd p\u0159\u00edsun tekutin,&#8220; podot\u00fdk\u00e1 \u0159editel z\u00e1vodu.<\/p>\n<p><a href=\"https:\/\/d2p6e6u75xmxt8.cloudfront.net\/13\/2025\/08\/BrychtaJan_Czech_Tour_20250814_133323_DSC_4433-scaled.webp\"><img loading=\"lazy\" decoding=\"async\" class=\"alignnone size-extra-large wp-image-30627\" src=\"https:\/\/d2p6e6u75xmxt8.cloudfront.net\/13\/2025\/08\/BrychtaJan_Czech_Tour_20250814_133323_DSC_4433-1920x1280.webp\" alt=\"\" width=\"1920\" height=\"1280\" srcset=\"https:\/\/d2p6e6u75xmxt8.cloudfront.net\/13\/2025\/08\/BrychtaJan_Czech_Tour_20250814_133323_DSC_4433-1920x1280.webp 1920w, https:\/\/d2p6e6u75xmxt8.cloudfront.net\/13\/2025\/08\/BrychtaJan_Czech_Tour_20250814_133323_DSC_4433-300x200.webp 300w, https:\/\/d2p6e6u75xmxt8.cloudfront.net\/13\/2025\/08\/BrychtaJan_Czech_Tour_20250814_133323_DSC_4433-1024x683.webp 1024w, https:\/\/d2p6e6u75xmxt8.cloudfront.net\/13\/2025\/08\/BrychtaJan_Czech_Tour_20250814_133323_DSC_4433-768x512.webp 768w, https:\/\/d2p6e6u75xmxt8.cloudfront.net\/13\/2025\/08\/BrychtaJan_Czech_Tour_20250814_133323_DSC_4433-1536x1024.webp 1536w, https:\/\/d2p6e6u75xmxt8.cloudfront.net\/13\/2025\/08\/BrychtaJan_Czech_Tour_20250814_133323_DSC_4433-2048x1365.webp 2048w, https:\/\/d2p6e6u75xmxt8.cloudfront.net\/13\/2025\/08\/BrychtaJan_Czech_Tour_20250814_133323_DSC_4433-400x267.webp 400w, https:\/\/d2p6e6u75xmxt8.cloudfront.net\/13\/2025\/08\/BrychtaJan_Czech_Tour_20250814_133323_DSC_4433-272x182.webp 272w, https:\/\/d2p6e6u75xmxt8.cloudfront.net\/13\/2025\/08\/BrychtaJan_Czech_Tour_20250814_133323_DSC_4433-1920x1280.webp 1920w\" sizes=\"auto, (max-width: 1920px) 100vw, 1920px\" \/><\/a><\/p>\n<p>Pr\u00e1v\u011b na jeho bedrech je rozhodnut\u00ed o vyhl\u00e1\u0161en\u00ed mimo\u0159\u00e1dn\u00fdch opat\u0159en\u00ed v p\u0159\u00edpad\u011b, \u017ee je aktivov\u00e1n weather protocol na \u00farovni \u010derven\u00e9 z\u00f3ny. &#8222;Pokud jsou teploty naprosto nesnesiteln\u00e9, uplat\u0148uje se kup\u0159\u00edkladu zkr\u00e1cen\u00ed etapy, vynech\u00e1n\u00ed ur\u010dit\u00fdch pas\u00e1\u017e\u00ed v n\u00ed\u017ein\u00e1ch, kde je nejv\u011bt\u0161\u00ed vedro, neutralizace ur\u010dit\u00fdch \u010d\u00e1st\u00ed nebo v krajn\u00edm p\u0159\u00edpad\u011b \u00fapln\u00e9 zru\u0161en\u00ed,&#8220; vysv\u011btluje \u0161\u00e9f Czech Tour.<\/p>\n<p>Rozhodnut\u00ed, kter\u00e9 by si vy\u017eadoval tzv. \u010derven\u00fd stupe\u0148, v\u0161ak ne\u010din\u00ed \u00fapln\u011b s\u00e1m. &#8222;Neplat\u00ed jednotn\u00e9 pravidlo, kdy by se kup\u0159\u00edkladu p\u0159i teplot\u011b nad \u010dty\u0159icet stup\u0148\u016f etapa zastavovala. Je tam mnoho prom\u011bnn\u00fdch, hlavn\u011b vlhkost v d\u011bji\u0161ti z\u00e1vodu, kter\u00e1 je pochopiteln\u011b odli\u0161n\u00e1 v Evrop\u011b a t\u0159eba n\u011bkde v Asii. V\u017edy m\u00e9mu kone\u010dn\u00e9mu verdiktu p\u0159edch\u00e1z\u00ed konzultace s hlavn\u00edm rozhod\u010d\u00edm, doktorem z\u00e1vodu a z\u00e1stupci t\u00fdm\u016f, co\u017e jsou v p\u0159\u00edpad\u011b Czech Tour 2025 z\u00e1vodn\u00edci t\u00fdm\u016f Soudal Quick Step a Red Bull Bora-hansgrohe,&#8220; p\u0159ibli\u017euje fungov\u00e1n\u00ed protokolu \u0159editel nejv\u011bt\u0161\u00edho \u010desk\u00e9ho etapov\u00e9ho z\u00e1vodu.<\/p>\n<div class=\"shortcode-ys-post-pinup\"><article class=\"loop-simple post-30593 post type-post status-publish format-standard has-post-thumbnail hentry category-silnicni-cyklistika tag-cyklistika tag-prestup tag-red-bull-bora-hansgrohe tag-remco-evenepoel tag-silnicni-cyklistika tag-soudal-quick-step tag-tadej-pogacar tag-tour-de-france tag-zdenek-stybar global-categories-cycling\" data-postid=\"30593\" role=\"article\" data-post-id=\"30593\" data-word-count=\"571\" data-headline-length=\"64\" data-category=\"Silni\u010dn\u00ed cyklistika\" data-global-category=\"Cycling\" data-author=\"We Love Cycling\" data-published=\"2025-08-13T13:22:32+02:00\" data-published-day=\"Wednesday\">\n    <div class=\"entry-thumbnail article-thumbnail\" content=\"https:\/\/d2p6e6u75xmxt8.cloudfront.net\/13\/2024\/07\/1800-x-1200-velky-150x150.webp\"><a href=\"https:\/\/www.welovecycling.com\/cs\/2025\/08\/13\/remco-evenepoel-neporazi-pogacara-ani-po-prestupu-k-red-bullu\/\" class=\"image-holder\" target=\"_self\"><img decoding=\"async\" loading=\"lazy\" class=\"\" src=\"https:\/\/d2p6e6u75xmxt8.cloudfront.net\/13\/2024\/07\/1800-x-1200-velky-1024x683.webp\" srcset=\"https:\/\/d2p6e6u75xmxt8.cloudfront.net\/13\/2024\/07\/1800-x-1200-velky.webp 1800w, https:\/\/d2p6e6u75xmxt8.cloudfront.net\/13\/2024\/07\/1800-x-1200-velky-300x200.webp 300w, https:\/\/d2p6e6u75xmxt8.cloudfront.net\/13\/2024\/07\/1800-x-1200-velky-1024x683.webp 1024w, https:\/\/d2p6e6u75xmxt8.cloudfront.net\/13\/2024\/07\/1800-x-1200-velky-768x512.webp 768w, https:\/\/d2p6e6u75xmxt8.cloudfront.net\/13\/2024\/07\/1800-x-1200-velky-1536x1024.webp 1536w, https:\/\/d2p6e6u75xmxt8.cloudfront.net\/13\/2024\/07\/1800-x-1200-velky-400x267.webp 400w, https:\/\/d2p6e6u75xmxt8.cloudfront.net\/13\/2024\/07\/1800-x-1200-velky-272x182.webp 272w\" width=\"1024\" height=\"683\" sizes=\"auto, (min-width: 1200px) 300px, (min-width: 768px) 25vw, 100vw\" alt=\"remco-evenepoel-neporazi-pogacara-ani-po-prestupu-k-red-bullu\"\/><\/a><\/div>    <div class=\"entry-meta\">\n        <a class=\"label label-secondary post-category\" href=\"https:\/\/www.welovecycling.com\/cs\/category\/silnicni-cyklistika\/\" title=\"Silni\u010dn\u00ed cyklistika\">Silni\u010dn\u00ed cyklistika<\/a>\n    <\/div>\n    <div class=\"entry-details\">\n        <a href=\"https:\/\/www.welovecycling.com\/cs\/2025\/08\/13\/remco-evenepoel-neporazi-pogacara-ani-po-prestupu-k-red-bullu\/\" class='entry-title-wrapper'>\n            <h3 class=\"entry-title\"><span>Remco Evenepoel neporaz\u00ed Poga\u010dara ani po p\u0159estupu k Red Bullu<\/span><\/h3>\n        <\/a>\n    <\/div>\n    <\/article>\n<\/div>\n<p>S\u00e1m nejvy\u0161\u0161\u00ed \u010derven\u00fd stupe\u0148 za\u017eil b\u011bhem \u00fasp\u011b\u0161n\u00e9 kari\u00e9ry, kdy dojel v elitn\u00ed des\u00edtce na v\u0161ech Grand Tour, dvakr\u00e1t. &#8222;Poprv\u00e9 v Om\u00e1nu, kdy bylo pades\u00e1t stup\u0148\u016f. Tehdy organiz\u00e1to\u0159i etapu zkr\u00e1tili na polovinu,&#8220; vybavuje si \u0159editel Czech Tour zku\u0161enost s exotick\u00fdm etapov\u00fdm podnikem. Druh\u00fd z\u00e1\u017eitek s \u010derven\u00fdm stupn\u011bm protokolu byl mnohem dramati\u010dt\u011bj\u0161\u00ed. P\u0159i z\u00e1vod\u011b Kolem Kalifornie. &#8222;Etapa vedla p\u0159es \u00dadol\u00ed smrti. Teplota vy\u0161plhala na dvaapades\u00e1t stup\u0148\u016f. Organiz\u00e1to\u0159i z\u00e1vod nezastavili a spousta jezdc\u016f kolabovala. N\u011bkolik kluk\u016f se sp\u00e1lilo o roz\u017ehaven\u00fd asfalt, kdy\u017e prost\u011b vy\u010derp\u00e1n\u00edm lehli na zem,&#8220; vzpom\u00edn\u00e1 Leopold K\u00f6nig.<\/p>\n","protected":false},"excerpt":{"rendered":"<p>Vedro k zalknut\u00ed. Slunce p\u00e1l\u00ed, \u017ee pro b\u011b\u017en\u00e9ho smrteln\u00edka je fyzick\u00e1 aktivita nep\u0159edstaviteln\u00e1. Nikoliv v\u0161ak pro profesion\u00e1ln\u00ed z\u00e1vodn\u00edky. A tak [&hellip;]<\/p>\n","protected":false},"author":138,"featured_media":30628,"comment_status":"open","ping_status":"open","sticky":false,"template":"","format":"standard","meta":{"footnotes":""},"categories":[6],"tags":[126,2963,304,9,4337,67],"global-categories":[411],"class_list":["post-30616","post","type-post","status-publish","format-standard","has-post-thumbnail","hentry","category-zdravi-a-trenink","tag-cyklistika","tag-czech-tour","tag-leopold-konig","tag-silnicni-cyklistika","tag-weather-protocol","tag-zdravi-a-trenink","global-categories-cycling"],"yoast_head":"<!-- This site is optimized with the Yoast SEO Premium plugin v25.3 (Yoast SEO v25.9) - https:\/\/yoast.com\/wordpress\/plugins\/seo\/ -->\n<title>Kolabuj\u00edc\u00ed cyklist\u00e9 sp\u00e1len\u00ed o asfalt? Kdy\u017e vedro zastav\u00ed z\u00e1vod | \u0160koda We Love Cycling - \u010cesk\u00e1 republika<\/title>\n<meta name=\"description\" content=\"Vedro k zalknut\u00ed. Slunce p\u00e1l\u00ed, \u017ee pro b\u011b\u017en\u00e9ho smrteln\u00edka je fyzick\u00e1 aktivita nep\u0159edstaviteln\u00e1. Nikoliv v\u0161ak pro profesion\u00e1ln\u00ed z\u00e1vodn\u00edky. A tak Czech Tour i uprost\u0159ed parn\u00e9ho l\u00e9ta p\u00ed\u0161e u\u017e sedmn\u00e1ct\u00e9 pokra\u010dov\u00e1n\u00ed. V pr\u016fb\u011bhu etapa je v\u0161ak pamatov\u00e1no na zdrav\u00ed cyklist\u016f, kter\u00e9 zaji\u0161\u0165uje tak zvan\u00fd weather protocol.\" \/>\n<meta name=\"robots\" content=\"index, follow, max-snippet:-1, max-image-preview:large, max-video-preview:-1\" \/>\n<link rel=\"canonical\" href=\"https:\/\/www.welovecycling.com\/cs\/2025\/08\/15\/kolabujici-cykliste-spaleni-o-asfalt-kdyz-vedro-zastavit-zavod\/\" \/>\n<meta property=\"og:locale\" content=\"cs_CZ\" \/>\n<meta property=\"og:type\" content=\"article\" \/>\n<meta property=\"og:title\" content=\"Kolabuj\u00edc\u00ed cyklist\u00e9 sp\u00e1len\u00ed o asfalt? Kdy\u017e vedro zastav\u00ed z\u00e1vod\" \/>\n<meta property=\"og:description\" content=\"Vedro k zalknut\u00ed. Slunce p\u00e1l\u00ed, \u017ee pro b\u011b\u017en\u00e9ho smrteln\u00edka je fyzick\u00e1 aktivita nep\u0159edstaviteln\u00e1. Nikoliv v\u0161ak pro profesion\u00e1ln\u00ed z\u00e1vodn\u00edky. A tak Czech Tour i uprost\u0159ed parn\u00e9ho l\u00e9ta p\u00ed\u0161e u\u017e sedmn\u00e1ct\u00e9 pokra\u010dov\u00e1n\u00ed. V pr\u016fb\u011bhu etapa je v\u0161ak pamatov\u00e1no na zdrav\u00ed cyklist\u016f, kter\u00e9 zaji\u0161\u0165uje tak zvan\u00fd weather protocol.\" \/>\n<meta property=\"og:url\" content=\"https:\/\/www.welovecycling.com\/cs\/2025\/08\/15\/kolabujici-cykliste-spaleni-o-asfalt-kdyz-vedro-zastavit-zavod\/\" \/>\n<meta property=\"og:site_name\" content=\"\u0160koda We Love Cycling - \u010cesk\u00e1 republika\" \/>\n<meta property=\"article:published_time\" content=\"2025-08-15T19:00:08+00:00\" \/>\n<meta property=\"article:modified_time\" content=\"2025-08-16T05:40:05+00:00\" \/>\n<meta property=\"og:image\" content=\"https:\/\/d2p6e6u75xmxt8.cloudfront.net\/13\/2025\/08\/DSC_4690-scaled.webp\" \/>\n\t<meta property=\"og:image:width\" content=\"2560\" \/>\n\t<meta property=\"og:image:height\" content=\"1707\" \/>\n\t<meta property=\"og:image:type\" content=\"image\/webp\" \/>\n<meta name=\"author\" content=\"radekmalina\" \/>\n<meta name=\"twitter:card\" content=\"summary_large_image\" \/>\n<meta name=\"twitter:label1\" content=\"Written by\" \/>\n\t<meta name=\"twitter:data1\" content=\"We Love Cycling\" \/>\n\t<meta name=\"twitter:label2\" content=\"Est. reading time\" \/>\n\t<meta name=\"twitter:data2\" content=\"5\" \/>\n<script type=\"application\/ld+json\" class=\"yoast-schema-graph\">{\"@context\":\"https:\/\/schema.org\",\"@graph\":[{\"@type\":\"WebPage\",\"@id\":\"https:\/\/www.welovecycling.com\/cs\/2025\/08\/15\/kolabujici-cykliste-spaleni-o-asfalt-kdyz-vedro-zastavit-zavod\/\",\"url\":\"https:\/\/www.welovecycling.com\/cs\/2025\/08\/15\/kolabujici-cykliste-spaleni-o-asfalt-kdyz-vedro-zastavit-zavod\/\",\"name\":\"Kolabuj\u00edc\u00ed cyklist\u00e9 sp\u00e1len\u00ed o asfalt? Kdy\u017e vedro zastav\u00ed z\u00e1vod | \u0160koda We Love Cycling - \u010cesk\u00e1 republika\",\"isPartOf\":{\"@id\":\"https:\/\/www.welovecycling.com\/cs\/#website\"},\"primaryImageOfPage\":{\"@id\":\"https:\/\/www.welovecycling.com\/cs\/2025\/08\/15\/kolabujici-cykliste-spaleni-o-asfalt-kdyz-vedro-zastavit-zavod\/#primaryimage\"},\"image\":{\"@id\":\"https:\/\/www.welovecycling.com\/cs\/2025\/08\/15\/kolabujici-cykliste-spaleni-o-asfalt-kdyz-vedro-zastavit-zavod\/#primaryimage\"},\"thumbnailUrl\":\"https:\/\/d2p6e6u75xmxt8.cloudfront.net\/13\/2025\/08\/DSC_4690-scaled.webp\",\"datePublished\":\"2025-08-15T19:00:08+00:00\",\"dateModified\":\"2025-08-16T05:40:05+00:00\",\"author\":{\"@id\":\"https:\/\/www.welovecycling.com\/cs\/#\/schema\/person\/d9eeb0a378f3a7e4a6d12d2b536b04b8\"},\"description\":\"Vedro k zalknut\u00ed. Slunce p\u00e1l\u00ed, \u017ee pro b\u011b\u017en\u00e9ho smrteln\u00edka je fyzick\u00e1 aktivita nep\u0159edstaviteln\u00e1. Nikoliv v\u0161ak pro profesion\u00e1ln\u00ed z\u00e1vodn\u00edky. A tak Czech Tour i uprost\u0159ed parn\u00e9ho l\u00e9ta p\u00ed\u0161e u\u017e sedmn\u00e1ct\u00e9 pokra\u010dov\u00e1n\u00ed. V pr\u016fb\u011bhu etapa je v\u0161ak pamatov\u00e1no na zdrav\u00ed cyklist\u016f, kter\u00e9 zaji\u0161\u0165uje tak zvan\u00fd weather protocol.\",\"inLanguage\":\"cs\",\"potentialAction\":[{\"@type\":\"ReadAction\",\"target\":[\"https:\/\/www.welovecycling.com\/cs\/2025\/08\/15\/kolabujici-cykliste-spaleni-o-asfalt-kdyz-vedro-zastavit-zavod\/\"]}]},{\"@type\":\"ImageObject\",\"inLanguage\":\"cs\",\"@id\":\"https:\/\/www.welovecycling.com\/cs\/2025\/08\/15\/kolabujici-cykliste-spaleni-o-asfalt-kdyz-vedro-zastavit-zavod\/#primaryimage\",\"url\":\"https:\/\/d2p6e6u75xmxt8.cloudfront.net\/13\/2025\/08\/DSC_4690-scaled.webp\",\"contentUrl\":\"https:\/\/d2p6e6u75xmxt8.cloudfront.net\/13\/2025\/08\/DSC_4690-scaled.webp\",\"width\":2560,\"height\":1707,\"caption\":\"weather protocol\"},{\"@type\":\"WebSite\",\"@id\":\"https:\/\/www.welovecycling.com\/cs\/#website\",\"url\":\"https:\/\/www.welovecycling.com\/cs\/\",\"name\":\"\u0160koda We Love Cycling - \u010cesk\u00e1 republika\",\"description\":\"WeLoveCycling.cz je online magaz\u00edn, kter\u00fd v\u00e1m pravideln\u011b p\u0159in\u00e1\u0161\u00ed rady a tipy, zaj\u00edmav\u00e9 \u010dl\u00e1nky, videa a jedine\u010dn\u00e9 report\u00e1\u017ee ze sv\u011bta cyklistiky.\",\"potentialAction\":[{\"@type\":\"SearchAction\",\"target\":{\"@type\":\"EntryPoint\",\"urlTemplate\":\"https:\/\/www.welovecycling.com\/cs\/?s={search_term_string}\"},\"query-input\":{\"@type\":\"PropertyValueSpecification\",\"valueRequired\":true,\"valueName\":\"search_term_string\"}}],\"inLanguage\":\"cs\"},{\"@type\":\"Person\",\"@id\":\"https:\/\/www.welovecycling.com\/cs\/#\/schema\/person\/d9eeb0a378f3a7e4a6d12d2b536b04b8\",\"name\":\"radekmalina\",\"image\":{\"@type\":\"ImageObject\",\"inLanguage\":\"cs\",\"@id\":\"https:\/\/www.welovecycling.com\/cs\/#\/schema\/person\/image\/\",\"url\":\"https:\/\/secure.gravatar.com\/avatar\/66994b632cb8c39a46b9f54afa3ae07201b678d32a54275b6f1c9ffec356bfc0?s=96&d=mm&r=g\",\"contentUrl\":\"https:\/\/secure.gravatar.com\/avatar\/66994b632cb8c39a46b9f54afa3ae07201b678d32a54275b6f1c9ffec356bfc0?s=96&d=mm&r=g\",\"caption\":\"radekmalina\"},\"url\":\"https:\/\/www.welovecycling.com\/cs\/author\/radekmalina\/\"}]}<\/script>\n<!-- \/ Yoast SEO Premium plugin. -->","yoast_head_json":{"title":"Kolabuj\u00edc\u00ed cyklist\u00e9 sp\u00e1len\u00ed o asfalt? Kdy\u017e vedro zastav\u00ed z\u00e1vod | \u0160koda We Love Cycling - \u010cesk\u00e1 republika","description":"Vedro k zalknut\u00ed. Slunce p\u00e1l\u00ed, \u017ee pro b\u011b\u017en\u00e9ho smrteln\u00edka je fyzick\u00e1 aktivita nep\u0159edstaviteln\u00e1. Nikoliv v\u0161ak pro profesion\u00e1ln\u00ed z\u00e1vodn\u00edky. A tak Czech Tour i uprost\u0159ed parn\u00e9ho l\u00e9ta p\u00ed\u0161e u\u017e sedmn\u00e1ct\u00e9 pokra\u010dov\u00e1n\u00ed. V pr\u016fb\u011bhu etapa je v\u0161ak pamatov\u00e1no na zdrav\u00ed cyklist\u016f, kter\u00e9 zaji\u0161\u0165uje tak zvan\u00fd weather protocol.","robots":{"index":"index","follow":"follow","max-snippet":"max-snippet:-1","max-image-preview":"max-image-preview:large","max-video-preview":"max-video-preview:-1"},"canonical":"https:\/\/www.welovecycling.com\/cs\/2025\/08\/15\/kolabujici-cykliste-spaleni-o-asfalt-kdyz-vedro-zastavit-zavod\/","og_locale":"cs_CZ","og_type":"article","og_title":"Kolabuj\u00edc\u00ed cyklist\u00e9 sp\u00e1len\u00ed o asfalt? Kdy\u017e vedro zastav\u00ed z\u00e1vod","og_description":"Vedro k zalknut\u00ed. Slunce p\u00e1l\u00ed, \u017ee pro b\u011b\u017en\u00e9ho smrteln\u00edka je fyzick\u00e1 aktivita nep\u0159edstaviteln\u00e1. Nikoliv v\u0161ak pro profesion\u00e1ln\u00ed z\u00e1vodn\u00edky. A tak Czech Tour i uprost\u0159ed parn\u00e9ho l\u00e9ta p\u00ed\u0161e u\u017e sedmn\u00e1ct\u00e9 pokra\u010dov\u00e1n\u00ed. V pr\u016fb\u011bhu etapa je v\u0161ak pamatov\u00e1no na zdrav\u00ed cyklist\u016f, kter\u00e9 zaji\u0161\u0165uje tak zvan\u00fd weather protocol.","og_url":"https:\/\/www.welovecycling.com\/cs\/2025\/08\/15\/kolabujici-cykliste-spaleni-o-asfalt-kdyz-vedro-zastavit-zavod\/","og_site_name":"\u0160koda We Love Cycling - \u010cesk\u00e1 republika","article_published_time":"2025-08-15T19:00:08+00:00","article_modified_time":"2025-08-16T05:40:05+00:00","og_image":[{"width":2560,"height":1707,"url":"https:\/\/d2p6e6u75xmxt8.cloudfront.net\/13\/2025\/08\/DSC_4690-scaled.webp","type":"image\/webp"}],"author":"radekmalina","twitter_card":"summary_large_image","twitter_misc":{"Written by":"We Love Cycling","Est. reading time":"5"},"schema":{"@context":"https:\/\/schema.org","@graph":[{"@type":"WebPage","@id":"https:\/\/www.welovecycling.com\/cs\/2025\/08\/15\/kolabujici-cykliste-spaleni-o-asfalt-kdyz-vedro-zastavit-zavod\/","url":"https:\/\/www.welovecycling.com\/cs\/2025\/08\/15\/kolabujici-cykliste-spaleni-o-asfalt-kdyz-vedro-zastavit-zavod\/","name":"Kolabuj\u00edc\u00ed cyklist\u00e9 sp\u00e1len\u00ed o asfalt? Kdy\u017e vedro zastav\u00ed z\u00e1vod | \u0160koda We Love Cycling - \u010cesk\u00e1 republika","isPartOf":{"@id":"https:\/\/www.welovecycling.com\/cs\/#website"},"primaryImageOfPage":{"@id":"https:\/\/www.welovecycling.com\/cs\/2025\/08\/15\/kolabujici-cykliste-spaleni-o-asfalt-kdyz-vedro-zastavit-zavod\/#primaryimage"},"image":{"@id":"https:\/\/www.welovecycling.com\/cs\/2025\/08\/15\/kolabujici-cykliste-spaleni-o-asfalt-kdyz-vedro-zastavit-zavod\/#primaryimage"},"thumbnailUrl":"https:\/\/d2p6e6u75xmxt8.cloudfront.net\/13\/2025\/08\/DSC_4690-scaled.webp","datePublished":"2025-08-15T19:00:08+00:00","dateModified":"2025-08-16T05:40:05+00:00","author":{"@id":"https:\/\/www.welovecycling.com\/cs\/#\/schema\/person\/d9eeb0a378f3a7e4a6d12d2b536b04b8"},"description":"Vedro k zalknut\u00ed. Slunce p\u00e1l\u00ed, \u017ee pro b\u011b\u017en\u00e9ho smrteln\u00edka je fyzick\u00e1 aktivita nep\u0159edstaviteln\u00e1. Nikoliv v\u0161ak pro profesion\u00e1ln\u00ed z\u00e1vodn\u00edky. A tak Czech Tour i uprost\u0159ed parn\u00e9ho l\u00e9ta p\u00ed\u0161e u\u017e sedmn\u00e1ct\u00e9 pokra\u010dov\u00e1n\u00ed. V pr\u016fb\u011bhu etapa je v\u0161ak pamatov\u00e1no na zdrav\u00ed cyklist\u016f, kter\u00e9 zaji\u0161\u0165uje tak zvan\u00fd weather protocol.","inLanguage":"cs","potentialAction":[{"@type":"ReadAction","target":["https:\/\/www.welovecycling.com\/cs\/2025\/08\/15\/kolabujici-cykliste-spaleni-o-asfalt-kdyz-vedro-zastavit-zavod\/"]}]},{"@type":"ImageObject","inLanguage":"cs","@id":"https:\/\/www.welovecycling.com\/cs\/2025\/08\/15\/kolabujici-cykliste-spaleni-o-asfalt-kdyz-vedro-zastavit-zavod\/#primaryimage","url":"https:\/\/d2p6e6u75xmxt8.cloudfront.net\/13\/2025\/08\/DSC_4690-scaled.webp","contentUrl":"https:\/\/d2p6e6u75xmxt8.cloudfront.net\/13\/2025\/08\/DSC_4690-scaled.webp","width":2560,"height":1707,"caption":"weather protocol"},{"@type":"WebSite","@id":"https:\/\/www.welovecycling.com\/cs\/#website","url":"https:\/\/www.welovecycling.com\/cs\/","name":"\u0160koda We Love Cycling - \u010cesk\u00e1 republika","description":"WeLoveCycling.cz je online magaz\u00edn, kter\u00fd v\u00e1m pravideln\u011b p\u0159in\u00e1\u0161\u00ed rady a tipy, zaj\u00edmav\u00e9 \u010dl\u00e1nky, videa a jedine\u010dn\u00e9 report\u00e1\u017ee ze sv\u011bta cyklistiky.","potentialAction":[{"@type":"SearchAction","target":{"@type":"EntryPoint","urlTemplate":"https:\/\/www.welovecycling.com\/cs\/?s={search_term_string}"},"query-input":{"@type":"PropertyValueSpecification","valueRequired":true,"valueName":"search_term_string"}}],"inLanguage":"cs"},{"@type":"Person","@id":"https:\/\/www.welovecycling.com\/cs\/#\/schema\/person\/d9eeb0a378f3a7e4a6d12d2b536b04b8","name":"radekmalina","image":{"@type":"ImageObject","inLanguage":"cs","@id":"https:\/\/www.welovecycling.com\/cs\/#\/schema\/person\/image\/","url":"https:\/\/secure.gravatar.com\/avatar\/66994b632cb8c39a46b9f54afa3ae07201b678d32a54275b6f1c9ffec356bfc0?s=96&d=mm&r=g","contentUrl":"https:\/\/secure.gravatar.com\/avatar\/66994b632cb8c39a46b9f54afa3ae07201b678d32a54275b6f1c9ffec356bfc0?s=96&d=mm&r=g","caption":"radekmalina"},"url":"https:\/\/www.welovecycling.com\/cs\/author\/radekmalina\/"}]}},"_links":{"self":[{"href":"https:\/\/www.welovecycling.com\/cs\/wp-json\/wp\/v2\/posts\/30616","targetHints":{"allow":["GET"]}}],"collection":[{"href":"https:\/\/www.welovecycling.com\/cs\/wp-json\/wp\/v2\/posts"}],"about":[{"href":"https:\/\/www.welovecycling.com\/cs\/wp-json\/wp\/v2\/types\/post"}],"author":[{"embeddable":true,"href":"https:\/\/www.welovecycling.com\/cs\/wp-json\/wp\/v2\/users\/138"}],"replies":[{"embeddable":true,"href":"https:\/\/www.welovecycling.com\/cs\/wp-json\/wp\/v2\/comments?post=30616"}],"version-history":[{"count":3,"href":"https:\/\/www.welovecycling.com\/cs\/wp-json\/wp\/v2\/posts\/30616\/revisions"}],"predecessor-version":[{"id":30636,"href":"https:\/\/www.welovecycling.com\/cs\/wp-json\/wp\/v2\/posts\/30616\/revisions\/30636"}],"wp:featuredmedia":[{"embeddable":true,"href":"https:\/\/www.welovecycling.com\/cs\/wp-json\/wp\/v2\/media\/30628"}],"wp:attachment":[{"href":"https:\/\/www.welovecycling.com\/cs\/wp-json\/wp\/v2\/media?parent=30616"}],"wp:term":[{"taxonomy":"category","embeddable":true,"href":"https:\/\/www.welovecycling.com\/cs\/wp-json\/wp\/v2\/categories?post=30616"},{"taxonomy":"post_tag","embeddable":true,"href":"https:\/\/www.welovecycling.com\/cs\/wp-json\/wp\/v2\/tags?post=30616"},{"taxonomy":"global-categories","embeddable":true,"href":"https:\/\/www.welovecycling.com\/cs\/wp-json\/wp\/v2\/global-categories?post=30616"}],"curies":[{"name":"wp","href":"https:\/\/api.w.org\/{rel}","templated":true}]}}