{"id":30613,"date":"2025-08-14T18:47:18","date_gmt":"2025-08-14T16:47:18","guid":{"rendered":"https:\/\/www.welovecycling.com\/cs\/?p=30613"},"modified":"2025-08-14T18:47:18","modified_gmt":"2025-08-14T16:47:18","slug":"nemohl-dychat-bolelo-ho-u-srdce-a-pak-jeste-prisel-pad","status":"publish","type":"post","link":"https:\/\/www.welovecycling.com\/cs\/2025\/08\/14\/nemohl-dychat-bolelo-ho-u-srdce-a-pak-jeste-prisel-pad\/","title":{"rendered":"Nemohl d\u00fdchat, bolelo ho u srdce. A pak je\u0161t\u011b p\u0159i\u0161el p\u00e1d&#8230;"},"content":{"rendered":"<p><strong>Kon\u010d\u00edm a odstupuji. M\u011bl v hlav\u011b \u010dern\u00e9 my\u0161lenky a v duchu u\u017e se lou\u010dil se z\u00e1vodem, na kter\u00fd se tolik t\u011b\u0161il. Michal Schuran m\u00e1lem opustil Czech Tour 2025 u\u017e v pr\u016fb\u011bhu prvn\u00edho d\u011bjstv\u00ed. Nakonec se do c\u00edle etapy v Karlov\u00fdch Varech dostal. S p\u0159ehledem a je\u0161t\u011b bojoval o trikot pro nejlep\u0161\u00edho \u010desk\u00e9ho z\u00e1vodn\u00edka. Marn\u011b. Sm\u016fly si toti\u017e v prvn\u00edm dnu nejv\u011bt\u0161\u00edho tuzemsk\u00e9ho z\u00e1vodu vybral vrchovat\u011b&#8230;<\/strong><\/p>\n<p>&#8222;\u017dihadlo od vosy m\u00e1lem ukon\u010dilo m\u016fj z\u00e1vod. Jsem toti\u017e alergick\u00fd,&#8220; vykl\u00e1dal v c\u00edli Michal Schuran, z\u00e1vodn\u00edk ma\u010farsk\u00e9 formace United Shipping.<\/p>\n<p>Minul\u00fd rok na Czech Tour je\u0161t\u011b v dresu ATT Investments ovl\u00e1dl celkov\u00e9 po\u0159ad\u00ed vrcha\u0159sk\u00e9 sout\u011b\u017ee. P\u0159ed sezonou se dev\u011btadvacetilet\u00fd rod\u00e1k z Teplic p\u0159esunul do ma\u010farsk\u00e9 kontinent\u00e1ln\u00ed formace. P\u0159i etap\u00e1ku Tour of Mersin vyhr\u00e1l vrcha\u0159skou sout\u011b\u017e. V Ma\u010farsku ve velk\u00e9 konkurenci cyklist\u016f z World Tour byl mezi vrcha\u0159i dev\u00e1t\u00fd. Na start Czech Tour 2025 se tud\u00ed\u017e postavil s velk\u00fdmi ambicemi.<\/p>\n<p>&#8222;Cht\u011bl bych obh\u00e1jit lo\u0148sk\u00e9 v\u00edt\u011bzstv\u00ed mezi vrcha\u0159i. Nebo zkusit dres pro nejlep\u0161\u00edho \u010desk\u00e9ho z\u00e1vodn\u00edka. Uvid\u00edme, jak se bude z\u00e1vod vyv\u00edjet,&#8220; pl\u00e1noval po prezentaci na Hrad\u010dansk\u00e9m n\u00e1m\u011bst\u00ed. &#8222;M\u011bl jsem to deset minut za t\u00fdmem na hotel,&#8220; liboval si.<\/p>\n<h2><strong>Po \u017eihadle pot\u0159eboval l\u00e9k na alergickou reakci<\/strong><\/h2>\n<p>V \u00favodn\u00ed etap\u011b z Prahy do Karlov\u00fdch Var\u016f nechyb\u011bl v \u00faniku, kter\u00fd byl na \u010dele z\u00e1vodu t\u00e9m\u011b\u0159 140 kilometr\u016f. Bojoval o body do sout\u011b\u017ee vrcha\u0159\u016f. T\u0159ikr\u00e1t byla na trase pr\u00e9mie druh\u00e9 kategorie, t\u0159ikr\u00e1t podlehl \u0161estadvacetilet\u00e9mu Italovi Garibbovi z japonsk\u00e9ho t\u00fdmu Ukyo. &#8222;\u00danik fungoval v\u00e1\u017en\u011b dob\u0159e. Perfektn\u011b jsme spolupracovali. Taktizovalo se jenom p\u0159ed pr\u00e9miemi, proto\u017ee ka\u017ed\u00fd m\u011bl pochopiteln\u011b sv\u016fj osobn\u00ed z\u00e1jem. Ital byl opravdu rychl\u00fd, siln\u011bj\u0161\u00ed ne\u017e j\u00e1,&#8220; uznal v c\u00edli Michal Schuran.<\/p>\n<figure id=\"attachment_30606\" aria-describedby=\"caption-attachment-30606\" style=\"width: 1920px\" class=\"wp-caption alignnone\"><a href=\"https:\/\/d2p6e6u75xmxt8.cloudfront.net\/13\/2025\/08\/CZECH-TOUR1104686.webp\"><img loading=\"lazy\" decoding=\"async\" class=\"size-extra-large wp-image-30606\" src=\"https:\/\/d2p6e6u75xmxt8.cloudfront.net\/13\/2025\/08\/CZECH-TOUR1104686-1920x1279.webp\" alt=\"\" width=\"1920\" height=\"1279\" srcset=\"https:\/\/d2p6e6u75xmxt8.cloudfront.net\/13\/2025\/08\/CZECH-TOUR1104686-1920x1279.webp 1920w, https:\/\/d2p6e6u75xmxt8.cloudfront.net\/13\/2025\/08\/CZECH-TOUR1104686-300x200.webp 300w, https:\/\/d2p6e6u75xmxt8.cloudfront.net\/13\/2025\/08\/CZECH-TOUR1104686-1024x682.webp 1024w, https:\/\/d2p6e6u75xmxt8.cloudfront.net\/13\/2025\/08\/CZECH-TOUR1104686-768x512.webp 768w, https:\/\/d2p6e6u75xmxt8.cloudfront.net\/13\/2025\/08\/CZECH-TOUR1104686-1536x1023.webp 1536w, https:\/\/d2p6e6u75xmxt8.cloudfront.net\/13\/2025\/08\/CZECH-TOUR1104686-400x266.webp 400w, https:\/\/d2p6e6u75xmxt8.cloudfront.net\/13\/2025\/08\/CZECH-TOUR1104686-272x182.webp 272w, https:\/\/d2p6e6u75xmxt8.cloudfront.net\/13\/2025\/08\/CZECH-TOUR1104686.webp 2048w, https:\/\/d2p6e6u75xmxt8.cloudfront.net\/13\/2025\/08\/CZECH-TOUR1104686-1920x1279.webp 1920w\" sizes=\"auto, (max-width: 1920px) 100vw, 1920px\" \/><\/a><figcaption id=\"caption-attachment-30606\" class=\"wp-caption-text\"><em>Michal Schuran na trati \u00favodn\u00ed etapy Czech Tour 2025.<\/em><\/figcaption><\/figure>\n<p>Ovl\u00e1dl alespo\u0148 sprinterskou pr\u00e9mii. Z\u00edskal deset bod\u016f do sout\u011b\u017ee o nejlep\u0161\u00edho sprintera. Ale smysl byl jin\u00fd&#8230; &#8222;Cht\u011bl jsem t\u0159i bonifika\u010dn\u00ed sekundy, abych mohl myslet na dres pro nejlep\u0161\u00edho \u010desk\u00e9ho z\u00e1vodn\u00edka,&#8220; vysv\u011btloval s odstupem.<\/p>\n<div class=\"shortcode-ys-post-pinup\"><article class=\"loop-simple post-30513 post type-post status-publish format-standard has-post-thumbnail hentry category-silnicni-cyklistika tag-cyklistika tag-dlouhodoba-smlouva tag-mathias-vacek tag-nova-smlouva tag-novy-kontrakt tag-silnicni-cyklistika global-categories-cycling\" data-postid=\"30513\" role=\"article\" data-post-id=\"30513\" data-word-count=\"450\" data-headline-length=\"43\" data-category=\"Silni\u010dn\u00ed cyklistika\" data-global-category=\"Cycling\" data-author=\"We Love Cycling\" data-published=\"2025-08-11T10:01:37+02:00\" data-published-day=\"Monday\">\n    <div class=\"entry-thumbnail article-thumbnail\" content=\"https:\/\/d2p6e6u75xmxt8.cloudfront.net\/13\/2025\/05\/profimedia-0998058674-150x150.webp\"><a href=\"https:\/\/www.welovecycling.com\/cs\/2025\/08\/11\/mathias-vacek-dostal-vyjimecnou-smlouvu\/\" class=\"image-holder\" target=\"_self\"><img decoding=\"async\" loading=\"lazy\" class=\"\" src=\"https:\/\/d2p6e6u75xmxt8.cloudfront.net\/13\/2025\/05\/profimedia-0998058674-1024x683.webp\" srcset=\"https:\/\/d2p6e6u75xmxt8.cloudfront.net\/13\/2025\/05\/profimedia-0998058674.webp 1800w, https:\/\/d2p6e6u75xmxt8.cloudfront.net\/13\/2025\/05\/profimedia-0998058674-300x200.webp 300w, https:\/\/d2p6e6u75xmxt8.cloudfront.net\/13\/2025\/05\/profimedia-0998058674-1024x683.webp 1024w, https:\/\/d2p6e6u75xmxt8.cloudfront.net\/13\/2025\/05\/profimedia-0998058674-768x512.webp 768w, https:\/\/d2p6e6u75xmxt8.cloudfront.net\/13\/2025\/05\/profimedia-0998058674-1536x1024.webp 1536w, https:\/\/d2p6e6u75xmxt8.cloudfront.net\/13\/2025\/05\/profimedia-0998058674-400x267.webp 400w, https:\/\/d2p6e6u75xmxt8.cloudfront.net\/13\/2025\/05\/profimedia-0998058674-272x182.webp 272w\" width=\"1024\" height=\"683\" sizes=\"auto, (min-width: 1200px) 300px, (min-width: 768px) 25vw, 100vw\" alt=\"mathias-vacek-dostal-vyjimecnou-smlouvu\"\/><\/a><\/div>    <div class=\"entry-meta\">\n        <a class=\"label label-secondary post-category\" href=\"https:\/\/www.welovecycling.com\/cs\/category\/silnicni-cyklistika\/\" title=\"Silni\u010dn\u00ed cyklistika\">Silni\u010dn\u00ed cyklistika<\/a>\n    <\/div>\n    <div class=\"entry-details\">\n        <a href=\"https:\/\/www.welovecycling.com\/cs\/2025\/08\/11\/mathias-vacek-dostal-vyjimecnou-smlouvu\/\" class='entry-title-wrapper'>\n            <h3 class=\"entry-title\"><span>Mathias Vacek podepsal v\u00fdjime\u010dnou smlouvu<\/span><\/h3>\n        <\/a>\n    <\/div>\n    <\/article>\n<\/div>\n<p>Jen\u017ee jeho pl\u00e1ny m\u00e1lem zhatil incident, kter\u00fd v sedle kola nen\u00ed neobvykl\u00fd. &#8222;Jsem alergick\u00fd. Chv\u00edli jsem v\u016fbec nemohl d\u00fdchat. Myslel jsem, \u017ee m\u016fj z\u00e1vod skon\u010dil a odstoup\u00edm. Bolelo m\u011b u srdce, bylo to hodn\u011b \u0161patn\u00e9,&#8220; popisoval dramatick\u00e9 okam\u017eiky na kolon\u00e1d\u011b v Karlov\u00fdch Varech.<\/p>\n<h2><strong>Michal Schuran chce dres pro nejlep\u0161\u00edho vrcha\u0159e<\/strong><\/h2>\n<p>L\u00e9ka\u0159 z doprovodn\u00e9ho vozu v kolon\u011b dal \u010desk\u00e9mu z\u00e1vodn\u00edkovi pr\u00e1\u0161ek na alergii a probl\u00e9m byl vy\u0159e\u0161en. &#8222;Za chvilku se moje situace zlep\u0161ila a mohl jsem pokra\u010dovat,&#8220; vracel se k nep\u0159\u00edjemn\u00e9mu incidentu Michal Schuran.<\/p>\n<p><a href=\"https:\/\/d2p6e6u75xmxt8.cloudfront.net\/13\/2025\/08\/CZECH-TOUR1104807.webp\"><img loading=\"lazy\" decoding=\"async\" class=\"alignnone size-extra-large wp-image-30608\" src=\"https:\/\/d2p6e6u75xmxt8.cloudfront.net\/13\/2025\/08\/CZECH-TOUR1104807-1920x1279.webp\" alt=\"\" width=\"1920\" height=\"1279\" srcset=\"https:\/\/d2p6e6u75xmxt8.cloudfront.net\/13\/2025\/08\/CZECH-TOUR1104807-1920x1279.webp 1920w, https:\/\/d2p6e6u75xmxt8.cloudfront.net\/13\/2025\/08\/CZECH-TOUR1104807-300x200.webp 300w, https:\/\/d2p6e6u75xmxt8.cloudfront.net\/13\/2025\/08\/CZECH-TOUR1104807-1024x682.webp 1024w, https:\/\/d2p6e6u75xmxt8.cloudfront.net\/13\/2025\/08\/CZECH-TOUR1104807-768x512.webp 768w, https:\/\/d2p6e6u75xmxt8.cloudfront.net\/13\/2025\/08\/CZECH-TOUR1104807-1536x1023.webp 1536w, https:\/\/d2p6e6u75xmxt8.cloudfront.net\/13\/2025\/08\/CZECH-TOUR1104807-400x266.webp 400w, https:\/\/d2p6e6u75xmxt8.cloudfront.net\/13\/2025\/08\/CZECH-TOUR1104807-272x182.webp 272w, https:\/\/d2p6e6u75xmxt8.cloudfront.net\/13\/2025\/08\/CZECH-TOUR1104807.webp 2048w, https:\/\/d2p6e6u75xmxt8.cloudfront.net\/13\/2025\/08\/CZECH-TOUR1104807-1920x1279.webp 1920w\" sizes=\"auto, (max-width: 1920px) 100vw, 1920px\" \/><\/a><\/p>\n<p>Kdy\u017e byl \u00fanik dvacet kilometr\u016f p\u0159ed c\u00edlem dosti\u017een, \u010desk\u00fd cyklista v ma\u010farsk\u00fdch slu\u017eb\u00e1ch se ze v\u0161ech sil dr\u017eel v hlavn\u00edm pelotonu, aby vybojoval rud\u00fd dres pro nejlep\u0161\u00edho \u010desk\u00e9ho z\u00e1vodn\u00edka Czech Tour. &#8222;Jen\u017ee v posledn\u00edm sjezdu n\u011bkdo lehnul, j\u00e1 z\u016fstal v druh\u00e9 skupin\u011b a u\u017e jsme se na \u010delo nedostali. A bylo to t\u011bsn\u011b p\u0159ed ochranou z\u00f3nou,&#8220; posteskl si Michal Schuran.<\/p>\n<p>Do c\u00edle se dostal se ztr\u00e1tou dvaat\u0159iceti sekund, tak\u017ee \u010derven\u00fd trikot nejlep\u0161\u00edho \u010desk\u00e9ho cyklisty p\u0159ipadl Dominiku Neumanovi z ATT Investments. &#8222;Uvid\u00edme, jak\u00fd bude v\u00fdvoj v dal\u0161\u00edch etap\u00e1ch. Budu bojovat o vrcha\u0159sk\u00fd trikot i ten \u010derven\u00fd,&#8220; uji\u0161\u0165oval Michal Schuran, kter\u00fd m\u00e1 na kont\u011b ve vrcha\u0159sk\u00e9 sout\u011b\u017ei <a href=\"https:\/\/www.welovecycling.com\/cs\/?p=30603&amp;preview=true\">Czech Tour 2025<\/a> dvan\u00e1ct bod\u016f. Punt\u00edkat\u00fd trikot dr\u017e\u00ed Nicolo Garibbo s osmn\u00e1cti body.<\/p>\n","protected":false},"excerpt":{"rendered":"<p>Kon\u010d\u00edm a odstupuji. M\u011bl v hlav\u011b \u010dern\u00e9 my\u0161lenky a v duchu u\u017e se lou\u010dil se z\u00e1vodem, na kter\u00fd se tolik [&hellip;]<\/p>\n","protected":false},"author":138,"featured_media":30607,"comment_status":"open","ping_status":"open","sticky":false,"template":"","format":"standard","meta":{"footnotes":""},"categories":[10],"tags":[126,4185,4336,9],"global-categories":[411],"class_list":["post-30613","post","type-post","status-publish","format-standard","has-post-thumbnail","hentry","category-silnicni-cyklistika","tag-cyklistika","tag-czech-tour-2025","tag-michal-schuran","tag-silnicni-cyklistika","global-categories-cycling"],"yoast_head":"<!-- This site is optimized with the Yoast SEO Premium plugin v25.3 (Yoast SEO v25.9) - https:\/\/yoast.com\/wordpress\/plugins\/seo\/ -->\n<title>Nemohl d\u00fdchat, bolelo ho u srdce. A pak je\u0161t\u011b p\u0159i\u0161el p\u00e1d... | \u0160koda We Love Cycling - \u010cesk\u00e1 republika<\/title>\n<meta name=\"description\" content=\"Kon\u010d\u00edm a odstupuji. M\u011bl v hlav\u011b \u010dern\u00e9 my\u0161lenky a v duchu u\u017e se lou\u010dil se z\u00e1vodem, na kter\u00fd se tolik t\u011b\u0161il. Michal Schuran m\u00e1lem opustil Czech Tour 2025 u\u017e v pr\u016fb\u011bhu prvn\u00edho d\u011bjstv\u00ed. Nakonec se do c\u00edle etapy v Karlov\u00fdch Varech dostal. S p\u0159ehledem a je\u0161t\u011b bojoval o trikot pro nejlep\u0161\u00edho \u010desk\u00e9ho z\u00e1vodn\u00edka. Marn\u011b. Sm\u016fly si toti\u017e v prvn\u00edm dnu nejv\u011bt\u0161\u00edho tuzemsk\u00e9ho z\u00e1vodu vybral vrchovat\u011b...\" \/>\n<meta name=\"robots\" content=\"index, follow, max-snippet:-1, max-image-preview:large, max-video-preview:-1\" \/>\n<link rel=\"canonical\" href=\"https:\/\/www.welovecycling.com\/cs\/2025\/08\/14\/nemohl-dychat-bolelo-ho-u-srdce-a-pak-jeste-prisel-pad\/\" \/>\n<meta property=\"og:locale\" content=\"cs_CZ\" \/>\n<meta property=\"og:type\" content=\"article\" \/>\n<meta property=\"og:title\" content=\"Nemohl d\u00fdchat, bolelo ho u srdce. A pak je\u0161t\u011b p\u0159i\u0161el p\u00e1d...\" \/>\n<meta property=\"og:description\" content=\"Kon\u010d\u00edm a odstupuji. M\u011bl v hlav\u011b \u010dern\u00e9 my\u0161lenky a v duchu u\u017e se lou\u010dil se z\u00e1vodem, na kter\u00fd se tolik t\u011b\u0161il. Michal Schuran m\u00e1lem opustil Czech Tour 2025 u\u017e v pr\u016fb\u011bhu prvn\u00edho d\u011bjstv\u00ed. Nakonec se do c\u00edle etapy v Karlov\u00fdch Varech dostal. S p\u0159ehledem a je\u0161t\u011b bojoval o trikot pro nejlep\u0161\u00edho \u010desk\u00e9ho z\u00e1vodn\u00edka. Marn\u011b. Sm\u016fly si toti\u017e v prvn\u00edm dnu nejv\u011bt\u0161\u00edho tuzemsk\u00e9ho z\u00e1vodu vybral vrchovat\u011b...\" \/>\n<meta property=\"og:url\" content=\"https:\/\/www.welovecycling.com\/cs\/2025\/08\/14\/nemohl-dychat-bolelo-ho-u-srdce-a-pak-jeste-prisel-pad\/\" \/>\n<meta property=\"og:site_name\" content=\"\u0160koda We Love Cycling - \u010cesk\u00e1 republika\" \/>\n<meta property=\"article:published_time\" content=\"2025-08-14T16:47:18+00:00\" \/>\n<meta property=\"og:image\" content=\"https:\/\/d2p6e6u75xmxt8.cloudfront.net\/13\/2025\/08\/CZECH-TOUR1104688.webp\" \/>\n\t<meta property=\"og:image:width\" content=\"2048\" \/>\n\t<meta property=\"og:image:height\" content=\"1364\" \/>\n\t<meta property=\"og:image:type\" content=\"image\/webp\" \/>\n<meta name=\"author\" content=\"radekmalina\" \/>\n<meta name=\"twitter:card\" content=\"summary_large_image\" \/>\n<meta name=\"twitter:label1\" content=\"Written by\" \/>\n\t<meta name=\"twitter:data1\" content=\"We Love Cycling\" \/>\n\t<meta name=\"twitter:label2\" content=\"Est. reading time\" \/>\n\t<meta name=\"twitter:data2\" content=\"5\" \/>\n<script type=\"application\/ld+json\" class=\"yoast-schema-graph\">{\"@context\":\"https:\/\/schema.org\",\"@graph\":[{\"@type\":\"WebPage\",\"@id\":\"https:\/\/www.welovecycling.com\/cs\/2025\/08\/14\/nemohl-dychat-bolelo-ho-u-srdce-a-pak-jeste-prisel-pad\/\",\"url\":\"https:\/\/www.welovecycling.com\/cs\/2025\/08\/14\/nemohl-dychat-bolelo-ho-u-srdce-a-pak-jeste-prisel-pad\/\",\"name\":\"Nemohl d\u00fdchat, bolelo ho u srdce. A pak je\u0161t\u011b p\u0159i\u0161el p\u00e1d... | \u0160koda We Love Cycling - \u010cesk\u00e1 republika\",\"isPartOf\":{\"@id\":\"https:\/\/www.welovecycling.com\/cs\/#website\"},\"primaryImageOfPage\":{\"@id\":\"https:\/\/www.welovecycling.com\/cs\/2025\/08\/14\/nemohl-dychat-bolelo-ho-u-srdce-a-pak-jeste-prisel-pad\/#primaryimage\"},\"image\":{\"@id\":\"https:\/\/www.welovecycling.com\/cs\/2025\/08\/14\/nemohl-dychat-bolelo-ho-u-srdce-a-pak-jeste-prisel-pad\/#primaryimage\"},\"thumbnailUrl\":\"https:\/\/d2p6e6u75xmxt8.cloudfront.net\/13\/2025\/08\/CZECH-TOUR1104688.webp\",\"datePublished\":\"2025-08-14T16:47:18+00:00\",\"author\":{\"@id\":\"https:\/\/www.welovecycling.com\/cs\/#\/schema\/person\/d9eeb0a378f3a7e4a6d12d2b536b04b8\"},\"description\":\"Kon\u010d\u00edm a odstupuji. M\u011bl v hlav\u011b \u010dern\u00e9 my\u0161lenky a v duchu u\u017e se lou\u010dil se z\u00e1vodem, na kter\u00fd se tolik t\u011b\u0161il. Michal Schuran m\u00e1lem opustil Czech Tour 2025 u\u017e v pr\u016fb\u011bhu prvn\u00edho d\u011bjstv\u00ed. Nakonec se do c\u00edle etapy v Karlov\u00fdch Varech dostal. S p\u0159ehledem a je\u0161t\u011b bojoval o trikot pro nejlep\u0161\u00edho \u010desk\u00e9ho z\u00e1vodn\u00edka. Marn\u011b. Sm\u016fly si toti\u017e v prvn\u00edm dnu nejv\u011bt\u0161\u00edho tuzemsk\u00e9ho z\u00e1vodu vybral vrchovat\u011b...\",\"inLanguage\":\"cs\",\"potentialAction\":[{\"@type\":\"ReadAction\",\"target\":[\"https:\/\/www.welovecycling.com\/cs\/2025\/08\/14\/nemohl-dychat-bolelo-ho-u-srdce-a-pak-jeste-prisel-pad\/\"]}]},{\"@type\":\"ImageObject\",\"inLanguage\":\"cs\",\"@id\":\"https:\/\/www.welovecycling.com\/cs\/2025\/08\/14\/nemohl-dychat-bolelo-ho-u-srdce-a-pak-jeste-prisel-pad\/#primaryimage\",\"url\":\"https:\/\/d2p6e6u75xmxt8.cloudfront.net\/13\/2025\/08\/CZECH-TOUR1104688.webp\",\"contentUrl\":\"https:\/\/d2p6e6u75xmxt8.cloudfront.net\/13\/2025\/08\/CZECH-TOUR1104688.webp\",\"width\":2048,\"height\":1364,\"caption\":\"Michal Schuran\"},{\"@type\":\"WebSite\",\"@id\":\"https:\/\/www.welovecycling.com\/cs\/#website\",\"url\":\"https:\/\/www.welovecycling.com\/cs\/\",\"name\":\"\u0160koda We Love Cycling - \u010cesk\u00e1 republika\",\"description\":\"WeLoveCycling.cz je online magaz\u00edn, kter\u00fd v\u00e1m pravideln\u011b p\u0159in\u00e1\u0161\u00ed rady a tipy, zaj\u00edmav\u00e9 \u010dl\u00e1nky, videa a jedine\u010dn\u00e9 report\u00e1\u017ee ze sv\u011bta cyklistiky.\",\"potentialAction\":[{\"@type\":\"SearchAction\",\"target\":{\"@type\":\"EntryPoint\",\"urlTemplate\":\"https:\/\/www.welovecycling.com\/cs\/?s={search_term_string}\"},\"query-input\":{\"@type\":\"PropertyValueSpecification\",\"valueRequired\":true,\"valueName\":\"search_term_string\"}}],\"inLanguage\":\"cs\"},{\"@type\":\"Person\",\"@id\":\"https:\/\/www.welovecycling.com\/cs\/#\/schema\/person\/d9eeb0a378f3a7e4a6d12d2b536b04b8\",\"name\":\"radekmalina\",\"image\":{\"@type\":\"ImageObject\",\"inLanguage\":\"cs\",\"@id\":\"https:\/\/www.welovecycling.com\/cs\/#\/schema\/person\/image\/\",\"url\":\"https:\/\/secure.gravatar.com\/avatar\/66994b632cb8c39a46b9f54afa3ae07201b678d32a54275b6f1c9ffec356bfc0?s=96&d=mm&r=g\",\"contentUrl\":\"https:\/\/secure.gravatar.com\/avatar\/66994b632cb8c39a46b9f54afa3ae07201b678d32a54275b6f1c9ffec356bfc0?s=96&d=mm&r=g\",\"caption\":\"radekmalina\"},\"url\":\"https:\/\/www.welovecycling.com\/cs\/author\/radekmalina\/\"}]}<\/script>\n<!-- \/ Yoast SEO Premium plugin. -->","yoast_head_json":{"title":"Nemohl d\u00fdchat, bolelo ho u srdce. A pak je\u0161t\u011b p\u0159i\u0161el p\u00e1d... | \u0160koda We Love Cycling - \u010cesk\u00e1 republika","description":"Kon\u010d\u00edm a odstupuji. M\u011bl v hlav\u011b \u010dern\u00e9 my\u0161lenky a v duchu u\u017e se lou\u010dil se z\u00e1vodem, na kter\u00fd se tolik t\u011b\u0161il. Michal Schuran m\u00e1lem opustil Czech Tour 2025 u\u017e v pr\u016fb\u011bhu prvn\u00edho d\u011bjstv\u00ed. Nakonec se do c\u00edle etapy v Karlov\u00fdch Varech dostal. S p\u0159ehledem a je\u0161t\u011b bojoval o trikot pro nejlep\u0161\u00edho \u010desk\u00e9ho z\u00e1vodn\u00edka. Marn\u011b. Sm\u016fly si toti\u017e v prvn\u00edm dnu nejv\u011bt\u0161\u00edho tuzemsk\u00e9ho z\u00e1vodu vybral vrchovat\u011b...","robots":{"index":"index","follow":"follow","max-snippet":"max-snippet:-1","max-image-preview":"max-image-preview:large","max-video-preview":"max-video-preview:-1"},"canonical":"https:\/\/www.welovecycling.com\/cs\/2025\/08\/14\/nemohl-dychat-bolelo-ho-u-srdce-a-pak-jeste-prisel-pad\/","og_locale":"cs_CZ","og_type":"article","og_title":"Nemohl d\u00fdchat, bolelo ho u srdce. A pak je\u0161t\u011b p\u0159i\u0161el p\u00e1d...","og_description":"Kon\u010d\u00edm a odstupuji. M\u011bl v hlav\u011b \u010dern\u00e9 my\u0161lenky a v duchu u\u017e se lou\u010dil se z\u00e1vodem, na kter\u00fd se tolik t\u011b\u0161il. Michal Schuran m\u00e1lem opustil Czech Tour 2025 u\u017e v pr\u016fb\u011bhu prvn\u00edho d\u011bjstv\u00ed. Nakonec se do c\u00edle etapy v Karlov\u00fdch Varech dostal. S p\u0159ehledem a je\u0161t\u011b bojoval o trikot pro nejlep\u0161\u00edho \u010desk\u00e9ho z\u00e1vodn\u00edka. Marn\u011b. Sm\u016fly si toti\u017e v prvn\u00edm dnu nejv\u011bt\u0161\u00edho tuzemsk\u00e9ho z\u00e1vodu vybral vrchovat\u011b...","og_url":"https:\/\/www.welovecycling.com\/cs\/2025\/08\/14\/nemohl-dychat-bolelo-ho-u-srdce-a-pak-jeste-prisel-pad\/","og_site_name":"\u0160koda We Love Cycling - \u010cesk\u00e1 republika","article_published_time":"2025-08-14T16:47:18+00:00","og_image":[{"width":2048,"height":1364,"url":"https:\/\/d2p6e6u75xmxt8.cloudfront.net\/13\/2025\/08\/CZECH-TOUR1104688.webp","type":"image\/webp"}],"author":"radekmalina","twitter_card":"summary_large_image","twitter_misc":{"Written by":"We Love Cycling","Est. reading time":"5"},"schema":{"@context":"https:\/\/schema.org","@graph":[{"@type":"WebPage","@id":"https:\/\/www.welovecycling.com\/cs\/2025\/08\/14\/nemohl-dychat-bolelo-ho-u-srdce-a-pak-jeste-prisel-pad\/","url":"https:\/\/www.welovecycling.com\/cs\/2025\/08\/14\/nemohl-dychat-bolelo-ho-u-srdce-a-pak-jeste-prisel-pad\/","name":"Nemohl d\u00fdchat, bolelo ho u srdce. A pak je\u0161t\u011b p\u0159i\u0161el p\u00e1d... | \u0160koda We Love Cycling - \u010cesk\u00e1 republika","isPartOf":{"@id":"https:\/\/www.welovecycling.com\/cs\/#website"},"primaryImageOfPage":{"@id":"https:\/\/www.welovecycling.com\/cs\/2025\/08\/14\/nemohl-dychat-bolelo-ho-u-srdce-a-pak-jeste-prisel-pad\/#primaryimage"},"image":{"@id":"https:\/\/www.welovecycling.com\/cs\/2025\/08\/14\/nemohl-dychat-bolelo-ho-u-srdce-a-pak-jeste-prisel-pad\/#primaryimage"},"thumbnailUrl":"https:\/\/d2p6e6u75xmxt8.cloudfront.net\/13\/2025\/08\/CZECH-TOUR1104688.webp","datePublished":"2025-08-14T16:47:18+00:00","author":{"@id":"https:\/\/www.welovecycling.com\/cs\/#\/schema\/person\/d9eeb0a378f3a7e4a6d12d2b536b04b8"},"description":"Kon\u010d\u00edm a odstupuji. M\u011bl v hlav\u011b \u010dern\u00e9 my\u0161lenky a v duchu u\u017e se lou\u010dil se z\u00e1vodem, na kter\u00fd se tolik t\u011b\u0161il. Michal Schuran m\u00e1lem opustil Czech Tour 2025 u\u017e v pr\u016fb\u011bhu prvn\u00edho d\u011bjstv\u00ed. Nakonec se do c\u00edle etapy v Karlov\u00fdch Varech dostal. S p\u0159ehledem a je\u0161t\u011b bojoval o trikot pro nejlep\u0161\u00edho \u010desk\u00e9ho z\u00e1vodn\u00edka. Marn\u011b. Sm\u016fly si toti\u017e v prvn\u00edm dnu nejv\u011bt\u0161\u00edho tuzemsk\u00e9ho z\u00e1vodu vybral vrchovat\u011b...","inLanguage":"cs","potentialAction":[{"@type":"ReadAction","target":["https:\/\/www.welovecycling.com\/cs\/2025\/08\/14\/nemohl-dychat-bolelo-ho-u-srdce-a-pak-jeste-prisel-pad\/"]}]},{"@type":"ImageObject","inLanguage":"cs","@id":"https:\/\/www.welovecycling.com\/cs\/2025\/08\/14\/nemohl-dychat-bolelo-ho-u-srdce-a-pak-jeste-prisel-pad\/#primaryimage","url":"https:\/\/d2p6e6u75xmxt8.cloudfront.net\/13\/2025\/08\/CZECH-TOUR1104688.webp","contentUrl":"https:\/\/d2p6e6u75xmxt8.cloudfront.net\/13\/2025\/08\/CZECH-TOUR1104688.webp","width":2048,"height":1364,"caption":"Michal Schuran"},{"@type":"WebSite","@id":"https:\/\/www.welovecycling.com\/cs\/#website","url":"https:\/\/www.welovecycling.com\/cs\/","name":"\u0160koda We Love Cycling - \u010cesk\u00e1 republika","description":"WeLoveCycling.cz je online magaz\u00edn, kter\u00fd v\u00e1m pravideln\u011b p\u0159in\u00e1\u0161\u00ed rady a tipy, zaj\u00edmav\u00e9 \u010dl\u00e1nky, videa a jedine\u010dn\u00e9 report\u00e1\u017ee ze sv\u011bta cyklistiky.","potentialAction":[{"@type":"SearchAction","target":{"@type":"EntryPoint","urlTemplate":"https:\/\/www.welovecycling.com\/cs\/?s={search_term_string}"},"query-input":{"@type":"PropertyValueSpecification","valueRequired":true,"valueName":"search_term_string"}}],"inLanguage":"cs"},{"@type":"Person","@id":"https:\/\/www.welovecycling.com\/cs\/#\/schema\/person\/d9eeb0a378f3a7e4a6d12d2b536b04b8","name":"radekmalina","image":{"@type":"ImageObject","inLanguage":"cs","@id":"https:\/\/www.welovecycling.com\/cs\/#\/schema\/person\/image\/","url":"https:\/\/secure.gravatar.com\/avatar\/66994b632cb8c39a46b9f54afa3ae07201b678d32a54275b6f1c9ffec356bfc0?s=96&d=mm&r=g","contentUrl":"https:\/\/secure.gravatar.com\/avatar\/66994b632cb8c39a46b9f54afa3ae07201b678d32a54275b6f1c9ffec356bfc0?s=96&d=mm&r=g","caption":"radekmalina"},"url":"https:\/\/www.welovecycling.com\/cs\/author\/radekmalina\/"}]}},"_links":{"self":[{"href":"https:\/\/www.welovecycling.com\/cs\/wp-json\/wp\/v2\/posts\/30613","targetHints":{"allow":["GET"]}}],"collection":[{"href":"https:\/\/www.welovecycling.com\/cs\/wp-json\/wp\/v2\/posts"}],"about":[{"href":"https:\/\/www.welovecycling.com\/cs\/wp-json\/wp\/v2\/types\/post"}],"author":[{"embeddable":true,"href":"https:\/\/www.welovecycling.com\/cs\/wp-json\/wp\/v2\/users\/138"}],"replies":[{"embeddable":true,"href":"https:\/\/www.welovecycling.com\/cs\/wp-json\/wp\/v2\/comments?post=30613"}],"version-history":[{"count":1,"href":"https:\/\/www.welovecycling.com\/cs\/wp-json\/wp\/v2\/posts\/30613\/revisions"}],"predecessor-version":[{"id":30614,"href":"https:\/\/www.welovecycling.com\/cs\/wp-json\/wp\/v2\/posts\/30613\/revisions\/30614"}],"wp:featuredmedia":[{"embeddable":true,"href":"https:\/\/www.welovecycling.com\/cs\/wp-json\/wp\/v2\/media\/30607"}],"wp:attachment":[{"href":"https:\/\/www.welovecycling.com\/cs\/wp-json\/wp\/v2\/media?parent=30613"}],"wp:term":[{"taxonomy":"category","embeddable":true,"href":"https:\/\/www.welovecycling.com\/cs\/wp-json\/wp\/v2\/categories?post=30613"},{"taxonomy":"post_tag","embeddable":true,"href":"https:\/\/www.welovecycling.com\/cs\/wp-json\/wp\/v2\/tags?post=30613"},{"taxonomy":"global-categories","embeddable":true,"href":"https:\/\/www.welovecycling.com\/cs\/wp-json\/wp\/v2\/global-categories?post=30613"}],"curies":[{"name":"wp","href":"https:\/\/api.w.org\/{rel}","templated":true}]}}