{"id":30603,"date":"2025-08-14T18:15:35","date_gmt":"2025-08-14T16:15:35","guid":{"rendered":"https:\/\/www.welovecycling.com\/cs\/?p=30603"},"modified":"2025-08-14T18:16:41","modified_gmt":"2025-08-14T16:16:41","slug":"rok-cekal-na-triumf-cesko-je-pro-nej-zemi-zaslibenou","status":"publish","type":"post","link":"https:\/\/www.welovecycling.com\/cs\/2025\/08\/14\/rok-cekal-na-triumf-cesko-je-pro-nej-zemi-zaslibenou\/","title":{"rendered":"Rok \u010dekal na triumf. \u010cesko je pro n\u011bj zem\u00ed zasl\u00edbenou"},"content":{"rendered":"<p><strong>Czech Tour je mu snad souzen\u00e1. Celou sezonu \u010dekal Luke Lamperti na v\u00edt\u011bzstv\u00ed. P\u011btkr\u00e1t byl v elitn\u00ed des\u00edtce, t\u0159ikr\u00e1t na stupn\u00edch v\u00edt\u011bzstv\u00ed, ale a\u017e v dojezdu \u00favodn\u00ed etapy sedmn\u00e1ct\u00e9ho ro\u010dn\u00edku nejv\u011bt\u0161\u00ed etapov\u00e9 bitvy na \u010desk\u00fdch silnic\u00edch slavil dvaadvacetilet\u00fd Ameri\u010dan v barv\u00e1ch Soudal Quick Step triumf.<\/strong><\/p>\n<p>&#8222;Marn\u011b jsem st\u00edhal v\u00edt\u011bzstv\u00ed celou sezonu a kone\u010dn\u011b jsem sm\u016flu prolomil pr\u00e1v\u011b p\u0159i Czech Tour,&#8220; vykl\u00e1dal Luke Lamperti. Byl nejsiln\u011bj\u0161\u00ed v hodn\u011b divok\u00e9m dojezdu, kde v\u0161ak jeho t\u00fdmov\u00ed par\u0165\u00e1ci ze Soudal Quick step na c\u00edlov\u00e9 rovince v Karlov\u00fdch Varech p\u0159ipravili pro kolegu tak skv\u011blou pozici, \u017ee si mohl vychutnat pr\u016fjezd c\u00edlovou branou s n\u00e1skokem n\u011bkolika metr\u016f.<\/p>\n<h2><strong>Luke Lamperti slavil u\u017e loni v Ostrav\u011b<\/strong><\/h2>\n<p>Etapov\u00fd triumf p\u0159itom slavil rovn\u011b\u017e v \u00favodn\u00edm d\u011bjstv\u00ed lo\u0148sk\u00e9ho ro\u010dn\u00edku Czech Tour, kter\u00e9 tehdy fini\u0161ovalo po startu z Prost\u011bjova v Ostrav\u011b. &#8222;Je to super. Takov\u00e1 hezk\u00e1 tradice,&#8220; sm\u00e1l se Luke Lamperti v c\u00edli etapy dlouh\u00e9 163 kilometr\u016f s p\u0159ev\u00fd\u0161en\u00edm 1999 metr\u016f, kter\u00e1 zavedla peloton Czech Tour 2015 z Prahy do Karlov\u00fdch Var\u016f.<\/p>\n<p><a href=\"https:\/\/d2p6e6u75xmxt8.cloudfront.net\/13\/2025\/08\/CZECH-TOUR1104764.webp\"><img loading=\"lazy\" decoding=\"async\" class=\"alignnone size-extra-large wp-image-30609\" src=\"https:\/\/d2p6e6u75xmxt8.cloudfront.net\/13\/2025\/08\/CZECH-TOUR1104764-1920x1279.webp\" alt=\"\" width=\"1920\" height=\"1279\" srcset=\"https:\/\/d2p6e6u75xmxt8.cloudfront.net\/13\/2025\/08\/CZECH-TOUR1104764-1920x1279.webp 1920w, https:\/\/d2p6e6u75xmxt8.cloudfront.net\/13\/2025\/08\/CZECH-TOUR1104764-300x200.webp 300w, https:\/\/d2p6e6u75xmxt8.cloudfront.net\/13\/2025\/08\/CZECH-TOUR1104764-1024x682.webp 1024w, https:\/\/d2p6e6u75xmxt8.cloudfront.net\/13\/2025\/08\/CZECH-TOUR1104764-768x512.webp 768w, https:\/\/d2p6e6u75xmxt8.cloudfront.net\/13\/2025\/08\/CZECH-TOUR1104764-1536x1023.webp 1536w, https:\/\/d2p6e6u75xmxt8.cloudfront.net\/13\/2025\/08\/CZECH-TOUR1104764-400x266.webp 400w, https:\/\/d2p6e6u75xmxt8.cloudfront.net\/13\/2025\/08\/CZECH-TOUR1104764-272x182.webp 272w, https:\/\/d2p6e6u75xmxt8.cloudfront.net\/13\/2025\/08\/CZECH-TOUR1104764.webp 2048w, https:\/\/d2p6e6u75xmxt8.cloudfront.net\/13\/2025\/08\/CZECH-TOUR1104764-1920x1279.webp 1920w\" sizes=\"auto, (max-width: 1920px) 100vw, 1920px\" \/><\/a><\/p>\n<p>&#8222;Byl jsem v Praze n\u011bkolik dn\u016f p\u0159ed startem Czech Tour. Je to kr\u00e1sn\u00e9 m\u011bsto. Skv\u011ble jsem si u\u017eil i slavnostn\u00ed prezentaci na Hrad\u010dansk\u00e9m n\u00e1m\u011bst\u00ed. Prost\u0159ed\u00ed bylo kr\u00e1sn\u00e9 a atmosf\u00e9ra skv\u011bl\u00e1. Je perfektn\u00ed, kdy\u017e tak velk\u00fd z\u00e1vod startuje z hlavn\u00edho m\u011bsta,&#8220; \u0159\u00edkal Luke Lamperti, kter\u00fd v prvn\u00ed polovin\u011b roku absolvoval italsk\u00e9 Giro, kde v posledn\u00ed etap\u011b fini\u0161oval p\u00e1t\u00fd.<\/p>\n<div class=\"shortcode-ys-post-pinup\"><article class=\"loop-simple post-30508 post type-post status-publish format-standard has-post-thumbnail hentry category-tour-de-france tag-cyklistika tag-doping tag-silnicni-cyklistika tag-tadej-pogacar tag-tour-de-france tag-zakazane-latky tag-zdravi-a-trenink global-categories-cycling\" data-postid=\"30508\" role=\"article\" data-post-id=\"30508\" data-word-count=\"559\" data-headline-length=\"54\" data-category=\"Tour de France\" data-global-category=\"Cycling\" data-author=\"Radek Malina\" data-published=\"2025-08-11T05:00:26+02:00\" data-published-day=\"Monday\">\n    <div class=\"entry-thumbnail article-thumbnail\" content=\"https:\/\/d2p6e6u75xmxt8.cloudfront.net\/13\/2025\/07\/profimedia-1022878062-150x150.webp\"><a href=\"https:\/\/www.welovecycling.com\/cs\/2025\/08\/11\/tadej-pogacar-o-dopingu-neexistuje-zadna-duvera\/\" class=\"image-holder\" target=\"_self\"><img decoding=\"async\" loading=\"lazy\" class=\"\" src=\"https:\/\/d2p6e6u75xmxt8.cloudfront.net\/13\/2025\/07\/profimedia-1022878062-1024x683.webp\" srcset=\"https:\/\/d2p6e6u75xmxt8.cloudfront.net\/13\/2025\/07\/profimedia-1022878062.webp 1800w, https:\/\/d2p6e6u75xmxt8.cloudfront.net\/13\/2025\/07\/profimedia-1022878062-300x200.webp 300w, https:\/\/d2p6e6u75xmxt8.cloudfront.net\/13\/2025\/07\/profimedia-1022878062-1024x683.webp 1024w, https:\/\/d2p6e6u75xmxt8.cloudfront.net\/13\/2025\/07\/profimedia-1022878062-768x512.webp 768w, https:\/\/d2p6e6u75xmxt8.cloudfront.net\/13\/2025\/07\/profimedia-1022878062-1536x1024.webp 1536w, https:\/\/d2p6e6u75xmxt8.cloudfront.net\/13\/2025\/07\/profimedia-1022878062-400x267.webp 400w, https:\/\/d2p6e6u75xmxt8.cloudfront.net\/13\/2025\/07\/profimedia-1022878062-272x182.webp 272w\" width=\"1024\" height=\"683\" sizes=\"auto, (min-width: 1200px) 300px, (min-width: 768px) 25vw, 100vw\" alt=\"tadej-pogacar-o-dopingu-neexistuje-zadna-duvera\"\/><\/a><\/div>    <div class=\"entry-meta\">\n        <a class=\"label label-secondary post-category\" href=\"https:\/\/www.welovecycling.com\/cs\/category\/tour-de-france\/\" title=\"Tour de France\">Tour de France<\/a>\n    <\/div>\n    <div class=\"entry-details\">\n        <a href=\"https:\/\/www.welovecycling.com\/cs\/2025\/08\/11\/tadej-pogacar-o-dopingu-neexistuje-zadna-duvera\/\" class='entry-title-wrapper'>\n            <h3 class=\"entry-title\"><span>Tadej Poga\u010dar o dopingu: Neexistuje \u017e\u00e1dn\u00e1 d\u016fv\u011bra<\/span><\/h3>\n        <\/a>\n    <\/div>\n    <\/article>\n<\/div>\n<p>Na \u00fapln\u00e9m startu sezony dojel t\u0159et\u00ed p\u0159i jednor\u00e1zovce Danilith Nokere Koerse a druh\u00fd v Bredene Koksijde Classic. U\u017e v \u010dervenci byl t\u0159et\u00ed v Gastown Grand Prix, pak spurtoval pro sedmou p\u0159\u00ed\u010dku v druh\u00e9 etap\u011b Kolem Burgosu. &#8222;Jsem r\u00e1d, \u017ee je \u010dek\u00e1n\u00ed u konce. Kluci skv\u011ble hl\u00eddali cel\u00fd den \u00fanik a ve fin\u00e1le mi p\u0159ipravili perfektn\u00ed pozici,&#8220; vyzdvihl pr\u00e1ci zejm\u00e9na Josefa \u010cern\u00e9ho a Jamese Knoxe. &#8222;A nemus\u00ed j\u00edt o triumf posledn\u00ed. T\u0159et\u00ed etapa op\u011bt kon\u010d\u00ed v Ostrav\u011b, tak\u017ee douf\u00e1m, \u017ee dostanu je\u0161t\u011b jednu p\u0159\u00edle\u017eitost a t\u0159eba budu slavit znovu. Bude to nejrovinat\u011bj\u0161\u00ed etapa cel\u00e9ho z\u00e1vodu, tak\u017ee si budu hodn\u011b v\u011b\u0159it,&#8220; \u0159\u00edkal Luke Lamperti, kter\u00fd nepoznal radost z v\u00edt\u011bzstv\u00ed od lo\u0148sk\u00e9ho triumfu v Ostrav\u011b a\u017e do etapy v Karlov\u00fdch Varech.<\/p>\n<h2><strong>\u017dlut\u00fd trikot chce Vl\u010d\u00ed sme\u010dka udr\u017eet<\/strong><\/h2>\n<p>Do druh\u00e9 etapy stejn\u011b jako p\u0159ed rokem nastoup\u00ed ve \u017elut\u00e9m trikotu l\u00eddra z\u00e1vodu. A je sm\u00ed\u0159en\u00fd, \u017ee s ohledem na vrcha\u0159sk\u00fd dojezd na Dlouh\u00e9 str\u00e1n\u011b p\u016fjde jenom o epizodn\u00ed z\u00e1le\u017eitost. &#8222;Nicm\u00e9n\u011b m\u00e1me velk\u00e9 ambice i na celkov\u00e9 po\u0159ad\u00ed. Junior Lecerf pojede ur\u010dit\u011b dob\u0159e. V kopc\u00edch je skv\u011bl\u00fd. Chceme \u017elut\u00fd trikot udr\u017eet a\u017e na Pustevny do posledn\u00ed etapy,&#8220; p\u0159ipom\u00ednal Luke Lamperti ambice t\u00fdmov\u00e9ho kolegy, kter\u00fd letos dojel osm\u00fd ve skv\u011ble obsazen\u00e9m z\u00e1vod\u011b Kolem Romandie, kde jeli Almeida (UAE Emirates XRG), Remco Evenepoel (Soudal Quick Step) \u010di Lenny Martinez (Bahrain Victorious).<\/p>\n<figure id=\"attachment_30610\" aria-describedby=\"caption-attachment-30610\" style=\"width: 1920px\" class=\"wp-caption alignnone\"><a href=\"https:\/\/d2p6e6u75xmxt8.cloudfront.net\/13\/2025\/08\/CZECH-TOUR1104814.webp\"><img loading=\"lazy\" decoding=\"async\" class=\"size-extra-large wp-image-30610\" src=\"https:\/\/d2p6e6u75xmxt8.cloudfront.net\/13\/2025\/08\/CZECH-TOUR1104814-1920x1279.webp\" alt=\"\" width=\"1920\" height=\"1279\" srcset=\"https:\/\/d2p6e6u75xmxt8.cloudfront.net\/13\/2025\/08\/CZECH-TOUR1104814-1920x1279.webp 1920w, https:\/\/d2p6e6u75xmxt8.cloudfront.net\/13\/2025\/08\/CZECH-TOUR1104814-300x200.webp 300w, https:\/\/d2p6e6u75xmxt8.cloudfront.net\/13\/2025\/08\/CZECH-TOUR1104814-1024x682.webp 1024w, https:\/\/d2p6e6u75xmxt8.cloudfront.net\/13\/2025\/08\/CZECH-TOUR1104814-768x512.webp 768w, https:\/\/d2p6e6u75xmxt8.cloudfront.net\/13\/2025\/08\/CZECH-TOUR1104814-1536x1023.webp 1536w, https:\/\/d2p6e6u75xmxt8.cloudfront.net\/13\/2025\/08\/CZECH-TOUR1104814-400x266.webp 400w, https:\/\/d2p6e6u75xmxt8.cloudfront.net\/13\/2025\/08\/CZECH-TOUR1104814-272x182.webp 272w, https:\/\/d2p6e6u75xmxt8.cloudfront.net\/13\/2025\/08\/CZECH-TOUR1104814.webp 2048w, https:\/\/d2p6e6u75xmxt8.cloudfront.net\/13\/2025\/08\/CZECH-TOUR1104814-1920x1279.webp 1920w\" sizes=\"auto, (max-width: 1920px) 100vw, 1920px\" \/><\/a><figcaption id=\"caption-attachment-30610\" class=\"wp-caption-text\"><em>Luke Lamperti slav\u00ed etapov\u00e9 v\u00edt\u011bzstv\u00ed v Karlov\u00fdch Varech. Foto: Czech Tour (3x)<\/em><\/figcaption><\/figure>\n<p>Ani velk\u00e9 vedro, kter\u00e9 vys\u00e1valo z cyklist\u016f s\u00edlu v pr\u016fb\u011bhu cel\u00e9 etapy na z\u00e1pad \u010cech, Lampertiho nijak negativn\u011b pro dal\u0161\u00ed dny nepoznamenalo. &#8222;M\u00e1m rad\u011bji teplo, rozhodn\u011b lep\u0161\u00ed ne\u017e d\u00e9\u0161\u0165. Jasn\u011b, je t\u0159eba pamatovat na spr\u00e1vnou hydrataci. Ale dostal jsem do sebe spoustu vody, spoustu jsem j\u00ed vypot\u0159eboval i na ochlazov\u00e1n\u00ed a ur\u010dit\u011b jsem pou\u017eil i mnoho ledu, abych se ochladil. Ale c\u00edt\u00edm se v pohod\u011b,&#8220; kvitoval s povd\u011bkem slue\u010dn\u00e9 po\u010das\u00ed prvn\u00ed dr\u017eitel \u017elut\u00e9ho trikotu <a href=\"https:\/\/www.welovecycling.com\/cs\/2025\/08\/14\/proc-si-cykliste-holi-nohy-a-jeste-ziletkami-pritelkyn\/\">Czech Tour 2025<\/a>.<\/p>\n","protected":false},"excerpt":{"rendered":"<p>Czech Tour je mu snad souzen\u00e1. Celou sezonu \u010dekal Luke Lamperti na v\u00edt\u011bzstv\u00ed. P\u011btkr\u00e1t byl v elitn\u00ed des\u00edtce, t\u0159ikr\u00e1t na [&hellip;]<\/p>\n","protected":false},"author":138,"featured_media":30604,"comment_status":"open","ping_status":"open","sticky":false,"template":"","format":"standard","meta":{"footnotes":""},"categories":[10],"tags":[126,4185,4335,9,2842],"global-categories":[411],"class_list":["post-30603","post","type-post","status-publish","format-standard","has-post-thumbnail","hentry","category-silnicni-cyklistika","tag-cyklistika","tag-czech-tour-2025","tag-luke-lamperti","tag-silnicni-cyklistika","tag-soudal-quick-step","global-categories-cycling"],"yoast_head":"<!-- This site is optimized with the Yoast SEO Premium plugin v25.3 (Yoast SEO v25.9) - https:\/\/yoast.com\/wordpress\/plugins\/seo\/ -->\n<title>Rok \u010dekal na triumf. \u010cesko je pro n\u011bj zem\u00ed zasl\u00edbenou | \u0160koda We Love Cycling - \u010cesk\u00e1 republika<\/title>\n<meta name=\"description\" content=\"Czech Tour je mu snad souzen\u00e1. Celou sezonu \u010dekal Luke Lamperti na v\u00edt\u011bzstv\u00ed. P\u011btkr\u00e1t byl v elitn\u00ed des\u00edtce, t\u0159ikr\u00e1t na stupn\u00edch v\u00edt\u011bzstv\u00ed, ale a\u017e v dojezdu \u00favodn\u00ed etapy sedmn\u00e1ct\u00e9ho ro\u010dn\u00edku nejv\u011bt\u0161\u00ed etapov\u00e9 bitvy na \u010desk\u00fdch silnic\u00edch slavil dvaadvacetilet\u00fd Ameri\u010dan v barv\u00e1ch Soudal Quick Step triumf.\" \/>\n<meta name=\"robots\" content=\"index, follow, max-snippet:-1, max-image-preview:large, max-video-preview:-1\" \/>\n<link rel=\"canonical\" href=\"https:\/\/www.welovecycling.com\/cs\/2025\/08\/14\/rok-cekal-na-triumf-cesko-je-pro-nej-zemi-zaslibenou\/\" \/>\n<meta property=\"og:locale\" content=\"cs_CZ\" \/>\n<meta property=\"og:type\" content=\"article\" \/>\n<meta property=\"og:title\" content=\"Rok \u010dekal na triumf. \u010cesko je pro n\u011bj zem\u00ed zasl\u00edbenou\" \/>\n<meta property=\"og:description\" content=\"Czech Tour je mu snad souzen\u00e1. Celou sezonu \u010dekal Luke Lamperti na v\u00edt\u011bzstv\u00ed. P\u011btkr\u00e1t byl v elitn\u00ed des\u00edtce, t\u0159ikr\u00e1t na stupn\u00edch v\u00edt\u011bzstv\u00ed, ale a\u017e v dojezdu \u00favodn\u00ed etapy sedmn\u00e1ct\u00e9ho ro\u010dn\u00edku nejv\u011bt\u0161\u00ed etapov\u00e9 bitvy na \u010desk\u00fdch silnic\u00edch slavil dvaadvacetilet\u00fd Ameri\u010dan v barv\u00e1ch Soudal Quick Step triumf.\" \/>\n<meta property=\"og:url\" content=\"https:\/\/www.welovecycling.com\/cs\/2025\/08\/14\/rok-cekal-na-triumf-cesko-je-pro-nej-zemi-zaslibenou\/\" \/>\n<meta property=\"og:site_name\" content=\"\u0160koda We Love Cycling - \u010cesk\u00e1 republika\" \/>\n<meta property=\"article:published_time\" content=\"2025-08-14T16:15:35+00:00\" \/>\n<meta property=\"article:modified_time\" content=\"2025-08-14T16:16:41+00:00\" \/>\n<meta property=\"og:image\" content=\"https:\/\/d2p6e6u75xmxt8.cloudfront.net\/13\/2025\/08\/CZECH-TOUR1104829.webp\" \/>\n\t<meta property=\"og:image:width\" content=\"2048\" \/>\n\t<meta property=\"og:image:height\" content=\"1364\" \/>\n\t<meta property=\"og:image:type\" content=\"image\/webp\" \/>\n<meta name=\"author\" content=\"radekmalina\" \/>\n<meta name=\"twitter:card\" content=\"summary_large_image\" \/>\n<meta name=\"twitter:label1\" content=\"Written by\" \/>\n\t<meta name=\"twitter:data1\" content=\"Radek Malina\" \/>\n\t<meta name=\"twitter:label2\" content=\"Est. reading time\" \/>\n\t<meta name=\"twitter:data2\" content=\"5\" \/>\n<script type=\"application\/ld+json\" class=\"yoast-schema-graph\">{\"@context\":\"https:\/\/schema.org\",\"@graph\":[{\"@type\":\"WebPage\",\"@id\":\"https:\/\/www.welovecycling.com\/cs\/2025\/08\/14\/rok-cekal-na-triumf-cesko-je-pro-nej-zemi-zaslibenou\/\",\"url\":\"https:\/\/www.welovecycling.com\/cs\/2025\/08\/14\/rok-cekal-na-triumf-cesko-je-pro-nej-zemi-zaslibenou\/\",\"name\":\"Rok \u010dekal na triumf. \u010cesko je pro n\u011bj zem\u00ed zasl\u00edbenou | \u0160koda We Love Cycling - \u010cesk\u00e1 republika\",\"isPartOf\":{\"@id\":\"https:\/\/www.welovecycling.com\/cs\/#website\"},\"primaryImageOfPage\":{\"@id\":\"https:\/\/www.welovecycling.com\/cs\/2025\/08\/14\/rok-cekal-na-triumf-cesko-je-pro-nej-zemi-zaslibenou\/#primaryimage\"},\"image\":{\"@id\":\"https:\/\/www.welovecycling.com\/cs\/2025\/08\/14\/rok-cekal-na-triumf-cesko-je-pro-nej-zemi-zaslibenou\/#primaryimage\"},\"thumbnailUrl\":\"https:\/\/d2p6e6u75xmxt8.cloudfront.net\/13\/2025\/08\/CZECH-TOUR1104829.webp\",\"datePublished\":\"2025-08-14T16:15:35+00:00\",\"dateModified\":\"2025-08-14T16:16:41+00:00\",\"author\":{\"@id\":\"https:\/\/www.welovecycling.com\/cs\/#\/schema\/person\/d9eeb0a378f3a7e4a6d12d2b536b04b8\"},\"description\":\"Czech Tour je mu snad souzen\u00e1. Celou sezonu \u010dekal Luke Lamperti na v\u00edt\u011bzstv\u00ed. P\u011btkr\u00e1t byl v elitn\u00ed des\u00edtce, t\u0159ikr\u00e1t na stupn\u00edch v\u00edt\u011bzstv\u00ed, ale a\u017e v dojezdu \u00favodn\u00ed etapy sedmn\u00e1ct\u00e9ho ro\u010dn\u00edku nejv\u011bt\u0161\u00ed etapov\u00e9 bitvy na \u010desk\u00fdch silnic\u00edch slavil dvaadvacetilet\u00fd Ameri\u010dan v barv\u00e1ch Soudal Quick Step triumf.\",\"inLanguage\":\"cs\",\"potentialAction\":[{\"@type\":\"ReadAction\",\"target\":[\"https:\/\/www.welovecycling.com\/cs\/2025\/08\/14\/rok-cekal-na-triumf-cesko-je-pro-nej-zemi-zaslibenou\/\"]}]},{\"@type\":\"ImageObject\",\"inLanguage\":\"cs\",\"@id\":\"https:\/\/www.welovecycling.com\/cs\/2025\/08\/14\/rok-cekal-na-triumf-cesko-je-pro-nej-zemi-zaslibenou\/#primaryimage\",\"url\":\"https:\/\/d2p6e6u75xmxt8.cloudfront.net\/13\/2025\/08\/CZECH-TOUR1104829.webp\",\"contentUrl\":\"https:\/\/d2p6e6u75xmxt8.cloudfront.net\/13\/2025\/08\/CZECH-TOUR1104829.webp\",\"width\":2048,\"height\":1364,\"caption\":\"Luke Lamperti\"},{\"@type\":\"WebSite\",\"@id\":\"https:\/\/www.welovecycling.com\/cs\/#website\",\"url\":\"https:\/\/www.welovecycling.com\/cs\/\",\"name\":\"\u0160koda We Love Cycling - \u010cesk\u00e1 republika\",\"description\":\"WeLoveCycling.cz je online magaz\u00edn, kter\u00fd v\u00e1m pravideln\u011b p\u0159in\u00e1\u0161\u00ed rady a tipy, zaj\u00edmav\u00e9 \u010dl\u00e1nky, videa a jedine\u010dn\u00e9 report\u00e1\u017ee ze sv\u011bta cyklistiky.\",\"potentialAction\":[{\"@type\":\"SearchAction\",\"target\":{\"@type\":\"EntryPoint\",\"urlTemplate\":\"https:\/\/www.welovecycling.com\/cs\/?s={search_term_string}\"},\"query-input\":{\"@type\":\"PropertyValueSpecification\",\"valueRequired\":true,\"valueName\":\"search_term_string\"}}],\"inLanguage\":\"cs\"},{\"@type\":\"Person\",\"@id\":\"https:\/\/www.welovecycling.com\/cs\/#\/schema\/person\/d9eeb0a378f3a7e4a6d12d2b536b04b8\",\"name\":\"radekmalina\",\"image\":{\"@type\":\"ImageObject\",\"inLanguage\":\"cs\",\"@id\":\"https:\/\/www.welovecycling.com\/cs\/#\/schema\/person\/image\/\",\"url\":\"https:\/\/secure.gravatar.com\/avatar\/66994b632cb8c39a46b9f54afa3ae07201b678d32a54275b6f1c9ffec356bfc0?s=96&d=mm&r=g\",\"contentUrl\":\"https:\/\/secure.gravatar.com\/avatar\/66994b632cb8c39a46b9f54afa3ae07201b678d32a54275b6f1c9ffec356bfc0?s=96&d=mm&r=g\",\"caption\":\"radekmalina\"},\"url\":\"https:\/\/www.welovecycling.com\/cs\/author\/radekmalina\/\"}]}<\/script>\n<!-- \/ Yoast SEO Premium plugin. -->","yoast_head_json":{"title":"Rok \u010dekal na triumf. \u010cesko je pro n\u011bj zem\u00ed zasl\u00edbenou | \u0160koda We Love Cycling - \u010cesk\u00e1 republika","description":"Czech Tour je mu snad souzen\u00e1. Celou sezonu \u010dekal Luke Lamperti na v\u00edt\u011bzstv\u00ed. P\u011btkr\u00e1t byl v elitn\u00ed des\u00edtce, t\u0159ikr\u00e1t na stupn\u00edch v\u00edt\u011bzstv\u00ed, ale a\u017e v dojezdu \u00favodn\u00ed etapy sedmn\u00e1ct\u00e9ho ro\u010dn\u00edku nejv\u011bt\u0161\u00ed etapov\u00e9 bitvy na \u010desk\u00fdch silnic\u00edch slavil dvaadvacetilet\u00fd Ameri\u010dan v barv\u00e1ch Soudal Quick Step triumf.","robots":{"index":"index","follow":"follow","max-snippet":"max-snippet:-1","max-image-preview":"max-image-preview:large","max-video-preview":"max-video-preview:-1"},"canonical":"https:\/\/www.welovecycling.com\/cs\/2025\/08\/14\/rok-cekal-na-triumf-cesko-je-pro-nej-zemi-zaslibenou\/","og_locale":"cs_CZ","og_type":"article","og_title":"Rok \u010dekal na triumf. \u010cesko je pro n\u011bj zem\u00ed zasl\u00edbenou","og_description":"Czech Tour je mu snad souzen\u00e1. Celou sezonu \u010dekal Luke Lamperti na v\u00edt\u011bzstv\u00ed. P\u011btkr\u00e1t byl v elitn\u00ed des\u00edtce, t\u0159ikr\u00e1t na stupn\u00edch v\u00edt\u011bzstv\u00ed, ale a\u017e v dojezdu \u00favodn\u00ed etapy sedmn\u00e1ct\u00e9ho ro\u010dn\u00edku nejv\u011bt\u0161\u00ed etapov\u00e9 bitvy na \u010desk\u00fdch silnic\u00edch slavil dvaadvacetilet\u00fd Ameri\u010dan v barv\u00e1ch Soudal Quick Step triumf.","og_url":"https:\/\/www.welovecycling.com\/cs\/2025\/08\/14\/rok-cekal-na-triumf-cesko-je-pro-nej-zemi-zaslibenou\/","og_site_name":"\u0160koda We Love Cycling - \u010cesk\u00e1 republika","article_published_time":"2025-08-14T16:15:35+00:00","article_modified_time":"2025-08-14T16:16:41+00:00","og_image":[{"width":2048,"height":1364,"url":"https:\/\/d2p6e6u75xmxt8.cloudfront.net\/13\/2025\/08\/CZECH-TOUR1104829.webp","type":"image\/webp"}],"author":"radekmalina","twitter_card":"summary_large_image","twitter_misc":{"Written by":"Radek Malina","Est. reading time":"5"},"schema":{"@context":"https:\/\/schema.org","@graph":[{"@type":"WebPage","@id":"https:\/\/www.welovecycling.com\/cs\/2025\/08\/14\/rok-cekal-na-triumf-cesko-je-pro-nej-zemi-zaslibenou\/","url":"https:\/\/www.welovecycling.com\/cs\/2025\/08\/14\/rok-cekal-na-triumf-cesko-je-pro-nej-zemi-zaslibenou\/","name":"Rok \u010dekal na triumf. \u010cesko je pro n\u011bj zem\u00ed zasl\u00edbenou | \u0160koda We Love Cycling - \u010cesk\u00e1 republika","isPartOf":{"@id":"https:\/\/www.welovecycling.com\/cs\/#website"},"primaryImageOfPage":{"@id":"https:\/\/www.welovecycling.com\/cs\/2025\/08\/14\/rok-cekal-na-triumf-cesko-je-pro-nej-zemi-zaslibenou\/#primaryimage"},"image":{"@id":"https:\/\/www.welovecycling.com\/cs\/2025\/08\/14\/rok-cekal-na-triumf-cesko-je-pro-nej-zemi-zaslibenou\/#primaryimage"},"thumbnailUrl":"https:\/\/d2p6e6u75xmxt8.cloudfront.net\/13\/2025\/08\/CZECH-TOUR1104829.webp","datePublished":"2025-08-14T16:15:35+00:00","dateModified":"2025-08-14T16:16:41+00:00","author":{"@id":"https:\/\/www.welovecycling.com\/cs\/#\/schema\/person\/d9eeb0a378f3a7e4a6d12d2b536b04b8"},"description":"Czech Tour je mu snad souzen\u00e1. Celou sezonu \u010dekal Luke Lamperti na v\u00edt\u011bzstv\u00ed. P\u011btkr\u00e1t byl v elitn\u00ed des\u00edtce, t\u0159ikr\u00e1t na stupn\u00edch v\u00edt\u011bzstv\u00ed, ale a\u017e v dojezdu \u00favodn\u00ed etapy sedmn\u00e1ct\u00e9ho ro\u010dn\u00edku nejv\u011bt\u0161\u00ed etapov\u00e9 bitvy na \u010desk\u00fdch silnic\u00edch slavil dvaadvacetilet\u00fd Ameri\u010dan v barv\u00e1ch Soudal Quick Step triumf.","inLanguage":"cs","potentialAction":[{"@type":"ReadAction","target":["https:\/\/www.welovecycling.com\/cs\/2025\/08\/14\/rok-cekal-na-triumf-cesko-je-pro-nej-zemi-zaslibenou\/"]}]},{"@type":"ImageObject","inLanguage":"cs","@id":"https:\/\/www.welovecycling.com\/cs\/2025\/08\/14\/rok-cekal-na-triumf-cesko-je-pro-nej-zemi-zaslibenou\/#primaryimage","url":"https:\/\/d2p6e6u75xmxt8.cloudfront.net\/13\/2025\/08\/CZECH-TOUR1104829.webp","contentUrl":"https:\/\/d2p6e6u75xmxt8.cloudfront.net\/13\/2025\/08\/CZECH-TOUR1104829.webp","width":2048,"height":1364,"caption":"Luke Lamperti"},{"@type":"WebSite","@id":"https:\/\/www.welovecycling.com\/cs\/#website","url":"https:\/\/www.welovecycling.com\/cs\/","name":"\u0160koda We Love Cycling - \u010cesk\u00e1 republika","description":"WeLoveCycling.cz je online magaz\u00edn, kter\u00fd v\u00e1m pravideln\u011b p\u0159in\u00e1\u0161\u00ed rady a tipy, zaj\u00edmav\u00e9 \u010dl\u00e1nky, videa a jedine\u010dn\u00e9 report\u00e1\u017ee ze sv\u011bta cyklistiky.","potentialAction":[{"@type":"SearchAction","target":{"@type":"EntryPoint","urlTemplate":"https:\/\/www.welovecycling.com\/cs\/?s={search_term_string}"},"query-input":{"@type":"PropertyValueSpecification","valueRequired":true,"valueName":"search_term_string"}}],"inLanguage":"cs"},{"@type":"Person","@id":"https:\/\/www.welovecycling.com\/cs\/#\/schema\/person\/d9eeb0a378f3a7e4a6d12d2b536b04b8","name":"radekmalina","image":{"@type":"ImageObject","inLanguage":"cs","@id":"https:\/\/www.welovecycling.com\/cs\/#\/schema\/person\/image\/","url":"https:\/\/secure.gravatar.com\/avatar\/66994b632cb8c39a46b9f54afa3ae07201b678d32a54275b6f1c9ffec356bfc0?s=96&d=mm&r=g","contentUrl":"https:\/\/secure.gravatar.com\/avatar\/66994b632cb8c39a46b9f54afa3ae07201b678d32a54275b6f1c9ffec356bfc0?s=96&d=mm&r=g","caption":"radekmalina"},"url":"https:\/\/www.welovecycling.com\/cs\/author\/radekmalina\/"}]}},"_links":{"self":[{"href":"https:\/\/www.welovecycling.com\/cs\/wp-json\/wp\/v2\/posts\/30603","targetHints":{"allow":["GET"]}}],"collection":[{"href":"https:\/\/www.welovecycling.com\/cs\/wp-json\/wp\/v2\/posts"}],"about":[{"href":"https:\/\/www.welovecycling.com\/cs\/wp-json\/wp\/v2\/types\/post"}],"author":[{"embeddable":true,"href":"https:\/\/www.welovecycling.com\/cs\/wp-json\/wp\/v2\/users\/138"}],"replies":[{"embeddable":true,"href":"https:\/\/www.welovecycling.com\/cs\/wp-json\/wp\/v2\/comments?post=30603"}],"version-history":[{"count":2,"href":"https:\/\/www.welovecycling.com\/cs\/wp-json\/wp\/v2\/posts\/30603\/revisions"}],"predecessor-version":[{"id":30612,"href":"https:\/\/www.welovecycling.com\/cs\/wp-json\/wp\/v2\/posts\/30603\/revisions\/30612"}],"wp:featuredmedia":[{"embeddable":true,"href":"https:\/\/www.welovecycling.com\/cs\/wp-json\/wp\/v2\/media\/30604"}],"wp:attachment":[{"href":"https:\/\/www.welovecycling.com\/cs\/wp-json\/wp\/v2\/media?parent=30603"}],"wp:term":[{"taxonomy":"category","embeddable":true,"href":"https:\/\/www.welovecycling.com\/cs\/wp-json\/wp\/v2\/categories?post=30603"},{"taxonomy":"post_tag","embeddable":true,"href":"https:\/\/www.welovecycling.com\/cs\/wp-json\/wp\/v2\/tags?post=30603"},{"taxonomy":"global-categories","embeddable":true,"href":"https:\/\/www.welovecycling.com\/cs\/wp-json\/wp\/v2\/global-categories?post=30603"}],"curies":[{"name":"wp","href":"https:\/\/api.w.org\/{rel}","templated":true}]}}