{"id":30597,"date":"2025-08-14T09:52:51","date_gmt":"2025-08-14T07:52:51","guid":{"rendered":"https:\/\/www.welovecycling.com\/cs\/?p=30597"},"modified":"2025-08-14T09:52:51","modified_gmt":"2025-08-14T07:52:51","slug":"proc-si-cykliste-holi-nohy-a-jeste-ziletkami-pritelkyn","status":"publish","type":"post","link":"https:\/\/www.welovecycling.com\/cs\/2025\/08\/14\/proc-si-cykliste-holi-nohy-a-jeste-ziletkami-pritelkyn\/","title":{"rendered":"Pro\u010d si cyklist\u00e9 hol\u00ed nohy? A je\u0161t\u011b \u017eiletkami p\u0159\u00edtelky\u0148?"},"content":{"rendered":"<p><strong>\u00dachylka nebo nezbytnost? Oholen\u00e9 nohy jsou pro cyklisty, rozhodn\u011b ty silni\u010dn\u00ed, povinnost. Nebo ne? P\u0159em\u00fd\u0161leli jste n\u011bkdy, pro\u010d jsou nejen profesion\u00e1ln\u00ed z\u00e1vodn\u00edci, ale i amat\u00e9\u0159i, tak vysazen\u00ed na p\u00e9\u010di o doln\u00ed kon\u010detiny a dbaj\u00ed, aby k\u016f\u017ei nehyzdily chlupy?<\/strong><\/p>\n<p>P\u0159i letm\u00e9m pohledu na profesion\u00e1ln\u00ed cyklisty je z\u0159ejm\u00e9, \u017ee hladk\u00e9 nohy bez chlup\u016f jsou samoz\u0159ejmost\u00ed. &#8222;M\u011bl jsem p\u0159ed <a href=\"https:\/\/www.welovecycling.com\/cs\/2025\/08\/12\/startuje-czech-tour-hvezdy-se-predstavi-na-hrade\/\">Czech Tour<\/a> t\u0159i t\u00fddny bez z\u00e1vod\u016f a up\u0159\u00edmn\u011b, nechal jsem to ule\u017eet a\u017e do z\u00e1vodu. Ale dva dny p\u0159ed prvn\u00ed etapou m\u00e1m oholen\u00e9 nohy v\u017edy,&#8220; \u0159\u00edk\u00e1 Michal Schuran, cyklista t\u00fdmu United Shipping a lo\u0148sk\u00fd v\u00edt\u011bz vrcha\u0159sk\u00e9 sout\u011b\u017ee z Czech Tour. &#8222;Pravideln\u011b se hol\u00edm dva dny p\u0159ed prvn\u00ed etapou. A pokud se jede Grand Tour, tak v pr\u016fb\u011bhu z\u00e1vodu v\u017edy p\u0159ed voln\u00fdm dnem,&#8220; p\u0159itak\u00e1v\u00e1 Josef \u010cern\u00fd, z\u00e1vodn\u00edk sestavy Soudal Quick Step a v\u00edt\u011bz Czech Tour z roku 2017. &#8222;Den p\u0159ed z\u00e1vodem se nehol\u00edm nikdy. V\u017edy s odstupem dvou dn\u016f,&#8220; potvrzuje Dominik Neuman, jezdec formace ATT Investments.<\/p>\n<h2><strong>Kdy nohy oholit?<\/strong><\/h2>\n<p>Pro\u010d cyklist\u00e9 tak \u00fazkostliv\u011b lp\u00ed na holen\u00ed kon\u010detin s minim\u00e1ln\u00edm odstupem \u010dty\u0159iadvaceti hodin p\u0159ed prvn\u00ed etapou \u010di z\u00e1vodn\u00edm dnem v p\u0159\u00edpad\u011b jednor\u00e1zovky? Cyklist\u00e9 jsou p\u0159i abnorm\u00e1ln\u00ed vyrovnanosti pelotonu posedl\u00ed detaily. A tak\u00e9 jsou ve v\u011bt\u0161in\u011b p\u0159\u00edpad\u016f pov\u011br\u010div\u00ed. A traduje se, \u017ee prvn\u00ed den &#8222;ra\u0161en\u00ed&#8220; chlup\u016f \u010derp\u00e1 z t\u011bla energii. Sice jen minim\u00e1ln\u011b, ale to je jedno. V pelotonu chce b\u00fdt ka\u017ed\u00fd stoprocentn\u00ed.<\/p>\n<p>&#8222;Honza B\u00e1rta \u0159\u00edkal, \u017ee holen\u00ed den p\u0159ed etapou nebo z\u00e1vodem bere s\u00edlu,&#8220; odkazuje se Dominik Neuman na b\u00fdval\u00e9ho par\u0165\u00e1ka se zku\u0161enostmi z Tour de France a p\u016fsoben\u00ed ve formaci Bora-hansgrohe. &#8222;Historicky se p\u0159ed\u00e1v\u00e1 mezi cyklisty, \u017ee r\u016fst chlup\u016f prvn\u00ed den unavuje t\u011blo. A tak se prost\u011b dr\u017e\u00ed ur\u010dit\u00fd rozestup mezi holen\u00edm a prvn\u00edm z\u00e1vodn\u00edm dnem,&#8220; kr\u010d\u00ed rameny Josef \u010cern\u00fd.<\/p>\n<p><a href=\"https:\/\/d2p6e6u75xmxt8.cloudfront.net\/13\/2025\/08\/profimedia-0962559289.webp\"><img loading=\"lazy\" decoding=\"async\" class=\"alignnone size-full wp-image-30599\" src=\"https:\/\/d2p6e6u75xmxt8.cloudfront.net\/13\/2025\/08\/profimedia-0962559289.webp\" alt=\"\" width=\"1800\" height=\"1200\" srcset=\"https:\/\/d2p6e6u75xmxt8.cloudfront.net\/13\/2025\/08\/profimedia-0962559289.webp 1800w, https:\/\/d2p6e6u75xmxt8.cloudfront.net\/13\/2025\/08\/profimedia-0962559289-300x200.webp 300w, https:\/\/d2p6e6u75xmxt8.cloudfront.net\/13\/2025\/08\/profimedia-0962559289-1024x683.webp 1024w, https:\/\/d2p6e6u75xmxt8.cloudfront.net\/13\/2025\/08\/profimedia-0962559289-768x512.webp 768w, https:\/\/d2p6e6u75xmxt8.cloudfront.net\/13\/2025\/08\/profimedia-0962559289-1536x1024.webp 1536w, https:\/\/d2p6e6u75xmxt8.cloudfront.net\/13\/2025\/08\/profimedia-0962559289-400x267.webp 400w, https:\/\/d2p6e6u75xmxt8.cloudfront.net\/13\/2025\/08\/profimedia-0962559289-272x182.webp 272w\" sizes=\"auto, (max-width: 1800px) 100vw, 1800px\" \/><\/a><\/p>\n<p>Ka\u017edop\u00e1dn\u011b testov\u00e1n\u00ed v aerodynamick\u00e9m tunelu, kter\u00e9 ve spolupr\u00e1ci s Britskou cyklistickou federac\u00ed provedl jeden p\u0159edn\u00ed v\u00fdrobce kol, jednozna\u010dn\u011b potvrdilo p\u0159\u00ednos oholen\u00fdch nohou pro rychlost. Pr\u016fm\u011brn\u00e1 \u00faspora na \u010dty\u0159iceti kilometrech byla sedmdes\u00e1t sekund, pokud m\u011bl testovan\u00fd subjekt oholen\u00e9 nohy, nikoliv zarostl\u00e9. A pokud m\u011bl testovan\u00fd cyklista oholen\u00e9 i pa\u017ee, uspo\u0159il dal\u0161\u00edch jeden\u00e1ct sekund.<\/p>\n<h2><strong>Oholen\u00e9 nohy maj\u00ed praktick\u00fd \u00fa\u010del<\/strong><\/h2>\n<p>Samotn\u00e9 holen\u00ed m\u00e1 pochopiteln\u011b hlavn\u011b praktick\u00fd \u00fa\u010del. Pokud dojde k p\u00e1du, kter\u00fdch je p\u0159i nervozit\u011b v pelotonu a jeho vyrovnanosti st\u00e1le v\u00edce, n\u00e1sledn\u00e9 o\u0161et\u0159ov\u00e1n\u00ed od\u0159enin je snadn\u011bj\u0161\u00ed pokud jsou nohy bez chlup\u016f. Samoz\u0159ejm\u011b je m\u00e9n\u011b bolestiv\u00e1 i aplikace obvaz\u016f, zejm\u00e9na pak jejich odstra\u0148ov\u00e1n\u00ed. &#8222;Chlupy jsou po p\u00e1du probl\u00e9m p\u0159i hojen\u00ed, proto\u017ee v m\u00edstech od\u0159enin mohou vznikat z\u00e1n\u011bty,&#8220; p\u0159itak\u00e1v\u00e1 Josef \u010cern\u00fd.<\/p>\n<div class=\"shortcode-ys-post-pinup\"><article class=\"loop-simple post-30483 post type-post status-publish format-standard has-post-thumbnail hentry category-zdravi-a-trenink tag-cyklistika tag-horska-cyklistika tag-potak tag-silnicni-cyklistika tag-spodni-vrstva tag-trenink global-categories-cycling\" data-postid=\"30483\" role=\"article\" data-post-id=\"30483\" data-word-count=\"385\" data-headline-length=\"44\" data-category=\"Zdrav\u00ed a tr\u00e9nink\" data-global-category=\"Cycling\" data-author=\"We Love Cycling\" data-published=\"2025-08-06T15:07:17+02:00\" data-published-day=\"Wednesday\">\n    <div class=\"entry-thumbnail article-thumbnail\" content=\"https:\/\/d2p6e6u75xmxt8.cloudfront.net\/13\/2025\/08\/20250713TDF1105-150x150.webp\"><a href=\"https:\/\/www.welovecycling.com\/cs\/2025\/08\/06\/potak-je-treba-pouzivat-ho-i-v-lete\/\" class=\"image-holder\" target=\"_self\"><img decoding=\"async\" loading=\"lazy\" class=\"\" src=\"https:\/\/d2p6e6u75xmxt8.cloudfront.net\/13\/2025\/08\/20250713TDF1105-1024x683.webp\" srcset=\"https:\/\/d2p6e6u75xmxt8.cloudfront.net\/13\/2025\/08\/20250713TDF1105-scaled.webp 2560w, https:\/\/d2p6e6u75xmxt8.cloudfront.net\/13\/2025\/08\/20250713TDF1105-300x200.webp 300w, https:\/\/d2p6e6u75xmxt8.cloudfront.net\/13\/2025\/08\/20250713TDF1105-1024x683.webp 1024w, https:\/\/d2p6e6u75xmxt8.cloudfront.net\/13\/2025\/08\/20250713TDF1105-768x512.webp 768w, https:\/\/d2p6e6u75xmxt8.cloudfront.net\/13\/2025\/08\/20250713TDF1105-1536x1024.webp 1536w, https:\/\/d2p6e6u75xmxt8.cloudfront.net\/13\/2025\/08\/20250713TDF1105-2048x1365.webp 2048w, https:\/\/d2p6e6u75xmxt8.cloudfront.net\/13\/2025\/08\/20250713TDF1105-1920x1280.webp 1920w, https:\/\/d2p6e6u75xmxt8.cloudfront.net\/13\/2025\/08\/20250713TDF1105-400x267.webp 400w, https:\/\/d2p6e6u75xmxt8.cloudfront.net\/13\/2025\/08\/20250713TDF1105-272x182.webp 272w, https:\/\/d2p6e6u75xmxt8.cloudfront.net\/13\/2025\/08\/20250713TDF1105-1920x1280.webp 1920w\" width=\"1024\" height=\"683\" sizes=\"auto, (min-width: 1200px) 300px, (min-width: 768px) 25vw, 100vw\" alt=\"potak-je-treba-pouzivat-ho-i-v-lete\"\/><\/a><\/div>    <div class=\"entry-meta\">\n        <a class=\"label label-secondary post-category\" href=\"https:\/\/www.welovecycling.com\/cs\/category\/zdravi-a-trenink\/\" title=\"Zdrav\u00ed a tr\u00e9nink\">Zdrav\u00ed a tr\u00e9nink<\/a>\n    <\/div>\n    <div class=\"entry-details\">\n        <a href=\"https:\/\/www.welovecycling.com\/cs\/2025\/08\/06\/potak-je-treba-pouzivat-ho-i-v-lete\/\" class='entry-title-wrapper'>\n            <h3 class=\"entry-title\"><span>Po\u0165\u00e1k. Je t\u0159eba pou\u017e\u00edvat ho i v l\u00e9t\u011b?<\/span><\/h3>\n        <\/a>\n    <\/div>\n    <\/article>\n<\/div>\n<p>Dal\u0161\u00ed nepop\u00edrateln\u00fd benefit oholen\u00fdch nohou je z hlediska regenerace. Cyklist\u00e9 pravideln\u011b m\u00ed\u0159\u00ed v r\u00e1mci vst\u0159eb\u00e1n\u00ed \u00fanavy na mas\u00e9rsk\u00fd st\u016fl a mas\u00e1\u017e je \u00fa\u010dinn\u011bj\u0161\u00ed, pokud jsou nohy oholen\u00e9. A pro mas\u00e9ry nen\u00ed nic p\u0159\u00edjemn\u00e9ho, kdy\u017e jsou kon\u010detiny jako kaktus.<\/p>\n<figure id=\"attachment_30321\" aria-describedby=\"caption-attachment-30321\" style=\"width: 1280px\" class=\"wp-caption alignnone\"><a href=\"https:\/\/d2p6e6u75xmxt8.cloudfront.net\/13\/2025\/07\/20250723TDF1147-scaled.webp\"><img loading=\"lazy\" decoding=\"async\" class=\"size-extra-large wp-image-30321\" src=\"https:\/\/d2p6e6u75xmxt8.cloudfront.net\/13\/2025\/07\/20250723TDF1147-1280x1920.webp\" alt=\"\" width=\"1280\" height=\"1920\" srcset=\"https:\/\/d2p6e6u75xmxt8.cloudfront.net\/13\/2025\/07\/20250723TDF1147-1280x1920.webp 1280w, https:\/\/d2p6e6u75xmxt8.cloudfront.net\/13\/2025\/07\/20250723TDF1147-200x300.webp 200w, https:\/\/d2p6e6u75xmxt8.cloudfront.net\/13\/2025\/07\/20250723TDF1147-683x1024.webp 683w, https:\/\/d2p6e6u75xmxt8.cloudfront.net\/13\/2025\/07\/20250723TDF1147-768x1152.webp 768w, https:\/\/d2p6e6u75xmxt8.cloudfront.net\/13\/2025\/07\/20250723TDF1147-1024x1536.webp 1024w, https:\/\/d2p6e6u75xmxt8.cloudfront.net\/13\/2025\/07\/20250723TDF1147-1365x2048.webp 1365w, https:\/\/d2p6e6u75xmxt8.cloudfront.net\/13\/2025\/07\/20250723TDF1147-267x400.webp 267w, https:\/\/d2p6e6u75xmxt8.cloudfront.net\/13\/2025\/07\/20250723TDF1147-scaled.webp 1707w, https:\/\/d2p6e6u75xmxt8.cloudfront.net\/13\/2025\/07\/20250723TDF1147-1280x1920.webp 1280w\" sizes=\"auto, (max-width: 1280px) 100vw, 1280px\" \/><\/a><figcaption id=\"caption-attachment-30321\" class=\"wp-caption-text\"><em>Tadej Poga\u010dar a jeho oholen\u00e9 l\u00fdtko. Foto: A.S.O.\/Charly Lopez<\/em><\/figcaption><\/figure>\n<p>&#8222;Jednou jsem n\u011bjak holen\u00ed vypustil a \u0161el na mas\u00e1\u017e, kdy\u017e byly nohy zarostl\u00e9. A mas\u00e9r byl hodn\u011b podr\u00e1\u017ed\u011bn\u00fd,&#8220; vzpom\u00edn\u00e1 Petr Kelemen, \u010desk\u00fd cyklista formace Tudor Pro. &#8222;V\u011bt\u0161inou se hol\u00edm dva dny p\u0159ed z\u00e1vodem. A p\u0159ed mas\u00e1\u017e\u00ed na tom lp\u00edm rovn\u011b\u017e, proto\u017ee kdy\u017e jsou nohy zarostl\u00e9, hroz\u00ed z\u00e1n\u011bt,&#8220; podot\u00fdk\u00e1 Petr Kelemen. &#8222;Ale kdy\u017e jsou nohy oholen\u00e9 maxim\u00e1ln\u011b \u010dty\u0159i dny, mas\u00e9\u0159i nemaj\u00ed probl\u00e9m,&#8220; nab\u00edz\u00ed zku\u0161enost Dominik Neuman. &#8222;P\u0159i\u0161lo by mi divn\u00e9 j\u00edt na mas\u00e1\u017e neoholen\u00fd. U n\u00e1s v t\u00fdmu jde o samoz\u0159ejmost. P\u0159i z\u00e1vod\u011b se z praktick\u00fdch d\u016fvod\u016f hol\u00edm ka\u017ed\u00fd den. V tr\u00e9ninkov\u00e9m obdob\u00ed jednou za t\u00fdden,&#8220; vypravuje Martin Kapr, australsk\u00fd z\u00e1vodn\u00edk \u010desk\u00e9ho p\u016fvodu z t\u00fdmu Ccache x Bodywrap.<\/p>\n<div class=\"shortcode-ys-post-pinup\"><article class=\"loop-simple post-30381 post type-post status-publish format-standard has-post-thumbnail hentry category-silnicni-cyklistika tag-cyklistika tag-sestupovy-system tag-silnicni-cyklistika tag-tour-de-france tag-tour-de-france-2025 global-categories-cycling\" data-postid=\"30381\" role=\"article\" data-post-id=\"30381\" data-word-count=\"423\" data-headline-length=\"73\" data-category=\"Silni\u010dn\u00ed cyklistika\" data-global-category=\"Cycling\" data-author=\"We Love Cycling\" data-published=\"2025-07-31T07:30:31+02:00\" data-published-day=\"Thursday\">\n    <div class=\"entry-thumbnail article-thumbnail\" content=\"https:\/\/d2p6e6u75xmxt8.cloudfront.net\/13\/2025\/07\/20250717TDF2032-150x150.webp\"><a href=\"https:\/\/www.welovecycling.com\/cs\/2025\/07\/31\/tour-a-fuze-meni-sestupove-akcie-rozhodne-zebricek-nebo-penize\/\" class=\"image-holder\" target=\"_self\"><img decoding=\"async\" loading=\"lazy\" class=\"\" src=\"https:\/\/d2p6e6u75xmxt8.cloudfront.net\/13\/2025\/07\/20250717TDF2032-1024x683.webp\" srcset=\"https:\/\/d2p6e6u75xmxt8.cloudfront.net\/13\/2025\/07\/20250717TDF2032-scaled.webp 2560w, https:\/\/d2p6e6u75xmxt8.cloudfront.net\/13\/2025\/07\/20250717TDF2032-300x200.webp 300w, https:\/\/d2p6e6u75xmxt8.cloudfront.net\/13\/2025\/07\/20250717TDF2032-1024x683.webp 1024w, https:\/\/d2p6e6u75xmxt8.cloudfront.net\/13\/2025\/07\/20250717TDF2032-768x512.webp 768w, https:\/\/d2p6e6u75xmxt8.cloudfront.net\/13\/2025\/07\/20250717TDF2032-1536x1024.webp 1536w, https:\/\/d2p6e6u75xmxt8.cloudfront.net\/13\/2025\/07\/20250717TDF2032-2048x1365.webp 2048w, https:\/\/d2p6e6u75xmxt8.cloudfront.net\/13\/2025\/07\/20250717TDF2032-1920x1280.webp 1920w, https:\/\/d2p6e6u75xmxt8.cloudfront.net\/13\/2025\/07\/20250717TDF2032-400x267.webp 400w, https:\/\/d2p6e6u75xmxt8.cloudfront.net\/13\/2025\/07\/20250717TDF2032-272x182.webp 272w, https:\/\/d2p6e6u75xmxt8.cloudfront.net\/13\/2025\/07\/20250717TDF2032-1920x1280.webp 1920w\" width=\"1024\" height=\"683\" sizes=\"auto, (min-width: 1200px) 300px, (min-width: 768px) 25vw, 100vw\" alt=\"tour-a-fuze-meni-sestupove-akcie-rozhodne-zebricek-nebo-penize\"\/><\/a><\/div>    <div class=\"entry-meta\">\n        <a class=\"label label-secondary post-category\" href=\"https:\/\/www.welovecycling.com\/cs\/category\/silnicni-cyklistika\/\" title=\"Silni\u010dn\u00ed cyklistika\">Silni\u010dn\u00ed cyklistika<\/a>\n    <\/div>\n    <div class=\"entry-details\">\n        <a href=\"https:\/\/www.welovecycling.com\/cs\/2025\/07\/31\/tour-a-fuze-meni-sestupove-akcie-rozhodne-zebricek-nebo-penize\/\" class='entry-title-wrapper'>\n            <h3 class=\"entry-title\"><span>Tour a f\u00faze m\u011bn\u00ed sestupov\u00e9 akcie. Rozhodne \u017eeb\u0159\u00ed\u010dek nebo pen\u00edze?<\/span><\/h3>\n        <\/a>\n    <\/div>\n    <\/article>\n<\/div>\n<p>Samostatnou kapitolou je pak zp\u016fsob holen\u00ed. Dermatologov\u00e9 doporu\u010duj\u00ed nejprve zkr\u00e1cen\u00ed chlup\u016f zast\u0159ihova\u010dem vous\u016f, v ide\u00e1ln\u00edm p\u0159\u00edpad\u011b napu\u0161t\u011bn\u00ed vany, vodu s n\u011bkolika kapkami d\u011btsk\u00e9ho olej\u00ed\u010dku kv\u016fli zm\u011bk\u010den\u00ed chlup\u016f&#8230; Hol\u00edc\u00ed strojek s v\u00edce b\u0159ity a lubrika\u010dn\u00edm prou\u017ekem. A samoz\u0159ejm\u011b pou\u017e\u00edt hol\u00edc\u00ed gel \u010di kr\u00e9m. Zapom\u00ednat by se nem\u011blo na hydrata\u010dn\u00ed kr\u00e9m. N\u011bkte\u0159\u00ed cyklist\u00e9, zejm\u00e9na na amat\u00e9rsk\u00e9 \u00farovni, nohy hol\u00ed jenom do v\u00fd\u0161ky kra\u0165as\u016f. Pak se pochopiteln\u011b ztr\u00e1c\u00ed efekt odstran\u011bn\u00fdch chlup\u016f v p\u0159\u00edpad\u011b p\u00e1du. Z hlediska prevence pro p\u0159\u00edpad nehody nebo i kv\u016fli mas\u00e1\u017ei je d\u016fle\u017eit\u00e9 holit kon\u010detiny a\u017e k bok\u016fm.<\/p>\n<h2><strong>Fr\u010d\u00ed d\u00e1msk\u00e9 prost\u0159edky<\/strong><\/h2>\n<p>Realita pelotonu \u010di amat\u00e9rsk\u00fdch z\u00e1vodn\u00edk\u016f je v\u0161ak odli\u0161n\u00e1. &#8222;Z\u00e1sadn\u011b se hol\u00edm a\u017e na boky. A pou\u017e\u00edv\u00e1m gel, kter\u00fd je p\u0159\u00edtelkyn\u011b. V\u011bt\u0161inou si vlastn\u00ed zapomenu koupit. Ale hlavn\u011b je v\u00fdrazn\u011b jemn\u011bj\u0161\u00ed,&#8220; usm\u00edv\u00e1 se Dominik Neuman. &#8222;J\u00e1 to m\u00e1m stejn\u011b. Beru si hol\u00edc\u00ed gel man\u017eelky,&#8220; p\u0159itak\u00e1v\u00e1 Josef \u010cern\u00fd. &#8222;Dokonce pou\u017e\u00edv\u00e1m i \u017eiletky, co si kupuje p\u0159\u00edtelkyn\u011b. Zjistil jsem, \u017ee d\u00e1msk\u00e9 jsou lep\u0161\u00ed ne\u017e p\u00e1nsk\u00e9. P\u0159\u00edjemn\u011bj\u0161\u00ed a \u0161etrn\u011bj\u0161\u00ed,&#8220; cul\u00ed se Petr Kelemen.<\/p>\n<figure id=\"attachment_26478\" aria-describedby=\"caption-attachment-26478\" style=\"width: 1000px\" class=\"wp-caption alignnone\"><a href=\"https:\/\/d2p6e6u75xmxt8.cloudfront.net\/13\/2024\/07\/remco-evenepoel-3.webp\"><img loading=\"lazy\" decoding=\"async\" class=\"size-full wp-image-26478\" src=\"https:\/\/d2p6e6u75xmxt8.cloudfront.net\/13\/2024\/07\/remco-evenepoel-3.webp\" alt=\"Remco Evenepoel\" width=\"1000\" height=\"667\" srcset=\"https:\/\/d2p6e6u75xmxt8.cloudfront.net\/13\/2024\/07\/remco-evenepoel-3.webp 1000w, https:\/\/d2p6e6u75xmxt8.cloudfront.net\/13\/2024\/07\/remco-evenepoel-3-300x200.webp 300w, https:\/\/d2p6e6u75xmxt8.cloudfront.net\/13\/2024\/07\/remco-evenepoel-3-768x512.webp 768w, https:\/\/d2p6e6u75xmxt8.cloudfront.net\/13\/2024\/07\/remco-evenepoel-3-400x267.webp 400w, https:\/\/d2p6e6u75xmxt8.cloudfront.net\/13\/2024\/07\/remco-evenepoel-3-272x182.webp 272w\" sizes=\"auto, (max-width: 1000px) 100vw, 1000px\" \/><\/a><figcaption id=\"caption-attachment-26478\" class=\"wp-caption-text\"><em>Remco Evenepoel a Tadej Poga\u010dar na Tour de France, kde jsou oholen\u00e9 nohy samoz\u0159ejmost\u00ed.<\/em><\/figcaption><\/figure>\n<p>&#8222;Na soust\u0159ed\u011bn\u00edch se oholen\u00e9 nohy \u0159e\u0161\u00ed hodn\u011b kv\u016fli mas\u00e9r\u016fm a tak\u00e9 ofici\u00e1ln\u00edm fotografi\u00edm, aby nevypadaly obr\u00e1zky pro sponzory \u0161patn\u011b. Ale jinak jde o osobn\u00ed v\u011bc ka\u017ed\u00e9ho cyklisty. Nicm\u00e9n\u011b jsem si nev\u0161iml, \u017ee by v pelotonu jezdil n\u011bkdo vylo\u017een\u011b se zarostl\u00fdma nohama. Ob\u010das se tedy sn\u00edmek n\u011bkoho objev\u00ed, ale to jde v\u011bt\u0161inou jen o velkou hv\u011bzdu, kter\u00e1 p\u0159itahuje pozornost,&#8220; usm\u00edv\u00e1 se Michal Schuran.<\/p>\n<p>Nar\u00e1\u017e\u00ed na opakovan\u00e9 z\u00e1b\u011bry v\u00edt\u011bze \u010dty\u0159 Grand Tour Primo\u017ee Rogli\u010de, kter\u00fd v \u00favodu sezony nastupuje do z\u00e1vod\u016f s kon\u010detinami bez jak\u00e9koliv \u00fapravy po dlouh\u00e9 zimn\u00ed p\u0159est\u00e1vce. Je\u0161t\u011b v dresu Visma Lease a Bike jej fotografov\u00e9 &#8222;na\u010dapali&#8220; neupraven\u00e9ho p\u0159i jeho z\u00e1vodn\u00ed premi\u00e9\u0159e na Tirreno-Adriatico zrovna kdy\u017e vyhr\u00e1l etapu. Po p\u0159estupu do Red Bull Bora-hansgrohe rovn\u011b\u017e v prvn\u00edch z\u00e1vodech nastupoval v situaci, kdy nem\u011bl oholen\u00e9 nohy. &#8222;Ale ten je v jin\u00e9 sf\u00e9\u0159e. On nemus\u00ed nic \u0159e\u0161it,&#8220; kr\u010d\u00ed rameny Martin Kapr.<\/p>\n<p>Je jasn\u00e9, \u017ee oholen\u00e9 nohy jsou hlavn\u011b v p\u0159\u00edpad\u011b amat\u00e9rsk\u00fdch cyklist\u016f odznakem cti. Nav\u00edc po pravideln\u00fdch tr\u00e9ninc\u00edch pod letn\u00edm sluncem jsou svaly mnohem z\u0159eteln\u011bj\u0161\u00ed bez chlup\u016f. Ale abyste byli cyklistou, rozhodn\u011b si nohy holit nemus\u00edte&#8230;<\/p>\n","protected":false},"excerpt":{"rendered":"<p>\u00dachylka nebo nezbytnost? Oholen\u00e9 nohy jsou pro cyklisty, rozhodn\u011b ty silni\u010dn\u00ed, povinnost. Nebo ne? P\u0159em\u00fd\u0161leli jste n\u011bkdy, pro\u010d jsou nejen [&hellip;]<\/p>\n","protected":false},"author":138,"featured_media":30598,"comment_status":"open","ping_status":"open","sticky":false,"template":"","format":"standard","meta":{"footnotes":""},"categories":[10],"tags":[126,56,4334,9,67],"global-categories":[411],"class_list":["post-30597","post","type-post","status-publish","format-standard","has-post-thumbnail","hentry","category-silnicni-cyklistika","tag-cyklistika","tag-horska-cyklistika","tag-oholene-nohy","tag-silnicni-cyklistika","tag-zdravi-a-trenink","global-categories-cycling"],"yoast_head":"<!-- This site is optimized with the Yoast SEO Premium plugin v25.3 (Yoast SEO v25.9) - https:\/\/yoast.com\/wordpress\/plugins\/seo\/ -->\n<title>Pro\u010d si cyklist\u00e9 hol\u00ed nohy? A je\u0161t\u011b \u017eiletkami p\u0159\u00edtelky\u0148? | \u0160koda We Love Cycling - \u010cesk\u00e1 republika<\/title>\n<meta name=\"description\" content=\"\u00dachylka nebo nezbytnost? Oholen\u00e9 nohy jsou pro cyklisty, rozhodn\u011b ty silni\u010dn\u00ed, povinnost. Nebo ne? P\u0159em\u00fd\u0161leli jste n\u011bkdy, pro\u010d jsou nejen profesion\u00e1ln\u00ed z\u00e1vodn\u00edci, ale i amat\u00e9\u0159i, tak vysazen\u00ed na p\u00e9\u010di o doln\u00ed kon\u010detiny a dbaj\u00ed, aby k\u016f\u017ei nehyzdily chlupy?\" \/>\n<meta name=\"robots\" content=\"index, follow, max-snippet:-1, max-image-preview:large, max-video-preview:-1\" \/>\n<link rel=\"canonical\" href=\"https:\/\/www.welovecycling.com\/cs\/2025\/08\/14\/proc-si-cykliste-holi-nohy-a-jeste-ziletkami-pritelkyn\/\" \/>\n<meta property=\"og:locale\" content=\"cs_CZ\" \/>\n<meta property=\"og:type\" content=\"article\" \/>\n<meta property=\"og:title\" content=\"Pro\u010d si cyklist\u00e9 hol\u00ed nohy? A je\u0161t\u011b \u017eiletkami p\u0159\u00edtelky\u0148?\" \/>\n<meta property=\"og:description\" content=\"\u00dachylka nebo nezbytnost? Oholen\u00e9 nohy jsou pro cyklisty, rozhodn\u011b ty silni\u010dn\u00ed, povinnost. Nebo ne? P\u0159em\u00fd\u0161leli jste n\u011bkdy, pro\u010d jsou nejen profesion\u00e1ln\u00ed z\u00e1vodn\u00edci, ale i amat\u00e9\u0159i, tak vysazen\u00ed na p\u00e9\u010di o doln\u00ed kon\u010detiny a dbaj\u00ed, aby k\u016f\u017ei nehyzdily chlupy?\" \/>\n<meta property=\"og:url\" content=\"https:\/\/www.welovecycling.com\/cs\/2025\/08\/14\/proc-si-cykliste-holi-nohy-a-jeste-ziletkami-pritelkyn\/\" \/>\n<meta property=\"og:site_name\" content=\"\u0160koda We Love Cycling - \u010cesk\u00e1 republika\" \/>\n<meta property=\"article:published_time\" content=\"2025-08-14T07:52:51+00:00\" \/>\n<meta property=\"og:image\" content=\"https:\/\/d2p6e6u75xmxt8.cloudfront.net\/13\/2025\/08\/profimedia-0904409907.webp\" \/>\n\t<meta property=\"og:image:width\" content=\"1800\" \/>\n\t<meta property=\"og:image:height\" content=\"1350\" \/>\n\t<meta property=\"og:image:type\" content=\"image\/webp\" \/>\n<meta name=\"author\" content=\"radekmalina\" \/>\n<meta name=\"twitter:card\" content=\"summary_large_image\" \/>\n<meta name=\"twitter:label1\" content=\"Written by\" \/>\n\t<meta name=\"twitter:data1\" content=\"We Love Cycling\" \/>\n\t<meta name=\"twitter:label2\" content=\"Est. reading time\" \/>\n\t<meta name=\"twitter:data2\" content=\"6 minut\" \/>\n<script type=\"application\/ld+json\" class=\"yoast-schema-graph\">{\"@context\":\"https:\/\/schema.org\",\"@graph\":[{\"@type\":\"WebPage\",\"@id\":\"https:\/\/www.welovecycling.com\/cs\/2025\/08\/14\/proc-si-cykliste-holi-nohy-a-jeste-ziletkami-pritelkyn\/\",\"url\":\"https:\/\/www.welovecycling.com\/cs\/2025\/08\/14\/proc-si-cykliste-holi-nohy-a-jeste-ziletkami-pritelkyn\/\",\"name\":\"Pro\u010d si cyklist\u00e9 hol\u00ed nohy? A je\u0161t\u011b \u017eiletkami p\u0159\u00edtelky\u0148? | \u0160koda We Love Cycling - \u010cesk\u00e1 republika\",\"isPartOf\":{\"@id\":\"https:\/\/www.welovecycling.com\/cs\/#website\"},\"primaryImageOfPage\":{\"@id\":\"https:\/\/www.welovecycling.com\/cs\/2025\/08\/14\/proc-si-cykliste-holi-nohy-a-jeste-ziletkami-pritelkyn\/#primaryimage\"},\"image\":{\"@id\":\"https:\/\/www.welovecycling.com\/cs\/2025\/08\/14\/proc-si-cykliste-holi-nohy-a-jeste-ziletkami-pritelkyn\/#primaryimage\"},\"thumbnailUrl\":\"https:\/\/d2p6e6u75xmxt8.cloudfront.net\/13\/2025\/08\/profimedia-0904409907.webp\",\"datePublished\":\"2025-08-14T07:52:51+00:00\",\"author\":{\"@id\":\"https:\/\/www.welovecycling.com\/cs\/#\/schema\/person\/d9eeb0a378f3a7e4a6d12d2b536b04b8\"},\"description\":\"\u00dachylka nebo nezbytnost? Oholen\u00e9 nohy jsou pro cyklisty, rozhodn\u011b ty silni\u010dn\u00ed, povinnost. Nebo ne? P\u0159em\u00fd\u0161leli jste n\u011bkdy, pro\u010d jsou nejen profesion\u00e1ln\u00ed z\u00e1vodn\u00edci, ale i amat\u00e9\u0159i, tak vysazen\u00ed na p\u00e9\u010di o doln\u00ed kon\u010detiny a dbaj\u00ed, aby k\u016f\u017ei nehyzdily chlupy?\",\"inLanguage\":\"cs\",\"potentialAction\":[{\"@type\":\"ReadAction\",\"target\":[\"https:\/\/www.welovecycling.com\/cs\/2025\/08\/14\/proc-si-cykliste-holi-nohy-a-jeste-ziletkami-pritelkyn\/\"]}]},{\"@type\":\"ImageObject\",\"inLanguage\":\"cs\",\"@id\":\"https:\/\/www.welovecycling.com\/cs\/2025\/08\/14\/proc-si-cykliste-holi-nohy-a-jeste-ziletkami-pritelkyn\/#primaryimage\",\"url\":\"https:\/\/d2p6e6u75xmxt8.cloudfront.net\/13\/2025\/08\/profimedia-0904409907.webp\",\"contentUrl\":\"https:\/\/d2p6e6u75xmxt8.cloudfront.net\/13\/2025\/08\/profimedia-0904409907.webp\",\"width\":1800,\"height\":1350,\"caption\":\"Oholen\u00e9 nohy jsou pro cyklisty sv\u00e1tost\u00ed. Je to rada, kter\u00e1 v\u00e1s zrychl\u00ed?\"},{\"@type\":\"WebSite\",\"@id\":\"https:\/\/www.welovecycling.com\/cs\/#website\",\"url\":\"https:\/\/www.welovecycling.com\/cs\/\",\"name\":\"\u0160koda We Love Cycling - \u010cesk\u00e1 republika\",\"description\":\"WeLoveCycling.cz je online magaz\u00edn, kter\u00fd v\u00e1m pravideln\u011b p\u0159in\u00e1\u0161\u00ed rady a tipy, zaj\u00edmav\u00e9 \u010dl\u00e1nky, videa a jedine\u010dn\u00e9 report\u00e1\u017ee ze sv\u011bta cyklistiky.\",\"potentialAction\":[{\"@type\":\"SearchAction\",\"target\":{\"@type\":\"EntryPoint\",\"urlTemplate\":\"https:\/\/www.welovecycling.com\/cs\/?s={search_term_string}\"},\"query-input\":{\"@type\":\"PropertyValueSpecification\",\"valueRequired\":true,\"valueName\":\"search_term_string\"}}],\"inLanguage\":\"cs\"},{\"@type\":\"Person\",\"@id\":\"https:\/\/www.welovecycling.com\/cs\/#\/schema\/person\/d9eeb0a378f3a7e4a6d12d2b536b04b8\",\"name\":\"radekmalina\",\"image\":{\"@type\":\"ImageObject\",\"inLanguage\":\"cs\",\"@id\":\"https:\/\/www.welovecycling.com\/cs\/#\/schema\/person\/image\/\",\"url\":\"https:\/\/secure.gravatar.com\/avatar\/66994b632cb8c39a46b9f54afa3ae07201b678d32a54275b6f1c9ffec356bfc0?s=96&d=mm&r=g\",\"contentUrl\":\"https:\/\/secure.gravatar.com\/avatar\/66994b632cb8c39a46b9f54afa3ae07201b678d32a54275b6f1c9ffec356bfc0?s=96&d=mm&r=g\",\"caption\":\"radekmalina\"},\"url\":\"https:\/\/www.welovecycling.com\/cs\/author\/radekmalina\/\"}]}<\/script>\n<!-- \/ Yoast SEO Premium plugin. -->","yoast_head_json":{"title":"Pro\u010d si cyklist\u00e9 hol\u00ed nohy? A je\u0161t\u011b \u017eiletkami p\u0159\u00edtelky\u0148? | \u0160koda We Love Cycling - \u010cesk\u00e1 republika","description":"\u00dachylka nebo nezbytnost? Oholen\u00e9 nohy jsou pro cyklisty, rozhodn\u011b ty silni\u010dn\u00ed, povinnost. Nebo ne? P\u0159em\u00fd\u0161leli jste n\u011bkdy, pro\u010d jsou nejen profesion\u00e1ln\u00ed z\u00e1vodn\u00edci, ale i amat\u00e9\u0159i, tak vysazen\u00ed na p\u00e9\u010di o doln\u00ed kon\u010detiny a dbaj\u00ed, aby k\u016f\u017ei nehyzdily chlupy?","robots":{"index":"index","follow":"follow","max-snippet":"max-snippet:-1","max-image-preview":"max-image-preview:large","max-video-preview":"max-video-preview:-1"},"canonical":"https:\/\/www.welovecycling.com\/cs\/2025\/08\/14\/proc-si-cykliste-holi-nohy-a-jeste-ziletkami-pritelkyn\/","og_locale":"cs_CZ","og_type":"article","og_title":"Pro\u010d si cyklist\u00e9 hol\u00ed nohy? A je\u0161t\u011b \u017eiletkami p\u0159\u00edtelky\u0148?","og_description":"\u00dachylka nebo nezbytnost? Oholen\u00e9 nohy jsou pro cyklisty, rozhodn\u011b ty silni\u010dn\u00ed, povinnost. Nebo ne? P\u0159em\u00fd\u0161leli jste n\u011bkdy, pro\u010d jsou nejen profesion\u00e1ln\u00ed z\u00e1vodn\u00edci, ale i amat\u00e9\u0159i, tak vysazen\u00ed na p\u00e9\u010di o doln\u00ed kon\u010detiny a dbaj\u00ed, aby k\u016f\u017ei nehyzdily chlupy?","og_url":"https:\/\/www.welovecycling.com\/cs\/2025\/08\/14\/proc-si-cykliste-holi-nohy-a-jeste-ziletkami-pritelkyn\/","og_site_name":"\u0160koda We Love Cycling - \u010cesk\u00e1 republika","article_published_time":"2025-08-14T07:52:51+00:00","og_image":[{"width":1800,"height":1350,"url":"https:\/\/d2p6e6u75xmxt8.cloudfront.net\/13\/2025\/08\/profimedia-0904409907.webp","type":"image\/webp"}],"author":"radekmalina","twitter_card":"summary_large_image","twitter_misc":{"Written by":"We Love Cycling","Est. reading time":"6 minut"},"schema":{"@context":"https:\/\/schema.org","@graph":[{"@type":"WebPage","@id":"https:\/\/www.welovecycling.com\/cs\/2025\/08\/14\/proc-si-cykliste-holi-nohy-a-jeste-ziletkami-pritelkyn\/","url":"https:\/\/www.welovecycling.com\/cs\/2025\/08\/14\/proc-si-cykliste-holi-nohy-a-jeste-ziletkami-pritelkyn\/","name":"Pro\u010d si cyklist\u00e9 hol\u00ed nohy? A je\u0161t\u011b \u017eiletkami p\u0159\u00edtelky\u0148? | \u0160koda We Love Cycling - \u010cesk\u00e1 republika","isPartOf":{"@id":"https:\/\/www.welovecycling.com\/cs\/#website"},"primaryImageOfPage":{"@id":"https:\/\/www.welovecycling.com\/cs\/2025\/08\/14\/proc-si-cykliste-holi-nohy-a-jeste-ziletkami-pritelkyn\/#primaryimage"},"image":{"@id":"https:\/\/www.welovecycling.com\/cs\/2025\/08\/14\/proc-si-cykliste-holi-nohy-a-jeste-ziletkami-pritelkyn\/#primaryimage"},"thumbnailUrl":"https:\/\/d2p6e6u75xmxt8.cloudfront.net\/13\/2025\/08\/profimedia-0904409907.webp","datePublished":"2025-08-14T07:52:51+00:00","author":{"@id":"https:\/\/www.welovecycling.com\/cs\/#\/schema\/person\/d9eeb0a378f3a7e4a6d12d2b536b04b8"},"description":"\u00dachylka nebo nezbytnost? Oholen\u00e9 nohy jsou pro cyklisty, rozhodn\u011b ty silni\u010dn\u00ed, povinnost. Nebo ne? P\u0159em\u00fd\u0161leli jste n\u011bkdy, pro\u010d jsou nejen profesion\u00e1ln\u00ed z\u00e1vodn\u00edci, ale i amat\u00e9\u0159i, tak vysazen\u00ed na p\u00e9\u010di o doln\u00ed kon\u010detiny a dbaj\u00ed, aby k\u016f\u017ei nehyzdily chlupy?","inLanguage":"cs","potentialAction":[{"@type":"ReadAction","target":["https:\/\/www.welovecycling.com\/cs\/2025\/08\/14\/proc-si-cykliste-holi-nohy-a-jeste-ziletkami-pritelkyn\/"]}]},{"@type":"ImageObject","inLanguage":"cs","@id":"https:\/\/www.welovecycling.com\/cs\/2025\/08\/14\/proc-si-cykliste-holi-nohy-a-jeste-ziletkami-pritelkyn\/#primaryimage","url":"https:\/\/d2p6e6u75xmxt8.cloudfront.net\/13\/2025\/08\/profimedia-0904409907.webp","contentUrl":"https:\/\/d2p6e6u75xmxt8.cloudfront.net\/13\/2025\/08\/profimedia-0904409907.webp","width":1800,"height":1350,"caption":"Oholen\u00e9 nohy jsou pro cyklisty sv\u00e1tost\u00ed. Je to rada, kter\u00e1 v\u00e1s zrychl\u00ed?"},{"@type":"WebSite","@id":"https:\/\/www.welovecycling.com\/cs\/#website","url":"https:\/\/www.welovecycling.com\/cs\/","name":"\u0160koda We Love Cycling - \u010cesk\u00e1 republika","description":"WeLoveCycling.cz je online magaz\u00edn, kter\u00fd v\u00e1m pravideln\u011b p\u0159in\u00e1\u0161\u00ed rady a tipy, zaj\u00edmav\u00e9 \u010dl\u00e1nky, videa a jedine\u010dn\u00e9 report\u00e1\u017ee ze sv\u011bta cyklistiky.","potentialAction":[{"@type":"SearchAction","target":{"@type":"EntryPoint","urlTemplate":"https:\/\/www.welovecycling.com\/cs\/?s={search_term_string}"},"query-input":{"@type":"PropertyValueSpecification","valueRequired":true,"valueName":"search_term_string"}}],"inLanguage":"cs"},{"@type":"Person","@id":"https:\/\/www.welovecycling.com\/cs\/#\/schema\/person\/d9eeb0a378f3a7e4a6d12d2b536b04b8","name":"radekmalina","image":{"@type":"ImageObject","inLanguage":"cs","@id":"https:\/\/www.welovecycling.com\/cs\/#\/schema\/person\/image\/","url":"https:\/\/secure.gravatar.com\/avatar\/66994b632cb8c39a46b9f54afa3ae07201b678d32a54275b6f1c9ffec356bfc0?s=96&d=mm&r=g","contentUrl":"https:\/\/secure.gravatar.com\/avatar\/66994b632cb8c39a46b9f54afa3ae07201b678d32a54275b6f1c9ffec356bfc0?s=96&d=mm&r=g","caption":"radekmalina"},"url":"https:\/\/www.welovecycling.com\/cs\/author\/radekmalina\/"}]}},"_links":{"self":[{"href":"https:\/\/www.welovecycling.com\/cs\/wp-json\/wp\/v2\/posts\/30597","targetHints":{"allow":["GET"]}}],"collection":[{"href":"https:\/\/www.welovecycling.com\/cs\/wp-json\/wp\/v2\/posts"}],"about":[{"href":"https:\/\/www.welovecycling.com\/cs\/wp-json\/wp\/v2\/types\/post"}],"author":[{"embeddable":true,"href":"https:\/\/www.welovecycling.com\/cs\/wp-json\/wp\/v2\/users\/138"}],"replies":[{"embeddable":true,"href":"https:\/\/www.welovecycling.com\/cs\/wp-json\/wp\/v2\/comments?post=30597"}],"version-history":[{"count":1,"href":"https:\/\/www.welovecycling.com\/cs\/wp-json\/wp\/v2\/posts\/30597\/revisions"}],"predecessor-version":[{"id":30600,"href":"https:\/\/www.welovecycling.com\/cs\/wp-json\/wp\/v2\/posts\/30597\/revisions\/30600"}],"wp:featuredmedia":[{"embeddable":true,"href":"https:\/\/www.welovecycling.com\/cs\/wp-json\/wp\/v2\/media\/30598"}],"wp:attachment":[{"href":"https:\/\/www.welovecycling.com\/cs\/wp-json\/wp\/v2\/media?parent=30597"}],"wp:term":[{"taxonomy":"category","embeddable":true,"href":"https:\/\/www.welovecycling.com\/cs\/wp-json\/wp\/v2\/categories?post=30597"},{"taxonomy":"post_tag","embeddable":true,"href":"https:\/\/www.welovecycling.com\/cs\/wp-json\/wp\/v2\/tags?post=30597"},{"taxonomy":"global-categories","embeddable":true,"href":"https:\/\/www.welovecycling.com\/cs\/wp-json\/wp\/v2\/global-categories?post=30597"}],"curies":[{"name":"wp","href":"https:\/\/api.w.org\/{rel}","templated":true}]}}