{"id":30593,"date":"2025-08-13T13:22:32","date_gmt":"2025-08-13T11:22:32","guid":{"rendered":"https:\/\/www.welovecycling.com\/cs\/?p=30593"},"modified":"2025-08-13T13:22:32","modified_gmt":"2025-08-13T11:22:32","slug":"remco-evenepoel-neporazi-pogacara-ani-po-prestupu-k-red-bullu","status":"publish","type":"post","link":"https:\/\/www.welovecycling.com\/cs\/2025\/08\/13\/remco-evenepoel-neporazi-pogacara-ani-po-prestupu-k-red-bullu\/","title":{"rendered":"Remco Evenepoel neporaz\u00ed Poga\u010dara ani po p\u0159estupu k Red Bullu"},"content":{"rendered":"<p><strong>A stejn\u011b nevyhraje! Ani s poh\u00e1dkov\u00fdm kontraktem. A t\u00fdmem, co si m\u016f\u017ee koupit v\u0161echny&#8230; \u010cty\u0159i sezony byli t\u00fdmov\u00fdmi par\u0165\u00e1ky. Jeden na vrcholu kari\u00e9ry, druh\u00fd se v profesion\u00e1ln\u00edm pelotonu jenom rozhl\u00ed\u017eel. Postupem let se Remco Evenepoel stal na cyklistick\u00e9m trhu \u017ehav\u00fdm zbo\u017e\u00edm a letos v l\u00e9t\u011b nejv\u011bt\u0161\u00edm p\u0159estupov\u00fdm tah\u00e1kem. Zden\u011bk \u0160tybar, jeho b\u00fdval\u00fd kolega z Quick Stepu a ambasador We Love Cycling, neo\u010dek\u00e1v\u00e1, \u017ee zm\u011bna dresu ud\u011bl\u00e1 z Evenepoela v\u00edt\u011bze Tour de France.<\/strong><\/p>\n<p>P\u0159estupov\u00fd trh v cyklistick\u00e9m pelotonu b\u011b\u017e\u00ed na pln\u00e9 obr\u00e1tky. Ale nejv\u011bt\u0161\u00ed transfer u\u017e se z\u0159ejm\u011b uskute\u010dnil. T\u011b\u017eko n\u011bkdo p\u0159ekon\u00e1 Red Bull Bora-hansgrohe, kter\u00fd p\u0159et\u00e1hl z Quick Stepu dvojn\u00e1sobn\u00e9ho olympijsk\u00e9ho \u0161ampiona. Chce z n\u011bj ud\u011blat v\u00edt\u011bze Tour de France. Zvolil Belgi\u010dan spr\u00e1vn\u011b? Jeden z nejlep\u0161\u00edch cyklist\u016f v historii si to nemysl\u00ed&#8230;<\/p>\n<h2><strong>Ode\u0161el za pen\u011bzi<\/strong><\/h2>\n<p>&#8222;Spekulace, \u017ee Remco Evenepoel opust\u00ed Vl\u010d\u00ed sme\u010dku se objevovaly u\u017e od jeho v\u00edt\u011bzstv\u00ed na \u0161pan\u011blsk\u00e9 Vuelt\u011b na podzim 2022. Nejd\u0159\u00edve se mluvilo o z\u00e1jmu tehdej\u0161\u00ed formace Bora-hansgrohe, pak m\u011bl \u00fadajn\u011b j\u00edt do Ineosu, n\u00e1sledn\u011b se \u0159e\u0161ilo slou\u010den\u00ed Quick Stepu s t\u00fdmem Visma Lease a Bike. Vlastn\u011b u\u017e od za\u010d\u00e1tku se v\u0161echno to\u010dilo kolem n\u011bj. Je t\u0159eba si p\u0159ipomenout, \u017ee Quick Step kv\u016fli Evenepoelovi zm\u011bnil celou filosofii. Z t\u00fdmu, kter\u00fd jezdil na etapov\u00e1 v\u00edt\u011bzstv\u00ed a zam\u011b\u0159oval se na klasiky, se stala sestava pro Grand Tour, na jej\u00edm\u017e vrcholu byl Remco.<\/p>\n<p>Byl Belgi\u010dan v belgick\u00e9m t\u00fdmu, kter\u00fd mu vytv\u00e1\u0159el maxim\u00e1ln\u00ed podm\u00ednky pro \u00fasp\u011bch. Nemohl \u0159\u00edct jedin\u00e9 slovo proti t\u00fdmu. To\u010dila se kolem n\u011bj cel\u00e1 Vl\u010d\u00ed sme\u010dka. Nem\u011bl d\u016fvod odch\u00e1zet. A\u017e na jedinou v\u011bc&#8230; Pen\u00edze.<\/p>\n<p>Zcela z\u0159eteln\u011b podle m\u00e9ho n\u00e1zoru ode\u0161el za lep\u0161\u00ed finan\u010dn\u00ed nab\u00eddkou. A jakkoliv to zn\u00ed nep\u011bkn\u011b, ur\u010dit\u011b neode\u0161el kv\u016fli milionu eur. Kontrakt, kter\u00fd dostal, je nepochybn\u011b velik\u00fd. Ale \u00fapln\u011b z\u0159eteln\u011b nevid\u00edm aspekty, o kter\u00e9 bude jeho nov\u00e9 anga\u017em\u00e1 lep\u0161\u00ed ne\u017e p\u016fsoben\u00ed v Quick Stepu. Jasn\u011b, ur\u010dit\u011b m\u00e1 Red Bull Bora hansgrohe vy\u0161\u0161\u00ed budget. Mo\u017en\u00e1 tro\u0161ku lep\u0161\u00ed z\u00e1zem\u00ed. A ur\u010dit\u011b bude m\u00edt v p\u0159\u00edpad\u011b pot\u0159eby k dispozici sportovn\u00ed centra Red Bullu. Ale jinak?<\/p>\n<figure id=\"attachment_22150\" aria-describedby=\"caption-attachment-22150\" style=\"width: 1800px\" class=\"wp-caption alignnone\"><a href=\"https:\/\/d2p6e6u75xmxt8.cloudfront.net\/13\/2023\/04\/profimedia-0771382429.webp\"><img loading=\"lazy\" decoding=\"async\" class=\"size-full wp-image-22150\" src=\"https:\/\/d2p6e6u75xmxt8.cloudfront.net\/13\/2023\/04\/profimedia-0771382429.webp\" alt=\"Remco Evenepoel slav\u00ed v\u00edt\u011bzstv\u00ed v klasice Lutych-Bastogne-Lutych.\" width=\"1800\" height=\"1201\" srcset=\"https:\/\/d2p6e6u75xmxt8.cloudfront.net\/13\/2023\/04\/profimedia-0771382429.webp 1800w, https:\/\/d2p6e6u75xmxt8.cloudfront.net\/13\/2023\/04\/profimedia-0771382429-300x200.webp 300w, https:\/\/d2p6e6u75xmxt8.cloudfront.net\/13\/2023\/04\/profimedia-0771382429-1024x683.webp 1024w, https:\/\/d2p6e6u75xmxt8.cloudfront.net\/13\/2023\/04\/profimedia-0771382429-768x512.webp 768w, https:\/\/d2p6e6u75xmxt8.cloudfront.net\/13\/2023\/04\/profimedia-0771382429-1536x1025.webp 1536w, https:\/\/d2p6e6u75xmxt8.cloudfront.net\/13\/2023\/04\/profimedia-0771382429-400x267.webp 400w, https:\/\/d2p6e6u75xmxt8.cloudfront.net\/13\/2023\/04\/profimedia-0771382429-272x182.webp 272w\" sizes=\"auto, (max-width: 1800px) 100vw, 1800px\" \/><\/a><figcaption id=\"caption-attachment-22150\" class=\"wp-caption-text\"><em>Remco Evenepoel slav\u00ed v\u00edt\u011bzstv\u00ed v klasice Lutych-Bastogne-Lutych.<\/em><\/figcaption><\/figure>\n<p>Remco Evenepoel m\u011bl u\u017e nyn\u00ed zaji\u0161t\u011bn\u00ed na \u00fapln\u011b top \u00farovni. P\u0159estupem nez\u00edsk\u00e1 lep\u0161\u00ed z\u00e1zem\u00ed pro denn\u00ed rutinu. Bydl\u00ed kousek od Calpe ve \u0160pan\u011blsku, kde tr\u00e1v\u00ed v\u011bt\u0161inu roku. A pokud netr\u00e9noval tam, p\u0159ipravoval se t\u0159eba pod Teide na Tenerife, nebo mu \u00fato\u010di\u0161t\u011bm byla Sierra Nevada p\u0159\u00edpadn\u011b n\u011bkter\u00e9 vysokohorsk\u00e9 st\u0159edisko v Rakousku. V tomto sm\u011bru se prost\u011b nic nezm\u011bn\u00ed. Z hlediska zna\u010dky kola z\u016fstane rovn\u011b\u017e v\u0161e p\u0159i star\u00e9m. A \u0159e\u010di, \u017ee nem\u011bl dostate\u010dn\u011b kvalitn\u00ed t\u00fdm, absolutn\u011b neakceptuji.<\/p>\n<div class=\"shortcode-ys-post-pinup\"><article class=\"loop-simple post-30497 post type-post status-publish format-standard has-post-thumbnail hentry category-silnicni-cyklistika tag-cyklistika tag-kolem-polska tag-lidl-trek tag-markel-irizar tag-mathias-vacek tag-silnicni-cyklistika global-categories-cycling\" data-postid=\"30497\" role=\"article\" data-post-id=\"30497\" data-word-count=\"896\" data-headline-length=\"56\" data-category=\"Silni\u010dn\u00ed cyklistika\" data-global-category=\"Cycling\" data-author=\"We Love Cycling\" data-published=\"2025-08-08T07:36:10+02:00\" data-published-day=\"Friday\">\n    <div class=\"entry-thumbnail article-thumbnail\" content=\"https:\/\/d2p6e6u75xmxt8.cloudfront.net\/13\/2025\/08\/profimedia-1027838061-150x150.webp\"><a href=\"https:\/\/www.welovecycling.com\/cs\/2025\/08\/08\/mathias-vacek-udelam-z-nej-viteze-slibuje-trener\/\" class=\"image-holder\" target=\"_self\"><img decoding=\"async\" loading=\"lazy\" class=\"\" src=\"https:\/\/d2p6e6u75xmxt8.cloudfront.net\/13\/2025\/08\/profimedia-1027838061-1024x683.webp\" srcset=\"https:\/\/d2p6e6u75xmxt8.cloudfront.net\/13\/2025\/08\/profimedia-1027838061.webp 1800w, https:\/\/d2p6e6u75xmxt8.cloudfront.net\/13\/2025\/08\/profimedia-1027838061-300x200.webp 300w, https:\/\/d2p6e6u75xmxt8.cloudfront.net\/13\/2025\/08\/profimedia-1027838061-1024x683.webp 1024w, https:\/\/d2p6e6u75xmxt8.cloudfront.net\/13\/2025\/08\/profimedia-1027838061-768x512.webp 768w, https:\/\/d2p6e6u75xmxt8.cloudfront.net\/13\/2025\/08\/profimedia-1027838061-1536x1024.webp 1536w, https:\/\/d2p6e6u75xmxt8.cloudfront.net\/13\/2025\/08\/profimedia-1027838061-400x267.webp 400w, https:\/\/d2p6e6u75xmxt8.cloudfront.net\/13\/2025\/08\/profimedia-1027838061-272x182.webp 272w\" width=\"1024\" height=\"683\" sizes=\"auto, (min-width: 1200px) 300px, (min-width: 768px) 25vw, 100vw\" alt=\"mathias-vacek-udelam-z-nej-viteze-slibuje-trener\"\/><\/a><\/div>    <div class=\"entry-meta\">\n        <a class=\"label label-secondary post-category\" href=\"https:\/\/www.welovecycling.com\/cs\/category\/silnicni-cyklistika\/\" title=\"Silni\u010dn\u00ed cyklistika\">Silni\u010dn\u00ed cyklistika<\/a>\n    <\/div>\n    <div class=\"entry-details\">\n        <a href=\"https:\/\/www.welovecycling.com\/cs\/2025\/08\/08\/mathias-vacek-udelam-z-nej-viteze-slibuje-trener\/\" class='entry-title-wrapper'>\n            <h3 class=\"entry-title\"><span>Mathias Vacek? Ud\u011bl\u00e1m z n\u011bj v\u00edt\u011bze, slibuje tren\u00e9r<\/span><\/h3>\n        <\/a>\n    <\/div>\n    <\/article>\n<\/div>\n<p>V\u0161echno je o detailech. O metodice tr\u00e9ninku. Tak\u017ee jedin\u00e9, co by mu mohlo prosp\u011bt, je zm\u011bna na pozici tren\u00e9ra. Jen\u017ee Remco Evenepoel dlouhodob\u011b spolupracuje s nizozemsk\u00fdm expertem Koenem Pelgrimem. Ohromn\u011b si sed\u00ed po lidsk\u00e9 str\u00e1nce. Funguje mezi nimi neuv\u011b\u0159iteln\u00e1 chemie. Nebude snadn\u00e9, pokud by se k tak radik\u00e1ln\u00edmu kroku odhodlal, naj\u00edt n\u011bkoho stejn\u011b nalad\u011bn\u00e9ho. Red Bull najal Belgi\u010dana Svena Vanthourenhouta, ale nev\u011b\u0159\u00edm, \u017ee by Remco cht\u011bl pokra\u010dovat bez Koena. Pokud by s\u00e1hl k \u00fapln\u00e9 obm\u011bn\u011b na tren\u00e9rsk\u00e9 pozici, nepochybn\u011b by \u0161lo o nov\u00fd impuls, kter\u00fd by jej mohl popostr\u010dit. Jen\u017ee ot\u00e1zka je, o kolik procent? Ur\u010dit\u011b nedos\u00e1hne pokroku t\u0159eba o deset \u010di dvacet procent, co\u017e by pot\u0159eboval, aby mohl na v\u00fdkonnost vyhr\u00e1t Tour de France.<\/p>\n<h2><strong>Remco Evenepoel z Lipowitze radost nem\u011bl<\/strong><\/h2>\n<p>Remco Evenepoel ur\u010dit\u011b nem\u011bl radost, kdy\u017e jeho budouc\u00ed t\u00fdmov\u00fd par\u0165\u00e1k Florian Lipowitz dokon\u010dil Tour de France 2025 na t\u0159et\u00ed p\u0159\u00ed\u010dce. Bude pro n\u011bj p\u0159edstavovat obrovskou konkurenci. Jde o n\u011bmeck\u00e9ho jezdce v n\u011bmeck\u00e9m t\u00fdmu. Rivalita bude obrovsk\u00e1. Oba jsou velmi mlad\u00ed. Velice ambici\u00f3zn\u00ed. Ka\u017ed\u00fd si p\u016fjde tvrd\u011b za sv\u00fdm. A m\u016f\u017ee vzniknout velk\u00fd konflikt. Jist\u011b, mo\u017en\u00e1 si jako t\u00fdmov\u00ed kolegov\u00e9 sednou, budou se m\u00edt v oblib\u011b a vytvo\u0159\u00ed neporaziteln\u00e9 duo. Ale moc bych na to nes\u00e1zel. A to si je\u0161t\u011b p\u0159ipo\u010dt\u011bme Primo\u017ee Rogli\u010de, kter\u00fd m\u00e1 platn\u00fd kontrakt a nebude cht\u00edt kon\u010dit v \u00fastran\u00ed.<\/p>\n<figure id=\"attachment_18564\" aria-describedby=\"caption-attachment-18564\" style=\"width: 1920px\" class=\"wp-caption alignnone\"><a href=\"https:\/\/d2p6e6u75xmxt8.cloudfront.net\/13\/2022\/08\/Evenepoel-2.webp\"><img loading=\"lazy\" decoding=\"async\" class=\"size-extra-large wp-image-18564\" src=\"https:\/\/d2p6e6u75xmxt8.cloudfront.net\/13\/2022\/08\/Evenepoel-2-1920x1280.webp\" alt=\"Remco Evenepoel\" width=\"1920\" height=\"1280\" srcset=\"https:\/\/d2p6e6u75xmxt8.cloudfront.net\/13\/2022\/08\/Evenepoel-2-1920x1280.webp 1920w, https:\/\/d2p6e6u75xmxt8.cloudfront.net\/13\/2022\/08\/Evenepoel-2-300x200.webp 300w, https:\/\/d2p6e6u75xmxt8.cloudfront.net\/13\/2022\/08\/Evenepoel-2-1024x682.webp 1024w, https:\/\/d2p6e6u75xmxt8.cloudfront.net\/13\/2022\/08\/Evenepoel-2-768x512.webp 768w, https:\/\/d2p6e6u75xmxt8.cloudfront.net\/13\/2022\/08\/Evenepoel-2-1536x1024.webp 1536w, https:\/\/d2p6e6u75xmxt8.cloudfront.net\/13\/2022\/08\/Evenepoel-2-272x182.webp 272w, https:\/\/d2p6e6u75xmxt8.cloudfront.net\/13\/2022\/08\/Evenepoel-2.webp 2000w, https:\/\/d2p6e6u75xmxt8.cloudfront.net\/13\/2022\/08\/Evenepoel-2-1920x1280.webp 1920w\" sizes=\"auto, (max-width: 1920px) 100vw, 1920px\" \/><\/a><figcaption id=\"caption-attachment-18564\" class=\"wp-caption-text\"><em>Remco Evenepoel v rud\u00e9m trikotu l\u00eddra \u0161pan\u011blsk\u00e9 Vuelty 2022.<\/em><\/figcaption><\/figure>\n<p>Zkr\u00e1tka, nemysl\u00edm si, \u017ee p\u0159estup do t\u00fdmu Red Bull Bora hansgrohe ud\u011bl\u00e1 z Evenepoela cyklistu, kter\u00fd na v\u00fdkonnost poraz\u00ed Tadeje Poga\u010dara. Jsem o tom p\u0159esv\u011bd\u010den\u00fd. Pokud pominu finan\u010dn\u00ed aspekt cel\u00e9 transakce, m\u011bl si Remco uv\u011bdomit, \u017ee ne v\u017edy je tr\u00e1va za plotem zelen\u011bj\u0161\u00ed. Ka\u017ed\u00fd t\u00fdm m\u00e1 svoje plusy a minusy. Jeho nov\u00e1 formace nepochybn\u011b disponuje obrovsk\u00fdm budgetem. S Evenepoelem a Lipowitzem budou cht\u00edt b\u00fdt je\u0161t\u011b lep\u0161\u00ed a \u00fasp\u011b\u0161n\u011bj\u0161\u00ed ne\u017e dosud. Bude to obn\u00e1\u0161et obrovsk\u00fd ba p\u0159\u00edmo abnorm\u00e1ln\u00ed tlak. Bude tud\u00ed\u017e zaj\u00edmav\u00e9 sledovat, co to s Evenepoelem ud\u011bl\u00e1.<\/p>\n<div class=\"shortcode-ys-post-pinup\"><article class=\"loop-simple post-30384 post type-post status-publish format-standard has-post-thumbnail hentry category-letape-czech-republic tag-andy-schleck tag-cyklistika tag-frank-schleck tag-horska-letape tag-prachatice tag-silnicni-cyklistika tag-tour-de-france tag-tour-de-france-2010 global-categories-cycling\" data-postid=\"30384\" role=\"article\" data-post-id=\"30384\" data-word-count=\"842\" data-headline-length=\"43\" data-category=\"L&#039;Etape Czech Republic\" data-global-category=\"Cycling\" data-author=\"Radek Malina\" data-published=\"2025-07-31T16:00:54+02:00\" data-published-day=\"Thursday\">\n    <div class=\"entry-thumbnail article-thumbnail\" content=\"https:\/\/d2p6e6u75xmxt8.cloudfront.net\/13\/2024\/08\/1864-SKODA-TDF-Femmes-2024-150x150.webp\"><a href=\"https:\/\/www.welovecycling.com\/cs\/2025\/07\/31\/sampionem-tour-ale-bez-financni-odmeny\/\" class=\"image-holder\" target=\"_self\"><img decoding=\"async\" loading=\"lazy\" class=\"\" src=\"https:\/\/d2p6e6u75xmxt8.cloudfront.net\/13\/2024\/08\/1864-SKODA-TDF-Femmes-2024-1024x683.webp\" srcset=\"https:\/\/d2p6e6u75xmxt8.cloudfront.net\/13\/2024\/08\/1864-SKODA-TDF-Femmes-2024-scaled.webp 2560w, https:\/\/d2p6e6u75xmxt8.cloudfront.net\/13\/2024\/08\/1864-SKODA-TDF-Femmes-2024-300x200.webp 300w, https:\/\/d2p6e6u75xmxt8.cloudfront.net\/13\/2024\/08\/1864-SKODA-TDF-Femmes-2024-1024x683.webp 1024w, https:\/\/d2p6e6u75xmxt8.cloudfront.net\/13\/2024\/08\/1864-SKODA-TDF-Femmes-2024-768x512.webp 768w, https:\/\/d2p6e6u75xmxt8.cloudfront.net\/13\/2024\/08\/1864-SKODA-TDF-Femmes-2024-1536x1024.webp 1536w, https:\/\/d2p6e6u75xmxt8.cloudfront.net\/13\/2024\/08\/1864-SKODA-TDF-Femmes-2024-2048x1366.webp 2048w, https:\/\/d2p6e6u75xmxt8.cloudfront.net\/13\/2024\/08\/1864-SKODA-TDF-Femmes-2024-1920x1280.webp 1920w, https:\/\/d2p6e6u75xmxt8.cloudfront.net\/13\/2024\/08\/1864-SKODA-TDF-Femmes-2024-400x267.webp 400w, https:\/\/d2p6e6u75xmxt8.cloudfront.net\/13\/2024\/08\/1864-SKODA-TDF-Femmes-2024-272x182.webp 272w, https:\/\/d2p6e6u75xmxt8.cloudfront.net\/13\/2024\/08\/1864-SKODA-TDF-Femmes-2024-1920x1280.webp 1920w\" width=\"1024\" height=\"683\" sizes=\"auto, (min-width: 1200px) 300px, (min-width: 768px) 25vw, 100vw\" alt=\"sampionem-tour-ale-bez-financni-odmeny\"\/><\/a><\/div>    <div class=\"entry-meta\">\n        <a class=\"label label-secondary post-category\" href=\"https:\/\/www.welovecycling.com\/cs\/category\/letape-czech-republic\/\" title=\"L'Etape Czech Republic\">L'Etape Czech Republic<\/a>\n    <\/div>\n    <div class=\"entry-details\">\n        <a href=\"https:\/\/www.welovecycling.com\/cs\/2025\/07\/31\/sampionem-tour-ale-bez-financni-odmeny\/\" class='entry-title-wrapper'>\n            <h3 class=\"entry-title\"><span>\u0160ampionem Tour, ale bez finan\u010dn\u00ed odm\u011bny<\/span><\/h3>\n        <\/a>\n    <\/div>\n    <\/article>\n<\/div>\n<p>\u00dadajn\u011b m\u011bl Remco slovn\u011b \u00fato\u010dit na par\u0165\u00e1ky z Quick Stepu, \u017ee nejsou dostate\u010dn\u011b siln\u00ed. Chci v\u011b\u0159it, \u017ee \u0161lo sp\u00ed\u0161e o v\u00fdroky vytr\u017een\u00e9 z kontextu. Proto\u017ee se kompletn\u00ed formace zm\u011bnila pr\u00e1v\u011b kv\u016fli n\u011bmu. Cel\u00e1 Vl\u010d\u00ed sme\u010dka se mu ob\u011btovala. Vlastn\u011b jsem za m\u016fj b\u00fdval\u00fd t\u00fdm, v n\u011bm\u017e jsem pro\u017eil v\u011bt\u0161inu kari\u00e9ry, i tro\u0161ku r\u00e1d. Pro v\u0161echny bude \u00faleva, \u017ee se p\u0159estane \u0159e\u0161it, jestli <a href=\"https:\/\/www.welovecycling.com\/cs\/2025\/08\/05\/remco-evenepoel-patri-bykum-od-ledna-bude-jezdit-za-red-bull\/\">Remco Evenepoel<\/a> odejde nebo ne. Nep\u0159isp\u00edvalo to atmosf\u00e9\u0159e. Te\u010f se vr\u00e1t\u00ed k p\u016fvodn\u00ed DNA. Zam\u011b\u0159\u00ed se na klasiky, na sprinty. Nov\u00e9 transfery potvrzuj\u00ed n\u00e1vrat k p\u016fvodn\u00ed filosofii.&#8220;<\/p>\n","protected":false},"excerpt":{"rendered":"<p>A stejn\u011b nevyhraje! Ani s poh\u00e1dkov\u00fdm kontraktem. A t\u00fdmem, co si m\u016f\u017ee koupit v\u0161echny&#8230; \u010cty\u0159i sezony byli t\u00fdmov\u00fdmi par\u0165\u00e1ky. Jeden [&hellip;]<\/p>\n","protected":false},"author":138,"featured_media":26669,"comment_status":"open","ping_status":"open","sticky":false,"template":"","format":"standard","meta":{"footnotes":""},"categories":[10],"tags":[126,1572,3713,1072,9,2842,502,23,73],"global-categories":[411],"class_list":["post-30593","post","type-post","status-publish","format-standard","has-post-thumbnail","hentry","category-silnicni-cyklistika","tag-cyklistika","tag-prestup","tag-red-bull-bora-hansgrohe","tag-remco-evenepoel","tag-silnicni-cyklistika","tag-soudal-quick-step","tag-tadej-pogacar","tag-tour-de-france","tag-zdenek-stybar","global-categories-cycling"],"yoast_head":"<!-- This site is optimized with the Yoast SEO Premium plugin v25.3 (Yoast SEO v25.9) - https:\/\/yoast.com\/wordpress\/plugins\/seo\/ -->\n<title>Remco Evenepoel neporaz\u00ed Poga\u010dara ani po p\u0159estupu k Red Bullu | \u0160koda We Love Cycling - \u010cesk\u00e1 republika<\/title>\n<meta name=\"description\" content=\"Remco Evenepoel byl nejv\u011bt\u0161\u00edm tah\u00e1kem cyklistick\u00e9ho trhu. Zden\u011bk \u0160tybar, b\u00fdval\u00fd t\u00fdmov\u00fd kolega, neo\u010dek\u00e1v\u00e1, \u017ee p\u0159estup Belgi\u010danovi pom\u016f\u017ee.\" \/>\n<meta name=\"robots\" content=\"index, follow, max-snippet:-1, max-image-preview:large, max-video-preview:-1\" \/>\n<link rel=\"canonical\" href=\"https:\/\/www.welovecycling.com\/cs\/2025\/08\/13\/remco-evenepoel-neporazi-pogacara-ani-po-prestupu-k-red-bullu\/\" \/>\n<meta property=\"og:locale\" content=\"cs_CZ\" \/>\n<meta property=\"og:type\" content=\"article\" \/>\n<meta property=\"og:title\" content=\"Remco Evenepoel neporaz\u00ed Poga\u010dara ani po p\u0159estupu k Red Bullu\" \/>\n<meta property=\"og:description\" content=\"Remco Evenepoel byl nejv\u011bt\u0161\u00edm tah\u00e1kem cyklistick\u00e9ho trhu. Zden\u011bk \u0160tybar, b\u00fdval\u00fd t\u00fdmov\u00fd kolega, neo\u010dek\u00e1v\u00e1, \u017ee p\u0159estup Belgi\u010danovi pom\u016f\u017ee.\" \/>\n<meta property=\"og:url\" content=\"https:\/\/www.welovecycling.com\/cs\/2025\/08\/13\/remco-evenepoel-neporazi-pogacara-ani-po-prestupu-k-red-bullu\/\" \/>\n<meta property=\"og:site_name\" content=\"\u0160koda We Love Cycling - \u010cesk\u00e1 republika\" \/>\n<meta property=\"article:published_time\" content=\"2025-08-13T11:22:32+00:00\" \/>\n<meta property=\"og:image\" content=\"https:\/\/d2p6e6u75xmxt8.cloudfront.net\/13\/2024\/07\/1800-x-1200-velky.webp\" \/>\n\t<meta property=\"og:image:width\" content=\"1800\" \/>\n\t<meta property=\"og:image:height\" content=\"1200\" \/>\n\t<meta property=\"og:image:type\" content=\"image\/webp\" \/>\n<meta name=\"author\" content=\"radekmalina\" \/>\n<meta name=\"twitter:card\" content=\"summary_large_image\" \/>\n<meta name=\"twitter:label1\" content=\"Written by\" \/>\n\t<meta name=\"twitter:data1\" content=\"Radek Malina\" \/>\n\t<meta name=\"twitter:label2\" content=\"Est. reading time\" \/>\n\t<meta name=\"twitter:data2\" content=\"5\" \/>\n<script type=\"application\/ld+json\" class=\"yoast-schema-graph\">{\"@context\":\"https:\/\/schema.org\",\"@graph\":[{\"@type\":\"WebPage\",\"@id\":\"https:\/\/www.welovecycling.com\/cs\/2025\/08\/13\/remco-evenepoel-neporazi-pogacara-ani-po-prestupu-k-red-bullu\/\",\"url\":\"https:\/\/www.welovecycling.com\/cs\/2025\/08\/13\/remco-evenepoel-neporazi-pogacara-ani-po-prestupu-k-red-bullu\/\",\"name\":\"Remco Evenepoel neporaz\u00ed Poga\u010dara ani po p\u0159estupu k Red Bullu | \u0160koda We Love Cycling - \u010cesk\u00e1 republika\",\"isPartOf\":{\"@id\":\"https:\/\/www.welovecycling.com\/cs\/#website\"},\"primaryImageOfPage\":{\"@id\":\"https:\/\/www.welovecycling.com\/cs\/2025\/08\/13\/remco-evenepoel-neporazi-pogacara-ani-po-prestupu-k-red-bullu\/#primaryimage\"},\"image\":{\"@id\":\"https:\/\/www.welovecycling.com\/cs\/2025\/08\/13\/remco-evenepoel-neporazi-pogacara-ani-po-prestupu-k-red-bullu\/#primaryimage\"},\"thumbnailUrl\":\"https:\/\/d2p6e6u75xmxt8.cloudfront.net\/13\/2024\/07\/1800-x-1200-velky.webp\",\"datePublished\":\"2025-08-13T11:22:32+00:00\",\"author\":{\"@id\":\"https:\/\/www.welovecycling.com\/cs\/#\/schema\/person\/d9eeb0a378f3a7e4a6d12d2b536b04b8\"},\"description\":\"Remco Evenepoel byl nejv\u011bt\u0161\u00edm tah\u00e1kem cyklistick\u00e9ho trhu. Zden\u011bk \u0160tybar, b\u00fdval\u00fd t\u00fdmov\u00fd kolega, neo\u010dek\u00e1v\u00e1, \u017ee p\u0159estup Belgi\u010danovi pom\u016f\u017ee.\",\"inLanguage\":\"cs\",\"potentialAction\":[{\"@type\":\"ReadAction\",\"target\":[\"https:\/\/www.welovecycling.com\/cs\/2025\/08\/13\/remco-evenepoel-neporazi-pogacara-ani-po-prestupu-k-red-bullu\/\"]}]},{\"@type\":\"ImageObject\",\"inLanguage\":\"cs\",\"@id\":\"https:\/\/www.welovecycling.com\/cs\/2025\/08\/13\/remco-evenepoel-neporazi-pogacara-ani-po-prestupu-k-red-bullu\/#primaryimage\",\"url\":\"https:\/\/d2p6e6u75xmxt8.cloudfront.net\/13\/2024\/07\/1800-x-1200-velky.webp\",\"contentUrl\":\"https:\/\/d2p6e6u75xmxt8.cloudfront.net\/13\/2024\/07\/1800-x-1200-velky.webp\",\"width\":1800,\"height\":1200,\"caption\":\"Zden\u011bk \u0160tybar Roubaix Wout van Aert Mathias Vacek Tadej Poga\u010dar Remco Evenepoel Mathieu van der Poel\"},{\"@type\":\"WebSite\",\"@id\":\"https:\/\/www.welovecycling.com\/cs\/#website\",\"url\":\"https:\/\/www.welovecycling.com\/cs\/\",\"name\":\"\u0160koda We Love Cycling - \u010cesk\u00e1 republika\",\"description\":\"WeLoveCycling.cz je online magaz\u00edn, kter\u00fd v\u00e1m pravideln\u011b p\u0159in\u00e1\u0161\u00ed rady a tipy, zaj\u00edmav\u00e9 \u010dl\u00e1nky, videa a jedine\u010dn\u00e9 report\u00e1\u017ee ze sv\u011bta cyklistiky.\",\"potentialAction\":[{\"@type\":\"SearchAction\",\"target\":{\"@type\":\"EntryPoint\",\"urlTemplate\":\"https:\/\/www.welovecycling.com\/cs\/?s={search_term_string}\"},\"query-input\":{\"@type\":\"PropertyValueSpecification\",\"valueRequired\":true,\"valueName\":\"search_term_string\"}}],\"inLanguage\":\"cs\"},{\"@type\":\"Person\",\"@id\":\"https:\/\/www.welovecycling.com\/cs\/#\/schema\/person\/d9eeb0a378f3a7e4a6d12d2b536b04b8\",\"name\":\"radekmalina\",\"image\":{\"@type\":\"ImageObject\",\"inLanguage\":\"cs\",\"@id\":\"https:\/\/www.welovecycling.com\/cs\/#\/schema\/person\/image\/\",\"url\":\"https:\/\/secure.gravatar.com\/avatar\/66994b632cb8c39a46b9f54afa3ae07201b678d32a54275b6f1c9ffec356bfc0?s=96&d=mm&r=g\",\"contentUrl\":\"https:\/\/secure.gravatar.com\/avatar\/66994b632cb8c39a46b9f54afa3ae07201b678d32a54275b6f1c9ffec356bfc0?s=96&d=mm&r=g\",\"caption\":\"radekmalina\"},\"url\":\"https:\/\/www.welovecycling.com\/cs\/author\/radekmalina\/\"}]}<\/script>\n<!-- \/ Yoast SEO Premium plugin. -->","yoast_head_json":{"title":"Remco Evenepoel neporaz\u00ed Poga\u010dara ani po p\u0159estupu k Red Bullu | \u0160koda We Love Cycling - \u010cesk\u00e1 republika","description":"Remco Evenepoel byl nejv\u011bt\u0161\u00edm tah\u00e1kem cyklistick\u00e9ho trhu. Zden\u011bk \u0160tybar, b\u00fdval\u00fd t\u00fdmov\u00fd kolega, neo\u010dek\u00e1v\u00e1, \u017ee p\u0159estup Belgi\u010danovi pom\u016f\u017ee.","robots":{"index":"index","follow":"follow","max-snippet":"max-snippet:-1","max-image-preview":"max-image-preview:large","max-video-preview":"max-video-preview:-1"},"canonical":"https:\/\/www.welovecycling.com\/cs\/2025\/08\/13\/remco-evenepoel-neporazi-pogacara-ani-po-prestupu-k-red-bullu\/","og_locale":"cs_CZ","og_type":"article","og_title":"Remco Evenepoel neporaz\u00ed Poga\u010dara ani po p\u0159estupu k Red Bullu","og_description":"Remco Evenepoel byl nejv\u011bt\u0161\u00edm tah\u00e1kem cyklistick\u00e9ho trhu. Zden\u011bk \u0160tybar, b\u00fdval\u00fd t\u00fdmov\u00fd kolega, neo\u010dek\u00e1v\u00e1, \u017ee p\u0159estup Belgi\u010danovi pom\u016f\u017ee.","og_url":"https:\/\/www.welovecycling.com\/cs\/2025\/08\/13\/remco-evenepoel-neporazi-pogacara-ani-po-prestupu-k-red-bullu\/","og_site_name":"\u0160koda We Love Cycling - \u010cesk\u00e1 republika","article_published_time":"2025-08-13T11:22:32+00:00","og_image":[{"width":1800,"height":1200,"url":"https:\/\/d2p6e6u75xmxt8.cloudfront.net\/13\/2024\/07\/1800-x-1200-velky.webp","type":"image\/webp"}],"author":"radekmalina","twitter_card":"summary_large_image","twitter_misc":{"Written by":"Radek Malina","Est. reading time":"5"},"schema":{"@context":"https:\/\/schema.org","@graph":[{"@type":"WebPage","@id":"https:\/\/www.welovecycling.com\/cs\/2025\/08\/13\/remco-evenepoel-neporazi-pogacara-ani-po-prestupu-k-red-bullu\/","url":"https:\/\/www.welovecycling.com\/cs\/2025\/08\/13\/remco-evenepoel-neporazi-pogacara-ani-po-prestupu-k-red-bullu\/","name":"Remco Evenepoel neporaz\u00ed Poga\u010dara ani po p\u0159estupu k Red Bullu | \u0160koda We Love Cycling - \u010cesk\u00e1 republika","isPartOf":{"@id":"https:\/\/www.welovecycling.com\/cs\/#website"},"primaryImageOfPage":{"@id":"https:\/\/www.welovecycling.com\/cs\/2025\/08\/13\/remco-evenepoel-neporazi-pogacara-ani-po-prestupu-k-red-bullu\/#primaryimage"},"image":{"@id":"https:\/\/www.welovecycling.com\/cs\/2025\/08\/13\/remco-evenepoel-neporazi-pogacara-ani-po-prestupu-k-red-bullu\/#primaryimage"},"thumbnailUrl":"https:\/\/d2p6e6u75xmxt8.cloudfront.net\/13\/2024\/07\/1800-x-1200-velky.webp","datePublished":"2025-08-13T11:22:32+00:00","author":{"@id":"https:\/\/www.welovecycling.com\/cs\/#\/schema\/person\/d9eeb0a378f3a7e4a6d12d2b536b04b8"},"description":"Remco Evenepoel byl nejv\u011bt\u0161\u00edm tah\u00e1kem cyklistick\u00e9ho trhu. Zden\u011bk \u0160tybar, b\u00fdval\u00fd t\u00fdmov\u00fd kolega, neo\u010dek\u00e1v\u00e1, \u017ee p\u0159estup Belgi\u010danovi pom\u016f\u017ee.","inLanguage":"cs","potentialAction":[{"@type":"ReadAction","target":["https:\/\/www.welovecycling.com\/cs\/2025\/08\/13\/remco-evenepoel-neporazi-pogacara-ani-po-prestupu-k-red-bullu\/"]}]},{"@type":"ImageObject","inLanguage":"cs","@id":"https:\/\/www.welovecycling.com\/cs\/2025\/08\/13\/remco-evenepoel-neporazi-pogacara-ani-po-prestupu-k-red-bullu\/#primaryimage","url":"https:\/\/d2p6e6u75xmxt8.cloudfront.net\/13\/2024\/07\/1800-x-1200-velky.webp","contentUrl":"https:\/\/d2p6e6u75xmxt8.cloudfront.net\/13\/2024\/07\/1800-x-1200-velky.webp","width":1800,"height":1200,"caption":"Zden\u011bk \u0160tybar Roubaix Wout van Aert Mathias Vacek Tadej Poga\u010dar Remco Evenepoel Mathieu van der Poel"},{"@type":"WebSite","@id":"https:\/\/www.welovecycling.com\/cs\/#website","url":"https:\/\/www.welovecycling.com\/cs\/","name":"\u0160koda We Love Cycling - \u010cesk\u00e1 republika","description":"WeLoveCycling.cz je online magaz\u00edn, kter\u00fd v\u00e1m pravideln\u011b p\u0159in\u00e1\u0161\u00ed rady a tipy, zaj\u00edmav\u00e9 \u010dl\u00e1nky, videa a jedine\u010dn\u00e9 report\u00e1\u017ee ze sv\u011bta cyklistiky.","potentialAction":[{"@type":"SearchAction","target":{"@type":"EntryPoint","urlTemplate":"https:\/\/www.welovecycling.com\/cs\/?s={search_term_string}"},"query-input":{"@type":"PropertyValueSpecification","valueRequired":true,"valueName":"search_term_string"}}],"inLanguage":"cs"},{"@type":"Person","@id":"https:\/\/www.welovecycling.com\/cs\/#\/schema\/person\/d9eeb0a378f3a7e4a6d12d2b536b04b8","name":"radekmalina","image":{"@type":"ImageObject","inLanguage":"cs","@id":"https:\/\/www.welovecycling.com\/cs\/#\/schema\/person\/image\/","url":"https:\/\/secure.gravatar.com\/avatar\/66994b632cb8c39a46b9f54afa3ae07201b678d32a54275b6f1c9ffec356bfc0?s=96&d=mm&r=g","contentUrl":"https:\/\/secure.gravatar.com\/avatar\/66994b632cb8c39a46b9f54afa3ae07201b678d32a54275b6f1c9ffec356bfc0?s=96&d=mm&r=g","caption":"radekmalina"},"url":"https:\/\/www.welovecycling.com\/cs\/author\/radekmalina\/"}]}},"_links":{"self":[{"href":"https:\/\/www.welovecycling.com\/cs\/wp-json\/wp\/v2\/posts\/30593","targetHints":{"allow":["GET"]}}],"collection":[{"href":"https:\/\/www.welovecycling.com\/cs\/wp-json\/wp\/v2\/posts"}],"about":[{"href":"https:\/\/www.welovecycling.com\/cs\/wp-json\/wp\/v2\/types\/post"}],"author":[{"embeddable":true,"href":"https:\/\/www.welovecycling.com\/cs\/wp-json\/wp\/v2\/users\/138"}],"replies":[{"embeddable":true,"href":"https:\/\/www.welovecycling.com\/cs\/wp-json\/wp\/v2\/comments?post=30593"}],"version-history":[{"count":2,"href":"https:\/\/www.welovecycling.com\/cs\/wp-json\/wp\/v2\/posts\/30593\/revisions"}],"predecessor-version":[{"id":30596,"href":"https:\/\/www.welovecycling.com\/cs\/wp-json\/wp\/v2\/posts\/30593\/revisions\/30596"}],"wp:featuredmedia":[{"embeddable":true,"href":"https:\/\/www.welovecycling.com\/cs\/wp-json\/wp\/v2\/media\/26669"}],"wp:attachment":[{"href":"https:\/\/www.welovecycling.com\/cs\/wp-json\/wp\/v2\/media?parent=30593"}],"wp:term":[{"taxonomy":"category","embeddable":true,"href":"https:\/\/www.welovecycling.com\/cs\/wp-json\/wp\/v2\/categories?post=30593"},{"taxonomy":"post_tag","embeddable":true,"href":"https:\/\/www.welovecycling.com\/cs\/wp-json\/wp\/v2\/tags?post=30593"},{"taxonomy":"global-categories","embeddable":true,"href":"https:\/\/www.welovecycling.com\/cs\/wp-json\/wp\/v2\/global-categories?post=30593"}],"curies":[{"name":"wp","href":"https:\/\/api.w.org\/{rel}","templated":true}]}}