{"id":30580,"date":"2025-08-12T16:53:32","date_gmt":"2025-08-12T14:53:32","guid":{"rendered":"https:\/\/www.welovecycling.com\/cs\/?p=30580"},"modified":"2025-08-12T16:53:32","modified_gmt":"2025-08-12T14:53:32","slug":"startuje-czech-tour-hvezdy-se-predstavi-na-hrade","status":"publish","type":"post","link":"https:\/\/www.welovecycling.com\/cs\/2025\/08\/12\/startuje-czech-tour-hvezdy-se-predstavi-na-hrade\/","title":{"rendered":"Startuje Czech Tour, hv\u011bzdy se p\u0159edstav\u00ed na Hrad\u011b"},"content":{"rendered":"<p><b>Czech Tour, nejv\u00fdznamn\u011bj\u0161\u00ed etapov\u00fd cyklistick\u00fd z\u00e1vod v \u010cesku, odstartuje poprv\u00e9 v Praze. Leto\u0161n\u00ed 17. ro\u010dn\u00edk p\u0159in\u00e1\u0161\u00ed v term\u00ednu 14.\u201317. srpna nejv\u011bt\u0161\u00ed zm\u011bnu v historii. Peloton poprv\u00e9 vyraz\u00ed z hlavn\u00edho m\u011bsta, zav\u00edt\u00e1 do Karlov\u00fdch Var\u016f, Pardubic i na tradi\u010dn\u00ed m\u00edsta v Jesen\u00edk\u00e1ch a Beskydech. Fanou\u0161ci se mohou t\u011b\u0161it na z\u00e1vodn\u00edky z elitn\u00edch celk\u016f WorldTour, \u017eiv\u00e9 p\u0159enosy na \u010cesk\u00e9 televizi a Eurosportu a ve st\u0159edu 13. srpna na slavnostn\u00ed p\u0159edstaven\u00ed t\u00fdm\u016f na Pra\u017esk\u00e9m hrad\u011b.<\/b><\/p>\n<p><span style=\"font-weight: 400;\">\u00a0\u201eNa\u0161\u00ed ambic\u00ed je posouvat Czech Tour st\u00e1le v\u00fd\u0161e. Letos startujeme v hlavn\u00edm m\u011bst\u011b, ale proj\u00ed\u017ed\u00edme i ov\u011b\u0159en\u00e1 tradi\u010dn\u00ed m\u00edsta. Pom\u00e1haj\u00ed n\u00e1m i p\u0159\u00edm\u00e9 p\u0159enosy, kter\u00e9 otev\u00edraj\u00ed dve\u0159e do cel\u00e9ho sv\u011bta. V\u011b\u0159\u00edm, \u017ee si fanou\u0161ci u\u017eij\u00ed skv\u011blou show,&#8220; \u0159\u00edk\u00e1 Robert Kol\u00e1\u0159, prezident z\u00e1vodu.<\/span><\/p>\n<h2><strong>Jedou dva t\u00fdmy World Tour<\/strong><\/h2>\n<p><span style=\"font-weight: 400;\">Czech Tour op\u011bt ozdob\u00ed \u00fa\u010dast elitn\u00edch t\u00fdm\u016f Visma &#8211; Lease a Bike a Soudal Quick-Step z kategorie WorldTour, co\u017e slibuje souboje na t\u00e9 nejvy\u0161\u0161\u00ed \u00farovni. Na startu se objev\u00ed v\u00edt\u011bzov\u00e9 etap na Tour de France, Giru i Vuelt\u011b a fanou\u0161ci se mohou t\u011b\u0161it na jm\u00e9na jako Yves Lampaert, sprinter Luke Lamperti nebo obl\u00edben\u00fd \u010desk\u00fd z\u00e1vodn\u00edk Josef \u010cern\u00fd, kter\u00fd na Czech Tour v minulosti u\u017e triumfoval. Chyb\u011bt nebude ani \u010desk\u00e1 \u0161pi\u010dka zastoupen\u00e1 t\u00fdmy ATT Investments a Elkov-Kasper.<\/span><\/p>\n<p><span style=\"font-weight: 400;\">Organiz\u00e1to\u0159i p\u0159ipravili pro z\u00e1vodn\u00edky i p\u0159\u00edznivce cyklistiky atraktivn\u00ed program. Z\u00e1vod odstartuje ve \u010dtvrtek 14.\u00a0srpna z V\u00edt\u011bzn\u00e9ho n\u00e1m\u011bst\u00ed v Praze s dojezdem v Karlov\u00fdch Varech na Divadeln\u00edm n\u00e1m\u011bst\u00ed, kde se o v\u00edt\u011bzi rozhodne po technicky n\u00e1ro\u010dn\u00e9m a rychl\u00e9m dojezdu. V p\u00e1tek se jezdci p\u0159esunou z Pardubic na Dlouh\u00e9 str\u00e1n\u011b, kde je \u010dek\u00e1 prvn\u00ed velk\u00fd test a boj o \u017elut\u00fd dres. Sobotn\u00ed etapa z Prost\u011bjova do Ostravy s nejv\u011bt\u0161\u00ed pravd\u011bpodobnost\u00ed nab\u00eddne dramatick\u00fd hromadn\u00fd sprint. V ned\u011bli pak z\u00e1vod uzav\u0159e kr\u00e1lovsk\u00e1 etapa, kdy se jezdci vydaj\u00ed z Krom\u011b\u0159\u00ed\u017ee na ob\u00e1van\u00e9 stoup\u00e1n\u00ed na Pustevny, kde bude korunov\u00e1n v\u00edt\u011bz leto\u0161n\u00edho ro\u010dn\u00edku.<\/span><\/p>\n<figure id=\"attachment_30585\" aria-describedby=\"caption-attachment-30585\" style=\"width: 1920px\" class=\"wp-caption alignnone\"><a href=\"https:\/\/d2p6e6u75xmxt8.cloudfront.net\/13\/2025\/08\/Czech-Tour-20250874_Panorama_2.webp\"><img loading=\"lazy\" decoding=\"async\" class=\"size-extra-large wp-image-30585\" src=\"https:\/\/d2p6e6u75xmxt8.cloudfront.net\/13\/2025\/08\/Czech-Tour-20250874_Panorama_2-1920x1920.webp\" alt=\"\" width=\"1920\" height=\"1920\" srcset=\"https:\/\/d2p6e6u75xmxt8.cloudfront.net\/13\/2025\/08\/Czech-Tour-20250874_Panorama_2-1920x1920.webp 1920w, https:\/\/d2p6e6u75xmxt8.cloudfront.net\/13\/2025\/08\/Czech-Tour-20250874_Panorama_2-300x300.webp 300w, https:\/\/d2p6e6u75xmxt8.cloudfront.net\/13\/2025\/08\/Czech-Tour-20250874_Panorama_2-1024x1024.webp 1024w, https:\/\/d2p6e6u75xmxt8.cloudfront.net\/13\/2025\/08\/Czech-Tour-20250874_Panorama_2-150x150.webp 150w, https:\/\/d2p6e6u75xmxt8.cloudfront.net\/13\/2025\/08\/Czech-Tour-20250874_Panorama_2-768x768.webp 768w, https:\/\/d2p6e6u75xmxt8.cloudfront.net\/13\/2025\/08\/Czech-Tour-20250874_Panorama_2-1536x1536.webp 1536w, https:\/\/d2p6e6u75xmxt8.cloudfront.net\/13\/2025\/08\/Czech-Tour-20250874_Panorama_2-400x400.webp 400w, https:\/\/d2p6e6u75xmxt8.cloudfront.net\/13\/2025\/08\/Czech-Tour-20250874_Panorama_2.webp 2048w, https:\/\/d2p6e6u75xmxt8.cloudfront.net\/13\/2025\/08\/Czech-Tour-20250874_Panorama_2-1920x1920.webp 1920w\" sizes=\"auto, (max-width: 1920px) 100vw, 1920px\" \/><\/a><figcaption id=\"caption-attachment-30585\" class=\"wp-caption-text\"><em>Trofeje pro v\u00edt\u011bze etap i celkov\u00e9ho po\u0159ad\u00ed Czech Tour 2025.<\/em><\/figcaption><\/figure>\n<p><span style=\"font-weight: 400;\">\u201eTrasy jsme pl\u00e1novali vyv\u00e1\u017een\u011b, aby si na sv\u00e9 p\u0159i\u0161li jak vrcha\u0159i, tak sprinte\u0159i,\u201c popisuje \u0159editel Czech Tour Leopold K\u00f6nig. \u201eNa Pustevny letos vyjedeme dvakr\u00e1t a douf\u00e1me, \u017ee o v\u00edt\u011bzi rozhodne a\u017e tato etapa. Div\u00e1ci u trati i\u00a0televizn\u00edch obrazovek budou sv\u011bdky dramatu a\u017e do samotn\u00e9ho konce.\u201c<\/span><\/p>\n<p><span style=\"font-weight: 400;\">\u201eAkce, jako je Czech Tour, jsou skv\u011blou uk\u00e1zkou toho, jak m\u016f\u017ee sportovn\u00ed ud\u00e1lost propojit propagaci \u010ceska s\u00a0podporou m\u00edst, kudy z\u00e1vod proj\u00ed\u017ed\u00ed. Na\u0161e zem\u011b m\u00e1 co nab\u00eddnout \u2013 od n\u00e1dhern\u00e9 p\u0159\u00edrody p\u0159es historick\u00e1 m\u011bsta a\u017e po st\u00e1le obl\u00edben\u011bj\u0161\u00ed aktivn\u00ed odpo\u010dinek. Cyklistick\u00fd peloton zav\u00edt\u00e1 do region\u016f, kter\u00e9 d\u00edky p\u0159enos\u016fm sleduj\u00ed div\u00e1ci po cel\u00e9m sv\u011bt\u011b, a t\u00edm se otev\u00edraj\u00ed nov\u00e9 mo\u017enosti pro cestovn\u00ed ruch i pro samotn\u00e9 obce a\u00a0m\u011bsta, kter\u00fdmi vede trasa z\u00e1vodu,\u201c \u0159\u00edk\u00e1 Franti\u0161ek Reism\u00fcller, \u0159editel \u010cesk\u00e9 centr\u00e1ly cestovn\u00edho ruchu \u2013 CzechTourism, kter\u00e1 je jedn\u00edm z\u202fofici\u00e1ln\u00edch partner\u016f cyklistick\u00e9 akce.\u00a0<\/span><\/p>\n<p><span style=\"font-weight: 400;\">U\u017e ve st\u0159edu 13. srpna se v Praze na Hrad\u010dansk\u00e9m n\u00e1m\u011bst\u00ed uskute\u010dn\u00ed slavnostn\u00ed prezentace t\u00fdm\u016f, kde budou m\u00edt fanou\u0161ci jedine\u010dnou p\u0159\u00edle\u017eitost potkat se se v\u0161emi z\u00e1vodn\u00edky zbl\u00edzka. Czech Tour op\u011bt nab\u00eddne bohat\u00fd doprovodn\u00fd program ve startovn\u00edch i c\u00edlov\u00fdch m\u011bstech, v\u010detn\u011b aktivit pro rodiny a hudebn\u00ed produkce.<\/span> <span style=\"font-weight: 400;\">Div\u00e1ci mohou vyhr\u00e1t i elektrokolo od MND<\/span><\/p>\n<h2><b>Program CZECH TOUR 2025<\/b><\/h2>\n<ul>\n<li style=\"font-weight: 400;\" aria-level=\"1\"><span style=\"font-weight: 400;\">1. etapa \u2013 14. srpna: Praha \u2013 Karlovy Vary (163 km\/2260 v\u00fd\u0161kov\u00fdch metr\u016f)<\/span><\/li>\n<li style=\"font-weight: 400;\" aria-level=\"1\"><span style=\"font-weight: 400;\">2. etapa \u2013 15. srpna: Pardubice \u2013 Dlouh\u00e9 str\u00e1n\u011b (170 km\/2625 v\u00fd\u0161kov\u00fdch metr\u016f)<\/span><\/li>\n<li style=\"font-weight: 400;\" aria-level=\"1\"><span style=\"font-weight: 400;\">3. etapa \u2013 16. srpna: Prost\u011bjov \u2013 Ostrava (148 km\/1378 v\u00fd\u0161kov\u00fdch metr\u016f)<\/span><\/li>\n<li style=\"font-weight: 400;\" aria-level=\"1\"><span style=\"font-weight: 400;\">4. etapa \u2013 17. srpna: Krom\u011b\u0159\u00ed\u017e \u2013 Pustevny (177 km\/2983 v\u00fd\u0161kov\u00fdch metr\u016f)<\/span><\/li>\n<\/ul>\n<p><span style=\"font-weight: 400;\">Celkem cca 660 km, p\u0159ev\u00fd\u0161en\u00ed 9246 metr\u016f.<\/span><\/p>\n<p><b>P\u0159edstaven\u00ed t\u00fdm\u016f 13. 8.<\/b><\/p>\n<ul>\n<li style=\"font-weight: 400;\" aria-level=\"1\"><span style=\"font-weight: 400;\">Praha, Hrad\u010dansk\u00e9 n\u00e1m\u011bst\u00ed\u00a0<\/span><\/li>\n<li style=\"font-weight: 400;\" aria-level=\"1\"><span style=\"font-weight: 400;\">16:40 Czech Tour 2024 | TV Highlights<\/span><\/li>\n<li style=\"font-weight: 400;\" aria-level=\"1\"><span style=\"font-weight: 400;\">17:30 Zah\u00e1jen\u00ed programu<\/span><\/li>\n<li style=\"font-weight: 400;\" aria-level=\"1\"><span style=\"font-weight: 400;\">17:40 Vlajkov\u00fd ceremoni\u00e1l Sokolsk\u00e9 str\u00e1\u017ee<\/span><\/li>\n<li style=\"font-weight: 400;\" aria-level=\"1\"><span style=\"font-weight: 400;\">17:45 Zdravice prezidenta Czech Tour Roberta Kol\u00e1\u0159e<\/span><\/li>\n<li style=\"font-weight: 400;\" aria-level=\"1\"><span style=\"font-weight: 400;\">17:55 P\u0159edstaven\u00ed etap \u0159editelem z\u00e1vodu Leopoldem K\u00f6nigem<\/span><\/li>\n<li style=\"font-weight: 400;\" aria-level=\"1\"><span style=\"font-weight: 400;\">18:00 Multimedi\u00e1ln\u00ed show The Losers | Bicycle Race<\/span><\/li>\n<li style=\"font-weight: 400;\" aria-level=\"1\"><span style=\"font-weight: 400;\">18:05 P\u0159edstaven\u00ed v\u00edt\u011bzn\u00fdch dres\u016f a trofeje<\/span><\/li>\n<li style=\"font-weight: 400;\" aria-level=\"1\"><span style=\"font-weight: 400;\">18:10 Po\u017eehn\u00e1n\u00ed z\u00e1vodu kardin\u00e1lem Dominikem Dukou<\/span><\/li>\n<li style=\"font-weight: 400;\" aria-level=\"1\"><span style=\"font-weight: 400;\">18:12 Drumming show Grove Army<\/span><\/li>\n<li style=\"font-weight: 400;\" aria-level=\"1\"><span style=\"font-weight: 400;\">18:15 P\u0159edstaven\u00ed t\u00fdm\u016f<\/span><\/li>\n<li style=\"font-weight: 400;\" aria-level=\"1\"><span style=\"font-weight: 400;\">19:00 P\u0159edpokl\u00e1dan\u00fd konec<\/span><\/li>\n<\/ul>\n","protected":false},"excerpt":{"rendered":"<p>Czech Tour, nejv\u00fdznamn\u011bj\u0161\u00ed etapov\u00fd cyklistick\u00fd z\u00e1vod v \u010cesku, odstartuje poprv\u00e9 v Praze. Leto\u0161n\u00ed 17. ro\u010dn\u00edk p\u0159in\u00e1\u0161\u00ed v term\u00ednu 14.\u201317. srpna [&hellip;]<\/p>\n","protected":false},"author":138,"featured_media":30583,"comment_status":"open","ping_status":"open","sticky":false,"template":"","format":"standard","meta":{"footnotes":""},"categories":[10],"tags":[126,4185,4331,4332,9],"global-categories":[411],"class_list":["post-30580","post","type-post","status-publish","format-standard","has-post-thumbnail","hentry","category-silnicni-cyklistika","tag-cyklistika","tag-czech-tour-2025","tag-etapy-czech-tour-2025","tag-program-czech-tour-2025","tag-silnicni-cyklistika","global-categories-cycling"],"yoast_head":"<!-- This site is optimized with the Yoast SEO Premium plugin v25.3 (Yoast SEO v25.9) - https:\/\/yoast.com\/wordpress\/plugins\/seo\/ -->\n<title>Startuje Czech Tour, hv\u011bzdy se p\u0159edstav\u00ed na Hrad\u011b | \u0160koda We Love Cycling - \u010cesk\u00e1 republika<\/title>\n<meta name=\"description\" content=\"Czech Tour, nejv\u00fdznamn\u011bj\u0161\u00ed etapov\u00fd cyklistick\u00fd z\u00e1vod v \u010cesku, odstartuje poprv\u00e9 v Praze. Leto\u0161n\u00ed 17. ro\u010dn\u00edk p\u0159in\u00e1\u0161\u00ed v term\u00ednu 14.\u201317. srpna nejv\u011bt\u0161\u00ed zm\u011bnu v historii. Peloton poprv\u00e9 vyraz\u00ed z hlavn\u00edho m\u011bsta, zav\u00edt\u00e1 do Karlov\u00fdch Var\u016f, Pardubic i na tradi\u010dn\u00ed m\u00edsta v Jesen\u00edk\u00e1ch a Beskydech. Fanou\u0161ci se mohou t\u011b\u0161it na z\u00e1vodn\u00edky z elitn\u00edch celk\u016f WorldTour, \u017eiv\u00e9 p\u0159enosy na \u010cesk\u00e9 televizi a Eurosportu a ve st\u0159edu 13. srpna na slavnostn\u00ed p\u0159edstaven\u00ed t\u00fdm\u016f na Pra\u017esk\u00e9m hrad\u011b.\" \/>\n<meta name=\"robots\" content=\"index, follow, max-snippet:-1, max-image-preview:large, max-video-preview:-1\" \/>\n<link rel=\"canonical\" href=\"https:\/\/www.welovecycling.com\/cs\/2025\/08\/12\/startuje-czech-tour-hvezdy-se-predstavi-na-hrade\/\" \/>\n<meta property=\"og:locale\" content=\"cs_CZ\" \/>\n<meta property=\"og:type\" content=\"article\" \/>\n<meta property=\"og:title\" content=\"Startuje Czech Tour, hv\u011bzdy se p\u0159edstav\u00ed na Hrad\u011b\" \/>\n<meta property=\"og:description\" content=\"Czech Tour, nejv\u00fdznamn\u011bj\u0161\u00ed etapov\u00fd cyklistick\u00fd z\u00e1vod v \u010cesku, odstartuje poprv\u00e9 v Praze. Leto\u0161n\u00ed 17. ro\u010dn\u00edk p\u0159in\u00e1\u0161\u00ed v term\u00ednu 14.\u201317. srpna nejv\u011bt\u0161\u00ed zm\u011bnu v historii. Peloton poprv\u00e9 vyraz\u00ed z hlavn\u00edho m\u011bsta, zav\u00edt\u00e1 do Karlov\u00fdch Var\u016f, Pardubic i na tradi\u010dn\u00ed m\u00edsta v Jesen\u00edk\u00e1ch a Beskydech. Fanou\u0161ci se mohou t\u011b\u0161it na z\u00e1vodn\u00edky z elitn\u00edch celk\u016f WorldTour, \u017eiv\u00e9 p\u0159enosy na \u010cesk\u00e9 televizi a Eurosportu a ve st\u0159edu 13. srpna na slavnostn\u00ed p\u0159edstaven\u00ed t\u00fdm\u016f na Pra\u017esk\u00e9m hrad\u011b.\" \/>\n<meta property=\"og:url\" content=\"https:\/\/www.welovecycling.com\/cs\/2025\/08\/12\/startuje-czech-tour-hvezdy-se-predstavi-na-hrade\/\" \/>\n<meta property=\"og:site_name\" content=\"\u0160koda We Love Cycling - \u010cesk\u00e1 republika\" \/>\n<meta property=\"article:published_time\" content=\"2025-08-12T14:53:32+00:00\" \/>\n<meta property=\"og:image\" content=\"https:\/\/d2p6e6u75xmxt8.cloudfront.net\/13\/2025\/08\/Credit_Czech_Tour-scaled.webp\" \/>\n\t<meta property=\"og:image:width\" content=\"2560\" \/>\n\t<meta property=\"og:image:height\" content=\"1520\" \/>\n\t<meta property=\"og:image:type\" content=\"image\/webp\" \/>\n<meta name=\"author\" content=\"radekmalina\" \/>\n<meta name=\"twitter:card\" content=\"summary_large_image\" \/>\n<meta name=\"twitter:label1\" content=\"Written by\" \/>\n\t<meta name=\"twitter:data1\" content=\"We Love Cycling\" \/>\n\t<meta name=\"twitter:label2\" content=\"Est. reading time\" \/>\n\t<meta name=\"twitter:data2\" content=\"5\" \/>\n<script type=\"application\/ld+json\" class=\"yoast-schema-graph\">{\"@context\":\"https:\/\/schema.org\",\"@graph\":[{\"@type\":\"WebPage\",\"@id\":\"https:\/\/www.welovecycling.com\/cs\/2025\/08\/12\/startuje-czech-tour-hvezdy-se-predstavi-na-hrade\/\",\"url\":\"https:\/\/www.welovecycling.com\/cs\/2025\/08\/12\/startuje-czech-tour-hvezdy-se-predstavi-na-hrade\/\",\"name\":\"Startuje Czech Tour, hv\u011bzdy se p\u0159edstav\u00ed na Hrad\u011b | \u0160koda We Love Cycling - \u010cesk\u00e1 republika\",\"isPartOf\":{\"@id\":\"https:\/\/www.welovecycling.com\/cs\/#website\"},\"primaryImageOfPage\":{\"@id\":\"https:\/\/www.welovecycling.com\/cs\/2025\/08\/12\/startuje-czech-tour-hvezdy-se-predstavi-na-hrade\/#primaryimage\"},\"image\":{\"@id\":\"https:\/\/www.welovecycling.com\/cs\/2025\/08\/12\/startuje-czech-tour-hvezdy-se-predstavi-na-hrade\/#primaryimage\"},\"thumbnailUrl\":\"https:\/\/d2p6e6u75xmxt8.cloudfront.net\/13\/2025\/08\/Credit_Czech_Tour-scaled.webp\",\"datePublished\":\"2025-08-12T14:53:32+00:00\",\"author\":{\"@id\":\"https:\/\/www.welovecycling.com\/cs\/#\/schema\/person\/d9eeb0a378f3a7e4a6d12d2b536b04b8\"},\"description\":\"Czech Tour, nejv\u00fdznamn\u011bj\u0161\u00ed etapov\u00fd cyklistick\u00fd z\u00e1vod v \u010cesku, odstartuje poprv\u00e9 v Praze. Leto\u0161n\u00ed 17. ro\u010dn\u00edk p\u0159in\u00e1\u0161\u00ed v term\u00ednu 14.\u201317. srpna nejv\u011bt\u0161\u00ed zm\u011bnu v historii. Peloton poprv\u00e9 vyraz\u00ed z hlavn\u00edho m\u011bsta, zav\u00edt\u00e1 do Karlov\u00fdch Var\u016f, Pardubic i na tradi\u010dn\u00ed m\u00edsta v Jesen\u00edk\u00e1ch a Beskydech. Fanou\u0161ci se mohou t\u011b\u0161it na z\u00e1vodn\u00edky z elitn\u00edch celk\u016f WorldTour, \u017eiv\u00e9 p\u0159enosy na \u010cesk\u00e9 televizi a Eurosportu a ve st\u0159edu 13. srpna na slavnostn\u00ed p\u0159edstaven\u00ed t\u00fdm\u016f na Pra\u017esk\u00e9m hrad\u011b.\",\"inLanguage\":\"cs\",\"potentialAction\":[{\"@type\":\"ReadAction\",\"target\":[\"https:\/\/www.welovecycling.com\/cs\/2025\/08\/12\/startuje-czech-tour-hvezdy-se-predstavi-na-hrade\/\"]}]},{\"@type\":\"ImageObject\",\"inLanguage\":\"cs\",\"@id\":\"https:\/\/www.welovecycling.com\/cs\/2025\/08\/12\/startuje-czech-tour-hvezdy-se-predstavi-na-hrade\/#primaryimage\",\"url\":\"https:\/\/d2p6e6u75xmxt8.cloudfront.net\/13\/2025\/08\/Credit_Czech_Tour-scaled.webp\",\"contentUrl\":\"https:\/\/d2p6e6u75xmxt8.cloudfront.net\/13\/2025\/08\/Credit_Czech_Tour-scaled.webp\",\"width\":2560,\"height\":1520,\"caption\":\"Czech Tour 2025\"},{\"@type\":\"WebSite\",\"@id\":\"https:\/\/www.welovecycling.com\/cs\/#website\",\"url\":\"https:\/\/www.welovecycling.com\/cs\/\",\"name\":\"\u0160koda We Love Cycling - \u010cesk\u00e1 republika\",\"description\":\"WeLoveCycling.cz je online magaz\u00edn, kter\u00fd v\u00e1m pravideln\u011b p\u0159in\u00e1\u0161\u00ed rady a tipy, zaj\u00edmav\u00e9 \u010dl\u00e1nky, videa a jedine\u010dn\u00e9 report\u00e1\u017ee ze sv\u011bta cyklistiky.\",\"potentialAction\":[{\"@type\":\"SearchAction\",\"target\":{\"@type\":\"EntryPoint\",\"urlTemplate\":\"https:\/\/www.welovecycling.com\/cs\/?s={search_term_string}\"},\"query-input\":{\"@type\":\"PropertyValueSpecification\",\"valueRequired\":true,\"valueName\":\"search_term_string\"}}],\"inLanguage\":\"cs\"},{\"@type\":\"Person\",\"@id\":\"https:\/\/www.welovecycling.com\/cs\/#\/schema\/person\/d9eeb0a378f3a7e4a6d12d2b536b04b8\",\"name\":\"radekmalina\",\"image\":{\"@type\":\"ImageObject\",\"inLanguage\":\"cs\",\"@id\":\"https:\/\/www.welovecycling.com\/cs\/#\/schema\/person\/image\/\",\"url\":\"https:\/\/secure.gravatar.com\/avatar\/66994b632cb8c39a46b9f54afa3ae07201b678d32a54275b6f1c9ffec356bfc0?s=96&d=mm&r=g\",\"contentUrl\":\"https:\/\/secure.gravatar.com\/avatar\/66994b632cb8c39a46b9f54afa3ae07201b678d32a54275b6f1c9ffec356bfc0?s=96&d=mm&r=g\",\"caption\":\"radekmalina\"},\"url\":\"https:\/\/www.welovecycling.com\/cs\/author\/radekmalina\/\"}]}<\/script>\n<!-- \/ Yoast SEO Premium plugin. -->","yoast_head_json":{"title":"Startuje Czech Tour, hv\u011bzdy se p\u0159edstav\u00ed na Hrad\u011b | \u0160koda We Love Cycling - \u010cesk\u00e1 republika","description":"Czech Tour, nejv\u00fdznamn\u011bj\u0161\u00ed etapov\u00fd cyklistick\u00fd z\u00e1vod v \u010cesku, odstartuje poprv\u00e9 v Praze. Leto\u0161n\u00ed 17. ro\u010dn\u00edk p\u0159in\u00e1\u0161\u00ed v term\u00ednu 14.\u201317. srpna nejv\u011bt\u0161\u00ed zm\u011bnu v historii. Peloton poprv\u00e9 vyraz\u00ed z hlavn\u00edho m\u011bsta, zav\u00edt\u00e1 do Karlov\u00fdch Var\u016f, Pardubic i na tradi\u010dn\u00ed m\u00edsta v Jesen\u00edk\u00e1ch a Beskydech. Fanou\u0161ci se mohou t\u011b\u0161it na z\u00e1vodn\u00edky z elitn\u00edch celk\u016f WorldTour, \u017eiv\u00e9 p\u0159enosy na \u010cesk\u00e9 televizi a Eurosportu a ve st\u0159edu 13. srpna na slavnostn\u00ed p\u0159edstaven\u00ed t\u00fdm\u016f na Pra\u017esk\u00e9m hrad\u011b.","robots":{"index":"index","follow":"follow","max-snippet":"max-snippet:-1","max-image-preview":"max-image-preview:large","max-video-preview":"max-video-preview:-1"},"canonical":"https:\/\/www.welovecycling.com\/cs\/2025\/08\/12\/startuje-czech-tour-hvezdy-se-predstavi-na-hrade\/","og_locale":"cs_CZ","og_type":"article","og_title":"Startuje Czech Tour, hv\u011bzdy se p\u0159edstav\u00ed na Hrad\u011b","og_description":"Czech Tour, nejv\u00fdznamn\u011bj\u0161\u00ed etapov\u00fd cyklistick\u00fd z\u00e1vod v \u010cesku, odstartuje poprv\u00e9 v Praze. Leto\u0161n\u00ed 17. ro\u010dn\u00edk p\u0159in\u00e1\u0161\u00ed v term\u00ednu 14.\u201317. srpna nejv\u011bt\u0161\u00ed zm\u011bnu v historii. Peloton poprv\u00e9 vyraz\u00ed z hlavn\u00edho m\u011bsta, zav\u00edt\u00e1 do Karlov\u00fdch Var\u016f, Pardubic i na tradi\u010dn\u00ed m\u00edsta v Jesen\u00edk\u00e1ch a Beskydech. Fanou\u0161ci se mohou t\u011b\u0161it na z\u00e1vodn\u00edky z elitn\u00edch celk\u016f WorldTour, \u017eiv\u00e9 p\u0159enosy na \u010cesk\u00e9 televizi a Eurosportu a ve st\u0159edu 13. srpna na slavnostn\u00ed p\u0159edstaven\u00ed t\u00fdm\u016f na Pra\u017esk\u00e9m hrad\u011b.","og_url":"https:\/\/www.welovecycling.com\/cs\/2025\/08\/12\/startuje-czech-tour-hvezdy-se-predstavi-na-hrade\/","og_site_name":"\u0160koda We Love Cycling - \u010cesk\u00e1 republika","article_published_time":"2025-08-12T14:53:32+00:00","og_image":[{"width":2560,"height":1520,"url":"https:\/\/d2p6e6u75xmxt8.cloudfront.net\/13\/2025\/08\/Credit_Czech_Tour-scaled.webp","type":"image\/webp"}],"author":"radekmalina","twitter_card":"summary_large_image","twitter_misc":{"Written by":"We Love Cycling","Est. reading time":"5"},"schema":{"@context":"https:\/\/schema.org","@graph":[{"@type":"WebPage","@id":"https:\/\/www.welovecycling.com\/cs\/2025\/08\/12\/startuje-czech-tour-hvezdy-se-predstavi-na-hrade\/","url":"https:\/\/www.welovecycling.com\/cs\/2025\/08\/12\/startuje-czech-tour-hvezdy-se-predstavi-na-hrade\/","name":"Startuje Czech Tour, hv\u011bzdy se p\u0159edstav\u00ed na Hrad\u011b | \u0160koda We Love Cycling - \u010cesk\u00e1 republika","isPartOf":{"@id":"https:\/\/www.welovecycling.com\/cs\/#website"},"primaryImageOfPage":{"@id":"https:\/\/www.welovecycling.com\/cs\/2025\/08\/12\/startuje-czech-tour-hvezdy-se-predstavi-na-hrade\/#primaryimage"},"image":{"@id":"https:\/\/www.welovecycling.com\/cs\/2025\/08\/12\/startuje-czech-tour-hvezdy-se-predstavi-na-hrade\/#primaryimage"},"thumbnailUrl":"https:\/\/d2p6e6u75xmxt8.cloudfront.net\/13\/2025\/08\/Credit_Czech_Tour-scaled.webp","datePublished":"2025-08-12T14:53:32+00:00","author":{"@id":"https:\/\/www.welovecycling.com\/cs\/#\/schema\/person\/d9eeb0a378f3a7e4a6d12d2b536b04b8"},"description":"Czech Tour, nejv\u00fdznamn\u011bj\u0161\u00ed etapov\u00fd cyklistick\u00fd z\u00e1vod v \u010cesku, odstartuje poprv\u00e9 v Praze. Leto\u0161n\u00ed 17. ro\u010dn\u00edk p\u0159in\u00e1\u0161\u00ed v term\u00ednu 14.\u201317. srpna nejv\u011bt\u0161\u00ed zm\u011bnu v historii. Peloton poprv\u00e9 vyraz\u00ed z hlavn\u00edho m\u011bsta, zav\u00edt\u00e1 do Karlov\u00fdch Var\u016f, Pardubic i na tradi\u010dn\u00ed m\u00edsta v Jesen\u00edk\u00e1ch a Beskydech. Fanou\u0161ci se mohou t\u011b\u0161it na z\u00e1vodn\u00edky z elitn\u00edch celk\u016f WorldTour, \u017eiv\u00e9 p\u0159enosy na \u010cesk\u00e9 televizi a Eurosportu a ve st\u0159edu 13. srpna na slavnostn\u00ed p\u0159edstaven\u00ed t\u00fdm\u016f na Pra\u017esk\u00e9m hrad\u011b.","inLanguage":"cs","potentialAction":[{"@type":"ReadAction","target":["https:\/\/www.welovecycling.com\/cs\/2025\/08\/12\/startuje-czech-tour-hvezdy-se-predstavi-na-hrade\/"]}]},{"@type":"ImageObject","inLanguage":"cs","@id":"https:\/\/www.welovecycling.com\/cs\/2025\/08\/12\/startuje-czech-tour-hvezdy-se-predstavi-na-hrade\/#primaryimage","url":"https:\/\/d2p6e6u75xmxt8.cloudfront.net\/13\/2025\/08\/Credit_Czech_Tour-scaled.webp","contentUrl":"https:\/\/d2p6e6u75xmxt8.cloudfront.net\/13\/2025\/08\/Credit_Czech_Tour-scaled.webp","width":2560,"height":1520,"caption":"Czech Tour 2025"},{"@type":"WebSite","@id":"https:\/\/www.welovecycling.com\/cs\/#website","url":"https:\/\/www.welovecycling.com\/cs\/","name":"\u0160koda We Love Cycling - \u010cesk\u00e1 republika","description":"WeLoveCycling.cz je online magaz\u00edn, kter\u00fd v\u00e1m pravideln\u011b p\u0159in\u00e1\u0161\u00ed rady a tipy, zaj\u00edmav\u00e9 \u010dl\u00e1nky, videa a jedine\u010dn\u00e9 report\u00e1\u017ee ze sv\u011bta cyklistiky.","potentialAction":[{"@type":"SearchAction","target":{"@type":"EntryPoint","urlTemplate":"https:\/\/www.welovecycling.com\/cs\/?s={search_term_string}"},"query-input":{"@type":"PropertyValueSpecification","valueRequired":true,"valueName":"search_term_string"}}],"inLanguage":"cs"},{"@type":"Person","@id":"https:\/\/www.welovecycling.com\/cs\/#\/schema\/person\/d9eeb0a378f3a7e4a6d12d2b536b04b8","name":"radekmalina","image":{"@type":"ImageObject","inLanguage":"cs","@id":"https:\/\/www.welovecycling.com\/cs\/#\/schema\/person\/image\/","url":"https:\/\/secure.gravatar.com\/avatar\/66994b632cb8c39a46b9f54afa3ae07201b678d32a54275b6f1c9ffec356bfc0?s=96&d=mm&r=g","contentUrl":"https:\/\/secure.gravatar.com\/avatar\/66994b632cb8c39a46b9f54afa3ae07201b678d32a54275b6f1c9ffec356bfc0?s=96&d=mm&r=g","caption":"radekmalina"},"url":"https:\/\/www.welovecycling.com\/cs\/author\/radekmalina\/"}]}},"_links":{"self":[{"href":"https:\/\/www.welovecycling.com\/cs\/wp-json\/wp\/v2\/posts\/30580","targetHints":{"allow":["GET"]}}],"collection":[{"href":"https:\/\/www.welovecycling.com\/cs\/wp-json\/wp\/v2\/posts"}],"about":[{"href":"https:\/\/www.welovecycling.com\/cs\/wp-json\/wp\/v2\/types\/post"}],"author":[{"embeddable":true,"href":"https:\/\/www.welovecycling.com\/cs\/wp-json\/wp\/v2\/users\/138"}],"replies":[{"embeddable":true,"href":"https:\/\/www.welovecycling.com\/cs\/wp-json\/wp\/v2\/comments?post=30580"}],"version-history":[{"count":1,"href":"https:\/\/www.welovecycling.com\/cs\/wp-json\/wp\/v2\/posts\/30580\/revisions"}],"predecessor-version":[{"id":30586,"href":"https:\/\/www.welovecycling.com\/cs\/wp-json\/wp\/v2\/posts\/30580\/revisions\/30586"}],"wp:featuredmedia":[{"embeddable":true,"href":"https:\/\/www.welovecycling.com\/cs\/wp-json\/wp\/v2\/media\/30583"}],"wp:attachment":[{"href":"https:\/\/www.welovecycling.com\/cs\/wp-json\/wp\/v2\/media?parent=30580"}],"wp:term":[{"taxonomy":"category","embeddable":true,"href":"https:\/\/www.welovecycling.com\/cs\/wp-json\/wp\/v2\/categories?post=30580"},{"taxonomy":"post_tag","embeddable":true,"href":"https:\/\/www.welovecycling.com\/cs\/wp-json\/wp\/v2\/tags?post=30580"},{"taxonomy":"global-categories","embeddable":true,"href":"https:\/\/www.welovecycling.com\/cs\/wp-json\/wp\/v2\/global-categories?post=30580"}],"curies":[{"name":"wp","href":"https:\/\/api.w.org\/{rel}","templated":true}]}}