{"id":30566,"date":"2025-08-12T10:44:49","date_gmt":"2025-08-12T08:44:49","guid":{"rendered":"https:\/\/www.welovecycling.com\/cs\/?p=30566"},"modified":"2025-08-12T12:12:35","modified_gmt":"2025-08-12T10:12:35","slug":"obet-sikany-oslavila-prvni-profi-vitezi-a-pojede-v-cesku","status":"publish","type":"post","link":"https:\/\/www.welovecycling.com\/cs\/2025\/08\/12\/obet-sikany-oslavila-prvni-profi-vitezi-a-pojede-v-cesku\/","title":{"rendered":"Ob\u011b\u0165 \u0161ikany oslavila prvn\u00ed profi v\u00edt\u011bzstv\u00ed! A pojede v \u010cesku"},"content":{"rendered":"<p><strong>M\u011blo j\u00edt o vysvobozen\u00ed, kter\u00e9 mu d\u00e1 k\u0159\u00eddla. A\u010d m\u011bl platn\u00fd kontrakt, podepsal smlouvu u konkurence. V\u0161e zd\u016fvodnil \u0161ikanou. Cian Uijtdebroeks bral odchod z tehdej\u0161\u00ed formace Bora-hansgrohe k nizozemsk\u00e9 sestav\u011b Visma Leasea a Bike jako nov\u00fd za\u010d\u00e1tek. Ale rok a p\u016fl ze \u010dty\u0159let\u00e9 smlouvy si sp\u00ed\u0161e protrp\u011bl. A\u017e \u00favod srpna p\u0159inesl zm\u011bnu k lep\u0161\u00edmu. A te\u010f ji chce mlad\u00fd Belg\u010dian potvrdit na \u010desk\u00fdch silnic\u00edch!<\/strong><\/p>\n<p>Bylo to hodn\u011b t\u0159askav\u00e9 t\u00e9ma. Na podzim 2023 oslnil p\u0159i \u0161pan\u011blsk\u00e9 Vuelt\u011b. Exceloval v brut\u00e1ln\u00edch etap\u00e1ch s dojezdem na Tourmalet a Angliru. P\u0159i debutu na Grand Tour bral senza\u010dn\u00ed osm\u00e9 m\u00edsto a veden\u00ed Bora-hansgrohe se radovalo, \u017ee m\u00e1 budouc\u00edho \u0161ampiona n\u011bkter\u00e9ho ze t\u0159\u00ed nejv\u011bt\u0161\u00edch etapov\u00fdch z\u00e1vod\u016f. Jen\u017ee z\u00e1hy se idylka pokazila. Tehdy dvacetilet\u00fd Belgi\u010dan na\u0159kl n\u011bmeckou st\u00e1j ze \u0161ikany. \u00dadajn\u011b \u010delil v\u00fdsm\u011bchu kv\u016fli \u00fazkostliv\u00e9mu p\u0159\u00edstupu ke stravov\u00e1n\u00ed, neust\u00e1l\u00e9mu zkoum\u00e1n\u00ed aerodynamiky \u010dasovk\u00e1\u0159sk\u00e9ho kola, po\u017eadavk\u016fm na rychlej\u0161\u00ed dresy, lep\u0161\u00ed pono\u017eky&#8230; Par\u0165\u00e1ci si pr\u00e1v\u011b p\u0159i Vuelt\u011b vytvo\u0159ili na komunika\u010dn\u00ed platform\u011b WhatsApp skupinu Anti-Cian, kde mlad\u00edka pomlouvali.<\/p>\n<h2><strong>Na kole nec\u00edtil nohy<\/strong><\/h2>\n<p>V\u00fdsledkem byl \u00faprk mlad\u00e9ho jezdce k nizozemsk\u00e9 konkurenci, by\u0165 m\u011bl je\u0161t\u011b platn\u00fd kontrakt v n\u011bmeck\u00e9m t\u00fdmu. Odstupn\u00e9 a pr\u00e1vn\u00edci tahanice urovnali. Cian Uijtdebroeks se t\u011b\u0161il na novou v\u00fdzvu.<\/p>\n<p>Ov\u0161em cesta k vrcholu se neskute\u010dn\u011b zadrhla. A cel\u00e1 prvn\u00ed sezona na nizozemsk\u00e9 adrese se prom\u011bnila v jeden velk\u00fd d\u011bs. Belgi\u010dan nejprve musel vzd\u00e1t etap\u00e1k Kolem Katal\u00e1nska, proto\u017ee onemocn\u011bl. P\u0159ed\u010dasn\u011b ukon\u010dil i debut na italsk\u00e9m Giru, odkud jej vy\u0159adilo podez\u0159en\u00ed na z\u00e1pal plic. Pod Apeninami nicm\u00e9n\u011b nabral sebev\u011bdom\u00ed, proto\u017ee jel v b\u00edl\u00e9m trikotu l\u00eddra sout\u011b\u017ee do p\u011btadvaceti let. &#8222;Sd\u00edlet jednu m\u00edstnost p\u0159i vyhla\u0161ov\u00e1n\u00ed v\u00fdsledk\u016f s Tadejem Poga\u010darem byl z\u00e1\u017eitek,&#8220; vyznal se. Doufal, \u017ee brzy bude se slovinsk\u00fdm fenom\u00e9nem bojovat o stupn\u011b v\u00edt\u011bz\u016f na Tour de France.<\/p>\n<figure id=\"attachment_30567\" aria-describedby=\"caption-attachment-30567\" style=\"width: 1800px\" class=\"wp-caption alignnone\"><a href=\"https:\/\/d2p6e6u75xmxt8.cloudfront.net\/13\/2025\/08\/profimedia-0881616909.webp\"><img loading=\"lazy\" decoding=\"async\" class=\"size-full wp-image-30567\" src=\"https:\/\/d2p6e6u75xmxt8.cloudfront.net\/13\/2025\/08\/profimedia-0881616909.webp\" alt=\"\" width=\"1800\" height=\"1200\" srcset=\"https:\/\/d2p6e6u75xmxt8.cloudfront.net\/13\/2025\/08\/profimedia-0881616909.webp 1800w, https:\/\/d2p6e6u75xmxt8.cloudfront.net\/13\/2025\/08\/profimedia-0881616909-300x200.webp 300w, https:\/\/d2p6e6u75xmxt8.cloudfront.net\/13\/2025\/08\/profimedia-0881616909-1024x683.webp 1024w, https:\/\/d2p6e6u75xmxt8.cloudfront.net\/13\/2025\/08\/profimedia-0881616909-768x512.webp 768w, https:\/\/d2p6e6u75xmxt8.cloudfront.net\/13\/2025\/08\/profimedia-0881616909-1536x1024.webp 1536w, https:\/\/d2p6e6u75xmxt8.cloudfront.net\/13\/2025\/08\/profimedia-0881616909-400x267.webp 400w, https:\/\/d2p6e6u75xmxt8.cloudfront.net\/13\/2025\/08\/profimedia-0881616909-272x182.webp 272w\" sizes=\"auto, (max-width: 1800px) 100vw, 1800px\" \/><\/a><figcaption id=\"caption-attachment-30567\" class=\"wp-caption-text\"><em>Cian Uijtdebroeks vy\u010derpan\u00fd v c\u00edli etapy z\u00e1vodu Kolem \u0160v\u00fdcarska. Foto: profimedia (3x)<\/em><\/figcaption><\/figure>\n<p>Jen\u017ee se za\u010daly objevovat nevysv\u011btliteln\u00e9 probl\u00e9my nohou. &#8222;Tla\u010dil jsem do ped\u00e1l\u016f p\u0159im\u011b\u0159enou silou, m\u011bl tepovou frekvenci t\u0159eba sto pades\u00e1t a stejn\u011b jsem v\u016fbec nec\u00edtil doln\u00ed kon\u010detiny,&#8220; posteskl si s odstupem. Trable se nepravideln\u011b objevovaly p\u0159i n\u00e1vratu na \u0161pan\u011blskou Vueltu. Ani tentokr\u00e1t se c\u00edle nedo\u010dkal, by\u0165 d\u016fvodem byl pozitivn\u00ed test na covid.<\/p>\n<h2><strong>Prvn\u00ed sezona byl velk\u00fd zmar<\/strong><\/h2>\n<p>Cian Uijtdebroeks ukon\u010dil prvn\u00ed sezonu na nov\u00e9 adrese bez vytou\u017een\u00e9ho v\u00edt\u011bzstv\u00ed. Jeho maximem z\u016fst\u00e1vala Tour de l&#8217;Avenir, kde v z\u00e1vod\u011b t\u0159iadvac\u00edtk\u00e1\u0159\u016f vyhr\u00e1l v l\u00e9t\u011b 2022 dv\u011b etapy a ovl\u00e1dl i celkovou klasifikaci. Prvn\u00ed profesion\u00e1ln\u00ed triumf v\u0161ak st\u00e1le nep\u0159ich\u00e1zel. Kdykoliv sedl na kolo, byl vyhl\u00e1\u0161en\u00fd vrcha\u0159 bez s\u00edly.<\/p>\n<p>&#8222;Moje nohy byly jako paralyzovan\u00e9,&#8220; p\u0159izn\u00e1val. L\u00e9ka\u0159i se ob\u00e1vali, \u017ee jde o probl\u00e9m s tepnou v oblasti t\u0159\u00edsel a bude nutn\u00e1 operace. Ale uk\u00e1zalo se, \u017ee belgick\u00fd cyklista bojuje s nervov\u00fdmi vl\u00e1kny ve spodn\u00ed \u010d\u00e1sti zad. &#8222;Vy\u0161et\u0159en\u00ed odhalila sk\u0159\u00edpnut\u00fd nerv v z\u00e1dech,&#8220; p\u0159ibl\u00ed\u017eil zdroje probl\u00e9mu. A tak tr\u00e1vil hodiny v posilovn\u011b, aby pos\u00edlil z\u00e1dov\u00e9 svalstvo a oblast p\u00e1nve. Na startu sezony 2025 se c\u00edtil siln\u00fd. Byl extr\u00e9mn\u011b motivovan\u00fd.<\/p>\n<div class=\"shortcode-ys-post-pinup\"><article class=\"loop-simple post-24337 post type-post status-publish format-standard has-post-thumbnail hentry category-silnicni-cyklistika tag-bora-hansgrohe tag-bradley-wiggins tag-cian-uijtdebroeks tag-cyklistika tag-jumbo-visma tag-philippe-gilbert tag-sikana tag-silnicni-cyklistika tag-tour-de-france tag-vuelta tag-wout-van-aert global-categories-cycling\" data-postid=\"24337\" role=\"article\" data-post-id=\"24337\" data-word-count=\"728\" data-headline-length=\"134\" data-category=\"Silni\u010dn\u00ed cyklistika\" data-global-category=\"Cycling\" data-author=\"Radek Malina\" data-published=\"2023-12-14T18:30:08+02:00\" data-published-day=\"Thursday\">\n    <div class=\"entry-thumbnail article-thumbnail\" content=\"https:\/\/d2p6e6u75xmxt8.cloudfront.net\/13\/2023\/12\/profimedia-0805741649-150x150.webp\"><a href=\"https:\/\/www.welovecycling.com\/cs\/2023\/12\/14\/milionove-odstupne-ci-statisicove-pokuty-cian-uijtdebroeks-trne-v-nejistote\/\" class=\"image-holder\" target=\"_self\"><img decoding=\"async\" loading=\"lazy\" class=\"\" src=\"https:\/\/d2p6e6u75xmxt8.cloudfront.net\/13\/2023\/12\/profimedia-0805741649-1024x683.webp\" srcset=\"https:\/\/d2p6e6u75xmxt8.cloudfront.net\/13\/2023\/12\/profimedia-0805741649.webp 1800w, https:\/\/d2p6e6u75xmxt8.cloudfront.net\/13\/2023\/12\/profimedia-0805741649-300x200.webp 300w, https:\/\/d2p6e6u75xmxt8.cloudfront.net\/13\/2023\/12\/profimedia-0805741649-1024x683.webp 1024w, https:\/\/d2p6e6u75xmxt8.cloudfront.net\/13\/2023\/12\/profimedia-0805741649-768x512.webp 768w, https:\/\/d2p6e6u75xmxt8.cloudfront.net\/13\/2023\/12\/profimedia-0805741649-1536x1024.webp 1536w, https:\/\/d2p6e6u75xmxt8.cloudfront.net\/13\/2023\/12\/profimedia-0805741649-400x267.webp 400w, https:\/\/d2p6e6u75xmxt8.cloudfront.net\/13\/2023\/12\/profimedia-0805741649-272x182.webp 272w\" width=\"1024\" height=\"683\" sizes=\"auto, (min-width: 1200px) 300px, (min-width: 768px) 25vw, 100vw\" alt=\"milionove-odstupne-ci-statisicove-pokuty-cian-uijtdebroeks-trne-v-nejistote\"\/><\/a><\/div>    <div class=\"entry-meta\">\n        <a class=\"label label-secondary post-category\" href=\"https:\/\/www.welovecycling.com\/cs\/category\/silnicni-cyklistika\/\" title=\"Silni\u010dn\u00ed cyklistika\">Silni\u010dn\u00ed cyklistika<\/a>\n    <\/div>\n    <div class=\"entry-details\">\n        <a href=\"https:\/\/www.welovecycling.com\/cs\/2023\/12\/14\/milionove-odstupne-ci-statisicove-pokuty-cian-uijtdebroeks-trne-v-nejistote\/\" class='entry-title-wrapper'>\n            <h3 class=\"entry-title\"><span>Milionov\u00e9 odstupn\u00e9 \u010di ob\u0159\u00ed pokuty! Jumbo nelov\u00ed cyklistu pod smlouvou poprv\u00e9.  \u0160ikanovan\u00fd Cian Uijtdebroeks trne v nejistot\u011b<\/span><\/h3>\n        <\/a>\n    <\/div>\n    <\/article>\n<\/div>\n<p>&#8222;M\u00fdm jednozna\u010dn\u00fdm c\u00edlem je triumfovat v budoucnosti na Grand Tour. Prim\u00e1rn\u00ed c\u00edl pro leto\u0161n\u00ed rok je vyhr\u00e1vat men\u0161\u00ed z\u00e1vody, abych se nau\u010dil v\u00edt\u011bzit,&#8220; vytkl si jasn\u00fd c\u00edl. Jen\u017ee trable se z\u00e1hy p\u0159ihl\u00e1sily znovu. Na ja\u0159e nedokon\u010dil etapov\u00fd z\u00e1vod Tirreno-Adriatico, pak po t\u0159ech mal\u00fdch jednor\u00e1zovk\u00e1ch ve Francii rad\u011bji zru\u0161il z\u00e1vodn\u00ed program. T\u0159i m\u011bs\u00edce se v\u011bnoval jen fyzioterapii a tr\u00e9ninku.<\/p>\n<h2><strong>Cian Uijtdebroeks utnul rok a p\u016fl trvaj\u00edc\u00ed tr\u00e1pen\u00ed<\/strong><\/h2>\n<p>A na za\u010d\u00e1tku srpna se vr\u00e1til velkolep\u00fdm stylem. Po roce a p\u016fl tr\u00e1pen\u00ed vypln\u011bn\u00e9m beznad\u011bj\u00ed. Na startu z\u00e1v\u011bre\u010dn\u00e9 etapy Tour de l&#8217;Ain ztr\u00e1cel dv\u011b sekundy na dom\u00e1c\u00edho Nicola Prodhomma z Decathlon AG2R La Mondiale. Ale p\u0159edvedl dechberouc\u00ed \u00fatok. P\u0159i v\u00fdstupu na Col du Grand Colombier vyrazil deset kilometr\u016f p\u0159ed vrcholem, pades\u00e1t p\u0159ed c\u00edlem cel\u00e9ho d\u011bjstv\u00ed. U\u017e p\u0159i zdol\u00e1n\u00ed horsk\u00e9 pr\u00e9mie mimo\u0159\u00e1dn\u00e9 kategorie m\u011bl k dobru minutu a p\u016fl. Na dal\u0161\u00edch kilometrech do c\u00edle najel je\u0161t\u011b devades\u00e1t sekund. Suver\u00e9nn\u011b vyhr\u00e1l etapu i cel\u00fd z\u00e1vod!<\/p>\n<p><a href=\"https:\/\/d2p6e6u75xmxt8.cloudfront.net\/13\/2025\/08\/profimedia-0903257537.webp\"><img loading=\"lazy\" decoding=\"async\" class=\"alignnone size-extra-large wp-image-30569\" src=\"https:\/\/d2p6e6u75xmxt8.cloudfront.net\/13\/2025\/08\/profimedia-0903257537.webp\" alt=\"\" width=\"1800\" height=\"1200\" srcset=\"https:\/\/d2p6e6u75xmxt8.cloudfront.net\/13\/2025\/08\/profimedia-0903257537.webp 1800w, https:\/\/d2p6e6u75xmxt8.cloudfront.net\/13\/2025\/08\/profimedia-0903257537-300x200.webp 300w, https:\/\/d2p6e6u75xmxt8.cloudfront.net\/13\/2025\/08\/profimedia-0903257537-1024x683.webp 1024w, https:\/\/d2p6e6u75xmxt8.cloudfront.net\/13\/2025\/08\/profimedia-0903257537-768x512.webp 768w, https:\/\/d2p6e6u75xmxt8.cloudfront.net\/13\/2025\/08\/profimedia-0903257537-1536x1024.webp 1536w, https:\/\/d2p6e6u75xmxt8.cloudfront.net\/13\/2025\/08\/profimedia-0903257537-400x267.webp 400w, https:\/\/d2p6e6u75xmxt8.cloudfront.net\/13\/2025\/08\/profimedia-0903257537-272x182.webp 272w\" sizes=\"auto, (max-width: 1800px) 100vw, 1800px\" \/><\/a><\/p>\n<p>&#8222;Posledn\u00edch n\u011bkolik m\u011bs\u00edc\u016f bylo velmi t\u011b\u017ek\u00fdch, tak\u017ee je fantastick\u00e9 se vr\u00e1tit t\u00edmto zp\u016fsobem,&#8220; radoval se Cian Uijtdebroeks. &#8222;Byl to sen vyhr\u00e1t letos z\u00e1vod. Nyn\u00ed jsem tohoto c\u00edle dos\u00e1hl. P\u0159edev\u0161\u00edm jsem se cht\u011bl nau\u010dit, jak vyhr\u00e1vat, co\u017e se mi poda\u0159ilo,&#8220; usm\u00edval se s v\u011bdom\u00edm prvn\u00edho profesion\u00e1ln\u00edho v\u00edt\u011bzstv\u00ed kari\u00e9ry.<\/p>\n<p>Nyn\u00ed se klenot sestavy Visma Leaase a Bike p\u0159edstav\u00ed na \u010desk\u00fdch silnic\u00edch p\u0159i Czech Tour 2025. M\u00e1 j\u00edt o dal\u0161\u00ed cestu, na jej\u00edm\u017e konci bude <a href=\"https:\/\/www.welovecycling.com\/cs\/2023\/12\/14\/milionove-odstupne-ci-statisicove-pokuty-cian-uijtdebroeks-trne-v-nejistote\/\">Cian Uijtdebroeks<\/a> v\u00edt\u011bzem n\u011bkter\u00e9 z Grand Tour.<\/p>\n","protected":false},"excerpt":{"rendered":"<p>M\u011blo j\u00edt o vysvobozen\u00ed, kter\u00e9 mu d\u00e1 k\u0159\u00eddla. A\u010d m\u011bl platn\u00fd kontrakt, podepsal smlouvu u konkurence. V\u0161e zd\u016fvodnil \u0161ikanou. Cian [&hellip;]<\/p>\n","protected":false},"author":138,"featured_media":30568,"comment_status":"open","ping_status":"open","sticky":false,"template":"","format":"standard","meta":{"footnotes":""},"categories":[10],"tags":[3343,126,4185,500,9,4330,3590],"global-categories":[411],"class_list":["post-30566","post","type-post","status-publish","format-standard","has-post-thumbnail","hentry","category-silnicni-cyklistika","tag-cian-uijtdebroeks","tag-cyklistika","tag-czech-tour-2025","tag-la-vuelta","tag-silnicni-cyklistika","tag-tour-de-lain","tag-zdravotni-problemy","global-categories-cycling"],"yoast_head":"<!-- This site is optimized with the Yoast SEO Premium plugin v25.3 (Yoast SEO v25.9) - https:\/\/yoast.com\/wordpress\/plugins\/seo\/ -->\n<title>Ob\u011b\u0165 \u0161ikany oslavila prvn\u00ed profi v\u00edt\u011bzstv\u00ed! A pojede v \u010cesku | \u0160koda We Love Cycling - \u010cesk\u00e1 republika<\/title>\n<meta name=\"description\" content=\"M\u011blo j\u00edt o vysvobozen\u00ed, kter\u00e9 mu d\u00e1 k\u0159\u00eddla. A\u010d m\u011bl platn\u00fd kontrakt, podepsal smlouvu u konkurence. V\u0161e zd\u016fvodnil \u0161ikanou. Cian Uijtdebroeks bral odchod z tehdej\u0161\u00ed formace Bora-hansgrohe k nizozemsk\u00e9 sestav\u011b Visma Leasea a Bike jako nov\u00fd za\u010d\u00e1tek. Ale rok a p\u016fl ze \u010dty\u0159let\u00e9 smlouvy si sp\u00ed\u0161e protrp\u011bl.\" \/>\n<meta name=\"robots\" content=\"index, follow, max-snippet:-1, max-image-preview:large, max-video-preview:-1\" \/>\n<link rel=\"canonical\" href=\"https:\/\/www.welovecycling.com\/cs\/2025\/08\/12\/obet-sikany-oslavila-prvni-profi-vitezi-a-pojede-v-cesku\/\" \/>\n<meta property=\"og:locale\" content=\"cs_CZ\" \/>\n<meta property=\"og:type\" content=\"article\" \/>\n<meta property=\"og:title\" content=\"Ob\u011b\u0165 \u0161ikany oslavila prvn\u00ed profi v\u00edt\u011bzstv\u00ed! A pojede v \u010cesku\" \/>\n<meta property=\"og:description\" content=\"M\u011blo j\u00edt o vysvobozen\u00ed, kter\u00e9 mu d\u00e1 k\u0159\u00eddla. A\u010d m\u011bl platn\u00fd kontrakt, podepsal smlouvu u konkurence. V\u0161e zd\u016fvodnil \u0161ikanou. Cian Uijtdebroeks bral odchod z tehdej\u0161\u00ed formace Bora-hansgrohe k nizozemsk\u00e9 sestav\u011b Visma Leasea a Bike jako nov\u00fd za\u010d\u00e1tek. Ale rok a p\u016fl ze \u010dty\u0159let\u00e9 smlouvy si sp\u00ed\u0161e protrp\u011bl.\" \/>\n<meta property=\"og:url\" content=\"https:\/\/www.welovecycling.com\/cs\/2025\/08\/12\/obet-sikany-oslavila-prvni-profi-vitezi-a-pojede-v-cesku\/\" \/>\n<meta property=\"og:site_name\" content=\"\u0160koda We Love Cycling - \u010cesk\u00e1 republika\" \/>\n<meta property=\"article:published_time\" content=\"2025-08-12T08:44:49+00:00\" \/>\n<meta property=\"article:modified_time\" content=\"2025-08-12T10:12:35+00:00\" \/>\n<meta property=\"og:image\" content=\"https:\/\/d2p6e6u75xmxt8.cloudfront.net\/13\/2025\/08\/profimedia-1027337697.webp\" \/>\n\t<meta property=\"og:image:width\" content=\"1800\" \/>\n\t<meta property=\"og:image:height\" content=\"1199\" \/>\n\t<meta property=\"og:image:type\" content=\"image\/webp\" \/>\n<meta name=\"author\" content=\"radekmalina\" \/>\n<meta name=\"twitter:card\" content=\"summary_large_image\" \/>\n<meta name=\"twitter:label1\" content=\"Written by\" \/>\n\t<meta name=\"twitter:data1\" content=\"Radek Malina\" \/>\n\t<meta name=\"twitter:label2\" content=\"Est. reading time\" \/>\n\t<meta name=\"twitter:data2\" content=\"6\" \/>\n<script type=\"application\/ld+json\" class=\"yoast-schema-graph\">{\"@context\":\"https:\/\/schema.org\",\"@graph\":[{\"@type\":\"WebPage\",\"@id\":\"https:\/\/www.welovecycling.com\/cs\/2025\/08\/12\/obet-sikany-oslavila-prvni-profi-vitezi-a-pojede-v-cesku\/\",\"url\":\"https:\/\/www.welovecycling.com\/cs\/2025\/08\/12\/obet-sikany-oslavila-prvni-profi-vitezi-a-pojede-v-cesku\/\",\"name\":\"Ob\u011b\u0165 \u0161ikany oslavila prvn\u00ed profi v\u00edt\u011bzstv\u00ed! A pojede v \u010cesku | \u0160koda We Love Cycling - \u010cesk\u00e1 republika\",\"isPartOf\":{\"@id\":\"https:\/\/www.welovecycling.com\/cs\/#website\"},\"primaryImageOfPage\":{\"@id\":\"https:\/\/www.welovecycling.com\/cs\/2025\/08\/12\/obet-sikany-oslavila-prvni-profi-vitezi-a-pojede-v-cesku\/#primaryimage\"},\"image\":{\"@id\":\"https:\/\/www.welovecycling.com\/cs\/2025\/08\/12\/obet-sikany-oslavila-prvni-profi-vitezi-a-pojede-v-cesku\/#primaryimage\"},\"thumbnailUrl\":\"https:\/\/d2p6e6u75xmxt8.cloudfront.net\/13\/2025\/08\/profimedia-1027337697.webp\",\"datePublished\":\"2025-08-12T08:44:49+00:00\",\"dateModified\":\"2025-08-12T10:12:35+00:00\",\"author\":{\"@id\":\"https:\/\/www.welovecycling.com\/cs\/#\/schema\/person\/d9eeb0a378f3a7e4a6d12d2b536b04b8\"},\"description\":\"M\u011blo j\u00edt o vysvobozen\u00ed, kter\u00e9 mu d\u00e1 k\u0159\u00eddla. A\u010d m\u011bl platn\u00fd kontrakt, podepsal smlouvu u konkurence. V\u0161e zd\u016fvodnil \u0161ikanou. Cian Uijtdebroeks bral odchod z tehdej\u0161\u00ed formace Bora-hansgrohe k nizozemsk\u00e9 sestav\u011b Visma Leasea a Bike jako nov\u00fd za\u010d\u00e1tek. Ale rok a p\u016fl ze \u010dty\u0159let\u00e9 smlouvy si sp\u00ed\u0161e protrp\u011bl.\",\"inLanguage\":\"cs\",\"potentialAction\":[{\"@type\":\"ReadAction\",\"target\":[\"https:\/\/www.welovecycling.com\/cs\/2025\/08\/12\/obet-sikany-oslavila-prvni-profi-vitezi-a-pojede-v-cesku\/\"]}]},{\"@type\":\"ImageObject\",\"inLanguage\":\"cs\",\"@id\":\"https:\/\/www.welovecycling.com\/cs\/2025\/08\/12\/obet-sikany-oslavila-prvni-profi-vitezi-a-pojede-v-cesku\/#primaryimage\",\"url\":\"https:\/\/d2p6e6u75xmxt8.cloudfront.net\/13\/2025\/08\/profimedia-1027337697.webp\",\"contentUrl\":\"https:\/\/d2p6e6u75xmxt8.cloudfront.net\/13\/2025\/08\/profimedia-1027337697.webp\",\"width\":1800,\"height\":1199,\"caption\":\"Cian Uijtdebroeks p\u0159i z\u00e1vod\u011b San Sebastian. P\u0159estupy\"},{\"@type\":\"WebSite\",\"@id\":\"https:\/\/www.welovecycling.com\/cs\/#website\",\"url\":\"https:\/\/www.welovecycling.com\/cs\/\",\"name\":\"\u0160koda We Love Cycling - \u010cesk\u00e1 republika\",\"description\":\"WeLoveCycling.cz je online magaz\u00edn, kter\u00fd v\u00e1m pravideln\u011b p\u0159in\u00e1\u0161\u00ed rady a tipy, zaj\u00edmav\u00e9 \u010dl\u00e1nky, videa a jedine\u010dn\u00e9 report\u00e1\u017ee ze sv\u011bta cyklistiky.\",\"potentialAction\":[{\"@type\":\"SearchAction\",\"target\":{\"@type\":\"EntryPoint\",\"urlTemplate\":\"https:\/\/www.welovecycling.com\/cs\/?s={search_term_string}\"},\"query-input\":{\"@type\":\"PropertyValueSpecification\",\"valueRequired\":true,\"valueName\":\"search_term_string\"}}],\"inLanguage\":\"cs\"},{\"@type\":\"Person\",\"@id\":\"https:\/\/www.welovecycling.com\/cs\/#\/schema\/person\/d9eeb0a378f3a7e4a6d12d2b536b04b8\",\"name\":\"radekmalina\",\"image\":{\"@type\":\"ImageObject\",\"inLanguage\":\"cs\",\"@id\":\"https:\/\/www.welovecycling.com\/cs\/#\/schema\/person\/image\/\",\"url\":\"https:\/\/secure.gravatar.com\/avatar\/66994b632cb8c39a46b9f54afa3ae07201b678d32a54275b6f1c9ffec356bfc0?s=96&d=mm&r=g\",\"contentUrl\":\"https:\/\/secure.gravatar.com\/avatar\/66994b632cb8c39a46b9f54afa3ae07201b678d32a54275b6f1c9ffec356bfc0?s=96&d=mm&r=g\",\"caption\":\"radekmalina\"},\"url\":\"https:\/\/www.welovecycling.com\/cs\/author\/radekmalina\/\"}]}<\/script>\n<!-- \/ Yoast SEO Premium plugin. -->","yoast_head_json":{"title":"Ob\u011b\u0165 \u0161ikany oslavila prvn\u00ed profi v\u00edt\u011bzstv\u00ed! A pojede v \u010cesku | \u0160koda We Love Cycling - \u010cesk\u00e1 republika","description":"M\u011blo j\u00edt o vysvobozen\u00ed, kter\u00e9 mu d\u00e1 k\u0159\u00eddla. A\u010d m\u011bl platn\u00fd kontrakt, podepsal smlouvu u konkurence. V\u0161e zd\u016fvodnil \u0161ikanou. Cian Uijtdebroeks bral odchod z tehdej\u0161\u00ed formace Bora-hansgrohe k nizozemsk\u00e9 sestav\u011b Visma Leasea a Bike jako nov\u00fd za\u010d\u00e1tek. Ale rok a p\u016fl ze \u010dty\u0159let\u00e9 smlouvy si sp\u00ed\u0161e protrp\u011bl.","robots":{"index":"index","follow":"follow","max-snippet":"max-snippet:-1","max-image-preview":"max-image-preview:large","max-video-preview":"max-video-preview:-1"},"canonical":"https:\/\/www.welovecycling.com\/cs\/2025\/08\/12\/obet-sikany-oslavila-prvni-profi-vitezi-a-pojede-v-cesku\/","og_locale":"cs_CZ","og_type":"article","og_title":"Ob\u011b\u0165 \u0161ikany oslavila prvn\u00ed profi v\u00edt\u011bzstv\u00ed! A pojede v \u010cesku","og_description":"M\u011blo j\u00edt o vysvobozen\u00ed, kter\u00e9 mu d\u00e1 k\u0159\u00eddla. A\u010d m\u011bl platn\u00fd kontrakt, podepsal smlouvu u konkurence. V\u0161e zd\u016fvodnil \u0161ikanou. Cian Uijtdebroeks bral odchod z tehdej\u0161\u00ed formace Bora-hansgrohe k nizozemsk\u00e9 sestav\u011b Visma Leasea a Bike jako nov\u00fd za\u010d\u00e1tek. Ale rok a p\u016fl ze \u010dty\u0159let\u00e9 smlouvy si sp\u00ed\u0161e protrp\u011bl.","og_url":"https:\/\/www.welovecycling.com\/cs\/2025\/08\/12\/obet-sikany-oslavila-prvni-profi-vitezi-a-pojede-v-cesku\/","og_site_name":"\u0160koda We Love Cycling - \u010cesk\u00e1 republika","article_published_time":"2025-08-12T08:44:49+00:00","article_modified_time":"2025-08-12T10:12:35+00:00","og_image":[{"width":1800,"height":1199,"url":"https:\/\/d2p6e6u75xmxt8.cloudfront.net\/13\/2025\/08\/profimedia-1027337697.webp","type":"image\/webp"}],"author":"radekmalina","twitter_card":"summary_large_image","twitter_misc":{"Written by":"Radek Malina","Est. reading time":"6"},"schema":{"@context":"https:\/\/schema.org","@graph":[{"@type":"WebPage","@id":"https:\/\/www.welovecycling.com\/cs\/2025\/08\/12\/obet-sikany-oslavila-prvni-profi-vitezi-a-pojede-v-cesku\/","url":"https:\/\/www.welovecycling.com\/cs\/2025\/08\/12\/obet-sikany-oslavila-prvni-profi-vitezi-a-pojede-v-cesku\/","name":"Ob\u011b\u0165 \u0161ikany oslavila prvn\u00ed profi v\u00edt\u011bzstv\u00ed! A pojede v \u010cesku | \u0160koda We Love Cycling - \u010cesk\u00e1 republika","isPartOf":{"@id":"https:\/\/www.welovecycling.com\/cs\/#website"},"primaryImageOfPage":{"@id":"https:\/\/www.welovecycling.com\/cs\/2025\/08\/12\/obet-sikany-oslavila-prvni-profi-vitezi-a-pojede-v-cesku\/#primaryimage"},"image":{"@id":"https:\/\/www.welovecycling.com\/cs\/2025\/08\/12\/obet-sikany-oslavila-prvni-profi-vitezi-a-pojede-v-cesku\/#primaryimage"},"thumbnailUrl":"https:\/\/d2p6e6u75xmxt8.cloudfront.net\/13\/2025\/08\/profimedia-1027337697.webp","datePublished":"2025-08-12T08:44:49+00:00","dateModified":"2025-08-12T10:12:35+00:00","author":{"@id":"https:\/\/www.welovecycling.com\/cs\/#\/schema\/person\/d9eeb0a378f3a7e4a6d12d2b536b04b8"},"description":"M\u011blo j\u00edt o vysvobozen\u00ed, kter\u00e9 mu d\u00e1 k\u0159\u00eddla. A\u010d m\u011bl platn\u00fd kontrakt, podepsal smlouvu u konkurence. V\u0161e zd\u016fvodnil \u0161ikanou. Cian Uijtdebroeks bral odchod z tehdej\u0161\u00ed formace Bora-hansgrohe k nizozemsk\u00e9 sestav\u011b Visma Leasea a Bike jako nov\u00fd za\u010d\u00e1tek. Ale rok a p\u016fl ze \u010dty\u0159let\u00e9 smlouvy si sp\u00ed\u0161e protrp\u011bl.","inLanguage":"cs","potentialAction":[{"@type":"ReadAction","target":["https:\/\/www.welovecycling.com\/cs\/2025\/08\/12\/obet-sikany-oslavila-prvni-profi-vitezi-a-pojede-v-cesku\/"]}]},{"@type":"ImageObject","inLanguage":"cs","@id":"https:\/\/www.welovecycling.com\/cs\/2025\/08\/12\/obet-sikany-oslavila-prvni-profi-vitezi-a-pojede-v-cesku\/#primaryimage","url":"https:\/\/d2p6e6u75xmxt8.cloudfront.net\/13\/2025\/08\/profimedia-1027337697.webp","contentUrl":"https:\/\/d2p6e6u75xmxt8.cloudfront.net\/13\/2025\/08\/profimedia-1027337697.webp","width":1800,"height":1199,"caption":"Cian Uijtdebroeks p\u0159i z\u00e1vod\u011b San Sebastian. P\u0159estupy"},{"@type":"WebSite","@id":"https:\/\/www.welovecycling.com\/cs\/#website","url":"https:\/\/www.welovecycling.com\/cs\/","name":"\u0160koda We Love Cycling - \u010cesk\u00e1 republika","description":"WeLoveCycling.cz je online magaz\u00edn, kter\u00fd v\u00e1m pravideln\u011b p\u0159in\u00e1\u0161\u00ed rady a tipy, zaj\u00edmav\u00e9 \u010dl\u00e1nky, videa a jedine\u010dn\u00e9 report\u00e1\u017ee ze sv\u011bta cyklistiky.","potentialAction":[{"@type":"SearchAction","target":{"@type":"EntryPoint","urlTemplate":"https:\/\/www.welovecycling.com\/cs\/?s={search_term_string}"},"query-input":{"@type":"PropertyValueSpecification","valueRequired":true,"valueName":"search_term_string"}}],"inLanguage":"cs"},{"@type":"Person","@id":"https:\/\/www.welovecycling.com\/cs\/#\/schema\/person\/d9eeb0a378f3a7e4a6d12d2b536b04b8","name":"radekmalina","image":{"@type":"ImageObject","inLanguage":"cs","@id":"https:\/\/www.welovecycling.com\/cs\/#\/schema\/person\/image\/","url":"https:\/\/secure.gravatar.com\/avatar\/66994b632cb8c39a46b9f54afa3ae07201b678d32a54275b6f1c9ffec356bfc0?s=96&d=mm&r=g","contentUrl":"https:\/\/secure.gravatar.com\/avatar\/66994b632cb8c39a46b9f54afa3ae07201b678d32a54275b6f1c9ffec356bfc0?s=96&d=mm&r=g","caption":"radekmalina"},"url":"https:\/\/www.welovecycling.com\/cs\/author\/radekmalina\/"}]}},"_links":{"self":[{"href":"https:\/\/www.welovecycling.com\/cs\/wp-json\/wp\/v2\/posts\/30566","targetHints":{"allow":["GET"]}}],"collection":[{"href":"https:\/\/www.welovecycling.com\/cs\/wp-json\/wp\/v2\/posts"}],"about":[{"href":"https:\/\/www.welovecycling.com\/cs\/wp-json\/wp\/v2\/types\/post"}],"author":[{"embeddable":true,"href":"https:\/\/www.welovecycling.com\/cs\/wp-json\/wp\/v2\/users\/138"}],"replies":[{"embeddable":true,"href":"https:\/\/www.welovecycling.com\/cs\/wp-json\/wp\/v2\/comments?post=30566"}],"version-history":[{"count":4,"href":"https:\/\/www.welovecycling.com\/cs\/wp-json\/wp\/v2\/posts\/30566\/revisions"}],"predecessor-version":[{"id":30571,"href":"https:\/\/www.welovecycling.com\/cs\/wp-json\/wp\/v2\/posts\/30566\/revisions\/30571"}],"wp:featuredmedia":[{"embeddable":true,"href":"https:\/\/www.welovecycling.com\/cs\/wp-json\/wp\/v2\/media\/30568"}],"wp:attachment":[{"href":"https:\/\/www.welovecycling.com\/cs\/wp-json\/wp\/v2\/media?parent=30566"}],"wp:term":[{"taxonomy":"category","embeddable":true,"href":"https:\/\/www.welovecycling.com\/cs\/wp-json\/wp\/v2\/categories?post=30566"},{"taxonomy":"post_tag","embeddable":true,"href":"https:\/\/www.welovecycling.com\/cs\/wp-json\/wp\/v2\/tags?post=30566"},{"taxonomy":"global-categories","embeddable":true,"href":"https:\/\/www.welovecycling.com\/cs\/wp-json\/wp\/v2\/global-categories?post=30566"}],"curies":[{"name":"wp","href":"https:\/\/api.w.org\/{rel}","templated":true}]}}