{"id":30513,"date":"2025-08-11T10:01:37","date_gmt":"2025-08-11T08:01:37","guid":{"rendered":"https:\/\/www.welovecycling.com\/cs\/?p=30513"},"modified":"2025-08-11T08:53:43","modified_gmt":"2025-08-11T06:53:43","slug":"mathias-vacek-dostal-vyjimecnou-smlouvu","status":"publish","type":"post","link":"https:\/\/www.welovecycling.com\/cs\/2025\/08\/11\/mathias-vacek-dostal-vyjimecnou-smlouvu\/","title":{"rendered":"Mathias Vacek podepsal v\u00fdjime\u010dnou smlouvu"},"content":{"rendered":"<p><strong>V\u00fdjime\u010dn\u00fd kontrakt podepsal \u00fa\u0159aduj\u00edc\u00ed \u010desk\u00fd cyklistick\u00fd \u0161ampion v \u010dasovce i v hromadn\u00e9m z\u00e1vod\u011b. Mathias Vacek bude obl\u00e9kat dres t\u00fdmu Lidl-Trek a\u017e do konce roku 2029. S americkou sestavou prodlou\u017eil smlouvu o \u010dty\u0159i sezony.<\/strong><\/p>\n<p>\u201ePro p\u0159\u00ed\u0161t\u00ed roky m\u00e1m rozhodn\u011b velk\u00e9 ambice. Samoz\u0159ejm\u011b by bylo hezk\u00e9 v budoucnu z\u00e1vodit na Tour de France, mo\u017en\u00e1 u\u017e p\u0159\u00ed\u0161t\u00ed rok. R\u00e1d bych na Tour de France vyhr\u00e1l etapu. V\u00edm, \u017ee je to velk\u00fd \u00fakol, ale jsem opravdu motivovan\u00fd a t\u011b\u0161\u00edm se na tvrdou pr\u00e1ci, abych dos\u00e1hl co nejlep\u0161\u00edch v\u00fdsledk\u016f. B\u00edl\u00fd dres jsem u\u017e nosil na Vuelt\u011b a Giru, te\u010f by bylo hezk\u00e9 ho obl\u00e9knout i na Tour de France,&#8220; komentoval prodlou\u017een\u00ed kontraktu Mathias Vacek, t\u0159iadvacetilet\u00fd \u010desk\u00fd reprezentant.<\/p>\n<p>\u201eMathias m\u00e1 v\u0161echny p\u0159edpoklady st\u00e1t se velk\u00fdm \u0161ampionem,\u201c \u0159ekl Luca Guercilena, gener\u00e1ln\u00ed \u0159editel formace Lidl-Trek. \u201eJeho pracovn\u00ed mor\u00e1lka, zp\u016fsob, jak\u00fdm se u\u010d\u00ed od lid\u00ed kolem sebe, a tak\u00e9 to, jak se chov\u00e1 ke sv\u00fdm spoluhr\u00e1\u010d\u016fm a zam\u011bstnanc\u016fm, hodn\u011b vypov\u00edd\u00e1 o jeho charakteru. V\u011b\u0159\u00edm, \u017ee tyto vlastnosti v kombinaci s jeho fyzick\u00fdmi schopnostmi ho dovedou velmi daleko. Jeho ned\u00e1vn\u00e9 v\u00fdkony, zejm\u00e9na v posledn\u00edch dvou letech, ukazuj\u00ed, \u017ee je na pokraji velk\u00fdch v\u00edt\u011bzstv\u00ed. T\u011b\u0161\u00edme se, a\u017e v p\u0159\u00ed\u0161t\u00edch \u010dty\u0159ech letech objev\u00edme jeho pln\u00fd potenci\u00e1l.\u201c<\/p>\n<h2><strong>Mathias Vacek se za\u0159adil po bok Vingegaarda, Pedersena \u010di Poga\u010dara<\/strong><\/h2>\n<p>\u010cty\u0159let\u00fd kontrakt dokumentuje, jak v\u00fdjime\u010dn\u011b postaven\u00ed si Mathias Vacek z\u00edskal v americk\u00e9 formaci. Dlouhodob\u00e9 smlouvy dost\u00e1vaj\u00ed nejv\u011bt\u0161\u00ed hv\u011bzdy t\u00fdm\u016f jako t\u0159eba Jonas Vingegaard (Visma Lease a Bike, 2028), Isaac del Toro z (UAE Emiratex XRG, 2029), Jan Christen (UAE Emirates XRG, 2030), Tadej Poga\u010dar (UAE Emiratex XRG, 2030). N\u011bkte\u0159\u00ed z nejlep\u0161\u00edch z\u00e1vodn\u00edk\u016f pak podepisuj\u00ed do\u017eivotn\u00ed kontrakty jako t\u0159eba Mads Pedersen (Lidl Trek), Wout van Aert (Wisma Lease a Bike).<\/p>\n<figure id=\"attachment_29106\" aria-describedby=\"caption-attachment-29106\" style=\"width: 1800px\" class=\"wp-caption alignnone\"><a href=\"https:\/\/d2p6e6u75xmxt8.cloudfront.net\/13\/2025\/05\/profimedia-0988778927.webp\"><img loading=\"lazy\" decoding=\"async\" class=\"size-full wp-image-29106\" src=\"https:\/\/d2p6e6u75xmxt8.cloudfront.net\/13\/2025\/05\/profimedia-0988778927.webp\" alt=\"\" width=\"1800\" height=\"1199\" srcset=\"https:\/\/d2p6e6u75xmxt8.cloudfront.net\/13\/2025\/05\/profimedia-0988778927.webp 1800w, https:\/\/d2p6e6u75xmxt8.cloudfront.net\/13\/2025\/05\/profimedia-0988778927-300x200.webp 300w, https:\/\/d2p6e6u75xmxt8.cloudfront.net\/13\/2025\/05\/profimedia-0988778927-1024x682.webp 1024w, https:\/\/d2p6e6u75xmxt8.cloudfront.net\/13\/2025\/05\/profimedia-0988778927-768x512.webp 768w, https:\/\/d2p6e6u75xmxt8.cloudfront.net\/13\/2025\/05\/profimedia-0988778927-1536x1023.webp 1536w, https:\/\/d2p6e6u75xmxt8.cloudfront.net\/13\/2025\/05\/profimedia-0988778927-400x266.webp 400w, https:\/\/d2p6e6u75xmxt8.cloudfront.net\/13\/2025\/05\/profimedia-0988778927-272x182.webp 272w\" sizes=\"auto, (max-width: 1800px) 100vw, 1800px\" \/><\/a><figcaption id=\"caption-attachment-29106\" class=\"wp-caption-text\"><em>Mathias Vacek po p\u00e1du p\u0159i Pa\u0159\u00ed\u017e-Roubaix 2025.<\/em><\/figcaption><\/figure>\n<p>\u201eJsem si jist\u00fd, \u017ee dal\u0161\u00ed roky budou opravdu dobr\u00e9. Klasiky pat\u0159\u00ed k m\u00fdm nejobl\u00edben\u011bj\u0161\u00edm z\u00e1vod\u016fm a tam chci b\u00fdt tak\u00e9 opravdu dobr\u00fd. V\u00edm, \u017ee v sob\u011b m\u00e1m s\u00edlu, a te\u010f mus\u00edm je\u0161t\u011b z\u00edskat zku\u0161enost. Nau\u010dit se b\u00fdt l\u00eddrem a zapojit se do hry velk\u00fdch hr\u00e1\u010d\u016f. Jsem bl\u00edzko a v\u00edm, \u017ee kdy\u017e budu dob\u0159e pracovat a z\u016fstanu soust\u0159ed\u011bn\u00fd, tak to p\u0159ijde,&#8220; nazna\u010dil nejvy\u0161\u0161\u00ed ambice Mathias Vacek.<\/p>\n<p>Vstoupil na sc\u00e9nu nejvy\u0161\u0161\u00ed cyklistiky v It\u00e1lii, kde v letech 2019 a 2020 obl\u00e9kal trikot t\u00fdmu F.lli Giorgi ASD, n\u00e1sledn\u011b p\u0159e\u0161el do sestavy Gazprom RusVelo a od srpna 2022 pat\u0159\u00ed k formaci Trek Segafredo, respektive Lidl-Trek.<\/p>\n<h2><strong>Nedok\u00e1zal si p\u0159edstavit, jak\u00fd ud\u011bl\u00e1 skok<\/strong><\/h2>\n<p>Na ja\u0159e 2022 vyhr\u00e1l etapu na UAE Tour, letos slavil etapov\u00e9 v\u00edt\u011bzstv\u00ed na Tour de Wallonie. Vozil b\u00edl\u00fd trikot na \u0161pan\u011blsk\u00e9 Vuelt\u011b 2024, kde byl dvakr\u00e1t v etap\u011b druh\u00fd, a nejlep\u0161\u00edm mlad\u00fdm z\u00e1vodn\u00edkem byl n\u011bkolik dn\u016f i p\u0159i leto\u0161n\u00edm Giru. Je dvojn\u00e1sobn\u00fdm \u010desk\u00fdm \u0161ampionem v \u010dasovce (2024, 2025) a dvojn\u00e1sobn\u00fdm \u010desk\u00fdm \u0161ampionem v hromadn\u00e9m z\u00e1vod\u011b (2023, 2025).<\/p>\n<div class=\"shortcode-ys-post-pinup\"><article class=\"loop-simple post-30497 post type-post status-publish format-standard has-post-thumbnail hentry category-silnicni-cyklistika tag-cyklistika tag-kolem-polska tag-lidl-trek tag-markel-irizar tag-mathias-vacek tag-silnicni-cyklistika global-categories-cycling\" data-postid=\"30497\" role=\"article\" data-post-id=\"30497\" data-word-count=\"896\" data-headline-length=\"56\" data-category=\"Silni\u010dn\u00ed cyklistika\" data-global-category=\"Cycling\" data-author=\"We Love Cycling\" data-published=\"2025-08-08T07:36:10+02:00\" data-published-day=\"Friday\">\n    <div class=\"entry-thumbnail article-thumbnail\" content=\"https:\/\/d2p6e6u75xmxt8.cloudfront.net\/13\/2025\/08\/profimedia-1027838061-150x150.webp\"><a href=\"https:\/\/www.welovecycling.com\/cs\/2025\/08\/08\/mathias-vacek-udelam-z-nej-viteze-slibuje-trener\/\" class=\"image-holder\" target=\"_self\"><img decoding=\"async\" loading=\"lazy\" class=\"\" src=\"https:\/\/d2p6e6u75xmxt8.cloudfront.net\/13\/2025\/08\/profimedia-1027838061-1024x683.webp\" srcset=\"https:\/\/d2p6e6u75xmxt8.cloudfront.net\/13\/2025\/08\/profimedia-1027838061.webp 1800w, https:\/\/d2p6e6u75xmxt8.cloudfront.net\/13\/2025\/08\/profimedia-1027838061-300x200.webp 300w, https:\/\/d2p6e6u75xmxt8.cloudfront.net\/13\/2025\/08\/profimedia-1027838061-1024x683.webp 1024w, https:\/\/d2p6e6u75xmxt8.cloudfront.net\/13\/2025\/08\/profimedia-1027838061-768x512.webp 768w, https:\/\/d2p6e6u75xmxt8.cloudfront.net\/13\/2025\/08\/profimedia-1027838061-1536x1024.webp 1536w, https:\/\/d2p6e6u75xmxt8.cloudfront.net\/13\/2025\/08\/profimedia-1027838061-400x267.webp 400w, https:\/\/d2p6e6u75xmxt8.cloudfront.net\/13\/2025\/08\/profimedia-1027838061-272x182.webp 272w\" width=\"1024\" height=\"683\" sizes=\"auto, (min-width: 1200px) 300px, (min-width: 768px) 25vw, 100vw\" alt=\"mathias-vacek-udelam-z-nej-viteze-slibuje-trener\"\/><\/a><\/div>    <div class=\"entry-meta\">\n        <a class=\"label label-secondary post-category\" href=\"https:\/\/www.welovecycling.com\/cs\/category\/silnicni-cyklistika\/\" title=\"Silni\u010dn\u00ed cyklistika\">Silni\u010dn\u00ed cyklistika<\/a>\n    <\/div>\n    <div class=\"entry-details\">\n        <a href=\"https:\/\/www.welovecycling.com\/cs\/2025\/08\/08\/mathias-vacek-udelam-z-nej-viteze-slibuje-trener\/\" class='entry-title-wrapper'>\n            <h3 class=\"entry-title\"><span>Mathias Vacek? Ud\u011bl\u00e1m z n\u011bj v\u00edt\u011bze, slibuje tren\u00e9r<\/span><\/h3>\n        <\/a>\n    <\/div>\n    <\/article>\n<\/div>\n<p>\u201eJe to te\u010f m\u016fj t\u0159et\u00ed rok v t\u00fdmu a jsem velmi spokojen\u00fd, jak se vyv\u00edj\u00edm,\u201c \u0159ekl Mathias Vacek. \u201eKdy\u017e se te\u010f ohl\u00e9dnu zp\u011bt, jak jsem za\u010d\u00ednal a na jak\u00e9 \u00farovni jsem tehdy byl&#8230; Opravdu jsem si nedok\u00e1zal p\u0159edstavit, \u017ee bych mohl ud\u011blat takov\u00fd skok a b\u00fdt te\u010f na vrcholu. D\u016fle\u017eit\u00e9 bylo rozhodn\u011b, \u017ee jsem m\u011bl tolik d\u016fv\u011bry v t\u00fdm a t\u00fdm v\u011b\u0159il mn\u011b,&#8220; prohl\u00e1sil berounsk\u00fd rod\u00e1k.<\/p>\n<figure id=\"attachment_29270\" aria-describedby=\"caption-attachment-29270\" style=\"width: 1920px\" class=\"wp-caption alignnone\"><a href=\"https:\/\/d2p6e6u75xmxt8.cloudfront.net\/13\/2025\/05\/20250526_165142-scaled.webp\"><img loading=\"lazy\" decoding=\"async\" class=\"size-extra-large wp-image-29270\" src=\"https:\/\/d2p6e6u75xmxt8.cloudfront.net\/13\/2025\/05\/20250526_165142-1920x1440.webp\" alt=\"\" width=\"1920\" height=\"1440\" srcset=\"https:\/\/d2p6e6u75xmxt8.cloudfront.net\/13\/2025\/05\/20250526_165142-1920x1440.webp 1920w, https:\/\/d2p6e6u75xmxt8.cloudfront.net\/13\/2025\/05\/20250526_165142-300x225.webp 300w, https:\/\/d2p6e6u75xmxt8.cloudfront.net\/13\/2025\/05\/20250526_165142-1024x768.webp 1024w, https:\/\/d2p6e6u75xmxt8.cloudfront.net\/13\/2025\/05\/20250526_165142-768x576.webp 768w, https:\/\/d2p6e6u75xmxt8.cloudfront.net\/13\/2025\/05\/20250526_165142-1536x1152.webp 1536w, https:\/\/d2p6e6u75xmxt8.cloudfront.net\/13\/2025\/05\/20250526_165142-2048x1536.webp 2048w, https:\/\/d2p6e6u75xmxt8.cloudfront.net\/13\/2025\/05\/20250526_165142-400x300.webp 400w, https:\/\/d2p6e6u75xmxt8.cloudfront.net\/13\/2025\/05\/20250526_165142-1920x1440.webp 1920w\" sizes=\"auto, (max-width: 1920px) 100vw, 1920px\" \/><\/a><figcaption id=\"caption-attachment-29270\" class=\"wp-caption-text\"><em>Mathias Vacek u t\u00fdmov\u00e9ho autobusu b\u011bhem italsk\u00e9ho Gira.<\/em><\/figcaption><\/figure>\n<p>\u201eJsem opravdu \u0161\u0165astn\u00fd, \u017ee t\u00fdm ve mn\u011b vid\u011bl potenci\u00e1l a j\u00e1 se mu te\u010f m\u016f\u017eu odvd\u011b\u010dit v\u00fdsledky. Krok za krokem se dost\u00e1v\u00e1m, kde chci b\u00fdt. V budoucnu ur\u010dit\u011b p\u0159ijdou je\u0161t\u011b v\u011bt\u0161\u00ed v\u00fdsledky. Samoz\u0159ejm\u011b v\u0161echno mus\u00ed j\u00edt dob\u0159e. Mus\u00edm se soust\u0159edit a b\u00fdt trp\u011bliv\u00fd. Ale c\u00edt\u00edm se opravdu sebejist\u011b, \u017ee jsem tady v tomto t\u00fdmu, kter\u00fd se ka\u017ed\u00fdm rokem rozv\u00edj\u00ed a d\u011bl\u00e1 v\u0161e, aby jezdci byli sv\u011btovou jedni\u010dkou. Za to jsem opravdu vd\u011b\u010dn\u00fd,&#8220; uvedl Mathias Vacek, kter\u00fd p\u0159i leto\u0161n\u00edm Giru z\u00e1sadn\u011b pomohl Pedersenovi zajistit \u010dty\u0159i etapov\u00e1 v\u00edt\u011bzstv\u00ed a v\u00edt\u011bzstv\u00ed v bodovac\u00ed sout\u011b\u017ei.<\/p>\n<div class=\"shortcode-ys-post-pinup\"><article class=\"loop-simple post-19604 post type-post status-publish format-standard has-post-thumbnail hentry category-silnicni-cyklistika tag-cyklistika tag-karel-vacek tag-markel-irizar tag-mathias-vacek tag-mistrovstvi-sveta tag-silnicni-cyklistika tag-sumava tag-tour-de-lavenir tag-trek-segafredo tag-trenink tag-zavod-miru global-categories-cycling\" data-postid=\"19604\" role=\"article\" data-post-id=\"19604\" data-word-count=\"1038\" data-headline-length=\"87\" data-category=\"Silni\u010dn\u00ed cyklistika\" data-global-category=\"Cycling\" data-author=\"Radek Malina\" data-published=\"2022-11-14T05:00:16+02:00\" data-published-day=\"Monday\">\n    <div class=\"entry-thumbnail article-thumbnail\" content=\"https:\/\/d2p6e6u75xmxt8.cloudfront.net\/13\/2022\/11\/WLC_Mathias-Vacek_006-150x150.webp\"><a href=\"https:\/\/www.welovecycling.com\/cs\/2022\/11\/14\/mathias-vacek-a-jeho-sumavske-kralovstvi-u-vicemistra-sveta-jemuz-prali-smrt\/\" class=\"image-holder\" target=\"_self\"><img decoding=\"async\" loading=\"lazy\" class=\"\" src=\"https:\/\/d2p6e6u75xmxt8.cloudfront.net\/13\/2022\/11\/WLC_Mathias-Vacek_006-1024x683.webp\" srcset=\"https:\/\/d2p6e6u75xmxt8.cloudfront.net\/13\/2022\/11\/WLC_Mathias-Vacek_006.webp 2000w, https:\/\/d2p6e6u75xmxt8.cloudfront.net\/13\/2022\/11\/WLC_Mathias-Vacek_006-300x200.webp 300w, https:\/\/d2p6e6u75xmxt8.cloudfront.net\/13\/2022\/11\/WLC_Mathias-Vacek_006-1024x683.webp 1024w, https:\/\/d2p6e6u75xmxt8.cloudfront.net\/13\/2022\/11\/WLC_Mathias-Vacek_006-768x512.webp 768w, https:\/\/d2p6e6u75xmxt8.cloudfront.net\/13\/2022\/11\/WLC_Mathias-Vacek_006-1536x1025.webp 1536w, https:\/\/d2p6e6u75xmxt8.cloudfront.net\/13\/2022\/11\/WLC_Mathias-Vacek_006-1920x1281.webp 1920w, https:\/\/d2p6e6u75xmxt8.cloudfront.net\/13\/2022\/11\/WLC_Mathias-Vacek_006-272x182.webp 272w, https:\/\/d2p6e6u75xmxt8.cloudfront.net\/13\/2022\/11\/WLC_Mathias-Vacek_006-1920x1281.webp 1920w\" width=\"1024\" height=\"683\" sizes=\"auto, (min-width: 1200px) 300px, (min-width: 768px) 25vw, 100vw\" alt=\"mathias-vacek-a-jeho-sumavske-kralovstvi-u-vicemistra-sveta-jemuz-prali-smrt\"\/><\/a><\/div>    <div class=\"entry-meta\">\n        <a class=\"label label-secondary post-category\" href=\"https:\/\/www.welovecycling.com\/cs\/category\/silnicni-cyklistika\/\" title=\"Silni\u010dn\u00ed cyklistika\">Silni\u010dn\u00ed cyklistika<\/a>\n    <\/div>\n    <div class=\"entry-details\">\n        <a href=\"https:\/\/www.welovecycling.com\/cs\/2022\/11\/14\/mathias-vacek-a-jeho-sumavske-kralovstvi-u-vicemistra-sveta-jemuz-prali-smrt\/\" class='entry-title-wrapper'>\n            <h3 class=\"entry-title\"><span>U vicemistra sv\u011bta, jemu\u017e p\u0159\u00e1li smrt! Mathias Vacek a jeho \u0161umavsk\u00e9 kr\u00e1lovstv\u00ed.<\/span><\/h3>\n        <\/a>\n    <\/div>\n    <\/article>\n<\/div>\n<p>T\u0159iadvacetilet\u00fd z\u00e1vodn\u00edk aktu\u00e1ln\u011b odpo\u010d\u00edv\u00e1 po p\u00e1du na etap\u00e1ku Kolem Polska. Jeho dal\u0161\u00edm z\u00e1vodem bude Renewi Tour v Belgii od 20. srpna, v \u00favodu \u0159\u00edjna pak pojede \u010dasovku a hromadn\u00fd z\u00e1vod na mistrovstv\u00ed Evropy.<\/p>\n","protected":false},"excerpt":{"rendered":"<p>V\u00fdjime\u010dn\u00fd kontrakt podepsal \u00fa\u0159aduj\u00edc\u00ed \u010desk\u00fd cyklistick\u00fd \u0161ampion v \u010dasovce i v hromadn\u00e9m z\u00e1vod\u011b. Mathias Vacek bude obl\u00e9kat dres t\u00fdmu Lidl-Trek [&hellip;]<\/p>\n","protected":false},"author":138,"featured_media":29141,"comment_status":"open","ping_status":"open","sticky":false,"template":"","format":"standard","meta":{"footnotes":""},"categories":[10],"tags":[126,4328,305,3504,3433,9],"global-categories":[411],"class_list":["post-30513","post","type-post","status-publish","format-standard","has-post-thumbnail","hentry","category-silnicni-cyklistika","tag-cyklistika","tag-dlouhodoba-smlouva","tag-mathias-vacek","tag-nova-smlouva","tag-novy-kontrakt","tag-silnicni-cyklistika","global-categories-cycling"],"yoast_head":"<!-- This site is optimized with the Yoast SEO Premium plugin v25.3 (Yoast SEO v25.9) - https:\/\/yoast.com\/wordpress\/plugins\/seo\/ -->\n<title>Mathias Vacek podepsal v\u00fdjime\u010dnou smlouvu | \u0160koda We Love Cycling - \u010cesk\u00e1 republika<\/title>\n<meta name=\"description\" content=\"V\u00fdjime\u010dn\u00fd kontrakt podepsal \u00fa\u0159aduj\u00edc\u00ed \u010desk\u00fd cyklistick\u00fd \u0161ampion v \u010dasovce i v hromadn\u00e9m z\u00e1vod\u011b. Mathias Vacek bude obl\u00e9kat dres t\u00fdmu Lidl-Trek a\u017e do konce roku 2029. S americkou sestavou prodlou\u017eil smlouvu o \u010dty\u0159i sezony.\" \/>\n<meta name=\"robots\" content=\"index, follow, max-snippet:-1, max-image-preview:large, max-video-preview:-1\" \/>\n<link rel=\"canonical\" href=\"https:\/\/www.welovecycling.com\/cs\/2025\/08\/11\/mathias-vacek-dostal-vyjimecnou-smlouvu\/\" \/>\n<meta property=\"og:locale\" content=\"cs_CZ\" \/>\n<meta property=\"og:type\" content=\"article\" \/>\n<meta property=\"og:title\" content=\"Mathias Vacek podepsal v\u00fdjime\u010dnou smlouvu\" \/>\n<meta property=\"og:description\" content=\"V\u00fdjime\u010dn\u00fd kontrakt podepsal \u00fa\u0159aduj\u00edc\u00ed \u010desk\u00fd cyklistick\u00fd \u0161ampion v \u010dasovce i v hromadn\u00e9m z\u00e1vod\u011b. Mathias Vacek bude obl\u00e9kat dres t\u00fdmu Lidl-Trek a\u017e do konce roku 2029. S americkou sestavou prodlou\u017eil smlouvu o \u010dty\u0159i sezony.\" \/>\n<meta property=\"og:url\" content=\"https:\/\/www.welovecycling.com\/cs\/2025\/08\/11\/mathias-vacek-dostal-vyjimecnou-smlouvu\/\" \/>\n<meta property=\"og:site_name\" content=\"\u0160koda We Love Cycling - \u010cesk\u00e1 republika\" \/>\n<meta property=\"article:published_time\" content=\"2025-08-11T08:01:37+00:00\" \/>\n<meta property=\"og:image\" content=\"https:\/\/d2p6e6u75xmxt8.cloudfront.net\/13\/2025\/05\/profimedia-0998058674.webp\" \/>\n\t<meta property=\"og:image:width\" content=\"1800\" \/>\n\t<meta property=\"og:image:height\" content=\"1200\" \/>\n\t<meta property=\"og:image:type\" content=\"image\/webp\" \/>\n<meta name=\"author\" content=\"radekmalina\" \/>\n<meta name=\"twitter:card\" content=\"summary_large_image\" \/>\n<meta name=\"twitter:label1\" content=\"Written by\" \/>\n\t<meta name=\"twitter:data1\" content=\"Radek Malina\" \/>\n\t<meta name=\"twitter:label2\" content=\"Est. reading time\" \/>\n\t<meta name=\"twitter:data2\" content=\"6\" \/>\n<script type=\"application\/ld+json\" class=\"yoast-schema-graph\">{\"@context\":\"https:\/\/schema.org\",\"@graph\":[{\"@type\":\"WebPage\",\"@id\":\"https:\/\/www.welovecycling.com\/cs\/2025\/08\/11\/mathias-vacek-dostal-vyjimecnou-smlouvu\/\",\"url\":\"https:\/\/www.welovecycling.com\/cs\/2025\/08\/11\/mathias-vacek-dostal-vyjimecnou-smlouvu\/\",\"name\":\"Mathias Vacek podepsal v\u00fdjime\u010dnou smlouvu | \u0160koda We Love Cycling - \u010cesk\u00e1 republika\",\"isPartOf\":{\"@id\":\"https:\/\/www.welovecycling.com\/cs\/#website\"},\"primaryImageOfPage\":{\"@id\":\"https:\/\/www.welovecycling.com\/cs\/2025\/08\/11\/mathias-vacek-dostal-vyjimecnou-smlouvu\/#primaryimage\"},\"image\":{\"@id\":\"https:\/\/www.welovecycling.com\/cs\/2025\/08\/11\/mathias-vacek-dostal-vyjimecnou-smlouvu\/#primaryimage\"},\"thumbnailUrl\":\"https:\/\/d2p6e6u75xmxt8.cloudfront.net\/13\/2025\/05\/profimedia-0998058674.webp\",\"datePublished\":\"2025-08-11T08:01:37+00:00\",\"author\":{\"@id\":\"https:\/\/www.welovecycling.com\/cs\/#\/schema\/person\/d9eeb0a378f3a7e4a6d12d2b536b04b8\"},\"description\":\"V\u00fdjime\u010dn\u00fd kontrakt podepsal \u00fa\u0159aduj\u00edc\u00ed \u010desk\u00fd cyklistick\u00fd \u0161ampion v \u010dasovce i v hromadn\u00e9m z\u00e1vod\u011b. Mathias Vacek bude obl\u00e9kat dres t\u00fdmu Lidl-Trek a\u017e do konce roku 2029. S americkou sestavou prodlou\u017eil smlouvu o \u010dty\u0159i sezony.\",\"inLanguage\":\"cs\",\"potentialAction\":[{\"@type\":\"ReadAction\",\"target\":[\"https:\/\/www.welovecycling.com\/cs\/2025\/08\/11\/mathias-vacek-dostal-vyjimecnou-smlouvu\/\"]}]},{\"@type\":\"ImageObject\",\"inLanguage\":\"cs\",\"@id\":\"https:\/\/www.welovecycling.com\/cs\/2025\/08\/11\/mathias-vacek-dostal-vyjimecnou-smlouvu\/#primaryimage\",\"url\":\"https:\/\/d2p6e6u75xmxt8.cloudfront.net\/13\/2025\/05\/profimedia-0998058674.webp\",\"contentUrl\":\"https:\/\/d2p6e6u75xmxt8.cloudfront.net\/13\/2025\/05\/profimedia-0998058674.webp\",\"width\":1800,\"height\":1200,\"caption\":\"Mathias Vacek na podiu Gira 2025 p\u0159i obl\u00e9k\u00e1n\u00ed b\u00edl\u00e9ho dresu.\"},{\"@type\":\"WebSite\",\"@id\":\"https:\/\/www.welovecycling.com\/cs\/#website\",\"url\":\"https:\/\/www.welovecycling.com\/cs\/\",\"name\":\"\u0160koda We Love Cycling - \u010cesk\u00e1 republika\",\"description\":\"WeLoveCycling.cz je online magaz\u00edn, kter\u00fd v\u00e1m pravideln\u011b p\u0159in\u00e1\u0161\u00ed rady a tipy, zaj\u00edmav\u00e9 \u010dl\u00e1nky, videa a jedine\u010dn\u00e9 report\u00e1\u017ee ze sv\u011bta cyklistiky.\",\"potentialAction\":[{\"@type\":\"SearchAction\",\"target\":{\"@type\":\"EntryPoint\",\"urlTemplate\":\"https:\/\/www.welovecycling.com\/cs\/?s={search_term_string}\"},\"query-input\":{\"@type\":\"PropertyValueSpecification\",\"valueRequired\":true,\"valueName\":\"search_term_string\"}}],\"inLanguage\":\"cs\"},{\"@type\":\"Person\",\"@id\":\"https:\/\/www.welovecycling.com\/cs\/#\/schema\/person\/d9eeb0a378f3a7e4a6d12d2b536b04b8\",\"name\":\"radekmalina\",\"image\":{\"@type\":\"ImageObject\",\"inLanguage\":\"cs\",\"@id\":\"https:\/\/www.welovecycling.com\/cs\/#\/schema\/person\/image\/\",\"url\":\"https:\/\/secure.gravatar.com\/avatar\/66994b632cb8c39a46b9f54afa3ae07201b678d32a54275b6f1c9ffec356bfc0?s=96&d=mm&r=g\",\"contentUrl\":\"https:\/\/secure.gravatar.com\/avatar\/66994b632cb8c39a46b9f54afa3ae07201b678d32a54275b6f1c9ffec356bfc0?s=96&d=mm&r=g\",\"caption\":\"radekmalina\"},\"url\":\"https:\/\/www.welovecycling.com\/cs\/author\/radekmalina\/\"}]}<\/script>\n<!-- \/ Yoast SEO Premium plugin. -->","yoast_head_json":{"title":"Mathias Vacek podepsal v\u00fdjime\u010dnou smlouvu | \u0160koda We Love Cycling - \u010cesk\u00e1 republika","description":"V\u00fdjime\u010dn\u00fd kontrakt podepsal \u00fa\u0159aduj\u00edc\u00ed \u010desk\u00fd cyklistick\u00fd \u0161ampion v \u010dasovce i v hromadn\u00e9m z\u00e1vod\u011b. Mathias Vacek bude obl\u00e9kat dres t\u00fdmu Lidl-Trek a\u017e do konce roku 2029. S americkou sestavou prodlou\u017eil smlouvu o \u010dty\u0159i sezony.","robots":{"index":"index","follow":"follow","max-snippet":"max-snippet:-1","max-image-preview":"max-image-preview:large","max-video-preview":"max-video-preview:-1"},"canonical":"https:\/\/www.welovecycling.com\/cs\/2025\/08\/11\/mathias-vacek-dostal-vyjimecnou-smlouvu\/","og_locale":"cs_CZ","og_type":"article","og_title":"Mathias Vacek podepsal v\u00fdjime\u010dnou smlouvu","og_description":"V\u00fdjime\u010dn\u00fd kontrakt podepsal \u00fa\u0159aduj\u00edc\u00ed \u010desk\u00fd cyklistick\u00fd \u0161ampion v \u010dasovce i v hromadn\u00e9m z\u00e1vod\u011b. Mathias Vacek bude obl\u00e9kat dres t\u00fdmu Lidl-Trek a\u017e do konce roku 2029. S americkou sestavou prodlou\u017eil smlouvu o \u010dty\u0159i sezony.","og_url":"https:\/\/www.welovecycling.com\/cs\/2025\/08\/11\/mathias-vacek-dostal-vyjimecnou-smlouvu\/","og_site_name":"\u0160koda We Love Cycling - \u010cesk\u00e1 republika","article_published_time":"2025-08-11T08:01:37+00:00","og_image":[{"width":1800,"height":1200,"url":"https:\/\/d2p6e6u75xmxt8.cloudfront.net\/13\/2025\/05\/profimedia-0998058674.webp","type":"image\/webp"}],"author":"radekmalina","twitter_card":"summary_large_image","twitter_misc":{"Written by":"Radek Malina","Est. reading time":"6"},"schema":{"@context":"https:\/\/schema.org","@graph":[{"@type":"WebPage","@id":"https:\/\/www.welovecycling.com\/cs\/2025\/08\/11\/mathias-vacek-dostal-vyjimecnou-smlouvu\/","url":"https:\/\/www.welovecycling.com\/cs\/2025\/08\/11\/mathias-vacek-dostal-vyjimecnou-smlouvu\/","name":"Mathias Vacek podepsal v\u00fdjime\u010dnou smlouvu | \u0160koda We Love Cycling - \u010cesk\u00e1 republika","isPartOf":{"@id":"https:\/\/www.welovecycling.com\/cs\/#website"},"primaryImageOfPage":{"@id":"https:\/\/www.welovecycling.com\/cs\/2025\/08\/11\/mathias-vacek-dostal-vyjimecnou-smlouvu\/#primaryimage"},"image":{"@id":"https:\/\/www.welovecycling.com\/cs\/2025\/08\/11\/mathias-vacek-dostal-vyjimecnou-smlouvu\/#primaryimage"},"thumbnailUrl":"https:\/\/d2p6e6u75xmxt8.cloudfront.net\/13\/2025\/05\/profimedia-0998058674.webp","datePublished":"2025-08-11T08:01:37+00:00","author":{"@id":"https:\/\/www.welovecycling.com\/cs\/#\/schema\/person\/d9eeb0a378f3a7e4a6d12d2b536b04b8"},"description":"V\u00fdjime\u010dn\u00fd kontrakt podepsal \u00fa\u0159aduj\u00edc\u00ed \u010desk\u00fd cyklistick\u00fd \u0161ampion v \u010dasovce i v hromadn\u00e9m z\u00e1vod\u011b. Mathias Vacek bude obl\u00e9kat dres t\u00fdmu Lidl-Trek a\u017e do konce roku 2029. S americkou sestavou prodlou\u017eil smlouvu o \u010dty\u0159i sezony.","inLanguage":"cs","potentialAction":[{"@type":"ReadAction","target":["https:\/\/www.welovecycling.com\/cs\/2025\/08\/11\/mathias-vacek-dostal-vyjimecnou-smlouvu\/"]}]},{"@type":"ImageObject","inLanguage":"cs","@id":"https:\/\/www.welovecycling.com\/cs\/2025\/08\/11\/mathias-vacek-dostal-vyjimecnou-smlouvu\/#primaryimage","url":"https:\/\/d2p6e6u75xmxt8.cloudfront.net\/13\/2025\/05\/profimedia-0998058674.webp","contentUrl":"https:\/\/d2p6e6u75xmxt8.cloudfront.net\/13\/2025\/05\/profimedia-0998058674.webp","width":1800,"height":1200,"caption":"Mathias Vacek na podiu Gira 2025 p\u0159i obl\u00e9k\u00e1n\u00ed b\u00edl\u00e9ho dresu."},{"@type":"WebSite","@id":"https:\/\/www.welovecycling.com\/cs\/#website","url":"https:\/\/www.welovecycling.com\/cs\/","name":"\u0160koda We Love Cycling - \u010cesk\u00e1 republika","description":"WeLoveCycling.cz je online magaz\u00edn, kter\u00fd v\u00e1m pravideln\u011b p\u0159in\u00e1\u0161\u00ed rady a tipy, zaj\u00edmav\u00e9 \u010dl\u00e1nky, videa a jedine\u010dn\u00e9 report\u00e1\u017ee ze sv\u011bta cyklistiky.","potentialAction":[{"@type":"SearchAction","target":{"@type":"EntryPoint","urlTemplate":"https:\/\/www.welovecycling.com\/cs\/?s={search_term_string}"},"query-input":{"@type":"PropertyValueSpecification","valueRequired":true,"valueName":"search_term_string"}}],"inLanguage":"cs"},{"@type":"Person","@id":"https:\/\/www.welovecycling.com\/cs\/#\/schema\/person\/d9eeb0a378f3a7e4a6d12d2b536b04b8","name":"radekmalina","image":{"@type":"ImageObject","inLanguage":"cs","@id":"https:\/\/www.welovecycling.com\/cs\/#\/schema\/person\/image\/","url":"https:\/\/secure.gravatar.com\/avatar\/66994b632cb8c39a46b9f54afa3ae07201b678d32a54275b6f1c9ffec356bfc0?s=96&d=mm&r=g","contentUrl":"https:\/\/secure.gravatar.com\/avatar\/66994b632cb8c39a46b9f54afa3ae07201b678d32a54275b6f1c9ffec356bfc0?s=96&d=mm&r=g","caption":"radekmalina"},"url":"https:\/\/www.welovecycling.com\/cs\/author\/radekmalina\/"}]}},"_links":{"self":[{"href":"https:\/\/www.welovecycling.com\/cs\/wp-json\/wp\/v2\/posts\/30513","targetHints":{"allow":["GET"]}}],"collection":[{"href":"https:\/\/www.welovecycling.com\/cs\/wp-json\/wp\/v2\/posts"}],"about":[{"href":"https:\/\/www.welovecycling.com\/cs\/wp-json\/wp\/v2\/types\/post"}],"author":[{"embeddable":true,"href":"https:\/\/www.welovecycling.com\/cs\/wp-json\/wp\/v2\/users\/138"}],"replies":[{"embeddable":true,"href":"https:\/\/www.welovecycling.com\/cs\/wp-json\/wp\/v2\/comments?post=30513"}],"version-history":[{"count":4,"href":"https:\/\/www.welovecycling.com\/cs\/wp-json\/wp\/v2\/posts\/30513\/revisions"}],"predecessor-version":[{"id":30517,"href":"https:\/\/www.welovecycling.com\/cs\/wp-json\/wp\/v2\/posts\/30513\/revisions\/30517"}],"wp:featuredmedia":[{"embeddable":true,"href":"https:\/\/www.welovecycling.com\/cs\/wp-json\/wp\/v2\/media\/29141"}],"wp:attachment":[{"href":"https:\/\/www.welovecycling.com\/cs\/wp-json\/wp\/v2\/media?parent=30513"}],"wp:term":[{"taxonomy":"category","embeddable":true,"href":"https:\/\/www.welovecycling.com\/cs\/wp-json\/wp\/v2\/categories?post=30513"},{"taxonomy":"post_tag","embeddable":true,"href":"https:\/\/www.welovecycling.com\/cs\/wp-json\/wp\/v2\/tags?post=30513"},{"taxonomy":"global-categories","embeddable":true,"href":"https:\/\/www.welovecycling.com\/cs\/wp-json\/wp\/v2\/global-categories?post=30513"}],"curies":[{"name":"wp","href":"https:\/\/api.w.org\/{rel}","templated":true}]}}