{"id":30483,"date":"2025-08-06T15:07:17","date_gmt":"2025-08-06T13:07:17","guid":{"rendered":"https:\/\/www.welovecycling.com\/cs\/?p=30483"},"modified":"2025-08-06T16:55:37","modified_gmt":"2025-08-06T14:55:37","slug":"potak-je-treba-pouzivat-ho-i-v-lete","status":"publish","type":"post","link":"https:\/\/www.welovecycling.com\/cs\/2025\/08\/06\/potak-je-treba-pouzivat-ho-i-v-lete\/","title":{"rendered":"Po\u0165\u00e1k. Je t\u0159eba pou\u017e\u00edvat ho i v l\u00e9t\u011b?"},"content":{"rendered":"<p><strong>Vid\u00edte to v horsk\u00fdch etap\u00e1ch Gira, Tour de France i Vuelty. Slunce p\u00e1l\u00ed, jezdci jedou na hranici sv\u00fdch sil a rozep\u00ednaj\u00ed si dresy. N\u011bkte\u0159\u00ed odhal\u00ed vyhublou holou hru\u010f, na kter\u00e9 se kinkl\u00e1 zlat\u00fd \u0159et\u011bz s k\u0159\u00ed\u017eem, u jin\u00fdch vid\u00edme pod dresem spodn\u00ed vrstvu neboli po\u0165\u00e1k. Ale kdo m\u00e1 vlastn\u011b pravdu?<\/strong><\/p>\n<p>Kdy\u017e ud\u011bl\u00e1te sondu v pelotonu, jestli by se m\u011bla i v horku nosit spodn\u00ed vrstva, shody se nedoberete. Tak co se pod\u00edvat na v\u00fdhody a nev\u00fdhody dal\u0161\u00ed potenci\u00e1ln\u011b h\u0159ejiv\u00e9 vrstvy pod dresem, kdy\u017e u\u017e tak je venku k zalknut\u00ed.<\/p>\n<p>Logika napov\u00edd\u00e1, \u017ee v\u00edce vrstev znamen\u00e1 v\u011bt\u0161\u00ed horko, ale od mnoh\u00fdch expert\u016f z oboru usly\u0161\u00edte, \u017ee po\u0165\u00e1k v\u00e1s naopak v horku ochlad\u00ed. Vrstva p\u0159\u00edmo na k\u016f\u017ei toti\u017e t\u011blu pom\u00e1h\u00e1 proti p\u0159eh\u0159\u00e1t\u00ed. Materi\u00e1ly ale musej\u00ed umo\u017e\u0148ovat termoregulaci a spr\u00e1vn\u011b vlhkost b\u011bhem sportu v horku odv\u00e1d\u011bt.<\/p>\n<h2><strong>Dres m\u00e1 technick\u00e9 limity<\/strong><\/h2>\n<p>Asi ka\u017ed\u00fd odk\u00fdv\u00e1, \u017ee vrstven\u00ed oble\u010den\u00ed pom\u00e1h\u00e1 s termoregulac\u00ed v zim\u011b, ale n\u00e1zory se r\u016fzn\u00ed, zda je to vhodn\u00e9 i v l\u00e9t\u011b. Pravda je takov\u00e1: typ a struktura spodn\u00ed vrstvy se v l\u00e9t\u011b mus\u00ed zm\u011bnit, ale princip z\u016fst\u00e1v\u00e1 stejn\u00fd. Pot je t\u0159eba pomoc\u00ed sav\u00e9ho materi\u00e1lu odv\u00e1d\u011bt pry\u010d, aby t\u011blo mohlo regulovat teplotu. To je argument PRO u\u017eit\u00ed spodn\u00ed vrstvy v ka\u017ed\u00e9m po\u010das\u00ed. Jen vybrat tu spr\u00e1vnou.<\/p>\n<p>L\u00e1tka dresu \u010dasto pln\u00ed v\u00edce funkc\u00ed (vzhled, aerodynamika), co\u017e m\u016f\u017ee ovlivnit jej\u00ed schopnost transportovat pot od poko\u017eky pry\u010d. Naproti tomu spodn\u00ed vrstva m\u00e1 jedin\u00fd \u00fa\u010del: odv\u00e1d\u011bt pot a chladit t\u011blo. Vlhkost m\u016f\u017ee sice odv\u00e1d\u011bt i samotn\u00fd dres, ale ten m\u00e1 sv\u00e9 technick\u00e9 limity. Speci\u00e1ln\u011b vyvinut\u00e1 spodn\u00ed vrstva m\u00e1 v tomhle v\u00fdhodu, a i v horku sv\u00e9 opodstatn\u011bn\u00ed.<\/p>\n<figure id=\"attachment_30487\" aria-describedby=\"caption-attachment-30487\" style=\"width: 1920px\" class=\"wp-caption alignnone\"><a href=\"https:\/\/d2p6e6u75xmxt8.cloudfront.net\/13\/2025\/08\/potak-mathieu-van-der-poel-scaled.webp\"><img loading=\"lazy\" decoding=\"async\" class=\"size-extra-large wp-image-30487\" src=\"https:\/\/d2p6e6u75xmxt8.cloudfront.net\/13\/2025\/08\/potak-mathieu-van-der-poel-1920x1280.webp\" alt=\"\" width=\"1920\" height=\"1280\" srcset=\"https:\/\/d2p6e6u75xmxt8.cloudfront.net\/13\/2025\/08\/potak-mathieu-van-der-poel-1920x1280.webp 1920w, https:\/\/d2p6e6u75xmxt8.cloudfront.net\/13\/2025\/08\/potak-mathieu-van-der-poel-300x200.webp 300w, https:\/\/d2p6e6u75xmxt8.cloudfront.net\/13\/2025\/08\/potak-mathieu-van-der-poel-1024x683.webp 1024w, https:\/\/d2p6e6u75xmxt8.cloudfront.net\/13\/2025\/08\/potak-mathieu-van-der-poel-768x512.webp 768w, https:\/\/d2p6e6u75xmxt8.cloudfront.net\/13\/2025\/08\/potak-mathieu-van-der-poel-1536x1024.webp 1536w, https:\/\/d2p6e6u75xmxt8.cloudfront.net\/13\/2025\/08\/potak-mathieu-van-der-poel-2048x1365.webp 2048w, https:\/\/d2p6e6u75xmxt8.cloudfront.net\/13\/2025\/08\/potak-mathieu-van-der-poel-400x267.webp 400w, https:\/\/d2p6e6u75xmxt8.cloudfront.net\/13\/2025\/08\/potak-mathieu-van-der-poel-272x182.webp 272w, https:\/\/d2p6e6u75xmxt8.cloudfront.net\/13\/2025\/08\/potak-mathieu-van-der-poel-1920x1280.webp 1920w\" sizes=\"auto, (max-width: 1920px) 100vw, 1920px\" \/><\/a><figcaption id=\"caption-attachment-30487\" class=\"wp-caption-text\"><em><a href=\"https:\/\/www.welovecycling.com\/cs\/2025\/01\/19\/mathieu-van-der-poel-chci-rekord-z-flander-a-titul-na-biku-ma-to-jeden-hacek\/\">Mathieu van der Poel<\/a> pou\u017e\u00edv\u00e1 po\u0165\u00e1k s ohledem na po\u010das\u00ed. P\u0159i rozj\u00ed\u017ed\u011bn\u00ed p\u0159ed sv\u011btov\u00fdm poh\u00e1rem v Nov\u00e9m M\u011bst\u011b na Morav\u011b jej vyu\u017eil. Foto: <a href=\"https:\/\/www.kalas.cz\/damske-cyklisticke-spodni-pradlo\/\">Kalas.cz<\/a><\/em><\/figcaption><\/figure>\n<p>A pak je tu kolonka PROTI. Kdokoli v\u00e1m doporu\u010duje spodn\u00ed vrstvu v horku, bu\u010f a) nejezd\u00ed na kole, b) chce v\u00e1m n\u011bco prodat, nebo c) je \u0161patn\u011b informovan\u00fd. Anebo mo\u017en\u00e1 v\u0161echno dohromady.<br \/>\nPro odm\u00edt\u00e1n\u00ed hovo\u0159\u00ed taky fyzika. Toti\u017e \u017ee ochlazen\u00ed t\u011bla prob\u00edh\u00e1 odpa\u0159ov\u00e1n\u00edm vody\/potu z poko\u017eky. V chladu je t\u0159eba odv\u00e1d\u011bt pot pry\u010d, abychom neprochladli. Ale v teple je ide\u00e1ln\u00ed, aby se pot odpa\u0159oval p\u0159\u00edmo z poko\u017eky. A tedy\u2026 bez spodn\u00ed vrstvy.<\/p>\n<div class=\"shortcode-ys-post-pinup\"><article class=\"loop-simple post-30443 post type-post status-publish format-standard has-post-thumbnail hentry category-zeny tag-cyklistika tag-pauline-ferrand-prevot tag-silnicni-cyklistika tag-tour-de-france tag-tour-de-france-femmes-2025 global-categories-cycling\" data-postid=\"30443\" role=\"article\" data-post-id=\"30443\" data-word-count=\"569\" data-headline-length=\"43\" data-category=\"\u017deny\" data-global-category=\"Cycling\" data-author=\"Radek Malina\" data-published=\"2025-08-04T09:46:21+02:00\" data-published-day=\"Monday\">\n    <div class=\"entry-thumbnail article-thumbnail\" content=\"https:\/\/d2p6e6u75xmxt8.cloudfront.net\/13\/2025\/08\/20250803TDFFAZ2092-150x150.webp\"><a href=\"https:\/\/www.welovecycling.com\/cs\/2025\/08\/04\/zlatou-klec-obetovala-snu-male-holcicky\/\" class=\"image-holder\" target=\"_self\"><img decoding=\"async\" loading=\"lazy\" class=\"\" src=\"https:\/\/d2p6e6u75xmxt8.cloudfront.net\/13\/2025\/08\/20250803TDFFAZ2092-1024x683.webp\" srcset=\"https:\/\/d2p6e6u75xmxt8.cloudfront.net\/13\/2025\/08\/20250803TDFFAZ2092-scaled.webp 2560w, https:\/\/d2p6e6u75xmxt8.cloudfront.net\/13\/2025\/08\/20250803TDFFAZ2092-300x200.webp 300w, https:\/\/d2p6e6u75xmxt8.cloudfront.net\/13\/2025\/08\/20250803TDFFAZ2092-1024x683.webp 1024w, https:\/\/d2p6e6u75xmxt8.cloudfront.net\/13\/2025\/08\/20250803TDFFAZ2092-768x512.webp 768w, https:\/\/d2p6e6u75xmxt8.cloudfront.net\/13\/2025\/08\/20250803TDFFAZ2092-1536x1024.webp 1536w, https:\/\/d2p6e6u75xmxt8.cloudfront.net\/13\/2025\/08\/20250803TDFFAZ2092-2048x1365.webp 2048w, https:\/\/d2p6e6u75xmxt8.cloudfront.net\/13\/2025\/08\/20250803TDFFAZ2092-1920x1280.webp 1920w, https:\/\/d2p6e6u75xmxt8.cloudfront.net\/13\/2025\/08\/20250803TDFFAZ2092-400x267.webp 400w, https:\/\/d2p6e6u75xmxt8.cloudfront.net\/13\/2025\/08\/20250803TDFFAZ2092-272x182.webp 272w, https:\/\/d2p6e6u75xmxt8.cloudfront.net\/13\/2025\/08\/20250803TDFFAZ2092-1920x1280.webp 1920w\" width=\"1024\" height=\"683\" sizes=\"auto, (min-width: 1200px) 300px, (min-width: 768px) 25vw, 100vw\" alt=\"zlatou-klec-obetovala-snu-male-holcicky\"\/><\/a><\/div>    <div class=\"entry-meta\">\n        <a class=\"label label-secondary post-category\" href=\"https:\/\/www.welovecycling.com\/cs\/category\/zeny\/\" title=\"\u017deny\">\u017deny<\/a>\n    <\/div>\n    <div class=\"entry-details\">\n        <a href=\"https:\/\/www.welovecycling.com\/cs\/2025\/08\/04\/zlatou-klec-obetovala-snu-male-holcicky\/\" class='entry-title-wrapper'>\n            <h3 class=\"entry-title\"><span>Zlatou klec ob\u011btovala snu mal\u00e9 hol\u010di\u010dky<\/span><\/h3>\n        <\/a>\n    <\/div>\n    <\/article>\n<\/div>\n<p>Pokud m\u00e1 dres dobr\u00e9 vlastnosti, nen\u00ed d\u016fvod nosit dal\u0161\u00ed vrstvu. Lidsk\u00e1 fyziologie je ale nevyzpytateln\u00e1, proto\u017ee ka\u017ed\u00fd se pot\u00ed jinak. Ale i kdy\u017e bude materi\u00e1l sav\u00fd, \u0161patn\u011b um\u00edst\u011bn\u00e9 \u0161vy nebo cedulky mohou p\u016fsobit nep\u0159\u00edjemn\u00e9 pocity.<\/p>\n<h2><strong>Po\u0165\u00e1k nekupujte bez vyzkou\u0161en\u00ed<\/strong><\/h2>\n<p>Pokud trv\u00e1te na materi\u00e1lov\u00e9m sendvi\u010di, jak\u00e9 \u0159e\u0161en\u00ed zvolit? Spodn\u00ed vrstva m\u016f\u017ee b\u00fdt navr\u017eena pro pohodl\u00ed: jemn\u011bj\u0161\u00ed l\u00e1tky, ploch\u00e9 \u0161vy, cedulky venku. Z\u00e1sadn\u00ed bude taky st\u0159ih \u201epo\u0165\u00e1ku\u201c \u2013 verze bez ruk\u00e1v\u016f (obecn\u011b za\u017eit\u00fd n\u00e1zev scampolo) ochlad\u00ed l\u00e9pe ramena a z\u00e1rove\u0148 chr\u00e1n\u00ed hru\u010f.<\/p>\n<p>Bez ohledu na to, co v\u00e1m kdo tvrd\u00ed, nekupujte spodn\u00ed vrstvu bez vyzkou\u0161en\u00ed. Mus\u00ed v\u00e1m perfektn\u011b sed\u011bt \u2013 ide\u00e1ln\u011b t\u011bsn\u011b na t\u011blo, ale nesm\u00ed omezovat pohyb ani d\u00fdch\u00e1n\u00ed. Materi\u00e1l by m\u011bl b\u00fdt v maxim\u00e1ln\u00edm kontaktu s poko\u017ekou, jinak nebude fungovat spr\u00e1vn\u011b. St\u0159ih s ruk\u00e1vy nebo bez je na v\u00e1s, ale dejte pozor, aby v\u00e1s triko netla\u010dilo v podpa\u017e\u00ed, kdy\u017e se p\u0159edklon\u00edte do typicky cyklistick\u00e9 pozice nad \u0159\u00edd\u00edtka. Zejm\u00e9na pokud m\u00e1te t\u011bsn\u00fd dres.<\/p>\n<p>Pokud jste do\u010detli a\u017e sem v nad\u011bji, \u017ee se do\u010dk\u00e1te jednozna\u010dn\u00e9ho verdiktu, tak pardon. Nem\u00e1me ho. Nosit, nebo nenosit po\u0165\u00e1k bude z\u00e1le\u017eet na h\u00e1klivosti, citlivosti nebo m\u00ed\u0159e pocen\u00ed ka\u017ed\u00e9ho z n\u00e1s a taky na kvalit\u011b a typu dres\u016f, jak\u00e9 pou\u017e\u00edv\u00e1te.<\/p>\n<p><em>Tituln\u00ed foto: A.S.O.\/Charly Lopez<\/em><\/p>\n","protected":false},"excerpt":{"rendered":"<p>Vid\u00edte to v horsk\u00fdch etap\u00e1ch Gira, Tour de France i Vuelty. Slunce p\u00e1l\u00ed, jezdci jedou na hranici sv\u00fdch sil a [&hellip;]<\/p>\n","protected":false},"author":138,"featured_media":30484,"comment_status":"open","ping_status":"open","sticky":false,"template":"","format":"standard","meta":{"footnotes":""},"categories":[6],"tags":[126,56,4325,9,4326,27],"global-categories":[411],"class_list":["post-30483","post","type-post","status-publish","format-standard","has-post-thumbnail","hentry","category-zdravi-a-trenink","tag-cyklistika","tag-horska-cyklistika","tag-potak","tag-silnicni-cyklistika","tag-spodni-vrstva","tag-trenink","global-categories-cycling"],"yoast_head":"<!-- This site is optimized with the Yoast SEO Premium plugin v25.3 (Yoast SEO v25.9) - https:\/\/yoast.com\/wordpress\/plugins\/seo\/ -->\n<title>Po\u0165\u00e1k. Je t\u0159eba pou\u017e\u00edvat ho i v l\u00e9t\u011b? | \u0160koda We Love Cycling - \u010cesk\u00e1 republika<\/title>\n<meta name=\"description\" content=\"Vid\u00edte to v horsk\u00fdch etap\u00e1ch Gira, Tour de France i Vuelty. Slunce p\u00e1l\u00ed, jezdci jedou na hranici sv\u00fdch sil a rozep\u00ednaj\u00ed si dresy. N\u011bkte\u0159\u00ed odhal\u00ed vyhublou holou hru\u010f, na kter\u00e9 se kinkl\u00e1 zlat\u00fd \u0159et\u011bz s k\u0159\u00ed\u017eem, u jin\u00fdch vid\u00edme pod dresem spodn\u00ed vrstvu neboli po\u0165\u00e1k. Ale kdo m\u00e1 vlastn\u011b pravdu?\" \/>\n<meta name=\"robots\" content=\"index, follow, max-snippet:-1, max-image-preview:large, max-video-preview:-1\" \/>\n<link rel=\"canonical\" href=\"https:\/\/www.welovecycling.com\/cs\/2025\/08\/06\/potak-je-treba-pouzivat-ho-i-v-lete\/\" \/>\n<meta property=\"og:locale\" content=\"cs_CZ\" \/>\n<meta property=\"og:type\" content=\"article\" \/>\n<meta property=\"og:title\" content=\"Po\u0165\u00e1k. Je t\u0159eba pou\u017e\u00edvat ho i v l\u00e9t\u011b?\" \/>\n<meta property=\"og:description\" content=\"Vid\u00edte to v horsk\u00fdch etap\u00e1ch Gira, Tour de France i Vuelty. Slunce p\u00e1l\u00ed, jezdci jedou na hranici sv\u00fdch sil a rozep\u00ednaj\u00ed si dresy. N\u011bkte\u0159\u00ed odhal\u00ed vyhublou holou hru\u010f, na kter\u00e9 se kinkl\u00e1 zlat\u00fd \u0159et\u011bz s k\u0159\u00ed\u017eem, u jin\u00fdch vid\u00edme pod dresem spodn\u00ed vrstvu neboli po\u0165\u00e1k. Ale kdo m\u00e1 vlastn\u011b pravdu?\" \/>\n<meta property=\"og:url\" content=\"https:\/\/www.welovecycling.com\/cs\/2025\/08\/06\/potak-je-treba-pouzivat-ho-i-v-lete\/\" \/>\n<meta property=\"og:site_name\" content=\"\u0160koda We Love Cycling - \u010cesk\u00e1 republika\" \/>\n<meta property=\"article:published_time\" content=\"2025-08-06T13:07:17+00:00\" \/>\n<meta property=\"article:modified_time\" content=\"2025-08-06T14:55:37+00:00\" \/>\n<meta property=\"og:image\" content=\"https:\/\/d2p6e6u75xmxt8.cloudfront.net\/13\/2025\/08\/20250713TDF1105-scaled.webp\" \/>\n\t<meta property=\"og:image:width\" content=\"2560\" \/>\n\t<meta property=\"og:image:height\" content=\"1707\" \/>\n\t<meta property=\"og:image:type\" content=\"image\/webp\" \/>\n<meta name=\"author\" content=\"radekmalina\" \/>\n<meta name=\"twitter:card\" content=\"summary_large_image\" \/>\n<meta name=\"twitter:label1\" content=\"Written by\" \/>\n\t<meta name=\"twitter:data1\" content=\"Radek Malina\" \/>\n\t<meta name=\"twitter:label2\" content=\"Est. reading time\" \/>\n\t<meta name=\"twitter:data2\" content=\"6\" \/>\n<script type=\"application\/ld+json\" class=\"yoast-schema-graph\">{\"@context\":\"https:\/\/schema.org\",\"@graph\":[{\"@type\":\"WebPage\",\"@id\":\"https:\/\/www.welovecycling.com\/cs\/2025\/08\/06\/potak-je-treba-pouzivat-ho-i-v-lete\/\",\"url\":\"https:\/\/www.welovecycling.com\/cs\/2025\/08\/06\/potak-je-treba-pouzivat-ho-i-v-lete\/\",\"name\":\"Po\u0165\u00e1k. Je t\u0159eba pou\u017e\u00edvat ho i v l\u00e9t\u011b? | \u0160koda We Love Cycling - \u010cesk\u00e1 republika\",\"isPartOf\":{\"@id\":\"https:\/\/www.welovecycling.com\/cs\/#website\"},\"primaryImageOfPage\":{\"@id\":\"https:\/\/www.welovecycling.com\/cs\/2025\/08\/06\/potak-je-treba-pouzivat-ho-i-v-lete\/#primaryimage\"},\"image\":{\"@id\":\"https:\/\/www.welovecycling.com\/cs\/2025\/08\/06\/potak-je-treba-pouzivat-ho-i-v-lete\/#primaryimage\"},\"thumbnailUrl\":\"https:\/\/d2p6e6u75xmxt8.cloudfront.net\/13\/2025\/08\/20250713TDF1105-scaled.webp\",\"datePublished\":\"2025-08-06T13:07:17+00:00\",\"dateModified\":\"2025-08-06T14:55:37+00:00\",\"author\":{\"@id\":\"https:\/\/www.welovecycling.com\/cs\/#\/schema\/person\/d9eeb0a378f3a7e4a6d12d2b536b04b8\"},\"description\":\"Vid\u00edte to v horsk\u00fdch etap\u00e1ch Gira, Tour de France i Vuelty. Slunce p\u00e1l\u00ed, jezdci jedou na hranici sv\u00fdch sil a rozep\u00ednaj\u00ed si dresy. N\u011bkte\u0159\u00ed odhal\u00ed vyhublou holou hru\u010f, na kter\u00e9 se kinkl\u00e1 zlat\u00fd \u0159et\u011bz s k\u0159\u00ed\u017eem, u jin\u00fdch vid\u00edme pod dresem spodn\u00ed vrstvu neboli po\u0165\u00e1k. Ale kdo m\u00e1 vlastn\u011b pravdu?\",\"inLanguage\":\"cs\",\"potentialAction\":[{\"@type\":\"ReadAction\",\"target\":[\"https:\/\/www.welovecycling.com\/cs\/2025\/08\/06\/potak-je-treba-pouzivat-ho-i-v-lete\/\"]}]},{\"@type\":\"ImageObject\",\"inLanguage\":\"cs\",\"@id\":\"https:\/\/www.welovecycling.com\/cs\/2025\/08\/06\/potak-je-treba-pouzivat-ho-i-v-lete\/#primaryimage\",\"url\":\"https:\/\/d2p6e6u75xmxt8.cloudfront.net\/13\/2025\/08\/20250713TDF1105-scaled.webp\",\"contentUrl\":\"https:\/\/d2p6e6u75xmxt8.cloudfront.net\/13\/2025\/08\/20250713TDF1105-scaled.webp\",\"width\":2560,\"height\":1707,\"caption\":\"Mathieu van der Poel . Jak\u00e9 rekordy mohou padnout v roce 2026? Foto: Charly Lopez\"},{\"@type\":\"WebSite\",\"@id\":\"https:\/\/www.welovecycling.com\/cs\/#website\",\"url\":\"https:\/\/www.welovecycling.com\/cs\/\",\"name\":\"\u0160koda We Love Cycling - \u010cesk\u00e1 republika\",\"description\":\"WeLoveCycling.cz je online magaz\u00edn, kter\u00fd v\u00e1m pravideln\u011b p\u0159in\u00e1\u0161\u00ed rady a tipy, zaj\u00edmav\u00e9 \u010dl\u00e1nky, videa a jedine\u010dn\u00e9 report\u00e1\u017ee ze sv\u011bta cyklistiky.\",\"potentialAction\":[{\"@type\":\"SearchAction\",\"target\":{\"@type\":\"EntryPoint\",\"urlTemplate\":\"https:\/\/www.welovecycling.com\/cs\/?s={search_term_string}\"},\"query-input\":{\"@type\":\"PropertyValueSpecification\",\"valueRequired\":true,\"valueName\":\"search_term_string\"}}],\"inLanguage\":\"cs\"},{\"@type\":\"Person\",\"@id\":\"https:\/\/www.welovecycling.com\/cs\/#\/schema\/person\/d9eeb0a378f3a7e4a6d12d2b536b04b8\",\"name\":\"radekmalina\",\"image\":{\"@type\":\"ImageObject\",\"inLanguage\":\"cs\",\"@id\":\"https:\/\/www.welovecycling.com\/cs\/#\/schema\/person\/image\/\",\"url\":\"https:\/\/secure.gravatar.com\/avatar\/66994b632cb8c39a46b9f54afa3ae07201b678d32a54275b6f1c9ffec356bfc0?s=96&d=mm&r=g\",\"contentUrl\":\"https:\/\/secure.gravatar.com\/avatar\/66994b632cb8c39a46b9f54afa3ae07201b678d32a54275b6f1c9ffec356bfc0?s=96&d=mm&r=g\",\"caption\":\"radekmalina\"},\"url\":\"https:\/\/www.welovecycling.com\/cs\/author\/radekmalina\/\"}]}<\/script>\n<!-- \/ Yoast SEO Premium plugin. -->","yoast_head_json":{"title":"Po\u0165\u00e1k. Je t\u0159eba pou\u017e\u00edvat ho i v l\u00e9t\u011b? | \u0160koda We Love Cycling - \u010cesk\u00e1 republika","description":"Vid\u00edte to v horsk\u00fdch etap\u00e1ch Gira, Tour de France i Vuelty. Slunce p\u00e1l\u00ed, jezdci jedou na hranici sv\u00fdch sil a rozep\u00ednaj\u00ed si dresy. N\u011bkte\u0159\u00ed odhal\u00ed vyhublou holou hru\u010f, na kter\u00e9 se kinkl\u00e1 zlat\u00fd \u0159et\u011bz s k\u0159\u00ed\u017eem, u jin\u00fdch vid\u00edme pod dresem spodn\u00ed vrstvu neboli po\u0165\u00e1k. Ale kdo m\u00e1 vlastn\u011b pravdu?","robots":{"index":"index","follow":"follow","max-snippet":"max-snippet:-1","max-image-preview":"max-image-preview:large","max-video-preview":"max-video-preview:-1"},"canonical":"https:\/\/www.welovecycling.com\/cs\/2025\/08\/06\/potak-je-treba-pouzivat-ho-i-v-lete\/","og_locale":"cs_CZ","og_type":"article","og_title":"Po\u0165\u00e1k. Je t\u0159eba pou\u017e\u00edvat ho i v l\u00e9t\u011b?","og_description":"Vid\u00edte to v horsk\u00fdch etap\u00e1ch Gira, Tour de France i Vuelty. Slunce p\u00e1l\u00ed, jezdci jedou na hranici sv\u00fdch sil a rozep\u00ednaj\u00ed si dresy. N\u011bkte\u0159\u00ed odhal\u00ed vyhublou holou hru\u010f, na kter\u00e9 se kinkl\u00e1 zlat\u00fd \u0159et\u011bz s k\u0159\u00ed\u017eem, u jin\u00fdch vid\u00edme pod dresem spodn\u00ed vrstvu neboli po\u0165\u00e1k. Ale kdo m\u00e1 vlastn\u011b pravdu?","og_url":"https:\/\/www.welovecycling.com\/cs\/2025\/08\/06\/potak-je-treba-pouzivat-ho-i-v-lete\/","og_site_name":"\u0160koda We Love Cycling - \u010cesk\u00e1 republika","article_published_time":"2025-08-06T13:07:17+00:00","article_modified_time":"2025-08-06T14:55:37+00:00","og_image":[{"width":2560,"height":1707,"url":"https:\/\/d2p6e6u75xmxt8.cloudfront.net\/13\/2025\/08\/20250713TDF1105-scaled.webp","type":"image\/webp"}],"author":"radekmalina","twitter_card":"summary_large_image","twitter_misc":{"Written by":"Radek Malina","Est. reading time":"6"},"schema":{"@context":"https:\/\/schema.org","@graph":[{"@type":"WebPage","@id":"https:\/\/www.welovecycling.com\/cs\/2025\/08\/06\/potak-je-treba-pouzivat-ho-i-v-lete\/","url":"https:\/\/www.welovecycling.com\/cs\/2025\/08\/06\/potak-je-treba-pouzivat-ho-i-v-lete\/","name":"Po\u0165\u00e1k. Je t\u0159eba pou\u017e\u00edvat ho i v l\u00e9t\u011b? | \u0160koda We Love Cycling - \u010cesk\u00e1 republika","isPartOf":{"@id":"https:\/\/www.welovecycling.com\/cs\/#website"},"primaryImageOfPage":{"@id":"https:\/\/www.welovecycling.com\/cs\/2025\/08\/06\/potak-je-treba-pouzivat-ho-i-v-lete\/#primaryimage"},"image":{"@id":"https:\/\/www.welovecycling.com\/cs\/2025\/08\/06\/potak-je-treba-pouzivat-ho-i-v-lete\/#primaryimage"},"thumbnailUrl":"https:\/\/d2p6e6u75xmxt8.cloudfront.net\/13\/2025\/08\/20250713TDF1105-scaled.webp","datePublished":"2025-08-06T13:07:17+00:00","dateModified":"2025-08-06T14:55:37+00:00","author":{"@id":"https:\/\/www.welovecycling.com\/cs\/#\/schema\/person\/d9eeb0a378f3a7e4a6d12d2b536b04b8"},"description":"Vid\u00edte to v horsk\u00fdch etap\u00e1ch Gira, Tour de France i Vuelty. Slunce p\u00e1l\u00ed, jezdci jedou na hranici sv\u00fdch sil a rozep\u00ednaj\u00ed si dresy. N\u011bkte\u0159\u00ed odhal\u00ed vyhublou holou hru\u010f, na kter\u00e9 se kinkl\u00e1 zlat\u00fd \u0159et\u011bz s k\u0159\u00ed\u017eem, u jin\u00fdch vid\u00edme pod dresem spodn\u00ed vrstvu neboli po\u0165\u00e1k. Ale kdo m\u00e1 vlastn\u011b pravdu?","inLanguage":"cs","potentialAction":[{"@type":"ReadAction","target":["https:\/\/www.welovecycling.com\/cs\/2025\/08\/06\/potak-je-treba-pouzivat-ho-i-v-lete\/"]}]},{"@type":"ImageObject","inLanguage":"cs","@id":"https:\/\/www.welovecycling.com\/cs\/2025\/08\/06\/potak-je-treba-pouzivat-ho-i-v-lete\/#primaryimage","url":"https:\/\/d2p6e6u75xmxt8.cloudfront.net\/13\/2025\/08\/20250713TDF1105-scaled.webp","contentUrl":"https:\/\/d2p6e6u75xmxt8.cloudfront.net\/13\/2025\/08\/20250713TDF1105-scaled.webp","width":2560,"height":1707,"caption":"Mathieu van der Poel . Jak\u00e9 rekordy mohou padnout v roce 2026? Foto: Charly Lopez"},{"@type":"WebSite","@id":"https:\/\/www.welovecycling.com\/cs\/#website","url":"https:\/\/www.welovecycling.com\/cs\/","name":"\u0160koda We Love Cycling - \u010cesk\u00e1 republika","description":"WeLoveCycling.cz je online magaz\u00edn, kter\u00fd v\u00e1m pravideln\u011b p\u0159in\u00e1\u0161\u00ed rady a tipy, zaj\u00edmav\u00e9 \u010dl\u00e1nky, videa a jedine\u010dn\u00e9 report\u00e1\u017ee ze sv\u011bta cyklistiky.","potentialAction":[{"@type":"SearchAction","target":{"@type":"EntryPoint","urlTemplate":"https:\/\/www.welovecycling.com\/cs\/?s={search_term_string}"},"query-input":{"@type":"PropertyValueSpecification","valueRequired":true,"valueName":"search_term_string"}}],"inLanguage":"cs"},{"@type":"Person","@id":"https:\/\/www.welovecycling.com\/cs\/#\/schema\/person\/d9eeb0a378f3a7e4a6d12d2b536b04b8","name":"radekmalina","image":{"@type":"ImageObject","inLanguage":"cs","@id":"https:\/\/www.welovecycling.com\/cs\/#\/schema\/person\/image\/","url":"https:\/\/secure.gravatar.com\/avatar\/66994b632cb8c39a46b9f54afa3ae07201b678d32a54275b6f1c9ffec356bfc0?s=96&d=mm&r=g","contentUrl":"https:\/\/secure.gravatar.com\/avatar\/66994b632cb8c39a46b9f54afa3ae07201b678d32a54275b6f1c9ffec356bfc0?s=96&d=mm&r=g","caption":"radekmalina"},"url":"https:\/\/www.welovecycling.com\/cs\/author\/radekmalina\/"}]}},"_links":{"self":[{"href":"https:\/\/www.welovecycling.com\/cs\/wp-json\/wp\/v2\/posts\/30483","targetHints":{"allow":["GET"]}}],"collection":[{"href":"https:\/\/www.welovecycling.com\/cs\/wp-json\/wp\/v2\/posts"}],"about":[{"href":"https:\/\/www.welovecycling.com\/cs\/wp-json\/wp\/v2\/types\/post"}],"author":[{"embeddable":true,"href":"https:\/\/www.welovecycling.com\/cs\/wp-json\/wp\/v2\/users\/138"}],"replies":[{"embeddable":true,"href":"https:\/\/www.welovecycling.com\/cs\/wp-json\/wp\/v2\/comments?post=30483"}],"version-history":[{"count":2,"href":"https:\/\/www.welovecycling.com\/cs\/wp-json\/wp\/v2\/posts\/30483\/revisions"}],"predecessor-version":[{"id":30490,"href":"https:\/\/www.welovecycling.com\/cs\/wp-json\/wp\/v2\/posts\/30483\/revisions\/30490"}],"wp:featuredmedia":[{"embeddable":true,"href":"https:\/\/www.welovecycling.com\/cs\/wp-json\/wp\/v2\/media\/30484"}],"wp:attachment":[{"href":"https:\/\/www.welovecycling.com\/cs\/wp-json\/wp\/v2\/media?parent=30483"}],"wp:term":[{"taxonomy":"category","embeddable":true,"href":"https:\/\/www.welovecycling.com\/cs\/wp-json\/wp\/v2\/categories?post=30483"},{"taxonomy":"post_tag","embeddable":true,"href":"https:\/\/www.welovecycling.com\/cs\/wp-json\/wp\/v2\/tags?post=30483"},{"taxonomy":"global-categories","embeddable":true,"href":"https:\/\/www.welovecycling.com\/cs\/wp-json\/wp\/v2\/global-categories?post=30483"}],"curies":[{"name":"wp","href":"https:\/\/api.w.org\/{rel}","templated":true}]}}