{"id":30471,"date":"2025-08-05T18:32:11","date_gmt":"2025-08-05T16:32:11","guid":{"rendered":"https:\/\/www.welovecycling.com\/cs\/?p=30471"},"modified":"2025-08-05T19:06:57","modified_gmt":"2025-08-05T17:06:57","slug":"remco-evenepoel-patri-bykum-od-ledna-bude-jezdit-za-red-bull","status":"publish","type":"post","link":"https:\/\/www.welovecycling.com\/cs\/2025\/08\/05\/remco-evenepoel-patri-bykum-od-ledna-bude-jezdit-za-red-bull\/","title":{"rendered":"Remco Evenepoel pat\u0159\u00ed B\u00fdk\u016fm!"},"content":{"rendered":"<p><strong>Konec \u0161u\u0161kandy! Remco Evenepoel bude z\u00e1vodit za Red Bull Bora hansgrohe. Belgick\u00fd z\u00e1vodn\u00edk dokon\u010d\u00ed st\u00e1vaj\u00edc\u00ed sezonu ve st\u00e1ji Soudal Quick Step, kter\u00e1 jej uvoln\u00ed rok p\u0159ed vypr\u0161en\u00edm kontraktu.<\/strong><\/p>\n<p>&#8222;Z\u00e1stupci Remca Evenepoela informovali veden\u00ed t\u00fdmu, \u017ee si nep\u0159eje diskutovat o prodlou\u017een\u00ed sv\u00e9 sou\u010dasn\u00e9 smlouvy, kter\u00e1 vypr\u0161\u00ed na konci roku 2026. Po konzultac\u00edch s na\u0161imi sponzory a partnery se majitel\u00e9 a veden\u00ed t\u00fdmu rozhodli, \u017ee je v nejlep\u0161\u00edm z\u00e1jmu v\u0161ech dohodnout, aby se Remco mohl na konci aktu\u00e1ln\u00ed sezony 2025 p\u0159est\u011bhovat,&#8220; stoj\u00ed v ofici\u00e1ln\u00edm prohl\u00e1\u0161en\u00ed belgick\u00e9ho t\u00fdmu.<\/p>\n<p><strong>Remco Evenepoel<\/strong> prost\u0159ednictv\u00edm sv\u00e9ho ofici\u00e1ln\u00edho instagramov\u00e9ho \u00fa\u010dtu sd\u00edlel video budouc\u00edho zam\u011bstnavatele, kter\u00fd k ozn\u00e1men\u00ed dohody pou\u017eil neutr\u00e1ln\u00ed fotku v belgick\u00e9m n\u00e1rodn\u00edm trikotu z c\u00edle olympijsk\u00fdch her v Pa\u0159\u00ed\u017ei, kde posila n\u011bmeck\u00e9ho t\u00fdmu z\u00edskala dv\u011b zlat\u00e9 olympijsk\u00e9 medaile v \u010dasovce i hromadn\u00e9m z\u00e1vod\u011b. &#8222;V\u00edtej Remco. Za\u010d\u00e1tek nov\u00e9 \u00e9ry,&#8220; stoj\u00ed v prost\u00e9m koment\u00e1\u0159i.<\/p>\n<h2><strong>Z fotbalu do Vl\u010d\u00ed sme\u010dky<\/strong><\/h2>\n<p>Belgick\u00fd z\u00e1vodn\u00edk se stal profesion\u00e1lem v sezon\u011b 2019, kdy podepsal prvn\u00ed kontrakt se sestavou Patricka Lefevera, tehdej\u0161\u00edho mana\u017eera Vl\u010d\u00ed sme\u010dky. Jen\u017ee postupem \u010dasu s\u00edla spojen\u00ed vyprchala a opakovan\u011b se spekulovalo o p\u0159estupu ambici\u00f3zn\u00edho belgick\u00e9ho mlad\u00edka.<\/p>\n<p>U\u017e v roce 2021, kdy\u017e Patrick Lefevere hledal n\u00e1hradu za sponzora (Deceuninck), krou\u017eily movit\u00e9 t\u00fdmy kolem b\u00fdval\u00e9ho fotbalisty z\u00e1vod\u00edc\u00edho v trikotu Vl\u010d\u00ed sme\u010dky jako supi. U\u017e tehdy \u00fadajn\u011b veden\u00ed sestavy Bora hansgrohe nab\u00edzelo belgick\u00e9mu mlad\u00edkovi astronomick\u00fd plat a p\u011btilet\u00fd kontrakt.<\/p>\n<figure id=\"attachment_18566\" aria-describedby=\"caption-attachment-18566\" style=\"width: 1800px\" class=\"wp-caption alignnone\"><a href=\"https:\/\/d2p6e6u75xmxt8.cloudfront.net\/13\/2022\/08\/Evenepoel-crash-profimedia-0552720034.webp\"><img loading=\"lazy\" decoding=\"async\" class=\"size-full wp-image-18566\" src=\"https:\/\/d2p6e6u75xmxt8.cloudfront.net\/13\/2022\/08\/Evenepoel-crash-profimedia-0552720034.webp\" alt=\"Remco Evenepoel v bolestech po nehod\u011b p\u0159i z\u00e1vod\u011b Kolem Lombardie. Foto: profimedia\" width=\"1800\" height=\"1200\" srcset=\"https:\/\/d2p6e6u75xmxt8.cloudfront.net\/13\/2022\/08\/Evenepoel-crash-profimedia-0552720034.webp 1800w, https:\/\/d2p6e6u75xmxt8.cloudfront.net\/13\/2022\/08\/Evenepoel-crash-profimedia-0552720034-300x200.webp 300w, https:\/\/d2p6e6u75xmxt8.cloudfront.net\/13\/2022\/08\/Evenepoel-crash-profimedia-0552720034-1024x683.webp 1024w, https:\/\/d2p6e6u75xmxt8.cloudfront.net\/13\/2022\/08\/Evenepoel-crash-profimedia-0552720034-768x512.webp 768w, https:\/\/d2p6e6u75xmxt8.cloudfront.net\/13\/2022\/08\/Evenepoel-crash-profimedia-0552720034-1536x1024.webp 1536w, https:\/\/d2p6e6u75xmxt8.cloudfront.net\/13\/2022\/08\/Evenepoel-crash-profimedia-0552720034-272x182.webp 272w\" sizes=\"auto, (max-width: 1800px) 100vw, 1800px\" \/><\/a><figcaption id=\"caption-attachment-18566\" class=\"wp-caption-text\"><em>Remco Evenepoel v bolestech po nehod\u011b p\u0159i z\u00e1vod\u011b Kolem Lombardie. Foto: profimedia<\/em><\/figcaption><\/figure>\n<p>Na za\u010d\u00e1tku dubna t\u00e9ho\u017e roku nakonec Remco Evenepol podepsal p\u011btilet\u00fd kontrakt v Soudal Quick Step s platnost\u00ed do konce sezony 2026.<\/p>\n<div class=\"shortcode-ys-post-pinup\"><article class=\"loop-simple post-30384 post type-post status-publish format-standard has-post-thumbnail hentry category-letape-czech-republic tag-andy-schleck tag-cyklistika tag-frank-schleck tag-horska-letape tag-prachatice tag-silnicni-cyklistika tag-tour-de-france tag-tour-de-france-2010 global-categories-cycling\" data-postid=\"30384\" role=\"article\" data-post-id=\"30384\" data-word-count=\"842\" data-headline-length=\"43\" data-category=\"L&#039;Etape Czech Republic\" data-global-category=\"Cycling\" data-author=\"Radek Malina\" data-published=\"2025-07-31T16:00:54+02:00\" data-published-day=\"Thursday\">\n    <div class=\"entry-thumbnail article-thumbnail\" content=\"https:\/\/d2p6e6u75xmxt8.cloudfront.net\/13\/2024\/08\/1864-SKODA-TDF-Femmes-2024-150x150.webp\"><a href=\"https:\/\/www.welovecycling.com\/cs\/2025\/07\/31\/sampionem-tour-ale-bez-financni-odmeny\/\" class=\"image-holder\" target=\"_self\"><img decoding=\"async\" loading=\"lazy\" class=\"\" src=\"https:\/\/d2p6e6u75xmxt8.cloudfront.net\/13\/2024\/08\/1864-SKODA-TDF-Femmes-2024-1024x683.webp\" srcset=\"https:\/\/d2p6e6u75xmxt8.cloudfront.net\/13\/2024\/08\/1864-SKODA-TDF-Femmes-2024-scaled.webp 2560w, https:\/\/d2p6e6u75xmxt8.cloudfront.net\/13\/2024\/08\/1864-SKODA-TDF-Femmes-2024-300x200.webp 300w, https:\/\/d2p6e6u75xmxt8.cloudfront.net\/13\/2024\/08\/1864-SKODA-TDF-Femmes-2024-1024x683.webp 1024w, https:\/\/d2p6e6u75xmxt8.cloudfront.net\/13\/2024\/08\/1864-SKODA-TDF-Femmes-2024-768x512.webp 768w, https:\/\/d2p6e6u75xmxt8.cloudfront.net\/13\/2024\/08\/1864-SKODA-TDF-Femmes-2024-1536x1024.webp 1536w, https:\/\/d2p6e6u75xmxt8.cloudfront.net\/13\/2024\/08\/1864-SKODA-TDF-Femmes-2024-2048x1366.webp 2048w, https:\/\/d2p6e6u75xmxt8.cloudfront.net\/13\/2024\/08\/1864-SKODA-TDF-Femmes-2024-1920x1280.webp 1920w, https:\/\/d2p6e6u75xmxt8.cloudfront.net\/13\/2024\/08\/1864-SKODA-TDF-Femmes-2024-400x267.webp 400w, https:\/\/d2p6e6u75xmxt8.cloudfront.net\/13\/2024\/08\/1864-SKODA-TDF-Femmes-2024-272x182.webp 272w, https:\/\/d2p6e6u75xmxt8.cloudfront.net\/13\/2024\/08\/1864-SKODA-TDF-Femmes-2024-1920x1280.webp 1920w\" width=\"1024\" height=\"683\" sizes=\"auto, (min-width: 1200px) 300px, (min-width: 768px) 25vw, 100vw\" alt=\"sampionem-tour-ale-bez-financni-odmeny\"\/><\/a><\/div>    <div class=\"entry-meta\">\n        <a class=\"label label-secondary post-category\" href=\"https:\/\/www.welovecycling.com\/cs\/category\/letape-czech-republic\/\" title=\"L'Etape Czech Republic\">L'Etape Czech Republic<\/a>\n    <\/div>\n    <div class=\"entry-details\">\n        <a href=\"https:\/\/www.welovecycling.com\/cs\/2025\/07\/31\/sampionem-tour-ale-bez-financni-odmeny\/\" class='entry-title-wrapper'>\n            <h3 class=\"entry-title\"><span>\u0160ampionem Tour, ale bez finan\u010dn\u00ed odm\u011bny<\/span><\/h3>\n        <\/a>\n    <\/div>\n    <\/article>\n<\/div>\n<p>&#8222;Skute\u010dn\u00fd vlk nikdy neopou\u0161t\u00ed sme\u010dku. V\u011b\u0159\u00edm, \u017ee spole\u010dn\u011b napln\u00edme velk\u00e9 sny. Miluji tenhle t\u00fdm,&#8220; napsal tehdy Remco Evenepol na soci\u00e1ln\u00ed s\u00edti X.<\/p>\n<h2><strong>Vyhr\u00e1l Vueltu a strhl pozornost velk\u00fdch t\u00fdm\u016f<\/strong><\/h2>\n<p>Klasik\u00e1\u0159sk\u00fd t\u00fdm, jeho\u017e jedin\u00fdm posl\u00e1n\u00edm bylo sb\u00edrat v\u00edt\u011bzstv\u00ed z jednodenn\u00edch z\u00e1vod\u016f \u010di v etap\u00e1ch velk\u00fdch bitev, se prom\u011bnil na sestavu, kde vrcholem pyramidy byl Remco Evenepoel a DNA t\u00fdmu se prom\u011bnila na formaci pro celkov\u00e9 po\u0159ad\u00ed ve velk\u00fdch z\u00e1vodech. Na podzim 2022 belgick\u00fd klenot Vl\u010d\u00ed sme\u010dky vyhr\u00e1l \u0161pan\u011blskou Vueltu.<\/p>\n<figure id=\"attachment_18865\" aria-describedby=\"caption-attachment-18865\" style=\"width: 1920px\" class=\"wp-caption alignnone\"><a href=\"https:\/\/d2p6e6u75xmxt8.cloudfront.net\/13\/2022\/09\/Evenepoel.webp\"><img loading=\"lazy\" decoding=\"async\" class=\"size-extra-large wp-image-18865\" src=\"https:\/\/d2p6e6u75xmxt8.cloudfront.net\/13\/2022\/09\/Evenepoel-1920x1280.webp\" alt=\"Remco Evenepoel\" width=\"1920\" height=\"1280\" srcset=\"https:\/\/d2p6e6u75xmxt8.cloudfront.net\/13\/2022\/09\/Evenepoel-1920x1280.webp 1920w, https:\/\/d2p6e6u75xmxt8.cloudfront.net\/13\/2022\/09\/Evenepoel-300x200.webp 300w, https:\/\/d2p6e6u75xmxt8.cloudfront.net\/13\/2022\/09\/Evenepoel-1024x682.webp 1024w, https:\/\/d2p6e6u75xmxt8.cloudfront.net\/13\/2022\/09\/Evenepoel-768x512.webp 768w, https:\/\/d2p6e6u75xmxt8.cloudfront.net\/13\/2022\/09\/Evenepoel-1536x1024.webp 1536w, https:\/\/d2p6e6u75xmxt8.cloudfront.net\/13\/2022\/09\/Evenepoel-272x182.webp 272w, https:\/\/d2p6e6u75xmxt8.cloudfront.net\/13\/2022\/09\/Evenepoel.webp 2000w, https:\/\/d2p6e6u75xmxt8.cloudfront.net\/13\/2022\/09\/Evenepoel-1920x1280.webp 1920w\" sizes=\"auto, (max-width: 1920px) 100vw, 1920px\" \/><\/a><figcaption id=\"caption-attachment-18865\" class=\"wp-caption-text\"><em>Remco Evenepoel v rud\u00e9m trikotu l\u00eddra \u0161pan\u011blsk\u00e9 Vuelty.<\/em><\/figcaption><\/figure>\n<p>O rok pozd\u011bji, v pr\u016fb\u011bhu podzimu, nejprve o slu\u017eby Belgi\u010dana usilovala sestava Ineos Grenadiers. Pak m\u011blo doj\u00edt na spojen\u00ed belgick\u00e9ho t\u00fdmu s nizozemskou formac\u00ed Visma Lease a Bike. Ale nic se neprom\u011bnilo v realitu.<\/p>\n<p>A tak b\u011bhem l\u00e9ta 2024 oslnil Remco Evenepoel v trikotu nejprve celkovou t\u0159et\u00ed p\u0159\u00ed\u010dkou na Tour de France, n\u00e1sledn\u011b dv\u011bma zlat\u00fdmi olympijsk\u00fdmi medailemi. Dal\u0161\u00ed v\u00e1bni\u010dka pro uchaze\u010de o slu\u017eby belgick\u00e9ho cyklisty. A proto\u017ee n\u011bmeck\u00e1 formace z\u00edskala mega sponzora v podob\u011b Red Bullu, m\u011bla prakticky neomezen\u00e9 mo\u017enosti.<\/p>\n<div class=\"shortcode-ys-post-pinup\"><article class=\"loop-simple post-30368 post type-post status-publish format-standard has-post-thumbnail hentry category-tour-de-france tag-cyklistika tag-konec-kariery tag-los-angeles-2028 tag-silnicni-cyklistika tag-tadej-pogacar tag-tour-de-france tag-tour-de-france-2025 tag-vuelta global-categories-cycling\" data-postid=\"30368\" role=\"article\" data-post-id=\"30368\" data-word-count=\"516\" data-headline-length=\"41\" data-category=\"Tour de France\" data-global-category=\"Cycling\" data-author=\"Radek Malina\" data-published=\"2025-07-30T13:20:57+02:00\" data-published-day=\"Wednesday\">\n    <div class=\"entry-thumbnail article-thumbnail\" content=\"https:\/\/d2p6e6u75xmxt8.cloudfront.net\/13\/2025\/07\/20250717TDF1005-150x150.webp\"><a href=\"https:\/\/www.welovecycling.com\/cs\/2025\/07\/30\/proc-tadej-pogacar-zustane-v-pelotonu-a-neukonci-karieru\/\" class=\"image-holder\" target=\"_self\"><img decoding=\"async\" loading=\"lazy\" class=\"\" src=\"https:\/\/d2p6e6u75xmxt8.cloudfront.net\/13\/2025\/07\/20250717TDF1005-1024x683.webp\" srcset=\"https:\/\/d2p6e6u75xmxt8.cloudfront.net\/13\/2025\/07\/20250717TDF1005-scaled.webp 2560w, https:\/\/d2p6e6u75xmxt8.cloudfront.net\/13\/2025\/07\/20250717TDF1005-300x200.webp 300w, https:\/\/d2p6e6u75xmxt8.cloudfront.net\/13\/2025\/07\/20250717TDF1005-1024x683.webp 1024w, https:\/\/d2p6e6u75xmxt8.cloudfront.net\/13\/2025\/07\/20250717TDF1005-768x512.webp 768w, https:\/\/d2p6e6u75xmxt8.cloudfront.net\/13\/2025\/07\/20250717TDF1005-1536x1024.webp 1536w, https:\/\/d2p6e6u75xmxt8.cloudfront.net\/13\/2025\/07\/20250717TDF1005-2048x1365.webp 2048w, https:\/\/d2p6e6u75xmxt8.cloudfront.net\/13\/2025\/07\/20250717TDF1005-1920x1280.webp 1920w, https:\/\/d2p6e6u75xmxt8.cloudfront.net\/13\/2025\/07\/20250717TDF1005-400x267.webp 400w, https:\/\/d2p6e6u75xmxt8.cloudfront.net\/13\/2025\/07\/20250717TDF1005-272x182.webp 272w, https:\/\/d2p6e6u75xmxt8.cloudfront.net\/13\/2025\/07\/20250717TDF1005-1920x1280.webp 1920w\" width=\"1024\" height=\"683\" sizes=\"auto, (min-width: 1200px) 300px, (min-width: 768px) 25vw, 100vw\" alt=\"proc-tadej-pogacar-zustane-v-pelotonu-a-neukonci-karieru\"\/><\/a><\/div>    <div class=\"entry-meta\">\n        <a class=\"label label-secondary post-category\" href=\"https:\/\/www.welovecycling.com\/cs\/category\/tour-de-france\/\" title=\"Tour de France\">Tour de France<\/a>\n    <\/div>\n    <div class=\"entry-details\">\n        <a href=\"https:\/\/www.welovecycling.com\/cs\/2025\/07\/30\/proc-tadej-pogacar-zustane-v-pelotonu-a-neukonci-karieru\/\" class='entry-title-wrapper'>\n            <h3 class=\"entry-title\"><span>Pro\u010d Tadej Poga\u010dar neukon\u010d\u00ed kari\u00e9ru?<\/span><\/h3>\n        <\/a>\n    <\/div>\n    <\/article>\n<\/div>\n<p>Na prvn\u00ed pokus se nepoda\u0159ilo dohodu uskute\u010dnit a jedni\u010dkou B\u00fdk\u016f pro sezonu 2025 z\u016fstal Primo\u017e Rogli\u010d. Jen\u017ee Ralph Denk, mana\u017eer n\u011bmeck\u00e9 sestavy , se nevzdal. A\u017e p\u0159\u00edli\u0161 intenzivn\u011b sn\u00ed o v\u00edt\u011bzstv\u00ed na Tour de France, p\u0159i\u010dem\u017e ztratil v\u00edru ve slovinsk\u00e9ho matadora. Pro souboj s Tadejem Poga\u010daram (UAE Emirates), respektive Jonasem Vingegaardem (Visma Lease a Bike), pot\u0159ebuje kalibr r\u00e1\u017ee Remco Evenepoel.<\/p>\n<h2><strong>Remco Evenepoel u\u017e necht\u011bl ztratit dal\u0161\u00ed rok<\/strong><\/h2>\n<p>Belgi\u010dan u\u017e \u00fadajn\u011b necht\u011bl ve Vl\u010d\u00ed sme\u010dce marnit dal\u0161\u00ed rok. A kdy\u017e st\u00e1le otev\u0159en\u011bji d\u00e1val najevo nechu\u0165 setrvat, veden\u00ed Soudal Quick Step rad\u011bji zm\u011bnilo p\u0159\u00edstup.<\/p>\n<p>Na nov\u00e9 adrese z\u00edsk\u00e1 dvojn\u00e1sobn\u00fd v\u00edt\u011bz Monumentu Lutych-Bastogne-Lutych a sv\u011btov\u00fd \u0161ampion z roku 2022 lep\u0161\u00ed kontrakt, hlavn\u011b v\u0161ak mnohem lep\u0161\u00ed z\u00e1zem\u00ed k \u00fatoku na celkov\u00e9 prvenstv\u00ed z Tour de France.<\/p>\n<figure id=\"attachment_26772\" aria-describedby=\"caption-attachment-26772\" style=\"width: 1800px\" class=\"wp-caption alignnone\"><a href=\"https:\/\/d2p6e6u75xmxt8.cloudfront.net\/13\/2024\/08\/profimedia-0895677762.webp\"><img loading=\"lazy\" decoding=\"async\" class=\"size-full wp-image-26772\" src=\"https:\/\/d2p6e6u75xmxt8.cloudfront.net\/13\/2024\/08\/profimedia-0895677762.webp\" alt=\"Remco Evenepoel a jeho dv\u011b zlat\u00e9 olympijsk\u00e9 medaile v Pa\u0159\u00ed\u017ei 2024.\" width=\"1800\" height=\"1200\" srcset=\"https:\/\/d2p6e6u75xmxt8.cloudfront.net\/13\/2024\/08\/profimedia-0895677762.webp 1800w, https:\/\/d2p6e6u75xmxt8.cloudfront.net\/13\/2024\/08\/profimedia-0895677762-300x200.webp 300w, https:\/\/d2p6e6u75xmxt8.cloudfront.net\/13\/2024\/08\/profimedia-0895677762-1024x683.webp 1024w, https:\/\/d2p6e6u75xmxt8.cloudfront.net\/13\/2024\/08\/profimedia-0895677762-768x512.webp 768w, https:\/\/d2p6e6u75xmxt8.cloudfront.net\/13\/2024\/08\/profimedia-0895677762-1536x1024.webp 1536w, https:\/\/d2p6e6u75xmxt8.cloudfront.net\/13\/2024\/08\/profimedia-0895677762-400x267.webp 400w, https:\/\/d2p6e6u75xmxt8.cloudfront.net\/13\/2024\/08\/profimedia-0895677762-272x182.webp 272w\" sizes=\"auto, (max-width: 1800px) 100vw, 1800px\" \/><\/a><figcaption id=\"caption-attachment-26772\" class=\"wp-caption-text\"><em>Remco Evenepoel a jeho dv\u011b zlat\u00e9 olympijsk\u00e9 medaile v Pa\u0159\u00ed\u017ei 2024.<\/em><\/figcaption><\/figure>\n<p>Vl\u010d\u00ed sme\u010dka byla v bitv\u011b s Red Bullem bez \u0161ance. A nyn\u00ed ji z\u0159ejm\u011b \u010dek\u00e1 n\u00e1vrat ke ko\u0159en\u016fm. Velmi pravd\u011bpodobn\u011b dojde na p\u0159erod v klasik\u00e1\u0159sk\u00fd t\u00fdm.<\/p>\n<p>&#8222;Od sv\u00e9ho zalo\u017een\u00ed v roce 2003 n\u00e1\u0161 t\u00fdm pro\u0161el mnoha prom\u011bnami a neust\u00e1le se rozv\u00edjel. Ned\u00e1vno se stal prvn\u00edm profesion\u00e1ln\u00edm cyklistick\u00fdm t\u00fdmem, kter\u00fd dos\u00e1hl 1000 v\u00edt\u011bzstv\u00ed v UCI. Pevn\u011b v\u011b\u0159\u00edme v t\u00fdmov\u00e9ho ducha, kter\u00fd n\u00e1m vynesl titul Vl\u010d\u00ed sme\u010dka, a budeme se i nad\u00e1le sna\u017eit b\u00fdt kolektivem, kter\u00fd je siln\u011bj\u0161\u00ed ne\u017e kter\u00fdkoli jednotlivec,&#8220; uvedl v ofici\u00e1ln\u00edm prohl\u00e1\u0161en\u00ed Soudal Quick Step, v jeho\u017e trikotu u\u017e <a href=\"https:\/\/www.welovecycling.com\/cs\/2025\/06\/12\/1000-vitezstvi-remco-evenepoel-vybojoval-pro-vlci-smecku-jubilejni-triumf\/\">Remco Evenepoel<\/a> mnoho z\u00e1vodu neabsolvuje. Podle dosud zve\u0159ejn\u011bn\u00e9ho programu m\u00e1 toti\u017e v pl\u00e1nu jen mistrovstv\u00ed Evropy a mistrovstv\u00ed sv\u011bta.<\/p>\n<p><em>Tituln\u00ed foto: A.S.O.\/Billy Ceusters<\/em><\/p>\n","protected":false},"excerpt":{"rendered":"<p>Konec \u0161u\u0161kandy! Remco Evenepoel bude z\u00e1vodit za Red Bull Bora hansgrohe. Belgick\u00fd z\u00e1vodn\u00edk dokon\u010d\u00ed st\u00e1vaj\u00edc\u00ed sezonu ve st\u00e1ji Soudal Quick [&hellip;]<\/p>\n","protected":false},"author":138,"featured_media":30475,"comment_status":"open","ping_status":"open","sticky":false,"template":"","format":"standard","meta":{"footnotes":""},"categories":[10],"tags":[126,1572,3713,1072,9,2842,23],"global-categories":[411],"class_list":["post-30471","post","type-post","status-publish","format-standard","has-post-thumbnail","hentry","category-silnicni-cyklistika","tag-cyklistika","tag-prestup","tag-red-bull-bora-hansgrohe","tag-remco-evenepoel","tag-silnicni-cyklistika","tag-soudal-quick-step","tag-tour-de-france","global-categories-cycling"],"yoast_head":"<!-- This site is optimized with the Yoast SEO Premium plugin v25.3 (Yoast SEO v25.9) - https:\/\/yoast.com\/wordpress\/plugins\/seo\/ -->\n<title>Remco Evenepoel pat\u0159\u00ed B\u00fdk\u016fm! | \u0160koda We Love Cycling - \u010cesk\u00e1 republika<\/title>\n<meta name=\"description\" content=\"Konec \u0161u\u0161kandy! Remco Evenepoel bude z\u00e1vodit za Red Bull Bora hansgrohe. Belgick\u00fd z\u00e1vodn\u00edk dokon\u010d\u00ed sezonu ve st\u00e1ji Soudal Quick Step.\" \/>\n<meta name=\"robots\" content=\"index, follow, max-snippet:-1, max-image-preview:large, max-video-preview:-1\" \/>\n<link rel=\"canonical\" href=\"https:\/\/www.welovecycling.com\/cs\/2025\/08\/05\/remco-evenepoel-patri-bykum-od-ledna-bude-jezdit-za-red-bull\/\" \/>\n<meta property=\"og:locale\" content=\"cs_CZ\" \/>\n<meta property=\"og:type\" content=\"article\" \/>\n<meta property=\"og:title\" content=\"Remco Evenepoel pat\u0159\u00ed B\u00fdk\u016fm!\" \/>\n<meta property=\"og:description\" content=\"Konec \u0161u\u0161kandy! Remco Evenepoel bude z\u00e1vodit za Red Bull Bora hansgrohe. Belgick\u00fd z\u00e1vodn\u00edk dokon\u010d\u00ed sezonu ve st\u00e1ji Soudal Quick Step.\" \/>\n<meta property=\"og:url\" content=\"https:\/\/www.welovecycling.com\/cs\/2025\/08\/05\/remco-evenepoel-patri-bykum-od-ledna-bude-jezdit-za-red-bull\/\" \/>\n<meta property=\"og:site_name\" content=\"\u0160koda We Love Cycling - \u010cesk\u00e1 republika\" \/>\n<meta property=\"article:published_time\" content=\"2025-08-05T16:32:11+00:00\" \/>\n<meta property=\"article:modified_time\" content=\"2025-08-05T17:06:57+00:00\" \/>\n<meta property=\"og:image\" content=\"https:\/\/d2p6e6u75xmxt8.cloudfront.net\/13\/2025\/08\/20250710TDF2304-scaled.webp\" \/>\n\t<meta property=\"og:image:width\" content=\"2560\" \/>\n\t<meta property=\"og:image:height\" content=\"1707\" \/>\n\t<meta property=\"og:image:type\" content=\"image\/webp\" \/>\n<meta name=\"author\" content=\"radekmalina\" \/>\n<meta name=\"twitter:card\" content=\"summary_large_image\" \/>\n<meta name=\"twitter:label1\" content=\"Written by\" \/>\n\t<meta name=\"twitter:data1\" content=\"Radek Malina\" \/>\n\t<meta name=\"twitter:label2\" content=\"Est. reading time\" \/>\n\t<meta name=\"twitter:data2\" content=\"5\" \/>\n<script type=\"application\/ld+json\" class=\"yoast-schema-graph\">{\"@context\":\"https:\/\/schema.org\",\"@graph\":[{\"@type\":\"WebPage\",\"@id\":\"https:\/\/www.welovecycling.com\/cs\/2025\/08\/05\/remco-evenepoel-patri-bykum-od-ledna-bude-jezdit-za-red-bull\/\",\"url\":\"https:\/\/www.welovecycling.com\/cs\/2025\/08\/05\/remco-evenepoel-patri-bykum-od-ledna-bude-jezdit-za-red-bull\/\",\"name\":\"Remco Evenepoel pat\u0159\u00ed B\u00fdk\u016fm! | \u0160koda We Love Cycling - \u010cesk\u00e1 republika\",\"isPartOf\":{\"@id\":\"https:\/\/www.welovecycling.com\/cs\/#website\"},\"primaryImageOfPage\":{\"@id\":\"https:\/\/www.welovecycling.com\/cs\/2025\/08\/05\/remco-evenepoel-patri-bykum-od-ledna-bude-jezdit-za-red-bull\/#primaryimage\"},\"image\":{\"@id\":\"https:\/\/www.welovecycling.com\/cs\/2025\/08\/05\/remco-evenepoel-patri-bykum-od-ledna-bude-jezdit-za-red-bull\/#primaryimage\"},\"thumbnailUrl\":\"https:\/\/d2p6e6u75xmxt8.cloudfront.net\/13\/2025\/08\/20250710TDF2304-scaled.webp\",\"datePublished\":\"2025-08-05T16:32:11+00:00\",\"dateModified\":\"2025-08-05T17:06:57+00:00\",\"author\":{\"@id\":\"https:\/\/www.welovecycling.com\/cs\/#\/schema\/person\/d9eeb0a378f3a7e4a6d12d2b536b04b8\"},\"description\":\"Konec \u0161u\u0161kandy! Remco Evenepoel bude z\u00e1vodit za Red Bull Bora hansgrohe. Belgick\u00fd z\u00e1vodn\u00edk dokon\u010d\u00ed sezonu ve st\u00e1ji Soudal Quick Step.\",\"inLanguage\":\"cs\",\"potentialAction\":[{\"@type\":\"ReadAction\",\"target\":[\"https:\/\/www.welovecycling.com\/cs\/2025\/08\/05\/remco-evenepoel-patri-bykum-od-ledna-bude-jezdit-za-red-bull\/\"]}]},{\"@type\":\"ImageObject\",\"inLanguage\":\"cs\",\"@id\":\"https:\/\/www.welovecycling.com\/cs\/2025\/08\/05\/remco-evenepoel-patri-bykum-od-ledna-bude-jezdit-za-red-bull\/#primaryimage\",\"url\":\"https:\/\/d2p6e6u75xmxt8.cloudfront.net\/13\/2025\/08\/20250710TDF2304-scaled.webp\",\"contentUrl\":\"https:\/\/d2p6e6u75xmxt8.cloudfront.net\/13\/2025\/08\/20250710TDF2304-scaled.webp\",\"width\":2560,\"height\":1707,\"caption\":\"Remco Evenepoel p\u0159estupuje do Red Bull Bora hansgorhe. Foto: Billy Ceusters\"},{\"@type\":\"WebSite\",\"@id\":\"https:\/\/www.welovecycling.com\/cs\/#website\",\"url\":\"https:\/\/www.welovecycling.com\/cs\/\",\"name\":\"\u0160koda We Love Cycling - \u010cesk\u00e1 republika\",\"description\":\"WeLoveCycling.cz je online magaz\u00edn, kter\u00fd v\u00e1m pravideln\u011b p\u0159in\u00e1\u0161\u00ed rady a tipy, zaj\u00edmav\u00e9 \u010dl\u00e1nky, videa a jedine\u010dn\u00e9 report\u00e1\u017ee ze sv\u011bta cyklistiky.\",\"potentialAction\":[{\"@type\":\"SearchAction\",\"target\":{\"@type\":\"EntryPoint\",\"urlTemplate\":\"https:\/\/www.welovecycling.com\/cs\/?s={search_term_string}\"},\"query-input\":{\"@type\":\"PropertyValueSpecification\",\"valueRequired\":true,\"valueName\":\"search_term_string\"}}],\"inLanguage\":\"cs\"},{\"@type\":\"Person\",\"@id\":\"https:\/\/www.welovecycling.com\/cs\/#\/schema\/person\/d9eeb0a378f3a7e4a6d12d2b536b04b8\",\"name\":\"radekmalina\",\"image\":{\"@type\":\"ImageObject\",\"inLanguage\":\"cs\",\"@id\":\"https:\/\/www.welovecycling.com\/cs\/#\/schema\/person\/image\/\",\"url\":\"https:\/\/secure.gravatar.com\/avatar\/66994b632cb8c39a46b9f54afa3ae07201b678d32a54275b6f1c9ffec356bfc0?s=96&d=mm&r=g\",\"contentUrl\":\"https:\/\/secure.gravatar.com\/avatar\/66994b632cb8c39a46b9f54afa3ae07201b678d32a54275b6f1c9ffec356bfc0?s=96&d=mm&r=g\",\"caption\":\"radekmalina\"},\"url\":\"https:\/\/www.welovecycling.com\/cs\/author\/radekmalina\/\"}]}<\/script>\n<!-- \/ Yoast SEO Premium plugin. -->","yoast_head_json":{"title":"Remco Evenepoel pat\u0159\u00ed B\u00fdk\u016fm! | \u0160koda We Love Cycling - \u010cesk\u00e1 republika","description":"Konec \u0161u\u0161kandy! Remco Evenepoel bude z\u00e1vodit za Red Bull Bora hansgrohe. Belgick\u00fd z\u00e1vodn\u00edk dokon\u010d\u00ed sezonu ve st\u00e1ji Soudal Quick Step.","robots":{"index":"index","follow":"follow","max-snippet":"max-snippet:-1","max-image-preview":"max-image-preview:large","max-video-preview":"max-video-preview:-1"},"canonical":"https:\/\/www.welovecycling.com\/cs\/2025\/08\/05\/remco-evenepoel-patri-bykum-od-ledna-bude-jezdit-za-red-bull\/","og_locale":"cs_CZ","og_type":"article","og_title":"Remco Evenepoel pat\u0159\u00ed B\u00fdk\u016fm!","og_description":"Konec \u0161u\u0161kandy! Remco Evenepoel bude z\u00e1vodit za Red Bull Bora hansgrohe. Belgick\u00fd z\u00e1vodn\u00edk dokon\u010d\u00ed sezonu ve st\u00e1ji Soudal Quick Step.","og_url":"https:\/\/www.welovecycling.com\/cs\/2025\/08\/05\/remco-evenepoel-patri-bykum-od-ledna-bude-jezdit-za-red-bull\/","og_site_name":"\u0160koda We Love Cycling - \u010cesk\u00e1 republika","article_published_time":"2025-08-05T16:32:11+00:00","article_modified_time":"2025-08-05T17:06:57+00:00","og_image":[{"width":2560,"height":1707,"url":"https:\/\/d2p6e6u75xmxt8.cloudfront.net\/13\/2025\/08\/20250710TDF2304-scaled.webp","type":"image\/webp"}],"author":"radekmalina","twitter_card":"summary_large_image","twitter_misc":{"Written by":"Radek Malina","Est. reading time":"5"},"schema":{"@context":"https:\/\/schema.org","@graph":[{"@type":"WebPage","@id":"https:\/\/www.welovecycling.com\/cs\/2025\/08\/05\/remco-evenepoel-patri-bykum-od-ledna-bude-jezdit-za-red-bull\/","url":"https:\/\/www.welovecycling.com\/cs\/2025\/08\/05\/remco-evenepoel-patri-bykum-od-ledna-bude-jezdit-za-red-bull\/","name":"Remco Evenepoel pat\u0159\u00ed B\u00fdk\u016fm! | \u0160koda We Love Cycling - \u010cesk\u00e1 republika","isPartOf":{"@id":"https:\/\/www.welovecycling.com\/cs\/#website"},"primaryImageOfPage":{"@id":"https:\/\/www.welovecycling.com\/cs\/2025\/08\/05\/remco-evenepoel-patri-bykum-od-ledna-bude-jezdit-za-red-bull\/#primaryimage"},"image":{"@id":"https:\/\/www.welovecycling.com\/cs\/2025\/08\/05\/remco-evenepoel-patri-bykum-od-ledna-bude-jezdit-za-red-bull\/#primaryimage"},"thumbnailUrl":"https:\/\/d2p6e6u75xmxt8.cloudfront.net\/13\/2025\/08\/20250710TDF2304-scaled.webp","datePublished":"2025-08-05T16:32:11+00:00","dateModified":"2025-08-05T17:06:57+00:00","author":{"@id":"https:\/\/www.welovecycling.com\/cs\/#\/schema\/person\/d9eeb0a378f3a7e4a6d12d2b536b04b8"},"description":"Konec \u0161u\u0161kandy! Remco Evenepoel bude z\u00e1vodit za Red Bull Bora hansgrohe. Belgick\u00fd z\u00e1vodn\u00edk dokon\u010d\u00ed sezonu ve st\u00e1ji Soudal Quick Step.","inLanguage":"cs","potentialAction":[{"@type":"ReadAction","target":["https:\/\/www.welovecycling.com\/cs\/2025\/08\/05\/remco-evenepoel-patri-bykum-od-ledna-bude-jezdit-za-red-bull\/"]}]},{"@type":"ImageObject","inLanguage":"cs","@id":"https:\/\/www.welovecycling.com\/cs\/2025\/08\/05\/remco-evenepoel-patri-bykum-od-ledna-bude-jezdit-za-red-bull\/#primaryimage","url":"https:\/\/d2p6e6u75xmxt8.cloudfront.net\/13\/2025\/08\/20250710TDF2304-scaled.webp","contentUrl":"https:\/\/d2p6e6u75xmxt8.cloudfront.net\/13\/2025\/08\/20250710TDF2304-scaled.webp","width":2560,"height":1707,"caption":"Remco Evenepoel p\u0159estupuje do Red Bull Bora hansgorhe. Foto: Billy Ceusters"},{"@type":"WebSite","@id":"https:\/\/www.welovecycling.com\/cs\/#website","url":"https:\/\/www.welovecycling.com\/cs\/","name":"\u0160koda We Love Cycling - \u010cesk\u00e1 republika","description":"WeLoveCycling.cz je online magaz\u00edn, kter\u00fd v\u00e1m pravideln\u011b p\u0159in\u00e1\u0161\u00ed rady a tipy, zaj\u00edmav\u00e9 \u010dl\u00e1nky, videa a jedine\u010dn\u00e9 report\u00e1\u017ee ze sv\u011bta cyklistiky.","potentialAction":[{"@type":"SearchAction","target":{"@type":"EntryPoint","urlTemplate":"https:\/\/www.welovecycling.com\/cs\/?s={search_term_string}"},"query-input":{"@type":"PropertyValueSpecification","valueRequired":true,"valueName":"search_term_string"}}],"inLanguage":"cs"},{"@type":"Person","@id":"https:\/\/www.welovecycling.com\/cs\/#\/schema\/person\/d9eeb0a378f3a7e4a6d12d2b536b04b8","name":"radekmalina","image":{"@type":"ImageObject","inLanguage":"cs","@id":"https:\/\/www.welovecycling.com\/cs\/#\/schema\/person\/image\/","url":"https:\/\/secure.gravatar.com\/avatar\/66994b632cb8c39a46b9f54afa3ae07201b678d32a54275b6f1c9ffec356bfc0?s=96&d=mm&r=g","contentUrl":"https:\/\/secure.gravatar.com\/avatar\/66994b632cb8c39a46b9f54afa3ae07201b678d32a54275b6f1c9ffec356bfc0?s=96&d=mm&r=g","caption":"radekmalina"},"url":"https:\/\/www.welovecycling.com\/cs\/author\/radekmalina\/"}]}},"_links":{"self":[{"href":"https:\/\/www.welovecycling.com\/cs\/wp-json\/wp\/v2\/posts\/30471","targetHints":{"allow":["GET"]}}],"collection":[{"href":"https:\/\/www.welovecycling.com\/cs\/wp-json\/wp\/v2\/posts"}],"about":[{"href":"https:\/\/www.welovecycling.com\/cs\/wp-json\/wp\/v2\/types\/post"}],"author":[{"embeddable":true,"href":"https:\/\/www.welovecycling.com\/cs\/wp-json\/wp\/v2\/users\/138"}],"replies":[{"embeddable":true,"href":"https:\/\/www.welovecycling.com\/cs\/wp-json\/wp\/v2\/comments?post=30471"}],"version-history":[{"count":9,"href":"https:\/\/www.welovecycling.com\/cs\/wp-json\/wp\/v2\/posts\/30471\/revisions"}],"predecessor-version":[{"id":30481,"href":"https:\/\/www.welovecycling.com\/cs\/wp-json\/wp\/v2\/posts\/30471\/revisions\/30481"}],"wp:featuredmedia":[{"embeddable":true,"href":"https:\/\/www.welovecycling.com\/cs\/wp-json\/wp\/v2\/media\/30475"}],"wp:attachment":[{"href":"https:\/\/www.welovecycling.com\/cs\/wp-json\/wp\/v2\/media?parent=30471"}],"wp:term":[{"taxonomy":"category","embeddable":true,"href":"https:\/\/www.welovecycling.com\/cs\/wp-json\/wp\/v2\/categories?post=30471"},{"taxonomy":"post_tag","embeddable":true,"href":"https:\/\/www.welovecycling.com\/cs\/wp-json\/wp\/v2\/tags?post=30471"},{"taxonomy":"global-categories","embeddable":true,"href":"https:\/\/www.welovecycling.com\/cs\/wp-json\/wp\/v2\/global-categories?post=30471"}],"curies":[{"name":"wp","href":"https:\/\/api.w.org\/{rel}","templated":true}]}}