{"id":30464,"date":"2025-08-05T11:30:41","date_gmt":"2025-08-05T09:30:41","guid":{"rendered":"https:\/\/www.welovecycling.com\/cs\/?p=30464"},"modified":"2025-08-05T10:05:18","modified_gmt":"2025-08-05T08:05:18","slug":"prize-money-pro-cely-peloton-jako-mel-stribrny-jonas-vingegaard","status":"publish","type":"post","link":"https:\/\/www.welovecycling.com\/cs\/2025\/08\/05\/prize-money-pro-cely-peloton-jako-mel-stribrny-jonas-vingegaard\/","title":{"rendered":"Prize money pro cel\u00fd peloton jako m\u011bl st\u0159\u00edbrn\u00fd Jonas Vingegaard"},"content":{"rendered":"<p><strong>\u0160est a p\u016fl milionu pro cel\u00fd peloton! Desetina celkov\u00e9 \u010d\u00e1stky ve srovn\u00e1n\u00ed s mu\u017ei je finan\u010dn\u00ed budget vy\u010dlen\u011bn\u00fd na prize money p\u0159i Tour de France Femmes, kterou ovl\u00e1dla francouzsk\u00e1 z\u00e1vodnice Pauline Ferrand Pr\u00e9vot z t\u00fdmu Visma Leaase a Bikez. Z\u00edskala odm\u011bnu 61 050 eur, tedy bez sto tis\u00edc dva miliony.<\/strong><\/p>\n<p>&#8222;Mus\u00edme uznat, \u017ee \u017eensk\u00e1 cyklistika je\u0161t\u011b p\u0159ed \u010dty\u0159mi lety neexistovala. Jde o ur\u010ditou f\u00e1zi v\u00fdvoje. Nebyla zavedena \u017e\u00e1dn\u00e1 platov\u00e1 struktura. \u017deny sice byly profesion\u00e1ln\u00ed cyklistky, ale \u010dasto p\u0159es den pracovaly, aby si vyd\u011blaly na \u017eivobyt\u00ed,&#8220; citoval server Domestique Marion Rousse, \u0159editelku z\u00e1vodu.<\/p>\n<h2><strong>Srovn\u00e1vejme srovnateln\u00e9, \u017e\u00e1d\u00e1 \u0159editelka<\/strong><\/h2>\n<p>Dvaadvacet t\u00fdm\u016f \u017eensk\u00e9ho pelotonu si na prize money rozd\u011blilo \u010d\u00e1stku 259 430 eur (6,5 milionu korun), co\u017e je suma, kterou na prize money vyd\u011blal o p\u00e1r t\u00fddn\u016f d\u0159\u00edve Jonas Vingegaard z Visma Lease a Bike, druh\u00fd nejlep\u0161\u00ed mu\u017e Tour de France. Cel\u00fd peloton mu\u017esk\u00e9 Tour de France si na prize money rozd\u011blil 2,3 milionu eur, bezm\u00e1la \u0161edes\u00e1t milion\u016f korun.<\/p>\n<figure id=\"attachment_30466\" aria-describedby=\"caption-attachment-30466\" style=\"width: 1920px\" class=\"wp-caption alignnone\"><a href=\"https:\/\/d2p6e6u75xmxt8.cloudfront.net\/13\/2025\/08\/20250803TDFFAZ5050-scaled.webp\"><img loading=\"lazy\" decoding=\"async\" class=\"size-extra-large wp-image-30466\" src=\"https:\/\/d2p6e6u75xmxt8.cloudfront.net\/13\/2025\/08\/20250803TDFFAZ5050-1920x1280.webp\" alt=\"\" width=\"1920\" height=\"1280\" srcset=\"https:\/\/d2p6e6u75xmxt8.cloudfront.net\/13\/2025\/08\/20250803TDFFAZ5050-1920x1280.webp 1920w, https:\/\/d2p6e6u75xmxt8.cloudfront.net\/13\/2025\/08\/20250803TDFFAZ5050-300x200.webp 300w, https:\/\/d2p6e6u75xmxt8.cloudfront.net\/13\/2025\/08\/20250803TDFFAZ5050-1024x683.webp 1024w, https:\/\/d2p6e6u75xmxt8.cloudfront.net\/13\/2025\/08\/20250803TDFFAZ5050-768x512.webp 768w, https:\/\/d2p6e6u75xmxt8.cloudfront.net\/13\/2025\/08\/20250803TDFFAZ5050-1536x1024.webp 1536w, https:\/\/d2p6e6u75xmxt8.cloudfront.net\/13\/2025\/08\/20250803TDFFAZ5050-2048x1365.webp 2048w, https:\/\/d2p6e6u75xmxt8.cloudfront.net\/13\/2025\/08\/20250803TDFFAZ5050-400x267.webp 400w, https:\/\/d2p6e6u75xmxt8.cloudfront.net\/13\/2025\/08\/20250803TDFFAZ5050-272x182.webp 272w, https:\/\/d2p6e6u75xmxt8.cloudfront.net\/13\/2025\/08\/20250803TDFFAZ5050-1920x1280.webp 1920w\" sizes=\"auto, (max-width: 1920px) 100vw, 1920px\" \/><\/a><figcaption id=\"caption-attachment-30466\" class=\"wp-caption-text\"><em>Stupn\u011b v\u00edt\u011bz\u016f na Tour de France Femmes. Ve srovn\u00e1n\u00ed s mu\u017ei zdaleka nekop\u00edruj\u00ed \u017eeb\u0159\u00ed\u010dek prize money.<\/em><\/figcaption><\/figure>\n<p>&#8222;Je pot\u0159eba vid\u011bt, \u017ee Tour de France mu\u017e\u016f trv\u00e1 t\u0159i t\u00fddny. Tour de France Femmes zahrnuje dev\u011bt etap. Je nutn\u00e9 srovn\u00e1vat srovnateln\u00e9. P\u0159\u00edhodn\u011bj\u0161\u00ed je rovn\u00edtko s Crit\u00e9rium du Dauphin\u00e9, kter\u00e9 trv\u00e1 dev\u011bt dn\u016f. A tady je Tour de France Femmes v lep\u0161\u00ed pozici,&#8220; \u0159\u00edk\u00e1 Marion Rousse.<\/p>\n<div class=\"shortcode-ys-post-pinup\"><article class=\"loop-simple post-30311 post type-post status-publish format-standard has-post-thumbnail hentry category-tour-de-france tag-cyklistika tag-finance-na-tour tag-financni-zebricek-tour-de-france tag-odmeny tag-penize-na-tour-de-france tag-silnicni-cyklistika tag-tadej-pogacar tag-tour-de-france tag-tour-de-france-2025 global-categories-cycling\" data-postid=\"30311\" role=\"article\" data-post-id=\"30311\" data-word-count=\"526\" data-headline-length=\"76\" data-category=\"Tour de France\" data-global-category=\"Cycling\" data-author=\"Radek Malina\" data-published=\"2025-07-29T16:00:58+02:00\" data-published-day=\"Tuesday\">\n    <div class=\"entry-thumbnail article-thumbnail\" content=\"https:\/\/d2p6e6u75xmxt8.cloudfront.net\/13\/2025\/07\/profimedia-1023206081-1-150x150.webp\"><a href=\"https:\/\/www.welovecycling.com\/cs\/2025\/07\/29\/penize-delaji-penize-a-tak-se-sejkove-smeji-skokanem-roku-red-bull\/\" class=\"image-holder\" target=\"_self\"><img decoding=\"async\" loading=\"lazy\" class=\"\" src=\"https:\/\/d2p6e6u75xmxt8.cloudfront.net\/13\/2025\/07\/profimedia-1023206081-1-1024x682.webp\" srcset=\"https:\/\/d2p6e6u75xmxt8.cloudfront.net\/13\/2025\/07\/profimedia-1023206081-1.webp 1800w, https:\/\/d2p6e6u75xmxt8.cloudfront.net\/13\/2025\/07\/profimedia-1023206081-1-300x200.webp 300w, https:\/\/d2p6e6u75xmxt8.cloudfront.net\/13\/2025\/07\/profimedia-1023206081-1-1024x682.webp 1024w, https:\/\/d2p6e6u75xmxt8.cloudfront.net\/13\/2025\/07\/profimedia-1023206081-1-768x512.webp 768w, https:\/\/d2p6e6u75xmxt8.cloudfront.net\/13\/2025\/07\/profimedia-1023206081-1-1536x1023.webp 1536w, https:\/\/d2p6e6u75xmxt8.cloudfront.net\/13\/2025\/07\/profimedia-1023206081-1-400x266.webp 400w, https:\/\/d2p6e6u75xmxt8.cloudfront.net\/13\/2025\/07\/profimedia-1023206081-1-272x182.webp 272w\" width=\"1024\" height=\"682\" sizes=\"auto, (min-width: 1200px) 300px, (min-width: 768px) 25vw, 100vw\" alt=\"penize-delaji-penize-a-tak-se-sejkove-smeji-skokanem-roku-red-bull\"\/><\/a><\/div>    <div class=\"entry-meta\">\n        <a class=\"label label-secondary post-category\" href=\"https:\/\/www.welovecycling.com\/cs\/category\/tour-de-france\/\" title=\"Tour de France\">Tour de France<\/a>\n    <\/div>\n    <div class=\"entry-details\">\n        <a href=\"https:\/\/www.welovecycling.com\/cs\/2025\/07\/29\/penize-delaji-penize-a-tak-se-sejkove-smeji-skokanem-roku-red-bull\/\" class='entry-title-wrapper'>\n            <h3 class=\"entry-title\"><span>Pen\u00edze d\u011blaj\u00ed pen\u00edze! A tak se \u0161ejkov\u00e9 sm\u011bj\u00ed. Skokanem roku Red Bull<\/span><\/h3>\n        <\/a>\n    <\/div>\n    <\/article>\n<\/div>\n<p>&#8222;A pak je t\u0159eba si uv\u011bdomit, \u017ee prize money neposkytuj\u00ed udr\u017eiteln\u00fd p\u0159\u00edjem,&#8220; zd\u016fraz\u0148uje \u0161\u00e9fka Tour de France Femmes, \u017ee rozpo\u010det \u017e\u00e1dn\u00e9ho t\u00fdmu by nem\u011bl kalkulovat a b\u00fdt postaven na nejist\u00e9m p\u0159\u00edjmu ze z\u00e1vodu, kter\u00fd rychle z\u00edsk\u00e1v\u00e1 na presti\u017ei.<\/p>\n<h2><strong>Nejv\u00edce z prize money brala Visma<\/strong><\/h2>\n<p>Nejv\u00edce mezi t\u00fdmy na Tour de France Femmes 2025 vyd\u011blala sestava Visma Lease a Bike, kter\u00e1 si p\u0159ipsala na konto 76 190 eur, n\u00e1sledoval t\u00fdm FDJ Suez (53 810 eur), t\u0159et\u00ed pozici zabrala formace UAE ADQ (25 630 eur), \u010dtvrtou AG Insurance Soudal (22 450 eur), p\u00e1tou SD Worx Protime (20 130 eur) a \u0161estou Canyon\/Sram Zondacrypto (15 320 eur). \u0160est t\u00fdm\u016f se dostalo p\u0159es \u010d\u00e1stku deset tis\u00edc eur, deset sestav se pohybovalo v rozmez\u00ed 1460 a\u017e 7980 eur. Celkem sedm t\u00fdm\u016f si vyd\u011blalo m\u00e9n\u011b ne\u017e tis\u00edc eur, co\u017e ukazuje jak nerovn\u00e9 podm\u00ednky panuj\u00ed mezi mu\u017eskou a \u017eenskou Tour de France.<\/p>\n<p><a href=\"https:\/\/d2p6e6u75xmxt8.cloudfront.net\/13\/2025\/08\/20250803TDFFAZ1081-scaled.webp\"><img loading=\"lazy\" decoding=\"async\" class=\"alignnone size-extra-large wp-image-30465\" src=\"https:\/\/d2p6e6u75xmxt8.cloudfront.net\/13\/2025\/08\/20250803TDFFAZ1081-1920x1280.webp\" alt=\"\" width=\"1920\" height=\"1280\" srcset=\"https:\/\/d2p6e6u75xmxt8.cloudfront.net\/13\/2025\/08\/20250803TDFFAZ1081-1920x1280.webp 1920w, https:\/\/d2p6e6u75xmxt8.cloudfront.net\/13\/2025\/08\/20250803TDFFAZ1081-300x200.webp 300w, https:\/\/d2p6e6u75xmxt8.cloudfront.net\/13\/2025\/08\/20250803TDFFAZ1081-1024x683.webp 1024w, https:\/\/d2p6e6u75xmxt8.cloudfront.net\/13\/2025\/08\/20250803TDFFAZ1081-768x512.webp 768w, https:\/\/d2p6e6u75xmxt8.cloudfront.net\/13\/2025\/08\/20250803TDFFAZ1081-1536x1024.webp 1536w, https:\/\/d2p6e6u75xmxt8.cloudfront.net\/13\/2025\/08\/20250803TDFFAZ1081-2048x1365.webp 2048w, https:\/\/d2p6e6u75xmxt8.cloudfront.net\/13\/2025\/08\/20250803TDFFAZ1081-400x267.webp 400w, https:\/\/d2p6e6u75xmxt8.cloudfront.net\/13\/2025\/08\/20250803TDFFAZ1081-272x182.webp 272w, https:\/\/d2p6e6u75xmxt8.cloudfront.net\/13\/2025\/08\/20250803TDFFAZ1081-1920x1280.webp 1920w\" sizes=\"auto, (max-width: 1920px) 100vw, 1920px\" \/><\/a><\/p>\n<p>Jenom pro p\u0159ipomenut\u00ed, Tadej Poga\u010dar vyd\u011blal v\u00edce ne\u017e 627 tis\u00edc eur, kdy\u017e vyhr\u00e1l nejen celkovou klasifikaci za p\u011bt set tis\u00edc eur, ale tak\u00e9 dal\u0161\u00edch p\u0159ibli\u017en\u011b 127 tis\u00edc eur za \u010dty\u0159i etapov\u00e1 v\u00edt\u011bzstv\u00ed a dr\u017een\u00ed \u017elut\u00e9ho, punt\u00edkat\u00e9ho a kr\u00e1tce i zelen\u00e9ho trikotu \u0160koda Auto.<\/p>\n<div class=\"shortcode-ys-post-pinup\"><article class=\"loop-simple post-30368 post type-post status-publish format-standard has-post-thumbnail hentry category-tour-de-france tag-cyklistika tag-konec-kariery tag-los-angeles-2028 tag-silnicni-cyklistika tag-tadej-pogacar tag-tour-de-france tag-tour-de-france-2025 tag-vuelta global-categories-cycling\" data-postid=\"30368\" role=\"article\" data-post-id=\"30368\" data-word-count=\"516\" data-headline-length=\"41\" data-category=\"Tour de France\" data-global-category=\"Cycling\" data-author=\"Radek Malina\" data-published=\"2025-07-30T13:20:57+02:00\" data-published-day=\"Wednesday\">\n    <div class=\"entry-thumbnail article-thumbnail\" content=\"https:\/\/d2p6e6u75xmxt8.cloudfront.net\/13\/2025\/07\/20250717TDF1005-150x150.webp\"><a href=\"https:\/\/www.welovecycling.com\/cs\/2025\/07\/30\/proc-tadej-pogacar-zustane-v-pelotonu-a-neukonci-karieru\/\" class=\"image-holder\" target=\"_self\"><img decoding=\"async\" loading=\"lazy\" class=\"\" src=\"https:\/\/d2p6e6u75xmxt8.cloudfront.net\/13\/2025\/07\/20250717TDF1005-1024x683.webp\" srcset=\"https:\/\/d2p6e6u75xmxt8.cloudfront.net\/13\/2025\/07\/20250717TDF1005-scaled.webp 2560w, https:\/\/d2p6e6u75xmxt8.cloudfront.net\/13\/2025\/07\/20250717TDF1005-300x200.webp 300w, https:\/\/d2p6e6u75xmxt8.cloudfront.net\/13\/2025\/07\/20250717TDF1005-1024x683.webp 1024w, https:\/\/d2p6e6u75xmxt8.cloudfront.net\/13\/2025\/07\/20250717TDF1005-768x512.webp 768w, https:\/\/d2p6e6u75xmxt8.cloudfront.net\/13\/2025\/07\/20250717TDF1005-1536x1024.webp 1536w, https:\/\/d2p6e6u75xmxt8.cloudfront.net\/13\/2025\/07\/20250717TDF1005-2048x1365.webp 2048w, https:\/\/d2p6e6u75xmxt8.cloudfront.net\/13\/2025\/07\/20250717TDF1005-1920x1280.webp 1920w, https:\/\/d2p6e6u75xmxt8.cloudfront.net\/13\/2025\/07\/20250717TDF1005-400x267.webp 400w, https:\/\/d2p6e6u75xmxt8.cloudfront.net\/13\/2025\/07\/20250717TDF1005-272x182.webp 272w, https:\/\/d2p6e6u75xmxt8.cloudfront.net\/13\/2025\/07\/20250717TDF1005-1920x1280.webp 1920w\" width=\"1024\" height=\"683\" sizes=\"auto, (min-width: 1200px) 300px, (min-width: 768px) 25vw, 100vw\" alt=\"proc-tadej-pogacar-zustane-v-pelotonu-a-neukonci-karieru\"\/><\/a><\/div>    <div class=\"entry-meta\">\n        <a class=\"label label-secondary post-category\" href=\"https:\/\/www.welovecycling.com\/cs\/category\/tour-de-france\/\" title=\"Tour de France\">Tour de France<\/a>\n    <\/div>\n    <div class=\"entry-details\">\n        <a href=\"https:\/\/www.welovecycling.com\/cs\/2025\/07\/30\/proc-tadej-pogacar-zustane-v-pelotonu-a-neukonci-karieru\/\" class='entry-title-wrapper'>\n            <h3 class=\"entry-title\"><span>Pro\u010d Tadej Poga\u010dar neukon\u010d\u00ed kari\u00e9ru?<\/span><\/h3>\n        <\/a>\n    <\/div>\n    <\/article>\n<\/div>\n<p>V\u00edt\u011bzka Tour de France Femmes Pauline Ferrand Pr\u00e9vot z Visma Lease a Bike z\u00edskala na prize money 61 050 eur, druh\u00e1 nej\u00fasp\u011b\u0161n\u011bj\u0161\u00ed byla v c\u00edli st\u0159\u00edbrn\u00e1 nizozemsk\u00e1 cyklistika Demi Vollering z FDJ Suez s v\u00fdd\u011blkem 33 560 eur a t\u0159et\u00ed byla Maeva Squiban z UAE ADQ. Francouzsk\u00e1 cyklistka sice skon\u010dila a\u017e patn\u00e1ct\u00e1 v celkov\u00e9m po\u0159ad\u00ed, ale dv\u011b etapov\u00e1 prvenstv\u00ed a dal\u0161\u00ed odm\u011bny j\u00ed zajistily \u010d\u00e1stku 14 220 eur. &#8222;Pot\u0159ebujeme r\u016fst postupn\u011b. Po\u017eadavek okam\u017eit\u00e9 parity je nesmysl,&#8220; zd\u016fraz\u0148uje \u0159editelka z\u00e1vodu Marion Rousse.<\/p>\n<figure id=\"attachment_30449\" aria-describedby=\"caption-attachment-30449\" style=\"width: 1920px\" class=\"wp-caption alignnone\"><a href=\"https:\/\/d2p6e6u75xmxt8.cloudfront.net\/13\/2025\/08\/20250802TDFFAZ2130-scaled.webp\"><img loading=\"lazy\" decoding=\"async\" class=\"size-extra-large wp-image-30449\" src=\"https:\/\/d2p6e6u75xmxt8.cloudfront.net\/13\/2025\/08\/20250802TDFFAZ2130-1920x1280.webp\" alt=\"\" width=\"1920\" height=\"1280\" srcset=\"https:\/\/d2p6e6u75xmxt8.cloudfront.net\/13\/2025\/08\/20250802TDFFAZ2130-1920x1280.webp 1920w, https:\/\/d2p6e6u75xmxt8.cloudfront.net\/13\/2025\/08\/20250802TDFFAZ2130-300x200.webp 300w, https:\/\/d2p6e6u75xmxt8.cloudfront.net\/13\/2025\/08\/20250802TDFFAZ2130-1024x683.webp 1024w, https:\/\/d2p6e6u75xmxt8.cloudfront.net\/13\/2025\/08\/20250802TDFFAZ2130-768x512.webp 768w, https:\/\/d2p6e6u75xmxt8.cloudfront.net\/13\/2025\/08\/20250802TDFFAZ2130-1536x1024.webp 1536w, https:\/\/d2p6e6u75xmxt8.cloudfront.net\/13\/2025\/08\/20250802TDFFAZ2130-2048x1365.webp 2048w, https:\/\/d2p6e6u75xmxt8.cloudfront.net\/13\/2025\/08\/20250802TDFFAZ2130-400x267.webp 400w, https:\/\/d2p6e6u75xmxt8.cloudfront.net\/13\/2025\/08\/20250802TDFFAZ2130-272x182.webp 272w, https:\/\/d2p6e6u75xmxt8.cloudfront.net\/13\/2025\/08\/20250802TDFFAZ2130-1920x1280.webp 1920w\" sizes=\"auto, (max-width: 1920px) 100vw, 1920px\" \/><\/a><figcaption id=\"caption-attachment-30449\" class=\"wp-caption-text\"><em>Pauline Ferrand Pr\u00e9vot p\u0159i \u00fatoku na \u017elut\u00fd trikot v 8. etap\u011b Tour de Franc Femmes 2025.<\/em><\/figcaption><\/figure>\n<p>\u017densk\u00e1 Tour de France byla obnovena v l\u00e9t\u011b 2022 po t\u0159iat\u0159iceti letech. A.S.O., kter\u00e9 je po\u0159adatelem rovn\u011b\u017e mu\u017esk\u00e9 Tour de France, se zav\u00e1zalo k jej\u00edmu dlouhodob\u00e9mu rozvoji.<\/p>\n<p><em>Foto: A.S.O.\/Jennifer Lindini a Pauline Ballet<\/em><\/p>\n<div class=\"MuiTabs-root MuiTabs-vertical css-bt8wl-tabs\"><\/div>\n","protected":false},"excerpt":{"rendered":"<p>\u0160est a p\u016fl milionu pro cel\u00fd peloton! Desetina celkov\u00e9 \u010d\u00e1stky ve srovn\u00e1n\u00ed s mu\u017ei je finan\u010dn\u00ed budget vy\u010dlen\u011bn\u00fd na prize [&hellip;]<\/p>\n","protected":false},"author":138,"featured_media":30467,"comment_status":"open","ping_status":"open","sticky":false,"template":"","format":"standard","meta":{"footnotes":""},"categories":[5],"tags":[126,2447,330,9,3886],"global-categories":[411],"class_list":["post-30464","post","type-post","status-publish","format-standard","has-post-thumbnail","hentry","category-zeny","tag-cyklistika","tag-odmeny","tag-prize-money","tag-silnicni-cyklistika","tag-tour-de-france-femmes-2025","global-categories-cycling"],"yoast_head":"<!-- This site is optimized with the Yoast SEO Premium plugin v25.3 (Yoast SEO v25.9) - https:\/\/yoast.com\/wordpress\/plugins\/seo\/ -->\n<title>Prize money pro cel\u00fd peloton jako m\u011bl st\u0159\u00edbrn\u00fd Jonas Vingegaard | \u0160koda We Love Cycling - \u010cesk\u00e1 republika<\/title>\n<meta name=\"description\" content=\"\u0160est a p\u016fl milionu pro cel\u00fd peloton! Desetina celkov\u00e9 \u010d\u00e1stky ve srovn\u00e1n\u00ed s mu\u017ei je finan\u010dn\u00ed budget vy\u010dlen\u011bn\u00fd na prize money p\u0159i Tour de France Femmes, kterou ovl\u00e1dla francouzsk\u00e1 z\u00e1vodnice Pauline Ferrand Pr\u00e9vot z t\u00fdmu Visma Leaase a Bikez. Z\u00edskala odm\u011bnu 61 050 eur, tedy bez sto tis\u00edc dva miliony.\" \/>\n<meta name=\"robots\" content=\"index, follow, max-snippet:-1, max-image-preview:large, max-video-preview:-1\" \/>\n<link rel=\"canonical\" href=\"https:\/\/www.welovecycling.com\/cs\/2025\/08\/05\/prize-money-pro-cely-peloton-jako-mel-stribrny-jonas-vingegaard\/\" \/>\n<meta property=\"og:locale\" content=\"cs_CZ\" \/>\n<meta property=\"og:type\" content=\"article\" \/>\n<meta property=\"og:title\" content=\"Prize money pro cel\u00fd peloton jako m\u011bl st\u0159\u00edbrn\u00fd Jonas Vingegaard\" \/>\n<meta property=\"og:description\" content=\"\u0160est a p\u016fl milionu pro cel\u00fd peloton! Desetina celkov\u00e9 \u010d\u00e1stky ve srovn\u00e1n\u00ed s mu\u017ei je finan\u010dn\u00ed budget vy\u010dlen\u011bn\u00fd na prize money p\u0159i Tour de France Femmes, kterou ovl\u00e1dla francouzsk\u00e1 z\u00e1vodnice Pauline Ferrand Pr\u00e9vot z t\u00fdmu Visma Leaase a Bikez. Z\u00edskala odm\u011bnu 61 050 eur, tedy bez sto tis\u00edc dva miliony.\" \/>\n<meta property=\"og:url\" content=\"https:\/\/www.welovecycling.com\/cs\/2025\/08\/05\/prize-money-pro-cely-peloton-jako-mel-stribrny-jonas-vingegaard\/\" \/>\n<meta property=\"og:site_name\" content=\"\u0160koda We Love Cycling - \u010cesk\u00e1 republika\" \/>\n<meta property=\"article:published_time\" content=\"2025-08-05T09:30:41+00:00\" \/>\n<meta property=\"og:image\" content=\"https:\/\/d2p6e6u75xmxt8.cloudfront.net\/13\/2025\/08\/20250803TDFFAZ5046-scaled.webp\" \/>\n\t<meta property=\"og:image:width\" content=\"2560\" \/>\n\t<meta property=\"og:image:height\" content=\"1707\" \/>\n\t<meta property=\"og:image:type\" content=\"image\/webp\" \/>\n<meta name=\"author\" content=\"radekmalina\" \/>\n<meta name=\"twitter:card\" content=\"summary_large_image\" \/>\n<meta name=\"twitter:label1\" content=\"Written by\" \/>\n\t<meta name=\"twitter:data1\" content=\"Radek Malina\" \/>\n\t<meta name=\"twitter:label2\" content=\"Est. reading time\" \/>\n\t<meta name=\"twitter:data2\" content=\"5\" \/>\n<script type=\"application\/ld+json\" class=\"yoast-schema-graph\">{\"@context\":\"https:\/\/schema.org\",\"@graph\":[{\"@type\":\"WebPage\",\"@id\":\"https:\/\/www.welovecycling.com\/cs\/2025\/08\/05\/prize-money-pro-cely-peloton-jako-mel-stribrny-jonas-vingegaard\/\",\"url\":\"https:\/\/www.welovecycling.com\/cs\/2025\/08\/05\/prize-money-pro-cely-peloton-jako-mel-stribrny-jonas-vingegaard\/\",\"name\":\"Prize money pro cel\u00fd peloton jako m\u011bl st\u0159\u00edbrn\u00fd Jonas Vingegaard | \u0160koda We Love Cycling - \u010cesk\u00e1 republika\",\"isPartOf\":{\"@id\":\"https:\/\/www.welovecycling.com\/cs\/#website\"},\"primaryImageOfPage\":{\"@id\":\"https:\/\/www.welovecycling.com\/cs\/2025\/08\/05\/prize-money-pro-cely-peloton-jako-mel-stribrny-jonas-vingegaard\/#primaryimage\"},\"image\":{\"@id\":\"https:\/\/www.welovecycling.com\/cs\/2025\/08\/05\/prize-money-pro-cely-peloton-jako-mel-stribrny-jonas-vingegaard\/#primaryimage\"},\"thumbnailUrl\":\"https:\/\/d2p6e6u75xmxt8.cloudfront.net\/13\/2025\/08\/20250803TDFFAZ5046-scaled.webp\",\"datePublished\":\"2025-08-05T09:30:41+00:00\",\"author\":{\"@id\":\"https:\/\/www.welovecycling.com\/cs\/#\/schema\/person\/d9eeb0a378f3a7e4a6d12d2b536b04b8\"},\"description\":\"\u0160est a p\u016fl milionu pro cel\u00fd peloton! Desetina celkov\u00e9 \u010d\u00e1stky ve srovn\u00e1n\u00ed s mu\u017ei je finan\u010dn\u00ed budget vy\u010dlen\u011bn\u00fd na prize money p\u0159i Tour de France Femmes, kterou ovl\u00e1dla francouzsk\u00e1 z\u00e1vodnice Pauline Ferrand Pr\u00e9vot z t\u00fdmu Visma Leaase a Bikez. Z\u00edskala odm\u011bnu 61 050 eur, tedy bez sto tis\u00edc dva miliony.\",\"inLanguage\":\"cs\",\"potentialAction\":[{\"@type\":\"ReadAction\",\"target\":[\"https:\/\/www.welovecycling.com\/cs\/2025\/08\/05\/prize-money-pro-cely-peloton-jako-mel-stribrny-jonas-vingegaard\/\"]}]},{\"@type\":\"ImageObject\",\"inLanguage\":\"cs\",\"@id\":\"https:\/\/www.welovecycling.com\/cs\/2025\/08\/05\/prize-money-pro-cely-peloton-jako-mel-stribrny-jonas-vingegaard\/#primaryimage\",\"url\":\"https:\/\/d2p6e6u75xmxt8.cloudfront.net\/13\/2025\/08\/20250803TDFFAZ5046-scaled.webp\",\"contentUrl\":\"https:\/\/d2p6e6u75xmxt8.cloudfront.net\/13\/2025\/08\/20250803TDFFAZ5046-scaled.webp\",\"width\":2560,\"height\":1707,\"caption\":\"Prize money na Tour de France Femmes? Marion Rousse Pauline Ferrand Pr\u00e9vot\"},{\"@type\":\"WebSite\",\"@id\":\"https:\/\/www.welovecycling.com\/cs\/#website\",\"url\":\"https:\/\/www.welovecycling.com\/cs\/\",\"name\":\"\u0160koda We Love Cycling - \u010cesk\u00e1 republika\",\"description\":\"WeLoveCycling.cz je online magaz\u00edn, kter\u00fd v\u00e1m pravideln\u011b p\u0159in\u00e1\u0161\u00ed rady a tipy, zaj\u00edmav\u00e9 \u010dl\u00e1nky, videa a jedine\u010dn\u00e9 report\u00e1\u017ee ze sv\u011bta cyklistiky.\",\"potentialAction\":[{\"@type\":\"SearchAction\",\"target\":{\"@type\":\"EntryPoint\",\"urlTemplate\":\"https:\/\/www.welovecycling.com\/cs\/?s={search_term_string}\"},\"query-input\":{\"@type\":\"PropertyValueSpecification\",\"valueRequired\":true,\"valueName\":\"search_term_string\"}}],\"inLanguage\":\"cs\"},{\"@type\":\"Person\",\"@id\":\"https:\/\/www.welovecycling.com\/cs\/#\/schema\/person\/d9eeb0a378f3a7e4a6d12d2b536b04b8\",\"name\":\"radekmalina\",\"image\":{\"@type\":\"ImageObject\",\"inLanguage\":\"cs\",\"@id\":\"https:\/\/www.welovecycling.com\/cs\/#\/schema\/person\/image\/\",\"url\":\"https:\/\/secure.gravatar.com\/avatar\/66994b632cb8c39a46b9f54afa3ae07201b678d32a54275b6f1c9ffec356bfc0?s=96&d=mm&r=g\",\"contentUrl\":\"https:\/\/secure.gravatar.com\/avatar\/66994b632cb8c39a46b9f54afa3ae07201b678d32a54275b6f1c9ffec356bfc0?s=96&d=mm&r=g\",\"caption\":\"radekmalina\"},\"url\":\"https:\/\/www.welovecycling.com\/cs\/author\/radekmalina\/\"}]}<\/script>\n<!-- \/ Yoast SEO Premium plugin. -->","yoast_head_json":{"title":"Prize money pro cel\u00fd peloton jako m\u011bl st\u0159\u00edbrn\u00fd Jonas Vingegaard | \u0160koda We Love Cycling - \u010cesk\u00e1 republika","description":"\u0160est a p\u016fl milionu pro cel\u00fd peloton! Desetina celkov\u00e9 \u010d\u00e1stky ve srovn\u00e1n\u00ed s mu\u017ei je finan\u010dn\u00ed budget vy\u010dlen\u011bn\u00fd na prize money p\u0159i Tour de France Femmes, kterou ovl\u00e1dla francouzsk\u00e1 z\u00e1vodnice Pauline Ferrand Pr\u00e9vot z t\u00fdmu Visma Leaase a Bikez. Z\u00edskala odm\u011bnu 61 050 eur, tedy bez sto tis\u00edc dva miliony.","robots":{"index":"index","follow":"follow","max-snippet":"max-snippet:-1","max-image-preview":"max-image-preview:large","max-video-preview":"max-video-preview:-1"},"canonical":"https:\/\/www.welovecycling.com\/cs\/2025\/08\/05\/prize-money-pro-cely-peloton-jako-mel-stribrny-jonas-vingegaard\/","og_locale":"cs_CZ","og_type":"article","og_title":"Prize money pro cel\u00fd peloton jako m\u011bl st\u0159\u00edbrn\u00fd Jonas Vingegaard","og_description":"\u0160est a p\u016fl milionu pro cel\u00fd peloton! Desetina celkov\u00e9 \u010d\u00e1stky ve srovn\u00e1n\u00ed s mu\u017ei je finan\u010dn\u00ed budget vy\u010dlen\u011bn\u00fd na prize money p\u0159i Tour de France Femmes, kterou ovl\u00e1dla francouzsk\u00e1 z\u00e1vodnice Pauline Ferrand Pr\u00e9vot z t\u00fdmu Visma Leaase a Bikez. Z\u00edskala odm\u011bnu 61 050 eur, tedy bez sto tis\u00edc dva miliony.","og_url":"https:\/\/www.welovecycling.com\/cs\/2025\/08\/05\/prize-money-pro-cely-peloton-jako-mel-stribrny-jonas-vingegaard\/","og_site_name":"\u0160koda We Love Cycling - \u010cesk\u00e1 republika","article_published_time":"2025-08-05T09:30:41+00:00","og_image":[{"width":2560,"height":1707,"url":"https:\/\/d2p6e6u75xmxt8.cloudfront.net\/13\/2025\/08\/20250803TDFFAZ5046-scaled.webp","type":"image\/webp"}],"author":"radekmalina","twitter_card":"summary_large_image","twitter_misc":{"Written by":"Radek Malina","Est. reading time":"5"},"schema":{"@context":"https:\/\/schema.org","@graph":[{"@type":"WebPage","@id":"https:\/\/www.welovecycling.com\/cs\/2025\/08\/05\/prize-money-pro-cely-peloton-jako-mel-stribrny-jonas-vingegaard\/","url":"https:\/\/www.welovecycling.com\/cs\/2025\/08\/05\/prize-money-pro-cely-peloton-jako-mel-stribrny-jonas-vingegaard\/","name":"Prize money pro cel\u00fd peloton jako m\u011bl st\u0159\u00edbrn\u00fd Jonas Vingegaard | \u0160koda We Love Cycling - \u010cesk\u00e1 republika","isPartOf":{"@id":"https:\/\/www.welovecycling.com\/cs\/#website"},"primaryImageOfPage":{"@id":"https:\/\/www.welovecycling.com\/cs\/2025\/08\/05\/prize-money-pro-cely-peloton-jako-mel-stribrny-jonas-vingegaard\/#primaryimage"},"image":{"@id":"https:\/\/www.welovecycling.com\/cs\/2025\/08\/05\/prize-money-pro-cely-peloton-jako-mel-stribrny-jonas-vingegaard\/#primaryimage"},"thumbnailUrl":"https:\/\/d2p6e6u75xmxt8.cloudfront.net\/13\/2025\/08\/20250803TDFFAZ5046-scaled.webp","datePublished":"2025-08-05T09:30:41+00:00","author":{"@id":"https:\/\/www.welovecycling.com\/cs\/#\/schema\/person\/d9eeb0a378f3a7e4a6d12d2b536b04b8"},"description":"\u0160est a p\u016fl milionu pro cel\u00fd peloton! Desetina celkov\u00e9 \u010d\u00e1stky ve srovn\u00e1n\u00ed s mu\u017ei je finan\u010dn\u00ed budget vy\u010dlen\u011bn\u00fd na prize money p\u0159i Tour de France Femmes, kterou ovl\u00e1dla francouzsk\u00e1 z\u00e1vodnice Pauline Ferrand Pr\u00e9vot z t\u00fdmu Visma Leaase a Bikez. Z\u00edskala odm\u011bnu 61 050 eur, tedy bez sto tis\u00edc dva miliony.","inLanguage":"cs","potentialAction":[{"@type":"ReadAction","target":["https:\/\/www.welovecycling.com\/cs\/2025\/08\/05\/prize-money-pro-cely-peloton-jako-mel-stribrny-jonas-vingegaard\/"]}]},{"@type":"ImageObject","inLanguage":"cs","@id":"https:\/\/www.welovecycling.com\/cs\/2025\/08\/05\/prize-money-pro-cely-peloton-jako-mel-stribrny-jonas-vingegaard\/#primaryimage","url":"https:\/\/d2p6e6u75xmxt8.cloudfront.net\/13\/2025\/08\/20250803TDFFAZ5046-scaled.webp","contentUrl":"https:\/\/d2p6e6u75xmxt8.cloudfront.net\/13\/2025\/08\/20250803TDFFAZ5046-scaled.webp","width":2560,"height":1707,"caption":"Prize money na Tour de France Femmes? Marion Rousse Pauline Ferrand Pr\u00e9vot"},{"@type":"WebSite","@id":"https:\/\/www.welovecycling.com\/cs\/#website","url":"https:\/\/www.welovecycling.com\/cs\/","name":"\u0160koda We Love Cycling - \u010cesk\u00e1 republika","description":"WeLoveCycling.cz je online magaz\u00edn, kter\u00fd v\u00e1m pravideln\u011b p\u0159in\u00e1\u0161\u00ed rady a tipy, zaj\u00edmav\u00e9 \u010dl\u00e1nky, videa a jedine\u010dn\u00e9 report\u00e1\u017ee ze sv\u011bta cyklistiky.","potentialAction":[{"@type":"SearchAction","target":{"@type":"EntryPoint","urlTemplate":"https:\/\/www.welovecycling.com\/cs\/?s={search_term_string}"},"query-input":{"@type":"PropertyValueSpecification","valueRequired":true,"valueName":"search_term_string"}}],"inLanguage":"cs"},{"@type":"Person","@id":"https:\/\/www.welovecycling.com\/cs\/#\/schema\/person\/d9eeb0a378f3a7e4a6d12d2b536b04b8","name":"radekmalina","image":{"@type":"ImageObject","inLanguage":"cs","@id":"https:\/\/www.welovecycling.com\/cs\/#\/schema\/person\/image\/","url":"https:\/\/secure.gravatar.com\/avatar\/66994b632cb8c39a46b9f54afa3ae07201b678d32a54275b6f1c9ffec356bfc0?s=96&d=mm&r=g","contentUrl":"https:\/\/secure.gravatar.com\/avatar\/66994b632cb8c39a46b9f54afa3ae07201b678d32a54275b6f1c9ffec356bfc0?s=96&d=mm&r=g","caption":"radekmalina"},"url":"https:\/\/www.welovecycling.com\/cs\/author\/radekmalina\/"}]}},"_links":{"self":[{"href":"https:\/\/www.welovecycling.com\/cs\/wp-json\/wp\/v2\/posts\/30464","targetHints":{"allow":["GET"]}}],"collection":[{"href":"https:\/\/www.welovecycling.com\/cs\/wp-json\/wp\/v2\/posts"}],"about":[{"href":"https:\/\/www.welovecycling.com\/cs\/wp-json\/wp\/v2\/types\/post"}],"author":[{"embeddable":true,"href":"https:\/\/www.welovecycling.com\/cs\/wp-json\/wp\/v2\/users\/138"}],"replies":[{"embeddable":true,"href":"https:\/\/www.welovecycling.com\/cs\/wp-json\/wp\/v2\/comments?post=30464"}],"version-history":[{"count":1,"href":"https:\/\/www.welovecycling.com\/cs\/wp-json\/wp\/v2\/posts\/30464\/revisions"}],"predecessor-version":[{"id":30468,"href":"https:\/\/www.welovecycling.com\/cs\/wp-json\/wp\/v2\/posts\/30464\/revisions\/30468"}],"wp:featuredmedia":[{"embeddable":true,"href":"https:\/\/www.welovecycling.com\/cs\/wp-json\/wp\/v2\/media\/30467"}],"wp:attachment":[{"href":"https:\/\/www.welovecycling.com\/cs\/wp-json\/wp\/v2\/media?parent=30464"}],"wp:term":[{"taxonomy":"category","embeddable":true,"href":"https:\/\/www.welovecycling.com\/cs\/wp-json\/wp\/v2\/categories?post=30464"},{"taxonomy":"post_tag","embeddable":true,"href":"https:\/\/www.welovecycling.com\/cs\/wp-json\/wp\/v2\/tags?post=30464"},{"taxonomy":"global-categories","embeddable":true,"href":"https:\/\/www.welovecycling.com\/cs\/wp-json\/wp\/v2\/global-categories?post=30464"}],"curies":[{"name":"wp","href":"https:\/\/api.w.org\/{rel}","templated":true}]}}