{"id":30455,"date":"2025-08-05T09:48:09","date_gmt":"2025-08-05T07:48:09","guid":{"rendered":"https:\/\/www.welovecycling.com\/cs\/?p=30455"},"modified":"2025-08-05T15:32:27","modified_gmt":"2025-08-05T13:32:27","slug":"roman-kreuziger-od-reditelske-prace-pri-tour-na-lesni-stezky-na-lipne","status":"publish","type":"post","link":"https:\/\/www.welovecycling.com\/cs\/2025\/08\/05\/roman-kreuziger-od-reditelske-prace-pri-tour-na-lesni-stezky-na-lipne\/","title":{"rendered":"Roman Kreuziger: od \u0161\u00e9fov\u00e1n\u00ed p\u0159i Tour na stezky kolem Lipna"},"content":{"rendered":"<p><strong>Kolo jako st\u0159edobod vesm\u00edru. B\u00fdval\u00fd vynikaj\u00edc\u00ed z\u00e1vodn\u00edk Roman Kreuziger, kter\u00fd se na Grand Tour pravideln\u011b umis\u0165oval v nejlep\u0161\u00ed des\u00edtce, se sice ji\u017e p\u0159esunul do role sportovn\u00edho \u0159editele v t\u00fdmu Bahrain-Victorious, jeho v\u00e1\u0161e\u0148 pro cyklistiku v\u0161ak z\u016fst\u00e1v\u00e1 stejn\u011b siln\u00e1. A po intenzivn\u00edm nasazen\u00ed na Tour de France 2025 se dev\u011btat\u0159icetilet\u00e1 legenda \u010desk\u00e9 cyklistiky p\u0159esouv\u00e1 na dom\u00e1c\u00ed p\u016fdu.<\/strong><\/p>\n<p>T\u00fdm Bahrain-Victorious sice v leto\u0161n\u00edm ro\u010dn\u00edku Tour de France nep\u0159idal etapov\u00fd vav\u0159\u00edn k dosavadn\u00edm osmi, p\u0159esto ale pat\u0159il mezi nejsledovan\u011bj\u0161\u00ed t\u00fdmy. Dvaadvacetilet\u00fd talent Lenny Martinez byl toti\u017e jednou z hlavn\u00edch postav boje o punt\u00edkat\u00fd dres. A bylo patrn\u00e9, \u017ee Kreuzigerova l\u00e9ta zku\u0161enost\u00ed v roli z\u00e1vodn\u00edka se p\u0159en\u00e1\u0161\u00ed do jeho pr\u00e1ce sportovn\u00edho \u0159editele.<\/p>\n<p>Mlad\u00fd Francouz nakonec ve vrcha\u0159sk\u00e9 sout\u011b\u017ei skon\u010dil t\u0159et\u00ed za nejv\u011bt\u0161\u00edmi postavami Star\u00e9 d\u00e1my sou\u010dasnosti, Tadejem Poga\u010darem a Jonasem Vingegaardem, v oce\u0148ovan\u00e9m dresu ale str\u00e1vil \u010dty\u0159i etapy a prakticky po celou Tour se dr\u017eel v pop\u0159ed\u00ed po\u0159ad\u00ed. Poprv\u00e9 se nav\u00edc navl\u00e9kl do punt\u00edk\u016f po fam\u00f3zn\u00edm v\u00fdkonu v des\u00e1t\u00e9 etap\u011b b\u011bhem nejv\u011bt\u0161\u00edho francouzsk\u00e9ho sv\u00e1tku, kter\u00fd 14. \u010dervence p\u0159ipom\u00edn\u00e1 dobyt\u00ed Bastily.<\/p>\n<h2><strong>Roman Kreuziger bude vzpom\u00ednat na z\u00e1vodn\u00ed l\u00e9ta<\/strong><\/h2>\n<p>Kreuziger nyn\u00ed hektiku na Tour vym\u011bn\u00ed za v\u00fdznamn\u011b klidn\u011bj\u0161\u00ed prost\u0159ed\u00ed. Na rodn\u00e9 \u0160umav\u011b se op\u011bt zapojil do p\u0159\u00edprav z\u00e1vodu Kolem Lipna, kter\u00fd nab\u00edz\u00ed m\u011b\u0159en\u00ed sil jezdc\u016f na horsk\u00fdch kolech a gravelist\u016f na dvou trat\u00edch 60 a 20 km. A vedle po\u0159adatelsk\u00e9 role nezap\u0159e srdce z\u00e1vodn\u00edka a op\u011bt se 17. srpna postav\u00ed na start podniku, kter\u00fd je sou\u010d\u00e1st\u00ed \u010cEZ Lipno Sport Festivalu.<\/p>\n<figure id=\"attachment_30461\" aria-describedby=\"caption-attachment-30461\" style=\"width: 1920px\" class=\"wp-caption alignnone\"><a href=\"https:\/\/d2p6e6u75xmxt8.cloudfront.net\/13\/2025\/08\/ROMAN_Lipno_02-scaled.webp\"><img loading=\"lazy\" decoding=\"async\" class=\"size-extra-large wp-image-30461\" src=\"https:\/\/d2p6e6u75xmxt8.cloudfront.net\/13\/2025\/08\/ROMAN_Lipno_02-1920x1440.webp\" alt=\"\" width=\"1920\" height=\"1440\" srcset=\"https:\/\/d2p6e6u75xmxt8.cloudfront.net\/13\/2025\/08\/ROMAN_Lipno_02-1920x1440.webp 1920w, https:\/\/d2p6e6u75xmxt8.cloudfront.net\/13\/2025\/08\/ROMAN_Lipno_02-300x225.webp 300w, https:\/\/d2p6e6u75xmxt8.cloudfront.net\/13\/2025\/08\/ROMAN_Lipno_02-1024x768.webp 1024w, https:\/\/d2p6e6u75xmxt8.cloudfront.net\/13\/2025\/08\/ROMAN_Lipno_02-768x576.webp 768w, https:\/\/d2p6e6u75xmxt8.cloudfront.net\/13\/2025\/08\/ROMAN_Lipno_02-1536x1152.webp 1536w, https:\/\/d2p6e6u75xmxt8.cloudfront.net\/13\/2025\/08\/ROMAN_Lipno_02-2048x1536.webp 2048w, https:\/\/d2p6e6u75xmxt8.cloudfront.net\/13\/2025\/08\/ROMAN_Lipno_02-400x300.webp 400w, https:\/\/d2p6e6u75xmxt8.cloudfront.net\/13\/2025\/08\/ROMAN_Lipno_02-1920x1440.webp 1920w\" sizes=\"auto, (max-width: 1920px) 100vw, 1920px\" \/><\/a><figcaption id=\"caption-attachment-30461\" class=\"wp-caption-text\"><em>Roman Kreuziger pro\u017eil \u010dervenec na Tour de France v roli sportovn\u00edho \u0159editele Bahrain Victorious.<\/em><\/figcaption><\/figure>\n<p>\u201eTour de France je nejv\u011bt\u0161\u00ed cyklistick\u00fd podnik planety a od v\u0161ech z\u00fa\u010dastn\u011bn\u00fdch vy\u017eaduje enormn\u00ed nasazen\u00ed. Lennyho boj o punt\u00edkat\u00fd dres byl nap\u00ednav\u00fd a\u017e do konce. Ale dva roky po sob\u011b jsme nevyhr\u00e1li etapu, to chceme ur\u010dit\u011b p\u0159\u00ed\u0161t\u00ed rok zm\u011bnit. J\u00e1 osobn\u011b se nyn\u00ed t\u011b\u0161\u00edm na Lipno, kde si ve v\u00fdrazn\u011b klidn\u011bj\u0161\u00edm prost\u0159ed\u00ed trochu zavzpom\u00edn\u00e1m na z\u00e1vodnick\u00e1 l\u00e9ta,\u201c poznamenal s \u00fasm\u011bvem desetin\u00e1sobn\u00fd \u00fa\u010dastn\u00edk Star\u00e9 d\u00e1my.<\/p>\n<div class=\"shortcode-ys-post-pinup\"><article class=\"loop-simple post-30384 post type-post status-publish format-standard has-post-thumbnail hentry category-letape-czech-republic tag-andy-schleck tag-cyklistika tag-frank-schleck tag-horska-letape tag-prachatice tag-silnicni-cyklistika tag-tour-de-france tag-tour-de-france-2010 global-categories-cycling\" data-postid=\"30384\" role=\"article\" data-post-id=\"30384\" data-word-count=\"842\" data-headline-length=\"43\" data-category=\"L&#039;Etape Czech Republic\" data-global-category=\"Cycling\" data-author=\"Radek Malina\" data-published=\"2025-07-31T16:00:54+02:00\" data-published-day=\"Thursday\">\n    <div class=\"entry-thumbnail article-thumbnail\" content=\"https:\/\/d2p6e6u75xmxt8.cloudfront.net\/13\/2024\/08\/1864-SKODA-TDF-Femmes-2024-150x150.webp\"><a href=\"https:\/\/www.welovecycling.com\/cs\/2025\/07\/31\/sampionem-tour-ale-bez-financni-odmeny\/\" class=\"image-holder\" target=\"_self\"><img decoding=\"async\" loading=\"lazy\" class=\"\" src=\"https:\/\/d2p6e6u75xmxt8.cloudfront.net\/13\/2024\/08\/1864-SKODA-TDF-Femmes-2024-1024x683.webp\" srcset=\"https:\/\/d2p6e6u75xmxt8.cloudfront.net\/13\/2024\/08\/1864-SKODA-TDF-Femmes-2024-scaled.webp 2560w, https:\/\/d2p6e6u75xmxt8.cloudfront.net\/13\/2024\/08\/1864-SKODA-TDF-Femmes-2024-300x200.webp 300w, https:\/\/d2p6e6u75xmxt8.cloudfront.net\/13\/2024\/08\/1864-SKODA-TDF-Femmes-2024-1024x683.webp 1024w, https:\/\/d2p6e6u75xmxt8.cloudfront.net\/13\/2024\/08\/1864-SKODA-TDF-Femmes-2024-768x512.webp 768w, https:\/\/d2p6e6u75xmxt8.cloudfront.net\/13\/2024\/08\/1864-SKODA-TDF-Femmes-2024-1536x1024.webp 1536w, https:\/\/d2p6e6u75xmxt8.cloudfront.net\/13\/2024\/08\/1864-SKODA-TDF-Femmes-2024-2048x1366.webp 2048w, https:\/\/d2p6e6u75xmxt8.cloudfront.net\/13\/2024\/08\/1864-SKODA-TDF-Femmes-2024-1920x1280.webp 1920w, https:\/\/d2p6e6u75xmxt8.cloudfront.net\/13\/2024\/08\/1864-SKODA-TDF-Femmes-2024-400x267.webp 400w, https:\/\/d2p6e6u75xmxt8.cloudfront.net\/13\/2024\/08\/1864-SKODA-TDF-Femmes-2024-272x182.webp 272w, https:\/\/d2p6e6u75xmxt8.cloudfront.net\/13\/2024\/08\/1864-SKODA-TDF-Femmes-2024-1920x1280.webp 1920w\" width=\"1024\" height=\"683\" sizes=\"auto, (min-width: 1200px) 300px, (min-width: 768px) 25vw, 100vw\" alt=\"sampionem-tour-ale-bez-financni-odmeny\"\/><\/a><\/div>    <div class=\"entry-meta\">\n        <a class=\"label label-secondary post-category\" href=\"https:\/\/www.welovecycling.com\/cs\/category\/letape-czech-republic\/\" title=\"L'Etape Czech Republic\">L'Etape Czech Republic<\/a>\n    <\/div>\n    <div class=\"entry-details\">\n        <a href=\"https:\/\/www.welovecycling.com\/cs\/2025\/07\/31\/sampionem-tour-ale-bez-financni-odmeny\/\" class='entry-title-wrapper'>\n            <h3 class=\"entry-title\"><span>\u0160ampionem Tour, ale bez finan\u010dn\u00ed odm\u011bny<\/span><\/h3>\n        <\/a>\n    <\/div>\n    <\/article>\n<\/div>\n<p>Spole\u010dn\u011b s <a href=\"https:\/\/www.procyclingstats.com\/rider\/roman-kreuziger\">Kreuzigerem<\/a> se nav\u00edc na trat\u011b nad lipenskou p\u0159ehradou vydaj\u00ed i dal\u0161\u00ed velk\u00e1 jm\u00e9na \u010desk\u00e9ho sportu. Svou \u00fa\u010dast ji\u017e potvrdila hokejov\u00e1 legenda Jarom\u00edr J\u00e1gr, n\u011bkdej\u0161\u00ed fotbalov\u00fd kanon\u00fdr Jan Koller \u010di olympijsk\u00e1 v\u00edt\u011bzka v b\u011bhu na ly\u017e\u00edch <a href=\"https:\/\/www.welovecycling.com\/cs\/2025\/08\/02\/olympijske-sampionce-bouchly-saze-a-letela-pro-placku\/\">Kate\u0159ina Neumannov\u00e1<\/a>, kter\u00e1 je sou\u010dasn\u011b \u0159editelkou festivalu a na ned\u00e1vn\u00e9 Horsk\u00e9 L\u2019Etape by Tour de France v Prachatic\u00edch dojela senza\u010dn\u011b t\u0159et\u00ed . Pro zku\u0161en\u00e9 i amat\u00e9rsk\u00e9 bajkery se tak otev\u00edr\u00e1 p\u0159\u00edle\u017eitost pom\u011b\u0159it s\u00edly s legendami \u2013 registrace na z\u00e1vod st\u00e1le b\u011b\u017e\u00ed na webu <a href=\"https:\/\/www.lipnosportfestival.cz\/cyklo\/\">www.lipnosportfestival.cz<\/a>.<\/p>\n","protected":false},"excerpt":{"rendered":"<p>Kolo jako st\u0159edobod vesm\u00edru. B\u00fdval\u00fd vynikaj\u00edc\u00ed z\u00e1vodn\u00edk Roman Kreuziger, kter\u00fd se na Grand Tour pravideln\u011b umis\u0165oval v nejlep\u0161\u00ed des\u00edtce, se [&hellip;]<\/p>\n","protected":false},"author":138,"featured_media":30460,"comment_status":"open","ping_status":"open","sticky":false,"template":"","format":"standard","meta":{"footnotes":""},"categories":[660],"tags":[4270,126,2001,56,4272,4271,84,92],"global-categories":[411],"class_list":["post-30455","post","type-post","status-publish","format-standard","has-post-thumbnail","hentry","category-https-www-welovecycling-com-cs-category-zabava","tag-cez-lipno-sport-festival","tag-cyklistika","tag-gravel","tag-horska-cyklistika","tag-jan-koller","tag-jaromir-jagr","tag-katerina-neumannova","tag-roman-kreuziger","global-categories-cycling"],"yoast_head":"<!-- This site is optimized with the Yoast SEO Premium plugin v25.3 (Yoast SEO v25.9) - https:\/\/yoast.com\/wordpress\/plugins\/seo\/ -->\n<title>Roman Kreuziger: od \u0161\u00e9fov\u00e1n\u00ed p\u0159i Tour na stezky kolem Lipna | \u0160koda We Love Cycling - \u010cesk\u00e1 republika<\/title>\n<meta name=\"description\" content=\"Kolo jako st\u0159edobod vesm\u00edru. B\u00fdval\u00fd z\u00e1vodn\u00edk Roman Kreuziger pro\u017eil \u010dervenec na Tour de France 2025, te\u010f jej \u010dek\u00e1 start v z\u00e1vod\u011b Kolem Lipna.\" \/>\n<meta name=\"robots\" content=\"index, follow, max-snippet:-1, max-image-preview:large, max-video-preview:-1\" \/>\n<link rel=\"canonical\" href=\"https:\/\/www.welovecycling.com\/cs\/2025\/08\/05\/roman-kreuziger-od-reditelske-prace-pri-tour-na-lesni-stezky-na-lipne\/\" \/>\n<meta property=\"og:locale\" content=\"cs_CZ\" \/>\n<meta property=\"og:type\" content=\"article\" \/>\n<meta property=\"og:title\" content=\"Roman Kreuziger: od \u0161\u00e9fov\u00e1n\u00ed p\u0159i Tour na stezky kolem Lipna\" \/>\n<meta property=\"og:description\" content=\"Kolo jako st\u0159edobod vesm\u00edru. B\u00fdval\u00fd z\u00e1vodn\u00edk Roman Kreuziger pro\u017eil \u010dervenec na Tour de France 2025, te\u010f jej \u010dek\u00e1 start v z\u00e1vod\u011b Kolem Lipna.\" \/>\n<meta property=\"og:url\" content=\"https:\/\/www.welovecycling.com\/cs\/2025\/08\/05\/roman-kreuziger-od-reditelske-prace-pri-tour-na-lesni-stezky-na-lipne\/\" \/>\n<meta property=\"og:site_name\" content=\"\u0160koda We Love Cycling - \u010cesk\u00e1 republika\" \/>\n<meta property=\"article:published_time\" content=\"2025-08-05T07:48:09+00:00\" \/>\n<meta property=\"article:modified_time\" content=\"2025-08-05T13:32:27+00:00\" \/>\n<meta property=\"og:image\" content=\"https:\/\/d2p6e6u75xmxt8.cloudfront.net\/13\/2025\/08\/ROMAN_LIPNO_01.webp\" \/>\n\t<meta property=\"og:image:width\" content=\"2040\" \/>\n\t<meta property=\"og:image:height\" content=\"1360\" \/>\n\t<meta property=\"og:image:type\" content=\"image\/webp\" \/>\n<meta name=\"author\" content=\"radekmalina\" \/>\n<meta name=\"twitter:card\" content=\"summary_large_image\" \/>\n<meta name=\"twitter:label1\" content=\"Written by\" \/>\n\t<meta name=\"twitter:data1\" content=\"Radek Malina\" \/>\n\t<meta name=\"twitter:label2\" content=\"Est. reading time\" \/>\n\t<meta name=\"twitter:data2\" content=\"5\" \/>\n<script type=\"application\/ld+json\" class=\"yoast-schema-graph\">{\"@context\":\"https:\/\/schema.org\",\"@graph\":[{\"@type\":\"WebPage\",\"@id\":\"https:\/\/www.welovecycling.com\/cs\/2025\/08\/05\/roman-kreuziger-od-reditelske-prace-pri-tour-na-lesni-stezky-na-lipne\/\",\"url\":\"https:\/\/www.welovecycling.com\/cs\/2025\/08\/05\/roman-kreuziger-od-reditelske-prace-pri-tour-na-lesni-stezky-na-lipne\/\",\"name\":\"Roman Kreuziger: od \u0161\u00e9fov\u00e1n\u00ed p\u0159i Tour na stezky kolem Lipna | \u0160koda We Love Cycling - \u010cesk\u00e1 republika\",\"isPartOf\":{\"@id\":\"https:\/\/www.welovecycling.com\/cs\/#website\"},\"primaryImageOfPage\":{\"@id\":\"https:\/\/www.welovecycling.com\/cs\/2025\/08\/05\/roman-kreuziger-od-reditelske-prace-pri-tour-na-lesni-stezky-na-lipne\/#primaryimage\"},\"image\":{\"@id\":\"https:\/\/www.welovecycling.com\/cs\/2025\/08\/05\/roman-kreuziger-od-reditelske-prace-pri-tour-na-lesni-stezky-na-lipne\/#primaryimage\"},\"thumbnailUrl\":\"https:\/\/d2p6e6u75xmxt8.cloudfront.net\/13\/2025\/08\/ROMAN_LIPNO_01.webp\",\"datePublished\":\"2025-08-05T07:48:09+00:00\",\"dateModified\":\"2025-08-05T13:32:27+00:00\",\"author\":{\"@id\":\"https:\/\/www.welovecycling.com\/cs\/#\/schema\/person\/d9eeb0a378f3a7e4a6d12d2b536b04b8\"},\"description\":\"Kolo jako st\u0159edobod vesm\u00edru. B\u00fdval\u00fd z\u00e1vodn\u00edk Roman Kreuziger pro\u017eil \u010dervenec na Tour de France 2025, te\u010f jej \u010dek\u00e1 start v z\u00e1vod\u011b Kolem Lipna.\",\"inLanguage\":\"cs\",\"potentialAction\":[{\"@type\":\"ReadAction\",\"target\":[\"https:\/\/www.welovecycling.com\/cs\/2025\/08\/05\/roman-kreuziger-od-reditelske-prace-pri-tour-na-lesni-stezky-na-lipne\/\"]}]},{\"@type\":\"ImageObject\",\"inLanguage\":\"cs\",\"@id\":\"https:\/\/www.welovecycling.com\/cs\/2025\/08\/05\/roman-kreuziger-od-reditelske-prace-pri-tour-na-lesni-stezky-na-lipne\/#primaryimage\",\"url\":\"https:\/\/d2p6e6u75xmxt8.cloudfront.net\/13\/2025\/08\/ROMAN_LIPNO_01.webp\",\"contentUrl\":\"https:\/\/d2p6e6u75xmxt8.cloudfront.net\/13\/2025\/08\/ROMAN_LIPNO_01.webp\",\"width\":2040,\"height\":1360,\"caption\":\"Romna Kreuziger pojede z\u00e1vod na Lipn\u011b\"},{\"@type\":\"WebSite\",\"@id\":\"https:\/\/www.welovecycling.com\/cs\/#website\",\"url\":\"https:\/\/www.welovecycling.com\/cs\/\",\"name\":\"\u0160koda We Love Cycling - \u010cesk\u00e1 republika\",\"description\":\"WeLoveCycling.cz je online magaz\u00edn, kter\u00fd v\u00e1m pravideln\u011b p\u0159in\u00e1\u0161\u00ed rady a tipy, zaj\u00edmav\u00e9 \u010dl\u00e1nky, videa a jedine\u010dn\u00e9 report\u00e1\u017ee ze sv\u011bta cyklistiky.\",\"potentialAction\":[{\"@type\":\"SearchAction\",\"target\":{\"@type\":\"EntryPoint\",\"urlTemplate\":\"https:\/\/www.welovecycling.com\/cs\/?s={search_term_string}\"},\"query-input\":{\"@type\":\"PropertyValueSpecification\",\"valueRequired\":true,\"valueName\":\"search_term_string\"}}],\"inLanguage\":\"cs\"},{\"@type\":\"Person\",\"@id\":\"https:\/\/www.welovecycling.com\/cs\/#\/schema\/person\/d9eeb0a378f3a7e4a6d12d2b536b04b8\",\"name\":\"radekmalina\",\"image\":{\"@type\":\"ImageObject\",\"inLanguage\":\"cs\",\"@id\":\"https:\/\/www.welovecycling.com\/cs\/#\/schema\/person\/image\/\",\"url\":\"https:\/\/secure.gravatar.com\/avatar\/66994b632cb8c39a46b9f54afa3ae07201b678d32a54275b6f1c9ffec356bfc0?s=96&d=mm&r=g\",\"contentUrl\":\"https:\/\/secure.gravatar.com\/avatar\/66994b632cb8c39a46b9f54afa3ae07201b678d32a54275b6f1c9ffec356bfc0?s=96&d=mm&r=g\",\"caption\":\"radekmalina\"},\"url\":\"https:\/\/www.welovecycling.com\/cs\/author\/radekmalina\/\"}]}<\/script>\n<!-- \/ Yoast SEO Premium plugin. -->","yoast_head_json":{"title":"Roman Kreuziger: od \u0161\u00e9fov\u00e1n\u00ed p\u0159i Tour na stezky kolem Lipna | \u0160koda We Love Cycling - \u010cesk\u00e1 republika","description":"Kolo jako st\u0159edobod vesm\u00edru. B\u00fdval\u00fd z\u00e1vodn\u00edk Roman Kreuziger pro\u017eil \u010dervenec na Tour de France 2025, te\u010f jej \u010dek\u00e1 start v z\u00e1vod\u011b Kolem Lipna.","robots":{"index":"index","follow":"follow","max-snippet":"max-snippet:-1","max-image-preview":"max-image-preview:large","max-video-preview":"max-video-preview:-1"},"canonical":"https:\/\/www.welovecycling.com\/cs\/2025\/08\/05\/roman-kreuziger-od-reditelske-prace-pri-tour-na-lesni-stezky-na-lipne\/","og_locale":"cs_CZ","og_type":"article","og_title":"Roman Kreuziger: od \u0161\u00e9fov\u00e1n\u00ed p\u0159i Tour na stezky kolem Lipna","og_description":"Kolo jako st\u0159edobod vesm\u00edru. B\u00fdval\u00fd z\u00e1vodn\u00edk Roman Kreuziger pro\u017eil \u010dervenec na Tour de France 2025, te\u010f jej \u010dek\u00e1 start v z\u00e1vod\u011b Kolem Lipna.","og_url":"https:\/\/www.welovecycling.com\/cs\/2025\/08\/05\/roman-kreuziger-od-reditelske-prace-pri-tour-na-lesni-stezky-na-lipne\/","og_site_name":"\u0160koda We Love Cycling - \u010cesk\u00e1 republika","article_published_time":"2025-08-05T07:48:09+00:00","article_modified_time":"2025-08-05T13:32:27+00:00","og_image":[{"width":2040,"height":1360,"url":"https:\/\/d2p6e6u75xmxt8.cloudfront.net\/13\/2025\/08\/ROMAN_LIPNO_01.webp","type":"image\/webp"}],"author":"radekmalina","twitter_card":"summary_large_image","twitter_misc":{"Written by":"Radek Malina","Est. reading time":"5"},"schema":{"@context":"https:\/\/schema.org","@graph":[{"@type":"WebPage","@id":"https:\/\/www.welovecycling.com\/cs\/2025\/08\/05\/roman-kreuziger-od-reditelske-prace-pri-tour-na-lesni-stezky-na-lipne\/","url":"https:\/\/www.welovecycling.com\/cs\/2025\/08\/05\/roman-kreuziger-od-reditelske-prace-pri-tour-na-lesni-stezky-na-lipne\/","name":"Roman Kreuziger: od \u0161\u00e9fov\u00e1n\u00ed p\u0159i Tour na stezky kolem Lipna | \u0160koda We Love Cycling - \u010cesk\u00e1 republika","isPartOf":{"@id":"https:\/\/www.welovecycling.com\/cs\/#website"},"primaryImageOfPage":{"@id":"https:\/\/www.welovecycling.com\/cs\/2025\/08\/05\/roman-kreuziger-od-reditelske-prace-pri-tour-na-lesni-stezky-na-lipne\/#primaryimage"},"image":{"@id":"https:\/\/www.welovecycling.com\/cs\/2025\/08\/05\/roman-kreuziger-od-reditelske-prace-pri-tour-na-lesni-stezky-na-lipne\/#primaryimage"},"thumbnailUrl":"https:\/\/d2p6e6u75xmxt8.cloudfront.net\/13\/2025\/08\/ROMAN_LIPNO_01.webp","datePublished":"2025-08-05T07:48:09+00:00","dateModified":"2025-08-05T13:32:27+00:00","author":{"@id":"https:\/\/www.welovecycling.com\/cs\/#\/schema\/person\/d9eeb0a378f3a7e4a6d12d2b536b04b8"},"description":"Kolo jako st\u0159edobod vesm\u00edru. B\u00fdval\u00fd z\u00e1vodn\u00edk Roman Kreuziger pro\u017eil \u010dervenec na Tour de France 2025, te\u010f jej \u010dek\u00e1 start v z\u00e1vod\u011b Kolem Lipna.","inLanguage":"cs","potentialAction":[{"@type":"ReadAction","target":["https:\/\/www.welovecycling.com\/cs\/2025\/08\/05\/roman-kreuziger-od-reditelske-prace-pri-tour-na-lesni-stezky-na-lipne\/"]}]},{"@type":"ImageObject","inLanguage":"cs","@id":"https:\/\/www.welovecycling.com\/cs\/2025\/08\/05\/roman-kreuziger-od-reditelske-prace-pri-tour-na-lesni-stezky-na-lipne\/#primaryimage","url":"https:\/\/d2p6e6u75xmxt8.cloudfront.net\/13\/2025\/08\/ROMAN_LIPNO_01.webp","contentUrl":"https:\/\/d2p6e6u75xmxt8.cloudfront.net\/13\/2025\/08\/ROMAN_LIPNO_01.webp","width":2040,"height":1360,"caption":"Romna Kreuziger pojede z\u00e1vod na Lipn\u011b"},{"@type":"WebSite","@id":"https:\/\/www.welovecycling.com\/cs\/#website","url":"https:\/\/www.welovecycling.com\/cs\/","name":"\u0160koda We Love Cycling - \u010cesk\u00e1 republika","description":"WeLoveCycling.cz je online magaz\u00edn, kter\u00fd v\u00e1m pravideln\u011b p\u0159in\u00e1\u0161\u00ed rady a tipy, zaj\u00edmav\u00e9 \u010dl\u00e1nky, videa a jedine\u010dn\u00e9 report\u00e1\u017ee ze sv\u011bta cyklistiky.","potentialAction":[{"@type":"SearchAction","target":{"@type":"EntryPoint","urlTemplate":"https:\/\/www.welovecycling.com\/cs\/?s={search_term_string}"},"query-input":{"@type":"PropertyValueSpecification","valueRequired":true,"valueName":"search_term_string"}}],"inLanguage":"cs"},{"@type":"Person","@id":"https:\/\/www.welovecycling.com\/cs\/#\/schema\/person\/d9eeb0a378f3a7e4a6d12d2b536b04b8","name":"radekmalina","image":{"@type":"ImageObject","inLanguage":"cs","@id":"https:\/\/www.welovecycling.com\/cs\/#\/schema\/person\/image\/","url":"https:\/\/secure.gravatar.com\/avatar\/66994b632cb8c39a46b9f54afa3ae07201b678d32a54275b6f1c9ffec356bfc0?s=96&d=mm&r=g","contentUrl":"https:\/\/secure.gravatar.com\/avatar\/66994b632cb8c39a46b9f54afa3ae07201b678d32a54275b6f1c9ffec356bfc0?s=96&d=mm&r=g","caption":"radekmalina"},"url":"https:\/\/www.welovecycling.com\/cs\/author\/radekmalina\/"}]}},"_links":{"self":[{"href":"https:\/\/www.welovecycling.com\/cs\/wp-json\/wp\/v2\/posts\/30455","targetHints":{"allow":["GET"]}}],"collection":[{"href":"https:\/\/www.welovecycling.com\/cs\/wp-json\/wp\/v2\/posts"}],"about":[{"href":"https:\/\/www.welovecycling.com\/cs\/wp-json\/wp\/v2\/types\/post"}],"author":[{"embeddable":true,"href":"https:\/\/www.welovecycling.com\/cs\/wp-json\/wp\/v2\/users\/138"}],"replies":[{"embeddable":true,"href":"https:\/\/www.welovecycling.com\/cs\/wp-json\/wp\/v2\/comments?post=30455"}],"version-history":[{"count":4,"href":"https:\/\/www.welovecycling.com\/cs\/wp-json\/wp\/v2\/posts\/30455\/revisions"}],"predecessor-version":[{"id":30469,"href":"https:\/\/www.welovecycling.com\/cs\/wp-json\/wp\/v2\/posts\/30455\/revisions\/30469"}],"wp:featuredmedia":[{"embeddable":true,"href":"https:\/\/www.welovecycling.com\/cs\/wp-json\/wp\/v2\/media\/30460"}],"wp:attachment":[{"href":"https:\/\/www.welovecycling.com\/cs\/wp-json\/wp\/v2\/media?parent=30455"}],"wp:term":[{"taxonomy":"category","embeddable":true,"href":"https:\/\/www.welovecycling.com\/cs\/wp-json\/wp\/v2\/categories?post=30455"},{"taxonomy":"post_tag","embeddable":true,"href":"https:\/\/www.welovecycling.com\/cs\/wp-json\/wp\/v2\/tags?post=30455"},{"taxonomy":"global-categories","embeddable":true,"href":"https:\/\/www.welovecycling.com\/cs\/wp-json\/wp\/v2\/global-categories?post=30455"}],"curies":[{"name":"wp","href":"https:\/\/api.w.org\/{rel}","templated":true}]}}