{"id":30443,"date":"2025-08-04T09:46:21","date_gmt":"2025-08-04T07:46:21","guid":{"rendered":"https:\/\/www.welovecycling.com\/cs\/?p=30443"},"modified":"2025-08-04T10:08:46","modified_gmt":"2025-08-04T08:08:46","slug":"zlatou-klec-obetovala-snu-male-holcicky","status":"publish","type":"post","link":"https:\/\/www.welovecycling.com\/cs\/2025\/08\/04\/zlatou-klec-obetovala-snu-male-holcicky\/","title":{"rendered":"Zlatou klec ob\u011btovala snu mal\u00e9 hol\u010di\u010dky"},"content":{"rendered":"<p><strong>Mohla si u\u017e\u00edvat pozici kr\u00e1lovny. A r\u00fd\u017eovat nejen sportovn\u011b, ale i ekonomicky. V ter\u00e9nu byla neohro\u017eenou vl\u00e1dkyn\u00ed. Ale m\u00edsto komfortu zvolila nejistotu&#8230; Vr\u00e1tila se k silni\u010dn\u00ed cyklistice. Shodila p\u011bt kilogram\u016f za t\u0159i m\u011bs\u00edce p\u0159i pln\u00e9m tr\u00e9ninku. A Francie j\u00ed te\u010f le\u017e\u00ed u nohou. Pauline Ferrand-Pr\u00e9vot opanovala pro rodnou zemi jako prvn\u00ed v historii Tour de France Femmes.<\/strong><\/p>\n<p>&#8222;Splnila jsem si d\u011btsk\u00fd sen. Jako mal\u00e1 hol\u010di\u010dka jsem koukala v televizi na Tour de France a cht\u011bla ten z\u00e1vod vyhr\u00e1t. Kdy\u017e p\u0159ed \u010dty\u0159mi lety vznikla \u017eensk\u00e1 verze Tour, rozhodla jsem se, \u017ee jednou zv\u00edt\u011bz\u00edm,&#8220; zalykala se \u0161t\u011bst\u00edm Pauline Ferrand-Pr\u00e9vot po dojezdu z\u00e1v\u011bre\u010dn\u00e9 dev\u00e1t\u00e9 etapy Tour de France Femmes, kde padla do n\u00e1ru\u010de rodi\u010d\u016f.<\/p>\n<h2><strong>Vyhr\u00e1v\u00e1 v ka\u017ed\u00e9 discipl\u00edn\u011b<\/strong><\/h2>\n<p>B\u011bhem kari\u00e9ry vyhr\u00e1la skoro v\u0161echno. Kdy\u017e sedne na kolo, prakticky v jak\u00e9koliv discipl\u00edn\u011b, je t\u00e9m\u011b\u0159 jistota, \u017ee z\u00edsk\u00e1 zlato. Na silnici, horsk\u00e9m kole, na gravelu, v ter\u00e9nu jako cyklokrosa\u0159ka. U\u017e v roce 2014 byla mistryn\u00ed sv\u011bta v silni\u010dn\u00ed cyklistice. O p\u00e1r m\u011bs\u00edc\u016f pozd\u011bji se stala sv\u011btovou \u0161ampionkou v cyklokrosu. Od sezony 2018 vrhla v\u0161echnu energii do horsk\u00e9 cyklistiky. Postupn\u011b se stala mistryn\u00ed sv\u011bta v maratonu (2x), mistryn\u00ed sv\u011bta v cross country (5x), mistryn\u00ed sv\u011bta v short tracku horsk\u00fdch kol (2x), v roce 2022 mistryn\u00ed sv\u011bta na gravelu a bikovou \u00e9ru pak zavr\u0161ila vysn\u011bn\u00fdm olympijsk\u00fdm zlatem v cross country na dom\u00e1c\u00edch hr\u00e1ch v Pa\u0159\u00ed\u017ei 2024.<\/p>\n<figure id=\"attachment_30446\" aria-describedby=\"caption-attachment-30446\" style=\"width: 1920px\" class=\"wp-caption alignnone\"><a href=\"https:\/\/d2p6e6u75xmxt8.cloudfront.net\/13\/2025\/08\/20250803TDFFAZ1077-scaled.webp\"><img loading=\"lazy\" decoding=\"async\" class=\"size-extra-large wp-image-30446\" src=\"https:\/\/d2p6e6u75xmxt8.cloudfront.net\/13\/2025\/08\/20250803TDFFAZ1077-1920x1279.webp\" alt=\"\" width=\"1920\" height=\"1279\" srcset=\"https:\/\/d2p6e6u75xmxt8.cloudfront.net\/13\/2025\/08\/20250803TDFFAZ1077-1920x1279.webp 1920w, https:\/\/d2p6e6u75xmxt8.cloudfront.net\/13\/2025\/08\/20250803TDFFAZ1077-300x200.webp 300w, https:\/\/d2p6e6u75xmxt8.cloudfront.net\/13\/2025\/08\/20250803TDFFAZ1077-1024x682.webp 1024w, https:\/\/d2p6e6u75xmxt8.cloudfront.net\/13\/2025\/08\/20250803TDFFAZ1077-768x511.webp 768w, https:\/\/d2p6e6u75xmxt8.cloudfront.net\/13\/2025\/08\/20250803TDFFAZ1077-1536x1023.webp 1536w, https:\/\/d2p6e6u75xmxt8.cloudfront.net\/13\/2025\/08\/20250803TDFFAZ1077-2048x1364.webp 2048w, https:\/\/d2p6e6u75xmxt8.cloudfront.net\/13\/2025\/08\/20250803TDFFAZ1077-400x266.webp 400w, https:\/\/d2p6e6u75xmxt8.cloudfront.net\/13\/2025\/08\/20250803TDFFAZ1077-272x182.webp 272w, https:\/\/d2p6e6u75xmxt8.cloudfront.net\/13\/2025\/08\/20250803TDFFAZ1077-1920x1279.webp 1920w\" sizes=\"auto, (max-width: 1920px) 100vw, 1920px\" \/><\/a><figcaption id=\"caption-attachment-30446\" class=\"wp-caption-text\"><em>Pauline Ferrand-Pr\u00e9vot kv\u016fli nad\u011bji na v\u00edt\u011bzstv\u00ed z Tour de France Femmes zhubla p\u011bt kilogram\u016f.<\/em><\/figcaption><\/figure>\n<p>Nejen v rodn\u00e9 zemi z\u00edskala pozici sportovn\u00ed superstar. Ve dvaat\u0159iceti mohla z\u016fstat ve zn\u00e1m\u00e9m prost\u0159ed\u00ed, u\u017e\u00edvat si poh\u00e1dkov\u00e9ho kontraktu a sb\u00edrat v\u00edt\u011bzstv\u00ed. Ale v hlav\u011b m\u011bla po\u0159\u00e1d ten d\u011btsk\u00fd sen.<br \/>\n&#8222;Do t\u0159\u00ed let chci vyhr\u00e1t Tour de France Femmes,&#8220; vyhl\u00e1sila odv\u00e1\u017en\u011b.<\/p>\n<p>T\u00fdden po olympijsk\u00e9m zlatu ve\u0161lo ofici\u00e1ln\u011b ve zn\u00e1most, \u017ee bude obl\u00e9kat dres Visma Lease a Bike. Sezony 2023 a 2024 pro\u017eila v Ineosu Grenadiers. Pro horsk\u00e1 kola a spln\u011bn\u00ed olympijsk\u00e9ho snu fajn. Jen\u017ee t\u0159i ro\u010dn\u00edky Tour de France Femmes za\u017eehly v Pauline Ferrand Pr\u00e9vot touhu po maillot jaune. A britsk\u00fd t\u00fdm nem\u00e1 \u017eensk\u00fd silni\u010dn\u00ed t\u00fdm. P\u0159estup byl prost\u011b nevyhnuteln\u00fd, aby se Pauline Ferrand-Pr\u00e9vot mohla pokusit za\u00fato\u010dit na \u017elut\u00fd trikot.<\/p>\n<h2><strong>Vr\u00e1tila se k jin\u00e9mu sportu<\/strong><\/h2>\n<p>Silni\u010dn\u00ed cyklistika \u017een se za dobu jej\u00edho pobytu ve sv\u011bt\u011b horsk\u00fdch kol radik\u00e1ln\u011b zm\u011bnila. Zavedla minim\u00e1ln\u00ed platy. Vznikla obdoba mu\u017esk\u00e9 World Tour. Jezd\u00ed se t\u0159i Grand Tour. Televizn\u00ed p\u0159enosy z \u017eensk\u00fdch z\u00e1vod\u016f jsou rovn\u011b\u017e normou. &#8222;Musela jsem si hodn\u011b zvykat,&#8220; p\u0159ipustila Pauline Ferrand Pr\u00e9vot, kter\u00e1 se kv\u016fli tr\u00e9ninkov\u00fdm podm\u00ednk\u00e1m z Monaka p\u0159est\u011bhovala do Andory.<\/p>\n<figure id=\"attachment_30447\" aria-describedby=\"caption-attachment-30447\" style=\"width: 1920px\" class=\"wp-caption alignnone\"><a href=\"https:\/\/d2p6e6u75xmxt8.cloudfront.net\/13\/2025\/08\/20250803TDFFAZ2022-scaled.webp\"><img loading=\"lazy\" decoding=\"async\" class=\"size-extra-large wp-image-30447\" src=\"https:\/\/d2p6e6u75xmxt8.cloudfront.net\/13\/2025\/08\/20250803TDFFAZ2022-1920x1280.webp\" alt=\"\" width=\"1920\" height=\"1280\" srcset=\"https:\/\/d2p6e6u75xmxt8.cloudfront.net\/13\/2025\/08\/20250803TDFFAZ2022-1920x1280.webp 1920w, https:\/\/d2p6e6u75xmxt8.cloudfront.net\/13\/2025\/08\/20250803TDFFAZ2022-300x200.webp 300w, https:\/\/d2p6e6u75xmxt8.cloudfront.net\/13\/2025\/08\/20250803TDFFAZ2022-1024x683.webp 1024w, https:\/\/d2p6e6u75xmxt8.cloudfront.net\/13\/2025\/08\/20250803TDFFAZ2022-768x512.webp 768w, https:\/\/d2p6e6u75xmxt8.cloudfront.net\/13\/2025\/08\/20250803TDFFAZ2022-1536x1024.webp 1536w, https:\/\/d2p6e6u75xmxt8.cloudfront.net\/13\/2025\/08\/20250803TDFFAZ2022-2048x1365.webp 2048w, https:\/\/d2p6e6u75xmxt8.cloudfront.net\/13\/2025\/08\/20250803TDFFAZ2022-400x267.webp 400w, https:\/\/d2p6e6u75xmxt8.cloudfront.net\/13\/2025\/08\/20250803TDFFAZ2022-272x182.webp 272w, https:\/\/d2p6e6u75xmxt8.cloudfront.net\/13\/2025\/08\/20250803TDFFAZ2022-1920x1280.webp 1920w\" sizes=\"auto, (max-width: 1920px) 100vw, 1920px\" \/><\/a><figcaption id=\"caption-attachment-30447\" class=\"wp-caption-text\"><em>Pauline Ferrand-Pr\u00e9vot na startu 9. etapy Tour de France Femmes 2025 ve \u017elut\u00e9m trikotu.<\/em><\/figcaption><\/figure>\n<p>N\u00e1vrat na silnici nebyl snadn\u00fd. P\u0159i UAE Tour ztr\u00e1cela na nejlep\u0161\u00ed. Ale p\u0159i klasik\u00e1ch z\u00e1\u0159ila. Pro\u017eila par\u00e1dn\u00ed jaro. Byla t\u0159et\u00ed na Strade Bianche, dvan\u00e1ct\u00e1 p\u0159i Mil\u00e1n-San Remo, druh\u00e1 Kolem Flander.<\/p>\n<p>Jak se bl\u00ed\u017eilo Peklo severu, tr\u00e1pila ji vir\u00f3za. Je\u0161t\u011b den p\u0159ed z\u00e1vodem \u0159e\u0161ila, zda v\u016fbec bude na startu. A pak fam\u00f3zn\u00edm \u00fatokem p\u011btadvacet kilometr\u016f p\u0159ed c\u00edlem rozhodla o v\u00edt\u011bzstv\u00ed. Celkem 3566 dn\u016f d\u011blilo dv\u011b silni\u010dn\u00ed v\u00edt\u011bzstv\u00ed kr\u00e1sky z Reme\u0161e. V \u010dervenci 2015 vyhr\u00e1la etapu Gira s dojezdem v Aprice. Dal\u0161\u00ed triumf p\u0159idala bezm\u00e1la o deset let pozd\u011bji, kdy\u017e ovl\u00e1dla Pa\u0159\u00ed\u017e-Roubaix.<\/p>\n<div class=\"shortcode-ys-post-pinup\"><article class=\"loop-simple post-30384 post type-post status-publish format-standard has-post-thumbnail hentry category-letape-czech-republic tag-andy-schleck tag-cyklistika tag-frank-schleck tag-horska-letape tag-prachatice tag-silnicni-cyklistika tag-tour-de-france tag-tour-de-france-2010 global-categories-cycling\" data-postid=\"30384\" role=\"article\" data-post-id=\"30384\" data-word-count=\"842\" data-headline-length=\"43\" data-category=\"L&#039;Etape Czech Republic\" data-global-category=\"Cycling\" data-author=\"Radek Malina\" data-published=\"2025-07-31T16:00:54+02:00\" data-published-day=\"Thursday\">\n    <div class=\"entry-thumbnail article-thumbnail\" content=\"https:\/\/d2p6e6u75xmxt8.cloudfront.net\/13\/2024\/08\/1864-SKODA-TDF-Femmes-2024-150x150.webp\"><a href=\"https:\/\/www.welovecycling.com\/cs\/2025\/07\/31\/sampionem-tour-ale-bez-financni-odmeny\/\" class=\"image-holder\" target=\"_self\"><img decoding=\"async\" loading=\"lazy\" class=\"\" src=\"https:\/\/d2p6e6u75xmxt8.cloudfront.net\/13\/2024\/08\/1864-SKODA-TDF-Femmes-2024-1024x683.webp\" srcset=\"https:\/\/d2p6e6u75xmxt8.cloudfront.net\/13\/2024\/08\/1864-SKODA-TDF-Femmes-2024-scaled.webp 2560w, https:\/\/d2p6e6u75xmxt8.cloudfront.net\/13\/2024\/08\/1864-SKODA-TDF-Femmes-2024-300x200.webp 300w, https:\/\/d2p6e6u75xmxt8.cloudfront.net\/13\/2024\/08\/1864-SKODA-TDF-Femmes-2024-1024x683.webp 1024w, https:\/\/d2p6e6u75xmxt8.cloudfront.net\/13\/2024\/08\/1864-SKODA-TDF-Femmes-2024-768x512.webp 768w, https:\/\/d2p6e6u75xmxt8.cloudfront.net\/13\/2024\/08\/1864-SKODA-TDF-Femmes-2024-1536x1024.webp 1536w, https:\/\/d2p6e6u75xmxt8.cloudfront.net\/13\/2024\/08\/1864-SKODA-TDF-Femmes-2024-2048x1366.webp 2048w, https:\/\/d2p6e6u75xmxt8.cloudfront.net\/13\/2024\/08\/1864-SKODA-TDF-Femmes-2024-1920x1280.webp 1920w, https:\/\/d2p6e6u75xmxt8.cloudfront.net\/13\/2024\/08\/1864-SKODA-TDF-Femmes-2024-400x267.webp 400w, https:\/\/d2p6e6u75xmxt8.cloudfront.net\/13\/2024\/08\/1864-SKODA-TDF-Femmes-2024-272x182.webp 272w, https:\/\/d2p6e6u75xmxt8.cloudfront.net\/13\/2024\/08\/1864-SKODA-TDF-Femmes-2024-1920x1280.webp 1920w\" width=\"1024\" height=\"683\" sizes=\"auto, (min-width: 1200px) 300px, (min-width: 768px) 25vw, 100vw\" alt=\"sampionem-tour-ale-bez-financni-odmeny\"\/><\/a><\/div>    <div class=\"entry-meta\">\n        <a class=\"label label-secondary post-category\" href=\"https:\/\/www.welovecycling.com\/cs\/category\/letape-czech-republic\/\" title=\"L'Etape Czech Republic\">L'Etape Czech Republic<\/a>\n    <\/div>\n    <div class=\"entry-details\">\n        <a href=\"https:\/\/www.welovecycling.com\/cs\/2025\/07\/31\/sampionem-tour-ale-bez-financni-odmeny\/\" class='entry-title-wrapper'>\n            <h3 class=\"entry-title\"><span>\u0160ampionem Tour, ale bez finan\u010dn\u00ed odm\u011bny<\/span><\/h3>\n        <\/a>\n    <\/div>\n    <\/article>\n<\/div>\n<p>Jist\u00fdm zp\u016fsobem \u0161lo o tr\u00e9nink na Tour de France Femmes, proto\u017ee \u00favodn\u00ed etapy se jely v Bretani a byly hlavn\u011b bojem o pozice. V\u0161ak tak\u00e9 o Pauline Ferrand Pr\u00e9vot nikdo moc nev\u011bd\u011bl. Neunavovala se \u00fatoky na etapov\u00e1 v\u00edt\u011bzstv\u00ed. Byla jako \u0161ed\u00e1 my\u0161. P\u0159itom st\u00e1le v pop\u0159ed\u00ed celkov\u00e9ho po\u0159ad\u00ed. A\u017e v osm\u00e9 etap\u011b p\u0159i\u0161el smrt\u00edc\u00ed mat. P\u0159i v\u00fdstupu na La Madeleine za\u00fato\u010dila a v\u0161em soupe\u0159k\u00e1m odjela. Adeptky na celkov\u00e9 po\u0159ad\u00ed ztratily p\u0159es t\u0159i minuty. &#8222;Ani jsem nemohla usnout. B\u00e1la jsem se, \u017ee mi r\u00e1no p\u0159ed posledn\u00ed etapou \u0159eknou, \u017ee v\u0161echno byl jen sen,&#8220; vypov\u011bd\u011bla Pauline Ferrand Pr\u00e9vot.<\/p>\n<h2><strong>Pauline Ferrand-Pr\u00e9vot kv\u016fli triumfu zhubla p\u011bt kilo<\/strong><\/h2>\n<p>P\u0159itom z kv\u011btnov\u00e9 gener\u00e1lky &#8211; \u0161pan\u011blsk\u00e9 Vuelty &#8211; odstoupila po \u010dty\u0159ech etap\u00e1ch. A zam\u011b\u0159ila se na hmotnost. Za t\u0159i m\u011bs\u00edce shodila p\u011bt kilogram\u016f. P\u0159i 165 centimetrech v\u00e1\u017eila pades\u00e1t kilogram\u016f. Ale neztratila nic ze sv\u00e9 s\u00edly.<\/p>\n<figure id=\"attachment_30445\" aria-describedby=\"caption-attachment-30445\" style=\"width: 1920px\" class=\"wp-caption alignnone\"><a href=\"https:\/\/d2p6e6u75xmxt8.cloudfront.net\/13\/2025\/08\/20250803TDFFAZ1101-scaled.webp\"><img loading=\"lazy\" decoding=\"async\" class=\"size-extra-large wp-image-30445\" src=\"https:\/\/d2p6e6u75xmxt8.cloudfront.net\/13\/2025\/08\/20250803TDFFAZ1101-1920x1280.webp\" alt=\"\" width=\"1920\" height=\"1280\" srcset=\"https:\/\/d2p6e6u75xmxt8.cloudfront.net\/13\/2025\/08\/20250803TDFFAZ1101-1920x1280.webp 1920w, https:\/\/d2p6e6u75xmxt8.cloudfront.net\/13\/2025\/08\/20250803TDFFAZ1101-300x200.webp 300w, https:\/\/d2p6e6u75xmxt8.cloudfront.net\/13\/2025\/08\/20250803TDFFAZ1101-1024x683.webp 1024w, https:\/\/d2p6e6u75xmxt8.cloudfront.net\/13\/2025\/08\/20250803TDFFAZ1101-768x512.webp 768w, https:\/\/d2p6e6u75xmxt8.cloudfront.net\/13\/2025\/08\/20250803TDFFAZ1101-1536x1024.webp 1536w, https:\/\/d2p6e6u75xmxt8.cloudfront.net\/13\/2025\/08\/20250803TDFFAZ1101-2048x1365.webp 2048w, https:\/\/d2p6e6u75xmxt8.cloudfront.net\/13\/2025\/08\/20250803TDFFAZ1101-400x267.webp 400w, https:\/\/d2p6e6u75xmxt8.cloudfront.net\/13\/2025\/08\/20250803TDFFAZ1101-272x182.webp 272w, https:\/\/d2p6e6u75xmxt8.cloudfront.net\/13\/2025\/08\/20250803TDFFAZ1101-1920x1280.webp 1920w\" sizes=\"auto, (max-width: 1920px) 100vw, 1920px\" \/><\/a><figcaption id=\"caption-attachment-30445\" class=\"wp-caption-text\"><em>Pauline Ferrand-Pr\u00e9vot v c\u00edli z\u00e1v\u011bre\u010dn\u00e9 etapy Tour de France Femmes 2025.<\/em><\/figcaption><\/figure>\n<p>&#8222;Ur\u010dit\u011b ne\u0161lo o stoprocentn\u011b zdrav\u00fd postup. Ale m\u011bla jsem pl\u00e1n s nutri\u010dn\u00ed poradkyn\u00ed. A v\u0161echno bylo pod kontrolou. Ned\u011blala jsem nic extr\u00e9mn\u00edho. Bylo to o hled\u00e1n\u00ed limitu. \u0160lo o proces, na jeho\u017e konci m\u011bl b\u00fdt \u017elut\u00fd trikot. Te\u010f se vr\u00e1t\u00edm ke svoj\u00ed b\u011b\u017en\u00e9 v\u00e1ze,&#8220; prohl\u00e1sila po Tour de France francouzsk\u00e1 z\u00e1vodnice, <a href=\"https:\/\/www.welovecycling.com\/cs\/2023\/05\/12\/pauline-ferrand-prevot-zene-za-splnenim-snu-i-nova-laska-excelentni-nizozemsky-silnicar\/\">jej\u00edm\u017e partnerem<\/a> je profesion\u00e1ln\u00ed z\u00e1vodn\u00edk formace Visma Lease a Bike <a href=\"https:\/\/www.procyclingstats.com\/rider\/dylan-van-baarle\">Dylan van Baarle<\/a>.<\/p>\n<div class=\"shortcode-ys-post-pinup\"><article class=\"loop-simple post-30282 post type-post status-publish format-standard has-post-thumbnail hentry category-silnicni-cyklistika category-tour-de-france tag-cyklistika tag-silnicni-cyklistika tag-tadej-pogacar tag-tour-de-france tag-tour-de-france-2025 global-categories-cycling\" data-postid=\"30282\" role=\"article\" data-post-id=\"30282\" data-word-count=\"432\" data-headline-length=\"47\" data-category=\"Tour de France\" data-global-category=\"Cycling\" data-author=\"Radek Malina\" data-published=\"2025-07-28T08:36:45+02:00\" data-published-day=\"Monday\">\n    <div class=\"entry-thumbnail article-thumbnail\" content=\"https:\/\/d2p6e6u75xmxt8.cloudfront.net\/13\/2025\/07\/profimedia-1023201376-150x150.webp\"><a href=\"https:\/\/www.welovecycling.com\/cs\/2025\/07\/28\/tadej-pogacar-vyhoreni-vsechno-je-mozne\/\" class=\"image-holder\" target=\"_self\"><img decoding=\"async\" loading=\"lazy\" class=\"\" src=\"https:\/\/d2p6e6u75xmxt8.cloudfront.net\/13\/2025\/07\/profimedia-1023201376-1024x683.webp\" srcset=\"https:\/\/d2p6e6u75xmxt8.cloudfront.net\/13\/2025\/07\/profimedia-1023201376.webp 1800w, https:\/\/d2p6e6u75xmxt8.cloudfront.net\/13\/2025\/07\/profimedia-1023201376-300x200.webp 300w, https:\/\/d2p6e6u75xmxt8.cloudfront.net\/13\/2025\/07\/profimedia-1023201376-1024x683.webp 1024w, https:\/\/d2p6e6u75xmxt8.cloudfront.net\/13\/2025\/07\/profimedia-1023201376-768x512.webp 768w, https:\/\/d2p6e6u75xmxt8.cloudfront.net\/13\/2025\/07\/profimedia-1023201376-1536x1024.webp 1536w, https:\/\/d2p6e6u75xmxt8.cloudfront.net\/13\/2025\/07\/profimedia-1023201376-400x267.webp 400w, https:\/\/d2p6e6u75xmxt8.cloudfront.net\/13\/2025\/07\/profimedia-1023201376-272x182.webp 272w\" width=\"1024\" height=\"683\" sizes=\"auto, (min-width: 1200px) 300px, (min-width: 768px) 25vw, 100vw\" alt=\"tadej-pogacar-vyhoreni-vsechno-je-mozne\"\/><\/a><\/div>    <div class=\"entry-meta\">\n        <a class=\"label label-secondary post-category\" href=\"https:\/\/www.welovecycling.com\/cs\/category\/tour-de-france\/\" title=\"Tour de France\">Tour de France<\/a>\n    <\/div>\n    <div class=\"entry-details\">\n        <a href=\"https:\/\/www.welovecycling.com\/cs\/2025\/07\/28\/tadej-pogacar-vyhoreni-vsechno-je-mozne\/\" class='entry-title-wrapper'>\n            <h3 class=\"entry-title\"><span>Tadej Poga\u010dar: Vyho\u0159en\u00ed? V\u0161echno je mo\u017en\u00e9<\/span><\/h3>\n        <\/a>\n    <\/div>\n    <\/article>\n<\/div>\n<p>V\u00edt\u011bzstv\u00ed vy\u0161perkovala etapov\u00fdm triumfem ve \u017elut\u00e9m trikotu. &#8222;Tak jsem si to vysnila,&#8220; sm\u00e1la se nad\u0161en\u011b v c\u00edli. Pauline Ferrand Pr\u00e9vot je prvn\u00ed Francouzkou, kter\u00e1 vyhr\u00e1la Tour de France Femmes v nov\u00e9m form\u00e1tu. A od roku 1981 a Bernarda Hinaulta je prvn\u00ed, kdo vyhr\u00e1l klasiku Pa\u0159\u00ed\u017e-Roubaix a Tour de France v jednom roce. &#8222;Vyplat\u00ed se tvrd\u011b pracovat. I kdy\u017e m\u00e1te pochybnosti, \u0161patnou n\u00e1ladu, depresi, mus\u00edte vytrvat. Pokra\u010dovat d\u00e1l. J\u00edt za sv\u00fdm snem.&#8220;<\/p>\n<p><strong><em>Foto:\u00a0<span class=\"MuiChip-label MuiChip-labelMedium css-s01idy\">A.S.O.\/Thomas Maheux a Pauline Ballet<\/span><\/em><\/strong><\/p>\n<div class=\"MuiChip-root MuiChip-filled MuiChip-sizeMedium MuiChip-colorTag_other MuiChip-filledTag_other css-v20crm\"><\/div>\n","protected":false},"excerpt":{"rendered":"<p>Mohla si u\u017e\u00edvat pozici kr\u00e1lovny. A r\u00fd\u017eovat nejen sportovn\u011b, ale i ekonomicky. V ter\u00e9nu byla neohro\u017eenou vl\u00e1dkyn\u00ed. Ale m\u00edsto komfortu [&hellip;]<\/p>\n","protected":false},"author":138,"featured_media":30444,"comment_status":"open","ping_status":"open","sticky":false,"template":"","format":"standard","meta":{"footnotes":""},"categories":[5],"tags":[126,1641,9,23,3886],"global-categories":[411],"class_list":["post-30443","post","type-post","status-publish","format-standard","has-post-thumbnail","hentry","category-zeny","tag-cyklistika","tag-pauline-ferrand-prevot","tag-silnicni-cyklistika","tag-tour-de-france","tag-tour-de-france-femmes-2025","global-categories-cycling"],"yoast_head":"<!-- This site is optimized with the Yoast SEO Premium plugin v25.3 (Yoast SEO v25.9) - https:\/\/yoast.com\/wordpress\/plugins\/seo\/ -->\n<title>Zlatou klec ob\u011btovala snu mal\u00e9 hol\u010di\u010dky | \u0160koda We Love Cycling - \u010cesk\u00e1 republika<\/title>\n<meta name=\"description\" content=\"Mohla si u\u017e\u00edvat pozici kr\u00e1lovny. R\u00fd\u017eovat sportovn\u011b i ekonomicky. Pauline Ferrand-Pr\u00e9vot ovl\u00e1dla pro Francii jako prvn\u00ed Tour de France Femmes.\" \/>\n<meta name=\"robots\" content=\"index, follow, max-snippet:-1, max-image-preview:large, max-video-preview:-1\" \/>\n<link rel=\"canonical\" href=\"https:\/\/www.welovecycling.com\/cs\/2025\/08\/04\/zlatou-klec-obetovala-snu-male-holcicky\/\" \/>\n<meta property=\"og:locale\" content=\"cs_CZ\" \/>\n<meta property=\"og:type\" content=\"article\" \/>\n<meta property=\"og:title\" content=\"Zlatou klec ob\u011btovala snu mal\u00e9 hol\u010di\u010dky\" \/>\n<meta property=\"og:description\" content=\"Mohla si u\u017e\u00edvat pozici kr\u00e1lovny. R\u00fd\u017eovat sportovn\u011b i ekonomicky. Pauline Ferrand-Pr\u00e9vot ovl\u00e1dla pro Francii jako prvn\u00ed Tour de France Femmes.\" \/>\n<meta property=\"og:url\" content=\"https:\/\/www.welovecycling.com\/cs\/2025\/08\/04\/zlatou-klec-obetovala-snu-male-holcicky\/\" \/>\n<meta property=\"og:site_name\" content=\"\u0160koda We Love Cycling - \u010cesk\u00e1 republika\" \/>\n<meta property=\"article:published_time\" content=\"2025-08-04T07:46:21+00:00\" \/>\n<meta property=\"article:modified_time\" content=\"2025-08-04T08:08:46+00:00\" \/>\n<meta property=\"og:image\" content=\"https:\/\/d2p6e6u75xmxt8.cloudfront.net\/13\/2025\/08\/20250803TDFFAZ2092-scaled.webp\" \/>\n\t<meta property=\"og:image:width\" content=\"2560\" \/>\n\t<meta property=\"og:image:height\" content=\"1707\" \/>\n\t<meta property=\"og:image:type\" content=\"image\/webp\" \/>\n<meta name=\"author\" content=\"radekmalina\" \/>\n<meta name=\"twitter:card\" content=\"summary_large_image\" \/>\n<meta name=\"twitter:label1\" content=\"Written by\" \/>\n\t<meta name=\"twitter:data1\" content=\"Radek Malina\" \/>\n\t<meta name=\"twitter:label2\" content=\"Est. reading time\" \/>\n\t<meta name=\"twitter:data2\" content=\"6\" \/>\n<script type=\"application\/ld+json\" class=\"yoast-schema-graph\">{\"@context\":\"https:\/\/schema.org\",\"@graph\":[{\"@type\":\"WebPage\",\"@id\":\"https:\/\/www.welovecycling.com\/cs\/2025\/08\/04\/zlatou-klec-obetovala-snu-male-holcicky\/\",\"url\":\"https:\/\/www.welovecycling.com\/cs\/2025\/08\/04\/zlatou-klec-obetovala-snu-male-holcicky\/\",\"name\":\"Zlatou klec ob\u011btovala snu mal\u00e9 hol\u010di\u010dky | \u0160koda We Love Cycling - \u010cesk\u00e1 republika\",\"isPartOf\":{\"@id\":\"https:\/\/www.welovecycling.com\/cs\/#website\"},\"primaryImageOfPage\":{\"@id\":\"https:\/\/www.welovecycling.com\/cs\/2025\/08\/04\/zlatou-klec-obetovala-snu-male-holcicky\/#primaryimage\"},\"image\":{\"@id\":\"https:\/\/www.welovecycling.com\/cs\/2025\/08\/04\/zlatou-klec-obetovala-snu-male-holcicky\/#primaryimage\"},\"thumbnailUrl\":\"https:\/\/d2p6e6u75xmxt8.cloudfront.net\/13\/2025\/08\/20250803TDFFAZ2092-scaled.webp\",\"datePublished\":\"2025-08-04T07:46:21+00:00\",\"dateModified\":\"2025-08-04T08:08:46+00:00\",\"author\":{\"@id\":\"https:\/\/www.welovecycling.com\/cs\/#\/schema\/person\/d9eeb0a378f3a7e4a6d12d2b536b04b8\"},\"description\":\"Mohla si u\u017e\u00edvat pozici kr\u00e1lovny. R\u00fd\u017eovat sportovn\u011b i ekonomicky. Pauline Ferrand-Pr\u00e9vot ovl\u00e1dla pro Francii jako prvn\u00ed Tour de France Femmes.\",\"inLanguage\":\"cs\",\"potentialAction\":[{\"@type\":\"ReadAction\",\"target\":[\"https:\/\/www.welovecycling.com\/cs\/2025\/08\/04\/zlatou-klec-obetovala-snu-male-holcicky\/\"]}]},{\"@type\":\"ImageObject\",\"inLanguage\":\"cs\",\"@id\":\"https:\/\/www.welovecycling.com\/cs\/2025\/08\/04\/zlatou-klec-obetovala-snu-male-holcicky\/#primaryimage\",\"url\":\"https:\/\/d2p6e6u75xmxt8.cloudfront.net\/13\/2025\/08\/20250803TDFFAZ2092-scaled.webp\",\"contentUrl\":\"https:\/\/d2p6e6u75xmxt8.cloudfront.net\/13\/2025\/08\/20250803TDFFAZ2092-scaled.webp\",\"width\":2560,\"height\":1707,\"caption\":\"Pauline Ferrand-Pr\u00e9vot kv\u016fli triumfu zhubla p\u011bt kilo\"},{\"@type\":\"WebSite\",\"@id\":\"https:\/\/www.welovecycling.com\/cs\/#website\",\"url\":\"https:\/\/www.welovecycling.com\/cs\/\",\"name\":\"\u0160koda We Love Cycling - \u010cesk\u00e1 republika\",\"description\":\"WeLoveCycling.cz je online magaz\u00edn, kter\u00fd v\u00e1m pravideln\u011b p\u0159in\u00e1\u0161\u00ed rady a tipy, zaj\u00edmav\u00e9 \u010dl\u00e1nky, videa a jedine\u010dn\u00e9 report\u00e1\u017ee ze sv\u011bta cyklistiky.\",\"potentialAction\":[{\"@type\":\"SearchAction\",\"target\":{\"@type\":\"EntryPoint\",\"urlTemplate\":\"https:\/\/www.welovecycling.com\/cs\/?s={search_term_string}\"},\"query-input\":{\"@type\":\"PropertyValueSpecification\",\"valueRequired\":true,\"valueName\":\"search_term_string\"}}],\"inLanguage\":\"cs\"},{\"@type\":\"Person\",\"@id\":\"https:\/\/www.welovecycling.com\/cs\/#\/schema\/person\/d9eeb0a378f3a7e4a6d12d2b536b04b8\",\"name\":\"radekmalina\",\"image\":{\"@type\":\"ImageObject\",\"inLanguage\":\"cs\",\"@id\":\"https:\/\/www.welovecycling.com\/cs\/#\/schema\/person\/image\/\",\"url\":\"https:\/\/secure.gravatar.com\/avatar\/66994b632cb8c39a46b9f54afa3ae07201b678d32a54275b6f1c9ffec356bfc0?s=96&d=mm&r=g\",\"contentUrl\":\"https:\/\/secure.gravatar.com\/avatar\/66994b632cb8c39a46b9f54afa3ae07201b678d32a54275b6f1c9ffec356bfc0?s=96&d=mm&r=g\",\"caption\":\"radekmalina\"},\"url\":\"https:\/\/www.welovecycling.com\/cs\/author\/radekmalina\/\"}]}<\/script>\n<!-- \/ Yoast SEO Premium plugin. -->","yoast_head_json":{"title":"Zlatou klec ob\u011btovala snu mal\u00e9 hol\u010di\u010dky | \u0160koda We Love Cycling - \u010cesk\u00e1 republika","description":"Mohla si u\u017e\u00edvat pozici kr\u00e1lovny. R\u00fd\u017eovat sportovn\u011b i ekonomicky. Pauline Ferrand-Pr\u00e9vot ovl\u00e1dla pro Francii jako prvn\u00ed Tour de France Femmes.","robots":{"index":"index","follow":"follow","max-snippet":"max-snippet:-1","max-image-preview":"max-image-preview:large","max-video-preview":"max-video-preview:-1"},"canonical":"https:\/\/www.welovecycling.com\/cs\/2025\/08\/04\/zlatou-klec-obetovala-snu-male-holcicky\/","og_locale":"cs_CZ","og_type":"article","og_title":"Zlatou klec ob\u011btovala snu mal\u00e9 hol\u010di\u010dky","og_description":"Mohla si u\u017e\u00edvat pozici kr\u00e1lovny. R\u00fd\u017eovat sportovn\u011b i ekonomicky. Pauline Ferrand-Pr\u00e9vot ovl\u00e1dla pro Francii jako prvn\u00ed Tour de France Femmes.","og_url":"https:\/\/www.welovecycling.com\/cs\/2025\/08\/04\/zlatou-klec-obetovala-snu-male-holcicky\/","og_site_name":"\u0160koda We Love Cycling - \u010cesk\u00e1 republika","article_published_time":"2025-08-04T07:46:21+00:00","article_modified_time":"2025-08-04T08:08:46+00:00","og_image":[{"width":2560,"height":1707,"url":"https:\/\/d2p6e6u75xmxt8.cloudfront.net\/13\/2025\/08\/20250803TDFFAZ2092-scaled.webp","type":"image\/webp"}],"author":"radekmalina","twitter_card":"summary_large_image","twitter_misc":{"Written by":"Radek Malina","Est. reading time":"6"},"schema":{"@context":"https:\/\/schema.org","@graph":[{"@type":"WebPage","@id":"https:\/\/www.welovecycling.com\/cs\/2025\/08\/04\/zlatou-klec-obetovala-snu-male-holcicky\/","url":"https:\/\/www.welovecycling.com\/cs\/2025\/08\/04\/zlatou-klec-obetovala-snu-male-holcicky\/","name":"Zlatou klec ob\u011btovala snu mal\u00e9 hol\u010di\u010dky | \u0160koda We Love Cycling - \u010cesk\u00e1 republika","isPartOf":{"@id":"https:\/\/www.welovecycling.com\/cs\/#website"},"primaryImageOfPage":{"@id":"https:\/\/www.welovecycling.com\/cs\/2025\/08\/04\/zlatou-klec-obetovala-snu-male-holcicky\/#primaryimage"},"image":{"@id":"https:\/\/www.welovecycling.com\/cs\/2025\/08\/04\/zlatou-klec-obetovala-snu-male-holcicky\/#primaryimage"},"thumbnailUrl":"https:\/\/d2p6e6u75xmxt8.cloudfront.net\/13\/2025\/08\/20250803TDFFAZ2092-scaled.webp","datePublished":"2025-08-04T07:46:21+00:00","dateModified":"2025-08-04T08:08:46+00:00","author":{"@id":"https:\/\/www.welovecycling.com\/cs\/#\/schema\/person\/d9eeb0a378f3a7e4a6d12d2b536b04b8"},"description":"Mohla si u\u017e\u00edvat pozici kr\u00e1lovny. R\u00fd\u017eovat sportovn\u011b i ekonomicky. Pauline Ferrand-Pr\u00e9vot ovl\u00e1dla pro Francii jako prvn\u00ed Tour de France Femmes.","inLanguage":"cs","potentialAction":[{"@type":"ReadAction","target":["https:\/\/www.welovecycling.com\/cs\/2025\/08\/04\/zlatou-klec-obetovala-snu-male-holcicky\/"]}]},{"@type":"ImageObject","inLanguage":"cs","@id":"https:\/\/www.welovecycling.com\/cs\/2025\/08\/04\/zlatou-klec-obetovala-snu-male-holcicky\/#primaryimage","url":"https:\/\/d2p6e6u75xmxt8.cloudfront.net\/13\/2025\/08\/20250803TDFFAZ2092-scaled.webp","contentUrl":"https:\/\/d2p6e6u75xmxt8.cloudfront.net\/13\/2025\/08\/20250803TDFFAZ2092-scaled.webp","width":2560,"height":1707,"caption":"Pauline Ferrand-Pr\u00e9vot kv\u016fli triumfu zhubla p\u011bt kilo"},{"@type":"WebSite","@id":"https:\/\/www.welovecycling.com\/cs\/#website","url":"https:\/\/www.welovecycling.com\/cs\/","name":"\u0160koda We Love Cycling - \u010cesk\u00e1 republika","description":"WeLoveCycling.cz je online magaz\u00edn, kter\u00fd v\u00e1m pravideln\u011b p\u0159in\u00e1\u0161\u00ed rady a tipy, zaj\u00edmav\u00e9 \u010dl\u00e1nky, videa a jedine\u010dn\u00e9 report\u00e1\u017ee ze sv\u011bta cyklistiky.","potentialAction":[{"@type":"SearchAction","target":{"@type":"EntryPoint","urlTemplate":"https:\/\/www.welovecycling.com\/cs\/?s={search_term_string}"},"query-input":{"@type":"PropertyValueSpecification","valueRequired":true,"valueName":"search_term_string"}}],"inLanguage":"cs"},{"@type":"Person","@id":"https:\/\/www.welovecycling.com\/cs\/#\/schema\/person\/d9eeb0a378f3a7e4a6d12d2b536b04b8","name":"radekmalina","image":{"@type":"ImageObject","inLanguage":"cs","@id":"https:\/\/www.welovecycling.com\/cs\/#\/schema\/person\/image\/","url":"https:\/\/secure.gravatar.com\/avatar\/66994b632cb8c39a46b9f54afa3ae07201b678d32a54275b6f1c9ffec356bfc0?s=96&d=mm&r=g","contentUrl":"https:\/\/secure.gravatar.com\/avatar\/66994b632cb8c39a46b9f54afa3ae07201b678d32a54275b6f1c9ffec356bfc0?s=96&d=mm&r=g","caption":"radekmalina"},"url":"https:\/\/www.welovecycling.com\/cs\/author\/radekmalina\/"}]}},"_links":{"self":[{"href":"https:\/\/www.welovecycling.com\/cs\/wp-json\/wp\/v2\/posts\/30443","targetHints":{"allow":["GET"]}}],"collection":[{"href":"https:\/\/www.welovecycling.com\/cs\/wp-json\/wp\/v2\/posts"}],"about":[{"href":"https:\/\/www.welovecycling.com\/cs\/wp-json\/wp\/v2\/types\/post"}],"author":[{"embeddable":true,"href":"https:\/\/www.welovecycling.com\/cs\/wp-json\/wp\/v2\/users\/138"}],"replies":[{"embeddable":true,"href":"https:\/\/www.welovecycling.com\/cs\/wp-json\/wp\/v2\/comments?post=30443"}],"version-history":[{"count":5,"href":"https:\/\/www.welovecycling.com\/cs\/wp-json\/wp\/v2\/posts\/30443\/revisions"}],"predecessor-version":[{"id":30454,"href":"https:\/\/www.welovecycling.com\/cs\/wp-json\/wp\/v2\/posts\/30443\/revisions\/30454"}],"wp:featuredmedia":[{"embeddable":true,"href":"https:\/\/www.welovecycling.com\/cs\/wp-json\/wp\/v2\/media\/30444"}],"wp:attachment":[{"href":"https:\/\/www.welovecycling.com\/cs\/wp-json\/wp\/v2\/media?parent=30443"}],"wp:term":[{"taxonomy":"category","embeddable":true,"href":"https:\/\/www.welovecycling.com\/cs\/wp-json\/wp\/v2\/categories?post=30443"},{"taxonomy":"post_tag","embeddable":true,"href":"https:\/\/www.welovecycling.com\/cs\/wp-json\/wp\/v2\/tags?post=30443"},{"taxonomy":"global-categories","embeddable":true,"href":"https:\/\/www.welovecycling.com\/cs\/wp-json\/wp\/v2\/global-categories?post=30443"}],"curies":[{"name":"wp","href":"https:\/\/api.w.org\/{rel}","templated":true}]}}